{"id":25567,"date":"2022-07-29T10:00:00","date_gmt":"2022-07-29T15:00:00","guid":{"rendered":"http:\/\/www.uartes.edu.ec\/sitio\/?p=25567"},"modified":"2024-07-04T11:23:14","modified_gmt":"2024-07-04T16:23:14","slug":"del-1-al-6-de-agosto-sera-la-ix-edicion-de-la-minga-multimedia-de-arte-y-tecnologia","status":"publish","type":"post","link":"https:\/\/www.uartes.edu.ec\/sitio\/en\/blog\/2022\/07\/29\/del-1-al-6-de-agosto-sera-la-ix-edicion-de-la-minga-multimedia-de-arte-y-tecnologia\/","title":{"rendered":"Del 1 al 6 de agosto ser\u00e1 la IX Minga Multimedia de Arte y Tecnolog\u00eda"},"content":{"rendered":"\n<p>Conferencias, exposiciones, talleres y conciertos constan en la programaci\u00f3n de la novena edici\u00f3n de la Minga Multimedia de Arte y Tecnolog\u00eda (mMAT) que, organizada por la Universidad de las Artes y su Escuela de Artes Sonoras, se desarrollar\u00e1 del 1 al 6 de agosto pr\u00f3ximo y tendr\u00e1 lugar en los patrimoniales edificios del Centro de Producci\u00f3n e Innovaci\u00f3n MZ14, la Biblioteca de las Artes y El Tel\u00e9grafo.<\/p>\n\n\n\n<p>El objetivo de la mMAT es presentar proyectos y obras art\u00edsticas que exploren el cruce entre las artes sonoras, visuales o corporales, con tecnolog\u00edas multimedia. Aqu\u00ed la agenda de sus actividades, las cuales son de acceso libre.<\/p>\n\n\n\n<h3 class=\"wp-block-heading\"><strong>Exposiciones <\/strong><\/h3>\n\n\n\n<p>Muestra de los estudiantes de la maestr\u00eda en Artes Visuales y Nuevos Medios de la UArtes, y tambi\u00e9n de Jorge Haro (AR\/ES). Galer\u00eda Cuarta Pared, piso 4 de la Biblioteca de las Artes.<\/p>\n\n\n\n<p>Lumi\u00e9re \/ Osciloscope, de Gianni Candel, Joao Jim\u00e9nez, Eddy Romero y Jos\u00e9 Andr\u00e9s Medina (EC). Proyect Room 2, segundo piso del MZ14.<\/p>\n\n\n\n<p>Patrones Relativos 9 \u2013 Lluvia, de Juan Jos\u00e9 Ripalda (EC), Fredy Vallejos (CO). Tragaluz, planta baja del MZ14.<\/p>\n\n\n\n<p>Patrones Relativos 9.2B \u2013 Lluvia, de Fredy Vallejos (CO). Sala de Experimentaci\u00f3n Sonora, primer piso del MZ14.<\/p>\n\n\n\n<h3 class=\"wp-block-heading\"><strong>Lunes 1 de agosto: <\/strong><\/h3>\n\n\n\n<p>De 15:00 a 16:00, Conferencia \u201cCurrulao matem\u00e1tico asistido por ordenador\u201d, con B\u00e1rbara del Pilar Santana, Gisel Sophia, Jurado Escobar y Juan Guillermo Ossa Jim\u00e9nez (CO). Sala de Experimentaci\u00f3n Sonora, primer piso del MZ14.<\/p>\n\n\n\n<p>De 17:00 a 18:00, Taller de Espacializaci\u00f3n en Acusmonium, con Adina Izarra (UArtes). Sala de Exposici\u00f3n, planta baja del edificio El Tel\u00e9grafo.<\/p>\n\n\n\n<p>De 18:30 a 19:30, Acusm\u00f3nium Latinoamericano (AR\/CO\/EC\/MX\/VE)\/Espacializaci\u00f3n, con Adina Izarra (VE). Concierto en Sala de Exposici\u00f3n, planta baja del edificio El Tel\u00e9grafo.<\/p>\n\n\n\n<h3 class=\"wp-block-heading\"><strong>Martes 2 de agosto: <\/strong><\/h3>\n\n\n\n<p>De 15:00 a 16:00 Conferencia (virtual) #Otrasescuchas: Escucha Contempor\u00e1nea y Registro Alternativo, con Marco Valdivia (PE). Sala de Experimentaci\u00f3n Sonora, primer piso del MZ14.<\/p>\n\n\n\n<p>De 17:00 a 18:00, Presentaci\u00f3n de Proyectos Estudiantiles en Nuevos Medios Sonoros, de Jos\u00e9 Medina, Gianni Candell, Eddy Romero, Joao Jimenez (EC). Muestra Instalativa en Proyect Room 2, segundo piso del MZ14.<\/p>\n\n\n\n<p>De 18:30 a 19:30 \u00bfY qu\u00e9 es el Sol para ellos, sino algo que produce sombras? Visuales: Ronny Albuja (EC); M\u00fasica: Hannah Lee (USA) y Le\u00f3n Pardo (CO). COMP[REBOOT], performance audiovisual: Jorge Haro (AR\/ES). Concierto en la Sala de Cine, tercer piso del MZ14.<\/p>\n\n\n\n<h3 class=\"wp-block-heading\"><strong>Mi\u00e9rcoles 3 de agosto: <\/strong><\/h3>\n\n\n\n<p>De 15:00 a 16:00, conferencia sobre canciones para el fin del mundo, con Ana Mar\u00eda Romano (CO). Sala de Exposici\u00f3n, planta baja, edificio El Tel\u00e9grafo.<\/p>\n\n\n\n<p>De 17:00 a 18:00, Concierto Live Jam Electr\u00f3nico, con Guillermo Doylet, Smol.Robots, Rocio Soria D\u00edaz y Santiago Tapia (EC). Plaza P\u00fablica, planta baja, MZ14.<\/p>\n\n\n\n<p>De 18:30 a 19:30, Concierto Canciones para el fin del mundo y otras derivas, con Ana Mar\u00f1ia Romano (CO). Sala de Exposici\u00f3n, planta baja, edificio El Tel\u00e9grafo.<\/p>\n\n\n\n<h3 class=\"wp-block-heading\"><strong>Jueves 4 de agosto: <\/strong><\/h3>\n\n\n\n<p>De 13:00 a 14:00, concierto Telecampana: Intervenci\u00f3n electroc\u00fastica del campanario El Tel\u00e9grafo, con Juan Jos\u00e9 Ripalda\/estudiantes de Paisaje Sonoro (EC). Terraza, quinto piso, edificio El Tel\u00e9grafo.<\/p>\n\n\n\n<p>De 15:00 a 16:00, conferencia \u201cIn(ter)disciplina &#8211; Seminario Permanente ILIA &#8211; Tecnolog\u00edas Creativas Decoloniales: una lectura de la Revista F-ILIA 4, expone: Jorge Haro (AR\/ES), comenta: Fredy Vallejos (CO). Sala de Experimentaci\u00f3n Sonora, primer piso, MZ14.<\/p>\n\n\n\n<p>De 18:30 a 19:30, Jueves EAS: Minga UArtes: electr\u00f3nica en vivo + obras mixtas (docentes UArtes), concierto en el Sal\u00f3n Patrimonial, primer piso, MZ14.<\/p>\n\n\n\n<h3 class=\"wp-block-heading\"><strong>Viernes 5 de agosto: <\/strong><\/h3>\n\n\n\n<p>De 11:00 a 13:00, Taller de Montaje para Concierto Audiovisual, con Fidel Eljuri (EC), Terraza, cuarto piso, MZ14.<\/p>\n\n\n\n<p>De 14:00 a 17:00, Taller: Grabaci\u00f3n y procesamiento para paisajes sonoros, con Henry Paspuel (EC). Banco de la Rep\u00fablica (Ipiales, CO).<\/p>\n\n\n\n<p>De 15:00 a 16:00, Taller El Sonido Visto, una retrospectiva [in]finita, presentaci\u00f3n de libro, con Jorge Haro (AR\/ES). Sala de Experimentaci\u00f3n Sonora, primer piso, MZ14.<\/p>\n\n\n\n<p>De 17:00 a 18:00, Concierto Irradiaci\u00f3n Fugaz\/Federea (AR\/MX) \/ Concierto Audiovisual CMMAS\/ (CA\/MX\/US\/FI) &#8211; Curadur\u00eda: Tonalli Nakamura (MX). Sala de Cine, tercer piso del MZ14.<\/p>\n\n\n\n<p>De 18:30 a 19:30 Concierto FE6TA, con Fidel Eljuri (EC). Terraza, cuarto piso, MZ14.<\/p>\n\n\n\n<h3 class=\"wp-block-heading\"><strong>S\u00e1bado 6 de agosto: <\/strong><\/h3>\n\n\n\n<p>Sonoridades propias, ritualidad y nuevas tecnolog\u00edas musicales. De 10:00 a 11:00, conferencia virtual \u201cCreaci\u00f3n de obras interdisciplinarias a partir de sensores de presi\u00f3n textiles\u201d, con Andr\u00e9s Rivera (CL).<\/p>\n\n\n\n<p>De 11:00 a 12:00, conferencia virtual \u201cProducci\u00f3n y ritualidad en las m\u00fasicas del Pac\u00edfico colombiano\u201d, con Harold Tenorio (CO).<\/p>\n\n\n\n<p>De 12:00 a 13:00, conferencia virtual \u201cPatrones relativos-creaci\u00f3n interdisciplinaria a partir de m\u00fasicas tradicionales, sonido e imagen\u201d, con Fredy Vallejos (CO).<\/p>\n\n\n\n<p>De 14:00 a 15:00, conferencia virtual \u201cHumazapas: tradici\u00f3n, producci\u00f3n y ritualidad\u201d, con Jes\u00fas Bonilla (EC).<\/p>\n\n\n\n<p>De 15:00 a 16:00, conferencia virtual \u201cUkhu Pacha, composici\u00f3n de m\u00fasica electroac\u00fastica basada en los instrumentos precolombinos\u201d, con Jorge Gregorio Garc\u00eda Moncada (CO).<\/p>\n\n\n\n<p>De 16:00 a 17:00, Muestra Sonora: Del \u00e1rbol a la m\u00fasica: EP \u00abEstaciones\u00bb, de Henry Paspuel (EC) Muestra Sonora en Banco de la Rep\u00fablica (Ipiales, CO)<\/p>\n","protected":false},"excerpt":{"rendered":"<p>Conferencias, exposiciones, talleres y conciertos constan en la programaci\u00f3n de la novena edici\u00f3n de la Minga Multimedia de Arte y Tecnolog\u00eda (mMAT) que, organizada por la Universidad de las Artes y su Escuela de Artes Sonoras, se desarrollar\u00e1 del 1 al 6 de agosto pr\u00f3ximo y tendr\u00e1 lugar en los patrimoniales edificios del Centro de Producci\u00f3n e Innovaci\u00f3n MZ14, la Biblioteca de las Artes y El Tel\u00e9grafo. Unas actividades ser\u00e1n presenciales y otras virtuales.<\/p>","protected":false},"author":10,"featured_media":25569,"comment_status":"open","ping_status":"open","sticky":false,"template":"","format":"standard","meta":{"_acf_changed":false,"_uag_custom_page_level_css":"","_monsterinsights_skip_tracking":false,"_monsterinsights_sitenote_active":false,"_monsterinsights_sitenote_note":"","_monsterinsights_sitenote_category":0,"cybocfi_hide_featured_image":"","footnotes":""},"categories":[714,80,490,82,150,75,76],"tags":[],"infouartes":[],"class_list":["post-25567","post","type-post","status-publish","format-standard","has-post-thumbnail","hentry","category-2b","category-academico","category-alumni","category-artes","category-artes-sonoras","category-docentes","category-estudiantes"],"acf":[],"yoast_head":"<!-- This site is optimized with the Yoast SEO plugin v27.4 - https:\/\/yoast.com\/product\/yoast-seo-wordpress\/ -->\n<title>Universidad de las Artes - Del 1 al 6 de agosto ser\u00e1 la IX Minga Multimedia de Arte y Tecnolog\u00eda<\/title>\n<meta name=\"description\" content=\"Universidad de las Artes - Del 1 al 6 de agosto ser\u00e1 la IX Minga Multimedia de Arte y Tecnolog\u00eda\" \/>\n<meta name=\"robots\" content=\"index, follow, max-snippet:-1, max-image-preview:large, max-video-preview:-1\" \/>\n<link rel=\"canonical\" href=\"https:\/\/www.uartes.edu.ec\/sitio\/en\/blog\/2022\/07\/29\/del-1-al-6-de-agosto-sera-la-ix-edicion-de-la-minga-multimedia-de-arte-y-tecnologia\/\" \/>\n<meta property=\"og:locale\" content=\"en_US\" \/>\n<meta property=\"og:type\" content=\"article\" \/>\n<meta property=\"og:title\" content=\"Universidad de las Artes - Del 1 al 6 de agosto ser\u00e1 la IX Minga Multimedia de Arte y Tecnolog\u00eda\" \/>\n<meta property=\"og:description\" content=\"Universidad de las Artes - Del 1 al 6 de agosto ser\u00e1 la IX Minga Multimedia de Arte y Tecnolog\u00eda\" \/>\n<meta property=\"og:url\" content=\"https:\/\/www.uartes.edu.ec\/sitio\/en\/blog\/2022\/07\/29\/del-1-al-6-de-agosto-sera-la-ix-edicion-de-la-minga-multimedia-de-arte-y-tecnologia\/\" \/>\n<meta property=\"og:site_name\" content=\"Universidad de las Artes\" \/>\n<meta property=\"article:publisher\" content=\"https:\/\/www.facebook.com\/uartesec\" \/>\n<meta property=\"article:published_time\" content=\"2022-07-29T15:00:00+00:00\" \/>\n<meta property=\"article:modified_time\" content=\"2024-07-04T16:23:14+00:00\" \/>\n<meta property=\"og:image\" content=\"https:\/\/www.uartes.edu.ec\/sitio\/wp-content\/uploads\/2022\/07\/MMAT-WEB.jpg\" \/>\n\t<meta property=\"og:image:width\" content=\"2000\" \/>\n\t<meta property=\"og:image:height\" content=\"1333\" \/>\n\t<meta property=\"og:image:type\" content=\"image\/jpeg\" \/>\n<meta name=\"author\" content=\"ccortez\" \/>\n<meta name=\"twitter:card\" content=\"summary_large_image\" \/>\n<meta name=\"twitter:creator\" content=\"@uartesec\" \/>\n<meta name=\"twitter:site\" content=\"@uartesec\" \/>\n<meta name=\"twitter:label1\" content=\"Written by\" \/>\n\t<meta name=\"twitter:data1\" content=\"ccortez\" \/>\n\t<meta name=\"twitter:label2\" content=\"Est. reading time\" \/>\n\t<meta name=\"twitter:data2\" content=\"4 minutes\" \/>\n<script type=\"application\/ld+json\" class=\"yoast-schema-graph\">{\"@context\":\"https:\\\/\\\/schema.org\",\"@graph\":[{\"@type\":\"Article\",\"@id\":\"https:\\\/\\\/www.uartes.edu.ec\\\/sitio\\\/en\\\/blog\\\/2022\\\/07\\\/29\\\/del-1-al-6-de-agosto-sera-la-ix-edicion-de-la-minga-multimedia-de-arte-y-tecnologia\\\/#article\",\"isPartOf\":{\"@id\":\"https:\\\/\\\/www.uartes.edu.ec\\\/sitio\\\/en\\\/blog\\\/2022\\\/07\\\/29\\\/del-1-al-6-de-agosto-sera-la-ix-edicion-de-la-minga-multimedia-de-arte-y-tecnologia\\\/\"},\"author\":{\"name\":\"ccortez\",\"@id\":\"https:\\\/\\\/www.uartes.edu.ec\\\/sitio\\\/en\\\/#\\\/schema\\\/person\\\/efa1b8275797664fd7f13a79ccc0b1f4\"},\"headline\":\"Del 1 al 6 de agosto ser\u00e1 la IX Minga Multimedia de Arte y Tecnolog\u00eda\",\"datePublished\":\"2022-07-29T15:00:00+00:00\",\"dateModified\":\"2024-07-04T16:23:14+00:00\",\"mainEntityOfPage\":{\"@id\":\"https:\\\/\\\/www.uartes.edu.ec\\\/sitio\\\/en\\\/blog\\\/2022\\\/07\\\/29\\\/del-1-al-6-de-agosto-sera-la-ix-edicion-de-la-minga-multimedia-de-arte-y-tecnologia\\\/\"},\"wordCount\":839,\"commentCount\":0,\"publisher\":{\"@id\":\"https:\\\/\\\/www.uartes.edu.ec\\\/sitio\\\/en\\\/#organization\"},\"image\":{\"@id\":\"https:\\\/\\\/www.uartes.edu.ec\\\/sitio\\\/en\\\/blog\\\/2022\\\/07\\\/29\\\/del-1-al-6-de-agosto-sera-la-ix-edicion-de-la-minga-multimedia-de-arte-y-tecnologia\\\/#primaryimage\"},\"thumbnailUrl\":\"https:\\\/\\\/www.uartes.edu.ec\\\/sitio\\\/wp-content\\\/uploads\\\/2022\\\/07\\\/MMAT-WEB.jpg\",\"articleSection\":[\"2B\",\"Acad\u00e9mico\",\"Alumni\",\"Artes\",\"Artes Sonoras\",\"Docentes\",\"Estudiantes\"],\"inLanguage\":\"en-US\",\"potentialAction\":[{\"@type\":\"CommentAction\",\"name\":\"Comment\",\"target\":[\"https:\\\/\\\/www.uartes.edu.ec\\\/sitio\\\/en\\\/blog\\\/2022\\\/07\\\/29\\\/del-1-al-6-de-agosto-sera-la-ix-edicion-de-la-minga-multimedia-de-arte-y-tecnologia\\\/#respond\"]}]},{\"@type\":[\"WebPage\",\"ItemPage\"],\"@id\":\"https:\\\/\\\/www.uartes.edu.ec\\\/sitio\\\/en\\\/blog\\\/2022\\\/07\\\/29\\\/del-1-al-6-de-agosto-sera-la-ix-edicion-de-la-minga-multimedia-de-arte-y-tecnologia\\\/\",\"url\":\"https:\\\/\\\/www.uartes.edu.ec\\\/sitio\\\/en\\\/blog\\\/2022\\\/07\\\/29\\\/del-1-al-6-de-agosto-sera-la-ix-edicion-de-la-minga-multimedia-de-arte-y-tecnologia\\\/\",\"name\":\"Universidad de las Artes - Del 1 al 6 de agosto ser\u00e1 la IX Minga Multimedia de Arte y Tecnolog\u00eda\",\"isPartOf\":{\"@id\":\"https:\\\/\\\/www.uartes.edu.ec\\\/sitio\\\/en\\\/#website\"},\"primaryImageOfPage\":{\"@id\":\"https:\\\/\\\/www.uartes.edu.ec\\\/sitio\\\/en\\\/blog\\\/2022\\\/07\\\/29\\\/del-1-al-6-de-agosto-sera-la-ix-edicion-de-la-minga-multimedia-de-arte-y-tecnologia\\\/#primaryimage\"},\"image\":{\"@id\":\"https:\\\/\\\/www.uartes.edu.ec\\\/sitio\\\/en\\\/blog\\\/2022\\\/07\\\/29\\\/del-1-al-6-de-agosto-sera-la-ix-edicion-de-la-minga-multimedia-de-arte-y-tecnologia\\\/#primaryimage\"},\"thumbnailUrl\":\"https:\\\/\\\/www.uartes.edu.ec\\\/sitio\\\/wp-content\\\/uploads\\\/2022\\\/07\\\/MMAT-WEB.jpg\",\"datePublished\":\"2022-07-29T15:00:00+00:00\",\"dateModified\":\"2024-07-04T16:23:14+00:00\",\"description\":\"Universidad de las Artes - Del 1 al 6 de agosto ser\u00e1 la IX Minga Multimedia de Arte y Tecnolog\u00eda\",\"breadcrumb\":{\"@id\":\"https:\\\/\\\/www.uartes.edu.ec\\\/sitio\\\/en\\\/blog\\\/2022\\\/07\\\/29\\\/del-1-al-6-de-agosto-sera-la-ix-edicion-de-la-minga-multimedia-de-arte-y-tecnologia\\\/#breadcrumb\"},\"inLanguage\":\"en-US\",\"potentialAction\":[{\"@type\":\"ReadAction\",\"target\":[\"https:\\\/\\\/www.uartes.edu.ec\\\/sitio\\\/en\\\/blog\\\/2022\\\/07\\\/29\\\/del-1-al-6-de-agosto-sera-la-ix-edicion-de-la-minga-multimedia-de-arte-y-tecnologia\\\/\"]}]},{\"@type\":\"ImageObject\",\"inLanguage\":\"en-US\",\"@id\":\"https:\\\/\\\/www.uartes.edu.ec\\\/sitio\\\/en\\\/blog\\\/2022\\\/07\\\/29\\\/del-1-al-6-de-agosto-sera-la-ix-edicion-de-la-minga-multimedia-de-arte-y-tecnologia\\\/#primaryimage\",\"url\":\"https:\\\/\\\/www.uartes.edu.ec\\\/sitio\\\/wp-content\\\/uploads\\\/2022\\\/07\\\/MMAT-WEB.jpg\",\"contentUrl\":\"https:\\\/\\\/www.uartes.edu.ec\\\/sitio\\\/wp-content\\\/uploads\\\/2022\\\/07\\\/MMAT-WEB.jpg\",\"width\":2000,\"height\":1333},{\"@type\":\"BreadcrumbList\",\"@id\":\"https:\\\/\\\/www.uartes.edu.ec\\\/sitio\\\/en\\\/blog\\\/2022\\\/07\\\/29\\\/del-1-al-6-de-agosto-sera-la-ix-edicion-de-la-minga-multimedia-de-arte-y-tecnologia\\\/#breadcrumb\",\"itemListElement\":[{\"@type\":\"ListItem\",\"position\":1,\"name\":\"Inicio\",\"item\":\"https:\\\/\\\/www.uartes.edu.ec\\\/sitio\\\/\"},{\"@type\":\"ListItem\",\"position\":2,\"name\":\"Del 1 al 6 de agosto ser\u00e1 la IX Minga Multimedia de Arte y Tecnolog\u00eda\"}]},{\"@type\":\"WebSite\",\"@id\":\"https:\\\/\\\/www.uartes.edu.ec\\\/sitio\\\/en\\\/#website\",\"url\":\"https:\\\/\\\/www.uartes.edu.ec\\\/sitio\\\/en\\\/\",\"name\":\"Universidad de las Artes\",\"description\":\"Sitio oficial de la Universidad Nacional de las Artes del Ecuador\",\"publisher\":{\"@id\":\"https:\\\/\\\/www.uartes.edu.ec\\\/sitio\\\/en\\\/#organization\"},\"potentialAction\":[{\"@type\":\"SearchAction\",\"target\":{\"@type\":\"EntryPoint\",\"urlTemplate\":\"https:\\\/\\\/www.uartes.edu.ec\\\/sitio\\\/en\\\/?s={search_term_string}\"},\"query-input\":{\"@type\":\"PropertyValueSpecification\",\"valueRequired\":true,\"valueName\":\"search_term_string\"}}],\"inLanguage\":\"en-US\"},{\"@type\":\"Organization\",\"@id\":\"https:\\\/\\\/www.uartes.edu.ec\\\/sitio\\\/en\\\/#organization\",\"name\":\"Universidad de las Artes\",\"url\":\"https:\\\/\\\/www.uartes.edu.ec\\\/sitio\\\/en\\\/\",\"logo\":{\"@type\":\"ImageObject\",\"inLanguage\":\"en-US\",\"@id\":\"https:\\\/\\\/www.uartes.edu.ec\\\/sitio\\\/en\\\/#\\\/schema\\\/logo\\\/image\\\/\",\"url\":\"https:\\\/\\\/www.uartes.edu.ec\\\/sitio\\\/wp-content\\\/uploads\\\/2022\\\/07\\\/logo-ua-horizontal.png\",\"contentUrl\":\"https:\\\/\\\/www.uartes.edu.ec\\\/sitio\\\/wp-content\\\/uploads\\\/2022\\\/07\\\/logo-ua-horizontal.png\",\"width\":800,\"height\":276,\"caption\":\"Universidad de las Artes\"},\"image\":{\"@id\":\"https:\\\/\\\/www.uartes.edu.ec\\\/sitio\\\/en\\\/#\\\/schema\\\/logo\\\/image\\\/\"},\"sameAs\":[\"https:\\\/\\\/www.facebook.com\\\/uartesec\",\"https:\\\/\\\/x.com\\\/uartesec\",\"https:\\\/\\\/www.tiktok.com\\\/@uartesec\"]},{\"@type\":\"Person\",\"@id\":\"https:\\\/\\\/www.uartes.edu.ec\\\/sitio\\\/en\\\/#\\\/schema\\\/person\\\/efa1b8275797664fd7f13a79ccc0b1f4\",\"name\":\"ccortez\",\"image\":{\"@type\":\"ImageObject\",\"inLanguage\":\"en-US\",\"@id\":\"https:\\\/\\\/secure.gravatar.com\\\/avatar\\\/b2a6f664a3ae8e074346ef91775736c5ec479e637ecced6842de9dc98b5da9cd?s=96&d=mm&r=g\",\"url\":\"https:\\\/\\\/secure.gravatar.com\\\/avatar\\\/b2a6f664a3ae8e074346ef91775736c5ec479e637ecced6842de9dc98b5da9cd?s=96&d=mm&r=g\",\"contentUrl\":\"https:\\\/\\\/secure.gravatar.com\\\/avatar\\\/b2a6f664a3ae8e074346ef91775736c5ec479e637ecced6842de9dc98b5da9cd?s=96&d=mm&r=g\",\"caption\":\"ccortez\"},\"url\":\"https:\\\/\\\/www.uartes.edu.ec\\\/sitio\\\/en\\\/blog\\\/author\\\/ccortez\\\/\"}]}<\/script>\n<!-- \/ Yoast SEO plugin. -->","yoast_head_json":{"title":"Universidad de las Artes - Del 1 al 6 de agosto ser\u00e1 la IX Minga Multimedia de Arte y Tecnolog\u00eda","description":"Universidad de las Artes - Del 1 al 6 de agosto ser\u00e1 la IX Minga Multimedia de Arte y Tecnolog\u00eda","robots":{"index":"index","follow":"follow","max-snippet":"max-snippet:-1","max-image-preview":"max-image-preview:large","max-video-preview":"max-video-preview:-1"},"canonical":"https:\/\/www.uartes.edu.ec\/sitio\/en\/blog\/2022\/07\/29\/del-1-al-6-de-agosto-sera-la-ix-edicion-de-la-minga-multimedia-de-arte-y-tecnologia\/","og_locale":"en_US","og_type":"article","og_title":"Universidad de las Artes - Del 1 al 6 de agosto ser\u00e1 la IX Minga Multimedia de Arte y Tecnolog\u00eda","og_description":"Universidad de las Artes - Del 1 al 6 de agosto ser\u00e1 la IX Minga Multimedia de Arte y Tecnolog\u00eda","og_url":"https:\/\/www.uartes.edu.ec\/sitio\/en\/blog\/2022\/07\/29\/del-1-al-6-de-agosto-sera-la-ix-edicion-de-la-minga-multimedia-de-arte-y-tecnologia\/","og_site_name":"Universidad de las Artes","article_publisher":"https:\/\/www.facebook.com\/uartesec","article_published_time":"2022-07-29T15:00:00+00:00","article_modified_time":"2024-07-04T16:23:14+00:00","og_image":[{"width":2000,"height":1333,"url":"https:\/\/www.uartes.edu.ec\/sitio\/wp-content\/uploads\/2022\/07\/MMAT-WEB.jpg","type":"image\/jpeg"}],"author":"ccortez","twitter_card":"summary_large_image","twitter_creator":"@uartesec","twitter_site":"@uartesec","twitter_misc":{"Written by":"ccortez","Est. reading time":"4 minutes"},"schema":{"@context":"https:\/\/schema.org","@graph":[{"@type":"Article","@id":"https:\/\/www.uartes.edu.ec\/sitio\/en\/blog\/2022\/07\/29\/del-1-al-6-de-agosto-sera-la-ix-edicion-de-la-minga-multimedia-de-arte-y-tecnologia\/#article","isPartOf":{"@id":"https:\/\/www.uartes.edu.ec\/sitio\/en\/blog\/2022\/07\/29\/del-1-al-6-de-agosto-sera-la-ix-edicion-de-la-minga-multimedia-de-arte-y-tecnologia\/"},"author":{"name":"ccortez","@id":"https:\/\/www.uartes.edu.ec\/sitio\/en\/#\/schema\/person\/efa1b8275797664fd7f13a79ccc0b1f4"},"headline":"Del 1 al 6 de agosto ser\u00e1 la IX Minga Multimedia de Arte y Tecnolog\u00eda","datePublished":"2022-07-29T15:00:00+00:00","dateModified":"2024-07-04T16:23:14+00:00","mainEntityOfPage":{"@id":"https:\/\/www.uartes.edu.ec\/sitio\/en\/blog\/2022\/07\/29\/del-1-al-6-de-agosto-sera-la-ix-edicion-de-la-minga-multimedia-de-arte-y-tecnologia\/"},"wordCount":839,"commentCount":0,"publisher":{"@id":"https:\/\/www.uartes.edu.ec\/sitio\/en\/#organization"},"image":{"@id":"https:\/\/www.uartes.edu.ec\/sitio\/en\/blog\/2022\/07\/29\/del-1-al-6-de-agosto-sera-la-ix-edicion-de-la-minga-multimedia-de-arte-y-tecnologia\/#primaryimage"},"thumbnailUrl":"https:\/\/www.uartes.edu.ec\/sitio\/wp-content\/uploads\/2022\/07\/MMAT-WEB.jpg","articleSection":["2B","Acad\u00e9mico","Alumni","Artes","Artes Sonoras","Docentes","Estudiantes"],"inLanguage":"en-US","potentialAction":[{"@type":"CommentAction","name":"Comment","target":["https:\/\/www.uartes.edu.ec\/sitio\/en\/blog\/2022\/07\/29\/del-1-al-6-de-agosto-sera-la-ix-edicion-de-la-minga-multimedia-de-arte-y-tecnologia\/#respond"]}]},{"@type":["WebPage","ItemPage"],"@id":"https:\/\/www.uartes.edu.ec\/sitio\/en\/blog\/2022\/07\/29\/del-1-al-6-de-agosto-sera-la-ix-edicion-de-la-minga-multimedia-de-arte-y-tecnologia\/","url":"https:\/\/www.uartes.edu.ec\/sitio\/en\/blog\/2022\/07\/29\/del-1-al-6-de-agosto-sera-la-ix-edicion-de-la-minga-multimedia-de-arte-y-tecnologia\/","name":"Universidad de las Artes - Del 1 al 6 de agosto ser\u00e1 la IX Minga Multimedia de Arte y Tecnolog\u00eda","isPartOf":{"@id":"https:\/\/www.uartes.edu.ec\/sitio\/en\/#website"},"primaryImageOfPage":{"@id":"https:\/\/www.uartes.edu.ec\/sitio\/en\/blog\/2022\/07\/29\/del-1-al-6-de-agosto-sera-la-ix-edicion-de-la-minga-multimedia-de-arte-y-tecnologia\/#primaryimage"},"image":{"@id":"https:\/\/www.uartes.edu.ec\/sitio\/en\/blog\/2022\/07\/29\/del-1-al-6-de-agosto-sera-la-ix-edicion-de-la-minga-multimedia-de-arte-y-tecnologia\/#primaryimage"},"thumbnailUrl":"https:\/\/www.uartes.edu.ec\/sitio\/wp-content\/uploads\/2022\/07\/MMAT-WEB.jpg","datePublished":"2022-07-29T15:00:00+00:00","dateModified":"2024-07-04T16:23:14+00:00","description":"Universidad de las Artes - Del 1 al 6 de agosto ser\u00e1 la IX Minga Multimedia de Arte y Tecnolog\u00eda","breadcrumb":{"@id":"https:\/\/www.uartes.edu.ec\/sitio\/en\/blog\/2022\/07\/29\/del-1-al-6-de-agosto-sera-la-ix-edicion-de-la-minga-multimedia-de-arte-y-tecnologia\/#breadcrumb"},"inLanguage":"en-US","potentialAction":[{"@type":"ReadAction","target":["https:\/\/www.uartes.edu.ec\/sitio\/en\/blog\/2022\/07\/29\/del-1-al-6-de-agosto-sera-la-ix-edicion-de-la-minga-multimedia-de-arte-y-tecnologia\/"]}]},{"@type":"ImageObject","inLanguage":"en-US","@id":"https:\/\/www.uartes.edu.ec\/sitio\/en\/blog\/2022\/07\/29\/del-1-al-6-de-agosto-sera-la-ix-edicion-de-la-minga-multimedia-de-arte-y-tecnologia\/#primaryimage","url":"https:\/\/www.uartes.edu.ec\/sitio\/wp-content\/uploads\/2022\/07\/MMAT-WEB.jpg","contentUrl":"https:\/\/www.uartes.edu.ec\/sitio\/wp-content\/uploads\/2022\/07\/MMAT-WEB.jpg","width":2000,"height":1333},{"@type":"BreadcrumbList","@id":"https:\/\/www.uartes.edu.ec\/sitio\/en\/blog\/2022\/07\/29\/del-1-al-6-de-agosto-sera-la-ix-edicion-de-la-minga-multimedia-de-arte-y-tecnologia\/#breadcrumb","itemListElement":[{"@type":"ListItem","position":1,"name":"Inicio","item":"https:\/\/www.uartes.edu.ec\/sitio\/"},{"@type":"ListItem","position":2,"name":"Del 1 al 6 de agosto ser\u00e1 la IX Minga Multimedia de Arte y Tecnolog\u00eda"}]},{"@type":"WebSite","@id":"https:\/\/www.uartes.edu.ec\/sitio\/en\/#website","url":"https:\/\/www.uartes.edu.ec\/sitio\/en\/","name":"Universidad de las Artes","description":"Sitio oficial de la Universidad Nacional de las Artes del Ecuador","publisher":{"@id":"https:\/\/www.uartes.edu.ec\/sitio\/en\/#organization"},"potentialAction":[{"@type":"SearchAction","target":{"@type":"EntryPoint","urlTemplate":"https:\/\/www.uartes.edu.ec\/sitio\/en\/?s={search_term_string}"},"query-input":{"@type":"PropertyValueSpecification","valueRequired":true,"valueName":"search_term_string"}}],"inLanguage":"en-US"},{"@type":"Organization","@id":"https:\/\/www.uartes.edu.ec\/sitio\/en\/#organization","name":"Universidad de las Artes","url":"https:\/\/www.uartes.edu.ec\/sitio\/en\/","logo":{"@type":"ImageObject","inLanguage":"en-US","@id":"https:\/\/www.uartes.edu.ec\/sitio\/en\/#\/schema\/logo\/image\/","url":"https:\/\/www.uartes.edu.ec\/sitio\/wp-content\/uploads\/2022\/07\/logo-ua-horizontal.png","contentUrl":"https:\/\/www.uartes.edu.ec\/sitio\/wp-content\/uploads\/2022\/07\/logo-ua-horizontal.png","width":800,"height":276,"caption":"Universidad de las Artes"},"image":{"@id":"https:\/\/www.uartes.edu.ec\/sitio\/en\/#\/schema\/logo\/image\/"},"sameAs":["https:\/\/www.facebook.com\/uartesec","https:\/\/x.com\/uartesec","https:\/\/www.tiktok.com\/@uartesec"]},{"@type":"Person","@id":"https:\/\/www.uartes.edu.ec\/sitio\/en\/#\/schema\/person\/efa1b8275797664fd7f13a79ccc0b1f4","name":"ccortez","image":{"@type":"ImageObject","inLanguage":"en-US","@id":"https:\/\/secure.gravatar.com\/avatar\/b2a6f664a3ae8e074346ef91775736c5ec479e637ecced6842de9dc98b5da9cd?s=96&d=mm&r=g","url":"https:\/\/secure.gravatar.com\/avatar\/b2a6f664a3ae8e074346ef91775736c5ec479e637ecced6842de9dc98b5da9cd?s=96&d=mm&r=g","contentUrl":"https:\/\/secure.gravatar.com\/avatar\/b2a6f664a3ae8e074346ef91775736c5ec479e637ecced6842de9dc98b5da9cd?s=96&d=mm&r=g","caption":"ccortez"},"url":"https:\/\/www.uartes.edu.ec\/sitio\/en\/blog\/author\/ccortez\/"}]}},"uagb_featured_image_src":{"full":["https:\/\/www.uartes.edu.ec\/sitio\/wp-content\/uploads\/2022\/07\/MMAT-WEB.jpg",2000,1333,false],"thumbnail":["https:\/\/www.uartes.edu.ec\/sitio\/wp-content\/uploads\/2022\/07\/MMAT-WEB-150x150.jpg",150,150,true],"medium":["https:\/\/www.uartes.edu.ec\/sitio\/wp-content\/uploads\/2022\/07\/MMAT-WEB-300x200.jpg",300,200,true],"medium_large":["https:\/\/www.uartes.edu.ec\/sitio\/wp-content\/uploads\/2022\/07\/MMAT-WEB-768x512.jpg",768,512,true],"large":["https:\/\/www.uartes.edu.ec\/sitio\/wp-content\/uploads\/2022\/07\/MMAT-WEB-644x429.jpg",644,429,true],"1536x1536":["https:\/\/www.uartes.edu.ec\/sitio\/wp-content\/uploads\/2022\/07\/MMAT-WEB-1536x1024.jpg",1536,1024,true],"2048x2048":["https:\/\/www.uartes.edu.ec\/sitio\/wp-content\/uploads\/2022\/07\/MMAT-WEB.jpg",2000,1333,false],"trp-custom-language-flag":["https:\/\/www.uartes.edu.ec\/sitio\/wp-content\/uploads\/2022\/07\/MMAT-WEB.jpg",18,12,false],"htmega_size_585x295":["https:\/\/www.uartes.edu.ec\/sitio\/wp-content\/uploads\/2022\/07\/MMAT-WEB.jpg",443,295,false],"htmega_size_1170x536":["https:\/\/www.uartes.edu.ec\/sitio\/wp-content\/uploads\/2022\/07\/MMAT-WEB.jpg",804,536,false],"htmega_size_396x360":["https:\/\/www.uartes.edu.ec\/sitio\/wp-content\/uploads\/2022\/07\/MMAT-WEB.jpg",396,264,false],"gb-block-post-grid-landscape":["https:\/\/www.uartes.edu.ec\/sitio\/wp-content\/uploads\/2022\/07\/MMAT-WEB-600x400.jpg",600,400,true],"gb-block-post-grid-square":["https:\/\/www.uartes.edu.ec\/sitio\/wp-content\/uploads\/2022\/07\/MMAT-WEB-600x600.jpg",600,600,true],"university-hub-thumb":["https:\/\/www.uartes.edu.ec\/sitio\/wp-content\/uploads\/2022\/07\/MMAT-WEB-400x267.jpg",400,267,true]},"uagb_author_info":{"display_name":"ccortez","author_link":"https:\/\/www.uartes.edu.ec\/sitio\/en\/blog\/author\/ccortez\/"},"uagb_comment_info":0,"uagb_excerpt":"Conferencias, exposiciones, talleres y conciertos constan en la programaci\u00f3n de la novena edici\u00f3n de la Minga Multimedia de Arte y Tecnolog\u00eda (mMAT) que, organizada por la Universidad de las Artes y su Escuela de Artes Sonoras, se desarrollar\u00e1 del 1 al 6 de agosto pr\u00f3ximo y tendr\u00e1 lugar en los patrimoniales edificios del Centro de&hellip;","featured_image_src":"https:\/\/www.uartes.edu.ec\/sitio\/wp-content\/uploads\/2022\/07\/MMAT-WEB-600x400.jpg","featured_image_src_square":"https:\/\/www.uartes.edu.ec\/sitio\/wp-content\/uploads\/2022\/07\/MMAT-WEB-600x600.jpg","author_info":{"display_name":"ccortez","author_link":"https:\/\/www.uartes.edu.ec\/sitio\/en\/blog\/author\/ccortez\/"},"publishpress_future_workflow_manual_trigger":{"enabledWorkflows":[]},"distributor_meta":false,"distributor_terms":false,"distributor_media":false,"distributor_original_site_name":"Universidad de las Artes","distributor_original_site_url":"https:\/\/www.uartes.edu.ec\/sitio\/en","push-errors":false,"_links":{"self":[{"href":"https:\/\/www.uartes.edu.ec\/sitio\/en\/wp-json\/wp\/v2\/posts\/25567","targetHints":{"allow":["GET"]}}],"collection":[{"href":"https:\/\/www.uartes.edu.ec\/sitio\/en\/wp-json\/wp\/v2\/posts"}],"about":[{"href":"https:\/\/www.uartes.edu.ec\/sitio\/en\/wp-json\/wp\/v2\/types\/post"}],"author":[{"embeddable":true,"href":"https:\/\/www.uartes.edu.ec\/sitio\/en\/wp-json\/wp\/v2\/users\/10"}],"replies":[{"embeddable":true,"href":"https:\/\/www.uartes.edu.ec\/sitio\/en\/wp-json\/wp\/v2\/comments?post=25567"}],"version-history":[{"count":9,"href":"https:\/\/www.uartes.edu.ec\/sitio\/en\/wp-json\/wp\/v2\/posts\/25567\/revisions"}],"predecessor-version":[{"id":25971,"href":"https:\/\/www.uartes.edu.ec\/sitio\/en\/wp-json\/wp\/v2\/posts\/25567\/revisions\/25971"}],"wp:featuredmedia":[{"embeddable":true,"href":"https:\/\/www.uartes.edu.ec\/sitio\/en\/wp-json\/wp\/v2\/media\/25569"}],"wp:attachment":[{"href":"https:\/\/www.uartes.edu.ec\/sitio\/en\/wp-json\/wp\/v2\/media?parent=25567"}],"wp:term":[{"taxonomy":"category","embeddable":true,"href":"https:\/\/www.uartes.edu.ec\/sitio\/en\/wp-json\/wp\/v2\/categories?post=25567"},{"taxonomy":"post_tag","embeddable":true,"href":"https:\/\/www.uartes.edu.ec\/sitio\/en\/wp-json\/wp\/v2\/tags?post=25567"},{"taxonomy":"infouartes","embeddable":true,"href":"https:\/\/www.uartes.edu.ec\/sitio\/en\/wp-json\/wp\/v2\/infouartes?post=25567"}],"curies":[{"name":"wp","href":"https:\/\/api.w.org\/{rel}","templated":true}]}}