{"id":25765,"date":"2022-07-29T15:57:11","date_gmt":"2022-07-29T20:57:11","guid":{"rendered":"http:\/\/www.uartes.edu.ec\/sitio\/?p=25765"},"modified":"2024-07-04T11:23:14","modified_gmt":"2024-07-04T16:23:14","slug":"cristhian-godoy-el-ganador-del-salon-de-julio-2022-quevino-de-machala-a-buscar-su-espacio-y-lo-ha-conseguido","status":"publish","type":"post","link":"https:\/\/www.uartes.edu.ec\/sitio\/en\/blog\/2022\/07\/29\/cristhian-godoy-el-ganador-del-salon-de-julio-2022-quevino-de-machala-a-buscar-su-espacio-y-lo-ha-conseguido\/","title":{"rendered":"Cristhian Godoy, el artista ganador del Sal\u00f3n de Julio que vino de Machala a buscar su espacio y lo ha logrado"},"content":{"rendered":"<p>Los nombres de Cristhian Godoy, Francesca Palma y Harold Maridue\u00f1a est\u00e1n ya inscritos en la historia del Sal\u00f3n de Julio, la muestra con la cual el Municipio de Guayaquil celebra todos los a\u00f1os a la ciudad en sus fiestas julianas. Lo est\u00e1n por haber logrado el Primer y Tercer Lugar y una Menci\u00f3n de Honor, respectivamente, en la edici\u00f3n de este 2022 \u2013la n\u00famero 61\u2013, caracterizada, seg\u00fan sus organizadores, por alcanzar un m\u00e1ximo hist\u00f3rico de 254 inscritos.<\/p>\n\n\n\n<p>Godoy y Maridue\u00f1a son alumni de la Escuela de Artes Visuales de la UArtes y Palma est\u00e1 en proceso de titulaci\u00f3n. En el d\u00eda de la premiaci\u00f3n, registrada el pasado viernes 22 en el Museo Municipal, a los artistas los acompa\u00f1aron el rector William Herrera y el director de la EAV, Xavier Pati\u00f1o, quien destaca que de los 254 artistas que respondieron a la convocatoria del Sal\u00f3n de julio 2022 y que de las obras que quedaron seleccionadas m\u00e1s del 40 por ciento eran de estudiantes y graduados de la universidad.<\/p>\n\n\n\n<p>\u201cHay una constante en los \u00faltimos a\u00f1os en Guayaquil y el pa\u00eds: la participaci\u00f3n de los estudiantes UArtes y, puntualmente, de la EAV en salones nacionales, como Mariano Aguilera, de Machala y de Octubre\u201d, precis\u00f3 y agreg\u00f3 que de los seis premios entregados tres hayan sido para la UArtes refleja la incidencia que estamos teniendo en el escenario art\u00edstico. \u201cSignifica que estamos haciendo bien el trabajo, que contamos con un buen staff de docentes y de un programa de estudio importante. Tomamos estudiantes que llegan de cero y terminan su carrera y est\u00e1n trabajando en la producci\u00f3n de arte\u201d, expres\u00f3 Xavier Pati\u00f1o.<\/p>\n\n\n<div class=\"wp-block-image\">\n<figure class=\"aligncenter size-large\"><img fetchpriority=\"high\" decoding=\"async\" width=\"644\" height=\"429\" src=\"http:\/\/www.uartes.edu.ec\/sitio\/wp-content\/uploads\/2022\/07\/c-godoy-web-2-644x429.jpg\" alt=\"\" class=\"wp-image-25767\" srcset=\"https:\/\/www.uartes.edu.ec\/sitio\/wp-content\/uploads\/2022\/07\/c-godoy-web-2-644x429.jpg 644w, https:\/\/www.uartes.edu.ec\/sitio\/wp-content\/uploads\/2022\/07\/c-godoy-web-2-768x511.jpg 768w, https:\/\/www.uartes.edu.ec\/sitio\/wp-content\/uploads\/2022\/07\/c-godoy-web-2.jpg 2000w, https:\/\/www.uartes.edu.ec\/sitio\/wp-content\/uploads\/2022\/07\/c-godoy-web-2-600x399.jpg 600w, https:\/\/www.uartes.edu.ec\/sitio\/wp-content\/uploads\/2022\/07\/c-godoy-web-2-272x182.jpg 272w\" sizes=\"(max-width: 644px) 100vw, 644px\" \/><\/figure>\n<\/div>\n\n\n<p>Al Sal\u00f3n de Julio, Cristhian Godoy, de 26 a\u00f1os, llev\u00f3 la obra <em>La paradoja del sue\u00f1o<\/em>, trabajada en&nbsp;acr\u00edlico, l\u00e1pices de colores, marcadores, grafito y collage sobre lona. De su propuesta, un jurado internacional integrado por Giada Lusarde, quien dirigi\u00f3 la edici\u00f3n 61 del certamen, Carolina Castro&nbsp;(Chile),&nbsp;Direlia Lazo&nbsp;(Estados Unidos) y&nbsp;Alma Cardoso&nbsp;(M\u00e9xico) resalt\u00f3 que se le otorg\u00f3 el Primer Premio por \u201creflejar po\u00e9ticamente las condiciones an\u00edmicas y de salud de nuestro contexto, as\u00ed como por construir metaf\u00f3ricamente los paisajes internos y externos a trav\u00e9s de una composici\u00f3n fuera de las formas convencionales\u201d.<\/p>\n\n\n\n<p>Xavier Pati\u00f1o destaca en el alumni UArtes ganador su heroica decisi\u00f3n de dejar Machala para establecerse en una ciudad m\u00e1s grande como Guayaquil. Un acto de valent\u00eda y de amor por lo que cree, quiere seguir e interesa. \u201cChristian Godoy vino a buscar un espacio y lo ha conseguido relativamente r\u00e1pido. Ya tiene un lugar en la historia del Sal\u00f3n de Julio, ganado por grandes artistas como Enrique T\u00e1bara, Araceli Gilbert y otros de mucho renombre en el pa\u00eds\u201d.<\/p>\n\n\n\n<p>El d\u00eda de la premiaci\u00f3n, Pati\u00f1o dijo haberle se\u00f1alado a Cristhian Godoy que lo m\u00e1s dif\u00edcil del logro obtenido era mantener su nivel. \u201cEstoy seguro de que as\u00ed lo har\u00e1 porque tiene talento y mucha voluntad de trabajo. Es muy cr\u00edtico consigo mismo y permite que otros tambi\u00e9n lo sean con \u00e9l, lo cual es raro. \u00c9l escucha con mucha humildad. Y as\u00ed hay muchos otros estudiantes y graduados\u201d.<\/p>\n\n\n\n<p>La muestra de la 61 edici\u00f3n del Sal\u00f3n de Julio estar\u00e1 expuesta hasta el&nbsp;27 de agosto en el&nbsp;Museo Municipal de Guayaquil&nbsp;(Sucre entre Pedro Carbo y Chile).<\/p>\n\n\n\n<h3 class=\"has-text-align-center wp-block-heading\"><strong>La paradoja del sue\u00f1o del ganador del Sal\u00f3n de Julio<\/strong><\/h3>\n\n\n\n<p>A continuaci\u00f3n, en primera persona lo que escribi\u00f3 Cristhian Godoy para InfoUArtes:<br>Reconocer un camino en la biolog\u00eda otorga luz y alumbra aspectos desatendidos por la especie humana: vivimos sin saber qui\u00e9nes somos y de qu\u00e9 estamos hechos, pensarse en ese sentido a la biolog\u00eda nos conduce a una serie de derivas que, bajo la mira de las po\u00e9ticas visuales; estudia y propone al interior del cuerpo como un paisaje; una biblioteca, un laboratorio, un subterr\u00e1neo. En fin, una biolog\u00eda fant\u00e1stica, b\u00e1sicamente est\u00e9tica.<\/p>\n\n\n\n<p><em>La paradoja del sue\u00f1o<\/em> habla de dos organismos, dos estructuras, dos mundos, el uno biol\u00f3gico y el otro cient\u00edfico. Por un lado, la vulnerabilidad del cuerpo como ente pasivo, en trance, y vivo, que es sometido a este proceso de artificialidad, transformando la condici\u00f3n del individuo en estado de reposo. La pl\u00e1stica de mi trabajo deviene de una serie de referencias audiovisuales como la serie animada llamada Il \u00e9tait une fois&#8230; la Vie (1987), el filme <em>Fantastic Voyage<\/em> (1966) y <em>Osmosis Jone<\/em>s (2001), que en s\u00ed plantean una gama de paisajes y situaciones ut\u00f3picas que ocurren dentro del cuerpo como escenario, que de alg\u00fan modo me ayudan a construir la mirada sobre la tensi\u00f3n que existe entre el interior y exterior del cuerpo.<\/p>\n\n\n\n<p>Al mismo tiempo el acervo visual que he explorado en mi trabajo surge en parte de un estudio ontol\u00f3gico, as\u00ed como de las artes visuales, ya que por un lado los dibujos del doctor Fritz Kahn (1888) me permiten entender a detalle la forma, la estructura org\u00e1nica y la noci\u00f3n de profundidad, cueva o cavidad. Y, por otro lado, las pinturas de Frank Moore (1946), contienen escenarios s\u00f3lidos y coloridos relacionados a la medicina con el mundo exterior, cuyo constante di\u00e1logo entre lo m\u00e9dico, el cuerpo, la forma y su entorno, manifiestan una serie de cataclismos que me interesan abordar en mi propuesta.<\/p>\n\n\n<div class=\"wp-block-image\">\n<figure class=\"aligncenter size-large\"><img decoding=\"async\" width=\"644\" height=\"429\" src=\"http:\/\/www.uartes.edu.ec\/sitio\/wp-content\/uploads\/2022\/07\/c-godoy-web-644x429.jpg\" alt=\"\" class=\"wp-image-25768\" srcset=\"https:\/\/www.uartes.edu.ec\/sitio\/wp-content\/uploads\/2022\/07\/c-godoy-web-644x429.jpg 644w, https:\/\/www.uartes.edu.ec\/sitio\/wp-content\/uploads\/2022\/07\/c-godoy-web-768x511.jpg 768w, https:\/\/www.uartes.edu.ec\/sitio\/wp-content\/uploads\/2022\/07\/c-godoy-web.jpg 2000w, https:\/\/www.uartes.edu.ec\/sitio\/wp-content\/uploads\/2022\/07\/c-godoy-web-600x399.jpg 600w, https:\/\/www.uartes.edu.ec\/sitio\/wp-content\/uploads\/2022\/07\/c-godoy-web-272x182.jpg 272w\" sizes=\"(max-width: 644px) 100vw, 644px\" \/><\/figure>\n<\/div>\n\n\n<p>Es decir, en mi obra, cuerpos y espacios derivan de la acci\u00f3n delirante de la pintura excitada por el registro mat\u00e9rico. Finalmente, la obra que presento se monta visualmente sobre la controversia que despierta el uso de los medicamentos, de su cuestionable pertinencia en la supervivencia de la especie humana y de la modificaci\u00f3n de su ecosistema biol\u00f3gico. La pastilla como met\u00e1fora cultural se abre paso y garantiza el estado de la humanidad, regula la vida a trav\u00e9s de su consumo, que no solo es qu\u00edmico, sino tambi\u00e9n ideol\u00f3gico.<\/p>\n\n\n\n<p>Siendo la segunda vez que env\u00edo una obra para el Sal\u00f3n de Julio, lo que me anim\u00f3 (a hacerlo) fue la persistencia y disciplina con la que he venido desarrollando mi trabajo en los \u00faltimos a\u00f1os, en esta ocasi\u00f3n todo el compromiso dentro del proceso art\u00edstico con la madurez que ha tomado mi pintura me despert\u00f3 esa confianza. Adem\u00e1s, no puede faltar el apoyo de la gente con la que trabajo el equipo de El Observatorio y mi colectivo Los Manchas.<\/p>\n\n\n\n<p>Igualmente, poder participar en otro evento a nivel local como el sal\u00f3n de dibujo en la Casa de la Cultura Ecuatoriana N\u00facleo del Guayas con mi obra <em>Panic o<\/em> mi serie que se llama <em>Anticuerpos<\/em> me pareci\u00f3 un diagn\u00f3stico muy importante frente al contexto en que estamos viviendo con relaci\u00f3n a la salud. Conjuntamente, las exposiciones que he venido ejecutando han sido un detonante perfecto para la ejecuci\u00f3n de mi obra.<\/p>\n\n\n\n<p>Haber ganado en esta edici\u00f3n (la n\u00famero 61) del Sal\u00f3n de Julio me parece muy importante para mi carrera profesional, ya que me va a permitir seguir fortaleci\u00e9ndola y espero que no solo sea a nivel local, sino tambi\u00e9n a nivel internacional.<\/p>\n\n\n\n<p>En im\u00e1genes, Cristhian Godoy, ganador de la 61 edici\u00f3n del Sal\u00f3n de Julio. Fotos. Cortes\u00eda <\/p>","protected":false},"excerpt":{"rendered":"<p>No fue la primera participaci\u00f3n de Cristhian Godoy en el Sal\u00f3n de Julio, pero la edici\u00f3n de este a\u00f1o marca un antes y un despu\u00e9s en su carrera. El ganar el primer lugar de la muestra fortalece los pasos que ha venido dando como artista visual. \u00c9l da detalles de su trabajo y propuesta. El director de la Escuela de Artes Visuales, Xavier Pati\u00f1o, tambi\u00e9n opina de su triunfo y el de Francesa Palma y Harold Maridue\u00f1a.<\/p>","protected":false},"author":10,"featured_media":25766,"comment_status":"open","ping_status":"open","sticky":false,"template":"","format":"standard","meta":{"_acf_changed":false,"_uag_custom_page_level_css":"","_monsterinsights_skip_tracking":false,"_monsterinsights_sitenote_active":false,"_monsterinsights_sitenote_note":"","_monsterinsights_sitenote_category":0,"cybocfi_hide_featured_image":"","footnotes":""},"categories":[713,490,82],"tags":[749],"infouartes":[],"class_list":["post-25765","post","type-post","status-publish","format-standard","has-post-thumbnail","hentry","category-1b","category-alumni","category-artes","tag-ganador-del-salon-de-julio"],"acf":[],"yoast_head":"<!-- This site is optimized with the Yoast SEO plugin v27.4 - https:\/\/yoast.com\/product\/yoast-seo-wordpress\/ -->\n<title>Universidad de las Artes - Cristhian Godoy, el artista ganador del Sal\u00f3n de Julio que vino de Machala a buscar su espacio y lo ha logrado<\/title>\n<meta name=\"description\" content=\"Universidad de las Artes - Cristhian Godoy, el artista ganador del Sal\u00f3n de Julio que vino de Machala a buscar su espacio y lo ha logrado\" \/>\n<meta name=\"robots\" content=\"index, follow, max-snippet:-1, max-image-preview:large, max-video-preview:-1\" \/>\n<link rel=\"canonical\" href=\"https:\/\/www.uartes.edu.ec\/sitio\/en\/blog\/2022\/07\/29\/cristhian-godoy-el-ganador-del-salon-de-julio-2022-quevino-de-machala-a-buscar-su-espacio-y-lo-ha-conseguido\/\" \/>\n<meta property=\"og:locale\" content=\"en_US\" \/>\n<meta property=\"og:type\" content=\"article\" \/>\n<meta property=\"og:title\" content=\"Universidad de las Artes - Cristhian Godoy, el artista ganador del Sal\u00f3n de Julio que vino de Machala a buscar su espacio y lo ha logrado\" \/>\n<meta property=\"og:description\" content=\"Universidad de las Artes - Cristhian Godoy, el artista ganador del Sal\u00f3n de Julio que vino de Machala a buscar su espacio y lo ha logrado\" \/>\n<meta property=\"og:url\" content=\"https:\/\/www.uartes.edu.ec\/sitio\/en\/blog\/2022\/07\/29\/cristhian-godoy-el-ganador-del-salon-de-julio-2022-quevino-de-machala-a-buscar-su-espacio-y-lo-ha-conseguido\/\" \/>\n<meta property=\"og:site_name\" content=\"Universidad de las Artes\" \/>\n<meta property=\"article:publisher\" content=\"https:\/\/www.facebook.com\/uartesec\" \/>\n<meta property=\"article:published_time\" content=\"2022-07-29T20:57:11+00:00\" \/>\n<meta property=\"article:modified_time\" content=\"2024-07-04T16:23:14+00:00\" \/>\n<meta property=\"og:image\" content=\"https:\/\/www.uartes.edu.ec\/sitio\/wp-content\/uploads\/2022\/07\/CHRISTIAN-GODOY-DIARIO-EL-UNIVERSO.jpg\" \/>\n\t<meta property=\"og:image:width\" content=\"2000\" \/>\n\t<meta property=\"og:image:height\" content=\"1333\" \/>\n\t<meta property=\"og:image:type\" content=\"image\/jpeg\" \/>\n<meta name=\"author\" content=\"ccortez\" \/>\n<meta name=\"twitter:card\" content=\"summary_large_image\" \/>\n<meta name=\"twitter:creator\" content=\"@uartesec\" \/>\n<meta name=\"twitter:site\" content=\"@uartesec\" \/>\n<meta name=\"twitter:label1\" content=\"Written by\" \/>\n\t<meta name=\"twitter:data1\" content=\"ccortez\" \/>\n\t<meta name=\"twitter:label2\" content=\"Est. reading time\" \/>\n\t<meta name=\"twitter:data2\" content=\"6 minutes\" \/>\n<script type=\"application\/ld+json\" class=\"yoast-schema-graph\">{\"@context\":\"https:\\\/\\\/schema.org\",\"@graph\":[{\"@type\":\"Article\",\"@id\":\"https:\\\/\\\/www.uartes.edu.ec\\\/sitio\\\/en\\\/blog\\\/2022\\\/07\\\/29\\\/cristhian-godoy-el-ganador-del-salon-de-julio-2022-quevino-de-machala-a-buscar-su-espacio-y-lo-ha-conseguido\\\/#article\",\"isPartOf\":{\"@id\":\"https:\\\/\\\/www.uartes.edu.ec\\\/sitio\\\/en\\\/blog\\\/2022\\\/07\\\/29\\\/cristhian-godoy-el-ganador-del-salon-de-julio-2022-quevino-de-machala-a-buscar-su-espacio-y-lo-ha-conseguido\\\/\"},\"author\":{\"name\":\"ccortez\",\"@id\":\"https:\\\/\\\/www.uartes.edu.ec\\\/sitio\\\/en\\\/#\\\/schema\\\/person\\\/efa1b8275797664fd7f13a79ccc0b1f4\"},\"headline\":\"Cristhian Godoy, el artista ganador del Sal\u00f3n de Julio que vino de Machala a buscar su espacio y lo ha logrado\",\"datePublished\":\"2022-07-29T20:57:11+00:00\",\"dateModified\":\"2024-07-04T16:23:14+00:00\",\"mainEntityOfPage\":{\"@id\":\"https:\\\/\\\/www.uartes.edu.ec\\\/sitio\\\/en\\\/blog\\\/2022\\\/07\\\/29\\\/cristhian-godoy-el-ganador-del-salon-de-julio-2022-quevino-de-machala-a-buscar-su-espacio-y-lo-ha-conseguido\\\/\"},\"wordCount\":1284,\"commentCount\":0,\"publisher\":{\"@id\":\"https:\\\/\\\/www.uartes.edu.ec\\\/sitio\\\/en\\\/#organization\"},\"image\":{\"@id\":\"https:\\\/\\\/www.uartes.edu.ec\\\/sitio\\\/en\\\/blog\\\/2022\\\/07\\\/29\\\/cristhian-godoy-el-ganador-del-salon-de-julio-2022-quevino-de-machala-a-buscar-su-espacio-y-lo-ha-conseguido\\\/#primaryimage\"},\"thumbnailUrl\":\"https:\\\/\\\/www.uartes.edu.ec\\\/sitio\\\/wp-content\\\/uploads\\\/2022\\\/07\\\/CHRISTIAN-GODOY-DIARIO-EL-UNIVERSO.jpg\",\"keywords\":[\"ganador del sal\u00f3n de julio\"],\"articleSection\":[\"1B\",\"Alumni\",\"Artes\"],\"inLanguage\":\"en-US\",\"potentialAction\":[{\"@type\":\"CommentAction\",\"name\":\"Comment\",\"target\":[\"https:\\\/\\\/www.uartes.edu.ec\\\/sitio\\\/en\\\/blog\\\/2022\\\/07\\\/29\\\/cristhian-godoy-el-ganador-del-salon-de-julio-2022-quevino-de-machala-a-buscar-su-espacio-y-lo-ha-conseguido\\\/#respond\"]}]},{\"@type\":[\"WebPage\",\"ItemPage\"],\"@id\":\"https:\\\/\\\/www.uartes.edu.ec\\\/sitio\\\/en\\\/blog\\\/2022\\\/07\\\/29\\\/cristhian-godoy-el-ganador-del-salon-de-julio-2022-quevino-de-machala-a-buscar-su-espacio-y-lo-ha-conseguido\\\/\",\"url\":\"https:\\\/\\\/www.uartes.edu.ec\\\/sitio\\\/en\\\/blog\\\/2022\\\/07\\\/29\\\/cristhian-godoy-el-ganador-del-salon-de-julio-2022-quevino-de-machala-a-buscar-su-espacio-y-lo-ha-conseguido\\\/\",\"name\":\"Universidad de las Artes - Cristhian Godoy, el artista ganador del Sal\u00f3n de Julio que vino de Machala a buscar su espacio y lo ha logrado\",\"isPartOf\":{\"@id\":\"https:\\\/\\\/www.uartes.edu.ec\\\/sitio\\\/en\\\/#website\"},\"primaryImageOfPage\":{\"@id\":\"https:\\\/\\\/www.uartes.edu.ec\\\/sitio\\\/en\\\/blog\\\/2022\\\/07\\\/29\\\/cristhian-godoy-el-ganador-del-salon-de-julio-2022-quevino-de-machala-a-buscar-su-espacio-y-lo-ha-conseguido\\\/#primaryimage\"},\"image\":{\"@id\":\"https:\\\/\\\/www.uartes.edu.ec\\\/sitio\\\/en\\\/blog\\\/2022\\\/07\\\/29\\\/cristhian-godoy-el-ganador-del-salon-de-julio-2022-quevino-de-machala-a-buscar-su-espacio-y-lo-ha-conseguido\\\/#primaryimage\"},\"thumbnailUrl\":\"https:\\\/\\\/www.uartes.edu.ec\\\/sitio\\\/wp-content\\\/uploads\\\/2022\\\/07\\\/CHRISTIAN-GODOY-DIARIO-EL-UNIVERSO.jpg\",\"datePublished\":\"2022-07-29T20:57:11+00:00\",\"dateModified\":\"2024-07-04T16:23:14+00:00\",\"description\":\"Universidad de las Artes - Cristhian Godoy, el artista ganador del Sal\u00f3n de Julio que vino de Machala a buscar su espacio y lo ha logrado\",\"breadcrumb\":{\"@id\":\"https:\\\/\\\/www.uartes.edu.ec\\\/sitio\\\/en\\\/blog\\\/2022\\\/07\\\/29\\\/cristhian-godoy-el-ganador-del-salon-de-julio-2022-quevino-de-machala-a-buscar-su-espacio-y-lo-ha-conseguido\\\/#breadcrumb\"},\"inLanguage\":\"en-US\",\"potentialAction\":[{\"@type\":\"ReadAction\",\"target\":[\"https:\\\/\\\/www.uartes.edu.ec\\\/sitio\\\/en\\\/blog\\\/2022\\\/07\\\/29\\\/cristhian-godoy-el-ganador-del-salon-de-julio-2022-quevino-de-machala-a-buscar-su-espacio-y-lo-ha-conseguido\\\/\"]}]},{\"@type\":\"ImageObject\",\"inLanguage\":\"en-US\",\"@id\":\"https:\\\/\\\/www.uartes.edu.ec\\\/sitio\\\/en\\\/blog\\\/2022\\\/07\\\/29\\\/cristhian-godoy-el-ganador-del-salon-de-julio-2022-quevino-de-machala-a-buscar-su-espacio-y-lo-ha-conseguido\\\/#primaryimage\",\"url\":\"https:\\\/\\\/www.uartes.edu.ec\\\/sitio\\\/wp-content\\\/uploads\\\/2022\\\/07\\\/CHRISTIAN-GODOY-DIARIO-EL-UNIVERSO.jpg\",\"contentUrl\":\"https:\\\/\\\/www.uartes.edu.ec\\\/sitio\\\/wp-content\\\/uploads\\\/2022\\\/07\\\/CHRISTIAN-GODOY-DIARIO-EL-UNIVERSO.jpg\",\"width\":2000,\"height\":1333},{\"@type\":\"BreadcrumbList\",\"@id\":\"https:\\\/\\\/www.uartes.edu.ec\\\/sitio\\\/en\\\/blog\\\/2022\\\/07\\\/29\\\/cristhian-godoy-el-ganador-del-salon-de-julio-2022-quevino-de-machala-a-buscar-su-espacio-y-lo-ha-conseguido\\\/#breadcrumb\",\"itemListElement\":[{\"@type\":\"ListItem\",\"position\":1,\"name\":\"Inicio\",\"item\":\"https:\\\/\\\/www.uartes.edu.ec\\\/sitio\\\/\"},{\"@type\":\"ListItem\",\"position\":2,\"name\":\"Cristhian Godoy, el artista ganador del Sal\u00f3n de Julio que vino de Machala a buscar su espacio y lo ha logrado\"}]},{\"@type\":\"WebSite\",\"@id\":\"https:\\\/\\\/www.uartes.edu.ec\\\/sitio\\\/en\\\/#website\",\"url\":\"https:\\\/\\\/www.uartes.edu.ec\\\/sitio\\\/en\\\/\",\"name\":\"Universidad de las Artes\",\"description\":\"Sitio oficial de la Universidad Nacional de las Artes del Ecuador\",\"publisher\":{\"@id\":\"https:\\\/\\\/www.uartes.edu.ec\\\/sitio\\\/en\\\/#organization\"},\"potentialAction\":[{\"@type\":\"SearchAction\",\"target\":{\"@type\":\"EntryPoint\",\"urlTemplate\":\"https:\\\/\\\/www.uartes.edu.ec\\\/sitio\\\/en\\\/?s={search_term_string}\"},\"query-input\":{\"@type\":\"PropertyValueSpecification\",\"valueRequired\":true,\"valueName\":\"search_term_string\"}}],\"inLanguage\":\"en-US\"},{\"@type\":\"Organization\",\"@id\":\"https:\\\/\\\/www.uartes.edu.ec\\\/sitio\\\/en\\\/#organization\",\"name\":\"Universidad de las Artes\",\"url\":\"https:\\\/\\\/www.uartes.edu.ec\\\/sitio\\\/en\\\/\",\"logo\":{\"@type\":\"ImageObject\",\"inLanguage\":\"en-US\",\"@id\":\"https:\\\/\\\/www.uartes.edu.ec\\\/sitio\\\/en\\\/#\\\/schema\\\/logo\\\/image\\\/\",\"url\":\"https:\\\/\\\/www.uartes.edu.ec\\\/sitio\\\/wp-content\\\/uploads\\\/2022\\\/07\\\/logo-ua-horizontal.png\",\"contentUrl\":\"https:\\\/\\\/www.uartes.edu.ec\\\/sitio\\\/wp-content\\\/uploads\\\/2022\\\/07\\\/logo-ua-horizontal.png\",\"width\":800,\"height\":276,\"caption\":\"Universidad de las Artes\"},\"image\":{\"@id\":\"https:\\\/\\\/www.uartes.edu.ec\\\/sitio\\\/en\\\/#\\\/schema\\\/logo\\\/image\\\/\"},\"sameAs\":[\"https:\\\/\\\/www.facebook.com\\\/uartesec\",\"https:\\\/\\\/x.com\\\/uartesec\",\"https:\\\/\\\/www.tiktok.com\\\/@uartesec\"]},{\"@type\":\"Person\",\"@id\":\"https:\\\/\\\/www.uartes.edu.ec\\\/sitio\\\/en\\\/#\\\/schema\\\/person\\\/efa1b8275797664fd7f13a79ccc0b1f4\",\"name\":\"ccortez\",\"image\":{\"@type\":\"ImageObject\",\"inLanguage\":\"en-US\",\"@id\":\"https:\\\/\\\/secure.gravatar.com\\\/avatar\\\/b2a6f664a3ae8e074346ef91775736c5ec479e637ecced6842de9dc98b5da9cd?s=96&d=mm&r=g\",\"url\":\"https:\\\/\\\/secure.gravatar.com\\\/avatar\\\/b2a6f664a3ae8e074346ef91775736c5ec479e637ecced6842de9dc98b5da9cd?s=96&d=mm&r=g\",\"contentUrl\":\"https:\\\/\\\/secure.gravatar.com\\\/avatar\\\/b2a6f664a3ae8e074346ef91775736c5ec479e637ecced6842de9dc98b5da9cd?s=96&d=mm&r=g\",\"caption\":\"ccortez\"},\"url\":\"https:\\\/\\\/www.uartes.edu.ec\\\/sitio\\\/en\\\/blog\\\/author\\\/ccortez\\\/\"}]}<\/script>\n<!-- \/ Yoast SEO plugin. -->","yoast_head_json":{"title":"Universidad de las Artes - Cristhian Godoy, el artista ganador del Sal\u00f3n de Julio que vino de Machala a buscar su espacio y lo ha logrado","description":"Universidad de las Artes - Cristhian Godoy, el artista ganador del Sal\u00f3n de Julio que vino de Machala a buscar su espacio y lo ha logrado","robots":{"index":"index","follow":"follow","max-snippet":"max-snippet:-1","max-image-preview":"max-image-preview:large","max-video-preview":"max-video-preview:-1"},"canonical":"https:\/\/www.uartes.edu.ec\/sitio\/en\/blog\/2022\/07\/29\/cristhian-godoy-el-ganador-del-salon-de-julio-2022-quevino-de-machala-a-buscar-su-espacio-y-lo-ha-conseguido\/","og_locale":"en_US","og_type":"article","og_title":"Universidad de las Artes - Cristhian Godoy, el artista ganador del Sal\u00f3n de Julio que vino de Machala a buscar su espacio y lo ha logrado","og_description":"Universidad de las Artes - Cristhian Godoy, el artista ganador del Sal\u00f3n de Julio que vino de Machala a buscar su espacio y lo ha logrado","og_url":"https:\/\/www.uartes.edu.ec\/sitio\/en\/blog\/2022\/07\/29\/cristhian-godoy-el-ganador-del-salon-de-julio-2022-quevino-de-machala-a-buscar-su-espacio-y-lo-ha-conseguido\/","og_site_name":"Universidad de las Artes","article_publisher":"https:\/\/www.facebook.com\/uartesec","article_published_time":"2022-07-29T20:57:11+00:00","article_modified_time":"2024-07-04T16:23:14+00:00","og_image":[{"width":2000,"height":1333,"url":"https:\/\/www.uartes.edu.ec\/sitio\/wp-content\/uploads\/2022\/07\/CHRISTIAN-GODOY-DIARIO-EL-UNIVERSO.jpg","type":"image\/jpeg"}],"author":"ccortez","twitter_card":"summary_large_image","twitter_creator":"@uartesec","twitter_site":"@uartesec","twitter_misc":{"Written by":"ccortez","Est. reading time":"6 minutes"},"schema":{"@context":"https:\/\/schema.org","@graph":[{"@type":"Article","@id":"https:\/\/www.uartes.edu.ec\/sitio\/en\/blog\/2022\/07\/29\/cristhian-godoy-el-ganador-del-salon-de-julio-2022-quevino-de-machala-a-buscar-su-espacio-y-lo-ha-conseguido\/#article","isPartOf":{"@id":"https:\/\/www.uartes.edu.ec\/sitio\/en\/blog\/2022\/07\/29\/cristhian-godoy-el-ganador-del-salon-de-julio-2022-quevino-de-machala-a-buscar-su-espacio-y-lo-ha-conseguido\/"},"author":{"name":"ccortez","@id":"https:\/\/www.uartes.edu.ec\/sitio\/en\/#\/schema\/person\/efa1b8275797664fd7f13a79ccc0b1f4"},"headline":"Cristhian Godoy, el artista ganador del Sal\u00f3n de Julio que vino de Machala a buscar su espacio y lo ha logrado","datePublished":"2022-07-29T20:57:11+00:00","dateModified":"2024-07-04T16:23:14+00:00","mainEntityOfPage":{"@id":"https:\/\/www.uartes.edu.ec\/sitio\/en\/blog\/2022\/07\/29\/cristhian-godoy-el-ganador-del-salon-de-julio-2022-quevino-de-machala-a-buscar-su-espacio-y-lo-ha-conseguido\/"},"wordCount":1284,"commentCount":0,"publisher":{"@id":"https:\/\/www.uartes.edu.ec\/sitio\/en\/#organization"},"image":{"@id":"https:\/\/www.uartes.edu.ec\/sitio\/en\/blog\/2022\/07\/29\/cristhian-godoy-el-ganador-del-salon-de-julio-2022-quevino-de-machala-a-buscar-su-espacio-y-lo-ha-conseguido\/#primaryimage"},"thumbnailUrl":"https:\/\/www.uartes.edu.ec\/sitio\/wp-content\/uploads\/2022\/07\/CHRISTIAN-GODOY-DIARIO-EL-UNIVERSO.jpg","keywords":["ganador del sal\u00f3n de julio"],"articleSection":["1B","Alumni","Artes"],"inLanguage":"en-US","potentialAction":[{"@type":"CommentAction","name":"Comment","target":["https:\/\/www.uartes.edu.ec\/sitio\/en\/blog\/2022\/07\/29\/cristhian-godoy-el-ganador-del-salon-de-julio-2022-quevino-de-machala-a-buscar-su-espacio-y-lo-ha-conseguido\/#respond"]}]},{"@type":["WebPage","ItemPage"],"@id":"https:\/\/www.uartes.edu.ec\/sitio\/en\/blog\/2022\/07\/29\/cristhian-godoy-el-ganador-del-salon-de-julio-2022-quevino-de-machala-a-buscar-su-espacio-y-lo-ha-conseguido\/","url":"https:\/\/www.uartes.edu.ec\/sitio\/en\/blog\/2022\/07\/29\/cristhian-godoy-el-ganador-del-salon-de-julio-2022-quevino-de-machala-a-buscar-su-espacio-y-lo-ha-conseguido\/","name":"Universidad de las Artes - Cristhian Godoy, el artista ganador del Sal\u00f3n de Julio que vino de Machala a buscar su espacio y lo ha logrado","isPartOf":{"@id":"https:\/\/www.uartes.edu.ec\/sitio\/en\/#website"},"primaryImageOfPage":{"@id":"https:\/\/www.uartes.edu.ec\/sitio\/en\/blog\/2022\/07\/29\/cristhian-godoy-el-ganador-del-salon-de-julio-2022-quevino-de-machala-a-buscar-su-espacio-y-lo-ha-conseguido\/#primaryimage"},"image":{"@id":"https:\/\/www.uartes.edu.ec\/sitio\/en\/blog\/2022\/07\/29\/cristhian-godoy-el-ganador-del-salon-de-julio-2022-quevino-de-machala-a-buscar-su-espacio-y-lo-ha-conseguido\/#primaryimage"},"thumbnailUrl":"https:\/\/www.uartes.edu.ec\/sitio\/wp-content\/uploads\/2022\/07\/CHRISTIAN-GODOY-DIARIO-EL-UNIVERSO.jpg","datePublished":"2022-07-29T20:57:11+00:00","dateModified":"2024-07-04T16:23:14+00:00","description":"Universidad de las Artes - Cristhian Godoy, el artista ganador del Sal\u00f3n de Julio que vino de Machala a buscar su espacio y lo ha logrado","breadcrumb":{"@id":"https:\/\/www.uartes.edu.ec\/sitio\/en\/blog\/2022\/07\/29\/cristhian-godoy-el-ganador-del-salon-de-julio-2022-quevino-de-machala-a-buscar-su-espacio-y-lo-ha-conseguido\/#breadcrumb"},"inLanguage":"en-US","potentialAction":[{"@type":"ReadAction","target":["https:\/\/www.uartes.edu.ec\/sitio\/en\/blog\/2022\/07\/29\/cristhian-godoy-el-ganador-del-salon-de-julio-2022-quevino-de-machala-a-buscar-su-espacio-y-lo-ha-conseguido\/"]}]},{"@type":"ImageObject","inLanguage":"en-US","@id":"https:\/\/www.uartes.edu.ec\/sitio\/en\/blog\/2022\/07\/29\/cristhian-godoy-el-ganador-del-salon-de-julio-2022-quevino-de-machala-a-buscar-su-espacio-y-lo-ha-conseguido\/#primaryimage","url":"https:\/\/www.uartes.edu.ec\/sitio\/wp-content\/uploads\/2022\/07\/CHRISTIAN-GODOY-DIARIO-EL-UNIVERSO.jpg","contentUrl":"https:\/\/www.uartes.edu.ec\/sitio\/wp-content\/uploads\/2022\/07\/CHRISTIAN-GODOY-DIARIO-EL-UNIVERSO.jpg","width":2000,"height":1333},{"@type":"BreadcrumbList","@id":"https:\/\/www.uartes.edu.ec\/sitio\/en\/blog\/2022\/07\/29\/cristhian-godoy-el-ganador-del-salon-de-julio-2022-quevino-de-machala-a-buscar-su-espacio-y-lo-ha-conseguido\/#breadcrumb","itemListElement":[{"@type":"ListItem","position":1,"name":"Inicio","item":"https:\/\/www.uartes.edu.ec\/sitio\/"},{"@type":"ListItem","position":2,"name":"Cristhian Godoy, el artista ganador del Sal\u00f3n de Julio que vino de Machala a buscar su espacio y lo ha logrado"}]},{"@type":"WebSite","@id":"https:\/\/www.uartes.edu.ec\/sitio\/en\/#website","url":"https:\/\/www.uartes.edu.ec\/sitio\/en\/","name":"Universidad de las Artes","description":"Sitio oficial de la Universidad Nacional de las Artes del Ecuador","publisher":{"@id":"https:\/\/www.uartes.edu.ec\/sitio\/en\/#organization"},"potentialAction":[{"@type":"SearchAction","target":{"@type":"EntryPoint","urlTemplate":"https:\/\/www.uartes.edu.ec\/sitio\/en\/?s={search_term_string}"},"query-input":{"@type":"PropertyValueSpecification","valueRequired":true,"valueName":"search_term_string"}}],"inLanguage":"en-US"},{"@type":"Organization","@id":"https:\/\/www.uartes.edu.ec\/sitio\/en\/#organization","name":"Universidad de las Artes","url":"https:\/\/www.uartes.edu.ec\/sitio\/en\/","logo":{"@type":"ImageObject","inLanguage":"en-US","@id":"https:\/\/www.uartes.edu.ec\/sitio\/en\/#\/schema\/logo\/image\/","url":"https:\/\/www.uartes.edu.ec\/sitio\/wp-content\/uploads\/2022\/07\/logo-ua-horizontal.png","contentUrl":"https:\/\/www.uartes.edu.ec\/sitio\/wp-content\/uploads\/2022\/07\/logo-ua-horizontal.png","width":800,"height":276,"caption":"Universidad de las Artes"},"image":{"@id":"https:\/\/www.uartes.edu.ec\/sitio\/en\/#\/schema\/logo\/image\/"},"sameAs":["https:\/\/www.facebook.com\/uartesec","https:\/\/x.com\/uartesec","https:\/\/www.tiktok.com\/@uartesec"]},{"@type":"Person","@id":"https:\/\/www.uartes.edu.ec\/sitio\/en\/#\/schema\/person\/efa1b8275797664fd7f13a79ccc0b1f4","name":"ccortez","image":{"@type":"ImageObject","inLanguage":"en-US","@id":"https:\/\/secure.gravatar.com\/avatar\/b2a6f664a3ae8e074346ef91775736c5ec479e637ecced6842de9dc98b5da9cd?s=96&d=mm&r=g","url":"https:\/\/secure.gravatar.com\/avatar\/b2a6f664a3ae8e074346ef91775736c5ec479e637ecced6842de9dc98b5da9cd?s=96&d=mm&r=g","contentUrl":"https:\/\/secure.gravatar.com\/avatar\/b2a6f664a3ae8e074346ef91775736c5ec479e637ecced6842de9dc98b5da9cd?s=96&d=mm&r=g","caption":"ccortez"},"url":"https:\/\/www.uartes.edu.ec\/sitio\/en\/blog\/author\/ccortez\/"}]}},"uagb_featured_image_src":{"full":["https:\/\/www.uartes.edu.ec\/sitio\/wp-content\/uploads\/2022\/07\/CHRISTIAN-GODOY-DIARIO-EL-UNIVERSO.jpg",2000,1333,false],"thumbnail":["https:\/\/www.uartes.edu.ec\/sitio\/wp-content\/uploads\/2022\/07\/CHRISTIAN-GODOY-DIARIO-EL-UNIVERSO-150x150.jpg",150,150,true],"medium":["https:\/\/www.uartes.edu.ec\/sitio\/wp-content\/uploads\/2022\/07\/CHRISTIAN-GODOY-DIARIO-EL-UNIVERSO-300x200.jpg",300,200,true],"medium_large":["https:\/\/www.uartes.edu.ec\/sitio\/wp-content\/uploads\/2022\/07\/CHRISTIAN-GODOY-DIARIO-EL-UNIVERSO-768x512.jpg",768,512,true],"large":["https:\/\/www.uartes.edu.ec\/sitio\/wp-content\/uploads\/2022\/07\/CHRISTIAN-GODOY-DIARIO-EL-UNIVERSO-644x429.jpg",644,429,true],"1536x1536":["https:\/\/www.uartes.edu.ec\/sitio\/wp-content\/uploads\/2022\/07\/CHRISTIAN-GODOY-DIARIO-EL-UNIVERSO-1536x1024.jpg",1536,1024,true],"2048x2048":["https:\/\/www.uartes.edu.ec\/sitio\/wp-content\/uploads\/2022\/07\/CHRISTIAN-GODOY-DIARIO-EL-UNIVERSO.jpg",2000,1333,false],"trp-custom-language-flag":["https:\/\/www.uartes.edu.ec\/sitio\/wp-content\/uploads\/2022\/07\/CHRISTIAN-GODOY-DIARIO-EL-UNIVERSO.jpg",18,12,false],"htmega_size_585x295":["https:\/\/www.uartes.edu.ec\/sitio\/wp-content\/uploads\/2022\/07\/CHRISTIAN-GODOY-DIARIO-EL-UNIVERSO.jpg",443,295,false],"htmega_size_1170x536":["https:\/\/www.uartes.edu.ec\/sitio\/wp-content\/uploads\/2022\/07\/CHRISTIAN-GODOY-DIARIO-EL-UNIVERSO.jpg",804,536,false],"htmega_size_396x360":["https:\/\/www.uartes.edu.ec\/sitio\/wp-content\/uploads\/2022\/07\/CHRISTIAN-GODOY-DIARIO-EL-UNIVERSO.jpg",396,264,false],"gb-block-post-grid-landscape":["https:\/\/www.uartes.edu.ec\/sitio\/wp-content\/uploads\/2022\/07\/CHRISTIAN-GODOY-DIARIO-EL-UNIVERSO-600x400.jpg",600,400,true],"gb-block-post-grid-square":["https:\/\/www.uartes.edu.ec\/sitio\/wp-content\/uploads\/2022\/07\/CHRISTIAN-GODOY-DIARIO-EL-UNIVERSO-600x600.jpg",600,600,true],"university-hub-thumb":["https:\/\/www.uartes.edu.ec\/sitio\/wp-content\/uploads\/2022\/07\/CHRISTIAN-GODOY-DIARIO-EL-UNIVERSO-400x267.jpg",400,267,true],"mailpoet_newsletter_max":["https:\/\/www.uartes.edu.ec\/sitio\/wp-content\/uploads\/2022\/07\/CHRISTIAN-GODOY-DIARIO-EL-UNIVERSO.jpg",1320,880,false]},"uagb_author_info":{"display_name":"ccortez","author_link":"https:\/\/www.uartes.edu.ec\/sitio\/en\/blog\/author\/ccortez\/"},"uagb_comment_info":0,"uagb_excerpt":"No fue la primera participaci\u00f3n de Cristhian Godoy en el Sal\u00f3n de Julio, pero la edici\u00f3n de este a\u00f1o marca un antes y un despu\u00e9s en su carrera. El ganar el primer lugar de la muestra fortalece los pasos que ha venido dando como artista visual. \u00c9l da detalles de su trabajo y propuesta. El&hellip;","featured_image_src":"https:\/\/www.uartes.edu.ec\/sitio\/wp-content\/uploads\/2022\/07\/CHRISTIAN-GODOY-DIARIO-EL-UNIVERSO-600x400.jpg","featured_image_src_square":"https:\/\/www.uartes.edu.ec\/sitio\/wp-content\/uploads\/2022\/07\/CHRISTIAN-GODOY-DIARIO-EL-UNIVERSO-600x600.jpg","author_info":{"display_name":"ccortez","author_link":"https:\/\/www.uartes.edu.ec\/sitio\/en\/blog\/author\/ccortez\/"},"publishpress_future_workflow_manual_trigger":{"enabledWorkflows":[]},"distributor_meta":false,"distributor_terms":false,"distributor_media":false,"distributor_original_site_name":"Universidad de las Artes","distributor_original_site_url":"https:\/\/www.uartes.edu.ec\/sitio\/en","push-errors":false,"_links":{"self":[{"href":"https:\/\/www.uartes.edu.ec\/sitio\/en\/wp-json\/wp\/v2\/posts\/25765","targetHints":{"allow":["GET"]}}],"collection":[{"href":"https:\/\/www.uartes.edu.ec\/sitio\/en\/wp-json\/wp\/v2\/posts"}],"about":[{"href":"https:\/\/www.uartes.edu.ec\/sitio\/en\/wp-json\/wp\/v2\/types\/post"}],"author":[{"embeddable":true,"href":"https:\/\/www.uartes.edu.ec\/sitio\/en\/wp-json\/wp\/v2\/users\/10"}],"replies":[{"embeddable":true,"href":"https:\/\/www.uartes.edu.ec\/sitio\/en\/wp-json\/wp\/v2\/comments?post=25765"}],"version-history":[{"count":7,"href":"https:\/\/www.uartes.edu.ec\/sitio\/en\/wp-json\/wp\/v2\/posts\/25765\/revisions"}],"predecessor-version":[{"id":47297,"href":"https:\/\/www.uartes.edu.ec\/sitio\/en\/wp-json\/wp\/v2\/posts\/25765\/revisions\/47297"}],"wp:featuredmedia":[{"embeddable":true,"href":"https:\/\/www.uartes.edu.ec\/sitio\/en\/wp-json\/wp\/v2\/media\/25766"}],"wp:attachment":[{"href":"https:\/\/www.uartes.edu.ec\/sitio\/en\/wp-json\/wp\/v2\/media?parent=25765"}],"wp:term":[{"taxonomy":"category","embeddable":true,"href":"https:\/\/www.uartes.edu.ec\/sitio\/en\/wp-json\/wp\/v2\/categories?post=25765"},{"taxonomy":"post_tag","embeddable":true,"href":"https:\/\/www.uartes.edu.ec\/sitio\/en\/wp-json\/wp\/v2\/tags?post=25765"},{"taxonomy":"infouartes","embeddable":true,"href":"https:\/\/www.uartes.edu.ec\/sitio\/en\/wp-json\/wp\/v2\/infouartes?post=25765"}],"curies":[{"name":"wp","href":"https:\/\/api.w.org\/{rel}","templated":true}]}}