{"id":25978,"date":"2022-08-02T15:52:00","date_gmt":"2022-08-02T20:52:00","guid":{"rendered":"http:\/\/www.uartes.edu.ec\/sitio\/?p=25978"},"modified":"2024-07-04T11:23:14","modified_gmt":"2024-07-04T16:23:14","slug":"los-maestrantes-de-artes-visuales-y-nuevosmedios-exponen-sus-trabajos-en-el-mmat","status":"publish","type":"post","link":"https:\/\/www.uartes.edu.ec\/sitio\/en\/blog\/2022\/08\/02\/los-maestrantes-de-artes-visuales-y-nuevosmedios-exponen-sus-trabajos-en-el-mmat\/","title":{"rendered":"Los maestrantes de Artes Visuales y Nuevos Medios, presentes en mMAT"},"content":{"rendered":"<p>La muestra de diez estudiantes de la maestr\u00eda de Artes Visuales y Nuevos Medios es una de las cuatro exposiciones inauguradas en el marco de la IX edici\u00f3n de la Minga Multimedia de Arte y Tecnolog\u00eda (mMAT) organizada \u2013del 1 al de 6 agosto\u2013 por la Universidad de las Artes y la Escuela de Artes Sonoras.<\/p>\n\n\n\n<p>Las obras de los maestrantes se pueden apreciar en la Galer\u00eda 4ta. Pared, ubicada en la Terraza de la Biblioteca de las Artes. All\u00ed, Santiago Tapia participa con <em>Random Pain<\/em> (2022), en t\u00e9cnica Game Art (90x40x40 aprox.); Paulina Romero con el videoarte streaming, de medidas variables, <em>Metaformance; <\/em>Ch Mosquera con la instalaci\u00f3n <em>Imag\u00ednate vivir en Suiza;<\/em> e, igualmente, con una instalaci\u00f3n de medidas variables y denominada <em>20210926_140945,<\/em> Luis Ram\u00edrez.<\/p>\n\n\n\n<p>En la Galer\u00eda 4ta Pared, Roc\u00edo Soria est\u00e1 presente con el video \u00bf<em>Is this another bodeg\u00f3n? (<\/em>de 1m de ancho x 1,60 de alto); Ronny Albuja con <em>Frecuencia de un cuerpo,<\/em> un render 3D de 65&#8243;; \u00c1ngelo Avilez con el video (1080&#215;1920) <em>Ermita\u00f1o;<\/em> Andrea Vaca con el videomapping (con dimensiones 720&#215;480) <em>Lo que fue el futuro;<\/em> Ruth Cruz Mendoza con <em>Simulador TCI#1 Ca\u00edda Perpetua<\/em> (2 Cajas de MDF, con sistema de iluminaci\u00f3n por potenci\u00f3metro y sensor pir de dimensiones variable); y, Diana Garc\u00eda con el video instalaci\u00f3n <em>Burra y s\u00faper burra por tener tatuajes.<\/em><\/p>\n\n\n<div class=\"wp-block-image\">\n<figure class=\"aligncenter size-large\"><img fetchpriority=\"high\" decoding=\"async\" width=\"644\" height=\"429\" src=\"http:\/\/www.uartes.edu.ec\/sitio\/wp-content\/uploads\/2022\/08\/07-MM-644x429.jpg\" alt=\"\" class=\"wp-image-25980\" srcset=\"https:\/\/www.uartes.edu.ec\/sitio\/wp-content\/uploads\/2022\/08\/07-MM-644x429.jpg 644w, https:\/\/www.uartes.edu.ec\/sitio\/wp-content\/uploads\/2022\/08\/07-MM-768x511.jpg 768w, https:\/\/www.uartes.edu.ec\/sitio\/wp-content\/uploads\/2022\/08\/07-MM.jpg 2000w, https:\/\/www.uartes.edu.ec\/sitio\/wp-content\/uploads\/2022\/08\/07-MM-600x399.jpg 600w, https:\/\/www.uartes.edu.ec\/sitio\/wp-content\/uploads\/2022\/08\/07-MM-272x182.jpg 272w\" sizes=\"(max-width: 644px) 100vw, 644px\" \/><\/figure>\n<\/div>\n\n<div class=\"wp-block-image\">\n<figure class=\"aligncenter size-large\"><img decoding=\"async\" width=\"644\" height=\"429\" src=\"http:\/\/www.uartes.edu.ec\/sitio\/wp-content\/uploads\/2022\/08\/15-MM-644x429.jpg\" alt=\"\" class=\"wp-image-25981\" srcset=\"https:\/\/www.uartes.edu.ec\/sitio\/wp-content\/uploads\/2022\/08\/15-MM-644x429.jpg 644w, https:\/\/www.uartes.edu.ec\/sitio\/wp-content\/uploads\/2022\/08\/15-MM-768x511.jpg 768w, https:\/\/www.uartes.edu.ec\/sitio\/wp-content\/uploads\/2022\/08\/15-MM.jpg 2000w, https:\/\/www.uartes.edu.ec\/sitio\/wp-content\/uploads\/2022\/08\/15-MM-600x399.jpg 600w, https:\/\/www.uartes.edu.ec\/sitio\/wp-content\/uploads\/2022\/08\/15-MM-272x182.jpg 272w\" sizes=\"(max-width: 644px) 100vw, 644px\" \/><figcaption class=\"wp-element-caption\">Arriba, p\u00fablico recorriendo la muestra. Sobre estas l\u00edneas, los estudiantes de la maestr\u00eda de Artes Visuales y Nuevos Medios que est\u00e1n presentes con sus propuestas en la IX edici\u00f3n de la mMAT.<\/figcaption><\/figure>\n<\/div>\n\n\n<p>Andrea Vaca, una de las expositoras, indica que hab\u00edan hecho algunas obras para las clases de videoarte y arte sonoro de la maestr\u00eda y que, tras recibir la invitaci\u00f3n de Fredy Vallejos, docente UArtes que propicia la minga, decidieron sumarse. Empezaron a revisar entre todos los compa\u00f1eros cu\u00e1l de los trabajos desarrollados podr\u00edan llevarse a una muestra colectiva. As\u00ed la fueron armando, dice y destaca la ayuda que como curadoras les dieron Roc\u00edo Soria y Ruth Cruz, alumni UArtes y hoy maestrantes tambi\u00e9n expositoras; ellas se encargaron de organizar las obras y orientar a los nuevos en este tipo de exposiciones.<\/p>\n\n\n\n<p>Unos compa\u00f1eros son graduados de la UArtes en carreras afines, pero hay quienes, como es su caso, de otras instituciones y carreras. \u201cHay ingenieros, dise\u00f1adores y cineastas\u201d, anota Vaca, quien estudi\u00f3 en la Escuela de Cine de la Universidad de las Artes de Cuba. &nbsp;<\/p>\n\n\n\n<p>Al videomapping <em>Lo que fue el futuro<\/em> que llev\u00f3 a la exposici\u00f3n colectiva, Vaca lo define como un reto. \u201cEstaba acostumbrada a exponer en medios m\u00e1s tradicionales. Mi propuesta habla de los olvidos y ausencias y juega con las texturas de los hilos, en este caso de uno color rojo\u201d. Su inter\u00e9s es que quienes visiten la muestra lo vean y sientan las ausencias, \u201caquellas que cargamos y no las decimos; son como peque\u00f1as ventanas, peque\u00f1os hilos de la memoria\u201d.<\/p>\n\n\n\n<p>Luis Ram\u00edrez, alumnus UArtes, participa con <em>20210926_140945, <\/em>una instalaci\u00f3n que naci\u00f3 durante un viaje por carretera que realiz\u00f3 por el pa\u00eds en 2021. \u201cHubo un tramo en que escuch\u00e9 un ruido en el auto en que viajaba y mi primera intenci\u00f3n fue encontrarlo, pero no pude hacerlo ni supe qu\u00e9 lo originaba\u201d. Entonces, decidi\u00f3 grabar el ruido \u201cy lo que hice (luego) fue limpiarlo para entender c\u00f3mo se genera a trav\u00e9s de las frecuencias\u201d.<\/p>\n\n\n<div class=\"wp-block-image\">\n<figure class=\"aligncenter size-large\"><img decoding=\"async\" width=\"644\" height=\"429\" src=\"http:\/\/www.uartes.edu.ec\/sitio\/wp-content\/uploads\/2022\/08\/08-MM-644x429.jpg\" alt=\"Instalaciones, videoarte streaming, game art, render 3D, videomapping y video instalaci\u00f3n constan entre las propuestas de diez estudiantes de la maestr\u00eda de Artes Visuales y Nuevos Medios para la mMAT, organizada por la UArtes y su Escuela de Artes Sonoras. La muestra se inaugur\u00f3 en la Galer\u00eda 4ta. Pared de la Biblioteca de las Artes.\" class=\"wp-image-25982\" srcset=\"https:\/\/www.uartes.edu.ec\/sitio\/wp-content\/uploads\/2022\/08\/08-MM-644x429.jpg 644w, https:\/\/www.uartes.edu.ec\/sitio\/wp-content\/uploads\/2022\/08\/08-MM-768x511.jpg 768w, https:\/\/www.uartes.edu.ec\/sitio\/wp-content\/uploads\/2022\/08\/08-MM.jpg 2000w, https:\/\/www.uartes.edu.ec\/sitio\/wp-content\/uploads\/2022\/08\/08-MM-600x399.jpg 600w, https:\/\/www.uartes.edu.ec\/sitio\/wp-content\/uploads\/2022\/08\/08-MM-272x182.jpg 272w\" sizes=\"(max-width: 644px) 100vw, 644px\" \/><figcaption class=\"wp-element-caption\"><em>20210926_140945, <\/em>una instalaci\u00f3n del maestrante Luis Ram\u00edrez.<\/figcaption><\/figure>\n<\/div>\n\n\n<p>Ten\u00eda muchas inquietudes y en la clase de Fredy Vallejos descompuso el ruido. Ten\u00eda sus archivos y fueron los datos que utiliz\u00f3 para comenzar a modularlo. Jugar con las frecuencias, las alturas y la espacialidad para generar otras formas del mismo ruido. \u201cEse sonido original en archivo waf que se transforma en tiempo real le dio a trav\u00e9s de una proyecci\u00f3n un cuerpo que no pod\u00eda ver; utilic\u00e9 la visualizaci\u00f3n de datos para hacerlo\u201d.<\/p>\n\n\n\n<p>Para su propuesta hizo uso de dos esferas tridimensionales que giran, cambian de color y de tama\u00f1o. Las variaciones en cada una de estas corresponden al lado izquierdo y al lado derecho del sonido (que es est\u00e9reo y compuesto por dos canales). \u201cCada movimiento, cada color que va cambiando corresponde a par\u00e1metros que (asimismo) van cambiando mientras se ejecuta el programa en tiempo real, lo cual le dar\u00e1 distintas aproximaciones al sonido siempre\u201d, explica Ram\u00edrez.<\/p>\n\n\n\n<p>Las otras muestras propuestas por el mMAT en su IX edici\u00f3n son: <em>Lumi\u00e9re\/Osciloscope,<\/em> de Gianni Candel, Joao Jim\u00e9nez, Eddy Romero y Jos\u00e9 Andr\u00e9s Medina (EC), instalada en el Proyect Room 2 del Centro de Producci\u00f3n e Innovaci\u00f3n MZ14 de la UArtes.<\/p>\n\n\n\n<p>Tambi\u00e9n en el MZ14, espacio Tragaluz, est\u00e1 <em>Patrones Relativos 9\u2013Lluvia,<\/em> de Juan Jos\u00e9 Ripalda (EC) y Fredy Vallejos (CO). Y en la Sala de Experimentaci\u00f3n Sonora (primer piso), <em>Patrones Relativos 9.2B\u2013Lluvia,<\/em> de Fredy Vallejos (CO).<\/p>\n\n\n\n<p>Las muestras se pueden ver de 09:00 a 19:00, y el s\u00e1bado, de 09:00 a 17:00.<\/p>","protected":false},"excerpt":{"rendered":"<p>Instalaciones, videoarte streaming, t\u00e9cnica game art, video, render 3D, videomapping y video instalaci\u00f3n constan entre las propuestas de diez estudiantes de la maestr\u00eda de Artes Visuales y Nuevos Medios para la IX edici\u00f3n de la Minga Multimedia de Arte y Tecnolog\u00eda (mMAT), organizada por la UArtes y su Escuela de Artes Sonoras. La exposici\u00f3n colectiva de los maestrantes UArtes se inaugur\u00f3 en la Galer\u00eda 4ta. Pared de la Biblioteca de las Artes.<\/p>","protected":false},"author":10,"featured_media":25979,"comment_status":"open","ping_status":"open","sticky":false,"template":"","format":"standard","meta":{"_acf_changed":false,"_uag_custom_page_level_css":"","_monsterinsights_skip_tracking":false,"_monsterinsights_sitenote_active":false,"_monsterinsights_sitenote_note":"","_monsterinsights_sitenote_category":0,"cybocfi_hide_featured_image":"","footnotes":""},"categories":[719,490,82,264],"tags":[752],"infouartes":[],"class_list":["post-25978","post","type-post","status-publish","format-standard","has-post-thumbnail","hentry","category-4d","category-alumni","category-artes","category-maestrias","tag-muestra-en-mmat"],"acf":[],"yoast_head":"<!-- This site is optimized with the Yoast SEO plugin v27.4 - https:\/\/yoast.com\/product\/yoast-seo-wordpress\/ -->\n<title>Universidad de las Artes - Los maestrantes de Artes Visuales y Nuevos Medios, presentes en mMAT<\/title>\n<meta name=\"description\" content=\"Universidad de las Artes - Los maestrantes de Artes Visuales y Nuevos Medios, presentes en mMAT\" \/>\n<meta name=\"robots\" content=\"index, follow, max-snippet:-1, max-image-preview:large, max-video-preview:-1\" \/>\n<link rel=\"canonical\" href=\"https:\/\/www.uartes.edu.ec\/sitio\/en\/blog\/2022\/08\/02\/los-maestrantes-de-artes-visuales-y-nuevosmedios-exponen-sus-trabajos-en-el-mmat\/\" \/>\n<meta property=\"og:locale\" content=\"en_US\" \/>\n<meta property=\"og:type\" content=\"article\" \/>\n<meta property=\"og:title\" content=\"Universidad de las Artes - Los maestrantes de Artes Visuales y Nuevos Medios, presentes en mMAT\" \/>\n<meta property=\"og:description\" content=\"Universidad de las Artes - Los maestrantes de Artes Visuales y Nuevos Medios, presentes en mMAT\" \/>\n<meta property=\"og:url\" content=\"https:\/\/www.uartes.edu.ec\/sitio\/en\/blog\/2022\/08\/02\/los-maestrantes-de-artes-visuales-y-nuevosmedios-exponen-sus-trabajos-en-el-mmat\/\" \/>\n<meta property=\"og:site_name\" content=\"Universidad de las Artes\" \/>\n<meta property=\"article:publisher\" content=\"https:\/\/www.facebook.com\/uartesec\" \/>\n<meta property=\"article:published_time\" content=\"2022-08-02T20:52:00+00:00\" \/>\n<meta property=\"article:modified_time\" content=\"2024-07-04T16:23:14+00:00\" \/>\n<meta property=\"og:image\" content=\"https:\/\/www.uartes.edu.ec\/sitio\/wp-content\/uploads\/2022\/08\/10-MM.jpg\" \/>\n\t<meta property=\"og:image:width\" content=\"2000\" \/>\n\t<meta property=\"og:image:height\" content=\"1333\" \/>\n\t<meta property=\"og:image:type\" content=\"image\/jpeg\" \/>\n<meta name=\"author\" content=\"ccortez\" \/>\n<meta name=\"twitter:card\" content=\"summary_large_image\" \/>\n<meta name=\"twitter:creator\" content=\"@uartesec\" \/>\n<meta name=\"twitter:site\" content=\"@uartesec\" \/>\n<meta name=\"twitter:label1\" content=\"Written by\" \/>\n\t<meta name=\"twitter:data1\" content=\"ccortez\" \/>\n\t<meta name=\"twitter:label2\" content=\"Est. reading time\" \/>\n\t<meta name=\"twitter:data2\" content=\"5 minutes\" \/>\n<script type=\"application\/ld+json\" class=\"yoast-schema-graph\">{\"@context\":\"https:\\\/\\\/schema.org\",\"@graph\":[{\"@type\":\"Article\",\"@id\":\"https:\\\/\\\/www.uartes.edu.ec\\\/sitio\\\/en\\\/blog\\\/2022\\\/08\\\/02\\\/los-maestrantes-de-artes-visuales-y-nuevosmedios-exponen-sus-trabajos-en-el-mmat\\\/#article\",\"isPartOf\":{\"@id\":\"https:\\\/\\\/www.uartes.edu.ec\\\/sitio\\\/en\\\/blog\\\/2022\\\/08\\\/02\\\/los-maestrantes-de-artes-visuales-y-nuevosmedios-exponen-sus-trabajos-en-el-mmat\\\/\"},\"author\":{\"name\":\"ccortez\",\"@id\":\"https:\\\/\\\/www.uartes.edu.ec\\\/sitio\\\/en\\\/#\\\/schema\\\/person\\\/efa1b8275797664fd7f13a79ccc0b1f4\"},\"headline\":\"Los maestrantes de Artes Visuales y Nuevos Medios, presentes en mMAT\",\"datePublished\":\"2022-08-02T20:52:00+00:00\",\"dateModified\":\"2024-07-04T16:23:14+00:00\",\"mainEntityOfPage\":{\"@id\":\"https:\\\/\\\/www.uartes.edu.ec\\\/sitio\\\/en\\\/blog\\\/2022\\\/08\\\/02\\\/los-maestrantes-de-artes-visuales-y-nuevosmedios-exponen-sus-trabajos-en-el-mmat\\\/\"},\"wordCount\":864,\"commentCount\":0,\"publisher\":{\"@id\":\"https:\\\/\\\/www.uartes.edu.ec\\\/sitio\\\/en\\\/#organization\"},\"image\":{\"@id\":\"https:\\\/\\\/www.uartes.edu.ec\\\/sitio\\\/en\\\/blog\\\/2022\\\/08\\\/02\\\/los-maestrantes-de-artes-visuales-y-nuevosmedios-exponen-sus-trabajos-en-el-mmat\\\/#primaryimage\"},\"thumbnailUrl\":\"https:\\\/\\\/www.uartes.edu.ec\\\/sitio\\\/wp-content\\\/uploads\\\/2022\\\/08\\\/10-MM.jpg\",\"keywords\":[\"muestra en mMAT\"],\"articleSection\":[\"4D\",\"Alumni\",\"Artes\",\"Maestr\u00edas\"],\"inLanguage\":\"en-US\",\"potentialAction\":[{\"@type\":\"CommentAction\",\"name\":\"Comment\",\"target\":[\"https:\\\/\\\/www.uartes.edu.ec\\\/sitio\\\/en\\\/blog\\\/2022\\\/08\\\/02\\\/los-maestrantes-de-artes-visuales-y-nuevosmedios-exponen-sus-trabajos-en-el-mmat\\\/#respond\"]}]},{\"@type\":[\"WebPage\",\"ItemPage\"],\"@id\":\"https:\\\/\\\/www.uartes.edu.ec\\\/sitio\\\/en\\\/blog\\\/2022\\\/08\\\/02\\\/los-maestrantes-de-artes-visuales-y-nuevosmedios-exponen-sus-trabajos-en-el-mmat\\\/\",\"url\":\"https:\\\/\\\/www.uartes.edu.ec\\\/sitio\\\/en\\\/blog\\\/2022\\\/08\\\/02\\\/los-maestrantes-de-artes-visuales-y-nuevosmedios-exponen-sus-trabajos-en-el-mmat\\\/\",\"name\":\"Universidad de las Artes - Los maestrantes de Artes Visuales y Nuevos Medios, presentes en mMAT\",\"isPartOf\":{\"@id\":\"https:\\\/\\\/www.uartes.edu.ec\\\/sitio\\\/en\\\/#website\"},\"primaryImageOfPage\":{\"@id\":\"https:\\\/\\\/www.uartes.edu.ec\\\/sitio\\\/en\\\/blog\\\/2022\\\/08\\\/02\\\/los-maestrantes-de-artes-visuales-y-nuevosmedios-exponen-sus-trabajos-en-el-mmat\\\/#primaryimage\"},\"image\":{\"@id\":\"https:\\\/\\\/www.uartes.edu.ec\\\/sitio\\\/en\\\/blog\\\/2022\\\/08\\\/02\\\/los-maestrantes-de-artes-visuales-y-nuevosmedios-exponen-sus-trabajos-en-el-mmat\\\/#primaryimage\"},\"thumbnailUrl\":\"https:\\\/\\\/www.uartes.edu.ec\\\/sitio\\\/wp-content\\\/uploads\\\/2022\\\/08\\\/10-MM.jpg\",\"datePublished\":\"2022-08-02T20:52:00+00:00\",\"dateModified\":\"2024-07-04T16:23:14+00:00\",\"description\":\"Universidad de las Artes - Los maestrantes de Artes Visuales y Nuevos Medios, presentes en mMAT\",\"breadcrumb\":{\"@id\":\"https:\\\/\\\/www.uartes.edu.ec\\\/sitio\\\/en\\\/blog\\\/2022\\\/08\\\/02\\\/los-maestrantes-de-artes-visuales-y-nuevosmedios-exponen-sus-trabajos-en-el-mmat\\\/#breadcrumb\"},\"inLanguage\":\"en-US\",\"potentialAction\":[{\"@type\":\"ReadAction\",\"target\":[\"https:\\\/\\\/www.uartes.edu.ec\\\/sitio\\\/en\\\/blog\\\/2022\\\/08\\\/02\\\/los-maestrantes-de-artes-visuales-y-nuevosmedios-exponen-sus-trabajos-en-el-mmat\\\/\"]}]},{\"@type\":\"ImageObject\",\"inLanguage\":\"en-US\",\"@id\":\"https:\\\/\\\/www.uartes.edu.ec\\\/sitio\\\/en\\\/blog\\\/2022\\\/08\\\/02\\\/los-maestrantes-de-artes-visuales-y-nuevosmedios-exponen-sus-trabajos-en-el-mmat\\\/#primaryimage\",\"url\":\"https:\\\/\\\/www.uartes.edu.ec\\\/sitio\\\/wp-content\\\/uploads\\\/2022\\\/08\\\/10-MM.jpg\",\"contentUrl\":\"https:\\\/\\\/www.uartes.edu.ec\\\/sitio\\\/wp-content\\\/uploads\\\/2022\\\/08\\\/10-MM.jpg\",\"width\":2000,\"height\":1333},{\"@type\":\"BreadcrumbList\",\"@id\":\"https:\\\/\\\/www.uartes.edu.ec\\\/sitio\\\/en\\\/blog\\\/2022\\\/08\\\/02\\\/los-maestrantes-de-artes-visuales-y-nuevosmedios-exponen-sus-trabajos-en-el-mmat\\\/#breadcrumb\",\"itemListElement\":[{\"@type\":\"ListItem\",\"position\":1,\"name\":\"Inicio\",\"item\":\"https:\\\/\\\/www.uartes.edu.ec\\\/sitio\\\/\"},{\"@type\":\"ListItem\",\"position\":2,\"name\":\"Los maestrantes de Artes Visuales y Nuevos Medios, presentes en mMAT\"}]},{\"@type\":\"WebSite\",\"@id\":\"https:\\\/\\\/www.uartes.edu.ec\\\/sitio\\\/en\\\/#website\",\"url\":\"https:\\\/\\\/www.uartes.edu.ec\\\/sitio\\\/en\\\/\",\"name\":\"Universidad de las Artes\",\"description\":\"Sitio oficial de la Universidad Nacional de las Artes del Ecuador\",\"publisher\":{\"@id\":\"https:\\\/\\\/www.uartes.edu.ec\\\/sitio\\\/en\\\/#organization\"},\"potentialAction\":[{\"@type\":\"SearchAction\",\"target\":{\"@type\":\"EntryPoint\",\"urlTemplate\":\"https:\\\/\\\/www.uartes.edu.ec\\\/sitio\\\/en\\\/?s={search_term_string}\"},\"query-input\":{\"@type\":\"PropertyValueSpecification\",\"valueRequired\":true,\"valueName\":\"search_term_string\"}}],\"inLanguage\":\"en-US\"},{\"@type\":\"Organization\",\"@id\":\"https:\\\/\\\/www.uartes.edu.ec\\\/sitio\\\/en\\\/#organization\",\"name\":\"Universidad de las Artes\",\"url\":\"https:\\\/\\\/www.uartes.edu.ec\\\/sitio\\\/en\\\/\",\"logo\":{\"@type\":\"ImageObject\",\"inLanguage\":\"en-US\",\"@id\":\"https:\\\/\\\/www.uartes.edu.ec\\\/sitio\\\/en\\\/#\\\/schema\\\/logo\\\/image\\\/\",\"url\":\"https:\\\/\\\/www.uartes.edu.ec\\\/sitio\\\/wp-content\\\/uploads\\\/2022\\\/07\\\/logo-ua-horizontal.png\",\"contentUrl\":\"https:\\\/\\\/www.uartes.edu.ec\\\/sitio\\\/wp-content\\\/uploads\\\/2022\\\/07\\\/logo-ua-horizontal.png\",\"width\":800,\"height\":276,\"caption\":\"Universidad de las Artes\"},\"image\":{\"@id\":\"https:\\\/\\\/www.uartes.edu.ec\\\/sitio\\\/en\\\/#\\\/schema\\\/logo\\\/image\\\/\"},\"sameAs\":[\"https:\\\/\\\/www.facebook.com\\\/uartesec\",\"https:\\\/\\\/x.com\\\/uartesec\",\"https:\\\/\\\/www.tiktok.com\\\/@uartesec\"]},{\"@type\":\"Person\",\"@id\":\"https:\\\/\\\/www.uartes.edu.ec\\\/sitio\\\/en\\\/#\\\/schema\\\/person\\\/efa1b8275797664fd7f13a79ccc0b1f4\",\"name\":\"ccortez\",\"image\":{\"@type\":\"ImageObject\",\"inLanguage\":\"en-US\",\"@id\":\"https:\\\/\\\/secure.gravatar.com\\\/avatar\\\/b2a6f664a3ae8e074346ef91775736c5ec479e637ecced6842de9dc98b5da9cd?s=96&d=mm&r=g\",\"url\":\"https:\\\/\\\/secure.gravatar.com\\\/avatar\\\/b2a6f664a3ae8e074346ef91775736c5ec479e637ecced6842de9dc98b5da9cd?s=96&d=mm&r=g\",\"contentUrl\":\"https:\\\/\\\/secure.gravatar.com\\\/avatar\\\/b2a6f664a3ae8e074346ef91775736c5ec479e637ecced6842de9dc98b5da9cd?s=96&d=mm&r=g\",\"caption\":\"ccortez\"},\"url\":\"https:\\\/\\\/www.uartes.edu.ec\\\/sitio\\\/en\\\/blog\\\/author\\\/ccortez\\\/\"}]}<\/script>\n<!-- \/ Yoast SEO plugin. -->","yoast_head_json":{"title":"Universidad de las Artes - Los maestrantes de Artes Visuales y Nuevos Medios, presentes en mMAT","description":"Universidad de las Artes - Los maestrantes de Artes Visuales y Nuevos Medios, presentes en mMAT","robots":{"index":"index","follow":"follow","max-snippet":"max-snippet:-1","max-image-preview":"max-image-preview:large","max-video-preview":"max-video-preview:-1"},"canonical":"https:\/\/www.uartes.edu.ec\/sitio\/en\/blog\/2022\/08\/02\/los-maestrantes-de-artes-visuales-y-nuevosmedios-exponen-sus-trabajos-en-el-mmat\/","og_locale":"en_US","og_type":"article","og_title":"Universidad de las Artes - Los maestrantes de Artes Visuales y Nuevos Medios, presentes en mMAT","og_description":"Universidad de las Artes - Los maestrantes de Artes Visuales y Nuevos Medios, presentes en mMAT","og_url":"https:\/\/www.uartes.edu.ec\/sitio\/en\/blog\/2022\/08\/02\/los-maestrantes-de-artes-visuales-y-nuevosmedios-exponen-sus-trabajos-en-el-mmat\/","og_site_name":"Universidad de las Artes","article_publisher":"https:\/\/www.facebook.com\/uartesec","article_published_time":"2022-08-02T20:52:00+00:00","article_modified_time":"2024-07-04T16:23:14+00:00","og_image":[{"width":2000,"height":1333,"url":"https:\/\/www.uartes.edu.ec\/sitio\/wp-content\/uploads\/2022\/08\/10-MM.jpg","type":"image\/jpeg"}],"author":"ccortez","twitter_card":"summary_large_image","twitter_creator":"@uartesec","twitter_site":"@uartesec","twitter_misc":{"Written by":"ccortez","Est. reading time":"5 minutes"},"schema":{"@context":"https:\/\/schema.org","@graph":[{"@type":"Article","@id":"https:\/\/www.uartes.edu.ec\/sitio\/en\/blog\/2022\/08\/02\/los-maestrantes-de-artes-visuales-y-nuevosmedios-exponen-sus-trabajos-en-el-mmat\/#article","isPartOf":{"@id":"https:\/\/www.uartes.edu.ec\/sitio\/en\/blog\/2022\/08\/02\/los-maestrantes-de-artes-visuales-y-nuevosmedios-exponen-sus-trabajos-en-el-mmat\/"},"author":{"name":"ccortez","@id":"https:\/\/www.uartes.edu.ec\/sitio\/en\/#\/schema\/person\/efa1b8275797664fd7f13a79ccc0b1f4"},"headline":"Los maestrantes de Artes Visuales y Nuevos Medios, presentes en mMAT","datePublished":"2022-08-02T20:52:00+00:00","dateModified":"2024-07-04T16:23:14+00:00","mainEntityOfPage":{"@id":"https:\/\/www.uartes.edu.ec\/sitio\/en\/blog\/2022\/08\/02\/los-maestrantes-de-artes-visuales-y-nuevosmedios-exponen-sus-trabajos-en-el-mmat\/"},"wordCount":864,"commentCount":0,"publisher":{"@id":"https:\/\/www.uartes.edu.ec\/sitio\/en\/#organization"},"image":{"@id":"https:\/\/www.uartes.edu.ec\/sitio\/en\/blog\/2022\/08\/02\/los-maestrantes-de-artes-visuales-y-nuevosmedios-exponen-sus-trabajos-en-el-mmat\/#primaryimage"},"thumbnailUrl":"https:\/\/www.uartes.edu.ec\/sitio\/wp-content\/uploads\/2022\/08\/10-MM.jpg","keywords":["muestra en mMAT"],"articleSection":["4D","Alumni","Artes","Maestr\u00edas"],"inLanguage":"en-US","potentialAction":[{"@type":"CommentAction","name":"Comment","target":["https:\/\/www.uartes.edu.ec\/sitio\/en\/blog\/2022\/08\/02\/los-maestrantes-de-artes-visuales-y-nuevosmedios-exponen-sus-trabajos-en-el-mmat\/#respond"]}]},{"@type":["WebPage","ItemPage"],"@id":"https:\/\/www.uartes.edu.ec\/sitio\/en\/blog\/2022\/08\/02\/los-maestrantes-de-artes-visuales-y-nuevosmedios-exponen-sus-trabajos-en-el-mmat\/","url":"https:\/\/www.uartes.edu.ec\/sitio\/en\/blog\/2022\/08\/02\/los-maestrantes-de-artes-visuales-y-nuevosmedios-exponen-sus-trabajos-en-el-mmat\/","name":"Universidad de las Artes - Los maestrantes de Artes Visuales y Nuevos Medios, presentes en mMAT","isPartOf":{"@id":"https:\/\/www.uartes.edu.ec\/sitio\/en\/#website"},"primaryImageOfPage":{"@id":"https:\/\/www.uartes.edu.ec\/sitio\/en\/blog\/2022\/08\/02\/los-maestrantes-de-artes-visuales-y-nuevosmedios-exponen-sus-trabajos-en-el-mmat\/#primaryimage"},"image":{"@id":"https:\/\/www.uartes.edu.ec\/sitio\/en\/blog\/2022\/08\/02\/los-maestrantes-de-artes-visuales-y-nuevosmedios-exponen-sus-trabajos-en-el-mmat\/#primaryimage"},"thumbnailUrl":"https:\/\/www.uartes.edu.ec\/sitio\/wp-content\/uploads\/2022\/08\/10-MM.jpg","datePublished":"2022-08-02T20:52:00+00:00","dateModified":"2024-07-04T16:23:14+00:00","description":"Universidad de las Artes - Los maestrantes de Artes Visuales y Nuevos Medios, presentes en mMAT","breadcrumb":{"@id":"https:\/\/www.uartes.edu.ec\/sitio\/en\/blog\/2022\/08\/02\/los-maestrantes-de-artes-visuales-y-nuevosmedios-exponen-sus-trabajos-en-el-mmat\/#breadcrumb"},"inLanguage":"en-US","potentialAction":[{"@type":"ReadAction","target":["https:\/\/www.uartes.edu.ec\/sitio\/en\/blog\/2022\/08\/02\/los-maestrantes-de-artes-visuales-y-nuevosmedios-exponen-sus-trabajos-en-el-mmat\/"]}]},{"@type":"ImageObject","inLanguage":"en-US","@id":"https:\/\/www.uartes.edu.ec\/sitio\/en\/blog\/2022\/08\/02\/los-maestrantes-de-artes-visuales-y-nuevosmedios-exponen-sus-trabajos-en-el-mmat\/#primaryimage","url":"https:\/\/www.uartes.edu.ec\/sitio\/wp-content\/uploads\/2022\/08\/10-MM.jpg","contentUrl":"https:\/\/www.uartes.edu.ec\/sitio\/wp-content\/uploads\/2022\/08\/10-MM.jpg","width":2000,"height":1333},{"@type":"BreadcrumbList","@id":"https:\/\/www.uartes.edu.ec\/sitio\/en\/blog\/2022\/08\/02\/los-maestrantes-de-artes-visuales-y-nuevosmedios-exponen-sus-trabajos-en-el-mmat\/#breadcrumb","itemListElement":[{"@type":"ListItem","position":1,"name":"Inicio","item":"https:\/\/www.uartes.edu.ec\/sitio\/"},{"@type":"ListItem","position":2,"name":"Los maestrantes de Artes Visuales y Nuevos Medios, presentes en mMAT"}]},{"@type":"WebSite","@id":"https:\/\/www.uartes.edu.ec\/sitio\/en\/#website","url":"https:\/\/www.uartes.edu.ec\/sitio\/en\/","name":"Universidad de las Artes","description":"Sitio oficial de la Universidad Nacional de las Artes del Ecuador","publisher":{"@id":"https:\/\/www.uartes.edu.ec\/sitio\/en\/#organization"},"potentialAction":[{"@type":"SearchAction","target":{"@type":"EntryPoint","urlTemplate":"https:\/\/www.uartes.edu.ec\/sitio\/en\/?s={search_term_string}"},"query-input":{"@type":"PropertyValueSpecification","valueRequired":true,"valueName":"search_term_string"}}],"inLanguage":"en-US"},{"@type":"Organization","@id":"https:\/\/www.uartes.edu.ec\/sitio\/en\/#organization","name":"Universidad de las Artes","url":"https:\/\/www.uartes.edu.ec\/sitio\/en\/","logo":{"@type":"ImageObject","inLanguage":"en-US","@id":"https:\/\/www.uartes.edu.ec\/sitio\/en\/#\/schema\/logo\/image\/","url":"https:\/\/www.uartes.edu.ec\/sitio\/wp-content\/uploads\/2022\/07\/logo-ua-horizontal.png","contentUrl":"https:\/\/www.uartes.edu.ec\/sitio\/wp-content\/uploads\/2022\/07\/logo-ua-horizontal.png","width":800,"height":276,"caption":"Universidad de las Artes"},"image":{"@id":"https:\/\/www.uartes.edu.ec\/sitio\/en\/#\/schema\/logo\/image\/"},"sameAs":["https:\/\/www.facebook.com\/uartesec","https:\/\/x.com\/uartesec","https:\/\/www.tiktok.com\/@uartesec"]},{"@type":"Person","@id":"https:\/\/www.uartes.edu.ec\/sitio\/en\/#\/schema\/person\/efa1b8275797664fd7f13a79ccc0b1f4","name":"ccortez","image":{"@type":"ImageObject","inLanguage":"en-US","@id":"https:\/\/secure.gravatar.com\/avatar\/b2a6f664a3ae8e074346ef91775736c5ec479e637ecced6842de9dc98b5da9cd?s=96&d=mm&r=g","url":"https:\/\/secure.gravatar.com\/avatar\/b2a6f664a3ae8e074346ef91775736c5ec479e637ecced6842de9dc98b5da9cd?s=96&d=mm&r=g","contentUrl":"https:\/\/secure.gravatar.com\/avatar\/b2a6f664a3ae8e074346ef91775736c5ec479e637ecced6842de9dc98b5da9cd?s=96&d=mm&r=g","caption":"ccortez"},"url":"https:\/\/www.uartes.edu.ec\/sitio\/en\/blog\/author\/ccortez\/"}]}},"uagb_featured_image_src":{"full":["https:\/\/www.uartes.edu.ec\/sitio\/wp-content\/uploads\/2022\/08\/10-MM.jpg",2000,1333,false],"thumbnail":["https:\/\/www.uartes.edu.ec\/sitio\/wp-content\/uploads\/2022\/08\/10-MM-150x150.jpg",150,150,true],"medium":["https:\/\/www.uartes.edu.ec\/sitio\/wp-content\/uploads\/2022\/08\/10-MM-300x200.jpg",300,200,true],"medium_large":["https:\/\/www.uartes.edu.ec\/sitio\/wp-content\/uploads\/2022\/08\/10-MM-768x512.jpg",768,512,true],"large":["https:\/\/www.uartes.edu.ec\/sitio\/wp-content\/uploads\/2022\/08\/10-MM-644x429.jpg",644,429,true],"1536x1536":["https:\/\/www.uartes.edu.ec\/sitio\/wp-content\/uploads\/2022\/08\/10-MM-1536x1024.jpg",1536,1024,true],"2048x2048":["https:\/\/www.uartes.edu.ec\/sitio\/wp-content\/uploads\/2022\/08\/10-MM.jpg",2000,1333,false],"trp-custom-language-flag":["https:\/\/www.uartes.edu.ec\/sitio\/wp-content\/uploads\/2022\/08\/10-MM.jpg",18,12,false],"htmega_size_585x295":["https:\/\/www.uartes.edu.ec\/sitio\/wp-content\/uploads\/2022\/08\/10-MM.jpg",443,295,false],"htmega_size_1170x536":["https:\/\/www.uartes.edu.ec\/sitio\/wp-content\/uploads\/2022\/08\/10-MM.jpg",804,536,false],"htmega_size_396x360":["https:\/\/www.uartes.edu.ec\/sitio\/wp-content\/uploads\/2022\/08\/10-MM.jpg",396,264,false],"gb-block-post-grid-landscape":["https:\/\/www.uartes.edu.ec\/sitio\/wp-content\/uploads\/2022\/08\/10-MM-600x400.jpg",600,400,true],"gb-block-post-grid-square":["https:\/\/www.uartes.edu.ec\/sitio\/wp-content\/uploads\/2022\/08\/10-MM-600x600.jpg",600,600,true],"university-hub-thumb":["https:\/\/www.uartes.edu.ec\/sitio\/wp-content\/uploads\/2022\/08\/10-MM-400x267.jpg",400,267,true],"mailpoet_newsletter_max":["https:\/\/www.uartes.edu.ec\/sitio\/wp-content\/uploads\/2022\/08\/10-MM.jpg",1320,880,false]},"uagb_author_info":{"display_name":"ccortez","author_link":"https:\/\/www.uartes.edu.ec\/sitio\/en\/blog\/author\/ccortez\/"},"uagb_comment_info":0,"uagb_excerpt":"Instalaciones, videoarte streaming, t\u00e9cnica game art, video, render 3D, videomapping y video instalaci\u00f3n constan entre las propuestas de diez estudiantes de la maestr\u00eda de Artes Visuales y Nuevos Medios para la IX edici\u00f3n de la Minga Multimedia de Arte y Tecnolog\u00eda (mMAT), organizada por la UArtes y su Escuela de Artes Sonoras. La exposici\u00f3n colectiva&hellip;","featured_image_src":"https:\/\/www.uartes.edu.ec\/sitio\/wp-content\/uploads\/2022\/08\/10-MM-600x400.jpg","featured_image_src_square":"https:\/\/www.uartes.edu.ec\/sitio\/wp-content\/uploads\/2022\/08\/10-MM-600x600.jpg","author_info":{"display_name":"ccortez","author_link":"https:\/\/www.uartes.edu.ec\/sitio\/en\/blog\/author\/ccortez\/"},"publishpress_future_workflow_manual_trigger":{"enabledWorkflows":[]},"distributor_meta":false,"distributor_terms":false,"distributor_media":false,"distributor_original_site_name":"Universidad de las Artes","distributor_original_site_url":"https:\/\/www.uartes.edu.ec\/sitio\/en","push-errors":false,"_links":{"self":[{"href":"https:\/\/www.uartes.edu.ec\/sitio\/en\/wp-json\/wp\/v2\/posts\/25978","targetHints":{"allow":["GET"]}}],"collection":[{"href":"https:\/\/www.uartes.edu.ec\/sitio\/en\/wp-json\/wp\/v2\/posts"}],"about":[{"href":"https:\/\/www.uartes.edu.ec\/sitio\/en\/wp-json\/wp\/v2\/types\/post"}],"author":[{"embeddable":true,"href":"https:\/\/www.uartes.edu.ec\/sitio\/en\/wp-json\/wp\/v2\/users\/10"}],"replies":[{"embeddable":true,"href":"https:\/\/www.uartes.edu.ec\/sitio\/en\/wp-json\/wp\/v2\/comments?post=25978"}],"version-history":[{"count":6,"href":"https:\/\/www.uartes.edu.ec\/sitio\/en\/wp-json\/wp\/v2\/posts\/25978\/revisions"}],"predecessor-version":[{"id":26037,"href":"https:\/\/www.uartes.edu.ec\/sitio\/en\/wp-json\/wp\/v2\/posts\/25978\/revisions\/26037"}],"wp:featuredmedia":[{"embeddable":true,"href":"https:\/\/www.uartes.edu.ec\/sitio\/en\/wp-json\/wp\/v2\/media\/25979"}],"wp:attachment":[{"href":"https:\/\/www.uartes.edu.ec\/sitio\/en\/wp-json\/wp\/v2\/media?parent=25978"}],"wp:term":[{"taxonomy":"category","embeddable":true,"href":"https:\/\/www.uartes.edu.ec\/sitio\/en\/wp-json\/wp\/v2\/categories?post=25978"},{"taxonomy":"post_tag","embeddable":true,"href":"https:\/\/www.uartes.edu.ec\/sitio\/en\/wp-json\/wp\/v2\/tags?post=25978"},{"taxonomy":"infouartes","embeddable":true,"href":"https:\/\/www.uartes.edu.ec\/sitio\/en\/wp-json\/wp\/v2\/infouartes?post=25978"}],"curies":[{"name":"wp","href":"https:\/\/api.w.org\/{rel}","templated":true}]}}