{"id":2643,"date":"2018-10-23T14:32:06","date_gmt":"2018-10-23T19:32:06","guid":{"rendered":"http:\/\/www.uartes.edu.ec\/sitio\/?p=2643"},"modified":"2024-07-04T11:53:44","modified_gmt":"2024-07-04T16:53:44","slug":"conservatorio-superior-de-paris-colabora-por-segundo-ano-con-escuela-de-artes-sonoras","status":"publish","type":"post","link":"https:\/\/www.uartes.edu.ec\/sitio\/en\/blog\/2018\/10\/23\/conservatorio-superior-de-paris-colabora-por-segundo-ano-con-escuela-de-artes-sonoras\/","title":{"rendered":"Conservatorio Superior de Par\u00eds colabora por segundo a\u00f1o con Escuela de Artes Sonoras"},"content":{"rendered":"<p>El\nConservatorio Nacional Superior de M\u00fasica y Danza de Par\u00eds (CNSMDP)&nbsp;en\nconjunto con la Escuela de Artes Sonoras de la Universidad de las Artes, desde el\n22 de octubre hasta el 09 de noviembre, realizar\u00e1n un trabajo colaborativo en\nel que participan el maestro flautista Jean Luc Tourret y los m\u00fasicos\nprofesionales Bastien de Beaufond, Clara Bourdeix y Vincent Radix.<\/p>\n\n\n\n<p>Este importante convenio,\n\u00fanico en Latinoam\u00e9rica, lleva 2 a\u00f1os consecutivos de s\u00f3lido apoyo con la\npresentaci\u00f3n de conferencias, clases magistrales y talleres en la UArtes.<\/p>\n\n\n\n<p>Anteriormente el CNSMDP desarroll\u00f3 un trabajo de cooperaci\u00f3n con la\nEscuela de Artes Sonoras y el Conservatorio de M\u00fasica de Quito. <\/p>\n\n\n\n<p>En homenaje por los 100 a\u00f1os\nde la muerte del artista Claude Debussy, se incluyen realizar conciertos con\nm\u00fasica original del compositor e incluir versiones escritas por estudiantes de\nla Universidad de las Artes. <\/p>","protected":false},"excerpt":{"rendered":"<p>El Conservatorio Nacional Superior de M\u00fasica y Danza de Par\u00eds (CNSMDP)&nbsp;en conjunto con la Escuela de Artes Sonoras de la Universidad de las Artes, desde el 22 de octubre hasta el 09 de noviembre, realizar\u00e1n un trabajo colaborativo en el que participan el maestro flautista Jean Luc Tourret y los m\u00fasicos profesionales Bastien de Beaufond, [&hellip;]<\/p>\n","protected":false},"author":1,"featured_media":2644,"comment_status":"closed","ping_status":"closed","sticky":false,"template":"","format":"standard","meta":{"_acf_changed":false,"_uag_custom_page_level_css":"","_monsterinsights_skip_tracking":false,"_monsterinsights_sitenote_active":false,"_monsterinsights_sitenote_note":"","_monsterinsights_sitenote_category":0,"cybocfi_hide_featured_image":"","footnotes":""},"categories":[76,77],"tags":[],"infouartes":[],"class_list":["post-2643","post","type-post","status-publish","format-standard","has-post-thumbnail","hentry","category-estudiantes","category-gestion"],"acf":[],"yoast_head":"<!-- This site is optimized with the Yoast SEO plugin v27.4 - https:\/\/yoast.com\/product\/yoast-seo-wordpress\/ -->\n<title>Universidad de las Artes - Conservatorio Superior de Par\u00eds colabora por segundo a\u00f1o con Escuela de Artes Sonoras<\/title>\n<meta name=\"description\" content=\"Universidad de las Artes - Conservatorio Superior de Par\u00eds colabora por segundo a\u00f1o con Escuela de Artes Sonoras\" \/>\n<meta name=\"robots\" content=\"index, follow, max-snippet:-1, max-image-preview:large, max-video-preview:-1\" \/>\n<link rel=\"canonical\" href=\"https:\/\/www.uartes.edu.ec\/sitio\/en\/blog\/2018\/10\/23\/conservatorio-superior-de-paris-colabora-por-segundo-ano-con-escuela-de-artes-sonoras\/\" \/>\n<meta property=\"og:locale\" content=\"en_US\" \/>\n<meta property=\"og:type\" content=\"article\" \/>\n<meta property=\"og:title\" content=\"Universidad de las Artes - Conservatorio Superior de Par\u00eds colabora por segundo a\u00f1o con Escuela de Artes Sonoras\" \/>\n<meta property=\"og:description\" content=\"Universidad de las Artes - Conservatorio Superior de Par\u00eds colabora por segundo a\u00f1o con Escuela de Artes Sonoras\" \/>\n<meta property=\"og:url\" content=\"https:\/\/www.uartes.edu.ec\/sitio\/en\/blog\/2018\/10\/23\/conservatorio-superior-de-paris-colabora-por-segundo-ano-con-escuela-de-artes-sonoras\/\" \/>\n<meta property=\"og:site_name\" content=\"Universidad de las Artes\" \/>\n<meta property=\"article:publisher\" content=\"https:\/\/www.facebook.com\/uartesec\" \/>\n<meta property=\"article:published_time\" content=\"2018-10-23T19:32:06+00:00\" \/>\n<meta property=\"article:modified_time\" content=\"2024-07-04T16:53:44+00:00\" \/>\n<meta property=\"og:image\" content=\"https:\/\/www.uartes.edu.ec\/sitio\/wp-content\/uploads\/2018\/10\/Conservatorio-Superior-de-Paris-colabora-por-segundo-ano-con-Escuela-de-Artes-Sonoras.jpg\" \/>\n\t<meta property=\"og:image:width\" content=\"1132\" \/>\n\t<meta property=\"og:image:height\" content=\"510\" \/>\n\t<meta property=\"og:image:type\" content=\"image\/jpeg\" \/>\n<meta name=\"author\" content=\"Universidad de las Artes\" \/>\n<meta name=\"twitter:card\" content=\"summary_large_image\" \/>\n<meta name=\"twitter:creator\" content=\"@uartesec\" \/>\n<meta name=\"twitter:site\" content=\"@uartesec\" \/>\n<meta name=\"twitter:label1\" content=\"Written by\" \/>\n\t<meta name=\"twitter:data1\" content=\"Universidad de las Artes\" \/>\n\t<meta name=\"twitter:label2\" content=\"Est. reading time\" \/>\n\t<meta name=\"twitter:data2\" content=\"1 minute\" \/>\n<script type=\"application\/ld+json\" class=\"yoast-schema-graph\">{\"@context\":\"https:\\\/\\\/schema.org\",\"@graph\":[{\"@type\":\"Article\",\"@id\":\"https:\\\/\\\/www.uartes.edu.ec\\\/sitio\\\/en\\\/blog\\\/2018\\\/10\\\/23\\\/conservatorio-superior-de-paris-colabora-por-segundo-ano-con-escuela-de-artes-sonoras\\\/#article\",\"isPartOf\":{\"@id\":\"https:\\\/\\\/www.uartes.edu.ec\\\/sitio\\\/en\\\/blog\\\/2018\\\/10\\\/23\\\/conservatorio-superior-de-paris-colabora-por-segundo-ano-con-escuela-de-artes-sonoras\\\/\"},\"author\":{\"name\":\"Universidad de las Artes\",\"@id\":\"https:\\\/\\\/www.uartes.edu.ec\\\/sitio\\\/en\\\/#\\\/schema\\\/person\\\/f33f8c1d2af0d5c80a38c8abf458184a\"},\"headline\":\"Conservatorio Superior de Par\u00eds colabora por segundo a\u00f1o con Escuela de Artes Sonoras\",\"datePublished\":\"2018-10-23T19:32:06+00:00\",\"dateModified\":\"2024-07-04T16:53:44+00:00\",\"mainEntityOfPage\":{\"@id\":\"https:\\\/\\\/www.uartes.edu.ec\\\/sitio\\\/en\\\/blog\\\/2018\\\/10\\\/23\\\/conservatorio-superior-de-paris-colabora-por-segundo-ano-con-escuela-de-artes-sonoras\\\/\"},\"wordCount\":165,\"publisher\":{\"@id\":\"https:\\\/\\\/www.uartes.edu.ec\\\/sitio\\\/en\\\/#organization\"},\"image\":{\"@id\":\"https:\\\/\\\/www.uartes.edu.ec\\\/sitio\\\/en\\\/blog\\\/2018\\\/10\\\/23\\\/conservatorio-superior-de-paris-colabora-por-segundo-ano-con-escuela-de-artes-sonoras\\\/#primaryimage\"},\"thumbnailUrl\":\"https:\\\/\\\/www.uartes.edu.ec\\\/sitio\\\/wp-content\\\/uploads\\\/2018\\\/10\\\/Conservatorio-Superior-de-Paris-colabora-por-segundo-ano-con-Escuela-de-Artes-Sonoras.jpg\",\"articleSection\":[\"Estudiantes\",\"Gesti\u00f3n\"],\"inLanguage\":\"en-US\"},{\"@type\":[\"WebPage\",\"ItemPage\"],\"@id\":\"https:\\\/\\\/www.uartes.edu.ec\\\/sitio\\\/en\\\/blog\\\/2018\\\/10\\\/23\\\/conservatorio-superior-de-paris-colabora-por-segundo-ano-con-escuela-de-artes-sonoras\\\/\",\"url\":\"https:\\\/\\\/www.uartes.edu.ec\\\/sitio\\\/en\\\/blog\\\/2018\\\/10\\\/23\\\/conservatorio-superior-de-paris-colabora-por-segundo-ano-con-escuela-de-artes-sonoras\\\/\",\"name\":\"Universidad de las Artes - Conservatorio Superior de Par\u00eds colabora por segundo a\u00f1o con Escuela de Artes Sonoras\",\"isPartOf\":{\"@id\":\"https:\\\/\\\/www.uartes.edu.ec\\\/sitio\\\/en\\\/#website\"},\"primaryImageOfPage\":{\"@id\":\"https:\\\/\\\/www.uartes.edu.ec\\\/sitio\\\/en\\\/blog\\\/2018\\\/10\\\/23\\\/conservatorio-superior-de-paris-colabora-por-segundo-ano-con-escuela-de-artes-sonoras\\\/#primaryimage\"},\"image\":{\"@id\":\"https:\\\/\\\/www.uartes.edu.ec\\\/sitio\\\/en\\\/blog\\\/2018\\\/10\\\/23\\\/conservatorio-superior-de-paris-colabora-por-segundo-ano-con-escuela-de-artes-sonoras\\\/#primaryimage\"},\"thumbnailUrl\":\"https:\\\/\\\/www.uartes.edu.ec\\\/sitio\\\/wp-content\\\/uploads\\\/2018\\\/10\\\/Conservatorio-Superior-de-Paris-colabora-por-segundo-ano-con-Escuela-de-Artes-Sonoras.jpg\",\"datePublished\":\"2018-10-23T19:32:06+00:00\",\"dateModified\":\"2024-07-04T16:53:44+00:00\",\"description\":\"Universidad de las Artes - Conservatorio Superior de Par\u00eds colabora por segundo a\u00f1o con Escuela de Artes Sonoras\",\"breadcrumb\":{\"@id\":\"https:\\\/\\\/www.uartes.edu.ec\\\/sitio\\\/en\\\/blog\\\/2018\\\/10\\\/23\\\/conservatorio-superior-de-paris-colabora-por-segundo-ano-con-escuela-de-artes-sonoras\\\/#breadcrumb\"},\"inLanguage\":\"en-US\",\"potentialAction\":[{\"@type\":\"ReadAction\",\"target\":[\"https:\\\/\\\/www.uartes.edu.ec\\\/sitio\\\/en\\\/blog\\\/2018\\\/10\\\/23\\\/conservatorio-superior-de-paris-colabora-por-segundo-ano-con-escuela-de-artes-sonoras\\\/\"]}]},{\"@type\":\"ImageObject\",\"inLanguage\":\"en-US\",\"@id\":\"https:\\\/\\\/www.uartes.edu.ec\\\/sitio\\\/en\\\/blog\\\/2018\\\/10\\\/23\\\/conservatorio-superior-de-paris-colabora-por-segundo-ano-con-escuela-de-artes-sonoras\\\/#primaryimage\",\"url\":\"https:\\\/\\\/www.uartes.edu.ec\\\/sitio\\\/wp-content\\\/uploads\\\/2018\\\/10\\\/Conservatorio-Superior-de-Paris-colabora-por-segundo-ano-con-Escuela-de-Artes-Sonoras.jpg\",\"contentUrl\":\"https:\\\/\\\/www.uartes.edu.ec\\\/sitio\\\/wp-content\\\/uploads\\\/2018\\\/10\\\/Conservatorio-Superior-de-Paris-colabora-por-segundo-ano-con-Escuela-de-Artes-Sonoras.jpg\",\"width\":1132,\"height\":510},{\"@type\":\"BreadcrumbList\",\"@id\":\"https:\\\/\\\/www.uartes.edu.ec\\\/sitio\\\/en\\\/blog\\\/2018\\\/10\\\/23\\\/conservatorio-superior-de-paris-colabora-por-segundo-ano-con-escuela-de-artes-sonoras\\\/#breadcrumb\",\"itemListElement\":[{\"@type\":\"ListItem\",\"position\":1,\"name\":\"Inicio\",\"item\":\"https:\\\/\\\/www.uartes.edu.ec\\\/sitio\\\/\"},{\"@type\":\"ListItem\",\"position\":2,\"name\":\"Conservatorio Superior de Par\u00eds colabora por segundo a\u00f1o con Escuela de Artes Sonoras\"}]},{\"@type\":\"WebSite\",\"@id\":\"https:\\\/\\\/www.uartes.edu.ec\\\/sitio\\\/en\\\/#website\",\"url\":\"https:\\\/\\\/www.uartes.edu.ec\\\/sitio\\\/en\\\/\",\"name\":\"Universidad de las Artes\",\"description\":\"Sitio oficial de la Universidad Nacional de las Artes del Ecuador\",\"publisher\":{\"@id\":\"https:\\\/\\\/www.uartes.edu.ec\\\/sitio\\\/en\\\/#organization\"},\"potentialAction\":[{\"@type\":\"SearchAction\",\"target\":{\"@type\":\"EntryPoint\",\"urlTemplate\":\"https:\\\/\\\/www.uartes.edu.ec\\\/sitio\\\/en\\\/?s={search_term_string}\"},\"query-input\":{\"@type\":\"PropertyValueSpecification\",\"valueRequired\":true,\"valueName\":\"search_term_string\"}}],\"inLanguage\":\"en-US\"},{\"@type\":\"Organization\",\"@id\":\"https:\\\/\\\/www.uartes.edu.ec\\\/sitio\\\/en\\\/#organization\",\"name\":\"Universidad de las Artes\",\"url\":\"https:\\\/\\\/www.uartes.edu.ec\\\/sitio\\\/en\\\/\",\"logo\":{\"@type\":\"ImageObject\",\"inLanguage\":\"en-US\",\"@id\":\"https:\\\/\\\/www.uartes.edu.ec\\\/sitio\\\/en\\\/#\\\/schema\\\/logo\\\/image\\\/\",\"url\":\"https:\\\/\\\/www.uartes.edu.ec\\\/sitio\\\/wp-content\\\/uploads\\\/2022\\\/07\\\/logo-ua-horizontal.png\",\"contentUrl\":\"https:\\\/\\\/www.uartes.edu.ec\\\/sitio\\\/wp-content\\\/uploads\\\/2022\\\/07\\\/logo-ua-horizontal.png\",\"width\":800,\"height\":276,\"caption\":\"Universidad de las Artes\"},\"image\":{\"@id\":\"https:\\\/\\\/www.uartes.edu.ec\\\/sitio\\\/en\\\/#\\\/schema\\\/logo\\\/image\\\/\"},\"sameAs\":[\"https:\\\/\\\/www.facebook.com\\\/uartesec\",\"https:\\\/\\\/x.com\\\/uartesec\",\"https:\\\/\\\/www.tiktok.com\\\/@uartesec\"]},{\"@type\":\"Person\",\"@id\":\"https:\\\/\\\/www.uartes.edu.ec\\\/sitio\\\/en\\\/#\\\/schema\\\/person\\\/f33f8c1d2af0d5c80a38c8abf458184a\",\"name\":\"Universidad de las Artes\",\"image\":{\"@type\":\"ImageObject\",\"inLanguage\":\"en-US\",\"@id\":\"https:\\\/\\\/secure.gravatar.com\\\/avatar\\\/52e4757902f5cfa5ac52d020e5be83cae5487519154b6c35482fe08d589f3c13?s=96&d=mm&r=g\",\"url\":\"https:\\\/\\\/secure.gravatar.com\\\/avatar\\\/52e4757902f5cfa5ac52d020e5be83cae5487519154b6c35482fe08d589f3c13?s=96&d=mm&r=g\",\"contentUrl\":\"https:\\\/\\\/secure.gravatar.com\\\/avatar\\\/52e4757902f5cfa5ac52d020e5be83cae5487519154b6c35482fe08d589f3c13?s=96&d=mm&r=g\",\"caption\":\"Universidad de las Artes\"},\"url\":\"https:\\\/\\\/www.uartes.edu.ec\\\/sitio\\\/en\\\/blog\\\/author\\\/dircomadm\\\/\"}]}<\/script>\n<!-- \/ Yoast SEO plugin. -->","yoast_head_json":{"title":"Universidad de las Artes - Conservatorio Superior de Par\u00eds colabora por segundo a\u00f1o con Escuela de Artes Sonoras","description":"Universidad de las Artes - Conservatorio Superior de Par\u00eds colabora por segundo a\u00f1o con Escuela de Artes Sonoras","robots":{"index":"index","follow":"follow","max-snippet":"max-snippet:-1","max-image-preview":"max-image-preview:large","max-video-preview":"max-video-preview:-1"},"canonical":"https:\/\/www.uartes.edu.ec\/sitio\/en\/blog\/2018\/10\/23\/conservatorio-superior-de-paris-colabora-por-segundo-ano-con-escuela-de-artes-sonoras\/","og_locale":"en_US","og_type":"article","og_title":"Universidad de las Artes - Conservatorio Superior de Par\u00eds colabora por segundo a\u00f1o con Escuela de Artes Sonoras","og_description":"Universidad de las Artes - Conservatorio Superior de Par\u00eds colabora por segundo a\u00f1o con Escuela de Artes Sonoras","og_url":"https:\/\/www.uartes.edu.ec\/sitio\/en\/blog\/2018\/10\/23\/conservatorio-superior-de-paris-colabora-por-segundo-ano-con-escuela-de-artes-sonoras\/","og_site_name":"Universidad de las Artes","article_publisher":"https:\/\/www.facebook.com\/uartesec","article_published_time":"2018-10-23T19:32:06+00:00","article_modified_time":"2024-07-04T16:53:44+00:00","og_image":[{"width":1132,"height":510,"url":"https:\/\/www.uartes.edu.ec\/sitio\/wp-content\/uploads\/2018\/10\/Conservatorio-Superior-de-Paris-colabora-por-segundo-ano-con-Escuela-de-Artes-Sonoras.jpg","type":"image\/jpeg"}],"author":"Universidad de las Artes","twitter_card":"summary_large_image","twitter_creator":"@uartesec","twitter_site":"@uartesec","twitter_misc":{"Written by":"Universidad de las Artes","Est. reading time":"1 minute"},"schema":{"@context":"https:\/\/schema.org","@graph":[{"@type":"Article","@id":"https:\/\/www.uartes.edu.ec\/sitio\/en\/blog\/2018\/10\/23\/conservatorio-superior-de-paris-colabora-por-segundo-ano-con-escuela-de-artes-sonoras\/#article","isPartOf":{"@id":"https:\/\/www.uartes.edu.ec\/sitio\/en\/blog\/2018\/10\/23\/conservatorio-superior-de-paris-colabora-por-segundo-ano-con-escuela-de-artes-sonoras\/"},"author":{"name":"Universidad de las Artes","@id":"https:\/\/www.uartes.edu.ec\/sitio\/en\/#\/schema\/person\/f33f8c1d2af0d5c80a38c8abf458184a"},"headline":"Conservatorio Superior de Par\u00eds colabora por segundo a\u00f1o con Escuela de Artes Sonoras","datePublished":"2018-10-23T19:32:06+00:00","dateModified":"2024-07-04T16:53:44+00:00","mainEntityOfPage":{"@id":"https:\/\/www.uartes.edu.ec\/sitio\/en\/blog\/2018\/10\/23\/conservatorio-superior-de-paris-colabora-por-segundo-ano-con-escuela-de-artes-sonoras\/"},"wordCount":165,"publisher":{"@id":"https:\/\/www.uartes.edu.ec\/sitio\/en\/#organization"},"image":{"@id":"https:\/\/www.uartes.edu.ec\/sitio\/en\/blog\/2018\/10\/23\/conservatorio-superior-de-paris-colabora-por-segundo-ano-con-escuela-de-artes-sonoras\/#primaryimage"},"thumbnailUrl":"https:\/\/www.uartes.edu.ec\/sitio\/wp-content\/uploads\/2018\/10\/Conservatorio-Superior-de-Paris-colabora-por-segundo-ano-con-Escuela-de-Artes-Sonoras.jpg","articleSection":["Estudiantes","Gesti\u00f3n"],"inLanguage":"en-US"},{"@type":["WebPage","ItemPage"],"@id":"https:\/\/www.uartes.edu.ec\/sitio\/en\/blog\/2018\/10\/23\/conservatorio-superior-de-paris-colabora-por-segundo-ano-con-escuela-de-artes-sonoras\/","url":"https:\/\/www.uartes.edu.ec\/sitio\/en\/blog\/2018\/10\/23\/conservatorio-superior-de-paris-colabora-por-segundo-ano-con-escuela-de-artes-sonoras\/","name":"Universidad de las Artes - Conservatorio Superior de Par\u00eds colabora por segundo a\u00f1o con Escuela de Artes Sonoras","isPartOf":{"@id":"https:\/\/www.uartes.edu.ec\/sitio\/en\/#website"},"primaryImageOfPage":{"@id":"https:\/\/www.uartes.edu.ec\/sitio\/en\/blog\/2018\/10\/23\/conservatorio-superior-de-paris-colabora-por-segundo-ano-con-escuela-de-artes-sonoras\/#primaryimage"},"image":{"@id":"https:\/\/www.uartes.edu.ec\/sitio\/en\/blog\/2018\/10\/23\/conservatorio-superior-de-paris-colabora-por-segundo-ano-con-escuela-de-artes-sonoras\/#primaryimage"},"thumbnailUrl":"https:\/\/www.uartes.edu.ec\/sitio\/wp-content\/uploads\/2018\/10\/Conservatorio-Superior-de-Paris-colabora-por-segundo-ano-con-Escuela-de-Artes-Sonoras.jpg","datePublished":"2018-10-23T19:32:06+00:00","dateModified":"2024-07-04T16:53:44+00:00","description":"Universidad de las Artes - Conservatorio Superior de Par\u00eds colabora por segundo a\u00f1o con Escuela de Artes Sonoras","breadcrumb":{"@id":"https:\/\/www.uartes.edu.ec\/sitio\/en\/blog\/2018\/10\/23\/conservatorio-superior-de-paris-colabora-por-segundo-ano-con-escuela-de-artes-sonoras\/#breadcrumb"},"inLanguage":"en-US","potentialAction":[{"@type":"ReadAction","target":["https:\/\/www.uartes.edu.ec\/sitio\/en\/blog\/2018\/10\/23\/conservatorio-superior-de-paris-colabora-por-segundo-ano-con-escuela-de-artes-sonoras\/"]}]},{"@type":"ImageObject","inLanguage":"en-US","@id":"https:\/\/www.uartes.edu.ec\/sitio\/en\/blog\/2018\/10\/23\/conservatorio-superior-de-paris-colabora-por-segundo-ano-con-escuela-de-artes-sonoras\/#primaryimage","url":"https:\/\/www.uartes.edu.ec\/sitio\/wp-content\/uploads\/2018\/10\/Conservatorio-Superior-de-Paris-colabora-por-segundo-ano-con-Escuela-de-Artes-Sonoras.jpg","contentUrl":"https:\/\/www.uartes.edu.ec\/sitio\/wp-content\/uploads\/2018\/10\/Conservatorio-Superior-de-Paris-colabora-por-segundo-ano-con-Escuela-de-Artes-Sonoras.jpg","width":1132,"height":510},{"@type":"BreadcrumbList","@id":"https:\/\/www.uartes.edu.ec\/sitio\/en\/blog\/2018\/10\/23\/conservatorio-superior-de-paris-colabora-por-segundo-ano-con-escuela-de-artes-sonoras\/#breadcrumb","itemListElement":[{"@type":"ListItem","position":1,"name":"Inicio","item":"https:\/\/www.uartes.edu.ec\/sitio\/"},{"@type":"ListItem","position":2,"name":"Conservatorio Superior de Par\u00eds colabora por segundo a\u00f1o con Escuela de Artes Sonoras"}]},{"@type":"WebSite","@id":"https:\/\/www.uartes.edu.ec\/sitio\/en\/#website","url":"https:\/\/www.uartes.edu.ec\/sitio\/en\/","name":"Universidad de las Artes","description":"Sitio oficial de la Universidad Nacional de las Artes del Ecuador","publisher":{"@id":"https:\/\/www.uartes.edu.ec\/sitio\/en\/#organization"},"potentialAction":[{"@type":"SearchAction","target":{"@type":"EntryPoint","urlTemplate":"https:\/\/www.uartes.edu.ec\/sitio\/en\/?s={search_term_string}"},"query-input":{"@type":"PropertyValueSpecification","valueRequired":true,"valueName":"search_term_string"}}],"inLanguage":"en-US"},{"@type":"Organization","@id":"https:\/\/www.uartes.edu.ec\/sitio\/en\/#organization","name":"Universidad de las Artes","url":"https:\/\/www.uartes.edu.ec\/sitio\/en\/","logo":{"@type":"ImageObject","inLanguage":"en-US","@id":"https:\/\/www.uartes.edu.ec\/sitio\/en\/#\/schema\/logo\/image\/","url":"https:\/\/www.uartes.edu.ec\/sitio\/wp-content\/uploads\/2022\/07\/logo-ua-horizontal.png","contentUrl":"https:\/\/www.uartes.edu.ec\/sitio\/wp-content\/uploads\/2022\/07\/logo-ua-horizontal.png","width":800,"height":276,"caption":"Universidad de las Artes"},"image":{"@id":"https:\/\/www.uartes.edu.ec\/sitio\/en\/#\/schema\/logo\/image\/"},"sameAs":["https:\/\/www.facebook.com\/uartesec","https:\/\/x.com\/uartesec","https:\/\/www.tiktok.com\/@uartesec"]},{"@type":"Person","@id":"https:\/\/www.uartes.edu.ec\/sitio\/en\/#\/schema\/person\/f33f8c1d2af0d5c80a38c8abf458184a","name":"Universidad de las Artes","image":{"@type":"ImageObject","inLanguage":"en-US","@id":"https:\/\/secure.gravatar.com\/avatar\/52e4757902f5cfa5ac52d020e5be83cae5487519154b6c35482fe08d589f3c13?s=96&d=mm&r=g","url":"https:\/\/secure.gravatar.com\/avatar\/52e4757902f5cfa5ac52d020e5be83cae5487519154b6c35482fe08d589f3c13?s=96&d=mm&r=g","contentUrl":"https:\/\/secure.gravatar.com\/avatar\/52e4757902f5cfa5ac52d020e5be83cae5487519154b6c35482fe08d589f3c13?s=96&d=mm&r=g","caption":"Universidad de las Artes"},"url":"https:\/\/www.uartes.edu.ec\/sitio\/en\/blog\/author\/dircomadm\/"}]}},"uagb_featured_image_src":{"full":["https:\/\/www.uartes.edu.ec\/sitio\/wp-content\/uploads\/2018\/10\/Conservatorio-Superior-de-Paris-colabora-por-segundo-ano-con-Escuela-de-Artes-Sonoras.jpg",1132,510,false],"thumbnail":["https:\/\/www.uartes.edu.ec\/sitio\/wp-content\/uploads\/2018\/10\/Conservatorio-Superior-de-Paris-colabora-por-segundo-ano-con-Escuela-de-Artes-Sonoras-150x150.jpg",150,150,true],"medium":["https:\/\/www.uartes.edu.ec\/sitio\/wp-content\/uploads\/2018\/10\/Conservatorio-Superior-de-Paris-colabora-por-segundo-ano-con-Escuela-de-Artes-Sonoras-300x135.jpg",300,135,true],"medium_large":["https:\/\/www.uartes.edu.ec\/sitio\/wp-content\/uploads\/2018\/10\/Conservatorio-Superior-de-Paris-colabora-por-segundo-ano-con-Escuela-de-Artes-Sonoras-768x346.jpg",768,346,true],"large":["https:\/\/www.uartes.edu.ec\/sitio\/wp-content\/uploads\/2018\/10\/Conservatorio-Superior-de-Paris-colabora-por-segundo-ano-con-Escuela-de-Artes-Sonoras-1024x461.jpg",644,290,true],"1536x1536":["https:\/\/www.uartes.edu.ec\/sitio\/wp-content\/uploads\/2018\/10\/Conservatorio-Superior-de-Paris-colabora-por-segundo-ano-con-Escuela-de-Artes-Sonoras.jpg",1132,510,false],"2048x2048":["https:\/\/www.uartes.edu.ec\/sitio\/wp-content\/uploads\/2018\/10\/Conservatorio-Superior-de-Paris-colabora-por-segundo-ano-con-Escuela-de-Artes-Sonoras.jpg",1132,510,false],"trp-custom-language-flag":["https:\/\/www.uartes.edu.ec\/sitio\/wp-content\/uploads\/2018\/10\/Conservatorio-Superior-de-Paris-colabora-por-segundo-ano-con-Escuela-de-Artes-Sonoras.jpg",18,8,false],"htmega_size_585x295":["https:\/\/www.uartes.edu.ec\/sitio\/wp-content\/uploads\/2018\/10\/Conservatorio-Superior-de-Paris-colabora-por-segundo-ano-con-Escuela-de-Artes-Sonoras.jpg",585,264,false],"htmega_size_1170x536":["https:\/\/www.uartes.edu.ec\/sitio\/wp-content\/uploads\/2018\/10\/Conservatorio-Superior-de-Paris-colabora-por-segundo-ano-con-Escuela-de-Artes-Sonoras.jpg",1132,510,false],"htmega_size_396x360":["https:\/\/www.uartes.edu.ec\/sitio\/wp-content\/uploads\/2018\/10\/Conservatorio-Superior-de-Paris-colabora-por-segundo-ano-con-Escuela-de-Artes-Sonoras.jpg",396,178,false],"gb-block-post-grid-landscape":["https:\/\/www.uartes.edu.ec\/sitio\/wp-content\/uploads\/2018\/10\/Conservatorio-Superior-de-Paris-colabora-por-segundo-ano-con-Escuela-de-Artes-Sonoras.jpg",600,270,false],"gb-block-post-grid-square":["https:\/\/www.uartes.edu.ec\/sitio\/wp-content\/uploads\/2018\/10\/Conservatorio-Superior-de-Paris-colabora-por-segundo-ano-con-Escuela-de-Artes-Sonoras.jpg",600,270,false],"university-hub-thumb":["https:\/\/www.uartes.edu.ec\/sitio\/wp-content\/uploads\/2018\/10\/Conservatorio-Superior-de-Paris-colabora-por-segundo-ano-con-Escuela-de-Artes-Sonoras.jpg",400,180,false]},"uagb_author_info":{"display_name":"Universidad de las Artes","author_link":"https:\/\/www.uartes.edu.ec\/sitio\/en\/blog\/author\/dircomadm\/"},"uagb_comment_info":0,"uagb_excerpt":"El Conservatorio Nacional Superior de M\u00fasica y Danza de Par\u00eds (CNSMDP)&nbsp;en conjunto con la Escuela de Artes Sonoras de la Universidad de las Artes, desde el 22 de octubre hasta el 09 de noviembre, realizar\u00e1n un trabajo colaborativo en el que participan el maestro flautista Jean Luc Tourret y los m\u00fasicos profesionales Bastien de Beaufond,&hellip;","featured_image_src":"https:\/\/www.uartes.edu.ec\/sitio\/wp-content\/uploads\/2018\/10\/Conservatorio-Superior-de-Paris-colabora-por-segundo-ano-con-Escuela-de-Artes-Sonoras.jpg","featured_image_src_square":"https:\/\/www.uartes.edu.ec\/sitio\/wp-content\/uploads\/2018\/10\/Conservatorio-Superior-de-Paris-colabora-por-segundo-ano-con-Escuela-de-Artes-Sonoras.jpg","author_info":{"display_name":"Universidad de las Artes","author_link":"https:\/\/www.uartes.edu.ec\/sitio\/en\/blog\/author\/dircomadm\/"},"publishpress_future_workflow_manual_trigger":{"enabledWorkflows":[]},"distributor_meta":false,"distributor_terms":false,"distributor_media":false,"distributor_original_site_name":"Universidad de las Artes","distributor_original_site_url":"https:\/\/www.uartes.edu.ec\/sitio\/en","push-errors":false,"_links":{"self":[{"href":"https:\/\/www.uartes.edu.ec\/sitio\/en\/wp-json\/wp\/v2\/posts\/2643","targetHints":{"allow":["GET"]}}],"collection":[{"href":"https:\/\/www.uartes.edu.ec\/sitio\/en\/wp-json\/wp\/v2\/posts"}],"about":[{"href":"https:\/\/www.uartes.edu.ec\/sitio\/en\/wp-json\/wp\/v2\/types\/post"}],"author":[{"embeddable":true,"href":"https:\/\/www.uartes.edu.ec\/sitio\/en\/wp-json\/wp\/v2\/users\/1"}],"replies":[{"embeddable":true,"href":"https:\/\/www.uartes.edu.ec\/sitio\/en\/wp-json\/wp\/v2\/comments?post=2643"}],"version-history":[{"count":1,"href":"https:\/\/www.uartes.edu.ec\/sitio\/en\/wp-json\/wp\/v2\/posts\/2643\/revisions"}],"predecessor-version":[{"id":2645,"href":"https:\/\/www.uartes.edu.ec\/sitio\/en\/wp-json\/wp\/v2\/posts\/2643\/revisions\/2645"}],"wp:featuredmedia":[{"embeddable":true,"href":"https:\/\/www.uartes.edu.ec\/sitio\/en\/wp-json\/wp\/v2\/media\/2644"}],"wp:attachment":[{"href":"https:\/\/www.uartes.edu.ec\/sitio\/en\/wp-json\/wp\/v2\/media?parent=2643"}],"wp:term":[{"taxonomy":"category","embeddable":true,"href":"https:\/\/www.uartes.edu.ec\/sitio\/en\/wp-json\/wp\/v2\/categories?post=2643"},{"taxonomy":"post_tag","embeddable":true,"href":"https:\/\/www.uartes.edu.ec\/sitio\/en\/wp-json\/wp\/v2\/tags?post=2643"},{"taxonomy":"infouartes","embeddable":true,"href":"https:\/\/www.uartes.edu.ec\/sitio\/en\/wp-json\/wp\/v2\/infouartes?post=2643"}],"curies":[{"name":"wp","href":"https:\/\/api.w.org\/{rel}","templated":true}]}}