{"id":26447,"date":"2022-08-10T18:24:00","date_gmt":"2022-08-10T23:24:00","guid":{"rendered":"http:\/\/www.uartes.edu.ec\/sitio\/?p=26447"},"modified":"2024-07-04T11:23:12","modified_gmt":"2024-07-04T16:23:12","slug":"i-mercado-de-las-artes-de-guayaquil-una-gran-plataforma-para-los-artistas-y-un-encuentro-que-nos-convoca","status":"publish","type":"post","link":"https:\/\/www.uartes.edu.ec\/sitio\/en\/blog\/2022\/08\/10\/i-mercado-de-las-artes-de-guayaquil-una-gran-plataforma-para-los-artistas-y-un-encuentro-que-nos-convoca\/","title":{"rendered":"I Mercado de las Artes de Guayaquil, gran plataforma para los artistas y una cita innovadora que nos convoca"},"content":{"rendered":"<p>En este martes 9 de agosto, en el Centro de Producci\u00f3n e Innovaci\u00f3n MZ14 de la Universidad de las Artes el movimiento se intensific\u00f3. Los equipos anfitriones cuidaban con atenci\u00f3n de que todo resulte acorde a lo planificado para el I Mercado de las Artes de Guayaquil, edici\u00f3n Artes Musicales y Artes Esc\u00e9nicas, una gran plataforma para que artistas locales y nacionales presenten sus trabajos y se prueben ante la comunidad universitaria y el p\u00fablico en general.&nbsp;<\/p>\n\n\n\n<p>La primera actividad de la jornada fue la Feria de Discos y Vinilos y en la terraza del MZ14 todo estaba dispuesto para que luego de ser recorrida los presentes puedan disfrutar de los showcases con Mauro Samaniego, Isa S\u00e1enz, \u00c1lex Alvear y Grecia Alb\u00e1n. &nbsp;<\/p>\n\n\n\n<p>La inauguraci\u00f3n fue entrada la noche y las autoridades UArtes estuvieron puntuales a la espera de sus intervenciones y la de sus invitados. Previo al acto que formaliz\u00f3 lo que desde el mediod\u00eda se iba viviendo, el doctor William Herrera recibi\u00f3 al gobernador del Guayas, Dr. Lorenzo Calvas, y le mostr\u00f3 en un recorrido las instalaciones del MZ14. &nbsp;<\/p>\n\n\n\n<p>Congregados en la Plaza P\u00fablica, junto con la vicerrectora Olga L\u00f3pez, otras autoridades UArtes, docentes y estudiantes, estuvieron tambi\u00e9n los expositores nacionales e internacionales de las cconferencias magistrales programadas: Christine Semba, Igor Lozada, Mar\u00eda Carrascal, Antonio Gutierrez, Javier P\u00e9rez, Ram\u00f3n L\u00f3pez-Barranco y Fabiola Pazmi\u00f1o.<\/p>\n\n\n<div class=\"wp-block-image\">\n<figure class=\"aligncenter size-large\"><img fetchpriority=\"high\" decoding=\"async\" width=\"644\" height=\"429\" src=\"http:\/\/www.uartes.edu.ec\/sitio\/wp-content\/uploads\/2022\/08\/WILLIAM-OK-MERCADO-644x429.jpg\" alt=\"\" class=\"wp-image-26450\" srcset=\"https:\/\/www.uartes.edu.ec\/sitio\/wp-content\/uploads\/2022\/08\/WILLIAM-OK-MERCADO-644x429.jpg 644w, https:\/\/www.uartes.edu.ec\/sitio\/wp-content\/uploads\/2022\/08\/WILLIAM-OK-MERCADO-768x511.jpg 768w, https:\/\/www.uartes.edu.ec\/sitio\/wp-content\/uploads\/2022\/08\/WILLIAM-OK-MERCADO.jpg 2000w, https:\/\/www.uartes.edu.ec\/sitio\/wp-content\/uploads\/2022\/08\/WILLIAM-OK-MERCADO-600x399.jpg 600w, https:\/\/www.uartes.edu.ec\/sitio\/wp-content\/uploads\/2022\/08\/WILLIAM-OK-MERCADO-272x182.jpg 272w\" sizes=\"(max-width: 644px) 100vw, 644px\" \/><figcaption class=\"wp-element-caption\">El doctor William Herrera, rector de la UArtes, en el acto inaugural del I Mercado de las Artes de Guayaquil. <\/figcaption><\/figure>\n<\/div>\n\n<div class=\"wp-block-image\">\n<figure class=\"aligncenter size-large\"><img decoding=\"async\" width=\"644\" height=\"429\" src=\"http:\/\/www.uartes.edu.ec\/sitio\/wp-content\/uploads\/2022\/08\/DIRECTIVOS-E-INVITADOS-MEJOR-EDITADA-644x429.jpg\" alt=\"\" class=\"wp-image-26475\" srcset=\"https:\/\/www.uartes.edu.ec\/sitio\/wp-content\/uploads\/2022\/08\/DIRECTIVOS-E-INVITADOS-MEJOR-EDITADA-644x429.jpg 644w, https:\/\/www.uartes.edu.ec\/sitio\/wp-content\/uploads\/2022\/08\/DIRECTIVOS-E-INVITADOS-MEJOR-EDITADA-768x511.jpg 768w, https:\/\/www.uartes.edu.ec\/sitio\/wp-content\/uploads\/2022\/08\/DIRECTIVOS-E-INVITADOS-MEJOR-EDITADA.jpg 2000w, https:\/\/www.uartes.edu.ec\/sitio\/wp-content\/uploads\/2022\/08\/DIRECTIVOS-E-INVITADOS-MEJOR-EDITADA-600x399.jpg 600w, https:\/\/www.uartes.edu.ec\/sitio\/wp-content\/uploads\/2022\/08\/DIRECTIVOS-E-INVITADOS-MEJOR-EDITADA-272x182.jpg 272w\" sizes=\"(max-width: 644px) 100vw, 644px\" \/><figcaption class=\"wp-element-caption\">Autoridades UArtes con los expositores internacionales que dar\u00e1n en la cita con conferencias magistrales.<\/figcaption><\/figure>\n<\/div>\n\n\n<p>La doctora Tania Navarrete, directora Ejecutiva del MZ14, abri\u00f3 emocionada la ronda de intervenciones. Coment\u00f3 de la iniciativa, de los trabajos conjuntos, de los esfuerzos, de la visi\u00f3n, de las expectativas.&nbsp;<\/p>\n\n\n\n<p>Luego de Navarrete, la directora en Ecuador de la Organizaci\u00f3n de Estados Iberoamericanos (OEI), Sara Jaramillo, tom\u00f3 la posta y habl\u00f3 del apoyo a la UArtes y el MZ14 en una iniciativa concebida para ofrecer&nbsp;muchas oportunidades a los artistas ecuatorianos.&nbsp;Seguidamente, el doctor Wiliam Herrera agradeci\u00f3 los esfuerzos y felicit\u00f3 al centro anfitri\u00f3n, a sus directores, t\u00e9cnicos, programadores, docentes y estudiantes en sus pr\u00e1cticas preprofesionales porque \u201cgracias a ellos y ellas&nbsp;todo esto es posible\u201d.&nbsp;En efecto, un gran esfuerzo de equipo que tuvo a la cabeza, junto con la directora ejecutiva, a Mait\u00e9 Freire Villacreses, especialista en Econom\u00edas Creativas e Innovaci\u00f3n, y Daniel Merch\u00e1n, director de Producci\u00f3n. <\/p>\n\n\n\n<p>En referencia al I Mercado de las Artes de Guayaquil, el rector manifiest\u00f3 que el prop\u00f3sito era innovar, que es lo que hacemos ahora, de eso se trata este espacio. Reiter\u00f3 las merecidas felicitaciones al equipo del Centro de Producci\u00f3n e Innovaci\u00f3n MZ14 por generar una actividad que promociona, pone en circulaci\u00f3n y propicia espacios de encuentro entre los artistas de la ciudad y del pa\u00eds con programadores nacionales e internacionales.&nbsp;<\/p>\n\n\n\n<p>A la hora de la inserci\u00f3n laboral de la comunidad art\u00edstica, el I Mercado de las Artes de Guayaquil es&nbsp;una plataforma y, al mismo tiempo, una herramienta fundamental para el presente y el futuro de cada uno de los egresados de la Universidad de las Artes y la comunidad art\u00edstica fueron los argumentos y prop\u00f3sitos visionarios que se pronunciaron durante la inauguraci\u00f3n, destac\u00e1ndose que las autoridades UArtes, la administraci\u00f3n actual, ha sabido conciliar, articular y definir planes claros en los cuales la comunidad universitaria y su conexi\u00f3n con la realidad e inserci\u00f3n en el entorno social de Guayaquil es prioridad.&nbsp;<\/p>\n\n\n\n<p>El gobernador del Guayas, doctor Lorenzo Calvas, expres\u00f3 en su intervenci\u00f3n estar emocionado por lo que ha corroborado, dijo sentir respeto y admiraci\u00f3n por los artistas, por sus propuestas, por lo que la UArtes viene realizando.&nbsp;&nbsp;&nbsp;<\/p>\n\n\n<div class=\"wp-block-image\">\n<figure class=\"aligncenter size-large\"><img decoding=\"async\" width=\"644\" height=\"429\" src=\"http:\/\/www.uartes.edu.ec\/sitio\/wp-content\/uploads\/2022\/08\/pausa-web-2-644x429.jpg\" alt=\"\" class=\"wp-image-26453\" srcset=\"https:\/\/www.uartes.edu.ec\/sitio\/wp-content\/uploads\/2022\/08\/pausa-web-2-644x429.jpg 644w, https:\/\/www.uartes.edu.ec\/sitio\/wp-content\/uploads\/2022\/08\/pausa-web-2-768x511.jpg 768w, https:\/\/www.uartes.edu.ec\/sitio\/wp-content\/uploads\/2022\/08\/pausa-web-2.jpg 2000w, https:\/\/www.uartes.edu.ec\/sitio\/wp-content\/uploads\/2022\/08\/pausa-web-2-600x399.jpg 600w, https:\/\/www.uartes.edu.ec\/sitio\/wp-content\/uploads\/2022\/08\/pausa-web-2-272x182.jpg 272w\" sizes=\"(max-width: 644px) 100vw, 644px\" \/><figcaption class=\"wp-element-caption\">Presentaci\u00f3n de <em>PAUSA<\/em>, puesta en escena de los estudiantes de la carrera de Danza de la UArtes.<\/figcaption><\/figure>\n<\/div>\n\n<div class=\"wp-block-image\">\n<figure class=\"aligncenter size-large\"><img loading=\"lazy\" decoding=\"async\" width=\"644\" height=\"297\" src=\"http:\/\/www.uartes.edu.ec\/sitio\/wp-content\/uploads\/2022\/08\/merchan-644x297.jpeg\" alt=\"\" class=\"wp-image-26454\" srcset=\"https:\/\/www.uartes.edu.ec\/sitio\/wp-content\/uploads\/2022\/08\/merchan-644x297.jpeg 644w, https:\/\/www.uartes.edu.ec\/sitio\/wp-content\/uploads\/2022\/08\/merchan-768x354.jpeg 768w, https:\/\/www.uartes.edu.ec\/sitio\/wp-content\/uploads\/2022\/08\/merchan.jpeg 1600w, https:\/\/www.uartes.edu.ec\/sitio\/wp-content\/uploads\/2022\/08\/merchan-600x277.jpeg 600w\" sizes=\"(max-width: 644px) 100vw, 644px\" \/><figcaption class=\"wp-element-caption\">Presentaci\u00f3n de Daniel Merch\u00e1n, quien es m\u00fasico y en la UArtes es director de Producci\u00f3n del MZ14.<\/figcaption><\/figure>\n<\/div>\n\n\n<p>Entonces lleg\u00f3 la hora de las presentaciones y fue \u201cPAUSA\u201d que marc\u00f3 el inicio. Se trata de una puesta en escena que resulta de un proceso creativo que expone las diferentes herramientas adquiridas por nuestros estudiantes y profesores de la carrera de Danza, de la Escuela de Artes Esc\u00e9nicas.<\/p>\n\n\n\n<p>Haciendo honor a la propuesta, vale en la narraci\u00f3n que me ocupa hacer una pausa para darle paso a Tyrone Maridue\u00f1a, mi compa\u00f1ero de comunicaci\u00f3n y maestrante de Escritura Creativa quien se\u00f1ala: \u201c\u00bfQu\u00e9 es una PAUSA? Una actitud ante el movimiento, ante la vida, ante la forma de c\u00f3mo interpretamos el espacio donde somos. Estudiantes de la Carrera de Danza de la UArtes proyectaron sus interrogantes est\u00e9ticas e intelectuales en la esquina donde alguna vez tambi\u00e9n comenz\u00f3 la ciudad desde sus cenizas. \u00bfC\u00f3mo se dispara una PAUSA? \u00bfQu\u00e9 afectos significan y son esa continuidad del cuerpo atravesando la ciudad? Entonces, \u00bfpor qu\u00e9 no? Hagamos una PAUSA\u201d.<\/p>\n\n\n\n<p>Y todos la hicimos para ver la propuesta en acci\u00f3n y continuar luego, como indica Tyrone, con la fiesta, desde la terraza: \u201cComo no puede ser de otra forma, las <em>Luces de Colores<\/em> de Daniel Merch\u00e1n, director de Producci\u00f3n del MZ14 y m\u00fasico, llenan la noche del Puerto. Pero esto no queda ah\u00ed. El fuego de DJ Burning decide seguirle el juego; Bernarda Ubidia, docente UArtes, lleva al m\u00e1ximo el tempo de todos los presentes y as\u00ed es como vivimos la primera jornada del l Mercado de las Artes de Guayaquil\u201d.<\/p>\n\n\n\n<p>Una cita imperdible que hasta el jueves 11 ofrecer\u00e1 showcases, conferencias magistrales, presentaciones art\u00edsticas y el networking en Puerto Rock, propiciando tambi\u00e9n ese frente a frente entre artistas y compradores y promotores en una rueda de negocios que genera y es el centro de grandes expectativas.<\/p>\n\n\n<div class=\"wp-block-image\">\n<figure class=\"aligncenter size-large\"><img loading=\"lazy\" decoding=\"async\" width=\"644\" height=\"483\" src=\"http:\/\/www.uartes.edu.ec\/sitio\/wp-content\/uploads\/2022\/08\/discos222-644x483.jpeg\" alt=\"\" class=\"wp-image-26455\" srcset=\"https:\/\/www.uartes.edu.ec\/sitio\/wp-content\/uploads\/2022\/08\/discos222-644x483.jpeg 644w, https:\/\/www.uartes.edu.ec\/sitio\/wp-content\/uploads\/2022\/08\/discos222-768x576.jpeg 768w, https:\/\/www.uartes.edu.ec\/sitio\/wp-content\/uploads\/2022\/08\/discos222.jpeg 1280w, https:\/\/www.uartes.edu.ec\/sitio\/wp-content\/uploads\/2022\/08\/discos222-400x300.jpeg 400w, https:\/\/www.uartes.edu.ec\/sitio\/wp-content\/uploads\/2022\/08\/discos222-600x450.jpeg 600w\" sizes=\"(max-width: 644px) 100vw, 644px\" \/><figcaption class=\"wp-element-caption\">La Feria de Discos y Vinilos concit\u00f3 gran inter\u00e9s. Los expositores extranjeros tambi\u00e9n hicieron su b\u00fasqueda.<\/figcaption><\/figure>\n<\/div>\n\n<div class=\"wp-block-image\">\n<figure class=\"aligncenter size-large\"><img loading=\"lazy\" decoding=\"async\" width=\"644\" height=\"429\" src=\"http:\/\/www.uartes.edu.ec\/sitio\/wp-content\/uploads\/2022\/08\/TERRAZA-GRUPO-TAYOS-TAYOS-TAYOS-644x429.jpg\" alt=\"\" class=\"wp-image-26451\" srcset=\"https:\/\/www.uartes.edu.ec\/sitio\/wp-content\/uploads\/2022\/08\/TERRAZA-GRUPO-TAYOS-TAYOS-TAYOS-644x429.jpg 644w, https:\/\/www.uartes.edu.ec\/sitio\/wp-content\/uploads\/2022\/08\/TERRAZA-GRUPO-TAYOS-TAYOS-TAYOS-768x511.jpg 768w, https:\/\/www.uartes.edu.ec\/sitio\/wp-content\/uploads\/2022\/08\/TERRAZA-GRUPO-TAYOS-TAYOS-TAYOS.jpg 2000w, https:\/\/www.uartes.edu.ec\/sitio\/wp-content\/uploads\/2022\/08\/TERRAZA-GRUPO-TAYOS-TAYOS-TAYOS-600x399.jpg 600w, https:\/\/www.uartes.edu.ec\/sitio\/wp-content\/uploads\/2022\/08\/TERRAZA-GRUPO-TAYOS-TAYOS-TAYOS-272x182.jpg 272w\" sizes=\"(max-width: 644px) 100vw, 644px\" \/><figcaption class=\"wp-element-caption\">Previo al acto inaugural, en la terraza del MZ14 hubo varias presentaciones. En la imagen Tayos, Tayos.<\/figcaption><\/figure>\n<\/div>\n\n<div class=\"wp-block-image\">\n<figure class=\"aligncenter size-large\"><img loading=\"lazy\" decoding=\"async\" width=\"644\" height=\"429\" src=\"http:\/\/www.uartes.edu.ec\/sitio\/wp-content\/uploads\/2022\/08\/TERRAZA-MZ14-644x429.jpg\" alt=\"\" class=\"wp-image-26452\" srcset=\"https:\/\/www.uartes.edu.ec\/sitio\/wp-content\/uploads\/2022\/08\/TERRAZA-MZ14-644x429.jpg 644w, https:\/\/www.uartes.edu.ec\/sitio\/wp-content\/uploads\/2022\/08\/TERRAZA-MZ14-768x511.jpg 768w, https:\/\/www.uartes.edu.ec\/sitio\/wp-content\/uploads\/2022\/08\/TERRAZA-MZ14.jpg 2000w, https:\/\/www.uartes.edu.ec\/sitio\/wp-content\/uploads\/2022\/08\/TERRAZA-MZ14-600x399.jpg 600w, https:\/\/www.uartes.edu.ec\/sitio\/wp-content\/uploads\/2022\/08\/TERRAZA-MZ14-272x182.jpg 272w\" sizes=\"(max-width: 644px) 100vw, 644px\" \/><figcaption class=\"wp-element-caption\">En todas las presentaciones del mercado hubo una gran asistencia de p\u00fablico. <\/figcaption><\/figure>\n<\/div>\n\n\n<p>Texto: Carmen Cortez\/Tyrone Maridue\u00f1a<br>Colaboraci\u00f3n en cobertura: Roc\u00edo Mart\u00ednez<\/p>","protected":false},"excerpt":{"rendered":"<p>El prop\u00f3sito es innovar, que es lo que hacemos ahora, de eso se trata este espacio. Lo dijo el doctor William Herrera, rector de la UArtes, en la inauguraci\u00f3n del I Mercado de las Artes de Guayaquil que el Centro de Producci\u00f3n e Innovaci\u00f3n MZ14 inici\u00f3 este martes 9 de agosto y que hasta el jueves 11 contempla showcases, presentaciones musicales y esc\u00e9nicas, conferencias magistrales y rueda de negocios.<\/p>","protected":false},"author":10,"featured_media":26480,"comment_status":"open","ping_status":"open","sticky":false,"template":"","format":"standard","meta":{"_acf_changed":false,"_uag_custom_page_level_css":"","_monsterinsights_skip_tracking":false,"_monsterinsights_sitenote_active":false,"_monsterinsights_sitenote_note":"","_monsterinsights_sitenote_category":0,"cybocfi_hide_featured_image":"","footnotes":""},"categories":[712,80,438,490,82,75,76,77],"tags":[759],"infouartes":[],"class_list":["post-26447","post","type-post","status-publish","format-standard","has-post-thumbnail","hentry","category-1a","category-academico","category-administrativos","category-alumni","category-artes","category-docentes","category-estudiantes","category-gestion","tag-i-mercado-de-las-artes"],"acf":[],"yoast_head":"<!-- This site is optimized with the Yoast SEO plugin v27.4 - https:\/\/yoast.com\/product\/yoast-seo-wordpress\/ -->\n<title>Universidad de las Artes - I Mercado de las Artes de Guayaquil, gran plataforma para los artistas y una cita innovadora que nos convoca<\/title>\n<meta name=\"description\" content=\"Universidad de las Artes - I Mercado de las Artes de Guayaquil, gran plataforma para los artistas y una cita innovadora que nos convoca\" \/>\n<meta name=\"robots\" content=\"index, follow, max-snippet:-1, max-image-preview:large, max-video-preview:-1\" \/>\n<link rel=\"canonical\" href=\"https:\/\/www.uartes.edu.ec\/sitio\/en\/blog\/2022\/08\/10\/i-mercado-de-las-artes-de-guayaquil-una-gran-plataforma-para-los-artistas-y-un-encuentro-que-nos-convoca\/\" \/>\n<meta property=\"og:locale\" content=\"en_US\" \/>\n<meta property=\"og:type\" content=\"article\" \/>\n<meta property=\"og:title\" content=\"Universidad de las Artes - I Mercado de las Artes de Guayaquil, gran plataforma para los artistas y una cita innovadora que nos convoca\" \/>\n<meta property=\"og:description\" content=\"Universidad de las Artes - I Mercado de las Artes de Guayaquil, gran plataforma para los artistas y una cita innovadora que nos convoca\" \/>\n<meta property=\"og:url\" content=\"https:\/\/www.uartes.edu.ec\/sitio\/en\/blog\/2022\/08\/10\/i-mercado-de-las-artes-de-guayaquil-una-gran-plataforma-para-los-artistas-y-un-encuentro-que-nos-convoca\/\" \/>\n<meta property=\"og:site_name\" content=\"Universidad de las Artes\" \/>\n<meta property=\"article:publisher\" content=\"https:\/\/www.facebook.com\/uartesec\" \/>\n<meta property=\"article:published_time\" content=\"2022-08-10T23:24:00+00:00\" \/>\n<meta property=\"article:modified_time\" content=\"2024-07-04T16:23:12+00:00\" \/>\n<meta property=\"og:image\" content=\"https:\/\/www.uartes.edu.ec\/sitio\/wp-content\/uploads\/2022\/08\/PORTADA-INFOUARTES-OK-MERCADO-1.jpg\" \/>\n\t<meta property=\"og:image:width\" content=\"2000\" \/>\n\t<meta property=\"og:image:height\" content=\"1333\" \/>\n\t<meta property=\"og:image:type\" content=\"image\/jpeg\" \/>\n<meta name=\"author\" content=\"ccortez\" \/>\n<meta name=\"twitter:card\" content=\"summary_large_image\" \/>\n<meta name=\"twitter:creator\" content=\"@uartesec\" \/>\n<meta name=\"twitter:site\" content=\"@uartesec\" \/>\n<meta name=\"twitter:label1\" content=\"Written by\" \/>\n\t<meta name=\"twitter:data1\" content=\"ccortez\" \/>\n\t<meta name=\"twitter:label2\" content=\"Est. reading time\" \/>\n\t<meta name=\"twitter:data2\" content=\"6 minutes\" \/>\n<script type=\"application\/ld+json\" class=\"yoast-schema-graph\">{\"@context\":\"https:\\\/\\\/schema.org\",\"@graph\":[{\"@type\":\"Article\",\"@id\":\"https:\\\/\\\/www.uartes.edu.ec\\\/sitio\\\/en\\\/blog\\\/2022\\\/08\\\/10\\\/i-mercado-de-las-artes-de-guayaquil-una-gran-plataforma-para-los-artistas-y-un-encuentro-que-nos-convoca\\\/#article\",\"isPartOf\":{\"@id\":\"https:\\\/\\\/www.uartes.edu.ec\\\/sitio\\\/en\\\/blog\\\/2022\\\/08\\\/10\\\/i-mercado-de-las-artes-de-guayaquil-una-gran-plataforma-para-los-artistas-y-un-encuentro-que-nos-convoca\\\/\"},\"author\":{\"name\":\"ccortez\",\"@id\":\"https:\\\/\\\/www.uartes.edu.ec\\\/sitio\\\/en\\\/#\\\/schema\\\/person\\\/efa1b8275797664fd7f13a79ccc0b1f4\"},\"headline\":\"I Mercado de las Artes de Guayaquil, gran plataforma para los artistas y una cita innovadora que nos convoca\",\"datePublished\":\"2022-08-10T23:24:00+00:00\",\"dateModified\":\"2024-07-04T16:23:12+00:00\",\"mainEntityOfPage\":{\"@id\":\"https:\\\/\\\/www.uartes.edu.ec\\\/sitio\\\/en\\\/blog\\\/2022\\\/08\\\/10\\\/i-mercado-de-las-artes-de-guayaquil-una-gran-plataforma-para-los-artistas-y-un-encuentro-que-nos-convoca\\\/\"},\"wordCount\":1091,\"commentCount\":0,\"publisher\":{\"@id\":\"https:\\\/\\\/www.uartes.edu.ec\\\/sitio\\\/en\\\/#organization\"},\"image\":{\"@id\":\"https:\\\/\\\/www.uartes.edu.ec\\\/sitio\\\/en\\\/blog\\\/2022\\\/08\\\/10\\\/i-mercado-de-las-artes-de-guayaquil-una-gran-plataforma-para-los-artistas-y-un-encuentro-que-nos-convoca\\\/#primaryimage\"},\"thumbnailUrl\":\"https:\\\/\\\/www.uartes.edu.ec\\\/sitio\\\/wp-content\\\/uploads\\\/2022\\\/08\\\/PORTADA-INFOUARTES-OK-MERCADO-1.jpg\",\"keywords\":[\"I Mercado de las Artes\"],\"articleSection\":[\"1A\",\"Acad\u00e9mico\",\"Administrativos\",\"Alumni\",\"Artes\",\"Docentes\",\"Estudiantes\",\"Gesti\u00f3n\"],\"inLanguage\":\"en-US\",\"potentialAction\":[{\"@type\":\"CommentAction\",\"name\":\"Comment\",\"target\":[\"https:\\\/\\\/www.uartes.edu.ec\\\/sitio\\\/en\\\/blog\\\/2022\\\/08\\\/10\\\/i-mercado-de-las-artes-de-guayaquil-una-gran-plataforma-para-los-artistas-y-un-encuentro-que-nos-convoca\\\/#respond\"]}]},{\"@type\":[\"WebPage\",\"ItemPage\"],\"@id\":\"https:\\\/\\\/www.uartes.edu.ec\\\/sitio\\\/en\\\/blog\\\/2022\\\/08\\\/10\\\/i-mercado-de-las-artes-de-guayaquil-una-gran-plataforma-para-los-artistas-y-un-encuentro-que-nos-convoca\\\/\",\"url\":\"https:\\\/\\\/www.uartes.edu.ec\\\/sitio\\\/en\\\/blog\\\/2022\\\/08\\\/10\\\/i-mercado-de-las-artes-de-guayaquil-una-gran-plataforma-para-los-artistas-y-un-encuentro-que-nos-convoca\\\/\",\"name\":\"Universidad de las Artes - I Mercado de las Artes de Guayaquil, gran plataforma para los artistas y una cita innovadora que nos convoca\",\"isPartOf\":{\"@id\":\"https:\\\/\\\/www.uartes.edu.ec\\\/sitio\\\/en\\\/#website\"},\"primaryImageOfPage\":{\"@id\":\"https:\\\/\\\/www.uartes.edu.ec\\\/sitio\\\/en\\\/blog\\\/2022\\\/08\\\/10\\\/i-mercado-de-las-artes-de-guayaquil-una-gran-plataforma-para-los-artistas-y-un-encuentro-que-nos-convoca\\\/#primaryimage\"},\"image\":{\"@id\":\"https:\\\/\\\/www.uartes.edu.ec\\\/sitio\\\/en\\\/blog\\\/2022\\\/08\\\/10\\\/i-mercado-de-las-artes-de-guayaquil-una-gran-plataforma-para-los-artistas-y-un-encuentro-que-nos-convoca\\\/#primaryimage\"},\"thumbnailUrl\":\"https:\\\/\\\/www.uartes.edu.ec\\\/sitio\\\/wp-content\\\/uploads\\\/2022\\\/08\\\/PORTADA-INFOUARTES-OK-MERCADO-1.jpg\",\"datePublished\":\"2022-08-10T23:24:00+00:00\",\"dateModified\":\"2024-07-04T16:23:12+00:00\",\"description\":\"Universidad de las Artes - I Mercado de las Artes de Guayaquil, gran plataforma para los artistas y una cita innovadora que nos convoca\",\"breadcrumb\":{\"@id\":\"https:\\\/\\\/www.uartes.edu.ec\\\/sitio\\\/en\\\/blog\\\/2022\\\/08\\\/10\\\/i-mercado-de-las-artes-de-guayaquil-una-gran-plataforma-para-los-artistas-y-un-encuentro-que-nos-convoca\\\/#breadcrumb\"},\"inLanguage\":\"en-US\",\"potentialAction\":[{\"@type\":\"ReadAction\",\"target\":[\"https:\\\/\\\/www.uartes.edu.ec\\\/sitio\\\/en\\\/blog\\\/2022\\\/08\\\/10\\\/i-mercado-de-las-artes-de-guayaquil-una-gran-plataforma-para-los-artistas-y-un-encuentro-que-nos-convoca\\\/\"]}]},{\"@type\":\"ImageObject\",\"inLanguage\":\"en-US\",\"@id\":\"https:\\\/\\\/www.uartes.edu.ec\\\/sitio\\\/en\\\/blog\\\/2022\\\/08\\\/10\\\/i-mercado-de-las-artes-de-guayaquil-una-gran-plataforma-para-los-artistas-y-un-encuentro-que-nos-convoca\\\/#primaryimage\",\"url\":\"https:\\\/\\\/www.uartes.edu.ec\\\/sitio\\\/wp-content\\\/uploads\\\/2022\\\/08\\\/PORTADA-INFOUARTES-OK-MERCADO-1.jpg\",\"contentUrl\":\"https:\\\/\\\/www.uartes.edu.ec\\\/sitio\\\/wp-content\\\/uploads\\\/2022\\\/08\\\/PORTADA-INFOUARTES-OK-MERCADO-1.jpg\",\"width\":2000,\"height\":1333},{\"@type\":\"BreadcrumbList\",\"@id\":\"https:\\\/\\\/www.uartes.edu.ec\\\/sitio\\\/en\\\/blog\\\/2022\\\/08\\\/10\\\/i-mercado-de-las-artes-de-guayaquil-una-gran-plataforma-para-los-artistas-y-un-encuentro-que-nos-convoca\\\/#breadcrumb\",\"itemListElement\":[{\"@type\":\"ListItem\",\"position\":1,\"name\":\"Inicio\",\"item\":\"https:\\\/\\\/www.uartes.edu.ec\\\/sitio\\\/\"},{\"@type\":\"ListItem\",\"position\":2,\"name\":\"I Mercado de las Artes de Guayaquil, gran plataforma para los artistas y una cita innovadora que nos convoca\"}]},{\"@type\":\"WebSite\",\"@id\":\"https:\\\/\\\/www.uartes.edu.ec\\\/sitio\\\/en\\\/#website\",\"url\":\"https:\\\/\\\/www.uartes.edu.ec\\\/sitio\\\/en\\\/\",\"name\":\"Universidad de las Artes\",\"description\":\"Sitio oficial de la Universidad Nacional de las Artes del Ecuador\",\"publisher\":{\"@id\":\"https:\\\/\\\/www.uartes.edu.ec\\\/sitio\\\/en\\\/#organization\"},\"potentialAction\":[{\"@type\":\"SearchAction\",\"target\":{\"@type\":\"EntryPoint\",\"urlTemplate\":\"https:\\\/\\\/www.uartes.edu.ec\\\/sitio\\\/en\\\/?s={search_term_string}\"},\"query-input\":{\"@type\":\"PropertyValueSpecification\",\"valueRequired\":true,\"valueName\":\"search_term_string\"}}],\"inLanguage\":\"en-US\"},{\"@type\":\"Organization\",\"@id\":\"https:\\\/\\\/www.uartes.edu.ec\\\/sitio\\\/en\\\/#organization\",\"name\":\"Universidad de las Artes\",\"url\":\"https:\\\/\\\/www.uartes.edu.ec\\\/sitio\\\/en\\\/\",\"logo\":{\"@type\":\"ImageObject\",\"inLanguage\":\"en-US\",\"@id\":\"https:\\\/\\\/www.uartes.edu.ec\\\/sitio\\\/en\\\/#\\\/schema\\\/logo\\\/image\\\/\",\"url\":\"https:\\\/\\\/www.uartes.edu.ec\\\/sitio\\\/wp-content\\\/uploads\\\/2022\\\/07\\\/logo-ua-horizontal.png\",\"contentUrl\":\"https:\\\/\\\/www.uartes.edu.ec\\\/sitio\\\/wp-content\\\/uploads\\\/2022\\\/07\\\/logo-ua-horizontal.png\",\"width\":800,\"height\":276,\"caption\":\"Universidad de las Artes\"},\"image\":{\"@id\":\"https:\\\/\\\/www.uartes.edu.ec\\\/sitio\\\/en\\\/#\\\/schema\\\/logo\\\/image\\\/\"},\"sameAs\":[\"https:\\\/\\\/www.facebook.com\\\/uartesec\",\"https:\\\/\\\/x.com\\\/uartesec\",\"https:\\\/\\\/www.tiktok.com\\\/@uartesec\"]},{\"@type\":\"Person\",\"@id\":\"https:\\\/\\\/www.uartes.edu.ec\\\/sitio\\\/en\\\/#\\\/schema\\\/person\\\/efa1b8275797664fd7f13a79ccc0b1f4\",\"name\":\"ccortez\",\"image\":{\"@type\":\"ImageObject\",\"inLanguage\":\"en-US\",\"@id\":\"https:\\\/\\\/secure.gravatar.com\\\/avatar\\\/b2a6f664a3ae8e074346ef91775736c5ec479e637ecced6842de9dc98b5da9cd?s=96&d=mm&r=g\",\"url\":\"https:\\\/\\\/secure.gravatar.com\\\/avatar\\\/b2a6f664a3ae8e074346ef91775736c5ec479e637ecced6842de9dc98b5da9cd?s=96&d=mm&r=g\",\"contentUrl\":\"https:\\\/\\\/secure.gravatar.com\\\/avatar\\\/b2a6f664a3ae8e074346ef91775736c5ec479e637ecced6842de9dc98b5da9cd?s=96&d=mm&r=g\",\"caption\":\"ccortez\"},\"url\":\"https:\\\/\\\/www.uartes.edu.ec\\\/sitio\\\/en\\\/blog\\\/author\\\/ccortez\\\/\"}]}<\/script>\n<!-- \/ Yoast SEO plugin. -->","yoast_head_json":{"title":"Universidad de las Artes - I Mercado de las Artes de Guayaquil, gran plataforma para los artistas y una cita innovadora que nos convoca","description":"Universidad de las Artes - I Mercado de las Artes de Guayaquil, gran plataforma para los artistas y una cita innovadora que nos convoca","robots":{"index":"index","follow":"follow","max-snippet":"max-snippet:-1","max-image-preview":"max-image-preview:large","max-video-preview":"max-video-preview:-1"},"canonical":"https:\/\/www.uartes.edu.ec\/sitio\/en\/blog\/2022\/08\/10\/i-mercado-de-las-artes-de-guayaquil-una-gran-plataforma-para-los-artistas-y-un-encuentro-que-nos-convoca\/","og_locale":"en_US","og_type":"article","og_title":"Universidad de las Artes - I Mercado de las Artes de Guayaquil, gran plataforma para los artistas y una cita innovadora que nos convoca","og_description":"Universidad de las Artes - I Mercado de las Artes de Guayaquil, gran plataforma para los artistas y una cita innovadora que nos convoca","og_url":"https:\/\/www.uartes.edu.ec\/sitio\/en\/blog\/2022\/08\/10\/i-mercado-de-las-artes-de-guayaquil-una-gran-plataforma-para-los-artistas-y-un-encuentro-que-nos-convoca\/","og_site_name":"Universidad de las Artes","article_publisher":"https:\/\/www.facebook.com\/uartesec","article_published_time":"2022-08-10T23:24:00+00:00","article_modified_time":"2024-07-04T16:23:12+00:00","og_image":[{"width":2000,"height":1333,"url":"https:\/\/www.uartes.edu.ec\/sitio\/wp-content\/uploads\/2022\/08\/PORTADA-INFOUARTES-OK-MERCADO-1.jpg","type":"image\/jpeg"}],"author":"ccortez","twitter_card":"summary_large_image","twitter_creator":"@uartesec","twitter_site":"@uartesec","twitter_misc":{"Written by":"ccortez","Est. reading time":"6 minutes"},"schema":{"@context":"https:\/\/schema.org","@graph":[{"@type":"Article","@id":"https:\/\/www.uartes.edu.ec\/sitio\/en\/blog\/2022\/08\/10\/i-mercado-de-las-artes-de-guayaquil-una-gran-plataforma-para-los-artistas-y-un-encuentro-que-nos-convoca\/#article","isPartOf":{"@id":"https:\/\/www.uartes.edu.ec\/sitio\/en\/blog\/2022\/08\/10\/i-mercado-de-las-artes-de-guayaquil-una-gran-plataforma-para-los-artistas-y-un-encuentro-que-nos-convoca\/"},"author":{"name":"ccortez","@id":"https:\/\/www.uartes.edu.ec\/sitio\/en\/#\/schema\/person\/efa1b8275797664fd7f13a79ccc0b1f4"},"headline":"I Mercado de las Artes de Guayaquil, gran plataforma para los artistas y una cita innovadora que nos convoca","datePublished":"2022-08-10T23:24:00+00:00","dateModified":"2024-07-04T16:23:12+00:00","mainEntityOfPage":{"@id":"https:\/\/www.uartes.edu.ec\/sitio\/en\/blog\/2022\/08\/10\/i-mercado-de-las-artes-de-guayaquil-una-gran-plataforma-para-los-artistas-y-un-encuentro-que-nos-convoca\/"},"wordCount":1091,"commentCount":0,"publisher":{"@id":"https:\/\/www.uartes.edu.ec\/sitio\/en\/#organization"},"image":{"@id":"https:\/\/www.uartes.edu.ec\/sitio\/en\/blog\/2022\/08\/10\/i-mercado-de-las-artes-de-guayaquil-una-gran-plataforma-para-los-artistas-y-un-encuentro-que-nos-convoca\/#primaryimage"},"thumbnailUrl":"https:\/\/www.uartes.edu.ec\/sitio\/wp-content\/uploads\/2022\/08\/PORTADA-INFOUARTES-OK-MERCADO-1.jpg","keywords":["I Mercado de las Artes"],"articleSection":["1A","Acad\u00e9mico","Administrativos","Alumni","Artes","Docentes","Estudiantes","Gesti\u00f3n"],"inLanguage":"en-US","potentialAction":[{"@type":"CommentAction","name":"Comment","target":["https:\/\/www.uartes.edu.ec\/sitio\/en\/blog\/2022\/08\/10\/i-mercado-de-las-artes-de-guayaquil-una-gran-plataforma-para-los-artistas-y-un-encuentro-que-nos-convoca\/#respond"]}]},{"@type":["WebPage","ItemPage"],"@id":"https:\/\/www.uartes.edu.ec\/sitio\/en\/blog\/2022\/08\/10\/i-mercado-de-las-artes-de-guayaquil-una-gran-plataforma-para-los-artistas-y-un-encuentro-que-nos-convoca\/","url":"https:\/\/www.uartes.edu.ec\/sitio\/en\/blog\/2022\/08\/10\/i-mercado-de-las-artes-de-guayaquil-una-gran-plataforma-para-los-artistas-y-un-encuentro-que-nos-convoca\/","name":"Universidad de las Artes - I Mercado de las Artes de Guayaquil, gran plataforma para los artistas y una cita innovadora que nos convoca","isPartOf":{"@id":"https:\/\/www.uartes.edu.ec\/sitio\/en\/#website"},"primaryImageOfPage":{"@id":"https:\/\/www.uartes.edu.ec\/sitio\/en\/blog\/2022\/08\/10\/i-mercado-de-las-artes-de-guayaquil-una-gran-plataforma-para-los-artistas-y-un-encuentro-que-nos-convoca\/#primaryimage"},"image":{"@id":"https:\/\/www.uartes.edu.ec\/sitio\/en\/blog\/2022\/08\/10\/i-mercado-de-las-artes-de-guayaquil-una-gran-plataforma-para-los-artistas-y-un-encuentro-que-nos-convoca\/#primaryimage"},"thumbnailUrl":"https:\/\/www.uartes.edu.ec\/sitio\/wp-content\/uploads\/2022\/08\/PORTADA-INFOUARTES-OK-MERCADO-1.jpg","datePublished":"2022-08-10T23:24:00+00:00","dateModified":"2024-07-04T16:23:12+00:00","description":"Universidad de las Artes - I Mercado de las Artes de Guayaquil, gran plataforma para los artistas y una cita innovadora que nos convoca","breadcrumb":{"@id":"https:\/\/www.uartes.edu.ec\/sitio\/en\/blog\/2022\/08\/10\/i-mercado-de-las-artes-de-guayaquil-una-gran-plataforma-para-los-artistas-y-un-encuentro-que-nos-convoca\/#breadcrumb"},"inLanguage":"en-US","potentialAction":[{"@type":"ReadAction","target":["https:\/\/www.uartes.edu.ec\/sitio\/en\/blog\/2022\/08\/10\/i-mercado-de-las-artes-de-guayaquil-una-gran-plataforma-para-los-artistas-y-un-encuentro-que-nos-convoca\/"]}]},{"@type":"ImageObject","inLanguage":"en-US","@id":"https:\/\/www.uartes.edu.ec\/sitio\/en\/blog\/2022\/08\/10\/i-mercado-de-las-artes-de-guayaquil-una-gran-plataforma-para-los-artistas-y-un-encuentro-que-nos-convoca\/#primaryimage","url":"https:\/\/www.uartes.edu.ec\/sitio\/wp-content\/uploads\/2022\/08\/PORTADA-INFOUARTES-OK-MERCADO-1.jpg","contentUrl":"https:\/\/www.uartes.edu.ec\/sitio\/wp-content\/uploads\/2022\/08\/PORTADA-INFOUARTES-OK-MERCADO-1.jpg","width":2000,"height":1333},{"@type":"BreadcrumbList","@id":"https:\/\/www.uartes.edu.ec\/sitio\/en\/blog\/2022\/08\/10\/i-mercado-de-las-artes-de-guayaquil-una-gran-plataforma-para-los-artistas-y-un-encuentro-que-nos-convoca\/#breadcrumb","itemListElement":[{"@type":"ListItem","position":1,"name":"Inicio","item":"https:\/\/www.uartes.edu.ec\/sitio\/"},{"@type":"ListItem","position":2,"name":"I Mercado de las Artes de Guayaquil, gran plataforma para los artistas y una cita innovadora que nos convoca"}]},{"@type":"WebSite","@id":"https:\/\/www.uartes.edu.ec\/sitio\/en\/#website","url":"https:\/\/www.uartes.edu.ec\/sitio\/en\/","name":"Universidad de las Artes","description":"Sitio oficial de la Universidad Nacional de las Artes del Ecuador","publisher":{"@id":"https:\/\/www.uartes.edu.ec\/sitio\/en\/#organization"},"potentialAction":[{"@type":"SearchAction","target":{"@type":"EntryPoint","urlTemplate":"https:\/\/www.uartes.edu.ec\/sitio\/en\/?s={search_term_string}"},"query-input":{"@type":"PropertyValueSpecification","valueRequired":true,"valueName":"search_term_string"}}],"inLanguage":"en-US"},{"@type":"Organization","@id":"https:\/\/www.uartes.edu.ec\/sitio\/en\/#organization","name":"Universidad de las Artes","url":"https:\/\/www.uartes.edu.ec\/sitio\/en\/","logo":{"@type":"ImageObject","inLanguage":"en-US","@id":"https:\/\/www.uartes.edu.ec\/sitio\/en\/#\/schema\/logo\/image\/","url":"https:\/\/www.uartes.edu.ec\/sitio\/wp-content\/uploads\/2022\/07\/logo-ua-horizontal.png","contentUrl":"https:\/\/www.uartes.edu.ec\/sitio\/wp-content\/uploads\/2022\/07\/logo-ua-horizontal.png","width":800,"height":276,"caption":"Universidad de las Artes"},"image":{"@id":"https:\/\/www.uartes.edu.ec\/sitio\/en\/#\/schema\/logo\/image\/"},"sameAs":["https:\/\/www.facebook.com\/uartesec","https:\/\/x.com\/uartesec","https:\/\/www.tiktok.com\/@uartesec"]},{"@type":"Person","@id":"https:\/\/www.uartes.edu.ec\/sitio\/en\/#\/schema\/person\/efa1b8275797664fd7f13a79ccc0b1f4","name":"ccortez","image":{"@type":"ImageObject","inLanguage":"en-US","@id":"https:\/\/secure.gravatar.com\/avatar\/b2a6f664a3ae8e074346ef91775736c5ec479e637ecced6842de9dc98b5da9cd?s=96&d=mm&r=g","url":"https:\/\/secure.gravatar.com\/avatar\/b2a6f664a3ae8e074346ef91775736c5ec479e637ecced6842de9dc98b5da9cd?s=96&d=mm&r=g","contentUrl":"https:\/\/secure.gravatar.com\/avatar\/b2a6f664a3ae8e074346ef91775736c5ec479e637ecced6842de9dc98b5da9cd?s=96&d=mm&r=g","caption":"ccortez"},"url":"https:\/\/www.uartes.edu.ec\/sitio\/en\/blog\/author\/ccortez\/"}]}},"uagb_featured_image_src":{"full":["https:\/\/www.uartes.edu.ec\/sitio\/wp-content\/uploads\/2022\/08\/PORTADA-INFOUARTES-OK-MERCADO-1.jpg",2000,1333,false],"thumbnail":["https:\/\/www.uartes.edu.ec\/sitio\/wp-content\/uploads\/2022\/08\/PORTADA-INFOUARTES-OK-MERCADO-1-150x150.jpg",150,150,true],"medium":["https:\/\/www.uartes.edu.ec\/sitio\/wp-content\/uploads\/2022\/08\/PORTADA-INFOUARTES-OK-MERCADO-1-300x200.jpg",300,200,true],"medium_large":["https:\/\/www.uartes.edu.ec\/sitio\/wp-content\/uploads\/2022\/08\/PORTADA-INFOUARTES-OK-MERCADO-1-768x512.jpg",768,512,true],"large":["https:\/\/www.uartes.edu.ec\/sitio\/wp-content\/uploads\/2022\/08\/PORTADA-INFOUARTES-OK-MERCADO-1-644x429.jpg",644,429,true],"1536x1536":["https:\/\/www.uartes.edu.ec\/sitio\/wp-content\/uploads\/2022\/08\/PORTADA-INFOUARTES-OK-MERCADO-1-1536x1024.jpg",1536,1024,true],"2048x2048":["https:\/\/www.uartes.edu.ec\/sitio\/wp-content\/uploads\/2022\/08\/PORTADA-INFOUARTES-OK-MERCADO-1.jpg",2000,1333,false],"trp-custom-language-flag":["https:\/\/www.uartes.edu.ec\/sitio\/wp-content\/uploads\/2022\/08\/PORTADA-INFOUARTES-OK-MERCADO-1.jpg",18,12,false],"htmega_size_585x295":["https:\/\/www.uartes.edu.ec\/sitio\/wp-content\/uploads\/2022\/08\/PORTADA-INFOUARTES-OK-MERCADO-1.jpg",443,295,false],"htmega_size_1170x536":["https:\/\/www.uartes.edu.ec\/sitio\/wp-content\/uploads\/2022\/08\/PORTADA-INFOUARTES-OK-MERCADO-1.jpg",804,536,false],"htmega_size_396x360":["https:\/\/www.uartes.edu.ec\/sitio\/wp-content\/uploads\/2022\/08\/PORTADA-INFOUARTES-OK-MERCADO-1.jpg",396,264,false],"gb-block-post-grid-landscape":["https:\/\/www.uartes.edu.ec\/sitio\/wp-content\/uploads\/2022\/08\/PORTADA-INFOUARTES-OK-MERCADO-1-600x400.jpg",600,400,true],"gb-block-post-grid-square":["https:\/\/www.uartes.edu.ec\/sitio\/wp-content\/uploads\/2022\/08\/PORTADA-INFOUARTES-OK-MERCADO-1-600x600.jpg",600,600,true],"university-hub-thumb":["https:\/\/www.uartes.edu.ec\/sitio\/wp-content\/uploads\/2022\/08\/PORTADA-INFOUARTES-OK-MERCADO-1-400x267.jpg",400,267,true],"mailpoet_newsletter_max":["https:\/\/www.uartes.edu.ec\/sitio\/wp-content\/uploads\/2022\/08\/PORTADA-INFOUARTES-OK-MERCADO-1.jpg",1320,880,false]},"uagb_author_info":{"display_name":"ccortez","author_link":"https:\/\/www.uartes.edu.ec\/sitio\/en\/blog\/author\/ccortez\/"},"uagb_comment_info":0,"uagb_excerpt":"El prop\u00f3sito es innovar, que es lo que hacemos ahora, de eso se trata este espacio. Lo dijo el doctor William Herrera, rector de la UArtes, en la inauguraci\u00f3n del I Mercado de las Artes de Guayaquil que el Centro de Producci\u00f3n e Innovaci\u00f3n MZ14 inici\u00f3 este martes 9 de agosto y que hasta el&hellip;","featured_image_src":"https:\/\/www.uartes.edu.ec\/sitio\/wp-content\/uploads\/2022\/08\/PORTADA-INFOUARTES-OK-MERCADO-1-600x400.jpg","featured_image_src_square":"https:\/\/www.uartes.edu.ec\/sitio\/wp-content\/uploads\/2022\/08\/PORTADA-INFOUARTES-OK-MERCADO-1-600x600.jpg","author_info":{"display_name":"ccortez","author_link":"https:\/\/www.uartes.edu.ec\/sitio\/en\/blog\/author\/ccortez\/"},"publishpress_future_workflow_manual_trigger":{"enabledWorkflows":[]},"distributor_meta":false,"distributor_terms":false,"distributor_media":false,"distributor_original_site_name":"Universidad de las Artes","distributor_original_site_url":"https:\/\/www.uartes.edu.ec\/sitio\/en","push-errors":false,"_links":{"self":[{"href":"https:\/\/www.uartes.edu.ec\/sitio\/en\/wp-json\/wp\/v2\/posts\/26447","targetHints":{"allow":["GET"]}}],"collection":[{"href":"https:\/\/www.uartes.edu.ec\/sitio\/en\/wp-json\/wp\/v2\/posts"}],"about":[{"href":"https:\/\/www.uartes.edu.ec\/sitio\/en\/wp-json\/wp\/v2\/types\/post"}],"author":[{"embeddable":true,"href":"https:\/\/www.uartes.edu.ec\/sitio\/en\/wp-json\/wp\/v2\/users\/10"}],"replies":[{"embeddable":true,"href":"https:\/\/www.uartes.edu.ec\/sitio\/en\/wp-json\/wp\/v2\/comments?post=26447"}],"version-history":[{"count":11,"href":"https:\/\/www.uartes.edu.ec\/sitio\/en\/wp-json\/wp\/v2\/posts\/26447\/revisions"}],"predecessor-version":[{"id":27397,"href":"https:\/\/www.uartes.edu.ec\/sitio\/en\/wp-json\/wp\/v2\/posts\/26447\/revisions\/27397"}],"wp:featuredmedia":[{"embeddable":true,"href":"https:\/\/www.uartes.edu.ec\/sitio\/en\/wp-json\/wp\/v2\/media\/26480"}],"wp:attachment":[{"href":"https:\/\/www.uartes.edu.ec\/sitio\/en\/wp-json\/wp\/v2\/media?parent=26447"}],"wp:term":[{"taxonomy":"category","embeddable":true,"href":"https:\/\/www.uartes.edu.ec\/sitio\/en\/wp-json\/wp\/v2\/categories?post=26447"},{"taxonomy":"post_tag","embeddable":true,"href":"https:\/\/www.uartes.edu.ec\/sitio\/en\/wp-json\/wp\/v2\/tags?post=26447"},{"taxonomy":"infouartes","embeddable":true,"href":"https:\/\/www.uartes.edu.ec\/sitio\/en\/wp-json\/wp\/v2\/infouartes?post=26447"}],"curies":[{"name":"wp","href":"https:\/\/api.w.org\/{rel}","templated":true}]}}