{"id":26779,"date":"2022-08-23T17:25:00","date_gmt":"2022-08-23T22:25:00","guid":{"rendered":"http:\/\/www.uartes.edu.ec\/sitio\/?p=26779"},"modified":"2024-07-04T11:23:10","modified_gmt":"2024-07-04T16:23:10","slug":"carolina-ramos-primera-de-22-estudiantes-de-lamaestria-de-escritura-creativa-en-sustentar-tesis","status":"publish","type":"post","link":"https:\/\/www.uartes.edu.ec\/sitio\/en\/blog\/2022\/08\/23\/carolina-ramos-primera-de-22-estudiantes-de-lamaestria-de-escritura-creativa-en-sustentar-tesis\/","title":{"rendered":"Carolina Ramos, la primera de los 22 estudiantes de la maestr\u00eda de Escritura Creativa de UArtes en sustentar tesis"},"content":{"rendered":"<p>Los 22 estudiantes que en el 2020 iniciaron en la Universidad de las Artes el programa de posgrados de Escritura Creativa se encuentran a un paso de concluir su preparaci\u00f3n acad\u00e9mica de cuarto nivel. Unos han sustentado ya su tesis y otros est\u00e1n a la espera de hacerlo. De esta \u00faltima etapa, Carolina Ramos se convirti\u00f3, el pasado 19 de agosto, en la primera maestrante en defender su trabajo final. <\/p>\n\n\n\n<p>A continuaci\u00f3n, la hoy mag\u00edster en Escritura Creativa, menci\u00f3n Literatura, nos comparte en primera persona la experiencia acad\u00e9mica, sus motivaciones para estudiar la maestr\u00eda, los conocimientos adquiridos y los proyectos futuros: <\/p>\n\n\n\n<p>\u00abAunque me gradu\u00e9 de una carrera de Ciencias de la Educaci\u00f3n en la UCSG, siempre pens\u00e9 que lo m\u00edo era la Literatura. De ah\u00ed que me hac\u00eda pasar por estudiante de Letras dentro de mi Facultad y compraba las copias que dejaban los profesores de taller de poes\u00eda. Qui\u00e9n me iba a decir a m\u00ed que alguno de esos maestros me dar\u00eda clases en un par de a\u00f1os. Todo era cuesti\u00f3n de tiempo, pero como es natural en estos casos, yo no deb\u00eda saberlo.<\/p>\n\n\n\n<p>A los dos a\u00f1os de obtener la licenciatura, ten\u00eda muchas ganas de ingresar a una Maestr\u00eda de Escritura Creativa, pero solo encontr\u00e9 opciones fuera del pa\u00eds que se escapaban de mi presupuesto. De hecho, estaba a punto de darme por vencida, cuando un amigo me coment\u00f3 que en la Universidad de las Artes se abrir\u00eda una. De inmediato busqu\u00e9 informaci\u00f3n sobre los profesores que ofrec\u00eda el programa, la malla curricular y supe que no deb\u00eda desaprovecharla. Tan convencida como estaba de que ese era mi lugar, me arriesgu\u00e9 a dar un examen de suficiencia de ingl\u00e9s de Cambridge a lo loco, con tal de conseguir el certificado que me ped\u00edan entre los requisitos de ingreso.&nbsp; Para la carta de recomendaci\u00f3n solo pude contactar a un viejo amigo que ya ni viv\u00eda en el pa\u00eds, pero las cosas se dieron, y a pesar de la diferencia de horario y la distancia, me recomend\u00f3. En febrero del 2020 recib\u00ed mi carta de admisi\u00f3n.<\/p>\n\n\n<div class=\"wp-block-image\">\n<figure class=\"aligncenter size-large\"><img fetchpriority=\"high\" decoding=\"async\" width=\"644\" height=\"472\" src=\"http:\/\/www.uartes.edu.ec\/sitio\/wp-content\/uploads\/2022\/08\/Carolina2-644x472.jpeg\" alt=\"\" class=\"wp-image-26780\" srcset=\"https:\/\/www.uartes.edu.ec\/sitio\/wp-content\/uploads\/2022\/08\/Carolina2-644x472.jpeg 644w, https:\/\/www.uartes.edu.ec\/sitio\/wp-content\/uploads\/2022\/08\/Carolina2-768x563.jpeg 768w, https:\/\/www.uartes.edu.ec\/sitio\/wp-content\/uploads\/2022\/08\/Carolina2.jpeg 1038w, https:\/\/www.uartes.edu.ec\/sitio\/wp-content\/uploads\/2022\/08\/Carolina2-600x440.jpeg 600w\" sizes=\"(max-width: 644px) 100vw, 644px\" \/><\/figure>\n<\/div>\n\n\n<p>Cuando todo parec\u00eda suceder sin mayor contratiempo, al mundo lo sorprendi\u00f3 una pandemia. El miedo sumado a la sobrecarga laboral injusta, el descuento en los salarios, la muerte a la vuelta de la esquina; todo hac\u00eda ver la elecci\u00f3n de estudiar en esos momentos tan cr\u00edticos como una completa locura. No obstante, interactuar con mis compa\u00f1eros y queridos profesores como Ra\u00fal Vallejo, Solange Rodr\u00edguez, Diego Falcon\u00ed, Maritza Cino, Daniela Alc\u00edvar, Lucila Lema, Mar\u00eda Auxiliadora Balladares, Jorge Izquierdo y Cristian Cortez a trav\u00e9s de las pantallitas me hizo olvidar, aunque sea dos horas diarias, lo terrible que se vivi\u00f3 fuera de Zoom. Ni se diga lo importante que fue compartir unas pocas, aunque contundentes clases presenciales, con los maestros del \u00faltimo semestre.&nbsp;<\/p>\n\n\n\n<p>Por otro lado, confieso que la maestr\u00eda me permiti\u00f3 conocer otras posibilidades de escritura, tanto as\u00ed que yo entr\u00e9 confiada de que sustentar\u00eda un poemario sobre sue\u00f1os como trabajo de titulaci\u00f3n; pero termin\u00e9 escribiendo un conjunto de microrrelatos sobre el duelo y sus rituales, influenciado, en gran parte, por la muerte de mi abuelo y otras p\u00e9rdidas personales. Ni se hable de las ganas con las que salgo de escribir un diario o una autoetnograf\u00eda.<\/p>\n\n\n\n<p>Por \u00faltimo, siento que estudiar una maestr\u00eda como esta reafirm\u00f3 mi deseo de seguir escribiendo, adem\u00e1s de que me prepar\u00f3 para hacerlo a\u00fan en medio de un apocalipsis, porque si algo no se me olvida de todo este aprendizaje es que siempre se escribe en condiciones precarias, siempre cuando todo parece imposible\u00bb.<\/p>\n\n\n\n<p>Cabe indicar que Carolina Ramos y sus compa\u00f1eros integran la primera cohorte de la maestr\u00eda de Escritura Creativa, la quinta de los seis programas de posgrados de la oferta acad\u00e9mica de la UArtes. Los otros son <a href=\"http:\/\/www.uartes.edu.ec\/sitio\/la-universidad\/posgrado\/maestria-en-artes-visuales-y-nuevos-medios\/\">Artes Visuales y Nuevos Medios, <\/a><a href=\"http:\/\/www.uartes.edu.ec\/sitio\/la-universidad\/posgrado\/maestria-en-composicion-musical-y-artes-sonoras\/\">Musical Composition and Sound Arts<\/a>, <a href=\"http:\/\/www.uartes.edu.ec\/sitio\/la-universidad\/posgrado\/maestria-en-politicas-culturales-y-gestion-de-las-artes\/\">Pol\u00edticas Culturales y Gesti\u00f3n de las Artes, <\/a><a href=\"http:\/\/www.uartes.edu.ec\/sitio\/la-universidad\/posgrado\/maestria-en-fotografia-y-sociedad-en-america-latina\/\">Fotograf\u00eda y Sociedad en Am\u00e9rica Latina, y <\/a><a href=\"http:\/\/www.uartes.edu.ec\/sitio\/la-universidad\/posgrado\/maestria-en-cine-documental\/\">Documentary Filmmaking<\/a>, que se encuentra en la fase de postulaciones.<\/p>\n\n\n<div class=\"wp-block-image\">\n<figure class=\"aligncenter size-large\"><img decoding=\"async\" width=\"644\" height=\"482\" src=\"http:\/\/www.uartes.edu.ec\/sitio\/wp-content\/uploads\/2022\/08\/Carolina1-644x482.jpeg\" alt=\"\" class=\"wp-image-26781\" srcset=\"https:\/\/www.uartes.edu.ec\/sitio\/wp-content\/uploads\/2022\/08\/Carolina1-644x482.jpeg 644w, https:\/\/www.uartes.edu.ec\/sitio\/wp-content\/uploads\/2022\/08\/Carolina1-300x225.jpeg 300w, https:\/\/www.uartes.edu.ec\/sitio\/wp-content\/uploads\/2022\/08\/Carolina1-768x575.jpeg 768w, https:\/\/www.uartes.edu.ec\/sitio\/wp-content\/uploads\/2022\/08\/Carolina1-400x300.jpeg 400w, https:\/\/www.uartes.edu.ec\/sitio\/wp-content\/uploads\/2022\/08\/Carolina1-600x449.jpeg 600w, https:\/\/www.uartes.edu.ec\/sitio\/wp-content\/uploads\/2022\/08\/Carolina1.jpeg 1280w\" sizes=\"(max-width: 644px) 100vw, 644px\" \/><\/figure>\n<\/div>\n\n\n<p>En la imagen principal, Carolina Ramos (primera del extremo superior izquierdo) en la sustentaci\u00f3n de tesis que hizo el pasado 19 de agosto. En las fotograf\u00edas siguientes, la hoy mag\u00edster junto a sus compa\u00f1eros en clases virtual y presencial.<\/p>","protected":false},"excerpt":{"rendered":"<p>Los 22 estudiantes que en el 2020 iniciaron en la Universidad de las Artes el programa de posgrados de Escritura Creativa se encuentran a un paso de concluir su preparaci\u00f3n acad\u00e9mica de cuarto nivel. Unos han sustentado ya su tesis y otros est\u00e1n a la espera de hacerlo. De esta \u00faltima etapa, Carolina Ramos se convirti\u00f3, el pasado 19 de agosto, en la primera maestrante en defender su trabajo final.<\/p>","protected":false},"author":10,"featured_media":26924,"comment_status":"open","ping_status":"open","sticky":false,"template":"","format":"standard","meta":{"_acf_changed":false,"_uag_custom_page_level_css":"","_monsterinsights_skip_tracking":false,"_monsterinsights_sitenote_active":false,"_monsterinsights_sitenote_note":"","_monsterinsights_sitenote_category":0,"cybocfi_hide_featured_image":"","footnotes":""},"categories":[717,80,76,264],"tags":[766],"infouartes":[],"class_list":["post-26779","post","type-post","status-publish","format-standard","has-post-thumbnail","hentry","category-1d","category-academico","category-estudiantes","category-maestrias","tag-tesis"],"acf":[],"yoast_head":"<!-- This site is optimized with the Yoast SEO plugin v27.4 - https:\/\/yoast.com\/product\/yoast-seo-wordpress\/ -->\n<title>Universidad de las Artes - Carolina Ramos, la primera de los 22 estudiantes de la maestr\u00eda de Escritura Creativa de UArtes en sustentar tesis<\/title>\n<meta name=\"description\" content=\"Universidad de las Artes - Carolina Ramos, la primera de los 22 estudiantes de la maestr\u00eda de Escritura Creativa de UArtes en sustentar tesis\" \/>\n<meta name=\"robots\" content=\"index, follow, max-snippet:-1, max-image-preview:large, max-video-preview:-1\" \/>\n<link rel=\"canonical\" href=\"https:\/\/www.uartes.edu.ec\/sitio\/en\/blog\/2022\/08\/23\/carolina-ramos-primera-de-22-estudiantes-de-lamaestria-de-escritura-creativa-en-sustentar-tesis\/\" \/>\n<meta property=\"og:locale\" content=\"en_US\" \/>\n<meta property=\"og:type\" content=\"article\" \/>\n<meta property=\"og:title\" content=\"Universidad de las Artes - Carolina Ramos, la primera de los 22 estudiantes de la maestr\u00eda de Escritura Creativa de UArtes en sustentar tesis\" \/>\n<meta property=\"og:description\" content=\"Universidad de las Artes - Carolina Ramos, la primera de los 22 estudiantes de la maestr\u00eda de Escritura Creativa de UArtes en sustentar tesis\" \/>\n<meta property=\"og:url\" content=\"https:\/\/www.uartes.edu.ec\/sitio\/en\/blog\/2022\/08\/23\/carolina-ramos-primera-de-22-estudiantes-de-lamaestria-de-escritura-creativa-en-sustentar-tesis\/\" \/>\n<meta property=\"og:site_name\" content=\"Universidad de las Artes\" \/>\n<meta property=\"article:publisher\" content=\"https:\/\/www.facebook.com\/uartesec\" \/>\n<meta property=\"article:published_time\" content=\"2022-08-23T22:25:00+00:00\" \/>\n<meta property=\"article:modified_time\" content=\"2024-07-04T16:23:10+00:00\" \/>\n<meta property=\"og:image\" content=\"https:\/\/www.uartes.edu.ec\/sitio\/wp-content\/uploads\/2022\/08\/foto-edit.jpg\" \/>\n\t<meta property=\"og:image:width\" content=\"1600\" \/>\n\t<meta property=\"og:image:height\" content=\"896\" \/>\n\t<meta property=\"og:image:type\" content=\"image\/jpeg\" \/>\n<meta name=\"author\" content=\"ccortez\" \/>\n<meta name=\"twitter:card\" content=\"summary_large_image\" \/>\n<meta name=\"twitter:creator\" content=\"@uartesec\" \/>\n<meta name=\"twitter:site\" content=\"@uartesec\" \/>\n<meta name=\"twitter:label1\" content=\"Written by\" \/>\n\t<meta name=\"twitter:data1\" content=\"ccortez\" \/>\n\t<meta name=\"twitter:label2\" content=\"Est. reading time\" \/>\n\t<meta name=\"twitter:data2\" content=\"4 minutes\" \/>\n<script type=\"application\/ld+json\" class=\"yoast-schema-graph\">{\"@context\":\"https:\\\/\\\/schema.org\",\"@graph\":[{\"@type\":\"Article\",\"@id\":\"https:\\\/\\\/www.uartes.edu.ec\\\/sitio\\\/en\\\/blog\\\/2022\\\/08\\\/23\\\/carolina-ramos-primera-de-22-estudiantes-de-lamaestria-de-escritura-creativa-en-sustentar-tesis\\\/#article\",\"isPartOf\":{\"@id\":\"https:\\\/\\\/www.uartes.edu.ec\\\/sitio\\\/en\\\/blog\\\/2022\\\/08\\\/23\\\/carolina-ramos-primera-de-22-estudiantes-de-lamaestria-de-escritura-creativa-en-sustentar-tesis\\\/\"},\"author\":{\"name\":\"ccortez\",\"@id\":\"https:\\\/\\\/www.uartes.edu.ec\\\/sitio\\\/en\\\/#\\\/schema\\\/person\\\/efa1b8275797664fd7f13a79ccc0b1f4\"},\"headline\":\"Carolina Ramos, la primera de los 22 estudiantes de la maestr\u00eda de Escritura Creativa de UArtes en sustentar tesis\",\"datePublished\":\"2022-08-23T22:25:00+00:00\",\"dateModified\":\"2024-07-04T16:23:10+00:00\",\"mainEntityOfPage\":{\"@id\":\"https:\\\/\\\/www.uartes.edu.ec\\\/sitio\\\/en\\\/blog\\\/2022\\\/08\\\/23\\\/carolina-ramos-primera-de-22-estudiantes-de-lamaestria-de-escritura-creativa-en-sustentar-tesis\\\/\"},\"wordCount\":781,\"commentCount\":0,\"publisher\":{\"@id\":\"https:\\\/\\\/www.uartes.edu.ec\\\/sitio\\\/en\\\/#organization\"},\"image\":{\"@id\":\"https:\\\/\\\/www.uartes.edu.ec\\\/sitio\\\/en\\\/blog\\\/2022\\\/08\\\/23\\\/carolina-ramos-primera-de-22-estudiantes-de-lamaestria-de-escritura-creativa-en-sustentar-tesis\\\/#primaryimage\"},\"thumbnailUrl\":\"https:\\\/\\\/www.uartes.edu.ec\\\/sitio\\\/wp-content\\\/uploads\\\/2022\\\/08\\\/foto-edit.jpg\",\"keywords\":[\"tesis\"],\"articleSection\":[\"1D\",\"Acad\u00e9mico\",\"Estudiantes\",\"Maestr\u00edas\"],\"inLanguage\":\"en-US\",\"potentialAction\":[{\"@type\":\"CommentAction\",\"name\":\"Comment\",\"target\":[\"https:\\\/\\\/www.uartes.edu.ec\\\/sitio\\\/en\\\/blog\\\/2022\\\/08\\\/23\\\/carolina-ramos-primera-de-22-estudiantes-de-lamaestria-de-escritura-creativa-en-sustentar-tesis\\\/#respond\"]}]},{\"@type\":[\"WebPage\",\"ItemPage\"],\"@id\":\"https:\\\/\\\/www.uartes.edu.ec\\\/sitio\\\/en\\\/blog\\\/2022\\\/08\\\/23\\\/carolina-ramos-primera-de-22-estudiantes-de-lamaestria-de-escritura-creativa-en-sustentar-tesis\\\/\",\"url\":\"https:\\\/\\\/www.uartes.edu.ec\\\/sitio\\\/en\\\/blog\\\/2022\\\/08\\\/23\\\/carolina-ramos-primera-de-22-estudiantes-de-lamaestria-de-escritura-creativa-en-sustentar-tesis\\\/\",\"name\":\"Universidad de las Artes - Carolina Ramos, la primera de los 22 estudiantes de la maestr\u00eda de Escritura Creativa de UArtes en sustentar tesis\",\"isPartOf\":{\"@id\":\"https:\\\/\\\/www.uartes.edu.ec\\\/sitio\\\/en\\\/#website\"},\"primaryImageOfPage\":{\"@id\":\"https:\\\/\\\/www.uartes.edu.ec\\\/sitio\\\/en\\\/blog\\\/2022\\\/08\\\/23\\\/carolina-ramos-primera-de-22-estudiantes-de-lamaestria-de-escritura-creativa-en-sustentar-tesis\\\/#primaryimage\"},\"image\":{\"@id\":\"https:\\\/\\\/www.uartes.edu.ec\\\/sitio\\\/en\\\/blog\\\/2022\\\/08\\\/23\\\/carolina-ramos-primera-de-22-estudiantes-de-lamaestria-de-escritura-creativa-en-sustentar-tesis\\\/#primaryimage\"},\"thumbnailUrl\":\"https:\\\/\\\/www.uartes.edu.ec\\\/sitio\\\/wp-content\\\/uploads\\\/2022\\\/08\\\/foto-edit.jpg\",\"datePublished\":\"2022-08-23T22:25:00+00:00\",\"dateModified\":\"2024-07-04T16:23:10+00:00\",\"description\":\"Universidad de las Artes - Carolina Ramos, la primera de los 22 estudiantes de la maestr\u00eda de Escritura Creativa de UArtes en sustentar tesis\",\"breadcrumb\":{\"@id\":\"https:\\\/\\\/www.uartes.edu.ec\\\/sitio\\\/en\\\/blog\\\/2022\\\/08\\\/23\\\/carolina-ramos-primera-de-22-estudiantes-de-lamaestria-de-escritura-creativa-en-sustentar-tesis\\\/#breadcrumb\"},\"inLanguage\":\"en-US\",\"potentialAction\":[{\"@type\":\"ReadAction\",\"target\":[\"https:\\\/\\\/www.uartes.edu.ec\\\/sitio\\\/en\\\/blog\\\/2022\\\/08\\\/23\\\/carolina-ramos-primera-de-22-estudiantes-de-lamaestria-de-escritura-creativa-en-sustentar-tesis\\\/\"]}]},{\"@type\":\"ImageObject\",\"inLanguage\":\"en-US\",\"@id\":\"https:\\\/\\\/www.uartes.edu.ec\\\/sitio\\\/en\\\/blog\\\/2022\\\/08\\\/23\\\/carolina-ramos-primera-de-22-estudiantes-de-lamaestria-de-escritura-creativa-en-sustentar-tesis\\\/#primaryimage\",\"url\":\"https:\\\/\\\/www.uartes.edu.ec\\\/sitio\\\/wp-content\\\/uploads\\\/2022\\\/08\\\/foto-edit.jpg\",\"contentUrl\":\"https:\\\/\\\/www.uartes.edu.ec\\\/sitio\\\/wp-content\\\/uploads\\\/2022\\\/08\\\/foto-edit.jpg\",\"width\":1600,\"height\":896},{\"@type\":\"BreadcrumbList\",\"@id\":\"https:\\\/\\\/www.uartes.edu.ec\\\/sitio\\\/en\\\/blog\\\/2022\\\/08\\\/23\\\/carolina-ramos-primera-de-22-estudiantes-de-lamaestria-de-escritura-creativa-en-sustentar-tesis\\\/#breadcrumb\",\"itemListElement\":[{\"@type\":\"ListItem\",\"position\":1,\"name\":\"Inicio\",\"item\":\"https:\\\/\\\/www.uartes.edu.ec\\\/sitio\\\/\"},{\"@type\":\"ListItem\",\"position\":2,\"name\":\"Carolina Ramos, la primera de los 22 estudiantes de la maestr\u00eda de Escritura Creativa de UArtes en sustentar tesis\"}]},{\"@type\":\"WebSite\",\"@id\":\"https:\\\/\\\/www.uartes.edu.ec\\\/sitio\\\/en\\\/#website\",\"url\":\"https:\\\/\\\/www.uartes.edu.ec\\\/sitio\\\/en\\\/\",\"name\":\"Universidad de las Artes\",\"description\":\"Sitio oficial de la Universidad Nacional de las Artes del Ecuador\",\"publisher\":{\"@id\":\"https:\\\/\\\/www.uartes.edu.ec\\\/sitio\\\/en\\\/#organization\"},\"potentialAction\":[{\"@type\":\"SearchAction\",\"target\":{\"@type\":\"EntryPoint\",\"urlTemplate\":\"https:\\\/\\\/www.uartes.edu.ec\\\/sitio\\\/en\\\/?s={search_term_string}\"},\"query-input\":{\"@type\":\"PropertyValueSpecification\",\"valueRequired\":true,\"valueName\":\"search_term_string\"}}],\"inLanguage\":\"en-US\"},{\"@type\":\"Organization\",\"@id\":\"https:\\\/\\\/www.uartes.edu.ec\\\/sitio\\\/en\\\/#organization\",\"name\":\"Universidad de las Artes\",\"url\":\"https:\\\/\\\/www.uartes.edu.ec\\\/sitio\\\/en\\\/\",\"logo\":{\"@type\":\"ImageObject\",\"inLanguage\":\"en-US\",\"@id\":\"https:\\\/\\\/www.uartes.edu.ec\\\/sitio\\\/en\\\/#\\\/schema\\\/logo\\\/image\\\/\",\"url\":\"https:\\\/\\\/www.uartes.edu.ec\\\/sitio\\\/wp-content\\\/uploads\\\/2022\\\/07\\\/logo-ua-horizontal.png\",\"contentUrl\":\"https:\\\/\\\/www.uartes.edu.ec\\\/sitio\\\/wp-content\\\/uploads\\\/2022\\\/07\\\/logo-ua-horizontal.png\",\"width\":800,\"height\":276,\"caption\":\"Universidad de las Artes\"},\"image\":{\"@id\":\"https:\\\/\\\/www.uartes.edu.ec\\\/sitio\\\/en\\\/#\\\/schema\\\/logo\\\/image\\\/\"},\"sameAs\":[\"https:\\\/\\\/www.facebook.com\\\/uartesec\",\"https:\\\/\\\/x.com\\\/uartesec\",\"https:\\\/\\\/www.tiktok.com\\\/@uartesec\"]},{\"@type\":\"Person\",\"@id\":\"https:\\\/\\\/www.uartes.edu.ec\\\/sitio\\\/en\\\/#\\\/schema\\\/person\\\/efa1b8275797664fd7f13a79ccc0b1f4\",\"name\":\"ccortez\",\"image\":{\"@type\":\"ImageObject\",\"inLanguage\":\"en-US\",\"@id\":\"https:\\\/\\\/secure.gravatar.com\\\/avatar\\\/b2a6f664a3ae8e074346ef91775736c5ec479e637ecced6842de9dc98b5da9cd?s=96&d=mm&r=g\",\"url\":\"https:\\\/\\\/secure.gravatar.com\\\/avatar\\\/b2a6f664a3ae8e074346ef91775736c5ec479e637ecced6842de9dc98b5da9cd?s=96&d=mm&r=g\",\"contentUrl\":\"https:\\\/\\\/secure.gravatar.com\\\/avatar\\\/b2a6f664a3ae8e074346ef91775736c5ec479e637ecced6842de9dc98b5da9cd?s=96&d=mm&r=g\",\"caption\":\"ccortez\"},\"url\":\"https:\\\/\\\/www.uartes.edu.ec\\\/sitio\\\/en\\\/blog\\\/author\\\/ccortez\\\/\"}]}<\/script>\n<!-- \/ Yoast SEO plugin. -->","yoast_head_json":{"title":"Universidad de las Artes - Carolina Ramos, la primera de los 22 estudiantes de la maestr\u00eda de Escritura Creativa de UArtes en sustentar tesis","description":"Universidad de las Artes - Carolina Ramos, la primera de los 22 estudiantes de la maestr\u00eda de Escritura Creativa de UArtes en sustentar tesis","robots":{"index":"index","follow":"follow","max-snippet":"max-snippet:-1","max-image-preview":"max-image-preview:large","max-video-preview":"max-video-preview:-1"},"canonical":"https:\/\/www.uartes.edu.ec\/sitio\/en\/blog\/2022\/08\/23\/carolina-ramos-primera-de-22-estudiantes-de-lamaestria-de-escritura-creativa-en-sustentar-tesis\/","og_locale":"en_US","og_type":"article","og_title":"Universidad de las Artes - Carolina Ramos, la primera de los 22 estudiantes de la maestr\u00eda de Escritura Creativa de UArtes en sustentar tesis","og_description":"Universidad de las Artes - Carolina Ramos, la primera de los 22 estudiantes de la maestr\u00eda de Escritura Creativa de UArtes en sustentar tesis","og_url":"https:\/\/www.uartes.edu.ec\/sitio\/en\/blog\/2022\/08\/23\/carolina-ramos-primera-de-22-estudiantes-de-lamaestria-de-escritura-creativa-en-sustentar-tesis\/","og_site_name":"Universidad de las Artes","article_publisher":"https:\/\/www.facebook.com\/uartesec","article_published_time":"2022-08-23T22:25:00+00:00","article_modified_time":"2024-07-04T16:23:10+00:00","og_image":[{"width":1600,"height":896,"url":"https:\/\/www.uartes.edu.ec\/sitio\/wp-content\/uploads\/2022\/08\/foto-edit.jpg","type":"image\/jpeg"}],"author":"ccortez","twitter_card":"summary_large_image","twitter_creator":"@uartesec","twitter_site":"@uartesec","twitter_misc":{"Written by":"ccortez","Est. reading time":"4 minutes"},"schema":{"@context":"https:\/\/schema.org","@graph":[{"@type":"Article","@id":"https:\/\/www.uartes.edu.ec\/sitio\/en\/blog\/2022\/08\/23\/carolina-ramos-primera-de-22-estudiantes-de-lamaestria-de-escritura-creativa-en-sustentar-tesis\/#article","isPartOf":{"@id":"https:\/\/www.uartes.edu.ec\/sitio\/en\/blog\/2022\/08\/23\/carolina-ramos-primera-de-22-estudiantes-de-lamaestria-de-escritura-creativa-en-sustentar-tesis\/"},"author":{"name":"ccortez","@id":"https:\/\/www.uartes.edu.ec\/sitio\/en\/#\/schema\/person\/efa1b8275797664fd7f13a79ccc0b1f4"},"headline":"Carolina Ramos, la primera de los 22 estudiantes de la maestr\u00eda de Escritura Creativa de UArtes en sustentar tesis","datePublished":"2022-08-23T22:25:00+00:00","dateModified":"2024-07-04T16:23:10+00:00","mainEntityOfPage":{"@id":"https:\/\/www.uartes.edu.ec\/sitio\/en\/blog\/2022\/08\/23\/carolina-ramos-primera-de-22-estudiantes-de-lamaestria-de-escritura-creativa-en-sustentar-tesis\/"},"wordCount":781,"commentCount":0,"publisher":{"@id":"https:\/\/www.uartes.edu.ec\/sitio\/en\/#organization"},"image":{"@id":"https:\/\/www.uartes.edu.ec\/sitio\/en\/blog\/2022\/08\/23\/carolina-ramos-primera-de-22-estudiantes-de-lamaestria-de-escritura-creativa-en-sustentar-tesis\/#primaryimage"},"thumbnailUrl":"https:\/\/www.uartes.edu.ec\/sitio\/wp-content\/uploads\/2022\/08\/foto-edit.jpg","keywords":["tesis"],"articleSection":["1D","Acad\u00e9mico","Estudiantes","Maestr\u00edas"],"inLanguage":"en-US","potentialAction":[{"@type":"CommentAction","name":"Comment","target":["https:\/\/www.uartes.edu.ec\/sitio\/en\/blog\/2022\/08\/23\/carolina-ramos-primera-de-22-estudiantes-de-lamaestria-de-escritura-creativa-en-sustentar-tesis\/#respond"]}]},{"@type":["WebPage","ItemPage"],"@id":"https:\/\/www.uartes.edu.ec\/sitio\/en\/blog\/2022\/08\/23\/carolina-ramos-primera-de-22-estudiantes-de-lamaestria-de-escritura-creativa-en-sustentar-tesis\/","url":"https:\/\/www.uartes.edu.ec\/sitio\/en\/blog\/2022\/08\/23\/carolina-ramos-primera-de-22-estudiantes-de-lamaestria-de-escritura-creativa-en-sustentar-tesis\/","name":"Universidad de las Artes - Carolina Ramos, la primera de los 22 estudiantes de la maestr\u00eda de Escritura Creativa de UArtes en sustentar tesis","isPartOf":{"@id":"https:\/\/www.uartes.edu.ec\/sitio\/en\/#website"},"primaryImageOfPage":{"@id":"https:\/\/www.uartes.edu.ec\/sitio\/en\/blog\/2022\/08\/23\/carolina-ramos-primera-de-22-estudiantes-de-lamaestria-de-escritura-creativa-en-sustentar-tesis\/#primaryimage"},"image":{"@id":"https:\/\/www.uartes.edu.ec\/sitio\/en\/blog\/2022\/08\/23\/carolina-ramos-primera-de-22-estudiantes-de-lamaestria-de-escritura-creativa-en-sustentar-tesis\/#primaryimage"},"thumbnailUrl":"https:\/\/www.uartes.edu.ec\/sitio\/wp-content\/uploads\/2022\/08\/foto-edit.jpg","datePublished":"2022-08-23T22:25:00+00:00","dateModified":"2024-07-04T16:23:10+00:00","description":"Universidad de las Artes - Carolina Ramos, la primera de los 22 estudiantes de la maestr\u00eda de Escritura Creativa de UArtes en sustentar tesis","breadcrumb":{"@id":"https:\/\/www.uartes.edu.ec\/sitio\/en\/blog\/2022\/08\/23\/carolina-ramos-primera-de-22-estudiantes-de-lamaestria-de-escritura-creativa-en-sustentar-tesis\/#breadcrumb"},"inLanguage":"en-US","potentialAction":[{"@type":"ReadAction","target":["https:\/\/www.uartes.edu.ec\/sitio\/en\/blog\/2022\/08\/23\/carolina-ramos-primera-de-22-estudiantes-de-lamaestria-de-escritura-creativa-en-sustentar-tesis\/"]}]},{"@type":"ImageObject","inLanguage":"en-US","@id":"https:\/\/www.uartes.edu.ec\/sitio\/en\/blog\/2022\/08\/23\/carolina-ramos-primera-de-22-estudiantes-de-lamaestria-de-escritura-creativa-en-sustentar-tesis\/#primaryimage","url":"https:\/\/www.uartes.edu.ec\/sitio\/wp-content\/uploads\/2022\/08\/foto-edit.jpg","contentUrl":"https:\/\/www.uartes.edu.ec\/sitio\/wp-content\/uploads\/2022\/08\/foto-edit.jpg","width":1600,"height":896},{"@type":"BreadcrumbList","@id":"https:\/\/www.uartes.edu.ec\/sitio\/en\/blog\/2022\/08\/23\/carolina-ramos-primera-de-22-estudiantes-de-lamaestria-de-escritura-creativa-en-sustentar-tesis\/#breadcrumb","itemListElement":[{"@type":"ListItem","position":1,"name":"Inicio","item":"https:\/\/www.uartes.edu.ec\/sitio\/"},{"@type":"ListItem","position":2,"name":"Carolina Ramos, la primera de los 22 estudiantes de la maestr\u00eda de Escritura Creativa de UArtes en sustentar tesis"}]},{"@type":"WebSite","@id":"https:\/\/www.uartes.edu.ec\/sitio\/en\/#website","url":"https:\/\/www.uartes.edu.ec\/sitio\/en\/","name":"Universidad de las Artes","description":"Sitio oficial de la Universidad Nacional de las Artes del Ecuador","publisher":{"@id":"https:\/\/www.uartes.edu.ec\/sitio\/en\/#organization"},"potentialAction":[{"@type":"SearchAction","target":{"@type":"EntryPoint","urlTemplate":"https:\/\/www.uartes.edu.ec\/sitio\/en\/?s={search_term_string}"},"query-input":{"@type":"PropertyValueSpecification","valueRequired":true,"valueName":"search_term_string"}}],"inLanguage":"en-US"},{"@type":"Organization","@id":"https:\/\/www.uartes.edu.ec\/sitio\/en\/#organization","name":"Universidad de las Artes","url":"https:\/\/www.uartes.edu.ec\/sitio\/en\/","logo":{"@type":"ImageObject","inLanguage":"en-US","@id":"https:\/\/www.uartes.edu.ec\/sitio\/en\/#\/schema\/logo\/image\/","url":"https:\/\/www.uartes.edu.ec\/sitio\/wp-content\/uploads\/2022\/07\/logo-ua-horizontal.png","contentUrl":"https:\/\/www.uartes.edu.ec\/sitio\/wp-content\/uploads\/2022\/07\/logo-ua-horizontal.png","width":800,"height":276,"caption":"Universidad de las Artes"},"image":{"@id":"https:\/\/www.uartes.edu.ec\/sitio\/en\/#\/schema\/logo\/image\/"},"sameAs":["https:\/\/www.facebook.com\/uartesec","https:\/\/x.com\/uartesec","https:\/\/www.tiktok.com\/@uartesec"]},{"@type":"Person","@id":"https:\/\/www.uartes.edu.ec\/sitio\/en\/#\/schema\/person\/efa1b8275797664fd7f13a79ccc0b1f4","name":"ccortez","image":{"@type":"ImageObject","inLanguage":"en-US","@id":"https:\/\/secure.gravatar.com\/avatar\/b2a6f664a3ae8e074346ef91775736c5ec479e637ecced6842de9dc98b5da9cd?s=96&d=mm&r=g","url":"https:\/\/secure.gravatar.com\/avatar\/b2a6f664a3ae8e074346ef91775736c5ec479e637ecced6842de9dc98b5da9cd?s=96&d=mm&r=g","contentUrl":"https:\/\/secure.gravatar.com\/avatar\/b2a6f664a3ae8e074346ef91775736c5ec479e637ecced6842de9dc98b5da9cd?s=96&d=mm&r=g","caption":"ccortez"},"url":"https:\/\/www.uartes.edu.ec\/sitio\/en\/blog\/author\/ccortez\/"}]}},"uagb_featured_image_src":{"full":["https:\/\/www.uartes.edu.ec\/sitio\/wp-content\/uploads\/2022\/08\/foto-edit.jpg",1600,896,false],"thumbnail":["https:\/\/www.uartes.edu.ec\/sitio\/wp-content\/uploads\/2022\/08\/foto-edit-150x150.jpg",150,150,true],"medium":["https:\/\/www.uartes.edu.ec\/sitio\/wp-content\/uploads\/2022\/08\/foto-edit-300x168.jpg",300,168,true],"medium_large":["https:\/\/www.uartes.edu.ec\/sitio\/wp-content\/uploads\/2022\/08\/foto-edit-768x430.jpg",768,430,true],"large":["https:\/\/www.uartes.edu.ec\/sitio\/wp-content\/uploads\/2022\/08\/foto-edit-644x361.jpg",644,361,true],"1536x1536":["https:\/\/www.uartes.edu.ec\/sitio\/wp-content\/uploads\/2022\/08\/foto-edit-1536x860.jpg",1536,860,true],"2048x2048":["https:\/\/www.uartes.edu.ec\/sitio\/wp-content\/uploads\/2022\/08\/foto-edit.jpg",1600,896,false],"trp-custom-language-flag":["https:\/\/www.uartes.edu.ec\/sitio\/wp-content\/uploads\/2022\/08\/foto-edit.jpg",18,10,false],"htmega_size_585x295":["https:\/\/www.uartes.edu.ec\/sitio\/wp-content\/uploads\/2022\/08\/foto-edit.jpg",527,295,false],"htmega_size_1170x536":["https:\/\/www.uartes.edu.ec\/sitio\/wp-content\/uploads\/2022\/08\/foto-edit.jpg",957,536,false],"htmega_size_396x360":["https:\/\/www.uartes.edu.ec\/sitio\/wp-content\/uploads\/2022\/08\/foto-edit.jpg",396,222,false],"gb-block-post-grid-landscape":["https:\/\/www.uartes.edu.ec\/sitio\/wp-content\/uploads\/2022\/08\/foto-edit.jpg",600,336,false],"gb-block-post-grid-square":["https:\/\/www.uartes.edu.ec\/sitio\/wp-content\/uploads\/2022\/08\/foto-edit.jpg",600,336,false],"university-hub-thumb":["https:\/\/www.uartes.edu.ec\/sitio\/wp-content\/uploads\/2022\/08\/foto-edit-400x224.jpg",400,224,true]},"uagb_author_info":{"display_name":"ccortez","author_link":"https:\/\/www.uartes.edu.ec\/sitio\/en\/blog\/author\/ccortez\/"},"uagb_comment_info":0,"uagb_excerpt":"Los 22 estudiantes que en el 2020 iniciaron en la Universidad de las Artes el programa de posgrados de Escritura Creativa se encuentran a un paso de concluir su preparaci\u00f3n acad\u00e9mica de cuarto nivel. Unos han sustentado ya su tesis y otros est\u00e1n a la espera de hacerlo. De esta \u00faltima etapa, Carolina Ramos se&hellip;","featured_image_src":"https:\/\/www.uartes.edu.ec\/sitio\/wp-content\/uploads\/2022\/08\/foto-edit.jpg","featured_image_src_square":"https:\/\/www.uartes.edu.ec\/sitio\/wp-content\/uploads\/2022\/08\/foto-edit.jpg","author_info":{"display_name":"ccortez","author_link":"https:\/\/www.uartes.edu.ec\/sitio\/en\/blog\/author\/ccortez\/"},"publishpress_future_workflow_manual_trigger":{"enabledWorkflows":[]},"distributor_meta":false,"distributor_terms":false,"distributor_media":false,"distributor_original_site_name":"Universidad de las Artes","distributor_original_site_url":"https:\/\/www.uartes.edu.ec\/sitio\/en","push-errors":false,"_links":{"self":[{"href":"https:\/\/www.uartes.edu.ec\/sitio\/en\/wp-json\/wp\/v2\/posts\/26779","targetHints":{"allow":["GET"]}}],"collection":[{"href":"https:\/\/www.uartes.edu.ec\/sitio\/en\/wp-json\/wp\/v2\/posts"}],"about":[{"href":"https:\/\/www.uartes.edu.ec\/sitio\/en\/wp-json\/wp\/v2\/types\/post"}],"author":[{"embeddable":true,"href":"https:\/\/www.uartes.edu.ec\/sitio\/en\/wp-json\/wp\/v2\/users\/10"}],"replies":[{"embeddable":true,"href":"https:\/\/www.uartes.edu.ec\/sitio\/en\/wp-json\/wp\/v2\/comments?post=26779"}],"version-history":[{"count":12,"href":"https:\/\/www.uartes.edu.ec\/sitio\/en\/wp-json\/wp\/v2\/posts\/26779\/revisions"}],"predecessor-version":[{"id":26941,"href":"https:\/\/www.uartes.edu.ec\/sitio\/en\/wp-json\/wp\/v2\/posts\/26779\/revisions\/26941"}],"wp:featuredmedia":[{"embeddable":true,"href":"https:\/\/www.uartes.edu.ec\/sitio\/en\/wp-json\/wp\/v2\/media\/26924"}],"wp:attachment":[{"href":"https:\/\/www.uartes.edu.ec\/sitio\/en\/wp-json\/wp\/v2\/media?parent=26779"}],"wp:term":[{"taxonomy":"category","embeddable":true,"href":"https:\/\/www.uartes.edu.ec\/sitio\/en\/wp-json\/wp\/v2\/categories?post=26779"},{"taxonomy":"post_tag","embeddable":true,"href":"https:\/\/www.uartes.edu.ec\/sitio\/en\/wp-json\/wp\/v2\/tags?post=26779"},{"taxonomy":"infouartes","embeddable":true,"href":"https:\/\/www.uartes.edu.ec\/sitio\/en\/wp-json\/wp\/v2\/infouartes?post=26779"}],"curies":[{"name":"wp","href":"https:\/\/api.w.org\/{rel}","templated":true}]}}