{"id":2682,"date":"2018-11-06T16:12:22","date_gmt":"2018-11-06T21:12:22","guid":{"rendered":"http:\/\/www.uartes.edu.ec\/sitio\/?p=2682"},"modified":"2024-07-04T11:53:43","modified_gmt":"2024-07-04T16:53:43","slug":"universidad-de-las-artes-establece-acuerdos-con-organismos-de-cooperacion-cultural-en-espana","status":"publish","type":"post","link":"https:\/\/www.uartes.edu.ec\/sitio\/en\/blog\/2018\/11\/06\/universidad-de-las-artes-establece-acuerdos-con-organismos-de-cooperacion-cultural-en-espana\/","title":{"rendered":"Universidad de las Artes establece acuerdos con organismos de cooperaci\u00f3n cultural en Espa\u00f1a"},"content":{"rendered":"\n<p>El mi\u00e9rcoles 31 de octubre, Ramiro Noriega,\nrector de la Universidad de las Artes, se reuni\u00f3, con la Organizaci\u00f3n de\nEstados Iberoamericanos (OEI) en Madrid, Espa\u00f1a. En el evento se fortalecieron\nlos lazos de amistad y de cooperaci\u00f3n, con el fin de mantener el trabajo\ncultural y educativo.<\/p>\n\n\n\n<p>La OEI ha aportado en diversos proyectos de\nla UArtes, entre los que se destacan \u201cHaciendo\nCalle: Encuentro Internacional de Cultura Urbana\u201d, \u201cEncuentro Internacional por\nla Calidad en la Educaci\u00f3n Superior en Artes en la regi\u00f3n\u201d, \u201cIII Encuentro\nInternacional de Investigaci\u00f3n en Artes (ILIA)\u201d, \u201cExpedici\u00f3n art\u00edstica de la\ncompa\u00f1\u00eda NGC25, colectivo francoecuatoriano Paralel0 y estudiantes UArtes en la\nAmazon\u00eda\u201d, y pr\u00f3ximamente \u201cinte[\u00b7]ractos\n2018: Encuentros P\u00fablicos de Arte y Cultura\u201d.<\/p>\n\n\n\n<p>Durante el viernes 2 de noviembre, se\nconsolidaron compromisos con la Secretar\u00eda General Iberoamericana (SEGIB) en\nMadrid, dentro del que se destaca la creaci\u00f3n de una comisi\u00f3n de la UArtes para\ntrabajar en la Comisi\u00f3n de Consejos de Acreditaci\u00f3n.\n\nTambi\u00e9n\nsostuvo conversaciones con el Centro de Creaci\u00f3n Contempor\u00e1nea Matadero Madrid,\nquienes se autodefinen como un gran laboratorio de creaci\u00f3n actual. Dentro de\nlos acuerdos se concret\u00f3 la visita de un representante de dicho centro para\ntrabajar en conjunto sobre propuestas de creaci\u00f3n art\u00edstica.\n\n\n\n<\/p>\n","protected":false},"excerpt":{"rendered":"<p>El mi\u00e9rcoles 31 de octubre, Ramiro Noriega, rector de la Universidad de las Artes, se reuni\u00f3, con la Organizaci\u00f3n de Estados Iberoamericanos (OEI) en Madrid, Espa\u00f1a. En el evento se fortalecieron los lazos de amistad y de cooperaci\u00f3n, con el fin de mantener el trabajo cultural y educativo. La OEI ha aportado en diversos proyectos [&hellip;]<\/p>\n","protected":false},"author":1,"featured_media":2683,"comment_status":"closed","ping_status":"closed","sticky":false,"template":"","format":"standard","meta":{"_acf_changed":false,"_uag_custom_page_level_css":"","_monsterinsights_skip_tracking":false,"_monsterinsights_sitenote_active":false,"_monsterinsights_sitenote_note":"","_monsterinsights_sitenote_category":0,"cybocfi_hide_featured_image":"","footnotes":""},"categories":[77,84],"tags":[],"infouartes":[],"class_list":["post-2682","post","type-post","status-publish","format-standard","has-post-thumbnail","hentry","category-gestion","category-rectorado"],"acf":[],"yoast_head":"<!-- This site is optimized with the Yoast SEO plugin v27.4 - https:\/\/yoast.com\/product\/yoast-seo-wordpress\/ -->\n<title>Universidad de las Artes - Universidad de las Artes establece acuerdos con organismos de cooperaci\u00f3n cultural en Espa\u00f1a<\/title>\n<meta name=\"description\" content=\"Universidad de las Artes - Universidad de las Artes establece acuerdos con organismos de cooperaci\u00f3n cultural en Espa\u00f1a\" \/>\n<meta name=\"robots\" content=\"index, follow, max-snippet:-1, max-image-preview:large, max-video-preview:-1\" \/>\n<link rel=\"canonical\" href=\"https:\/\/www.uartes.edu.ec\/sitio\/en\/blog\/2018\/11\/06\/universidad-de-las-artes-establece-acuerdos-con-organismos-de-cooperacion-cultural-en-espana\/\" \/>\n<meta property=\"og:locale\" content=\"en_US\" \/>\n<meta property=\"og:type\" content=\"article\" \/>\n<meta property=\"og:title\" content=\"Universidad de las Artes - Universidad de las Artes establece acuerdos con organismos de cooperaci\u00f3n cultural en Espa\u00f1a\" \/>\n<meta property=\"og:description\" content=\"Universidad de las Artes - Universidad de las Artes establece acuerdos con organismos de cooperaci\u00f3n cultural en Espa\u00f1a\" \/>\n<meta property=\"og:url\" content=\"https:\/\/www.uartes.edu.ec\/sitio\/en\/blog\/2018\/11\/06\/universidad-de-las-artes-establece-acuerdos-con-organismos-de-cooperacion-cultural-en-espana\/\" \/>\n<meta property=\"og:site_name\" content=\"Universidad de las Artes\" \/>\n<meta property=\"article:publisher\" content=\"https:\/\/www.facebook.com\/uartesec\" \/>\n<meta property=\"article:published_time\" content=\"2018-11-06T21:12:22+00:00\" \/>\n<meta property=\"article:modified_time\" content=\"2024-07-04T16:53:43+00:00\" \/>\n<meta property=\"og:image\" content=\"https:\/\/www.uartes.edu.ec\/sitio\/wp-content\/uploads\/2018\/11\/Fachada-UA-ped.jpg\" \/>\n\t<meta property=\"og:image:width\" content=\"2500\" \/>\n\t<meta property=\"og:image:height\" content=\"1406\" \/>\n\t<meta property=\"og:image:type\" content=\"image\/jpeg\" \/>\n<meta name=\"author\" content=\"Universidad de las Artes\" \/>\n<meta name=\"twitter:card\" content=\"summary_large_image\" \/>\n<meta name=\"twitter:creator\" content=\"@uartesec\" \/>\n<meta name=\"twitter:site\" content=\"@uartesec\" \/>\n<meta name=\"twitter:label1\" content=\"Written by\" \/>\n\t<meta name=\"twitter:data1\" content=\"Universidad de las Artes\" \/>\n\t<meta name=\"twitter:label2\" content=\"Est. reading time\" \/>\n\t<meta name=\"twitter:data2\" content=\"1 minute\" \/>\n<script type=\"application\/ld+json\" class=\"yoast-schema-graph\">{\"@context\":\"https:\\\/\\\/schema.org\",\"@graph\":[{\"@type\":\"Article\",\"@id\":\"https:\\\/\\\/www.uartes.edu.ec\\\/sitio\\\/en\\\/blog\\\/2018\\\/11\\\/06\\\/universidad-de-las-artes-establece-acuerdos-con-organismos-de-cooperacion-cultural-en-espana\\\/#article\",\"isPartOf\":{\"@id\":\"https:\\\/\\\/www.uartes.edu.ec\\\/sitio\\\/en\\\/blog\\\/2018\\\/11\\\/06\\\/universidad-de-las-artes-establece-acuerdos-con-organismos-de-cooperacion-cultural-en-espana\\\/\"},\"author\":{\"name\":\"Universidad de las Artes\",\"@id\":\"https:\\\/\\\/www.uartes.edu.ec\\\/sitio\\\/en\\\/#\\\/schema\\\/person\\\/f33f8c1d2af0d5c80a38c8abf458184a\"},\"headline\":\"Universidad de las Artes establece acuerdos con organismos de cooperaci\u00f3n cultural en Espa\u00f1a\",\"datePublished\":\"2018-11-06T21:12:22+00:00\",\"dateModified\":\"2024-07-04T16:53:43+00:00\",\"mainEntityOfPage\":{\"@id\":\"https:\\\/\\\/www.uartes.edu.ec\\\/sitio\\\/en\\\/blog\\\/2018\\\/11\\\/06\\\/universidad-de-las-artes-establece-acuerdos-con-organismos-de-cooperacion-cultural-en-espana\\\/\"},\"wordCount\":237,\"publisher\":{\"@id\":\"https:\\\/\\\/www.uartes.edu.ec\\\/sitio\\\/en\\\/#organization\"},\"image\":{\"@id\":\"https:\\\/\\\/www.uartes.edu.ec\\\/sitio\\\/en\\\/blog\\\/2018\\\/11\\\/06\\\/universidad-de-las-artes-establece-acuerdos-con-organismos-de-cooperacion-cultural-en-espana\\\/#primaryimage\"},\"thumbnailUrl\":\"https:\\\/\\\/www.uartes.edu.ec\\\/sitio\\\/wp-content\\\/uploads\\\/2018\\\/11\\\/Fachada-UA-ped.jpg\",\"articleSection\":[\"Gesti\u00f3n\",\"Rectorado\"],\"inLanguage\":\"en-US\"},{\"@type\":[\"WebPage\",\"ItemPage\"],\"@id\":\"https:\\\/\\\/www.uartes.edu.ec\\\/sitio\\\/en\\\/blog\\\/2018\\\/11\\\/06\\\/universidad-de-las-artes-establece-acuerdos-con-organismos-de-cooperacion-cultural-en-espana\\\/\",\"url\":\"https:\\\/\\\/www.uartes.edu.ec\\\/sitio\\\/en\\\/blog\\\/2018\\\/11\\\/06\\\/universidad-de-las-artes-establece-acuerdos-con-organismos-de-cooperacion-cultural-en-espana\\\/\",\"name\":\"Universidad de las Artes - Universidad de las Artes establece acuerdos con organismos de cooperaci\u00f3n cultural en Espa\u00f1a\",\"isPartOf\":{\"@id\":\"https:\\\/\\\/www.uartes.edu.ec\\\/sitio\\\/en\\\/#website\"},\"primaryImageOfPage\":{\"@id\":\"https:\\\/\\\/www.uartes.edu.ec\\\/sitio\\\/en\\\/blog\\\/2018\\\/11\\\/06\\\/universidad-de-las-artes-establece-acuerdos-con-organismos-de-cooperacion-cultural-en-espana\\\/#primaryimage\"},\"image\":{\"@id\":\"https:\\\/\\\/www.uartes.edu.ec\\\/sitio\\\/en\\\/blog\\\/2018\\\/11\\\/06\\\/universidad-de-las-artes-establece-acuerdos-con-organismos-de-cooperacion-cultural-en-espana\\\/#primaryimage\"},\"thumbnailUrl\":\"https:\\\/\\\/www.uartes.edu.ec\\\/sitio\\\/wp-content\\\/uploads\\\/2018\\\/11\\\/Fachada-UA-ped.jpg\",\"datePublished\":\"2018-11-06T21:12:22+00:00\",\"dateModified\":\"2024-07-04T16:53:43+00:00\",\"description\":\"Universidad de las Artes - Universidad de las Artes establece acuerdos con organismos de cooperaci\u00f3n cultural en Espa\u00f1a\",\"breadcrumb\":{\"@id\":\"https:\\\/\\\/www.uartes.edu.ec\\\/sitio\\\/en\\\/blog\\\/2018\\\/11\\\/06\\\/universidad-de-las-artes-establece-acuerdos-con-organismos-de-cooperacion-cultural-en-espana\\\/#breadcrumb\"},\"inLanguage\":\"en-US\",\"potentialAction\":[{\"@type\":\"ReadAction\",\"target\":[\"https:\\\/\\\/www.uartes.edu.ec\\\/sitio\\\/en\\\/blog\\\/2018\\\/11\\\/06\\\/universidad-de-las-artes-establece-acuerdos-con-organismos-de-cooperacion-cultural-en-espana\\\/\"]}]},{\"@type\":\"ImageObject\",\"inLanguage\":\"en-US\",\"@id\":\"https:\\\/\\\/www.uartes.edu.ec\\\/sitio\\\/en\\\/blog\\\/2018\\\/11\\\/06\\\/universidad-de-las-artes-establece-acuerdos-con-organismos-de-cooperacion-cultural-en-espana\\\/#primaryimage\",\"url\":\"https:\\\/\\\/www.uartes.edu.ec\\\/sitio\\\/wp-content\\\/uploads\\\/2018\\\/11\\\/Fachada-UA-ped.jpg\",\"contentUrl\":\"https:\\\/\\\/www.uartes.edu.ec\\\/sitio\\\/wp-content\\\/uploads\\\/2018\\\/11\\\/Fachada-UA-ped.jpg\",\"width\":2500,\"height\":1406},{\"@type\":\"BreadcrumbList\",\"@id\":\"https:\\\/\\\/www.uartes.edu.ec\\\/sitio\\\/en\\\/blog\\\/2018\\\/11\\\/06\\\/universidad-de-las-artes-establece-acuerdos-con-organismos-de-cooperacion-cultural-en-espana\\\/#breadcrumb\",\"itemListElement\":[{\"@type\":\"ListItem\",\"position\":1,\"name\":\"Inicio\",\"item\":\"https:\\\/\\\/www.uartes.edu.ec\\\/sitio\\\/\"},{\"@type\":\"ListItem\",\"position\":2,\"name\":\"Universidad de las Artes establece acuerdos con organismos de cooperaci\u00f3n cultural en Espa\u00f1a\"}]},{\"@type\":\"WebSite\",\"@id\":\"https:\\\/\\\/www.uartes.edu.ec\\\/sitio\\\/en\\\/#website\",\"url\":\"https:\\\/\\\/www.uartes.edu.ec\\\/sitio\\\/en\\\/\",\"name\":\"Universidad de las Artes\",\"description\":\"Sitio oficial de la Universidad Nacional de las Artes del Ecuador\",\"publisher\":{\"@id\":\"https:\\\/\\\/www.uartes.edu.ec\\\/sitio\\\/en\\\/#organization\"},\"potentialAction\":[{\"@type\":\"SearchAction\",\"target\":{\"@type\":\"EntryPoint\",\"urlTemplate\":\"https:\\\/\\\/www.uartes.edu.ec\\\/sitio\\\/en\\\/?s={search_term_string}\"},\"query-input\":{\"@type\":\"PropertyValueSpecification\",\"valueRequired\":true,\"valueName\":\"search_term_string\"}}],\"inLanguage\":\"en-US\"},{\"@type\":\"Organization\",\"@id\":\"https:\\\/\\\/www.uartes.edu.ec\\\/sitio\\\/en\\\/#organization\",\"name\":\"Universidad de las Artes\",\"url\":\"https:\\\/\\\/www.uartes.edu.ec\\\/sitio\\\/en\\\/\",\"logo\":{\"@type\":\"ImageObject\",\"inLanguage\":\"en-US\",\"@id\":\"https:\\\/\\\/www.uartes.edu.ec\\\/sitio\\\/en\\\/#\\\/schema\\\/logo\\\/image\\\/\",\"url\":\"https:\\\/\\\/www.uartes.edu.ec\\\/sitio\\\/wp-content\\\/uploads\\\/2022\\\/07\\\/logo-ua-horizontal.png\",\"contentUrl\":\"https:\\\/\\\/www.uartes.edu.ec\\\/sitio\\\/wp-content\\\/uploads\\\/2022\\\/07\\\/logo-ua-horizontal.png\",\"width\":800,\"height\":276,\"caption\":\"Universidad de las Artes\"},\"image\":{\"@id\":\"https:\\\/\\\/www.uartes.edu.ec\\\/sitio\\\/en\\\/#\\\/schema\\\/logo\\\/image\\\/\"},\"sameAs\":[\"https:\\\/\\\/www.facebook.com\\\/uartesec\",\"https:\\\/\\\/x.com\\\/uartesec\",\"https:\\\/\\\/www.tiktok.com\\\/@uartesec\"]},{\"@type\":\"Person\",\"@id\":\"https:\\\/\\\/www.uartes.edu.ec\\\/sitio\\\/en\\\/#\\\/schema\\\/person\\\/f33f8c1d2af0d5c80a38c8abf458184a\",\"name\":\"Universidad de las Artes\",\"image\":{\"@type\":\"ImageObject\",\"inLanguage\":\"en-US\",\"@id\":\"https:\\\/\\\/secure.gravatar.com\\\/avatar\\\/52e4757902f5cfa5ac52d020e5be83cae5487519154b6c35482fe08d589f3c13?s=96&d=mm&r=g\",\"url\":\"https:\\\/\\\/secure.gravatar.com\\\/avatar\\\/52e4757902f5cfa5ac52d020e5be83cae5487519154b6c35482fe08d589f3c13?s=96&d=mm&r=g\",\"contentUrl\":\"https:\\\/\\\/secure.gravatar.com\\\/avatar\\\/52e4757902f5cfa5ac52d020e5be83cae5487519154b6c35482fe08d589f3c13?s=96&d=mm&r=g\",\"caption\":\"Universidad de las Artes\"},\"url\":\"https:\\\/\\\/www.uartes.edu.ec\\\/sitio\\\/en\\\/blog\\\/author\\\/dircomadm\\\/\"}]}<\/script>\n<!-- \/ Yoast SEO plugin. -->","yoast_head_json":{"title":"Universidad de las Artes - Universidad de las Artes establece acuerdos con organismos de cooperaci\u00f3n cultural en Espa\u00f1a","description":"Universidad de las Artes - Universidad de las Artes establece acuerdos con organismos de cooperaci\u00f3n cultural en Espa\u00f1a","robots":{"index":"index","follow":"follow","max-snippet":"max-snippet:-1","max-image-preview":"max-image-preview:large","max-video-preview":"max-video-preview:-1"},"canonical":"https:\/\/www.uartes.edu.ec\/sitio\/en\/blog\/2018\/11\/06\/universidad-de-las-artes-establece-acuerdos-con-organismos-de-cooperacion-cultural-en-espana\/","og_locale":"en_US","og_type":"article","og_title":"Universidad de las Artes - Universidad de las Artes establece acuerdos con organismos de cooperaci\u00f3n cultural en Espa\u00f1a","og_description":"Universidad de las Artes - Universidad de las Artes establece acuerdos con organismos de cooperaci\u00f3n cultural en Espa\u00f1a","og_url":"https:\/\/www.uartes.edu.ec\/sitio\/en\/blog\/2018\/11\/06\/universidad-de-las-artes-establece-acuerdos-con-organismos-de-cooperacion-cultural-en-espana\/","og_site_name":"Universidad de las Artes","article_publisher":"https:\/\/www.facebook.com\/uartesec","article_published_time":"2018-11-06T21:12:22+00:00","article_modified_time":"2024-07-04T16:53:43+00:00","og_image":[{"width":2500,"height":1406,"url":"https:\/\/www.uartes.edu.ec\/sitio\/wp-content\/uploads\/2018\/11\/Fachada-UA-ped.jpg","type":"image\/jpeg"}],"author":"Universidad de las Artes","twitter_card":"summary_large_image","twitter_creator":"@uartesec","twitter_site":"@uartesec","twitter_misc":{"Written by":"Universidad de las Artes","Est. reading time":"1 minute"},"schema":{"@context":"https:\/\/schema.org","@graph":[{"@type":"Article","@id":"https:\/\/www.uartes.edu.ec\/sitio\/en\/blog\/2018\/11\/06\/universidad-de-las-artes-establece-acuerdos-con-organismos-de-cooperacion-cultural-en-espana\/#article","isPartOf":{"@id":"https:\/\/www.uartes.edu.ec\/sitio\/en\/blog\/2018\/11\/06\/universidad-de-las-artes-establece-acuerdos-con-organismos-de-cooperacion-cultural-en-espana\/"},"author":{"name":"Universidad de las Artes","@id":"https:\/\/www.uartes.edu.ec\/sitio\/en\/#\/schema\/person\/f33f8c1d2af0d5c80a38c8abf458184a"},"headline":"Universidad de las Artes establece acuerdos con organismos de cooperaci\u00f3n cultural en Espa\u00f1a","datePublished":"2018-11-06T21:12:22+00:00","dateModified":"2024-07-04T16:53:43+00:00","mainEntityOfPage":{"@id":"https:\/\/www.uartes.edu.ec\/sitio\/en\/blog\/2018\/11\/06\/universidad-de-las-artes-establece-acuerdos-con-organismos-de-cooperacion-cultural-en-espana\/"},"wordCount":237,"publisher":{"@id":"https:\/\/www.uartes.edu.ec\/sitio\/en\/#organization"},"image":{"@id":"https:\/\/www.uartes.edu.ec\/sitio\/en\/blog\/2018\/11\/06\/universidad-de-las-artes-establece-acuerdos-con-organismos-de-cooperacion-cultural-en-espana\/#primaryimage"},"thumbnailUrl":"https:\/\/www.uartes.edu.ec\/sitio\/wp-content\/uploads\/2018\/11\/Fachada-UA-ped.jpg","articleSection":["Gesti\u00f3n","Rectorado"],"inLanguage":"en-US"},{"@type":["WebPage","ItemPage"],"@id":"https:\/\/www.uartes.edu.ec\/sitio\/en\/blog\/2018\/11\/06\/universidad-de-las-artes-establece-acuerdos-con-organismos-de-cooperacion-cultural-en-espana\/","url":"https:\/\/www.uartes.edu.ec\/sitio\/en\/blog\/2018\/11\/06\/universidad-de-las-artes-establece-acuerdos-con-organismos-de-cooperacion-cultural-en-espana\/","name":"Universidad de las Artes - Universidad de las Artes establece acuerdos con organismos de cooperaci\u00f3n cultural en Espa\u00f1a","isPartOf":{"@id":"https:\/\/www.uartes.edu.ec\/sitio\/en\/#website"},"primaryImageOfPage":{"@id":"https:\/\/www.uartes.edu.ec\/sitio\/en\/blog\/2018\/11\/06\/universidad-de-las-artes-establece-acuerdos-con-organismos-de-cooperacion-cultural-en-espana\/#primaryimage"},"image":{"@id":"https:\/\/www.uartes.edu.ec\/sitio\/en\/blog\/2018\/11\/06\/universidad-de-las-artes-establece-acuerdos-con-organismos-de-cooperacion-cultural-en-espana\/#primaryimage"},"thumbnailUrl":"https:\/\/www.uartes.edu.ec\/sitio\/wp-content\/uploads\/2018\/11\/Fachada-UA-ped.jpg","datePublished":"2018-11-06T21:12:22+00:00","dateModified":"2024-07-04T16:53:43+00:00","description":"Universidad de las Artes - Universidad de las Artes establece acuerdos con organismos de cooperaci\u00f3n cultural en Espa\u00f1a","breadcrumb":{"@id":"https:\/\/www.uartes.edu.ec\/sitio\/en\/blog\/2018\/11\/06\/universidad-de-las-artes-establece-acuerdos-con-organismos-de-cooperacion-cultural-en-espana\/#breadcrumb"},"inLanguage":"en-US","potentialAction":[{"@type":"ReadAction","target":["https:\/\/www.uartes.edu.ec\/sitio\/en\/blog\/2018\/11\/06\/universidad-de-las-artes-establece-acuerdos-con-organismos-de-cooperacion-cultural-en-espana\/"]}]},{"@type":"ImageObject","inLanguage":"en-US","@id":"https:\/\/www.uartes.edu.ec\/sitio\/en\/blog\/2018\/11\/06\/universidad-de-las-artes-establece-acuerdos-con-organismos-de-cooperacion-cultural-en-espana\/#primaryimage","url":"https:\/\/www.uartes.edu.ec\/sitio\/wp-content\/uploads\/2018\/11\/Fachada-UA-ped.jpg","contentUrl":"https:\/\/www.uartes.edu.ec\/sitio\/wp-content\/uploads\/2018\/11\/Fachada-UA-ped.jpg","width":2500,"height":1406},{"@type":"BreadcrumbList","@id":"https:\/\/www.uartes.edu.ec\/sitio\/en\/blog\/2018\/11\/06\/universidad-de-las-artes-establece-acuerdos-con-organismos-de-cooperacion-cultural-en-espana\/#breadcrumb","itemListElement":[{"@type":"ListItem","position":1,"name":"Inicio","item":"https:\/\/www.uartes.edu.ec\/sitio\/"},{"@type":"ListItem","position":2,"name":"Universidad de las Artes establece acuerdos con organismos de cooperaci\u00f3n cultural en Espa\u00f1a"}]},{"@type":"WebSite","@id":"https:\/\/www.uartes.edu.ec\/sitio\/en\/#website","url":"https:\/\/www.uartes.edu.ec\/sitio\/en\/","name":"Universidad de las Artes","description":"Sitio oficial de la Universidad Nacional de las Artes del Ecuador","publisher":{"@id":"https:\/\/www.uartes.edu.ec\/sitio\/en\/#organization"},"potentialAction":[{"@type":"SearchAction","target":{"@type":"EntryPoint","urlTemplate":"https:\/\/www.uartes.edu.ec\/sitio\/en\/?s={search_term_string}"},"query-input":{"@type":"PropertyValueSpecification","valueRequired":true,"valueName":"search_term_string"}}],"inLanguage":"en-US"},{"@type":"Organization","@id":"https:\/\/www.uartes.edu.ec\/sitio\/en\/#organization","name":"Universidad de las Artes","url":"https:\/\/www.uartes.edu.ec\/sitio\/en\/","logo":{"@type":"ImageObject","inLanguage":"en-US","@id":"https:\/\/www.uartes.edu.ec\/sitio\/en\/#\/schema\/logo\/image\/","url":"https:\/\/www.uartes.edu.ec\/sitio\/wp-content\/uploads\/2022\/07\/logo-ua-horizontal.png","contentUrl":"https:\/\/www.uartes.edu.ec\/sitio\/wp-content\/uploads\/2022\/07\/logo-ua-horizontal.png","width":800,"height":276,"caption":"Universidad de las Artes"},"image":{"@id":"https:\/\/www.uartes.edu.ec\/sitio\/en\/#\/schema\/logo\/image\/"},"sameAs":["https:\/\/www.facebook.com\/uartesec","https:\/\/x.com\/uartesec","https:\/\/www.tiktok.com\/@uartesec"]},{"@type":"Person","@id":"https:\/\/www.uartes.edu.ec\/sitio\/en\/#\/schema\/person\/f33f8c1d2af0d5c80a38c8abf458184a","name":"Universidad de las Artes","image":{"@type":"ImageObject","inLanguage":"en-US","@id":"https:\/\/secure.gravatar.com\/avatar\/52e4757902f5cfa5ac52d020e5be83cae5487519154b6c35482fe08d589f3c13?s=96&d=mm&r=g","url":"https:\/\/secure.gravatar.com\/avatar\/52e4757902f5cfa5ac52d020e5be83cae5487519154b6c35482fe08d589f3c13?s=96&d=mm&r=g","contentUrl":"https:\/\/secure.gravatar.com\/avatar\/52e4757902f5cfa5ac52d020e5be83cae5487519154b6c35482fe08d589f3c13?s=96&d=mm&r=g","caption":"Universidad de las Artes"},"url":"https:\/\/www.uartes.edu.ec\/sitio\/en\/blog\/author\/dircomadm\/"}]}},"uagb_featured_image_src":{"full":["https:\/\/www.uartes.edu.ec\/sitio\/wp-content\/uploads\/2018\/11\/Fachada-UA-ped.jpg",2500,1406,false],"thumbnail":["https:\/\/www.uartes.edu.ec\/sitio\/wp-content\/uploads\/2018\/11\/Fachada-UA-ped-150x150.jpg",150,150,true],"medium":["https:\/\/www.uartes.edu.ec\/sitio\/wp-content\/uploads\/2018\/11\/Fachada-UA-ped-300x169.jpg",300,169,true],"medium_large":["https:\/\/www.uartes.edu.ec\/sitio\/wp-content\/uploads\/2018\/11\/Fachada-UA-ped-768x432.jpg",768,432,true],"large":["https:\/\/www.uartes.edu.ec\/sitio\/wp-content\/uploads\/2018\/11\/Fachada-UA-ped-1024x576.jpg",644,362,true],"1536x1536":["https:\/\/www.uartes.edu.ec\/sitio\/wp-content\/uploads\/2018\/11\/Fachada-UA-ped.jpg",1536,864,false],"2048x2048":["https:\/\/www.uartes.edu.ec\/sitio\/wp-content\/uploads\/2018\/11\/Fachada-UA-ped.jpg",2048,1152,false],"trp-custom-language-flag":["https:\/\/www.uartes.edu.ec\/sitio\/wp-content\/uploads\/2018\/11\/Fachada-UA-ped.jpg",18,10,false],"htmega_size_585x295":["https:\/\/www.uartes.edu.ec\/sitio\/wp-content\/uploads\/2018\/11\/Fachada-UA-ped.jpg",525,295,false],"htmega_size_1170x536":["https:\/\/www.uartes.edu.ec\/sitio\/wp-content\/uploads\/2018\/11\/Fachada-UA-ped.jpg",953,536,false],"htmega_size_396x360":["https:\/\/www.uartes.edu.ec\/sitio\/wp-content\/uploads\/2018\/11\/Fachada-UA-ped.jpg",396,223,false],"gb-block-post-grid-landscape":["https:\/\/www.uartes.edu.ec\/sitio\/wp-content\/uploads\/2018\/11\/Fachada-UA-ped.jpg",600,337,false],"gb-block-post-grid-square":["https:\/\/www.uartes.edu.ec\/sitio\/wp-content\/uploads\/2018\/11\/Fachada-UA-ped.jpg",600,337,false],"university-hub-thumb":["https:\/\/www.uartes.edu.ec\/sitio\/wp-content\/uploads\/2018\/11\/Fachada-UA-ped.jpg",400,225,false]},"uagb_author_info":{"display_name":"Universidad de las Artes","author_link":"https:\/\/www.uartes.edu.ec\/sitio\/en\/blog\/author\/dircomadm\/"},"uagb_comment_info":0,"uagb_excerpt":"El mi\u00e9rcoles 31 de octubre, Ramiro Noriega, rector de la Universidad de las Artes, se reuni\u00f3, con la Organizaci\u00f3n de Estados Iberoamericanos (OEI) en Madrid, Espa\u00f1a. En el evento se fortalecieron los lazos de amistad y de cooperaci\u00f3n, con el fin de mantener el trabajo cultural y educativo. La OEI ha aportado en diversos proyectos&hellip;","featured_image_src":"https:\/\/www.uartes.edu.ec\/sitio\/wp-content\/uploads\/2018\/11\/Fachada-UA-ped.jpg","featured_image_src_square":"https:\/\/www.uartes.edu.ec\/sitio\/wp-content\/uploads\/2018\/11\/Fachada-UA-ped.jpg","author_info":{"display_name":"Universidad de las Artes","author_link":"https:\/\/www.uartes.edu.ec\/sitio\/en\/blog\/author\/dircomadm\/"},"publishpress_future_workflow_manual_trigger":{"enabledWorkflows":[]},"distributor_meta":false,"distributor_terms":false,"distributor_media":false,"distributor_original_site_name":"Universidad de las Artes","distributor_original_site_url":"https:\/\/www.uartes.edu.ec\/sitio\/en","push-errors":false,"_links":{"self":[{"href":"https:\/\/www.uartes.edu.ec\/sitio\/en\/wp-json\/wp\/v2\/posts\/2682","targetHints":{"allow":["GET"]}}],"collection":[{"href":"https:\/\/www.uartes.edu.ec\/sitio\/en\/wp-json\/wp\/v2\/posts"}],"about":[{"href":"https:\/\/www.uartes.edu.ec\/sitio\/en\/wp-json\/wp\/v2\/types\/post"}],"author":[{"embeddable":true,"href":"https:\/\/www.uartes.edu.ec\/sitio\/en\/wp-json\/wp\/v2\/users\/1"}],"replies":[{"embeddable":true,"href":"https:\/\/www.uartes.edu.ec\/sitio\/en\/wp-json\/wp\/v2\/comments?post=2682"}],"version-history":[{"count":1,"href":"https:\/\/www.uartes.edu.ec\/sitio\/en\/wp-json\/wp\/v2\/posts\/2682\/revisions"}],"predecessor-version":[{"id":2684,"href":"https:\/\/www.uartes.edu.ec\/sitio\/en\/wp-json\/wp\/v2\/posts\/2682\/revisions\/2684"}],"wp:featuredmedia":[{"embeddable":true,"href":"https:\/\/www.uartes.edu.ec\/sitio\/en\/wp-json\/wp\/v2\/media\/2683"}],"wp:attachment":[{"href":"https:\/\/www.uartes.edu.ec\/sitio\/en\/wp-json\/wp\/v2\/media?parent=2682"}],"wp:term":[{"taxonomy":"category","embeddable":true,"href":"https:\/\/www.uartes.edu.ec\/sitio\/en\/wp-json\/wp\/v2\/categories?post=2682"},{"taxonomy":"post_tag","embeddable":true,"href":"https:\/\/www.uartes.edu.ec\/sitio\/en\/wp-json\/wp\/v2\/tags?post=2682"},{"taxonomy":"infouartes","embeddable":true,"href":"https:\/\/www.uartes.edu.ec\/sitio\/en\/wp-json\/wp\/v2\/infouartes?post=2682"}],"curies":[{"name":"wp","href":"https:\/\/api.w.org\/{rel}","templated":true}]}}