{"id":26829,"date":"2022-08-23T18:07:00","date_gmt":"2022-08-23T23:07:00","guid":{"rendered":"http:\/\/www.uartes.edu.ec\/sitio\/?p=26829"},"modified":"2024-07-04T11:23:10","modified_gmt":"2024-07-04T16:23:10","slug":"instalacion-telematica-japata-klla-fusiona-los-lenguajesancestrales-identitarios-con-los-contemporaneos-digitales","status":"publish","type":"post","link":"https:\/\/www.uartes.edu.ec\/sitio\/en\/blog\/2022\/08\/23\/instalacion-telematica-japata-klla-fusiona-los-lenguajesancestrales-identitarios-con-los-contemporaneos-digitales\/","title":{"rendered":"Instalaci\u00f3n \u201cJapata-klla\u201d, fusi\u00f3n de lenguajes entorno a tejido tradicional del sombrero de paja toquilla"},"content":{"rendered":"<p>En homenaje al d\u00e9cimo aniversario de la declaratoria de la UNESCO al tejido tradicional del sombrero ecuatoriano de paja toquilla como Patrimonio Cultural Inmaterial de la Humanidad surge la instalaci\u00f3n telem\u00e1tica \u201cJapata-klla\u201d, con su propuesta de fusi\u00f3n hibrida entre los lenguajes ancestrales identitarios con los lenguajes contempor\u00e1neos digitales.<\/p>\n\n\n\n<p>La instalaci\u00f3n \u201cJapata-klla\u201d se inaugur\u00f3 este 22 de agosto en la Plaza P\u00fablica del Centro de Producci\u00f3n e Innovaci\u00f3n MZ14 y se mantendr\u00e1 hasta el 2 de septiembre pr\u00f3ximo. Su autor es Rupert von Mandrake (Pedro Gonz\u00e1lez), graduado de la Escuela de Artes Visuales de la Universidad de las Artes.<\/p>\n\n\n\n<p>En el acto inaugural, se indic\u00f3 a \u201cJapata-klla\u201c como parte de un proceso de trabajo exitoso en territorio que realiza la galer\u00eda\/residencia Michugo Dorado desde el Centro Cultural de Monta\u00f1ita. Una gesti\u00f3n art\u00edstica\/cultural comunitaria con una visi\u00f3n art\u00edstica, acad\u00e9mica, incluyente y solidaria.<\/p>\n\n\n\n<p>\u201cHacer sentir el valor del tejido, el conocimiento que guarda, los saberes que alberga y repensar el trabajo desde lo art\u00edstico. Valorar la perseverancia de esas manos que trabajan muchas veces calladas, an\u00f3nimas, discriminadas\u201d son los prop\u00f3sitos que llevaron a Rupert von Mandrake a concebir \u201cJapata killa\u201d, un homenaje al tejido tradicional del sombrero de paja toquilla m\u00e1s fino del mundo, cuya historia se remonta al siglo XVI cuando ya eran usados por los ind\u00edgenas de la Costa, de lo que hoy son las provincias de Guayas y Manab\u00ed. Con el paso de los a\u00f1os, este tejido sigue siendo propio de nuestro pa\u00eds.<\/p>\n\n\n<div class=\"wp-block-image\">\n<figure class=\"aligncenter size-large\"><img fetchpriority=\"high\" decoding=\"async\" width=\"644\" height=\"429\" src=\"http:\/\/www.uartes.edu.ec\/sitio\/wp-content\/uploads\/2022\/08\/prueba111-644x429.jpg\" alt=\"\" class=\"wp-image-26831\" srcset=\"https:\/\/www.uartes.edu.ec\/sitio\/wp-content\/uploads\/2022\/08\/prueba111-644x429.jpg 644w, https:\/\/www.uartes.edu.ec\/sitio\/wp-content\/uploads\/2022\/08\/prueba111-768x511.jpg 768w, https:\/\/www.uartes.edu.ec\/sitio\/wp-content\/uploads\/2022\/08\/prueba111.jpg 2000w, https:\/\/www.uartes.edu.ec\/sitio\/wp-content\/uploads\/2022\/08\/prueba111-600x399.jpg 600w, https:\/\/www.uartes.edu.ec\/sitio\/wp-content\/uploads\/2022\/08\/prueba111-272x182.jpg 272w\" sizes=\"(max-width: 644px) 100vw, 644px\" \/><\/figure>\n<\/div>\n\n<div class=\"wp-block-image\">\n<figure class=\"aligncenter size-large\"><img decoding=\"async\" width=\"615\" height=\"412\" src=\"http:\/\/www.uartes.edu.ec\/sitio\/wp-content\/uploads\/2022\/08\/prueba333-615x412.jpg\" alt=\"\" class=\"wp-image-26833\" srcset=\"https:\/\/www.uartes.edu.ec\/sitio\/wp-content\/uploads\/2022\/08\/prueba333.jpg 615w, https:\/\/www.uartes.edu.ec\/sitio\/wp-content\/uploads\/2022\/08\/prueba333-600x401.jpg 600w, https:\/\/www.uartes.edu.ec\/sitio\/wp-content\/uploads\/2022\/08\/prueba333-272x182.jpg 272w\" sizes=\"(max-width: 615px) 100vw, 615px\" \/><\/figure>\n<\/div>\n\n\n<p>La puesta en escena de \u201cJapata killa\u201d es in\u00e9dita y dirigida a darle un nuevo valor simb\u00f3lico al sombrero. As\u00ed, para su montaje, el autor concibi\u00f3 la instalaci\u00f3n de un circuito cerrado de televisi\u00f3n en la Comuna de Pile, en la provincia de Manab\u00ed, para permitir la transmisi\u00f3n de los tejedores en una danza sincronizada, mientras que en Guayaquil dos pantallas proyectan la se\u00f1al de video intervenida junto a unos paisajes sonoros grabados en territorio y un video hecho por los ni\u00f1os participantes de un taller realizado en la comuna. Completan la instalaci\u00f3n diferentes objetos y palabras de poder de los comuneros, ubicados estos en el suelo marcando el territorio de la obra.<\/p>\n\n\n\n<p>Junto al alumnus UArtes, en \u201cJapata-klla\u201c intervienen el artista sonoro Daniel Campoverde y el colectivo experimental Gusanos Telem\u00e1ticos.<\/p>\n\n\n\n<p>Cabe anotar que Rupert von Mandrake gan\u00f3 la convocatoria 2022 del MZ14 para la producci\u00f3n y presentaci\u00f3n de exposiciones art\u00edsticas, y que la instalaci\u00f3n \u201cJapata killa\u201d se realiz\u00f3 en el marco del proyecto \u201cTejiendo desarrollo sostenible en Pile, Manab\u00ed\u201d, liderado por la UNESCO junto con el Instituto Nacional de Patrimonio Cultural y el financiamiento de la Embajada de Francia en Ecuador. En la inauguraci\u00f3n estuvieron presentes sus representantes, autoridades y funcionarios de nuestra instituci\u00f3n, como la directora ejecutiva del MZ14, doctora Tania Navarrete, y la directora de Relaciones Internacionales, Susan Togra, y una delegaci\u00f3n de tejedores de la Comuna de Pile.<\/p>\n\n\n<div class=\"wp-block-image\">\n<figure class=\"aligncenter size-large\"><img decoding=\"async\" width=\"433\" height=\"328\" src=\"http:\/\/www.uartes.edu.ec\/sitio\/wp-content\/uploads\/2022\/08\/prueba222-433x328.jpg\" alt=\"\" class=\"wp-image-26832\" \/><\/figure>\n<\/div>\n\n<div class=\"wp-block-image\">\n<figure class=\"aligncenter size-large\"><img loading=\"lazy\" decoding=\"async\" width=\"416\" height=\"382\" src=\"http:\/\/www.uartes.edu.ec\/sitio\/wp-content\/uploads\/2022\/08\/prueba444-416x382.png\" alt=\"\" class=\"wp-image-26834\" \/><\/figure>\n<\/div>\n\n\n<h3 class=\"wp-block-heading\">Informaci\u00f3n del autor<\/h3>\n\n\n\n<p>Adem\u00e1s de sus estudios acad\u00e9micos en Artes Visuales, Rupert von Mandrake es t\u00e9cnico en serigraf\u00eda y grabado y en imagen y sonido. Tiene experiencia como productor y realizador de audiovisuales en televisi\u00f3n y agencias de publicidad, as\u00ed como en el uso de multimedia, organizaci\u00f3n de fiestas electr\u00f3nicas y eventos masivos. Desde 2015 dirige el colectivo experimental Gusanos Telem\u00e1ticos, donde promueve las instalaciones multimedi\u00e1ticas de gran impacto visual. Desde 2020 lidera la galer\u00eda\/residencia Michugo Dorado, como oficina de gesti\u00f3n cultural independiente que desarrolla una programaci\u00f3n en coordinaci\u00f3n con la Comisi\u00f3n de Cultura de la Comuna de Monta\u00f1ita.<\/p>\n\n\n\n<p>En im\u00e1genes, en la principal Rupert von Mandrake (Pedro Gonz\u00e1lez) junto a una parte de su instalaci\u00f3n, \u201cJapata killa\u201d. En las gr\u00e1ficas siguientes, el d\u00eda de la inauguraci\u00f3n.<\/p>","protected":false},"excerpt":{"rendered":"<p>Estar\u00e1 hasta el 2 de septiembre en el MZ14. Su autor es el alumnus Rupert von Mandrake, en homenaje a los 10 a\u00f1os de declaratoria del tejido tradicional del sombrero de paja toquilla como Patrimonio Cultural Inmaterial de la Humanidad. Se suscita en el marco del proyecto \u201cTejiendo desarrollo sostenible en Pile, Manab\u00ed\u201d, liderado por UNESCO e INCP, financiado por la Embajada de Francia en Ecuador.<\/p>","protected":false},"author":10,"featured_media":26830,"comment_status":"open","ping_status":"open","sticky":false,"template":"","format":"standard","meta":{"_acf_changed":false,"_uag_custom_page_level_css":"","_monsterinsights_skip_tracking":false,"_monsterinsights_sitenote_active":false,"_monsterinsights_sitenote_note":"","_monsterinsights_sitenote_category":0,"cybocfi_hide_featured_image":"","footnotes":""},"categories":[714,490,82,284],"tags":[767],"infouartes":[],"class_list":["post-26829","post","type-post","status-publish","format-standard","has-post-thumbnail","hentry","category-2b","category-alumni","category-artes","category-investigacion","tag-instalacion"],"acf":[],"yoast_head":"<!-- This site is optimized with the Yoast SEO plugin v27.4 - https:\/\/yoast.com\/product\/yoast-seo-wordpress\/ -->\n<title>Universidad de las Artes - Instalaci\u00f3n \u201cJapata-klla\u201d, fusi\u00f3n de lenguajes entorno a tejido tradicional del sombrero de paja toquilla<\/title>\n<meta name=\"description\" content=\"Universidad de las Artes - Instalaci\u00f3n \u201cJapata-klla\u201d, fusi\u00f3n de lenguajes entorno a tejido tradicional del sombrero de paja toquilla\" \/>\n<meta name=\"robots\" content=\"index, follow, max-snippet:-1, max-image-preview:large, max-video-preview:-1\" \/>\n<link rel=\"canonical\" href=\"https:\/\/www.uartes.edu.ec\/sitio\/en\/blog\/2022\/08\/23\/instalacion-telematica-japata-klla-fusiona-los-lenguajesancestrales-identitarios-con-los-contemporaneos-digitales\/\" \/>\n<meta property=\"og:locale\" content=\"en_US\" \/>\n<meta property=\"og:type\" content=\"article\" \/>\n<meta property=\"og:title\" content=\"Universidad de las Artes - Instalaci\u00f3n \u201cJapata-klla\u201d, fusi\u00f3n de lenguajes entorno a tejido tradicional del sombrero de paja toquilla\" \/>\n<meta property=\"og:description\" content=\"Universidad de las Artes - Instalaci\u00f3n \u201cJapata-klla\u201d, fusi\u00f3n de lenguajes entorno a tejido tradicional del sombrero de paja toquilla\" \/>\n<meta property=\"og:url\" content=\"https:\/\/www.uartes.edu.ec\/sitio\/en\/blog\/2022\/08\/23\/instalacion-telematica-japata-klla-fusiona-los-lenguajesancestrales-identitarios-con-los-contemporaneos-digitales\/\" \/>\n<meta property=\"og:site_name\" content=\"Universidad de las Artes\" \/>\n<meta property=\"article:publisher\" content=\"https:\/\/www.facebook.com\/uartesec\" \/>\n<meta property=\"article:published_time\" content=\"2022-08-23T23:07:00+00:00\" \/>\n<meta property=\"article:modified_time\" content=\"2024-07-04T16:23:10+00:00\" \/>\n<meta property=\"og:image\" content=\"https:\/\/www.uartes.edu.ec\/sitio\/wp-content\/uploads\/2022\/08\/prueba000.jpg\" \/>\n\t<meta property=\"og:image:width\" content=\"2000\" \/>\n\t<meta property=\"og:image:height\" content=\"1333\" \/>\n\t<meta property=\"og:image:type\" content=\"image\/jpeg\" \/>\n<meta name=\"author\" content=\"ccortez\" \/>\n<meta name=\"twitter:card\" content=\"summary_large_image\" \/>\n<meta name=\"twitter:creator\" content=\"@uartesec\" \/>\n<meta name=\"twitter:site\" content=\"@uartesec\" \/>\n<meta name=\"twitter:label1\" content=\"Written by\" \/>\n\t<meta name=\"twitter:data1\" content=\"ccortez\" \/>\n\t<meta name=\"twitter:label2\" content=\"Est. reading time\" \/>\n\t<meta name=\"twitter:data2\" content=\"4 minutes\" \/>\n<script type=\"application\/ld+json\" class=\"yoast-schema-graph\">{\"@context\":\"https:\\\/\\\/schema.org\",\"@graph\":[{\"@type\":\"Article\",\"@id\":\"https:\\\/\\\/www.uartes.edu.ec\\\/sitio\\\/en\\\/blog\\\/2022\\\/08\\\/23\\\/instalacion-telematica-japata-klla-fusiona-los-lenguajesancestrales-identitarios-con-los-contemporaneos-digitales\\\/#article\",\"isPartOf\":{\"@id\":\"https:\\\/\\\/www.uartes.edu.ec\\\/sitio\\\/en\\\/blog\\\/2022\\\/08\\\/23\\\/instalacion-telematica-japata-klla-fusiona-los-lenguajesancestrales-identitarios-con-los-contemporaneos-digitales\\\/\"},\"author\":{\"name\":\"ccortez\",\"@id\":\"https:\\\/\\\/www.uartes.edu.ec\\\/sitio\\\/en\\\/#\\\/schema\\\/person\\\/efa1b8275797664fd7f13a79ccc0b1f4\"},\"headline\":\"Instalaci\u00f3n \u201cJapata-klla\u201d, fusi\u00f3n de lenguajes entorno a tejido tradicional del sombrero de paja toquilla\",\"datePublished\":\"2022-08-23T23:07:00+00:00\",\"dateModified\":\"2024-07-04T16:23:10+00:00\",\"mainEntityOfPage\":{\"@id\":\"https:\\\/\\\/www.uartes.edu.ec\\\/sitio\\\/en\\\/blog\\\/2022\\\/08\\\/23\\\/instalacion-telematica-japata-klla-fusiona-los-lenguajesancestrales-identitarios-con-los-contemporaneos-digitales\\\/\"},\"wordCount\":679,\"commentCount\":0,\"publisher\":{\"@id\":\"https:\\\/\\\/www.uartes.edu.ec\\\/sitio\\\/en\\\/#organization\"},\"image\":{\"@id\":\"https:\\\/\\\/www.uartes.edu.ec\\\/sitio\\\/en\\\/blog\\\/2022\\\/08\\\/23\\\/instalacion-telematica-japata-klla-fusiona-los-lenguajesancestrales-identitarios-con-los-contemporaneos-digitales\\\/#primaryimage\"},\"thumbnailUrl\":\"https:\\\/\\\/www.uartes.edu.ec\\\/sitio\\\/wp-content\\\/uploads\\\/2022\\\/08\\\/prueba000.jpg\",\"keywords\":[\"instalaci\u00f3n\"],\"articleSection\":[\"2B\",\"Alumni\",\"Artes\",\"Investigaci\u00f3n\"],\"inLanguage\":\"en-US\",\"potentialAction\":[{\"@type\":\"CommentAction\",\"name\":\"Comment\",\"target\":[\"https:\\\/\\\/www.uartes.edu.ec\\\/sitio\\\/en\\\/blog\\\/2022\\\/08\\\/23\\\/instalacion-telematica-japata-klla-fusiona-los-lenguajesancestrales-identitarios-con-los-contemporaneos-digitales\\\/#respond\"]}]},{\"@type\":[\"WebPage\",\"ItemPage\"],\"@id\":\"https:\\\/\\\/www.uartes.edu.ec\\\/sitio\\\/en\\\/blog\\\/2022\\\/08\\\/23\\\/instalacion-telematica-japata-klla-fusiona-los-lenguajesancestrales-identitarios-con-los-contemporaneos-digitales\\\/\",\"url\":\"https:\\\/\\\/www.uartes.edu.ec\\\/sitio\\\/en\\\/blog\\\/2022\\\/08\\\/23\\\/instalacion-telematica-japata-klla-fusiona-los-lenguajesancestrales-identitarios-con-los-contemporaneos-digitales\\\/\",\"name\":\"Universidad de las Artes - Instalaci\u00f3n \u201cJapata-klla\u201d, fusi\u00f3n de lenguajes entorno a tejido tradicional del sombrero de paja toquilla\",\"isPartOf\":{\"@id\":\"https:\\\/\\\/www.uartes.edu.ec\\\/sitio\\\/en\\\/#website\"},\"primaryImageOfPage\":{\"@id\":\"https:\\\/\\\/www.uartes.edu.ec\\\/sitio\\\/en\\\/blog\\\/2022\\\/08\\\/23\\\/instalacion-telematica-japata-klla-fusiona-los-lenguajesancestrales-identitarios-con-los-contemporaneos-digitales\\\/#primaryimage\"},\"image\":{\"@id\":\"https:\\\/\\\/www.uartes.edu.ec\\\/sitio\\\/en\\\/blog\\\/2022\\\/08\\\/23\\\/instalacion-telematica-japata-klla-fusiona-los-lenguajesancestrales-identitarios-con-los-contemporaneos-digitales\\\/#primaryimage\"},\"thumbnailUrl\":\"https:\\\/\\\/www.uartes.edu.ec\\\/sitio\\\/wp-content\\\/uploads\\\/2022\\\/08\\\/prueba000.jpg\",\"datePublished\":\"2022-08-23T23:07:00+00:00\",\"dateModified\":\"2024-07-04T16:23:10+00:00\",\"description\":\"Universidad de las Artes - Instalaci\u00f3n \u201cJapata-klla\u201d, fusi\u00f3n de lenguajes entorno a tejido tradicional del sombrero de paja toquilla\",\"breadcrumb\":{\"@id\":\"https:\\\/\\\/www.uartes.edu.ec\\\/sitio\\\/en\\\/blog\\\/2022\\\/08\\\/23\\\/instalacion-telematica-japata-klla-fusiona-los-lenguajesancestrales-identitarios-con-los-contemporaneos-digitales\\\/#breadcrumb\"},\"inLanguage\":\"en-US\",\"potentialAction\":[{\"@type\":\"ReadAction\",\"target\":[\"https:\\\/\\\/www.uartes.edu.ec\\\/sitio\\\/en\\\/blog\\\/2022\\\/08\\\/23\\\/instalacion-telematica-japata-klla-fusiona-los-lenguajesancestrales-identitarios-con-los-contemporaneos-digitales\\\/\"]}]},{\"@type\":\"ImageObject\",\"inLanguage\":\"en-US\",\"@id\":\"https:\\\/\\\/www.uartes.edu.ec\\\/sitio\\\/en\\\/blog\\\/2022\\\/08\\\/23\\\/instalacion-telematica-japata-klla-fusiona-los-lenguajesancestrales-identitarios-con-los-contemporaneos-digitales\\\/#primaryimage\",\"url\":\"https:\\\/\\\/www.uartes.edu.ec\\\/sitio\\\/wp-content\\\/uploads\\\/2022\\\/08\\\/prueba000.jpg\",\"contentUrl\":\"https:\\\/\\\/www.uartes.edu.ec\\\/sitio\\\/wp-content\\\/uploads\\\/2022\\\/08\\\/prueba000.jpg\",\"width\":2000,\"height\":1333},{\"@type\":\"BreadcrumbList\",\"@id\":\"https:\\\/\\\/www.uartes.edu.ec\\\/sitio\\\/en\\\/blog\\\/2022\\\/08\\\/23\\\/instalacion-telematica-japata-klla-fusiona-los-lenguajesancestrales-identitarios-con-los-contemporaneos-digitales\\\/#breadcrumb\",\"itemListElement\":[{\"@type\":\"ListItem\",\"position\":1,\"name\":\"Inicio\",\"item\":\"https:\\\/\\\/www.uartes.edu.ec\\\/sitio\\\/\"},{\"@type\":\"ListItem\",\"position\":2,\"name\":\"Instalaci\u00f3n \u201cJapata-klla\u201d, fusi\u00f3n de lenguajes entorno a tejido tradicional del sombrero de paja toquilla\"}]},{\"@type\":\"WebSite\",\"@id\":\"https:\\\/\\\/www.uartes.edu.ec\\\/sitio\\\/en\\\/#website\",\"url\":\"https:\\\/\\\/www.uartes.edu.ec\\\/sitio\\\/en\\\/\",\"name\":\"Universidad de las Artes\",\"description\":\"Sitio oficial de la Universidad Nacional de las Artes del Ecuador\",\"publisher\":{\"@id\":\"https:\\\/\\\/www.uartes.edu.ec\\\/sitio\\\/en\\\/#organization\"},\"potentialAction\":[{\"@type\":\"SearchAction\",\"target\":{\"@type\":\"EntryPoint\",\"urlTemplate\":\"https:\\\/\\\/www.uartes.edu.ec\\\/sitio\\\/en\\\/?s={search_term_string}\"},\"query-input\":{\"@type\":\"PropertyValueSpecification\",\"valueRequired\":true,\"valueName\":\"search_term_string\"}}],\"inLanguage\":\"en-US\"},{\"@type\":\"Organization\",\"@id\":\"https:\\\/\\\/www.uartes.edu.ec\\\/sitio\\\/en\\\/#organization\",\"name\":\"Universidad de las Artes\",\"url\":\"https:\\\/\\\/www.uartes.edu.ec\\\/sitio\\\/en\\\/\",\"logo\":{\"@type\":\"ImageObject\",\"inLanguage\":\"en-US\",\"@id\":\"https:\\\/\\\/www.uartes.edu.ec\\\/sitio\\\/en\\\/#\\\/schema\\\/logo\\\/image\\\/\",\"url\":\"https:\\\/\\\/www.uartes.edu.ec\\\/sitio\\\/wp-content\\\/uploads\\\/2022\\\/07\\\/logo-ua-horizontal.png\",\"contentUrl\":\"https:\\\/\\\/www.uartes.edu.ec\\\/sitio\\\/wp-content\\\/uploads\\\/2022\\\/07\\\/logo-ua-horizontal.png\",\"width\":800,\"height\":276,\"caption\":\"Universidad de las Artes\"},\"image\":{\"@id\":\"https:\\\/\\\/www.uartes.edu.ec\\\/sitio\\\/en\\\/#\\\/schema\\\/logo\\\/image\\\/\"},\"sameAs\":[\"https:\\\/\\\/www.facebook.com\\\/uartesec\",\"https:\\\/\\\/x.com\\\/uartesec\",\"https:\\\/\\\/www.tiktok.com\\\/@uartesec\"]},{\"@type\":\"Person\",\"@id\":\"https:\\\/\\\/www.uartes.edu.ec\\\/sitio\\\/en\\\/#\\\/schema\\\/person\\\/efa1b8275797664fd7f13a79ccc0b1f4\",\"name\":\"ccortez\",\"image\":{\"@type\":\"ImageObject\",\"inLanguage\":\"en-US\",\"@id\":\"https:\\\/\\\/secure.gravatar.com\\\/avatar\\\/b2a6f664a3ae8e074346ef91775736c5ec479e637ecced6842de9dc98b5da9cd?s=96&d=mm&r=g\",\"url\":\"https:\\\/\\\/secure.gravatar.com\\\/avatar\\\/b2a6f664a3ae8e074346ef91775736c5ec479e637ecced6842de9dc98b5da9cd?s=96&d=mm&r=g\",\"contentUrl\":\"https:\\\/\\\/secure.gravatar.com\\\/avatar\\\/b2a6f664a3ae8e074346ef91775736c5ec479e637ecced6842de9dc98b5da9cd?s=96&d=mm&r=g\",\"caption\":\"ccortez\"},\"url\":\"https:\\\/\\\/www.uartes.edu.ec\\\/sitio\\\/en\\\/blog\\\/author\\\/ccortez\\\/\"}]}<\/script>\n<!-- \/ Yoast SEO plugin. -->","yoast_head_json":{"title":"Universidad de las Artes - Instalaci\u00f3n \u201cJapata-klla\u201d, fusi\u00f3n de lenguajes entorno a tejido tradicional del sombrero de paja toquilla","description":"Universidad de las Artes - Instalaci\u00f3n \u201cJapata-klla\u201d, fusi\u00f3n de lenguajes entorno a tejido tradicional del sombrero de paja toquilla","robots":{"index":"index","follow":"follow","max-snippet":"max-snippet:-1","max-image-preview":"max-image-preview:large","max-video-preview":"max-video-preview:-1"},"canonical":"https:\/\/www.uartes.edu.ec\/sitio\/en\/blog\/2022\/08\/23\/instalacion-telematica-japata-klla-fusiona-los-lenguajesancestrales-identitarios-con-los-contemporaneos-digitales\/","og_locale":"en_US","og_type":"article","og_title":"Universidad de las Artes - Instalaci\u00f3n \u201cJapata-klla\u201d, fusi\u00f3n de lenguajes entorno a tejido tradicional del sombrero de paja toquilla","og_description":"Universidad de las Artes - Instalaci\u00f3n \u201cJapata-klla\u201d, fusi\u00f3n de lenguajes entorno a tejido tradicional del sombrero de paja toquilla","og_url":"https:\/\/www.uartes.edu.ec\/sitio\/en\/blog\/2022\/08\/23\/instalacion-telematica-japata-klla-fusiona-los-lenguajesancestrales-identitarios-con-los-contemporaneos-digitales\/","og_site_name":"Universidad de las Artes","article_publisher":"https:\/\/www.facebook.com\/uartesec","article_published_time":"2022-08-23T23:07:00+00:00","article_modified_time":"2024-07-04T16:23:10+00:00","og_image":[{"width":2000,"height":1333,"url":"https:\/\/www.uartes.edu.ec\/sitio\/wp-content\/uploads\/2022\/08\/prueba000.jpg","type":"image\/jpeg"}],"author":"ccortez","twitter_card":"summary_large_image","twitter_creator":"@uartesec","twitter_site":"@uartesec","twitter_misc":{"Written by":"ccortez","Est. reading time":"4 minutes"},"schema":{"@context":"https:\/\/schema.org","@graph":[{"@type":"Article","@id":"https:\/\/www.uartes.edu.ec\/sitio\/en\/blog\/2022\/08\/23\/instalacion-telematica-japata-klla-fusiona-los-lenguajesancestrales-identitarios-con-los-contemporaneos-digitales\/#article","isPartOf":{"@id":"https:\/\/www.uartes.edu.ec\/sitio\/en\/blog\/2022\/08\/23\/instalacion-telematica-japata-klla-fusiona-los-lenguajesancestrales-identitarios-con-los-contemporaneos-digitales\/"},"author":{"name":"ccortez","@id":"https:\/\/www.uartes.edu.ec\/sitio\/en\/#\/schema\/person\/efa1b8275797664fd7f13a79ccc0b1f4"},"headline":"Instalaci\u00f3n \u201cJapata-klla\u201d, fusi\u00f3n de lenguajes entorno a tejido tradicional del sombrero de paja toquilla","datePublished":"2022-08-23T23:07:00+00:00","dateModified":"2024-07-04T16:23:10+00:00","mainEntityOfPage":{"@id":"https:\/\/www.uartes.edu.ec\/sitio\/en\/blog\/2022\/08\/23\/instalacion-telematica-japata-klla-fusiona-los-lenguajesancestrales-identitarios-con-los-contemporaneos-digitales\/"},"wordCount":679,"commentCount":0,"publisher":{"@id":"https:\/\/www.uartes.edu.ec\/sitio\/en\/#organization"},"image":{"@id":"https:\/\/www.uartes.edu.ec\/sitio\/en\/blog\/2022\/08\/23\/instalacion-telematica-japata-klla-fusiona-los-lenguajesancestrales-identitarios-con-los-contemporaneos-digitales\/#primaryimage"},"thumbnailUrl":"https:\/\/www.uartes.edu.ec\/sitio\/wp-content\/uploads\/2022\/08\/prueba000.jpg","keywords":["instalaci\u00f3n"],"articleSection":["2B","Alumni","Artes","Investigaci\u00f3n"],"inLanguage":"en-US","potentialAction":[{"@type":"CommentAction","name":"Comment","target":["https:\/\/www.uartes.edu.ec\/sitio\/en\/blog\/2022\/08\/23\/instalacion-telematica-japata-klla-fusiona-los-lenguajesancestrales-identitarios-con-los-contemporaneos-digitales\/#respond"]}]},{"@type":["WebPage","ItemPage"],"@id":"https:\/\/www.uartes.edu.ec\/sitio\/en\/blog\/2022\/08\/23\/instalacion-telematica-japata-klla-fusiona-los-lenguajesancestrales-identitarios-con-los-contemporaneos-digitales\/","url":"https:\/\/www.uartes.edu.ec\/sitio\/en\/blog\/2022\/08\/23\/instalacion-telematica-japata-klla-fusiona-los-lenguajesancestrales-identitarios-con-los-contemporaneos-digitales\/","name":"Universidad de las Artes - Instalaci\u00f3n \u201cJapata-klla\u201d, fusi\u00f3n de lenguajes entorno a tejido tradicional del sombrero de paja toquilla","isPartOf":{"@id":"https:\/\/www.uartes.edu.ec\/sitio\/en\/#website"},"primaryImageOfPage":{"@id":"https:\/\/www.uartes.edu.ec\/sitio\/en\/blog\/2022\/08\/23\/instalacion-telematica-japata-klla-fusiona-los-lenguajesancestrales-identitarios-con-los-contemporaneos-digitales\/#primaryimage"},"image":{"@id":"https:\/\/www.uartes.edu.ec\/sitio\/en\/blog\/2022\/08\/23\/instalacion-telematica-japata-klla-fusiona-los-lenguajesancestrales-identitarios-con-los-contemporaneos-digitales\/#primaryimage"},"thumbnailUrl":"https:\/\/www.uartes.edu.ec\/sitio\/wp-content\/uploads\/2022\/08\/prueba000.jpg","datePublished":"2022-08-23T23:07:00+00:00","dateModified":"2024-07-04T16:23:10+00:00","description":"Universidad de las Artes - Instalaci\u00f3n \u201cJapata-klla\u201d, fusi\u00f3n de lenguajes entorno a tejido tradicional del sombrero de paja toquilla","breadcrumb":{"@id":"https:\/\/www.uartes.edu.ec\/sitio\/en\/blog\/2022\/08\/23\/instalacion-telematica-japata-klla-fusiona-los-lenguajesancestrales-identitarios-con-los-contemporaneos-digitales\/#breadcrumb"},"inLanguage":"en-US","potentialAction":[{"@type":"ReadAction","target":["https:\/\/www.uartes.edu.ec\/sitio\/en\/blog\/2022\/08\/23\/instalacion-telematica-japata-klla-fusiona-los-lenguajesancestrales-identitarios-con-los-contemporaneos-digitales\/"]}]},{"@type":"ImageObject","inLanguage":"en-US","@id":"https:\/\/www.uartes.edu.ec\/sitio\/en\/blog\/2022\/08\/23\/instalacion-telematica-japata-klla-fusiona-los-lenguajesancestrales-identitarios-con-los-contemporaneos-digitales\/#primaryimage","url":"https:\/\/www.uartes.edu.ec\/sitio\/wp-content\/uploads\/2022\/08\/prueba000.jpg","contentUrl":"https:\/\/www.uartes.edu.ec\/sitio\/wp-content\/uploads\/2022\/08\/prueba000.jpg","width":2000,"height":1333},{"@type":"BreadcrumbList","@id":"https:\/\/www.uartes.edu.ec\/sitio\/en\/blog\/2022\/08\/23\/instalacion-telematica-japata-klla-fusiona-los-lenguajesancestrales-identitarios-con-los-contemporaneos-digitales\/#breadcrumb","itemListElement":[{"@type":"ListItem","position":1,"name":"Inicio","item":"https:\/\/www.uartes.edu.ec\/sitio\/"},{"@type":"ListItem","position":2,"name":"Instalaci\u00f3n \u201cJapata-klla\u201d, fusi\u00f3n de lenguajes entorno a tejido tradicional del sombrero de paja toquilla"}]},{"@type":"WebSite","@id":"https:\/\/www.uartes.edu.ec\/sitio\/en\/#website","url":"https:\/\/www.uartes.edu.ec\/sitio\/en\/","name":"Universidad de las Artes","description":"Sitio oficial de la Universidad Nacional de las Artes del Ecuador","publisher":{"@id":"https:\/\/www.uartes.edu.ec\/sitio\/en\/#organization"},"potentialAction":[{"@type":"SearchAction","target":{"@type":"EntryPoint","urlTemplate":"https:\/\/www.uartes.edu.ec\/sitio\/en\/?s={search_term_string}"},"query-input":{"@type":"PropertyValueSpecification","valueRequired":true,"valueName":"search_term_string"}}],"inLanguage":"en-US"},{"@type":"Organization","@id":"https:\/\/www.uartes.edu.ec\/sitio\/en\/#organization","name":"Universidad de las Artes","url":"https:\/\/www.uartes.edu.ec\/sitio\/en\/","logo":{"@type":"ImageObject","inLanguage":"en-US","@id":"https:\/\/www.uartes.edu.ec\/sitio\/en\/#\/schema\/logo\/image\/","url":"https:\/\/www.uartes.edu.ec\/sitio\/wp-content\/uploads\/2022\/07\/logo-ua-horizontal.png","contentUrl":"https:\/\/www.uartes.edu.ec\/sitio\/wp-content\/uploads\/2022\/07\/logo-ua-horizontal.png","width":800,"height":276,"caption":"Universidad de las Artes"},"image":{"@id":"https:\/\/www.uartes.edu.ec\/sitio\/en\/#\/schema\/logo\/image\/"},"sameAs":["https:\/\/www.facebook.com\/uartesec","https:\/\/x.com\/uartesec","https:\/\/www.tiktok.com\/@uartesec"]},{"@type":"Person","@id":"https:\/\/www.uartes.edu.ec\/sitio\/en\/#\/schema\/person\/efa1b8275797664fd7f13a79ccc0b1f4","name":"ccortez","image":{"@type":"ImageObject","inLanguage":"en-US","@id":"https:\/\/secure.gravatar.com\/avatar\/b2a6f664a3ae8e074346ef91775736c5ec479e637ecced6842de9dc98b5da9cd?s=96&d=mm&r=g","url":"https:\/\/secure.gravatar.com\/avatar\/b2a6f664a3ae8e074346ef91775736c5ec479e637ecced6842de9dc98b5da9cd?s=96&d=mm&r=g","contentUrl":"https:\/\/secure.gravatar.com\/avatar\/b2a6f664a3ae8e074346ef91775736c5ec479e637ecced6842de9dc98b5da9cd?s=96&d=mm&r=g","caption":"ccortez"},"url":"https:\/\/www.uartes.edu.ec\/sitio\/en\/blog\/author\/ccortez\/"}]}},"uagb_featured_image_src":{"full":["https:\/\/www.uartes.edu.ec\/sitio\/wp-content\/uploads\/2022\/08\/prueba000.jpg",2000,1333,false],"thumbnail":["https:\/\/www.uartes.edu.ec\/sitio\/wp-content\/uploads\/2022\/08\/prueba000-150x150.jpg",150,150,true],"medium":["https:\/\/www.uartes.edu.ec\/sitio\/wp-content\/uploads\/2022\/08\/prueba000-300x200.jpg",300,200,true],"medium_large":["https:\/\/www.uartes.edu.ec\/sitio\/wp-content\/uploads\/2022\/08\/prueba000-768x512.jpg",768,512,true],"large":["https:\/\/www.uartes.edu.ec\/sitio\/wp-content\/uploads\/2022\/08\/prueba000-644x429.jpg",644,429,true],"1536x1536":["https:\/\/www.uartes.edu.ec\/sitio\/wp-content\/uploads\/2022\/08\/prueba000-1536x1024.jpg",1536,1024,true],"2048x2048":["https:\/\/www.uartes.edu.ec\/sitio\/wp-content\/uploads\/2022\/08\/prueba000.jpg",2000,1333,false],"trp-custom-language-flag":["https:\/\/www.uartes.edu.ec\/sitio\/wp-content\/uploads\/2022\/08\/prueba000.jpg",18,12,false],"htmega_size_585x295":["https:\/\/www.uartes.edu.ec\/sitio\/wp-content\/uploads\/2022\/08\/prueba000.jpg",443,295,false],"htmega_size_1170x536":["https:\/\/www.uartes.edu.ec\/sitio\/wp-content\/uploads\/2022\/08\/prueba000.jpg",804,536,false],"htmega_size_396x360":["https:\/\/www.uartes.edu.ec\/sitio\/wp-content\/uploads\/2022\/08\/prueba000.jpg",396,264,false],"gb-block-post-grid-landscape":["https:\/\/www.uartes.edu.ec\/sitio\/wp-content\/uploads\/2022\/08\/prueba000.jpg",600,400,false],"gb-block-post-grid-square":["https:\/\/www.uartes.edu.ec\/sitio\/wp-content\/uploads\/2022\/08\/prueba000.jpg",600,400,false],"university-hub-thumb":["https:\/\/www.uartes.edu.ec\/sitio\/wp-content\/uploads\/2022\/08\/prueba000-400x267.jpg",400,267,true]},"uagb_author_info":{"display_name":"ccortez","author_link":"https:\/\/www.uartes.edu.ec\/sitio\/en\/blog\/author\/ccortez\/"},"uagb_comment_info":0,"uagb_excerpt":"Estar\u00e1 hasta el 2 de septiembre en el MZ14. Su autor es el alumnus Rupert von Mandrake, en homenaje a los 10 a\u00f1os de declaratoria del tejido tradicional del sombrero de paja toquilla como Patrimonio Cultural Inmaterial de la Humanidad. Se suscita en el marco del proyecto \u201cTejiendo desarrollo sostenible en Pile, Manab\u00ed\u201d, liderado por&hellip;","featured_image_src":"https:\/\/www.uartes.edu.ec\/sitio\/wp-content\/uploads\/2022\/08\/prueba000.jpg","featured_image_src_square":"https:\/\/www.uartes.edu.ec\/sitio\/wp-content\/uploads\/2022\/08\/prueba000.jpg","author_info":{"display_name":"ccortez","author_link":"https:\/\/www.uartes.edu.ec\/sitio\/en\/blog\/author\/ccortez\/"},"publishpress_future_workflow_manual_trigger":{"enabledWorkflows":[]},"distributor_meta":false,"distributor_terms":false,"distributor_media":false,"distributor_original_site_name":"Universidad de las Artes","distributor_original_site_url":"https:\/\/www.uartes.edu.ec\/sitio\/en","push-errors":false,"_links":{"self":[{"href":"https:\/\/www.uartes.edu.ec\/sitio\/en\/wp-json\/wp\/v2\/posts\/26829","targetHints":{"allow":["GET"]}}],"collection":[{"href":"https:\/\/www.uartes.edu.ec\/sitio\/en\/wp-json\/wp\/v2\/posts"}],"about":[{"href":"https:\/\/www.uartes.edu.ec\/sitio\/en\/wp-json\/wp\/v2\/types\/post"}],"author":[{"embeddable":true,"href":"https:\/\/www.uartes.edu.ec\/sitio\/en\/wp-json\/wp\/v2\/users\/10"}],"replies":[{"embeddable":true,"href":"https:\/\/www.uartes.edu.ec\/sitio\/en\/wp-json\/wp\/v2\/comments?post=26829"}],"version-history":[{"count":19,"href":"https:\/\/www.uartes.edu.ec\/sitio\/en\/wp-json\/wp\/v2\/posts\/26829\/revisions"}],"predecessor-version":[{"id":37567,"href":"https:\/\/www.uartes.edu.ec\/sitio\/en\/wp-json\/wp\/v2\/posts\/26829\/revisions\/37567"}],"wp:featuredmedia":[{"embeddable":true,"href":"https:\/\/www.uartes.edu.ec\/sitio\/en\/wp-json\/wp\/v2\/media\/26830"}],"wp:attachment":[{"href":"https:\/\/www.uartes.edu.ec\/sitio\/en\/wp-json\/wp\/v2\/media?parent=26829"}],"wp:term":[{"taxonomy":"category","embeddable":true,"href":"https:\/\/www.uartes.edu.ec\/sitio\/en\/wp-json\/wp\/v2\/categories?post=26829"},{"taxonomy":"post_tag","embeddable":true,"href":"https:\/\/www.uartes.edu.ec\/sitio\/en\/wp-json\/wp\/v2\/tags?post=26829"},{"taxonomy":"infouartes","embeddable":true,"href":"https:\/\/www.uartes.edu.ec\/sitio\/en\/wp-json\/wp\/v2\/infouartes?post=26829"}],"curies":[{"name":"wp","href":"https:\/\/api.w.org\/{rel}","templated":true}]}}