{"id":2707,"date":"2018-11-15T15:44:52","date_gmt":"2018-11-15T20:44:52","guid":{"rendered":"http:\/\/www.uartes.edu.ec\/sitio\/?p=2707"},"modified":"2024-07-04T11:53:42","modified_gmt":"2024-07-04T16:53:42","slug":"universidad-de-las-arte-recibe-reconocimiento-ministerial","status":"publish","type":"post","link":"https:\/\/www.uartes.edu.ec\/sitio\/en\/blog\/2018\/11\/15\/universidad-de-las-arte-recibe-reconocimiento-ministerial\/","title":{"rendered":"Universidad de las Arte recibe reconocimiento ministerial"},"content":{"rendered":"<p>El Ministerio de Salud P\u00fablica, a trav\u00e9s de la Campa\u00f1a\ncontra el consumo del tabaco y otras sustancias adictivas, entrego a la UArtes\nel reconocimiento como espacio 100% libre de humo.<\/p>\n\n\n\n<p>Este diploma es otorgado como apoyo a la Universidad por\nlas iniciativas que promueven la prevenci\u00f3n del consumo de tabacos y otras\nsustancias adictivas. <\/p>\n\n\n\n<p>En Ecuador mueren a causa del consumo del cigarrillo\naproximadamente 4 mil personas al a\u00f1o, esto es 11 personas cada d\u00eda y existen\nmiles de enfermos cr\u00f3nicos y con discapacidades a causa de \u00e9sta adicci\u00f3n. <\/p>\n\n\n\n<p>Una de las acciones del Ministerio de Salud para\nincentivar las pr\u00e1cticas saludables, es la celebraci\u00f3n del \u201cD\u00eda Mundial sin\nfumar\u201d, que cada a\u00f1o se ejecuta con una tem\u00e1tica diferente. Con la\nincorporaci\u00f3n de advertencias sanitarias el Ministerio de Salud sensibiliza al\np\u00fablico sobre de los efectos de su consumo.<\/p>\n\n\n\n<p>La Universidad de las Artes se enorgullece al recibir este\nreconocimiento ministerial, el cual se suma al plan ecol\u00f3gico\ninstitucional&nbsp;<em>ECO ARTE, que <\/em>pretendeincidir en los\nh\u00e1bitos de consumo para la reducci\u00f3n de desechos inorg\u00e1nicos y el cuidado del\nambiente, a trav\u00e9s de acciones que promuevan el reciclaje, capacitaciones y\nconvenios con entidades relacionadas con la preservaci\u00f3n y conservaci\u00f3n\nmedioambiental.<\/p>","protected":false},"excerpt":{"rendered":"<p>El Ministerio de Salud P\u00fablica, a trav\u00e9s de la Campa\u00f1a contra el consumo del tabaco y otras sustancias adictivas, entrego a la UArtes el reconocimiento como espacio 100% libre de humo. Este diploma es otorgado como apoyo a la Universidad por las iniciativas que promueven la prevenci\u00f3n del consumo de tabacos y otras sustancias adictivas. [&hellip;]<\/p>\n","protected":false},"author":1,"featured_media":2708,"comment_status":"closed","ping_status":"closed","sticky":false,"template":"","format":"standard","meta":{"_acf_changed":false,"_uag_custom_page_level_css":"","_monsterinsights_skip_tracking":false,"_monsterinsights_sitenote_active":false,"_monsterinsights_sitenote_note":"","_monsterinsights_sitenote_category":0,"cybocfi_hide_featured_image":"","footnotes":""},"categories":[77,79],"tags":[],"infouartes":[],"class_list":["post-2707","post","type-post","status-publish","format-standard","has-post-thumbnail","hentry","category-gestion","category-vinculo"],"acf":[],"yoast_head":"<!-- This site is optimized with the Yoast SEO plugin v27.4 - https:\/\/yoast.com\/product\/yoast-seo-wordpress\/ -->\n<title>Universidad de las Artes - Universidad de las Arte recibe reconocimiento ministerial<\/title>\n<meta name=\"description\" content=\"Universidad de las Artes - Universidad de las Arte recibe reconocimiento ministerial\" \/>\n<meta name=\"robots\" content=\"index, follow, max-snippet:-1, max-image-preview:large, max-video-preview:-1\" \/>\n<link rel=\"canonical\" href=\"https:\/\/www.uartes.edu.ec\/sitio\/en\/blog\/2018\/11\/15\/universidad-de-las-arte-recibe-reconocimiento-ministerial\/\" \/>\n<meta property=\"og:locale\" content=\"en_US\" \/>\n<meta property=\"og:type\" content=\"article\" \/>\n<meta property=\"og:title\" content=\"Universidad de las Artes - Universidad de las Arte recibe reconocimiento ministerial\" \/>\n<meta property=\"og:description\" content=\"Universidad de las Artes - Universidad de las Arte recibe reconocimiento ministerial\" \/>\n<meta property=\"og:url\" content=\"https:\/\/www.uartes.edu.ec\/sitio\/en\/blog\/2018\/11\/15\/universidad-de-las-arte-recibe-reconocimiento-ministerial\/\" \/>\n<meta property=\"og:site_name\" content=\"Universidad de las Artes\" \/>\n<meta property=\"article:publisher\" content=\"https:\/\/www.facebook.com\/uartesec\" \/>\n<meta property=\"article:published_time\" content=\"2018-11-15T20:44:52+00:00\" \/>\n<meta property=\"article:modified_time\" content=\"2024-07-04T16:53:42+00:00\" \/>\n<meta property=\"og:image\" content=\"https:\/\/www.uartes.edu.ec\/sitio\/wp-content\/uploads\/2018\/11\/181115-WhatsApp-Image-2018-11-14-at-15.20.49.jpeg\" \/>\n\t<meta property=\"og:image:width\" content=\"1280\" \/>\n\t<meta property=\"og:image:height\" content=\"960\" \/>\n\t<meta property=\"og:image:type\" content=\"image\/jpeg\" \/>\n<meta name=\"author\" content=\"Universidad de las Artes\" \/>\n<meta name=\"twitter:card\" content=\"summary_large_image\" \/>\n<meta name=\"twitter:creator\" content=\"@uartesec\" \/>\n<meta name=\"twitter:site\" content=\"@uartesec\" \/>\n<meta name=\"twitter:label1\" content=\"Written by\" \/>\n\t<meta name=\"twitter:data1\" content=\"Universidad de las Artes\" \/>\n\t<meta name=\"twitter:label2\" content=\"Est. reading time\" \/>\n\t<meta name=\"twitter:data2\" content=\"1 minute\" \/>\n<script type=\"application\/ld+json\" class=\"yoast-schema-graph\">{\"@context\":\"https:\\\/\\\/schema.org\",\"@graph\":[{\"@type\":\"Article\",\"@id\":\"https:\\\/\\\/www.uartes.edu.ec\\\/sitio\\\/en\\\/blog\\\/2018\\\/11\\\/15\\\/universidad-de-las-arte-recibe-reconocimiento-ministerial\\\/#article\",\"isPartOf\":{\"@id\":\"https:\\\/\\\/www.uartes.edu.ec\\\/sitio\\\/en\\\/blog\\\/2018\\\/11\\\/15\\\/universidad-de-las-arte-recibe-reconocimiento-ministerial\\\/\"},\"author\":{\"name\":\"Universidad de las Artes\",\"@id\":\"https:\\\/\\\/www.uartes.edu.ec\\\/sitio\\\/en\\\/#\\\/schema\\\/person\\\/f33f8c1d2af0d5c80a38c8abf458184a\"},\"headline\":\"Universidad de las Arte recibe reconocimiento ministerial\",\"datePublished\":\"2018-11-15T20:44:52+00:00\",\"dateModified\":\"2024-07-04T16:53:42+00:00\",\"mainEntityOfPage\":{\"@id\":\"https:\\\/\\\/www.uartes.edu.ec\\\/sitio\\\/en\\\/blog\\\/2018\\\/11\\\/15\\\/universidad-de-las-arte-recibe-reconocimiento-ministerial\\\/\"},\"wordCount\":227,\"publisher\":{\"@id\":\"https:\\\/\\\/www.uartes.edu.ec\\\/sitio\\\/en\\\/#organization\"},\"image\":{\"@id\":\"https:\\\/\\\/www.uartes.edu.ec\\\/sitio\\\/en\\\/blog\\\/2018\\\/11\\\/15\\\/universidad-de-las-arte-recibe-reconocimiento-ministerial\\\/#primaryimage\"},\"thumbnailUrl\":\"https:\\\/\\\/www.uartes.edu.ec\\\/sitio\\\/wp-content\\\/uploads\\\/2018\\\/11\\\/181115-WhatsApp-Image-2018-11-14-at-15.20.49.jpeg\",\"articleSection\":[\"Gesti\u00f3n\",\"V\u00ednculo\"],\"inLanguage\":\"en-US\"},{\"@type\":[\"WebPage\",\"ItemPage\"],\"@id\":\"https:\\\/\\\/www.uartes.edu.ec\\\/sitio\\\/en\\\/blog\\\/2018\\\/11\\\/15\\\/universidad-de-las-arte-recibe-reconocimiento-ministerial\\\/\",\"url\":\"https:\\\/\\\/www.uartes.edu.ec\\\/sitio\\\/en\\\/blog\\\/2018\\\/11\\\/15\\\/universidad-de-las-arte-recibe-reconocimiento-ministerial\\\/\",\"name\":\"Universidad de las Artes - Universidad de las Arte recibe reconocimiento ministerial\",\"isPartOf\":{\"@id\":\"https:\\\/\\\/www.uartes.edu.ec\\\/sitio\\\/en\\\/#website\"},\"primaryImageOfPage\":{\"@id\":\"https:\\\/\\\/www.uartes.edu.ec\\\/sitio\\\/en\\\/blog\\\/2018\\\/11\\\/15\\\/universidad-de-las-arte-recibe-reconocimiento-ministerial\\\/#primaryimage\"},\"image\":{\"@id\":\"https:\\\/\\\/www.uartes.edu.ec\\\/sitio\\\/en\\\/blog\\\/2018\\\/11\\\/15\\\/universidad-de-las-arte-recibe-reconocimiento-ministerial\\\/#primaryimage\"},\"thumbnailUrl\":\"https:\\\/\\\/www.uartes.edu.ec\\\/sitio\\\/wp-content\\\/uploads\\\/2018\\\/11\\\/181115-WhatsApp-Image-2018-11-14-at-15.20.49.jpeg\",\"datePublished\":\"2018-11-15T20:44:52+00:00\",\"dateModified\":\"2024-07-04T16:53:42+00:00\",\"description\":\"Universidad de las Artes - Universidad de las Arte recibe reconocimiento ministerial\",\"breadcrumb\":{\"@id\":\"https:\\\/\\\/www.uartes.edu.ec\\\/sitio\\\/en\\\/blog\\\/2018\\\/11\\\/15\\\/universidad-de-las-arte-recibe-reconocimiento-ministerial\\\/#breadcrumb\"},\"inLanguage\":\"en-US\",\"potentialAction\":[{\"@type\":\"ReadAction\",\"target\":[\"https:\\\/\\\/www.uartes.edu.ec\\\/sitio\\\/en\\\/blog\\\/2018\\\/11\\\/15\\\/universidad-de-las-arte-recibe-reconocimiento-ministerial\\\/\"]}]},{\"@type\":\"ImageObject\",\"inLanguage\":\"en-US\",\"@id\":\"https:\\\/\\\/www.uartes.edu.ec\\\/sitio\\\/en\\\/blog\\\/2018\\\/11\\\/15\\\/universidad-de-las-arte-recibe-reconocimiento-ministerial\\\/#primaryimage\",\"url\":\"https:\\\/\\\/www.uartes.edu.ec\\\/sitio\\\/wp-content\\\/uploads\\\/2018\\\/11\\\/181115-WhatsApp-Image-2018-11-14-at-15.20.49.jpeg\",\"contentUrl\":\"https:\\\/\\\/www.uartes.edu.ec\\\/sitio\\\/wp-content\\\/uploads\\\/2018\\\/11\\\/181115-WhatsApp-Image-2018-11-14-at-15.20.49.jpeg\",\"width\":1280,\"height\":960},{\"@type\":\"BreadcrumbList\",\"@id\":\"https:\\\/\\\/www.uartes.edu.ec\\\/sitio\\\/en\\\/blog\\\/2018\\\/11\\\/15\\\/universidad-de-las-arte-recibe-reconocimiento-ministerial\\\/#breadcrumb\",\"itemListElement\":[{\"@type\":\"ListItem\",\"position\":1,\"name\":\"Inicio\",\"item\":\"https:\\\/\\\/www.uartes.edu.ec\\\/sitio\\\/\"},{\"@type\":\"ListItem\",\"position\":2,\"name\":\"Universidad de las Arte recibe reconocimiento ministerial\"}]},{\"@type\":\"WebSite\",\"@id\":\"https:\\\/\\\/www.uartes.edu.ec\\\/sitio\\\/en\\\/#website\",\"url\":\"https:\\\/\\\/www.uartes.edu.ec\\\/sitio\\\/en\\\/\",\"name\":\"Universidad de las Artes\",\"description\":\"Sitio oficial de la Universidad Nacional de las Artes del Ecuador\",\"publisher\":{\"@id\":\"https:\\\/\\\/www.uartes.edu.ec\\\/sitio\\\/en\\\/#organization\"},\"potentialAction\":[{\"@type\":\"SearchAction\",\"target\":{\"@type\":\"EntryPoint\",\"urlTemplate\":\"https:\\\/\\\/www.uartes.edu.ec\\\/sitio\\\/en\\\/?s={search_term_string}\"},\"query-input\":{\"@type\":\"PropertyValueSpecification\",\"valueRequired\":true,\"valueName\":\"search_term_string\"}}],\"inLanguage\":\"en-US\"},{\"@type\":\"Organization\",\"@id\":\"https:\\\/\\\/www.uartes.edu.ec\\\/sitio\\\/en\\\/#organization\",\"name\":\"Universidad de las Artes\",\"url\":\"https:\\\/\\\/www.uartes.edu.ec\\\/sitio\\\/en\\\/\",\"logo\":{\"@type\":\"ImageObject\",\"inLanguage\":\"en-US\",\"@id\":\"https:\\\/\\\/www.uartes.edu.ec\\\/sitio\\\/en\\\/#\\\/schema\\\/logo\\\/image\\\/\",\"url\":\"https:\\\/\\\/www.uartes.edu.ec\\\/sitio\\\/wp-content\\\/uploads\\\/2022\\\/07\\\/logo-ua-horizontal.png\",\"contentUrl\":\"https:\\\/\\\/www.uartes.edu.ec\\\/sitio\\\/wp-content\\\/uploads\\\/2022\\\/07\\\/logo-ua-horizontal.png\",\"width\":800,\"height\":276,\"caption\":\"Universidad de las Artes\"},\"image\":{\"@id\":\"https:\\\/\\\/www.uartes.edu.ec\\\/sitio\\\/en\\\/#\\\/schema\\\/logo\\\/image\\\/\"},\"sameAs\":[\"https:\\\/\\\/www.facebook.com\\\/uartesec\",\"https:\\\/\\\/x.com\\\/uartesec\",\"https:\\\/\\\/www.tiktok.com\\\/@uartesec\"]},{\"@type\":\"Person\",\"@id\":\"https:\\\/\\\/www.uartes.edu.ec\\\/sitio\\\/en\\\/#\\\/schema\\\/person\\\/f33f8c1d2af0d5c80a38c8abf458184a\",\"name\":\"Universidad de las Artes\",\"image\":{\"@type\":\"ImageObject\",\"inLanguage\":\"en-US\",\"@id\":\"https:\\\/\\\/secure.gravatar.com\\\/avatar\\\/52e4757902f5cfa5ac52d020e5be83cae5487519154b6c35482fe08d589f3c13?s=96&d=mm&r=g\",\"url\":\"https:\\\/\\\/secure.gravatar.com\\\/avatar\\\/52e4757902f5cfa5ac52d020e5be83cae5487519154b6c35482fe08d589f3c13?s=96&d=mm&r=g\",\"contentUrl\":\"https:\\\/\\\/secure.gravatar.com\\\/avatar\\\/52e4757902f5cfa5ac52d020e5be83cae5487519154b6c35482fe08d589f3c13?s=96&d=mm&r=g\",\"caption\":\"Universidad de las Artes\"},\"url\":\"https:\\\/\\\/www.uartes.edu.ec\\\/sitio\\\/en\\\/blog\\\/author\\\/dircomadm\\\/\"}]}<\/script>\n<!-- \/ Yoast SEO plugin. -->","yoast_head_json":{"title":"Universidad de las Artes - Universidad de las Arte recibe reconocimiento ministerial","description":"Universidad de las Artes - Universidad de las Arte recibe reconocimiento ministerial","robots":{"index":"index","follow":"follow","max-snippet":"max-snippet:-1","max-image-preview":"max-image-preview:large","max-video-preview":"max-video-preview:-1"},"canonical":"https:\/\/www.uartes.edu.ec\/sitio\/en\/blog\/2018\/11\/15\/universidad-de-las-arte-recibe-reconocimiento-ministerial\/","og_locale":"en_US","og_type":"article","og_title":"Universidad de las Artes - Universidad de las Arte recibe reconocimiento ministerial","og_description":"Universidad de las Artes - Universidad de las Arte recibe reconocimiento ministerial","og_url":"https:\/\/www.uartes.edu.ec\/sitio\/en\/blog\/2018\/11\/15\/universidad-de-las-arte-recibe-reconocimiento-ministerial\/","og_site_name":"Universidad de las Artes","article_publisher":"https:\/\/www.facebook.com\/uartesec","article_published_time":"2018-11-15T20:44:52+00:00","article_modified_time":"2024-07-04T16:53:42+00:00","og_image":[{"width":1280,"height":960,"url":"https:\/\/www.uartes.edu.ec\/sitio\/wp-content\/uploads\/2018\/11\/181115-WhatsApp-Image-2018-11-14-at-15.20.49.jpeg","type":"image\/jpeg"}],"author":"Universidad de las Artes","twitter_card":"summary_large_image","twitter_creator":"@uartesec","twitter_site":"@uartesec","twitter_misc":{"Written by":"Universidad de las Artes","Est. reading time":"1 minute"},"schema":{"@context":"https:\/\/schema.org","@graph":[{"@type":"Article","@id":"https:\/\/www.uartes.edu.ec\/sitio\/en\/blog\/2018\/11\/15\/universidad-de-las-arte-recibe-reconocimiento-ministerial\/#article","isPartOf":{"@id":"https:\/\/www.uartes.edu.ec\/sitio\/en\/blog\/2018\/11\/15\/universidad-de-las-arte-recibe-reconocimiento-ministerial\/"},"author":{"name":"Universidad de las Artes","@id":"https:\/\/www.uartes.edu.ec\/sitio\/en\/#\/schema\/person\/f33f8c1d2af0d5c80a38c8abf458184a"},"headline":"Universidad de las Arte recibe reconocimiento ministerial","datePublished":"2018-11-15T20:44:52+00:00","dateModified":"2024-07-04T16:53:42+00:00","mainEntityOfPage":{"@id":"https:\/\/www.uartes.edu.ec\/sitio\/en\/blog\/2018\/11\/15\/universidad-de-las-arte-recibe-reconocimiento-ministerial\/"},"wordCount":227,"publisher":{"@id":"https:\/\/www.uartes.edu.ec\/sitio\/en\/#organization"},"image":{"@id":"https:\/\/www.uartes.edu.ec\/sitio\/en\/blog\/2018\/11\/15\/universidad-de-las-arte-recibe-reconocimiento-ministerial\/#primaryimage"},"thumbnailUrl":"https:\/\/www.uartes.edu.ec\/sitio\/wp-content\/uploads\/2018\/11\/181115-WhatsApp-Image-2018-11-14-at-15.20.49.jpeg","articleSection":["Gesti\u00f3n","V\u00ednculo"],"inLanguage":"en-US"},{"@type":["WebPage","ItemPage"],"@id":"https:\/\/www.uartes.edu.ec\/sitio\/en\/blog\/2018\/11\/15\/universidad-de-las-arte-recibe-reconocimiento-ministerial\/","url":"https:\/\/www.uartes.edu.ec\/sitio\/en\/blog\/2018\/11\/15\/universidad-de-las-arte-recibe-reconocimiento-ministerial\/","name":"Universidad de las Artes - Universidad de las Arte recibe reconocimiento ministerial","isPartOf":{"@id":"https:\/\/www.uartes.edu.ec\/sitio\/en\/#website"},"primaryImageOfPage":{"@id":"https:\/\/www.uartes.edu.ec\/sitio\/en\/blog\/2018\/11\/15\/universidad-de-las-arte-recibe-reconocimiento-ministerial\/#primaryimage"},"image":{"@id":"https:\/\/www.uartes.edu.ec\/sitio\/en\/blog\/2018\/11\/15\/universidad-de-las-arte-recibe-reconocimiento-ministerial\/#primaryimage"},"thumbnailUrl":"https:\/\/www.uartes.edu.ec\/sitio\/wp-content\/uploads\/2018\/11\/181115-WhatsApp-Image-2018-11-14-at-15.20.49.jpeg","datePublished":"2018-11-15T20:44:52+00:00","dateModified":"2024-07-04T16:53:42+00:00","description":"Universidad de las Artes - Universidad de las Arte recibe reconocimiento ministerial","breadcrumb":{"@id":"https:\/\/www.uartes.edu.ec\/sitio\/en\/blog\/2018\/11\/15\/universidad-de-las-arte-recibe-reconocimiento-ministerial\/#breadcrumb"},"inLanguage":"en-US","potentialAction":[{"@type":"ReadAction","target":["https:\/\/www.uartes.edu.ec\/sitio\/en\/blog\/2018\/11\/15\/universidad-de-las-arte-recibe-reconocimiento-ministerial\/"]}]},{"@type":"ImageObject","inLanguage":"en-US","@id":"https:\/\/www.uartes.edu.ec\/sitio\/en\/blog\/2018\/11\/15\/universidad-de-las-arte-recibe-reconocimiento-ministerial\/#primaryimage","url":"https:\/\/www.uartes.edu.ec\/sitio\/wp-content\/uploads\/2018\/11\/181115-WhatsApp-Image-2018-11-14-at-15.20.49.jpeg","contentUrl":"https:\/\/www.uartes.edu.ec\/sitio\/wp-content\/uploads\/2018\/11\/181115-WhatsApp-Image-2018-11-14-at-15.20.49.jpeg","width":1280,"height":960},{"@type":"BreadcrumbList","@id":"https:\/\/www.uartes.edu.ec\/sitio\/en\/blog\/2018\/11\/15\/universidad-de-las-arte-recibe-reconocimiento-ministerial\/#breadcrumb","itemListElement":[{"@type":"ListItem","position":1,"name":"Inicio","item":"https:\/\/www.uartes.edu.ec\/sitio\/"},{"@type":"ListItem","position":2,"name":"Universidad de las Arte recibe reconocimiento ministerial"}]},{"@type":"WebSite","@id":"https:\/\/www.uartes.edu.ec\/sitio\/en\/#website","url":"https:\/\/www.uartes.edu.ec\/sitio\/en\/","name":"Universidad de las Artes","description":"Sitio oficial de la Universidad Nacional de las Artes del Ecuador","publisher":{"@id":"https:\/\/www.uartes.edu.ec\/sitio\/en\/#organization"},"potentialAction":[{"@type":"SearchAction","target":{"@type":"EntryPoint","urlTemplate":"https:\/\/www.uartes.edu.ec\/sitio\/en\/?s={search_term_string}"},"query-input":{"@type":"PropertyValueSpecification","valueRequired":true,"valueName":"search_term_string"}}],"inLanguage":"en-US"},{"@type":"Organization","@id":"https:\/\/www.uartes.edu.ec\/sitio\/en\/#organization","name":"Universidad de las Artes","url":"https:\/\/www.uartes.edu.ec\/sitio\/en\/","logo":{"@type":"ImageObject","inLanguage":"en-US","@id":"https:\/\/www.uartes.edu.ec\/sitio\/en\/#\/schema\/logo\/image\/","url":"https:\/\/www.uartes.edu.ec\/sitio\/wp-content\/uploads\/2022\/07\/logo-ua-horizontal.png","contentUrl":"https:\/\/www.uartes.edu.ec\/sitio\/wp-content\/uploads\/2022\/07\/logo-ua-horizontal.png","width":800,"height":276,"caption":"Universidad de las Artes"},"image":{"@id":"https:\/\/www.uartes.edu.ec\/sitio\/en\/#\/schema\/logo\/image\/"},"sameAs":["https:\/\/www.facebook.com\/uartesec","https:\/\/x.com\/uartesec","https:\/\/www.tiktok.com\/@uartesec"]},{"@type":"Person","@id":"https:\/\/www.uartes.edu.ec\/sitio\/en\/#\/schema\/person\/f33f8c1d2af0d5c80a38c8abf458184a","name":"Universidad de las Artes","image":{"@type":"ImageObject","inLanguage":"en-US","@id":"https:\/\/secure.gravatar.com\/avatar\/52e4757902f5cfa5ac52d020e5be83cae5487519154b6c35482fe08d589f3c13?s=96&d=mm&r=g","url":"https:\/\/secure.gravatar.com\/avatar\/52e4757902f5cfa5ac52d020e5be83cae5487519154b6c35482fe08d589f3c13?s=96&d=mm&r=g","contentUrl":"https:\/\/secure.gravatar.com\/avatar\/52e4757902f5cfa5ac52d020e5be83cae5487519154b6c35482fe08d589f3c13?s=96&d=mm&r=g","caption":"Universidad de las Artes"},"url":"https:\/\/www.uartes.edu.ec\/sitio\/en\/blog\/author\/dircomadm\/"}]}},"uagb_featured_image_src":{"full":["https:\/\/www.uartes.edu.ec\/sitio\/wp-content\/uploads\/2018\/11\/181115-WhatsApp-Image-2018-11-14-at-15.20.49.jpeg",1280,960,false],"thumbnail":["https:\/\/www.uartes.edu.ec\/sitio\/wp-content\/uploads\/2018\/11\/181115-WhatsApp-Image-2018-11-14-at-15.20.49-150x150.jpeg",150,150,true],"medium":["https:\/\/www.uartes.edu.ec\/sitio\/wp-content\/uploads\/2018\/11\/181115-WhatsApp-Image-2018-11-14-at-15.20.49-300x225.jpeg",300,225,true],"medium_large":["https:\/\/www.uartes.edu.ec\/sitio\/wp-content\/uploads\/2018\/11\/181115-WhatsApp-Image-2018-11-14-at-15.20.49-768x576.jpeg",768,576,true],"large":["https:\/\/www.uartes.edu.ec\/sitio\/wp-content\/uploads\/2018\/11\/181115-WhatsApp-Image-2018-11-14-at-15.20.49-1024x768.jpeg",644,483,true],"1536x1536":["https:\/\/www.uartes.edu.ec\/sitio\/wp-content\/uploads\/2018\/11\/181115-WhatsApp-Image-2018-11-14-at-15.20.49.jpeg",1280,960,false],"2048x2048":["https:\/\/www.uartes.edu.ec\/sitio\/wp-content\/uploads\/2018\/11\/181115-WhatsApp-Image-2018-11-14-at-15.20.49.jpeg",1280,960,false],"trp-custom-language-flag":["https:\/\/www.uartes.edu.ec\/sitio\/wp-content\/uploads\/2018\/11\/181115-WhatsApp-Image-2018-11-14-at-15.20.49.jpeg",16,12,false],"htmega_size_585x295":["https:\/\/www.uartes.edu.ec\/sitio\/wp-content\/uploads\/2018\/11\/181115-WhatsApp-Image-2018-11-14-at-15.20.49.jpeg",393,295,false],"htmega_size_1170x536":["https:\/\/www.uartes.edu.ec\/sitio\/wp-content\/uploads\/2018\/11\/181115-WhatsApp-Image-2018-11-14-at-15.20.49.jpeg",715,536,false],"htmega_size_396x360":["https:\/\/www.uartes.edu.ec\/sitio\/wp-content\/uploads\/2018\/11\/181115-WhatsApp-Image-2018-11-14-at-15.20.49.jpeg",396,297,false],"gb-block-post-grid-landscape":["https:\/\/www.uartes.edu.ec\/sitio\/wp-content\/uploads\/2018\/11\/181115-WhatsApp-Image-2018-11-14-at-15.20.49.jpeg",533,400,false],"gb-block-post-grid-square":["https:\/\/www.uartes.edu.ec\/sitio\/wp-content\/uploads\/2018\/11\/181115-WhatsApp-Image-2018-11-14-at-15.20.49.jpeg",600,450,false],"university-hub-thumb":["https:\/\/www.uartes.edu.ec\/sitio\/wp-content\/uploads\/2018\/11\/181115-WhatsApp-Image-2018-11-14-at-15.20.49.jpeg",400,300,false],"mailpoet_newsletter_max":["https:\/\/www.uartes.edu.ec\/sitio\/wp-content\/uploads\/2018\/11\/181115-WhatsApp-Image-2018-11-14-at-15.20.49.jpeg",1280,960,false]},"uagb_author_info":{"display_name":"Universidad de las Artes","author_link":"https:\/\/www.uartes.edu.ec\/sitio\/en\/blog\/author\/dircomadm\/"},"uagb_comment_info":0,"uagb_excerpt":"El Ministerio de Salud P\u00fablica, a trav\u00e9s de la Campa\u00f1a contra el consumo del tabaco y otras sustancias adictivas, entrego a la UArtes el reconocimiento como espacio 100% libre de humo. Este diploma es otorgado como apoyo a la Universidad por las iniciativas que promueven la prevenci\u00f3n del consumo de tabacos y otras sustancias adictivas.&hellip;","featured_image_src":"https:\/\/www.uartes.edu.ec\/sitio\/wp-content\/uploads\/2018\/11\/181115-WhatsApp-Image-2018-11-14-at-15.20.49.jpeg","featured_image_src_square":"https:\/\/www.uartes.edu.ec\/sitio\/wp-content\/uploads\/2018\/11\/181115-WhatsApp-Image-2018-11-14-at-15.20.49.jpeg","author_info":{"display_name":"Universidad de las Artes","author_link":"https:\/\/www.uartes.edu.ec\/sitio\/en\/blog\/author\/dircomadm\/"},"publishpress_future_workflow_manual_trigger":{"enabledWorkflows":[]},"distributor_meta":false,"distributor_terms":false,"distributor_media":false,"distributor_original_site_name":"Universidad de las Artes","distributor_original_site_url":"https:\/\/www.uartes.edu.ec\/sitio\/en","push-errors":false,"_links":{"self":[{"href":"https:\/\/www.uartes.edu.ec\/sitio\/en\/wp-json\/wp\/v2\/posts\/2707","targetHints":{"allow":["GET"]}}],"collection":[{"href":"https:\/\/www.uartes.edu.ec\/sitio\/en\/wp-json\/wp\/v2\/posts"}],"about":[{"href":"https:\/\/www.uartes.edu.ec\/sitio\/en\/wp-json\/wp\/v2\/types\/post"}],"author":[{"embeddable":true,"href":"https:\/\/www.uartes.edu.ec\/sitio\/en\/wp-json\/wp\/v2\/users\/1"}],"replies":[{"embeddable":true,"href":"https:\/\/www.uartes.edu.ec\/sitio\/en\/wp-json\/wp\/v2\/comments?post=2707"}],"version-history":[{"count":1,"href":"https:\/\/www.uartes.edu.ec\/sitio\/en\/wp-json\/wp\/v2\/posts\/2707\/revisions"}],"predecessor-version":[{"id":2709,"href":"https:\/\/www.uartes.edu.ec\/sitio\/en\/wp-json\/wp\/v2\/posts\/2707\/revisions\/2709"}],"wp:featuredmedia":[{"embeddable":true,"href":"https:\/\/www.uartes.edu.ec\/sitio\/en\/wp-json\/wp\/v2\/media\/2708"}],"wp:attachment":[{"href":"https:\/\/www.uartes.edu.ec\/sitio\/en\/wp-json\/wp\/v2\/media?parent=2707"}],"wp:term":[{"taxonomy":"category","embeddable":true,"href":"https:\/\/www.uartes.edu.ec\/sitio\/en\/wp-json\/wp\/v2\/categories?post=2707"},{"taxonomy":"post_tag","embeddable":true,"href":"https:\/\/www.uartes.edu.ec\/sitio\/en\/wp-json\/wp\/v2\/tags?post=2707"},{"taxonomy":"infouartes","embeddable":true,"href":"https:\/\/www.uartes.edu.ec\/sitio\/en\/wp-json\/wp\/v2\/infouartes?post=2707"}],"curies":[{"name":"wp","href":"https:\/\/api.w.org\/{rel}","templated":true}]}}