{"id":27140,"date":"2022-08-31T18:30:00","date_gmt":"2022-08-31T23:30:00","guid":{"rendered":"http:\/\/www.uartes.edu.ec\/sitio\/?p=27140"},"modified":"2024-07-04T11:23:08","modified_gmt":"2024-07-04T16:23:08","slug":"romina-guillen-estudiante-uartes-en-el-pescado-frito-con-domenica-menessini-actrices-trans-hablan-de-la-experiencia","status":"publish","type":"post","link":"https:\/\/www.uartes.edu.ec\/sitio\/en\/blog\/2022\/08\/31\/romina-guillen-estudiante-uartes-en-el-pescado-frito-con-domenica-menessini-actrices-trans-hablan-de-la-experiencia\/","title":{"rendered":"Romina Guill\u00e9n, estudiante UArtes, y Dom\u00e9nica Menessini, en serie que protagonizan mujeres transg\u00e9nero"},"content":{"rendered":"<p>La experiencia ganada en el teatro no es lo \u00fanico que las actrices transg\u00e9nero Romina Guill\u00e9n y Dom\u00e9nica Menessini tienen en com\u00fan, sino tambi\u00e9n que ambas se prepararon para ello y despuntaron en el 2012. Guill\u00e9n est\u00e1 por retomar el s\u00e9ptimo semestre de la carrera de Creaci\u00f3n Teatral en la Escuela de Artes Esc\u00e9nicas de la Universidad de las Artes y Menesini se gradu\u00f3 en el ITV.<\/p>\n\n\n\n<p>Las actrices integran el elenco de la serie <em>El Pescado Frito,<\/em> creada por el productor Paco Cuesta, cuyo primer cap\u00edtulo \u2013de seis\u2013 se estren\u00f3 el 30 de agosto en el cine del Centro de Producci\u00f3n e Innovaci\u00f3n MZ14. La producci\u00f3n cuenta con el apoyo de la Secretar\u00eda de Derechos Humanos, que la present\u00f3 junto con la UArtes para propiciar un espacio de encuentro, reflexi\u00f3n y construcci\u00f3n de memoria social. InfoUArtes las contact\u00f3 para conocer sobre sus respectivas trayectorias y participaci\u00f3n en este seriado cuya trama, ha se\u00f1alado su realizador, busca visibilizar los problemas que enfrentan las mujeres trans, as\u00ed como la identidad de g\u00e9nero. <\/p>\n\n\n\n<p>Guill\u00e9n revela que cuando empez\u00f3 a estudiar teatro en el ITAE, del 2012 al 2014, con Santiago Rold\u00f3s y Pilar Aranda como sus primeros maestros, no hab\u00eda hecho su transici\u00f3n y ten\u00eda otro nombre. A partir de esa preparaci\u00f3n se dio su desenvolvimiento e inici\u00f3 en la profesi\u00f3n; integr\u00f3 el grupo Arrasa Teatro, el cual despunt\u00f3 en el microteatro, ganando popularidad. Durante casi tres a\u00f1os present\u00f3 obras dentro y fuera de Guayaquil, y en 2014 gan\u00f3 La Marat\u00f3n del Teatro propuesta por el S\u00e1nchez Aguilar; en 2016, obtuvo otro reconocimiento en el FAAL (Festival de Artes al Aire Libre).<\/p>\n\n\n<div class=\"wp-block-image\">\n<figure class=\"aligncenter size-large\"><img fetchpriority=\"high\" decoding=\"async\" width=\"481\" height=\"539\" src=\"http:\/\/www.uartes.edu.ec\/sitio\/wp-content\/uploads\/2022\/08\/pescado13-481x539.png\" alt=\"\" class=\"wp-image-27158\" \/><\/figure>\n<\/div>\n\n<div class=\"wp-block-image\">\n<figure class=\"aligncenter size-medium\"><img decoding=\"async\" width=\"300\" height=\"300\" src=\"http:\/\/www.uartes.edu.ec\/sitio\/wp-content\/uploads\/2022\/08\/pescado-frito-web-05-300x300.jpg\" alt=\"\" class=\"wp-image-27142\" srcset=\"https:\/\/www.uartes.edu.ec\/sitio\/wp-content\/uploads\/2022\/08\/pescado-frito-web-05-300x300.jpg 300w, https:\/\/www.uartes.edu.ec\/sitio\/wp-content\/uploads\/2022\/08\/pescado-frito-web-05-150x150.jpg 150w, https:\/\/www.uartes.edu.ec\/sitio\/wp-content\/uploads\/2022\/08\/pescado-frito-web-05-1536x1536.jpg 1536w, https:\/\/www.uartes.edu.ec\/sitio\/wp-content\/uploads\/2022\/08\/pescado-frito-web-05-600x600.jpg 600w, https:\/\/www.uartes.edu.ec\/sitio\/wp-content\/uploads\/2022\/08\/pescado-frito-web-05-100x100.jpg 100w, https:\/\/www.uartes.edu.ec\/sitio\/wp-content\/uploads\/2022\/08\/pescado-frito-web-05-560x560.jpg 560w\" sizes=\"(max-width: 300px) 100vw, 300px\" \/><figcaption class=\"wp-element-caption\">Foto superior, Romina Guill\u00e9n. Sobre estas l\u00edneas, el afiche de la obra que remont\u00f3 en el FAAL 2019.<\/figcaption><\/figure>\n<\/div>\n\n\n<p>En el 2019, Guill\u00e9n ya estaba concursando con una de sus obras, <em>Gatoz,<\/em> la cual remont\u00f3 para el FAAL. Entre los miembros del jurado estuvo Maribel Solines, quien la invit\u00f3 a integrar el elenco de <em>El Pescado frito.<\/em> Si bien ella ya hab\u00eda participado en cortos de compa\u00f1eros de la carrera de Cine de la UArtes, ser parte de la producci\u00f3n de Paco Cuesta significaba otra experiencia en el \u00e1mbito cinematogr\u00e1fico.<\/p>\n\n\n\n<p>Cuando Romina Guill\u00e9n se sum\u00f3 al elenco, lo cual hizo sin hacer casting, la producci\u00f3n ya se estaba rodando. Su personaje es el de una de las meseras. No tiene mayor di\u00e1logo, pero est\u00e1 all\u00ed. Fuerte resulta porque lo que expresa son actitudes. Tambi\u00e9n indica haber estado en el sitio que retrata el seriado y haber vivido el estigma grabado en el imaginario de las personas. La discriminaci\u00f3n, los transfemicidios y la desinformaci\u00f3n siguen sucediendo y lleva a porcentajes alarmantes de suicidios de mujeres trans, cuyo promedio de vida en Latinoam\u00e9rica es de 35 a\u00f1os debido tambi\u00e9n a los peligros que enfrentan en las calles, revela. \u201cAdem\u00e1s, el crecer en ambientes vulnerables lleva a muchas a cometer graves errores, como inyectarse cualquier cosa para cambiar. Tampoco hay oportunidades de trabajo\u201d.<\/p>\n\n\n\n<h3 class=\"wp-block-heading\">Un trabajo de mucho esfuerzo y ganas<\/h3>\n\n\n\n<p>Dom\u00e9nica Menessini comenta que desde que hizo el casting siempre sinti\u00f3 mucha emoci\u00f3n por la producci\u00f3n y que aunque pas\u00f3 mucho tiempo para empezar a grabar <em>El Pescado Frito<\/em> y muchas cosas cambiaron, su personaje se mantuvo. Esto le hizo sentir que Paco Cuesta ve\u00eda algo en ella. &nbsp;<\/p>\n\n\n\n<p>Fue un trabajo de mucho esfuerzo y ganas, el cual aspira se internacionalice. Su personaje se llama como ella, Dom\u00e9nica, una coincidencia que al inicio la puso nerviosa porque quer\u00eda separarlos, mas, al final descubri\u00f3 que eran parecidas en ciertas cosas y muy diferentes en otras. En la trama es la hija de una de las due\u00f1as de la picanter\u00eda y se enamora de uno de los empleados del lugar, quien es menor que ella y lo ve como a alguien indefenso a quien proteger.&nbsp;<\/p>\n\n\n<div class=\"wp-block-image\">\n<figure class=\"aligncenter size-large\"><img decoding=\"async\" width=\"644\" height=\"421\" src=\"http:\/\/www.uartes.edu.ec\/sitio\/wp-content\/uploads\/2022\/08\/pescado11-644x421.jpg\" alt=\"\" class=\"wp-image-27144\" srcset=\"https:\/\/www.uartes.edu.ec\/sitio\/wp-content\/uploads\/2022\/08\/pescado11-644x421.jpg 644w, https:\/\/www.uartes.edu.ec\/sitio\/wp-content\/uploads\/2022\/08\/pescado11-768x502.jpg 768w, https:\/\/www.uartes.edu.ec\/sitio\/wp-content\/uploads\/2022\/08\/pescado11.jpg 955w, https:\/\/www.uartes.edu.ec\/sitio\/wp-content\/uploads\/2022\/08\/pescado11-600x392.jpg 600w\" sizes=\"(max-width: 644px) 100vw, 644px\" \/><\/figure>\n<\/div>\n\n\n<p>Las grabaciones iniciaban temprano y conclu\u00edan tarde. El esfuerzo fue grande, pero hubo otro mayor para ella. Debi\u00f3 desnudarse, lo cual no hab\u00eda hecho antes e incluso se negaba. \u201cPaco me convenci\u00f3. El manejo del equipo fue muy delicado, me sent\u00ed c\u00f3moda y segura\u201d.<\/p>\n\n\n\n<p>Desde el inicio, Cuesta les explic\u00f3 que quer\u00eda demostrar una realidad que \u00e9l desconoc\u00eda. Ellas, como mujeres trans, lo guiaron. \u201cLa historia de este restaurante donde atienden mujeres trans y personas de la comunidad LGBTI+ es muy de Guayaquil y descubre realidades\u201d.<\/p>\n\n\n\n<p>A nivel de la cinematograf\u00eda, Menessini ha tenido otras experiencias, pero en <em>El Pescado Frito<\/em> una mayor participaci\u00f3n. Actualmente es parte de una obra que se presenta en Estudio Paulsen, donde encarna a tres personajes diferentes, expresa la actriz de 32 a\u00f1os, quien realiza tambi\u00e9n performances en bares, discotecas y eventos, y es drag queen.<\/p>","protected":false},"excerpt":{"rendered":"<p>Las actrices transg\u00e9nero Dom\u00e9nica Menessini y Romina Guill\u00e9n no solo tienen en com\u00fan la experiencia ganada en el teatro, sino que ambas se prepararon para ello y despuntaron en 2012. Menesini se gradu\u00f3 en el ITV y Guill\u00e9n est\u00e1 por retomar la carrera de Creaci\u00f3n Teatral en la Escuela de Artes Esc\u00e9nicas de la UArtes. Ellas comparten con InfoUArtes la experiencia de ser parte de \u201cEl Pescado Frito\u201d.<\/p>","protected":false},"author":10,"featured_media":27141,"comment_status":"open","ping_status":"open","sticky":false,"template":"","format":"standard","meta":{"_acf_changed":false,"_uag_custom_page_level_css":"","_monsterinsights_skip_tracking":false,"_monsterinsights_sitenote_active":false,"_monsterinsights_sitenote_note":"","_monsterinsights_sitenote_category":0,"cybocfi_hide_featured_image":"","footnotes":""},"categories":[82,159,76],"tags":[771],"infouartes":[],"class_list":["post-27140","post","type-post","status-publish","format-standard","has-post-thumbnail","hentry","category-artes","category-artes-escenicas","category-estudiantes","tag-serie"],"acf":[],"yoast_head":"<!-- This site is optimized with the Yoast SEO plugin v27.4 - https:\/\/yoast.com\/product\/yoast-seo-wordpress\/ -->\n<title>Universidad de las Artes - Romina Guill\u00e9n, estudiante UArtes, y Dom\u00e9nica Menessini, en serie que protagonizan mujeres transg\u00e9nero<\/title>\n<meta name=\"description\" content=\"Universidad de las Artes - Romina Guill\u00e9n, estudiante UArtes, y Dom\u00e9nica Menessini, en serie que protagonizan mujeres transg\u00e9nero\" \/>\n<meta name=\"robots\" content=\"index, follow, max-snippet:-1, max-image-preview:large, max-video-preview:-1\" \/>\n<link rel=\"canonical\" href=\"https:\/\/www.uartes.edu.ec\/sitio\/en\/blog\/2022\/08\/31\/romina-guillen-estudiante-uartes-en-el-pescado-frito-con-domenica-menessini-actrices-trans-hablan-de-la-experiencia\/\" \/>\n<meta property=\"og:locale\" content=\"en_US\" \/>\n<meta property=\"og:type\" content=\"article\" \/>\n<meta property=\"og:title\" content=\"Universidad de las Artes - Romina Guill\u00e9n, estudiante UArtes, y Dom\u00e9nica Menessini, en serie que protagonizan mujeres transg\u00e9nero\" \/>\n<meta property=\"og:description\" content=\"Universidad de las Artes - Romina Guill\u00e9n, estudiante UArtes, y Dom\u00e9nica Menessini, en serie que protagonizan mujeres transg\u00e9nero\" \/>\n<meta property=\"og:url\" content=\"https:\/\/www.uartes.edu.ec\/sitio\/en\/blog\/2022\/08\/31\/romina-guillen-estudiante-uartes-en-el-pescado-frito-con-domenica-menessini-actrices-trans-hablan-de-la-experiencia\/\" \/>\n<meta property=\"og:site_name\" content=\"Universidad de las Artes\" \/>\n<meta property=\"article:publisher\" content=\"https:\/\/www.facebook.com\/uartesec\" \/>\n<meta property=\"article:published_time\" content=\"2022-08-31T23:30:00+00:00\" \/>\n<meta property=\"article:modified_time\" content=\"2024-07-04T16:23:08+00:00\" \/>\n<meta property=\"og:image\" content=\"https:\/\/www.uartes.edu.ec\/sitio\/wp-content\/uploads\/2022\/08\/pescado-frito-web-03.jpg\" \/>\n\t<meta property=\"og:image:width\" content=\"2000\" \/>\n\t<meta property=\"og:image:height\" content=\"1333\" \/>\n\t<meta property=\"og:image:type\" content=\"image\/jpeg\" \/>\n<meta name=\"author\" content=\"ccortez\" \/>\n<meta name=\"twitter:card\" content=\"summary_large_image\" \/>\n<meta name=\"twitter:creator\" content=\"@uartesec\" \/>\n<meta name=\"twitter:site\" content=\"@uartesec\" \/>\n<meta name=\"twitter:label1\" content=\"Written by\" \/>\n\t<meta name=\"twitter:data1\" content=\"ccortez\" \/>\n\t<meta name=\"twitter:label2\" content=\"Est. reading time\" \/>\n\t<meta name=\"twitter:data2\" content=\"5 minutes\" \/>\n<script type=\"application\/ld+json\" class=\"yoast-schema-graph\">{\"@context\":\"https:\\\/\\\/schema.org\",\"@graph\":[{\"@type\":\"Article\",\"@id\":\"https:\\\/\\\/www.uartes.edu.ec\\\/sitio\\\/en\\\/blog\\\/2022\\\/08\\\/31\\\/romina-guillen-estudiante-uartes-en-el-pescado-frito-con-domenica-menessini-actrices-trans-hablan-de-la-experiencia\\\/#article\",\"isPartOf\":{\"@id\":\"https:\\\/\\\/www.uartes.edu.ec\\\/sitio\\\/en\\\/blog\\\/2022\\\/08\\\/31\\\/romina-guillen-estudiante-uartes-en-el-pescado-frito-con-domenica-menessini-actrices-trans-hablan-de-la-experiencia\\\/\"},\"author\":{\"name\":\"ccortez\",\"@id\":\"https:\\\/\\\/www.uartes.edu.ec\\\/sitio\\\/en\\\/#\\\/schema\\\/person\\\/efa1b8275797664fd7f13a79ccc0b1f4\"},\"headline\":\"Romina Guill\u00e9n, estudiante UArtes, y Dom\u00e9nica Menessini, en serie que protagonizan mujeres transg\u00e9nero\",\"datePublished\":\"2022-08-31T23:30:00+00:00\",\"dateModified\":\"2024-07-04T16:23:08+00:00\",\"mainEntityOfPage\":{\"@id\":\"https:\\\/\\\/www.uartes.edu.ec\\\/sitio\\\/en\\\/blog\\\/2022\\\/08\\\/31\\\/romina-guillen-estudiante-uartes-en-el-pescado-frito-con-domenica-menessini-actrices-trans-hablan-de-la-experiencia\\\/\"},\"wordCount\":841,\"commentCount\":0,\"publisher\":{\"@id\":\"https:\\\/\\\/www.uartes.edu.ec\\\/sitio\\\/en\\\/#organization\"},\"image\":{\"@id\":\"https:\\\/\\\/www.uartes.edu.ec\\\/sitio\\\/en\\\/blog\\\/2022\\\/08\\\/31\\\/romina-guillen-estudiante-uartes-en-el-pescado-frito-con-domenica-menessini-actrices-trans-hablan-de-la-experiencia\\\/#primaryimage\"},\"thumbnailUrl\":\"https:\\\/\\\/www.uartes.edu.ec\\\/sitio\\\/wp-content\\\/uploads\\\/2022\\\/08\\\/pescado-frito-web-03.jpg\",\"keywords\":[\"serie\"],\"articleSection\":[\"Artes\",\"Artes Esc\u00e9nicas\",\"Estudiantes\"],\"inLanguage\":\"en-US\",\"potentialAction\":[{\"@type\":\"CommentAction\",\"name\":\"Comment\",\"target\":[\"https:\\\/\\\/www.uartes.edu.ec\\\/sitio\\\/en\\\/blog\\\/2022\\\/08\\\/31\\\/romina-guillen-estudiante-uartes-en-el-pescado-frito-con-domenica-menessini-actrices-trans-hablan-de-la-experiencia\\\/#respond\"]}]},{\"@type\":[\"WebPage\",\"ItemPage\"],\"@id\":\"https:\\\/\\\/www.uartes.edu.ec\\\/sitio\\\/en\\\/blog\\\/2022\\\/08\\\/31\\\/romina-guillen-estudiante-uartes-en-el-pescado-frito-con-domenica-menessini-actrices-trans-hablan-de-la-experiencia\\\/\",\"url\":\"https:\\\/\\\/www.uartes.edu.ec\\\/sitio\\\/en\\\/blog\\\/2022\\\/08\\\/31\\\/romina-guillen-estudiante-uartes-en-el-pescado-frito-con-domenica-menessini-actrices-trans-hablan-de-la-experiencia\\\/\",\"name\":\"Universidad de las Artes - Romina Guill\u00e9n, estudiante UArtes, y Dom\u00e9nica Menessini, en serie que protagonizan mujeres transg\u00e9nero\",\"isPartOf\":{\"@id\":\"https:\\\/\\\/www.uartes.edu.ec\\\/sitio\\\/en\\\/#website\"},\"primaryImageOfPage\":{\"@id\":\"https:\\\/\\\/www.uartes.edu.ec\\\/sitio\\\/en\\\/blog\\\/2022\\\/08\\\/31\\\/romina-guillen-estudiante-uartes-en-el-pescado-frito-con-domenica-menessini-actrices-trans-hablan-de-la-experiencia\\\/#primaryimage\"},\"image\":{\"@id\":\"https:\\\/\\\/www.uartes.edu.ec\\\/sitio\\\/en\\\/blog\\\/2022\\\/08\\\/31\\\/romina-guillen-estudiante-uartes-en-el-pescado-frito-con-domenica-menessini-actrices-trans-hablan-de-la-experiencia\\\/#primaryimage\"},\"thumbnailUrl\":\"https:\\\/\\\/www.uartes.edu.ec\\\/sitio\\\/wp-content\\\/uploads\\\/2022\\\/08\\\/pescado-frito-web-03.jpg\",\"datePublished\":\"2022-08-31T23:30:00+00:00\",\"dateModified\":\"2024-07-04T16:23:08+00:00\",\"description\":\"Universidad de las Artes - Romina Guill\u00e9n, estudiante UArtes, y Dom\u00e9nica Menessini, en serie que protagonizan mujeres transg\u00e9nero\",\"breadcrumb\":{\"@id\":\"https:\\\/\\\/www.uartes.edu.ec\\\/sitio\\\/en\\\/blog\\\/2022\\\/08\\\/31\\\/romina-guillen-estudiante-uartes-en-el-pescado-frito-con-domenica-menessini-actrices-trans-hablan-de-la-experiencia\\\/#breadcrumb\"},\"inLanguage\":\"en-US\",\"potentialAction\":[{\"@type\":\"ReadAction\",\"target\":[\"https:\\\/\\\/www.uartes.edu.ec\\\/sitio\\\/en\\\/blog\\\/2022\\\/08\\\/31\\\/romina-guillen-estudiante-uartes-en-el-pescado-frito-con-domenica-menessini-actrices-trans-hablan-de-la-experiencia\\\/\"]}]},{\"@type\":\"ImageObject\",\"inLanguage\":\"en-US\",\"@id\":\"https:\\\/\\\/www.uartes.edu.ec\\\/sitio\\\/en\\\/blog\\\/2022\\\/08\\\/31\\\/romina-guillen-estudiante-uartes-en-el-pescado-frito-con-domenica-menessini-actrices-trans-hablan-de-la-experiencia\\\/#primaryimage\",\"url\":\"https:\\\/\\\/www.uartes.edu.ec\\\/sitio\\\/wp-content\\\/uploads\\\/2022\\\/08\\\/pescado-frito-web-03.jpg\",\"contentUrl\":\"https:\\\/\\\/www.uartes.edu.ec\\\/sitio\\\/wp-content\\\/uploads\\\/2022\\\/08\\\/pescado-frito-web-03.jpg\",\"width\":2000,\"height\":1333},{\"@type\":\"BreadcrumbList\",\"@id\":\"https:\\\/\\\/www.uartes.edu.ec\\\/sitio\\\/en\\\/blog\\\/2022\\\/08\\\/31\\\/romina-guillen-estudiante-uartes-en-el-pescado-frito-con-domenica-menessini-actrices-trans-hablan-de-la-experiencia\\\/#breadcrumb\",\"itemListElement\":[{\"@type\":\"ListItem\",\"position\":1,\"name\":\"Inicio\",\"item\":\"https:\\\/\\\/www.uartes.edu.ec\\\/sitio\\\/\"},{\"@type\":\"ListItem\",\"position\":2,\"name\":\"Romina Guill\u00e9n, estudiante UArtes, y Dom\u00e9nica Menessini, en serie que protagonizan mujeres transg\u00e9nero\"}]},{\"@type\":\"WebSite\",\"@id\":\"https:\\\/\\\/www.uartes.edu.ec\\\/sitio\\\/en\\\/#website\",\"url\":\"https:\\\/\\\/www.uartes.edu.ec\\\/sitio\\\/en\\\/\",\"name\":\"Universidad de las Artes\",\"description\":\"Sitio oficial de la Universidad Nacional de las Artes del Ecuador\",\"publisher\":{\"@id\":\"https:\\\/\\\/www.uartes.edu.ec\\\/sitio\\\/en\\\/#organization\"},\"potentialAction\":[{\"@type\":\"SearchAction\",\"target\":{\"@type\":\"EntryPoint\",\"urlTemplate\":\"https:\\\/\\\/www.uartes.edu.ec\\\/sitio\\\/en\\\/?s={search_term_string}\"},\"query-input\":{\"@type\":\"PropertyValueSpecification\",\"valueRequired\":true,\"valueName\":\"search_term_string\"}}],\"inLanguage\":\"en-US\"},{\"@type\":\"Organization\",\"@id\":\"https:\\\/\\\/www.uartes.edu.ec\\\/sitio\\\/en\\\/#organization\",\"name\":\"Universidad de las Artes\",\"url\":\"https:\\\/\\\/www.uartes.edu.ec\\\/sitio\\\/en\\\/\",\"logo\":{\"@type\":\"ImageObject\",\"inLanguage\":\"en-US\",\"@id\":\"https:\\\/\\\/www.uartes.edu.ec\\\/sitio\\\/en\\\/#\\\/schema\\\/logo\\\/image\\\/\",\"url\":\"https:\\\/\\\/www.uartes.edu.ec\\\/sitio\\\/wp-content\\\/uploads\\\/2022\\\/07\\\/logo-ua-horizontal.png\",\"contentUrl\":\"https:\\\/\\\/www.uartes.edu.ec\\\/sitio\\\/wp-content\\\/uploads\\\/2022\\\/07\\\/logo-ua-horizontal.png\",\"width\":800,\"height\":276,\"caption\":\"Universidad de las Artes\"},\"image\":{\"@id\":\"https:\\\/\\\/www.uartes.edu.ec\\\/sitio\\\/en\\\/#\\\/schema\\\/logo\\\/image\\\/\"},\"sameAs\":[\"https:\\\/\\\/www.facebook.com\\\/uartesec\",\"https:\\\/\\\/x.com\\\/uartesec\",\"https:\\\/\\\/www.tiktok.com\\\/@uartesec\"]},{\"@type\":\"Person\",\"@id\":\"https:\\\/\\\/www.uartes.edu.ec\\\/sitio\\\/en\\\/#\\\/schema\\\/person\\\/efa1b8275797664fd7f13a79ccc0b1f4\",\"name\":\"ccortez\",\"image\":{\"@type\":\"ImageObject\",\"inLanguage\":\"en-US\",\"@id\":\"https:\\\/\\\/secure.gravatar.com\\\/avatar\\\/b2a6f664a3ae8e074346ef91775736c5ec479e637ecced6842de9dc98b5da9cd?s=96&d=mm&r=g\",\"url\":\"https:\\\/\\\/secure.gravatar.com\\\/avatar\\\/b2a6f664a3ae8e074346ef91775736c5ec479e637ecced6842de9dc98b5da9cd?s=96&d=mm&r=g\",\"contentUrl\":\"https:\\\/\\\/secure.gravatar.com\\\/avatar\\\/b2a6f664a3ae8e074346ef91775736c5ec479e637ecced6842de9dc98b5da9cd?s=96&d=mm&r=g\",\"caption\":\"ccortez\"},\"url\":\"https:\\\/\\\/www.uartes.edu.ec\\\/sitio\\\/en\\\/blog\\\/author\\\/ccortez\\\/\"}]}<\/script>\n<!-- \/ Yoast SEO plugin. -->","yoast_head_json":{"title":"Universidad de las Artes - Romina Guill\u00e9n, estudiante UArtes, y Dom\u00e9nica Menessini, en serie que protagonizan mujeres transg\u00e9nero","description":"Universidad de las Artes - Romina Guill\u00e9n, estudiante UArtes, y Dom\u00e9nica Menessini, en serie que protagonizan mujeres transg\u00e9nero","robots":{"index":"index","follow":"follow","max-snippet":"max-snippet:-1","max-image-preview":"max-image-preview:large","max-video-preview":"max-video-preview:-1"},"canonical":"https:\/\/www.uartes.edu.ec\/sitio\/en\/blog\/2022\/08\/31\/romina-guillen-estudiante-uartes-en-el-pescado-frito-con-domenica-menessini-actrices-trans-hablan-de-la-experiencia\/","og_locale":"en_US","og_type":"article","og_title":"Universidad de las Artes - Romina Guill\u00e9n, estudiante UArtes, y Dom\u00e9nica Menessini, en serie que protagonizan mujeres transg\u00e9nero","og_description":"Universidad de las Artes - Romina Guill\u00e9n, estudiante UArtes, y Dom\u00e9nica Menessini, en serie que protagonizan mujeres transg\u00e9nero","og_url":"https:\/\/www.uartes.edu.ec\/sitio\/en\/blog\/2022\/08\/31\/romina-guillen-estudiante-uartes-en-el-pescado-frito-con-domenica-menessini-actrices-trans-hablan-de-la-experiencia\/","og_site_name":"Universidad de las Artes","article_publisher":"https:\/\/www.facebook.com\/uartesec","article_published_time":"2022-08-31T23:30:00+00:00","article_modified_time":"2024-07-04T16:23:08+00:00","og_image":[{"width":2000,"height":1333,"url":"https:\/\/www.uartes.edu.ec\/sitio\/wp-content\/uploads\/2022\/08\/pescado-frito-web-03.jpg","type":"image\/jpeg"}],"author":"ccortez","twitter_card":"summary_large_image","twitter_creator":"@uartesec","twitter_site":"@uartesec","twitter_misc":{"Written by":"ccortez","Est. reading time":"5 minutes"},"schema":{"@context":"https:\/\/schema.org","@graph":[{"@type":"Article","@id":"https:\/\/www.uartes.edu.ec\/sitio\/en\/blog\/2022\/08\/31\/romina-guillen-estudiante-uartes-en-el-pescado-frito-con-domenica-menessini-actrices-trans-hablan-de-la-experiencia\/#article","isPartOf":{"@id":"https:\/\/www.uartes.edu.ec\/sitio\/en\/blog\/2022\/08\/31\/romina-guillen-estudiante-uartes-en-el-pescado-frito-con-domenica-menessini-actrices-trans-hablan-de-la-experiencia\/"},"author":{"name":"ccortez","@id":"https:\/\/www.uartes.edu.ec\/sitio\/en\/#\/schema\/person\/efa1b8275797664fd7f13a79ccc0b1f4"},"headline":"Romina Guill\u00e9n, estudiante UArtes, y Dom\u00e9nica Menessini, en serie que protagonizan mujeres transg\u00e9nero","datePublished":"2022-08-31T23:30:00+00:00","dateModified":"2024-07-04T16:23:08+00:00","mainEntityOfPage":{"@id":"https:\/\/www.uartes.edu.ec\/sitio\/en\/blog\/2022\/08\/31\/romina-guillen-estudiante-uartes-en-el-pescado-frito-con-domenica-menessini-actrices-trans-hablan-de-la-experiencia\/"},"wordCount":841,"commentCount":0,"publisher":{"@id":"https:\/\/www.uartes.edu.ec\/sitio\/en\/#organization"},"image":{"@id":"https:\/\/www.uartes.edu.ec\/sitio\/en\/blog\/2022\/08\/31\/romina-guillen-estudiante-uartes-en-el-pescado-frito-con-domenica-menessini-actrices-trans-hablan-de-la-experiencia\/#primaryimage"},"thumbnailUrl":"https:\/\/www.uartes.edu.ec\/sitio\/wp-content\/uploads\/2022\/08\/pescado-frito-web-03.jpg","keywords":["serie"],"articleSection":["Artes","Artes Esc\u00e9nicas","Estudiantes"],"inLanguage":"en-US","potentialAction":[{"@type":"CommentAction","name":"Comment","target":["https:\/\/www.uartes.edu.ec\/sitio\/en\/blog\/2022\/08\/31\/romina-guillen-estudiante-uartes-en-el-pescado-frito-con-domenica-menessini-actrices-trans-hablan-de-la-experiencia\/#respond"]}]},{"@type":["WebPage","ItemPage"],"@id":"https:\/\/www.uartes.edu.ec\/sitio\/en\/blog\/2022\/08\/31\/romina-guillen-estudiante-uartes-en-el-pescado-frito-con-domenica-menessini-actrices-trans-hablan-de-la-experiencia\/","url":"https:\/\/www.uartes.edu.ec\/sitio\/en\/blog\/2022\/08\/31\/romina-guillen-estudiante-uartes-en-el-pescado-frito-con-domenica-menessini-actrices-trans-hablan-de-la-experiencia\/","name":"Universidad de las Artes - Romina Guill\u00e9n, estudiante UArtes, y Dom\u00e9nica Menessini, en serie que protagonizan mujeres transg\u00e9nero","isPartOf":{"@id":"https:\/\/www.uartes.edu.ec\/sitio\/en\/#website"},"primaryImageOfPage":{"@id":"https:\/\/www.uartes.edu.ec\/sitio\/en\/blog\/2022\/08\/31\/romina-guillen-estudiante-uartes-en-el-pescado-frito-con-domenica-menessini-actrices-trans-hablan-de-la-experiencia\/#primaryimage"},"image":{"@id":"https:\/\/www.uartes.edu.ec\/sitio\/en\/blog\/2022\/08\/31\/romina-guillen-estudiante-uartes-en-el-pescado-frito-con-domenica-menessini-actrices-trans-hablan-de-la-experiencia\/#primaryimage"},"thumbnailUrl":"https:\/\/www.uartes.edu.ec\/sitio\/wp-content\/uploads\/2022\/08\/pescado-frito-web-03.jpg","datePublished":"2022-08-31T23:30:00+00:00","dateModified":"2024-07-04T16:23:08+00:00","description":"Universidad de las Artes - Romina Guill\u00e9n, estudiante UArtes, y Dom\u00e9nica Menessini, en serie que protagonizan mujeres transg\u00e9nero","breadcrumb":{"@id":"https:\/\/www.uartes.edu.ec\/sitio\/en\/blog\/2022\/08\/31\/romina-guillen-estudiante-uartes-en-el-pescado-frito-con-domenica-menessini-actrices-trans-hablan-de-la-experiencia\/#breadcrumb"},"inLanguage":"en-US","potentialAction":[{"@type":"ReadAction","target":["https:\/\/www.uartes.edu.ec\/sitio\/en\/blog\/2022\/08\/31\/romina-guillen-estudiante-uartes-en-el-pescado-frito-con-domenica-menessini-actrices-trans-hablan-de-la-experiencia\/"]}]},{"@type":"ImageObject","inLanguage":"en-US","@id":"https:\/\/www.uartes.edu.ec\/sitio\/en\/blog\/2022\/08\/31\/romina-guillen-estudiante-uartes-en-el-pescado-frito-con-domenica-menessini-actrices-trans-hablan-de-la-experiencia\/#primaryimage","url":"https:\/\/www.uartes.edu.ec\/sitio\/wp-content\/uploads\/2022\/08\/pescado-frito-web-03.jpg","contentUrl":"https:\/\/www.uartes.edu.ec\/sitio\/wp-content\/uploads\/2022\/08\/pescado-frito-web-03.jpg","width":2000,"height":1333},{"@type":"BreadcrumbList","@id":"https:\/\/www.uartes.edu.ec\/sitio\/en\/blog\/2022\/08\/31\/romina-guillen-estudiante-uartes-en-el-pescado-frito-con-domenica-menessini-actrices-trans-hablan-de-la-experiencia\/#breadcrumb","itemListElement":[{"@type":"ListItem","position":1,"name":"Inicio","item":"https:\/\/www.uartes.edu.ec\/sitio\/"},{"@type":"ListItem","position":2,"name":"Romina Guill\u00e9n, estudiante UArtes, y Dom\u00e9nica Menessini, en serie que protagonizan mujeres transg\u00e9nero"}]},{"@type":"WebSite","@id":"https:\/\/www.uartes.edu.ec\/sitio\/en\/#website","url":"https:\/\/www.uartes.edu.ec\/sitio\/en\/","name":"Universidad de las Artes","description":"Sitio oficial de la Universidad Nacional de las Artes del Ecuador","publisher":{"@id":"https:\/\/www.uartes.edu.ec\/sitio\/en\/#organization"},"potentialAction":[{"@type":"SearchAction","target":{"@type":"EntryPoint","urlTemplate":"https:\/\/www.uartes.edu.ec\/sitio\/en\/?s={search_term_string}"},"query-input":{"@type":"PropertyValueSpecification","valueRequired":true,"valueName":"search_term_string"}}],"inLanguage":"en-US"},{"@type":"Organization","@id":"https:\/\/www.uartes.edu.ec\/sitio\/en\/#organization","name":"Universidad de las Artes","url":"https:\/\/www.uartes.edu.ec\/sitio\/en\/","logo":{"@type":"ImageObject","inLanguage":"en-US","@id":"https:\/\/www.uartes.edu.ec\/sitio\/en\/#\/schema\/logo\/image\/","url":"https:\/\/www.uartes.edu.ec\/sitio\/wp-content\/uploads\/2022\/07\/logo-ua-horizontal.png","contentUrl":"https:\/\/www.uartes.edu.ec\/sitio\/wp-content\/uploads\/2022\/07\/logo-ua-horizontal.png","width":800,"height":276,"caption":"Universidad de las Artes"},"image":{"@id":"https:\/\/www.uartes.edu.ec\/sitio\/en\/#\/schema\/logo\/image\/"},"sameAs":["https:\/\/www.facebook.com\/uartesec","https:\/\/x.com\/uartesec","https:\/\/www.tiktok.com\/@uartesec"]},{"@type":"Person","@id":"https:\/\/www.uartes.edu.ec\/sitio\/en\/#\/schema\/person\/efa1b8275797664fd7f13a79ccc0b1f4","name":"ccortez","image":{"@type":"ImageObject","inLanguage":"en-US","@id":"https:\/\/secure.gravatar.com\/avatar\/b2a6f664a3ae8e074346ef91775736c5ec479e637ecced6842de9dc98b5da9cd?s=96&d=mm&r=g","url":"https:\/\/secure.gravatar.com\/avatar\/b2a6f664a3ae8e074346ef91775736c5ec479e637ecced6842de9dc98b5da9cd?s=96&d=mm&r=g","contentUrl":"https:\/\/secure.gravatar.com\/avatar\/b2a6f664a3ae8e074346ef91775736c5ec479e637ecced6842de9dc98b5da9cd?s=96&d=mm&r=g","caption":"ccortez"},"url":"https:\/\/www.uartes.edu.ec\/sitio\/en\/blog\/author\/ccortez\/"}]}},"uagb_featured_image_src":{"full":["https:\/\/www.uartes.edu.ec\/sitio\/wp-content\/uploads\/2022\/08\/pescado-frito-web-03.jpg",2000,1333,false],"thumbnail":["https:\/\/www.uartes.edu.ec\/sitio\/wp-content\/uploads\/2022\/08\/pescado-frito-web-03-150x150.jpg",150,150,true],"medium":["https:\/\/www.uartes.edu.ec\/sitio\/wp-content\/uploads\/2022\/08\/pescado-frito-web-03-300x200.jpg",300,200,true],"medium_large":["https:\/\/www.uartes.edu.ec\/sitio\/wp-content\/uploads\/2022\/08\/pescado-frito-web-03-768x512.jpg",768,512,true],"large":["https:\/\/www.uartes.edu.ec\/sitio\/wp-content\/uploads\/2022\/08\/pescado-frito-web-03-644x429.jpg",644,429,true],"1536x1536":["https:\/\/www.uartes.edu.ec\/sitio\/wp-content\/uploads\/2022\/08\/pescado-frito-web-03-1536x1024.jpg",1536,1024,true],"2048x2048":["https:\/\/www.uartes.edu.ec\/sitio\/wp-content\/uploads\/2022\/08\/pescado-frito-web-03.jpg",2000,1333,false],"trp-custom-language-flag":["https:\/\/www.uartes.edu.ec\/sitio\/wp-content\/uploads\/2022\/08\/pescado-frito-web-03.jpg",18,12,false],"htmega_size_585x295":["https:\/\/www.uartes.edu.ec\/sitio\/wp-content\/uploads\/2022\/08\/pescado-frito-web-03.jpg",443,295,false],"htmega_size_1170x536":["https:\/\/www.uartes.edu.ec\/sitio\/wp-content\/uploads\/2022\/08\/pescado-frito-web-03.jpg",804,536,false],"htmega_size_396x360":["https:\/\/www.uartes.edu.ec\/sitio\/wp-content\/uploads\/2022\/08\/pescado-frito-web-03.jpg",396,264,false],"gb-block-post-grid-landscape":["https:\/\/www.uartes.edu.ec\/sitio\/wp-content\/uploads\/2022\/08\/pescado-frito-web-03.jpg",600,400,false],"gb-block-post-grid-square":["https:\/\/www.uartes.edu.ec\/sitio\/wp-content\/uploads\/2022\/08\/pescado-frito-web-03.jpg",600,400,false],"university-hub-thumb":["https:\/\/www.uartes.edu.ec\/sitio\/wp-content\/uploads\/2022\/08\/pescado-frito-web-03-400x267.jpg",400,267,true]},"uagb_author_info":{"display_name":"ccortez","author_link":"https:\/\/www.uartes.edu.ec\/sitio\/en\/blog\/author\/ccortez\/"},"uagb_comment_info":0,"uagb_excerpt":"Las actrices transg\u00e9nero Dom\u00e9nica Menessini y Romina Guill\u00e9n no solo tienen en com\u00fan la experiencia ganada en el teatro, sino que ambas se prepararon para ello y despuntaron en 2012. Menesini se gradu\u00f3 en el ITV y Guill\u00e9n est\u00e1 por retomar la carrera de Creaci\u00f3n Teatral en la Escuela de Artes Esc\u00e9nicas de la UArtes.&hellip;","featured_image_src":"https:\/\/www.uartes.edu.ec\/sitio\/wp-content\/uploads\/2022\/08\/pescado-frito-web-03.jpg","featured_image_src_square":"https:\/\/www.uartes.edu.ec\/sitio\/wp-content\/uploads\/2022\/08\/pescado-frito-web-03.jpg","author_info":{"display_name":"ccortez","author_link":"https:\/\/www.uartes.edu.ec\/sitio\/en\/blog\/author\/ccortez\/"},"publishpress_future_workflow_manual_trigger":{"enabledWorkflows":[]},"distributor_meta":false,"distributor_terms":false,"distributor_media":false,"distributor_original_site_name":"Universidad de las Artes","distributor_original_site_url":"https:\/\/www.uartes.edu.ec\/sitio\/en","push-errors":false,"_links":{"self":[{"href":"https:\/\/www.uartes.edu.ec\/sitio\/en\/wp-json\/wp\/v2\/posts\/27140","targetHints":{"allow":["GET"]}}],"collection":[{"href":"https:\/\/www.uartes.edu.ec\/sitio\/en\/wp-json\/wp\/v2\/posts"}],"about":[{"href":"https:\/\/www.uartes.edu.ec\/sitio\/en\/wp-json\/wp\/v2\/types\/post"}],"author":[{"embeddable":true,"href":"https:\/\/www.uartes.edu.ec\/sitio\/en\/wp-json\/wp\/v2\/users\/10"}],"replies":[{"embeddable":true,"href":"https:\/\/www.uartes.edu.ec\/sitio\/en\/wp-json\/wp\/v2\/comments?post=27140"}],"version-history":[{"count":28,"href":"https:\/\/www.uartes.edu.ec\/sitio\/en\/wp-json\/wp\/v2\/posts\/27140\/revisions"}],"predecessor-version":[{"id":27252,"href":"https:\/\/www.uartes.edu.ec\/sitio\/en\/wp-json\/wp\/v2\/posts\/27140\/revisions\/27252"}],"wp:featuredmedia":[{"embeddable":true,"href":"https:\/\/www.uartes.edu.ec\/sitio\/en\/wp-json\/wp\/v2\/media\/27141"}],"wp:attachment":[{"href":"https:\/\/www.uartes.edu.ec\/sitio\/en\/wp-json\/wp\/v2\/media?parent=27140"}],"wp:term":[{"taxonomy":"category","embeddable":true,"href":"https:\/\/www.uartes.edu.ec\/sitio\/en\/wp-json\/wp\/v2\/categories?post=27140"},{"taxonomy":"post_tag","embeddable":true,"href":"https:\/\/www.uartes.edu.ec\/sitio\/en\/wp-json\/wp\/v2\/tags?post=27140"},{"taxonomy":"infouartes","embeddable":true,"href":"https:\/\/www.uartes.edu.ec\/sitio\/en\/wp-json\/wp\/v2\/infouartes?post=27140"}],"curies":[{"name":"wp","href":"https:\/\/api.w.org\/{rel}","templated":true}]}}