{"id":27209,"date":"2022-09-01T10:36:00","date_gmt":"2022-09-01T15:36:00","guid":{"rendered":"http:\/\/www.uartes.edu.ec\/sitio\/?p=27209"},"modified":"2024-07-04T11:23:08","modified_gmt":"2024-07-04T16:23:08","slug":"presentacion-de-proyectos-ganadores-de-los-fondos-concursables-del-mz14-continua-este-5-de-septiembre","status":"publish","type":"post","link":"https:\/\/www.uartes.edu.ec\/sitio\/en\/blog\/2022\/09\/01\/presentacion-de-proyectos-ganadores-de-los-fondos-concursables-del-mz14-continua-este-5-de-septiembre\/","title":{"rendered":"Presentaciones de los proyectos que ganaron la convocatoria del MZ14 contin\u00faan desde el 5 de septiembre"},"content":{"rendered":"<p>\u201cJapata-Klla\u201d, la instalaci\u00f3n en homenaje al tejido tradicional del sombrero de paja toquilla m\u00e1s fino del mundo que Rupert Von Mandrake inaugur\u00f3 el pasado 22 de agosto en la Plaza P\u00fablica del MZ14, fue el primero de los diez proyectos ganadores de la convocatoria realizada por el Centro de Producci\u00f3n e Innovaci\u00f3n de la UArtes. La segunda presentaci\u00f3n de estas propuestas fue la obra de teatro \u201cBidi Bidi Bom Bom\u201d, este 1 de septiembre, representada por Juan Carlos Haro con la dramaturgia y direcci\u00f3n de la Compa\u00f1\u00eda Teatral Alguna Vez.<\/p>\n\n\n\n<p>Von Mandrake y Haro, as\u00ed como los otros artistas que este mes y en octubre dar\u00e1n a conocer sus obras, respondieron a la convocatoria en menci\u00f3n que en abril lanz\u00f3 el MZ14 para apoyar el desarrollo y la producci\u00f3n de actividades y exposiciones con enfoque en pr\u00e1cticas experimentales y transdisciplinares. Estuvo dirigida a artistas, gestores, creadores locales y nacionales, priorizando a los alumni de la UArtes.<\/p>\n\n\n\n<p>Tras el cierre de la convocatoria, en mayo, sigui\u00f3 el proceso de selecci\u00f3n de obras a cargo del Comit\u00e9 de Programaci\u00f3n, presidido por la Vicerrectora de Posgrados e Investigaci\u00f3n en Artes, doctora Olga L\u00f3pez, e integrado por la Directora Ejecutiva del Centro de Producci\u00f3n e Innovaci\u00f3n MZ14, los directores de las escuelas de Artes Sonoras, Cine y Artes Esc\u00e9nicas; la Directora de Vinculaci\u00f3n con la Comunidad, una representante del Consejo Estudiantil, el Director de Producci\u00f3n del MZ14 y la Directora de Comunicaci\u00f3n. Calidad conceptual, viabilidad t\u00e9cnica y proyecci\u00f3n art\u00edstica fueron considerados en la selecci\u00f3n de diez propuestas en artes visuales, esc\u00e9nicas y musicales o transdisciplinares que integrar\u00edan la programaci\u00f3n cultural del MZ14, de junio a noviembre de este a\u00f1o.<\/p>\n\n\n\n<h3 class=\"wp-block-heading has-text-align-center\"><strong>Las siguientes actividades en programaci\u00f3n<\/strong><\/h3>\n\n\n<div class=\"wp-block-image\">\n<figure class=\"aligncenter size-large\"><img fetchpriority=\"high\" decoding=\"async\" width=\"644\" height=\"429\" src=\"http:\/\/www.uartes.edu.ec\/sitio\/wp-content\/uploads\/2022\/09\/FONDOS-CONCURSABLES-03-644x429.jpg\" alt=\"\" class=\"wp-image-27548\" srcset=\"https:\/\/www.uartes.edu.ec\/sitio\/wp-content\/uploads\/2022\/09\/FONDOS-CONCURSABLES-03-644x429.jpg 644w, https:\/\/www.uartes.edu.ec\/sitio\/wp-content\/uploads\/2022\/09\/FONDOS-CONCURSABLES-03-300x200.jpg 300w, https:\/\/www.uartes.edu.ec\/sitio\/wp-content\/uploads\/2022\/09\/FONDOS-CONCURSABLES-03-768x512.jpg 768w, https:\/\/www.uartes.edu.ec\/sitio\/wp-content\/uploads\/2022\/09\/FONDOS-CONCURSABLES-03-1536x1024.jpg 1536w, https:\/\/www.uartes.edu.ec\/sitio\/wp-content\/uploads\/2022\/09\/FONDOS-CONCURSABLES-03-600x400.jpg 600w, https:\/\/www.uartes.edu.ec\/sitio\/wp-content\/uploads\/2022\/09\/FONDOS-CONCURSABLES-03-400x267.jpg 400w, https:\/\/www.uartes.edu.ec\/sitio\/wp-content\/uploads\/2022\/09\/FONDOS-CONCURSABLES-03-272x182.jpg 272w, https:\/\/www.uartes.edu.ec\/sitio\/wp-content\/uploads\/2022\/09\/FONDOS-CONCURSABLES-03.jpg 2000w\" sizes=\"(max-width: 644px) 100vw, 644px\" \/><\/figure>\n<\/div>\n\n\n<p>\u201c(Re)creaciones 04: Galer\u00eda CIF\u201d, de Geovanny Ch\u00e1vez y Jos\u00e9 Medina, tomar\u00e1 la posta de las presentaciones. Se inaugurar\u00e1 el 5 de septiembre, a las 18:00. Se trata de una cyber performance que busca dialogar entre el espacio de lo real y lo virtual usando un servidor p\u00fablico dentro del videojuego de Minecraft. Los espectadores podr\u00e1n relacionarse tanto con el espacio f\u00edsico de la Galer\u00eda CIF como con el espacio virtualizado del MZ14 mediante las computadoras que estar\u00e1n en el sitio.<\/p>\n\n\n\n<p>Para el 7 de septiembre, tambi\u00e9n a las 18:00, se expondr\u00e1 en la b\u00f3veda central de la Galer\u00eda CIF \u201cVideograf\u00edas\u201d, una propuesta de Andr\u00e9s Marcial que explora el rol del dispositivo celular como narrador, observador, creador de actualidad y mediador entre la presencialidad y la virtualidad. Se compone de dos instalaciones art\u00edsticas que se responden; en ausencia del espectador permanecen pasivas, pero en su presencia se activan mimetizando una conversaci\u00f3n artificial entre una instalaci\u00f3n y la otra.<\/p>\n\n\n\n<p>A las 19:00 del 8 de septiembre llegar\u00e1 a la Plaza P\u00fablica \u201cEl Pa\u00eds de la Canela\u201d, de Tanya S\u00e1nchez, un espect\u00e1culo teatro-circense-musical en el que tres juglares narrar\u00e1n la aventura del \u00abdescubrimiento\u00bb del r\u00edo Amazonas en 1542. Dirigida para toda la familia, esta pieza se ha mantenido 12 a\u00f1os en cartelera, ha recorrido 22 provincias del pa\u00eds y cumplido giras por Chile, Colombia, Bolivia y Rep\u00fablica Dominicana.<\/p>\n\n\n<div class=\"wp-block-image\">\n<figure class=\"aligncenter size-large\"><img decoding=\"async\" width=\"644\" height=\"429\" src=\"http:\/\/www.uartes.edu.ec\/sitio\/wp-content\/uploads\/2022\/09\/FONDOS-CONCURSABLES-02-644x429.jpg\" alt=\"\" class=\"wp-image-27549\" srcset=\"https:\/\/www.uartes.edu.ec\/sitio\/wp-content\/uploads\/2022\/09\/FONDOS-CONCURSABLES-02-644x429.jpg 644w, https:\/\/www.uartes.edu.ec\/sitio\/wp-content\/uploads\/2022\/09\/FONDOS-CONCURSABLES-02-300x200.jpg 300w, https:\/\/www.uartes.edu.ec\/sitio\/wp-content\/uploads\/2022\/09\/FONDOS-CONCURSABLES-02-768x512.jpg 768w, https:\/\/www.uartes.edu.ec\/sitio\/wp-content\/uploads\/2022\/09\/FONDOS-CONCURSABLES-02-1536x1024.jpg 1536w, https:\/\/www.uartes.edu.ec\/sitio\/wp-content\/uploads\/2022\/09\/FONDOS-CONCURSABLES-02-600x400.jpg 600w, https:\/\/www.uartes.edu.ec\/sitio\/wp-content\/uploads\/2022\/09\/FONDOS-CONCURSABLES-02-400x267.jpg 400w, https:\/\/www.uartes.edu.ec\/sitio\/wp-content\/uploads\/2022\/09\/FONDOS-CONCURSABLES-02-272x182.jpg 272w, https:\/\/www.uartes.edu.ec\/sitio\/wp-content\/uploads\/2022\/09\/FONDOS-CONCURSABLES-02.jpg 2000w\" sizes=\"(max-width: 644px) 100vw, 644px\" \/><\/figure>\n<\/div>\n\n\n<p>El 16 de septiembre, a las 19:00 en la Plaza P\u00fablica, se presentar\u00e1 \u201cTemporada de Mosquitos\u201d, obra del grupo de igual nombre dirigida por Cristina Baquerizo, con Grecia Alb\u00e1n en la musicalizaci\u00f3n y como int\u00e9rpretes y cocreadores \u00c1ngela Maldonado, Miguel Palacios y David Albarrac\u00edn; en el dise\u00f1o, David Jarr\u00edn.<\/p>\n\n\n\n<p>\u201cArruyos , Chigualos y Alabaos\u201d, el 29 de septiembre, a las 19:00 en la Plaza P\u00fablica. Este proyecto de Carlos Alberto Valencia busca compartir los valores de la cultura a trav\u00e9s de la m\u00fasica afro desde sus diferentes expresiones, considerando las vivencias cotidianas y el sentido espiritual de nuestra propia cosmovisi\u00f3n.<\/p>\n\n\n\n<p>\u201cHallucigenia\u201d, de Roberto Bernous, es una instalaci\u00f3n multidisciplinaria que explora el mundo del motion graphic y la cinem\u00e1tica reactiva que influyen en los escenarios y animaciones. Se expondr\u00e1 el 30 de septiembre, a las 19:00, en el Cine del MZ14.<\/p>\n\n\n\n<p>\u201cSi yo soy todos \u00bfPor qu\u00e9 me har\u00eda da\u00f1o a m\u00ed mismo?\u201d es una muestra de Adri\u00e1n Andr\u00e9 que se ver\u00e1 el 11 de octubre, a las 18:00, en la pared roja del primer piso del MZ14. Su autor la se\u00f1ala como un coming-of-age interdisciplinario que representa un tiempo cargado de autocuestionamientos, b\u00fasqueda de identidad, nuevas experiencias y responsabilidades, confrontaci\u00f3n de traumas, espiritualidad y total libertad para expresarse creativamente.<\/p>\n\n\n\n<p>*La presentaci\u00f3n de la d\u00e9cima propuesta, la exposici\u00f3n \u201cInseminartis\u201d, fue suspendida por su misma autora.<\/p>","protected":false},"excerpt":{"rendered":"<p>Se han presentado ya dos de las diez propuestas que fueron seleccionadas luego de responder a la convocatoria que hizo el Centro de Producci\u00f3n e Innovaci\u00f3n de la UArtes para apoyar el desarrollo y la producci\u00f3n de actividades con enfoque en pr\u00e1cticas experimentales y transdisciplinares. Este lunes 5 de septiembre se inaugurar\u00e1 la tercera: \u201c(Re)creaciones 04: Galer\u00eda CIF\u201d, un cyber performance <\/p>","protected":false},"author":10,"featured_media":27547,"comment_status":"open","ping_status":"open","sticky":false,"template":"","format":"standard","meta":{"_acf_changed":false,"_uag_custom_page_level_css":"","_monsterinsights_skip_tracking":false,"_monsterinsights_sitenote_active":false,"_monsterinsights_sitenote_note":"","_monsterinsights_sitenote_category":0,"cybocfi_hide_featured_image":"","footnotes":""},"categories":[490,82,159,150,157,147,76,284],"tags":[661],"infouartes":[],"class_list":["post-27209","post","type-post","status-publish","format-standard","has-post-thumbnail","hentry","category-alumni","category-artes","category-artes-escenicas","category-artes-sonoras","category-artes-visuales","category-cine","category-estudiantes","category-investigacion","tag-proyectos"],"acf":[],"yoast_head":"<!-- This site is optimized with the Yoast SEO plugin v27.4 - https:\/\/yoast.com\/product\/yoast-seo-wordpress\/ -->\n<title>Universidad de las Artes - Presentaciones de los proyectos que ganaron la convocatoria del MZ14 contin\u00faan desde el 5 de septiembre<\/title>\n<meta name=\"description\" content=\"Universidad de las Artes - Presentaciones de los proyectos que ganaron la convocatoria del MZ14 contin\u00faan desde el 5 de septiembre\" \/>\n<meta name=\"robots\" content=\"index, follow, max-snippet:-1, max-image-preview:large, max-video-preview:-1\" \/>\n<link rel=\"canonical\" href=\"https:\/\/www.uartes.edu.ec\/sitio\/en\/blog\/2022\/09\/01\/presentacion-de-proyectos-ganadores-de-los-fondos-concursables-del-mz14-continua-este-5-de-septiembre\/\" \/>\n<meta property=\"og:locale\" content=\"en_US\" \/>\n<meta property=\"og:type\" content=\"article\" \/>\n<meta property=\"og:title\" content=\"Universidad de las Artes - Presentaciones de los proyectos que ganaron la convocatoria del MZ14 contin\u00faan desde el 5 de septiembre\" \/>\n<meta property=\"og:description\" content=\"Universidad de las Artes - Presentaciones de los proyectos que ganaron la convocatoria del MZ14 contin\u00faan desde el 5 de septiembre\" \/>\n<meta property=\"og:url\" content=\"https:\/\/www.uartes.edu.ec\/sitio\/en\/blog\/2022\/09\/01\/presentacion-de-proyectos-ganadores-de-los-fondos-concursables-del-mz14-continua-este-5-de-septiembre\/\" \/>\n<meta property=\"og:site_name\" content=\"Universidad de las Artes\" \/>\n<meta property=\"article:publisher\" content=\"https:\/\/www.facebook.com\/uartesec\" \/>\n<meta property=\"article:published_time\" content=\"2022-09-01T15:36:00+00:00\" \/>\n<meta property=\"article:modified_time\" content=\"2024-07-04T16:23:08+00:00\" \/>\n<meta property=\"og:image\" content=\"https:\/\/www.uartes.edu.ec\/sitio\/wp-content\/uploads\/2022\/09\/FONDOS-CONCURSABLES-04.jpg\" \/>\n\t<meta property=\"og:image:width\" content=\"2000\" \/>\n\t<meta property=\"og:image:height\" content=\"1333\" \/>\n\t<meta property=\"og:image:type\" content=\"image\/jpeg\" \/>\n<meta name=\"author\" content=\"ccortez\" \/>\n<meta name=\"twitter:card\" content=\"summary_large_image\" \/>\n<meta name=\"twitter:creator\" content=\"@uartesec\" \/>\n<meta name=\"twitter:site\" content=\"@uartesec\" \/>\n<meta name=\"twitter:label1\" content=\"Written by\" \/>\n\t<meta name=\"twitter:data1\" content=\"ccortez\" \/>\n\t<meta name=\"twitter:label2\" content=\"Est. reading time\" \/>\n\t<meta name=\"twitter:data2\" content=\"4 minutes\" \/>\n<script type=\"application\/ld+json\" class=\"yoast-schema-graph\">{\"@context\":\"https:\\\/\\\/schema.org\",\"@graph\":[{\"@type\":\"Article\",\"@id\":\"https:\\\/\\\/www.uartes.edu.ec\\\/sitio\\\/en\\\/blog\\\/2022\\\/09\\\/01\\\/presentacion-de-proyectos-ganadores-de-los-fondos-concursables-del-mz14-continua-este-5-de-septiembre\\\/#article\",\"isPartOf\":{\"@id\":\"https:\\\/\\\/www.uartes.edu.ec\\\/sitio\\\/en\\\/blog\\\/2022\\\/09\\\/01\\\/presentacion-de-proyectos-ganadores-de-los-fondos-concursables-del-mz14-continua-este-5-de-septiembre\\\/\"},\"author\":{\"name\":\"ccortez\",\"@id\":\"https:\\\/\\\/www.uartes.edu.ec\\\/sitio\\\/en\\\/#\\\/schema\\\/person\\\/efa1b8275797664fd7f13a79ccc0b1f4\"},\"headline\":\"Presentaciones de los proyectos que ganaron la convocatoria del MZ14 contin\u00faan desde el 5 de septiembre\",\"datePublished\":\"2022-09-01T15:36:00+00:00\",\"dateModified\":\"2024-07-04T16:23:08+00:00\",\"mainEntityOfPage\":{\"@id\":\"https:\\\/\\\/www.uartes.edu.ec\\\/sitio\\\/en\\\/blog\\\/2022\\\/09\\\/01\\\/presentacion-de-proyectos-ganadores-de-los-fondos-concursables-del-mz14-continua-este-5-de-septiembre\\\/\"},\"wordCount\":802,\"commentCount\":0,\"publisher\":{\"@id\":\"https:\\\/\\\/www.uartes.edu.ec\\\/sitio\\\/en\\\/#organization\"},\"image\":{\"@id\":\"https:\\\/\\\/www.uartes.edu.ec\\\/sitio\\\/en\\\/blog\\\/2022\\\/09\\\/01\\\/presentacion-de-proyectos-ganadores-de-los-fondos-concursables-del-mz14-continua-este-5-de-septiembre\\\/#primaryimage\"},\"thumbnailUrl\":\"https:\\\/\\\/www.uartes.edu.ec\\\/sitio\\\/wp-content\\\/uploads\\\/2022\\\/09\\\/FONDOS-CONCURSABLES-04.jpg\",\"keywords\":[\"proyectos\"],\"articleSection\":[\"Alumni\",\"Artes\",\"Artes Esc\u00e9nicas\",\"Artes Sonoras\",\"Artes Visuales\",\"Cine\",\"Estudiantes\",\"Investigaci\u00f3n\"],\"inLanguage\":\"en-US\",\"potentialAction\":[{\"@type\":\"CommentAction\",\"name\":\"Comment\",\"target\":[\"https:\\\/\\\/www.uartes.edu.ec\\\/sitio\\\/en\\\/blog\\\/2022\\\/09\\\/01\\\/presentacion-de-proyectos-ganadores-de-los-fondos-concursables-del-mz14-continua-este-5-de-septiembre\\\/#respond\"]}]},{\"@type\":[\"WebPage\",\"ItemPage\"],\"@id\":\"https:\\\/\\\/www.uartes.edu.ec\\\/sitio\\\/en\\\/blog\\\/2022\\\/09\\\/01\\\/presentacion-de-proyectos-ganadores-de-los-fondos-concursables-del-mz14-continua-este-5-de-septiembre\\\/\",\"url\":\"https:\\\/\\\/www.uartes.edu.ec\\\/sitio\\\/en\\\/blog\\\/2022\\\/09\\\/01\\\/presentacion-de-proyectos-ganadores-de-los-fondos-concursables-del-mz14-continua-este-5-de-septiembre\\\/\",\"name\":\"Universidad de las Artes - Presentaciones de los proyectos que ganaron la convocatoria del MZ14 contin\u00faan desde el 5 de septiembre\",\"isPartOf\":{\"@id\":\"https:\\\/\\\/www.uartes.edu.ec\\\/sitio\\\/en\\\/#website\"},\"primaryImageOfPage\":{\"@id\":\"https:\\\/\\\/www.uartes.edu.ec\\\/sitio\\\/en\\\/blog\\\/2022\\\/09\\\/01\\\/presentacion-de-proyectos-ganadores-de-los-fondos-concursables-del-mz14-continua-este-5-de-septiembre\\\/#primaryimage\"},\"image\":{\"@id\":\"https:\\\/\\\/www.uartes.edu.ec\\\/sitio\\\/en\\\/blog\\\/2022\\\/09\\\/01\\\/presentacion-de-proyectos-ganadores-de-los-fondos-concursables-del-mz14-continua-este-5-de-septiembre\\\/#primaryimage\"},\"thumbnailUrl\":\"https:\\\/\\\/www.uartes.edu.ec\\\/sitio\\\/wp-content\\\/uploads\\\/2022\\\/09\\\/FONDOS-CONCURSABLES-04.jpg\",\"datePublished\":\"2022-09-01T15:36:00+00:00\",\"dateModified\":\"2024-07-04T16:23:08+00:00\",\"description\":\"Universidad de las Artes - Presentaciones de los proyectos que ganaron la convocatoria del MZ14 contin\u00faan desde el 5 de septiembre\",\"breadcrumb\":{\"@id\":\"https:\\\/\\\/www.uartes.edu.ec\\\/sitio\\\/en\\\/blog\\\/2022\\\/09\\\/01\\\/presentacion-de-proyectos-ganadores-de-los-fondos-concursables-del-mz14-continua-este-5-de-septiembre\\\/#breadcrumb\"},\"inLanguage\":\"en-US\",\"potentialAction\":[{\"@type\":\"ReadAction\",\"target\":[\"https:\\\/\\\/www.uartes.edu.ec\\\/sitio\\\/en\\\/blog\\\/2022\\\/09\\\/01\\\/presentacion-de-proyectos-ganadores-de-los-fondos-concursables-del-mz14-continua-este-5-de-septiembre\\\/\"]}]},{\"@type\":\"ImageObject\",\"inLanguage\":\"en-US\",\"@id\":\"https:\\\/\\\/www.uartes.edu.ec\\\/sitio\\\/en\\\/blog\\\/2022\\\/09\\\/01\\\/presentacion-de-proyectos-ganadores-de-los-fondos-concursables-del-mz14-continua-este-5-de-septiembre\\\/#primaryimage\",\"url\":\"https:\\\/\\\/www.uartes.edu.ec\\\/sitio\\\/wp-content\\\/uploads\\\/2022\\\/09\\\/FONDOS-CONCURSABLES-04.jpg\",\"contentUrl\":\"https:\\\/\\\/www.uartes.edu.ec\\\/sitio\\\/wp-content\\\/uploads\\\/2022\\\/09\\\/FONDOS-CONCURSABLES-04.jpg\",\"width\":2000,\"height\":1333},{\"@type\":\"BreadcrumbList\",\"@id\":\"https:\\\/\\\/www.uartes.edu.ec\\\/sitio\\\/en\\\/blog\\\/2022\\\/09\\\/01\\\/presentacion-de-proyectos-ganadores-de-los-fondos-concursables-del-mz14-continua-este-5-de-septiembre\\\/#breadcrumb\",\"itemListElement\":[{\"@type\":\"ListItem\",\"position\":1,\"name\":\"Inicio\",\"item\":\"https:\\\/\\\/www.uartes.edu.ec\\\/sitio\\\/\"},{\"@type\":\"ListItem\",\"position\":2,\"name\":\"Presentaciones de los proyectos que ganaron la convocatoria del MZ14 contin\u00faan desde el 5 de septiembre\"}]},{\"@type\":\"WebSite\",\"@id\":\"https:\\\/\\\/www.uartes.edu.ec\\\/sitio\\\/en\\\/#website\",\"url\":\"https:\\\/\\\/www.uartes.edu.ec\\\/sitio\\\/en\\\/\",\"name\":\"Universidad de las Artes\",\"description\":\"Sitio oficial de la Universidad Nacional de las Artes del Ecuador\",\"publisher\":{\"@id\":\"https:\\\/\\\/www.uartes.edu.ec\\\/sitio\\\/en\\\/#organization\"},\"potentialAction\":[{\"@type\":\"SearchAction\",\"target\":{\"@type\":\"EntryPoint\",\"urlTemplate\":\"https:\\\/\\\/www.uartes.edu.ec\\\/sitio\\\/en\\\/?s={search_term_string}\"},\"query-input\":{\"@type\":\"PropertyValueSpecification\",\"valueRequired\":true,\"valueName\":\"search_term_string\"}}],\"inLanguage\":\"en-US\"},{\"@type\":\"Organization\",\"@id\":\"https:\\\/\\\/www.uartes.edu.ec\\\/sitio\\\/en\\\/#organization\",\"name\":\"Universidad de las Artes\",\"url\":\"https:\\\/\\\/www.uartes.edu.ec\\\/sitio\\\/en\\\/\",\"logo\":{\"@type\":\"ImageObject\",\"inLanguage\":\"en-US\",\"@id\":\"https:\\\/\\\/www.uartes.edu.ec\\\/sitio\\\/en\\\/#\\\/schema\\\/logo\\\/image\\\/\",\"url\":\"https:\\\/\\\/www.uartes.edu.ec\\\/sitio\\\/wp-content\\\/uploads\\\/2022\\\/07\\\/logo-ua-horizontal.png\",\"contentUrl\":\"https:\\\/\\\/www.uartes.edu.ec\\\/sitio\\\/wp-content\\\/uploads\\\/2022\\\/07\\\/logo-ua-horizontal.png\",\"width\":800,\"height\":276,\"caption\":\"Universidad de las Artes\"},\"image\":{\"@id\":\"https:\\\/\\\/www.uartes.edu.ec\\\/sitio\\\/en\\\/#\\\/schema\\\/logo\\\/image\\\/\"},\"sameAs\":[\"https:\\\/\\\/www.facebook.com\\\/uartesec\",\"https:\\\/\\\/x.com\\\/uartesec\",\"https:\\\/\\\/www.tiktok.com\\\/@uartesec\"]},{\"@type\":\"Person\",\"@id\":\"https:\\\/\\\/www.uartes.edu.ec\\\/sitio\\\/en\\\/#\\\/schema\\\/person\\\/efa1b8275797664fd7f13a79ccc0b1f4\",\"name\":\"ccortez\",\"image\":{\"@type\":\"ImageObject\",\"inLanguage\":\"en-US\",\"@id\":\"https:\\\/\\\/secure.gravatar.com\\\/avatar\\\/b2a6f664a3ae8e074346ef91775736c5ec479e637ecced6842de9dc98b5da9cd?s=96&d=mm&r=g\",\"url\":\"https:\\\/\\\/secure.gravatar.com\\\/avatar\\\/b2a6f664a3ae8e074346ef91775736c5ec479e637ecced6842de9dc98b5da9cd?s=96&d=mm&r=g\",\"contentUrl\":\"https:\\\/\\\/secure.gravatar.com\\\/avatar\\\/b2a6f664a3ae8e074346ef91775736c5ec479e637ecced6842de9dc98b5da9cd?s=96&d=mm&r=g\",\"caption\":\"ccortez\"},\"url\":\"https:\\\/\\\/www.uartes.edu.ec\\\/sitio\\\/en\\\/blog\\\/author\\\/ccortez\\\/\"}]}<\/script>\n<!-- \/ Yoast SEO plugin. -->","yoast_head_json":{"title":"Universidad de las Artes - Presentaciones de los proyectos que ganaron la convocatoria del MZ14 contin\u00faan desde el 5 de septiembre","description":"Universidad de las Artes - Presentaciones de los proyectos que ganaron la convocatoria del MZ14 contin\u00faan desde el 5 de septiembre","robots":{"index":"index","follow":"follow","max-snippet":"max-snippet:-1","max-image-preview":"max-image-preview:large","max-video-preview":"max-video-preview:-1"},"canonical":"https:\/\/www.uartes.edu.ec\/sitio\/en\/blog\/2022\/09\/01\/presentacion-de-proyectos-ganadores-de-los-fondos-concursables-del-mz14-continua-este-5-de-septiembre\/","og_locale":"en_US","og_type":"article","og_title":"Universidad de las Artes - Presentaciones de los proyectos que ganaron la convocatoria del MZ14 contin\u00faan desde el 5 de septiembre","og_description":"Universidad de las Artes - Presentaciones de los proyectos que ganaron la convocatoria del MZ14 contin\u00faan desde el 5 de septiembre","og_url":"https:\/\/www.uartes.edu.ec\/sitio\/en\/blog\/2022\/09\/01\/presentacion-de-proyectos-ganadores-de-los-fondos-concursables-del-mz14-continua-este-5-de-septiembre\/","og_site_name":"Universidad de las Artes","article_publisher":"https:\/\/www.facebook.com\/uartesec","article_published_time":"2022-09-01T15:36:00+00:00","article_modified_time":"2024-07-04T16:23:08+00:00","og_image":[{"width":2000,"height":1333,"url":"https:\/\/www.uartes.edu.ec\/sitio\/wp-content\/uploads\/2022\/09\/FONDOS-CONCURSABLES-04.jpg","type":"image\/jpeg"}],"author":"ccortez","twitter_card":"summary_large_image","twitter_creator":"@uartesec","twitter_site":"@uartesec","twitter_misc":{"Written by":"ccortez","Est. reading time":"4 minutes"},"schema":{"@context":"https:\/\/schema.org","@graph":[{"@type":"Article","@id":"https:\/\/www.uartes.edu.ec\/sitio\/en\/blog\/2022\/09\/01\/presentacion-de-proyectos-ganadores-de-los-fondos-concursables-del-mz14-continua-este-5-de-septiembre\/#article","isPartOf":{"@id":"https:\/\/www.uartes.edu.ec\/sitio\/en\/blog\/2022\/09\/01\/presentacion-de-proyectos-ganadores-de-los-fondos-concursables-del-mz14-continua-este-5-de-septiembre\/"},"author":{"name":"ccortez","@id":"https:\/\/www.uartes.edu.ec\/sitio\/en\/#\/schema\/person\/efa1b8275797664fd7f13a79ccc0b1f4"},"headline":"Presentaciones de los proyectos que ganaron la convocatoria del MZ14 contin\u00faan desde el 5 de septiembre","datePublished":"2022-09-01T15:36:00+00:00","dateModified":"2024-07-04T16:23:08+00:00","mainEntityOfPage":{"@id":"https:\/\/www.uartes.edu.ec\/sitio\/en\/blog\/2022\/09\/01\/presentacion-de-proyectos-ganadores-de-los-fondos-concursables-del-mz14-continua-este-5-de-septiembre\/"},"wordCount":802,"commentCount":0,"publisher":{"@id":"https:\/\/www.uartes.edu.ec\/sitio\/en\/#organization"},"image":{"@id":"https:\/\/www.uartes.edu.ec\/sitio\/en\/blog\/2022\/09\/01\/presentacion-de-proyectos-ganadores-de-los-fondos-concursables-del-mz14-continua-este-5-de-septiembre\/#primaryimage"},"thumbnailUrl":"https:\/\/www.uartes.edu.ec\/sitio\/wp-content\/uploads\/2022\/09\/FONDOS-CONCURSABLES-04.jpg","keywords":["proyectos"],"articleSection":["Alumni","Artes","Artes Esc\u00e9nicas","Artes Sonoras","Artes Visuales","Cine","Estudiantes","Investigaci\u00f3n"],"inLanguage":"en-US","potentialAction":[{"@type":"CommentAction","name":"Comment","target":["https:\/\/www.uartes.edu.ec\/sitio\/en\/blog\/2022\/09\/01\/presentacion-de-proyectos-ganadores-de-los-fondos-concursables-del-mz14-continua-este-5-de-septiembre\/#respond"]}]},{"@type":["WebPage","ItemPage"],"@id":"https:\/\/www.uartes.edu.ec\/sitio\/en\/blog\/2022\/09\/01\/presentacion-de-proyectos-ganadores-de-los-fondos-concursables-del-mz14-continua-este-5-de-septiembre\/","url":"https:\/\/www.uartes.edu.ec\/sitio\/en\/blog\/2022\/09\/01\/presentacion-de-proyectos-ganadores-de-los-fondos-concursables-del-mz14-continua-este-5-de-septiembre\/","name":"Universidad de las Artes - Presentaciones de los proyectos que ganaron la convocatoria del MZ14 contin\u00faan desde el 5 de septiembre","isPartOf":{"@id":"https:\/\/www.uartes.edu.ec\/sitio\/en\/#website"},"primaryImageOfPage":{"@id":"https:\/\/www.uartes.edu.ec\/sitio\/en\/blog\/2022\/09\/01\/presentacion-de-proyectos-ganadores-de-los-fondos-concursables-del-mz14-continua-este-5-de-septiembre\/#primaryimage"},"image":{"@id":"https:\/\/www.uartes.edu.ec\/sitio\/en\/blog\/2022\/09\/01\/presentacion-de-proyectos-ganadores-de-los-fondos-concursables-del-mz14-continua-este-5-de-septiembre\/#primaryimage"},"thumbnailUrl":"https:\/\/www.uartes.edu.ec\/sitio\/wp-content\/uploads\/2022\/09\/FONDOS-CONCURSABLES-04.jpg","datePublished":"2022-09-01T15:36:00+00:00","dateModified":"2024-07-04T16:23:08+00:00","description":"Universidad de las Artes - Presentaciones de los proyectos que ganaron la convocatoria del MZ14 contin\u00faan desde el 5 de septiembre","breadcrumb":{"@id":"https:\/\/www.uartes.edu.ec\/sitio\/en\/blog\/2022\/09\/01\/presentacion-de-proyectos-ganadores-de-los-fondos-concursables-del-mz14-continua-este-5-de-septiembre\/#breadcrumb"},"inLanguage":"en-US","potentialAction":[{"@type":"ReadAction","target":["https:\/\/www.uartes.edu.ec\/sitio\/en\/blog\/2022\/09\/01\/presentacion-de-proyectos-ganadores-de-los-fondos-concursables-del-mz14-continua-este-5-de-septiembre\/"]}]},{"@type":"ImageObject","inLanguage":"en-US","@id":"https:\/\/www.uartes.edu.ec\/sitio\/en\/blog\/2022\/09\/01\/presentacion-de-proyectos-ganadores-de-los-fondos-concursables-del-mz14-continua-este-5-de-septiembre\/#primaryimage","url":"https:\/\/www.uartes.edu.ec\/sitio\/wp-content\/uploads\/2022\/09\/FONDOS-CONCURSABLES-04.jpg","contentUrl":"https:\/\/www.uartes.edu.ec\/sitio\/wp-content\/uploads\/2022\/09\/FONDOS-CONCURSABLES-04.jpg","width":2000,"height":1333},{"@type":"BreadcrumbList","@id":"https:\/\/www.uartes.edu.ec\/sitio\/en\/blog\/2022\/09\/01\/presentacion-de-proyectos-ganadores-de-los-fondos-concursables-del-mz14-continua-este-5-de-septiembre\/#breadcrumb","itemListElement":[{"@type":"ListItem","position":1,"name":"Inicio","item":"https:\/\/www.uartes.edu.ec\/sitio\/"},{"@type":"ListItem","position":2,"name":"Presentaciones de los proyectos que ganaron la convocatoria del MZ14 contin\u00faan desde el 5 de septiembre"}]},{"@type":"WebSite","@id":"https:\/\/www.uartes.edu.ec\/sitio\/en\/#website","url":"https:\/\/www.uartes.edu.ec\/sitio\/en\/","name":"Universidad de las Artes","description":"Sitio oficial de la Universidad Nacional de las Artes del Ecuador","publisher":{"@id":"https:\/\/www.uartes.edu.ec\/sitio\/en\/#organization"},"potentialAction":[{"@type":"SearchAction","target":{"@type":"EntryPoint","urlTemplate":"https:\/\/www.uartes.edu.ec\/sitio\/en\/?s={search_term_string}"},"query-input":{"@type":"PropertyValueSpecification","valueRequired":true,"valueName":"search_term_string"}}],"inLanguage":"en-US"},{"@type":"Organization","@id":"https:\/\/www.uartes.edu.ec\/sitio\/en\/#organization","name":"Universidad de las Artes","url":"https:\/\/www.uartes.edu.ec\/sitio\/en\/","logo":{"@type":"ImageObject","inLanguage":"en-US","@id":"https:\/\/www.uartes.edu.ec\/sitio\/en\/#\/schema\/logo\/image\/","url":"https:\/\/www.uartes.edu.ec\/sitio\/wp-content\/uploads\/2022\/07\/logo-ua-horizontal.png","contentUrl":"https:\/\/www.uartes.edu.ec\/sitio\/wp-content\/uploads\/2022\/07\/logo-ua-horizontal.png","width":800,"height":276,"caption":"Universidad de las Artes"},"image":{"@id":"https:\/\/www.uartes.edu.ec\/sitio\/en\/#\/schema\/logo\/image\/"},"sameAs":["https:\/\/www.facebook.com\/uartesec","https:\/\/x.com\/uartesec","https:\/\/www.tiktok.com\/@uartesec"]},{"@type":"Person","@id":"https:\/\/www.uartes.edu.ec\/sitio\/en\/#\/schema\/person\/efa1b8275797664fd7f13a79ccc0b1f4","name":"ccortez","image":{"@type":"ImageObject","inLanguage":"en-US","@id":"https:\/\/secure.gravatar.com\/avatar\/b2a6f664a3ae8e074346ef91775736c5ec479e637ecced6842de9dc98b5da9cd?s=96&d=mm&r=g","url":"https:\/\/secure.gravatar.com\/avatar\/b2a6f664a3ae8e074346ef91775736c5ec479e637ecced6842de9dc98b5da9cd?s=96&d=mm&r=g","contentUrl":"https:\/\/secure.gravatar.com\/avatar\/b2a6f664a3ae8e074346ef91775736c5ec479e637ecced6842de9dc98b5da9cd?s=96&d=mm&r=g","caption":"ccortez"},"url":"https:\/\/www.uartes.edu.ec\/sitio\/en\/blog\/author\/ccortez\/"}]}},"uagb_featured_image_src":{"full":["https:\/\/www.uartes.edu.ec\/sitio\/wp-content\/uploads\/2022\/09\/FONDOS-CONCURSABLES-04.jpg",2000,1333,false],"thumbnail":["https:\/\/www.uartes.edu.ec\/sitio\/wp-content\/uploads\/2022\/09\/FONDOS-CONCURSABLES-04-150x150.jpg",150,150,true],"medium":["https:\/\/www.uartes.edu.ec\/sitio\/wp-content\/uploads\/2022\/09\/FONDOS-CONCURSABLES-04-300x200.jpg",300,200,true],"medium_large":["https:\/\/www.uartes.edu.ec\/sitio\/wp-content\/uploads\/2022\/09\/FONDOS-CONCURSABLES-04-768x512.jpg",768,512,true],"large":["https:\/\/www.uartes.edu.ec\/sitio\/wp-content\/uploads\/2022\/09\/FONDOS-CONCURSABLES-04-644x429.jpg",644,429,true],"1536x1536":["https:\/\/www.uartes.edu.ec\/sitio\/wp-content\/uploads\/2022\/09\/FONDOS-CONCURSABLES-04-1536x1024.jpg",1536,1024,true],"2048x2048":["https:\/\/www.uartes.edu.ec\/sitio\/wp-content\/uploads\/2022\/09\/FONDOS-CONCURSABLES-04.jpg",2000,1333,false],"trp-custom-language-flag":["https:\/\/www.uartes.edu.ec\/sitio\/wp-content\/uploads\/2022\/09\/FONDOS-CONCURSABLES-04.jpg",18,12,false],"htmega_size_585x295":["https:\/\/www.uartes.edu.ec\/sitio\/wp-content\/uploads\/2022\/09\/FONDOS-CONCURSABLES-04.jpg",443,295,false],"htmega_size_1170x536":["https:\/\/www.uartes.edu.ec\/sitio\/wp-content\/uploads\/2022\/09\/FONDOS-CONCURSABLES-04.jpg",804,536,false],"htmega_size_396x360":["https:\/\/www.uartes.edu.ec\/sitio\/wp-content\/uploads\/2022\/09\/FONDOS-CONCURSABLES-04.jpg",396,264,false],"gb-block-post-grid-landscape":["https:\/\/www.uartes.edu.ec\/sitio\/wp-content\/uploads\/2022\/09\/FONDOS-CONCURSABLES-04.jpg",600,400,false],"gb-block-post-grid-square":["https:\/\/www.uartes.edu.ec\/sitio\/wp-content\/uploads\/2022\/09\/FONDOS-CONCURSABLES-04.jpg",600,400,false],"university-hub-thumb":["https:\/\/www.uartes.edu.ec\/sitio\/wp-content\/uploads\/2022\/09\/FONDOS-CONCURSABLES-04-400x267.jpg",400,267,true]},"uagb_author_info":{"display_name":"ccortez","author_link":"https:\/\/www.uartes.edu.ec\/sitio\/en\/blog\/author\/ccortez\/"},"uagb_comment_info":0,"uagb_excerpt":"Se han presentado ya dos de las diez propuestas que fueron seleccionadas luego de responder a la convocatoria que hizo el Centro de Producci\u00f3n e Innovaci\u00f3n de la UArtes para apoyar el desarrollo y la producci\u00f3n de actividades con enfoque en pr\u00e1cticas experimentales y transdisciplinares. Este lunes 5 de septiembre se inaugurar\u00e1 la tercera: \u201c(Re)creaciones&hellip;","featured_image_src":"https:\/\/www.uartes.edu.ec\/sitio\/wp-content\/uploads\/2022\/09\/FONDOS-CONCURSABLES-04.jpg","featured_image_src_square":"https:\/\/www.uartes.edu.ec\/sitio\/wp-content\/uploads\/2022\/09\/FONDOS-CONCURSABLES-04.jpg","author_info":{"display_name":"ccortez","author_link":"https:\/\/www.uartes.edu.ec\/sitio\/en\/blog\/author\/ccortez\/"},"publishpress_future_workflow_manual_trigger":{"enabledWorkflows":[]},"distributor_meta":false,"distributor_terms":false,"distributor_media":false,"distributor_original_site_name":"Universidad de las Artes","distributor_original_site_url":"https:\/\/www.uartes.edu.ec\/sitio\/en","push-errors":false,"_links":{"self":[{"href":"https:\/\/www.uartes.edu.ec\/sitio\/en\/wp-json\/wp\/v2\/posts\/27209","targetHints":{"allow":["GET"]}}],"collection":[{"href":"https:\/\/www.uartes.edu.ec\/sitio\/en\/wp-json\/wp\/v2\/posts"}],"about":[{"href":"https:\/\/www.uartes.edu.ec\/sitio\/en\/wp-json\/wp\/v2\/types\/post"}],"author":[{"embeddable":true,"href":"https:\/\/www.uartes.edu.ec\/sitio\/en\/wp-json\/wp\/v2\/users\/10"}],"replies":[{"embeddable":true,"href":"https:\/\/www.uartes.edu.ec\/sitio\/en\/wp-json\/wp\/v2\/comments?post=27209"}],"version-history":[{"count":13,"href":"https:\/\/www.uartes.edu.ec\/sitio\/en\/wp-json\/wp\/v2\/posts\/27209\/revisions"}],"predecessor-version":[{"id":43375,"href":"https:\/\/www.uartes.edu.ec\/sitio\/en\/wp-json\/wp\/v2\/posts\/27209\/revisions\/43375"}],"wp:featuredmedia":[{"embeddable":true,"href":"https:\/\/www.uartes.edu.ec\/sitio\/en\/wp-json\/wp\/v2\/media\/27547"}],"wp:attachment":[{"href":"https:\/\/www.uartes.edu.ec\/sitio\/en\/wp-json\/wp\/v2\/media?parent=27209"}],"wp:term":[{"taxonomy":"category","embeddable":true,"href":"https:\/\/www.uartes.edu.ec\/sitio\/en\/wp-json\/wp\/v2\/categories?post=27209"},{"taxonomy":"post_tag","embeddable":true,"href":"https:\/\/www.uartes.edu.ec\/sitio\/en\/wp-json\/wp\/v2\/tags?post=27209"},{"taxonomy":"infouartes","embeddable":true,"href":"https:\/\/www.uartes.edu.ec\/sitio\/en\/wp-json\/wp\/v2\/infouartes?post=27209"}],"curies":[{"name":"wp","href":"https:\/\/api.w.org\/{rel}","templated":true}]}}