{"id":27305,"date":"2022-08-29T18:40:00","date_gmt":"2022-08-29T23:40:00","guid":{"rendered":"http:\/\/www.uartes.edu.ec\/sitio\/?p=27305"},"modified":"2024-07-04T11:23:09","modified_gmt":"2024-07-04T16:23:09","slug":"convocatoria-para-propuesta-de-talleres-pedagogicos-y-artisticos-de-manglar-evento-que-se-hara-en-octubre","status":"publish","type":"post","link":"https:\/\/www.uartes.edu.ec\/sitio\/en\/blog\/2022\/08\/29\/convocatoria-para-propuesta-de-talleres-pedagogicos-y-artisticos-de-manglar-evento-que-se-hara-en-octubre\/","title":{"rendered":"Convocatoria para propuesta de talleres pedag\u00f3gicos y art\u00edsticos de \u201cManglar\u201d, que se har\u00e1 en octubre"},"content":{"rendered":"<p>La Universidad de las Artes, la carrera de Pedagog\u00eda en Artes y Humanidades (PAH) de la Escuela de Literatura, Educaci\u00f3n Continua y Vinculaci\u00f3n con la Sociedad invitan a organizaciones populares, colectivos culturales, movimientos sociales, educadores, artistitas y gestores a participar en \u201cManglar: Intercambios de educaci\u00f3n popular, artes y territorios\u201d.<\/p>\n\n\n\n<p>Se desarrollar\u00e1 del 24 al 26 de octubre y tendr\u00e1 una feria edu-productiva, conversatorios y cine comunitario, as\u00ed como talleres pedag\u00f3gicos y art\u00edsticos para los cuales se abri\u00f3 una convocatoria de participaci\u00f3n. Esta concluir\u00e1 este 4 de septiembre y est\u00e1 dirigida a artistas, gestores\/as, educadores\/as y estudiantes que, desde los territorios, ya sea al interior o fuera de instituciones formales, est\u00e9n en ejercicio de procesos, metodolog\u00edas y experiencias socioeducativas que fortalezcan una convivencia arm\u00f3nica en los barrios y comunidades.<\/p>\n\n\n\n<p>Pr\u00e1cticas y saberes ancestrales e interculturales, Artes urbanas, populares y procesos interdisciplinarios y Herramientas pedag\u00f3gicas vivenciales en y desde las artes, para espacios abiertos y no formales, constan como las tem\u00e1ticas de los talleres. Son sus ejes:&nbsp;<br>-Discursos y pr\u00e1cticas art\u00edsticas de la interculturalidad, Relectura de las modernidades y la descolonialidad en las artes, Representaci\u00f3n, memoria y patrimonio, Creatividad, circuitos y comunidades, Arte, ciudadan\u00eda y espacio p\u00fablico, Artes y ecologismos y G\u00e9nero, feminismos y diversidad sexo-gen\u00e9rica.<\/p>\n\n\n\n<p>Los talleres tendr\u00e1n una duraci\u00f3n total de m\u00e1ximo seis horas durante los tres d\u00edas del evento. Los\/as interesados\/as en participar en esta convocatoria podr\u00e1n formular consultas y aclaraciones sobre el contenido del presente documento \u00fanicamente a: casas.comunitarias@uartes.edu.ec. La organizaci\u00f3n responsable dar\u00e1 respuesta por medio del correo electr\u00f3nico. De igual forma, y de acuerdo con los plazos establecidos, se publicar\u00e1 mediante Acta de Adjudicaci\u00f3n el resultado de las evaluaciones y se informar\u00e1 mediante email a quienes se adjudique la convocatoria.<\/p>\n\n\n\n<p>Las propuestas recibidas pasar\u00e1n a proceso de evaluaci\u00f3n por parte del Comit\u00e9 Organizador de \u201cManglar\u201d y junto con la Direcci\u00f3n de Formaci\u00f3n Continua se har\u00e1 una primera preselecci\u00f3n, considerando, entre otros, que corresponda con los campos relacionados a la educaci\u00f3n, el arte y la cultura y que se adecuen a los ejes de intercambio pedag\u00f3gico del encuentro.<\/p>\n\n\n\n<p>Posteriormente, la Comisi\u00f3n de Selecci\u00f3n evaluar\u00e1 las propuestas consideradas elegibles, mismas que para ser evaluadas deber\u00e1n obtener como m\u00ednimo 80 puntos.<\/p>\n\n\n\n<h3 class=\"wp-block-heading\">Resultado de la convocatoria<\/h3>\n\n\n<section class='__wpdm_gb_section __wpdm_gb_package'><div class='w3eden wpdm_package_shortcode'><!-- WPDM Link Template: Call to Action 3 -->\n\n<div class=\"well c2a3\">\n    <div class=\"media\">\n        <div class=\"mr-3\" align=\"left\">\n            <img decoding=\"async\" class=\"wpdm_icon\" alt=\"Icon\" src=\"https:\/\/www.uartes.edu.ec\/sitio\/wp-content\/plugins\/download-manager\/assets\/file-type-icons\/pdf.svg\" \/>\n        <\/div>\n        <div class=\"media-body\">\n            <h3 class=\"media-heading\" style=\"padding-top: 0px;border:0px;margin: 0 0 5px 0;font-size:12pt;\">\n                <a style=\"font-weight: 700\" href=\"https:\/\/www.uartes.edu.ec\/sitio\/en\/download\/resultados-manglar\/\">Resultados Manglar<\/a>\n                <span style=\"font-size:8pt;font-weight:300\" class=\"text-muted ml-4\">\n                    <i class=\"fas fa-hdd mr-1\"><\/i> 229.94 KB\n                    <i class=\"ml-3 far fa-arrow-alt-circle-down mr-1\"><\/i> 2348 downloads\n                <\/span>\n            <\/h3>\n            &#8230;\n        <\/div>\n        <div class=\"ml-3\" align=\"right\">\n            <a class='wpdm-download-link download-on-click btn btn-primary btn-sm'  rel='nofollow' href='#' data-downloadurl=\"https:\/\/www.uartes.edu.ec\/sitio\/en\/download\/resultados-manglar\/?wpdmdl=27925&#038;refresh=69ef672d21b0d1777297197\">Download<\/a>\n        <\/div>\n    <\/div>\n\n<\/div>\n<style>\n    .well.c2a3 .btn {\n        padding: 11px 30px;\n        font-size: 11pt;\n    }\n\n    .well.c2a3 .media-body {\n        font-size: 11pt;\n    }\n\n    .well.c2a3 .wpdm_icon {\n        height: 42px;\n        width: auto;\n    }<\/style>\n<\/div><\/section>","protected":false},"excerpt":{"rendered":"<p>Del 24 al 26 de octubre se desarrollar\u00e1 \u201cManglar: Intercambios de educaci\u00f3n popular, artes y territorios\u201d, propuesta de la UArtes a trav\u00e9s de su Escuela de Literatura y la carrera de Pedagog\u00eda en Artes y Humanidades, Educaci\u00f3n Continua y Vinculaci\u00f3n con la Sociedad que tendr\u00e1 una feria edu-productiva, conversatorios y cine comunitario, as\u00ed como talleres para los cuales se abri\u00f3 una convocatoria.<\/p>","protected":false},"author":10,"featured_media":27342,"comment_status":"open","ping_status":"open","sticky":false,"template":"","format":"standard","meta":{"_acf_changed":false,"_uag_custom_page_level_css":"","_monsterinsights_skip_tracking":false,"_monsterinsights_sitenote_active":false,"_monsterinsights_sitenote_note":"","_monsterinsights_sitenote_category":0,"cybocfi_hide_featured_image":"","footnotes":""},"categories":[713,77,175,79],"tags":[519],"infouartes":[],"class_list":["post-27305","post","type-post","status-publish","format-standard","has-post-thumbnail","hentry","category-1b","category-gestion","category-literatura","category-vinculo","tag-convocatoria"],"acf":[],"yoast_head":"<!-- This site is optimized with the Yoast SEO plugin v27.4 - https:\/\/yoast.com\/product\/yoast-seo-wordpress\/ -->\n<title>Universidad de las Artes - Convocatoria para propuesta de talleres pedag\u00f3gicos y art\u00edsticos de \u201cManglar\u201d, que se har\u00e1 en octubre<\/title>\n<meta name=\"description\" content=\"Universidad de las Artes - Convocatoria para propuesta de talleres pedag\u00f3gicos y art\u00edsticos de \u201cManglar\u201d, que se har\u00e1 en octubre\" \/>\n<meta name=\"robots\" content=\"index, follow, max-snippet:-1, max-image-preview:large, max-video-preview:-1\" \/>\n<link rel=\"canonical\" href=\"https:\/\/www.uartes.edu.ec\/sitio\/en\/blog\/2022\/08\/29\/convocatoria-para-propuesta-de-talleres-pedagogicos-y-artisticos-de-manglar-evento-que-se-hara-en-octubre\/\" \/>\n<meta property=\"og:locale\" content=\"en_US\" \/>\n<meta property=\"og:type\" content=\"article\" \/>\n<meta property=\"og:title\" content=\"Universidad de las Artes - Convocatoria para propuesta de talleres pedag\u00f3gicos y art\u00edsticos de \u201cManglar\u201d, que se har\u00e1 en octubre\" \/>\n<meta property=\"og:description\" content=\"Universidad de las Artes - Convocatoria para propuesta de talleres pedag\u00f3gicos y art\u00edsticos de \u201cManglar\u201d, que se har\u00e1 en octubre\" \/>\n<meta property=\"og:url\" content=\"https:\/\/www.uartes.edu.ec\/sitio\/en\/blog\/2022\/08\/29\/convocatoria-para-propuesta-de-talleres-pedagogicos-y-artisticos-de-manglar-evento-que-se-hara-en-octubre\/\" \/>\n<meta property=\"og:site_name\" content=\"Universidad de las Artes\" \/>\n<meta property=\"article:publisher\" content=\"https:\/\/www.facebook.com\/uartesec\" \/>\n<meta property=\"article:published_time\" content=\"2022-08-29T23:40:00+00:00\" \/>\n<meta property=\"article:modified_time\" content=\"2024-07-04T16:23:09+00:00\" \/>\n<meta property=\"og:image\" content=\"https:\/\/www.uartes.edu.ec\/sitio\/wp-content\/uploads\/2022\/08\/manglar-web.jpg\" \/>\n\t<meta property=\"og:image:width\" content=\"2000\" \/>\n\t<meta property=\"og:image:height\" content=\"1333\" \/>\n\t<meta property=\"og:image:type\" content=\"image\/jpeg\" \/>\n<meta name=\"author\" content=\"ccortez\" \/>\n<meta name=\"twitter:card\" content=\"summary_large_image\" \/>\n<meta name=\"twitter:creator\" content=\"@uartesec\" \/>\n<meta name=\"twitter:site\" content=\"@uartesec\" \/>\n<meta name=\"twitter:label1\" content=\"Written by\" \/>\n\t<meta name=\"twitter:data1\" content=\"ccortez\" \/>\n\t<meta name=\"twitter:label2\" content=\"Est. reading time\" \/>\n\t<meta name=\"twitter:data2\" content=\"2 minutes\" \/>\n<script type=\"application\/ld+json\" class=\"yoast-schema-graph\">{\"@context\":\"https:\\\/\\\/schema.org\",\"@graph\":[{\"@type\":\"Article\",\"@id\":\"https:\\\/\\\/www.uartes.edu.ec\\\/sitio\\\/en\\\/blog\\\/2022\\\/08\\\/29\\\/convocatoria-para-propuesta-de-talleres-pedagogicos-y-artisticos-de-manglar-evento-que-se-hara-en-octubre\\\/#article\",\"isPartOf\":{\"@id\":\"https:\\\/\\\/www.uartes.edu.ec\\\/sitio\\\/en\\\/blog\\\/2022\\\/08\\\/29\\\/convocatoria-para-propuesta-de-talleres-pedagogicos-y-artisticos-de-manglar-evento-que-se-hara-en-octubre\\\/\"},\"author\":{\"name\":\"ccortez\",\"@id\":\"https:\\\/\\\/www.uartes.edu.ec\\\/sitio\\\/en\\\/#\\\/schema\\\/person\\\/efa1b8275797664fd7f13a79ccc0b1f4\"},\"headline\":\"Convocatoria para propuesta de talleres pedag\u00f3gicos y art\u00edsticos de \u201cManglar\u201d, que se har\u00e1 en octubre\",\"datePublished\":\"2022-08-29T23:40:00+00:00\",\"dateModified\":\"2024-07-04T16:23:09+00:00\",\"mainEntityOfPage\":{\"@id\":\"https:\\\/\\\/www.uartes.edu.ec\\\/sitio\\\/en\\\/blog\\\/2022\\\/08\\\/29\\\/convocatoria-para-propuesta-de-talleres-pedagogicos-y-artisticos-de-manglar-evento-que-se-hara-en-octubre\\\/\"},\"wordCount\":426,\"commentCount\":0,\"publisher\":{\"@id\":\"https:\\\/\\\/www.uartes.edu.ec\\\/sitio\\\/en\\\/#organization\"},\"image\":{\"@id\":\"https:\\\/\\\/www.uartes.edu.ec\\\/sitio\\\/en\\\/blog\\\/2022\\\/08\\\/29\\\/convocatoria-para-propuesta-de-talleres-pedagogicos-y-artisticos-de-manglar-evento-que-se-hara-en-octubre\\\/#primaryimage\"},\"thumbnailUrl\":\"https:\\\/\\\/www.uartes.edu.ec\\\/sitio\\\/wp-content\\\/uploads\\\/2022\\\/08\\\/manglar-web.jpg\",\"keywords\":[\"convocatoria\"],\"articleSection\":[\"1B\",\"Gesti\u00f3n\",\"Literatura\",\"V\u00ednculo\"],\"inLanguage\":\"en-US\",\"potentialAction\":[{\"@type\":\"CommentAction\",\"name\":\"Comment\",\"target\":[\"https:\\\/\\\/www.uartes.edu.ec\\\/sitio\\\/en\\\/blog\\\/2022\\\/08\\\/29\\\/convocatoria-para-propuesta-de-talleres-pedagogicos-y-artisticos-de-manglar-evento-que-se-hara-en-octubre\\\/#respond\"]}]},{\"@type\":[\"WebPage\",\"ItemPage\"],\"@id\":\"https:\\\/\\\/www.uartes.edu.ec\\\/sitio\\\/en\\\/blog\\\/2022\\\/08\\\/29\\\/convocatoria-para-propuesta-de-talleres-pedagogicos-y-artisticos-de-manglar-evento-que-se-hara-en-octubre\\\/\",\"url\":\"https:\\\/\\\/www.uartes.edu.ec\\\/sitio\\\/en\\\/blog\\\/2022\\\/08\\\/29\\\/convocatoria-para-propuesta-de-talleres-pedagogicos-y-artisticos-de-manglar-evento-que-se-hara-en-octubre\\\/\",\"name\":\"Universidad de las Artes - Convocatoria para propuesta de talleres pedag\u00f3gicos y art\u00edsticos de \u201cManglar\u201d, que se har\u00e1 en octubre\",\"isPartOf\":{\"@id\":\"https:\\\/\\\/www.uartes.edu.ec\\\/sitio\\\/en\\\/#website\"},\"primaryImageOfPage\":{\"@id\":\"https:\\\/\\\/www.uartes.edu.ec\\\/sitio\\\/en\\\/blog\\\/2022\\\/08\\\/29\\\/convocatoria-para-propuesta-de-talleres-pedagogicos-y-artisticos-de-manglar-evento-que-se-hara-en-octubre\\\/#primaryimage\"},\"image\":{\"@id\":\"https:\\\/\\\/www.uartes.edu.ec\\\/sitio\\\/en\\\/blog\\\/2022\\\/08\\\/29\\\/convocatoria-para-propuesta-de-talleres-pedagogicos-y-artisticos-de-manglar-evento-que-se-hara-en-octubre\\\/#primaryimage\"},\"thumbnailUrl\":\"https:\\\/\\\/www.uartes.edu.ec\\\/sitio\\\/wp-content\\\/uploads\\\/2022\\\/08\\\/manglar-web.jpg\",\"datePublished\":\"2022-08-29T23:40:00+00:00\",\"dateModified\":\"2024-07-04T16:23:09+00:00\",\"description\":\"Universidad de las Artes - Convocatoria para propuesta de talleres pedag\u00f3gicos y art\u00edsticos de \u201cManglar\u201d, que se har\u00e1 en octubre\",\"breadcrumb\":{\"@id\":\"https:\\\/\\\/www.uartes.edu.ec\\\/sitio\\\/en\\\/blog\\\/2022\\\/08\\\/29\\\/convocatoria-para-propuesta-de-talleres-pedagogicos-y-artisticos-de-manglar-evento-que-se-hara-en-octubre\\\/#breadcrumb\"},\"inLanguage\":\"en-US\",\"potentialAction\":[{\"@type\":\"ReadAction\",\"target\":[\"https:\\\/\\\/www.uartes.edu.ec\\\/sitio\\\/en\\\/blog\\\/2022\\\/08\\\/29\\\/convocatoria-para-propuesta-de-talleres-pedagogicos-y-artisticos-de-manglar-evento-que-se-hara-en-octubre\\\/\"]}]},{\"@type\":\"ImageObject\",\"inLanguage\":\"en-US\",\"@id\":\"https:\\\/\\\/www.uartes.edu.ec\\\/sitio\\\/en\\\/blog\\\/2022\\\/08\\\/29\\\/convocatoria-para-propuesta-de-talleres-pedagogicos-y-artisticos-de-manglar-evento-que-se-hara-en-octubre\\\/#primaryimage\",\"url\":\"https:\\\/\\\/www.uartes.edu.ec\\\/sitio\\\/wp-content\\\/uploads\\\/2022\\\/08\\\/manglar-web.jpg\",\"contentUrl\":\"https:\\\/\\\/www.uartes.edu.ec\\\/sitio\\\/wp-content\\\/uploads\\\/2022\\\/08\\\/manglar-web.jpg\",\"width\":2000,\"height\":1333},{\"@type\":\"BreadcrumbList\",\"@id\":\"https:\\\/\\\/www.uartes.edu.ec\\\/sitio\\\/en\\\/blog\\\/2022\\\/08\\\/29\\\/convocatoria-para-propuesta-de-talleres-pedagogicos-y-artisticos-de-manglar-evento-que-se-hara-en-octubre\\\/#breadcrumb\",\"itemListElement\":[{\"@type\":\"ListItem\",\"position\":1,\"name\":\"Inicio\",\"item\":\"https:\\\/\\\/www.uartes.edu.ec\\\/sitio\\\/\"},{\"@type\":\"ListItem\",\"position\":2,\"name\":\"Convocatoria para propuesta de talleres pedag\u00f3gicos y art\u00edsticos de \u201cManglar\u201d, que se har\u00e1 en octubre\"}]},{\"@type\":\"WebSite\",\"@id\":\"https:\\\/\\\/www.uartes.edu.ec\\\/sitio\\\/en\\\/#website\",\"url\":\"https:\\\/\\\/www.uartes.edu.ec\\\/sitio\\\/en\\\/\",\"name\":\"Universidad de las Artes\",\"description\":\"Sitio oficial de la Universidad Nacional de las Artes del Ecuador\",\"publisher\":{\"@id\":\"https:\\\/\\\/www.uartes.edu.ec\\\/sitio\\\/en\\\/#organization\"},\"potentialAction\":[{\"@type\":\"SearchAction\",\"target\":{\"@type\":\"EntryPoint\",\"urlTemplate\":\"https:\\\/\\\/www.uartes.edu.ec\\\/sitio\\\/en\\\/?s={search_term_string}\"},\"query-input\":{\"@type\":\"PropertyValueSpecification\",\"valueRequired\":true,\"valueName\":\"search_term_string\"}}],\"inLanguage\":\"en-US\"},{\"@type\":\"Organization\",\"@id\":\"https:\\\/\\\/www.uartes.edu.ec\\\/sitio\\\/en\\\/#organization\",\"name\":\"Universidad de las Artes\",\"url\":\"https:\\\/\\\/www.uartes.edu.ec\\\/sitio\\\/en\\\/\",\"logo\":{\"@type\":\"ImageObject\",\"inLanguage\":\"en-US\",\"@id\":\"https:\\\/\\\/www.uartes.edu.ec\\\/sitio\\\/en\\\/#\\\/schema\\\/logo\\\/image\\\/\",\"url\":\"https:\\\/\\\/www.uartes.edu.ec\\\/sitio\\\/wp-content\\\/uploads\\\/2022\\\/07\\\/logo-ua-horizontal.png\",\"contentUrl\":\"https:\\\/\\\/www.uartes.edu.ec\\\/sitio\\\/wp-content\\\/uploads\\\/2022\\\/07\\\/logo-ua-horizontal.png\",\"width\":800,\"height\":276,\"caption\":\"Universidad de las Artes\"},\"image\":{\"@id\":\"https:\\\/\\\/www.uartes.edu.ec\\\/sitio\\\/en\\\/#\\\/schema\\\/logo\\\/image\\\/\"},\"sameAs\":[\"https:\\\/\\\/www.facebook.com\\\/uartesec\",\"https:\\\/\\\/x.com\\\/uartesec\",\"https:\\\/\\\/www.tiktok.com\\\/@uartesec\"]},{\"@type\":\"Person\",\"@id\":\"https:\\\/\\\/www.uartes.edu.ec\\\/sitio\\\/en\\\/#\\\/schema\\\/person\\\/efa1b8275797664fd7f13a79ccc0b1f4\",\"name\":\"ccortez\",\"image\":{\"@type\":\"ImageObject\",\"inLanguage\":\"en-US\",\"@id\":\"https:\\\/\\\/secure.gravatar.com\\\/avatar\\\/b2a6f664a3ae8e074346ef91775736c5ec479e637ecced6842de9dc98b5da9cd?s=96&d=mm&r=g\",\"url\":\"https:\\\/\\\/secure.gravatar.com\\\/avatar\\\/b2a6f664a3ae8e074346ef91775736c5ec479e637ecced6842de9dc98b5da9cd?s=96&d=mm&r=g\",\"contentUrl\":\"https:\\\/\\\/secure.gravatar.com\\\/avatar\\\/b2a6f664a3ae8e074346ef91775736c5ec479e637ecced6842de9dc98b5da9cd?s=96&d=mm&r=g\",\"caption\":\"ccortez\"},\"url\":\"https:\\\/\\\/www.uartes.edu.ec\\\/sitio\\\/en\\\/blog\\\/author\\\/ccortez\\\/\"}]}<\/script>\n<!-- \/ Yoast SEO plugin. -->","yoast_head_json":{"title":"Universidad de las Artes - Convocatoria para propuesta de talleres pedag\u00f3gicos y art\u00edsticos de \u201cManglar\u201d, que se har\u00e1 en octubre","description":"Universidad de las Artes - Convocatoria para propuesta de talleres pedag\u00f3gicos y art\u00edsticos de \u201cManglar\u201d, que se har\u00e1 en octubre","robots":{"index":"index","follow":"follow","max-snippet":"max-snippet:-1","max-image-preview":"max-image-preview:large","max-video-preview":"max-video-preview:-1"},"canonical":"https:\/\/www.uartes.edu.ec\/sitio\/en\/blog\/2022\/08\/29\/convocatoria-para-propuesta-de-talleres-pedagogicos-y-artisticos-de-manglar-evento-que-se-hara-en-octubre\/","og_locale":"en_US","og_type":"article","og_title":"Universidad de las Artes - Convocatoria para propuesta de talleres pedag\u00f3gicos y art\u00edsticos de \u201cManglar\u201d, que se har\u00e1 en octubre","og_description":"Universidad de las Artes - Convocatoria para propuesta de talleres pedag\u00f3gicos y art\u00edsticos de \u201cManglar\u201d, que se har\u00e1 en octubre","og_url":"https:\/\/www.uartes.edu.ec\/sitio\/en\/blog\/2022\/08\/29\/convocatoria-para-propuesta-de-talleres-pedagogicos-y-artisticos-de-manglar-evento-que-se-hara-en-octubre\/","og_site_name":"Universidad de las Artes","article_publisher":"https:\/\/www.facebook.com\/uartesec","article_published_time":"2022-08-29T23:40:00+00:00","article_modified_time":"2024-07-04T16:23:09+00:00","og_image":[{"width":2000,"height":1333,"url":"https:\/\/www.uartes.edu.ec\/sitio\/wp-content\/uploads\/2022\/08\/manglar-web.jpg","type":"image\/jpeg"}],"author":"ccortez","twitter_card":"summary_large_image","twitter_creator":"@uartesec","twitter_site":"@uartesec","twitter_misc":{"Written by":"ccortez","Est. reading time":"2 minutes"},"schema":{"@context":"https:\/\/schema.org","@graph":[{"@type":"Article","@id":"https:\/\/www.uartes.edu.ec\/sitio\/en\/blog\/2022\/08\/29\/convocatoria-para-propuesta-de-talleres-pedagogicos-y-artisticos-de-manglar-evento-que-se-hara-en-octubre\/#article","isPartOf":{"@id":"https:\/\/www.uartes.edu.ec\/sitio\/en\/blog\/2022\/08\/29\/convocatoria-para-propuesta-de-talleres-pedagogicos-y-artisticos-de-manglar-evento-que-se-hara-en-octubre\/"},"author":{"name":"ccortez","@id":"https:\/\/www.uartes.edu.ec\/sitio\/en\/#\/schema\/person\/efa1b8275797664fd7f13a79ccc0b1f4"},"headline":"Convocatoria para propuesta de talleres pedag\u00f3gicos y art\u00edsticos de \u201cManglar\u201d, que se har\u00e1 en octubre","datePublished":"2022-08-29T23:40:00+00:00","dateModified":"2024-07-04T16:23:09+00:00","mainEntityOfPage":{"@id":"https:\/\/www.uartes.edu.ec\/sitio\/en\/blog\/2022\/08\/29\/convocatoria-para-propuesta-de-talleres-pedagogicos-y-artisticos-de-manglar-evento-que-se-hara-en-octubre\/"},"wordCount":426,"commentCount":0,"publisher":{"@id":"https:\/\/www.uartes.edu.ec\/sitio\/en\/#organization"},"image":{"@id":"https:\/\/www.uartes.edu.ec\/sitio\/en\/blog\/2022\/08\/29\/convocatoria-para-propuesta-de-talleres-pedagogicos-y-artisticos-de-manglar-evento-que-se-hara-en-octubre\/#primaryimage"},"thumbnailUrl":"https:\/\/www.uartes.edu.ec\/sitio\/wp-content\/uploads\/2022\/08\/manglar-web.jpg","keywords":["convocatoria"],"articleSection":["1B","Gesti\u00f3n","Literatura","V\u00ednculo"],"inLanguage":"en-US","potentialAction":[{"@type":"CommentAction","name":"Comment","target":["https:\/\/www.uartes.edu.ec\/sitio\/en\/blog\/2022\/08\/29\/convocatoria-para-propuesta-de-talleres-pedagogicos-y-artisticos-de-manglar-evento-que-se-hara-en-octubre\/#respond"]}]},{"@type":["WebPage","ItemPage"],"@id":"https:\/\/www.uartes.edu.ec\/sitio\/en\/blog\/2022\/08\/29\/convocatoria-para-propuesta-de-talleres-pedagogicos-y-artisticos-de-manglar-evento-que-se-hara-en-octubre\/","url":"https:\/\/www.uartes.edu.ec\/sitio\/en\/blog\/2022\/08\/29\/convocatoria-para-propuesta-de-talleres-pedagogicos-y-artisticos-de-manglar-evento-que-se-hara-en-octubre\/","name":"Universidad de las Artes - Convocatoria para propuesta de talleres pedag\u00f3gicos y art\u00edsticos de \u201cManglar\u201d, que se har\u00e1 en octubre","isPartOf":{"@id":"https:\/\/www.uartes.edu.ec\/sitio\/en\/#website"},"primaryImageOfPage":{"@id":"https:\/\/www.uartes.edu.ec\/sitio\/en\/blog\/2022\/08\/29\/convocatoria-para-propuesta-de-talleres-pedagogicos-y-artisticos-de-manglar-evento-que-se-hara-en-octubre\/#primaryimage"},"image":{"@id":"https:\/\/www.uartes.edu.ec\/sitio\/en\/blog\/2022\/08\/29\/convocatoria-para-propuesta-de-talleres-pedagogicos-y-artisticos-de-manglar-evento-que-se-hara-en-octubre\/#primaryimage"},"thumbnailUrl":"https:\/\/www.uartes.edu.ec\/sitio\/wp-content\/uploads\/2022\/08\/manglar-web.jpg","datePublished":"2022-08-29T23:40:00+00:00","dateModified":"2024-07-04T16:23:09+00:00","description":"Universidad de las Artes - Convocatoria para propuesta de talleres pedag\u00f3gicos y art\u00edsticos de \u201cManglar\u201d, que se har\u00e1 en octubre","breadcrumb":{"@id":"https:\/\/www.uartes.edu.ec\/sitio\/en\/blog\/2022\/08\/29\/convocatoria-para-propuesta-de-talleres-pedagogicos-y-artisticos-de-manglar-evento-que-se-hara-en-octubre\/#breadcrumb"},"inLanguage":"en-US","potentialAction":[{"@type":"ReadAction","target":["https:\/\/www.uartes.edu.ec\/sitio\/en\/blog\/2022\/08\/29\/convocatoria-para-propuesta-de-talleres-pedagogicos-y-artisticos-de-manglar-evento-que-se-hara-en-octubre\/"]}]},{"@type":"ImageObject","inLanguage":"en-US","@id":"https:\/\/www.uartes.edu.ec\/sitio\/en\/blog\/2022\/08\/29\/convocatoria-para-propuesta-de-talleres-pedagogicos-y-artisticos-de-manglar-evento-que-se-hara-en-octubre\/#primaryimage","url":"https:\/\/www.uartes.edu.ec\/sitio\/wp-content\/uploads\/2022\/08\/manglar-web.jpg","contentUrl":"https:\/\/www.uartes.edu.ec\/sitio\/wp-content\/uploads\/2022\/08\/manglar-web.jpg","width":2000,"height":1333},{"@type":"BreadcrumbList","@id":"https:\/\/www.uartes.edu.ec\/sitio\/en\/blog\/2022\/08\/29\/convocatoria-para-propuesta-de-talleres-pedagogicos-y-artisticos-de-manglar-evento-que-se-hara-en-octubre\/#breadcrumb","itemListElement":[{"@type":"ListItem","position":1,"name":"Inicio","item":"https:\/\/www.uartes.edu.ec\/sitio\/"},{"@type":"ListItem","position":2,"name":"Convocatoria para propuesta de talleres pedag\u00f3gicos y art\u00edsticos de \u201cManglar\u201d, que se har\u00e1 en octubre"}]},{"@type":"WebSite","@id":"https:\/\/www.uartes.edu.ec\/sitio\/en\/#website","url":"https:\/\/www.uartes.edu.ec\/sitio\/en\/","name":"Universidad de las Artes","description":"Sitio oficial de la Universidad Nacional de las Artes del Ecuador","publisher":{"@id":"https:\/\/www.uartes.edu.ec\/sitio\/en\/#organization"},"potentialAction":[{"@type":"SearchAction","target":{"@type":"EntryPoint","urlTemplate":"https:\/\/www.uartes.edu.ec\/sitio\/en\/?s={search_term_string}"},"query-input":{"@type":"PropertyValueSpecification","valueRequired":true,"valueName":"search_term_string"}}],"inLanguage":"en-US"},{"@type":"Organization","@id":"https:\/\/www.uartes.edu.ec\/sitio\/en\/#organization","name":"Universidad de las Artes","url":"https:\/\/www.uartes.edu.ec\/sitio\/en\/","logo":{"@type":"ImageObject","inLanguage":"en-US","@id":"https:\/\/www.uartes.edu.ec\/sitio\/en\/#\/schema\/logo\/image\/","url":"https:\/\/www.uartes.edu.ec\/sitio\/wp-content\/uploads\/2022\/07\/logo-ua-horizontal.png","contentUrl":"https:\/\/www.uartes.edu.ec\/sitio\/wp-content\/uploads\/2022\/07\/logo-ua-horizontal.png","width":800,"height":276,"caption":"Universidad de las Artes"},"image":{"@id":"https:\/\/www.uartes.edu.ec\/sitio\/en\/#\/schema\/logo\/image\/"},"sameAs":["https:\/\/www.facebook.com\/uartesec","https:\/\/x.com\/uartesec","https:\/\/www.tiktok.com\/@uartesec"]},{"@type":"Person","@id":"https:\/\/www.uartes.edu.ec\/sitio\/en\/#\/schema\/person\/efa1b8275797664fd7f13a79ccc0b1f4","name":"ccortez","image":{"@type":"ImageObject","inLanguage":"en-US","@id":"https:\/\/secure.gravatar.com\/avatar\/b2a6f664a3ae8e074346ef91775736c5ec479e637ecced6842de9dc98b5da9cd?s=96&d=mm&r=g","url":"https:\/\/secure.gravatar.com\/avatar\/b2a6f664a3ae8e074346ef91775736c5ec479e637ecced6842de9dc98b5da9cd?s=96&d=mm&r=g","contentUrl":"https:\/\/secure.gravatar.com\/avatar\/b2a6f664a3ae8e074346ef91775736c5ec479e637ecced6842de9dc98b5da9cd?s=96&d=mm&r=g","caption":"ccortez"},"url":"https:\/\/www.uartes.edu.ec\/sitio\/en\/blog\/author\/ccortez\/"}]}},"uagb_featured_image_src":{"full":["https:\/\/www.uartes.edu.ec\/sitio\/wp-content\/uploads\/2022\/08\/manglar-web.jpg",2000,1333,false],"thumbnail":["https:\/\/www.uartes.edu.ec\/sitio\/wp-content\/uploads\/2022\/08\/manglar-web-150x150.jpg",150,150,true],"medium":["https:\/\/www.uartes.edu.ec\/sitio\/wp-content\/uploads\/2022\/08\/manglar-web-300x200.jpg",300,200,true],"medium_large":["https:\/\/www.uartes.edu.ec\/sitio\/wp-content\/uploads\/2022\/08\/manglar-web-768x512.jpg",768,512,true],"large":["https:\/\/www.uartes.edu.ec\/sitio\/wp-content\/uploads\/2022\/08\/manglar-web-644x429.jpg",644,429,true],"1536x1536":["https:\/\/www.uartes.edu.ec\/sitio\/wp-content\/uploads\/2022\/08\/manglar-web-1536x1024.jpg",1536,1024,true],"2048x2048":["https:\/\/www.uartes.edu.ec\/sitio\/wp-content\/uploads\/2022\/08\/manglar-web.jpg",2000,1333,false],"trp-custom-language-flag":["https:\/\/www.uartes.edu.ec\/sitio\/wp-content\/uploads\/2022\/08\/manglar-web.jpg",18,12,false],"htmega_size_585x295":["https:\/\/www.uartes.edu.ec\/sitio\/wp-content\/uploads\/2022\/08\/manglar-web.jpg",443,295,false],"htmega_size_1170x536":["https:\/\/www.uartes.edu.ec\/sitio\/wp-content\/uploads\/2022\/08\/manglar-web.jpg",804,536,false],"htmega_size_396x360":["https:\/\/www.uartes.edu.ec\/sitio\/wp-content\/uploads\/2022\/08\/manglar-web.jpg",396,264,false],"gb-block-post-grid-landscape":["https:\/\/www.uartes.edu.ec\/sitio\/wp-content\/uploads\/2022\/08\/manglar-web.jpg",600,400,false],"gb-block-post-grid-square":["https:\/\/www.uartes.edu.ec\/sitio\/wp-content\/uploads\/2022\/08\/manglar-web.jpg",600,400,false],"university-hub-thumb":["https:\/\/www.uartes.edu.ec\/sitio\/wp-content\/uploads\/2022\/08\/manglar-web-400x267.jpg",400,267,true],"mailpoet_newsletter_max":["https:\/\/www.uartes.edu.ec\/sitio\/wp-content\/uploads\/2022\/08\/manglar-web.jpg",1320,880,false]},"uagb_author_info":{"display_name":"ccortez","author_link":"https:\/\/www.uartes.edu.ec\/sitio\/en\/blog\/author\/ccortez\/"},"uagb_comment_info":0,"uagb_excerpt":"Del 24 al 26 de octubre se desarrollar\u00e1 \u201cManglar: Intercambios de educaci\u00f3n popular, artes y territorios\u201d, propuesta de la UArtes a trav\u00e9s de su Escuela de Literatura y la carrera de Pedagog\u00eda en Artes y Humanidades, Educaci\u00f3n Continua y Vinculaci\u00f3n con la Sociedad que tendr\u00e1 una feria edu-productiva, conversatorios y cine comunitario, as\u00ed como talleres&hellip;","featured_image_src":"https:\/\/www.uartes.edu.ec\/sitio\/wp-content\/uploads\/2022\/08\/manglar-web.jpg","featured_image_src_square":"https:\/\/www.uartes.edu.ec\/sitio\/wp-content\/uploads\/2022\/08\/manglar-web.jpg","author_info":{"display_name":"ccortez","author_link":"https:\/\/www.uartes.edu.ec\/sitio\/en\/blog\/author\/ccortez\/"},"publishpress_future_workflow_manual_trigger":{"enabledWorkflows":[]},"distributor_meta":false,"distributor_terms":false,"distributor_media":false,"distributor_original_site_name":"Universidad de las Artes","distributor_original_site_url":"https:\/\/www.uartes.edu.ec\/sitio\/en","push-errors":false,"_links":{"self":[{"href":"https:\/\/www.uartes.edu.ec\/sitio\/en\/wp-json\/wp\/v2\/posts\/27305","targetHints":{"allow":["GET"]}}],"collection":[{"href":"https:\/\/www.uartes.edu.ec\/sitio\/en\/wp-json\/wp\/v2\/posts"}],"about":[{"href":"https:\/\/www.uartes.edu.ec\/sitio\/en\/wp-json\/wp\/v2\/types\/post"}],"author":[{"embeddable":true,"href":"https:\/\/www.uartes.edu.ec\/sitio\/en\/wp-json\/wp\/v2\/users\/10"}],"replies":[{"embeddable":true,"href":"https:\/\/www.uartes.edu.ec\/sitio\/en\/wp-json\/wp\/v2\/comments?post=27305"}],"version-history":[{"count":4,"href":"https:\/\/www.uartes.edu.ec\/sitio\/en\/wp-json\/wp\/v2\/posts\/27305\/revisions"}],"predecessor-version":[{"id":27981,"href":"https:\/\/www.uartes.edu.ec\/sitio\/en\/wp-json\/wp\/v2\/posts\/27305\/revisions\/27981"}],"wp:featuredmedia":[{"embeddable":true,"href":"https:\/\/www.uartes.edu.ec\/sitio\/en\/wp-json\/wp\/v2\/media\/27342"}],"wp:attachment":[{"href":"https:\/\/www.uartes.edu.ec\/sitio\/en\/wp-json\/wp\/v2\/media?parent=27305"}],"wp:term":[{"taxonomy":"category","embeddable":true,"href":"https:\/\/www.uartes.edu.ec\/sitio\/en\/wp-json\/wp\/v2\/categories?post=27305"},{"taxonomy":"post_tag","embeddable":true,"href":"https:\/\/www.uartes.edu.ec\/sitio\/en\/wp-json\/wp\/v2\/tags?post=27305"},{"taxonomy":"infouartes","embeddable":true,"href":"https:\/\/www.uartes.edu.ec\/sitio\/en\/wp-json\/wp\/v2\/infouartes?post=27305"}],"curies":[{"name":"wp","href":"https:\/\/api.w.org\/{rel}","templated":true}]}}