{"id":27327,"date":"2022-09-01T10:59:00","date_gmt":"2022-09-01T15:59:00","guid":{"rendered":"http:\/\/www.uartes.edu.ec\/sitio\/?p=27327"},"modified":"2024-07-04T11:23:08","modified_gmt":"2024-07-04T16:23:08","slug":"jennifer-asencio-hizo-una-residencia-en-la-compania-larevuelta-de-mexico-y-como-coreografa-presento-una-obra","status":"publish","type":"post","link":"https:\/\/www.uartes.edu.ec\/sitio\/en\/blog\/2022\/09\/01\/jennifer-asencio-hizo-una-residencia-en-la-compania-larevuelta-de-mexico-y-como-coreografa-presento-una-obra\/","title":{"rendered":"Estudiante Jennifer Asencio hizo una residencia en Compa\u00f1\u00eda La Revuelta, de M\u00e9xico, y present\u00f3 una obra"},"content":{"rendered":"<p>En la edici\u00f3n del a\u00f1o pasado, el Festival Fragmentos de Junio realiz\u00f3 el concurso J\u00f3venes Core\u00f3grafos y la estudiante de la carrera de Danza de la UArtes, Jennifer Asencio Vallarino, fue una de sus participantes. El certamen entreg\u00f3 premios al primero, segundo y tercer lugar. Ella obtuvo el segundo puesto y Javier P\u00e9rez, director esc\u00e9nico, promotor y productor&nbsp;establecido en M\u00e9xico y quien fue miembro del jurado, dijo p\u00fablicamente que le dar\u00eda una beca para una residencia en este 2022 en la Compa\u00f1\u00eda La Revuelta, en el estado mexicano de Durango.<\/p>\n\n\n\n<p>Asencio estuvo entre junio y julio en M\u00e9xico cumpliendo con la residencia ofrecida. Previamente prepar\u00f3 una propuesta y un anteproyecto, el cual, como entraba a titulaci\u00f3n y deb\u00eda desarrollar su tesis, aplic\u00f3 como su proyecto final. El tema que investig\u00f3 fue el espacio en danza como elemento transveral y tom\u00f3 algunos referentes e inspiraciones. Su invitaci\u00f3n fue como core\u00f3grafa\/creadora.<\/p>\n\n\n\n<p>La estudiante UArtes indic\u00f3 que empez\u00f3 a arreglar papeles y Lorena Delgado, docente de la Escuela de Artes Esc\u00e9nicas, le recomend\u00f3 recurrir a la Direcci\u00f3n de Relaciones Internacionales para que la guiaran en el proceso y as\u00ed fue, pues junto con la&nbsp;Direcci\u00f3n de Asuntos Estudiantiles y Comunidad Universitaria (DAESCU) la asesoraron con el tema del visado y, esta \u00faltima, con una ayuda de movilidad que le permiti\u00f3 cubrir su pasaje. En M\u00e9xico, Asencio cont\u00f3 con estad\u00eda<\/p>\n\n\n<div class=\"wp-block-image\">\n<figure class=\"aligncenter size-large\"><img fetchpriority=\"high\" decoding=\"async\" width=\"644\" height=\"429\" src=\"http:\/\/www.uartes.edu.ec\/sitio\/wp-content\/uploads\/2022\/09\/ja-02-644x429.jpg\" alt=\"\" class=\"wp-image-27329\" srcset=\"https:\/\/www.uartes.edu.ec\/sitio\/wp-content\/uploads\/2022\/09\/ja-02-644x429.jpg 644w, https:\/\/www.uartes.edu.ec\/sitio\/wp-content\/uploads\/2022\/09\/ja-02-768x511.jpg 768w, https:\/\/www.uartes.edu.ec\/sitio\/wp-content\/uploads\/2022\/09\/ja-02.jpg 2000w, https:\/\/www.uartes.edu.ec\/sitio\/wp-content\/uploads\/2022\/09\/ja-02-600x399.jpg 600w, https:\/\/www.uartes.edu.ec\/sitio\/wp-content\/uploads\/2022\/09\/ja-02-272x182.jpg 272w\" sizes=\"(max-width: 644px) 100vw, 644px\" \/><\/figure>\n<\/div>\n\n<div class=\"wp-block-image\">\n<figure class=\"aligncenter size-large\"><img decoding=\"async\" width=\"644\" height=\"429\" src=\"http:\/\/www.uartes.edu.ec\/sitio\/wp-content\/uploads\/2022\/09\/ja-03-644x429.jpg\" alt=\"\" class=\"wp-image-27330\" srcset=\"https:\/\/www.uartes.edu.ec\/sitio\/wp-content\/uploads\/2022\/09\/ja-03-644x429.jpg 644w, https:\/\/www.uartes.edu.ec\/sitio\/wp-content\/uploads\/2022\/09\/ja-03-768x511.jpg 768w, https:\/\/www.uartes.edu.ec\/sitio\/wp-content\/uploads\/2022\/09\/ja-03.jpg 2000w, https:\/\/www.uartes.edu.ec\/sitio\/wp-content\/uploads\/2022\/09\/ja-03-600x399.jpg 600w, https:\/\/www.uartes.edu.ec\/sitio\/wp-content\/uploads\/2022\/09\/ja-03-272x182.jpg 272w\" sizes=\"(max-width: 644px) 100vw, 644px\" \/><\/figure>\n<\/div>\n\n\n<p>Durante la residencia trabaj\u00f3 con P\u00e9rez y una destacada bailarina en la presentaci\u00f3n de su propuesta. La hab\u00eda elaborado para que participaran cuatro int\u00e9rpretes, por lo que ten\u00eda pensadas escenas y posibles juegos, pero debi\u00f3 recapitular. \u201cNecesitaba saber qu\u00e9 les evoca a los bailarines, qu\u00e9 sale de su cuerpo. Ellos tambi\u00e9n empiezan a sorprenderse de lo que pueden hacer. Tienen una base rigurosa de la Escuela Profesional de Danza de Mazatl\u00e1n. El movimiento en danza all\u00e1 es muy representativo\u201d, anot\u00f3. Que no todo le pareci\u00f3 nuevo, agreg\u00f3, pues hubo cosas que s\u00ed conoc\u00eda, quiz\u00e1s con otro nombre o perspectiva, pero que convergen con lo mismo. Sus formas de crear son diferentes. Ella, por ejemplo, gusta de lo audiovisual y de experimentar, ensayar y ensayar.<\/p>\n\n\n\n<p>Tambi\u00e9n es autocr\u00edtica, a fin de corregirse. Como la presentaci\u00f3n de su propuesta era una sola funci\u00f3n, lo quer\u00eda todo perfecto, aunque tambi\u00e9n hay que prepararse para los imprevistos, para improvisar y resolver en vivo. Por ejemplo, se les cay\u00f3 una mesa y los int\u00e9rpretes debieron sacar elementos teatrales y reacciones diferentes a las que hab\u00edan planteado y ensayado. \u201cMe qued\u00f3 como lecci\u00f3n ensayar muy bien en el espacio, la luz, los elementos, la atm\u00f3sfera\u2026, a fin de que los int\u00e9rpretes no se desorienten o lastimen y el trabajo salga como se hab\u00eda planeado.<\/p>\n\n\n\n<p>La presentaci\u00f3n de su propuesta, a la que califica como un reto, estaba insertada en otras. Tuvieron mucho p\u00fablico. Asencio se\u00f1al\u00f3 como enriquecedora su experiencia como core\u00f3grafa y creadora. La primera a nivel internacional. Por ello, ni bien volvi\u00f3, lo primero que hizo, adem\u00e1s de compartirla con sus compa\u00f1eros, fue recomendarles que viajen y conozcan. Primero la danza de todas las regiones del pa\u00eds. \u201cViajar te pone en perspectiva, analizas c\u00f3mo est\u00e1s, qu\u00e9 te motiva y qu\u00e9 no. Se hacen comparaciones inmediatas de c\u00f3mo est\u00e1 el arte en Ecuador y fuera\u201d.<\/p>\n\n\n<div class=\"wp-block-image\">\n<figure class=\"aligncenter size-large\"><img decoding=\"async\" width=\"644\" height=\"429\" src=\"http:\/\/www.uartes.edu.ec\/sitio\/wp-content\/uploads\/2022\/09\/ja-04-644x429.jpg\" alt=\"\" class=\"wp-image-27331\" srcset=\"https:\/\/www.uartes.edu.ec\/sitio\/wp-content\/uploads\/2022\/09\/ja-04-644x429.jpg 644w, https:\/\/www.uartes.edu.ec\/sitio\/wp-content\/uploads\/2022\/09\/ja-04-768x511.jpg 768w, https:\/\/www.uartes.edu.ec\/sitio\/wp-content\/uploads\/2022\/09\/ja-04.jpg 2000w, https:\/\/www.uartes.edu.ec\/sitio\/wp-content\/uploads\/2022\/09\/ja-04-600x399.jpg 600w, https:\/\/www.uartes.edu.ec\/sitio\/wp-content\/uploads\/2022\/09\/ja-04-272x182.jpg 272w\" sizes=\"(max-width: 644px) 100vw, 644px\" \/><\/figure>\n<\/div>\n\n\n<p>El sustento y la parte escrita de lo que hizo en M\u00e9xico lo trabaja para su tesis, cuya sustentaci\u00f3n se dar\u00e1 en unas dos semanas. Una vez que termine la carrera, Asencio planea remontar en Guayaquil la obra que present\u00f3 fuera y seguir con los proyectos de investigaci\u00f3n, una l\u00ednea que disfruta. Ser core\u00f3grafa es enriquecedor, pero tambi\u00e9n ser int\u00e9rprete y bailar en creaciones colectivas, as\u00ed es que no descarta volcarse a ello. \u201cUna de mis primeras maestras de Danza me recalc\u00f3 que la universidad no me hac\u00eda artista. Da formaci\u00f3n, pero hay que labrarse el camino\u201d.<\/p>\n\n\n\n<p>De sus experiencias en danza, Asencio dio cuenta de dos proyectos UArtes: <em>The <\/em>poder en mi constituci\u00f3n, con la docente Carolina Pepper, para la cual intervinieron el exterior del Museo Nahim Isa\u00edas, y estuvo tambi\u00e9n en el Teatro Mu\u00e9gano. Y <em>Sensa,<\/em> que dirigi\u00f3 la docente Mar\u00eda Sol Rosero y que naci\u00f3 como la segunda fase del proyecto de investigaci\u00f3n \u201cLaboratorio de improvisaci\u00f3n en danza e interdisciplinariedad\u201d.<\/p>\n\n\n\n<p>Las im\u00e1genes, cortes\u00eda de la entrevistada, corresponden a la presentaci\u00f3n de la obra que Jennifer Asencio trabaj\u00f3 durante la residencia de la Compa\u00f1\u00eda La Revuelta, de M\u00e9xico.<\/p>","protected":false},"excerpt":{"rendered":"<p>La estudiante de la Escuela de Artes Esc\u00e9nicas se encuentra en proceso de titulaci\u00f3n y la pieza que trabaj\u00f3 como creadora\/core\u00f3grafa para su residencia en M\u00e9xico ser\u00e1 su proyecto final de tesis. Jennifer Asencio Vallarino tambi\u00e9n aspira a presentar la obra en escenarios de Guayaquil y otras ciudades del pa\u00eds una vez que concluya su carrera. Tambi\u00e9n continuar\u00e1 con sus proyectos de investigaci\u00f3n.<\/p>","protected":false},"author":10,"featured_media":27328,"comment_status":"open","ping_status":"open","sticky":false,"template":"","format":"standard","meta":{"_acf_changed":false,"_uag_custom_page_level_css":"","_monsterinsights_skip_tracking":false,"_monsterinsights_sitenote_active":false,"_monsterinsights_sitenote_note":"","_monsterinsights_sitenote_category":0,"cybocfi_hide_featured_image":"","footnotes":""},"categories":[719,159,76],"tags":[776],"infouartes":[],"class_list":["post-27327","post","type-post","status-publish","format-standard","has-post-thumbnail","hentry","category-4d","category-artes-escenicas","category-estudiantes","tag-residencia-en-mexico"],"acf":[],"yoast_head":"<!-- This site is optimized with the Yoast SEO plugin v27.4 - https:\/\/yoast.com\/product\/yoast-seo-wordpress\/ -->\n<title>Universidad de las Artes - Estudiante Jennifer Asencio hizo una residencia en Compa\u00f1\u00eda La Revuelta, de M\u00e9xico, y present\u00f3 una obra<\/title>\n<meta name=\"description\" content=\"Universidad de las Artes - Estudiante Jennifer Asencio hizo una residencia en Compa\u00f1\u00eda La Revuelta, de M\u00e9xico, y present\u00f3 una obra\" \/>\n<meta name=\"robots\" content=\"index, follow, max-snippet:-1, max-image-preview:large, max-video-preview:-1\" \/>\n<link rel=\"canonical\" href=\"https:\/\/www.uartes.edu.ec\/sitio\/en\/blog\/2022\/09\/01\/jennifer-asencio-hizo-una-residencia-en-la-compania-larevuelta-de-mexico-y-como-coreografa-presento-una-obra\/\" \/>\n<meta property=\"og:locale\" content=\"en_US\" \/>\n<meta property=\"og:type\" content=\"article\" \/>\n<meta property=\"og:title\" content=\"Universidad de las Artes - Estudiante Jennifer Asencio hizo una residencia en Compa\u00f1\u00eda La Revuelta, de M\u00e9xico, y present\u00f3 una obra\" \/>\n<meta property=\"og:description\" content=\"Universidad de las Artes - Estudiante Jennifer Asencio hizo una residencia en Compa\u00f1\u00eda La Revuelta, de M\u00e9xico, y present\u00f3 una obra\" \/>\n<meta property=\"og:url\" content=\"https:\/\/www.uartes.edu.ec\/sitio\/en\/blog\/2022\/09\/01\/jennifer-asencio-hizo-una-residencia-en-la-compania-larevuelta-de-mexico-y-como-coreografa-presento-una-obra\/\" \/>\n<meta property=\"og:site_name\" content=\"Universidad de las Artes\" \/>\n<meta property=\"article:publisher\" content=\"https:\/\/www.facebook.com\/uartesec\" \/>\n<meta property=\"article:published_time\" content=\"2022-09-01T15:59:00+00:00\" \/>\n<meta property=\"article:modified_time\" content=\"2024-07-04T16:23:08+00:00\" \/>\n<meta property=\"og:image\" content=\"https:\/\/www.uartes.edu.ec\/sitio\/wp-content\/uploads\/2022\/09\/ja-01.jpg\" \/>\n\t<meta property=\"og:image:width\" content=\"2000\" \/>\n\t<meta property=\"og:image:height\" content=\"1333\" \/>\n\t<meta property=\"og:image:type\" content=\"image\/jpeg\" \/>\n<meta name=\"author\" content=\"ccortez\" \/>\n<meta name=\"twitter:card\" content=\"summary_large_image\" \/>\n<meta name=\"twitter:creator\" content=\"@uartesec\" \/>\n<meta name=\"twitter:site\" content=\"@uartesec\" \/>\n<meta name=\"twitter:label1\" content=\"Written by\" \/>\n\t<meta name=\"twitter:data1\" content=\"ccortez\" \/>\n\t<meta name=\"twitter:label2\" content=\"Est. reading time\" \/>\n\t<meta name=\"twitter:data2\" content=\"4 minutes\" \/>\n<script type=\"application\/ld+json\" class=\"yoast-schema-graph\">{\"@context\":\"https:\\\/\\\/schema.org\",\"@graph\":[{\"@type\":\"Article\",\"@id\":\"https:\\\/\\\/www.uartes.edu.ec\\\/sitio\\\/en\\\/blog\\\/2022\\\/09\\\/01\\\/jennifer-asencio-hizo-una-residencia-en-la-compania-larevuelta-de-mexico-y-como-coreografa-presento-una-obra\\\/#article\",\"isPartOf\":{\"@id\":\"https:\\\/\\\/www.uartes.edu.ec\\\/sitio\\\/en\\\/blog\\\/2022\\\/09\\\/01\\\/jennifer-asencio-hizo-una-residencia-en-la-compania-larevuelta-de-mexico-y-como-coreografa-presento-una-obra\\\/\"},\"author\":{\"name\":\"ccortez\",\"@id\":\"https:\\\/\\\/www.uartes.edu.ec\\\/sitio\\\/en\\\/#\\\/schema\\\/person\\\/efa1b8275797664fd7f13a79ccc0b1f4\"},\"headline\":\"Estudiante Jennifer Asencio hizo una residencia en Compa\u00f1\u00eda La Revuelta, de M\u00e9xico, y present\u00f3 una obra\",\"datePublished\":\"2022-09-01T15:59:00+00:00\",\"dateModified\":\"2024-07-04T16:23:08+00:00\",\"mainEntityOfPage\":{\"@id\":\"https:\\\/\\\/www.uartes.edu.ec\\\/sitio\\\/en\\\/blog\\\/2022\\\/09\\\/01\\\/jennifer-asencio-hizo-una-residencia-en-la-compania-larevuelta-de-mexico-y-como-coreografa-presento-una-obra\\\/\"},\"wordCount\":818,\"commentCount\":0,\"publisher\":{\"@id\":\"https:\\\/\\\/www.uartes.edu.ec\\\/sitio\\\/en\\\/#organization\"},\"image\":{\"@id\":\"https:\\\/\\\/www.uartes.edu.ec\\\/sitio\\\/en\\\/blog\\\/2022\\\/09\\\/01\\\/jennifer-asencio-hizo-una-residencia-en-la-compania-larevuelta-de-mexico-y-como-coreografa-presento-una-obra\\\/#primaryimage\"},\"thumbnailUrl\":\"https:\\\/\\\/www.uartes.edu.ec\\\/sitio\\\/wp-content\\\/uploads\\\/2022\\\/09\\\/ja-01.jpg\",\"keywords\":[\"residencia en M\u00e9xico\"],\"articleSection\":[\"4D\",\"Artes Esc\u00e9nicas\",\"Estudiantes\"],\"inLanguage\":\"en-US\",\"potentialAction\":[{\"@type\":\"CommentAction\",\"name\":\"Comment\",\"target\":[\"https:\\\/\\\/www.uartes.edu.ec\\\/sitio\\\/en\\\/blog\\\/2022\\\/09\\\/01\\\/jennifer-asencio-hizo-una-residencia-en-la-compania-larevuelta-de-mexico-y-como-coreografa-presento-una-obra\\\/#respond\"]}]},{\"@type\":[\"WebPage\",\"ItemPage\"],\"@id\":\"https:\\\/\\\/www.uartes.edu.ec\\\/sitio\\\/en\\\/blog\\\/2022\\\/09\\\/01\\\/jennifer-asencio-hizo-una-residencia-en-la-compania-larevuelta-de-mexico-y-como-coreografa-presento-una-obra\\\/\",\"url\":\"https:\\\/\\\/www.uartes.edu.ec\\\/sitio\\\/en\\\/blog\\\/2022\\\/09\\\/01\\\/jennifer-asencio-hizo-una-residencia-en-la-compania-larevuelta-de-mexico-y-como-coreografa-presento-una-obra\\\/\",\"name\":\"Universidad de las Artes - Estudiante Jennifer Asencio hizo una residencia en Compa\u00f1\u00eda La Revuelta, de M\u00e9xico, y present\u00f3 una obra\",\"isPartOf\":{\"@id\":\"https:\\\/\\\/www.uartes.edu.ec\\\/sitio\\\/en\\\/#website\"},\"primaryImageOfPage\":{\"@id\":\"https:\\\/\\\/www.uartes.edu.ec\\\/sitio\\\/en\\\/blog\\\/2022\\\/09\\\/01\\\/jennifer-asencio-hizo-una-residencia-en-la-compania-larevuelta-de-mexico-y-como-coreografa-presento-una-obra\\\/#primaryimage\"},\"image\":{\"@id\":\"https:\\\/\\\/www.uartes.edu.ec\\\/sitio\\\/en\\\/blog\\\/2022\\\/09\\\/01\\\/jennifer-asencio-hizo-una-residencia-en-la-compania-larevuelta-de-mexico-y-como-coreografa-presento-una-obra\\\/#primaryimage\"},\"thumbnailUrl\":\"https:\\\/\\\/www.uartes.edu.ec\\\/sitio\\\/wp-content\\\/uploads\\\/2022\\\/09\\\/ja-01.jpg\",\"datePublished\":\"2022-09-01T15:59:00+00:00\",\"dateModified\":\"2024-07-04T16:23:08+00:00\",\"description\":\"Universidad de las Artes - Estudiante Jennifer Asencio hizo una residencia en Compa\u00f1\u00eda La Revuelta, de M\u00e9xico, y present\u00f3 una obra\",\"breadcrumb\":{\"@id\":\"https:\\\/\\\/www.uartes.edu.ec\\\/sitio\\\/en\\\/blog\\\/2022\\\/09\\\/01\\\/jennifer-asencio-hizo-una-residencia-en-la-compania-larevuelta-de-mexico-y-como-coreografa-presento-una-obra\\\/#breadcrumb\"},\"inLanguage\":\"en-US\",\"potentialAction\":[{\"@type\":\"ReadAction\",\"target\":[\"https:\\\/\\\/www.uartes.edu.ec\\\/sitio\\\/en\\\/blog\\\/2022\\\/09\\\/01\\\/jennifer-asencio-hizo-una-residencia-en-la-compania-larevuelta-de-mexico-y-como-coreografa-presento-una-obra\\\/\"]}]},{\"@type\":\"ImageObject\",\"inLanguage\":\"en-US\",\"@id\":\"https:\\\/\\\/www.uartes.edu.ec\\\/sitio\\\/en\\\/blog\\\/2022\\\/09\\\/01\\\/jennifer-asencio-hizo-una-residencia-en-la-compania-larevuelta-de-mexico-y-como-coreografa-presento-una-obra\\\/#primaryimage\",\"url\":\"https:\\\/\\\/www.uartes.edu.ec\\\/sitio\\\/wp-content\\\/uploads\\\/2022\\\/09\\\/ja-01.jpg\",\"contentUrl\":\"https:\\\/\\\/www.uartes.edu.ec\\\/sitio\\\/wp-content\\\/uploads\\\/2022\\\/09\\\/ja-01.jpg\",\"width\":2000,\"height\":1333},{\"@type\":\"BreadcrumbList\",\"@id\":\"https:\\\/\\\/www.uartes.edu.ec\\\/sitio\\\/en\\\/blog\\\/2022\\\/09\\\/01\\\/jennifer-asencio-hizo-una-residencia-en-la-compania-larevuelta-de-mexico-y-como-coreografa-presento-una-obra\\\/#breadcrumb\",\"itemListElement\":[{\"@type\":\"ListItem\",\"position\":1,\"name\":\"Inicio\",\"item\":\"https:\\\/\\\/www.uartes.edu.ec\\\/sitio\\\/\"},{\"@type\":\"ListItem\",\"position\":2,\"name\":\"Estudiante Jennifer Asencio hizo una residencia en Compa\u00f1\u00eda La Revuelta, de M\u00e9xico, y present\u00f3 una obra\"}]},{\"@type\":\"WebSite\",\"@id\":\"https:\\\/\\\/www.uartes.edu.ec\\\/sitio\\\/en\\\/#website\",\"url\":\"https:\\\/\\\/www.uartes.edu.ec\\\/sitio\\\/en\\\/\",\"name\":\"Universidad de las Artes\",\"description\":\"Sitio oficial de la Universidad Nacional de las Artes del Ecuador\",\"publisher\":{\"@id\":\"https:\\\/\\\/www.uartes.edu.ec\\\/sitio\\\/en\\\/#organization\"},\"potentialAction\":[{\"@type\":\"SearchAction\",\"target\":{\"@type\":\"EntryPoint\",\"urlTemplate\":\"https:\\\/\\\/www.uartes.edu.ec\\\/sitio\\\/en\\\/?s={search_term_string}\"},\"query-input\":{\"@type\":\"PropertyValueSpecification\",\"valueRequired\":true,\"valueName\":\"search_term_string\"}}],\"inLanguage\":\"en-US\"},{\"@type\":\"Organization\",\"@id\":\"https:\\\/\\\/www.uartes.edu.ec\\\/sitio\\\/en\\\/#organization\",\"name\":\"Universidad de las Artes\",\"url\":\"https:\\\/\\\/www.uartes.edu.ec\\\/sitio\\\/en\\\/\",\"logo\":{\"@type\":\"ImageObject\",\"inLanguage\":\"en-US\",\"@id\":\"https:\\\/\\\/www.uartes.edu.ec\\\/sitio\\\/en\\\/#\\\/schema\\\/logo\\\/image\\\/\",\"url\":\"https:\\\/\\\/www.uartes.edu.ec\\\/sitio\\\/wp-content\\\/uploads\\\/2022\\\/07\\\/logo-ua-horizontal.png\",\"contentUrl\":\"https:\\\/\\\/www.uartes.edu.ec\\\/sitio\\\/wp-content\\\/uploads\\\/2022\\\/07\\\/logo-ua-horizontal.png\",\"width\":800,\"height\":276,\"caption\":\"Universidad de las Artes\"},\"image\":{\"@id\":\"https:\\\/\\\/www.uartes.edu.ec\\\/sitio\\\/en\\\/#\\\/schema\\\/logo\\\/image\\\/\"},\"sameAs\":[\"https:\\\/\\\/www.facebook.com\\\/uartesec\",\"https:\\\/\\\/x.com\\\/uartesec\",\"https:\\\/\\\/www.tiktok.com\\\/@uartesec\"]},{\"@type\":\"Person\",\"@id\":\"https:\\\/\\\/www.uartes.edu.ec\\\/sitio\\\/en\\\/#\\\/schema\\\/person\\\/efa1b8275797664fd7f13a79ccc0b1f4\",\"name\":\"ccortez\",\"image\":{\"@type\":\"ImageObject\",\"inLanguage\":\"en-US\",\"@id\":\"https:\\\/\\\/secure.gravatar.com\\\/avatar\\\/b2a6f664a3ae8e074346ef91775736c5ec479e637ecced6842de9dc98b5da9cd?s=96&d=mm&r=g\",\"url\":\"https:\\\/\\\/secure.gravatar.com\\\/avatar\\\/b2a6f664a3ae8e074346ef91775736c5ec479e637ecced6842de9dc98b5da9cd?s=96&d=mm&r=g\",\"contentUrl\":\"https:\\\/\\\/secure.gravatar.com\\\/avatar\\\/b2a6f664a3ae8e074346ef91775736c5ec479e637ecced6842de9dc98b5da9cd?s=96&d=mm&r=g\",\"caption\":\"ccortez\"},\"url\":\"https:\\\/\\\/www.uartes.edu.ec\\\/sitio\\\/en\\\/blog\\\/author\\\/ccortez\\\/\"}]}<\/script>\n<!-- \/ Yoast SEO plugin. -->","yoast_head_json":{"title":"Universidad de las Artes - Estudiante Jennifer Asencio hizo una residencia en Compa\u00f1\u00eda La Revuelta, de M\u00e9xico, y present\u00f3 una obra","description":"Universidad de las Artes - Estudiante Jennifer Asencio hizo una residencia en Compa\u00f1\u00eda La Revuelta, de M\u00e9xico, y present\u00f3 una obra","robots":{"index":"index","follow":"follow","max-snippet":"max-snippet:-1","max-image-preview":"max-image-preview:large","max-video-preview":"max-video-preview:-1"},"canonical":"https:\/\/www.uartes.edu.ec\/sitio\/en\/blog\/2022\/09\/01\/jennifer-asencio-hizo-una-residencia-en-la-compania-larevuelta-de-mexico-y-como-coreografa-presento-una-obra\/","og_locale":"en_US","og_type":"article","og_title":"Universidad de las Artes - Estudiante Jennifer Asencio hizo una residencia en Compa\u00f1\u00eda La Revuelta, de M\u00e9xico, y present\u00f3 una obra","og_description":"Universidad de las Artes - Estudiante Jennifer Asencio hizo una residencia en Compa\u00f1\u00eda La Revuelta, de M\u00e9xico, y present\u00f3 una obra","og_url":"https:\/\/www.uartes.edu.ec\/sitio\/en\/blog\/2022\/09\/01\/jennifer-asencio-hizo-una-residencia-en-la-compania-larevuelta-de-mexico-y-como-coreografa-presento-una-obra\/","og_site_name":"Universidad de las Artes","article_publisher":"https:\/\/www.facebook.com\/uartesec","article_published_time":"2022-09-01T15:59:00+00:00","article_modified_time":"2024-07-04T16:23:08+00:00","og_image":[{"width":2000,"height":1333,"url":"https:\/\/www.uartes.edu.ec\/sitio\/wp-content\/uploads\/2022\/09\/ja-01.jpg","type":"image\/jpeg"}],"author":"ccortez","twitter_card":"summary_large_image","twitter_creator":"@uartesec","twitter_site":"@uartesec","twitter_misc":{"Written by":"ccortez","Est. reading time":"4 minutes"},"schema":{"@context":"https:\/\/schema.org","@graph":[{"@type":"Article","@id":"https:\/\/www.uartes.edu.ec\/sitio\/en\/blog\/2022\/09\/01\/jennifer-asencio-hizo-una-residencia-en-la-compania-larevuelta-de-mexico-y-como-coreografa-presento-una-obra\/#article","isPartOf":{"@id":"https:\/\/www.uartes.edu.ec\/sitio\/en\/blog\/2022\/09\/01\/jennifer-asencio-hizo-una-residencia-en-la-compania-larevuelta-de-mexico-y-como-coreografa-presento-una-obra\/"},"author":{"name":"ccortez","@id":"https:\/\/www.uartes.edu.ec\/sitio\/en\/#\/schema\/person\/efa1b8275797664fd7f13a79ccc0b1f4"},"headline":"Estudiante Jennifer Asencio hizo una residencia en Compa\u00f1\u00eda La Revuelta, de M\u00e9xico, y present\u00f3 una obra","datePublished":"2022-09-01T15:59:00+00:00","dateModified":"2024-07-04T16:23:08+00:00","mainEntityOfPage":{"@id":"https:\/\/www.uartes.edu.ec\/sitio\/en\/blog\/2022\/09\/01\/jennifer-asencio-hizo-una-residencia-en-la-compania-larevuelta-de-mexico-y-como-coreografa-presento-una-obra\/"},"wordCount":818,"commentCount":0,"publisher":{"@id":"https:\/\/www.uartes.edu.ec\/sitio\/en\/#organization"},"image":{"@id":"https:\/\/www.uartes.edu.ec\/sitio\/en\/blog\/2022\/09\/01\/jennifer-asencio-hizo-una-residencia-en-la-compania-larevuelta-de-mexico-y-como-coreografa-presento-una-obra\/#primaryimage"},"thumbnailUrl":"https:\/\/www.uartes.edu.ec\/sitio\/wp-content\/uploads\/2022\/09\/ja-01.jpg","keywords":["residencia en M\u00e9xico"],"articleSection":["4D","Artes Esc\u00e9nicas","Estudiantes"],"inLanguage":"en-US","potentialAction":[{"@type":"CommentAction","name":"Comment","target":["https:\/\/www.uartes.edu.ec\/sitio\/en\/blog\/2022\/09\/01\/jennifer-asencio-hizo-una-residencia-en-la-compania-larevuelta-de-mexico-y-como-coreografa-presento-una-obra\/#respond"]}]},{"@type":["WebPage","ItemPage"],"@id":"https:\/\/www.uartes.edu.ec\/sitio\/en\/blog\/2022\/09\/01\/jennifer-asencio-hizo-una-residencia-en-la-compania-larevuelta-de-mexico-y-como-coreografa-presento-una-obra\/","url":"https:\/\/www.uartes.edu.ec\/sitio\/en\/blog\/2022\/09\/01\/jennifer-asencio-hizo-una-residencia-en-la-compania-larevuelta-de-mexico-y-como-coreografa-presento-una-obra\/","name":"Universidad de las Artes - Estudiante Jennifer Asencio hizo una residencia en Compa\u00f1\u00eda La Revuelta, de M\u00e9xico, y present\u00f3 una obra","isPartOf":{"@id":"https:\/\/www.uartes.edu.ec\/sitio\/en\/#website"},"primaryImageOfPage":{"@id":"https:\/\/www.uartes.edu.ec\/sitio\/en\/blog\/2022\/09\/01\/jennifer-asencio-hizo-una-residencia-en-la-compania-larevuelta-de-mexico-y-como-coreografa-presento-una-obra\/#primaryimage"},"image":{"@id":"https:\/\/www.uartes.edu.ec\/sitio\/en\/blog\/2022\/09\/01\/jennifer-asencio-hizo-una-residencia-en-la-compania-larevuelta-de-mexico-y-como-coreografa-presento-una-obra\/#primaryimage"},"thumbnailUrl":"https:\/\/www.uartes.edu.ec\/sitio\/wp-content\/uploads\/2022\/09\/ja-01.jpg","datePublished":"2022-09-01T15:59:00+00:00","dateModified":"2024-07-04T16:23:08+00:00","description":"Universidad de las Artes - Estudiante Jennifer Asencio hizo una residencia en Compa\u00f1\u00eda La Revuelta, de M\u00e9xico, y present\u00f3 una obra","breadcrumb":{"@id":"https:\/\/www.uartes.edu.ec\/sitio\/en\/blog\/2022\/09\/01\/jennifer-asencio-hizo-una-residencia-en-la-compania-larevuelta-de-mexico-y-como-coreografa-presento-una-obra\/#breadcrumb"},"inLanguage":"en-US","potentialAction":[{"@type":"ReadAction","target":["https:\/\/www.uartes.edu.ec\/sitio\/en\/blog\/2022\/09\/01\/jennifer-asencio-hizo-una-residencia-en-la-compania-larevuelta-de-mexico-y-como-coreografa-presento-una-obra\/"]}]},{"@type":"ImageObject","inLanguage":"en-US","@id":"https:\/\/www.uartes.edu.ec\/sitio\/en\/blog\/2022\/09\/01\/jennifer-asencio-hizo-una-residencia-en-la-compania-larevuelta-de-mexico-y-como-coreografa-presento-una-obra\/#primaryimage","url":"https:\/\/www.uartes.edu.ec\/sitio\/wp-content\/uploads\/2022\/09\/ja-01.jpg","contentUrl":"https:\/\/www.uartes.edu.ec\/sitio\/wp-content\/uploads\/2022\/09\/ja-01.jpg","width":2000,"height":1333},{"@type":"BreadcrumbList","@id":"https:\/\/www.uartes.edu.ec\/sitio\/en\/blog\/2022\/09\/01\/jennifer-asencio-hizo-una-residencia-en-la-compania-larevuelta-de-mexico-y-como-coreografa-presento-una-obra\/#breadcrumb","itemListElement":[{"@type":"ListItem","position":1,"name":"Inicio","item":"https:\/\/www.uartes.edu.ec\/sitio\/"},{"@type":"ListItem","position":2,"name":"Estudiante Jennifer Asencio hizo una residencia en Compa\u00f1\u00eda La Revuelta, de M\u00e9xico, y present\u00f3 una obra"}]},{"@type":"WebSite","@id":"https:\/\/www.uartes.edu.ec\/sitio\/en\/#website","url":"https:\/\/www.uartes.edu.ec\/sitio\/en\/","name":"Universidad de las Artes","description":"Sitio oficial de la Universidad Nacional de las Artes del Ecuador","publisher":{"@id":"https:\/\/www.uartes.edu.ec\/sitio\/en\/#organization"},"potentialAction":[{"@type":"SearchAction","target":{"@type":"EntryPoint","urlTemplate":"https:\/\/www.uartes.edu.ec\/sitio\/en\/?s={search_term_string}"},"query-input":{"@type":"PropertyValueSpecification","valueRequired":true,"valueName":"search_term_string"}}],"inLanguage":"en-US"},{"@type":"Organization","@id":"https:\/\/www.uartes.edu.ec\/sitio\/en\/#organization","name":"Universidad de las Artes","url":"https:\/\/www.uartes.edu.ec\/sitio\/en\/","logo":{"@type":"ImageObject","inLanguage":"en-US","@id":"https:\/\/www.uartes.edu.ec\/sitio\/en\/#\/schema\/logo\/image\/","url":"https:\/\/www.uartes.edu.ec\/sitio\/wp-content\/uploads\/2022\/07\/logo-ua-horizontal.png","contentUrl":"https:\/\/www.uartes.edu.ec\/sitio\/wp-content\/uploads\/2022\/07\/logo-ua-horizontal.png","width":800,"height":276,"caption":"Universidad de las Artes"},"image":{"@id":"https:\/\/www.uartes.edu.ec\/sitio\/en\/#\/schema\/logo\/image\/"},"sameAs":["https:\/\/www.facebook.com\/uartesec","https:\/\/x.com\/uartesec","https:\/\/www.tiktok.com\/@uartesec"]},{"@type":"Person","@id":"https:\/\/www.uartes.edu.ec\/sitio\/en\/#\/schema\/person\/efa1b8275797664fd7f13a79ccc0b1f4","name":"ccortez","image":{"@type":"ImageObject","inLanguage":"en-US","@id":"https:\/\/secure.gravatar.com\/avatar\/b2a6f664a3ae8e074346ef91775736c5ec479e637ecced6842de9dc98b5da9cd?s=96&d=mm&r=g","url":"https:\/\/secure.gravatar.com\/avatar\/b2a6f664a3ae8e074346ef91775736c5ec479e637ecced6842de9dc98b5da9cd?s=96&d=mm&r=g","contentUrl":"https:\/\/secure.gravatar.com\/avatar\/b2a6f664a3ae8e074346ef91775736c5ec479e637ecced6842de9dc98b5da9cd?s=96&d=mm&r=g","caption":"ccortez"},"url":"https:\/\/www.uartes.edu.ec\/sitio\/en\/blog\/author\/ccortez\/"}]}},"uagb_featured_image_src":{"full":["https:\/\/www.uartes.edu.ec\/sitio\/wp-content\/uploads\/2022\/09\/ja-01.jpg",2000,1333,false],"thumbnail":["https:\/\/www.uartes.edu.ec\/sitio\/wp-content\/uploads\/2022\/09\/ja-01-150x150.jpg",150,150,true],"medium":["https:\/\/www.uartes.edu.ec\/sitio\/wp-content\/uploads\/2022\/09\/ja-01-300x200.jpg",300,200,true],"medium_large":["https:\/\/www.uartes.edu.ec\/sitio\/wp-content\/uploads\/2022\/09\/ja-01-768x512.jpg",768,512,true],"large":["https:\/\/www.uartes.edu.ec\/sitio\/wp-content\/uploads\/2022\/09\/ja-01-644x429.jpg",644,429,true],"1536x1536":["https:\/\/www.uartes.edu.ec\/sitio\/wp-content\/uploads\/2022\/09\/ja-01-1536x1024.jpg",1536,1024,true],"2048x2048":["https:\/\/www.uartes.edu.ec\/sitio\/wp-content\/uploads\/2022\/09\/ja-01.jpg",2000,1333,false],"trp-custom-language-flag":["https:\/\/www.uartes.edu.ec\/sitio\/wp-content\/uploads\/2022\/09\/ja-01.jpg",18,12,false],"htmega_size_585x295":["https:\/\/www.uartes.edu.ec\/sitio\/wp-content\/uploads\/2022\/09\/ja-01.jpg",443,295,false],"htmega_size_1170x536":["https:\/\/www.uartes.edu.ec\/sitio\/wp-content\/uploads\/2022\/09\/ja-01.jpg",804,536,false],"htmega_size_396x360":["https:\/\/www.uartes.edu.ec\/sitio\/wp-content\/uploads\/2022\/09\/ja-01.jpg",396,264,false],"gb-block-post-grid-landscape":["https:\/\/www.uartes.edu.ec\/sitio\/wp-content\/uploads\/2022\/09\/ja-01.jpg",600,400,false],"gb-block-post-grid-square":["https:\/\/www.uartes.edu.ec\/sitio\/wp-content\/uploads\/2022\/09\/ja-01.jpg",600,400,false],"university-hub-thumb":["https:\/\/www.uartes.edu.ec\/sitio\/wp-content\/uploads\/2022\/09\/ja-01-400x267.jpg",400,267,true]},"uagb_author_info":{"display_name":"ccortez","author_link":"https:\/\/www.uartes.edu.ec\/sitio\/en\/blog\/author\/ccortez\/"},"uagb_comment_info":0,"uagb_excerpt":"La estudiante de la Escuela de Artes Esc\u00e9nicas se encuentra en proceso de titulaci\u00f3n y la pieza que trabaj\u00f3 como creadora\/core\u00f3grafa para su residencia en M\u00e9xico ser\u00e1 su proyecto final de tesis. Jennifer Asencio Vallarino tambi\u00e9n aspira a presentar la obra en escenarios de Guayaquil y otras ciudades del pa\u00eds una vez que concluya su&hellip;","featured_image_src":"https:\/\/www.uartes.edu.ec\/sitio\/wp-content\/uploads\/2022\/09\/ja-01.jpg","featured_image_src_square":"https:\/\/www.uartes.edu.ec\/sitio\/wp-content\/uploads\/2022\/09\/ja-01.jpg","author_info":{"display_name":"ccortez","author_link":"https:\/\/www.uartes.edu.ec\/sitio\/en\/blog\/author\/ccortez\/"},"publishpress_future_workflow_manual_trigger":{"enabledWorkflows":[]},"distributor_meta":false,"distributor_terms":false,"distributor_media":false,"distributor_original_site_name":"Universidad de las Artes","distributor_original_site_url":"https:\/\/www.uartes.edu.ec\/sitio\/en","push-errors":false,"_links":{"self":[{"href":"https:\/\/www.uartes.edu.ec\/sitio\/en\/wp-json\/wp\/v2\/posts\/27327","targetHints":{"allow":["GET"]}}],"collection":[{"href":"https:\/\/www.uartes.edu.ec\/sitio\/en\/wp-json\/wp\/v2\/posts"}],"about":[{"href":"https:\/\/www.uartes.edu.ec\/sitio\/en\/wp-json\/wp\/v2\/types\/post"}],"author":[{"embeddable":true,"href":"https:\/\/www.uartes.edu.ec\/sitio\/en\/wp-json\/wp\/v2\/users\/10"}],"replies":[{"embeddable":true,"href":"https:\/\/www.uartes.edu.ec\/sitio\/en\/wp-json\/wp\/v2\/comments?post=27327"}],"version-history":[{"count":5,"href":"https:\/\/www.uartes.edu.ec\/sitio\/en\/wp-json\/wp\/v2\/posts\/27327\/revisions"}],"predecessor-version":[{"id":44850,"href":"https:\/\/www.uartes.edu.ec\/sitio\/en\/wp-json\/wp\/v2\/posts\/27327\/revisions\/44850"}],"wp:featuredmedia":[{"embeddable":true,"href":"https:\/\/www.uartes.edu.ec\/sitio\/en\/wp-json\/wp\/v2\/media\/27328"}],"wp:attachment":[{"href":"https:\/\/www.uartes.edu.ec\/sitio\/en\/wp-json\/wp\/v2\/media?parent=27327"}],"wp:term":[{"taxonomy":"category","embeddable":true,"href":"https:\/\/www.uartes.edu.ec\/sitio\/en\/wp-json\/wp\/v2\/categories?post=27327"},{"taxonomy":"post_tag","embeddable":true,"href":"https:\/\/www.uartes.edu.ec\/sitio\/en\/wp-json\/wp\/v2\/tags?post=27327"},{"taxonomy":"infouartes","embeddable":true,"href":"https:\/\/www.uartes.edu.ec\/sitio\/en\/wp-json\/wp\/v2\/infouartes?post=27327"}],"curies":[{"name":"wp","href":"https:\/\/api.w.org\/{rel}","templated":true}]}}