{"id":27557,"date":"2022-08-31T16:50:56","date_gmt":"2022-08-31T21:50:56","guid":{"rendered":"http:\/\/www.uartes.edu.ec\/sitio\/?p=27557"},"modified":"2024-07-04T11:23:08","modified_gmt":"2024-07-04T16:23:08","slug":"los-alumni-que-ganaron-convocatoria-de-la-biblioteca-de-las-artes-presentan-sus-proyectos","status":"publish","type":"post","link":"https:\/\/www.uartes.edu.ec\/sitio\/en\/blog\/2022\/08\/31\/los-alumni-que-ganaron-convocatoria-de-la-biblioteca-de-las-artes-presentan-sus-proyectos\/","title":{"rendered":"Alumni que respondieron y ganaron convocatoria de la Biblioteca de las Artes desarrollan ya sus propuestas"},"content":{"rendered":"<p>Aracelly S\u00e1nchez, Gabriela Castro, Ileana Matamoros, Cecilia Salazar, Cinthya Paredes, Kevin Miranda, Khristel Ortiz y Mar\u00eda Felton son los alumni de la Universidad de las Artes que ganaron la convocatoria que hizo la Biblioteca de las Artes para que presentaran proyectos que pudieran luego desarrollar en los diferentes espacios del repositorio de la UArtes.<\/p>\n\n\n\n<p>S\u00e1nchez ya present\u00f3 su propuesta. La titul\u00f3 \u201cAl filo del mar\u201d y se trat\u00f3 de un taller sobre gesti\u00f3n cultural comunitaria. Tuvo cuatro sesiones y se desarroll\u00f3 los d\u00edas 17, 19, 24 y 26 de agosto. La alumni obtuvo su licenciatura en Creaci\u00f3n Teatral y es dise\u00f1adora lum\u00ednica y gestora cultural, \u00e1mbito en el que impuls\u00f3 junto a l\u00edderes comunitarios fundaciones en los procesos Espacio Punto Verde, Banco de Alimentos Ol\u00f3n y Escuela de Arte Ajaja. Ha sido tambi\u00e9n parte de la producci\u00f3n de festivales y proyectos culturales en comunidades vulneradas por el extrativismo.<\/p>\n\n\n<div class=\"wp-block-image\">\n<figure class=\"aligncenter size-large\"><img fetchpriority=\"high\" decoding=\"async\" width=\"644\" height=\"429\" src=\"http:\/\/www.uartes.edu.ec\/sitio\/wp-content\/uploads\/2022\/09\/taller-alumni-web-4-644x429.jpg\" alt=\"\" class=\"wp-image-27774\" srcset=\"https:\/\/www.uartes.edu.ec\/sitio\/wp-content\/uploads\/2022\/09\/taller-alumni-web-4-644x429.jpg 644w, https:\/\/www.uartes.edu.ec\/sitio\/wp-content\/uploads\/2022\/09\/taller-alumni-web-4-768x511.jpg 768w, https:\/\/www.uartes.edu.ec\/sitio\/wp-content\/uploads\/2022\/09\/taller-alumni-web-4.jpg 2000w, https:\/\/www.uartes.edu.ec\/sitio\/wp-content\/uploads\/2022\/09\/taller-alumni-web-4-600x399.jpg 600w, https:\/\/www.uartes.edu.ec\/sitio\/wp-content\/uploads\/2022\/09\/taller-alumni-web-4-272x182.jpg 272w\" sizes=\"(max-width: 644px) 100vw, 644px\" \/><figcaption class=\"wp-element-caption\">Aracelly S\u00e1nchez durante el taller \u00abAl filo del mar\u00bb, que dict\u00f3 en la Biblioteca de las Artes.<\/figcaption><\/figure>\n<\/div>\n\n\n<p>Las siguientes presentaciones de proyectos la har\u00e1n Gabriela Castro e Ileana Matamoros. La primera, licenciada en Literatura, desarrollar\u00e1 un taller art\u00edstico que estudia y analiza la escritura del cuento como g\u00e9nero literario a partir de nociones espec\u00edficas dadas por te\u00f3ricos nacionales e internacionales. Lo titul\u00f3 \u201cDe juegos y Lecturas, composici\u00f3n de cuentos\u201d y plante\u00f3 como una oportunidad de generar lectores y escritores que puedan compartir ideas traducidas en historias propias. Tendr\u00e1 lugar los d\u00edas 6, 13, 20 y 27 de septiembre, de 15:30 a 17:30, en la Sala Multifuncional de la terraza de la Biblioteca de las Artes.<\/p>\n\n\n\n<p>Castro es colaboradora del proyecto literario \u201cCuentos y Utop\u00edas\u201d, labor de artes creativas y desarrollo de cuentos. Tambi\u00e9n es autora de \u201cLa despedida del centauro\u201d, publicada en la segunda edici\u00f3n de la <em>Revista Pie de P\u00e1gina,<\/em> y de \u201cPeceras\u201d, obra que obtuvo Menci\u00f3n de Honor en Derechos Humanos en el concurso \u201cLetras en cuarentena\u201d. Ha sido tambi\u00e9n publicada en <em>Revista Literaria Digital 20 y Tantos<\/em> con el texto ensayo \u201cDevenir m\u00e1quinas\u201d.<\/p>\n\n\n<div class=\"wp-block-image\">\n<figure class=\"aligncenter size-large\"><img decoding=\"async\" width=\"644\" height=\"429\" src=\"http:\/\/www.uartes.edu.ec\/sitio\/wp-content\/uploads\/2022\/09\/gabriela-castro-web-01-644x429.jpg\" alt=\"\" class=\"wp-image-27775\" srcset=\"https:\/\/www.uartes.edu.ec\/sitio\/wp-content\/uploads\/2022\/09\/gabriela-castro-web-01-644x429.jpg 644w, https:\/\/www.uartes.edu.ec\/sitio\/wp-content\/uploads\/2022\/09\/gabriela-castro-web-01-768x511.jpg 768w, https:\/\/www.uartes.edu.ec\/sitio\/wp-content\/uploads\/2022\/09\/gabriela-castro-web-01.jpg 2000w, https:\/\/www.uartes.edu.ec\/sitio\/wp-content\/uploads\/2022\/09\/gabriela-castro-web-01-600x399.jpg 600w, https:\/\/www.uartes.edu.ec\/sitio\/wp-content\/uploads\/2022\/09\/gabriela-castro-web-01-272x182.jpg 272w\" sizes=\"(max-width: 644px) 100vw, 644px\" \/><figcaption class=\"wp-element-caption\">Gabriela Castro particip\u00f3 en la convocatoria con el taller \u201cDe juegos y Lecturas, composici\u00f3n de cuentos\u201d .<\/figcaption><\/figure>\n<\/div>\n\n\n<p>Ileana Matamoros tambi\u00e9n desarrollar\u00e1 un taller. Lo har\u00e1 los d\u00edas 10, 17 y 24 de septiembre y 1 de octubre, de 14:30 a 16:30, y lo titul\u00f3 \u201cLa pel\u00edcula soy yo: El autobiografilme y sus posibilidades\u201d. Su objetivo es reconocer las posibilidades t\u00e9cnicas y discursivas del autobiografilme, en tanto veh\u00edculo de expresi\u00f3n art\u00edstica y manifestaci\u00f3n pol\u00edtica, motivando a los participantes a iniciar y\/o profundizar en un ejercicio de realizaci\u00f3n o de an\u00e1lisis de una etnograf\u00eda dom\u00e9stica.<\/p>\n\n\n\n<p>Matamoros es periodista y licenciada en Cine por la UArtes. Actualmente, tesista en la maestr\u00eda en Comunicaci\u00f3n, con menci\u00f3n en Visibilidad y diversidades, de la Universidad Andina Sim\u00f3n Bol\u00edvar (UASB). Su cortometraje \u201cRosita\u201d (2018) se estren\u00f3 en los EDOC (Encuentros del Otro Cine) y es una etnograf\u00eda dom\u00e9stica que ha participado en m\u00e1s de doce festivales y muestras. Gan\u00f3 el premio del p\u00fablico en el Festival de Cine de Oruro, en Bolivia, y mejor documental nacional y mejor directora en el Festival Manab\u00ed Profundo.<\/p>\n\n\n<div class=\"wp-block-image\">\n<figure class=\"aligncenter size-large\"><img decoding=\"async\" width=\"644\" height=\"429\" src=\"http:\/\/www.uartes.edu.ec\/sitio\/wp-content\/uploads\/2022\/09\/ILEANA-MATAMOROS-WEB-2-644x429.jpg\" alt=\"\" class=\"wp-image-27776\" srcset=\"https:\/\/www.uartes.edu.ec\/sitio\/wp-content\/uploads\/2022\/09\/ILEANA-MATAMOROS-WEB-2-644x429.jpg 644w, https:\/\/www.uartes.edu.ec\/sitio\/wp-content\/uploads\/2022\/09\/ILEANA-MATAMOROS-WEB-2-768x511.jpg 768w, https:\/\/www.uartes.edu.ec\/sitio\/wp-content\/uploads\/2022\/09\/ILEANA-MATAMOROS-WEB-2.jpg 2000w, https:\/\/www.uartes.edu.ec\/sitio\/wp-content\/uploads\/2022\/09\/ILEANA-MATAMOROS-WEB-2-600x399.jpg 600w, https:\/\/www.uartes.edu.ec\/sitio\/wp-content\/uploads\/2022\/09\/ILEANA-MATAMOROS-WEB-2-272x182.jpg 272w\" sizes=\"(max-width: 644px) 100vw, 644px\" \/><figcaption class=\"wp-element-caption\">Ileana Matamoros desarrollar\u00e1 el taller \u201cLa pel\u00edcula soy yo: El autobiografilme y sus posibilidades\u201d.<\/figcaption><\/figure>\n<\/div>\n\n\n<p>En 2019, su proyecto de largometraje \u201cLa vida secreta de las Rosas\u201d (coescrito con Rafael M\u00e9ndez) obtuvo el premio ICCA (Instituto de Cine y Creaci\u00f3n Audiovisual del Ecuador). Gan\u00f3, adem\u00e1s, el reconocimiento Construye en el Festival de Cine de Guayaquil y particip\u00f3 en el Laboratorio Conecta 2021, de Chile. Fue montajista de largometraje documental \u201cPosdata\u201d, dirigido por Juan Mart\u00edn Cueva. Y, codirigi\u00f3 con Juli\u00e8 Tom\u00e9 el corto \u201cJunior\u201d (2022), que obtuvo el ICCA para historias sobre la pandemia, as\u00ed como fondos del Consejo Nacional de Cine franc\u00e9s; con Tom\u00e9 dirigi\u00f3 tambi\u00e9n \u201cNaci\u00f3n\u201d, documental en posproducci\u00f3n.<\/p>\n\n\n\n<p>Los proyectos de los dem\u00e1s alumni ganadores de la convocatoria de la Biblioteca de las Artes y que que estar\u00e1n en su programaci\u00f3n son: \u201cJuguemos en serio\u201d, de Cecilia Salazar; \u201cNetArt Hacks\u201d, de Cinthya Paredes; \u201cHabitar la m\u00e1scara\u201d, de Kevin Miranda; \u201cAl son de la salsa y la bachata\u201d, de Khristel Ortiz; y, \u201cCorp\u00f3sfera de movimiento: Laboratorio de danza e improvisaci\u00f3n para personas con o sin discapacidad\u201d, de Mar\u00eda Felton.<\/p>","protected":false},"excerpt":{"rendered":"<p>\u201cAl filo del mar\u201d fue el taller que Aracelly S\u00e1nchez dict\u00f3 los pasados 17, 19, 24 y 26 de agosto en la Biblioteca de las Artes. Es una de los alumni que respondieron a la convocatoria del repositorio de la UArtes para presentar proyectos a desarrollar en sus espacios. Al igual que ella tambi\u00e9n fueron seleccionados Gabriela Castro, Ileana Matamoros, Cecilia Salazar, Cinthya Paredes, Kevin Miranda, Khristel Ortiz y Mar\u00eda Felton.<\/p>","protected":false},"author":10,"featured_media":27773,"comment_status":"open","ping_status":"open","sticky":false,"template":"","format":"standard","meta":{"_acf_changed":false,"_uag_custom_page_level_css":"","_monsterinsights_skip_tracking":false,"_monsterinsights_sitenote_active":false,"_monsterinsights_sitenote_note":"","_monsterinsights_sitenote_category":0,"cybocfi_hide_featured_image":"","footnotes":""},"categories":[490,82,284],"tags":[780],"infouartes":[],"class_list":["post-27557","post","type-post","status-publish","format-standard","has-post-thumbnail","hentry","category-alumni","category-artes","category-investigacion","tag-biblioteca-de-las-artes"],"acf":[],"yoast_head":"<!-- This site is optimized with the Yoast SEO plugin v27.4 - https:\/\/yoast.com\/product\/yoast-seo-wordpress\/ -->\n<title>Universidad de las Artes - Alumni que respondieron y ganaron convocatoria de la Biblioteca de las Artes desarrollan ya sus propuestas<\/title>\n<meta name=\"description\" content=\"Universidad de las Artes - Alumni que respondieron y ganaron convocatoria de la Biblioteca de las Artes desarrollan ya sus propuestas\" \/>\n<meta name=\"robots\" content=\"index, follow, max-snippet:-1, max-image-preview:large, max-video-preview:-1\" \/>\n<link rel=\"canonical\" href=\"https:\/\/www.uartes.edu.ec\/sitio\/en\/blog\/2022\/08\/31\/los-alumni-que-ganaron-convocatoria-de-la-biblioteca-de-las-artes-presentan-sus-proyectos\/\" \/>\n<meta property=\"og:locale\" content=\"en_US\" \/>\n<meta property=\"og:type\" content=\"article\" \/>\n<meta property=\"og:title\" content=\"Universidad de las Artes - Alumni que respondieron y ganaron convocatoria de la Biblioteca de las Artes desarrollan ya sus propuestas\" \/>\n<meta property=\"og:description\" content=\"Universidad de las Artes - Alumni que respondieron y ganaron convocatoria de la Biblioteca de las Artes desarrollan ya sus propuestas\" \/>\n<meta property=\"og:url\" content=\"https:\/\/www.uartes.edu.ec\/sitio\/en\/blog\/2022\/08\/31\/los-alumni-que-ganaron-convocatoria-de-la-biblioteca-de-las-artes-presentan-sus-proyectos\/\" \/>\n<meta property=\"og:site_name\" content=\"Universidad de las Artes\" \/>\n<meta property=\"article:publisher\" content=\"https:\/\/www.facebook.com\/uartesec\" \/>\n<meta property=\"article:published_time\" content=\"2022-08-31T21:50:56+00:00\" \/>\n<meta property=\"article:modified_time\" content=\"2024-07-04T16:23:08+00:00\" \/>\n<meta property=\"og:image\" content=\"https:\/\/www.uartes.edu.ec\/sitio\/wp-content\/uploads\/2022\/08\/taller-alumni-web-3.jpg\" \/>\n\t<meta property=\"og:image:width\" content=\"2000\" \/>\n\t<meta property=\"og:image:height\" content=\"1333\" \/>\n\t<meta property=\"og:image:type\" content=\"image\/jpeg\" \/>\n<meta name=\"author\" content=\"ccortez\" \/>\n<meta name=\"twitter:card\" content=\"summary_large_image\" \/>\n<meta name=\"twitter:creator\" content=\"@uartesec\" \/>\n<meta name=\"twitter:site\" content=\"@uartesec\" \/>\n<meta name=\"twitter:label1\" content=\"Written by\" \/>\n\t<meta name=\"twitter:data1\" content=\"ccortez\" \/>\n\t<meta name=\"twitter:label2\" content=\"Est. reading time\" \/>\n\t<meta name=\"twitter:data2\" content=\"4 minutes\" \/>\n<script type=\"application\/ld+json\" class=\"yoast-schema-graph\">{\"@context\":\"https:\\\/\\\/schema.org\",\"@graph\":[{\"@type\":\"Article\",\"@id\":\"https:\\\/\\\/www.uartes.edu.ec\\\/sitio\\\/en\\\/blog\\\/2022\\\/08\\\/31\\\/los-alumni-que-ganaron-convocatoria-de-la-biblioteca-de-las-artes-presentan-sus-proyectos\\\/#article\",\"isPartOf\":{\"@id\":\"https:\\\/\\\/www.uartes.edu.ec\\\/sitio\\\/en\\\/blog\\\/2022\\\/08\\\/31\\\/los-alumni-que-ganaron-convocatoria-de-la-biblioteca-de-las-artes-presentan-sus-proyectos\\\/\"},\"author\":{\"name\":\"ccortez\",\"@id\":\"https:\\\/\\\/www.uartes.edu.ec\\\/sitio\\\/en\\\/#\\\/schema\\\/person\\\/efa1b8275797664fd7f13a79ccc0b1f4\"},\"headline\":\"Alumni que respondieron y ganaron convocatoria de la Biblioteca de las Artes desarrollan ya sus propuestas\",\"datePublished\":\"2022-08-31T21:50:56+00:00\",\"dateModified\":\"2024-07-04T16:23:08+00:00\",\"mainEntityOfPage\":{\"@id\":\"https:\\\/\\\/www.uartes.edu.ec\\\/sitio\\\/en\\\/blog\\\/2022\\\/08\\\/31\\\/los-alumni-que-ganaron-convocatoria-de-la-biblioteca-de-las-artes-presentan-sus-proyectos\\\/\"},\"wordCount\":751,\"commentCount\":0,\"publisher\":{\"@id\":\"https:\\\/\\\/www.uartes.edu.ec\\\/sitio\\\/en\\\/#organization\"},\"image\":{\"@id\":\"https:\\\/\\\/www.uartes.edu.ec\\\/sitio\\\/en\\\/blog\\\/2022\\\/08\\\/31\\\/los-alumni-que-ganaron-convocatoria-de-la-biblioteca-de-las-artes-presentan-sus-proyectos\\\/#primaryimage\"},\"thumbnailUrl\":\"https:\\\/\\\/www.uartes.edu.ec\\\/sitio\\\/wp-content\\\/uploads\\\/2022\\\/08\\\/taller-alumni-web-3.jpg\",\"keywords\":[\"biblioteca de las artes\"],\"articleSection\":[\"Alumni\",\"Artes\",\"Investigaci\u00f3n\"],\"inLanguage\":\"en-US\",\"potentialAction\":[{\"@type\":\"CommentAction\",\"name\":\"Comment\",\"target\":[\"https:\\\/\\\/www.uartes.edu.ec\\\/sitio\\\/en\\\/blog\\\/2022\\\/08\\\/31\\\/los-alumni-que-ganaron-convocatoria-de-la-biblioteca-de-las-artes-presentan-sus-proyectos\\\/#respond\"]}]},{\"@type\":[\"WebPage\",\"ItemPage\"],\"@id\":\"https:\\\/\\\/www.uartes.edu.ec\\\/sitio\\\/en\\\/blog\\\/2022\\\/08\\\/31\\\/los-alumni-que-ganaron-convocatoria-de-la-biblioteca-de-las-artes-presentan-sus-proyectos\\\/\",\"url\":\"https:\\\/\\\/www.uartes.edu.ec\\\/sitio\\\/en\\\/blog\\\/2022\\\/08\\\/31\\\/los-alumni-que-ganaron-convocatoria-de-la-biblioteca-de-las-artes-presentan-sus-proyectos\\\/\",\"name\":\"Universidad de las Artes - Alumni que respondieron y ganaron convocatoria de la Biblioteca de las Artes desarrollan ya sus propuestas\",\"isPartOf\":{\"@id\":\"https:\\\/\\\/www.uartes.edu.ec\\\/sitio\\\/en\\\/#website\"},\"primaryImageOfPage\":{\"@id\":\"https:\\\/\\\/www.uartes.edu.ec\\\/sitio\\\/en\\\/blog\\\/2022\\\/08\\\/31\\\/los-alumni-que-ganaron-convocatoria-de-la-biblioteca-de-las-artes-presentan-sus-proyectos\\\/#primaryimage\"},\"image\":{\"@id\":\"https:\\\/\\\/www.uartes.edu.ec\\\/sitio\\\/en\\\/blog\\\/2022\\\/08\\\/31\\\/los-alumni-que-ganaron-convocatoria-de-la-biblioteca-de-las-artes-presentan-sus-proyectos\\\/#primaryimage\"},\"thumbnailUrl\":\"https:\\\/\\\/www.uartes.edu.ec\\\/sitio\\\/wp-content\\\/uploads\\\/2022\\\/08\\\/taller-alumni-web-3.jpg\",\"datePublished\":\"2022-08-31T21:50:56+00:00\",\"dateModified\":\"2024-07-04T16:23:08+00:00\",\"description\":\"Universidad de las Artes - Alumni que respondieron y ganaron convocatoria de la Biblioteca de las Artes desarrollan ya sus propuestas\",\"breadcrumb\":{\"@id\":\"https:\\\/\\\/www.uartes.edu.ec\\\/sitio\\\/en\\\/blog\\\/2022\\\/08\\\/31\\\/los-alumni-que-ganaron-convocatoria-de-la-biblioteca-de-las-artes-presentan-sus-proyectos\\\/#breadcrumb\"},\"inLanguage\":\"en-US\",\"potentialAction\":[{\"@type\":\"ReadAction\",\"target\":[\"https:\\\/\\\/www.uartes.edu.ec\\\/sitio\\\/en\\\/blog\\\/2022\\\/08\\\/31\\\/los-alumni-que-ganaron-convocatoria-de-la-biblioteca-de-las-artes-presentan-sus-proyectos\\\/\"]}]},{\"@type\":\"ImageObject\",\"inLanguage\":\"en-US\",\"@id\":\"https:\\\/\\\/www.uartes.edu.ec\\\/sitio\\\/en\\\/blog\\\/2022\\\/08\\\/31\\\/los-alumni-que-ganaron-convocatoria-de-la-biblioteca-de-las-artes-presentan-sus-proyectos\\\/#primaryimage\",\"url\":\"https:\\\/\\\/www.uartes.edu.ec\\\/sitio\\\/wp-content\\\/uploads\\\/2022\\\/08\\\/taller-alumni-web-3.jpg\",\"contentUrl\":\"https:\\\/\\\/www.uartes.edu.ec\\\/sitio\\\/wp-content\\\/uploads\\\/2022\\\/08\\\/taller-alumni-web-3.jpg\",\"width\":2000,\"height\":1333},{\"@type\":\"BreadcrumbList\",\"@id\":\"https:\\\/\\\/www.uartes.edu.ec\\\/sitio\\\/en\\\/blog\\\/2022\\\/08\\\/31\\\/los-alumni-que-ganaron-convocatoria-de-la-biblioteca-de-las-artes-presentan-sus-proyectos\\\/#breadcrumb\",\"itemListElement\":[{\"@type\":\"ListItem\",\"position\":1,\"name\":\"Inicio\",\"item\":\"https:\\\/\\\/www.uartes.edu.ec\\\/sitio\\\/\"},{\"@type\":\"ListItem\",\"position\":2,\"name\":\"Alumni que respondieron y ganaron convocatoria de la Biblioteca de las Artes desarrollan ya sus propuestas\"}]},{\"@type\":\"WebSite\",\"@id\":\"https:\\\/\\\/www.uartes.edu.ec\\\/sitio\\\/en\\\/#website\",\"url\":\"https:\\\/\\\/www.uartes.edu.ec\\\/sitio\\\/en\\\/\",\"name\":\"Universidad de las Artes\",\"description\":\"Sitio oficial de la Universidad Nacional de las Artes del Ecuador\",\"publisher\":{\"@id\":\"https:\\\/\\\/www.uartes.edu.ec\\\/sitio\\\/en\\\/#organization\"},\"potentialAction\":[{\"@type\":\"SearchAction\",\"target\":{\"@type\":\"EntryPoint\",\"urlTemplate\":\"https:\\\/\\\/www.uartes.edu.ec\\\/sitio\\\/en\\\/?s={search_term_string}\"},\"query-input\":{\"@type\":\"PropertyValueSpecification\",\"valueRequired\":true,\"valueName\":\"search_term_string\"}}],\"inLanguage\":\"en-US\"},{\"@type\":\"Organization\",\"@id\":\"https:\\\/\\\/www.uartes.edu.ec\\\/sitio\\\/en\\\/#organization\",\"name\":\"Universidad de las Artes\",\"url\":\"https:\\\/\\\/www.uartes.edu.ec\\\/sitio\\\/en\\\/\",\"logo\":{\"@type\":\"ImageObject\",\"inLanguage\":\"en-US\",\"@id\":\"https:\\\/\\\/www.uartes.edu.ec\\\/sitio\\\/en\\\/#\\\/schema\\\/logo\\\/image\\\/\",\"url\":\"https:\\\/\\\/www.uartes.edu.ec\\\/sitio\\\/wp-content\\\/uploads\\\/2022\\\/07\\\/logo-ua-horizontal.png\",\"contentUrl\":\"https:\\\/\\\/www.uartes.edu.ec\\\/sitio\\\/wp-content\\\/uploads\\\/2022\\\/07\\\/logo-ua-horizontal.png\",\"width\":800,\"height\":276,\"caption\":\"Universidad de las Artes\"},\"image\":{\"@id\":\"https:\\\/\\\/www.uartes.edu.ec\\\/sitio\\\/en\\\/#\\\/schema\\\/logo\\\/image\\\/\"},\"sameAs\":[\"https:\\\/\\\/www.facebook.com\\\/uartesec\",\"https:\\\/\\\/x.com\\\/uartesec\",\"https:\\\/\\\/www.tiktok.com\\\/@uartesec\"]},{\"@type\":\"Person\",\"@id\":\"https:\\\/\\\/www.uartes.edu.ec\\\/sitio\\\/en\\\/#\\\/schema\\\/person\\\/efa1b8275797664fd7f13a79ccc0b1f4\",\"name\":\"ccortez\",\"image\":{\"@type\":\"ImageObject\",\"inLanguage\":\"en-US\",\"@id\":\"https:\\\/\\\/secure.gravatar.com\\\/avatar\\\/b2a6f664a3ae8e074346ef91775736c5ec479e637ecced6842de9dc98b5da9cd?s=96&d=mm&r=g\",\"url\":\"https:\\\/\\\/secure.gravatar.com\\\/avatar\\\/b2a6f664a3ae8e074346ef91775736c5ec479e637ecced6842de9dc98b5da9cd?s=96&d=mm&r=g\",\"contentUrl\":\"https:\\\/\\\/secure.gravatar.com\\\/avatar\\\/b2a6f664a3ae8e074346ef91775736c5ec479e637ecced6842de9dc98b5da9cd?s=96&d=mm&r=g\",\"caption\":\"ccortez\"},\"url\":\"https:\\\/\\\/www.uartes.edu.ec\\\/sitio\\\/en\\\/blog\\\/author\\\/ccortez\\\/\"}]}<\/script>\n<!-- \/ Yoast SEO plugin. -->","yoast_head_json":{"title":"Universidad de las Artes - Alumni que respondieron y ganaron convocatoria de la Biblioteca de las Artes desarrollan ya sus propuestas","description":"Universidad de las Artes - Alumni que respondieron y ganaron convocatoria de la Biblioteca de las Artes desarrollan ya sus propuestas","robots":{"index":"index","follow":"follow","max-snippet":"max-snippet:-1","max-image-preview":"max-image-preview:large","max-video-preview":"max-video-preview:-1"},"canonical":"https:\/\/www.uartes.edu.ec\/sitio\/en\/blog\/2022\/08\/31\/los-alumni-que-ganaron-convocatoria-de-la-biblioteca-de-las-artes-presentan-sus-proyectos\/","og_locale":"en_US","og_type":"article","og_title":"Universidad de las Artes - Alumni que respondieron y ganaron convocatoria de la Biblioteca de las Artes desarrollan ya sus propuestas","og_description":"Universidad de las Artes - Alumni que respondieron y ganaron convocatoria de la Biblioteca de las Artes desarrollan ya sus propuestas","og_url":"https:\/\/www.uartes.edu.ec\/sitio\/en\/blog\/2022\/08\/31\/los-alumni-que-ganaron-convocatoria-de-la-biblioteca-de-las-artes-presentan-sus-proyectos\/","og_site_name":"Universidad de las Artes","article_publisher":"https:\/\/www.facebook.com\/uartesec","article_published_time":"2022-08-31T21:50:56+00:00","article_modified_time":"2024-07-04T16:23:08+00:00","og_image":[{"width":2000,"height":1333,"url":"https:\/\/www.uartes.edu.ec\/sitio\/wp-content\/uploads\/2022\/08\/taller-alumni-web-3.jpg","type":"image\/jpeg"}],"author":"ccortez","twitter_card":"summary_large_image","twitter_creator":"@uartesec","twitter_site":"@uartesec","twitter_misc":{"Written by":"ccortez","Est. reading time":"4 minutes"},"schema":{"@context":"https:\/\/schema.org","@graph":[{"@type":"Article","@id":"https:\/\/www.uartes.edu.ec\/sitio\/en\/blog\/2022\/08\/31\/los-alumni-que-ganaron-convocatoria-de-la-biblioteca-de-las-artes-presentan-sus-proyectos\/#article","isPartOf":{"@id":"https:\/\/www.uartes.edu.ec\/sitio\/en\/blog\/2022\/08\/31\/los-alumni-que-ganaron-convocatoria-de-la-biblioteca-de-las-artes-presentan-sus-proyectos\/"},"author":{"name":"ccortez","@id":"https:\/\/www.uartes.edu.ec\/sitio\/en\/#\/schema\/person\/efa1b8275797664fd7f13a79ccc0b1f4"},"headline":"Alumni que respondieron y ganaron convocatoria de la Biblioteca de las Artes desarrollan ya sus propuestas","datePublished":"2022-08-31T21:50:56+00:00","dateModified":"2024-07-04T16:23:08+00:00","mainEntityOfPage":{"@id":"https:\/\/www.uartes.edu.ec\/sitio\/en\/blog\/2022\/08\/31\/los-alumni-que-ganaron-convocatoria-de-la-biblioteca-de-las-artes-presentan-sus-proyectos\/"},"wordCount":751,"commentCount":0,"publisher":{"@id":"https:\/\/www.uartes.edu.ec\/sitio\/en\/#organization"},"image":{"@id":"https:\/\/www.uartes.edu.ec\/sitio\/en\/blog\/2022\/08\/31\/los-alumni-que-ganaron-convocatoria-de-la-biblioteca-de-las-artes-presentan-sus-proyectos\/#primaryimage"},"thumbnailUrl":"https:\/\/www.uartes.edu.ec\/sitio\/wp-content\/uploads\/2022\/08\/taller-alumni-web-3.jpg","keywords":["biblioteca de las artes"],"articleSection":["Alumni","Artes","Investigaci\u00f3n"],"inLanguage":"en-US","potentialAction":[{"@type":"CommentAction","name":"Comment","target":["https:\/\/www.uartes.edu.ec\/sitio\/en\/blog\/2022\/08\/31\/los-alumni-que-ganaron-convocatoria-de-la-biblioteca-de-las-artes-presentan-sus-proyectos\/#respond"]}]},{"@type":["WebPage","ItemPage"],"@id":"https:\/\/www.uartes.edu.ec\/sitio\/en\/blog\/2022\/08\/31\/los-alumni-que-ganaron-convocatoria-de-la-biblioteca-de-las-artes-presentan-sus-proyectos\/","url":"https:\/\/www.uartes.edu.ec\/sitio\/en\/blog\/2022\/08\/31\/los-alumni-que-ganaron-convocatoria-de-la-biblioteca-de-las-artes-presentan-sus-proyectos\/","name":"Universidad de las Artes - Alumni que respondieron y ganaron convocatoria de la Biblioteca de las Artes desarrollan ya sus propuestas","isPartOf":{"@id":"https:\/\/www.uartes.edu.ec\/sitio\/en\/#website"},"primaryImageOfPage":{"@id":"https:\/\/www.uartes.edu.ec\/sitio\/en\/blog\/2022\/08\/31\/los-alumni-que-ganaron-convocatoria-de-la-biblioteca-de-las-artes-presentan-sus-proyectos\/#primaryimage"},"image":{"@id":"https:\/\/www.uartes.edu.ec\/sitio\/en\/blog\/2022\/08\/31\/los-alumni-que-ganaron-convocatoria-de-la-biblioteca-de-las-artes-presentan-sus-proyectos\/#primaryimage"},"thumbnailUrl":"https:\/\/www.uartes.edu.ec\/sitio\/wp-content\/uploads\/2022\/08\/taller-alumni-web-3.jpg","datePublished":"2022-08-31T21:50:56+00:00","dateModified":"2024-07-04T16:23:08+00:00","description":"Universidad de las Artes - Alumni que respondieron y ganaron convocatoria de la Biblioteca de las Artes desarrollan ya sus propuestas","breadcrumb":{"@id":"https:\/\/www.uartes.edu.ec\/sitio\/en\/blog\/2022\/08\/31\/los-alumni-que-ganaron-convocatoria-de-la-biblioteca-de-las-artes-presentan-sus-proyectos\/#breadcrumb"},"inLanguage":"en-US","potentialAction":[{"@type":"ReadAction","target":["https:\/\/www.uartes.edu.ec\/sitio\/en\/blog\/2022\/08\/31\/los-alumni-que-ganaron-convocatoria-de-la-biblioteca-de-las-artes-presentan-sus-proyectos\/"]}]},{"@type":"ImageObject","inLanguage":"en-US","@id":"https:\/\/www.uartes.edu.ec\/sitio\/en\/blog\/2022\/08\/31\/los-alumni-que-ganaron-convocatoria-de-la-biblioteca-de-las-artes-presentan-sus-proyectos\/#primaryimage","url":"https:\/\/www.uartes.edu.ec\/sitio\/wp-content\/uploads\/2022\/08\/taller-alumni-web-3.jpg","contentUrl":"https:\/\/www.uartes.edu.ec\/sitio\/wp-content\/uploads\/2022\/08\/taller-alumni-web-3.jpg","width":2000,"height":1333},{"@type":"BreadcrumbList","@id":"https:\/\/www.uartes.edu.ec\/sitio\/en\/blog\/2022\/08\/31\/los-alumni-que-ganaron-convocatoria-de-la-biblioteca-de-las-artes-presentan-sus-proyectos\/#breadcrumb","itemListElement":[{"@type":"ListItem","position":1,"name":"Inicio","item":"https:\/\/www.uartes.edu.ec\/sitio\/"},{"@type":"ListItem","position":2,"name":"Alumni que respondieron y ganaron convocatoria de la Biblioteca de las Artes desarrollan ya sus propuestas"}]},{"@type":"WebSite","@id":"https:\/\/www.uartes.edu.ec\/sitio\/en\/#website","url":"https:\/\/www.uartes.edu.ec\/sitio\/en\/","name":"Universidad de las Artes","description":"Sitio oficial de la Universidad Nacional de las Artes del Ecuador","publisher":{"@id":"https:\/\/www.uartes.edu.ec\/sitio\/en\/#organization"},"potentialAction":[{"@type":"SearchAction","target":{"@type":"EntryPoint","urlTemplate":"https:\/\/www.uartes.edu.ec\/sitio\/en\/?s={search_term_string}"},"query-input":{"@type":"PropertyValueSpecification","valueRequired":true,"valueName":"search_term_string"}}],"inLanguage":"en-US"},{"@type":"Organization","@id":"https:\/\/www.uartes.edu.ec\/sitio\/en\/#organization","name":"Universidad de las Artes","url":"https:\/\/www.uartes.edu.ec\/sitio\/en\/","logo":{"@type":"ImageObject","inLanguage":"en-US","@id":"https:\/\/www.uartes.edu.ec\/sitio\/en\/#\/schema\/logo\/image\/","url":"https:\/\/www.uartes.edu.ec\/sitio\/wp-content\/uploads\/2022\/07\/logo-ua-horizontal.png","contentUrl":"https:\/\/www.uartes.edu.ec\/sitio\/wp-content\/uploads\/2022\/07\/logo-ua-horizontal.png","width":800,"height":276,"caption":"Universidad de las Artes"},"image":{"@id":"https:\/\/www.uartes.edu.ec\/sitio\/en\/#\/schema\/logo\/image\/"},"sameAs":["https:\/\/www.facebook.com\/uartesec","https:\/\/x.com\/uartesec","https:\/\/www.tiktok.com\/@uartesec"]},{"@type":"Person","@id":"https:\/\/www.uartes.edu.ec\/sitio\/en\/#\/schema\/person\/efa1b8275797664fd7f13a79ccc0b1f4","name":"ccortez","image":{"@type":"ImageObject","inLanguage":"en-US","@id":"https:\/\/secure.gravatar.com\/avatar\/b2a6f664a3ae8e074346ef91775736c5ec479e637ecced6842de9dc98b5da9cd?s=96&d=mm&r=g","url":"https:\/\/secure.gravatar.com\/avatar\/b2a6f664a3ae8e074346ef91775736c5ec479e637ecced6842de9dc98b5da9cd?s=96&d=mm&r=g","contentUrl":"https:\/\/secure.gravatar.com\/avatar\/b2a6f664a3ae8e074346ef91775736c5ec479e637ecced6842de9dc98b5da9cd?s=96&d=mm&r=g","caption":"ccortez"},"url":"https:\/\/www.uartes.edu.ec\/sitio\/en\/blog\/author\/ccortez\/"}]}},"uagb_featured_image_src":{"full":["https:\/\/www.uartes.edu.ec\/sitio\/wp-content\/uploads\/2022\/08\/taller-alumni-web-3.jpg",2000,1333,false],"thumbnail":["https:\/\/www.uartes.edu.ec\/sitio\/wp-content\/uploads\/2022\/08\/taller-alumni-web-3-150x150.jpg",150,150,true],"medium":["https:\/\/www.uartes.edu.ec\/sitio\/wp-content\/uploads\/2022\/08\/taller-alumni-web-3-300x200.jpg",300,200,true],"medium_large":["https:\/\/www.uartes.edu.ec\/sitio\/wp-content\/uploads\/2022\/08\/taller-alumni-web-3-768x512.jpg",768,512,true],"large":["https:\/\/www.uartes.edu.ec\/sitio\/wp-content\/uploads\/2022\/08\/taller-alumni-web-3-644x429.jpg",644,429,true],"1536x1536":["https:\/\/www.uartes.edu.ec\/sitio\/wp-content\/uploads\/2022\/08\/taller-alumni-web-3-1536x1024.jpg",1536,1024,true],"2048x2048":["https:\/\/www.uartes.edu.ec\/sitio\/wp-content\/uploads\/2022\/08\/taller-alumni-web-3.jpg",2000,1333,false],"trp-custom-language-flag":["https:\/\/www.uartes.edu.ec\/sitio\/wp-content\/uploads\/2022\/08\/taller-alumni-web-3.jpg",18,12,false],"htmega_size_585x295":["https:\/\/www.uartes.edu.ec\/sitio\/wp-content\/uploads\/2022\/08\/taller-alumni-web-3.jpg",443,295,false],"htmega_size_1170x536":["https:\/\/www.uartes.edu.ec\/sitio\/wp-content\/uploads\/2022\/08\/taller-alumni-web-3.jpg",804,536,false],"htmega_size_396x360":["https:\/\/www.uartes.edu.ec\/sitio\/wp-content\/uploads\/2022\/08\/taller-alumni-web-3.jpg",396,264,false],"gb-block-post-grid-landscape":["https:\/\/www.uartes.edu.ec\/sitio\/wp-content\/uploads\/2022\/08\/taller-alumni-web-3.jpg",600,400,false],"gb-block-post-grid-square":["https:\/\/www.uartes.edu.ec\/sitio\/wp-content\/uploads\/2022\/08\/taller-alumni-web-3.jpg",600,400,false],"university-hub-thumb":["https:\/\/www.uartes.edu.ec\/sitio\/wp-content\/uploads\/2022\/08\/taller-alumni-web-3-400x267.jpg",400,267,true]},"uagb_author_info":{"display_name":"ccortez","author_link":"https:\/\/www.uartes.edu.ec\/sitio\/en\/blog\/author\/ccortez\/"},"uagb_comment_info":0,"uagb_excerpt":"\u201cAl filo del mar\u201d fue el taller que Aracelly S\u00e1nchez dict\u00f3 los pasados 17, 19, 24 y 26 de agosto en la Biblioteca de las Artes. Es una de los alumni que respondieron a la convocatoria del repositorio de la UArtes para presentar proyectos a desarrollar en sus espacios. Al igual que ella tambi\u00e9n fueron&hellip;","featured_image_src":"https:\/\/www.uartes.edu.ec\/sitio\/wp-content\/uploads\/2022\/08\/taller-alumni-web-3.jpg","featured_image_src_square":"https:\/\/www.uartes.edu.ec\/sitio\/wp-content\/uploads\/2022\/08\/taller-alumni-web-3.jpg","author_info":{"display_name":"ccortez","author_link":"https:\/\/www.uartes.edu.ec\/sitio\/en\/blog\/author\/ccortez\/"},"publishpress_future_workflow_manual_trigger":{"enabledWorkflows":[]},"distributor_meta":false,"distributor_terms":false,"distributor_media":false,"distributor_original_site_name":"Universidad de las Artes","distributor_original_site_url":"https:\/\/www.uartes.edu.ec\/sitio\/en","push-errors":false,"_links":{"self":[{"href":"https:\/\/www.uartes.edu.ec\/sitio\/en\/wp-json\/wp\/v2\/posts\/27557","targetHints":{"allow":["GET"]}}],"collection":[{"href":"https:\/\/www.uartes.edu.ec\/sitio\/en\/wp-json\/wp\/v2\/posts"}],"about":[{"href":"https:\/\/www.uartes.edu.ec\/sitio\/en\/wp-json\/wp\/v2\/types\/post"}],"author":[{"embeddable":true,"href":"https:\/\/www.uartes.edu.ec\/sitio\/en\/wp-json\/wp\/v2\/users\/10"}],"replies":[{"embeddable":true,"href":"https:\/\/www.uartes.edu.ec\/sitio\/en\/wp-json\/wp\/v2\/comments?post=27557"}],"version-history":[{"count":10,"href":"https:\/\/www.uartes.edu.ec\/sitio\/en\/wp-json\/wp\/v2\/posts\/27557\/revisions"}],"predecessor-version":[{"id":27805,"href":"https:\/\/www.uartes.edu.ec\/sitio\/en\/wp-json\/wp\/v2\/posts\/27557\/revisions\/27805"}],"wp:featuredmedia":[{"embeddable":true,"href":"https:\/\/www.uartes.edu.ec\/sitio\/en\/wp-json\/wp\/v2\/media\/27773"}],"wp:attachment":[{"href":"https:\/\/www.uartes.edu.ec\/sitio\/en\/wp-json\/wp\/v2\/media?parent=27557"}],"wp:term":[{"taxonomy":"category","embeddable":true,"href":"https:\/\/www.uartes.edu.ec\/sitio\/en\/wp-json\/wp\/v2\/categories?post=27557"},{"taxonomy":"post_tag","embeddable":true,"href":"https:\/\/www.uartes.edu.ec\/sitio\/en\/wp-json\/wp\/v2\/tags?post=27557"},{"taxonomy":"infouartes","embeddable":true,"href":"https:\/\/www.uartes.edu.ec\/sitio\/en\/wp-json\/wp\/v2\/infouartes?post=27557"}],"curies":[{"name":"wp","href":"https:\/\/api.w.org\/{rel}","templated":true}]}}