{"id":27814,"date":"2022-09-02T18:37:00","date_gmt":"2022-09-02T23:37:00","guid":{"rendered":"http:\/\/www.uartes.edu.ec\/sitio\/?p=27814"},"modified":"2024-07-04T11:23:08","modified_gmt":"2024-07-04T16:23:08","slug":"residencia-de-creacion-en-fab-lab-con-constanza-pinainiciara-el-19-con-charla-y-concierto-corazon-de-robota","status":"publish","type":"post","link":"https:\/\/www.uartes.edu.ec\/sitio\/en\/blog\/2022\/09\/02\/residencia-de-creacion-en-fab-lab-con-constanza-pinainiciara-el-19-con-charla-y-concierto-corazon-de-robota\/","title":{"rendered":"Residencia de creaci\u00f3n en Fab Lab con Constanza Pi\u00f1a; el 19 habr\u00e1 una charla y el concierto \u201cCoraz\u00f3n de Robota\u201d"},"content":{"rendered":"<p>La charla \u201cAnarqu\u00eda electr\u00f3nica: Tecnolog\u00edas Libres,&nbsp;hazlo&nbsp;con otros&nbsp;y hag\u00e1moslo juntos\u201d y el concierto demostrativo \u201cCoraz\u00f3n de Robota\u201d que se desarrollar\u00e1n el 19 de septiembre pr\u00f3ximo en la Plaza P\u00fablica, a las 14:00 y 17:00, respectivamente, dar\u00e1n inicio a las actividades que la artista chilena Constanza Pi\u00f1a cumplir\u00e1 en el Centro de Producci\u00f3n e Innovaci\u00f3n MZ14 de la Universidad de las Artes.<\/p>\n\n\n\n<p>Ella es una artista visual, int\u00e9rprete de danza contempor\u00e1nea, investigadora y educadora independiente, enfocada en la experimentaci\u00f3n con medios electr\u00f3nicos, que estar\u00e1 en la UArtes cumpliendo una residencia de creaci\u00f3n del Fab Lab del MZ14, la cual se extender\u00e1 hasta el 26 de septiembre.<\/p>\n\n\n\n<p>Del martes 20 al domingo 25, de 09:00 a 16:00, tendr\u00e1 lugar en el Fab Lab y Proyect Room el laboratorio de creaci\u00f3n \u201cLa Orquesta Espectral\u201d; el s\u00e1bado 24, de 09:00 a 12:00, el coworking \u201cM\u00fasica con plastilina\u201d, dirigido a ni\u00f1os; y, el lunes 26, de 09:00 a 17:00, en el Proyect Room, la presentaci\u00f3n de resultados.<\/p>\n\n\n\n<p>Cabe indicar que en el proyecto sonoro \u201cCoraz\u00f3n de Robota\u201d, la artista presentar\u00e1 una perspectiva retro-tecnol\u00f3gica y tecno-manual en la creaci\u00f3n de artefactos sonoros low cost, construidos con baja tecnolog\u00eda, desechos, cajas de chocolates y reciclaje electr\u00f3nico.<br>En esta performance sonora, el set estar\u00e1 compuesto \u00fanicamente por sintetizadores, secuenciadores, cajas de ritmos, filtros y distorsiones hechos a mano, incorporando errores y aberraciones electr\u00f3nicas para explorar las dimensiones r\u00edtmicas del ruido, atravesando el espectro de las frecuencias audibles e inaudibles conduci\u00e9ndonos a un viaje sensorial de percepciones f\u00edsicas, vibraciones, frecuencias y demodulaci\u00f3n de mensajes c\u00f3smicos.<\/p>\n\n\n<div class=\"wp-block-image\">\n<figure class=\"aligncenter size-large\"><img fetchpriority=\"high\" decoding=\"async\" width=\"644\" height=\"429\" src=\"http:\/\/www.uartes.edu.ec\/sitio\/wp-content\/uploads\/2022\/09\/CORAZON-DE-ROBOTA-01-644x429.jpg\" alt=\"\" class=\"wp-image-27816\" srcset=\"https:\/\/www.uartes.edu.ec\/sitio\/wp-content\/uploads\/2022\/09\/CORAZON-DE-ROBOTA-01-644x429.jpg 644w, https:\/\/www.uartes.edu.ec\/sitio\/wp-content\/uploads\/2022\/09\/CORAZON-DE-ROBOTA-01-768x511.jpg 768w, https:\/\/www.uartes.edu.ec\/sitio\/wp-content\/uploads\/2022\/09\/CORAZON-DE-ROBOTA-01.jpg 2000w, https:\/\/www.uartes.edu.ec\/sitio\/wp-content\/uploads\/2022\/09\/CORAZON-DE-ROBOTA-01-600x399.jpg 600w, https:\/\/www.uartes.edu.ec\/sitio\/wp-content\/uploads\/2022\/09\/CORAZON-DE-ROBOTA-01-272x182.jpg 272w\" sizes=\"(max-width: 644px) 100vw, 644px\" \/><\/figure>\n<\/div>\n\n<div class=\"wp-block-image\">\n<figure class=\"aligncenter size-large\"><img decoding=\"async\" width=\"644\" height=\"429\" src=\"http:\/\/www.uartes.edu.ec\/sitio\/wp-content\/uploads\/2022\/09\/CORAZON-DE-ROBOTA-05-644x429.jpg\" alt=\"\" class=\"wp-image-27817\" srcset=\"https:\/\/www.uartes.edu.ec\/sitio\/wp-content\/uploads\/2022\/09\/CORAZON-DE-ROBOTA-05-644x429.jpg 644w, https:\/\/www.uartes.edu.ec\/sitio\/wp-content\/uploads\/2022\/09\/CORAZON-DE-ROBOTA-05-768x511.jpg 768w, https:\/\/www.uartes.edu.ec\/sitio\/wp-content\/uploads\/2022\/09\/CORAZON-DE-ROBOTA-05.jpg 2000w, https:\/\/www.uartes.edu.ec\/sitio\/wp-content\/uploads\/2022\/09\/CORAZON-DE-ROBOTA-05-600x399.jpg 600w, https:\/\/www.uartes.edu.ec\/sitio\/wp-content\/uploads\/2022\/09\/CORAZON-DE-ROBOTA-05-272x182.jpg 272w\" sizes=\"(max-width: 644px) 100vw, 644px\" \/><\/figure>\n<\/div>\n\n\n<p>\u201cLa Orquesta Espectral\u201d corresponde a un laboratorio de experimentaci\u00f3n con ruido y electromagnetismo, donde, desde una perspectiva art\u00edstica, especulativa y seudocient\u00edfica, se desarrollar\u00e1n algunos artefactos con dispositivos electr\u00f3nicos experimentales para captar se\u00f1ales ambientales de origen natural: como tormentas el\u00e9ctricas, movimientos tel\u00faricos, rayos c\u00f3smicos y campos magn\u00e9ticos de origen artificial.<br><br>Se crear\u00e1 tambi\u00e9n una versi\u00f3n simplificada del tan afamado Therem\u00edn, instrumento electromagn\u00e9tico creado en 1919 por el ruso Le\u00f3n Temer\u00e1n. Tiene la particularidad de ser ejecutado sin la necesidad de contacto f\u00edsico. El objetivo del taller es aprender electr\u00f3nica construyendo nuestros propios circuitos de amplificaci\u00f3n, audificaci\u00f3n y recepci\u00f3n basados en antenas para experimentar la escucha de los paisajes sonoros inaudibles y las voces de los espectros que nos circundan.<\/p>\n\n\n\n<h3 class=\"wp-block-heading\"><strong>La artista invitada, sus propuestas y trayectorias<\/strong><\/h3>\n\n\n\n<p>Las propuestas art\u00edsticas de Constanza Pi\u00f1a se presentan en diversos formatos integrando danza, performance sonoras y obras de car\u00e1cter participativo. Su trabajo explora el ruido como fen\u00f3meno sonoro, pol\u00edtico y cultural. Reflexiona sobre los conjuntos humano\/no-humano tecnol\u00f3gicos y el rol de las m\u00e1quinas en nuestra cultura, cuestionando la academia, el antropocentrismo, el capitalismo y el tecno-hetero-patriarcado como agentes que se contraponen al conocimiento abierto, la autonom\u00eda y la valorizaci\u00f3n del trabajo t\u00e9cnico manual.<\/p>\n\n\n\n<p>Interesada por el reciclaje, hardware hacking, electrotextiles, las antenas experimentales, la artesan\u00eda, la tecnolog\u00eda ancestral y la brujer\u00eda electr\u00f3nica, Pi\u00f1a genera el proyecto sonoro con sintetizadores DIY Coraz\u00f3n de Robota, donde explora el campo de las frecuencias audibles e inaudibles como percepciones f\u00edsicas, vibraciones como mensajes c\u00f3smicos, el &nbsp;ruido y la arritmia.<\/p>\n\n\n\n<p>La artista forma parte de varios colectivos de mujeres y disidencias, como el laboratorio de arte y tecnolog\u00eda Chimbalab (2009-2011), H\u00edbridas y Quimeras: Mujeres en la experimentaci\u00f3n sonora y electr\u00f3nica (2018-2021) y es Fundadora del Encuentro Tecnofeminista Cyborgrrrls en la Ciudad de M\u00e9xico (2017-2021) y el festival y sello Fuck the soundcheck! contra la violencia sexista en las pruebas de sonido (2019-2021).<\/p>\n\n\n\n<p>Pi\u00f1a vive y trabaja de forma n\u00f3mada y encarna la filosof\u00eda de la cultura libre, la anarqu\u00eda electr\u00f3nica y el tecnofeminismo. Sus investigaciones sobre sintetizadores hechos a mano y electrotextiles se pueden ver en su blog <a href=\"http:\/\/www.corazonderobota.wordpress.com\">http:\/\/www.corazonderobota.wordpress.com<\/a><\/p>\n\n\n\n<p>M\u00e1s informaci\u00f3n e inscripciones a los talleres en: <a href=\"https:\/\/l.instagram.com\/?u=https%3A%2F%2Flinktr.ee%2Fmz14&amp;e=ATPnbeyn1c3SEN98Vpq03YAKzI5rKydrjtgSxJ6VbiN2WcgdrkQlKpCo41BA2zAIPK1D-Z5OabJn3847pAOQng&amp;s=1\" target=\"_blank\" rel=\"noreferrer noopener\">https:\/\/linktr.ee\/mz14<\/a><\/p>","protected":false},"excerpt":{"rendered":"<p>La charla \u201cAnarqu\u00eda electr\u00f3nica: Tecnolog\u00edas Libres, hazlo con otros y hag\u00e1moslo juntos\u201d y el concierto demostrativo \u201cCoraz\u00f3n de Robota\u201d que se desarrollar\u00e1n el 19 de septiembre pr\u00f3ximo en la Plaza P\u00fablica, a las 14:00 y 17:00, respectivamente, dar\u00e1n inicio a las actividades que la artista chilena Constanza Pi\u00f1a cumplir\u00e1 en el Centro de Producci\u00f3n e Innovaci\u00f3n MZ14 de la Universidad de las Artes.<\/p>","protected":false},"author":10,"featured_media":27815,"comment_status":"open","ping_status":"open","sticky":false,"template":"","format":"standard","meta":{"_acf_changed":false,"_uag_custom_page_level_css":"","_monsterinsights_skip_tracking":false,"_monsterinsights_sitenote_active":false,"_monsterinsights_sitenote_note":"","_monsterinsights_sitenote_category":0,"cybocfi_hide_featured_image":"","footnotes":""},"categories":[717,490,82,75,76,284],"tags":[],"infouartes":[],"class_list":["post-27814","post","type-post","status-publish","format-standard","has-post-thumbnail","hentry","category-1d","category-alumni","category-artes","category-docentes","category-estudiantes","category-investigacion"],"acf":[],"yoast_head":"<!-- This site is optimized with the Yoast SEO plugin v27.4 - https:\/\/yoast.com\/product\/yoast-seo-wordpress\/ -->\n<title>Universidad de las Artes - Residencia de creaci\u00f3n en Fab Lab con Constanza Pi\u00f1a; el 19 habr\u00e1 una charla y el concierto \u201cCoraz\u00f3n de Robota\u201d<\/title>\n<meta name=\"description\" content=\"Universidad de las Artes - Residencia de creaci\u00f3n en Fab Lab con Constanza Pi\u00f1a; el 19 habr\u00e1 una charla y el concierto \u201cCoraz\u00f3n de Robota\u201d\" \/>\n<meta name=\"robots\" content=\"index, follow, max-snippet:-1, max-image-preview:large, max-video-preview:-1\" \/>\n<link rel=\"canonical\" href=\"https:\/\/www.uartes.edu.ec\/sitio\/en\/blog\/2022\/09\/02\/residencia-de-creacion-en-fab-lab-con-constanza-pinainiciara-el-19-con-charla-y-concierto-corazon-de-robota\/\" \/>\n<meta property=\"og:locale\" content=\"en_US\" \/>\n<meta property=\"og:type\" content=\"article\" \/>\n<meta property=\"og:title\" content=\"Universidad de las Artes - Residencia de creaci\u00f3n en Fab Lab con Constanza Pi\u00f1a; el 19 habr\u00e1 una charla y el concierto \u201cCoraz\u00f3n de Robota\u201d\" \/>\n<meta property=\"og:description\" content=\"Universidad de las Artes - Residencia de creaci\u00f3n en Fab Lab con Constanza Pi\u00f1a; el 19 habr\u00e1 una charla y el concierto \u201cCoraz\u00f3n de Robota\u201d\" \/>\n<meta property=\"og:url\" content=\"https:\/\/www.uartes.edu.ec\/sitio\/en\/blog\/2022\/09\/02\/residencia-de-creacion-en-fab-lab-con-constanza-pinainiciara-el-19-con-charla-y-concierto-corazon-de-robota\/\" \/>\n<meta property=\"og:site_name\" content=\"Universidad de las Artes\" \/>\n<meta property=\"article:publisher\" content=\"https:\/\/www.facebook.com\/uartesec\" \/>\n<meta property=\"article:published_time\" content=\"2022-09-02T23:37:00+00:00\" \/>\n<meta property=\"article:modified_time\" content=\"2024-07-04T16:23:08+00:00\" \/>\n<meta property=\"og:image\" content=\"https:\/\/www.uartes.edu.ec\/sitio\/wp-content\/uploads\/2022\/09\/CORAZON-DE-ROBOTA-04.jpg\" \/>\n\t<meta property=\"og:image:width\" content=\"2000\" \/>\n\t<meta property=\"og:image:height\" content=\"1333\" \/>\n\t<meta property=\"og:image:type\" content=\"image\/jpeg\" \/>\n<meta name=\"author\" content=\"ccortez\" \/>\n<meta name=\"twitter:card\" content=\"summary_large_image\" \/>\n<meta name=\"twitter:creator\" content=\"@uartesec\" \/>\n<meta name=\"twitter:site\" content=\"@uartesec\" \/>\n<meta name=\"twitter:label1\" content=\"Written by\" \/>\n\t<meta name=\"twitter:data1\" content=\"ccortez\" \/>\n\t<meta name=\"twitter:label2\" content=\"Est. reading time\" \/>\n\t<meta name=\"twitter:data2\" content=\"4 minutes\" \/>\n<script type=\"application\/ld+json\" class=\"yoast-schema-graph\">{\"@context\":\"https:\\\/\\\/schema.org\",\"@graph\":[{\"@type\":\"Article\",\"@id\":\"https:\\\/\\\/www.uartes.edu.ec\\\/sitio\\\/en\\\/blog\\\/2022\\\/09\\\/02\\\/residencia-de-creacion-en-fab-lab-con-constanza-pinainiciara-el-19-con-charla-y-concierto-corazon-de-robota\\\/#article\",\"isPartOf\":{\"@id\":\"https:\\\/\\\/www.uartes.edu.ec\\\/sitio\\\/en\\\/blog\\\/2022\\\/09\\\/02\\\/residencia-de-creacion-en-fab-lab-con-constanza-pinainiciara-el-19-con-charla-y-concierto-corazon-de-robota\\\/\"},\"author\":{\"name\":\"ccortez\",\"@id\":\"https:\\\/\\\/www.uartes.edu.ec\\\/sitio\\\/en\\\/#\\\/schema\\\/person\\\/efa1b8275797664fd7f13a79ccc0b1f4\"},\"headline\":\"Residencia de creaci\u00f3n en Fab Lab con Constanza Pi\u00f1a; el 19 habr\u00e1 una charla y el concierto \u201cCoraz\u00f3n de Robota\u201d\",\"datePublished\":\"2022-09-02T23:37:00+00:00\",\"dateModified\":\"2024-07-04T16:23:08+00:00\",\"mainEntityOfPage\":{\"@id\":\"https:\\\/\\\/www.uartes.edu.ec\\\/sitio\\\/en\\\/blog\\\/2022\\\/09\\\/02\\\/residencia-de-creacion-en-fab-lab-con-constanza-pinainiciara-el-19-con-charla-y-concierto-corazon-de-robota\\\/\"},\"wordCount\":719,\"commentCount\":0,\"publisher\":{\"@id\":\"https:\\\/\\\/www.uartes.edu.ec\\\/sitio\\\/en\\\/#organization\"},\"image\":{\"@id\":\"https:\\\/\\\/www.uartes.edu.ec\\\/sitio\\\/en\\\/blog\\\/2022\\\/09\\\/02\\\/residencia-de-creacion-en-fab-lab-con-constanza-pinainiciara-el-19-con-charla-y-concierto-corazon-de-robota\\\/#primaryimage\"},\"thumbnailUrl\":\"https:\\\/\\\/www.uartes.edu.ec\\\/sitio\\\/wp-content\\\/uploads\\\/2022\\\/09\\\/CORAZON-DE-ROBOTA-04.jpg\",\"articleSection\":[\"1D\",\"Alumni\",\"Artes\",\"Docentes\",\"Estudiantes\",\"Investigaci\u00f3n\"],\"inLanguage\":\"en-US\",\"potentialAction\":[{\"@type\":\"CommentAction\",\"name\":\"Comment\",\"target\":[\"https:\\\/\\\/www.uartes.edu.ec\\\/sitio\\\/en\\\/blog\\\/2022\\\/09\\\/02\\\/residencia-de-creacion-en-fab-lab-con-constanza-pinainiciara-el-19-con-charla-y-concierto-corazon-de-robota\\\/#respond\"]}]},{\"@type\":[\"WebPage\",\"ItemPage\"],\"@id\":\"https:\\\/\\\/www.uartes.edu.ec\\\/sitio\\\/en\\\/blog\\\/2022\\\/09\\\/02\\\/residencia-de-creacion-en-fab-lab-con-constanza-pinainiciara-el-19-con-charla-y-concierto-corazon-de-robota\\\/\",\"url\":\"https:\\\/\\\/www.uartes.edu.ec\\\/sitio\\\/en\\\/blog\\\/2022\\\/09\\\/02\\\/residencia-de-creacion-en-fab-lab-con-constanza-pinainiciara-el-19-con-charla-y-concierto-corazon-de-robota\\\/\",\"name\":\"Universidad de las Artes - Residencia de creaci\u00f3n en Fab Lab con Constanza Pi\u00f1a; el 19 habr\u00e1 una charla y el concierto \u201cCoraz\u00f3n de Robota\u201d\",\"isPartOf\":{\"@id\":\"https:\\\/\\\/www.uartes.edu.ec\\\/sitio\\\/en\\\/#website\"},\"primaryImageOfPage\":{\"@id\":\"https:\\\/\\\/www.uartes.edu.ec\\\/sitio\\\/en\\\/blog\\\/2022\\\/09\\\/02\\\/residencia-de-creacion-en-fab-lab-con-constanza-pinainiciara-el-19-con-charla-y-concierto-corazon-de-robota\\\/#primaryimage\"},\"image\":{\"@id\":\"https:\\\/\\\/www.uartes.edu.ec\\\/sitio\\\/en\\\/blog\\\/2022\\\/09\\\/02\\\/residencia-de-creacion-en-fab-lab-con-constanza-pinainiciara-el-19-con-charla-y-concierto-corazon-de-robota\\\/#primaryimage\"},\"thumbnailUrl\":\"https:\\\/\\\/www.uartes.edu.ec\\\/sitio\\\/wp-content\\\/uploads\\\/2022\\\/09\\\/CORAZON-DE-ROBOTA-04.jpg\",\"datePublished\":\"2022-09-02T23:37:00+00:00\",\"dateModified\":\"2024-07-04T16:23:08+00:00\",\"description\":\"Universidad de las Artes - Residencia de creaci\u00f3n en Fab Lab con Constanza Pi\u00f1a; el 19 habr\u00e1 una charla y el concierto \u201cCoraz\u00f3n de Robota\u201d\",\"breadcrumb\":{\"@id\":\"https:\\\/\\\/www.uartes.edu.ec\\\/sitio\\\/en\\\/blog\\\/2022\\\/09\\\/02\\\/residencia-de-creacion-en-fab-lab-con-constanza-pinainiciara-el-19-con-charla-y-concierto-corazon-de-robota\\\/#breadcrumb\"},\"inLanguage\":\"en-US\",\"potentialAction\":[{\"@type\":\"ReadAction\",\"target\":[\"https:\\\/\\\/www.uartes.edu.ec\\\/sitio\\\/en\\\/blog\\\/2022\\\/09\\\/02\\\/residencia-de-creacion-en-fab-lab-con-constanza-pinainiciara-el-19-con-charla-y-concierto-corazon-de-robota\\\/\"]}]},{\"@type\":\"ImageObject\",\"inLanguage\":\"en-US\",\"@id\":\"https:\\\/\\\/www.uartes.edu.ec\\\/sitio\\\/en\\\/blog\\\/2022\\\/09\\\/02\\\/residencia-de-creacion-en-fab-lab-con-constanza-pinainiciara-el-19-con-charla-y-concierto-corazon-de-robota\\\/#primaryimage\",\"url\":\"https:\\\/\\\/www.uartes.edu.ec\\\/sitio\\\/wp-content\\\/uploads\\\/2022\\\/09\\\/CORAZON-DE-ROBOTA-04.jpg\",\"contentUrl\":\"https:\\\/\\\/www.uartes.edu.ec\\\/sitio\\\/wp-content\\\/uploads\\\/2022\\\/09\\\/CORAZON-DE-ROBOTA-04.jpg\",\"width\":2000,\"height\":1333},{\"@type\":\"BreadcrumbList\",\"@id\":\"https:\\\/\\\/www.uartes.edu.ec\\\/sitio\\\/en\\\/blog\\\/2022\\\/09\\\/02\\\/residencia-de-creacion-en-fab-lab-con-constanza-pinainiciara-el-19-con-charla-y-concierto-corazon-de-robota\\\/#breadcrumb\",\"itemListElement\":[{\"@type\":\"ListItem\",\"position\":1,\"name\":\"Inicio\",\"item\":\"https:\\\/\\\/www.uartes.edu.ec\\\/sitio\\\/\"},{\"@type\":\"ListItem\",\"position\":2,\"name\":\"Residencia de creaci\u00f3n en Fab Lab con Constanza Pi\u00f1a; el 19 habr\u00e1 una charla y el concierto \u201cCoraz\u00f3n de Robota\u201d\"}]},{\"@type\":\"WebSite\",\"@id\":\"https:\\\/\\\/www.uartes.edu.ec\\\/sitio\\\/en\\\/#website\",\"url\":\"https:\\\/\\\/www.uartes.edu.ec\\\/sitio\\\/en\\\/\",\"name\":\"Universidad de las Artes\",\"description\":\"Sitio oficial de la Universidad Nacional de las Artes del Ecuador\",\"publisher\":{\"@id\":\"https:\\\/\\\/www.uartes.edu.ec\\\/sitio\\\/en\\\/#organization\"},\"potentialAction\":[{\"@type\":\"SearchAction\",\"target\":{\"@type\":\"EntryPoint\",\"urlTemplate\":\"https:\\\/\\\/www.uartes.edu.ec\\\/sitio\\\/en\\\/?s={search_term_string}\"},\"query-input\":{\"@type\":\"PropertyValueSpecification\",\"valueRequired\":true,\"valueName\":\"search_term_string\"}}],\"inLanguage\":\"en-US\"},{\"@type\":\"Organization\",\"@id\":\"https:\\\/\\\/www.uartes.edu.ec\\\/sitio\\\/en\\\/#organization\",\"name\":\"Universidad de las Artes\",\"url\":\"https:\\\/\\\/www.uartes.edu.ec\\\/sitio\\\/en\\\/\",\"logo\":{\"@type\":\"ImageObject\",\"inLanguage\":\"en-US\",\"@id\":\"https:\\\/\\\/www.uartes.edu.ec\\\/sitio\\\/en\\\/#\\\/schema\\\/logo\\\/image\\\/\",\"url\":\"https:\\\/\\\/www.uartes.edu.ec\\\/sitio\\\/wp-content\\\/uploads\\\/2022\\\/07\\\/logo-ua-horizontal.png\",\"contentUrl\":\"https:\\\/\\\/www.uartes.edu.ec\\\/sitio\\\/wp-content\\\/uploads\\\/2022\\\/07\\\/logo-ua-horizontal.png\",\"width\":800,\"height\":276,\"caption\":\"Universidad de las Artes\"},\"image\":{\"@id\":\"https:\\\/\\\/www.uartes.edu.ec\\\/sitio\\\/en\\\/#\\\/schema\\\/logo\\\/image\\\/\"},\"sameAs\":[\"https:\\\/\\\/www.facebook.com\\\/uartesec\",\"https:\\\/\\\/x.com\\\/uartesec\",\"https:\\\/\\\/www.tiktok.com\\\/@uartesec\"]},{\"@type\":\"Person\",\"@id\":\"https:\\\/\\\/www.uartes.edu.ec\\\/sitio\\\/en\\\/#\\\/schema\\\/person\\\/efa1b8275797664fd7f13a79ccc0b1f4\",\"name\":\"ccortez\",\"image\":{\"@type\":\"ImageObject\",\"inLanguage\":\"en-US\",\"@id\":\"https:\\\/\\\/secure.gravatar.com\\\/avatar\\\/b2a6f664a3ae8e074346ef91775736c5ec479e637ecced6842de9dc98b5da9cd?s=96&d=mm&r=g\",\"url\":\"https:\\\/\\\/secure.gravatar.com\\\/avatar\\\/b2a6f664a3ae8e074346ef91775736c5ec479e637ecced6842de9dc98b5da9cd?s=96&d=mm&r=g\",\"contentUrl\":\"https:\\\/\\\/secure.gravatar.com\\\/avatar\\\/b2a6f664a3ae8e074346ef91775736c5ec479e637ecced6842de9dc98b5da9cd?s=96&d=mm&r=g\",\"caption\":\"ccortez\"},\"url\":\"https:\\\/\\\/www.uartes.edu.ec\\\/sitio\\\/en\\\/blog\\\/author\\\/ccortez\\\/\"}]}<\/script>\n<!-- \/ Yoast SEO plugin. -->","yoast_head_json":{"title":"Universidad de las Artes - Residencia de creaci\u00f3n en Fab Lab con Constanza Pi\u00f1a; el 19 habr\u00e1 una charla y el concierto \u201cCoraz\u00f3n de Robota\u201d","description":"Universidad de las Artes - Residencia de creaci\u00f3n en Fab Lab con Constanza Pi\u00f1a; el 19 habr\u00e1 una charla y el concierto \u201cCoraz\u00f3n de Robota\u201d","robots":{"index":"index","follow":"follow","max-snippet":"max-snippet:-1","max-image-preview":"max-image-preview:large","max-video-preview":"max-video-preview:-1"},"canonical":"https:\/\/www.uartes.edu.ec\/sitio\/en\/blog\/2022\/09\/02\/residencia-de-creacion-en-fab-lab-con-constanza-pinainiciara-el-19-con-charla-y-concierto-corazon-de-robota\/","og_locale":"en_US","og_type":"article","og_title":"Universidad de las Artes - Residencia de creaci\u00f3n en Fab Lab con Constanza Pi\u00f1a; el 19 habr\u00e1 una charla y el concierto \u201cCoraz\u00f3n de Robota\u201d","og_description":"Universidad de las Artes - Residencia de creaci\u00f3n en Fab Lab con Constanza Pi\u00f1a; el 19 habr\u00e1 una charla y el concierto \u201cCoraz\u00f3n de Robota\u201d","og_url":"https:\/\/www.uartes.edu.ec\/sitio\/en\/blog\/2022\/09\/02\/residencia-de-creacion-en-fab-lab-con-constanza-pinainiciara-el-19-con-charla-y-concierto-corazon-de-robota\/","og_site_name":"Universidad de las Artes","article_publisher":"https:\/\/www.facebook.com\/uartesec","article_published_time":"2022-09-02T23:37:00+00:00","article_modified_time":"2024-07-04T16:23:08+00:00","og_image":[{"width":2000,"height":1333,"url":"https:\/\/www.uartes.edu.ec\/sitio\/wp-content\/uploads\/2022\/09\/CORAZON-DE-ROBOTA-04.jpg","type":"image\/jpeg"}],"author":"ccortez","twitter_card":"summary_large_image","twitter_creator":"@uartesec","twitter_site":"@uartesec","twitter_misc":{"Written by":"ccortez","Est. reading time":"4 minutes"},"schema":{"@context":"https:\/\/schema.org","@graph":[{"@type":"Article","@id":"https:\/\/www.uartes.edu.ec\/sitio\/en\/blog\/2022\/09\/02\/residencia-de-creacion-en-fab-lab-con-constanza-pinainiciara-el-19-con-charla-y-concierto-corazon-de-robota\/#article","isPartOf":{"@id":"https:\/\/www.uartes.edu.ec\/sitio\/en\/blog\/2022\/09\/02\/residencia-de-creacion-en-fab-lab-con-constanza-pinainiciara-el-19-con-charla-y-concierto-corazon-de-robota\/"},"author":{"name":"ccortez","@id":"https:\/\/www.uartes.edu.ec\/sitio\/en\/#\/schema\/person\/efa1b8275797664fd7f13a79ccc0b1f4"},"headline":"Residencia de creaci\u00f3n en Fab Lab con Constanza Pi\u00f1a; el 19 habr\u00e1 una charla y el concierto \u201cCoraz\u00f3n de Robota\u201d","datePublished":"2022-09-02T23:37:00+00:00","dateModified":"2024-07-04T16:23:08+00:00","mainEntityOfPage":{"@id":"https:\/\/www.uartes.edu.ec\/sitio\/en\/blog\/2022\/09\/02\/residencia-de-creacion-en-fab-lab-con-constanza-pinainiciara-el-19-con-charla-y-concierto-corazon-de-robota\/"},"wordCount":719,"commentCount":0,"publisher":{"@id":"https:\/\/www.uartes.edu.ec\/sitio\/en\/#organization"},"image":{"@id":"https:\/\/www.uartes.edu.ec\/sitio\/en\/blog\/2022\/09\/02\/residencia-de-creacion-en-fab-lab-con-constanza-pinainiciara-el-19-con-charla-y-concierto-corazon-de-robota\/#primaryimage"},"thumbnailUrl":"https:\/\/www.uartes.edu.ec\/sitio\/wp-content\/uploads\/2022\/09\/CORAZON-DE-ROBOTA-04.jpg","articleSection":["1D","Alumni","Artes","Docentes","Estudiantes","Investigaci\u00f3n"],"inLanguage":"en-US","potentialAction":[{"@type":"CommentAction","name":"Comment","target":["https:\/\/www.uartes.edu.ec\/sitio\/en\/blog\/2022\/09\/02\/residencia-de-creacion-en-fab-lab-con-constanza-pinainiciara-el-19-con-charla-y-concierto-corazon-de-robota\/#respond"]}]},{"@type":["WebPage","ItemPage"],"@id":"https:\/\/www.uartes.edu.ec\/sitio\/en\/blog\/2022\/09\/02\/residencia-de-creacion-en-fab-lab-con-constanza-pinainiciara-el-19-con-charla-y-concierto-corazon-de-robota\/","url":"https:\/\/www.uartes.edu.ec\/sitio\/en\/blog\/2022\/09\/02\/residencia-de-creacion-en-fab-lab-con-constanza-pinainiciara-el-19-con-charla-y-concierto-corazon-de-robota\/","name":"Universidad de las Artes - Residencia de creaci\u00f3n en Fab Lab con Constanza Pi\u00f1a; el 19 habr\u00e1 una charla y el concierto \u201cCoraz\u00f3n de Robota\u201d","isPartOf":{"@id":"https:\/\/www.uartes.edu.ec\/sitio\/en\/#website"},"primaryImageOfPage":{"@id":"https:\/\/www.uartes.edu.ec\/sitio\/en\/blog\/2022\/09\/02\/residencia-de-creacion-en-fab-lab-con-constanza-pinainiciara-el-19-con-charla-y-concierto-corazon-de-robota\/#primaryimage"},"image":{"@id":"https:\/\/www.uartes.edu.ec\/sitio\/en\/blog\/2022\/09\/02\/residencia-de-creacion-en-fab-lab-con-constanza-pinainiciara-el-19-con-charla-y-concierto-corazon-de-robota\/#primaryimage"},"thumbnailUrl":"https:\/\/www.uartes.edu.ec\/sitio\/wp-content\/uploads\/2022\/09\/CORAZON-DE-ROBOTA-04.jpg","datePublished":"2022-09-02T23:37:00+00:00","dateModified":"2024-07-04T16:23:08+00:00","description":"Universidad de las Artes - Residencia de creaci\u00f3n en Fab Lab con Constanza Pi\u00f1a; el 19 habr\u00e1 una charla y el concierto \u201cCoraz\u00f3n de Robota\u201d","breadcrumb":{"@id":"https:\/\/www.uartes.edu.ec\/sitio\/en\/blog\/2022\/09\/02\/residencia-de-creacion-en-fab-lab-con-constanza-pinainiciara-el-19-con-charla-y-concierto-corazon-de-robota\/#breadcrumb"},"inLanguage":"en-US","potentialAction":[{"@type":"ReadAction","target":["https:\/\/www.uartes.edu.ec\/sitio\/en\/blog\/2022\/09\/02\/residencia-de-creacion-en-fab-lab-con-constanza-pinainiciara-el-19-con-charla-y-concierto-corazon-de-robota\/"]}]},{"@type":"ImageObject","inLanguage":"en-US","@id":"https:\/\/www.uartes.edu.ec\/sitio\/en\/blog\/2022\/09\/02\/residencia-de-creacion-en-fab-lab-con-constanza-pinainiciara-el-19-con-charla-y-concierto-corazon-de-robota\/#primaryimage","url":"https:\/\/www.uartes.edu.ec\/sitio\/wp-content\/uploads\/2022\/09\/CORAZON-DE-ROBOTA-04.jpg","contentUrl":"https:\/\/www.uartes.edu.ec\/sitio\/wp-content\/uploads\/2022\/09\/CORAZON-DE-ROBOTA-04.jpg","width":2000,"height":1333},{"@type":"BreadcrumbList","@id":"https:\/\/www.uartes.edu.ec\/sitio\/en\/blog\/2022\/09\/02\/residencia-de-creacion-en-fab-lab-con-constanza-pinainiciara-el-19-con-charla-y-concierto-corazon-de-robota\/#breadcrumb","itemListElement":[{"@type":"ListItem","position":1,"name":"Inicio","item":"https:\/\/www.uartes.edu.ec\/sitio\/"},{"@type":"ListItem","position":2,"name":"Residencia de creaci\u00f3n en Fab Lab con Constanza Pi\u00f1a; el 19 habr\u00e1 una charla y el concierto \u201cCoraz\u00f3n de Robota\u201d"}]},{"@type":"WebSite","@id":"https:\/\/www.uartes.edu.ec\/sitio\/en\/#website","url":"https:\/\/www.uartes.edu.ec\/sitio\/en\/","name":"Universidad de las Artes","description":"Sitio oficial de la Universidad Nacional de las Artes del Ecuador","publisher":{"@id":"https:\/\/www.uartes.edu.ec\/sitio\/en\/#organization"},"potentialAction":[{"@type":"SearchAction","target":{"@type":"EntryPoint","urlTemplate":"https:\/\/www.uartes.edu.ec\/sitio\/en\/?s={search_term_string}"},"query-input":{"@type":"PropertyValueSpecification","valueRequired":true,"valueName":"search_term_string"}}],"inLanguage":"en-US"},{"@type":"Organization","@id":"https:\/\/www.uartes.edu.ec\/sitio\/en\/#organization","name":"Universidad de las Artes","url":"https:\/\/www.uartes.edu.ec\/sitio\/en\/","logo":{"@type":"ImageObject","inLanguage":"en-US","@id":"https:\/\/www.uartes.edu.ec\/sitio\/en\/#\/schema\/logo\/image\/","url":"https:\/\/www.uartes.edu.ec\/sitio\/wp-content\/uploads\/2022\/07\/logo-ua-horizontal.png","contentUrl":"https:\/\/www.uartes.edu.ec\/sitio\/wp-content\/uploads\/2022\/07\/logo-ua-horizontal.png","width":800,"height":276,"caption":"Universidad de las Artes"},"image":{"@id":"https:\/\/www.uartes.edu.ec\/sitio\/en\/#\/schema\/logo\/image\/"},"sameAs":["https:\/\/www.facebook.com\/uartesec","https:\/\/x.com\/uartesec","https:\/\/www.tiktok.com\/@uartesec"]},{"@type":"Person","@id":"https:\/\/www.uartes.edu.ec\/sitio\/en\/#\/schema\/person\/efa1b8275797664fd7f13a79ccc0b1f4","name":"ccortez","image":{"@type":"ImageObject","inLanguage":"en-US","@id":"https:\/\/secure.gravatar.com\/avatar\/b2a6f664a3ae8e074346ef91775736c5ec479e637ecced6842de9dc98b5da9cd?s=96&d=mm&r=g","url":"https:\/\/secure.gravatar.com\/avatar\/b2a6f664a3ae8e074346ef91775736c5ec479e637ecced6842de9dc98b5da9cd?s=96&d=mm&r=g","contentUrl":"https:\/\/secure.gravatar.com\/avatar\/b2a6f664a3ae8e074346ef91775736c5ec479e637ecced6842de9dc98b5da9cd?s=96&d=mm&r=g","caption":"ccortez"},"url":"https:\/\/www.uartes.edu.ec\/sitio\/en\/blog\/author\/ccortez\/"}]}},"uagb_featured_image_src":{"full":["https:\/\/www.uartes.edu.ec\/sitio\/wp-content\/uploads\/2022\/09\/CORAZON-DE-ROBOTA-04.jpg",2000,1333,false],"thumbnail":["https:\/\/www.uartes.edu.ec\/sitio\/wp-content\/uploads\/2022\/09\/CORAZON-DE-ROBOTA-04-150x150.jpg",150,150,true],"medium":["https:\/\/www.uartes.edu.ec\/sitio\/wp-content\/uploads\/2022\/09\/CORAZON-DE-ROBOTA-04-300x200.jpg",300,200,true],"medium_large":["https:\/\/www.uartes.edu.ec\/sitio\/wp-content\/uploads\/2022\/09\/CORAZON-DE-ROBOTA-04-768x512.jpg",768,512,true],"large":["https:\/\/www.uartes.edu.ec\/sitio\/wp-content\/uploads\/2022\/09\/CORAZON-DE-ROBOTA-04-644x429.jpg",644,429,true],"1536x1536":["https:\/\/www.uartes.edu.ec\/sitio\/wp-content\/uploads\/2022\/09\/CORAZON-DE-ROBOTA-04-1536x1024.jpg",1536,1024,true],"2048x2048":["https:\/\/www.uartes.edu.ec\/sitio\/wp-content\/uploads\/2022\/09\/CORAZON-DE-ROBOTA-04.jpg",2000,1333,false],"trp-custom-language-flag":["https:\/\/www.uartes.edu.ec\/sitio\/wp-content\/uploads\/2022\/09\/CORAZON-DE-ROBOTA-04.jpg",18,12,false],"htmega_size_585x295":["https:\/\/www.uartes.edu.ec\/sitio\/wp-content\/uploads\/2022\/09\/CORAZON-DE-ROBOTA-04.jpg",443,295,false],"htmega_size_1170x536":["https:\/\/www.uartes.edu.ec\/sitio\/wp-content\/uploads\/2022\/09\/CORAZON-DE-ROBOTA-04.jpg",804,536,false],"htmega_size_396x360":["https:\/\/www.uartes.edu.ec\/sitio\/wp-content\/uploads\/2022\/09\/CORAZON-DE-ROBOTA-04.jpg",396,264,false],"gb-block-post-grid-landscape":["https:\/\/www.uartes.edu.ec\/sitio\/wp-content\/uploads\/2022\/09\/CORAZON-DE-ROBOTA-04.jpg",600,400,false],"gb-block-post-grid-square":["https:\/\/www.uartes.edu.ec\/sitio\/wp-content\/uploads\/2022\/09\/CORAZON-DE-ROBOTA-04.jpg",600,400,false],"university-hub-thumb":["https:\/\/www.uartes.edu.ec\/sitio\/wp-content\/uploads\/2022\/09\/CORAZON-DE-ROBOTA-04-400x267.jpg",400,267,true],"mailpoet_newsletter_max":["https:\/\/www.uartes.edu.ec\/sitio\/wp-content\/uploads\/2022\/09\/CORAZON-DE-ROBOTA-04.jpg",1320,880,false]},"uagb_author_info":{"display_name":"ccortez","author_link":"https:\/\/www.uartes.edu.ec\/sitio\/en\/blog\/author\/ccortez\/"},"uagb_comment_info":0,"uagb_excerpt":"La charla \u201cAnarqu\u00eda electr\u00f3nica: Tecnolog\u00edas Libres, hazlo con otros y hag\u00e1moslo juntos\u201d y el concierto demostrativo \u201cCoraz\u00f3n de Robota\u201d que se desarrollar\u00e1n el 19 de septiembre pr\u00f3ximo en la Plaza P\u00fablica, a las 14:00 y 17:00, respectivamente, dar\u00e1n inicio a las actividades que la artista chilena Constanza Pi\u00f1a cumplir\u00e1 en el Centro de Producci\u00f3n e&hellip;","featured_image_src":"https:\/\/www.uartes.edu.ec\/sitio\/wp-content\/uploads\/2022\/09\/CORAZON-DE-ROBOTA-04.jpg","featured_image_src_square":"https:\/\/www.uartes.edu.ec\/sitio\/wp-content\/uploads\/2022\/09\/CORAZON-DE-ROBOTA-04.jpg","author_info":{"display_name":"ccortez","author_link":"https:\/\/www.uartes.edu.ec\/sitio\/en\/blog\/author\/ccortez\/"},"publishpress_future_workflow_manual_trigger":{"enabledWorkflows":[]},"distributor_meta":false,"distributor_terms":false,"distributor_media":false,"distributor_original_site_name":"Universidad de las Artes","distributor_original_site_url":"https:\/\/www.uartes.edu.ec\/sitio\/en","push-errors":false,"_links":{"self":[{"href":"https:\/\/www.uartes.edu.ec\/sitio\/en\/wp-json\/wp\/v2\/posts\/27814","targetHints":{"allow":["GET"]}}],"collection":[{"href":"https:\/\/www.uartes.edu.ec\/sitio\/en\/wp-json\/wp\/v2\/posts"}],"about":[{"href":"https:\/\/www.uartes.edu.ec\/sitio\/en\/wp-json\/wp\/v2\/types\/post"}],"author":[{"embeddable":true,"href":"https:\/\/www.uartes.edu.ec\/sitio\/en\/wp-json\/wp\/v2\/users\/10"}],"replies":[{"embeddable":true,"href":"https:\/\/www.uartes.edu.ec\/sitio\/en\/wp-json\/wp\/v2\/comments?post=27814"}],"version-history":[{"count":4,"href":"https:\/\/www.uartes.edu.ec\/sitio\/en\/wp-json\/wp\/v2\/posts\/27814\/revisions"}],"predecessor-version":[{"id":27829,"href":"https:\/\/www.uartes.edu.ec\/sitio\/en\/wp-json\/wp\/v2\/posts\/27814\/revisions\/27829"}],"wp:featuredmedia":[{"embeddable":true,"href":"https:\/\/www.uartes.edu.ec\/sitio\/en\/wp-json\/wp\/v2\/media\/27815"}],"wp:attachment":[{"href":"https:\/\/www.uartes.edu.ec\/sitio\/en\/wp-json\/wp\/v2\/media?parent=27814"}],"wp:term":[{"taxonomy":"category","embeddable":true,"href":"https:\/\/www.uartes.edu.ec\/sitio\/en\/wp-json\/wp\/v2\/categories?post=27814"},{"taxonomy":"post_tag","embeddable":true,"href":"https:\/\/www.uartes.edu.ec\/sitio\/en\/wp-json\/wp\/v2\/tags?post=27814"},{"taxonomy":"infouartes","embeddable":true,"href":"https:\/\/www.uartes.edu.ec\/sitio\/en\/wp-json\/wp\/v2\/infouartes?post=27814"}],"curies":[{"name":"wp","href":"https:\/\/api.w.org\/{rel}","templated":true}]}}