{"id":2808,"date":"2019-02-01T14:51:08","date_gmt":"2019-02-01T19:51:08","guid":{"rendered":"http:\/\/www.uartes.edu.ec\/sitio\/?p=2808"},"modified":"2024-07-04T11:53:39","modified_gmt":"2024-07-04T16:53:39","slug":"universidad-de-las-artes-presente-en-el-quinto-simposio-internacional-culturarte","status":"publish","type":"post","link":"https:\/\/www.uartes.edu.ec\/sitio\/en\/blog\/2019\/02\/01\/universidad-de-las-artes-presente-en-el-quinto-simposio-internacional-culturarte\/","title":{"rendered":"Universidad de las Artes presente en el Quinto Simposio Internacional Culturarte"},"content":{"rendered":"<p>\u00abEstado de las Artes en el Ecuador y su perspectiva en el contexto latinoamericano\u00bb es el t\u00edtulo y tema de la conferencia magistral que el doctor Ramiro Noriega, rector de la Universidad de las Artes, dict\u00f3 en la jornada inaugural del Quinto Simposio Internacional Culturarte Teor\u00eda-Producci\u00f3n-Creatividad, que se desarroll\u00f3 el pasado mi\u00e9rcoles 30 de enero. La actividad, que congrega a reconocidos expositores nacionales y extranjeros, se realiza hasta el viernes 1 de febrero, en la F\u00e1brica Atuntaqui, en la provincia de Imbabura.<\/p>\n<p>En el marco de Cooperaci\u00f3n Interinstitucional entre la Universidad T\u00e9cnica del Norte y la UArtes tambi\u00e9n participaron con ponencias nuestros docentes Freddy Vallejos y Diego Benalc\u00e1zar, quienes explicaron acerca de los Proyectos de Creaci\u00f3n, Innovaci\u00f3n Art\u00edstica.<\/p>\n<p>El Quinto Simposio Internacional Culturarte es organizado por las carreras de Artes Pl\u00e1sticas y Pedagog\u00eda de las Artes de la Facultad de Educaci\u00f3n, Ciencia y Tecnolog\u00eda de la Universidad T\u00e9cnica del Norte. Teor\u00eda-Producci\u00f3n-Creatividad son las claves de la presente edici\u00f3n, presidida por el Ministro de Cultura y Patrimonio, Ra\u00fal P\u00e9rez Torres, quien en el acto de apertura se refiri\u00f3 a la \u00abPol\u00edtica p\u00fablica para el desarrollo de las artes en el Ecuador\u00bb, y por el rector de la Universidad T\u00e9cnica del Norte, Ph. D. Marcelo Cevallos.<\/p>","protected":false},"excerpt":{"rendered":"<p>\u00abEstado de las Artes en el Ecuador y su perspectiva en el contexto latinoamericano\u00bb es el t\u00edtulo y tema de la conferencia magistral que el doctor Ramiro Noriega, rector de la Universidad de las Artes, dict\u00f3 en la jornada inaugural del Quinto Simposio Internacional Culturarte Teor\u00eda-Producci\u00f3n-Creatividad, que se desarroll\u00f3 el pasado mi\u00e9rcoles 30 de enero. [&hellip;]<\/p>\n","protected":false},"author":1,"featured_media":56528,"comment_status":"closed","ping_status":"closed","sticky":false,"template":"","format":"standard","meta":{"_acf_changed":false,"_uag_custom_page_level_css":"","_monsterinsights_skip_tracking":false,"_monsterinsights_sitenote_active":false,"_monsterinsights_sitenote_note":"","_monsterinsights_sitenote_category":0,"cybocfi_hide_featured_image":"","footnotes":""},"categories":[77,84],"tags":[229],"infouartes":[],"class_list":["post-2808","post","type-post","status-publish","format-standard","has-post-thumbnail","hentry","category-gestion","category-rectorado","tag-pedagogia-de-las-artes-y-humanidades"],"acf":[],"yoast_head":"<!-- This site is optimized with the Yoast SEO plugin v27.4 - https:\/\/yoast.com\/product\/yoast-seo-wordpress\/ -->\n<title>Universidad de las Artes - Universidad de las Artes presente en el Quinto Simposio Internacional Culturarte<\/title>\n<meta name=\"description\" content=\"Universidad de las Artes - Universidad de las Artes presente en el Quinto Simposio Internacional Culturarte\" \/>\n<meta name=\"robots\" content=\"index, follow, max-snippet:-1, max-image-preview:large, max-video-preview:-1\" \/>\n<link rel=\"canonical\" href=\"https:\/\/www.uartes.edu.ec\/sitio\/en\/blog\/2019\/02\/01\/universidad-de-las-artes-presente-en-el-quinto-simposio-internacional-culturarte\/\" \/>\n<meta property=\"og:locale\" content=\"en_US\" \/>\n<meta property=\"og:type\" content=\"article\" \/>\n<meta property=\"og:title\" content=\"Universidad de las Artes - Universidad de las Artes presente en el Quinto Simposio Internacional Culturarte\" \/>\n<meta property=\"og:description\" content=\"Universidad de las Artes - Universidad de las Artes presente en el Quinto Simposio Internacional Culturarte\" \/>\n<meta property=\"og:url\" content=\"https:\/\/www.uartes.edu.ec\/sitio\/en\/blog\/2019\/02\/01\/universidad-de-las-artes-presente-en-el-quinto-simposio-internacional-culturarte\/\" \/>\n<meta property=\"og:site_name\" content=\"Universidad de las Artes\" \/>\n<meta property=\"article:publisher\" content=\"https:\/\/www.facebook.com\/uartesec\" \/>\n<meta property=\"article:published_time\" content=\"2019-02-01T19:51:08+00:00\" \/>\n<meta property=\"article:modified_time\" content=\"2024-07-04T16:53:39+00:00\" \/>\n<meta property=\"og:image\" content=\"https:\/\/www.uartes.edu.ec\/sitio\/wp-content\/uploads\/2019\/02\/universidad-de-las-artes-presente-en-el-quinto-simposio-internacional-culturarte.jpg\" \/>\n\t<meta property=\"og:image:width\" content=\"582\" \/>\n\t<meta property=\"og:image:height\" content=\"270\" \/>\n\t<meta property=\"og:image:type\" content=\"image\/jpeg\" \/>\n<meta name=\"author\" content=\"Universidad de las Artes\" \/>\n<meta name=\"twitter:card\" content=\"summary_large_image\" \/>\n<meta name=\"twitter:creator\" content=\"@uartesec\" \/>\n<meta name=\"twitter:site\" content=\"@uartesec\" \/>\n<meta name=\"twitter:label1\" content=\"Written by\" \/>\n\t<meta name=\"twitter:data1\" content=\"Universidad de las Artes\" \/>\n\t<meta name=\"twitter:label2\" content=\"Est. reading time\" \/>\n\t<meta name=\"twitter:data2\" content=\"1 minute\" \/>\n<script type=\"application\/ld+json\" class=\"yoast-schema-graph\">{\"@context\":\"https:\\\/\\\/schema.org\",\"@graph\":[{\"@type\":\"Article\",\"@id\":\"https:\\\/\\\/www.uartes.edu.ec\\\/sitio\\\/en\\\/blog\\\/2019\\\/02\\\/01\\\/universidad-de-las-artes-presente-en-el-quinto-simposio-internacional-culturarte\\\/#article\",\"isPartOf\":{\"@id\":\"https:\\\/\\\/www.uartes.edu.ec\\\/sitio\\\/en\\\/blog\\\/2019\\\/02\\\/01\\\/universidad-de-las-artes-presente-en-el-quinto-simposio-internacional-culturarte\\\/\"},\"author\":{\"name\":\"Universidad de las Artes\",\"@id\":\"https:\\\/\\\/www.uartes.edu.ec\\\/sitio\\\/en\\\/#\\\/schema\\\/person\\\/f33f8c1d2af0d5c80a38c8abf458184a\"},\"headline\":\"Universidad de las Artes presente en el Quinto Simposio Internacional Culturarte\",\"datePublished\":\"2019-02-01T19:51:08+00:00\",\"dateModified\":\"2024-07-04T16:53:39+00:00\",\"mainEntityOfPage\":{\"@id\":\"https:\\\/\\\/www.uartes.edu.ec\\\/sitio\\\/en\\\/blog\\\/2019\\\/02\\\/01\\\/universidad-de-las-artes-presente-en-el-quinto-simposio-internacional-culturarte\\\/\"},\"wordCount\":238,\"publisher\":{\"@id\":\"https:\\\/\\\/www.uartes.edu.ec\\\/sitio\\\/en\\\/#organization\"},\"image\":{\"@id\":\"https:\\\/\\\/www.uartes.edu.ec\\\/sitio\\\/en\\\/blog\\\/2019\\\/02\\\/01\\\/universidad-de-las-artes-presente-en-el-quinto-simposio-internacional-culturarte\\\/#primaryimage\"},\"thumbnailUrl\":\"https:\\\/\\\/www.uartes.edu.ec\\\/sitio\\\/wp-content\\\/uploads\\\/2019\\\/02\\\/universidad-de-las-artes-presente-en-el-quinto-simposio-internacional-culturarte.jpg\",\"keywords\":[\"Pedagog\u00eda de las Artes y Humanidades\"],\"articleSection\":[\"Gesti\u00f3n\",\"Rectorado\"],\"inLanguage\":\"en-US\"},{\"@type\":[\"WebPage\",\"ItemPage\"],\"@id\":\"https:\\\/\\\/www.uartes.edu.ec\\\/sitio\\\/en\\\/blog\\\/2019\\\/02\\\/01\\\/universidad-de-las-artes-presente-en-el-quinto-simposio-internacional-culturarte\\\/\",\"url\":\"https:\\\/\\\/www.uartes.edu.ec\\\/sitio\\\/en\\\/blog\\\/2019\\\/02\\\/01\\\/universidad-de-las-artes-presente-en-el-quinto-simposio-internacional-culturarte\\\/\",\"name\":\"Universidad de las Artes - Universidad de las Artes presente en el Quinto Simposio Internacional Culturarte\",\"isPartOf\":{\"@id\":\"https:\\\/\\\/www.uartes.edu.ec\\\/sitio\\\/en\\\/#website\"},\"primaryImageOfPage\":{\"@id\":\"https:\\\/\\\/www.uartes.edu.ec\\\/sitio\\\/en\\\/blog\\\/2019\\\/02\\\/01\\\/universidad-de-las-artes-presente-en-el-quinto-simposio-internacional-culturarte\\\/#primaryimage\"},\"image\":{\"@id\":\"https:\\\/\\\/www.uartes.edu.ec\\\/sitio\\\/en\\\/blog\\\/2019\\\/02\\\/01\\\/universidad-de-las-artes-presente-en-el-quinto-simposio-internacional-culturarte\\\/#primaryimage\"},\"thumbnailUrl\":\"https:\\\/\\\/www.uartes.edu.ec\\\/sitio\\\/wp-content\\\/uploads\\\/2019\\\/02\\\/universidad-de-las-artes-presente-en-el-quinto-simposio-internacional-culturarte.jpg\",\"datePublished\":\"2019-02-01T19:51:08+00:00\",\"dateModified\":\"2024-07-04T16:53:39+00:00\",\"description\":\"Universidad de las Artes - Universidad de las Artes presente en el Quinto Simposio Internacional Culturarte\",\"breadcrumb\":{\"@id\":\"https:\\\/\\\/www.uartes.edu.ec\\\/sitio\\\/en\\\/blog\\\/2019\\\/02\\\/01\\\/universidad-de-las-artes-presente-en-el-quinto-simposio-internacional-culturarte\\\/#breadcrumb\"},\"inLanguage\":\"en-US\",\"potentialAction\":[{\"@type\":\"ReadAction\",\"target\":[\"https:\\\/\\\/www.uartes.edu.ec\\\/sitio\\\/en\\\/blog\\\/2019\\\/02\\\/01\\\/universidad-de-las-artes-presente-en-el-quinto-simposio-internacional-culturarte\\\/\"]}]},{\"@type\":\"ImageObject\",\"inLanguage\":\"en-US\",\"@id\":\"https:\\\/\\\/www.uartes.edu.ec\\\/sitio\\\/en\\\/blog\\\/2019\\\/02\\\/01\\\/universidad-de-las-artes-presente-en-el-quinto-simposio-internacional-culturarte\\\/#primaryimage\",\"url\":\"https:\\\/\\\/www.uartes.edu.ec\\\/sitio\\\/wp-content\\\/uploads\\\/2019\\\/02\\\/universidad-de-las-artes-presente-en-el-quinto-simposio-internacional-culturarte.jpg\",\"contentUrl\":\"https:\\\/\\\/www.uartes.edu.ec\\\/sitio\\\/wp-content\\\/uploads\\\/2019\\\/02\\\/universidad-de-las-artes-presente-en-el-quinto-simposio-internacional-culturarte.jpg\",\"width\":582,\"height\":270},{\"@type\":\"BreadcrumbList\",\"@id\":\"https:\\\/\\\/www.uartes.edu.ec\\\/sitio\\\/en\\\/blog\\\/2019\\\/02\\\/01\\\/universidad-de-las-artes-presente-en-el-quinto-simposio-internacional-culturarte\\\/#breadcrumb\",\"itemListElement\":[{\"@type\":\"ListItem\",\"position\":1,\"name\":\"Inicio\",\"item\":\"https:\\\/\\\/www.uartes.edu.ec\\\/sitio\\\/\"},{\"@type\":\"ListItem\",\"position\":2,\"name\":\"Universidad de las Artes presente en el Quinto Simposio Internacional Culturarte\"}]},{\"@type\":\"WebSite\",\"@id\":\"https:\\\/\\\/www.uartes.edu.ec\\\/sitio\\\/en\\\/#website\",\"url\":\"https:\\\/\\\/www.uartes.edu.ec\\\/sitio\\\/en\\\/\",\"name\":\"Universidad de las Artes\",\"description\":\"Sitio oficial de la Universidad Nacional de las Artes del Ecuador\",\"publisher\":{\"@id\":\"https:\\\/\\\/www.uartes.edu.ec\\\/sitio\\\/en\\\/#organization\"},\"potentialAction\":[{\"@type\":\"SearchAction\",\"target\":{\"@type\":\"EntryPoint\",\"urlTemplate\":\"https:\\\/\\\/www.uartes.edu.ec\\\/sitio\\\/en\\\/?s={search_term_string}\"},\"query-input\":{\"@type\":\"PropertyValueSpecification\",\"valueRequired\":true,\"valueName\":\"search_term_string\"}}],\"inLanguage\":\"en-US\"},{\"@type\":\"Organization\",\"@id\":\"https:\\\/\\\/www.uartes.edu.ec\\\/sitio\\\/en\\\/#organization\",\"name\":\"Universidad de las Artes\",\"url\":\"https:\\\/\\\/www.uartes.edu.ec\\\/sitio\\\/en\\\/\",\"logo\":{\"@type\":\"ImageObject\",\"inLanguage\":\"en-US\",\"@id\":\"https:\\\/\\\/www.uartes.edu.ec\\\/sitio\\\/en\\\/#\\\/schema\\\/logo\\\/image\\\/\",\"url\":\"https:\\\/\\\/www.uartes.edu.ec\\\/sitio\\\/wp-content\\\/uploads\\\/2022\\\/07\\\/logo-ua-horizontal.png\",\"contentUrl\":\"https:\\\/\\\/www.uartes.edu.ec\\\/sitio\\\/wp-content\\\/uploads\\\/2022\\\/07\\\/logo-ua-horizontal.png\",\"width\":800,\"height\":276,\"caption\":\"Universidad de las Artes\"},\"image\":{\"@id\":\"https:\\\/\\\/www.uartes.edu.ec\\\/sitio\\\/en\\\/#\\\/schema\\\/logo\\\/image\\\/\"},\"sameAs\":[\"https:\\\/\\\/www.facebook.com\\\/uartesec\",\"https:\\\/\\\/x.com\\\/uartesec\",\"https:\\\/\\\/www.tiktok.com\\\/@uartesec\"]},{\"@type\":\"Person\",\"@id\":\"https:\\\/\\\/www.uartes.edu.ec\\\/sitio\\\/en\\\/#\\\/schema\\\/person\\\/f33f8c1d2af0d5c80a38c8abf458184a\",\"name\":\"Universidad de las Artes\",\"image\":{\"@type\":\"ImageObject\",\"inLanguage\":\"en-US\",\"@id\":\"https:\\\/\\\/secure.gravatar.com\\\/avatar\\\/52e4757902f5cfa5ac52d020e5be83cae5487519154b6c35482fe08d589f3c13?s=96&d=mm&r=g\",\"url\":\"https:\\\/\\\/secure.gravatar.com\\\/avatar\\\/52e4757902f5cfa5ac52d020e5be83cae5487519154b6c35482fe08d589f3c13?s=96&d=mm&r=g\",\"contentUrl\":\"https:\\\/\\\/secure.gravatar.com\\\/avatar\\\/52e4757902f5cfa5ac52d020e5be83cae5487519154b6c35482fe08d589f3c13?s=96&d=mm&r=g\",\"caption\":\"Universidad de las Artes\"},\"url\":\"https:\\\/\\\/www.uartes.edu.ec\\\/sitio\\\/en\\\/blog\\\/author\\\/dircomadm\\\/\"}]}<\/script>\n<!-- \/ Yoast SEO plugin. -->","yoast_head_json":{"title":"Universidad de las Artes - Universidad de las Artes presente en el Quinto Simposio Internacional Culturarte","description":"Universidad de las Artes - Universidad de las Artes presente en el Quinto Simposio Internacional Culturarte","robots":{"index":"index","follow":"follow","max-snippet":"max-snippet:-1","max-image-preview":"max-image-preview:large","max-video-preview":"max-video-preview:-1"},"canonical":"https:\/\/www.uartes.edu.ec\/sitio\/en\/blog\/2019\/02\/01\/universidad-de-las-artes-presente-en-el-quinto-simposio-internacional-culturarte\/","og_locale":"en_US","og_type":"article","og_title":"Universidad de las Artes - Universidad de las Artes presente en el Quinto Simposio Internacional Culturarte","og_description":"Universidad de las Artes - Universidad de las Artes presente en el Quinto Simposio Internacional Culturarte","og_url":"https:\/\/www.uartes.edu.ec\/sitio\/en\/blog\/2019\/02\/01\/universidad-de-las-artes-presente-en-el-quinto-simposio-internacional-culturarte\/","og_site_name":"Universidad de las Artes","article_publisher":"https:\/\/www.facebook.com\/uartesec","article_published_time":"2019-02-01T19:51:08+00:00","article_modified_time":"2024-07-04T16:53:39+00:00","og_image":[{"width":582,"height":270,"url":"https:\/\/www.uartes.edu.ec\/sitio\/wp-content\/uploads\/2019\/02\/universidad-de-las-artes-presente-en-el-quinto-simposio-internacional-culturarte.jpg","type":"image\/jpeg"}],"author":"Universidad de las Artes","twitter_card":"summary_large_image","twitter_creator":"@uartesec","twitter_site":"@uartesec","twitter_misc":{"Written by":"Universidad de las Artes","Est. reading time":"1 minute"},"schema":{"@context":"https:\/\/schema.org","@graph":[{"@type":"Article","@id":"https:\/\/www.uartes.edu.ec\/sitio\/en\/blog\/2019\/02\/01\/universidad-de-las-artes-presente-en-el-quinto-simposio-internacional-culturarte\/#article","isPartOf":{"@id":"https:\/\/www.uartes.edu.ec\/sitio\/en\/blog\/2019\/02\/01\/universidad-de-las-artes-presente-en-el-quinto-simposio-internacional-culturarte\/"},"author":{"name":"Universidad de las Artes","@id":"https:\/\/www.uartes.edu.ec\/sitio\/en\/#\/schema\/person\/f33f8c1d2af0d5c80a38c8abf458184a"},"headline":"Universidad de las Artes presente en el Quinto Simposio Internacional Culturarte","datePublished":"2019-02-01T19:51:08+00:00","dateModified":"2024-07-04T16:53:39+00:00","mainEntityOfPage":{"@id":"https:\/\/www.uartes.edu.ec\/sitio\/en\/blog\/2019\/02\/01\/universidad-de-las-artes-presente-en-el-quinto-simposio-internacional-culturarte\/"},"wordCount":238,"publisher":{"@id":"https:\/\/www.uartes.edu.ec\/sitio\/en\/#organization"},"image":{"@id":"https:\/\/www.uartes.edu.ec\/sitio\/en\/blog\/2019\/02\/01\/universidad-de-las-artes-presente-en-el-quinto-simposio-internacional-culturarte\/#primaryimage"},"thumbnailUrl":"https:\/\/www.uartes.edu.ec\/sitio\/wp-content\/uploads\/2019\/02\/universidad-de-las-artes-presente-en-el-quinto-simposio-internacional-culturarte.jpg","keywords":["Pedagog\u00eda de las Artes y Humanidades"],"articleSection":["Gesti\u00f3n","Rectorado"],"inLanguage":"en-US"},{"@type":["WebPage","ItemPage"],"@id":"https:\/\/www.uartes.edu.ec\/sitio\/en\/blog\/2019\/02\/01\/universidad-de-las-artes-presente-en-el-quinto-simposio-internacional-culturarte\/","url":"https:\/\/www.uartes.edu.ec\/sitio\/en\/blog\/2019\/02\/01\/universidad-de-las-artes-presente-en-el-quinto-simposio-internacional-culturarte\/","name":"Universidad de las Artes - Universidad de las Artes presente en el Quinto Simposio Internacional Culturarte","isPartOf":{"@id":"https:\/\/www.uartes.edu.ec\/sitio\/en\/#website"},"primaryImageOfPage":{"@id":"https:\/\/www.uartes.edu.ec\/sitio\/en\/blog\/2019\/02\/01\/universidad-de-las-artes-presente-en-el-quinto-simposio-internacional-culturarte\/#primaryimage"},"image":{"@id":"https:\/\/www.uartes.edu.ec\/sitio\/en\/blog\/2019\/02\/01\/universidad-de-las-artes-presente-en-el-quinto-simposio-internacional-culturarte\/#primaryimage"},"thumbnailUrl":"https:\/\/www.uartes.edu.ec\/sitio\/wp-content\/uploads\/2019\/02\/universidad-de-las-artes-presente-en-el-quinto-simposio-internacional-culturarte.jpg","datePublished":"2019-02-01T19:51:08+00:00","dateModified":"2024-07-04T16:53:39+00:00","description":"Universidad de las Artes - Universidad de las Artes presente en el Quinto Simposio Internacional Culturarte","breadcrumb":{"@id":"https:\/\/www.uartes.edu.ec\/sitio\/en\/blog\/2019\/02\/01\/universidad-de-las-artes-presente-en-el-quinto-simposio-internacional-culturarte\/#breadcrumb"},"inLanguage":"en-US","potentialAction":[{"@type":"ReadAction","target":["https:\/\/www.uartes.edu.ec\/sitio\/en\/blog\/2019\/02\/01\/universidad-de-las-artes-presente-en-el-quinto-simposio-internacional-culturarte\/"]}]},{"@type":"ImageObject","inLanguage":"en-US","@id":"https:\/\/www.uartes.edu.ec\/sitio\/en\/blog\/2019\/02\/01\/universidad-de-las-artes-presente-en-el-quinto-simposio-internacional-culturarte\/#primaryimage","url":"https:\/\/www.uartes.edu.ec\/sitio\/wp-content\/uploads\/2019\/02\/universidad-de-las-artes-presente-en-el-quinto-simposio-internacional-culturarte.jpg","contentUrl":"https:\/\/www.uartes.edu.ec\/sitio\/wp-content\/uploads\/2019\/02\/universidad-de-las-artes-presente-en-el-quinto-simposio-internacional-culturarte.jpg","width":582,"height":270},{"@type":"BreadcrumbList","@id":"https:\/\/www.uartes.edu.ec\/sitio\/en\/blog\/2019\/02\/01\/universidad-de-las-artes-presente-en-el-quinto-simposio-internacional-culturarte\/#breadcrumb","itemListElement":[{"@type":"ListItem","position":1,"name":"Inicio","item":"https:\/\/www.uartes.edu.ec\/sitio\/"},{"@type":"ListItem","position":2,"name":"Universidad de las Artes presente en el Quinto Simposio Internacional Culturarte"}]},{"@type":"WebSite","@id":"https:\/\/www.uartes.edu.ec\/sitio\/en\/#website","url":"https:\/\/www.uartes.edu.ec\/sitio\/en\/","name":"Universidad de las Artes","description":"Sitio oficial de la Universidad Nacional de las Artes del Ecuador","publisher":{"@id":"https:\/\/www.uartes.edu.ec\/sitio\/en\/#organization"},"potentialAction":[{"@type":"SearchAction","target":{"@type":"EntryPoint","urlTemplate":"https:\/\/www.uartes.edu.ec\/sitio\/en\/?s={search_term_string}"},"query-input":{"@type":"PropertyValueSpecification","valueRequired":true,"valueName":"search_term_string"}}],"inLanguage":"en-US"},{"@type":"Organization","@id":"https:\/\/www.uartes.edu.ec\/sitio\/en\/#organization","name":"Universidad de las Artes","url":"https:\/\/www.uartes.edu.ec\/sitio\/en\/","logo":{"@type":"ImageObject","inLanguage":"en-US","@id":"https:\/\/www.uartes.edu.ec\/sitio\/en\/#\/schema\/logo\/image\/","url":"https:\/\/www.uartes.edu.ec\/sitio\/wp-content\/uploads\/2022\/07\/logo-ua-horizontal.png","contentUrl":"https:\/\/www.uartes.edu.ec\/sitio\/wp-content\/uploads\/2022\/07\/logo-ua-horizontal.png","width":800,"height":276,"caption":"Universidad de las Artes"},"image":{"@id":"https:\/\/www.uartes.edu.ec\/sitio\/en\/#\/schema\/logo\/image\/"},"sameAs":["https:\/\/www.facebook.com\/uartesec","https:\/\/x.com\/uartesec","https:\/\/www.tiktok.com\/@uartesec"]},{"@type":"Person","@id":"https:\/\/www.uartes.edu.ec\/sitio\/en\/#\/schema\/person\/f33f8c1d2af0d5c80a38c8abf458184a","name":"Universidad de las Artes","image":{"@type":"ImageObject","inLanguage":"en-US","@id":"https:\/\/secure.gravatar.com\/avatar\/52e4757902f5cfa5ac52d020e5be83cae5487519154b6c35482fe08d589f3c13?s=96&d=mm&r=g","url":"https:\/\/secure.gravatar.com\/avatar\/52e4757902f5cfa5ac52d020e5be83cae5487519154b6c35482fe08d589f3c13?s=96&d=mm&r=g","contentUrl":"https:\/\/secure.gravatar.com\/avatar\/52e4757902f5cfa5ac52d020e5be83cae5487519154b6c35482fe08d589f3c13?s=96&d=mm&r=g","caption":"Universidad de las Artes"},"url":"https:\/\/www.uartes.edu.ec\/sitio\/en\/blog\/author\/dircomadm\/"}]}},"uagb_featured_image_src":{"full":["https:\/\/www.uartes.edu.ec\/sitio\/wp-content\/uploads\/2019\/02\/universidad-de-las-artes-presente-en-el-quinto-simposio-internacional-culturarte.jpg",582,270,false],"thumbnail":["https:\/\/www.uartes.edu.ec\/sitio\/wp-content\/uploads\/2019\/02\/universidad-de-las-artes-presente-en-el-quinto-simposio-internacional-culturarte-150x150.jpg",150,150,true],"medium":["https:\/\/www.uartes.edu.ec\/sitio\/wp-content\/uploads\/2019\/02\/universidad-de-las-artes-presente-en-el-quinto-simposio-internacional-culturarte-300x139.jpg",300,139,true],"medium_large":["https:\/\/www.uartes.edu.ec\/sitio\/wp-content\/uploads\/2019\/02\/universidad-de-las-artes-presente-en-el-quinto-simposio-internacional-culturarte.jpg",582,270,false],"large":["https:\/\/www.uartes.edu.ec\/sitio\/wp-content\/uploads\/2019\/02\/universidad-de-las-artes-presente-en-el-quinto-simposio-internacional-culturarte.jpg",582,270,false],"1536x1536":["https:\/\/www.uartes.edu.ec\/sitio\/wp-content\/uploads\/2019\/02\/universidad-de-las-artes-presente-en-el-quinto-simposio-internacional-culturarte.jpg",582,270,false],"2048x2048":["https:\/\/www.uartes.edu.ec\/sitio\/wp-content\/uploads\/2019\/02\/universidad-de-las-artes-presente-en-el-quinto-simposio-internacional-culturarte.jpg",582,270,false],"trp-custom-language-flag":["https:\/\/www.uartes.edu.ec\/sitio\/wp-content\/uploads\/2019\/02\/universidad-de-las-artes-presente-en-el-quinto-simposio-internacional-culturarte-18x8.jpg",18,8,true],"htmega_size_585x295":["https:\/\/www.uartes.edu.ec\/sitio\/wp-content\/uploads\/2019\/02\/universidad-de-las-artes-presente-en-el-quinto-simposio-internacional-culturarte.jpg",582,270,false],"htmega_size_1170x536":["https:\/\/www.uartes.edu.ec\/sitio\/wp-content\/uploads\/2019\/02\/universidad-de-las-artes-presente-en-el-quinto-simposio-internacional-culturarte.jpg",582,270,false],"htmega_size_396x360":["https:\/\/www.uartes.edu.ec\/sitio\/wp-content\/uploads\/2019\/02\/universidad-de-las-artes-presente-en-el-quinto-simposio-internacional-culturarte-396x270.jpg",396,270,true],"gb-block-post-grid-landscape":["https:\/\/www.uartes.edu.ec\/sitio\/wp-content\/uploads\/2019\/02\/universidad-de-las-artes-presente-en-el-quinto-simposio-internacional-culturarte.jpg",582,270,false],"gb-block-post-grid-square":["https:\/\/www.uartes.edu.ec\/sitio\/wp-content\/uploads\/2019\/02\/universidad-de-las-artes-presente-en-el-quinto-simposio-internacional-culturarte.jpg",582,270,false],"university-hub-thumb":["https:\/\/www.uartes.edu.ec\/sitio\/wp-content\/uploads\/2019\/02\/universidad-de-las-artes-presente-en-el-quinto-simposio-internacional-culturarte-400x186.jpg",400,186,true]},"uagb_author_info":{"display_name":"Universidad de las Artes","author_link":"https:\/\/www.uartes.edu.ec\/sitio\/en\/blog\/author\/dircomadm\/"},"uagb_comment_info":0,"uagb_excerpt":"\u00abEstado de las Artes en el Ecuador y su perspectiva en el contexto latinoamericano\u00bb es el t\u00edtulo y tema de la conferencia magistral que el doctor Ramiro Noriega, rector de la Universidad de las Artes, dict\u00f3 en la jornada inaugural del Quinto Simposio Internacional Culturarte Teor\u00eda-Producci\u00f3n-Creatividad, que se desarroll\u00f3 el pasado mi\u00e9rcoles 30 de enero.&hellip;","featured_image_src":"https:\/\/www.uartes.edu.ec\/sitio\/wp-content\/uploads\/2019\/02\/universidad-de-las-artes-presente-en-el-quinto-simposio-internacional-culturarte.jpg","featured_image_src_square":"https:\/\/www.uartes.edu.ec\/sitio\/wp-content\/uploads\/2019\/02\/universidad-de-las-artes-presente-en-el-quinto-simposio-internacional-culturarte.jpg","author_info":{"display_name":"Universidad de las Artes","author_link":"https:\/\/www.uartes.edu.ec\/sitio\/en\/blog\/author\/dircomadm\/"},"publishpress_future_workflow_manual_trigger":{"enabledWorkflows":[]},"distributor_meta":false,"distributor_terms":false,"distributor_media":false,"distributor_original_site_name":"Universidad de las Artes","distributor_original_site_url":"https:\/\/www.uartes.edu.ec\/sitio\/en","push-errors":false,"_links":{"self":[{"href":"https:\/\/www.uartes.edu.ec\/sitio\/en\/wp-json\/wp\/v2\/posts\/2808","targetHints":{"allow":["GET"]}}],"collection":[{"href":"https:\/\/www.uartes.edu.ec\/sitio\/en\/wp-json\/wp\/v2\/posts"}],"about":[{"href":"https:\/\/www.uartes.edu.ec\/sitio\/en\/wp-json\/wp\/v2\/types\/post"}],"author":[{"embeddable":true,"href":"https:\/\/www.uartes.edu.ec\/sitio\/en\/wp-json\/wp\/v2\/users\/1"}],"replies":[{"embeddable":true,"href":"https:\/\/www.uartes.edu.ec\/sitio\/en\/wp-json\/wp\/v2\/comments?post=2808"}],"version-history":[{"count":1,"href":"https:\/\/www.uartes.edu.ec\/sitio\/en\/wp-json\/wp\/v2\/posts\/2808\/revisions"}],"predecessor-version":[{"id":2809,"href":"https:\/\/www.uartes.edu.ec\/sitio\/en\/wp-json\/wp\/v2\/posts\/2808\/revisions\/2809"}],"wp:featuredmedia":[{"embeddable":true,"href":"https:\/\/www.uartes.edu.ec\/sitio\/en\/wp-json\/wp\/v2\/media\/56528"}],"wp:attachment":[{"href":"https:\/\/www.uartes.edu.ec\/sitio\/en\/wp-json\/wp\/v2\/media?parent=2808"}],"wp:term":[{"taxonomy":"category","embeddable":true,"href":"https:\/\/www.uartes.edu.ec\/sitio\/en\/wp-json\/wp\/v2\/categories?post=2808"},{"taxonomy":"post_tag","embeddable":true,"href":"https:\/\/www.uartes.edu.ec\/sitio\/en\/wp-json\/wp\/v2\/tags?post=2808"},{"taxonomy":"infouartes","embeddable":true,"href":"https:\/\/www.uartes.edu.ec\/sitio\/en\/wp-json\/wp\/v2\/infouartes?post=2808"}],"curies":[{"name":"wp","href":"https:\/\/api.w.org\/{rel}","templated":true}]}}