{"id":28394,"date":"2022-09-29T19:05:00","date_gmt":"2022-09-30T00:05:00","guid":{"rendered":"http:\/\/www.uartes.edu.ec\/sitio\/?p=28394"},"modified":"2024-07-04T11:22:54","modified_gmt":"2024-07-04T16:22:54","slug":"siete-autores-dialogan-en-desbordes-sobre-los-distintos-abordajes-de-la-investigacion","status":"publish","type":"post","link":"https:\/\/www.uartes.edu.ec\/sitio\/en\/blog\/2022\/09\/29\/siete-autores-dialogan-en-desbordes-sobre-los-distintos-abordajes-de-la-investigacion\/","title":{"rendered":"7 autores dialogan en \u201cDesbordes\u201d los distintos abordajes de la investigaci\u00f3n en el campo de la creaci\u00f3n art\u00edstica"},"content":{"rendered":"<p>Su lanzamiento se realiz\u00f3 el pasado 16 de septiembre en la Sala Experimental del Centro de Producci\u00f3n e Innovaci\u00f3n MZ14 de la Universidad de las Artes y fue uno de los t\u00edtulos que UArtes Ediciones expuso en la reciente octava edici\u00f3n de la Feria Internacional del Libro (FIL) Guayaquil 2022. Se trata de \u201cDesbordes. Debates y metodolog\u00edas cr\u00edticas en investigaci\u00f3n\u201d, una obra que propone, con la participaci\u00f3n de siete autores, explorar caminos para construir pensamientos que desbordan las metodolog\u00edas hegem\u00f3nicas.<\/p>\n\n\n\n<p>\u201cEn este libro nos interesa poner en di\u00e1logo distintas perspectivas y abordajes de la investigaci\u00f3n, tanto en el \u00e1rea de las ciencias sociales y humanas como en el campo de la creaci\u00f3n art\u00edstica. Partimos de la constataci\u00f3n de que a pesar de que los m\u00e9todos cient\u00edficos tradicionales han sido ampliamente cuestionados por sus supuestos (neutralidad, universalidad, objetividad), sus implicaciones pol\u00edticas y la dificultad de su aplicaci\u00f3n a diversos campos del saber, a\u00fan en buena parte de nuestras universidades, contin\u00faan siendo hegem\u00f3nicos\u201d, se lee en la contratapa de la obra la referencia que hace de la misma la doctora Ybelice Brice\u00f1o, responsable de su edici\u00f3n y tambi\u00e9n autora, quien junto a Liz Tejada participa, adem\u00e1s, en un entrevista insertada en el contenido a Rub\u00e9n Ortiz, investigador y dramaturgo de Artes Esc\u00e9nicas de M\u00e9xico.<\/p>\n\n\n<div class=\"wp-block-image\">\n<figure class=\"aligncenter size-large\"><img fetchpriority=\"high\" decoding=\"async\" width=\"644\" height=\"429\" src=\"http:\/\/www.uartes.edu.ec\/sitio\/wp-content\/uploads\/2022\/09\/DESBORDES-2-644x429.jpg\" alt=\"\" class=\"wp-image-28441\" srcset=\"https:\/\/www.uartes.edu.ec\/sitio\/wp-content\/uploads\/2022\/09\/DESBORDES-2-644x429.jpg 644w, https:\/\/www.uartes.edu.ec\/sitio\/wp-content\/uploads\/2022\/09\/DESBORDES-2-768x511.jpg 768w, https:\/\/www.uartes.edu.ec\/sitio\/wp-content\/uploads\/2022\/09\/DESBORDES-2.jpg 2000w, https:\/\/www.uartes.edu.ec\/sitio\/wp-content\/uploads\/2022\/09\/DESBORDES-2-600x399.jpg 600w, https:\/\/www.uartes.edu.ec\/sitio\/wp-content\/uploads\/2022\/09\/DESBORDES-2-272x182.jpg 272w\" sizes=\"(max-width: 644px) 100vw, 644px\" \/><\/figure>\n<\/div>\n\n\n<p>\u201cNos parece urgente implosionar esta r\u00edgida visi\u00f3n que prevalece sobre la producci\u00f3n de conocimientos. Es necesario mostrar los distintos caminos que pueden conducir a la construcci\u00f3n de pensamiento. Abrirnos a la amplitud de posicionamientos epistemol\u00f3gicos y metodol\u00f3gicos que han emergido a partir de las cr\u00edticas a los modelos positivista, colonial y androc\u00e9ntrico que predominan en la academia y mostrar las convergencias y desbordes entre estas nuevas propuestas y las exploraciones que se hacen a partir de la pr\u00e1ctica art\u00edstica\u201d, subraya Brice\u00f1o en la publicaci\u00f3n de UArtes Ediciones.<\/p>\n\n\n\n<p>Junto con Brice\u00f1o participan en la autor\u00eda Marisela Montenegro, Alfonso Torres Carrillo, Amarela Varela-Huerta, Encarni Pindado, Janaina Carrer y Rebecca Close. Justamente Close, quien es artista, investigadora y poeta, intervino con Brice\u00f1o y la doctora Bertha D\u00edaz, docente y directora de la Escuela de Artes Esc\u00e9nicas de la UArtes, en el lanzamiento de \u201cDesbordes\u201d.<\/p>\n\n\n\n<p>Acerca de las motivaciones que llev\u00f3 a la edici\u00f3n de \u201cDesbordes\u00bb, la doctora Brice\u00f1o indica que la propuso, desde la Direcci\u00f3n de Pol\u00edticas de Investigaci\u00f3n de la UArtes, por las cr\u00edticas, desde muchas perspectivas, a los modelos de investigaci\u00f3n cient\u00edficos tradicionales, considerados modelos muy r\u00edgidos, hechos desde la experiencia cultural de occidente moderno, \u201cpero que se pretenden universales. Modelos que le dan mucha centralidad a la metodolog\u00eda de investigaci\u00f3n en la cual solo se privilegia un tipo de procedimiento para construir conocimiento, tomado de las ciencias naturales y extrapolados a otros campos y modelos que tambi\u00e9n a nivel de escritura son muy r\u00edgidos\u201d.<\/p>\n\n\n<div class=\"wp-block-image\">\n<figure class=\"aligncenter size-large\"><img decoding=\"async\" width=\"644\" height=\"429\" src=\"http:\/\/www.uartes.edu.ec\/sitio\/wp-content\/uploads\/2022\/09\/DESBORDES-3-644x429.jpg\" alt=\"\" class=\"wp-image-28442\" srcset=\"https:\/\/www.uartes.edu.ec\/sitio\/wp-content\/uploads\/2022\/09\/DESBORDES-3-644x429.jpg 644w, https:\/\/www.uartes.edu.ec\/sitio\/wp-content\/uploads\/2022\/09\/DESBORDES-3-768x511.jpg 768w, https:\/\/www.uartes.edu.ec\/sitio\/wp-content\/uploads\/2022\/09\/DESBORDES-3.jpg 2000w, https:\/\/www.uartes.edu.ec\/sitio\/wp-content\/uploads\/2022\/09\/DESBORDES-3-600x399.jpg 600w, https:\/\/www.uartes.edu.ec\/sitio\/wp-content\/uploads\/2022\/09\/DESBORDES-3-272x182.jpg 272w\" sizes=\"(max-width: 644px) 100vw, 644px\" \/><\/figure>\n<\/div>\n\n\n<p>Surge, entonces, la inquietud de traer a nuestros contextos acad\u00e9micos esos debates, perspectivas y aportes \u201cpara actualizar nuestra manera de producir conocimiento, para hacer preguntas y cuestionamientos a esos esquemas tan r\u00edgidos y para atrevernos a pensar otras formas de producir conocimiento y saberes, tomando en cuenta de que estamos en una universidad en artes, que produce discursos y po\u00e9ticas que tienen una naturaleza distinta\u201d, manifiesta Brice\u00f1o.<\/p>\n\n\n\n<p>Fue a partir de esos cuestionamientos, agrega, que se hizo una convocatoria a distintos autores y autoras de distintos contextos y pa\u00edses para tratar de recoger perspectivas cr\u00edticas a los modelos hegem\u00f3nicos de conocimiento desde distintos campos. \u201cEn el libro est\u00e1n contemplados art\u00edculos\/contribuciones desde las ciencias sociales y humanas, en su primera parte; en la segunda, se incorporan aportes desde la investigaci\u00f3n en artes, la investigaci\u00f3n creaci\u00f3n, con contribuciones de artistas que est\u00e1n trabajando desde ese campo; y, en una tercera parte, la entrevista a Rub\u00e9n Ortiz.<\/p>\n\n\n\n<p>\u201cEl prop\u00f3sito es poner en di\u00e1logo distintas perspectivas cr\u00edticas y cuestionadoras que est\u00e1n abriendo nuevos caminos para conocer y generar saberes y discursos po\u00e9ticos. Hemos logrado construir un intercambio de miradas con la intenci\u00f3n de implosionar las metodolog\u00edas tradicionales y hegem\u00f3nicas para la producci\u00f3n de conocimiento\u201d, concluye.<\/p>\n\n\n\n<p>En im\u00e1genes, el lanzamiento de \u201cDesbordes\u201d. Fotos: Silvia Daniela Zeballos y Luis Ponce.<\/p>","protected":false},"excerpt":{"rendered":"<p>\u201cEn este libro nos interesa poner en di\u00e1logo distintas perspectivas y abordajes de la investigaci\u00f3n, tanto en el \u00e1rea de las ciencias sociales y humanas como en el campo de la creaci\u00f3n art\u00edstica\u201d se lee en la contratapa de \u201cDesbordes. Debates y metodolog\u00edas cr\u00edticas en investigaci\u00f3n\u201d. Ybelice Brice\u00f1o, quien coordin\u00f3 la obra de UArtes Ediciones y es una de sus siete autores, da cuenta as\u00ed de la propuesta de su contenido.<\/p>","protected":false},"author":10,"featured_media":28440,"comment_status":"open","ping_status":"open","sticky":false,"template":"","format":"standard","meta":{"_acf_changed":false,"_uag_custom_page_level_css":"","_monsterinsights_skip_tracking":false,"_monsterinsights_sitenote_active":false,"_monsterinsights_sitenote_note":"","_monsterinsights_sitenote_category":0,"cybocfi_hide_featured_image":"","footnotes":""},"categories":[716,80,490,75,76,284,215],"tags":[632],"infouartes":[],"class_list":["post-28394","post","type-post","status-publish","format-standard","has-post-thumbnail","hentry","category-1c","category-academico","category-alumni","category-docentes","category-estudiantes","category-investigacion","category-uartes-ediciones","tag-lanzamiento"],"acf":[],"yoast_head":"<!-- This site is optimized with the Yoast SEO plugin v27.4 - https:\/\/yoast.com\/product\/yoast-seo-wordpress\/ -->\n<title>Universidad de las Artes - 7 autores dialogan en \u201cDesbordes\u201d los distintos abordajes de la investigaci\u00f3n en el campo de la creaci\u00f3n art\u00edstica<\/title>\n<meta name=\"description\" content=\"Universidad de las Artes - 7 autores dialogan en \u201cDesbordes\u201d los distintos abordajes de la investigaci\u00f3n en el campo de la creaci\u00f3n art\u00edstica\" \/>\n<meta name=\"robots\" content=\"index, follow, max-snippet:-1, max-image-preview:large, max-video-preview:-1\" \/>\n<link rel=\"canonical\" href=\"https:\/\/www.uartes.edu.ec\/sitio\/en\/blog\/2022\/09\/29\/siete-autores-dialogan-en-desbordes-sobre-los-distintos-abordajes-de-la-investigacion\/\" \/>\n<meta property=\"og:locale\" content=\"en_US\" \/>\n<meta property=\"og:type\" content=\"article\" \/>\n<meta property=\"og:title\" content=\"Universidad de las Artes - 7 autores dialogan en \u201cDesbordes\u201d los distintos abordajes de la investigaci\u00f3n en el campo de la creaci\u00f3n art\u00edstica\" \/>\n<meta property=\"og:description\" content=\"Universidad de las Artes - 7 autores dialogan en \u201cDesbordes\u201d los distintos abordajes de la investigaci\u00f3n en el campo de la creaci\u00f3n art\u00edstica\" \/>\n<meta property=\"og:url\" content=\"https:\/\/www.uartes.edu.ec\/sitio\/en\/blog\/2022\/09\/29\/siete-autores-dialogan-en-desbordes-sobre-los-distintos-abordajes-de-la-investigacion\/\" \/>\n<meta property=\"og:site_name\" content=\"Universidad de las Artes\" \/>\n<meta property=\"article:publisher\" content=\"https:\/\/www.facebook.com\/uartesec\" \/>\n<meta property=\"article:published_time\" content=\"2022-09-30T00:05:00+00:00\" \/>\n<meta property=\"article:modified_time\" content=\"2024-07-04T16:22:54+00:00\" \/>\n<meta property=\"og:image\" content=\"https:\/\/www.uartes.edu.ec\/sitio\/wp-content\/uploads\/2022\/09\/DESBORDES-1.jpg\" \/>\n\t<meta property=\"og:image:width\" content=\"2000\" \/>\n\t<meta property=\"og:image:height\" content=\"1333\" \/>\n\t<meta property=\"og:image:type\" content=\"image\/jpeg\" \/>\n<meta name=\"author\" content=\"ccortez\" \/>\n<meta name=\"twitter:card\" content=\"summary_large_image\" \/>\n<meta name=\"twitter:creator\" content=\"@uartesec\" \/>\n<meta name=\"twitter:site\" content=\"@uartesec\" \/>\n<meta name=\"twitter:label1\" content=\"Written by\" \/>\n\t<meta name=\"twitter:data1\" content=\"ccortez\" \/>\n\t<meta name=\"twitter:label2\" content=\"Est. reading time\" \/>\n\t<meta name=\"twitter:data2\" content=\"4 minutes\" \/>\n<script type=\"application\/ld+json\" class=\"yoast-schema-graph\">{\"@context\":\"https:\\\/\\\/schema.org\",\"@graph\":[{\"@type\":\"Article\",\"@id\":\"https:\\\/\\\/www.uartes.edu.ec\\\/sitio\\\/en\\\/blog\\\/2022\\\/09\\\/29\\\/siete-autores-dialogan-en-desbordes-sobre-los-distintos-abordajes-de-la-investigacion\\\/#article\",\"isPartOf\":{\"@id\":\"https:\\\/\\\/www.uartes.edu.ec\\\/sitio\\\/en\\\/blog\\\/2022\\\/09\\\/29\\\/siete-autores-dialogan-en-desbordes-sobre-los-distintos-abordajes-de-la-investigacion\\\/\"},\"author\":{\"name\":\"ccortez\",\"@id\":\"https:\\\/\\\/www.uartes.edu.ec\\\/sitio\\\/en\\\/#\\\/schema\\\/person\\\/efa1b8275797664fd7f13a79ccc0b1f4\"},\"headline\":\"7 autores dialogan en \u201cDesbordes\u201d los distintos abordajes de la investigaci\u00f3n en el campo de la creaci\u00f3n art\u00edstica\",\"datePublished\":\"2022-09-30T00:05:00+00:00\",\"dateModified\":\"2024-07-04T16:22:54+00:00\",\"mainEntityOfPage\":{\"@id\":\"https:\\\/\\\/www.uartes.edu.ec\\\/sitio\\\/en\\\/blog\\\/2022\\\/09\\\/29\\\/siete-autores-dialogan-en-desbordes-sobre-los-distintos-abordajes-de-la-investigacion\\\/\"},\"wordCount\":772,\"commentCount\":0,\"publisher\":{\"@id\":\"https:\\\/\\\/www.uartes.edu.ec\\\/sitio\\\/en\\\/#organization\"},\"image\":{\"@id\":\"https:\\\/\\\/www.uartes.edu.ec\\\/sitio\\\/en\\\/blog\\\/2022\\\/09\\\/29\\\/siete-autores-dialogan-en-desbordes-sobre-los-distintos-abordajes-de-la-investigacion\\\/#primaryimage\"},\"thumbnailUrl\":\"https:\\\/\\\/www.uartes.edu.ec\\\/sitio\\\/wp-content\\\/uploads\\\/2022\\\/09\\\/DESBORDES-1.jpg\",\"keywords\":[\"lanzamiento\"],\"articleSection\":[\"1C\",\"Acad\u00e9mico\",\"Alumni\",\"Docentes\",\"Estudiantes\",\"Investigaci\u00f3n\",\"UArtes Ediciones\"],\"inLanguage\":\"en-US\",\"potentialAction\":[{\"@type\":\"CommentAction\",\"name\":\"Comment\",\"target\":[\"https:\\\/\\\/www.uartes.edu.ec\\\/sitio\\\/en\\\/blog\\\/2022\\\/09\\\/29\\\/siete-autores-dialogan-en-desbordes-sobre-los-distintos-abordajes-de-la-investigacion\\\/#respond\"]}]},{\"@type\":[\"WebPage\",\"ItemPage\"],\"@id\":\"https:\\\/\\\/www.uartes.edu.ec\\\/sitio\\\/en\\\/blog\\\/2022\\\/09\\\/29\\\/siete-autores-dialogan-en-desbordes-sobre-los-distintos-abordajes-de-la-investigacion\\\/\",\"url\":\"https:\\\/\\\/www.uartes.edu.ec\\\/sitio\\\/en\\\/blog\\\/2022\\\/09\\\/29\\\/siete-autores-dialogan-en-desbordes-sobre-los-distintos-abordajes-de-la-investigacion\\\/\",\"name\":\"Universidad de las Artes - 7 autores dialogan en \u201cDesbordes\u201d los distintos abordajes de la investigaci\u00f3n en el campo de la creaci\u00f3n art\u00edstica\",\"isPartOf\":{\"@id\":\"https:\\\/\\\/www.uartes.edu.ec\\\/sitio\\\/en\\\/#website\"},\"primaryImageOfPage\":{\"@id\":\"https:\\\/\\\/www.uartes.edu.ec\\\/sitio\\\/en\\\/blog\\\/2022\\\/09\\\/29\\\/siete-autores-dialogan-en-desbordes-sobre-los-distintos-abordajes-de-la-investigacion\\\/#primaryimage\"},\"image\":{\"@id\":\"https:\\\/\\\/www.uartes.edu.ec\\\/sitio\\\/en\\\/blog\\\/2022\\\/09\\\/29\\\/siete-autores-dialogan-en-desbordes-sobre-los-distintos-abordajes-de-la-investigacion\\\/#primaryimage\"},\"thumbnailUrl\":\"https:\\\/\\\/www.uartes.edu.ec\\\/sitio\\\/wp-content\\\/uploads\\\/2022\\\/09\\\/DESBORDES-1.jpg\",\"datePublished\":\"2022-09-30T00:05:00+00:00\",\"dateModified\":\"2024-07-04T16:22:54+00:00\",\"description\":\"Universidad de las Artes - 7 autores dialogan en \u201cDesbordes\u201d los distintos abordajes de la investigaci\u00f3n en el campo de la creaci\u00f3n art\u00edstica\",\"breadcrumb\":{\"@id\":\"https:\\\/\\\/www.uartes.edu.ec\\\/sitio\\\/en\\\/blog\\\/2022\\\/09\\\/29\\\/siete-autores-dialogan-en-desbordes-sobre-los-distintos-abordajes-de-la-investigacion\\\/#breadcrumb\"},\"inLanguage\":\"en-US\",\"potentialAction\":[{\"@type\":\"ReadAction\",\"target\":[\"https:\\\/\\\/www.uartes.edu.ec\\\/sitio\\\/en\\\/blog\\\/2022\\\/09\\\/29\\\/siete-autores-dialogan-en-desbordes-sobre-los-distintos-abordajes-de-la-investigacion\\\/\"]}]},{\"@type\":\"ImageObject\",\"inLanguage\":\"en-US\",\"@id\":\"https:\\\/\\\/www.uartes.edu.ec\\\/sitio\\\/en\\\/blog\\\/2022\\\/09\\\/29\\\/siete-autores-dialogan-en-desbordes-sobre-los-distintos-abordajes-de-la-investigacion\\\/#primaryimage\",\"url\":\"https:\\\/\\\/www.uartes.edu.ec\\\/sitio\\\/wp-content\\\/uploads\\\/2022\\\/09\\\/DESBORDES-1.jpg\",\"contentUrl\":\"https:\\\/\\\/www.uartes.edu.ec\\\/sitio\\\/wp-content\\\/uploads\\\/2022\\\/09\\\/DESBORDES-1.jpg\",\"width\":2000,\"height\":1333},{\"@type\":\"BreadcrumbList\",\"@id\":\"https:\\\/\\\/www.uartes.edu.ec\\\/sitio\\\/en\\\/blog\\\/2022\\\/09\\\/29\\\/siete-autores-dialogan-en-desbordes-sobre-los-distintos-abordajes-de-la-investigacion\\\/#breadcrumb\",\"itemListElement\":[{\"@type\":\"ListItem\",\"position\":1,\"name\":\"Inicio\",\"item\":\"https:\\\/\\\/www.uartes.edu.ec\\\/sitio\\\/\"},{\"@type\":\"ListItem\",\"position\":2,\"name\":\"7 autores dialogan en \u201cDesbordes\u201d los distintos abordajes de la investigaci\u00f3n en el campo de la creaci\u00f3n art\u00edstica\"}]},{\"@type\":\"WebSite\",\"@id\":\"https:\\\/\\\/www.uartes.edu.ec\\\/sitio\\\/en\\\/#website\",\"url\":\"https:\\\/\\\/www.uartes.edu.ec\\\/sitio\\\/en\\\/\",\"name\":\"Universidad de las Artes\",\"description\":\"Sitio oficial de la Universidad Nacional de las Artes del Ecuador\",\"publisher\":{\"@id\":\"https:\\\/\\\/www.uartes.edu.ec\\\/sitio\\\/en\\\/#organization\"},\"potentialAction\":[{\"@type\":\"SearchAction\",\"target\":{\"@type\":\"EntryPoint\",\"urlTemplate\":\"https:\\\/\\\/www.uartes.edu.ec\\\/sitio\\\/en\\\/?s={search_term_string}\"},\"query-input\":{\"@type\":\"PropertyValueSpecification\",\"valueRequired\":true,\"valueName\":\"search_term_string\"}}],\"inLanguage\":\"en-US\"},{\"@type\":\"Organization\",\"@id\":\"https:\\\/\\\/www.uartes.edu.ec\\\/sitio\\\/en\\\/#organization\",\"name\":\"Universidad de las Artes\",\"url\":\"https:\\\/\\\/www.uartes.edu.ec\\\/sitio\\\/en\\\/\",\"logo\":{\"@type\":\"ImageObject\",\"inLanguage\":\"en-US\",\"@id\":\"https:\\\/\\\/www.uartes.edu.ec\\\/sitio\\\/en\\\/#\\\/schema\\\/logo\\\/image\\\/\",\"url\":\"https:\\\/\\\/www.uartes.edu.ec\\\/sitio\\\/wp-content\\\/uploads\\\/2022\\\/07\\\/logo-ua-horizontal.png\",\"contentUrl\":\"https:\\\/\\\/www.uartes.edu.ec\\\/sitio\\\/wp-content\\\/uploads\\\/2022\\\/07\\\/logo-ua-horizontal.png\",\"width\":800,\"height\":276,\"caption\":\"Universidad de las Artes\"},\"image\":{\"@id\":\"https:\\\/\\\/www.uartes.edu.ec\\\/sitio\\\/en\\\/#\\\/schema\\\/logo\\\/image\\\/\"},\"sameAs\":[\"https:\\\/\\\/www.facebook.com\\\/uartesec\",\"https:\\\/\\\/x.com\\\/uartesec\",\"https:\\\/\\\/www.tiktok.com\\\/@uartesec\"]},{\"@type\":\"Person\",\"@id\":\"https:\\\/\\\/www.uartes.edu.ec\\\/sitio\\\/en\\\/#\\\/schema\\\/person\\\/efa1b8275797664fd7f13a79ccc0b1f4\",\"name\":\"ccortez\",\"image\":{\"@type\":\"ImageObject\",\"inLanguage\":\"en-US\",\"@id\":\"https:\\\/\\\/secure.gravatar.com\\\/avatar\\\/b2a6f664a3ae8e074346ef91775736c5ec479e637ecced6842de9dc98b5da9cd?s=96&d=mm&r=g\",\"url\":\"https:\\\/\\\/secure.gravatar.com\\\/avatar\\\/b2a6f664a3ae8e074346ef91775736c5ec479e637ecced6842de9dc98b5da9cd?s=96&d=mm&r=g\",\"contentUrl\":\"https:\\\/\\\/secure.gravatar.com\\\/avatar\\\/b2a6f664a3ae8e074346ef91775736c5ec479e637ecced6842de9dc98b5da9cd?s=96&d=mm&r=g\",\"caption\":\"ccortez\"},\"url\":\"https:\\\/\\\/www.uartes.edu.ec\\\/sitio\\\/en\\\/blog\\\/author\\\/ccortez\\\/\"}]}<\/script>\n<!-- \/ Yoast SEO plugin. -->","yoast_head_json":{"title":"Universidad de las Artes - 7 autores dialogan en \u201cDesbordes\u201d los distintos abordajes de la investigaci\u00f3n en el campo de la creaci\u00f3n art\u00edstica","description":"Universidad de las Artes - 7 autores dialogan en \u201cDesbordes\u201d los distintos abordajes de la investigaci\u00f3n en el campo de la creaci\u00f3n art\u00edstica","robots":{"index":"index","follow":"follow","max-snippet":"max-snippet:-1","max-image-preview":"max-image-preview:large","max-video-preview":"max-video-preview:-1"},"canonical":"https:\/\/www.uartes.edu.ec\/sitio\/en\/blog\/2022\/09\/29\/siete-autores-dialogan-en-desbordes-sobre-los-distintos-abordajes-de-la-investigacion\/","og_locale":"en_US","og_type":"article","og_title":"Universidad de las Artes - 7 autores dialogan en \u201cDesbordes\u201d los distintos abordajes de la investigaci\u00f3n en el campo de la creaci\u00f3n art\u00edstica","og_description":"Universidad de las Artes - 7 autores dialogan en \u201cDesbordes\u201d los distintos abordajes de la investigaci\u00f3n en el campo de la creaci\u00f3n art\u00edstica","og_url":"https:\/\/www.uartes.edu.ec\/sitio\/en\/blog\/2022\/09\/29\/siete-autores-dialogan-en-desbordes-sobre-los-distintos-abordajes-de-la-investigacion\/","og_site_name":"Universidad de las Artes","article_publisher":"https:\/\/www.facebook.com\/uartesec","article_published_time":"2022-09-30T00:05:00+00:00","article_modified_time":"2024-07-04T16:22:54+00:00","og_image":[{"width":2000,"height":1333,"url":"https:\/\/www.uartes.edu.ec\/sitio\/wp-content\/uploads\/2022\/09\/DESBORDES-1.jpg","type":"image\/jpeg"}],"author":"ccortez","twitter_card":"summary_large_image","twitter_creator":"@uartesec","twitter_site":"@uartesec","twitter_misc":{"Written by":"ccortez","Est. reading time":"4 minutes"},"schema":{"@context":"https:\/\/schema.org","@graph":[{"@type":"Article","@id":"https:\/\/www.uartes.edu.ec\/sitio\/en\/blog\/2022\/09\/29\/siete-autores-dialogan-en-desbordes-sobre-los-distintos-abordajes-de-la-investigacion\/#article","isPartOf":{"@id":"https:\/\/www.uartes.edu.ec\/sitio\/en\/blog\/2022\/09\/29\/siete-autores-dialogan-en-desbordes-sobre-los-distintos-abordajes-de-la-investigacion\/"},"author":{"name":"ccortez","@id":"https:\/\/www.uartes.edu.ec\/sitio\/en\/#\/schema\/person\/efa1b8275797664fd7f13a79ccc0b1f4"},"headline":"7 autores dialogan en \u201cDesbordes\u201d los distintos abordajes de la investigaci\u00f3n en el campo de la creaci\u00f3n art\u00edstica","datePublished":"2022-09-30T00:05:00+00:00","dateModified":"2024-07-04T16:22:54+00:00","mainEntityOfPage":{"@id":"https:\/\/www.uartes.edu.ec\/sitio\/en\/blog\/2022\/09\/29\/siete-autores-dialogan-en-desbordes-sobre-los-distintos-abordajes-de-la-investigacion\/"},"wordCount":772,"commentCount":0,"publisher":{"@id":"https:\/\/www.uartes.edu.ec\/sitio\/en\/#organization"},"image":{"@id":"https:\/\/www.uartes.edu.ec\/sitio\/en\/blog\/2022\/09\/29\/siete-autores-dialogan-en-desbordes-sobre-los-distintos-abordajes-de-la-investigacion\/#primaryimage"},"thumbnailUrl":"https:\/\/www.uartes.edu.ec\/sitio\/wp-content\/uploads\/2022\/09\/DESBORDES-1.jpg","keywords":["lanzamiento"],"articleSection":["1C","Acad\u00e9mico","Alumni","Docentes","Estudiantes","Investigaci\u00f3n","UArtes Ediciones"],"inLanguage":"en-US","potentialAction":[{"@type":"CommentAction","name":"Comment","target":["https:\/\/www.uartes.edu.ec\/sitio\/en\/blog\/2022\/09\/29\/siete-autores-dialogan-en-desbordes-sobre-los-distintos-abordajes-de-la-investigacion\/#respond"]}]},{"@type":["WebPage","ItemPage"],"@id":"https:\/\/www.uartes.edu.ec\/sitio\/en\/blog\/2022\/09\/29\/siete-autores-dialogan-en-desbordes-sobre-los-distintos-abordajes-de-la-investigacion\/","url":"https:\/\/www.uartes.edu.ec\/sitio\/en\/blog\/2022\/09\/29\/siete-autores-dialogan-en-desbordes-sobre-los-distintos-abordajes-de-la-investigacion\/","name":"Universidad de las Artes - 7 autores dialogan en \u201cDesbordes\u201d los distintos abordajes de la investigaci\u00f3n en el campo de la creaci\u00f3n art\u00edstica","isPartOf":{"@id":"https:\/\/www.uartes.edu.ec\/sitio\/en\/#website"},"primaryImageOfPage":{"@id":"https:\/\/www.uartes.edu.ec\/sitio\/en\/blog\/2022\/09\/29\/siete-autores-dialogan-en-desbordes-sobre-los-distintos-abordajes-de-la-investigacion\/#primaryimage"},"image":{"@id":"https:\/\/www.uartes.edu.ec\/sitio\/en\/blog\/2022\/09\/29\/siete-autores-dialogan-en-desbordes-sobre-los-distintos-abordajes-de-la-investigacion\/#primaryimage"},"thumbnailUrl":"https:\/\/www.uartes.edu.ec\/sitio\/wp-content\/uploads\/2022\/09\/DESBORDES-1.jpg","datePublished":"2022-09-30T00:05:00+00:00","dateModified":"2024-07-04T16:22:54+00:00","description":"Universidad de las Artes - 7 autores dialogan en \u201cDesbordes\u201d los distintos abordajes de la investigaci\u00f3n en el campo de la creaci\u00f3n art\u00edstica","breadcrumb":{"@id":"https:\/\/www.uartes.edu.ec\/sitio\/en\/blog\/2022\/09\/29\/siete-autores-dialogan-en-desbordes-sobre-los-distintos-abordajes-de-la-investigacion\/#breadcrumb"},"inLanguage":"en-US","potentialAction":[{"@type":"ReadAction","target":["https:\/\/www.uartes.edu.ec\/sitio\/en\/blog\/2022\/09\/29\/siete-autores-dialogan-en-desbordes-sobre-los-distintos-abordajes-de-la-investigacion\/"]}]},{"@type":"ImageObject","inLanguage":"en-US","@id":"https:\/\/www.uartes.edu.ec\/sitio\/en\/blog\/2022\/09\/29\/siete-autores-dialogan-en-desbordes-sobre-los-distintos-abordajes-de-la-investigacion\/#primaryimage","url":"https:\/\/www.uartes.edu.ec\/sitio\/wp-content\/uploads\/2022\/09\/DESBORDES-1.jpg","contentUrl":"https:\/\/www.uartes.edu.ec\/sitio\/wp-content\/uploads\/2022\/09\/DESBORDES-1.jpg","width":2000,"height":1333},{"@type":"BreadcrumbList","@id":"https:\/\/www.uartes.edu.ec\/sitio\/en\/blog\/2022\/09\/29\/siete-autores-dialogan-en-desbordes-sobre-los-distintos-abordajes-de-la-investigacion\/#breadcrumb","itemListElement":[{"@type":"ListItem","position":1,"name":"Inicio","item":"https:\/\/www.uartes.edu.ec\/sitio\/"},{"@type":"ListItem","position":2,"name":"7 autores dialogan en \u201cDesbordes\u201d los distintos abordajes de la investigaci\u00f3n en el campo de la creaci\u00f3n art\u00edstica"}]},{"@type":"WebSite","@id":"https:\/\/www.uartes.edu.ec\/sitio\/en\/#website","url":"https:\/\/www.uartes.edu.ec\/sitio\/en\/","name":"Universidad de las Artes","description":"Sitio oficial de la Universidad Nacional de las Artes del Ecuador","publisher":{"@id":"https:\/\/www.uartes.edu.ec\/sitio\/en\/#organization"},"potentialAction":[{"@type":"SearchAction","target":{"@type":"EntryPoint","urlTemplate":"https:\/\/www.uartes.edu.ec\/sitio\/en\/?s={search_term_string}"},"query-input":{"@type":"PropertyValueSpecification","valueRequired":true,"valueName":"search_term_string"}}],"inLanguage":"en-US"},{"@type":"Organization","@id":"https:\/\/www.uartes.edu.ec\/sitio\/en\/#organization","name":"Universidad de las Artes","url":"https:\/\/www.uartes.edu.ec\/sitio\/en\/","logo":{"@type":"ImageObject","inLanguage":"en-US","@id":"https:\/\/www.uartes.edu.ec\/sitio\/en\/#\/schema\/logo\/image\/","url":"https:\/\/www.uartes.edu.ec\/sitio\/wp-content\/uploads\/2022\/07\/logo-ua-horizontal.png","contentUrl":"https:\/\/www.uartes.edu.ec\/sitio\/wp-content\/uploads\/2022\/07\/logo-ua-horizontal.png","width":800,"height":276,"caption":"Universidad de las Artes"},"image":{"@id":"https:\/\/www.uartes.edu.ec\/sitio\/en\/#\/schema\/logo\/image\/"},"sameAs":["https:\/\/www.facebook.com\/uartesec","https:\/\/x.com\/uartesec","https:\/\/www.tiktok.com\/@uartesec"]},{"@type":"Person","@id":"https:\/\/www.uartes.edu.ec\/sitio\/en\/#\/schema\/person\/efa1b8275797664fd7f13a79ccc0b1f4","name":"ccortez","image":{"@type":"ImageObject","inLanguage":"en-US","@id":"https:\/\/secure.gravatar.com\/avatar\/b2a6f664a3ae8e074346ef91775736c5ec479e637ecced6842de9dc98b5da9cd?s=96&d=mm&r=g","url":"https:\/\/secure.gravatar.com\/avatar\/b2a6f664a3ae8e074346ef91775736c5ec479e637ecced6842de9dc98b5da9cd?s=96&d=mm&r=g","contentUrl":"https:\/\/secure.gravatar.com\/avatar\/b2a6f664a3ae8e074346ef91775736c5ec479e637ecced6842de9dc98b5da9cd?s=96&d=mm&r=g","caption":"ccortez"},"url":"https:\/\/www.uartes.edu.ec\/sitio\/en\/blog\/author\/ccortez\/"}]}},"uagb_featured_image_src":{"full":["https:\/\/www.uartes.edu.ec\/sitio\/wp-content\/uploads\/2022\/09\/DESBORDES-1.jpg",2000,1333,false],"thumbnail":["https:\/\/www.uartes.edu.ec\/sitio\/wp-content\/uploads\/2022\/09\/DESBORDES-1-150x150.jpg",150,150,true],"medium":["https:\/\/www.uartes.edu.ec\/sitio\/wp-content\/uploads\/2022\/09\/DESBORDES-1-300x200.jpg",300,200,true],"medium_large":["https:\/\/www.uartes.edu.ec\/sitio\/wp-content\/uploads\/2022\/09\/DESBORDES-1-768x512.jpg",768,512,true],"large":["https:\/\/www.uartes.edu.ec\/sitio\/wp-content\/uploads\/2022\/09\/DESBORDES-1-644x429.jpg",644,429,true],"1536x1536":["https:\/\/www.uartes.edu.ec\/sitio\/wp-content\/uploads\/2022\/09\/DESBORDES-1-1536x1024.jpg",1536,1024,true],"2048x2048":["https:\/\/www.uartes.edu.ec\/sitio\/wp-content\/uploads\/2022\/09\/DESBORDES-1.jpg",2000,1333,false],"trp-custom-language-flag":["https:\/\/www.uartes.edu.ec\/sitio\/wp-content\/uploads\/2022\/09\/DESBORDES-1.jpg",18,12,false],"htmega_size_585x295":["https:\/\/www.uartes.edu.ec\/sitio\/wp-content\/uploads\/2022\/09\/DESBORDES-1.jpg",443,295,false],"htmega_size_1170x536":["https:\/\/www.uartes.edu.ec\/sitio\/wp-content\/uploads\/2022\/09\/DESBORDES-1.jpg",804,536,false],"htmega_size_396x360":["https:\/\/www.uartes.edu.ec\/sitio\/wp-content\/uploads\/2022\/09\/DESBORDES-1.jpg",396,264,false],"gb-block-post-grid-landscape":["https:\/\/www.uartes.edu.ec\/sitio\/wp-content\/uploads\/2022\/09\/DESBORDES-1.jpg",600,400,false],"gb-block-post-grid-square":["https:\/\/www.uartes.edu.ec\/sitio\/wp-content\/uploads\/2022\/09\/DESBORDES-1.jpg",600,400,false],"university-hub-thumb":["https:\/\/www.uartes.edu.ec\/sitio\/wp-content\/uploads\/2022\/09\/DESBORDES-1-400x267.jpg",400,267,true],"mailpoet_newsletter_max":["https:\/\/www.uartes.edu.ec\/sitio\/wp-content\/uploads\/2022\/09\/DESBORDES-1.jpg",1320,880,false]},"uagb_author_info":{"display_name":"ccortez","author_link":"https:\/\/www.uartes.edu.ec\/sitio\/en\/blog\/author\/ccortez\/"},"uagb_comment_info":0,"uagb_excerpt":"\u201cEn este libro nos interesa poner en di\u00e1logo distintas perspectivas y abordajes de la investigaci\u00f3n, tanto en el \u00e1rea de las ciencias sociales y humanas como en el campo de la creaci\u00f3n art\u00edstica\u201d se lee en la contratapa de \u201cDesbordes. Debates y metodolog\u00edas cr\u00edticas en investigaci\u00f3n\u201d. Ybelice Brice\u00f1o, quien coordin\u00f3 la obra de UArtes Ediciones&hellip;","featured_image_src":"https:\/\/www.uartes.edu.ec\/sitio\/wp-content\/uploads\/2022\/09\/DESBORDES-1.jpg","featured_image_src_square":"https:\/\/www.uartes.edu.ec\/sitio\/wp-content\/uploads\/2022\/09\/DESBORDES-1.jpg","author_info":{"display_name":"ccortez","author_link":"https:\/\/www.uartes.edu.ec\/sitio\/en\/blog\/author\/ccortez\/"},"publishpress_future_workflow_manual_trigger":{"enabledWorkflows":[]},"distributor_meta":false,"distributor_terms":false,"distributor_media":false,"distributor_original_site_name":"Universidad de las Artes","distributor_original_site_url":"https:\/\/www.uartes.edu.ec\/sitio\/en","push-errors":false,"_links":{"self":[{"href":"https:\/\/www.uartes.edu.ec\/sitio\/en\/wp-json\/wp\/v2\/posts\/28394","targetHints":{"allow":["GET"]}}],"collection":[{"href":"https:\/\/www.uartes.edu.ec\/sitio\/en\/wp-json\/wp\/v2\/posts"}],"about":[{"href":"https:\/\/www.uartes.edu.ec\/sitio\/en\/wp-json\/wp\/v2\/types\/post"}],"author":[{"embeddable":true,"href":"https:\/\/www.uartes.edu.ec\/sitio\/en\/wp-json\/wp\/v2\/users\/10"}],"replies":[{"embeddable":true,"href":"https:\/\/www.uartes.edu.ec\/sitio\/en\/wp-json\/wp\/v2\/comments?post=28394"}],"version-history":[{"count":12,"href":"https:\/\/www.uartes.edu.ec\/sitio\/en\/wp-json\/wp\/v2\/posts\/28394\/revisions"}],"predecessor-version":[{"id":28616,"href":"https:\/\/www.uartes.edu.ec\/sitio\/en\/wp-json\/wp\/v2\/posts\/28394\/revisions\/28616"}],"wp:featuredmedia":[{"embeddable":true,"href":"https:\/\/www.uartes.edu.ec\/sitio\/en\/wp-json\/wp\/v2\/media\/28440"}],"wp:attachment":[{"href":"https:\/\/www.uartes.edu.ec\/sitio\/en\/wp-json\/wp\/v2\/media?parent=28394"}],"wp:term":[{"taxonomy":"category","embeddable":true,"href":"https:\/\/www.uartes.edu.ec\/sitio\/en\/wp-json\/wp\/v2\/categories?post=28394"},{"taxonomy":"post_tag","embeddable":true,"href":"https:\/\/www.uartes.edu.ec\/sitio\/en\/wp-json\/wp\/v2\/tags?post=28394"},{"taxonomy":"infouartes","embeddable":true,"href":"https:\/\/www.uartes.edu.ec\/sitio\/en\/wp-json\/wp\/v2\/infouartes?post=28394"}],"curies":[{"name":"wp","href":"https:\/\/api.w.org\/{rel}","templated":true}]}}