{"id":29208,"date":"2022-10-13T17:45:22","date_gmt":"2022-10-13T22:45:22","guid":{"rendered":"http:\/\/www.uartes.edu.ec\/sitio\/?p=29208"},"modified":"2024-07-04T11:22:49","modified_gmt":"2024-07-04T16:22:49","slug":"juan-sebastian-bravo-estudiante-de-la-universidad-de-narino-es-el-primero-de-intercambio-en-la-uartes","status":"publish","type":"post","link":"https:\/\/www.uartes.edu.ec\/sitio\/en\/blog\/2022\/10\/13\/juan-sebastian-bravo-estudiante-de-la-universidad-de-narino-es-el-primero-de-intercambio-en-la-uartes\/","title":{"rendered":"Juan Sebasti\u00e1n Bravo, estudiante de la Universidad de Nari\u00f1o de Colombia, el primero de intercambio en la UArtes"},"content":{"rendered":"<p>Su movilidad acad\u00e9mica se gestion\u00f3 desde la Direcci\u00f3n de Relaciones Internacionales de la Universidad de las Artes y ya se encuentra en nuestra instituci\u00f3n de educaci\u00f3n superior. Es Juan Sebasti\u00e1n Bravo Carre\u00f1o, el primer estudiante de intercambio por un semestre acad\u00e9mico quien en la Universidad de Nari\u00f1o (UDENAR), en Colombia, est\u00e1 en el s\u00e9ptimo semestre de la carrera de Artes Visuales<\/p>\n\n\n\n<p>Como parte ahora de nuestra comunidad universitaria, Bravo Carre\u00f1o inici\u00f3 el pasado lunes 3 de octubre el Semestre B 2022 y las asignaturas que cursa en las Escuelas de Artes Visuales y Cine son: Introducci\u00f3n a las Herramientas Tecnol\u00f3gicas, Laboratorio de Arte y tecnolog\u00eda, Proceso de creaci\u00f3n 1, Laboratorio de imagen y Est\u00e9tica y filosof\u00eda de las artes.<\/p>\n\n\n\n<p>En di\u00e1logo con InfoUArtes, cont\u00f3 que al llegar lo primero que hizo fue recorrer la infraestructura de la UArtes, qued\u00e1ndose impresionado por la cantidad de edificios patrimoniales con los que cuenta nuestra IES, as\u00ed como todas las secciones para cada carrera. \u201cMe fascin\u00f3 la Gobernaci\u00f3n y el espacio para los ni\u00f1os debajo de la Biblioteca de las Artes \u2013Sala R\u00eda\u2013; me hizo recordar todo mi proceso de conocimientos y experiencias\u201d.<\/p>\n\n\n\n<p>Agreg\u00f3 haberse tambi\u00e9n impresionado al saber que era el primer estudiante de intercambio. \u201cTengo expectativas altas en el conocimiento que puedo adquirir por parte de los maestros, de la universidad y fuera de estos\u201d.<\/p>\n\n\n\n<p>Al consultarle c\u00f3mo se dio su movilidad acad\u00e9mica y qu\u00e9 lo anim\u00f3, Bravo Carre\u00f1o coment\u00f3 que por influencia de su padre, quien estudi\u00f3 en la misma universidad en la que \u00e9l se prepara y conoc\u00eda los convenios e Intercambios. Le habl\u00f3 de ellos y de c\u00f3mo influir\u00eda en sus conocimientos para su carrera profesional. \u201cEntonces empec\u00e9 a buscar informaci\u00f3n correspondiente a c\u00f3mo realizarlo, los documentos pertinentes y todo lo relacionado\u201d.<\/p>\n\n\n<div class=\"wp-block-image\">\n<figure class=\"aligncenter size-large\"><img fetchpriority=\"high\" decoding=\"async\" width=\"644\" height=\"429\" src=\"http:\/\/www.uartes.edu.ec\/sitio\/wp-content\/uploads\/2022\/10\/Juan-Sebastia\u0301n-web-3-644x429.jpg\" alt=\"\" class=\"wp-image-29214\" srcset=\"https:\/\/www.uartes.edu.ec\/sitio\/wp-content\/uploads\/2022\/10\/Juan-Sebastia\u0301n-web-3-644x429.jpg 644w, https:\/\/www.uartes.edu.ec\/sitio\/wp-content\/uploads\/2022\/10\/Juan-Sebastia\u0301n-web-3-768x511.jpg 768w, https:\/\/www.uartes.edu.ec\/sitio\/wp-content\/uploads\/2022\/10\/Juan-Sebastia\u0301n-web-3.jpg 2000w, https:\/\/www.uartes.edu.ec\/sitio\/wp-content\/uploads\/2022\/10\/Juan-Sebastia\u0301n-web-3-600x399.jpg 600w, https:\/\/www.uartes.edu.ec\/sitio\/wp-content\/uploads\/2022\/10\/Juan-Sebastia\u0301n-web-3-272x182.jpg 272w\" sizes=\"(max-width: 644px) 100vw, 644px\" \/><\/figure>\n<\/div>\n\n\n<p>Recorri\u00f3 varios sitios webs y a medida en que iba conociendo algo sobre intercambios acad\u00e9micos les consultaba a sus maestros de facultad. El primero, dice, fue el director del programa de Artes Visuales, el docente Javier G\u00f3mez, quien le colabor\u00f3 en la mayor\u00eda de la gesti\u00f3n.<\/p>\n\n\n\n<p>\u201cCuando estaba por terminar el bachillerato me puse a buscar universidades donde estudiar y especializarme en lo que quer\u00eda. En la lista de instituciones de educaci\u00f3n superior que consult\u00e9 estaba la UArtes, pues ten\u00eda el pensum acad\u00e9mico perfecto, a mi opini\u00f3n\u201d. Sin embargo, por cuestiones de edad y madurez no pudo viajar a otro pa\u00eds a estudiar. Tras ingresar a la Universidad de Nari\u00f1o encontr\u00f3 un convenio con la UArtes y decidi\u00f3 aplicar al intercambio.<\/p>\n\n\n\n<p>De la UArtes conoc\u00eda la b\u00e1sico: ubicaci\u00f3n, programas acad\u00e9micos, precios de matr\u00edcula&#8230; En cuanto a sus conocimientos sobre artes, indica que como la mayor\u00eda de los que se deciden a estudiar carreras relacionadas, sab\u00eda nada. \u201cA medida en que iba avanzando en la carrera fui aprendiendo diferentes t\u00e9cnicas de creaci\u00f3n que generaban un impacto en mi saber. Me desvi\u00e9 por los lineamientos del aprendizaje art\u00edstico, no empec\u00e9 por el dibujo, la pintura y luego la escultura, sino que comenc\u00e9 por la pintura y luego en el dibujo apliqu\u00e9 todo lo que conoc\u00eda en esos momentos. Me decid\u00ed entonces afianzar mis bases de la pintura en una academia fuera de la universidad y al final qued\u00e9 pintando varios cuadros al \u00f3leo, de los cuales estoy orgulloso en su mayor\u00eda. Hasta ahora, me encuentro perfeccionando y aprendiendo nuevos m\u00e9todos art\u00edsticos. Hoy en d\u00eda estoy con lo digital y espero sea en lo que pueda trabajar m\u00e1s adelante\u201d.<\/p>\n\n\n\n<p>Seguir estudiando y trabajar en proyectos de animaci\u00f3n digital o pintar al \u00f3leo son los prop\u00f3sitos m\u00e1s inmediatos de Juan Sebasti\u00e1n Bravo.<\/p>\n\n\n<div class=\"wp-block-image\">\n<figure class=\"aligncenter size-large\"><img decoding=\"async\" width=\"644\" height=\"389\" src=\"http:\/\/www.uartes.edu.ec\/sitio\/wp-content\/uploads\/2022\/10\/VISITA999-644x389.jpg\" alt=\"\" class=\"wp-image-29213\" srcset=\"https:\/\/www.uartes.edu.ec\/sitio\/wp-content\/uploads\/2022\/10\/VISITA999-644x389.jpg 644w, https:\/\/www.uartes.edu.ec\/sitio\/wp-content\/uploads\/2022\/10\/VISITA999-768x464.jpg 768w, https:\/\/www.uartes.edu.ec\/sitio\/wp-content\/uploads\/2022\/10\/VISITA999-600x363.jpg 600w\" sizes=\"(max-width: 644px) 100vw, 644px\" \/><\/figure>\n<\/div>\n\n<div class=\"wp-block-image\">\n<figure class=\"aligncenter size-large\"><img decoding=\"async\" width=\"644\" height=\"397\" src=\"http:\/\/www.uartes.edu.ec\/sitio\/wp-content\/uploads\/2022\/10\/VISITA991-644x397.jpg\" alt=\"\" class=\"wp-image-29219\" srcset=\"https:\/\/www.uartes.edu.ec\/sitio\/wp-content\/uploads\/2022\/10\/VISITA991-644x397.jpg 644w, https:\/\/www.uartes.edu.ec\/sitio\/wp-content\/uploads\/2022\/10\/VISITA991-768x473.jpg 768w, https:\/\/www.uartes.edu.ec\/sitio\/wp-content\/uploads\/2022\/10\/VISITA991-600x370.jpg 600w\" sizes=\"(max-width: 644px) 100vw, 644px\" \/><\/figure>\n<\/div>\n\n\n<p>Es importante mencionar que la movilidad estudiantil que cumple Juan Sebasti\u00e1n Bravo se la realiza en el marco del convenio entre la Universidad de Nari\u00f1o y la Universidad de las Artes. El pasado mes de agosto una delegaci\u00f3n de UDENAR liderada por el Dr. Gerardo S\u00e1nchez, decano de la Facultad de Artes, visit\u00f3 nuestra instituci\u00f3n y mantuvo di\u00e1logos con autoridades y las distintas instancias universitarias con el fin de reactivar la cooperaci\u00f3n interinstitucional y fijar una hoja de ruta posterior a la pandemia.<\/p>\n\n\n\n<p>En la gr\u00e1fica que est\u00e1 sobre estas l\u00edneas, la comitiva de la UDENAR encabezada por el doctor Gerardo S\u00e1nchez, decano de su Facultad de Artes, junto con el rector de la UArtes, doctor William Herrera (segundo, der.), y las directoras de Relaciones Internacionales y del Centro de Producci\u00f3n e Innovaci\u00f3n MZ14, Susan Togra y Tania Navarrete, respectivamente. Constan: Jennyfer Castellanos, directora del Departamento de Dise\u00f1o; Ayda D\u00e1vila, directora de RRII; Mario Egas, docente del Departamento de M\u00fasica;&nbsp;Javier G\u00f3mez, director del Departamento de Artes Visuales; y, Jenny Rosero, directora del Departamento de Arquitectura.<\/p>\n\n\n\n<p>En imagen tambi\u00e9n las reuniones cumplidas entre las autoridades y funcionarios de la UDENAR y la UArtes. &nbsp;&nbsp;<\/p>","protected":false},"excerpt":{"rendered":"<p>En la Universidad de Nari\u00f1o (UDENAR) de su natal Colombia, Juan Sebasti\u00e1n Bravo Carre\u00f1o cursa la carrera de Artes Visuales y es el primer estudiante de intercambio que se encuentra en nuestra instituci\u00f3n para cumplir un semestre acad\u00e9mico. Esta movilidad estudiantil, gestionada por la Direcci\u00f3n de Relaciones Internacionales, se realiza en el marco de un convenio suscrito entre la UDENAR y la UArtes. <\/p>","protected":false},"author":10,"featured_media":29212,"comment_status":"open","ping_status":"open","sticky":false,"template":"","format":"standard","meta":{"_acf_changed":false,"_uag_custom_page_level_css":"","_monsterinsights_skip_tracking":false,"_monsterinsights_sitenote_active":false,"_monsterinsights_sitenote_note":"","_monsterinsights_sitenote_category":0,"cybocfi_hide_featured_image":"","footnotes":""},"categories":[716,80,157,76,77],"tags":[801],"infouartes":[],"class_list":["post-29208","post","type-post","status-publish","format-standard","has-post-thumbnail","hentry","category-1c","category-academico","category-artes-visuales","category-estudiantes","category-gestion","tag-intercambio-academico"],"acf":[],"yoast_head":"<!-- This site is optimized with the Yoast SEO plugin v27.4 - https:\/\/yoast.com\/product\/yoast-seo-wordpress\/ -->\n<title>Universidad de las Artes - Juan Sebasti\u00e1n Bravo, estudiante de la Universidad de Nari\u00f1o de Colombia, el primero de intercambio en la UArtes<\/title>\n<meta name=\"description\" content=\"Universidad de las Artes - Juan Sebasti\u00e1n Bravo, estudiante de la Universidad de Nari\u00f1o de Colombia, el primero de intercambio en la UArtes\" \/>\n<meta name=\"robots\" content=\"index, follow, max-snippet:-1, max-image-preview:large, max-video-preview:-1\" \/>\n<link rel=\"canonical\" href=\"https:\/\/www.uartes.edu.ec\/sitio\/en\/blog\/2022\/10\/13\/juan-sebastian-bravo-estudiante-de-la-universidad-de-narino-es-el-primero-de-intercambio-en-la-uartes\/\" \/>\n<meta property=\"og:locale\" content=\"en_US\" \/>\n<meta property=\"og:type\" content=\"article\" \/>\n<meta property=\"og:title\" content=\"Universidad de las Artes - Juan Sebasti\u00e1n Bravo, estudiante de la Universidad de Nari\u00f1o de Colombia, el primero de intercambio en la UArtes\" \/>\n<meta property=\"og:description\" content=\"Universidad de las Artes - Juan Sebasti\u00e1n Bravo, estudiante de la Universidad de Nari\u00f1o de Colombia, el primero de intercambio en la UArtes\" \/>\n<meta property=\"og:url\" content=\"https:\/\/www.uartes.edu.ec\/sitio\/en\/blog\/2022\/10\/13\/juan-sebastian-bravo-estudiante-de-la-universidad-de-narino-es-el-primero-de-intercambio-en-la-uartes\/\" \/>\n<meta property=\"og:site_name\" content=\"Universidad de las Artes\" \/>\n<meta property=\"article:publisher\" content=\"https:\/\/www.facebook.com\/uartesec\" \/>\n<meta property=\"article:published_time\" content=\"2022-10-13T22:45:22+00:00\" \/>\n<meta property=\"article:modified_time\" content=\"2024-07-04T16:22:49+00:00\" \/>\n<meta property=\"og:image\" content=\"https:\/\/www.uartes.edu.ec\/sitio\/wp-content\/uploads\/2022\/10\/Juan-Sebastia\u0301n-web-PORTADA.jpg\" \/>\n\t<meta property=\"og:image:width\" content=\"2000\" \/>\n\t<meta property=\"og:image:height\" content=\"1333\" \/>\n\t<meta property=\"og:image:type\" content=\"image\/jpeg\" \/>\n<meta name=\"author\" content=\"ccortez\" \/>\n<meta name=\"twitter:card\" content=\"summary_large_image\" \/>\n<meta name=\"twitter:creator\" content=\"@uartesec\" \/>\n<meta name=\"twitter:site\" content=\"@uartesec\" \/>\n<meta name=\"twitter:label1\" content=\"Written by\" \/>\n\t<meta name=\"twitter:data1\" content=\"ccortez\" \/>\n\t<meta name=\"twitter:label2\" content=\"Est. reading time\" \/>\n\t<meta name=\"twitter:data2\" content=\"5 minutes\" \/>\n<script type=\"application\/ld+json\" class=\"yoast-schema-graph\">{\"@context\":\"https:\\\/\\\/schema.org\",\"@graph\":[{\"@type\":\"Article\",\"@id\":\"https:\\\/\\\/www.uartes.edu.ec\\\/sitio\\\/en\\\/blog\\\/2022\\\/10\\\/13\\\/juan-sebastian-bravo-estudiante-de-la-universidad-de-narino-es-el-primero-de-intercambio-en-la-uartes\\\/#article\",\"isPartOf\":{\"@id\":\"https:\\\/\\\/www.uartes.edu.ec\\\/sitio\\\/en\\\/blog\\\/2022\\\/10\\\/13\\\/juan-sebastian-bravo-estudiante-de-la-universidad-de-narino-es-el-primero-de-intercambio-en-la-uartes\\\/\"},\"author\":{\"name\":\"ccortez\",\"@id\":\"https:\\\/\\\/www.uartes.edu.ec\\\/sitio\\\/en\\\/#\\\/schema\\\/person\\\/efa1b8275797664fd7f13a79ccc0b1f4\"},\"headline\":\"Juan Sebasti\u00e1n Bravo, estudiante de la Universidad de Nari\u00f1o de Colombia, el primero de intercambio en la UArtes\",\"datePublished\":\"2022-10-13T22:45:22+00:00\",\"dateModified\":\"2024-07-04T16:22:49+00:00\",\"mainEntityOfPage\":{\"@id\":\"https:\\\/\\\/www.uartes.edu.ec\\\/sitio\\\/en\\\/blog\\\/2022\\\/10\\\/13\\\/juan-sebastian-bravo-estudiante-de-la-universidad-de-narino-es-el-primero-de-intercambio-en-la-uartes\\\/\"},\"wordCount\":882,\"commentCount\":0,\"publisher\":{\"@id\":\"https:\\\/\\\/www.uartes.edu.ec\\\/sitio\\\/en\\\/#organization\"},\"image\":{\"@id\":\"https:\\\/\\\/www.uartes.edu.ec\\\/sitio\\\/en\\\/blog\\\/2022\\\/10\\\/13\\\/juan-sebastian-bravo-estudiante-de-la-universidad-de-narino-es-el-primero-de-intercambio-en-la-uartes\\\/#primaryimage\"},\"thumbnailUrl\":\"https:\\\/\\\/www.uartes.edu.ec\\\/sitio\\\/wp-content\\\/uploads\\\/2022\\\/10\\\/Juan-Sebastia\u0301n-web-PORTADA.jpg\",\"keywords\":[\"intercambio acad\u00e9mico\"],\"articleSection\":[\"1C\",\"Acad\u00e9mico\",\"Artes Visuales\",\"Estudiantes\",\"Gesti\u00f3n\"],\"inLanguage\":\"en-US\",\"potentialAction\":[{\"@type\":\"CommentAction\",\"name\":\"Comment\",\"target\":[\"https:\\\/\\\/www.uartes.edu.ec\\\/sitio\\\/en\\\/blog\\\/2022\\\/10\\\/13\\\/juan-sebastian-bravo-estudiante-de-la-universidad-de-narino-es-el-primero-de-intercambio-en-la-uartes\\\/#respond\"]}]},{\"@type\":[\"WebPage\",\"ItemPage\"],\"@id\":\"https:\\\/\\\/www.uartes.edu.ec\\\/sitio\\\/en\\\/blog\\\/2022\\\/10\\\/13\\\/juan-sebastian-bravo-estudiante-de-la-universidad-de-narino-es-el-primero-de-intercambio-en-la-uartes\\\/\",\"url\":\"https:\\\/\\\/www.uartes.edu.ec\\\/sitio\\\/en\\\/blog\\\/2022\\\/10\\\/13\\\/juan-sebastian-bravo-estudiante-de-la-universidad-de-narino-es-el-primero-de-intercambio-en-la-uartes\\\/\",\"name\":\"Universidad de las Artes - Juan Sebasti\u00e1n Bravo, estudiante de la Universidad de Nari\u00f1o de Colombia, el primero de intercambio en la UArtes\",\"isPartOf\":{\"@id\":\"https:\\\/\\\/www.uartes.edu.ec\\\/sitio\\\/en\\\/#website\"},\"primaryImageOfPage\":{\"@id\":\"https:\\\/\\\/www.uartes.edu.ec\\\/sitio\\\/en\\\/blog\\\/2022\\\/10\\\/13\\\/juan-sebastian-bravo-estudiante-de-la-universidad-de-narino-es-el-primero-de-intercambio-en-la-uartes\\\/#primaryimage\"},\"image\":{\"@id\":\"https:\\\/\\\/www.uartes.edu.ec\\\/sitio\\\/en\\\/blog\\\/2022\\\/10\\\/13\\\/juan-sebastian-bravo-estudiante-de-la-universidad-de-narino-es-el-primero-de-intercambio-en-la-uartes\\\/#primaryimage\"},\"thumbnailUrl\":\"https:\\\/\\\/www.uartes.edu.ec\\\/sitio\\\/wp-content\\\/uploads\\\/2022\\\/10\\\/Juan-Sebastia\u0301n-web-PORTADA.jpg\",\"datePublished\":\"2022-10-13T22:45:22+00:00\",\"dateModified\":\"2024-07-04T16:22:49+00:00\",\"description\":\"Universidad de las Artes - Juan Sebasti\u00e1n Bravo, estudiante de la Universidad de Nari\u00f1o de Colombia, el primero de intercambio en la UArtes\",\"breadcrumb\":{\"@id\":\"https:\\\/\\\/www.uartes.edu.ec\\\/sitio\\\/en\\\/blog\\\/2022\\\/10\\\/13\\\/juan-sebastian-bravo-estudiante-de-la-universidad-de-narino-es-el-primero-de-intercambio-en-la-uartes\\\/#breadcrumb\"},\"inLanguage\":\"en-US\",\"potentialAction\":[{\"@type\":\"ReadAction\",\"target\":[\"https:\\\/\\\/www.uartes.edu.ec\\\/sitio\\\/en\\\/blog\\\/2022\\\/10\\\/13\\\/juan-sebastian-bravo-estudiante-de-la-universidad-de-narino-es-el-primero-de-intercambio-en-la-uartes\\\/\"]}]},{\"@type\":\"ImageObject\",\"inLanguage\":\"en-US\",\"@id\":\"https:\\\/\\\/www.uartes.edu.ec\\\/sitio\\\/en\\\/blog\\\/2022\\\/10\\\/13\\\/juan-sebastian-bravo-estudiante-de-la-universidad-de-narino-es-el-primero-de-intercambio-en-la-uartes\\\/#primaryimage\",\"url\":\"https:\\\/\\\/www.uartes.edu.ec\\\/sitio\\\/wp-content\\\/uploads\\\/2022\\\/10\\\/Juan-Sebastia\u0301n-web-PORTADA.jpg\",\"contentUrl\":\"https:\\\/\\\/www.uartes.edu.ec\\\/sitio\\\/wp-content\\\/uploads\\\/2022\\\/10\\\/Juan-Sebastia\u0301n-web-PORTADA.jpg\",\"width\":2000,\"height\":1333},{\"@type\":\"BreadcrumbList\",\"@id\":\"https:\\\/\\\/www.uartes.edu.ec\\\/sitio\\\/en\\\/blog\\\/2022\\\/10\\\/13\\\/juan-sebastian-bravo-estudiante-de-la-universidad-de-narino-es-el-primero-de-intercambio-en-la-uartes\\\/#breadcrumb\",\"itemListElement\":[{\"@type\":\"ListItem\",\"position\":1,\"name\":\"Inicio\",\"item\":\"https:\\\/\\\/www.uartes.edu.ec\\\/sitio\\\/\"},{\"@type\":\"ListItem\",\"position\":2,\"name\":\"Juan Sebasti\u00e1n Bravo, estudiante de la Universidad de Nari\u00f1o de Colombia, el primero de intercambio en la UArtes\"}]},{\"@type\":\"WebSite\",\"@id\":\"https:\\\/\\\/www.uartes.edu.ec\\\/sitio\\\/en\\\/#website\",\"url\":\"https:\\\/\\\/www.uartes.edu.ec\\\/sitio\\\/en\\\/\",\"name\":\"Universidad de las Artes\",\"description\":\"Sitio oficial de la Universidad Nacional de las Artes del Ecuador\",\"publisher\":{\"@id\":\"https:\\\/\\\/www.uartes.edu.ec\\\/sitio\\\/en\\\/#organization\"},\"potentialAction\":[{\"@type\":\"SearchAction\",\"target\":{\"@type\":\"EntryPoint\",\"urlTemplate\":\"https:\\\/\\\/www.uartes.edu.ec\\\/sitio\\\/en\\\/?s={search_term_string}\"},\"query-input\":{\"@type\":\"PropertyValueSpecification\",\"valueRequired\":true,\"valueName\":\"search_term_string\"}}],\"inLanguage\":\"en-US\"},{\"@type\":\"Organization\",\"@id\":\"https:\\\/\\\/www.uartes.edu.ec\\\/sitio\\\/en\\\/#organization\",\"name\":\"Universidad de las Artes\",\"url\":\"https:\\\/\\\/www.uartes.edu.ec\\\/sitio\\\/en\\\/\",\"logo\":{\"@type\":\"ImageObject\",\"inLanguage\":\"en-US\",\"@id\":\"https:\\\/\\\/www.uartes.edu.ec\\\/sitio\\\/en\\\/#\\\/schema\\\/logo\\\/image\\\/\",\"url\":\"https:\\\/\\\/www.uartes.edu.ec\\\/sitio\\\/wp-content\\\/uploads\\\/2022\\\/07\\\/logo-ua-horizontal.png\",\"contentUrl\":\"https:\\\/\\\/www.uartes.edu.ec\\\/sitio\\\/wp-content\\\/uploads\\\/2022\\\/07\\\/logo-ua-horizontal.png\",\"width\":800,\"height\":276,\"caption\":\"Universidad de las Artes\"},\"image\":{\"@id\":\"https:\\\/\\\/www.uartes.edu.ec\\\/sitio\\\/en\\\/#\\\/schema\\\/logo\\\/image\\\/\"},\"sameAs\":[\"https:\\\/\\\/www.facebook.com\\\/uartesec\",\"https:\\\/\\\/x.com\\\/uartesec\",\"https:\\\/\\\/www.tiktok.com\\\/@uartesec\"]},{\"@type\":\"Person\",\"@id\":\"https:\\\/\\\/www.uartes.edu.ec\\\/sitio\\\/en\\\/#\\\/schema\\\/person\\\/efa1b8275797664fd7f13a79ccc0b1f4\",\"name\":\"ccortez\",\"image\":{\"@type\":\"ImageObject\",\"inLanguage\":\"en-US\",\"@id\":\"https:\\\/\\\/secure.gravatar.com\\\/avatar\\\/b2a6f664a3ae8e074346ef91775736c5ec479e637ecced6842de9dc98b5da9cd?s=96&d=mm&r=g\",\"url\":\"https:\\\/\\\/secure.gravatar.com\\\/avatar\\\/b2a6f664a3ae8e074346ef91775736c5ec479e637ecced6842de9dc98b5da9cd?s=96&d=mm&r=g\",\"contentUrl\":\"https:\\\/\\\/secure.gravatar.com\\\/avatar\\\/b2a6f664a3ae8e074346ef91775736c5ec479e637ecced6842de9dc98b5da9cd?s=96&d=mm&r=g\",\"caption\":\"ccortez\"},\"url\":\"https:\\\/\\\/www.uartes.edu.ec\\\/sitio\\\/en\\\/blog\\\/author\\\/ccortez\\\/\"}]}<\/script>\n<!-- \/ Yoast SEO plugin. -->","yoast_head_json":{"title":"Universidad de las Artes - Juan Sebasti\u00e1n Bravo, estudiante de la Universidad de Nari\u00f1o de Colombia, el primero de intercambio en la UArtes","description":"Universidad de las Artes - Juan Sebasti\u00e1n Bravo, estudiante de la Universidad de Nari\u00f1o de Colombia, el primero de intercambio en la UArtes","robots":{"index":"index","follow":"follow","max-snippet":"max-snippet:-1","max-image-preview":"max-image-preview:large","max-video-preview":"max-video-preview:-1"},"canonical":"https:\/\/www.uartes.edu.ec\/sitio\/en\/blog\/2022\/10\/13\/juan-sebastian-bravo-estudiante-de-la-universidad-de-narino-es-el-primero-de-intercambio-en-la-uartes\/","og_locale":"en_US","og_type":"article","og_title":"Universidad de las Artes - Juan Sebasti\u00e1n Bravo, estudiante de la Universidad de Nari\u00f1o de Colombia, el primero de intercambio en la UArtes","og_description":"Universidad de las Artes - Juan Sebasti\u00e1n Bravo, estudiante de la Universidad de Nari\u00f1o de Colombia, el primero de intercambio en la UArtes","og_url":"https:\/\/www.uartes.edu.ec\/sitio\/en\/blog\/2022\/10\/13\/juan-sebastian-bravo-estudiante-de-la-universidad-de-narino-es-el-primero-de-intercambio-en-la-uartes\/","og_site_name":"Universidad de las Artes","article_publisher":"https:\/\/www.facebook.com\/uartesec","article_published_time":"2022-10-13T22:45:22+00:00","article_modified_time":"2024-07-04T16:22:49+00:00","og_image":[{"width":2000,"height":1333,"url":"https:\/\/www.uartes.edu.ec\/sitio\/wp-content\/uploads\/2022\/10\/Juan-Sebastia\u0301n-web-PORTADA.jpg","type":"image\/jpeg"}],"author":"ccortez","twitter_card":"summary_large_image","twitter_creator":"@uartesec","twitter_site":"@uartesec","twitter_misc":{"Written by":"ccortez","Est. reading time":"5 minutes"},"schema":{"@context":"https:\/\/schema.org","@graph":[{"@type":"Article","@id":"https:\/\/www.uartes.edu.ec\/sitio\/en\/blog\/2022\/10\/13\/juan-sebastian-bravo-estudiante-de-la-universidad-de-narino-es-el-primero-de-intercambio-en-la-uartes\/#article","isPartOf":{"@id":"https:\/\/www.uartes.edu.ec\/sitio\/en\/blog\/2022\/10\/13\/juan-sebastian-bravo-estudiante-de-la-universidad-de-narino-es-el-primero-de-intercambio-en-la-uartes\/"},"author":{"name":"ccortez","@id":"https:\/\/www.uartes.edu.ec\/sitio\/en\/#\/schema\/person\/efa1b8275797664fd7f13a79ccc0b1f4"},"headline":"Juan Sebasti\u00e1n Bravo, estudiante de la Universidad de Nari\u00f1o de Colombia, el primero de intercambio en la UArtes","datePublished":"2022-10-13T22:45:22+00:00","dateModified":"2024-07-04T16:22:49+00:00","mainEntityOfPage":{"@id":"https:\/\/www.uartes.edu.ec\/sitio\/en\/blog\/2022\/10\/13\/juan-sebastian-bravo-estudiante-de-la-universidad-de-narino-es-el-primero-de-intercambio-en-la-uartes\/"},"wordCount":882,"commentCount":0,"publisher":{"@id":"https:\/\/www.uartes.edu.ec\/sitio\/en\/#organization"},"image":{"@id":"https:\/\/www.uartes.edu.ec\/sitio\/en\/blog\/2022\/10\/13\/juan-sebastian-bravo-estudiante-de-la-universidad-de-narino-es-el-primero-de-intercambio-en-la-uartes\/#primaryimage"},"thumbnailUrl":"https:\/\/www.uartes.edu.ec\/sitio\/wp-content\/uploads\/2022\/10\/Juan-Sebastia\u0301n-web-PORTADA.jpg","keywords":["intercambio acad\u00e9mico"],"articleSection":["1C","Acad\u00e9mico","Artes Visuales","Estudiantes","Gesti\u00f3n"],"inLanguage":"en-US","potentialAction":[{"@type":"CommentAction","name":"Comment","target":["https:\/\/www.uartes.edu.ec\/sitio\/en\/blog\/2022\/10\/13\/juan-sebastian-bravo-estudiante-de-la-universidad-de-narino-es-el-primero-de-intercambio-en-la-uartes\/#respond"]}]},{"@type":["WebPage","ItemPage"],"@id":"https:\/\/www.uartes.edu.ec\/sitio\/en\/blog\/2022\/10\/13\/juan-sebastian-bravo-estudiante-de-la-universidad-de-narino-es-el-primero-de-intercambio-en-la-uartes\/","url":"https:\/\/www.uartes.edu.ec\/sitio\/en\/blog\/2022\/10\/13\/juan-sebastian-bravo-estudiante-de-la-universidad-de-narino-es-el-primero-de-intercambio-en-la-uartes\/","name":"Universidad de las Artes - Juan Sebasti\u00e1n Bravo, estudiante de la Universidad de Nari\u00f1o de Colombia, el primero de intercambio en la UArtes","isPartOf":{"@id":"https:\/\/www.uartes.edu.ec\/sitio\/en\/#website"},"primaryImageOfPage":{"@id":"https:\/\/www.uartes.edu.ec\/sitio\/en\/blog\/2022\/10\/13\/juan-sebastian-bravo-estudiante-de-la-universidad-de-narino-es-el-primero-de-intercambio-en-la-uartes\/#primaryimage"},"image":{"@id":"https:\/\/www.uartes.edu.ec\/sitio\/en\/blog\/2022\/10\/13\/juan-sebastian-bravo-estudiante-de-la-universidad-de-narino-es-el-primero-de-intercambio-en-la-uartes\/#primaryimage"},"thumbnailUrl":"https:\/\/www.uartes.edu.ec\/sitio\/wp-content\/uploads\/2022\/10\/Juan-Sebastia\u0301n-web-PORTADA.jpg","datePublished":"2022-10-13T22:45:22+00:00","dateModified":"2024-07-04T16:22:49+00:00","description":"Universidad de las Artes - Juan Sebasti\u00e1n Bravo, estudiante de la Universidad de Nari\u00f1o de Colombia, el primero de intercambio en la UArtes","breadcrumb":{"@id":"https:\/\/www.uartes.edu.ec\/sitio\/en\/blog\/2022\/10\/13\/juan-sebastian-bravo-estudiante-de-la-universidad-de-narino-es-el-primero-de-intercambio-en-la-uartes\/#breadcrumb"},"inLanguage":"en-US","potentialAction":[{"@type":"ReadAction","target":["https:\/\/www.uartes.edu.ec\/sitio\/en\/blog\/2022\/10\/13\/juan-sebastian-bravo-estudiante-de-la-universidad-de-narino-es-el-primero-de-intercambio-en-la-uartes\/"]}]},{"@type":"ImageObject","inLanguage":"en-US","@id":"https:\/\/www.uartes.edu.ec\/sitio\/en\/blog\/2022\/10\/13\/juan-sebastian-bravo-estudiante-de-la-universidad-de-narino-es-el-primero-de-intercambio-en-la-uartes\/#primaryimage","url":"https:\/\/www.uartes.edu.ec\/sitio\/wp-content\/uploads\/2022\/10\/Juan-Sebastia\u0301n-web-PORTADA.jpg","contentUrl":"https:\/\/www.uartes.edu.ec\/sitio\/wp-content\/uploads\/2022\/10\/Juan-Sebastia\u0301n-web-PORTADA.jpg","width":2000,"height":1333},{"@type":"BreadcrumbList","@id":"https:\/\/www.uartes.edu.ec\/sitio\/en\/blog\/2022\/10\/13\/juan-sebastian-bravo-estudiante-de-la-universidad-de-narino-es-el-primero-de-intercambio-en-la-uartes\/#breadcrumb","itemListElement":[{"@type":"ListItem","position":1,"name":"Inicio","item":"https:\/\/www.uartes.edu.ec\/sitio\/"},{"@type":"ListItem","position":2,"name":"Juan Sebasti\u00e1n Bravo, estudiante de la Universidad de Nari\u00f1o de Colombia, el primero de intercambio en la UArtes"}]},{"@type":"WebSite","@id":"https:\/\/www.uartes.edu.ec\/sitio\/en\/#website","url":"https:\/\/www.uartes.edu.ec\/sitio\/en\/","name":"Universidad de las Artes","description":"Sitio oficial de la Universidad Nacional de las Artes del Ecuador","publisher":{"@id":"https:\/\/www.uartes.edu.ec\/sitio\/en\/#organization"},"potentialAction":[{"@type":"SearchAction","target":{"@type":"EntryPoint","urlTemplate":"https:\/\/www.uartes.edu.ec\/sitio\/en\/?s={search_term_string}"},"query-input":{"@type":"PropertyValueSpecification","valueRequired":true,"valueName":"search_term_string"}}],"inLanguage":"en-US"},{"@type":"Organization","@id":"https:\/\/www.uartes.edu.ec\/sitio\/en\/#organization","name":"Universidad de las Artes","url":"https:\/\/www.uartes.edu.ec\/sitio\/en\/","logo":{"@type":"ImageObject","inLanguage":"en-US","@id":"https:\/\/www.uartes.edu.ec\/sitio\/en\/#\/schema\/logo\/image\/","url":"https:\/\/www.uartes.edu.ec\/sitio\/wp-content\/uploads\/2022\/07\/logo-ua-horizontal.png","contentUrl":"https:\/\/www.uartes.edu.ec\/sitio\/wp-content\/uploads\/2022\/07\/logo-ua-horizontal.png","width":800,"height":276,"caption":"Universidad de las Artes"},"image":{"@id":"https:\/\/www.uartes.edu.ec\/sitio\/en\/#\/schema\/logo\/image\/"},"sameAs":["https:\/\/www.facebook.com\/uartesec","https:\/\/x.com\/uartesec","https:\/\/www.tiktok.com\/@uartesec"]},{"@type":"Person","@id":"https:\/\/www.uartes.edu.ec\/sitio\/en\/#\/schema\/person\/efa1b8275797664fd7f13a79ccc0b1f4","name":"ccortez","image":{"@type":"ImageObject","inLanguage":"en-US","@id":"https:\/\/secure.gravatar.com\/avatar\/b2a6f664a3ae8e074346ef91775736c5ec479e637ecced6842de9dc98b5da9cd?s=96&d=mm&r=g","url":"https:\/\/secure.gravatar.com\/avatar\/b2a6f664a3ae8e074346ef91775736c5ec479e637ecced6842de9dc98b5da9cd?s=96&d=mm&r=g","contentUrl":"https:\/\/secure.gravatar.com\/avatar\/b2a6f664a3ae8e074346ef91775736c5ec479e637ecced6842de9dc98b5da9cd?s=96&d=mm&r=g","caption":"ccortez"},"url":"https:\/\/www.uartes.edu.ec\/sitio\/en\/blog\/author\/ccortez\/"}]}},"uagb_featured_image_src":{"full":["https:\/\/www.uartes.edu.ec\/sitio\/wp-content\/uploads\/2022\/10\/Juan-Sebastia\u0301n-web-PORTADA.jpg",2000,1333,false],"thumbnail":["https:\/\/www.uartes.edu.ec\/sitio\/wp-content\/uploads\/2022\/10\/Juan-Sebastia\u0301n-web-PORTADA-150x150.jpg",150,150,true],"medium":["https:\/\/www.uartes.edu.ec\/sitio\/wp-content\/uploads\/2022\/10\/Juan-Sebastia\u0301n-web-PORTADA-300x200.jpg",300,200,true],"medium_large":["https:\/\/www.uartes.edu.ec\/sitio\/wp-content\/uploads\/2022\/10\/Juan-Sebastia\u0301n-web-PORTADA-768x512.jpg",768,512,true],"large":["https:\/\/www.uartes.edu.ec\/sitio\/wp-content\/uploads\/2022\/10\/Juan-Sebastia\u0301n-web-PORTADA-644x429.jpg",644,429,true],"1536x1536":["https:\/\/www.uartes.edu.ec\/sitio\/wp-content\/uploads\/2022\/10\/Juan-Sebastia\u0301n-web-PORTADA-1536x1024.jpg",1536,1024,true],"2048x2048":["https:\/\/www.uartes.edu.ec\/sitio\/wp-content\/uploads\/2022\/10\/Juan-Sebastia\u0301n-web-PORTADA.jpg",2000,1333,false],"trp-custom-language-flag":["https:\/\/www.uartes.edu.ec\/sitio\/wp-content\/uploads\/2022\/10\/Juan-Sebastia\u0301n-web-PORTADA.jpg",18,12,false],"htmega_size_585x295":["https:\/\/www.uartes.edu.ec\/sitio\/wp-content\/uploads\/2022\/10\/Juan-Sebastia\u0301n-web-PORTADA.jpg",443,295,false],"htmega_size_1170x536":["https:\/\/www.uartes.edu.ec\/sitio\/wp-content\/uploads\/2022\/10\/Juan-Sebastia\u0301n-web-PORTADA.jpg",804,536,false],"htmega_size_396x360":["https:\/\/www.uartes.edu.ec\/sitio\/wp-content\/uploads\/2022\/10\/Juan-Sebastia\u0301n-web-PORTADA.jpg",396,264,false],"gb-block-post-grid-landscape":["https:\/\/www.uartes.edu.ec\/sitio\/wp-content\/uploads\/2022\/10\/Juan-Sebastia\u0301n-web-PORTADA.jpg",600,400,false],"gb-block-post-grid-square":["https:\/\/www.uartes.edu.ec\/sitio\/wp-content\/uploads\/2022\/10\/Juan-Sebastia\u0301n-web-PORTADA.jpg",600,400,false],"university-hub-thumb":["https:\/\/www.uartes.edu.ec\/sitio\/wp-content\/uploads\/2022\/10\/Juan-Sebastia\u0301n-web-PORTADA-400x267.jpg",400,267,true],"mailpoet_newsletter_max":["https:\/\/www.uartes.edu.ec\/sitio\/wp-content\/uploads\/2022\/10\/Juan-Sebastia\u0301n-web-PORTADA.jpg",1320,880,false]},"uagb_author_info":{"display_name":"ccortez","author_link":"https:\/\/www.uartes.edu.ec\/sitio\/en\/blog\/author\/ccortez\/"},"uagb_comment_info":0,"uagb_excerpt":"En la Universidad de Nari\u00f1o (UDENAR) de su natal Colombia, Juan Sebasti\u00e1n Bravo Carre\u00f1o cursa la carrera de Artes Visuales y es el primer estudiante de intercambio que se encuentra en nuestra instituci\u00f3n para cumplir un semestre acad\u00e9mico. Esta movilidad estudiantil, gestionada por la Direcci\u00f3n de Relaciones Internacionales, se realiza en el marco de un&hellip;","featured_image_src":"https:\/\/www.uartes.edu.ec\/sitio\/wp-content\/uploads\/2022\/10\/Juan-Sebastia\u0301n-web-PORTADA.jpg","featured_image_src_square":"https:\/\/www.uartes.edu.ec\/sitio\/wp-content\/uploads\/2022\/10\/Juan-Sebastia\u0301n-web-PORTADA.jpg","author_info":{"display_name":"ccortez","author_link":"https:\/\/www.uartes.edu.ec\/sitio\/en\/blog\/author\/ccortez\/"},"publishpress_future_workflow_manual_trigger":{"enabledWorkflows":[]},"distributor_meta":false,"distributor_terms":false,"distributor_media":false,"distributor_original_site_name":"Universidad de las Artes","distributor_original_site_url":"https:\/\/www.uartes.edu.ec\/sitio\/en","push-errors":false,"_links":{"self":[{"href":"https:\/\/www.uartes.edu.ec\/sitio\/en\/wp-json\/wp\/v2\/posts\/29208","targetHints":{"allow":["GET"]}}],"collection":[{"href":"https:\/\/www.uartes.edu.ec\/sitio\/en\/wp-json\/wp\/v2\/posts"}],"about":[{"href":"https:\/\/www.uartes.edu.ec\/sitio\/en\/wp-json\/wp\/v2\/types\/post"}],"author":[{"embeddable":true,"href":"https:\/\/www.uartes.edu.ec\/sitio\/en\/wp-json\/wp\/v2\/users\/10"}],"replies":[{"embeddable":true,"href":"https:\/\/www.uartes.edu.ec\/sitio\/en\/wp-json\/wp\/v2\/comments?post=29208"}],"version-history":[{"count":10,"href":"https:\/\/www.uartes.edu.ec\/sitio\/en\/wp-json\/wp\/v2\/posts\/29208\/revisions"}],"predecessor-version":[{"id":37543,"href":"https:\/\/www.uartes.edu.ec\/sitio\/en\/wp-json\/wp\/v2\/posts\/29208\/revisions\/37543"}],"wp:featuredmedia":[{"embeddable":true,"href":"https:\/\/www.uartes.edu.ec\/sitio\/en\/wp-json\/wp\/v2\/media\/29212"}],"wp:attachment":[{"href":"https:\/\/www.uartes.edu.ec\/sitio\/en\/wp-json\/wp\/v2\/media?parent=29208"}],"wp:term":[{"taxonomy":"category","embeddable":true,"href":"https:\/\/www.uartes.edu.ec\/sitio\/en\/wp-json\/wp\/v2\/categories?post=29208"},{"taxonomy":"post_tag","embeddable":true,"href":"https:\/\/www.uartes.edu.ec\/sitio\/en\/wp-json\/wp\/v2\/tags?post=29208"},{"taxonomy":"infouartes","embeddable":true,"href":"https:\/\/www.uartes.edu.ec\/sitio\/en\/wp-json\/wp\/v2\/infouartes?post=29208"}],"curies":[{"name":"wp","href":"https:\/\/api.w.org\/{rel}","templated":true}]}}