{"id":30611,"date":"2022-10-26T21:18:00","date_gmt":"2022-10-27T02:18:00","guid":{"rendered":"http:\/\/www.uartes.edu.ec\/sitio\/?p=30611"},"modified":"2024-07-04T11:22:42","modified_gmt":"2024-07-04T16:22:42","slug":"mexicano-rafael-mondragon-compartio-relatos-dela-educacion-popular-para-reconstruir-nuestra-tierra","status":"publish","type":"post","link":"https:\/\/www.uartes.edu.ec\/sitio\/en\/blog\/2022\/10\/26\/mexicano-rafael-mondragon-compartio-relatos-dela-educacion-popular-para-reconstruir-nuestra-tierra\/","title":{"rendered":"Relatos de la educaci\u00f3n popular para reconstruir nuestra tierra comparti\u00f3 Rafael Mondrag\u00f3n en charla magistral"},"content":{"rendered":"<p>Investigador en el Instituto de Investigaciones Filol\u00f3gicas de la Universidad Nacional Aut\u00f3noma de M\u00e9xico (UNAM) y actualmente dedicado a la realizaci\u00f3n de una biograf\u00eda intelectual de Sim\u00f3n Rodr\u00edguez, contando, adem\u00e1s, con varios trabajos de la historia de Paulo Freire. Rafael Mondrag\u00f3n, uno de los ponentes internacionales invitados a \u201cManglar: Intercambios de educaci\u00f3n popular, artes y territorios\u201d, resumi\u00f3 as\u00ed parte de las actividades que desempe\u00f1a.<\/p>\n\n\n\n<p>InfoUArtes lo encontr\u00f3 junto a Lidia Rodr\u00edguez en la Plaza P\u00fablica del Centro de Producci\u00f3n e Innovaci\u00f3n MZ14, donde se han desarrollado las actividades de la cita de la UArtes, concebida como una propuesta transversal&nbsp;creada desde la carrera de Pedagog\u00eda de las Artes y Humanidades, junto con las direcciones de Vinculaci\u00f3n con la Sociedad y Educaci\u00f3n Continua y la Jefatura de Pr\u00e1cticas Preprofesionales. Se inaugur\u00f3 el lunes 24, en el marco del IV Encuentro de Vinculaci\u00f3n con la Sociedad. &nbsp;<\/p>\n\n\n\n<p>Justamente, el di\u00e1logo se dio en la tercera jornada de \u201cManglar\u201d, en cuya agenda const\u00f3 su intervenci\u00f3n, a las&nbsp;15:00, una charla magistral titulada \u201cRelatos de la educaci\u00f3n popular&nbsp; (en el pasado y el presente) para reconstruir nuestra tierra\u201d.<\/p>\n\n\n<div class=\"wp-block-image\">\n<figure class=\"aligncenter size-large\"><img fetchpriority=\"high\" decoding=\"async\" width=\"644\" height=\"429\" src=\"http:\/\/www.uartes.edu.ec\/sitio\/wp-content\/uploads\/2022\/10\/SEPTIMO-ENCUENTRO-ULTIMAS-MESAS-ROBERTO-MONDRAGON-OK-3-644x429.jpg\" alt=\"\" class=\"wp-image-30614\" srcset=\"https:\/\/www.uartes.edu.ec\/sitio\/wp-content\/uploads\/2022\/10\/SEPTIMO-ENCUENTRO-ULTIMAS-MESAS-ROBERTO-MONDRAGON-OK-3-644x429.jpg 644w, https:\/\/www.uartes.edu.ec\/sitio\/wp-content\/uploads\/2022\/10\/SEPTIMO-ENCUENTRO-ULTIMAS-MESAS-ROBERTO-MONDRAGON-OK-3-768x511.jpg 768w, https:\/\/www.uartes.edu.ec\/sitio\/wp-content\/uploads\/2022\/10\/SEPTIMO-ENCUENTRO-ULTIMAS-MESAS-ROBERTO-MONDRAGON-OK-3.jpg 2000w, https:\/\/www.uartes.edu.ec\/sitio\/wp-content\/uploads\/2022\/10\/SEPTIMO-ENCUENTRO-ULTIMAS-MESAS-ROBERTO-MONDRAGON-OK-3-600x399.jpg 600w, https:\/\/www.uartes.edu.ec\/sitio\/wp-content\/uploads\/2022\/10\/SEPTIMO-ENCUENTRO-ULTIMAS-MESAS-ROBERTO-MONDRAGON-OK-3-272x182.jpg 272w\" sizes=\"(max-width: 644px) 100vw, 644px\" \/><\/figure>\n<\/div>\n\n\n<p>A \u201cManglar\u201d Mondrag\u00f3n lleg\u00f3 por su investigaci\u00f3n y acci\u00f3n participativa que acompa\u00f1a a organizaciones y grupos involucrados con la educaci\u00f3n popular y con el arte, las cuales est\u00e1n tratando de construir alternativas a la violencia que se vive en M\u00e9xico.<\/p>\n\n\n\n<p>Eso s\u00ed, la violencia no es un problema solo de M\u00e9xico, asegur\u00f3, tom\u00e1ndolo desde la perspectiva de un capitalismo que ha ido \u201cerosionando el tejido mancomunitario y ha permitido el crecimiento de estos grupos criminales, que no son solo criminales, sino que est\u00e1n en un negocio en el que participan agentes del estado\u201d. Cuando se habla de los carteles, a\u00f1adi\u00f3, se trata, en muy buena medida, de negocios entre pol\u00edticos y empresarios, y son los llamados \u201cgrupos criminales\u201d los operadores de las \u00e9lites.&nbsp;<\/p>\n\n\n\n<p>\u201cEs una etapa del mundo a la que se est\u00e1 tratando de construir respuestas desde la organizaci\u00f3n popular y comunitaria. Es un tema que a m\u00ed tambi\u00e9n me interesa, porque mi familia es de una zona que fue muy golpeada por el crecimiento de la violencia en M\u00e9xico hace cosa de 10 a\u00f1os\u201d, dijo.<\/p>\n\n\n\n<h3 class=\"wp-block-heading\"><strong>Fortalecer organizaciones populares<\/strong><\/h3>\n\n\n\n<p>En los \u201cRelatos de la educaci\u00f3n popular (en el pasado y el presente) para reconstruir nuestra tierra\u201d, Mondrag\u00f3n comparti\u00f3 algunas historias y registros de organizaci\u00f3n de colectivos que trabajan, sobre todo, en el Norte y Centro de su pa\u00eds natal, en espacios art\u00edsticos que buscan fortalecer a organizaciones populares. Para dicha ponencia, cont\u00f3 con registros audiovisuales.&nbsp;<\/p>\n\n\n<div class=\"wp-block-image\">\n<figure class=\"aligncenter size-large\"><img decoding=\"async\" width=\"644\" height=\"429\" src=\"http:\/\/www.uartes.edu.ec\/sitio\/wp-content\/uploads\/2022\/10\/SEPTIMO-ENCUENTRO-ULTIMAS-MESAS-ROBERTO-MONDRAGON-OK-2-644x429.jpg\" alt=\"\" class=\"wp-image-30615\" srcset=\"https:\/\/www.uartes.edu.ec\/sitio\/wp-content\/uploads\/2022\/10\/SEPTIMO-ENCUENTRO-ULTIMAS-MESAS-ROBERTO-MONDRAGON-OK-2-644x429.jpg 644w, https:\/\/www.uartes.edu.ec\/sitio\/wp-content\/uploads\/2022\/10\/SEPTIMO-ENCUENTRO-ULTIMAS-MESAS-ROBERTO-MONDRAGON-OK-2-768x511.jpg 768w, https:\/\/www.uartes.edu.ec\/sitio\/wp-content\/uploads\/2022\/10\/SEPTIMO-ENCUENTRO-ULTIMAS-MESAS-ROBERTO-MONDRAGON-OK-2.jpg 2000w, https:\/\/www.uartes.edu.ec\/sitio\/wp-content\/uploads\/2022\/10\/SEPTIMO-ENCUENTRO-ULTIMAS-MESAS-ROBERTO-MONDRAGON-OK-2-600x399.jpg 600w, https:\/\/www.uartes.edu.ec\/sitio\/wp-content\/uploads\/2022\/10\/SEPTIMO-ENCUENTRO-ULTIMAS-MESAS-ROBERTO-MONDRAGON-OK-2-272x182.jpg 272w\" sizes=\"(max-width: 644px) 100vw, 644px\" \/><\/figure>\n<\/div>\n\n\n<p>Paulo Freire es uno de los pensadores-educadores que aparecieron en la exposici\u00f3n de Rafael Mondrag\u00f3n, aportaciones del Movimiento de Madres y Abuelas de Plaza de Mayo; Fernando Ulloa, Laura Conti, referentes de la psicolog\u00eda social de Centroam\u00e9rica y que se han articulado en M\u00e9xico.&nbsp;<\/p>\n\n\n\n<p>\u201cMostrar c\u00f3mo esta forma de trabajar, como dice Lidia (Rodr\u00edguez), es una forma que viene del pasado. Se ancla en una tradici\u00f3n que no es solo acad\u00e9mica, es una tradici\u00f3n de construcci\u00f3n de conocimientos que tiene que ver con problem\u00e1ticas comunes de exclusi\u00f3n, desigualdad, violencia, racismo, divisi\u00f3n en clases de la sociedad\u201d, precis\u00f3.<\/p>\n\n\n\n<p>A\u00f1adi\u00f3 que, en torno a dichos problemas, se han reunido grupos de procedencias muy diversas: acad\u00e9micos, religiosos, movimientos de derechos humanos, pobladores, combinando pensamientos en espacios m\u00e1s all\u00e1 de unas cuatro paredes. &nbsp;<\/p>\n\n\n\n<h3 class=\"wp-block-heading\"><strong>La UArtes es un espacio mod\u00e9lico<\/strong><\/h3>\n\n\n\n<p>El investigador mexicano cont\u00f3 que considera a la Universidad de las Artes como \u201cun espacio mod\u00e9lico, porque est\u00e1 plante\u00e1ndose un modelo educativo con la mira en la construcci\u00f3n de pol\u00edtica p\u00fablica hacia afuera\u201d. Lo describe como un modelo educativo general que baja a propuestas curriculares de las distintas escuelas, a un modelo de inserci\u00f3n en el territorio, el cual apuesta a la producci\u00f3n de saber frente a modelos impuestos desde l\u00f3gicas de evaluaci\u00f3n y pol\u00edticas culturales que vienen desde la realidad del colonialismo.<\/p>\n\n\n<div class=\"wp-block-image\">\n<figure class=\"aligncenter size-large\"><img decoding=\"async\" width=\"644\" height=\"429\" src=\"http:\/\/www.uartes.edu.ec\/sitio\/wp-content\/uploads\/2022\/10\/06-MANGLAR-WEB-1-644x429.jpg\" alt=\"\" class=\"wp-image-30616\" srcset=\"https:\/\/www.uartes.edu.ec\/sitio\/wp-content\/uploads\/2022\/10\/06-MANGLAR-WEB-1-644x429.jpg 644w, https:\/\/www.uartes.edu.ec\/sitio\/wp-content\/uploads\/2022\/10\/06-MANGLAR-WEB-1-768x511.jpg 768w, https:\/\/www.uartes.edu.ec\/sitio\/wp-content\/uploads\/2022\/10\/06-MANGLAR-WEB-1.jpg 2000w, https:\/\/www.uartes.edu.ec\/sitio\/wp-content\/uploads\/2022\/10\/06-MANGLAR-WEB-1-600x399.jpg 600w, https:\/\/www.uartes.edu.ec\/sitio\/wp-content\/uploads\/2022\/10\/06-MANGLAR-WEB-1-272x182.jpg 272w\" sizes=\"(max-width: 644px) 100vw, 644px\" \/><\/figure>\n<\/div>\n\n\n<p>Responden, estos, a necesidades que no nos pertenecen. Importante es poner en valor y visibilizar lo que \u201caqu\u00ed se hace\u201d al compartir problem\u00e1ticas discutidas en muchas otras partes del mundo \u201csi eso se lograra hacer en Ecuador, mostrarse al mundo, habr\u00eda gente que estar\u00eda muy interesada\u201d.&nbsp;<\/p>\n\n\n\n<p>Los investigadores, en nuestro contexto, han tenido que ser siempre m\u00e1s que solo investigadores, sino tambi\u00e9n activistas sociales, organizadores, bibliotecarios, periodistas, porque \u201cnuestra realidad nos lo exige\u201d. \u201cNosotros tenemos que construir criterios propios porque, si esperamos que se haga desde el poder, nunca va a llegar y yo creo que hay cosas que se han mostrado en estos d\u00edas que son constitutivas\u201d. &nbsp;<\/p>\n\n\n\n<p>Los modelos de investigaci\u00f3n fluida que construyen naturalmente v\u00ednculos entre la creaci\u00f3n, la intervenci\u00f3n comunitaria y la producci\u00f3n de conceptos y categor\u00edas est\u00e1n presente desde las pol\u00edticas de investigaci\u00f3n-acci\u00f3n de la Revoluci\u00f3n Mexicana, y Mondrag\u00f3n los identific\u00f3 en muchos de los proyectos discutidos en \u201cManglar\u201d.&nbsp;\u201cYo creo que ser\u00eda buena idea dejar de disfrazar lo que hacemos para mostrarlo en sus propios t\u00e9rminos y tratar de explicar c\u00f3mo podemos saber que una cosa s\u00ed est\u00e1 bien hecha, porque aqu\u00ed tambi\u00e9n hay cosas hechas con mucha calidad\u201d, dijo.<\/p>\n\n\n\n<p>Texto: Carmen Cortez\/Daniella Vera S., estudiante de la Escuela de Literatura.<\/p>","protected":false},"excerpt":{"rendered":"<p>El investigador mexicano dict\u00f3 una charla magistral en la tercera jornada de \u201cManglar: Intercambios de educaci\u00f3n popular, artes y territorios\u201d. Rafael Mondrag\u00f3n lleg\u00f3 a \u201cManglar\u201d por su investigaci\u00f3n y acci\u00f3n participativa que acompa\u00f1a a organizaciones y grupos involucrados con la educaci\u00f3n popular y con el arte, las cuales est\u00e1n tratando de construir alternativas a la violencia que se vive en M\u00e9xico.<\/p>","protected":false},"author":10,"featured_media":30613,"comment_status":"open","ping_status":"open","sticky":false,"template":"","format":"standard","meta":{"_acf_changed":false,"_uag_custom_page_level_css":"","_monsterinsights_skip_tracking":false,"_monsterinsights_sitenote_active":false,"_monsterinsights_sitenote_note":"","_monsterinsights_sitenote_category":0,"cybocfi_hide_featured_image":"","footnotes":""},"categories":[80,82,75,76,284,175,79],"tags":[823],"infouartes":[],"class_list":["post-30611","post","type-post","status-publish","format-standard","has-post-thumbnail","hentry","category-academico","category-artes","category-docentes","category-estudiantes","category-investigacion","category-literatura","category-vinculo","tag-manglar-2"],"acf":[],"yoast_head":"<!-- This site is optimized with the Yoast SEO plugin v27.4 - https:\/\/yoast.com\/product\/yoast-seo-wordpress\/ -->\n<title>Universidad de las Artes - Relatos de la educaci\u00f3n popular para reconstruir nuestra tierra comparti\u00f3 Rafael Mondrag\u00f3n en charla magistral<\/title>\n<meta name=\"description\" content=\"Universidad de las Artes - Relatos de la educaci\u00f3n popular para reconstruir nuestra tierra comparti\u00f3 Rafael Mondrag\u00f3n en charla magistral\" \/>\n<meta name=\"robots\" content=\"index, follow, max-snippet:-1, max-image-preview:large, max-video-preview:-1\" \/>\n<link rel=\"canonical\" href=\"https:\/\/www.uartes.edu.ec\/sitio\/en\/blog\/2022\/10\/26\/mexicano-rafael-mondragon-compartio-relatos-dela-educacion-popular-para-reconstruir-nuestra-tierra\/\" \/>\n<meta property=\"og:locale\" content=\"en_US\" \/>\n<meta property=\"og:type\" content=\"article\" \/>\n<meta property=\"og:title\" content=\"Universidad de las Artes - Relatos de la educaci\u00f3n popular para reconstruir nuestra tierra comparti\u00f3 Rafael Mondrag\u00f3n en charla magistral\" \/>\n<meta property=\"og:description\" content=\"Universidad de las Artes - Relatos de la educaci\u00f3n popular para reconstruir nuestra tierra comparti\u00f3 Rafael Mondrag\u00f3n en charla magistral\" \/>\n<meta property=\"og:url\" content=\"https:\/\/www.uartes.edu.ec\/sitio\/en\/blog\/2022\/10\/26\/mexicano-rafael-mondragon-compartio-relatos-dela-educacion-popular-para-reconstruir-nuestra-tierra\/\" \/>\n<meta property=\"og:site_name\" content=\"Universidad de las Artes\" \/>\n<meta property=\"article:publisher\" content=\"https:\/\/www.facebook.com\/uartesec\" \/>\n<meta property=\"article:published_time\" content=\"2022-10-27T02:18:00+00:00\" \/>\n<meta property=\"article:modified_time\" content=\"2024-07-04T16:22:42+00:00\" \/>\n<meta property=\"og:image\" content=\"https:\/\/www.uartes.edu.ec\/sitio\/wp-content\/uploads\/2022\/10\/SEPTIMO-ENCUENTRO-ULTIMAS-MESAS-ROBERTO-MONDRAGON-OK.jpg\" \/>\n\t<meta property=\"og:image:width\" content=\"2000\" \/>\n\t<meta property=\"og:image:height\" content=\"1333\" \/>\n\t<meta property=\"og:image:type\" content=\"image\/jpeg\" \/>\n<meta name=\"author\" content=\"ccortez\" \/>\n<meta name=\"twitter:card\" content=\"summary_large_image\" \/>\n<meta name=\"twitter:creator\" content=\"@uartesec\" \/>\n<meta name=\"twitter:site\" content=\"@uartesec\" \/>\n<meta name=\"twitter:label1\" content=\"Written by\" \/>\n\t<meta name=\"twitter:data1\" content=\"ccortez\" \/>\n\t<meta name=\"twitter:label2\" content=\"Est. reading time\" \/>\n\t<meta name=\"twitter:data2\" content=\"5 minutes\" \/>\n<script type=\"application\/ld+json\" class=\"yoast-schema-graph\">{\"@context\":\"https:\\\/\\\/schema.org\",\"@graph\":[{\"@type\":\"Article\",\"@id\":\"https:\\\/\\\/www.uartes.edu.ec\\\/sitio\\\/en\\\/blog\\\/2022\\\/10\\\/26\\\/mexicano-rafael-mondragon-compartio-relatos-dela-educacion-popular-para-reconstruir-nuestra-tierra\\\/#article\",\"isPartOf\":{\"@id\":\"https:\\\/\\\/www.uartes.edu.ec\\\/sitio\\\/en\\\/blog\\\/2022\\\/10\\\/26\\\/mexicano-rafael-mondragon-compartio-relatos-dela-educacion-popular-para-reconstruir-nuestra-tierra\\\/\"},\"author\":{\"name\":\"ccortez\",\"@id\":\"https:\\\/\\\/www.uartes.edu.ec\\\/sitio\\\/en\\\/#\\\/schema\\\/person\\\/efa1b8275797664fd7f13a79ccc0b1f4\"},\"headline\":\"Relatos de la educaci\u00f3n popular para reconstruir nuestra tierra comparti\u00f3 Rafael Mondrag\u00f3n en charla magistral\",\"datePublished\":\"2022-10-27T02:18:00+00:00\",\"dateModified\":\"2024-07-04T16:22:42+00:00\",\"mainEntityOfPage\":{\"@id\":\"https:\\\/\\\/www.uartes.edu.ec\\\/sitio\\\/en\\\/blog\\\/2022\\\/10\\\/26\\\/mexicano-rafael-mondragon-compartio-relatos-dela-educacion-popular-para-reconstruir-nuestra-tierra\\\/\"},\"wordCount\":963,\"commentCount\":0,\"publisher\":{\"@id\":\"https:\\\/\\\/www.uartes.edu.ec\\\/sitio\\\/en\\\/#organization\"},\"image\":{\"@id\":\"https:\\\/\\\/www.uartes.edu.ec\\\/sitio\\\/en\\\/blog\\\/2022\\\/10\\\/26\\\/mexicano-rafael-mondragon-compartio-relatos-dela-educacion-popular-para-reconstruir-nuestra-tierra\\\/#primaryimage\"},\"thumbnailUrl\":\"https:\\\/\\\/www.uartes.edu.ec\\\/sitio\\\/wp-content\\\/uploads\\\/2022\\\/10\\\/SEPTIMO-ENCUENTRO-ULTIMAS-MESAS-ROBERTO-MONDRAGON-OK.jpg\",\"keywords\":[\"&quot;Manglar&quot;\"],\"articleSection\":[\"Acad\u00e9mico\",\"Artes\",\"Docentes\",\"Estudiantes\",\"Investigaci\u00f3n\",\"Literatura\",\"V\u00ednculo\"],\"inLanguage\":\"en-US\",\"potentialAction\":[{\"@type\":\"CommentAction\",\"name\":\"Comment\",\"target\":[\"https:\\\/\\\/www.uartes.edu.ec\\\/sitio\\\/en\\\/blog\\\/2022\\\/10\\\/26\\\/mexicano-rafael-mondragon-compartio-relatos-dela-educacion-popular-para-reconstruir-nuestra-tierra\\\/#respond\"]}]},{\"@type\":[\"WebPage\",\"ItemPage\"],\"@id\":\"https:\\\/\\\/www.uartes.edu.ec\\\/sitio\\\/en\\\/blog\\\/2022\\\/10\\\/26\\\/mexicano-rafael-mondragon-compartio-relatos-dela-educacion-popular-para-reconstruir-nuestra-tierra\\\/\",\"url\":\"https:\\\/\\\/www.uartes.edu.ec\\\/sitio\\\/en\\\/blog\\\/2022\\\/10\\\/26\\\/mexicano-rafael-mondragon-compartio-relatos-dela-educacion-popular-para-reconstruir-nuestra-tierra\\\/\",\"name\":\"Universidad de las Artes - Relatos de la educaci\u00f3n popular para reconstruir nuestra tierra comparti\u00f3 Rafael Mondrag\u00f3n en charla magistral\",\"isPartOf\":{\"@id\":\"https:\\\/\\\/www.uartes.edu.ec\\\/sitio\\\/en\\\/#website\"},\"primaryImageOfPage\":{\"@id\":\"https:\\\/\\\/www.uartes.edu.ec\\\/sitio\\\/en\\\/blog\\\/2022\\\/10\\\/26\\\/mexicano-rafael-mondragon-compartio-relatos-dela-educacion-popular-para-reconstruir-nuestra-tierra\\\/#primaryimage\"},\"image\":{\"@id\":\"https:\\\/\\\/www.uartes.edu.ec\\\/sitio\\\/en\\\/blog\\\/2022\\\/10\\\/26\\\/mexicano-rafael-mondragon-compartio-relatos-dela-educacion-popular-para-reconstruir-nuestra-tierra\\\/#primaryimage\"},\"thumbnailUrl\":\"https:\\\/\\\/www.uartes.edu.ec\\\/sitio\\\/wp-content\\\/uploads\\\/2022\\\/10\\\/SEPTIMO-ENCUENTRO-ULTIMAS-MESAS-ROBERTO-MONDRAGON-OK.jpg\",\"datePublished\":\"2022-10-27T02:18:00+00:00\",\"dateModified\":\"2024-07-04T16:22:42+00:00\",\"description\":\"Universidad de las Artes - Relatos de la educaci\u00f3n popular para reconstruir nuestra tierra comparti\u00f3 Rafael Mondrag\u00f3n en charla magistral\",\"breadcrumb\":{\"@id\":\"https:\\\/\\\/www.uartes.edu.ec\\\/sitio\\\/en\\\/blog\\\/2022\\\/10\\\/26\\\/mexicano-rafael-mondragon-compartio-relatos-dela-educacion-popular-para-reconstruir-nuestra-tierra\\\/#breadcrumb\"},\"inLanguage\":\"en-US\",\"potentialAction\":[{\"@type\":\"ReadAction\",\"target\":[\"https:\\\/\\\/www.uartes.edu.ec\\\/sitio\\\/en\\\/blog\\\/2022\\\/10\\\/26\\\/mexicano-rafael-mondragon-compartio-relatos-dela-educacion-popular-para-reconstruir-nuestra-tierra\\\/\"]}]},{\"@type\":\"ImageObject\",\"inLanguage\":\"en-US\",\"@id\":\"https:\\\/\\\/www.uartes.edu.ec\\\/sitio\\\/en\\\/blog\\\/2022\\\/10\\\/26\\\/mexicano-rafael-mondragon-compartio-relatos-dela-educacion-popular-para-reconstruir-nuestra-tierra\\\/#primaryimage\",\"url\":\"https:\\\/\\\/www.uartes.edu.ec\\\/sitio\\\/wp-content\\\/uploads\\\/2022\\\/10\\\/SEPTIMO-ENCUENTRO-ULTIMAS-MESAS-ROBERTO-MONDRAGON-OK.jpg\",\"contentUrl\":\"https:\\\/\\\/www.uartes.edu.ec\\\/sitio\\\/wp-content\\\/uploads\\\/2022\\\/10\\\/SEPTIMO-ENCUENTRO-ULTIMAS-MESAS-ROBERTO-MONDRAGON-OK.jpg\",\"width\":2000,\"height\":1333},{\"@type\":\"BreadcrumbList\",\"@id\":\"https:\\\/\\\/www.uartes.edu.ec\\\/sitio\\\/en\\\/blog\\\/2022\\\/10\\\/26\\\/mexicano-rafael-mondragon-compartio-relatos-dela-educacion-popular-para-reconstruir-nuestra-tierra\\\/#breadcrumb\",\"itemListElement\":[{\"@type\":\"ListItem\",\"position\":1,\"name\":\"Inicio\",\"item\":\"https:\\\/\\\/www.uartes.edu.ec\\\/sitio\\\/\"},{\"@type\":\"ListItem\",\"position\":2,\"name\":\"Relatos de la educaci\u00f3n popular para reconstruir nuestra tierra comparti\u00f3 Rafael Mondrag\u00f3n en charla magistral\"}]},{\"@type\":\"WebSite\",\"@id\":\"https:\\\/\\\/www.uartes.edu.ec\\\/sitio\\\/en\\\/#website\",\"url\":\"https:\\\/\\\/www.uartes.edu.ec\\\/sitio\\\/en\\\/\",\"name\":\"Universidad de las Artes\",\"description\":\"Sitio oficial de la Universidad Nacional de las Artes del Ecuador\",\"publisher\":{\"@id\":\"https:\\\/\\\/www.uartes.edu.ec\\\/sitio\\\/en\\\/#organization\"},\"potentialAction\":[{\"@type\":\"SearchAction\",\"target\":{\"@type\":\"EntryPoint\",\"urlTemplate\":\"https:\\\/\\\/www.uartes.edu.ec\\\/sitio\\\/en\\\/?s={search_term_string}\"},\"query-input\":{\"@type\":\"PropertyValueSpecification\",\"valueRequired\":true,\"valueName\":\"search_term_string\"}}],\"inLanguage\":\"en-US\"},{\"@type\":\"Organization\",\"@id\":\"https:\\\/\\\/www.uartes.edu.ec\\\/sitio\\\/en\\\/#organization\",\"name\":\"Universidad de las Artes\",\"url\":\"https:\\\/\\\/www.uartes.edu.ec\\\/sitio\\\/en\\\/\",\"logo\":{\"@type\":\"ImageObject\",\"inLanguage\":\"en-US\",\"@id\":\"https:\\\/\\\/www.uartes.edu.ec\\\/sitio\\\/en\\\/#\\\/schema\\\/logo\\\/image\\\/\",\"url\":\"https:\\\/\\\/www.uartes.edu.ec\\\/sitio\\\/wp-content\\\/uploads\\\/2022\\\/07\\\/logo-ua-horizontal.png\",\"contentUrl\":\"https:\\\/\\\/www.uartes.edu.ec\\\/sitio\\\/wp-content\\\/uploads\\\/2022\\\/07\\\/logo-ua-horizontal.png\",\"width\":800,\"height\":276,\"caption\":\"Universidad de las Artes\"},\"image\":{\"@id\":\"https:\\\/\\\/www.uartes.edu.ec\\\/sitio\\\/en\\\/#\\\/schema\\\/logo\\\/image\\\/\"},\"sameAs\":[\"https:\\\/\\\/www.facebook.com\\\/uartesec\",\"https:\\\/\\\/x.com\\\/uartesec\",\"https:\\\/\\\/www.tiktok.com\\\/@uartesec\"]},{\"@type\":\"Person\",\"@id\":\"https:\\\/\\\/www.uartes.edu.ec\\\/sitio\\\/en\\\/#\\\/schema\\\/person\\\/efa1b8275797664fd7f13a79ccc0b1f4\",\"name\":\"ccortez\",\"image\":{\"@type\":\"ImageObject\",\"inLanguage\":\"en-US\",\"@id\":\"https:\\\/\\\/secure.gravatar.com\\\/avatar\\\/b2a6f664a3ae8e074346ef91775736c5ec479e637ecced6842de9dc98b5da9cd?s=96&d=mm&r=g\",\"url\":\"https:\\\/\\\/secure.gravatar.com\\\/avatar\\\/b2a6f664a3ae8e074346ef91775736c5ec479e637ecced6842de9dc98b5da9cd?s=96&d=mm&r=g\",\"contentUrl\":\"https:\\\/\\\/secure.gravatar.com\\\/avatar\\\/b2a6f664a3ae8e074346ef91775736c5ec479e637ecced6842de9dc98b5da9cd?s=96&d=mm&r=g\",\"caption\":\"ccortez\"},\"url\":\"https:\\\/\\\/www.uartes.edu.ec\\\/sitio\\\/en\\\/blog\\\/author\\\/ccortez\\\/\"}]}<\/script>\n<!-- \/ Yoast SEO plugin. -->","yoast_head_json":{"title":"Universidad de las Artes - Relatos de la educaci\u00f3n popular para reconstruir nuestra tierra comparti\u00f3 Rafael Mondrag\u00f3n en charla magistral","description":"Universidad de las Artes - Relatos de la educaci\u00f3n popular para reconstruir nuestra tierra comparti\u00f3 Rafael Mondrag\u00f3n en charla magistral","robots":{"index":"index","follow":"follow","max-snippet":"max-snippet:-1","max-image-preview":"max-image-preview:large","max-video-preview":"max-video-preview:-1"},"canonical":"https:\/\/www.uartes.edu.ec\/sitio\/en\/blog\/2022\/10\/26\/mexicano-rafael-mondragon-compartio-relatos-dela-educacion-popular-para-reconstruir-nuestra-tierra\/","og_locale":"en_US","og_type":"article","og_title":"Universidad de las Artes - Relatos de la educaci\u00f3n popular para reconstruir nuestra tierra comparti\u00f3 Rafael Mondrag\u00f3n en charla magistral","og_description":"Universidad de las Artes - Relatos de la educaci\u00f3n popular para reconstruir nuestra tierra comparti\u00f3 Rafael Mondrag\u00f3n en charla magistral","og_url":"https:\/\/www.uartes.edu.ec\/sitio\/en\/blog\/2022\/10\/26\/mexicano-rafael-mondragon-compartio-relatos-dela-educacion-popular-para-reconstruir-nuestra-tierra\/","og_site_name":"Universidad de las Artes","article_publisher":"https:\/\/www.facebook.com\/uartesec","article_published_time":"2022-10-27T02:18:00+00:00","article_modified_time":"2024-07-04T16:22:42+00:00","og_image":[{"width":2000,"height":1333,"url":"https:\/\/www.uartes.edu.ec\/sitio\/wp-content\/uploads\/2022\/10\/SEPTIMO-ENCUENTRO-ULTIMAS-MESAS-ROBERTO-MONDRAGON-OK.jpg","type":"image\/jpeg"}],"author":"ccortez","twitter_card":"summary_large_image","twitter_creator":"@uartesec","twitter_site":"@uartesec","twitter_misc":{"Written by":"ccortez","Est. reading time":"5 minutes"},"schema":{"@context":"https:\/\/schema.org","@graph":[{"@type":"Article","@id":"https:\/\/www.uartes.edu.ec\/sitio\/en\/blog\/2022\/10\/26\/mexicano-rafael-mondragon-compartio-relatos-dela-educacion-popular-para-reconstruir-nuestra-tierra\/#article","isPartOf":{"@id":"https:\/\/www.uartes.edu.ec\/sitio\/en\/blog\/2022\/10\/26\/mexicano-rafael-mondragon-compartio-relatos-dela-educacion-popular-para-reconstruir-nuestra-tierra\/"},"author":{"name":"ccortez","@id":"https:\/\/www.uartes.edu.ec\/sitio\/en\/#\/schema\/person\/efa1b8275797664fd7f13a79ccc0b1f4"},"headline":"Relatos de la educaci\u00f3n popular para reconstruir nuestra tierra comparti\u00f3 Rafael Mondrag\u00f3n en charla magistral","datePublished":"2022-10-27T02:18:00+00:00","dateModified":"2024-07-04T16:22:42+00:00","mainEntityOfPage":{"@id":"https:\/\/www.uartes.edu.ec\/sitio\/en\/blog\/2022\/10\/26\/mexicano-rafael-mondragon-compartio-relatos-dela-educacion-popular-para-reconstruir-nuestra-tierra\/"},"wordCount":963,"commentCount":0,"publisher":{"@id":"https:\/\/www.uartes.edu.ec\/sitio\/en\/#organization"},"image":{"@id":"https:\/\/www.uartes.edu.ec\/sitio\/en\/blog\/2022\/10\/26\/mexicano-rafael-mondragon-compartio-relatos-dela-educacion-popular-para-reconstruir-nuestra-tierra\/#primaryimage"},"thumbnailUrl":"https:\/\/www.uartes.edu.ec\/sitio\/wp-content\/uploads\/2022\/10\/SEPTIMO-ENCUENTRO-ULTIMAS-MESAS-ROBERTO-MONDRAGON-OK.jpg","keywords":["&quot;Manglar&quot;"],"articleSection":["Acad\u00e9mico","Artes","Docentes","Estudiantes","Investigaci\u00f3n","Literatura","V\u00ednculo"],"inLanguage":"en-US","potentialAction":[{"@type":"CommentAction","name":"Comment","target":["https:\/\/www.uartes.edu.ec\/sitio\/en\/blog\/2022\/10\/26\/mexicano-rafael-mondragon-compartio-relatos-dela-educacion-popular-para-reconstruir-nuestra-tierra\/#respond"]}]},{"@type":["WebPage","ItemPage"],"@id":"https:\/\/www.uartes.edu.ec\/sitio\/en\/blog\/2022\/10\/26\/mexicano-rafael-mondragon-compartio-relatos-dela-educacion-popular-para-reconstruir-nuestra-tierra\/","url":"https:\/\/www.uartes.edu.ec\/sitio\/en\/blog\/2022\/10\/26\/mexicano-rafael-mondragon-compartio-relatos-dela-educacion-popular-para-reconstruir-nuestra-tierra\/","name":"Universidad de las Artes - Relatos de la educaci\u00f3n popular para reconstruir nuestra tierra comparti\u00f3 Rafael Mondrag\u00f3n en charla magistral","isPartOf":{"@id":"https:\/\/www.uartes.edu.ec\/sitio\/en\/#website"},"primaryImageOfPage":{"@id":"https:\/\/www.uartes.edu.ec\/sitio\/en\/blog\/2022\/10\/26\/mexicano-rafael-mondragon-compartio-relatos-dela-educacion-popular-para-reconstruir-nuestra-tierra\/#primaryimage"},"image":{"@id":"https:\/\/www.uartes.edu.ec\/sitio\/en\/blog\/2022\/10\/26\/mexicano-rafael-mondragon-compartio-relatos-dela-educacion-popular-para-reconstruir-nuestra-tierra\/#primaryimage"},"thumbnailUrl":"https:\/\/www.uartes.edu.ec\/sitio\/wp-content\/uploads\/2022\/10\/SEPTIMO-ENCUENTRO-ULTIMAS-MESAS-ROBERTO-MONDRAGON-OK.jpg","datePublished":"2022-10-27T02:18:00+00:00","dateModified":"2024-07-04T16:22:42+00:00","description":"Universidad de las Artes - Relatos de la educaci\u00f3n popular para reconstruir nuestra tierra comparti\u00f3 Rafael Mondrag\u00f3n en charla magistral","breadcrumb":{"@id":"https:\/\/www.uartes.edu.ec\/sitio\/en\/blog\/2022\/10\/26\/mexicano-rafael-mondragon-compartio-relatos-dela-educacion-popular-para-reconstruir-nuestra-tierra\/#breadcrumb"},"inLanguage":"en-US","potentialAction":[{"@type":"ReadAction","target":["https:\/\/www.uartes.edu.ec\/sitio\/en\/blog\/2022\/10\/26\/mexicano-rafael-mondragon-compartio-relatos-dela-educacion-popular-para-reconstruir-nuestra-tierra\/"]}]},{"@type":"ImageObject","inLanguage":"en-US","@id":"https:\/\/www.uartes.edu.ec\/sitio\/en\/blog\/2022\/10\/26\/mexicano-rafael-mondragon-compartio-relatos-dela-educacion-popular-para-reconstruir-nuestra-tierra\/#primaryimage","url":"https:\/\/www.uartes.edu.ec\/sitio\/wp-content\/uploads\/2022\/10\/SEPTIMO-ENCUENTRO-ULTIMAS-MESAS-ROBERTO-MONDRAGON-OK.jpg","contentUrl":"https:\/\/www.uartes.edu.ec\/sitio\/wp-content\/uploads\/2022\/10\/SEPTIMO-ENCUENTRO-ULTIMAS-MESAS-ROBERTO-MONDRAGON-OK.jpg","width":2000,"height":1333},{"@type":"BreadcrumbList","@id":"https:\/\/www.uartes.edu.ec\/sitio\/en\/blog\/2022\/10\/26\/mexicano-rafael-mondragon-compartio-relatos-dela-educacion-popular-para-reconstruir-nuestra-tierra\/#breadcrumb","itemListElement":[{"@type":"ListItem","position":1,"name":"Inicio","item":"https:\/\/www.uartes.edu.ec\/sitio\/"},{"@type":"ListItem","position":2,"name":"Relatos de la educaci\u00f3n popular para reconstruir nuestra tierra comparti\u00f3 Rafael Mondrag\u00f3n en charla magistral"}]},{"@type":"WebSite","@id":"https:\/\/www.uartes.edu.ec\/sitio\/en\/#website","url":"https:\/\/www.uartes.edu.ec\/sitio\/en\/","name":"Universidad de las Artes","description":"Sitio oficial de la Universidad Nacional de las Artes del Ecuador","publisher":{"@id":"https:\/\/www.uartes.edu.ec\/sitio\/en\/#organization"},"potentialAction":[{"@type":"SearchAction","target":{"@type":"EntryPoint","urlTemplate":"https:\/\/www.uartes.edu.ec\/sitio\/en\/?s={search_term_string}"},"query-input":{"@type":"PropertyValueSpecification","valueRequired":true,"valueName":"search_term_string"}}],"inLanguage":"en-US"},{"@type":"Organization","@id":"https:\/\/www.uartes.edu.ec\/sitio\/en\/#organization","name":"Universidad de las Artes","url":"https:\/\/www.uartes.edu.ec\/sitio\/en\/","logo":{"@type":"ImageObject","inLanguage":"en-US","@id":"https:\/\/www.uartes.edu.ec\/sitio\/en\/#\/schema\/logo\/image\/","url":"https:\/\/www.uartes.edu.ec\/sitio\/wp-content\/uploads\/2022\/07\/logo-ua-horizontal.png","contentUrl":"https:\/\/www.uartes.edu.ec\/sitio\/wp-content\/uploads\/2022\/07\/logo-ua-horizontal.png","width":800,"height":276,"caption":"Universidad de las Artes"},"image":{"@id":"https:\/\/www.uartes.edu.ec\/sitio\/en\/#\/schema\/logo\/image\/"},"sameAs":["https:\/\/www.facebook.com\/uartesec","https:\/\/x.com\/uartesec","https:\/\/www.tiktok.com\/@uartesec"]},{"@type":"Person","@id":"https:\/\/www.uartes.edu.ec\/sitio\/en\/#\/schema\/person\/efa1b8275797664fd7f13a79ccc0b1f4","name":"ccortez","image":{"@type":"ImageObject","inLanguage":"en-US","@id":"https:\/\/secure.gravatar.com\/avatar\/b2a6f664a3ae8e074346ef91775736c5ec479e637ecced6842de9dc98b5da9cd?s=96&d=mm&r=g","url":"https:\/\/secure.gravatar.com\/avatar\/b2a6f664a3ae8e074346ef91775736c5ec479e637ecced6842de9dc98b5da9cd?s=96&d=mm&r=g","contentUrl":"https:\/\/secure.gravatar.com\/avatar\/b2a6f664a3ae8e074346ef91775736c5ec479e637ecced6842de9dc98b5da9cd?s=96&d=mm&r=g","caption":"ccortez"},"url":"https:\/\/www.uartes.edu.ec\/sitio\/en\/blog\/author\/ccortez\/"}]}},"uagb_featured_image_src":{"full":["https:\/\/www.uartes.edu.ec\/sitio\/wp-content\/uploads\/2022\/10\/SEPTIMO-ENCUENTRO-ULTIMAS-MESAS-ROBERTO-MONDRAGON-OK.jpg",2000,1333,false],"thumbnail":["https:\/\/www.uartes.edu.ec\/sitio\/wp-content\/uploads\/2022\/10\/SEPTIMO-ENCUENTRO-ULTIMAS-MESAS-ROBERTO-MONDRAGON-OK-150x150.jpg",150,150,true],"medium":["https:\/\/www.uartes.edu.ec\/sitio\/wp-content\/uploads\/2022\/10\/SEPTIMO-ENCUENTRO-ULTIMAS-MESAS-ROBERTO-MONDRAGON-OK-300x200.jpg",300,200,true],"medium_large":["https:\/\/www.uartes.edu.ec\/sitio\/wp-content\/uploads\/2022\/10\/SEPTIMO-ENCUENTRO-ULTIMAS-MESAS-ROBERTO-MONDRAGON-OK-768x512.jpg",768,512,true],"large":["https:\/\/www.uartes.edu.ec\/sitio\/wp-content\/uploads\/2022\/10\/SEPTIMO-ENCUENTRO-ULTIMAS-MESAS-ROBERTO-MONDRAGON-OK-644x429.jpg",644,429,true],"1536x1536":["https:\/\/www.uartes.edu.ec\/sitio\/wp-content\/uploads\/2022\/10\/SEPTIMO-ENCUENTRO-ULTIMAS-MESAS-ROBERTO-MONDRAGON-OK-1536x1024.jpg",1536,1024,true],"2048x2048":["https:\/\/www.uartes.edu.ec\/sitio\/wp-content\/uploads\/2022\/10\/SEPTIMO-ENCUENTRO-ULTIMAS-MESAS-ROBERTO-MONDRAGON-OK.jpg",2000,1333,false],"trp-custom-language-flag":["https:\/\/www.uartes.edu.ec\/sitio\/wp-content\/uploads\/2022\/10\/SEPTIMO-ENCUENTRO-ULTIMAS-MESAS-ROBERTO-MONDRAGON-OK.jpg",18,12,false],"htmega_size_585x295":["https:\/\/www.uartes.edu.ec\/sitio\/wp-content\/uploads\/2022\/10\/SEPTIMO-ENCUENTRO-ULTIMAS-MESAS-ROBERTO-MONDRAGON-OK.jpg",443,295,false],"htmega_size_1170x536":["https:\/\/www.uartes.edu.ec\/sitio\/wp-content\/uploads\/2022\/10\/SEPTIMO-ENCUENTRO-ULTIMAS-MESAS-ROBERTO-MONDRAGON-OK.jpg",804,536,false],"htmega_size_396x360":["https:\/\/www.uartes.edu.ec\/sitio\/wp-content\/uploads\/2022\/10\/SEPTIMO-ENCUENTRO-ULTIMAS-MESAS-ROBERTO-MONDRAGON-OK.jpg",396,264,false],"gb-block-post-grid-landscape":["https:\/\/www.uartes.edu.ec\/sitio\/wp-content\/uploads\/2022\/10\/SEPTIMO-ENCUENTRO-ULTIMAS-MESAS-ROBERTO-MONDRAGON-OK.jpg",600,400,false],"gb-block-post-grid-square":["https:\/\/www.uartes.edu.ec\/sitio\/wp-content\/uploads\/2022\/10\/SEPTIMO-ENCUENTRO-ULTIMAS-MESAS-ROBERTO-MONDRAGON-OK.jpg",600,400,false],"university-hub-thumb":["https:\/\/www.uartes.edu.ec\/sitio\/wp-content\/uploads\/2022\/10\/SEPTIMO-ENCUENTRO-ULTIMAS-MESAS-ROBERTO-MONDRAGON-OK-400x267.jpg",400,267,true],"mailpoet_newsletter_max":["https:\/\/www.uartes.edu.ec\/sitio\/wp-content\/uploads\/2022\/10\/SEPTIMO-ENCUENTRO-ULTIMAS-MESAS-ROBERTO-MONDRAGON-OK.jpg",1320,880,false]},"uagb_author_info":{"display_name":"ccortez","author_link":"https:\/\/www.uartes.edu.ec\/sitio\/en\/blog\/author\/ccortez\/"},"uagb_comment_info":0,"uagb_excerpt":"El investigador mexicano dict\u00f3 una charla magistral en la tercera jornada de \u201cManglar: Intercambios de educaci\u00f3n popular, artes y territorios\u201d. Rafael Mondrag\u00f3n lleg\u00f3 a \u201cManglar\u201d por su investigaci\u00f3n y acci\u00f3n participativa que acompa\u00f1a a organizaciones y grupos involucrados con la educaci\u00f3n popular y con el arte, las cuales est\u00e1n tratando de construir alternativas a la&hellip;","featured_image_src":"https:\/\/www.uartes.edu.ec\/sitio\/wp-content\/uploads\/2022\/10\/SEPTIMO-ENCUENTRO-ULTIMAS-MESAS-ROBERTO-MONDRAGON-OK.jpg","featured_image_src_square":"https:\/\/www.uartes.edu.ec\/sitio\/wp-content\/uploads\/2022\/10\/SEPTIMO-ENCUENTRO-ULTIMAS-MESAS-ROBERTO-MONDRAGON-OK.jpg","author_info":{"display_name":"ccortez","author_link":"https:\/\/www.uartes.edu.ec\/sitio\/en\/blog\/author\/ccortez\/"},"publishpress_future_workflow_manual_trigger":{"enabledWorkflows":[]},"distributor_meta":false,"distributor_terms":false,"distributor_media":false,"distributor_original_site_name":"Universidad de las Artes","distributor_original_site_url":"https:\/\/www.uartes.edu.ec\/sitio\/en","push-errors":false,"_links":{"self":[{"href":"https:\/\/www.uartes.edu.ec\/sitio\/en\/wp-json\/wp\/v2\/posts\/30611","targetHints":{"allow":["GET"]}}],"collection":[{"href":"https:\/\/www.uartes.edu.ec\/sitio\/en\/wp-json\/wp\/v2\/posts"}],"about":[{"href":"https:\/\/www.uartes.edu.ec\/sitio\/en\/wp-json\/wp\/v2\/types\/post"}],"author":[{"embeddable":true,"href":"https:\/\/www.uartes.edu.ec\/sitio\/en\/wp-json\/wp\/v2\/users\/10"}],"replies":[{"embeddable":true,"href":"https:\/\/www.uartes.edu.ec\/sitio\/en\/wp-json\/wp\/v2\/comments?post=30611"}],"version-history":[{"count":14,"href":"https:\/\/www.uartes.edu.ec\/sitio\/en\/wp-json\/wp\/v2\/posts\/30611\/revisions"}],"predecessor-version":[{"id":35711,"href":"https:\/\/www.uartes.edu.ec\/sitio\/en\/wp-json\/wp\/v2\/posts\/30611\/revisions\/35711"}],"wp:featuredmedia":[{"embeddable":true,"href":"https:\/\/www.uartes.edu.ec\/sitio\/en\/wp-json\/wp\/v2\/media\/30613"}],"wp:attachment":[{"href":"https:\/\/www.uartes.edu.ec\/sitio\/en\/wp-json\/wp\/v2\/media?parent=30611"}],"wp:term":[{"taxonomy":"category","embeddable":true,"href":"https:\/\/www.uartes.edu.ec\/sitio\/en\/wp-json\/wp\/v2\/categories?post=30611"},{"taxonomy":"post_tag","embeddable":true,"href":"https:\/\/www.uartes.edu.ec\/sitio\/en\/wp-json\/wp\/v2\/tags?post=30611"},{"taxonomy":"infouartes","embeddable":true,"href":"https:\/\/www.uartes.edu.ec\/sitio\/en\/wp-json\/wp\/v2\/infouartes?post=30611"}],"curies":[{"name":"wp","href":"https:\/\/api.w.org\/{rel}","templated":true}]}}