{"id":30686,"date":"2022-10-26T21:44:00","date_gmt":"2022-10-27T02:44:00","guid":{"rendered":"http:\/\/www.uartes.edu.ec\/sitio\/?p=30686"},"modified":"2024-07-04T11:22:42","modified_gmt":"2024-07-04T16:22:42","slug":"laboratorios-con-adriana-urrea-y-esteban-donosomarcaron-el-inicio-del-iii-encuentro-escenico","status":"publish","type":"post","link":"https:\/\/www.uartes.edu.ec\/sitio\/en\/blog\/2022\/10\/26\/laboratorios-con-adriana-urrea-y-esteban-donosomarcaron-el-inicio-del-iii-encuentro-escenico\/","title":{"rendered":"Laboratorios con Adriana Urrea y Esteban Donoso dieron inicio al III Encuentro Esc\u00e9nico de la UArtes"},"content":{"rendered":"<p>\u201cCimarronajes: fuerzas y figuras\u201d, el laboratorio que dicta la fil\u00f3sofa, docente e investigadora en artes colombiana Adriana Urrea, dio inicio este 26 de octubre al III Encuentro Esc\u00e9nico, organizado por la Escuela de Artes Esc\u00e9nicas de la Universidad de las Artes con el eje tem\u00e1tico \u201cLos Procedimientos\u201d.<\/p>\n\n\n\n<p>La primera actividad de la cita, que se extender\u00e1 hasta el s\u00e1bado 29, tuvo lugar en la terraza del patrimonial edificio El Tel\u00e9grafo. All\u00ed, sentados de manera circular la expositora y los estudiantes y docentes participantes dialogaron sobre las relaciones entre escritura, cuerpos, ruidos y voces.&nbsp;<\/p>\n\n\n\n<p>Este laboratorio-taller buscar\u00e1 incorporar, a trav\u00e9s de los movimientos de los cuerpos, voces, ruidos y escrituras de&nbsp;lxs&nbsp;participantes, cuatro fuerzas y figuras del&nbsp;cimarronaje&nbsp;libertario, a saber: el hurac\u00e1n,&nbsp;Sycorax, la fuga y el palenque.&nbsp;Al final podremos remembrar, siguiendo la l\u00f3gica del montaje cinematogr\u00e1fico, estas figuras a la manera de un&nbsp;rasanblaj, palabra del&nbsp;cr\u00e9ol&nbsp;haitiano que significa juntar lo desmembrado, se indic\u00f3 en la exposici\u00f3n.&nbsp;<\/p>\n\n\n\n<p>Adriana Urrea es fil\u00f3sofa de formaci\u00f3n que ha combinado su vida acad\u00e9mica con el trabajo en el mundo de la cultura, las artes y editorial&nbsp;desde el sector p\u00fablico y privado.&nbsp;Su trabajo te\u00f3rico se ha desarrollado en el&nbsp;\u00e1mbito&nbsp;de la est\u00e9tica&nbsp;y la po\u00e9tica,&nbsp;de&nbsp;la Filosof\u00eda del Arte&nbsp;y&nbsp;de la relaci\u00f3n Filosof\u00eda-Literatura,&nbsp;Filosof\u00eda del Caribe,&nbsp;en&nbsp;particular en la po\u00e9tica de Roberto Burgos Cantor.&nbsp;&nbsp;<\/p>\n\n\n<div class=\"wp-block-image\">\n<figure class=\"aligncenter size-large\"><img fetchpriority=\"high\" decoding=\"async\" width=\"644\" height=\"429\" src=\"http:\/\/www.uartes.edu.ec\/sitio\/wp-content\/uploads\/2022\/10\/02-EE-644x429.jpg\" alt=\"\" class=\"wp-image-30688\" srcset=\"https:\/\/www.uartes.edu.ec\/sitio\/wp-content\/uploads\/2022\/10\/02-EE-644x429.jpg 644w, https:\/\/www.uartes.edu.ec\/sitio\/wp-content\/uploads\/2022\/10\/02-EE-768x511.jpg 768w, https:\/\/www.uartes.edu.ec\/sitio\/wp-content\/uploads\/2022\/10\/02-EE.jpg 2000w, https:\/\/www.uartes.edu.ec\/sitio\/wp-content\/uploads\/2022\/10\/02-EE-600x399.jpg 600w, https:\/\/www.uartes.edu.ec\/sitio\/wp-content\/uploads\/2022\/10\/02-EE-272x182.jpg 272w\" sizes=\"(max-width: 644px) 100vw, 644px\" \/><\/figure>\n<\/div>\n\n\n<p>Toda su actividad est\u00e1 enmarcada por la pregunta por las condiciones de posibilidad de vivir, crear y pensar juntos, resaltando la importancia de las singularidades en el contexto de lo com\u00fan.&nbsp;Ello le ha implicado el desarrollo de una afinada escucha por el entorno y las personas, y le ha permitido consolidar en cada lugar de trabajo, equipos s\u00f3lidos y comprometidos en proyectos comunes,&nbsp;y&nbsp;le ha permitido&nbsp;propiciar&nbsp;la producci\u00f3n colectiva&nbsp;de&nbsp;pensamiento-creaci\u00f3n&nbsp;y provocar&nbsp;la emergencia de escrituras&nbsp;&nbsp;y lecturas de la realidad, m\u00faltiples y surgidas&nbsp;en libertad.&nbsp;&nbsp;<\/p>\n\n\n\n<p>En los \u00faltimos a\u00f1os&nbsp;se&nbsp;ha&nbsp;desempe\u00f1ado&nbsp;como profesora&nbsp;en&nbsp;la Facultad de Filosof\u00eda de la Pontificia Universidad Javeriana,&nbsp;en el Departamento de Creaci\u00f3n Literaria de&nbsp;la Universidad&nbsp;Central&nbsp;y&nbsp;en la Maestr\u00eda de Teatro y Artes Vivas de la Universidad Nacional de Colombia&nbsp;en Bogot\u00e1,&nbsp;Barranquilla&nbsp;y Cali,&nbsp;como asesora de proyectos culturales y editoriales, entre ellos, la Coordinaci\u00f3n general y cocuradur\u00eda del Mercado del Conocimiento y No-Conocimiento \u00datil que tuvo lugar en Barrancabermeja (Colombia) el 2 de diciembre de 2021.&nbsp;&nbsp;<\/p>\n\n\n\n<p>Paralelo a \u201cCimarronajes: fuerzas y figuras\u201d, en el aula 101 del patrimonial edificio El Tel\u00e9grafo, se desarroll\u00f3 un segundo laboratorio con otro de los ponentes invitados al encuentro. Se trat\u00f3 de \u201cHacer, anudar, re-anudar\u201d, con Esteban Donoso (Ecuador).<\/p>","protected":false},"excerpt":{"rendered":"<p>Con \u201cCimarronajes: fuerzas y figuras\u201d, la fil\u00f3sofa, docente e investigadora en artes colombiana Adriana Urrea buscaincorporar, a trav\u00e9s de los movimientos de los cuerpos, voces, ruidos y escrituras de lxs participantes, cuatro fuerzas y figuras del cimarronaje libertario, a saber: el hurac\u00e1n, Sycorax, la fuga y el palenque. La propuesta del ecuatoriano Esteban Donoso es \u201cHacer, anudar, re-anudar\u201d. <\/p>","protected":false},"author":10,"featured_media":30687,"comment_status":"open","ping_status":"open","sticky":false,"template":"","format":"standard","meta":{"_acf_changed":false,"_uag_custom_page_level_css":"","_monsterinsights_skip_tracking":false,"_monsterinsights_sitenote_active":false,"_monsterinsights_sitenote_note":"","_monsterinsights_sitenote_category":0,"cybocfi_hide_featured_image":"","footnotes":""},"categories":[80,159,75,76,284],"tags":[168],"infouartes":[],"class_list":["post-30686","post","type-post","status-publish","format-standard","has-post-thumbnail","hentry","category-academico","category-artes-escenicas","category-docentes","category-estudiantes","category-investigacion","tag-encuentro-escenico"],"acf":[],"yoast_head":"<!-- This site is optimized with the Yoast SEO plugin v27.4 - https:\/\/yoast.com\/product\/yoast-seo-wordpress\/ -->\n<title>Universidad de las Artes - Laboratorios con Adriana Urrea y Esteban Donoso dieron inicio al III Encuentro Esc\u00e9nico de la UArtes<\/title>\n<meta name=\"description\" content=\"Universidad de las Artes - Laboratorios con Adriana Urrea y Esteban Donoso dieron inicio al III Encuentro Esc\u00e9nico de la UArtes\" \/>\n<meta name=\"robots\" content=\"index, follow, max-snippet:-1, max-image-preview:large, max-video-preview:-1\" \/>\n<link rel=\"canonical\" href=\"https:\/\/www.uartes.edu.ec\/sitio\/en\/blog\/2022\/10\/26\/laboratorios-con-adriana-urrea-y-esteban-donosomarcaron-el-inicio-del-iii-encuentro-escenico\/\" \/>\n<meta property=\"og:locale\" content=\"en_US\" \/>\n<meta property=\"og:type\" content=\"article\" \/>\n<meta property=\"og:title\" content=\"Universidad de las Artes - Laboratorios con Adriana Urrea y Esteban Donoso dieron inicio al III Encuentro Esc\u00e9nico de la UArtes\" \/>\n<meta property=\"og:description\" content=\"Universidad de las Artes - Laboratorios con Adriana Urrea y Esteban Donoso dieron inicio al III Encuentro Esc\u00e9nico de la UArtes\" \/>\n<meta property=\"og:url\" content=\"https:\/\/www.uartes.edu.ec\/sitio\/en\/blog\/2022\/10\/26\/laboratorios-con-adriana-urrea-y-esteban-donosomarcaron-el-inicio-del-iii-encuentro-escenico\/\" \/>\n<meta property=\"og:site_name\" content=\"Universidad de las Artes\" \/>\n<meta property=\"article:publisher\" content=\"https:\/\/www.facebook.com\/uartesec\" \/>\n<meta property=\"article:published_time\" content=\"2022-10-27T02:44:00+00:00\" \/>\n<meta property=\"article:modified_time\" content=\"2024-07-04T16:22:42+00:00\" \/>\n<meta property=\"og:image\" content=\"https:\/\/www.uartes.edu.ec\/sitio\/wp-content\/uploads\/2022\/10\/03-EE.jpg\" \/>\n\t<meta property=\"og:image:width\" content=\"2000\" \/>\n\t<meta property=\"og:image:height\" content=\"1333\" \/>\n\t<meta property=\"og:image:type\" content=\"image\/jpeg\" \/>\n<meta name=\"author\" content=\"ccortez\" \/>\n<meta name=\"twitter:card\" content=\"summary_large_image\" \/>\n<meta name=\"twitter:creator\" content=\"@uartesec\" \/>\n<meta name=\"twitter:site\" content=\"@uartesec\" \/>\n<meta name=\"twitter:label1\" content=\"Written by\" \/>\n\t<meta name=\"twitter:data1\" content=\"ccortez\" \/>\n\t<meta name=\"twitter:label2\" content=\"Est. reading time\" \/>\n\t<meta name=\"twitter:data2\" content=\"3 minutes\" \/>\n<script type=\"application\/ld+json\" class=\"yoast-schema-graph\">{\"@context\":\"https:\\\/\\\/schema.org\",\"@graph\":[{\"@type\":\"Article\",\"@id\":\"https:\\\/\\\/www.uartes.edu.ec\\\/sitio\\\/en\\\/blog\\\/2022\\\/10\\\/26\\\/laboratorios-con-adriana-urrea-y-esteban-donosomarcaron-el-inicio-del-iii-encuentro-escenico\\\/#article\",\"isPartOf\":{\"@id\":\"https:\\\/\\\/www.uartes.edu.ec\\\/sitio\\\/en\\\/blog\\\/2022\\\/10\\\/26\\\/laboratorios-con-adriana-urrea-y-esteban-donosomarcaron-el-inicio-del-iii-encuentro-escenico\\\/\"},\"author\":{\"name\":\"ccortez\",\"@id\":\"https:\\\/\\\/www.uartes.edu.ec\\\/sitio\\\/en\\\/#\\\/schema\\\/person\\\/efa1b8275797664fd7f13a79ccc0b1f4\"},\"headline\":\"Laboratorios con Adriana Urrea y Esteban Donoso dieron inicio al III Encuentro Esc\u00e9nico de la UArtes\",\"datePublished\":\"2022-10-27T02:44:00+00:00\",\"dateModified\":\"2024-07-04T16:22:42+00:00\",\"mainEntityOfPage\":{\"@id\":\"https:\\\/\\\/www.uartes.edu.ec\\\/sitio\\\/en\\\/blog\\\/2022\\\/10\\\/26\\\/laboratorios-con-adriana-urrea-y-esteban-donosomarcaron-el-inicio-del-iii-encuentro-escenico\\\/\"},\"wordCount\":544,\"commentCount\":0,\"publisher\":{\"@id\":\"https:\\\/\\\/www.uartes.edu.ec\\\/sitio\\\/en\\\/#organization\"},\"image\":{\"@id\":\"https:\\\/\\\/www.uartes.edu.ec\\\/sitio\\\/en\\\/blog\\\/2022\\\/10\\\/26\\\/laboratorios-con-adriana-urrea-y-esteban-donosomarcaron-el-inicio-del-iii-encuentro-escenico\\\/#primaryimage\"},\"thumbnailUrl\":\"https:\\\/\\\/www.uartes.edu.ec\\\/sitio\\\/wp-content\\\/uploads\\\/2022\\\/10\\\/03-EE.jpg\",\"keywords\":[\"encuentro esc\u00e9nico\"],\"articleSection\":[\"Acad\u00e9mico\",\"Artes Esc\u00e9nicas\",\"Docentes\",\"Estudiantes\",\"Investigaci\u00f3n\"],\"inLanguage\":\"en-US\",\"potentialAction\":[{\"@type\":\"CommentAction\",\"name\":\"Comment\",\"target\":[\"https:\\\/\\\/www.uartes.edu.ec\\\/sitio\\\/en\\\/blog\\\/2022\\\/10\\\/26\\\/laboratorios-con-adriana-urrea-y-esteban-donosomarcaron-el-inicio-del-iii-encuentro-escenico\\\/#respond\"]}]},{\"@type\":[\"WebPage\",\"ItemPage\"],\"@id\":\"https:\\\/\\\/www.uartes.edu.ec\\\/sitio\\\/en\\\/blog\\\/2022\\\/10\\\/26\\\/laboratorios-con-adriana-urrea-y-esteban-donosomarcaron-el-inicio-del-iii-encuentro-escenico\\\/\",\"url\":\"https:\\\/\\\/www.uartes.edu.ec\\\/sitio\\\/en\\\/blog\\\/2022\\\/10\\\/26\\\/laboratorios-con-adriana-urrea-y-esteban-donosomarcaron-el-inicio-del-iii-encuentro-escenico\\\/\",\"name\":\"Universidad de las Artes - Laboratorios con Adriana Urrea y Esteban Donoso dieron inicio al III Encuentro Esc\u00e9nico de la UArtes\",\"isPartOf\":{\"@id\":\"https:\\\/\\\/www.uartes.edu.ec\\\/sitio\\\/en\\\/#website\"},\"primaryImageOfPage\":{\"@id\":\"https:\\\/\\\/www.uartes.edu.ec\\\/sitio\\\/en\\\/blog\\\/2022\\\/10\\\/26\\\/laboratorios-con-adriana-urrea-y-esteban-donosomarcaron-el-inicio-del-iii-encuentro-escenico\\\/#primaryimage\"},\"image\":{\"@id\":\"https:\\\/\\\/www.uartes.edu.ec\\\/sitio\\\/en\\\/blog\\\/2022\\\/10\\\/26\\\/laboratorios-con-adriana-urrea-y-esteban-donosomarcaron-el-inicio-del-iii-encuentro-escenico\\\/#primaryimage\"},\"thumbnailUrl\":\"https:\\\/\\\/www.uartes.edu.ec\\\/sitio\\\/wp-content\\\/uploads\\\/2022\\\/10\\\/03-EE.jpg\",\"datePublished\":\"2022-10-27T02:44:00+00:00\",\"dateModified\":\"2024-07-04T16:22:42+00:00\",\"description\":\"Universidad de las Artes - Laboratorios con Adriana Urrea y Esteban Donoso dieron inicio al III Encuentro Esc\u00e9nico de la UArtes\",\"breadcrumb\":{\"@id\":\"https:\\\/\\\/www.uartes.edu.ec\\\/sitio\\\/en\\\/blog\\\/2022\\\/10\\\/26\\\/laboratorios-con-adriana-urrea-y-esteban-donosomarcaron-el-inicio-del-iii-encuentro-escenico\\\/#breadcrumb\"},\"inLanguage\":\"en-US\",\"potentialAction\":[{\"@type\":\"ReadAction\",\"target\":[\"https:\\\/\\\/www.uartes.edu.ec\\\/sitio\\\/en\\\/blog\\\/2022\\\/10\\\/26\\\/laboratorios-con-adriana-urrea-y-esteban-donosomarcaron-el-inicio-del-iii-encuentro-escenico\\\/\"]}]},{\"@type\":\"ImageObject\",\"inLanguage\":\"en-US\",\"@id\":\"https:\\\/\\\/www.uartes.edu.ec\\\/sitio\\\/en\\\/blog\\\/2022\\\/10\\\/26\\\/laboratorios-con-adriana-urrea-y-esteban-donosomarcaron-el-inicio-del-iii-encuentro-escenico\\\/#primaryimage\",\"url\":\"https:\\\/\\\/www.uartes.edu.ec\\\/sitio\\\/wp-content\\\/uploads\\\/2022\\\/10\\\/03-EE.jpg\",\"contentUrl\":\"https:\\\/\\\/www.uartes.edu.ec\\\/sitio\\\/wp-content\\\/uploads\\\/2022\\\/10\\\/03-EE.jpg\",\"width\":2000,\"height\":1333},{\"@type\":\"BreadcrumbList\",\"@id\":\"https:\\\/\\\/www.uartes.edu.ec\\\/sitio\\\/en\\\/blog\\\/2022\\\/10\\\/26\\\/laboratorios-con-adriana-urrea-y-esteban-donosomarcaron-el-inicio-del-iii-encuentro-escenico\\\/#breadcrumb\",\"itemListElement\":[{\"@type\":\"ListItem\",\"position\":1,\"name\":\"Inicio\",\"item\":\"https:\\\/\\\/www.uartes.edu.ec\\\/sitio\\\/\"},{\"@type\":\"ListItem\",\"position\":2,\"name\":\"Laboratorios con Adriana Urrea y Esteban Donoso dieron inicio al III Encuentro Esc\u00e9nico de la UArtes\"}]},{\"@type\":\"WebSite\",\"@id\":\"https:\\\/\\\/www.uartes.edu.ec\\\/sitio\\\/en\\\/#website\",\"url\":\"https:\\\/\\\/www.uartes.edu.ec\\\/sitio\\\/en\\\/\",\"name\":\"Universidad de las Artes\",\"description\":\"Sitio oficial de la Universidad Nacional de las Artes del Ecuador\",\"publisher\":{\"@id\":\"https:\\\/\\\/www.uartes.edu.ec\\\/sitio\\\/en\\\/#organization\"},\"potentialAction\":[{\"@type\":\"SearchAction\",\"target\":{\"@type\":\"EntryPoint\",\"urlTemplate\":\"https:\\\/\\\/www.uartes.edu.ec\\\/sitio\\\/en\\\/?s={search_term_string}\"},\"query-input\":{\"@type\":\"PropertyValueSpecification\",\"valueRequired\":true,\"valueName\":\"search_term_string\"}}],\"inLanguage\":\"en-US\"},{\"@type\":\"Organization\",\"@id\":\"https:\\\/\\\/www.uartes.edu.ec\\\/sitio\\\/en\\\/#organization\",\"name\":\"Universidad de las Artes\",\"url\":\"https:\\\/\\\/www.uartes.edu.ec\\\/sitio\\\/en\\\/\",\"logo\":{\"@type\":\"ImageObject\",\"inLanguage\":\"en-US\",\"@id\":\"https:\\\/\\\/www.uartes.edu.ec\\\/sitio\\\/en\\\/#\\\/schema\\\/logo\\\/image\\\/\",\"url\":\"https:\\\/\\\/www.uartes.edu.ec\\\/sitio\\\/wp-content\\\/uploads\\\/2022\\\/07\\\/logo-ua-horizontal.png\",\"contentUrl\":\"https:\\\/\\\/www.uartes.edu.ec\\\/sitio\\\/wp-content\\\/uploads\\\/2022\\\/07\\\/logo-ua-horizontal.png\",\"width\":800,\"height\":276,\"caption\":\"Universidad de las Artes\"},\"image\":{\"@id\":\"https:\\\/\\\/www.uartes.edu.ec\\\/sitio\\\/en\\\/#\\\/schema\\\/logo\\\/image\\\/\"},\"sameAs\":[\"https:\\\/\\\/www.facebook.com\\\/uartesec\",\"https:\\\/\\\/x.com\\\/uartesec\",\"https:\\\/\\\/www.tiktok.com\\\/@uartesec\"]},{\"@type\":\"Person\",\"@id\":\"https:\\\/\\\/www.uartes.edu.ec\\\/sitio\\\/en\\\/#\\\/schema\\\/person\\\/efa1b8275797664fd7f13a79ccc0b1f4\",\"name\":\"ccortez\",\"image\":{\"@type\":\"ImageObject\",\"inLanguage\":\"en-US\",\"@id\":\"https:\\\/\\\/secure.gravatar.com\\\/avatar\\\/b2a6f664a3ae8e074346ef91775736c5ec479e637ecced6842de9dc98b5da9cd?s=96&d=mm&r=g\",\"url\":\"https:\\\/\\\/secure.gravatar.com\\\/avatar\\\/b2a6f664a3ae8e074346ef91775736c5ec479e637ecced6842de9dc98b5da9cd?s=96&d=mm&r=g\",\"contentUrl\":\"https:\\\/\\\/secure.gravatar.com\\\/avatar\\\/b2a6f664a3ae8e074346ef91775736c5ec479e637ecced6842de9dc98b5da9cd?s=96&d=mm&r=g\",\"caption\":\"ccortez\"},\"url\":\"https:\\\/\\\/www.uartes.edu.ec\\\/sitio\\\/en\\\/blog\\\/author\\\/ccortez\\\/\"}]}<\/script>\n<!-- \/ Yoast SEO plugin. -->","yoast_head_json":{"title":"Universidad de las Artes - Laboratorios con Adriana Urrea y Esteban Donoso dieron inicio al III Encuentro Esc\u00e9nico de la UArtes","description":"Universidad de las Artes - Laboratorios con Adriana Urrea y Esteban Donoso dieron inicio al III Encuentro Esc\u00e9nico de la UArtes","robots":{"index":"index","follow":"follow","max-snippet":"max-snippet:-1","max-image-preview":"max-image-preview:large","max-video-preview":"max-video-preview:-1"},"canonical":"https:\/\/www.uartes.edu.ec\/sitio\/en\/blog\/2022\/10\/26\/laboratorios-con-adriana-urrea-y-esteban-donosomarcaron-el-inicio-del-iii-encuentro-escenico\/","og_locale":"en_US","og_type":"article","og_title":"Universidad de las Artes - Laboratorios con Adriana Urrea y Esteban Donoso dieron inicio al III Encuentro Esc\u00e9nico de la UArtes","og_description":"Universidad de las Artes - Laboratorios con Adriana Urrea y Esteban Donoso dieron inicio al III Encuentro Esc\u00e9nico de la UArtes","og_url":"https:\/\/www.uartes.edu.ec\/sitio\/en\/blog\/2022\/10\/26\/laboratorios-con-adriana-urrea-y-esteban-donosomarcaron-el-inicio-del-iii-encuentro-escenico\/","og_site_name":"Universidad de las Artes","article_publisher":"https:\/\/www.facebook.com\/uartesec","article_published_time":"2022-10-27T02:44:00+00:00","article_modified_time":"2024-07-04T16:22:42+00:00","og_image":[{"width":2000,"height":1333,"url":"https:\/\/www.uartes.edu.ec\/sitio\/wp-content\/uploads\/2022\/10\/03-EE.jpg","type":"image\/jpeg"}],"author":"ccortez","twitter_card":"summary_large_image","twitter_creator":"@uartesec","twitter_site":"@uartesec","twitter_misc":{"Written by":"ccortez","Est. reading time":"3 minutes"},"schema":{"@context":"https:\/\/schema.org","@graph":[{"@type":"Article","@id":"https:\/\/www.uartes.edu.ec\/sitio\/en\/blog\/2022\/10\/26\/laboratorios-con-adriana-urrea-y-esteban-donosomarcaron-el-inicio-del-iii-encuentro-escenico\/#article","isPartOf":{"@id":"https:\/\/www.uartes.edu.ec\/sitio\/en\/blog\/2022\/10\/26\/laboratorios-con-adriana-urrea-y-esteban-donosomarcaron-el-inicio-del-iii-encuentro-escenico\/"},"author":{"name":"ccortez","@id":"https:\/\/www.uartes.edu.ec\/sitio\/en\/#\/schema\/person\/efa1b8275797664fd7f13a79ccc0b1f4"},"headline":"Laboratorios con Adriana Urrea y Esteban Donoso dieron inicio al III Encuentro Esc\u00e9nico de la UArtes","datePublished":"2022-10-27T02:44:00+00:00","dateModified":"2024-07-04T16:22:42+00:00","mainEntityOfPage":{"@id":"https:\/\/www.uartes.edu.ec\/sitio\/en\/blog\/2022\/10\/26\/laboratorios-con-adriana-urrea-y-esteban-donosomarcaron-el-inicio-del-iii-encuentro-escenico\/"},"wordCount":544,"commentCount":0,"publisher":{"@id":"https:\/\/www.uartes.edu.ec\/sitio\/en\/#organization"},"image":{"@id":"https:\/\/www.uartes.edu.ec\/sitio\/en\/blog\/2022\/10\/26\/laboratorios-con-adriana-urrea-y-esteban-donosomarcaron-el-inicio-del-iii-encuentro-escenico\/#primaryimage"},"thumbnailUrl":"https:\/\/www.uartes.edu.ec\/sitio\/wp-content\/uploads\/2022\/10\/03-EE.jpg","keywords":["encuentro esc\u00e9nico"],"articleSection":["Acad\u00e9mico","Artes Esc\u00e9nicas","Docentes","Estudiantes","Investigaci\u00f3n"],"inLanguage":"en-US","potentialAction":[{"@type":"CommentAction","name":"Comment","target":["https:\/\/www.uartes.edu.ec\/sitio\/en\/blog\/2022\/10\/26\/laboratorios-con-adriana-urrea-y-esteban-donosomarcaron-el-inicio-del-iii-encuentro-escenico\/#respond"]}]},{"@type":["WebPage","ItemPage"],"@id":"https:\/\/www.uartes.edu.ec\/sitio\/en\/blog\/2022\/10\/26\/laboratorios-con-adriana-urrea-y-esteban-donosomarcaron-el-inicio-del-iii-encuentro-escenico\/","url":"https:\/\/www.uartes.edu.ec\/sitio\/en\/blog\/2022\/10\/26\/laboratorios-con-adriana-urrea-y-esteban-donosomarcaron-el-inicio-del-iii-encuentro-escenico\/","name":"Universidad de las Artes - Laboratorios con Adriana Urrea y Esteban Donoso dieron inicio al III Encuentro Esc\u00e9nico de la UArtes","isPartOf":{"@id":"https:\/\/www.uartes.edu.ec\/sitio\/en\/#website"},"primaryImageOfPage":{"@id":"https:\/\/www.uartes.edu.ec\/sitio\/en\/blog\/2022\/10\/26\/laboratorios-con-adriana-urrea-y-esteban-donosomarcaron-el-inicio-del-iii-encuentro-escenico\/#primaryimage"},"image":{"@id":"https:\/\/www.uartes.edu.ec\/sitio\/en\/blog\/2022\/10\/26\/laboratorios-con-adriana-urrea-y-esteban-donosomarcaron-el-inicio-del-iii-encuentro-escenico\/#primaryimage"},"thumbnailUrl":"https:\/\/www.uartes.edu.ec\/sitio\/wp-content\/uploads\/2022\/10\/03-EE.jpg","datePublished":"2022-10-27T02:44:00+00:00","dateModified":"2024-07-04T16:22:42+00:00","description":"Universidad de las Artes - Laboratorios con Adriana Urrea y Esteban Donoso dieron inicio al III Encuentro Esc\u00e9nico de la UArtes","breadcrumb":{"@id":"https:\/\/www.uartes.edu.ec\/sitio\/en\/blog\/2022\/10\/26\/laboratorios-con-adriana-urrea-y-esteban-donosomarcaron-el-inicio-del-iii-encuentro-escenico\/#breadcrumb"},"inLanguage":"en-US","potentialAction":[{"@type":"ReadAction","target":["https:\/\/www.uartes.edu.ec\/sitio\/en\/blog\/2022\/10\/26\/laboratorios-con-adriana-urrea-y-esteban-donosomarcaron-el-inicio-del-iii-encuentro-escenico\/"]}]},{"@type":"ImageObject","inLanguage":"en-US","@id":"https:\/\/www.uartes.edu.ec\/sitio\/en\/blog\/2022\/10\/26\/laboratorios-con-adriana-urrea-y-esteban-donosomarcaron-el-inicio-del-iii-encuentro-escenico\/#primaryimage","url":"https:\/\/www.uartes.edu.ec\/sitio\/wp-content\/uploads\/2022\/10\/03-EE.jpg","contentUrl":"https:\/\/www.uartes.edu.ec\/sitio\/wp-content\/uploads\/2022\/10\/03-EE.jpg","width":2000,"height":1333},{"@type":"BreadcrumbList","@id":"https:\/\/www.uartes.edu.ec\/sitio\/en\/blog\/2022\/10\/26\/laboratorios-con-adriana-urrea-y-esteban-donosomarcaron-el-inicio-del-iii-encuentro-escenico\/#breadcrumb","itemListElement":[{"@type":"ListItem","position":1,"name":"Inicio","item":"https:\/\/www.uartes.edu.ec\/sitio\/"},{"@type":"ListItem","position":2,"name":"Laboratorios con Adriana Urrea y Esteban Donoso dieron inicio al III Encuentro Esc\u00e9nico de la UArtes"}]},{"@type":"WebSite","@id":"https:\/\/www.uartes.edu.ec\/sitio\/en\/#website","url":"https:\/\/www.uartes.edu.ec\/sitio\/en\/","name":"Universidad de las Artes","description":"Sitio oficial de la Universidad Nacional de las Artes del Ecuador","publisher":{"@id":"https:\/\/www.uartes.edu.ec\/sitio\/en\/#organization"},"potentialAction":[{"@type":"SearchAction","target":{"@type":"EntryPoint","urlTemplate":"https:\/\/www.uartes.edu.ec\/sitio\/en\/?s={search_term_string}"},"query-input":{"@type":"PropertyValueSpecification","valueRequired":true,"valueName":"search_term_string"}}],"inLanguage":"en-US"},{"@type":"Organization","@id":"https:\/\/www.uartes.edu.ec\/sitio\/en\/#organization","name":"Universidad de las Artes","url":"https:\/\/www.uartes.edu.ec\/sitio\/en\/","logo":{"@type":"ImageObject","inLanguage":"en-US","@id":"https:\/\/www.uartes.edu.ec\/sitio\/en\/#\/schema\/logo\/image\/","url":"https:\/\/www.uartes.edu.ec\/sitio\/wp-content\/uploads\/2022\/07\/logo-ua-horizontal.png","contentUrl":"https:\/\/www.uartes.edu.ec\/sitio\/wp-content\/uploads\/2022\/07\/logo-ua-horizontal.png","width":800,"height":276,"caption":"Universidad de las Artes"},"image":{"@id":"https:\/\/www.uartes.edu.ec\/sitio\/en\/#\/schema\/logo\/image\/"},"sameAs":["https:\/\/www.facebook.com\/uartesec","https:\/\/x.com\/uartesec","https:\/\/www.tiktok.com\/@uartesec"]},{"@type":"Person","@id":"https:\/\/www.uartes.edu.ec\/sitio\/en\/#\/schema\/person\/efa1b8275797664fd7f13a79ccc0b1f4","name":"ccortez","image":{"@type":"ImageObject","inLanguage":"en-US","@id":"https:\/\/secure.gravatar.com\/avatar\/b2a6f664a3ae8e074346ef91775736c5ec479e637ecced6842de9dc98b5da9cd?s=96&d=mm&r=g","url":"https:\/\/secure.gravatar.com\/avatar\/b2a6f664a3ae8e074346ef91775736c5ec479e637ecced6842de9dc98b5da9cd?s=96&d=mm&r=g","contentUrl":"https:\/\/secure.gravatar.com\/avatar\/b2a6f664a3ae8e074346ef91775736c5ec479e637ecced6842de9dc98b5da9cd?s=96&d=mm&r=g","caption":"ccortez"},"url":"https:\/\/www.uartes.edu.ec\/sitio\/en\/blog\/author\/ccortez\/"}]}},"uagb_featured_image_src":{"full":["https:\/\/www.uartes.edu.ec\/sitio\/wp-content\/uploads\/2022\/10\/03-EE.jpg",2000,1333,false],"thumbnail":["https:\/\/www.uartes.edu.ec\/sitio\/wp-content\/uploads\/2022\/10\/03-EE-150x150.jpg",150,150,true],"medium":["https:\/\/www.uartes.edu.ec\/sitio\/wp-content\/uploads\/2022\/10\/03-EE-300x200.jpg",300,200,true],"medium_large":["https:\/\/www.uartes.edu.ec\/sitio\/wp-content\/uploads\/2022\/10\/03-EE-768x512.jpg",768,512,true],"large":["https:\/\/www.uartes.edu.ec\/sitio\/wp-content\/uploads\/2022\/10\/03-EE-644x429.jpg",644,429,true],"1536x1536":["https:\/\/www.uartes.edu.ec\/sitio\/wp-content\/uploads\/2022\/10\/03-EE-1536x1024.jpg",1536,1024,true],"2048x2048":["https:\/\/www.uartes.edu.ec\/sitio\/wp-content\/uploads\/2022\/10\/03-EE.jpg",2000,1333,false],"trp-custom-language-flag":["https:\/\/www.uartes.edu.ec\/sitio\/wp-content\/uploads\/2022\/10\/03-EE.jpg",18,12,false],"htmega_size_585x295":["https:\/\/www.uartes.edu.ec\/sitio\/wp-content\/uploads\/2022\/10\/03-EE.jpg",443,295,false],"htmega_size_1170x536":["https:\/\/www.uartes.edu.ec\/sitio\/wp-content\/uploads\/2022\/10\/03-EE.jpg",804,536,false],"htmega_size_396x360":["https:\/\/www.uartes.edu.ec\/sitio\/wp-content\/uploads\/2022\/10\/03-EE.jpg",396,264,false],"gb-block-post-grid-landscape":["https:\/\/www.uartes.edu.ec\/sitio\/wp-content\/uploads\/2022\/10\/03-EE.jpg",600,400,false],"gb-block-post-grid-square":["https:\/\/www.uartes.edu.ec\/sitio\/wp-content\/uploads\/2022\/10\/03-EE.jpg",600,400,false],"university-hub-thumb":["https:\/\/www.uartes.edu.ec\/sitio\/wp-content\/uploads\/2022\/10\/03-EE-400x267.jpg",400,267,true],"mailpoet_newsletter_max":["https:\/\/www.uartes.edu.ec\/sitio\/wp-content\/uploads\/2022\/10\/03-EE.jpg",1320,880,false]},"uagb_author_info":{"display_name":"ccortez","author_link":"https:\/\/www.uartes.edu.ec\/sitio\/en\/blog\/author\/ccortez\/"},"uagb_comment_info":0,"uagb_excerpt":"Con \u201cCimarronajes: fuerzas y figuras\u201d, la fil\u00f3sofa, docente e investigadora en artes colombiana Adriana Urrea buscaincorporar, a trav\u00e9s de los movimientos de los cuerpos, voces, ruidos y escrituras de lxs participantes, cuatro fuerzas y figuras del cimarronaje libertario, a saber: el hurac\u00e1n, Sycorax, la fuga y el palenque. La propuesta del ecuatoriano Esteban Donoso es&hellip;","featured_image_src":"https:\/\/www.uartes.edu.ec\/sitio\/wp-content\/uploads\/2022\/10\/03-EE.jpg","featured_image_src_square":"https:\/\/www.uartes.edu.ec\/sitio\/wp-content\/uploads\/2022\/10\/03-EE.jpg","author_info":{"display_name":"ccortez","author_link":"https:\/\/www.uartes.edu.ec\/sitio\/en\/blog\/author\/ccortez\/"},"publishpress_future_workflow_manual_trigger":{"enabledWorkflows":[]},"distributor_meta":false,"distributor_terms":false,"distributor_media":false,"distributor_original_site_name":"Universidad de las Artes","distributor_original_site_url":"https:\/\/www.uartes.edu.ec\/sitio\/en","push-errors":false,"_links":{"self":[{"href":"https:\/\/www.uartes.edu.ec\/sitio\/en\/wp-json\/wp\/v2\/posts\/30686","targetHints":{"allow":["GET"]}}],"collection":[{"href":"https:\/\/www.uartes.edu.ec\/sitio\/en\/wp-json\/wp\/v2\/posts"}],"about":[{"href":"https:\/\/www.uartes.edu.ec\/sitio\/en\/wp-json\/wp\/v2\/types\/post"}],"author":[{"embeddable":true,"href":"https:\/\/www.uartes.edu.ec\/sitio\/en\/wp-json\/wp\/v2\/users\/10"}],"replies":[{"embeddable":true,"href":"https:\/\/www.uartes.edu.ec\/sitio\/en\/wp-json\/wp\/v2\/comments?post=30686"}],"version-history":[{"count":5,"href":"https:\/\/www.uartes.edu.ec\/sitio\/en\/wp-json\/wp\/v2\/posts\/30686\/revisions"}],"predecessor-version":[{"id":30702,"href":"https:\/\/www.uartes.edu.ec\/sitio\/en\/wp-json\/wp\/v2\/posts\/30686\/revisions\/30702"}],"wp:featuredmedia":[{"embeddable":true,"href":"https:\/\/www.uartes.edu.ec\/sitio\/en\/wp-json\/wp\/v2\/media\/30687"}],"wp:attachment":[{"href":"https:\/\/www.uartes.edu.ec\/sitio\/en\/wp-json\/wp\/v2\/media?parent=30686"}],"wp:term":[{"taxonomy":"category","embeddable":true,"href":"https:\/\/www.uartes.edu.ec\/sitio\/en\/wp-json\/wp\/v2\/categories?post=30686"},{"taxonomy":"post_tag","embeddable":true,"href":"https:\/\/www.uartes.edu.ec\/sitio\/en\/wp-json\/wp\/v2\/tags?post=30686"},{"taxonomy":"infouartes","embeddable":true,"href":"https:\/\/www.uartes.edu.ec\/sitio\/en\/wp-json\/wp\/v2\/infouartes?post=30686"}],"curies":[{"name":"wp","href":"https:\/\/api.w.org\/{rel}","templated":true}]}}