{"id":31063,"date":"2022-10-18T15:04:00","date_gmt":"2022-10-18T20:04:00","guid":{"rendered":"http:\/\/www.uartes.edu.ec\/sitio\/?p=31063"},"modified":"2024-07-04T11:22:48","modified_gmt":"2024-07-04T16:22:48","slug":"producciones-transmediales-guayaquilenas-en-tiempos-de-pandemia-ponencia-de-docentes-uartes-en-congreso-andaluz","status":"publish","type":"post","link":"https:\/\/www.uartes.edu.ec\/sitio\/en\/blog\/2022\/10\/18\/producciones-transmediales-guayaquilenas-en-tiempos-de-pandemia-ponencia-de-docentes-uartes-en-congreso-andaluz\/","title":{"rendered":"Comit\u00e9 cient\u00edfico de congreso andaluz selecciona a docentes Janina Su\u00e1rez y Juan Jos\u00e9 Ripalda para dictar ponencia"},"content":{"rendered":"<p>Los docentes de la Universidad de las Artes Juan Jos\u00e9 Ripalda, de la Escuela de Artes Sonoras, y Janina Su\u00e1rez, quien es tambi\u00e9n jefa de Pr\u00e1cticas Preprofesionales, han sido seleccionados como ponentes por el Comit\u00e9 Cient\u00edfico del&nbsp;II Congreso Andaluz de la Cultura y la Gesti\u00f3n Cultural \u201cComunicaci\u00f3n y Gesti\u00f3n Cultural en la Era Transmedia\u201d.<\/p>\n\n\n\n<p>Su\u00e1rez y Ripalda participar\u00e1n el pr\u00f3ximo s\u00e1bado 22 de octubre y el tema que abordar\u00e1n ser\u00e1: \u201cProducciones transmediales guayaquile\u00f1as en tiempos de pandemia\u201d. Con sede en la ciudad de Almer\u00eda, la cita se inaugurar\u00e1 el 21 y extender\u00e1 hasta 23 en modalidad h\u00edbrida.<\/p>\n\n\n\n<p>Organizado por la Asociaci\u00f3n Andaluza de Profesionales de la Gesti\u00f3n Cultural GECA y Diputaci\u00f3n de Almer\u00eda, el congreso abrir\u00e1 varias mesas de di\u00e1logo con diferentes ejes tem\u00e1ticos. En la que intervendr\u00e1n Su\u00e1rez y Ripalda abarcar\u00e1 los \u201cMedios de comunicaci\u00f3n y cultura\u201d, dando paso a los an\u00e1lisis acerca de la gesti\u00f3n de proyectos culturales; de las audiencias a las comunidades, pr\u00e1ctica y experimentaci\u00f3n; y, a comunicaciones.<\/p>\n\n\n\n<p>Respecto a la ponencia que desarrollar\u00e1n, Su\u00e1rez y Ripalda compartieron con InfoUArtes una s\u00edntesis de su contenido: En tiempos pand\u00e9micos, en los que creadores y artistas se est\u00e1n replanteando po\u00e9ticas y teatralidades, se cotej\u00f3 el impacto de la relaci\u00f3n de las artes vivas con la tecnolog\u00eda y la permeabilidad de las pr\u00e1cticas art\u00edsticas frente a recursos y lenguajes que surgen en el&nbsp;tecnovivio.<\/p>\n\n\n\n<p>Desde la observaci\u00f3n participante y entrevistas, se revisaron producciones que se han adaptado a medios telem\u00e1ticos para lograr un abaratamiento de costos al despreocuparse de la inversi\u00f3n en escenograf\u00eda, utiler\u00eda, vestuario o iluminaci\u00f3n. Dichas producciones transmediales conllevaban el uso de chats de WhatsApp en tel\u00e9fonos inteligentes, a trav\u00e9s de los cuales actores o actrices exploraron el cuerpo, voz y palabra en ejercicios grupales, textuales y vocales para amoldar la&nbsp;escritura&nbsp;de sus di\u00e1logos y la construcci\u00f3n de sus personajes.<\/p>\n\n\n\n<p>Del mismo modo se facilit\u00f3 el&nbsp;engagement&nbsp;del p\u00fablico con la obra lo que deriv\u00f3 en la reflexi\u00f3n sobre Instagram o Zoom como plataformas alternativas para incidir en un&nbsp;mayor nivel de interactividad&nbsp;con las personas.<\/p>\n\n\n\n<p>Algunos hallazgos son tomados de \u00abLas Albas\u201d y \u00abAves, videos y voicenotes\u201d, dos experiencias teatrales inmersivas. Una ejecutada desde la virtualidad, que utiliz\u00f3 plataformas digitales para adentrarse en la historia de mujeres en aislamiento, y otra hecha presencialmente, que combin\u00f3 la puesta en escena con la interacci\u00f3n digital desde el chateo por redes sociales evidenci\u00e1ndose nuevos comportamientos del elenco y del p\u00fablico en las subhistorias que fueron tejidas en un segundo plano.&nbsp;<\/p>\n\n\n\n<h3 class=\"wp-block-heading\"><strong>Sobre el congreso andaluz y sus objetivos<\/strong><\/h3>\n\n\n\n<p>Acorde a la organizaci\u00f3n de la cita, el Congreso Andaluz de la Cultura y la Gesti\u00f3n Cultural retoma los trabajos iniciados en su primera edici\u00f3n, en noviembre de 2020 (en Sevilla) para dar un paso m\u00e1s en la profesionalizaci\u00f3n del sector. Lo hace generando un espacio de debate en torno a la adaptaci\u00f3n de mundo profesional en el nuevo ecosistema social en el que desarrollan su actividad y en el que la comunicaci\u00f3n transmedia se ha convertido en una herramienta esencial para conectar con los p\u00fablicos.<\/p>\n\n\n\n<p>Buscamos, anotan, inspirar a la comunidad profesional andaluza con experiencias de referencia, generar di\u00e1logo entre los \u00e1mbitos de la comunicaci\u00f3n y la gesti\u00f3n cultural, facilitar el intercambio y el enriquecimiento mutuo en sociedades cada vez m\u00e1s complejas. En definitiva, Almer\u00eda se convertir\u00e1 en la capital andaluza de la Gesti\u00f3n Cultural albergando un evento de referencia para la gesti\u00f3n, el periodismo, la comunicaci\u00f3n y la divulgaci\u00f3n cultural.<\/p>","protected":false},"excerpt":{"rendered":"<p>Janina Su\u00e1rez y Juan Jos\u00e9 Ripalda, docentes de la UArtes, participar\u00e1n en el II Congreso Andaluz de la Cultura y la Gesti\u00f3n Cultural \u201cComunicaci\u00f3n y Gesti\u00f3n Cultural en la Era Transmedia\u201d, que se realizar\u00e1 del 21 al 23 de octubre en Almer\u00eda en modalidad h\u00edbrida. Ellos intervendr\u00e1n el s\u00e1bado 22 con la ponencia \u201cProducciones transmediales guayaquile\u00f1as en tiempos de pandemia\u201d.<\/p>","protected":false},"author":10,"featured_media":31064,"comment_status":"open","ping_status":"open","sticky":false,"template":"","format":"standard","meta":{"_acf_changed":false,"_uag_custom_page_level_css":"","_monsterinsights_skip_tracking":false,"_monsterinsights_sitenote_active":false,"_monsterinsights_sitenote_note":"","_monsterinsights_sitenote_category":0,"cybocfi_hide_featured_image":"","footnotes":""},"categories":[80,75,284],"tags":[830],"infouartes":[],"class_list":["post-31063","post","type-post","status-publish","format-standard","has-post-thumbnail","hentry","category-academico","category-docentes","category-investigacion","tag-congreso-andaluz"],"acf":[],"yoast_head":"<!-- This site is optimized with the Yoast SEO plugin v27.4 - https:\/\/yoast.com\/product\/yoast-seo-wordpress\/ -->\n<title>Universidad de las Artes - Comit\u00e9 cient\u00edfico de congreso andaluz selecciona a docentes Janina Su\u00e1rez y Juan Jos\u00e9 Ripalda para dictar ponencia<\/title>\n<meta name=\"description\" content=\"Universidad de las Artes - Comit\u00e9 cient\u00edfico de congreso andaluz selecciona a docentes Janina Su\u00e1rez y Juan Jos\u00e9 Ripalda para dictar ponencia\" \/>\n<meta name=\"robots\" content=\"index, follow, max-snippet:-1, max-image-preview:large, max-video-preview:-1\" \/>\n<link rel=\"canonical\" href=\"https:\/\/www.uartes.edu.ec\/sitio\/en\/blog\/2022\/10\/18\/producciones-transmediales-guayaquilenas-en-tiempos-de-pandemia-ponencia-de-docentes-uartes-en-congreso-andaluz\/\" \/>\n<meta property=\"og:locale\" content=\"en_US\" \/>\n<meta property=\"og:type\" content=\"article\" \/>\n<meta property=\"og:title\" content=\"Universidad de las Artes - Comit\u00e9 cient\u00edfico de congreso andaluz selecciona a docentes Janina Su\u00e1rez y Juan Jos\u00e9 Ripalda para dictar ponencia\" \/>\n<meta property=\"og:description\" content=\"Universidad de las Artes - Comit\u00e9 cient\u00edfico de congreso andaluz selecciona a docentes Janina Su\u00e1rez y Juan Jos\u00e9 Ripalda para dictar ponencia\" \/>\n<meta property=\"og:url\" content=\"https:\/\/www.uartes.edu.ec\/sitio\/en\/blog\/2022\/10\/18\/producciones-transmediales-guayaquilenas-en-tiempos-de-pandemia-ponencia-de-docentes-uartes-en-congreso-andaluz\/\" \/>\n<meta property=\"og:site_name\" content=\"Universidad de las Artes\" \/>\n<meta property=\"article:publisher\" content=\"https:\/\/www.facebook.com\/uartesec\" \/>\n<meta property=\"article:published_time\" content=\"2022-10-18T20:04:00+00:00\" \/>\n<meta property=\"article:modified_time\" content=\"2024-07-04T16:22:48+00:00\" \/>\n<meta property=\"og:image\" content=\"https:\/\/www.uartes.edu.ec\/sitio\/wp-content\/uploads\/2022\/11\/JUAN-JOSE-RIPALDA-JANINA.jpg\" \/>\n\t<meta property=\"og:image:width\" content=\"2000\" \/>\n\t<meta property=\"og:image:height\" content=\"1333\" \/>\n\t<meta property=\"og:image:type\" content=\"image\/jpeg\" \/>\n<meta name=\"author\" content=\"ccortez\" \/>\n<meta name=\"twitter:card\" content=\"summary_large_image\" \/>\n<meta name=\"twitter:creator\" content=\"@uartesec\" \/>\n<meta name=\"twitter:site\" content=\"@uartesec\" \/>\n<meta name=\"twitter:label1\" content=\"Written by\" \/>\n\t<meta name=\"twitter:data1\" content=\"ccortez\" \/>\n\t<meta name=\"twitter:label2\" content=\"Est. reading time\" \/>\n\t<meta name=\"twitter:data2\" content=\"3 minutes\" \/>\n<script type=\"application\/ld+json\" class=\"yoast-schema-graph\">{\"@context\":\"https:\\\/\\\/schema.org\",\"@graph\":[{\"@type\":\"Article\",\"@id\":\"https:\\\/\\\/www.uartes.edu.ec\\\/sitio\\\/en\\\/blog\\\/2022\\\/10\\\/18\\\/producciones-transmediales-guayaquilenas-en-tiempos-de-pandemia-ponencia-de-docentes-uartes-en-congreso-andaluz\\\/#article\",\"isPartOf\":{\"@id\":\"https:\\\/\\\/www.uartes.edu.ec\\\/sitio\\\/en\\\/blog\\\/2022\\\/10\\\/18\\\/producciones-transmediales-guayaquilenas-en-tiempos-de-pandemia-ponencia-de-docentes-uartes-en-congreso-andaluz\\\/\"},\"author\":{\"name\":\"ccortez\",\"@id\":\"https:\\\/\\\/www.uartes.edu.ec\\\/sitio\\\/en\\\/#\\\/schema\\\/person\\\/efa1b8275797664fd7f13a79ccc0b1f4\"},\"headline\":\"Comit\u00e9 cient\u00edfico de congreso andaluz selecciona a docentes Janina Su\u00e1rez y Juan Jos\u00e9 Ripalda para dictar ponencia\",\"datePublished\":\"2022-10-18T20:04:00+00:00\",\"dateModified\":\"2024-07-04T16:22:48+00:00\",\"mainEntityOfPage\":{\"@id\":\"https:\\\/\\\/www.uartes.edu.ec\\\/sitio\\\/en\\\/blog\\\/2022\\\/10\\\/18\\\/producciones-transmediales-guayaquilenas-en-tiempos-de-pandemia-ponencia-de-docentes-uartes-en-congreso-andaluz\\\/\"},\"wordCount\":666,\"commentCount\":0,\"publisher\":{\"@id\":\"https:\\\/\\\/www.uartes.edu.ec\\\/sitio\\\/en\\\/#organization\"},\"image\":{\"@id\":\"https:\\\/\\\/www.uartes.edu.ec\\\/sitio\\\/en\\\/blog\\\/2022\\\/10\\\/18\\\/producciones-transmediales-guayaquilenas-en-tiempos-de-pandemia-ponencia-de-docentes-uartes-en-congreso-andaluz\\\/#primaryimage\"},\"thumbnailUrl\":\"https:\\\/\\\/www.uartes.edu.ec\\\/sitio\\\/wp-content\\\/uploads\\\/2022\\\/11\\\/JUAN-JOSE-RIPALDA-JANINA.jpg\",\"keywords\":[\"congreso andaluz\"],\"articleSection\":[\"Acad\u00e9mico\",\"Docentes\",\"Investigaci\u00f3n\"],\"inLanguage\":\"en-US\",\"potentialAction\":[{\"@type\":\"CommentAction\",\"name\":\"Comment\",\"target\":[\"https:\\\/\\\/www.uartes.edu.ec\\\/sitio\\\/en\\\/blog\\\/2022\\\/10\\\/18\\\/producciones-transmediales-guayaquilenas-en-tiempos-de-pandemia-ponencia-de-docentes-uartes-en-congreso-andaluz\\\/#respond\"]}]},{\"@type\":[\"WebPage\",\"ItemPage\"],\"@id\":\"https:\\\/\\\/www.uartes.edu.ec\\\/sitio\\\/en\\\/blog\\\/2022\\\/10\\\/18\\\/producciones-transmediales-guayaquilenas-en-tiempos-de-pandemia-ponencia-de-docentes-uartes-en-congreso-andaluz\\\/\",\"url\":\"https:\\\/\\\/www.uartes.edu.ec\\\/sitio\\\/en\\\/blog\\\/2022\\\/10\\\/18\\\/producciones-transmediales-guayaquilenas-en-tiempos-de-pandemia-ponencia-de-docentes-uartes-en-congreso-andaluz\\\/\",\"name\":\"Universidad de las Artes - Comit\u00e9 cient\u00edfico de congreso andaluz selecciona a docentes Janina Su\u00e1rez y Juan Jos\u00e9 Ripalda para dictar ponencia\",\"isPartOf\":{\"@id\":\"https:\\\/\\\/www.uartes.edu.ec\\\/sitio\\\/en\\\/#website\"},\"primaryImageOfPage\":{\"@id\":\"https:\\\/\\\/www.uartes.edu.ec\\\/sitio\\\/en\\\/blog\\\/2022\\\/10\\\/18\\\/producciones-transmediales-guayaquilenas-en-tiempos-de-pandemia-ponencia-de-docentes-uartes-en-congreso-andaluz\\\/#primaryimage\"},\"image\":{\"@id\":\"https:\\\/\\\/www.uartes.edu.ec\\\/sitio\\\/en\\\/blog\\\/2022\\\/10\\\/18\\\/producciones-transmediales-guayaquilenas-en-tiempos-de-pandemia-ponencia-de-docentes-uartes-en-congreso-andaluz\\\/#primaryimage\"},\"thumbnailUrl\":\"https:\\\/\\\/www.uartes.edu.ec\\\/sitio\\\/wp-content\\\/uploads\\\/2022\\\/11\\\/JUAN-JOSE-RIPALDA-JANINA.jpg\",\"datePublished\":\"2022-10-18T20:04:00+00:00\",\"dateModified\":\"2024-07-04T16:22:48+00:00\",\"description\":\"Universidad de las Artes - Comit\u00e9 cient\u00edfico de congreso andaluz selecciona a docentes Janina Su\u00e1rez y Juan Jos\u00e9 Ripalda para dictar ponencia\",\"breadcrumb\":{\"@id\":\"https:\\\/\\\/www.uartes.edu.ec\\\/sitio\\\/en\\\/blog\\\/2022\\\/10\\\/18\\\/producciones-transmediales-guayaquilenas-en-tiempos-de-pandemia-ponencia-de-docentes-uartes-en-congreso-andaluz\\\/#breadcrumb\"},\"inLanguage\":\"en-US\",\"potentialAction\":[{\"@type\":\"ReadAction\",\"target\":[\"https:\\\/\\\/www.uartes.edu.ec\\\/sitio\\\/en\\\/blog\\\/2022\\\/10\\\/18\\\/producciones-transmediales-guayaquilenas-en-tiempos-de-pandemia-ponencia-de-docentes-uartes-en-congreso-andaluz\\\/\"]}]},{\"@type\":\"ImageObject\",\"inLanguage\":\"en-US\",\"@id\":\"https:\\\/\\\/www.uartes.edu.ec\\\/sitio\\\/en\\\/blog\\\/2022\\\/10\\\/18\\\/producciones-transmediales-guayaquilenas-en-tiempos-de-pandemia-ponencia-de-docentes-uartes-en-congreso-andaluz\\\/#primaryimage\",\"url\":\"https:\\\/\\\/www.uartes.edu.ec\\\/sitio\\\/wp-content\\\/uploads\\\/2022\\\/11\\\/JUAN-JOSE-RIPALDA-JANINA.jpg\",\"contentUrl\":\"https:\\\/\\\/www.uartes.edu.ec\\\/sitio\\\/wp-content\\\/uploads\\\/2022\\\/11\\\/JUAN-JOSE-RIPALDA-JANINA.jpg\",\"width\":2000,\"height\":1333},{\"@type\":\"BreadcrumbList\",\"@id\":\"https:\\\/\\\/www.uartes.edu.ec\\\/sitio\\\/en\\\/blog\\\/2022\\\/10\\\/18\\\/producciones-transmediales-guayaquilenas-en-tiempos-de-pandemia-ponencia-de-docentes-uartes-en-congreso-andaluz\\\/#breadcrumb\",\"itemListElement\":[{\"@type\":\"ListItem\",\"position\":1,\"name\":\"Inicio\",\"item\":\"https:\\\/\\\/www.uartes.edu.ec\\\/sitio\\\/\"},{\"@type\":\"ListItem\",\"position\":2,\"name\":\"Comit\u00e9 cient\u00edfico de congreso andaluz selecciona a docentes Janina Su\u00e1rez y Juan Jos\u00e9 Ripalda para dictar ponencia\"}]},{\"@type\":\"WebSite\",\"@id\":\"https:\\\/\\\/www.uartes.edu.ec\\\/sitio\\\/en\\\/#website\",\"url\":\"https:\\\/\\\/www.uartes.edu.ec\\\/sitio\\\/en\\\/\",\"name\":\"Universidad de las Artes\",\"description\":\"Sitio oficial de la Universidad Nacional de las Artes del Ecuador\",\"publisher\":{\"@id\":\"https:\\\/\\\/www.uartes.edu.ec\\\/sitio\\\/en\\\/#organization\"},\"potentialAction\":[{\"@type\":\"SearchAction\",\"target\":{\"@type\":\"EntryPoint\",\"urlTemplate\":\"https:\\\/\\\/www.uartes.edu.ec\\\/sitio\\\/en\\\/?s={search_term_string}\"},\"query-input\":{\"@type\":\"PropertyValueSpecification\",\"valueRequired\":true,\"valueName\":\"search_term_string\"}}],\"inLanguage\":\"en-US\"},{\"@type\":\"Organization\",\"@id\":\"https:\\\/\\\/www.uartes.edu.ec\\\/sitio\\\/en\\\/#organization\",\"name\":\"Universidad de las Artes\",\"url\":\"https:\\\/\\\/www.uartes.edu.ec\\\/sitio\\\/en\\\/\",\"logo\":{\"@type\":\"ImageObject\",\"inLanguage\":\"en-US\",\"@id\":\"https:\\\/\\\/www.uartes.edu.ec\\\/sitio\\\/en\\\/#\\\/schema\\\/logo\\\/image\\\/\",\"url\":\"https:\\\/\\\/www.uartes.edu.ec\\\/sitio\\\/wp-content\\\/uploads\\\/2022\\\/07\\\/logo-ua-horizontal.png\",\"contentUrl\":\"https:\\\/\\\/www.uartes.edu.ec\\\/sitio\\\/wp-content\\\/uploads\\\/2022\\\/07\\\/logo-ua-horizontal.png\",\"width\":800,\"height\":276,\"caption\":\"Universidad de las Artes\"},\"image\":{\"@id\":\"https:\\\/\\\/www.uartes.edu.ec\\\/sitio\\\/en\\\/#\\\/schema\\\/logo\\\/image\\\/\"},\"sameAs\":[\"https:\\\/\\\/www.facebook.com\\\/uartesec\",\"https:\\\/\\\/x.com\\\/uartesec\",\"https:\\\/\\\/www.tiktok.com\\\/@uartesec\"]},{\"@type\":\"Person\",\"@id\":\"https:\\\/\\\/www.uartes.edu.ec\\\/sitio\\\/en\\\/#\\\/schema\\\/person\\\/efa1b8275797664fd7f13a79ccc0b1f4\",\"name\":\"ccortez\",\"image\":{\"@type\":\"ImageObject\",\"inLanguage\":\"en-US\",\"@id\":\"https:\\\/\\\/secure.gravatar.com\\\/avatar\\\/b2a6f664a3ae8e074346ef91775736c5ec479e637ecced6842de9dc98b5da9cd?s=96&d=mm&r=g\",\"url\":\"https:\\\/\\\/secure.gravatar.com\\\/avatar\\\/b2a6f664a3ae8e074346ef91775736c5ec479e637ecced6842de9dc98b5da9cd?s=96&d=mm&r=g\",\"contentUrl\":\"https:\\\/\\\/secure.gravatar.com\\\/avatar\\\/b2a6f664a3ae8e074346ef91775736c5ec479e637ecced6842de9dc98b5da9cd?s=96&d=mm&r=g\",\"caption\":\"ccortez\"},\"url\":\"https:\\\/\\\/www.uartes.edu.ec\\\/sitio\\\/en\\\/blog\\\/author\\\/ccortez\\\/\"}]}<\/script>\n<!-- \/ Yoast SEO plugin. -->","yoast_head_json":{"title":"Universidad de las Artes - Comit\u00e9 cient\u00edfico de congreso andaluz selecciona a docentes Janina Su\u00e1rez y Juan Jos\u00e9 Ripalda para dictar ponencia","description":"Universidad de las Artes - Comit\u00e9 cient\u00edfico de congreso andaluz selecciona a docentes Janina Su\u00e1rez y Juan Jos\u00e9 Ripalda para dictar ponencia","robots":{"index":"index","follow":"follow","max-snippet":"max-snippet:-1","max-image-preview":"max-image-preview:large","max-video-preview":"max-video-preview:-1"},"canonical":"https:\/\/www.uartes.edu.ec\/sitio\/en\/blog\/2022\/10\/18\/producciones-transmediales-guayaquilenas-en-tiempos-de-pandemia-ponencia-de-docentes-uartes-en-congreso-andaluz\/","og_locale":"en_US","og_type":"article","og_title":"Universidad de las Artes - Comit\u00e9 cient\u00edfico de congreso andaluz selecciona a docentes Janina Su\u00e1rez y Juan Jos\u00e9 Ripalda para dictar ponencia","og_description":"Universidad de las Artes - Comit\u00e9 cient\u00edfico de congreso andaluz selecciona a docentes Janina Su\u00e1rez y Juan Jos\u00e9 Ripalda para dictar ponencia","og_url":"https:\/\/www.uartes.edu.ec\/sitio\/en\/blog\/2022\/10\/18\/producciones-transmediales-guayaquilenas-en-tiempos-de-pandemia-ponencia-de-docentes-uartes-en-congreso-andaluz\/","og_site_name":"Universidad de las Artes","article_publisher":"https:\/\/www.facebook.com\/uartesec","article_published_time":"2022-10-18T20:04:00+00:00","article_modified_time":"2024-07-04T16:22:48+00:00","og_image":[{"width":2000,"height":1333,"url":"https:\/\/www.uartes.edu.ec\/sitio\/wp-content\/uploads\/2022\/11\/JUAN-JOSE-RIPALDA-JANINA.jpg","type":"image\/jpeg"}],"author":"ccortez","twitter_card":"summary_large_image","twitter_creator":"@uartesec","twitter_site":"@uartesec","twitter_misc":{"Written by":"ccortez","Est. reading time":"3 minutes"},"schema":{"@context":"https:\/\/schema.org","@graph":[{"@type":"Article","@id":"https:\/\/www.uartes.edu.ec\/sitio\/en\/blog\/2022\/10\/18\/producciones-transmediales-guayaquilenas-en-tiempos-de-pandemia-ponencia-de-docentes-uartes-en-congreso-andaluz\/#article","isPartOf":{"@id":"https:\/\/www.uartes.edu.ec\/sitio\/en\/blog\/2022\/10\/18\/producciones-transmediales-guayaquilenas-en-tiempos-de-pandemia-ponencia-de-docentes-uartes-en-congreso-andaluz\/"},"author":{"name":"ccortez","@id":"https:\/\/www.uartes.edu.ec\/sitio\/en\/#\/schema\/person\/efa1b8275797664fd7f13a79ccc0b1f4"},"headline":"Comit\u00e9 cient\u00edfico de congreso andaluz selecciona a docentes Janina Su\u00e1rez y Juan Jos\u00e9 Ripalda para dictar ponencia","datePublished":"2022-10-18T20:04:00+00:00","dateModified":"2024-07-04T16:22:48+00:00","mainEntityOfPage":{"@id":"https:\/\/www.uartes.edu.ec\/sitio\/en\/blog\/2022\/10\/18\/producciones-transmediales-guayaquilenas-en-tiempos-de-pandemia-ponencia-de-docentes-uartes-en-congreso-andaluz\/"},"wordCount":666,"commentCount":0,"publisher":{"@id":"https:\/\/www.uartes.edu.ec\/sitio\/en\/#organization"},"image":{"@id":"https:\/\/www.uartes.edu.ec\/sitio\/en\/blog\/2022\/10\/18\/producciones-transmediales-guayaquilenas-en-tiempos-de-pandemia-ponencia-de-docentes-uartes-en-congreso-andaluz\/#primaryimage"},"thumbnailUrl":"https:\/\/www.uartes.edu.ec\/sitio\/wp-content\/uploads\/2022\/11\/JUAN-JOSE-RIPALDA-JANINA.jpg","keywords":["congreso andaluz"],"articleSection":["Acad\u00e9mico","Docentes","Investigaci\u00f3n"],"inLanguage":"en-US","potentialAction":[{"@type":"CommentAction","name":"Comment","target":["https:\/\/www.uartes.edu.ec\/sitio\/en\/blog\/2022\/10\/18\/producciones-transmediales-guayaquilenas-en-tiempos-de-pandemia-ponencia-de-docentes-uartes-en-congreso-andaluz\/#respond"]}]},{"@type":["WebPage","ItemPage"],"@id":"https:\/\/www.uartes.edu.ec\/sitio\/en\/blog\/2022\/10\/18\/producciones-transmediales-guayaquilenas-en-tiempos-de-pandemia-ponencia-de-docentes-uartes-en-congreso-andaluz\/","url":"https:\/\/www.uartes.edu.ec\/sitio\/en\/blog\/2022\/10\/18\/producciones-transmediales-guayaquilenas-en-tiempos-de-pandemia-ponencia-de-docentes-uartes-en-congreso-andaluz\/","name":"Universidad de las Artes - Comit\u00e9 cient\u00edfico de congreso andaluz selecciona a docentes Janina Su\u00e1rez y Juan Jos\u00e9 Ripalda para dictar ponencia","isPartOf":{"@id":"https:\/\/www.uartes.edu.ec\/sitio\/en\/#website"},"primaryImageOfPage":{"@id":"https:\/\/www.uartes.edu.ec\/sitio\/en\/blog\/2022\/10\/18\/producciones-transmediales-guayaquilenas-en-tiempos-de-pandemia-ponencia-de-docentes-uartes-en-congreso-andaluz\/#primaryimage"},"image":{"@id":"https:\/\/www.uartes.edu.ec\/sitio\/en\/blog\/2022\/10\/18\/producciones-transmediales-guayaquilenas-en-tiempos-de-pandemia-ponencia-de-docentes-uartes-en-congreso-andaluz\/#primaryimage"},"thumbnailUrl":"https:\/\/www.uartes.edu.ec\/sitio\/wp-content\/uploads\/2022\/11\/JUAN-JOSE-RIPALDA-JANINA.jpg","datePublished":"2022-10-18T20:04:00+00:00","dateModified":"2024-07-04T16:22:48+00:00","description":"Universidad de las Artes - Comit\u00e9 cient\u00edfico de congreso andaluz selecciona a docentes Janina Su\u00e1rez y Juan Jos\u00e9 Ripalda para dictar ponencia","breadcrumb":{"@id":"https:\/\/www.uartes.edu.ec\/sitio\/en\/blog\/2022\/10\/18\/producciones-transmediales-guayaquilenas-en-tiempos-de-pandemia-ponencia-de-docentes-uartes-en-congreso-andaluz\/#breadcrumb"},"inLanguage":"en-US","potentialAction":[{"@type":"ReadAction","target":["https:\/\/www.uartes.edu.ec\/sitio\/en\/blog\/2022\/10\/18\/producciones-transmediales-guayaquilenas-en-tiempos-de-pandemia-ponencia-de-docentes-uartes-en-congreso-andaluz\/"]}]},{"@type":"ImageObject","inLanguage":"en-US","@id":"https:\/\/www.uartes.edu.ec\/sitio\/en\/blog\/2022\/10\/18\/producciones-transmediales-guayaquilenas-en-tiempos-de-pandemia-ponencia-de-docentes-uartes-en-congreso-andaluz\/#primaryimage","url":"https:\/\/www.uartes.edu.ec\/sitio\/wp-content\/uploads\/2022\/11\/JUAN-JOSE-RIPALDA-JANINA.jpg","contentUrl":"https:\/\/www.uartes.edu.ec\/sitio\/wp-content\/uploads\/2022\/11\/JUAN-JOSE-RIPALDA-JANINA.jpg","width":2000,"height":1333},{"@type":"BreadcrumbList","@id":"https:\/\/www.uartes.edu.ec\/sitio\/en\/blog\/2022\/10\/18\/producciones-transmediales-guayaquilenas-en-tiempos-de-pandemia-ponencia-de-docentes-uartes-en-congreso-andaluz\/#breadcrumb","itemListElement":[{"@type":"ListItem","position":1,"name":"Inicio","item":"https:\/\/www.uartes.edu.ec\/sitio\/"},{"@type":"ListItem","position":2,"name":"Comit\u00e9 cient\u00edfico de congreso andaluz selecciona a docentes Janina Su\u00e1rez y Juan Jos\u00e9 Ripalda para dictar ponencia"}]},{"@type":"WebSite","@id":"https:\/\/www.uartes.edu.ec\/sitio\/en\/#website","url":"https:\/\/www.uartes.edu.ec\/sitio\/en\/","name":"Universidad de las Artes","description":"Sitio oficial de la Universidad Nacional de las Artes del Ecuador","publisher":{"@id":"https:\/\/www.uartes.edu.ec\/sitio\/en\/#organization"},"potentialAction":[{"@type":"SearchAction","target":{"@type":"EntryPoint","urlTemplate":"https:\/\/www.uartes.edu.ec\/sitio\/en\/?s={search_term_string}"},"query-input":{"@type":"PropertyValueSpecification","valueRequired":true,"valueName":"search_term_string"}}],"inLanguage":"en-US"},{"@type":"Organization","@id":"https:\/\/www.uartes.edu.ec\/sitio\/en\/#organization","name":"Universidad de las Artes","url":"https:\/\/www.uartes.edu.ec\/sitio\/en\/","logo":{"@type":"ImageObject","inLanguage":"en-US","@id":"https:\/\/www.uartes.edu.ec\/sitio\/en\/#\/schema\/logo\/image\/","url":"https:\/\/www.uartes.edu.ec\/sitio\/wp-content\/uploads\/2022\/07\/logo-ua-horizontal.png","contentUrl":"https:\/\/www.uartes.edu.ec\/sitio\/wp-content\/uploads\/2022\/07\/logo-ua-horizontal.png","width":800,"height":276,"caption":"Universidad de las Artes"},"image":{"@id":"https:\/\/www.uartes.edu.ec\/sitio\/en\/#\/schema\/logo\/image\/"},"sameAs":["https:\/\/www.facebook.com\/uartesec","https:\/\/x.com\/uartesec","https:\/\/www.tiktok.com\/@uartesec"]},{"@type":"Person","@id":"https:\/\/www.uartes.edu.ec\/sitio\/en\/#\/schema\/person\/efa1b8275797664fd7f13a79ccc0b1f4","name":"ccortez","image":{"@type":"ImageObject","inLanguage":"en-US","@id":"https:\/\/secure.gravatar.com\/avatar\/b2a6f664a3ae8e074346ef91775736c5ec479e637ecced6842de9dc98b5da9cd?s=96&d=mm&r=g","url":"https:\/\/secure.gravatar.com\/avatar\/b2a6f664a3ae8e074346ef91775736c5ec479e637ecced6842de9dc98b5da9cd?s=96&d=mm&r=g","contentUrl":"https:\/\/secure.gravatar.com\/avatar\/b2a6f664a3ae8e074346ef91775736c5ec479e637ecced6842de9dc98b5da9cd?s=96&d=mm&r=g","caption":"ccortez"},"url":"https:\/\/www.uartes.edu.ec\/sitio\/en\/blog\/author\/ccortez\/"}]}},"uagb_featured_image_src":{"full":["https:\/\/www.uartes.edu.ec\/sitio\/wp-content\/uploads\/2022\/11\/JUAN-JOSE-RIPALDA-JANINA.jpg",2000,1333,false],"thumbnail":["https:\/\/www.uartes.edu.ec\/sitio\/wp-content\/uploads\/2022\/11\/JUAN-JOSE-RIPALDA-JANINA-150x150.jpg",150,150,true],"medium":["https:\/\/www.uartes.edu.ec\/sitio\/wp-content\/uploads\/2022\/11\/JUAN-JOSE-RIPALDA-JANINA-300x200.jpg",300,200,true],"medium_large":["https:\/\/www.uartes.edu.ec\/sitio\/wp-content\/uploads\/2022\/11\/JUAN-JOSE-RIPALDA-JANINA-768x512.jpg",768,512,true],"large":["https:\/\/www.uartes.edu.ec\/sitio\/wp-content\/uploads\/2022\/11\/JUAN-JOSE-RIPALDA-JANINA-644x429.jpg",644,429,true],"1536x1536":["https:\/\/www.uartes.edu.ec\/sitio\/wp-content\/uploads\/2022\/11\/JUAN-JOSE-RIPALDA-JANINA-1536x1024.jpg",1536,1024,true],"2048x2048":["https:\/\/www.uartes.edu.ec\/sitio\/wp-content\/uploads\/2022\/11\/JUAN-JOSE-RIPALDA-JANINA.jpg",2000,1333,false],"trp-custom-language-flag":["https:\/\/www.uartes.edu.ec\/sitio\/wp-content\/uploads\/2022\/11\/JUAN-JOSE-RIPALDA-JANINA.jpg",18,12,false],"htmega_size_585x295":["https:\/\/www.uartes.edu.ec\/sitio\/wp-content\/uploads\/2022\/11\/JUAN-JOSE-RIPALDA-JANINA.jpg",443,295,false],"htmega_size_1170x536":["https:\/\/www.uartes.edu.ec\/sitio\/wp-content\/uploads\/2022\/11\/JUAN-JOSE-RIPALDA-JANINA.jpg",804,536,false],"htmega_size_396x360":["https:\/\/www.uartes.edu.ec\/sitio\/wp-content\/uploads\/2022\/11\/JUAN-JOSE-RIPALDA-JANINA.jpg",396,264,false],"gb-block-post-grid-landscape":["https:\/\/www.uartes.edu.ec\/sitio\/wp-content\/uploads\/2022\/11\/JUAN-JOSE-RIPALDA-JANINA.jpg",600,400,false],"gb-block-post-grid-square":["https:\/\/www.uartes.edu.ec\/sitio\/wp-content\/uploads\/2022\/11\/JUAN-JOSE-RIPALDA-JANINA.jpg",600,400,false],"university-hub-thumb":["https:\/\/www.uartes.edu.ec\/sitio\/wp-content\/uploads\/2022\/11\/JUAN-JOSE-RIPALDA-JANINA-400x267.jpg",400,267,true]},"uagb_author_info":{"display_name":"ccortez","author_link":"https:\/\/www.uartes.edu.ec\/sitio\/en\/blog\/author\/ccortez\/"},"uagb_comment_info":0,"uagb_excerpt":"Janina Su\u00e1rez y Juan Jos\u00e9 Ripalda, docentes de la UArtes, participar\u00e1n en el II Congreso Andaluz de la Cultura y la Gesti\u00f3n Cultural \u201cComunicaci\u00f3n y Gesti\u00f3n Cultural en la Era Transmedia\u201d, que se realizar\u00e1 del 21 al 23 de octubre en Almer\u00eda en modalidad h\u00edbrida. Ellos intervendr\u00e1n el s\u00e1bado 22 con la ponencia \u201cProducciones transmediales&hellip;","featured_image_src":"https:\/\/www.uartes.edu.ec\/sitio\/wp-content\/uploads\/2022\/11\/JUAN-JOSE-RIPALDA-JANINA.jpg","featured_image_src_square":"https:\/\/www.uartes.edu.ec\/sitio\/wp-content\/uploads\/2022\/11\/JUAN-JOSE-RIPALDA-JANINA.jpg","author_info":{"display_name":"ccortez","author_link":"https:\/\/www.uartes.edu.ec\/sitio\/en\/blog\/author\/ccortez\/"},"publishpress_future_workflow_manual_trigger":{"enabledWorkflows":[]},"distributor_meta":false,"distributor_terms":false,"distributor_media":false,"distributor_original_site_name":"Universidad de las Artes","distributor_original_site_url":"https:\/\/www.uartes.edu.ec\/sitio\/en","push-errors":false,"_links":{"self":[{"href":"https:\/\/www.uartes.edu.ec\/sitio\/en\/wp-json\/wp\/v2\/posts\/31063","targetHints":{"allow":["GET"]}}],"collection":[{"href":"https:\/\/www.uartes.edu.ec\/sitio\/en\/wp-json\/wp\/v2\/posts"}],"about":[{"href":"https:\/\/www.uartes.edu.ec\/sitio\/en\/wp-json\/wp\/v2\/types\/post"}],"author":[{"embeddable":true,"href":"https:\/\/www.uartes.edu.ec\/sitio\/en\/wp-json\/wp\/v2\/users\/10"}],"replies":[{"embeddable":true,"href":"https:\/\/www.uartes.edu.ec\/sitio\/en\/wp-json\/wp\/v2\/comments?post=31063"}],"version-history":[{"count":14,"href":"https:\/\/www.uartes.edu.ec\/sitio\/en\/wp-json\/wp\/v2\/posts\/31063\/revisions"}],"predecessor-version":[{"id":31108,"href":"https:\/\/www.uartes.edu.ec\/sitio\/en\/wp-json\/wp\/v2\/posts\/31063\/revisions\/31108"}],"wp:featuredmedia":[{"embeddable":true,"href":"https:\/\/www.uartes.edu.ec\/sitio\/en\/wp-json\/wp\/v2\/media\/31064"}],"wp:attachment":[{"href":"https:\/\/www.uartes.edu.ec\/sitio\/en\/wp-json\/wp\/v2\/media?parent=31063"}],"wp:term":[{"taxonomy":"category","embeddable":true,"href":"https:\/\/www.uartes.edu.ec\/sitio\/en\/wp-json\/wp\/v2\/categories?post=31063"},{"taxonomy":"post_tag","embeddable":true,"href":"https:\/\/www.uartes.edu.ec\/sitio\/en\/wp-json\/wp\/v2\/tags?post=31063"},{"taxonomy":"infouartes","embeddable":true,"href":"https:\/\/www.uartes.edu.ec\/sitio\/en\/wp-json\/wp\/v2\/infouartes?post=31063"}],"curies":[{"name":"wp","href":"https:\/\/api.w.org\/{rel}","templated":true}]}}