{"id":31580,"date":"2022-11-09T19:24:00","date_gmt":"2022-11-10T00:24:00","guid":{"rendered":"http:\/\/www.uartes.edu.ec\/sitio\/?p=31580"},"modified":"2024-07-04T11:22:40","modified_gmt":"2024-07-04T16:22:40","slug":"investigacion-reescritura-en-pared-de-las-cruces-sobre-el-agua-y-arqueologia-futura-en-la-muestra-el-siglo","status":"publish","type":"post","link":"https:\/\/www.uartes.edu.ec\/sitio\/en\/blog\/2022\/11\/09\/investigacion-reescritura-en-pared-de-las-cruces-sobre-el-agua-y-arqueologia-futura-en-la-muestra-el-siglo\/","title":{"rendered":"Investigaci\u00f3n, reescritura en pared de Las cruces sobre el agua y arqueolog\u00eda futura, en la exposici\u00f3n de \u201cEl Siglo\u201d"},"content":{"rendered":"<p>En la planta baja de El Tel\u00e9grafo, all\u00ed donde est\u00e1 la King Press, antigua rotativa del diario que da nombre al patrimonial edificio y donde se encuentra la Universidad de las Artes, se inaugura este 10 de noviembre la muestra \u201cEl Siglo\u201d, de los artistas Gabriela Rivadeneira Crespo y Hugo Idrovo. Esta propuesta expositiva se inserta en la agenda conmemorativa de la UArtes por el centenario de la masacre obrera registrada en Guayaquil el 15 de noviembre de 1922. &nbsp;&nbsp;<\/p>\n\n\n\n<p>Rivadeneira, quien tiene un PhD en Artes (Universidad Sorbona-Pante\u00f3n Paris I) y una maestr\u00eda en Did\u00e1ctica de la Imagen y en Estudios Cinematogr\u00e1ficos y Audiovisuales (Universidad Par\u00eds III), es tambi\u00e9n directora de Pol\u00edticas e Investigaci\u00f3n en Artes de nuestra instituci\u00f3n. Idrovo, por su parte, goza de una amplia trayectoria como compositor y m\u00fasico; es, adem\u00e1s, miembro de la Academia de Historia y cuenta con varias publicaciones en ese \u00e1mbito.<\/p>\n\n\n\n<p>La apertura de la exposici\u00f3n este jueves 10 ser\u00e1 a las 17:00 y para el pr\u00f3ximo lunes 15, de 10:30 a 12:00, Rivadeneira e Idrovo han programado un compartir con el p\u00fablico que quiera recorrerla. \u201cEl Siglo\u201d la constituyen im\u00e1genes extra\u00eddas de documentos y archivos hist\u00f3ricos nacionales, resultado de una investigaci\u00f3n sobre el siglo XX desde el interior de su propio devenir, a trav\u00e9s del cual el siglo declara, en im\u00e1genes, formas y pensamientos, sus dramas, utop\u00edas, convulsiones y contradicciones, deviniendo a la vez testimonio, residuo y huella de una historia com\u00fan.<\/p>\n\n\n<div class=\"wp-block-image\">\n<figure class=\"aligncenter size-large\"><img fetchpriority=\"high\" decoding=\"async\" width=\"644\" height=\"429\" src=\"http:\/\/www.uartes.edu.ec\/sitio\/wp-content\/uploads\/2022\/11\/EL-SIGLO-02-644x429.jpg\" alt=\"\" class=\"wp-image-31582\" srcset=\"https:\/\/www.uartes.edu.ec\/sitio\/wp-content\/uploads\/2022\/11\/EL-SIGLO-02-644x429.jpg 644w, https:\/\/www.uartes.edu.ec\/sitio\/wp-content\/uploads\/2022\/11\/EL-SIGLO-02-768x511.jpg 768w, https:\/\/www.uartes.edu.ec\/sitio\/wp-content\/uploads\/2022\/11\/EL-SIGLO-02.jpg 2000w, https:\/\/www.uartes.edu.ec\/sitio\/wp-content\/uploads\/2022\/11\/EL-SIGLO-02-600x399.jpg 600w, https:\/\/www.uartes.edu.ec\/sitio\/wp-content\/uploads\/2022\/11\/EL-SIGLO-02-272x182.jpg 272w\" sizes=\"(max-width: 644px) 100vw, 644px\" \/><\/figure>\n<\/div>\n\n\n<p>En di\u00e1logo con InfoUArtes, Rivadeneira e Idrovo indicaron que el t\u00edtulo de la exposici\u00f3n retoma el nombre de una de las obras conjuntas, que es un trabajo bidimensional sobre madera y, como ya se indic\u00f3, parte de una investigaci\u00f3n hist\u00f3rica en archivos nacionales. En revistas, peri\u00f3dicos y publicaciones de todo buscaron las huellas que dej\u00f3 el siglo XX.<\/p>\n\n\n\n<p>Quisieron denominarla \u201cEl Siglo\u201d para darle relevancia a ese trabajo, pero tambi\u00e9n para ponerse en contexto del siglo XX, del pa\u00eds y de los procesos sociales y pol\u00edticos a los que hacen alusi\u00f3n en los diferentes trabajos. \u201cEl siglo XX nos ha dejado una excelente capacidad a todos quienes estamos en condiciones de hurgar en el pasado, de respetar la memoria de nuestro pueblo, de conocer la historia republicana y sus diferentes aspectos: art\u00edstico, cultural, pol\u00edtico y social. Sobre todo, en su devenir en cuanto al progreso y qu\u00e9 signific\u00f3 este; la revoluci\u00f3n industrial, las telecomunicaciones, el transporte y la publicidad\u201d, dijo Idrovo.<\/p>\n\n\n\n<p>Este indagar los llev\u00f3 a archivos nacionales de la Biblioteca Aurelio Espinosa P\u00f3lit, del Instituto Nacional de Patrimonio Cultural, de la Casa de la Cultura Ecuatoriana y de la hemeroteca de diario El Tel\u00e9grafo, \u201cque nos dio invaluables materiales para el proceso\u201d, a\u00f1adi\u00f3. Luego vino lo art\u00edstico. La puesta en escena de este material recopilado, escaneado o en fotograf\u00eda para seguidamente darle el respectivo tratamiento en su taller art\u00edstico del barrio La Tola, en Quito. Lo trabajaron sobre tableros y estos, junto con esculturas, son los que est\u00e1n en la muestra. Estas se basan en vestigios de la urbe y de lo que brinda de atractivo, a fin de transportarlos en otra clase de est\u00edmulo visual para la exposici\u00f3n.<\/p>\n\n\n<div class=\"wp-block-image\">\n<figure class=\"aligncenter size-large is-resized\"><img decoding=\"async\" src=\"http:\/\/www.uartes.edu.ec\/sitio\/wp-content\/uploads\/2022\/11\/EL-SIGLO-PRODUCCION-03-644x429.jpg\" alt=\"\" class=\"wp-image-31583\" width=\"644\" height=\"429\" srcset=\"https:\/\/www.uartes.edu.ec\/sitio\/wp-content\/uploads\/2022\/11\/EL-SIGLO-PRODUCCION-03-644x429.jpg 644w, https:\/\/www.uartes.edu.ec\/sitio\/wp-content\/uploads\/2022\/11\/EL-SIGLO-PRODUCCION-03-768x511.jpg 768w, https:\/\/www.uartes.edu.ec\/sitio\/wp-content\/uploads\/2022\/11\/EL-SIGLO-PRODUCCION-03.jpg 2000w, https:\/\/www.uartes.edu.ec\/sitio\/wp-content\/uploads\/2022\/11\/EL-SIGLO-PRODUCCION-03-600x399.jpg 600w, https:\/\/www.uartes.edu.ec\/sitio\/wp-content\/uploads\/2022\/11\/EL-SIGLO-PRODUCCION-03-272x182.jpg 272w\" sizes=\"(max-width: 644px) 100vw, 644px\" \/><\/figure>\n<\/div>\n\n\n<p>Tambi\u00e9n es parte de \u201cEl Siglo\u201d la intervenci\u00f3n que Rivadeneira hizo de las paredes donde est\u00e1 la rotativa de El Tel\u00e9grafo. All\u00ed reescribi\u00f3, palabra por palabra, la novela \u201cLas cruces sobre el agua\u201d de Joaqu\u00edn Gallegos Lara, la cual retrata la matanza obrera del 15 de noviembre de 1922. <\/p>\n\n\n\n<p>La idea es hacer memoria, indica. Reactivar el texto, la narrativa y el contenido de esa dolorosa escena que llega m\u00e1s o menos al final del libro. Es una intervenci\u00f3n en el espacio, el cual es espec\u00edfico y contiene significados. \u201cMucha de la narrativa de ese evento fue recogida por El Tel\u00e9grafo. Las pocas im\u00e1genes que siguen circulando son de este diario\u201d, refiere.<\/p>\n\n\n\n<p>En la inauguraci\u00f3n de \u201cEl Siglo\u201d e incluso los d\u00edas posteriores hasta el 15 de noviembre, la artista continuar\u00e1 con el proceso, en el cual intervinieron con laboriosidad extrema, haciendo las l\u00edneas para la mencionada escritura a mano, Daya Ortiz, alumnus UArtes, y Adonis Ruiz, estudiante de la ITAE en sus pr\u00e1cticas preprofesionales (en la imagen bajo estas l\u00edneas).<\/p>\n\n\n\n<p>\u201cEl montaje de este proyecto ha sido demandante, sobre todo por sus dimensiones, ya que se ha distribuido a lo largo de la sala rodeando la rotativa, que como m\u00e1quina es un archivo hist\u00f3rico en s\u00ed misma. Fueron once d\u00edas de trabajo, en jornadas de 5 a 6 horas diarias realizando la acci\u00f3n de medir, proyectar y trazar l\u00edneas para que la artista proceda a la transcripci\u00f3n de \u201cLas cruces sobre el agua\u201d, se\u00f1ala Ortiz.<\/p>\n\n\n<div class=\"wp-block-image\">\n<figure class=\"aligncenter size-large\"><img decoding=\"async\" width=\"644\" height=\"429\" src=\"http:\/\/www.uartes.edu.ec\/sitio\/wp-content\/uploads\/2022\/11\/EL-SIGLO-PRODUCCION-02-644x429.jpg\" alt=\"\" class=\"wp-image-31584\" srcset=\"https:\/\/www.uartes.edu.ec\/sitio\/wp-content\/uploads\/2022\/11\/EL-SIGLO-PRODUCCION-02-644x429.jpg 644w, https:\/\/www.uartes.edu.ec\/sitio\/wp-content\/uploads\/2022\/11\/EL-SIGLO-PRODUCCION-02-768x511.jpg 768w, https:\/\/www.uartes.edu.ec\/sitio\/wp-content\/uploads\/2022\/11\/EL-SIGLO-PRODUCCION-02.jpg 2000w, https:\/\/www.uartes.edu.ec\/sitio\/wp-content\/uploads\/2022\/11\/EL-SIGLO-PRODUCCION-02-600x399.jpg 600w, https:\/\/www.uartes.edu.ec\/sitio\/wp-content\/uploads\/2022\/11\/EL-SIGLO-PRODUCCION-02-272x182.jpg 272w\" sizes=\"(max-width: 644px) 100vw, 644px\" \/><\/figure>\n<\/div>\n\n\n<p>Del \u201cEl Siglo\u201d tambi\u00e9n es parte \u201cArqueolog\u00eda Futura\u201d, conformada por objetos de dimensiones variables (en materiales mixtos: cemento, bondex, arena, yeso, pigmentos) \u201cque tienen que ver con los vestigios de una especie de ficci\u00f3n y, como el mismo t\u00edtulo sugiere, una arqueolog\u00eda del futuro, de estos sue\u00f1os de progreso que se tuvo en Ecuador y se desarrollaron como los grandes proyectos emblem\u00e1ticos del siglo XX y que hoy en d\u00eda est\u00e1n en proceso de liquidaci\u00f3n, como los ferrocarriles del Estado y el sistema de correos\u201d, expresa Rivadeneira.<\/p>\n\n\n\n<p>Es una serie de restos o residuos materiales dispersos, que propone la hip\u00f3tesis de un hecho consumado o de un pasado a\u00fan incierto.<\/p>\n\n\n\n<p>Realizar \u201cEl Siglo\u201d les tom\u00f3 a Rivadeneira e Idrovo varios a\u00f1os, a partir de su concepci\u00f3n. La idea surgi\u00f3 de la artista y complement\u00f3 con la fascinaci\u00f3n del compositor, m\u00fasico e investigador por la historia \u2013con varias obras publicadas desde 1998\u2013. Un quehacer art\u00edstico \u201cde mucha planificaci\u00f3n, dedicaci\u00f3n, prueba y error en cuanto al uso de materiales para presentar algo novedoso y original que no haya sido puesto a consideraci\u00f3n del espectador\u00bb, anota \u00e9l.<\/p>\n\n\n\n<h3 class=\"wp-block-heading\"><strong>Trabajo conjunto estuvo en el CAC de Quito; Idrovo volvi\u00f3 a Guayaquil <\/strong><\/h3>\n\n\n\n<p>Como se\u00f1ala Lupe \u00c1lvarez, cr\u00edtica de arte, investigadora y docente de la UArtes, quien es la curadora de \u201cEl Siglo\u201d, la propuesta revisita la muestra que form\u00f3 parte de \u201cQuiz\u00e1 el cielo un d\u00eda ser\u00e1 silencio\u201d, exhibici\u00f3n presentada en el CAC (Centro de Arte Contempor\u00e1neo) de Quito, \u201cque dio relevancia hist\u00f3rica a la contribuci\u00f3n de un grupo de artistas que, en la d\u00e9cada de los a\u00f1os noventa, crearon condiciones para fomentar la escena del arte contempor\u00e1neo local\u201d.<\/p>\n\n\n\n<p>Al igual que en El Tel\u00e9grafo, Rivadeneira tambi\u00e9n intervino paredes en el CAC. La de ahora, no obstante, tiene otras dimensiones, pues es en Guayaquil donde ocurri\u00f3 la brutal represi\u00f3n del 15 de noviembre de 1922 contra los trabajadores que en marcha multitudinaria reclamaban por sus condiciones laborales y de vida.<\/p>\n\n\n\n<p>Rivadeneira e Idrovo destacaron el apoyo recibido por la UArtes para \u201cEl Siglo\u201d, propuesta que cont\u00f3 con fondos del IFCI. Ambos, con importante trayectoria art\u00edstica, revelaron tambi\u00e9n que no es el primer trabajo en conjunto y que estos procesos los iniciaron hace dos a\u00f1os.<\/p>\n\n\n\n<p>Vale destacar, adem\u00e1s, que tras de habitar por m\u00e1s de dos d\u00e9cadas en Gal\u00e1pagos, Idrovo est\u00e1 de regreso en su natal Guayaquil, donde creci\u00f3 y pas\u00f3 su ni\u00f1ez y adolescencia. Ya ha ofrecido conciertos, como \u201cEn caleta\u201d, en los que Rivadeneira ha intervenido como productora. \u201cPaso el d\u00eda aprendiendo de Gabriela. Sabe m\u00e1s en el \u00e1mbito del arte y de la cinematograf\u00eda\u201d, expresa \u00e9l, mientras ella destaca su pasi\u00f3n por la historia.<\/p>","protected":false},"excerpt":{"rendered":"<p>Im\u00e1genes extra\u00eddas de documentos y archivos hist\u00f3ricos nacionales, resultado de una investigaci\u00f3n sobre el siglo XX; reescritura en paredes de \u201cLas cruces sobre el agua\u201d, de Joaqu\u00edn Gallegos Lara, all\u00ed donde est\u00e1 la antigua rotativa de diario El Tel\u00e9grafo; y, objetos de dimensiones variables de \u201cArqueolog\u00eda Futura\u201d conforman la muestra \u201cEl Siglo\u201d de los artistas Gabriela Rivadeneira Crespo y Hugo Idrovo.  <\/p>","protected":false},"author":10,"featured_media":31581,"comment_status":"open","ping_status":"open","sticky":false,"template":"","format":"standard","meta":{"_acf_changed":false,"_uag_custom_page_level_css":"","_monsterinsights_skip_tracking":false,"_monsterinsights_sitenote_active":false,"_monsterinsights_sitenote_note":"","_monsterinsights_sitenote_category":0,"cybocfi_hide_featured_image":"","footnotes":""},"categories":[712,80,75,76,284],"tags":[517],"infouartes":[],"class_list":["post-31580","post","type-post","status-publish","format-standard","has-post-thumbnail","hentry","category-1a","category-academico","category-docentes","category-estudiantes","category-investigacion","tag-exposicion"],"acf":[],"yoast_head":"<!-- This site is optimized with the Yoast SEO plugin v27.4 - https:\/\/yoast.com\/product\/yoast-seo-wordpress\/ -->\n<title>Universidad de las Artes - Investigaci\u00f3n, reescritura en pared de Las cruces sobre el agua y arqueolog\u00eda futura, en la exposici\u00f3n de \u201cEl Siglo\u201d<\/title>\n<meta name=\"description\" content=\"Universidad de las Artes - Investigaci\u00f3n, reescritura en pared de Las cruces sobre el agua y arqueolog\u00eda futura, en la exposici\u00f3n de \u201cEl Siglo\u201d\" \/>\n<meta name=\"robots\" content=\"index, follow, max-snippet:-1, max-image-preview:large, max-video-preview:-1\" \/>\n<link rel=\"canonical\" href=\"https:\/\/www.uartes.edu.ec\/sitio\/en\/blog\/2022\/11\/09\/investigacion-reescritura-en-pared-de-las-cruces-sobre-el-agua-y-arqueologia-futura-en-la-muestra-el-siglo\/\" \/>\n<meta property=\"og:locale\" content=\"en_US\" \/>\n<meta property=\"og:type\" content=\"article\" \/>\n<meta property=\"og:title\" content=\"Universidad de las Artes - Investigaci\u00f3n, reescritura en pared de Las cruces sobre el agua y arqueolog\u00eda futura, en la exposici\u00f3n de \u201cEl Siglo\u201d\" \/>\n<meta property=\"og:description\" content=\"Universidad de las Artes - Investigaci\u00f3n, reescritura en pared de Las cruces sobre el agua y arqueolog\u00eda futura, en la exposici\u00f3n de \u201cEl Siglo\u201d\" \/>\n<meta property=\"og:url\" content=\"https:\/\/www.uartes.edu.ec\/sitio\/en\/blog\/2022\/11\/09\/investigacion-reescritura-en-pared-de-las-cruces-sobre-el-agua-y-arqueologia-futura-en-la-muestra-el-siglo\/\" \/>\n<meta property=\"og:site_name\" content=\"Universidad de las Artes\" \/>\n<meta property=\"article:publisher\" content=\"https:\/\/www.facebook.com\/uartesec\" \/>\n<meta property=\"article:published_time\" content=\"2022-11-10T00:24:00+00:00\" \/>\n<meta property=\"article:modified_time\" content=\"2024-07-04T16:22:40+00:00\" \/>\n<meta property=\"og:image\" content=\"https:\/\/www.uartes.edu.ec\/sitio\/wp-content\/uploads\/2022\/11\/EL-SIGLO-01-PORTADA.jpg\" \/>\n\t<meta property=\"og:image:width\" content=\"2000\" \/>\n\t<meta property=\"og:image:height\" content=\"1333\" \/>\n\t<meta property=\"og:image:type\" content=\"image\/jpeg\" \/>\n<meta name=\"author\" content=\"ccortez\" \/>\n<meta name=\"twitter:card\" content=\"summary_large_image\" \/>\n<meta name=\"twitter:creator\" content=\"@uartesec\" \/>\n<meta name=\"twitter:site\" content=\"@uartesec\" \/>\n<meta name=\"twitter:label1\" content=\"Written by\" \/>\n\t<meta name=\"twitter:data1\" content=\"ccortez\" \/>\n\t<meta name=\"twitter:label2\" content=\"Est. reading time\" \/>\n\t<meta name=\"twitter:data2\" content=\"7 minutes\" \/>\n<script type=\"application\/ld+json\" class=\"yoast-schema-graph\">{\"@context\":\"https:\\\/\\\/schema.org\",\"@graph\":[{\"@type\":\"Article\",\"@id\":\"https:\\\/\\\/www.uartes.edu.ec\\\/sitio\\\/en\\\/blog\\\/2022\\\/11\\\/09\\\/investigacion-reescritura-en-pared-de-las-cruces-sobre-el-agua-y-arqueologia-futura-en-la-muestra-el-siglo\\\/#article\",\"isPartOf\":{\"@id\":\"https:\\\/\\\/www.uartes.edu.ec\\\/sitio\\\/en\\\/blog\\\/2022\\\/11\\\/09\\\/investigacion-reescritura-en-pared-de-las-cruces-sobre-el-agua-y-arqueologia-futura-en-la-muestra-el-siglo\\\/\"},\"author\":{\"name\":\"ccortez\",\"@id\":\"https:\\\/\\\/www.uartes.edu.ec\\\/sitio\\\/en\\\/#\\\/schema\\\/person\\\/efa1b8275797664fd7f13a79ccc0b1f4\"},\"headline\":\"Investigaci\u00f3n, reescritura en pared de Las cruces sobre el agua y arqueolog\u00eda futura, en la exposici\u00f3n de \u201cEl Siglo\u201d\",\"datePublished\":\"2022-11-10T00:24:00+00:00\",\"dateModified\":\"2024-07-04T16:22:40+00:00\",\"mainEntityOfPage\":{\"@id\":\"https:\\\/\\\/www.uartes.edu.ec\\\/sitio\\\/en\\\/blog\\\/2022\\\/11\\\/09\\\/investigacion-reescritura-en-pared-de-las-cruces-sobre-el-agua-y-arqueologia-futura-en-la-muestra-el-siglo\\\/\"},\"wordCount\":1325,\"commentCount\":0,\"publisher\":{\"@id\":\"https:\\\/\\\/www.uartes.edu.ec\\\/sitio\\\/en\\\/#organization\"},\"image\":{\"@id\":\"https:\\\/\\\/www.uartes.edu.ec\\\/sitio\\\/en\\\/blog\\\/2022\\\/11\\\/09\\\/investigacion-reescritura-en-pared-de-las-cruces-sobre-el-agua-y-arqueologia-futura-en-la-muestra-el-siglo\\\/#primaryimage\"},\"thumbnailUrl\":\"https:\\\/\\\/www.uartes.edu.ec\\\/sitio\\\/wp-content\\\/uploads\\\/2022\\\/11\\\/EL-SIGLO-01-PORTADA.jpg\",\"keywords\":[\"exposici\u00f3n\"],\"articleSection\":[\"1A\",\"Acad\u00e9mico\",\"Docentes\",\"Estudiantes\",\"Investigaci\u00f3n\"],\"inLanguage\":\"en-US\",\"potentialAction\":[{\"@type\":\"CommentAction\",\"name\":\"Comment\",\"target\":[\"https:\\\/\\\/www.uartes.edu.ec\\\/sitio\\\/en\\\/blog\\\/2022\\\/11\\\/09\\\/investigacion-reescritura-en-pared-de-las-cruces-sobre-el-agua-y-arqueologia-futura-en-la-muestra-el-siglo\\\/#respond\"]}]},{\"@type\":[\"WebPage\",\"ItemPage\"],\"@id\":\"https:\\\/\\\/www.uartes.edu.ec\\\/sitio\\\/en\\\/blog\\\/2022\\\/11\\\/09\\\/investigacion-reescritura-en-pared-de-las-cruces-sobre-el-agua-y-arqueologia-futura-en-la-muestra-el-siglo\\\/\",\"url\":\"https:\\\/\\\/www.uartes.edu.ec\\\/sitio\\\/en\\\/blog\\\/2022\\\/11\\\/09\\\/investigacion-reescritura-en-pared-de-las-cruces-sobre-el-agua-y-arqueologia-futura-en-la-muestra-el-siglo\\\/\",\"name\":\"Universidad de las Artes - Investigaci\u00f3n, reescritura en pared de Las cruces sobre el agua y arqueolog\u00eda futura, en la exposici\u00f3n de \u201cEl Siglo\u201d\",\"isPartOf\":{\"@id\":\"https:\\\/\\\/www.uartes.edu.ec\\\/sitio\\\/en\\\/#website\"},\"primaryImageOfPage\":{\"@id\":\"https:\\\/\\\/www.uartes.edu.ec\\\/sitio\\\/en\\\/blog\\\/2022\\\/11\\\/09\\\/investigacion-reescritura-en-pared-de-las-cruces-sobre-el-agua-y-arqueologia-futura-en-la-muestra-el-siglo\\\/#primaryimage\"},\"image\":{\"@id\":\"https:\\\/\\\/www.uartes.edu.ec\\\/sitio\\\/en\\\/blog\\\/2022\\\/11\\\/09\\\/investigacion-reescritura-en-pared-de-las-cruces-sobre-el-agua-y-arqueologia-futura-en-la-muestra-el-siglo\\\/#primaryimage\"},\"thumbnailUrl\":\"https:\\\/\\\/www.uartes.edu.ec\\\/sitio\\\/wp-content\\\/uploads\\\/2022\\\/11\\\/EL-SIGLO-01-PORTADA.jpg\",\"datePublished\":\"2022-11-10T00:24:00+00:00\",\"dateModified\":\"2024-07-04T16:22:40+00:00\",\"description\":\"Universidad de las Artes - Investigaci\u00f3n, reescritura en pared de Las cruces sobre el agua y arqueolog\u00eda futura, en la exposici\u00f3n de \u201cEl Siglo\u201d\",\"breadcrumb\":{\"@id\":\"https:\\\/\\\/www.uartes.edu.ec\\\/sitio\\\/en\\\/blog\\\/2022\\\/11\\\/09\\\/investigacion-reescritura-en-pared-de-las-cruces-sobre-el-agua-y-arqueologia-futura-en-la-muestra-el-siglo\\\/#breadcrumb\"},\"inLanguage\":\"en-US\",\"potentialAction\":[{\"@type\":\"ReadAction\",\"target\":[\"https:\\\/\\\/www.uartes.edu.ec\\\/sitio\\\/en\\\/blog\\\/2022\\\/11\\\/09\\\/investigacion-reescritura-en-pared-de-las-cruces-sobre-el-agua-y-arqueologia-futura-en-la-muestra-el-siglo\\\/\"]}]},{\"@type\":\"ImageObject\",\"inLanguage\":\"en-US\",\"@id\":\"https:\\\/\\\/www.uartes.edu.ec\\\/sitio\\\/en\\\/blog\\\/2022\\\/11\\\/09\\\/investigacion-reescritura-en-pared-de-las-cruces-sobre-el-agua-y-arqueologia-futura-en-la-muestra-el-siglo\\\/#primaryimage\",\"url\":\"https:\\\/\\\/www.uartes.edu.ec\\\/sitio\\\/wp-content\\\/uploads\\\/2022\\\/11\\\/EL-SIGLO-01-PORTADA.jpg\",\"contentUrl\":\"https:\\\/\\\/www.uartes.edu.ec\\\/sitio\\\/wp-content\\\/uploads\\\/2022\\\/11\\\/EL-SIGLO-01-PORTADA.jpg\",\"width\":2000,\"height\":1333},{\"@type\":\"BreadcrumbList\",\"@id\":\"https:\\\/\\\/www.uartes.edu.ec\\\/sitio\\\/en\\\/blog\\\/2022\\\/11\\\/09\\\/investigacion-reescritura-en-pared-de-las-cruces-sobre-el-agua-y-arqueologia-futura-en-la-muestra-el-siglo\\\/#breadcrumb\",\"itemListElement\":[{\"@type\":\"ListItem\",\"position\":1,\"name\":\"Inicio\",\"item\":\"https:\\\/\\\/www.uartes.edu.ec\\\/sitio\\\/\"},{\"@type\":\"ListItem\",\"position\":2,\"name\":\"Investigaci\u00f3n, reescritura en pared de Las cruces sobre el agua y arqueolog\u00eda futura, en la exposici\u00f3n de \u201cEl Siglo\u201d\"}]},{\"@type\":\"WebSite\",\"@id\":\"https:\\\/\\\/www.uartes.edu.ec\\\/sitio\\\/en\\\/#website\",\"url\":\"https:\\\/\\\/www.uartes.edu.ec\\\/sitio\\\/en\\\/\",\"name\":\"Universidad de las Artes\",\"description\":\"Sitio oficial de la Universidad Nacional de las Artes del Ecuador\",\"publisher\":{\"@id\":\"https:\\\/\\\/www.uartes.edu.ec\\\/sitio\\\/en\\\/#organization\"},\"potentialAction\":[{\"@type\":\"SearchAction\",\"target\":{\"@type\":\"EntryPoint\",\"urlTemplate\":\"https:\\\/\\\/www.uartes.edu.ec\\\/sitio\\\/en\\\/?s={search_term_string}\"},\"query-input\":{\"@type\":\"PropertyValueSpecification\",\"valueRequired\":true,\"valueName\":\"search_term_string\"}}],\"inLanguage\":\"en-US\"},{\"@type\":\"Organization\",\"@id\":\"https:\\\/\\\/www.uartes.edu.ec\\\/sitio\\\/en\\\/#organization\",\"name\":\"Universidad de las Artes\",\"url\":\"https:\\\/\\\/www.uartes.edu.ec\\\/sitio\\\/en\\\/\",\"logo\":{\"@type\":\"ImageObject\",\"inLanguage\":\"en-US\",\"@id\":\"https:\\\/\\\/www.uartes.edu.ec\\\/sitio\\\/en\\\/#\\\/schema\\\/logo\\\/image\\\/\",\"url\":\"https:\\\/\\\/www.uartes.edu.ec\\\/sitio\\\/wp-content\\\/uploads\\\/2022\\\/07\\\/logo-ua-horizontal.png\",\"contentUrl\":\"https:\\\/\\\/www.uartes.edu.ec\\\/sitio\\\/wp-content\\\/uploads\\\/2022\\\/07\\\/logo-ua-horizontal.png\",\"width\":800,\"height\":276,\"caption\":\"Universidad de las Artes\"},\"image\":{\"@id\":\"https:\\\/\\\/www.uartes.edu.ec\\\/sitio\\\/en\\\/#\\\/schema\\\/logo\\\/image\\\/\"},\"sameAs\":[\"https:\\\/\\\/www.facebook.com\\\/uartesec\",\"https:\\\/\\\/x.com\\\/uartesec\",\"https:\\\/\\\/www.tiktok.com\\\/@uartesec\"]},{\"@type\":\"Person\",\"@id\":\"https:\\\/\\\/www.uartes.edu.ec\\\/sitio\\\/en\\\/#\\\/schema\\\/person\\\/efa1b8275797664fd7f13a79ccc0b1f4\",\"name\":\"ccortez\",\"image\":{\"@type\":\"ImageObject\",\"inLanguage\":\"en-US\",\"@id\":\"https:\\\/\\\/secure.gravatar.com\\\/avatar\\\/b2a6f664a3ae8e074346ef91775736c5ec479e637ecced6842de9dc98b5da9cd?s=96&d=mm&r=g\",\"url\":\"https:\\\/\\\/secure.gravatar.com\\\/avatar\\\/b2a6f664a3ae8e074346ef91775736c5ec479e637ecced6842de9dc98b5da9cd?s=96&d=mm&r=g\",\"contentUrl\":\"https:\\\/\\\/secure.gravatar.com\\\/avatar\\\/b2a6f664a3ae8e074346ef91775736c5ec479e637ecced6842de9dc98b5da9cd?s=96&d=mm&r=g\",\"caption\":\"ccortez\"},\"url\":\"https:\\\/\\\/www.uartes.edu.ec\\\/sitio\\\/en\\\/blog\\\/author\\\/ccortez\\\/\"}]}<\/script>\n<!-- \/ Yoast SEO plugin. -->","yoast_head_json":{"title":"Universidad de las Artes - Investigaci\u00f3n, reescritura en pared de Las cruces sobre el agua y arqueolog\u00eda futura, en la exposici\u00f3n de \u201cEl Siglo\u201d","description":"Universidad de las Artes - Investigaci\u00f3n, reescritura en pared de Las cruces sobre el agua y arqueolog\u00eda futura, en la exposici\u00f3n de \u201cEl Siglo\u201d","robots":{"index":"index","follow":"follow","max-snippet":"max-snippet:-1","max-image-preview":"max-image-preview:large","max-video-preview":"max-video-preview:-1"},"canonical":"https:\/\/www.uartes.edu.ec\/sitio\/en\/blog\/2022\/11\/09\/investigacion-reescritura-en-pared-de-las-cruces-sobre-el-agua-y-arqueologia-futura-en-la-muestra-el-siglo\/","og_locale":"en_US","og_type":"article","og_title":"Universidad de las Artes - Investigaci\u00f3n, reescritura en pared de Las cruces sobre el agua y arqueolog\u00eda futura, en la exposici\u00f3n de \u201cEl Siglo\u201d","og_description":"Universidad de las Artes - Investigaci\u00f3n, reescritura en pared de Las cruces sobre el agua y arqueolog\u00eda futura, en la exposici\u00f3n de \u201cEl Siglo\u201d","og_url":"https:\/\/www.uartes.edu.ec\/sitio\/en\/blog\/2022\/11\/09\/investigacion-reescritura-en-pared-de-las-cruces-sobre-el-agua-y-arqueologia-futura-en-la-muestra-el-siglo\/","og_site_name":"Universidad de las Artes","article_publisher":"https:\/\/www.facebook.com\/uartesec","article_published_time":"2022-11-10T00:24:00+00:00","article_modified_time":"2024-07-04T16:22:40+00:00","og_image":[{"width":2000,"height":1333,"url":"https:\/\/www.uartes.edu.ec\/sitio\/wp-content\/uploads\/2022\/11\/EL-SIGLO-01-PORTADA.jpg","type":"image\/jpeg"}],"author":"ccortez","twitter_card":"summary_large_image","twitter_creator":"@uartesec","twitter_site":"@uartesec","twitter_misc":{"Written by":"ccortez","Est. reading time":"7 minutes"},"schema":{"@context":"https:\/\/schema.org","@graph":[{"@type":"Article","@id":"https:\/\/www.uartes.edu.ec\/sitio\/en\/blog\/2022\/11\/09\/investigacion-reescritura-en-pared-de-las-cruces-sobre-el-agua-y-arqueologia-futura-en-la-muestra-el-siglo\/#article","isPartOf":{"@id":"https:\/\/www.uartes.edu.ec\/sitio\/en\/blog\/2022\/11\/09\/investigacion-reescritura-en-pared-de-las-cruces-sobre-el-agua-y-arqueologia-futura-en-la-muestra-el-siglo\/"},"author":{"name":"ccortez","@id":"https:\/\/www.uartes.edu.ec\/sitio\/en\/#\/schema\/person\/efa1b8275797664fd7f13a79ccc0b1f4"},"headline":"Investigaci\u00f3n, reescritura en pared de Las cruces sobre el agua y arqueolog\u00eda futura, en la exposici\u00f3n de \u201cEl Siglo\u201d","datePublished":"2022-11-10T00:24:00+00:00","dateModified":"2024-07-04T16:22:40+00:00","mainEntityOfPage":{"@id":"https:\/\/www.uartes.edu.ec\/sitio\/en\/blog\/2022\/11\/09\/investigacion-reescritura-en-pared-de-las-cruces-sobre-el-agua-y-arqueologia-futura-en-la-muestra-el-siglo\/"},"wordCount":1325,"commentCount":0,"publisher":{"@id":"https:\/\/www.uartes.edu.ec\/sitio\/en\/#organization"},"image":{"@id":"https:\/\/www.uartes.edu.ec\/sitio\/en\/blog\/2022\/11\/09\/investigacion-reescritura-en-pared-de-las-cruces-sobre-el-agua-y-arqueologia-futura-en-la-muestra-el-siglo\/#primaryimage"},"thumbnailUrl":"https:\/\/www.uartes.edu.ec\/sitio\/wp-content\/uploads\/2022\/11\/EL-SIGLO-01-PORTADA.jpg","keywords":["exposici\u00f3n"],"articleSection":["1A","Acad\u00e9mico","Docentes","Estudiantes","Investigaci\u00f3n"],"inLanguage":"en-US","potentialAction":[{"@type":"CommentAction","name":"Comment","target":["https:\/\/www.uartes.edu.ec\/sitio\/en\/blog\/2022\/11\/09\/investigacion-reescritura-en-pared-de-las-cruces-sobre-el-agua-y-arqueologia-futura-en-la-muestra-el-siglo\/#respond"]}]},{"@type":["WebPage","ItemPage"],"@id":"https:\/\/www.uartes.edu.ec\/sitio\/en\/blog\/2022\/11\/09\/investigacion-reescritura-en-pared-de-las-cruces-sobre-el-agua-y-arqueologia-futura-en-la-muestra-el-siglo\/","url":"https:\/\/www.uartes.edu.ec\/sitio\/en\/blog\/2022\/11\/09\/investigacion-reescritura-en-pared-de-las-cruces-sobre-el-agua-y-arqueologia-futura-en-la-muestra-el-siglo\/","name":"Universidad de las Artes - Investigaci\u00f3n, reescritura en pared de Las cruces sobre el agua y arqueolog\u00eda futura, en la exposici\u00f3n de \u201cEl Siglo\u201d","isPartOf":{"@id":"https:\/\/www.uartes.edu.ec\/sitio\/en\/#website"},"primaryImageOfPage":{"@id":"https:\/\/www.uartes.edu.ec\/sitio\/en\/blog\/2022\/11\/09\/investigacion-reescritura-en-pared-de-las-cruces-sobre-el-agua-y-arqueologia-futura-en-la-muestra-el-siglo\/#primaryimage"},"image":{"@id":"https:\/\/www.uartes.edu.ec\/sitio\/en\/blog\/2022\/11\/09\/investigacion-reescritura-en-pared-de-las-cruces-sobre-el-agua-y-arqueologia-futura-en-la-muestra-el-siglo\/#primaryimage"},"thumbnailUrl":"https:\/\/www.uartes.edu.ec\/sitio\/wp-content\/uploads\/2022\/11\/EL-SIGLO-01-PORTADA.jpg","datePublished":"2022-11-10T00:24:00+00:00","dateModified":"2024-07-04T16:22:40+00:00","description":"Universidad de las Artes - Investigaci\u00f3n, reescritura en pared de Las cruces sobre el agua y arqueolog\u00eda futura, en la exposici\u00f3n de \u201cEl Siglo\u201d","breadcrumb":{"@id":"https:\/\/www.uartes.edu.ec\/sitio\/en\/blog\/2022\/11\/09\/investigacion-reescritura-en-pared-de-las-cruces-sobre-el-agua-y-arqueologia-futura-en-la-muestra-el-siglo\/#breadcrumb"},"inLanguage":"en-US","potentialAction":[{"@type":"ReadAction","target":["https:\/\/www.uartes.edu.ec\/sitio\/en\/blog\/2022\/11\/09\/investigacion-reescritura-en-pared-de-las-cruces-sobre-el-agua-y-arqueologia-futura-en-la-muestra-el-siglo\/"]}]},{"@type":"ImageObject","inLanguage":"en-US","@id":"https:\/\/www.uartes.edu.ec\/sitio\/en\/blog\/2022\/11\/09\/investigacion-reescritura-en-pared-de-las-cruces-sobre-el-agua-y-arqueologia-futura-en-la-muestra-el-siglo\/#primaryimage","url":"https:\/\/www.uartes.edu.ec\/sitio\/wp-content\/uploads\/2022\/11\/EL-SIGLO-01-PORTADA.jpg","contentUrl":"https:\/\/www.uartes.edu.ec\/sitio\/wp-content\/uploads\/2022\/11\/EL-SIGLO-01-PORTADA.jpg","width":2000,"height":1333},{"@type":"BreadcrumbList","@id":"https:\/\/www.uartes.edu.ec\/sitio\/en\/blog\/2022\/11\/09\/investigacion-reescritura-en-pared-de-las-cruces-sobre-el-agua-y-arqueologia-futura-en-la-muestra-el-siglo\/#breadcrumb","itemListElement":[{"@type":"ListItem","position":1,"name":"Inicio","item":"https:\/\/www.uartes.edu.ec\/sitio\/"},{"@type":"ListItem","position":2,"name":"Investigaci\u00f3n, reescritura en pared de Las cruces sobre el agua y arqueolog\u00eda futura, en la exposici\u00f3n de \u201cEl Siglo\u201d"}]},{"@type":"WebSite","@id":"https:\/\/www.uartes.edu.ec\/sitio\/en\/#website","url":"https:\/\/www.uartes.edu.ec\/sitio\/en\/","name":"Universidad de las Artes","description":"Sitio oficial de la Universidad Nacional de las Artes del Ecuador","publisher":{"@id":"https:\/\/www.uartes.edu.ec\/sitio\/en\/#organization"},"potentialAction":[{"@type":"SearchAction","target":{"@type":"EntryPoint","urlTemplate":"https:\/\/www.uartes.edu.ec\/sitio\/en\/?s={search_term_string}"},"query-input":{"@type":"PropertyValueSpecification","valueRequired":true,"valueName":"search_term_string"}}],"inLanguage":"en-US"},{"@type":"Organization","@id":"https:\/\/www.uartes.edu.ec\/sitio\/en\/#organization","name":"Universidad de las Artes","url":"https:\/\/www.uartes.edu.ec\/sitio\/en\/","logo":{"@type":"ImageObject","inLanguage":"en-US","@id":"https:\/\/www.uartes.edu.ec\/sitio\/en\/#\/schema\/logo\/image\/","url":"https:\/\/www.uartes.edu.ec\/sitio\/wp-content\/uploads\/2022\/07\/logo-ua-horizontal.png","contentUrl":"https:\/\/www.uartes.edu.ec\/sitio\/wp-content\/uploads\/2022\/07\/logo-ua-horizontal.png","width":800,"height":276,"caption":"Universidad de las Artes"},"image":{"@id":"https:\/\/www.uartes.edu.ec\/sitio\/en\/#\/schema\/logo\/image\/"},"sameAs":["https:\/\/www.facebook.com\/uartesec","https:\/\/x.com\/uartesec","https:\/\/www.tiktok.com\/@uartesec"]},{"@type":"Person","@id":"https:\/\/www.uartes.edu.ec\/sitio\/en\/#\/schema\/person\/efa1b8275797664fd7f13a79ccc0b1f4","name":"ccortez","image":{"@type":"ImageObject","inLanguage":"en-US","@id":"https:\/\/secure.gravatar.com\/avatar\/b2a6f664a3ae8e074346ef91775736c5ec479e637ecced6842de9dc98b5da9cd?s=96&d=mm&r=g","url":"https:\/\/secure.gravatar.com\/avatar\/b2a6f664a3ae8e074346ef91775736c5ec479e637ecced6842de9dc98b5da9cd?s=96&d=mm&r=g","contentUrl":"https:\/\/secure.gravatar.com\/avatar\/b2a6f664a3ae8e074346ef91775736c5ec479e637ecced6842de9dc98b5da9cd?s=96&d=mm&r=g","caption":"ccortez"},"url":"https:\/\/www.uartes.edu.ec\/sitio\/en\/blog\/author\/ccortez\/"}]}},"uagb_featured_image_src":{"full":["https:\/\/www.uartes.edu.ec\/sitio\/wp-content\/uploads\/2022\/11\/EL-SIGLO-01-PORTADA.jpg",2000,1333,false],"thumbnail":["https:\/\/www.uartes.edu.ec\/sitio\/wp-content\/uploads\/2022\/11\/EL-SIGLO-01-PORTADA-150x150.jpg",150,150,true],"medium":["https:\/\/www.uartes.edu.ec\/sitio\/wp-content\/uploads\/2022\/11\/EL-SIGLO-01-PORTADA-300x200.jpg",300,200,true],"medium_large":["https:\/\/www.uartes.edu.ec\/sitio\/wp-content\/uploads\/2022\/11\/EL-SIGLO-01-PORTADA-768x512.jpg",768,512,true],"large":["https:\/\/www.uartes.edu.ec\/sitio\/wp-content\/uploads\/2022\/11\/EL-SIGLO-01-PORTADA-644x429.jpg",644,429,true],"1536x1536":["https:\/\/www.uartes.edu.ec\/sitio\/wp-content\/uploads\/2022\/11\/EL-SIGLO-01-PORTADA-1536x1024.jpg",1536,1024,true],"2048x2048":["https:\/\/www.uartes.edu.ec\/sitio\/wp-content\/uploads\/2022\/11\/EL-SIGLO-01-PORTADA.jpg",2000,1333,false],"trp-custom-language-flag":["https:\/\/www.uartes.edu.ec\/sitio\/wp-content\/uploads\/2022\/11\/EL-SIGLO-01-PORTADA.jpg",18,12,false],"htmega_size_585x295":["https:\/\/www.uartes.edu.ec\/sitio\/wp-content\/uploads\/2022\/11\/EL-SIGLO-01-PORTADA.jpg",443,295,false],"htmega_size_1170x536":["https:\/\/www.uartes.edu.ec\/sitio\/wp-content\/uploads\/2022\/11\/EL-SIGLO-01-PORTADA.jpg",804,536,false],"htmega_size_396x360":["https:\/\/www.uartes.edu.ec\/sitio\/wp-content\/uploads\/2022\/11\/EL-SIGLO-01-PORTADA.jpg",396,264,false],"gb-block-post-grid-landscape":["https:\/\/www.uartes.edu.ec\/sitio\/wp-content\/uploads\/2022\/11\/EL-SIGLO-01-PORTADA-600x400.jpg",600,400,true],"gb-block-post-grid-square":["https:\/\/www.uartes.edu.ec\/sitio\/wp-content\/uploads\/2022\/11\/EL-SIGLO-01-PORTADA-600x600.jpg",600,600,true],"university-hub-thumb":["https:\/\/www.uartes.edu.ec\/sitio\/wp-content\/uploads\/2022\/11\/EL-SIGLO-01-PORTADA-400x267.jpg",400,267,true],"mailpoet_newsletter_max":["https:\/\/www.uartes.edu.ec\/sitio\/wp-content\/uploads\/2022\/11\/EL-SIGLO-01-PORTADA.jpg",1320,880,false]},"uagb_author_info":{"display_name":"ccortez","author_link":"https:\/\/www.uartes.edu.ec\/sitio\/en\/blog\/author\/ccortez\/"},"uagb_comment_info":0,"uagb_excerpt":"Im\u00e1genes extra\u00eddas de documentos y archivos hist\u00f3ricos nacionales, resultado de una investigaci\u00f3n sobre el siglo XX; reescritura en paredes de \u201cLas cruces sobre el agua\u201d, de Joaqu\u00edn Gallegos Lara, all\u00ed donde est\u00e1 la antigua rotativa de diario El Tel\u00e9grafo; y, objetos de dimensiones variables de \u201cArqueolog\u00eda Futura\u201d conforman la muestra \u201cEl Siglo\u201d de los artistas&hellip;","featured_image_src":"https:\/\/www.uartes.edu.ec\/sitio\/wp-content\/uploads\/2022\/11\/EL-SIGLO-01-PORTADA-600x400.jpg","featured_image_src_square":"https:\/\/www.uartes.edu.ec\/sitio\/wp-content\/uploads\/2022\/11\/EL-SIGLO-01-PORTADA-600x600.jpg","author_info":{"display_name":"ccortez","author_link":"https:\/\/www.uartes.edu.ec\/sitio\/en\/blog\/author\/ccortez\/"},"publishpress_future_workflow_manual_trigger":{"enabledWorkflows":[]},"distributor_meta":false,"distributor_terms":false,"distributor_media":false,"distributor_original_site_name":"Universidad de las Artes","distributor_original_site_url":"https:\/\/www.uartes.edu.ec\/sitio\/en","push-errors":false,"_links":{"self":[{"href":"https:\/\/www.uartes.edu.ec\/sitio\/en\/wp-json\/wp\/v2\/posts\/31580","targetHints":{"allow":["GET"]}}],"collection":[{"href":"https:\/\/www.uartes.edu.ec\/sitio\/en\/wp-json\/wp\/v2\/posts"}],"about":[{"href":"https:\/\/www.uartes.edu.ec\/sitio\/en\/wp-json\/wp\/v2\/types\/post"}],"author":[{"embeddable":true,"href":"https:\/\/www.uartes.edu.ec\/sitio\/en\/wp-json\/wp\/v2\/users\/10"}],"replies":[{"embeddable":true,"href":"https:\/\/www.uartes.edu.ec\/sitio\/en\/wp-json\/wp\/v2\/comments?post=31580"}],"version-history":[{"count":11,"href":"https:\/\/www.uartes.edu.ec\/sitio\/en\/wp-json\/wp\/v2\/posts\/31580\/revisions"}],"predecessor-version":[{"id":31623,"href":"https:\/\/www.uartes.edu.ec\/sitio\/en\/wp-json\/wp\/v2\/posts\/31580\/revisions\/31623"}],"wp:featuredmedia":[{"embeddable":true,"href":"https:\/\/www.uartes.edu.ec\/sitio\/en\/wp-json\/wp\/v2\/media\/31581"}],"wp:attachment":[{"href":"https:\/\/www.uartes.edu.ec\/sitio\/en\/wp-json\/wp\/v2\/media?parent=31580"}],"wp:term":[{"taxonomy":"category","embeddable":true,"href":"https:\/\/www.uartes.edu.ec\/sitio\/en\/wp-json\/wp\/v2\/categories?post=31580"},{"taxonomy":"post_tag","embeddable":true,"href":"https:\/\/www.uartes.edu.ec\/sitio\/en\/wp-json\/wp\/v2\/tags?post=31580"},{"taxonomy":"infouartes","embeddable":true,"href":"https:\/\/www.uartes.edu.ec\/sitio\/en\/wp-json\/wp\/v2\/infouartes?post=31580"}],"curies":[{"name":"wp","href":"https:\/\/api.w.org\/{rel}","templated":true}]}}