{"id":32675,"date":"2022-11-23T19:12:42","date_gmt":"2022-11-24T00:12:42","guid":{"rendered":"http:\/\/www.uartes.edu.ec\/sitio\/?p=32675"},"modified":"2024-07-04T11:22:31","modified_gmt":"2024-07-04T16:22:31","slug":"omar-dominguez-presento-los-cambios-y-novedadesde-la-revista-sonocordia-publicacion-digital-de-la-eas","status":"publish","type":"post","link":"https:\/\/www.uartes.edu.ec\/sitio\/en\/blog\/2022\/11\/23\/omar-dominguez-presento-los-cambios-y-novedadesde-la-revista-sonocordia-publicacion-digital-de-la-eas\/","title":{"rendered":"Docente Omar Dom\u00ednguez present\u00f3 los cambios y nuevas publicaciones de Sonocordia, revista digital de la EAS"},"content":{"rendered":"<p>La <em>Revista Sonocordia<\/em> tiene nuevo volumen y n\u00famero y presenta cambios en su sitio web, el cual cuenta tambi\u00e9n con nuevos espacios. Las novedades de la publicaci\u00f3n digital de la Escuela de Artes Sonoras de la Universidad de las Artes las dio a conocer Omar Dom\u00ednguez, pianista, compositor, arreglista, director, productor musical y docente UArtes.<\/p>\n\n\n\n<p>La presentaci\u00f3n tuvo lugar este 21 de noviembre, en la Plaza P\u00fablica del MZ14 Centro de Producci\u00f3n e Innovaci\u00f3n, en el marco de la tercera edici\u00f3n de Universos Sonoros, \u201cHemisferios en trance\u201d. Dom\u00ednguez inici\u00f3 mencionando lo que es <em>Sonocordia:<\/em> \u201cuna revista musical, cient\u00edfica y acad\u00e9mica de la EAS, cuyo contenido se rige bajo los est\u00e1ndares de indexaciones internacionales.<\/p>\n\n\n\n<p>Todos los art\u00edculos publicados han sido sometidos a una revisi\u00f3n preliminar por el Consejo Editorial de la revista y luego una a cargo de pares ciegos externos y entre sus ep\u00edgrafes constan art\u00edculos sobre artes sonoras, producci\u00f3n musical, musicolog\u00eda, etnomusicolog\u00eda y musicolog\u00eda popular. \u201cEsta revista les va a servir para sus investigaciones y puedan tener un banco de informaci\u00f3n de producci\u00f3n musical\u201d, refiri\u00f3 Dom\u00ednguez a la comunidad estudiantil.<\/p>\n\n\n\n<p>Anot\u00f3 tambi\u00e9n que la publicaci\u00f3n cuenta con dos secciones adicionales: \u201cPartituras in\u00e9ditas de autores contempor\u00e1neos vigentes\u201d, las cuales han sido revisadas y aprobadas por el Consejo Editorial; y, \u201cFuera de tono\u201d, donde se publican art\u00edculos relacionados con las artes sonoras, mismos que pueden contener diferentes formatos, \u201ccomo entrevistas, rese\u00f1as de libros, rese\u00f1a de discos, rese\u00f1a de documentales, rese\u00f1a de pel\u00edculas, testimonios, entre otros formatos que sirven para buscar referencia para futuras investigaciones\u201d.<\/p>\n\n\n<div class=\"wp-block-image\">\n<figure class=\"aligncenter size-large\"><img fetchpriority=\"high\" decoding=\"async\" width=\"644\" height=\"429\" src=\"http:\/\/www.uartes.edu.ec\/sitio\/wp-content\/uploads\/2022\/11\/US-SONOCORDIA-16-1-644x429.jpg\" alt=\"\" class=\"wp-image-32677\" srcset=\"https:\/\/www.uartes.edu.ec\/sitio\/wp-content\/uploads\/2022\/11\/US-SONOCORDIA-16-1-644x429.jpg 644w, https:\/\/www.uartes.edu.ec\/sitio\/wp-content\/uploads\/2022\/11\/US-SONOCORDIA-16-1-768x511.jpg 768w, https:\/\/www.uartes.edu.ec\/sitio\/wp-content\/uploads\/2022\/11\/US-SONOCORDIA-16-1.jpg 2000w, https:\/\/www.uartes.edu.ec\/sitio\/wp-content\/uploads\/2022\/11\/US-SONOCORDIA-16-1-600x399.jpg 600w, https:\/\/www.uartes.edu.ec\/sitio\/wp-content\/uploads\/2022\/11\/US-SONOCORDIA-16-1-272x182.jpg 272w\" sizes=\"(max-width: 644px) 100vw, 644px\" \/><\/figure>\n<\/div>\n\n\n<p>Dom\u00ednguez mostr\u00f3 las pr\u00f3ximas entregas de la <em>Revista Sonocordia,<\/em> que para diciembre de 2022 ser\u00e1n dos. El volumen 3 n\u00famero 5 (el volumen hace referencia a los a\u00f1os y el n\u00famero a la edici\u00f3n) con la tem\u00e1tica \u201cReflexiones del pasado, presente y futuro de las artes sonoras y la producci\u00f3n musical\u201d, edici\u00f3n que est\u00e1 a cargo del doctor Luis P\u00e9rez-Valero, docente e investigador de la UArtes y cuenta con las publicaciones de Diego Benalc\u00e1zar, Mar\u00eda de los \u00c1ngeles Herrera, Rina Vela y Pablo Gil.<\/p>\n\n\n\n<p>El otro es el volumen 3 n\u00famero 6, dedicado al \u201cCanon y Pedagog\u00eda en m\u00fasica latinoamericana de tradici\u00f3n escrita\u201d, que tendr\u00e1 con la colaboraci\u00f3n como editora invitada de Silvina Luz Mancilla, docente e investigadora de la Universidad de Buenos Aires y la Universidad Nacional de las Artes de Argentina.<\/p>\n\n\n\n<p>Para el 2023 se editar\u00e1n el volumen 4, n\u00famero 7, dedicado al \u201cPasillo ecuatoriano, pensamiento hist\u00f3rico contempor\u00e1neo y an\u00e1lisis cr\u00edtico\u201d y que estar\u00e1 bajo su direcci\u00f3n; y, el volumen 4, n\u00famero 8, sobre \u201cM\u00fasica electroac\u00fastica latinoamericana\u201d, a cargo de la doctora Adina Izarra, docente UArtes.<\/p>\n\n\n\n<p>Coment\u00f3, asimismo, que el sitio web de <em>Sonocordia <\/em>ha sido renovado y que, por pedido del director de la EAS, Andrey Astaiza, no solo permitir\u00e1 revisar los vol\u00famenes de la revista, sino que ser\u00e1 un centro de estudio e investigaci\u00f3n para los estudiantes.<\/p>\n\n\n\n<p>Dicho esto, Omar Dom\u00ednguez propuso ver un audiovisual en el que Mar\u00eda de los \u00c1ngeles Herrera, una de las primeras graduadas de la Maestr\u00eda de Composici\u00f3n Musical y Artes Sonoras de la UArtes, da detalles del art\u00edculo con el que participa en la <em>Revista Sonocordia,<\/em> relacionado con los imaginarios sonoros en la creaci\u00f3n musical, utilizando instrumentos precolombinos y medios digitales y obteniendo como resultado del proceso dos composiciones: \u201cTiempo, agua y polvo\u201d y \u201cUmbral a un sue\u00f1o\u201d.<\/p>","protected":false},"excerpt":{"rendered":"<p>La Revista Sonocordia tiene nuevo volumen y n\u00famero y presenta cambios en su sitio web. Las novedades de la publicaci\u00f3n digital de la Escuela de Artes Sonoras de la Universidad de las Artes las dio a conocer Omar Dom\u00ednguez, pianista, compositor, productor musical y docente UArtes. La presentaci\u00f3n tuvo lugar este 21 de noviembre, en el marco de la tercera edici\u00f3n de Universos Sonoros, \u201cHemisferios en trance\u201d.<\/p>","protected":false},"author":10,"featured_media":32676,"comment_status":"open","ping_status":"open","sticky":false,"template":"","format":"standard","meta":{"_acf_changed":false,"_uag_custom_page_level_css":"","_monsterinsights_skip_tracking":false,"_monsterinsights_sitenote_active":false,"_monsterinsights_sitenote_note":"","_monsterinsights_sitenote_category":0,"cybocfi_hide_featured_image":"","footnotes":""},"categories":[716,150,75,76,284],"tags":[527],"infouartes":[],"class_list":["post-32675","post","type-post","status-publish","format-standard","has-post-thumbnail","hentry","category-1c","category-artes-sonoras","category-docentes","category-estudiantes","category-investigacion","tag-publicacion"],"acf":[],"yoast_head":"<!-- This site is optimized with the Yoast SEO plugin v27.4 - https:\/\/yoast.com\/product\/yoast-seo-wordpress\/ -->\n<title>Universidad de las Artes - Docente Omar Dom\u00ednguez present\u00f3 los cambios y nuevas publicaciones de Sonocordia, revista digital de la EAS<\/title>\n<meta name=\"description\" content=\"Universidad de las Artes - Docente Omar Dom\u00ednguez present\u00f3 los cambios y nuevas publicaciones de Sonocordia, revista digital de la EAS\" \/>\n<meta name=\"robots\" content=\"index, follow, max-snippet:-1, max-image-preview:large, max-video-preview:-1\" \/>\n<link rel=\"canonical\" href=\"https:\/\/www.uartes.edu.ec\/sitio\/en\/blog\/2022\/11\/23\/omar-dominguez-presento-los-cambios-y-novedadesde-la-revista-sonocordia-publicacion-digital-de-la-eas\/\" \/>\n<meta property=\"og:locale\" content=\"en_US\" \/>\n<meta property=\"og:type\" content=\"article\" \/>\n<meta property=\"og:title\" content=\"Universidad de las Artes - Docente Omar Dom\u00ednguez present\u00f3 los cambios y nuevas publicaciones de Sonocordia, revista digital de la EAS\" \/>\n<meta property=\"og:description\" content=\"Universidad de las Artes - Docente Omar Dom\u00ednguez present\u00f3 los cambios y nuevas publicaciones de Sonocordia, revista digital de la EAS\" \/>\n<meta property=\"og:url\" content=\"https:\/\/www.uartes.edu.ec\/sitio\/en\/blog\/2022\/11\/23\/omar-dominguez-presento-los-cambios-y-novedadesde-la-revista-sonocordia-publicacion-digital-de-la-eas\/\" \/>\n<meta property=\"og:site_name\" content=\"Universidad de las Artes\" \/>\n<meta property=\"article:publisher\" content=\"https:\/\/www.facebook.com\/uartesec\" \/>\n<meta property=\"article:published_time\" content=\"2022-11-24T00:12:42+00:00\" \/>\n<meta property=\"article:modified_time\" content=\"2024-07-04T16:22:31+00:00\" \/>\n<meta property=\"og:image\" content=\"https:\/\/www.uartes.edu.ec\/sitio\/wp-content\/uploads\/2022\/11\/US-SONOCORDIA-17-1.jpg\" \/>\n\t<meta property=\"og:image:width\" content=\"2000\" \/>\n\t<meta property=\"og:image:height\" content=\"1333\" \/>\n\t<meta property=\"og:image:type\" content=\"image\/jpeg\" \/>\n<meta name=\"author\" content=\"ccortez\" \/>\n<meta name=\"twitter:card\" content=\"summary_large_image\" \/>\n<meta name=\"twitter:creator\" content=\"@uartesec\" \/>\n<meta name=\"twitter:site\" content=\"@uartesec\" \/>\n<meta name=\"twitter:label1\" content=\"Written by\" \/>\n\t<meta name=\"twitter:data1\" content=\"ccortez\" \/>\n\t<meta name=\"twitter:label2\" content=\"Est. reading time\" \/>\n\t<meta name=\"twitter:data2\" content=\"3 minutes\" \/>\n<script type=\"application\/ld+json\" class=\"yoast-schema-graph\">{\"@context\":\"https:\\\/\\\/schema.org\",\"@graph\":[{\"@type\":\"Article\",\"@id\":\"https:\\\/\\\/www.uartes.edu.ec\\\/sitio\\\/en\\\/blog\\\/2022\\\/11\\\/23\\\/omar-dominguez-presento-los-cambios-y-novedadesde-la-revista-sonocordia-publicacion-digital-de-la-eas\\\/#article\",\"isPartOf\":{\"@id\":\"https:\\\/\\\/www.uartes.edu.ec\\\/sitio\\\/en\\\/blog\\\/2022\\\/11\\\/23\\\/omar-dominguez-presento-los-cambios-y-novedadesde-la-revista-sonocordia-publicacion-digital-de-la-eas\\\/\"},\"author\":{\"name\":\"ccortez\",\"@id\":\"https:\\\/\\\/www.uartes.edu.ec\\\/sitio\\\/en\\\/#\\\/schema\\\/person\\\/efa1b8275797664fd7f13a79ccc0b1f4\"},\"headline\":\"Docente Omar Dom\u00ednguez present\u00f3 los cambios y nuevas publicaciones de Sonocordia, revista digital de la EAS\",\"datePublished\":\"2022-11-24T00:12:42+00:00\",\"dateModified\":\"2024-07-04T16:22:31+00:00\",\"mainEntityOfPage\":{\"@id\":\"https:\\\/\\\/www.uartes.edu.ec\\\/sitio\\\/en\\\/blog\\\/2022\\\/11\\\/23\\\/omar-dominguez-presento-los-cambios-y-novedadesde-la-revista-sonocordia-publicacion-digital-de-la-eas\\\/\"},\"wordCount\":628,\"commentCount\":0,\"publisher\":{\"@id\":\"https:\\\/\\\/www.uartes.edu.ec\\\/sitio\\\/en\\\/#organization\"},\"image\":{\"@id\":\"https:\\\/\\\/www.uartes.edu.ec\\\/sitio\\\/en\\\/blog\\\/2022\\\/11\\\/23\\\/omar-dominguez-presento-los-cambios-y-novedadesde-la-revista-sonocordia-publicacion-digital-de-la-eas\\\/#primaryimage\"},\"thumbnailUrl\":\"https:\\\/\\\/www.uartes.edu.ec\\\/sitio\\\/wp-content\\\/uploads\\\/2022\\\/11\\\/US-SONOCORDIA-17-1.jpg\",\"keywords\":[\"publicaci\u00f3n\"],\"articleSection\":[\"1C\",\"Artes Sonoras\",\"Docentes\",\"Estudiantes\",\"Investigaci\u00f3n\"],\"inLanguage\":\"en-US\",\"potentialAction\":[{\"@type\":\"CommentAction\",\"name\":\"Comment\",\"target\":[\"https:\\\/\\\/www.uartes.edu.ec\\\/sitio\\\/en\\\/blog\\\/2022\\\/11\\\/23\\\/omar-dominguez-presento-los-cambios-y-novedadesde-la-revista-sonocordia-publicacion-digital-de-la-eas\\\/#respond\"]}]},{\"@type\":[\"WebPage\",\"ItemPage\"],\"@id\":\"https:\\\/\\\/www.uartes.edu.ec\\\/sitio\\\/en\\\/blog\\\/2022\\\/11\\\/23\\\/omar-dominguez-presento-los-cambios-y-novedadesde-la-revista-sonocordia-publicacion-digital-de-la-eas\\\/\",\"url\":\"https:\\\/\\\/www.uartes.edu.ec\\\/sitio\\\/en\\\/blog\\\/2022\\\/11\\\/23\\\/omar-dominguez-presento-los-cambios-y-novedadesde-la-revista-sonocordia-publicacion-digital-de-la-eas\\\/\",\"name\":\"Universidad de las Artes - Docente Omar Dom\u00ednguez present\u00f3 los cambios y nuevas publicaciones de Sonocordia, revista digital de la EAS\",\"isPartOf\":{\"@id\":\"https:\\\/\\\/www.uartes.edu.ec\\\/sitio\\\/en\\\/#website\"},\"primaryImageOfPage\":{\"@id\":\"https:\\\/\\\/www.uartes.edu.ec\\\/sitio\\\/en\\\/blog\\\/2022\\\/11\\\/23\\\/omar-dominguez-presento-los-cambios-y-novedadesde-la-revista-sonocordia-publicacion-digital-de-la-eas\\\/#primaryimage\"},\"image\":{\"@id\":\"https:\\\/\\\/www.uartes.edu.ec\\\/sitio\\\/en\\\/blog\\\/2022\\\/11\\\/23\\\/omar-dominguez-presento-los-cambios-y-novedadesde-la-revista-sonocordia-publicacion-digital-de-la-eas\\\/#primaryimage\"},\"thumbnailUrl\":\"https:\\\/\\\/www.uartes.edu.ec\\\/sitio\\\/wp-content\\\/uploads\\\/2022\\\/11\\\/US-SONOCORDIA-17-1.jpg\",\"datePublished\":\"2022-11-24T00:12:42+00:00\",\"dateModified\":\"2024-07-04T16:22:31+00:00\",\"description\":\"Universidad de las Artes - Docente Omar Dom\u00ednguez present\u00f3 los cambios y nuevas publicaciones de Sonocordia, revista digital de la EAS\",\"breadcrumb\":{\"@id\":\"https:\\\/\\\/www.uartes.edu.ec\\\/sitio\\\/en\\\/blog\\\/2022\\\/11\\\/23\\\/omar-dominguez-presento-los-cambios-y-novedadesde-la-revista-sonocordia-publicacion-digital-de-la-eas\\\/#breadcrumb\"},\"inLanguage\":\"en-US\",\"potentialAction\":[{\"@type\":\"ReadAction\",\"target\":[\"https:\\\/\\\/www.uartes.edu.ec\\\/sitio\\\/en\\\/blog\\\/2022\\\/11\\\/23\\\/omar-dominguez-presento-los-cambios-y-novedadesde-la-revista-sonocordia-publicacion-digital-de-la-eas\\\/\"]}]},{\"@type\":\"ImageObject\",\"inLanguage\":\"en-US\",\"@id\":\"https:\\\/\\\/www.uartes.edu.ec\\\/sitio\\\/en\\\/blog\\\/2022\\\/11\\\/23\\\/omar-dominguez-presento-los-cambios-y-novedadesde-la-revista-sonocordia-publicacion-digital-de-la-eas\\\/#primaryimage\",\"url\":\"https:\\\/\\\/www.uartes.edu.ec\\\/sitio\\\/wp-content\\\/uploads\\\/2022\\\/11\\\/US-SONOCORDIA-17-1.jpg\",\"contentUrl\":\"https:\\\/\\\/www.uartes.edu.ec\\\/sitio\\\/wp-content\\\/uploads\\\/2022\\\/11\\\/US-SONOCORDIA-17-1.jpg\",\"width\":2000,\"height\":1333},{\"@type\":\"BreadcrumbList\",\"@id\":\"https:\\\/\\\/www.uartes.edu.ec\\\/sitio\\\/en\\\/blog\\\/2022\\\/11\\\/23\\\/omar-dominguez-presento-los-cambios-y-novedadesde-la-revista-sonocordia-publicacion-digital-de-la-eas\\\/#breadcrumb\",\"itemListElement\":[{\"@type\":\"ListItem\",\"position\":1,\"name\":\"Inicio\",\"item\":\"https:\\\/\\\/www.uartes.edu.ec\\\/sitio\\\/\"},{\"@type\":\"ListItem\",\"position\":2,\"name\":\"Docente Omar Dom\u00ednguez present\u00f3 los cambios y nuevas publicaciones de Sonocordia, revista digital de la EAS\"}]},{\"@type\":\"WebSite\",\"@id\":\"https:\\\/\\\/www.uartes.edu.ec\\\/sitio\\\/en\\\/#website\",\"url\":\"https:\\\/\\\/www.uartes.edu.ec\\\/sitio\\\/en\\\/\",\"name\":\"Universidad de las Artes\",\"description\":\"Sitio oficial de la Universidad Nacional de las Artes del Ecuador\",\"publisher\":{\"@id\":\"https:\\\/\\\/www.uartes.edu.ec\\\/sitio\\\/en\\\/#organization\"},\"potentialAction\":[{\"@type\":\"SearchAction\",\"target\":{\"@type\":\"EntryPoint\",\"urlTemplate\":\"https:\\\/\\\/www.uartes.edu.ec\\\/sitio\\\/en\\\/?s={search_term_string}\"},\"query-input\":{\"@type\":\"PropertyValueSpecification\",\"valueRequired\":true,\"valueName\":\"search_term_string\"}}],\"inLanguage\":\"en-US\"},{\"@type\":\"Organization\",\"@id\":\"https:\\\/\\\/www.uartes.edu.ec\\\/sitio\\\/en\\\/#organization\",\"name\":\"Universidad de las Artes\",\"url\":\"https:\\\/\\\/www.uartes.edu.ec\\\/sitio\\\/en\\\/\",\"logo\":{\"@type\":\"ImageObject\",\"inLanguage\":\"en-US\",\"@id\":\"https:\\\/\\\/www.uartes.edu.ec\\\/sitio\\\/en\\\/#\\\/schema\\\/logo\\\/image\\\/\",\"url\":\"https:\\\/\\\/www.uartes.edu.ec\\\/sitio\\\/wp-content\\\/uploads\\\/2022\\\/07\\\/logo-ua-horizontal.png\",\"contentUrl\":\"https:\\\/\\\/www.uartes.edu.ec\\\/sitio\\\/wp-content\\\/uploads\\\/2022\\\/07\\\/logo-ua-horizontal.png\",\"width\":800,\"height\":276,\"caption\":\"Universidad de las Artes\"},\"image\":{\"@id\":\"https:\\\/\\\/www.uartes.edu.ec\\\/sitio\\\/en\\\/#\\\/schema\\\/logo\\\/image\\\/\"},\"sameAs\":[\"https:\\\/\\\/www.facebook.com\\\/uartesec\",\"https:\\\/\\\/x.com\\\/uartesec\",\"https:\\\/\\\/www.tiktok.com\\\/@uartesec\"]},{\"@type\":\"Person\",\"@id\":\"https:\\\/\\\/www.uartes.edu.ec\\\/sitio\\\/en\\\/#\\\/schema\\\/person\\\/efa1b8275797664fd7f13a79ccc0b1f4\",\"name\":\"ccortez\",\"image\":{\"@type\":\"ImageObject\",\"inLanguage\":\"en-US\",\"@id\":\"https:\\\/\\\/secure.gravatar.com\\\/avatar\\\/b2a6f664a3ae8e074346ef91775736c5ec479e637ecced6842de9dc98b5da9cd?s=96&d=mm&r=g\",\"url\":\"https:\\\/\\\/secure.gravatar.com\\\/avatar\\\/b2a6f664a3ae8e074346ef91775736c5ec479e637ecced6842de9dc98b5da9cd?s=96&d=mm&r=g\",\"contentUrl\":\"https:\\\/\\\/secure.gravatar.com\\\/avatar\\\/b2a6f664a3ae8e074346ef91775736c5ec479e637ecced6842de9dc98b5da9cd?s=96&d=mm&r=g\",\"caption\":\"ccortez\"},\"url\":\"https:\\\/\\\/www.uartes.edu.ec\\\/sitio\\\/en\\\/blog\\\/author\\\/ccortez\\\/\"}]}<\/script>\n<!-- \/ Yoast SEO plugin. -->","yoast_head_json":{"title":"Universidad de las Artes - Docente Omar Dom\u00ednguez present\u00f3 los cambios y nuevas publicaciones de Sonocordia, revista digital de la EAS","description":"Universidad de las Artes - Docente Omar Dom\u00ednguez present\u00f3 los cambios y nuevas publicaciones de Sonocordia, revista digital de la EAS","robots":{"index":"index","follow":"follow","max-snippet":"max-snippet:-1","max-image-preview":"max-image-preview:large","max-video-preview":"max-video-preview:-1"},"canonical":"https:\/\/www.uartes.edu.ec\/sitio\/en\/blog\/2022\/11\/23\/omar-dominguez-presento-los-cambios-y-novedadesde-la-revista-sonocordia-publicacion-digital-de-la-eas\/","og_locale":"en_US","og_type":"article","og_title":"Universidad de las Artes - Docente Omar Dom\u00ednguez present\u00f3 los cambios y nuevas publicaciones de Sonocordia, revista digital de la EAS","og_description":"Universidad de las Artes - Docente Omar Dom\u00ednguez present\u00f3 los cambios y nuevas publicaciones de Sonocordia, revista digital de la EAS","og_url":"https:\/\/www.uartes.edu.ec\/sitio\/en\/blog\/2022\/11\/23\/omar-dominguez-presento-los-cambios-y-novedadesde-la-revista-sonocordia-publicacion-digital-de-la-eas\/","og_site_name":"Universidad de las Artes","article_publisher":"https:\/\/www.facebook.com\/uartesec","article_published_time":"2022-11-24T00:12:42+00:00","article_modified_time":"2024-07-04T16:22:31+00:00","og_image":[{"width":2000,"height":1333,"url":"https:\/\/www.uartes.edu.ec\/sitio\/wp-content\/uploads\/2022\/11\/US-SONOCORDIA-17-1.jpg","type":"image\/jpeg"}],"author":"ccortez","twitter_card":"summary_large_image","twitter_creator":"@uartesec","twitter_site":"@uartesec","twitter_misc":{"Written by":"ccortez","Est. reading time":"3 minutes"},"schema":{"@context":"https:\/\/schema.org","@graph":[{"@type":"Article","@id":"https:\/\/www.uartes.edu.ec\/sitio\/en\/blog\/2022\/11\/23\/omar-dominguez-presento-los-cambios-y-novedadesde-la-revista-sonocordia-publicacion-digital-de-la-eas\/#article","isPartOf":{"@id":"https:\/\/www.uartes.edu.ec\/sitio\/en\/blog\/2022\/11\/23\/omar-dominguez-presento-los-cambios-y-novedadesde-la-revista-sonocordia-publicacion-digital-de-la-eas\/"},"author":{"name":"ccortez","@id":"https:\/\/www.uartes.edu.ec\/sitio\/en\/#\/schema\/person\/efa1b8275797664fd7f13a79ccc0b1f4"},"headline":"Docente Omar Dom\u00ednguez present\u00f3 los cambios y nuevas publicaciones de Sonocordia, revista digital de la EAS","datePublished":"2022-11-24T00:12:42+00:00","dateModified":"2024-07-04T16:22:31+00:00","mainEntityOfPage":{"@id":"https:\/\/www.uartes.edu.ec\/sitio\/en\/blog\/2022\/11\/23\/omar-dominguez-presento-los-cambios-y-novedadesde-la-revista-sonocordia-publicacion-digital-de-la-eas\/"},"wordCount":628,"commentCount":0,"publisher":{"@id":"https:\/\/www.uartes.edu.ec\/sitio\/en\/#organization"},"image":{"@id":"https:\/\/www.uartes.edu.ec\/sitio\/en\/blog\/2022\/11\/23\/omar-dominguez-presento-los-cambios-y-novedadesde-la-revista-sonocordia-publicacion-digital-de-la-eas\/#primaryimage"},"thumbnailUrl":"https:\/\/www.uartes.edu.ec\/sitio\/wp-content\/uploads\/2022\/11\/US-SONOCORDIA-17-1.jpg","keywords":["publicaci\u00f3n"],"articleSection":["1C","Artes Sonoras","Docentes","Estudiantes","Investigaci\u00f3n"],"inLanguage":"en-US","potentialAction":[{"@type":"CommentAction","name":"Comment","target":["https:\/\/www.uartes.edu.ec\/sitio\/en\/blog\/2022\/11\/23\/omar-dominguez-presento-los-cambios-y-novedadesde-la-revista-sonocordia-publicacion-digital-de-la-eas\/#respond"]}]},{"@type":["WebPage","ItemPage"],"@id":"https:\/\/www.uartes.edu.ec\/sitio\/en\/blog\/2022\/11\/23\/omar-dominguez-presento-los-cambios-y-novedadesde-la-revista-sonocordia-publicacion-digital-de-la-eas\/","url":"https:\/\/www.uartes.edu.ec\/sitio\/en\/blog\/2022\/11\/23\/omar-dominguez-presento-los-cambios-y-novedadesde-la-revista-sonocordia-publicacion-digital-de-la-eas\/","name":"Universidad de las Artes - Docente Omar Dom\u00ednguez present\u00f3 los cambios y nuevas publicaciones de Sonocordia, revista digital de la EAS","isPartOf":{"@id":"https:\/\/www.uartes.edu.ec\/sitio\/en\/#website"},"primaryImageOfPage":{"@id":"https:\/\/www.uartes.edu.ec\/sitio\/en\/blog\/2022\/11\/23\/omar-dominguez-presento-los-cambios-y-novedadesde-la-revista-sonocordia-publicacion-digital-de-la-eas\/#primaryimage"},"image":{"@id":"https:\/\/www.uartes.edu.ec\/sitio\/en\/blog\/2022\/11\/23\/omar-dominguez-presento-los-cambios-y-novedadesde-la-revista-sonocordia-publicacion-digital-de-la-eas\/#primaryimage"},"thumbnailUrl":"https:\/\/www.uartes.edu.ec\/sitio\/wp-content\/uploads\/2022\/11\/US-SONOCORDIA-17-1.jpg","datePublished":"2022-11-24T00:12:42+00:00","dateModified":"2024-07-04T16:22:31+00:00","description":"Universidad de las Artes - Docente Omar Dom\u00ednguez present\u00f3 los cambios y nuevas publicaciones de Sonocordia, revista digital de la EAS","breadcrumb":{"@id":"https:\/\/www.uartes.edu.ec\/sitio\/en\/blog\/2022\/11\/23\/omar-dominguez-presento-los-cambios-y-novedadesde-la-revista-sonocordia-publicacion-digital-de-la-eas\/#breadcrumb"},"inLanguage":"en-US","potentialAction":[{"@type":"ReadAction","target":["https:\/\/www.uartes.edu.ec\/sitio\/en\/blog\/2022\/11\/23\/omar-dominguez-presento-los-cambios-y-novedadesde-la-revista-sonocordia-publicacion-digital-de-la-eas\/"]}]},{"@type":"ImageObject","inLanguage":"en-US","@id":"https:\/\/www.uartes.edu.ec\/sitio\/en\/blog\/2022\/11\/23\/omar-dominguez-presento-los-cambios-y-novedadesde-la-revista-sonocordia-publicacion-digital-de-la-eas\/#primaryimage","url":"https:\/\/www.uartes.edu.ec\/sitio\/wp-content\/uploads\/2022\/11\/US-SONOCORDIA-17-1.jpg","contentUrl":"https:\/\/www.uartes.edu.ec\/sitio\/wp-content\/uploads\/2022\/11\/US-SONOCORDIA-17-1.jpg","width":2000,"height":1333},{"@type":"BreadcrumbList","@id":"https:\/\/www.uartes.edu.ec\/sitio\/en\/blog\/2022\/11\/23\/omar-dominguez-presento-los-cambios-y-novedadesde-la-revista-sonocordia-publicacion-digital-de-la-eas\/#breadcrumb","itemListElement":[{"@type":"ListItem","position":1,"name":"Inicio","item":"https:\/\/www.uartes.edu.ec\/sitio\/"},{"@type":"ListItem","position":2,"name":"Docente Omar Dom\u00ednguez present\u00f3 los cambios y nuevas publicaciones de Sonocordia, revista digital de la EAS"}]},{"@type":"WebSite","@id":"https:\/\/www.uartes.edu.ec\/sitio\/en\/#website","url":"https:\/\/www.uartes.edu.ec\/sitio\/en\/","name":"Universidad de las Artes","description":"Sitio oficial de la Universidad Nacional de las Artes del Ecuador","publisher":{"@id":"https:\/\/www.uartes.edu.ec\/sitio\/en\/#organization"},"potentialAction":[{"@type":"SearchAction","target":{"@type":"EntryPoint","urlTemplate":"https:\/\/www.uartes.edu.ec\/sitio\/en\/?s={search_term_string}"},"query-input":{"@type":"PropertyValueSpecification","valueRequired":true,"valueName":"search_term_string"}}],"inLanguage":"en-US"},{"@type":"Organization","@id":"https:\/\/www.uartes.edu.ec\/sitio\/en\/#organization","name":"Universidad de las Artes","url":"https:\/\/www.uartes.edu.ec\/sitio\/en\/","logo":{"@type":"ImageObject","inLanguage":"en-US","@id":"https:\/\/www.uartes.edu.ec\/sitio\/en\/#\/schema\/logo\/image\/","url":"https:\/\/www.uartes.edu.ec\/sitio\/wp-content\/uploads\/2022\/07\/logo-ua-horizontal.png","contentUrl":"https:\/\/www.uartes.edu.ec\/sitio\/wp-content\/uploads\/2022\/07\/logo-ua-horizontal.png","width":800,"height":276,"caption":"Universidad de las Artes"},"image":{"@id":"https:\/\/www.uartes.edu.ec\/sitio\/en\/#\/schema\/logo\/image\/"},"sameAs":["https:\/\/www.facebook.com\/uartesec","https:\/\/x.com\/uartesec","https:\/\/www.tiktok.com\/@uartesec"]},{"@type":"Person","@id":"https:\/\/www.uartes.edu.ec\/sitio\/en\/#\/schema\/person\/efa1b8275797664fd7f13a79ccc0b1f4","name":"ccortez","image":{"@type":"ImageObject","inLanguage":"en-US","@id":"https:\/\/secure.gravatar.com\/avatar\/b2a6f664a3ae8e074346ef91775736c5ec479e637ecced6842de9dc98b5da9cd?s=96&d=mm&r=g","url":"https:\/\/secure.gravatar.com\/avatar\/b2a6f664a3ae8e074346ef91775736c5ec479e637ecced6842de9dc98b5da9cd?s=96&d=mm&r=g","contentUrl":"https:\/\/secure.gravatar.com\/avatar\/b2a6f664a3ae8e074346ef91775736c5ec479e637ecced6842de9dc98b5da9cd?s=96&d=mm&r=g","caption":"ccortez"},"url":"https:\/\/www.uartes.edu.ec\/sitio\/en\/blog\/author\/ccortez\/"}]}},"uagb_featured_image_src":{"full":["https:\/\/www.uartes.edu.ec\/sitio\/wp-content\/uploads\/2022\/11\/US-SONOCORDIA-17-1.jpg",2000,1333,false],"thumbnail":["https:\/\/www.uartes.edu.ec\/sitio\/wp-content\/uploads\/2022\/11\/US-SONOCORDIA-17-1-150x150.jpg",150,150,true],"medium":["https:\/\/www.uartes.edu.ec\/sitio\/wp-content\/uploads\/2022\/11\/US-SONOCORDIA-17-1-300x200.jpg",300,200,true],"medium_large":["https:\/\/www.uartes.edu.ec\/sitio\/wp-content\/uploads\/2022\/11\/US-SONOCORDIA-17-1-768x512.jpg",768,512,true],"large":["https:\/\/www.uartes.edu.ec\/sitio\/wp-content\/uploads\/2022\/11\/US-SONOCORDIA-17-1-644x429.jpg",644,429,true],"1536x1536":["https:\/\/www.uartes.edu.ec\/sitio\/wp-content\/uploads\/2022\/11\/US-SONOCORDIA-17-1-1536x1024.jpg",1536,1024,true],"2048x2048":["https:\/\/www.uartes.edu.ec\/sitio\/wp-content\/uploads\/2022\/11\/US-SONOCORDIA-17-1.jpg",2000,1333,false],"trp-custom-language-flag":["https:\/\/www.uartes.edu.ec\/sitio\/wp-content\/uploads\/2022\/11\/US-SONOCORDIA-17-1.jpg",18,12,false],"htmega_size_585x295":["https:\/\/www.uartes.edu.ec\/sitio\/wp-content\/uploads\/2022\/11\/US-SONOCORDIA-17-1.jpg",443,295,false],"htmega_size_1170x536":["https:\/\/www.uartes.edu.ec\/sitio\/wp-content\/uploads\/2022\/11\/US-SONOCORDIA-17-1.jpg",804,536,false],"htmega_size_396x360":["https:\/\/www.uartes.edu.ec\/sitio\/wp-content\/uploads\/2022\/11\/US-SONOCORDIA-17-1.jpg",396,264,false],"gb-block-post-grid-landscape":["https:\/\/www.uartes.edu.ec\/sitio\/wp-content\/uploads\/2022\/11\/US-SONOCORDIA-17-1-600x400.jpg",600,400,true],"gb-block-post-grid-square":["https:\/\/www.uartes.edu.ec\/sitio\/wp-content\/uploads\/2022\/11\/US-SONOCORDIA-17-1-600x600.jpg",600,600,true],"university-hub-thumb":["https:\/\/www.uartes.edu.ec\/sitio\/wp-content\/uploads\/2022\/11\/US-SONOCORDIA-17-1-400x267.jpg",400,267,true],"mailpoet_newsletter_max":["https:\/\/www.uartes.edu.ec\/sitio\/wp-content\/uploads\/2022\/11\/US-SONOCORDIA-17-1.jpg",1320,880,false]},"uagb_author_info":{"display_name":"ccortez","author_link":"https:\/\/www.uartes.edu.ec\/sitio\/en\/blog\/author\/ccortez\/"},"uagb_comment_info":0,"uagb_excerpt":"La Revista Sonocordia tiene nuevo volumen y n\u00famero y presenta cambios en su sitio web. Las novedades de la publicaci\u00f3n digital de la Escuela de Artes Sonoras de la Universidad de las Artes las dio a conocer Omar Dom\u00ednguez, pianista, compositor, productor musical y docente UArtes. La presentaci\u00f3n tuvo lugar este 21 de noviembre, en&hellip;","featured_image_src":"https:\/\/www.uartes.edu.ec\/sitio\/wp-content\/uploads\/2022\/11\/US-SONOCORDIA-17-1-600x400.jpg","featured_image_src_square":"https:\/\/www.uartes.edu.ec\/sitio\/wp-content\/uploads\/2022\/11\/US-SONOCORDIA-17-1-600x600.jpg","author_info":{"display_name":"ccortez","author_link":"https:\/\/www.uartes.edu.ec\/sitio\/en\/blog\/author\/ccortez\/"},"publishpress_future_workflow_manual_trigger":{"enabledWorkflows":[]},"distributor_meta":false,"distributor_terms":false,"distributor_media":false,"distributor_original_site_name":"Universidad de las Artes","distributor_original_site_url":"https:\/\/www.uartes.edu.ec\/sitio\/en","push-errors":false,"_links":{"self":[{"href":"https:\/\/www.uartes.edu.ec\/sitio\/en\/wp-json\/wp\/v2\/posts\/32675","targetHints":{"allow":["GET"]}}],"collection":[{"href":"https:\/\/www.uartes.edu.ec\/sitio\/en\/wp-json\/wp\/v2\/posts"}],"about":[{"href":"https:\/\/www.uartes.edu.ec\/sitio\/en\/wp-json\/wp\/v2\/types\/post"}],"author":[{"embeddable":true,"href":"https:\/\/www.uartes.edu.ec\/sitio\/en\/wp-json\/wp\/v2\/users\/10"}],"replies":[{"embeddable":true,"href":"https:\/\/www.uartes.edu.ec\/sitio\/en\/wp-json\/wp\/v2\/comments?post=32675"}],"version-history":[{"count":2,"href":"https:\/\/www.uartes.edu.ec\/sitio\/en\/wp-json\/wp\/v2\/posts\/32675\/revisions"}],"predecessor-version":[{"id":32681,"href":"https:\/\/www.uartes.edu.ec\/sitio\/en\/wp-json\/wp\/v2\/posts\/32675\/revisions\/32681"}],"wp:featuredmedia":[{"embeddable":true,"href":"https:\/\/www.uartes.edu.ec\/sitio\/en\/wp-json\/wp\/v2\/media\/32676"}],"wp:attachment":[{"href":"https:\/\/www.uartes.edu.ec\/sitio\/en\/wp-json\/wp\/v2\/media?parent=32675"}],"wp:term":[{"taxonomy":"category","embeddable":true,"href":"https:\/\/www.uartes.edu.ec\/sitio\/en\/wp-json\/wp\/v2\/categories?post=32675"},{"taxonomy":"post_tag","embeddable":true,"href":"https:\/\/www.uartes.edu.ec\/sitio\/en\/wp-json\/wp\/v2\/tags?post=32675"},{"taxonomy":"infouartes","embeddable":true,"href":"https:\/\/www.uartes.edu.ec\/sitio\/en\/wp-json\/wp\/v2\/infouartes?post=32675"}],"curies":[{"name":"wp","href":"https:\/\/api.w.org\/{rel}","templated":true}]}}