{"id":3315,"date":"2019-04-24T08:33:40","date_gmt":"2019-04-24T13:33:40","guid":{"rendered":"http:\/\/www.uartes.edu.ec\/sitio\/?p=3315"},"modified":"2024-07-04T11:51:12","modified_gmt":"2024-07-04T16:51:12","slug":"estudiantes-de-artes-visuales-a-un-paso-de-la-licenciatura","status":"publish","type":"post","link":"https:\/\/www.uartes.edu.ec\/sitio\/en\/blog\/2019\/04\/24\/estudiantes-de-artes-visuales-a-un-paso-de-la-licenciatura\/","title":{"rendered":"Estudiantes de Artes Visuales, a un paso de la licenciatura"},"content":{"rendered":"<p>\u201cAnatom\u00eda de un\nsimplejo\u201d, \u201cLe dieron vida al Sol\u201d, \u201cUn hoyo en la tierra\u201d y \u201cLa m\u00e1quina de la\nonomatopeya\u201d. As\u00ed se denominan los proyectos de titulaci\u00f3n que presentaron\nZoila Arroyo, Jorge O\u00f1a, Irina Garc\u00eda y Joshua Jurado, respectivamente. Ellos son\nestudiantes de la Escuela de Artes Visuales y est\u00e1n a un paso de obtener el\nt\u00edtulo de licenciados, otorgado por la Universidad de las Artes. <\/p>\n\n\n\n<p>En el d\u00eda de la\ndefensa final de su tesis, Zoila Arroyo, quien para la fecha ya hab\u00eda realizado\nla exposici\u00f3n de la \u201cAnatom\u00eda de un simplejo\u201d, explic\u00f3 que su investigaci\u00f3n gir\u00f3\nen torno a la fusi\u00f3n de ciertas partes de su cuerpo bajo una proyecci\u00f3n situada\nen la cuarta dimensi\u00f3n. <\/p>\n\n\n\n<p>\u201cA eso se le llama simplejo,\ndel cual me apropio para crear varios de ciertas partes sensoriales de mi\ncuerpo\u201d. La suya es una propuesta de retrato autobiogr\u00e1fico, en el cual el simplejo\nes tomado como una coraza de protecci\u00f3n anat\u00f3mica. \u201cAll\u00ed creo escenarios\non\u00edricos y semirreales, abstractos de recuerdos y lugares donde el cuerpo dej\u00f3\nuna huella\u201d.<\/p>\n\n\n\n<p>Zoila Arroyo, quien\ntiene 25 a\u00f1os, revel\u00f3 que desde peque\u00f1a le gust\u00f3 dibujar y pintar, y que el\ninter\u00e9s por el cuerpo siempre estuvo ah\u00ed. \u201cExperimentar nuevas maneras de\nrepresentarlo, y que no sea com\u00fan, es lo que me llev\u00f3 a la muestra\u201d. Esta, a\u00f1adi\u00f3,\nmarc\u00f3 un comienzo para su carrera. <\/p>\n\n\n\n<p>Jorge O\u00f1a, por su\nparte, se\u00f1al\u00f3 que con \u201cLe dieron vida al Sol\u201d indag\u00f3 acerca del t\u00f3pico de la sombra,\n\u201cconjugado con una serie de intereses sobre la imagen digital y eventos\nautobiogr\u00e1ficos, revisados desde una visualidad que se aproxima a la gr\u00e1fica\ncontempor\u00e1nea popular m\u00e1s cercana al entretenimiento digital\u201d.<\/p>\n\n\n\n<p>La idea de la exposici\u00f3n,\nque luego dio paso a la tesis, surgi\u00f3 en alg\u00fan momento de entusiasmo, \u201crevisando\n(primero y a\u00f1os atr\u00e1s) ciertas propiedades de software 3D y tomando forma luego\nen la clase de proyectos\u201d, expres\u00f3 Jorge O\u00f1a y a\u00f1adi\u00f3: \u201cLa ejecuci\u00f3n de los\ndibujos empez\u00f3 con el inicio del a\u00f1o y fueron sometidos a ciertas revisiones a\nra\u00edz de la predefensa (de tesis)\u201d.<\/p>\n\n\n\n<p>Irina Garc\u00eda sustent\u00f3\nsu tesis el mismo d\u00eda que lo hizo Jorge O\u00f1a, el 26 de marzo pasado. La suya fue\nla defensa final del marco te\u00f3rico de la muestra \u201cUn hoyo en la tierra\u201d, ante Guadalupe\n\u00c1lvarez, David Palacios y Armando Busquets, docentes de la Escuela de Artes\nVisuales.<\/p>\n\n\n\n<p>Joshua Jurado present\u00f3\nla defensa te\u00f3rica de su muestra \u201cLa m\u00e1quina de la onomatopeya\u201d el 29 de marzo,\nd\u00eda en que tambi\u00e9n sustent\u00f3 Zoila Arroyo. Disert\u00f3 ante el jurado de tesis\nintegrado por Busquets, Juan Caguana y David Palacios, docentes de Artes\nVisuales. <\/p>\n\n\n\n<p>Para mayo pr\u00f3ximo est\u00e1n\nprogramadas otras sustentaciones de tesis de los estudiantes de Artes Visuales\nque ya han presentado proyectos de titulaci\u00f3n. Entre ellos, Tayron Luna, quien expuso\nla obra \u201cEl Paseante\u201d, el 21 de marzo anterior en el espacio Violenta, ubicado\nen Villavicencio entre Maldonado y G\u00f3mez Rend\u00f3n; Fabio Baja\u00f1a&nbsp;exhibi\u00f3\n\u00abCaminos sin trazar\u00bb; y, Jimmy Lara, \u201cBot\u00e1nica oculta\u201d. <\/p>","protected":false},"excerpt":{"rendered":"<p>\u201cAnatom\u00eda de un simplejo\u201d, \u201cLe dieron vida al Sol\u201d, \u201cUn hoyo en la tierra\u201d y \u201cLa m\u00e1quina de la onomatopeya\u201d. As\u00ed se denominan los proyectos de titulaci\u00f3n que presentaron Zoila Arroyo, Jorge O\u00f1a, Irina Garc\u00eda y Joshua Jurado, respectivamente. Ellos son estudiantes de la Escuela de Artes Visuales y est\u00e1n a un paso de obtener [&hellip;]<\/p>\n","protected":false},"author":1,"featured_media":3316,"comment_status":"closed","ping_status":"closed","sticky":false,"template":"","format":"standard","meta":{"_acf_changed":false,"_uag_custom_page_level_css":"","_monsterinsights_skip_tracking":false,"_monsterinsights_sitenote_active":false,"_monsterinsights_sitenote_note":"","_monsterinsights_sitenote_category":0,"cybocfi_hide_featured_image":"","footnotes":""},"categories":[76],"tags":[],"infouartes":[],"class_list":["post-3315","post","type-post","status-publish","format-standard","has-post-thumbnail","hentry","category-estudiantes"],"acf":[],"yoast_head":"<!-- This site is optimized with the Yoast SEO plugin v27.4 - https:\/\/yoast.com\/product\/yoast-seo-wordpress\/ -->\n<title>Universidad de las Artes - Estudiantes de Artes Visuales, a un paso de la licenciatura<\/title>\n<meta name=\"description\" content=\"Universidad de las Artes - Estudiantes de Artes Visuales, a un paso de la licenciatura\" \/>\n<meta name=\"robots\" content=\"index, follow, max-snippet:-1, max-image-preview:large, max-video-preview:-1\" \/>\n<link rel=\"canonical\" href=\"https:\/\/www.uartes.edu.ec\/sitio\/en\/blog\/2019\/04\/24\/estudiantes-de-artes-visuales-a-un-paso-de-la-licenciatura\/\" \/>\n<meta property=\"og:locale\" content=\"en_US\" \/>\n<meta property=\"og:type\" content=\"article\" \/>\n<meta property=\"og:title\" content=\"Universidad de las Artes - Estudiantes de Artes Visuales, a un paso de la licenciatura\" \/>\n<meta property=\"og:description\" content=\"Universidad de las Artes - Estudiantes de Artes Visuales, a un paso de la licenciatura\" \/>\n<meta property=\"og:url\" content=\"https:\/\/www.uartes.edu.ec\/sitio\/en\/blog\/2019\/04\/24\/estudiantes-de-artes-visuales-a-un-paso-de-la-licenciatura\/\" \/>\n<meta property=\"og:site_name\" content=\"Universidad de las Artes\" \/>\n<meta property=\"article:publisher\" content=\"https:\/\/www.facebook.com\/uartesec\" \/>\n<meta property=\"article:published_time\" content=\"2019-04-24T13:33:40+00:00\" \/>\n<meta property=\"article:modified_time\" content=\"2024-07-04T16:51:12+00:00\" \/>\n<meta property=\"og:image\" content=\"https:\/\/www.uartes.edu.ec\/sitio\/wp-content\/uploads\/2019\/04\/Jorge-On\u0303a.jpg\" \/>\n\t<meta property=\"og:image:width\" content=\"1211\" \/>\n\t<meta property=\"og:image:height\" content=\"807\" \/>\n\t<meta property=\"og:image:type\" content=\"image\/jpeg\" \/>\n<meta name=\"author\" content=\"Universidad de las Artes\" \/>\n<meta name=\"twitter:card\" content=\"summary_large_image\" \/>\n<meta name=\"twitter:creator\" content=\"@uartesec\" \/>\n<meta name=\"twitter:site\" content=\"@uartesec\" \/>\n<meta name=\"twitter:label1\" content=\"Written by\" \/>\n\t<meta name=\"twitter:data1\" content=\"Universidad de las Artes\" \/>\n\t<meta name=\"twitter:label2\" content=\"Est. reading time\" \/>\n\t<meta name=\"twitter:data2\" content=\"3 minutes\" \/>\n<script type=\"application\/ld+json\" class=\"yoast-schema-graph\">{\"@context\":\"https:\\\/\\\/schema.org\",\"@graph\":[{\"@type\":\"Article\",\"@id\":\"https:\\\/\\\/www.uartes.edu.ec\\\/sitio\\\/en\\\/blog\\\/2019\\\/04\\\/24\\\/estudiantes-de-artes-visuales-a-un-paso-de-la-licenciatura\\\/#article\",\"isPartOf\":{\"@id\":\"https:\\\/\\\/www.uartes.edu.ec\\\/sitio\\\/en\\\/blog\\\/2019\\\/04\\\/24\\\/estudiantes-de-artes-visuales-a-un-paso-de-la-licenciatura\\\/\"},\"author\":{\"name\":\"Universidad de las Artes\",\"@id\":\"https:\\\/\\\/www.uartes.edu.ec\\\/sitio\\\/en\\\/#\\\/schema\\\/person\\\/f33f8c1d2af0d5c80a38c8abf458184a\"},\"headline\":\"Estudiantes de Artes Visuales, a un paso de la licenciatura\",\"datePublished\":\"2019-04-24T13:33:40+00:00\",\"dateModified\":\"2024-07-04T16:51:12+00:00\",\"mainEntityOfPage\":{\"@id\":\"https:\\\/\\\/www.uartes.edu.ec\\\/sitio\\\/en\\\/blog\\\/2019\\\/04\\\/24\\\/estudiantes-de-artes-visuales-a-un-paso-de-la-licenciatura\\\/\"},\"wordCount\":557,\"publisher\":{\"@id\":\"https:\\\/\\\/www.uartes.edu.ec\\\/sitio\\\/en\\\/#organization\"},\"image\":{\"@id\":\"https:\\\/\\\/www.uartes.edu.ec\\\/sitio\\\/en\\\/blog\\\/2019\\\/04\\\/24\\\/estudiantes-de-artes-visuales-a-un-paso-de-la-licenciatura\\\/#primaryimage\"},\"thumbnailUrl\":\"https:\\\/\\\/www.uartes.edu.ec\\\/sitio\\\/wp-content\\\/uploads\\\/2019\\\/04\\\/Jorge-On\u0303a.jpg\",\"articleSection\":[\"Estudiantes\"],\"inLanguage\":\"en-US\"},{\"@type\":[\"WebPage\",\"ItemPage\"],\"@id\":\"https:\\\/\\\/www.uartes.edu.ec\\\/sitio\\\/en\\\/blog\\\/2019\\\/04\\\/24\\\/estudiantes-de-artes-visuales-a-un-paso-de-la-licenciatura\\\/\",\"url\":\"https:\\\/\\\/www.uartes.edu.ec\\\/sitio\\\/en\\\/blog\\\/2019\\\/04\\\/24\\\/estudiantes-de-artes-visuales-a-un-paso-de-la-licenciatura\\\/\",\"name\":\"Universidad de las Artes - Estudiantes de Artes Visuales, a un paso de la licenciatura\",\"isPartOf\":{\"@id\":\"https:\\\/\\\/www.uartes.edu.ec\\\/sitio\\\/en\\\/#website\"},\"primaryImageOfPage\":{\"@id\":\"https:\\\/\\\/www.uartes.edu.ec\\\/sitio\\\/en\\\/blog\\\/2019\\\/04\\\/24\\\/estudiantes-de-artes-visuales-a-un-paso-de-la-licenciatura\\\/#primaryimage\"},\"image\":{\"@id\":\"https:\\\/\\\/www.uartes.edu.ec\\\/sitio\\\/en\\\/blog\\\/2019\\\/04\\\/24\\\/estudiantes-de-artes-visuales-a-un-paso-de-la-licenciatura\\\/#primaryimage\"},\"thumbnailUrl\":\"https:\\\/\\\/www.uartes.edu.ec\\\/sitio\\\/wp-content\\\/uploads\\\/2019\\\/04\\\/Jorge-On\u0303a.jpg\",\"datePublished\":\"2019-04-24T13:33:40+00:00\",\"dateModified\":\"2024-07-04T16:51:12+00:00\",\"description\":\"Universidad de las Artes - Estudiantes de Artes Visuales, a un paso de la licenciatura\",\"breadcrumb\":{\"@id\":\"https:\\\/\\\/www.uartes.edu.ec\\\/sitio\\\/en\\\/blog\\\/2019\\\/04\\\/24\\\/estudiantes-de-artes-visuales-a-un-paso-de-la-licenciatura\\\/#breadcrumb\"},\"inLanguage\":\"en-US\",\"potentialAction\":[{\"@type\":\"ReadAction\",\"target\":[\"https:\\\/\\\/www.uartes.edu.ec\\\/sitio\\\/en\\\/blog\\\/2019\\\/04\\\/24\\\/estudiantes-de-artes-visuales-a-un-paso-de-la-licenciatura\\\/\"]}]},{\"@type\":\"ImageObject\",\"inLanguage\":\"en-US\",\"@id\":\"https:\\\/\\\/www.uartes.edu.ec\\\/sitio\\\/en\\\/blog\\\/2019\\\/04\\\/24\\\/estudiantes-de-artes-visuales-a-un-paso-de-la-licenciatura\\\/#primaryimage\",\"url\":\"https:\\\/\\\/www.uartes.edu.ec\\\/sitio\\\/wp-content\\\/uploads\\\/2019\\\/04\\\/Jorge-On\u0303a.jpg\",\"contentUrl\":\"https:\\\/\\\/www.uartes.edu.ec\\\/sitio\\\/wp-content\\\/uploads\\\/2019\\\/04\\\/Jorge-On\u0303a.jpg\",\"width\":1211,\"height\":807},{\"@type\":\"BreadcrumbList\",\"@id\":\"https:\\\/\\\/www.uartes.edu.ec\\\/sitio\\\/en\\\/blog\\\/2019\\\/04\\\/24\\\/estudiantes-de-artes-visuales-a-un-paso-de-la-licenciatura\\\/#breadcrumb\",\"itemListElement\":[{\"@type\":\"ListItem\",\"position\":1,\"name\":\"Inicio\",\"item\":\"https:\\\/\\\/www.uartes.edu.ec\\\/sitio\\\/\"},{\"@type\":\"ListItem\",\"position\":2,\"name\":\"Estudiantes de Artes Visuales, a un paso de la licenciatura\"}]},{\"@type\":\"WebSite\",\"@id\":\"https:\\\/\\\/www.uartes.edu.ec\\\/sitio\\\/en\\\/#website\",\"url\":\"https:\\\/\\\/www.uartes.edu.ec\\\/sitio\\\/en\\\/\",\"name\":\"Universidad de las Artes\",\"description\":\"Sitio oficial de la Universidad Nacional de las Artes del Ecuador\",\"publisher\":{\"@id\":\"https:\\\/\\\/www.uartes.edu.ec\\\/sitio\\\/en\\\/#organization\"},\"potentialAction\":[{\"@type\":\"SearchAction\",\"target\":{\"@type\":\"EntryPoint\",\"urlTemplate\":\"https:\\\/\\\/www.uartes.edu.ec\\\/sitio\\\/en\\\/?s={search_term_string}\"},\"query-input\":{\"@type\":\"PropertyValueSpecification\",\"valueRequired\":true,\"valueName\":\"search_term_string\"}}],\"inLanguage\":\"en-US\"},{\"@type\":\"Organization\",\"@id\":\"https:\\\/\\\/www.uartes.edu.ec\\\/sitio\\\/en\\\/#organization\",\"name\":\"Universidad de las Artes\",\"url\":\"https:\\\/\\\/www.uartes.edu.ec\\\/sitio\\\/en\\\/\",\"logo\":{\"@type\":\"ImageObject\",\"inLanguage\":\"en-US\",\"@id\":\"https:\\\/\\\/www.uartes.edu.ec\\\/sitio\\\/en\\\/#\\\/schema\\\/logo\\\/image\\\/\",\"url\":\"https:\\\/\\\/www.uartes.edu.ec\\\/sitio\\\/wp-content\\\/uploads\\\/2022\\\/07\\\/logo-ua-horizontal.png\",\"contentUrl\":\"https:\\\/\\\/www.uartes.edu.ec\\\/sitio\\\/wp-content\\\/uploads\\\/2022\\\/07\\\/logo-ua-horizontal.png\",\"width\":800,\"height\":276,\"caption\":\"Universidad de las Artes\"},\"image\":{\"@id\":\"https:\\\/\\\/www.uartes.edu.ec\\\/sitio\\\/en\\\/#\\\/schema\\\/logo\\\/image\\\/\"},\"sameAs\":[\"https:\\\/\\\/www.facebook.com\\\/uartesec\",\"https:\\\/\\\/x.com\\\/uartesec\",\"https:\\\/\\\/www.tiktok.com\\\/@uartesec\"]},{\"@type\":\"Person\",\"@id\":\"https:\\\/\\\/www.uartes.edu.ec\\\/sitio\\\/en\\\/#\\\/schema\\\/person\\\/f33f8c1d2af0d5c80a38c8abf458184a\",\"name\":\"Universidad de las Artes\",\"image\":{\"@type\":\"ImageObject\",\"inLanguage\":\"en-US\",\"@id\":\"https:\\\/\\\/secure.gravatar.com\\\/avatar\\\/52e4757902f5cfa5ac52d020e5be83cae5487519154b6c35482fe08d589f3c13?s=96&d=mm&r=g\",\"url\":\"https:\\\/\\\/secure.gravatar.com\\\/avatar\\\/52e4757902f5cfa5ac52d020e5be83cae5487519154b6c35482fe08d589f3c13?s=96&d=mm&r=g\",\"contentUrl\":\"https:\\\/\\\/secure.gravatar.com\\\/avatar\\\/52e4757902f5cfa5ac52d020e5be83cae5487519154b6c35482fe08d589f3c13?s=96&d=mm&r=g\",\"caption\":\"Universidad de las Artes\"},\"url\":\"https:\\\/\\\/www.uartes.edu.ec\\\/sitio\\\/en\\\/blog\\\/author\\\/dircomadm\\\/\"}]}<\/script>\n<!-- \/ Yoast SEO plugin. -->","yoast_head_json":{"title":"Universidad de las Artes - Estudiantes de Artes Visuales, a un paso de la licenciatura","description":"Universidad de las Artes - Estudiantes de Artes Visuales, a un paso de la licenciatura","robots":{"index":"index","follow":"follow","max-snippet":"max-snippet:-1","max-image-preview":"max-image-preview:large","max-video-preview":"max-video-preview:-1"},"canonical":"https:\/\/www.uartes.edu.ec\/sitio\/en\/blog\/2019\/04\/24\/estudiantes-de-artes-visuales-a-un-paso-de-la-licenciatura\/","og_locale":"en_US","og_type":"article","og_title":"Universidad de las Artes - Estudiantes de Artes Visuales, a un paso de la licenciatura","og_description":"Universidad de las Artes - Estudiantes de Artes Visuales, a un paso de la licenciatura","og_url":"https:\/\/www.uartes.edu.ec\/sitio\/en\/blog\/2019\/04\/24\/estudiantes-de-artes-visuales-a-un-paso-de-la-licenciatura\/","og_site_name":"Universidad de las Artes","article_publisher":"https:\/\/www.facebook.com\/uartesec","article_published_time":"2019-04-24T13:33:40+00:00","article_modified_time":"2024-07-04T16:51:12+00:00","og_image":[{"width":1211,"height":807,"url":"https:\/\/www.uartes.edu.ec\/sitio\/wp-content\/uploads\/2019\/04\/Jorge-On\u0303a.jpg","type":"image\/jpeg"}],"author":"Universidad de las Artes","twitter_card":"summary_large_image","twitter_creator":"@uartesec","twitter_site":"@uartesec","twitter_misc":{"Written by":"Universidad de las Artes","Est. reading time":"3 minutes"},"schema":{"@context":"https:\/\/schema.org","@graph":[{"@type":"Article","@id":"https:\/\/www.uartes.edu.ec\/sitio\/en\/blog\/2019\/04\/24\/estudiantes-de-artes-visuales-a-un-paso-de-la-licenciatura\/#article","isPartOf":{"@id":"https:\/\/www.uartes.edu.ec\/sitio\/en\/blog\/2019\/04\/24\/estudiantes-de-artes-visuales-a-un-paso-de-la-licenciatura\/"},"author":{"name":"Universidad de las Artes","@id":"https:\/\/www.uartes.edu.ec\/sitio\/en\/#\/schema\/person\/f33f8c1d2af0d5c80a38c8abf458184a"},"headline":"Estudiantes de Artes Visuales, a un paso de la licenciatura","datePublished":"2019-04-24T13:33:40+00:00","dateModified":"2024-07-04T16:51:12+00:00","mainEntityOfPage":{"@id":"https:\/\/www.uartes.edu.ec\/sitio\/en\/blog\/2019\/04\/24\/estudiantes-de-artes-visuales-a-un-paso-de-la-licenciatura\/"},"wordCount":557,"publisher":{"@id":"https:\/\/www.uartes.edu.ec\/sitio\/en\/#organization"},"image":{"@id":"https:\/\/www.uartes.edu.ec\/sitio\/en\/blog\/2019\/04\/24\/estudiantes-de-artes-visuales-a-un-paso-de-la-licenciatura\/#primaryimage"},"thumbnailUrl":"https:\/\/www.uartes.edu.ec\/sitio\/wp-content\/uploads\/2019\/04\/Jorge-On\u0303a.jpg","articleSection":["Estudiantes"],"inLanguage":"en-US"},{"@type":["WebPage","ItemPage"],"@id":"https:\/\/www.uartes.edu.ec\/sitio\/en\/blog\/2019\/04\/24\/estudiantes-de-artes-visuales-a-un-paso-de-la-licenciatura\/","url":"https:\/\/www.uartes.edu.ec\/sitio\/en\/blog\/2019\/04\/24\/estudiantes-de-artes-visuales-a-un-paso-de-la-licenciatura\/","name":"Universidad de las Artes - Estudiantes de Artes Visuales, a un paso de la licenciatura","isPartOf":{"@id":"https:\/\/www.uartes.edu.ec\/sitio\/en\/#website"},"primaryImageOfPage":{"@id":"https:\/\/www.uartes.edu.ec\/sitio\/en\/blog\/2019\/04\/24\/estudiantes-de-artes-visuales-a-un-paso-de-la-licenciatura\/#primaryimage"},"image":{"@id":"https:\/\/www.uartes.edu.ec\/sitio\/en\/blog\/2019\/04\/24\/estudiantes-de-artes-visuales-a-un-paso-de-la-licenciatura\/#primaryimage"},"thumbnailUrl":"https:\/\/www.uartes.edu.ec\/sitio\/wp-content\/uploads\/2019\/04\/Jorge-On\u0303a.jpg","datePublished":"2019-04-24T13:33:40+00:00","dateModified":"2024-07-04T16:51:12+00:00","description":"Universidad de las Artes - Estudiantes de Artes Visuales, a un paso de la licenciatura","breadcrumb":{"@id":"https:\/\/www.uartes.edu.ec\/sitio\/en\/blog\/2019\/04\/24\/estudiantes-de-artes-visuales-a-un-paso-de-la-licenciatura\/#breadcrumb"},"inLanguage":"en-US","potentialAction":[{"@type":"ReadAction","target":["https:\/\/www.uartes.edu.ec\/sitio\/en\/blog\/2019\/04\/24\/estudiantes-de-artes-visuales-a-un-paso-de-la-licenciatura\/"]}]},{"@type":"ImageObject","inLanguage":"en-US","@id":"https:\/\/www.uartes.edu.ec\/sitio\/en\/blog\/2019\/04\/24\/estudiantes-de-artes-visuales-a-un-paso-de-la-licenciatura\/#primaryimage","url":"https:\/\/www.uartes.edu.ec\/sitio\/wp-content\/uploads\/2019\/04\/Jorge-On\u0303a.jpg","contentUrl":"https:\/\/www.uartes.edu.ec\/sitio\/wp-content\/uploads\/2019\/04\/Jorge-On\u0303a.jpg","width":1211,"height":807},{"@type":"BreadcrumbList","@id":"https:\/\/www.uartes.edu.ec\/sitio\/en\/blog\/2019\/04\/24\/estudiantes-de-artes-visuales-a-un-paso-de-la-licenciatura\/#breadcrumb","itemListElement":[{"@type":"ListItem","position":1,"name":"Inicio","item":"https:\/\/www.uartes.edu.ec\/sitio\/"},{"@type":"ListItem","position":2,"name":"Estudiantes de Artes Visuales, a un paso de la licenciatura"}]},{"@type":"WebSite","@id":"https:\/\/www.uartes.edu.ec\/sitio\/en\/#website","url":"https:\/\/www.uartes.edu.ec\/sitio\/en\/","name":"Universidad de las Artes","description":"Sitio oficial de la Universidad Nacional de las Artes del Ecuador","publisher":{"@id":"https:\/\/www.uartes.edu.ec\/sitio\/en\/#organization"},"potentialAction":[{"@type":"SearchAction","target":{"@type":"EntryPoint","urlTemplate":"https:\/\/www.uartes.edu.ec\/sitio\/en\/?s={search_term_string}"},"query-input":{"@type":"PropertyValueSpecification","valueRequired":true,"valueName":"search_term_string"}}],"inLanguage":"en-US"},{"@type":"Organization","@id":"https:\/\/www.uartes.edu.ec\/sitio\/en\/#organization","name":"Universidad de las Artes","url":"https:\/\/www.uartes.edu.ec\/sitio\/en\/","logo":{"@type":"ImageObject","inLanguage":"en-US","@id":"https:\/\/www.uartes.edu.ec\/sitio\/en\/#\/schema\/logo\/image\/","url":"https:\/\/www.uartes.edu.ec\/sitio\/wp-content\/uploads\/2022\/07\/logo-ua-horizontal.png","contentUrl":"https:\/\/www.uartes.edu.ec\/sitio\/wp-content\/uploads\/2022\/07\/logo-ua-horizontal.png","width":800,"height":276,"caption":"Universidad de las Artes"},"image":{"@id":"https:\/\/www.uartes.edu.ec\/sitio\/en\/#\/schema\/logo\/image\/"},"sameAs":["https:\/\/www.facebook.com\/uartesec","https:\/\/x.com\/uartesec","https:\/\/www.tiktok.com\/@uartesec"]},{"@type":"Person","@id":"https:\/\/www.uartes.edu.ec\/sitio\/en\/#\/schema\/person\/f33f8c1d2af0d5c80a38c8abf458184a","name":"Universidad de las Artes","image":{"@type":"ImageObject","inLanguage":"en-US","@id":"https:\/\/secure.gravatar.com\/avatar\/52e4757902f5cfa5ac52d020e5be83cae5487519154b6c35482fe08d589f3c13?s=96&d=mm&r=g","url":"https:\/\/secure.gravatar.com\/avatar\/52e4757902f5cfa5ac52d020e5be83cae5487519154b6c35482fe08d589f3c13?s=96&d=mm&r=g","contentUrl":"https:\/\/secure.gravatar.com\/avatar\/52e4757902f5cfa5ac52d020e5be83cae5487519154b6c35482fe08d589f3c13?s=96&d=mm&r=g","caption":"Universidad de las Artes"},"url":"https:\/\/www.uartes.edu.ec\/sitio\/en\/blog\/author\/dircomadm\/"}]}},"uagb_featured_image_src":{"full":["https:\/\/www.uartes.edu.ec\/sitio\/wp-content\/uploads\/2019\/04\/Jorge-On\u0303a.jpg",1211,807,false],"thumbnail":["https:\/\/www.uartes.edu.ec\/sitio\/wp-content\/uploads\/2019\/04\/Jorge-On\u0303a-150x150.jpg",150,150,true],"medium":["https:\/\/www.uartes.edu.ec\/sitio\/wp-content\/uploads\/2019\/04\/Jorge-On\u0303a-300x200.jpg",300,200,true],"medium_large":["https:\/\/www.uartes.edu.ec\/sitio\/wp-content\/uploads\/2019\/04\/Jorge-On\u0303a-768x512.jpg",768,512,true],"large":["https:\/\/www.uartes.edu.ec\/sitio\/wp-content\/uploads\/2019\/04\/Jorge-On\u0303a-644x429.jpg",644,429,true],"1536x1536":["https:\/\/www.uartes.edu.ec\/sitio\/wp-content\/uploads\/2019\/04\/Jorge-On\u0303a.jpg",1211,807,false],"2048x2048":["https:\/\/www.uartes.edu.ec\/sitio\/wp-content\/uploads\/2019\/04\/Jorge-On\u0303a.jpg",1211,807,false],"trp-custom-language-flag":["https:\/\/www.uartes.edu.ec\/sitio\/wp-content\/uploads\/2019\/04\/Jorge-On\u0303a.jpg",18,12,false],"htmega_size_585x295":["https:\/\/www.uartes.edu.ec\/sitio\/wp-content\/uploads\/2019\/04\/Jorge-On\u0303a.jpg",443,295,false],"htmega_size_1170x536":["https:\/\/www.uartes.edu.ec\/sitio\/wp-content\/uploads\/2019\/04\/Jorge-On\u0303a.jpg",804,536,false],"htmega_size_396x360":["https:\/\/www.uartes.edu.ec\/sitio\/wp-content\/uploads\/2019\/04\/Jorge-On\u0303a.jpg",396,264,false],"gb-block-post-grid-landscape":["https:\/\/www.uartes.edu.ec\/sitio\/wp-content\/uploads\/2019\/04\/Jorge-On\u0303a.jpg",600,400,false],"gb-block-post-grid-square":["https:\/\/www.uartes.edu.ec\/sitio\/wp-content\/uploads\/2019\/04\/Jorge-On\u0303a.jpg",600,400,false],"university-hub-thumb":["https:\/\/www.uartes.edu.ec\/sitio\/wp-content\/uploads\/2019\/04\/Jorge-On\u0303a-400x267.jpg",400,267,true],"mailpoet_newsletter_max":["https:\/\/www.uartes.edu.ec\/sitio\/wp-content\/uploads\/2019\/04\/Jorge-On\u0303a.jpg",1211,807,false]},"uagb_author_info":{"display_name":"Universidad de las Artes","author_link":"https:\/\/www.uartes.edu.ec\/sitio\/en\/blog\/author\/dircomadm\/"},"uagb_comment_info":0,"uagb_excerpt":"\u201cAnatom\u00eda de un simplejo\u201d, \u201cLe dieron vida al Sol\u201d, \u201cUn hoyo en la tierra\u201d y \u201cLa m\u00e1quina de la onomatopeya\u201d. As\u00ed se denominan los proyectos de titulaci\u00f3n que presentaron Zoila Arroyo, Jorge O\u00f1a, Irina Garc\u00eda y Joshua Jurado, respectivamente. Ellos son estudiantes de la Escuela de Artes Visuales y est\u00e1n a un paso de obtener&hellip;","featured_image_src":"https:\/\/www.uartes.edu.ec\/sitio\/wp-content\/uploads\/2019\/04\/Jorge-On\u0303a.jpg","featured_image_src_square":"https:\/\/www.uartes.edu.ec\/sitio\/wp-content\/uploads\/2019\/04\/Jorge-On\u0303a.jpg","author_info":{"display_name":"Universidad de las Artes","author_link":"https:\/\/www.uartes.edu.ec\/sitio\/en\/blog\/author\/dircomadm\/"},"publishpress_future_workflow_manual_trigger":{"enabledWorkflows":[]},"distributor_meta":false,"distributor_terms":false,"distributor_media":false,"distributor_original_site_name":"Universidad de las Artes","distributor_original_site_url":"https:\/\/www.uartes.edu.ec\/sitio\/en","push-errors":false,"_links":{"self":[{"href":"https:\/\/www.uartes.edu.ec\/sitio\/en\/wp-json\/wp\/v2\/posts\/3315","targetHints":{"allow":["GET"]}}],"collection":[{"href":"https:\/\/www.uartes.edu.ec\/sitio\/en\/wp-json\/wp\/v2\/posts"}],"about":[{"href":"https:\/\/www.uartes.edu.ec\/sitio\/en\/wp-json\/wp\/v2\/types\/post"}],"author":[{"embeddable":true,"href":"https:\/\/www.uartes.edu.ec\/sitio\/en\/wp-json\/wp\/v2\/users\/1"}],"replies":[{"embeddable":true,"href":"https:\/\/www.uartes.edu.ec\/sitio\/en\/wp-json\/wp\/v2\/comments?post=3315"}],"version-history":[{"count":1,"href":"https:\/\/www.uartes.edu.ec\/sitio\/en\/wp-json\/wp\/v2\/posts\/3315\/revisions"}],"predecessor-version":[{"id":3317,"href":"https:\/\/www.uartes.edu.ec\/sitio\/en\/wp-json\/wp\/v2\/posts\/3315\/revisions\/3317"}],"wp:featuredmedia":[{"embeddable":true,"href":"https:\/\/www.uartes.edu.ec\/sitio\/en\/wp-json\/wp\/v2\/media\/3316"}],"wp:attachment":[{"href":"https:\/\/www.uartes.edu.ec\/sitio\/en\/wp-json\/wp\/v2\/media?parent=3315"}],"wp:term":[{"taxonomy":"category","embeddable":true,"href":"https:\/\/www.uartes.edu.ec\/sitio\/en\/wp-json\/wp\/v2\/categories?post=3315"},{"taxonomy":"post_tag","embeddable":true,"href":"https:\/\/www.uartes.edu.ec\/sitio\/en\/wp-json\/wp\/v2\/tags?post=3315"},{"taxonomy":"infouartes","embeddable":true,"href":"https:\/\/www.uartes.edu.ec\/sitio\/en\/wp-json\/wp\/v2\/infouartes?post=3315"}],"curies":[{"name":"wp","href":"https:\/\/api.w.org\/{rel}","templated":true}]}}