{"id":33333,"date":"2022-11-30T16:22:00","date_gmt":"2022-11-30T21:22:00","guid":{"rendered":"http:\/\/www.uartes.edu.ec\/sitio\/?p=33333"},"modified":"2024-07-04T11:22:28","modified_gmt":"2024-07-04T16:22:28","slug":"obras-de-alumnus-nikita-felix-galarza-integran-la-propuesta-next-y-son-expuestas-en-pinta-miami","status":"publish","type":"post","link":"https:\/\/www.uartes.edu.ec\/sitio\/en\/blog\/2022\/11\/30\/obras-de-alumnus-nikita-felix-galarza-integran-la-propuesta-next-y-son-expuestas-en-pinta-miami\/","title":{"rendered":"Obras de alumnus Nikita F\u00e9lix Galarza integran la propuesta art\u00edstica NEXT y son expuestas en la feria Pinta Miami"},"content":{"rendered":"<p>Esfuerzo, labor y pasi\u00f3n por el arte constante son claves en el desarrollo art\u00edstico de Nikita F\u00e9lix Galarza, graduada de la Escuela de Artes Visuales de la Universidad de las Artes, quien apunta hacia la internacionalizaci\u00f3n al tomar parte de NEXT, una propuesta que nace en las galer\u00edas TM (Taller Maldonado) y +Arte para afincarse en la feria Pinta Miami 2022, que inicia hoy, 30 de noviembre, y mantendr\u00e1 hasta al 4 de diciembre.<\/p>\n\n\n\n<p>Pinta Miami vive su 16 aniversario incursionando, por esta ocasi\u00f3n, en nuevos formatos e ingredientes. Artistas, curadores, galeristas, coleccionistas y amantes del arte se reunir\u00e1n para presenciar el trabajo de creadores latinoamericanos y espa\u00f1oles frente a una crisis global y sus consecuencias. El evento, seg\u00fan indica su fuente oficial, se ve con el compromiso de ser una plataforma internacional para dinamizar y difundir el arte moderno y contempor\u00e1neo iberoamericano, as\u00ed como presentar una programaci\u00f3n art\u00edstica que incluye exposiciones diversas e interdisciplinarias y secciones cuidadosamente articuladas.<\/p>\n\n\n\n<p>Taller Maldonado, en su funci\u00f3n de espacio cultural autogestionado, es una plataforma para la difusi\u00f3n y exhibici\u00f3n de proyectos de artistas emergentes de Ecuador que busca impulsar el coleccionista. En di\u00e1logo con InfoUArtes, F\u00e9lix Galarza revela que la galer\u00eda consider\u00f3 pertinente su participaci\u00f3n en esta edici\u00f3n, pues en la secci\u00f3n en la que interviene, NEXT, es para artistas emergentes y algunas de las obras propuestas son piezas nuevas.<\/p>\n\n\n<div class=\"wp-block-image\">\n<figure class=\"aligncenter size-large\"><img fetchpriority=\"high\" decoding=\"async\" width=\"644\" height=\"429\" src=\"http:\/\/www.uartes.edu.ec\/sitio\/wp-content\/uploads\/2022\/12\/niki-1-644x429.jpg\" alt=\"\" class=\"wp-image-33335\" srcset=\"https:\/\/www.uartes.edu.ec\/sitio\/wp-content\/uploads\/2022\/12\/niki-1-644x429.jpg 644w, https:\/\/www.uartes.edu.ec\/sitio\/wp-content\/uploads\/2022\/12\/niki-1-768x511.jpg 768w, https:\/\/www.uartes.edu.ec\/sitio\/wp-content\/uploads\/2022\/12\/niki-1.jpg 2000w, https:\/\/www.uartes.edu.ec\/sitio\/wp-content\/uploads\/2022\/12\/niki-1-600x399.jpg 600w, https:\/\/www.uartes.edu.ec\/sitio\/wp-content\/uploads\/2022\/12\/niki-1-272x182.jpg 272w\" sizes=\"(max-width: 644px) 100vw, 644px\" \/><\/figure>\n<\/div>\n\n\n<p>Las piezas, indica, est\u00e1n relacionadas con la producci\u00f3n pict\u00f3rica a partir de una exploraci\u00f3n en la mirada on\u00edrica de sus propias subjetividades, dentro de ciertas condicionantes de la urbe. Cita, entre otras, \u201cel progreso, el efecto del paso del ser humano y su destrucci\u00f3n suavizada con pigmentos suaves como los rosas y pasteles, que contraponen mucho esta imagen en decadencia\u201d. La artista busca priorizar en sus obras una imagen que generan los sentimientos de dolor y olvido dentro de dichos espacios de la ciudad.<\/p>\n\n\n\n<p>F\u00e9lix Galarza destaca la labor tanto de Taller Maldonado como de +Arte en cuanto el apoyo a artistas emergentes, calific\u00e1ndolo como una \u201cgesti\u00f3n fil\u00e1ntropa\u201d.<\/p>\n\n\n\n<p>Considera este un gran paso para la internacionalizaci\u00f3n. \u201cEs muy dif\u00edcil llegar a estos otros parajes que son completamente alejados a las mismas necesidades de la escena cultural que tenemos en el pa\u00eds\u201d.<\/p>\n\n\n\n<p>Las exposiciones en Guayaquil, se\u00f1ala, contienen temas muy puntuales y segregados con respecto a lo que sucede en otras ciudades; no se ramifica, no es rizom\u00e1tico, ni se interconecta. Tener la oportunidad de participar en una feria de arte en Miami es algo que no ve\u00eda dentro de sus planes y ha sido parte de su impulso a mantenerse constante con su producci\u00f3n, trabajo e investigaci\u00f3n como artista.<\/p>\n\n\n\n<p>Reflexiona acerca de las limitaciones que presentan las instituciones respecto a falta de recursos que no permiten que sean verdaderos escaparates para los artistas. Son los gestores independientes quienes est\u00e1n m\u00e1s activos al momento de buscar oportunidades, ya que se mantienen al tanto de las carencias que sufren d\u00eda a d\u00eda sus colegas artistas.<\/p>\n\n\n<div class=\"wp-block-image\">\n<figure class=\"aligncenter size-large\"><img decoding=\"async\" width=\"644\" height=\"429\" src=\"http:\/\/www.uartes.edu.ec\/sitio\/wp-content\/uploads\/2022\/12\/niki-3-644x429.jpg\" alt=\"\" class=\"wp-image-33336\" srcset=\"https:\/\/www.uartes.edu.ec\/sitio\/wp-content\/uploads\/2022\/12\/niki-3-644x429.jpg 644w, https:\/\/www.uartes.edu.ec\/sitio\/wp-content\/uploads\/2022\/12\/niki-3-768x511.jpg 768w, https:\/\/www.uartes.edu.ec\/sitio\/wp-content\/uploads\/2022\/12\/niki-3.jpg 2000w, https:\/\/www.uartes.edu.ec\/sitio\/wp-content\/uploads\/2022\/12\/niki-3-600x399.jpg 600w, https:\/\/www.uartes.edu.ec\/sitio\/wp-content\/uploads\/2022\/12\/niki-3-272x182.jpg 272w\" sizes=\"(max-width: 644px) 100vw, 644px\" \/><\/figure>\n<\/div>\n\n\n<p>F\u00e9lix Galarza es mag\u00edster en Gesti\u00f3n y Emprendimiento de Proyectos Culturales por UNIR Internacional y licenciada en Artes Visuales por la Universidad de las Artes. Actualmente se desempe\u00f1a como programadora cultural en el MZ14 Centro de Producci\u00f3n e Innovaci\u00f3n de la UArtes.<\/p>\n\n\n\n<h3 class=\"wp-block-heading\"><strong>Su propuesta expositiva, sus contenidos y reflexiones<\/strong><\/h3>\n\n\n\n<p>En cuanto a su obra, F\u00e9lix Galarza se\u00f1ala que busca construir un di\u00e1logo que cuestione o critique posturas que naturalizan el abandono y falta de responsabilidad del individuo con su entorno por considerarlo disponible a voluntad, adem\u00e1s de abordar los cuerpos en estado \u201csilvestres\u201d a modo de autopercepci\u00f3n para con esto construir un entendimiento sobre las estructuras preestablecidas que marcan la relaci\u00f3n y el tr\u00e1nsito de los \u201cseres\u201d sobre espacios construidos con funcionalidad ef\u00edmera. Como artista, agrega, siempre ha buscado que todos sus procesos art\u00edsticos est\u00e9n ligados a una sinceridad emocional.<\/p>\n\n\n\n<p>\u201cMi producci\u00f3n surge entre reflexiones y miradas dirigidas hacia una cotidianidad que habita en medio de la devastaci\u00f3n ecol\u00f3gica, a partir de esto, expongo una situaci\u00f3n m\u00e1s que una acci\u00f3n como un agente influyente en la formaci\u00f3n y procesos de vida de los seres humanos. Tambi\u00e9n aqu\u00ed la urgencia de mostrar formalmente lo l\u00edquido e invasivo entre las relaciones humano-planeta. Como resultado de estas reflexiones hago evidentes paisajes que yuxtaponen lo industrial con lo habitable y viceversa, esto se configura como un acto contradictorio e ir\u00f3nico que hace posible una suerte de \u201cautodestrucci\u00f3n\u201d que sobrepasa y sumerge al Homo \u0153conomicus en lo que \u00e9l mismo ha provocado.<\/p>\n\n\n\n<p>Desde la experimentaci\u00f3n de diversos medios y soportes, F\u00e9lix Galarza busca llegar a la elaboraci\u00f3n de escenarios dist\u00f3picos producto de aquella exteriorizaci\u00f3n de recuerdos personales latentes con la finalidad de gestar escenarios que rindan cuentas a la fragilidad de los \u201cseres\u201d y a la reflexi\u00f3n sobre el dominio persistentemente contundente que tenemos sobre la naturaleza.<\/p>","protected":false},"excerpt":{"rendered":"<p>Esfuerzo, labor y pasi\u00f3n por el arte constante son claves en el desarrollo art\u00edstico de Nikita F\u00e9lix Galarza, graduada de la Escuela de Artes Visuales de la UArtes, quien apunta hacia la internacionalizaci\u00f3n al tomar parte de NEXT, una propuesta que nace en las galer\u00edas TM (Taller Maldonado) y +Arte para afincarse en la feria Pinta Miami 2022, que inicia hoy, 30 de noviembre, y concluir\u00e1 el 4 de diciembre.<\/p>","protected":false},"author":10,"featured_media":33334,"comment_status":"open","ping_status":"open","sticky":false,"template":"","format":"standard","meta":{"_acf_changed":false,"_uag_custom_page_level_css":"","_monsterinsights_skip_tracking":false,"_monsterinsights_sitenote_active":false,"_monsterinsights_sitenote_note":"","_monsterinsights_sitenote_category":0,"cybocfi_hide_featured_image":"","footnotes":""},"categories":[719,490,157],"tags":[517],"infouartes":[],"class_list":["post-33333","post","type-post","status-publish","format-standard","has-post-thumbnail","hentry","category-4d","category-alumni","category-artes-visuales","tag-exposicion"],"acf":[],"yoast_head":"<!-- This site is optimized with the Yoast SEO plugin v27.4 - https:\/\/yoast.com\/product\/yoast-seo-wordpress\/ -->\n<title>Universidad de las Artes - Obras de alumnus Nikita F\u00e9lix Galarza integran la propuesta art\u00edstica NEXT y son expuestas en la feria Pinta Miami<\/title>\n<meta name=\"description\" content=\"Universidad de las Artes - Obras de alumnus Nikita F\u00e9lix Galarza integran la propuesta art\u00edstica NEXT y son expuestas en la feria Pinta Miami\" \/>\n<meta name=\"robots\" content=\"index, follow, max-snippet:-1, max-image-preview:large, max-video-preview:-1\" \/>\n<link rel=\"canonical\" href=\"https:\/\/www.uartes.edu.ec\/sitio\/en\/blog\/2022\/11\/30\/obras-de-alumnus-nikita-felix-galarza-integran-la-propuesta-next-y-son-expuestas-en-pinta-miami\/\" \/>\n<meta property=\"og:locale\" content=\"en_US\" \/>\n<meta property=\"og:type\" content=\"article\" \/>\n<meta property=\"og:title\" content=\"Universidad de las Artes - Obras de alumnus Nikita F\u00e9lix Galarza integran la propuesta art\u00edstica NEXT y son expuestas en la feria Pinta Miami\" \/>\n<meta property=\"og:description\" content=\"Universidad de las Artes - Obras de alumnus Nikita F\u00e9lix Galarza integran la propuesta art\u00edstica NEXT y son expuestas en la feria Pinta Miami\" \/>\n<meta property=\"og:url\" content=\"https:\/\/www.uartes.edu.ec\/sitio\/en\/blog\/2022\/11\/30\/obras-de-alumnus-nikita-felix-galarza-integran-la-propuesta-next-y-son-expuestas-en-pinta-miami\/\" \/>\n<meta property=\"og:site_name\" content=\"Universidad de las Artes\" \/>\n<meta property=\"article:publisher\" content=\"https:\/\/www.facebook.com\/uartesec\" \/>\n<meta property=\"article:published_time\" content=\"2022-11-30T21:22:00+00:00\" \/>\n<meta property=\"article:modified_time\" content=\"2024-07-04T16:22:28+00:00\" \/>\n<meta property=\"og:image\" content=\"https:\/\/www.uartes.edu.ec\/sitio\/wp-content\/uploads\/2022\/12\/niki-2.jpg\" \/>\n\t<meta property=\"og:image:width\" content=\"2000\" \/>\n\t<meta property=\"og:image:height\" content=\"1333\" \/>\n\t<meta property=\"og:image:type\" content=\"image\/jpeg\" \/>\n<meta name=\"author\" content=\"ccortez\" \/>\n<meta name=\"twitter:card\" content=\"summary_large_image\" \/>\n<meta name=\"twitter:creator\" content=\"@uartesec\" \/>\n<meta name=\"twitter:site\" content=\"@uartesec\" \/>\n<meta name=\"twitter:label1\" content=\"Written by\" \/>\n\t<meta name=\"twitter:data1\" content=\"ccortez\" \/>\n\t<meta name=\"twitter:label2\" content=\"Est. reading time\" \/>\n\t<meta name=\"twitter:data2\" content=\"5 minutes\" \/>\n<script type=\"application\/ld+json\" class=\"yoast-schema-graph\">{\"@context\":\"https:\\\/\\\/schema.org\",\"@graph\":[{\"@type\":\"Article\",\"@id\":\"https:\\\/\\\/www.uartes.edu.ec\\\/sitio\\\/en\\\/blog\\\/2022\\\/11\\\/30\\\/obras-de-alumnus-nikita-felix-galarza-integran-la-propuesta-next-y-son-expuestas-en-pinta-miami\\\/#article\",\"isPartOf\":{\"@id\":\"https:\\\/\\\/www.uartes.edu.ec\\\/sitio\\\/en\\\/blog\\\/2022\\\/11\\\/30\\\/obras-de-alumnus-nikita-felix-galarza-integran-la-propuesta-next-y-son-expuestas-en-pinta-miami\\\/\"},\"author\":{\"name\":\"ccortez\",\"@id\":\"https:\\\/\\\/www.uartes.edu.ec\\\/sitio\\\/en\\\/#\\\/schema\\\/person\\\/efa1b8275797664fd7f13a79ccc0b1f4\"},\"headline\":\"Obras de alumnus Nikita F\u00e9lix Galarza integran la propuesta art\u00edstica NEXT y son expuestas en la feria Pinta Miami\",\"datePublished\":\"2022-11-30T21:22:00+00:00\",\"dateModified\":\"2024-07-04T16:22:28+00:00\",\"mainEntityOfPage\":{\"@id\":\"https:\\\/\\\/www.uartes.edu.ec\\\/sitio\\\/en\\\/blog\\\/2022\\\/11\\\/30\\\/obras-de-alumnus-nikita-felix-galarza-integran-la-propuesta-next-y-son-expuestas-en-pinta-miami\\\/\"},\"wordCount\":885,\"commentCount\":0,\"publisher\":{\"@id\":\"https:\\\/\\\/www.uartes.edu.ec\\\/sitio\\\/en\\\/#organization\"},\"image\":{\"@id\":\"https:\\\/\\\/www.uartes.edu.ec\\\/sitio\\\/en\\\/blog\\\/2022\\\/11\\\/30\\\/obras-de-alumnus-nikita-felix-galarza-integran-la-propuesta-next-y-son-expuestas-en-pinta-miami\\\/#primaryimage\"},\"thumbnailUrl\":\"https:\\\/\\\/www.uartes.edu.ec\\\/sitio\\\/wp-content\\\/uploads\\\/2022\\\/12\\\/niki-2.jpg\",\"keywords\":[\"exposici\u00f3n\"],\"articleSection\":[\"4D\",\"Alumni\",\"Artes Visuales\"],\"inLanguage\":\"en-US\",\"potentialAction\":[{\"@type\":\"CommentAction\",\"name\":\"Comment\",\"target\":[\"https:\\\/\\\/www.uartes.edu.ec\\\/sitio\\\/en\\\/blog\\\/2022\\\/11\\\/30\\\/obras-de-alumnus-nikita-felix-galarza-integran-la-propuesta-next-y-son-expuestas-en-pinta-miami\\\/#respond\"]}]},{\"@type\":[\"WebPage\",\"ItemPage\"],\"@id\":\"https:\\\/\\\/www.uartes.edu.ec\\\/sitio\\\/en\\\/blog\\\/2022\\\/11\\\/30\\\/obras-de-alumnus-nikita-felix-galarza-integran-la-propuesta-next-y-son-expuestas-en-pinta-miami\\\/\",\"url\":\"https:\\\/\\\/www.uartes.edu.ec\\\/sitio\\\/en\\\/blog\\\/2022\\\/11\\\/30\\\/obras-de-alumnus-nikita-felix-galarza-integran-la-propuesta-next-y-son-expuestas-en-pinta-miami\\\/\",\"name\":\"Universidad de las Artes - Obras de alumnus Nikita F\u00e9lix Galarza integran la propuesta art\u00edstica NEXT y son expuestas en la feria Pinta Miami\",\"isPartOf\":{\"@id\":\"https:\\\/\\\/www.uartes.edu.ec\\\/sitio\\\/en\\\/#website\"},\"primaryImageOfPage\":{\"@id\":\"https:\\\/\\\/www.uartes.edu.ec\\\/sitio\\\/en\\\/blog\\\/2022\\\/11\\\/30\\\/obras-de-alumnus-nikita-felix-galarza-integran-la-propuesta-next-y-son-expuestas-en-pinta-miami\\\/#primaryimage\"},\"image\":{\"@id\":\"https:\\\/\\\/www.uartes.edu.ec\\\/sitio\\\/en\\\/blog\\\/2022\\\/11\\\/30\\\/obras-de-alumnus-nikita-felix-galarza-integran-la-propuesta-next-y-son-expuestas-en-pinta-miami\\\/#primaryimage\"},\"thumbnailUrl\":\"https:\\\/\\\/www.uartes.edu.ec\\\/sitio\\\/wp-content\\\/uploads\\\/2022\\\/12\\\/niki-2.jpg\",\"datePublished\":\"2022-11-30T21:22:00+00:00\",\"dateModified\":\"2024-07-04T16:22:28+00:00\",\"description\":\"Universidad de las Artes - Obras de alumnus Nikita F\u00e9lix Galarza integran la propuesta art\u00edstica NEXT y son expuestas en la feria Pinta Miami\",\"breadcrumb\":{\"@id\":\"https:\\\/\\\/www.uartes.edu.ec\\\/sitio\\\/en\\\/blog\\\/2022\\\/11\\\/30\\\/obras-de-alumnus-nikita-felix-galarza-integran-la-propuesta-next-y-son-expuestas-en-pinta-miami\\\/#breadcrumb\"},\"inLanguage\":\"en-US\",\"potentialAction\":[{\"@type\":\"ReadAction\",\"target\":[\"https:\\\/\\\/www.uartes.edu.ec\\\/sitio\\\/en\\\/blog\\\/2022\\\/11\\\/30\\\/obras-de-alumnus-nikita-felix-galarza-integran-la-propuesta-next-y-son-expuestas-en-pinta-miami\\\/\"]}]},{\"@type\":\"ImageObject\",\"inLanguage\":\"en-US\",\"@id\":\"https:\\\/\\\/www.uartes.edu.ec\\\/sitio\\\/en\\\/blog\\\/2022\\\/11\\\/30\\\/obras-de-alumnus-nikita-felix-galarza-integran-la-propuesta-next-y-son-expuestas-en-pinta-miami\\\/#primaryimage\",\"url\":\"https:\\\/\\\/www.uartes.edu.ec\\\/sitio\\\/wp-content\\\/uploads\\\/2022\\\/12\\\/niki-2.jpg\",\"contentUrl\":\"https:\\\/\\\/www.uartes.edu.ec\\\/sitio\\\/wp-content\\\/uploads\\\/2022\\\/12\\\/niki-2.jpg\",\"width\":2000,\"height\":1333},{\"@type\":\"BreadcrumbList\",\"@id\":\"https:\\\/\\\/www.uartes.edu.ec\\\/sitio\\\/en\\\/blog\\\/2022\\\/11\\\/30\\\/obras-de-alumnus-nikita-felix-galarza-integran-la-propuesta-next-y-son-expuestas-en-pinta-miami\\\/#breadcrumb\",\"itemListElement\":[{\"@type\":\"ListItem\",\"position\":1,\"name\":\"Inicio\",\"item\":\"https:\\\/\\\/www.uartes.edu.ec\\\/sitio\\\/\"},{\"@type\":\"ListItem\",\"position\":2,\"name\":\"Obras de alumnus Nikita F\u00e9lix Galarza integran la propuesta art\u00edstica NEXT y son expuestas en la feria Pinta Miami\"}]},{\"@type\":\"WebSite\",\"@id\":\"https:\\\/\\\/www.uartes.edu.ec\\\/sitio\\\/en\\\/#website\",\"url\":\"https:\\\/\\\/www.uartes.edu.ec\\\/sitio\\\/en\\\/\",\"name\":\"Universidad de las Artes\",\"description\":\"Sitio oficial de la Universidad Nacional de las Artes del Ecuador\",\"publisher\":{\"@id\":\"https:\\\/\\\/www.uartes.edu.ec\\\/sitio\\\/en\\\/#organization\"},\"potentialAction\":[{\"@type\":\"SearchAction\",\"target\":{\"@type\":\"EntryPoint\",\"urlTemplate\":\"https:\\\/\\\/www.uartes.edu.ec\\\/sitio\\\/en\\\/?s={search_term_string}\"},\"query-input\":{\"@type\":\"PropertyValueSpecification\",\"valueRequired\":true,\"valueName\":\"search_term_string\"}}],\"inLanguage\":\"en-US\"},{\"@type\":\"Organization\",\"@id\":\"https:\\\/\\\/www.uartes.edu.ec\\\/sitio\\\/en\\\/#organization\",\"name\":\"Universidad de las Artes\",\"url\":\"https:\\\/\\\/www.uartes.edu.ec\\\/sitio\\\/en\\\/\",\"logo\":{\"@type\":\"ImageObject\",\"inLanguage\":\"en-US\",\"@id\":\"https:\\\/\\\/www.uartes.edu.ec\\\/sitio\\\/en\\\/#\\\/schema\\\/logo\\\/image\\\/\",\"url\":\"https:\\\/\\\/www.uartes.edu.ec\\\/sitio\\\/wp-content\\\/uploads\\\/2022\\\/07\\\/logo-ua-horizontal.png\",\"contentUrl\":\"https:\\\/\\\/www.uartes.edu.ec\\\/sitio\\\/wp-content\\\/uploads\\\/2022\\\/07\\\/logo-ua-horizontal.png\",\"width\":800,\"height\":276,\"caption\":\"Universidad de las Artes\"},\"image\":{\"@id\":\"https:\\\/\\\/www.uartes.edu.ec\\\/sitio\\\/en\\\/#\\\/schema\\\/logo\\\/image\\\/\"},\"sameAs\":[\"https:\\\/\\\/www.facebook.com\\\/uartesec\",\"https:\\\/\\\/x.com\\\/uartesec\",\"https:\\\/\\\/www.tiktok.com\\\/@uartesec\"]},{\"@type\":\"Person\",\"@id\":\"https:\\\/\\\/www.uartes.edu.ec\\\/sitio\\\/en\\\/#\\\/schema\\\/person\\\/efa1b8275797664fd7f13a79ccc0b1f4\",\"name\":\"ccortez\",\"image\":{\"@type\":\"ImageObject\",\"inLanguage\":\"en-US\",\"@id\":\"https:\\\/\\\/secure.gravatar.com\\\/avatar\\\/b2a6f664a3ae8e074346ef91775736c5ec479e637ecced6842de9dc98b5da9cd?s=96&d=mm&r=g\",\"url\":\"https:\\\/\\\/secure.gravatar.com\\\/avatar\\\/b2a6f664a3ae8e074346ef91775736c5ec479e637ecced6842de9dc98b5da9cd?s=96&d=mm&r=g\",\"contentUrl\":\"https:\\\/\\\/secure.gravatar.com\\\/avatar\\\/b2a6f664a3ae8e074346ef91775736c5ec479e637ecced6842de9dc98b5da9cd?s=96&d=mm&r=g\",\"caption\":\"ccortez\"},\"url\":\"https:\\\/\\\/www.uartes.edu.ec\\\/sitio\\\/en\\\/blog\\\/author\\\/ccortez\\\/\"}]}<\/script>\n<!-- \/ Yoast SEO plugin. -->","yoast_head_json":{"title":"Universidad de las Artes - Obras de alumnus Nikita F\u00e9lix Galarza integran la propuesta art\u00edstica NEXT y son expuestas en la feria Pinta Miami","description":"Universidad de las Artes - Obras de alumnus Nikita F\u00e9lix Galarza integran la propuesta art\u00edstica NEXT y son expuestas en la feria Pinta Miami","robots":{"index":"index","follow":"follow","max-snippet":"max-snippet:-1","max-image-preview":"max-image-preview:large","max-video-preview":"max-video-preview:-1"},"canonical":"https:\/\/www.uartes.edu.ec\/sitio\/en\/blog\/2022\/11\/30\/obras-de-alumnus-nikita-felix-galarza-integran-la-propuesta-next-y-son-expuestas-en-pinta-miami\/","og_locale":"en_US","og_type":"article","og_title":"Universidad de las Artes - Obras de alumnus Nikita F\u00e9lix Galarza integran la propuesta art\u00edstica NEXT y son expuestas en la feria Pinta Miami","og_description":"Universidad de las Artes - Obras de alumnus Nikita F\u00e9lix Galarza integran la propuesta art\u00edstica NEXT y son expuestas en la feria Pinta Miami","og_url":"https:\/\/www.uartes.edu.ec\/sitio\/en\/blog\/2022\/11\/30\/obras-de-alumnus-nikita-felix-galarza-integran-la-propuesta-next-y-son-expuestas-en-pinta-miami\/","og_site_name":"Universidad de las Artes","article_publisher":"https:\/\/www.facebook.com\/uartesec","article_published_time":"2022-11-30T21:22:00+00:00","article_modified_time":"2024-07-04T16:22:28+00:00","og_image":[{"width":2000,"height":1333,"url":"https:\/\/www.uartes.edu.ec\/sitio\/wp-content\/uploads\/2022\/12\/niki-2.jpg","type":"image\/jpeg"}],"author":"ccortez","twitter_card":"summary_large_image","twitter_creator":"@uartesec","twitter_site":"@uartesec","twitter_misc":{"Written by":"ccortez","Est. reading time":"5 minutes"},"schema":{"@context":"https:\/\/schema.org","@graph":[{"@type":"Article","@id":"https:\/\/www.uartes.edu.ec\/sitio\/en\/blog\/2022\/11\/30\/obras-de-alumnus-nikita-felix-galarza-integran-la-propuesta-next-y-son-expuestas-en-pinta-miami\/#article","isPartOf":{"@id":"https:\/\/www.uartes.edu.ec\/sitio\/en\/blog\/2022\/11\/30\/obras-de-alumnus-nikita-felix-galarza-integran-la-propuesta-next-y-son-expuestas-en-pinta-miami\/"},"author":{"name":"ccortez","@id":"https:\/\/www.uartes.edu.ec\/sitio\/en\/#\/schema\/person\/efa1b8275797664fd7f13a79ccc0b1f4"},"headline":"Obras de alumnus Nikita F\u00e9lix Galarza integran la propuesta art\u00edstica NEXT y son expuestas en la feria Pinta Miami","datePublished":"2022-11-30T21:22:00+00:00","dateModified":"2024-07-04T16:22:28+00:00","mainEntityOfPage":{"@id":"https:\/\/www.uartes.edu.ec\/sitio\/en\/blog\/2022\/11\/30\/obras-de-alumnus-nikita-felix-galarza-integran-la-propuesta-next-y-son-expuestas-en-pinta-miami\/"},"wordCount":885,"commentCount":0,"publisher":{"@id":"https:\/\/www.uartes.edu.ec\/sitio\/en\/#organization"},"image":{"@id":"https:\/\/www.uartes.edu.ec\/sitio\/en\/blog\/2022\/11\/30\/obras-de-alumnus-nikita-felix-galarza-integran-la-propuesta-next-y-son-expuestas-en-pinta-miami\/#primaryimage"},"thumbnailUrl":"https:\/\/www.uartes.edu.ec\/sitio\/wp-content\/uploads\/2022\/12\/niki-2.jpg","keywords":["exposici\u00f3n"],"articleSection":["4D","Alumni","Artes Visuales"],"inLanguage":"en-US","potentialAction":[{"@type":"CommentAction","name":"Comment","target":["https:\/\/www.uartes.edu.ec\/sitio\/en\/blog\/2022\/11\/30\/obras-de-alumnus-nikita-felix-galarza-integran-la-propuesta-next-y-son-expuestas-en-pinta-miami\/#respond"]}]},{"@type":["WebPage","ItemPage"],"@id":"https:\/\/www.uartes.edu.ec\/sitio\/en\/blog\/2022\/11\/30\/obras-de-alumnus-nikita-felix-galarza-integran-la-propuesta-next-y-son-expuestas-en-pinta-miami\/","url":"https:\/\/www.uartes.edu.ec\/sitio\/en\/blog\/2022\/11\/30\/obras-de-alumnus-nikita-felix-galarza-integran-la-propuesta-next-y-son-expuestas-en-pinta-miami\/","name":"Universidad de las Artes - Obras de alumnus Nikita F\u00e9lix Galarza integran la propuesta art\u00edstica NEXT y son expuestas en la feria Pinta Miami","isPartOf":{"@id":"https:\/\/www.uartes.edu.ec\/sitio\/en\/#website"},"primaryImageOfPage":{"@id":"https:\/\/www.uartes.edu.ec\/sitio\/en\/blog\/2022\/11\/30\/obras-de-alumnus-nikita-felix-galarza-integran-la-propuesta-next-y-son-expuestas-en-pinta-miami\/#primaryimage"},"image":{"@id":"https:\/\/www.uartes.edu.ec\/sitio\/en\/blog\/2022\/11\/30\/obras-de-alumnus-nikita-felix-galarza-integran-la-propuesta-next-y-son-expuestas-en-pinta-miami\/#primaryimage"},"thumbnailUrl":"https:\/\/www.uartes.edu.ec\/sitio\/wp-content\/uploads\/2022\/12\/niki-2.jpg","datePublished":"2022-11-30T21:22:00+00:00","dateModified":"2024-07-04T16:22:28+00:00","description":"Universidad de las Artes - Obras de alumnus Nikita F\u00e9lix Galarza integran la propuesta art\u00edstica NEXT y son expuestas en la feria Pinta Miami","breadcrumb":{"@id":"https:\/\/www.uartes.edu.ec\/sitio\/en\/blog\/2022\/11\/30\/obras-de-alumnus-nikita-felix-galarza-integran-la-propuesta-next-y-son-expuestas-en-pinta-miami\/#breadcrumb"},"inLanguage":"en-US","potentialAction":[{"@type":"ReadAction","target":["https:\/\/www.uartes.edu.ec\/sitio\/en\/blog\/2022\/11\/30\/obras-de-alumnus-nikita-felix-galarza-integran-la-propuesta-next-y-son-expuestas-en-pinta-miami\/"]}]},{"@type":"ImageObject","inLanguage":"en-US","@id":"https:\/\/www.uartes.edu.ec\/sitio\/en\/blog\/2022\/11\/30\/obras-de-alumnus-nikita-felix-galarza-integran-la-propuesta-next-y-son-expuestas-en-pinta-miami\/#primaryimage","url":"https:\/\/www.uartes.edu.ec\/sitio\/wp-content\/uploads\/2022\/12\/niki-2.jpg","contentUrl":"https:\/\/www.uartes.edu.ec\/sitio\/wp-content\/uploads\/2022\/12\/niki-2.jpg","width":2000,"height":1333},{"@type":"BreadcrumbList","@id":"https:\/\/www.uartes.edu.ec\/sitio\/en\/blog\/2022\/11\/30\/obras-de-alumnus-nikita-felix-galarza-integran-la-propuesta-next-y-son-expuestas-en-pinta-miami\/#breadcrumb","itemListElement":[{"@type":"ListItem","position":1,"name":"Inicio","item":"https:\/\/www.uartes.edu.ec\/sitio\/"},{"@type":"ListItem","position":2,"name":"Obras de alumnus Nikita F\u00e9lix Galarza integran la propuesta art\u00edstica NEXT y son expuestas en la feria Pinta Miami"}]},{"@type":"WebSite","@id":"https:\/\/www.uartes.edu.ec\/sitio\/en\/#website","url":"https:\/\/www.uartes.edu.ec\/sitio\/en\/","name":"Universidad de las Artes","description":"Sitio oficial de la Universidad Nacional de las Artes del Ecuador","publisher":{"@id":"https:\/\/www.uartes.edu.ec\/sitio\/en\/#organization"},"potentialAction":[{"@type":"SearchAction","target":{"@type":"EntryPoint","urlTemplate":"https:\/\/www.uartes.edu.ec\/sitio\/en\/?s={search_term_string}"},"query-input":{"@type":"PropertyValueSpecification","valueRequired":true,"valueName":"search_term_string"}}],"inLanguage":"en-US"},{"@type":"Organization","@id":"https:\/\/www.uartes.edu.ec\/sitio\/en\/#organization","name":"Universidad de las Artes","url":"https:\/\/www.uartes.edu.ec\/sitio\/en\/","logo":{"@type":"ImageObject","inLanguage":"en-US","@id":"https:\/\/www.uartes.edu.ec\/sitio\/en\/#\/schema\/logo\/image\/","url":"https:\/\/www.uartes.edu.ec\/sitio\/wp-content\/uploads\/2022\/07\/logo-ua-horizontal.png","contentUrl":"https:\/\/www.uartes.edu.ec\/sitio\/wp-content\/uploads\/2022\/07\/logo-ua-horizontal.png","width":800,"height":276,"caption":"Universidad de las Artes"},"image":{"@id":"https:\/\/www.uartes.edu.ec\/sitio\/en\/#\/schema\/logo\/image\/"},"sameAs":["https:\/\/www.facebook.com\/uartesec","https:\/\/x.com\/uartesec","https:\/\/www.tiktok.com\/@uartesec"]},{"@type":"Person","@id":"https:\/\/www.uartes.edu.ec\/sitio\/en\/#\/schema\/person\/efa1b8275797664fd7f13a79ccc0b1f4","name":"ccortez","image":{"@type":"ImageObject","inLanguage":"en-US","@id":"https:\/\/secure.gravatar.com\/avatar\/b2a6f664a3ae8e074346ef91775736c5ec479e637ecced6842de9dc98b5da9cd?s=96&d=mm&r=g","url":"https:\/\/secure.gravatar.com\/avatar\/b2a6f664a3ae8e074346ef91775736c5ec479e637ecced6842de9dc98b5da9cd?s=96&d=mm&r=g","contentUrl":"https:\/\/secure.gravatar.com\/avatar\/b2a6f664a3ae8e074346ef91775736c5ec479e637ecced6842de9dc98b5da9cd?s=96&d=mm&r=g","caption":"ccortez"},"url":"https:\/\/www.uartes.edu.ec\/sitio\/en\/blog\/author\/ccortez\/"}]}},"uagb_featured_image_src":{"full":["https:\/\/www.uartes.edu.ec\/sitio\/wp-content\/uploads\/2022\/12\/niki-2.jpg",2000,1333,false],"thumbnail":["https:\/\/www.uartes.edu.ec\/sitio\/wp-content\/uploads\/2022\/12\/niki-2-150x150.jpg",150,150,true],"medium":["https:\/\/www.uartes.edu.ec\/sitio\/wp-content\/uploads\/2022\/12\/niki-2-300x200.jpg",300,200,true],"medium_large":["https:\/\/www.uartes.edu.ec\/sitio\/wp-content\/uploads\/2022\/12\/niki-2-768x512.jpg",768,512,true],"large":["https:\/\/www.uartes.edu.ec\/sitio\/wp-content\/uploads\/2022\/12\/niki-2-644x429.jpg",644,429,true],"1536x1536":["https:\/\/www.uartes.edu.ec\/sitio\/wp-content\/uploads\/2022\/12\/niki-2-1536x1024.jpg",1536,1024,true],"2048x2048":["https:\/\/www.uartes.edu.ec\/sitio\/wp-content\/uploads\/2022\/12\/niki-2.jpg",2000,1333,false],"trp-custom-language-flag":["https:\/\/www.uartes.edu.ec\/sitio\/wp-content\/uploads\/2022\/12\/niki-2.jpg",18,12,false],"htmega_size_585x295":["https:\/\/www.uartes.edu.ec\/sitio\/wp-content\/uploads\/2022\/12\/niki-2.jpg",443,295,false],"htmega_size_1170x536":["https:\/\/www.uartes.edu.ec\/sitio\/wp-content\/uploads\/2022\/12\/niki-2.jpg",804,536,false],"htmega_size_396x360":["https:\/\/www.uartes.edu.ec\/sitio\/wp-content\/uploads\/2022\/12\/niki-2.jpg",396,264,false],"gb-block-post-grid-landscape":["https:\/\/www.uartes.edu.ec\/sitio\/wp-content\/uploads\/2022\/12\/niki-2-600x400.jpg",600,400,true],"gb-block-post-grid-square":["https:\/\/www.uartes.edu.ec\/sitio\/wp-content\/uploads\/2022\/12\/niki-2-600x600.jpg",600,600,true],"university-hub-thumb":["https:\/\/www.uartes.edu.ec\/sitio\/wp-content\/uploads\/2022\/12\/niki-2-400x267.jpg",400,267,true]},"uagb_author_info":{"display_name":"ccortez","author_link":"https:\/\/www.uartes.edu.ec\/sitio\/en\/blog\/author\/ccortez\/"},"uagb_comment_info":0,"uagb_excerpt":"Esfuerzo, labor y pasi\u00f3n por el arte constante son claves en el desarrollo art\u00edstico de Nikita F\u00e9lix Galarza, graduada de la Escuela de Artes Visuales de la UArtes, quien apunta hacia la internacionalizaci\u00f3n al tomar parte de NEXT, una propuesta que nace en las galer\u00edas TM (Taller Maldonado) y +Arte para afincarse en la feria&hellip;","featured_image_src":"https:\/\/www.uartes.edu.ec\/sitio\/wp-content\/uploads\/2022\/12\/niki-2-600x400.jpg","featured_image_src_square":"https:\/\/www.uartes.edu.ec\/sitio\/wp-content\/uploads\/2022\/12\/niki-2-600x600.jpg","author_info":{"display_name":"ccortez","author_link":"https:\/\/www.uartes.edu.ec\/sitio\/en\/blog\/author\/ccortez\/"},"publishpress_future_workflow_manual_trigger":{"enabledWorkflows":[]},"distributor_meta":false,"distributor_terms":false,"distributor_media":false,"distributor_original_site_name":"Universidad de las Artes","distributor_original_site_url":"https:\/\/www.uartes.edu.ec\/sitio\/en","push-errors":false,"_links":{"self":[{"href":"https:\/\/www.uartes.edu.ec\/sitio\/en\/wp-json\/wp\/v2\/posts\/33333","targetHints":{"allow":["GET"]}}],"collection":[{"href":"https:\/\/www.uartes.edu.ec\/sitio\/en\/wp-json\/wp\/v2\/posts"}],"about":[{"href":"https:\/\/www.uartes.edu.ec\/sitio\/en\/wp-json\/wp\/v2\/types\/post"}],"author":[{"embeddable":true,"href":"https:\/\/www.uartes.edu.ec\/sitio\/en\/wp-json\/wp\/v2\/users\/10"}],"replies":[{"embeddable":true,"href":"https:\/\/www.uartes.edu.ec\/sitio\/en\/wp-json\/wp\/v2\/comments?post=33333"}],"version-history":[{"count":5,"href":"https:\/\/www.uartes.edu.ec\/sitio\/en\/wp-json\/wp\/v2\/posts\/33333\/revisions"}],"predecessor-version":[{"id":37528,"href":"https:\/\/www.uartes.edu.ec\/sitio\/en\/wp-json\/wp\/v2\/posts\/33333\/revisions\/37528"}],"wp:featuredmedia":[{"embeddable":true,"href":"https:\/\/www.uartes.edu.ec\/sitio\/en\/wp-json\/wp\/v2\/media\/33334"}],"wp:attachment":[{"href":"https:\/\/www.uartes.edu.ec\/sitio\/en\/wp-json\/wp\/v2\/media?parent=33333"}],"wp:term":[{"taxonomy":"category","embeddable":true,"href":"https:\/\/www.uartes.edu.ec\/sitio\/en\/wp-json\/wp\/v2\/categories?post=33333"},{"taxonomy":"post_tag","embeddable":true,"href":"https:\/\/www.uartes.edu.ec\/sitio\/en\/wp-json\/wp\/v2\/tags?post=33333"},{"taxonomy":"infouartes","embeddable":true,"href":"https:\/\/www.uartes.edu.ec\/sitio\/en\/wp-json\/wp\/v2\/infouartes?post=33333"}],"curies":[{"name":"wp","href":"https:\/\/api.w.org\/{rel}","templated":true}]}}