{"id":34037,"date":"2022-12-08T21:40:00","date_gmt":"2022-12-09T02:40:00","guid":{"rendered":"http:\/\/www.uartes.edu.ec\/sitio\/?p=34037"},"modified":"2024-07-04T11:22:22","modified_gmt":"2024-07-04T16:22:22","slug":"el-gobierno-del-barrio-de-kevin-miranda-en-la-muestra-de-los-graduados-de-artes-escenicas","status":"publish","type":"post","link":"https:\/\/www.uartes.edu.ec\/sitio\/en\/blog\/2022\/12\/08\/el-gobierno-del-barrio-de-kevin-miranda-en-la-muestra-de-los-graduados-de-artes-escenicas\/","title":{"rendered":"La obra \u201cEl gobierno del barrio\u201d de Kevin Miranda, en la muestra de los graduados de Artes Esc\u00e9nicas"},"content":{"rendered":"<p>La presentaci\u00f3n de los trabajos de tesis de los estudiantes de la Escuela de Artes Esc\u00e9nicas dio continuidad este mi\u00e9rcoles 7 de diciembre a la semana de graduaci\u00f3n en la Universidad de las Artes. Para la ocasi\u00f3n, el espacio que acogi\u00f3 las obras \u201cEl gobierno del barrio\u201d, de Kevin Miranda, y \u201cActo 1 Reuni\u00f3n en soledad\u201d, de Adri\u00e1n de la Cruz, fue el Sal\u00f3n Patrimonial del MZ14 Centro de Producci\u00f3n e Innovaci\u00f3n UArtes.<\/p>\n\n\n\n<p>La primera en presentarse, de 10:00 a 10:35, fue \u201cEl gobierno del barrio\u201d, una obra de teatro que se alimenta del uso de las m\u00e1scaras y el mon\u00f3logo. A rasgos generales, la narrativa de la propuesta dio cuenta del funcionamiento del aparato estatal tomando en cuenta los acontecimientos ocurridos del actual gobierno.<\/p>\n\n\n\n<p>Su simbolismo va de la mano con los monigotes y las caretas o m\u00e1scaras, esta \u00faltima siendo el eje principal de su investigaci\u00f3n. Miranda, quien interpreta a Guillermo Lasso, satiriza y critica con la interacci\u00f3n de los elementos del escenario. Entre estos est\u00e1n tres monigotes que representan a los l\u00edderes militares y la prensa ecuatoriana y paredes con poemas que aluden a las protestas y el descontento del pueblo. En cuanto a la utiler\u00eda, lo m\u00e1s importante es la m\u00e1scara del actual presidente con forma de \u201ccareta deformada\u201d.<\/p>\n\n\n<div class=\"wp-block-image\">\n<figure class=\"aligncenter size-large\"><img fetchpriority=\"high\" decoding=\"async\" width=\"644\" height=\"429\" src=\"http:\/\/www.uartes.edu.ec\/sitio\/wp-content\/uploads\/2022\/12\/ARTES-ESCENICAS-PREGRADO-03-644x429.jpg\" alt=\"\" class=\"wp-image-34039\" srcset=\"https:\/\/www.uartes.edu.ec\/sitio\/wp-content\/uploads\/2022\/12\/ARTES-ESCENICAS-PREGRADO-03-644x429.jpg 644w, https:\/\/www.uartes.edu.ec\/sitio\/wp-content\/uploads\/2022\/12\/ARTES-ESCENICAS-PREGRADO-03-768x511.jpg 768w, https:\/\/www.uartes.edu.ec\/sitio\/wp-content\/uploads\/2022\/12\/ARTES-ESCENICAS-PREGRADO-03.jpg 2000w, https:\/\/www.uartes.edu.ec\/sitio\/wp-content\/uploads\/2022\/12\/ARTES-ESCENICAS-PREGRADO-03-600x399.jpg 600w, https:\/\/www.uartes.edu.ec\/sitio\/wp-content\/uploads\/2022\/12\/ARTES-ESCENICAS-PREGRADO-03-272x182.jpg 272w\" sizes=\"(max-width: 644px) 100vw, 644px\" \/><\/figure>\n<\/div>\n\n<div class=\"wp-block-image\">\n<figure class=\"aligncenter size-large\"><img decoding=\"async\" width=\"644\" height=\"429\" src=\"http:\/\/www.uartes.edu.ec\/sitio\/wp-content\/uploads\/2022\/12\/ARTES-ESCENICAS-PREGRADO-05-644x429.jpg\" alt=\"\" class=\"wp-image-34040\" srcset=\"https:\/\/www.uartes.edu.ec\/sitio\/wp-content\/uploads\/2022\/12\/ARTES-ESCENICAS-PREGRADO-05-644x429.jpg 644w, https:\/\/www.uartes.edu.ec\/sitio\/wp-content\/uploads\/2022\/12\/ARTES-ESCENICAS-PREGRADO-05-768x511.jpg 768w, https:\/\/www.uartes.edu.ec\/sitio\/wp-content\/uploads\/2022\/12\/ARTES-ESCENICAS-PREGRADO-05.jpg 2000w, https:\/\/www.uartes.edu.ec\/sitio\/wp-content\/uploads\/2022\/12\/ARTES-ESCENICAS-PREGRADO-05-600x399.jpg 600w, https:\/\/www.uartes.edu.ec\/sitio\/wp-content\/uploads\/2022\/12\/ARTES-ESCENICAS-PREGRADO-05-272x182.jpg 272w\" sizes=\"(max-width: 644px) 100vw, 644px\" \/><\/figure>\n<\/div>\n\n\n<p>Los elementos visuales, como los monigotes caracter\u00edsticos de nuestro pa\u00eds y el escenario casi acartonado, reaccionan perfectamente con los personajes de la obra, dando como resultado una est\u00e9tica que protesta ante las tensiones pol\u00edticas que atraviesa el pa\u00eds y sus estragos, siendo el pueblo como el principal afectado. Todos estos elementos, seg\u00fan el autor, estuvieron pensados para potenciar lo mejor posible el significado de la obra y su alimentaci\u00f3n visual.<\/p>\n\n\n\n<p>Kevin Miranda perteneci\u00f3 a la promoci\u00f3n de estudiantes graduados en 2020. Debido a la pandemia tuvo dificultades en cuanto la movilidad para llevar a cabo su tesis. A pesar de ello, tuvo la oportunidad de repensar todos los elementos de su proyecto debido a la suma de los hechos que atraves\u00f3 el pa\u00eds durante aquel periodo.<\/p>\n\n\n\n<p>Para Miranda, la carrera de Artes Esc\u00e9nicas le brind\u00f3 una experiencia enriquecedora con un enfoque diverso en cuanto a formas de hacer teatro. Desde el primer semestre, anota, se interes\u00f3 en el teatro de m\u00e1scaras y con su avance acad\u00e9mico pudo enriquecerse de otras ramas que reforzaron su portafolio art\u00edstico.<\/p>\n\n\n\n<p>Actualmente, se encuentra trabajando en la creaci\u00f3n de nuevas obras y una gesti\u00f3n de espacios en la ciudad de Milagro, su lugar de procedencia. Tiene como objetivo establecer por medio del estado, centros donde se pueda facilitar la creaci\u00f3n y educaci\u00f3n en artes esc\u00e9nicas.<\/p>\n\n\n<div class=\"wp-block-image\">\n<figure class=\"aligncenter size-large\"><img decoding=\"async\" width=\"644\" height=\"429\" src=\"http:\/\/www.uartes.edu.ec\/sitio\/wp-content\/uploads\/2022\/12\/ARTES-ESCENICAS-PREGRADO-02-644x429.jpg\" alt=\"\" class=\"wp-image-34041\" srcset=\"https:\/\/www.uartes.edu.ec\/sitio\/wp-content\/uploads\/2022\/12\/ARTES-ESCENICAS-PREGRADO-02-644x429.jpg 644w, https:\/\/www.uartes.edu.ec\/sitio\/wp-content\/uploads\/2022\/12\/ARTES-ESCENICAS-PREGRADO-02-768x511.jpg 768w, https:\/\/www.uartes.edu.ec\/sitio\/wp-content\/uploads\/2022\/12\/ARTES-ESCENICAS-PREGRADO-02.jpg 2000w, https:\/\/www.uartes.edu.ec\/sitio\/wp-content\/uploads\/2022\/12\/ARTES-ESCENICAS-PREGRADO-02-600x399.jpg 600w, https:\/\/www.uartes.edu.ec\/sitio\/wp-content\/uploads\/2022\/12\/ARTES-ESCENICAS-PREGRADO-02-272x182.jpg 272w\" sizes=\"(max-width: 644px) 100vw, 644px\" \/><\/figure>\n<\/div>\n\n\n<p>Texto: Neysser Barber\u00e1n Rodr\u00edguez, estudiante de la Escuela de Literatura.<\/p>","protected":false},"excerpt":{"rendered":"<p>La presentaci\u00f3n de los trabajos de tesis de los estudiantes de la Escuela de Artes Esc\u00e9nicas dio continuidad este mi\u00e9rcoles 7 de diciembre a la semana de graduaci\u00f3n en la Universidad de las Artes. Para la ocasi\u00f3n, el espacio que acogi\u00f3 las obras \u201cEl gobierno del barrio\u201d, de Kevin Miranda, y \u201cActo 1 Reuni\u00f3n en soledad\u201d, de Adri\u00e1n de la Cruz, fue el Sal\u00f3n Patrimonial del MZ14.<\/p>","protected":false},"author":10,"featured_media":34038,"comment_status":"open","ping_status":"open","sticky":false,"template":"","format":"standard","meta":{"_acf_changed":false,"_uag_custom_page_level_css":"","_monsterinsights_skip_tracking":false,"_monsterinsights_sitenote_active":false,"_monsterinsights_sitenote_note":"","_monsterinsights_sitenote_category":0,"cybocfi_hide_featured_image":"","footnotes":""},"categories":[80,159,76,284],"tags":[861],"infouartes":[],"class_list":["post-34037","post","type-post","status-publish","format-standard","has-post-thumbnail","hentry","category-academico","category-artes-escenicas","category-estudiantes","category-investigacion","tag-semana-de-graduacion"],"acf":[],"yoast_head":"<!-- This site is optimized with the Yoast SEO plugin v27.4 - https:\/\/yoast.com\/product\/yoast-seo-wordpress\/ -->\n<title>Universidad de las Artes - La obra \u201cEl gobierno del barrio\u201d de Kevin Miranda, en la muestra de los graduados de Artes Esc\u00e9nicas<\/title>\n<meta name=\"description\" content=\"Universidad de las Artes - La obra \u201cEl gobierno del barrio\u201d de Kevin Miranda, en la muestra de los graduados de Artes Esc\u00e9nicas\" \/>\n<meta name=\"robots\" content=\"index, follow, max-snippet:-1, max-image-preview:large, max-video-preview:-1\" \/>\n<link rel=\"canonical\" href=\"https:\/\/www.uartes.edu.ec\/sitio\/en\/blog\/2022\/12\/08\/el-gobierno-del-barrio-de-kevin-miranda-en-la-muestra-de-los-graduados-de-artes-escenicas\/\" \/>\n<meta property=\"og:locale\" content=\"en_US\" \/>\n<meta property=\"og:type\" content=\"article\" \/>\n<meta property=\"og:title\" content=\"Universidad de las Artes - La obra \u201cEl gobierno del barrio\u201d de Kevin Miranda, en la muestra de los graduados de Artes Esc\u00e9nicas\" \/>\n<meta property=\"og:description\" content=\"Universidad de las Artes - La obra \u201cEl gobierno del barrio\u201d de Kevin Miranda, en la muestra de los graduados de Artes Esc\u00e9nicas\" \/>\n<meta property=\"og:url\" content=\"https:\/\/www.uartes.edu.ec\/sitio\/en\/blog\/2022\/12\/08\/el-gobierno-del-barrio-de-kevin-miranda-en-la-muestra-de-los-graduados-de-artes-escenicas\/\" \/>\n<meta property=\"og:site_name\" content=\"Universidad de las Artes\" \/>\n<meta property=\"article:publisher\" content=\"https:\/\/www.facebook.com\/uartesec\" \/>\n<meta property=\"article:published_time\" content=\"2022-12-09T02:40:00+00:00\" \/>\n<meta property=\"article:modified_time\" content=\"2024-07-04T16:22:22+00:00\" \/>\n<meta property=\"og:image\" content=\"https:\/\/www.uartes.edu.ec\/sitio\/wp-content\/uploads\/2022\/12\/ARTES-ESCENICAS-PREGRADO-01.jpg\" \/>\n\t<meta property=\"og:image:width\" content=\"2000\" \/>\n\t<meta property=\"og:image:height\" content=\"1333\" \/>\n\t<meta property=\"og:image:type\" content=\"image\/jpeg\" \/>\n<meta name=\"author\" content=\"ccortez\" \/>\n<meta name=\"twitter:card\" content=\"summary_large_image\" \/>\n<meta name=\"twitter:creator\" content=\"@uartesec\" \/>\n<meta name=\"twitter:site\" content=\"@uartesec\" \/>\n<meta name=\"twitter:label1\" content=\"Written by\" \/>\n\t<meta name=\"twitter:data1\" content=\"ccortez\" \/>\n\t<meta name=\"twitter:label2\" content=\"Est. reading time\" \/>\n\t<meta name=\"twitter:data2\" content=\"3 minutes\" \/>\n<script type=\"application\/ld+json\" class=\"yoast-schema-graph\">{\"@context\":\"https:\\\/\\\/schema.org\",\"@graph\":[{\"@type\":\"Article\",\"@id\":\"https:\\\/\\\/www.uartes.edu.ec\\\/sitio\\\/en\\\/blog\\\/2022\\\/12\\\/08\\\/el-gobierno-del-barrio-de-kevin-miranda-en-la-muestra-de-los-graduados-de-artes-escenicas\\\/#article\",\"isPartOf\":{\"@id\":\"https:\\\/\\\/www.uartes.edu.ec\\\/sitio\\\/en\\\/blog\\\/2022\\\/12\\\/08\\\/el-gobierno-del-barrio-de-kevin-miranda-en-la-muestra-de-los-graduados-de-artes-escenicas\\\/\"},\"author\":{\"name\":\"ccortez\",\"@id\":\"https:\\\/\\\/www.uartes.edu.ec\\\/sitio\\\/en\\\/#\\\/schema\\\/person\\\/efa1b8275797664fd7f13a79ccc0b1f4\"},\"headline\":\"La obra \u201cEl gobierno del barrio\u201d de Kevin Miranda, en la muestra de los graduados de Artes Esc\u00e9nicas\",\"datePublished\":\"2022-12-09T02:40:00+00:00\",\"dateModified\":\"2024-07-04T16:22:22+00:00\",\"mainEntityOfPage\":{\"@id\":\"https:\\\/\\\/www.uartes.edu.ec\\\/sitio\\\/en\\\/blog\\\/2022\\\/12\\\/08\\\/el-gobierno-del-barrio-de-kevin-miranda-en-la-muestra-de-los-graduados-de-artes-escenicas\\\/\"},\"wordCount\":497,\"commentCount\":0,\"publisher\":{\"@id\":\"https:\\\/\\\/www.uartes.edu.ec\\\/sitio\\\/en\\\/#organization\"},\"image\":{\"@id\":\"https:\\\/\\\/www.uartes.edu.ec\\\/sitio\\\/en\\\/blog\\\/2022\\\/12\\\/08\\\/el-gobierno-del-barrio-de-kevin-miranda-en-la-muestra-de-los-graduados-de-artes-escenicas\\\/#primaryimage\"},\"thumbnailUrl\":\"https:\\\/\\\/www.uartes.edu.ec\\\/sitio\\\/wp-content\\\/uploads\\\/2022\\\/12\\\/ARTES-ESCENICAS-PREGRADO-01.jpg\",\"keywords\":[\"semana de graduaci\u00f3n\"],\"articleSection\":[\"Acad\u00e9mico\",\"Artes Esc\u00e9nicas\",\"Estudiantes\",\"Investigaci\u00f3n\"],\"inLanguage\":\"en-US\",\"potentialAction\":[{\"@type\":\"CommentAction\",\"name\":\"Comment\",\"target\":[\"https:\\\/\\\/www.uartes.edu.ec\\\/sitio\\\/en\\\/blog\\\/2022\\\/12\\\/08\\\/el-gobierno-del-barrio-de-kevin-miranda-en-la-muestra-de-los-graduados-de-artes-escenicas\\\/#respond\"]}]},{\"@type\":[\"WebPage\",\"ItemPage\"],\"@id\":\"https:\\\/\\\/www.uartes.edu.ec\\\/sitio\\\/en\\\/blog\\\/2022\\\/12\\\/08\\\/el-gobierno-del-barrio-de-kevin-miranda-en-la-muestra-de-los-graduados-de-artes-escenicas\\\/\",\"url\":\"https:\\\/\\\/www.uartes.edu.ec\\\/sitio\\\/en\\\/blog\\\/2022\\\/12\\\/08\\\/el-gobierno-del-barrio-de-kevin-miranda-en-la-muestra-de-los-graduados-de-artes-escenicas\\\/\",\"name\":\"Universidad de las Artes - La obra \u201cEl gobierno del barrio\u201d de Kevin Miranda, en la muestra de los graduados de Artes Esc\u00e9nicas\",\"isPartOf\":{\"@id\":\"https:\\\/\\\/www.uartes.edu.ec\\\/sitio\\\/en\\\/#website\"},\"primaryImageOfPage\":{\"@id\":\"https:\\\/\\\/www.uartes.edu.ec\\\/sitio\\\/en\\\/blog\\\/2022\\\/12\\\/08\\\/el-gobierno-del-barrio-de-kevin-miranda-en-la-muestra-de-los-graduados-de-artes-escenicas\\\/#primaryimage\"},\"image\":{\"@id\":\"https:\\\/\\\/www.uartes.edu.ec\\\/sitio\\\/en\\\/blog\\\/2022\\\/12\\\/08\\\/el-gobierno-del-barrio-de-kevin-miranda-en-la-muestra-de-los-graduados-de-artes-escenicas\\\/#primaryimage\"},\"thumbnailUrl\":\"https:\\\/\\\/www.uartes.edu.ec\\\/sitio\\\/wp-content\\\/uploads\\\/2022\\\/12\\\/ARTES-ESCENICAS-PREGRADO-01.jpg\",\"datePublished\":\"2022-12-09T02:40:00+00:00\",\"dateModified\":\"2024-07-04T16:22:22+00:00\",\"description\":\"Universidad de las Artes - La obra \u201cEl gobierno del barrio\u201d de Kevin Miranda, en la muestra de los graduados de Artes Esc\u00e9nicas\",\"breadcrumb\":{\"@id\":\"https:\\\/\\\/www.uartes.edu.ec\\\/sitio\\\/en\\\/blog\\\/2022\\\/12\\\/08\\\/el-gobierno-del-barrio-de-kevin-miranda-en-la-muestra-de-los-graduados-de-artes-escenicas\\\/#breadcrumb\"},\"inLanguage\":\"en-US\",\"potentialAction\":[{\"@type\":\"ReadAction\",\"target\":[\"https:\\\/\\\/www.uartes.edu.ec\\\/sitio\\\/en\\\/blog\\\/2022\\\/12\\\/08\\\/el-gobierno-del-barrio-de-kevin-miranda-en-la-muestra-de-los-graduados-de-artes-escenicas\\\/\"]}]},{\"@type\":\"ImageObject\",\"inLanguage\":\"en-US\",\"@id\":\"https:\\\/\\\/www.uartes.edu.ec\\\/sitio\\\/en\\\/blog\\\/2022\\\/12\\\/08\\\/el-gobierno-del-barrio-de-kevin-miranda-en-la-muestra-de-los-graduados-de-artes-escenicas\\\/#primaryimage\",\"url\":\"https:\\\/\\\/www.uartes.edu.ec\\\/sitio\\\/wp-content\\\/uploads\\\/2022\\\/12\\\/ARTES-ESCENICAS-PREGRADO-01.jpg\",\"contentUrl\":\"https:\\\/\\\/www.uartes.edu.ec\\\/sitio\\\/wp-content\\\/uploads\\\/2022\\\/12\\\/ARTES-ESCENICAS-PREGRADO-01.jpg\",\"width\":2000,\"height\":1333},{\"@type\":\"BreadcrumbList\",\"@id\":\"https:\\\/\\\/www.uartes.edu.ec\\\/sitio\\\/en\\\/blog\\\/2022\\\/12\\\/08\\\/el-gobierno-del-barrio-de-kevin-miranda-en-la-muestra-de-los-graduados-de-artes-escenicas\\\/#breadcrumb\",\"itemListElement\":[{\"@type\":\"ListItem\",\"position\":1,\"name\":\"Inicio\",\"item\":\"https:\\\/\\\/www.uartes.edu.ec\\\/sitio\\\/\"},{\"@type\":\"ListItem\",\"position\":2,\"name\":\"La obra \u201cEl gobierno del barrio\u201d de Kevin Miranda, en la muestra de los graduados de Artes Esc\u00e9nicas\"}]},{\"@type\":\"WebSite\",\"@id\":\"https:\\\/\\\/www.uartes.edu.ec\\\/sitio\\\/en\\\/#website\",\"url\":\"https:\\\/\\\/www.uartes.edu.ec\\\/sitio\\\/en\\\/\",\"name\":\"Universidad de las Artes\",\"description\":\"Sitio oficial de la Universidad Nacional de las Artes del Ecuador\",\"publisher\":{\"@id\":\"https:\\\/\\\/www.uartes.edu.ec\\\/sitio\\\/en\\\/#organization\"},\"potentialAction\":[{\"@type\":\"SearchAction\",\"target\":{\"@type\":\"EntryPoint\",\"urlTemplate\":\"https:\\\/\\\/www.uartes.edu.ec\\\/sitio\\\/en\\\/?s={search_term_string}\"},\"query-input\":{\"@type\":\"PropertyValueSpecification\",\"valueRequired\":true,\"valueName\":\"search_term_string\"}}],\"inLanguage\":\"en-US\"},{\"@type\":\"Organization\",\"@id\":\"https:\\\/\\\/www.uartes.edu.ec\\\/sitio\\\/en\\\/#organization\",\"name\":\"Universidad de las Artes\",\"url\":\"https:\\\/\\\/www.uartes.edu.ec\\\/sitio\\\/en\\\/\",\"logo\":{\"@type\":\"ImageObject\",\"inLanguage\":\"en-US\",\"@id\":\"https:\\\/\\\/www.uartes.edu.ec\\\/sitio\\\/en\\\/#\\\/schema\\\/logo\\\/image\\\/\",\"url\":\"https:\\\/\\\/www.uartes.edu.ec\\\/sitio\\\/wp-content\\\/uploads\\\/2022\\\/07\\\/logo-ua-horizontal.png\",\"contentUrl\":\"https:\\\/\\\/www.uartes.edu.ec\\\/sitio\\\/wp-content\\\/uploads\\\/2022\\\/07\\\/logo-ua-horizontal.png\",\"width\":800,\"height\":276,\"caption\":\"Universidad de las Artes\"},\"image\":{\"@id\":\"https:\\\/\\\/www.uartes.edu.ec\\\/sitio\\\/en\\\/#\\\/schema\\\/logo\\\/image\\\/\"},\"sameAs\":[\"https:\\\/\\\/www.facebook.com\\\/uartesec\",\"https:\\\/\\\/x.com\\\/uartesec\",\"https:\\\/\\\/www.tiktok.com\\\/@uartesec\"]},{\"@type\":\"Person\",\"@id\":\"https:\\\/\\\/www.uartes.edu.ec\\\/sitio\\\/en\\\/#\\\/schema\\\/person\\\/efa1b8275797664fd7f13a79ccc0b1f4\",\"name\":\"ccortez\",\"image\":{\"@type\":\"ImageObject\",\"inLanguage\":\"en-US\",\"@id\":\"https:\\\/\\\/secure.gravatar.com\\\/avatar\\\/b2a6f664a3ae8e074346ef91775736c5ec479e637ecced6842de9dc98b5da9cd?s=96&d=mm&r=g\",\"url\":\"https:\\\/\\\/secure.gravatar.com\\\/avatar\\\/b2a6f664a3ae8e074346ef91775736c5ec479e637ecced6842de9dc98b5da9cd?s=96&d=mm&r=g\",\"contentUrl\":\"https:\\\/\\\/secure.gravatar.com\\\/avatar\\\/b2a6f664a3ae8e074346ef91775736c5ec479e637ecced6842de9dc98b5da9cd?s=96&d=mm&r=g\",\"caption\":\"ccortez\"},\"url\":\"https:\\\/\\\/www.uartes.edu.ec\\\/sitio\\\/en\\\/blog\\\/author\\\/ccortez\\\/\"}]}<\/script>\n<!-- \/ Yoast SEO plugin. -->","yoast_head_json":{"title":"Universidad de las Artes - La obra \u201cEl gobierno del barrio\u201d de Kevin Miranda, en la muestra de los graduados de Artes Esc\u00e9nicas","description":"Universidad de las Artes - La obra \u201cEl gobierno del barrio\u201d de Kevin Miranda, en la muestra de los graduados de Artes Esc\u00e9nicas","robots":{"index":"index","follow":"follow","max-snippet":"max-snippet:-1","max-image-preview":"max-image-preview:large","max-video-preview":"max-video-preview:-1"},"canonical":"https:\/\/www.uartes.edu.ec\/sitio\/en\/blog\/2022\/12\/08\/el-gobierno-del-barrio-de-kevin-miranda-en-la-muestra-de-los-graduados-de-artes-escenicas\/","og_locale":"en_US","og_type":"article","og_title":"Universidad de las Artes - La obra \u201cEl gobierno del barrio\u201d de Kevin Miranda, en la muestra de los graduados de Artes Esc\u00e9nicas","og_description":"Universidad de las Artes - La obra \u201cEl gobierno del barrio\u201d de Kevin Miranda, en la muestra de los graduados de Artes Esc\u00e9nicas","og_url":"https:\/\/www.uartes.edu.ec\/sitio\/en\/blog\/2022\/12\/08\/el-gobierno-del-barrio-de-kevin-miranda-en-la-muestra-de-los-graduados-de-artes-escenicas\/","og_site_name":"Universidad de las Artes","article_publisher":"https:\/\/www.facebook.com\/uartesec","article_published_time":"2022-12-09T02:40:00+00:00","article_modified_time":"2024-07-04T16:22:22+00:00","og_image":[{"width":2000,"height":1333,"url":"https:\/\/www.uartes.edu.ec\/sitio\/wp-content\/uploads\/2022\/12\/ARTES-ESCENICAS-PREGRADO-01.jpg","type":"image\/jpeg"}],"author":"ccortez","twitter_card":"summary_large_image","twitter_creator":"@uartesec","twitter_site":"@uartesec","twitter_misc":{"Written by":"ccortez","Est. reading time":"3 minutes"},"schema":{"@context":"https:\/\/schema.org","@graph":[{"@type":"Article","@id":"https:\/\/www.uartes.edu.ec\/sitio\/en\/blog\/2022\/12\/08\/el-gobierno-del-barrio-de-kevin-miranda-en-la-muestra-de-los-graduados-de-artes-escenicas\/#article","isPartOf":{"@id":"https:\/\/www.uartes.edu.ec\/sitio\/en\/blog\/2022\/12\/08\/el-gobierno-del-barrio-de-kevin-miranda-en-la-muestra-de-los-graduados-de-artes-escenicas\/"},"author":{"name":"ccortez","@id":"https:\/\/www.uartes.edu.ec\/sitio\/en\/#\/schema\/person\/efa1b8275797664fd7f13a79ccc0b1f4"},"headline":"La obra \u201cEl gobierno del barrio\u201d de Kevin Miranda, en la muestra de los graduados de Artes Esc\u00e9nicas","datePublished":"2022-12-09T02:40:00+00:00","dateModified":"2024-07-04T16:22:22+00:00","mainEntityOfPage":{"@id":"https:\/\/www.uartes.edu.ec\/sitio\/en\/blog\/2022\/12\/08\/el-gobierno-del-barrio-de-kevin-miranda-en-la-muestra-de-los-graduados-de-artes-escenicas\/"},"wordCount":497,"commentCount":0,"publisher":{"@id":"https:\/\/www.uartes.edu.ec\/sitio\/en\/#organization"},"image":{"@id":"https:\/\/www.uartes.edu.ec\/sitio\/en\/blog\/2022\/12\/08\/el-gobierno-del-barrio-de-kevin-miranda-en-la-muestra-de-los-graduados-de-artes-escenicas\/#primaryimage"},"thumbnailUrl":"https:\/\/www.uartes.edu.ec\/sitio\/wp-content\/uploads\/2022\/12\/ARTES-ESCENICAS-PREGRADO-01.jpg","keywords":["semana de graduaci\u00f3n"],"articleSection":["Acad\u00e9mico","Artes Esc\u00e9nicas","Estudiantes","Investigaci\u00f3n"],"inLanguage":"en-US","potentialAction":[{"@type":"CommentAction","name":"Comment","target":["https:\/\/www.uartes.edu.ec\/sitio\/en\/blog\/2022\/12\/08\/el-gobierno-del-barrio-de-kevin-miranda-en-la-muestra-de-los-graduados-de-artes-escenicas\/#respond"]}]},{"@type":["WebPage","ItemPage"],"@id":"https:\/\/www.uartes.edu.ec\/sitio\/en\/blog\/2022\/12\/08\/el-gobierno-del-barrio-de-kevin-miranda-en-la-muestra-de-los-graduados-de-artes-escenicas\/","url":"https:\/\/www.uartes.edu.ec\/sitio\/en\/blog\/2022\/12\/08\/el-gobierno-del-barrio-de-kevin-miranda-en-la-muestra-de-los-graduados-de-artes-escenicas\/","name":"Universidad de las Artes - La obra \u201cEl gobierno del barrio\u201d de Kevin Miranda, en la muestra de los graduados de Artes Esc\u00e9nicas","isPartOf":{"@id":"https:\/\/www.uartes.edu.ec\/sitio\/en\/#website"},"primaryImageOfPage":{"@id":"https:\/\/www.uartes.edu.ec\/sitio\/en\/blog\/2022\/12\/08\/el-gobierno-del-barrio-de-kevin-miranda-en-la-muestra-de-los-graduados-de-artes-escenicas\/#primaryimage"},"image":{"@id":"https:\/\/www.uartes.edu.ec\/sitio\/en\/blog\/2022\/12\/08\/el-gobierno-del-barrio-de-kevin-miranda-en-la-muestra-de-los-graduados-de-artes-escenicas\/#primaryimage"},"thumbnailUrl":"https:\/\/www.uartes.edu.ec\/sitio\/wp-content\/uploads\/2022\/12\/ARTES-ESCENICAS-PREGRADO-01.jpg","datePublished":"2022-12-09T02:40:00+00:00","dateModified":"2024-07-04T16:22:22+00:00","description":"Universidad de las Artes - La obra \u201cEl gobierno del barrio\u201d de Kevin Miranda, en la muestra de los graduados de Artes Esc\u00e9nicas","breadcrumb":{"@id":"https:\/\/www.uartes.edu.ec\/sitio\/en\/blog\/2022\/12\/08\/el-gobierno-del-barrio-de-kevin-miranda-en-la-muestra-de-los-graduados-de-artes-escenicas\/#breadcrumb"},"inLanguage":"en-US","potentialAction":[{"@type":"ReadAction","target":["https:\/\/www.uartes.edu.ec\/sitio\/en\/blog\/2022\/12\/08\/el-gobierno-del-barrio-de-kevin-miranda-en-la-muestra-de-los-graduados-de-artes-escenicas\/"]}]},{"@type":"ImageObject","inLanguage":"en-US","@id":"https:\/\/www.uartes.edu.ec\/sitio\/en\/blog\/2022\/12\/08\/el-gobierno-del-barrio-de-kevin-miranda-en-la-muestra-de-los-graduados-de-artes-escenicas\/#primaryimage","url":"https:\/\/www.uartes.edu.ec\/sitio\/wp-content\/uploads\/2022\/12\/ARTES-ESCENICAS-PREGRADO-01.jpg","contentUrl":"https:\/\/www.uartes.edu.ec\/sitio\/wp-content\/uploads\/2022\/12\/ARTES-ESCENICAS-PREGRADO-01.jpg","width":2000,"height":1333},{"@type":"BreadcrumbList","@id":"https:\/\/www.uartes.edu.ec\/sitio\/en\/blog\/2022\/12\/08\/el-gobierno-del-barrio-de-kevin-miranda-en-la-muestra-de-los-graduados-de-artes-escenicas\/#breadcrumb","itemListElement":[{"@type":"ListItem","position":1,"name":"Inicio","item":"https:\/\/www.uartes.edu.ec\/sitio\/"},{"@type":"ListItem","position":2,"name":"La obra \u201cEl gobierno del barrio\u201d de Kevin Miranda, en la muestra de los graduados de Artes Esc\u00e9nicas"}]},{"@type":"WebSite","@id":"https:\/\/www.uartes.edu.ec\/sitio\/en\/#website","url":"https:\/\/www.uartes.edu.ec\/sitio\/en\/","name":"Universidad de las Artes","description":"Sitio oficial de la Universidad Nacional de las Artes del Ecuador","publisher":{"@id":"https:\/\/www.uartes.edu.ec\/sitio\/en\/#organization"},"potentialAction":[{"@type":"SearchAction","target":{"@type":"EntryPoint","urlTemplate":"https:\/\/www.uartes.edu.ec\/sitio\/en\/?s={search_term_string}"},"query-input":{"@type":"PropertyValueSpecification","valueRequired":true,"valueName":"search_term_string"}}],"inLanguage":"en-US"},{"@type":"Organization","@id":"https:\/\/www.uartes.edu.ec\/sitio\/en\/#organization","name":"Universidad de las Artes","url":"https:\/\/www.uartes.edu.ec\/sitio\/en\/","logo":{"@type":"ImageObject","inLanguage":"en-US","@id":"https:\/\/www.uartes.edu.ec\/sitio\/en\/#\/schema\/logo\/image\/","url":"https:\/\/www.uartes.edu.ec\/sitio\/wp-content\/uploads\/2022\/07\/logo-ua-horizontal.png","contentUrl":"https:\/\/www.uartes.edu.ec\/sitio\/wp-content\/uploads\/2022\/07\/logo-ua-horizontal.png","width":800,"height":276,"caption":"Universidad de las Artes"},"image":{"@id":"https:\/\/www.uartes.edu.ec\/sitio\/en\/#\/schema\/logo\/image\/"},"sameAs":["https:\/\/www.facebook.com\/uartesec","https:\/\/x.com\/uartesec","https:\/\/www.tiktok.com\/@uartesec"]},{"@type":"Person","@id":"https:\/\/www.uartes.edu.ec\/sitio\/en\/#\/schema\/person\/efa1b8275797664fd7f13a79ccc0b1f4","name":"ccortez","image":{"@type":"ImageObject","inLanguage":"en-US","@id":"https:\/\/secure.gravatar.com\/avatar\/b2a6f664a3ae8e074346ef91775736c5ec479e637ecced6842de9dc98b5da9cd?s=96&d=mm&r=g","url":"https:\/\/secure.gravatar.com\/avatar\/b2a6f664a3ae8e074346ef91775736c5ec479e637ecced6842de9dc98b5da9cd?s=96&d=mm&r=g","contentUrl":"https:\/\/secure.gravatar.com\/avatar\/b2a6f664a3ae8e074346ef91775736c5ec479e637ecced6842de9dc98b5da9cd?s=96&d=mm&r=g","caption":"ccortez"},"url":"https:\/\/www.uartes.edu.ec\/sitio\/en\/blog\/author\/ccortez\/"}]}},"uagb_featured_image_src":{"full":["https:\/\/www.uartes.edu.ec\/sitio\/wp-content\/uploads\/2022\/12\/ARTES-ESCENICAS-PREGRADO-01.jpg",2000,1333,false],"thumbnail":["https:\/\/www.uartes.edu.ec\/sitio\/wp-content\/uploads\/2022\/12\/ARTES-ESCENICAS-PREGRADO-01-150x150.jpg",150,150,true],"medium":["https:\/\/www.uartes.edu.ec\/sitio\/wp-content\/uploads\/2022\/12\/ARTES-ESCENICAS-PREGRADO-01-300x200.jpg",300,200,true],"medium_large":["https:\/\/www.uartes.edu.ec\/sitio\/wp-content\/uploads\/2022\/12\/ARTES-ESCENICAS-PREGRADO-01-768x512.jpg",768,512,true],"large":["https:\/\/www.uartes.edu.ec\/sitio\/wp-content\/uploads\/2022\/12\/ARTES-ESCENICAS-PREGRADO-01-644x429.jpg",644,429,true],"1536x1536":["https:\/\/www.uartes.edu.ec\/sitio\/wp-content\/uploads\/2022\/12\/ARTES-ESCENICAS-PREGRADO-01-1536x1024.jpg",1536,1024,true],"2048x2048":["https:\/\/www.uartes.edu.ec\/sitio\/wp-content\/uploads\/2022\/12\/ARTES-ESCENICAS-PREGRADO-01.jpg",2000,1333,false],"trp-custom-language-flag":["https:\/\/www.uartes.edu.ec\/sitio\/wp-content\/uploads\/2022\/12\/ARTES-ESCENICAS-PREGRADO-01.jpg",18,12,false],"htmega_size_585x295":["https:\/\/www.uartes.edu.ec\/sitio\/wp-content\/uploads\/2022\/12\/ARTES-ESCENICAS-PREGRADO-01.jpg",443,295,false],"htmega_size_1170x536":["https:\/\/www.uartes.edu.ec\/sitio\/wp-content\/uploads\/2022\/12\/ARTES-ESCENICAS-PREGRADO-01.jpg",804,536,false],"htmega_size_396x360":["https:\/\/www.uartes.edu.ec\/sitio\/wp-content\/uploads\/2022\/12\/ARTES-ESCENICAS-PREGRADO-01.jpg",396,264,false],"gb-block-post-grid-landscape":["https:\/\/www.uartes.edu.ec\/sitio\/wp-content\/uploads\/2022\/12\/ARTES-ESCENICAS-PREGRADO-01-600x400.jpg",600,400,true],"gb-block-post-grid-square":["https:\/\/www.uartes.edu.ec\/sitio\/wp-content\/uploads\/2022\/12\/ARTES-ESCENICAS-PREGRADO-01-600x600.jpg",600,600,true],"university-hub-thumb":["https:\/\/www.uartes.edu.ec\/sitio\/wp-content\/uploads\/2022\/12\/ARTES-ESCENICAS-PREGRADO-01-400x267.jpg",400,267,true],"mailpoet_newsletter_max":["https:\/\/www.uartes.edu.ec\/sitio\/wp-content\/uploads\/2022\/12\/ARTES-ESCENICAS-PREGRADO-01.jpg",1320,880,false]},"uagb_author_info":{"display_name":"ccortez","author_link":"https:\/\/www.uartes.edu.ec\/sitio\/en\/blog\/author\/ccortez\/"},"uagb_comment_info":0,"uagb_excerpt":"La presentaci\u00f3n de los trabajos de tesis de los estudiantes de la Escuela de Artes Esc\u00e9nicas dio continuidad este mi\u00e9rcoles 7 de diciembre a la semana de graduaci\u00f3n en la Universidad de las Artes. Para la ocasi\u00f3n, el espacio que acogi\u00f3 las obras \u201cEl gobierno del barrio\u201d, de Kevin Miranda, y \u201cActo 1 Reuni\u00f3n en&hellip;","featured_image_src":"https:\/\/www.uartes.edu.ec\/sitio\/wp-content\/uploads\/2022\/12\/ARTES-ESCENICAS-PREGRADO-01-600x400.jpg","featured_image_src_square":"https:\/\/www.uartes.edu.ec\/sitio\/wp-content\/uploads\/2022\/12\/ARTES-ESCENICAS-PREGRADO-01-600x600.jpg","author_info":{"display_name":"ccortez","author_link":"https:\/\/www.uartes.edu.ec\/sitio\/en\/blog\/author\/ccortez\/"},"publishpress_future_workflow_manual_trigger":{"enabledWorkflows":[]},"distributor_meta":false,"distributor_terms":false,"distributor_media":false,"distributor_original_site_name":"Universidad de las Artes","distributor_original_site_url":"https:\/\/www.uartes.edu.ec\/sitio\/en","push-errors":false,"_links":{"self":[{"href":"https:\/\/www.uartes.edu.ec\/sitio\/en\/wp-json\/wp\/v2\/posts\/34037","targetHints":{"allow":["GET"]}}],"collection":[{"href":"https:\/\/www.uartes.edu.ec\/sitio\/en\/wp-json\/wp\/v2\/posts"}],"about":[{"href":"https:\/\/www.uartes.edu.ec\/sitio\/en\/wp-json\/wp\/v2\/types\/post"}],"author":[{"embeddable":true,"href":"https:\/\/www.uartes.edu.ec\/sitio\/en\/wp-json\/wp\/v2\/users\/10"}],"replies":[{"embeddable":true,"href":"https:\/\/www.uartes.edu.ec\/sitio\/en\/wp-json\/wp\/v2\/comments?post=34037"}],"version-history":[{"count":3,"href":"https:\/\/www.uartes.edu.ec\/sitio\/en\/wp-json\/wp\/v2\/posts\/34037\/revisions"}],"predecessor-version":[{"id":34049,"href":"https:\/\/www.uartes.edu.ec\/sitio\/en\/wp-json\/wp\/v2\/posts\/34037\/revisions\/34049"}],"wp:featuredmedia":[{"embeddable":true,"href":"https:\/\/www.uartes.edu.ec\/sitio\/en\/wp-json\/wp\/v2\/media\/34038"}],"wp:attachment":[{"href":"https:\/\/www.uartes.edu.ec\/sitio\/en\/wp-json\/wp\/v2\/media?parent=34037"}],"wp:term":[{"taxonomy":"category","embeddable":true,"href":"https:\/\/www.uartes.edu.ec\/sitio\/en\/wp-json\/wp\/v2\/categories?post=34037"},{"taxonomy":"post_tag","embeddable":true,"href":"https:\/\/www.uartes.edu.ec\/sitio\/en\/wp-json\/wp\/v2\/tags?post=34037"},{"taxonomy":"infouartes","embeddable":true,"href":"https:\/\/www.uartes.edu.ec\/sitio\/en\/wp-json\/wp\/v2\/infouartes?post=34037"}],"curies":[{"name":"wp","href":"https:\/\/api.w.org\/{rel}","templated":true}]}}