{"id":34350,"date":"2022-12-13T09:40:00","date_gmt":"2022-12-13T14:40:00","guid":{"rendered":"http:\/\/www.uartes.edu.ec\/sitio\/?p=34350"},"modified":"2025-01-15T15:09:42","modified_gmt":"2025-01-15T20:09:42","slug":"rector-william-herrera-destaco-en-ceremonias-de-graduacion-la-importancia-de-trabajar-en-colectivo","status":"publish","type":"post","link":"https:\/\/www.uartes.edu.ec\/sitio\/en\/blog\/2022\/12\/13\/rector-william-herrera-destaco-en-ceremonias-de-graduacion-la-importancia-de-trabajar-en-colectivo\/","title":{"rendered":"Rector William Herrera destac\u00f3 en las ceremonias de graduaci\u00f3n 2022 la importancia de trabajar en colectivo"},"content":{"rendered":"<p>En sus dos intervenciones en las tambi\u00e9n dos ceremonias de graduaci\u00f3n de las\/los egresados de las escuelas de pre y posgrado de la Universidad de las Artes, que tuvieron lugar este s\u00e1bado 10 de diciembre en el Pasaje Illingworth, el rector William Herrera hizo memoria con los protagonistas de las jornadas, sus familiares y la comunidad, de que iniciaron sus estudios \u2013en 2016, 2017 y 2018\u2013 en un momento particular de la historia de la UArtes: los a\u00f1os de nacimiento y desarrollo inicial de este proyecto universitario.<\/p>\n\n\n\n<p>A medida que avanzan en sus programas de estudios y mallas, dijo, la universidad se iba construyendo. Anot\u00f3 hacer la referencia no solo por algunos edificios o espacios ni por el equipamiento que hac\u00eda falta, sino porque la universidad que se estaba construyendo en sus procesos pedag\u00f3gicos.<\/p>\n\n\n\n<p>\u201cA medida que ustedes avanzaban en sus mallas curriculares, muchas y muchos de nosotros, y me incluyo, aprend\u00edamos a ser docentes de una instituci\u00f3n de educaci\u00f3n superior dedicada a la formaci\u00f3n art\u00edstica; a ser, por ejemplo, tutores de un proyecto de titulaci\u00f3n en artes. Aprend\u00edamos a ser personal administrativo de una universidad \u2013y todav\u00eda nos falta seguir aprendiendo\u2013 y, sobre todo, descubr\u00edamos lo que es y lo que puede ser una Universidad de las Artes. Esa es la universidad en la que ustedes cursaron la mayor\u00eda de sus estudios\u201d, se\u00f1al\u00f3.<\/p>\n\n\n\n<p>Un poco antes, y tras dar la bienvenida a las autoridades y los directores de las escuelas de la UArtes, as\u00ed como al Dr. Pablo Beltr\u00e1n, presidente del Consejo de Educaci\u00f3n Superior, y al Eco. y Ph.D. Fidel M\u00e1rquez, consejero acad\u00e9mico del CES; a los graduados y sus familias, el rector revel\u00f3 que cada a\u00f1o, cuando se dise\u00f1a el calendario acad\u00e9mico, la ceremonia de graduaci\u00f3n tiene un lugar muy especial. Indic\u00f3 que, si bien representa un gran esfuerzo poder organizarla, \u201ces la actividad dentro de toda la programaci\u00f3n anual de la universidad que organizamos con un cari\u00f1o muy particular\u201d.<\/p>\n\n\n\n<p>Representa un gran momento de reencuentro de la comunidad universitaria y es la realizaci\u00f3n de una de las principales razones de ser de nuestra universidad: formar a profesionales en el campo de las artes. El doctor Herrera agradeci\u00f3 tambi\u00e9n a todos los equipos de la UArtes que participaron en la organizaci\u00f3n de la ceremonia, que en 2022 volvi\u00f3 a celebrarse en el campus centro.<\/p>\n\n\n<div class=\"wp-block-image\">\n<figure class=\"aligncenter size-large\"><img fetchpriority=\"high\" decoding=\"async\" width=\"644\" height=\"429\" src=\"http:\/\/www.uartes.edu.ec\/sitio\/wp-content\/uploads\/2022\/12\/WILLIAM-HERRERA-644x429.jpg\" alt=\"\" class=\"wp-image-34352\" srcset=\"https:\/\/www.uartes.edu.ec\/sitio\/wp-content\/uploads\/2022\/12\/WILLIAM-HERRERA-644x429.jpg 644w, https:\/\/www.uartes.edu.ec\/sitio\/wp-content\/uploads\/2022\/12\/WILLIAM-HERRERA-768x511.jpg 768w, https:\/\/www.uartes.edu.ec\/sitio\/wp-content\/uploads\/2022\/12\/WILLIAM-HERRERA.jpg 2000w, https:\/\/www.uartes.edu.ec\/sitio\/wp-content\/uploads\/2022\/12\/WILLIAM-HERRERA-600x399.jpg 600w, https:\/\/www.uartes.edu.ec\/sitio\/wp-content\/uploads\/2022\/12\/WILLIAM-HERRERA-272x182.jpg 272w\" sizes=\"(max-width: 644px) 100vw, 644px\" \/><\/figure>\n<\/div>\n\n\n<p>Justamente, el rector mencion\u00f3 que cuando los graduados, hoy alumni, ingresaron a su etapa de titulaci\u00f3n se enfrentaron a un momento tan loco como la pandemia por la COVID-19, y trabajaron sus proyectos de tesis en un contexto de gran incertidumbre. \u201cA pesar de eso, lo lograron. Aqu\u00ed estamos\u201d.<\/p>\n\n\n\n<p>Subray\u00f3, asimismo, la necesidad que la UArtes tiene de aprender cada vez m\u00e1s de ellos. \u201cA mis colegas docentes, a mis queridas autoridades acad\u00e9micas, no hay mejor insumo para repensar el modelo educativo de nuestra universidad, para revisar nuestras mallas, para activar procesos pedag\u00f3gicos cada vez m\u00e1s innovadores y experimentales, no hay mejor insumo que los proyectos de titulaci\u00f3n de las graduadas y graduados. Nos muestran constantemente nuevos caminos, nuevas formas de hacer\u201d.<\/p>\n\n\n\n<p>Se plante\u00f3 la pregunta \u00bfqu\u00e9 es lo que espero puedan llevarse de la UArtes?, y como respuesta indic\u00f3: \u201cCuando fui a la universidad, yo idealizaba la universidad. Ninguna de esas ideas o deseos originales se hicieron realidad. Sin embargo, fue una de las experiencias m\u00e1s valiosas de toda mi vida\u201d. Sobre todo, por las relaciones que se construyen, por los v\u00ednculos que se forjan a lo largo de sus estudios en las aulas y laboratorios, en las clases de Transversal, en los proyectos de vinculaci\u00f3n, en los rodajes, en las coreograf\u00edas, preparando un texto, etc.\u201d.<\/p>\n\n\n\n<p>Qu\u00e9 importante es saber trabajar en colectivo, subray\u00f3. \u201cComplementamos recursos, expandimos las ideas, aprendemos de las distintas pr\u00e1cticas art\u00edsticas, y aprendemos incluso a manejar, a lidiar con el conflicto. Eso es, sobre todo, lo que espero puedan llevarse\u2026 Esas relaciones, esos grupos de trabajos, las futuras colaboraciones y las amistades\u201d.<\/p>\n\n\n\n<p>Finaliz\u00f3 recomend\u00e1ndoles a los graduados esperar sinceramente que, desde el espacio donde se encuentren, nunca renuncien a ese esp\u00edritu que les ha caracterizado, a su pensamiento cr\u00edtico, a su creatividad. \u201c(\u2026) que desde el espacio donde ustedes se encuentren sigamos trabajando juntas y juntos por una sociedad justa, diversa y sostenible\u201d.<\/p>","protected":false},"excerpt":{"rendered":"<p>El rector de la Universidad de las Artes, doctor William Herrera, subray\u00f3 en sus intervenciones en las ceremonias de graduaci\u00f3n de la quinta cohorte de licenciados UArtes, la importancia de trabajar en colectivo y recomend\u00f3 a los graduados nunca renunciar a ese esp\u00edritu que les ha caracterizado, a su pensamiento cr\u00edtico, a su creatividad. El acto solemne, que tuvo dos partes, se realiz\u00f3 en el Pasaje Illingworth.<\/p>","protected":false},"author":10,"featured_media":34185,"comment_status":"open","ping_status":"open","sticky":false,"template":"","format":"standard","meta":{"_acf_changed":false,"_uag_custom_page_level_css":"","_monsterinsights_skip_tracking":false,"_monsterinsights_sitenote_active":false,"_monsterinsights_sitenote_note":"","_monsterinsights_sitenote_category":0,"cybocfi_hide_featured_image":"","footnotes":""},"categories":[714,80,438,75,76,84],"tags":[599],"infouartes":[],"class_list":["post-34350","post","type-post","status-publish","format-standard","has-post-thumbnail","hentry","category-2b","category-academico","category-administrativos","category-docentes","category-estudiantes","category-rectorado","tag-ceremonia-de-graduacion"],"acf":[],"yoast_head":"<!-- This site is optimized with the Yoast SEO plugin v27.4 - https:\/\/yoast.com\/product\/yoast-seo-wordpress\/ -->\n<title>Universidad de las Artes - Rector William Herrera destac\u00f3 en las ceremonias de graduaci\u00f3n 2022 la importancia de trabajar en colectivo<\/title>\n<meta name=\"description\" content=\"Universidad de las Artes - Rector William Herrera destac\u00f3 en las ceremonias de graduaci\u00f3n 2022 la importancia de trabajar en colectivo\" \/>\n<meta name=\"robots\" content=\"index, follow, max-snippet:-1, max-image-preview:large, max-video-preview:-1\" \/>\n<link rel=\"canonical\" href=\"https:\/\/www.uartes.edu.ec\/sitio\/en\/blog\/2022\/12\/13\/rector-william-herrera-destaco-en-ceremonias-de-graduacion-la-importancia-de-trabajar-en-colectivo\/\" \/>\n<meta property=\"og:locale\" content=\"en_US\" \/>\n<meta property=\"og:type\" content=\"article\" \/>\n<meta property=\"og:title\" content=\"Universidad de las Artes - Rector William Herrera destac\u00f3 en las ceremonias de graduaci\u00f3n 2022 la importancia de trabajar en colectivo\" \/>\n<meta property=\"og:description\" content=\"Universidad de las Artes - Rector William Herrera destac\u00f3 en las ceremonias de graduaci\u00f3n 2022 la importancia de trabajar en colectivo\" \/>\n<meta property=\"og:url\" content=\"https:\/\/www.uartes.edu.ec\/sitio\/en\/blog\/2022\/12\/13\/rector-william-herrera-destaco-en-ceremonias-de-graduacion-la-importancia-de-trabajar-en-colectivo\/\" \/>\n<meta property=\"og:site_name\" content=\"Universidad de las Artes\" \/>\n<meta property=\"article:publisher\" content=\"https:\/\/www.facebook.com\/uartesec\" \/>\n<meta property=\"article:published_time\" content=\"2022-12-13T14:40:00+00:00\" \/>\n<meta property=\"article:modified_time\" content=\"2025-01-15T20:09:42+00:00\" \/>\n<meta property=\"og:image\" content=\"https:\/\/www.uartes.edu.ec\/sitio\/wp-content\/uploads\/2022\/12\/PRIMERA-GRADUACION.jpg\" \/>\n\t<meta property=\"og:image:width\" content=\"2000\" \/>\n\t<meta property=\"og:image:height\" content=\"1333\" \/>\n\t<meta property=\"og:image:type\" content=\"image\/jpeg\" \/>\n<meta name=\"author\" content=\"ccortez\" \/>\n<meta name=\"twitter:card\" content=\"summary_large_image\" \/>\n<meta name=\"twitter:creator\" content=\"@uartesec\" \/>\n<meta name=\"twitter:site\" content=\"@uartesec\" \/>\n<meta name=\"twitter:label1\" content=\"Written by\" \/>\n\t<meta name=\"twitter:data1\" content=\"ccortez\" \/>\n\t<meta name=\"twitter:label2\" content=\"Est. reading time\" \/>\n\t<meta name=\"twitter:data2\" content=\"4 minutes\" \/>\n<script type=\"application\/ld+json\" class=\"yoast-schema-graph\">{\"@context\":\"https:\\\/\\\/schema.org\",\"@graph\":[{\"@type\":\"Article\",\"@id\":\"https:\\\/\\\/www.uartes.edu.ec\\\/sitio\\\/en\\\/blog\\\/2022\\\/12\\\/13\\\/rector-william-herrera-destaco-en-ceremonias-de-graduacion-la-importancia-de-trabajar-en-colectivo\\\/#article\",\"isPartOf\":{\"@id\":\"https:\\\/\\\/www.uartes.edu.ec\\\/sitio\\\/en\\\/blog\\\/2022\\\/12\\\/13\\\/rector-william-herrera-destaco-en-ceremonias-de-graduacion-la-importancia-de-trabajar-en-colectivo\\\/\"},\"author\":{\"name\":\"ccortez\",\"@id\":\"https:\\\/\\\/www.uartes.edu.ec\\\/sitio\\\/en\\\/#\\\/schema\\\/person\\\/efa1b8275797664fd7f13a79ccc0b1f4\"},\"headline\":\"Rector William Herrera destac\u00f3 en las ceremonias de graduaci\u00f3n 2022 la importancia de trabajar en colectivo\",\"datePublished\":\"2022-12-13T14:40:00+00:00\",\"dateModified\":\"2025-01-15T20:09:42+00:00\",\"mainEntityOfPage\":{\"@id\":\"https:\\\/\\\/www.uartes.edu.ec\\\/sitio\\\/en\\\/blog\\\/2022\\\/12\\\/13\\\/rector-william-herrera-destaco-en-ceremonias-de-graduacion-la-importancia-de-trabajar-en-colectivo\\\/\"},\"wordCount\":762,\"commentCount\":0,\"publisher\":{\"@id\":\"https:\\\/\\\/www.uartes.edu.ec\\\/sitio\\\/en\\\/#organization\"},\"image\":{\"@id\":\"https:\\\/\\\/www.uartes.edu.ec\\\/sitio\\\/en\\\/blog\\\/2022\\\/12\\\/13\\\/rector-william-herrera-destaco-en-ceremonias-de-graduacion-la-importancia-de-trabajar-en-colectivo\\\/#primaryimage\"},\"thumbnailUrl\":\"https:\\\/\\\/www.uartes.edu.ec\\\/sitio\\\/wp-content\\\/uploads\\\/2022\\\/12\\\/PRIMERA-GRADUACION.jpg\",\"keywords\":[\"ceremonia de graduaci\u00f3n\"],\"articleSection\":[\"2B\",\"Acad\u00e9mico\",\"Administrativos\",\"Docentes\",\"Estudiantes\",\"Rectorado\"],\"inLanguage\":\"en-US\",\"potentialAction\":[{\"@type\":\"CommentAction\",\"name\":\"Comment\",\"target\":[\"https:\\\/\\\/www.uartes.edu.ec\\\/sitio\\\/en\\\/blog\\\/2022\\\/12\\\/13\\\/rector-william-herrera-destaco-en-ceremonias-de-graduacion-la-importancia-de-trabajar-en-colectivo\\\/#respond\"]}]},{\"@type\":[\"WebPage\",\"ItemPage\"],\"@id\":\"https:\\\/\\\/www.uartes.edu.ec\\\/sitio\\\/en\\\/blog\\\/2022\\\/12\\\/13\\\/rector-william-herrera-destaco-en-ceremonias-de-graduacion-la-importancia-de-trabajar-en-colectivo\\\/\",\"url\":\"https:\\\/\\\/www.uartes.edu.ec\\\/sitio\\\/en\\\/blog\\\/2022\\\/12\\\/13\\\/rector-william-herrera-destaco-en-ceremonias-de-graduacion-la-importancia-de-trabajar-en-colectivo\\\/\",\"name\":\"Universidad de las Artes - Rector William Herrera destac\u00f3 en las ceremonias de graduaci\u00f3n 2022 la importancia de trabajar en colectivo\",\"isPartOf\":{\"@id\":\"https:\\\/\\\/www.uartes.edu.ec\\\/sitio\\\/en\\\/#website\"},\"primaryImageOfPage\":{\"@id\":\"https:\\\/\\\/www.uartes.edu.ec\\\/sitio\\\/en\\\/blog\\\/2022\\\/12\\\/13\\\/rector-william-herrera-destaco-en-ceremonias-de-graduacion-la-importancia-de-trabajar-en-colectivo\\\/#primaryimage\"},\"image\":{\"@id\":\"https:\\\/\\\/www.uartes.edu.ec\\\/sitio\\\/en\\\/blog\\\/2022\\\/12\\\/13\\\/rector-william-herrera-destaco-en-ceremonias-de-graduacion-la-importancia-de-trabajar-en-colectivo\\\/#primaryimage\"},\"thumbnailUrl\":\"https:\\\/\\\/www.uartes.edu.ec\\\/sitio\\\/wp-content\\\/uploads\\\/2022\\\/12\\\/PRIMERA-GRADUACION.jpg\",\"datePublished\":\"2022-12-13T14:40:00+00:00\",\"dateModified\":\"2025-01-15T20:09:42+00:00\",\"description\":\"Universidad de las Artes - Rector William Herrera destac\u00f3 en las ceremonias de graduaci\u00f3n 2022 la importancia de trabajar en colectivo\",\"breadcrumb\":{\"@id\":\"https:\\\/\\\/www.uartes.edu.ec\\\/sitio\\\/en\\\/blog\\\/2022\\\/12\\\/13\\\/rector-william-herrera-destaco-en-ceremonias-de-graduacion-la-importancia-de-trabajar-en-colectivo\\\/#breadcrumb\"},\"inLanguage\":\"en-US\",\"potentialAction\":[{\"@type\":\"ReadAction\",\"target\":[\"https:\\\/\\\/www.uartes.edu.ec\\\/sitio\\\/en\\\/blog\\\/2022\\\/12\\\/13\\\/rector-william-herrera-destaco-en-ceremonias-de-graduacion-la-importancia-de-trabajar-en-colectivo\\\/\"]}]},{\"@type\":\"ImageObject\",\"inLanguage\":\"en-US\",\"@id\":\"https:\\\/\\\/www.uartes.edu.ec\\\/sitio\\\/en\\\/blog\\\/2022\\\/12\\\/13\\\/rector-william-herrera-destaco-en-ceremonias-de-graduacion-la-importancia-de-trabajar-en-colectivo\\\/#primaryimage\",\"url\":\"https:\\\/\\\/www.uartes.edu.ec\\\/sitio\\\/wp-content\\\/uploads\\\/2022\\\/12\\\/PRIMERA-GRADUACION.jpg\",\"contentUrl\":\"https:\\\/\\\/www.uartes.edu.ec\\\/sitio\\\/wp-content\\\/uploads\\\/2022\\\/12\\\/PRIMERA-GRADUACION.jpg\",\"width\":2000,\"height\":1333},{\"@type\":\"BreadcrumbList\",\"@id\":\"https:\\\/\\\/www.uartes.edu.ec\\\/sitio\\\/en\\\/blog\\\/2022\\\/12\\\/13\\\/rector-william-herrera-destaco-en-ceremonias-de-graduacion-la-importancia-de-trabajar-en-colectivo\\\/#breadcrumb\",\"itemListElement\":[{\"@type\":\"ListItem\",\"position\":1,\"name\":\"Inicio\",\"item\":\"https:\\\/\\\/www.uartes.edu.ec\\\/sitio\\\/\"},{\"@type\":\"ListItem\",\"position\":2,\"name\":\"Rector William Herrera destac\u00f3 en las ceremonias de graduaci\u00f3n 2022 la importancia de trabajar en colectivo\"}]},{\"@type\":\"WebSite\",\"@id\":\"https:\\\/\\\/www.uartes.edu.ec\\\/sitio\\\/en\\\/#website\",\"url\":\"https:\\\/\\\/www.uartes.edu.ec\\\/sitio\\\/en\\\/\",\"name\":\"Universidad de las Artes\",\"description\":\"Sitio oficial de la Universidad Nacional de las Artes del Ecuador\",\"publisher\":{\"@id\":\"https:\\\/\\\/www.uartes.edu.ec\\\/sitio\\\/en\\\/#organization\"},\"potentialAction\":[{\"@type\":\"SearchAction\",\"target\":{\"@type\":\"EntryPoint\",\"urlTemplate\":\"https:\\\/\\\/www.uartes.edu.ec\\\/sitio\\\/en\\\/?s={search_term_string}\"},\"query-input\":{\"@type\":\"PropertyValueSpecification\",\"valueRequired\":true,\"valueName\":\"search_term_string\"}}],\"inLanguage\":\"en-US\"},{\"@type\":\"Organization\",\"@id\":\"https:\\\/\\\/www.uartes.edu.ec\\\/sitio\\\/en\\\/#organization\",\"name\":\"Universidad de las Artes\",\"url\":\"https:\\\/\\\/www.uartes.edu.ec\\\/sitio\\\/en\\\/\",\"logo\":{\"@type\":\"ImageObject\",\"inLanguage\":\"en-US\",\"@id\":\"https:\\\/\\\/www.uartes.edu.ec\\\/sitio\\\/en\\\/#\\\/schema\\\/logo\\\/image\\\/\",\"url\":\"https:\\\/\\\/www.uartes.edu.ec\\\/sitio\\\/wp-content\\\/uploads\\\/2022\\\/07\\\/logo-ua-horizontal.png\",\"contentUrl\":\"https:\\\/\\\/www.uartes.edu.ec\\\/sitio\\\/wp-content\\\/uploads\\\/2022\\\/07\\\/logo-ua-horizontal.png\",\"width\":800,\"height\":276,\"caption\":\"Universidad de las Artes\"},\"image\":{\"@id\":\"https:\\\/\\\/www.uartes.edu.ec\\\/sitio\\\/en\\\/#\\\/schema\\\/logo\\\/image\\\/\"},\"sameAs\":[\"https:\\\/\\\/www.facebook.com\\\/uartesec\",\"https:\\\/\\\/x.com\\\/uartesec\",\"https:\\\/\\\/www.tiktok.com\\\/@uartesec\"]},{\"@type\":\"Person\",\"@id\":\"https:\\\/\\\/www.uartes.edu.ec\\\/sitio\\\/en\\\/#\\\/schema\\\/person\\\/efa1b8275797664fd7f13a79ccc0b1f4\",\"name\":\"ccortez\",\"image\":{\"@type\":\"ImageObject\",\"inLanguage\":\"en-US\",\"@id\":\"https:\\\/\\\/secure.gravatar.com\\\/avatar\\\/b2a6f664a3ae8e074346ef91775736c5ec479e637ecced6842de9dc98b5da9cd?s=96&d=mm&r=g\",\"url\":\"https:\\\/\\\/secure.gravatar.com\\\/avatar\\\/b2a6f664a3ae8e074346ef91775736c5ec479e637ecced6842de9dc98b5da9cd?s=96&d=mm&r=g\",\"contentUrl\":\"https:\\\/\\\/secure.gravatar.com\\\/avatar\\\/b2a6f664a3ae8e074346ef91775736c5ec479e637ecced6842de9dc98b5da9cd?s=96&d=mm&r=g\",\"caption\":\"ccortez\"},\"url\":\"https:\\\/\\\/www.uartes.edu.ec\\\/sitio\\\/en\\\/blog\\\/author\\\/ccortez\\\/\"}]}<\/script>\n<!-- \/ Yoast SEO plugin. -->","yoast_head_json":{"title":"Universidad de las Artes - Rector William Herrera destac\u00f3 en las ceremonias de graduaci\u00f3n 2022 la importancia de trabajar en colectivo","description":"Universidad de las Artes - Rector William Herrera destac\u00f3 en las ceremonias de graduaci\u00f3n 2022 la importancia de trabajar en colectivo","robots":{"index":"index","follow":"follow","max-snippet":"max-snippet:-1","max-image-preview":"max-image-preview:large","max-video-preview":"max-video-preview:-1"},"canonical":"https:\/\/www.uartes.edu.ec\/sitio\/en\/blog\/2022\/12\/13\/rector-william-herrera-destaco-en-ceremonias-de-graduacion-la-importancia-de-trabajar-en-colectivo\/","og_locale":"en_US","og_type":"article","og_title":"Universidad de las Artes - Rector William Herrera destac\u00f3 en las ceremonias de graduaci\u00f3n 2022 la importancia de trabajar en colectivo","og_description":"Universidad de las Artes - Rector William Herrera destac\u00f3 en las ceremonias de graduaci\u00f3n 2022 la importancia de trabajar en colectivo","og_url":"https:\/\/www.uartes.edu.ec\/sitio\/en\/blog\/2022\/12\/13\/rector-william-herrera-destaco-en-ceremonias-de-graduacion-la-importancia-de-trabajar-en-colectivo\/","og_site_name":"Universidad de las Artes","article_publisher":"https:\/\/www.facebook.com\/uartesec","article_published_time":"2022-12-13T14:40:00+00:00","article_modified_time":"2025-01-15T20:09:42+00:00","og_image":[{"width":2000,"height":1333,"url":"https:\/\/www.uartes.edu.ec\/sitio\/wp-content\/uploads\/2022\/12\/PRIMERA-GRADUACION.jpg","type":"image\/jpeg"}],"author":"ccortez","twitter_card":"summary_large_image","twitter_creator":"@uartesec","twitter_site":"@uartesec","twitter_misc":{"Written by":"ccortez","Est. reading time":"4 minutes"},"schema":{"@context":"https:\/\/schema.org","@graph":[{"@type":"Article","@id":"https:\/\/www.uartes.edu.ec\/sitio\/en\/blog\/2022\/12\/13\/rector-william-herrera-destaco-en-ceremonias-de-graduacion-la-importancia-de-trabajar-en-colectivo\/#article","isPartOf":{"@id":"https:\/\/www.uartes.edu.ec\/sitio\/en\/blog\/2022\/12\/13\/rector-william-herrera-destaco-en-ceremonias-de-graduacion-la-importancia-de-trabajar-en-colectivo\/"},"author":{"name":"ccortez","@id":"https:\/\/www.uartes.edu.ec\/sitio\/en\/#\/schema\/person\/efa1b8275797664fd7f13a79ccc0b1f4"},"headline":"Rector William Herrera destac\u00f3 en las ceremonias de graduaci\u00f3n 2022 la importancia de trabajar en colectivo","datePublished":"2022-12-13T14:40:00+00:00","dateModified":"2025-01-15T20:09:42+00:00","mainEntityOfPage":{"@id":"https:\/\/www.uartes.edu.ec\/sitio\/en\/blog\/2022\/12\/13\/rector-william-herrera-destaco-en-ceremonias-de-graduacion-la-importancia-de-trabajar-en-colectivo\/"},"wordCount":762,"commentCount":0,"publisher":{"@id":"https:\/\/www.uartes.edu.ec\/sitio\/en\/#organization"},"image":{"@id":"https:\/\/www.uartes.edu.ec\/sitio\/en\/blog\/2022\/12\/13\/rector-william-herrera-destaco-en-ceremonias-de-graduacion-la-importancia-de-trabajar-en-colectivo\/#primaryimage"},"thumbnailUrl":"https:\/\/www.uartes.edu.ec\/sitio\/wp-content\/uploads\/2022\/12\/PRIMERA-GRADUACION.jpg","keywords":["ceremonia de graduaci\u00f3n"],"articleSection":["2B","Acad\u00e9mico","Administrativos","Docentes","Estudiantes","Rectorado"],"inLanguage":"en-US","potentialAction":[{"@type":"CommentAction","name":"Comment","target":["https:\/\/www.uartes.edu.ec\/sitio\/en\/blog\/2022\/12\/13\/rector-william-herrera-destaco-en-ceremonias-de-graduacion-la-importancia-de-trabajar-en-colectivo\/#respond"]}]},{"@type":["WebPage","ItemPage"],"@id":"https:\/\/www.uartes.edu.ec\/sitio\/en\/blog\/2022\/12\/13\/rector-william-herrera-destaco-en-ceremonias-de-graduacion-la-importancia-de-trabajar-en-colectivo\/","url":"https:\/\/www.uartes.edu.ec\/sitio\/en\/blog\/2022\/12\/13\/rector-william-herrera-destaco-en-ceremonias-de-graduacion-la-importancia-de-trabajar-en-colectivo\/","name":"Universidad de las Artes - Rector William Herrera destac\u00f3 en las ceremonias de graduaci\u00f3n 2022 la importancia de trabajar en colectivo","isPartOf":{"@id":"https:\/\/www.uartes.edu.ec\/sitio\/en\/#website"},"primaryImageOfPage":{"@id":"https:\/\/www.uartes.edu.ec\/sitio\/en\/blog\/2022\/12\/13\/rector-william-herrera-destaco-en-ceremonias-de-graduacion-la-importancia-de-trabajar-en-colectivo\/#primaryimage"},"image":{"@id":"https:\/\/www.uartes.edu.ec\/sitio\/en\/blog\/2022\/12\/13\/rector-william-herrera-destaco-en-ceremonias-de-graduacion-la-importancia-de-trabajar-en-colectivo\/#primaryimage"},"thumbnailUrl":"https:\/\/www.uartes.edu.ec\/sitio\/wp-content\/uploads\/2022\/12\/PRIMERA-GRADUACION.jpg","datePublished":"2022-12-13T14:40:00+00:00","dateModified":"2025-01-15T20:09:42+00:00","description":"Universidad de las Artes - Rector William Herrera destac\u00f3 en las ceremonias de graduaci\u00f3n 2022 la importancia de trabajar en colectivo","breadcrumb":{"@id":"https:\/\/www.uartes.edu.ec\/sitio\/en\/blog\/2022\/12\/13\/rector-william-herrera-destaco-en-ceremonias-de-graduacion-la-importancia-de-trabajar-en-colectivo\/#breadcrumb"},"inLanguage":"en-US","potentialAction":[{"@type":"ReadAction","target":["https:\/\/www.uartes.edu.ec\/sitio\/en\/blog\/2022\/12\/13\/rector-william-herrera-destaco-en-ceremonias-de-graduacion-la-importancia-de-trabajar-en-colectivo\/"]}]},{"@type":"ImageObject","inLanguage":"en-US","@id":"https:\/\/www.uartes.edu.ec\/sitio\/en\/blog\/2022\/12\/13\/rector-william-herrera-destaco-en-ceremonias-de-graduacion-la-importancia-de-trabajar-en-colectivo\/#primaryimage","url":"https:\/\/www.uartes.edu.ec\/sitio\/wp-content\/uploads\/2022\/12\/PRIMERA-GRADUACION.jpg","contentUrl":"https:\/\/www.uartes.edu.ec\/sitio\/wp-content\/uploads\/2022\/12\/PRIMERA-GRADUACION.jpg","width":2000,"height":1333},{"@type":"BreadcrumbList","@id":"https:\/\/www.uartes.edu.ec\/sitio\/en\/blog\/2022\/12\/13\/rector-william-herrera-destaco-en-ceremonias-de-graduacion-la-importancia-de-trabajar-en-colectivo\/#breadcrumb","itemListElement":[{"@type":"ListItem","position":1,"name":"Inicio","item":"https:\/\/www.uartes.edu.ec\/sitio\/"},{"@type":"ListItem","position":2,"name":"Rector William Herrera destac\u00f3 en las ceremonias de graduaci\u00f3n 2022 la importancia de trabajar en colectivo"}]},{"@type":"WebSite","@id":"https:\/\/www.uartes.edu.ec\/sitio\/en\/#website","url":"https:\/\/www.uartes.edu.ec\/sitio\/en\/","name":"Universidad de las Artes","description":"Sitio oficial de la Universidad Nacional de las Artes del Ecuador","publisher":{"@id":"https:\/\/www.uartes.edu.ec\/sitio\/en\/#organization"},"potentialAction":[{"@type":"SearchAction","target":{"@type":"EntryPoint","urlTemplate":"https:\/\/www.uartes.edu.ec\/sitio\/en\/?s={search_term_string}"},"query-input":{"@type":"PropertyValueSpecification","valueRequired":true,"valueName":"search_term_string"}}],"inLanguage":"en-US"},{"@type":"Organization","@id":"https:\/\/www.uartes.edu.ec\/sitio\/en\/#organization","name":"Universidad de las Artes","url":"https:\/\/www.uartes.edu.ec\/sitio\/en\/","logo":{"@type":"ImageObject","inLanguage":"en-US","@id":"https:\/\/www.uartes.edu.ec\/sitio\/en\/#\/schema\/logo\/image\/","url":"https:\/\/www.uartes.edu.ec\/sitio\/wp-content\/uploads\/2022\/07\/logo-ua-horizontal.png","contentUrl":"https:\/\/www.uartes.edu.ec\/sitio\/wp-content\/uploads\/2022\/07\/logo-ua-horizontal.png","width":800,"height":276,"caption":"Universidad de las Artes"},"image":{"@id":"https:\/\/www.uartes.edu.ec\/sitio\/en\/#\/schema\/logo\/image\/"},"sameAs":["https:\/\/www.facebook.com\/uartesec","https:\/\/x.com\/uartesec","https:\/\/www.tiktok.com\/@uartesec"]},{"@type":"Person","@id":"https:\/\/www.uartes.edu.ec\/sitio\/en\/#\/schema\/person\/efa1b8275797664fd7f13a79ccc0b1f4","name":"ccortez","image":{"@type":"ImageObject","inLanguage":"en-US","@id":"https:\/\/secure.gravatar.com\/avatar\/b2a6f664a3ae8e074346ef91775736c5ec479e637ecced6842de9dc98b5da9cd?s=96&d=mm&r=g","url":"https:\/\/secure.gravatar.com\/avatar\/b2a6f664a3ae8e074346ef91775736c5ec479e637ecced6842de9dc98b5da9cd?s=96&d=mm&r=g","contentUrl":"https:\/\/secure.gravatar.com\/avatar\/b2a6f664a3ae8e074346ef91775736c5ec479e637ecced6842de9dc98b5da9cd?s=96&d=mm&r=g","caption":"ccortez"},"url":"https:\/\/www.uartes.edu.ec\/sitio\/en\/blog\/author\/ccortez\/"}]}},"uagb_featured_image_src":{"full":["https:\/\/www.uartes.edu.ec\/sitio\/wp-content\/uploads\/2022\/12\/PRIMERA-GRADUACION.jpg",2000,1333,false],"thumbnail":["https:\/\/www.uartes.edu.ec\/sitio\/wp-content\/uploads\/2022\/12\/PRIMERA-GRADUACION-150x150.jpg",150,150,true],"medium":["https:\/\/www.uartes.edu.ec\/sitio\/wp-content\/uploads\/2022\/12\/PRIMERA-GRADUACION-300x200.jpg",300,200,true],"medium_large":["https:\/\/www.uartes.edu.ec\/sitio\/wp-content\/uploads\/2022\/12\/PRIMERA-GRADUACION-768x512.jpg",768,512,true],"large":["https:\/\/www.uartes.edu.ec\/sitio\/wp-content\/uploads\/2022\/12\/PRIMERA-GRADUACION-644x429.jpg",644,429,true],"1536x1536":["https:\/\/www.uartes.edu.ec\/sitio\/wp-content\/uploads\/2022\/12\/PRIMERA-GRADUACION-1536x1024.jpg",1536,1024,true],"2048x2048":["https:\/\/www.uartes.edu.ec\/sitio\/wp-content\/uploads\/2022\/12\/PRIMERA-GRADUACION.jpg",2000,1333,false],"trp-custom-language-flag":["https:\/\/www.uartes.edu.ec\/sitio\/wp-content\/uploads\/2022\/12\/PRIMERA-GRADUACION.jpg",18,12,false],"htmega_size_585x295":["https:\/\/www.uartes.edu.ec\/sitio\/wp-content\/uploads\/2022\/12\/PRIMERA-GRADUACION.jpg",443,295,false],"htmega_size_1170x536":["https:\/\/www.uartes.edu.ec\/sitio\/wp-content\/uploads\/2022\/12\/PRIMERA-GRADUACION.jpg",804,536,false],"htmega_size_396x360":["https:\/\/www.uartes.edu.ec\/sitio\/wp-content\/uploads\/2022\/12\/PRIMERA-GRADUACION.jpg",396,264,false],"gb-block-post-grid-landscape":["https:\/\/www.uartes.edu.ec\/sitio\/wp-content\/uploads\/2022\/12\/PRIMERA-GRADUACION-600x400.jpg",600,400,true],"gb-block-post-grid-square":["https:\/\/www.uartes.edu.ec\/sitio\/wp-content\/uploads\/2022\/12\/PRIMERA-GRADUACION-600x600.jpg",600,600,true],"university-hub-thumb":["https:\/\/www.uartes.edu.ec\/sitio\/wp-content\/uploads\/2022\/12\/PRIMERA-GRADUACION-400x267.jpg",400,267,true],"mailpoet_newsletter_max":["https:\/\/www.uartes.edu.ec\/sitio\/wp-content\/uploads\/2022\/12\/PRIMERA-GRADUACION.jpg",1320,880,false]},"uagb_author_info":{"display_name":"ccortez","author_link":"https:\/\/www.uartes.edu.ec\/sitio\/en\/blog\/author\/ccortez\/"},"uagb_comment_info":0,"uagb_excerpt":"El rector de la Universidad de las Artes, doctor William Herrera, subray\u00f3 en sus intervenciones en las ceremonias de graduaci\u00f3n de la quinta cohorte de licenciados UArtes, la importancia de trabajar en colectivo y recomend\u00f3 a los graduados nunca renunciar a ese esp\u00edritu que les ha caracterizado, a su pensamiento cr\u00edtico, a su creatividad. El&hellip;","featured_image_src":"https:\/\/www.uartes.edu.ec\/sitio\/wp-content\/uploads\/2022\/12\/PRIMERA-GRADUACION-600x400.jpg","featured_image_src_square":"https:\/\/www.uartes.edu.ec\/sitio\/wp-content\/uploads\/2022\/12\/PRIMERA-GRADUACION-600x600.jpg","author_info":{"display_name":"ccortez","author_link":"https:\/\/www.uartes.edu.ec\/sitio\/en\/blog\/author\/ccortez\/"},"publishpress_future_workflow_manual_trigger":{"enabledWorkflows":[]},"distributor_meta":false,"distributor_terms":false,"distributor_media":false,"distributor_original_site_name":"Universidad de las Artes","distributor_original_site_url":"https:\/\/www.uartes.edu.ec\/sitio\/en","push-errors":false,"_links":{"self":[{"href":"https:\/\/www.uartes.edu.ec\/sitio\/en\/wp-json\/wp\/v2\/posts\/34350","targetHints":{"allow":["GET"]}}],"collection":[{"href":"https:\/\/www.uartes.edu.ec\/sitio\/en\/wp-json\/wp\/v2\/posts"}],"about":[{"href":"https:\/\/www.uartes.edu.ec\/sitio\/en\/wp-json\/wp\/v2\/types\/post"}],"author":[{"embeddable":true,"href":"https:\/\/www.uartes.edu.ec\/sitio\/en\/wp-json\/wp\/v2\/users\/10"}],"replies":[{"embeddable":true,"href":"https:\/\/www.uartes.edu.ec\/sitio\/en\/wp-json\/wp\/v2\/comments?post=34350"}],"version-history":[{"count":3,"href":"https:\/\/www.uartes.edu.ec\/sitio\/en\/wp-json\/wp\/v2\/posts\/34350\/revisions"}],"predecessor-version":[{"id":34360,"href":"https:\/\/www.uartes.edu.ec\/sitio\/en\/wp-json\/wp\/v2\/posts\/34350\/revisions\/34360"}],"wp:featuredmedia":[{"embeddable":true,"href":"https:\/\/www.uartes.edu.ec\/sitio\/en\/wp-json\/wp\/v2\/media\/34185"}],"wp:attachment":[{"href":"https:\/\/www.uartes.edu.ec\/sitio\/en\/wp-json\/wp\/v2\/media?parent=34350"}],"wp:term":[{"taxonomy":"category","embeddable":true,"href":"https:\/\/www.uartes.edu.ec\/sitio\/en\/wp-json\/wp\/v2\/categories?post=34350"},{"taxonomy":"post_tag","embeddable":true,"href":"https:\/\/www.uartes.edu.ec\/sitio\/en\/wp-json\/wp\/v2\/tags?post=34350"},{"taxonomy":"infouartes","embeddable":true,"href":"https:\/\/www.uartes.edu.ec\/sitio\/en\/wp-json\/wp\/v2\/infouartes?post=34350"}],"curies":[{"name":"wp","href":"https:\/\/api.w.org\/{rel}","templated":true}]}}