{"id":3478,"date":"2019-05-07T14:27:58","date_gmt":"2019-05-07T19:27:58","guid":{"rendered":"http:\/\/www.uartes.edu.ec\/sitio\/?p=3478"},"modified":"2024-07-04T11:51:11","modified_gmt":"2024-07-04T16:51:11","slug":"festival-internacional-de-cine-documental-encuentros-del-otro-cine","status":"publish","type":"post","link":"https:\/\/www.uartes.edu.ec\/sitio\/en\/blog\/2019\/05\/07\/festival-internacional-de-cine-documental-encuentros-del-otro-cine\/","title":{"rendered":"Festival Internacional de Cine Documental \u00abEncuentros del otro cine\u00bb"},"content":{"rendered":"<p>Este jueves 9 de mayo se inaugura\nen Guayaquil la d\u00e9cima octava edici\u00f3n del Festival Internacional de Cine\nDocumental \u201cEncuentros del Otro Cine\u201d (EDOC). Las sedes son el MAAC Cine y\nMu\u00e9gano Teatro.<\/p>\n\n\n\n<p>Tres de los invitados nacionales e\ninternacionales de los EDOC estar\u00e1n en Guayaquil presentando sus pel\u00edculas y\ndialogando con la audiencia. Estas actividades est\u00e1n abiertas a toda la\ncomunidad UARTES sin costo alguno:<\/p>\n\n\n\n<ol class=\"wp-block-list\"><li>Los documentalistas chilenos Bettina Perut e Iv\u00e1n Osnovikoff, con \u201cLos Reyes\u201d, el viernes 10 de mayo, a las 21:00, en el MAAC Cine.<\/li><li>El cineasta ecuatoriano Dar\u00edo Aguirre con su documental \u201cEn el pa\u00eds de mis hijos\u201d, en funci\u00f3n libre el 12 de mayo, a las 19h00 en R\u00eda, de la Biblioteca de las Artes.<\/li><li>La argentina Melina Terribili, quien llega a los EDOC con \u201cAusencia de m\u00ed\u201d, charlar\u00e1 con los estudiantes de la UArtes y p\u00fablico en general sobre el proceso de su pel\u00edcula. Ser\u00e1 el viernes 17 de mayo, de 10h00 a 12h00, en el MAAC Cine. Entrada libre. <\/li><\/ol>\n\n\n\n<p><strong>Los estudiantes y docentes de la\nUArtes tendr\u00e1n los siguientes beneficios:<\/strong><\/p>\n\n\n\n<ul class=\"wp-block-list\"><li>Acceso gratuito a las funciones en MAAC Cine para estudiantes y docentes de la Escuela de Cine, presentando su carnet estudiantil (o de docente). El acceso a las funciones estar\u00e1 sujeto al aforo disponible en la sala. En ninguna funci\u00f3n se reservar\u00e1n puestos.<\/li><li>Veinte entradas libres, por funci\u00f3n, en Mu\u00e9gano Teatro. Disponibles para estudiantes y docentes de la Escuela de Cine, presentando su carnet estudiantil (o de docente). Las entradas estar\u00e1n disponibles hasta 30 minutos antes de la funci\u00f3n. Una vez pasados los 30 minutos, las entradas ser\u00e1n vendidas al p\u00fablico.<\/li><\/ul>\n\n\n\n<p><em>Fotograf\u00eda tomada del sitio de edoc.<\/em><\/p>","protected":false},"excerpt":{"rendered":"<p>Este jueves 9 de mayo se inaugura en Guayaquil la d\u00e9cima octava edici\u00f3n del Festival Internacional de Cine Documental \u201cEncuentros del Otro Cine\u201d (EDOC). Las sedes son el MAAC Cine y Mu\u00e9gano Teatro. Tres de los invitados nacionales e internacionales de los EDOC estar\u00e1n en Guayaquil presentando sus pel\u00edculas y dialogando con la audiencia. Estas [&hellip;]<\/p>\n","protected":false},"author":1,"featured_media":3480,"comment_status":"closed","ping_status":"closed","sticky":false,"template":"","format":"standard","meta":{"_acf_changed":false,"_uag_custom_page_level_css":"","_monsterinsights_skip_tracking":false,"_monsterinsights_sitenote_active":false,"_monsterinsights_sitenote_note":"","_monsterinsights_sitenote_category":0,"cybocfi_hide_featured_image":"","footnotes":""},"categories":[82],"tags":[36],"infouartes":[],"class_list":["post-3478","post","type-post","status-publish","format-standard","has-post-thumbnail","hentry","category-artes","tag-edoc"],"acf":[],"yoast_head":"<!-- This site is optimized with the Yoast SEO plugin v27.4 - https:\/\/yoast.com\/product\/yoast-seo-wordpress\/ -->\n<title>Universidad de las Artes - Festival Internacional de Cine Documental &quot;Encuentros del otro cine&quot;<\/title>\n<meta name=\"description\" content=\"Universidad de las Artes - Festival Internacional de Cine Documental &quot;Encuentros del otro cine&quot;\" \/>\n<meta name=\"robots\" content=\"index, follow, max-snippet:-1, max-image-preview:large, max-video-preview:-1\" \/>\n<link rel=\"canonical\" href=\"https:\/\/www.uartes.edu.ec\/sitio\/en\/blog\/2019\/05\/07\/festival-internacional-de-cine-documental-encuentros-del-otro-cine\/\" \/>\n<meta property=\"og:locale\" content=\"en_US\" \/>\n<meta property=\"og:type\" content=\"article\" \/>\n<meta property=\"og:title\" content=\"Universidad de las Artes - Festival Internacional de Cine Documental &quot;Encuentros del otro cine&quot;\" \/>\n<meta property=\"og:description\" content=\"Universidad de las Artes - Festival Internacional de Cine Documental &quot;Encuentros del otro cine&quot;\" \/>\n<meta property=\"og:url\" content=\"https:\/\/www.uartes.edu.ec\/sitio\/en\/blog\/2019\/05\/07\/festival-internacional-de-cine-documental-encuentros-del-otro-cine\/\" \/>\n<meta property=\"og:site_name\" content=\"Universidad de las Artes\" \/>\n<meta property=\"article:publisher\" content=\"https:\/\/www.facebook.com\/uartesec\" \/>\n<meta property=\"article:published_time\" content=\"2019-05-07T19:27:58+00:00\" \/>\n<meta property=\"article:modified_time\" content=\"2024-07-04T16:51:11+00:00\" \/>\n<meta property=\"og:image\" content=\"https:\/\/www.uartes.edu.ec\/sitio\/wp-content\/uploads\/2019\/05\/EDOC1.jpg\" \/>\n\t<meta property=\"og:image:width\" content=\"918\" \/>\n\t<meta property=\"og:image:height\" content=\"612\" \/>\n\t<meta property=\"og:image:type\" content=\"image\/jpeg\" \/>\n<meta name=\"author\" content=\"Universidad de las Artes\" \/>\n<meta name=\"twitter:card\" content=\"summary_large_image\" \/>\n<meta name=\"twitter:creator\" content=\"@uartesec\" \/>\n<meta name=\"twitter:site\" content=\"@uartesec\" \/>\n<meta name=\"twitter:label1\" content=\"Written by\" \/>\n\t<meta name=\"twitter:data1\" content=\"Universidad de las Artes\" \/>\n\t<meta name=\"twitter:label2\" content=\"Est. reading time\" \/>\n\t<meta name=\"twitter:data2\" content=\"1 minute\" \/>\n<script type=\"application\/ld+json\" class=\"yoast-schema-graph\">{\"@context\":\"https:\\\/\\\/schema.org\",\"@graph\":[{\"@type\":\"Article\",\"@id\":\"https:\\\/\\\/www.uartes.edu.ec\\\/sitio\\\/en\\\/blog\\\/2019\\\/05\\\/07\\\/festival-internacional-de-cine-documental-encuentros-del-otro-cine\\\/#article\",\"isPartOf\":{\"@id\":\"https:\\\/\\\/www.uartes.edu.ec\\\/sitio\\\/en\\\/blog\\\/2019\\\/05\\\/07\\\/festival-internacional-de-cine-documental-encuentros-del-otro-cine\\\/\"},\"author\":{\"name\":\"Universidad de las Artes\",\"@id\":\"https:\\\/\\\/www.uartes.edu.ec\\\/sitio\\\/en\\\/#\\\/schema\\\/person\\\/f33f8c1d2af0d5c80a38c8abf458184a\"},\"headline\":\"Festival Internacional de Cine Documental \u00abEncuentros del otro cine\u00bb\",\"datePublished\":\"2019-05-07T19:27:58+00:00\",\"dateModified\":\"2024-07-04T16:51:11+00:00\",\"mainEntityOfPage\":{\"@id\":\"https:\\\/\\\/www.uartes.edu.ec\\\/sitio\\\/en\\\/blog\\\/2019\\\/05\\\/07\\\/festival-internacional-de-cine-documental-encuentros-del-otro-cine\\\/\"},\"wordCount\":300,\"publisher\":{\"@id\":\"https:\\\/\\\/www.uartes.edu.ec\\\/sitio\\\/en\\\/#organization\"},\"image\":{\"@id\":\"https:\\\/\\\/www.uartes.edu.ec\\\/sitio\\\/en\\\/blog\\\/2019\\\/05\\\/07\\\/festival-internacional-de-cine-documental-encuentros-del-otro-cine\\\/#primaryimage\"},\"thumbnailUrl\":\"https:\\\/\\\/www.uartes.edu.ec\\\/sitio\\\/wp-content\\\/uploads\\\/2019\\\/05\\\/EDOC1.jpg\",\"keywords\":[\"edoc\"],\"articleSection\":[\"Artes\"],\"inLanguage\":\"en-US\"},{\"@type\":[\"WebPage\",\"ItemPage\"],\"@id\":\"https:\\\/\\\/www.uartes.edu.ec\\\/sitio\\\/en\\\/blog\\\/2019\\\/05\\\/07\\\/festival-internacional-de-cine-documental-encuentros-del-otro-cine\\\/\",\"url\":\"https:\\\/\\\/www.uartes.edu.ec\\\/sitio\\\/en\\\/blog\\\/2019\\\/05\\\/07\\\/festival-internacional-de-cine-documental-encuentros-del-otro-cine\\\/\",\"name\":\"Universidad de las Artes - Festival Internacional de Cine Documental \\\"Encuentros del otro cine\\\"\",\"isPartOf\":{\"@id\":\"https:\\\/\\\/www.uartes.edu.ec\\\/sitio\\\/en\\\/#website\"},\"primaryImageOfPage\":{\"@id\":\"https:\\\/\\\/www.uartes.edu.ec\\\/sitio\\\/en\\\/blog\\\/2019\\\/05\\\/07\\\/festival-internacional-de-cine-documental-encuentros-del-otro-cine\\\/#primaryimage\"},\"image\":{\"@id\":\"https:\\\/\\\/www.uartes.edu.ec\\\/sitio\\\/en\\\/blog\\\/2019\\\/05\\\/07\\\/festival-internacional-de-cine-documental-encuentros-del-otro-cine\\\/#primaryimage\"},\"thumbnailUrl\":\"https:\\\/\\\/www.uartes.edu.ec\\\/sitio\\\/wp-content\\\/uploads\\\/2019\\\/05\\\/EDOC1.jpg\",\"datePublished\":\"2019-05-07T19:27:58+00:00\",\"dateModified\":\"2024-07-04T16:51:11+00:00\",\"description\":\"Universidad de las Artes - Festival Internacional de Cine Documental \\\"Encuentros del otro cine\\\"\",\"breadcrumb\":{\"@id\":\"https:\\\/\\\/www.uartes.edu.ec\\\/sitio\\\/en\\\/blog\\\/2019\\\/05\\\/07\\\/festival-internacional-de-cine-documental-encuentros-del-otro-cine\\\/#breadcrumb\"},\"inLanguage\":\"en-US\",\"potentialAction\":[{\"@type\":\"ReadAction\",\"target\":[\"https:\\\/\\\/www.uartes.edu.ec\\\/sitio\\\/en\\\/blog\\\/2019\\\/05\\\/07\\\/festival-internacional-de-cine-documental-encuentros-del-otro-cine\\\/\"]}]},{\"@type\":\"ImageObject\",\"inLanguage\":\"en-US\",\"@id\":\"https:\\\/\\\/www.uartes.edu.ec\\\/sitio\\\/en\\\/blog\\\/2019\\\/05\\\/07\\\/festival-internacional-de-cine-documental-encuentros-del-otro-cine\\\/#primaryimage\",\"url\":\"https:\\\/\\\/www.uartes.edu.ec\\\/sitio\\\/wp-content\\\/uploads\\\/2019\\\/05\\\/EDOC1.jpg\",\"contentUrl\":\"https:\\\/\\\/www.uartes.edu.ec\\\/sitio\\\/wp-content\\\/uploads\\\/2019\\\/05\\\/EDOC1.jpg\",\"width\":918,\"height\":612},{\"@type\":\"BreadcrumbList\",\"@id\":\"https:\\\/\\\/www.uartes.edu.ec\\\/sitio\\\/en\\\/blog\\\/2019\\\/05\\\/07\\\/festival-internacional-de-cine-documental-encuentros-del-otro-cine\\\/#breadcrumb\",\"itemListElement\":[{\"@type\":\"ListItem\",\"position\":1,\"name\":\"Inicio\",\"item\":\"https:\\\/\\\/www.uartes.edu.ec\\\/sitio\\\/\"},{\"@type\":\"ListItem\",\"position\":2,\"name\":\"Festival Internacional de Cine Documental \u00abEncuentros del otro cine\u00bb\"}]},{\"@type\":\"WebSite\",\"@id\":\"https:\\\/\\\/www.uartes.edu.ec\\\/sitio\\\/en\\\/#website\",\"url\":\"https:\\\/\\\/www.uartes.edu.ec\\\/sitio\\\/en\\\/\",\"name\":\"Universidad de las Artes\",\"description\":\"Sitio oficial de la Universidad Nacional de las Artes del Ecuador\",\"publisher\":{\"@id\":\"https:\\\/\\\/www.uartes.edu.ec\\\/sitio\\\/en\\\/#organization\"},\"potentialAction\":[{\"@type\":\"SearchAction\",\"target\":{\"@type\":\"EntryPoint\",\"urlTemplate\":\"https:\\\/\\\/www.uartes.edu.ec\\\/sitio\\\/en\\\/?s={search_term_string}\"},\"query-input\":{\"@type\":\"PropertyValueSpecification\",\"valueRequired\":true,\"valueName\":\"search_term_string\"}}],\"inLanguage\":\"en-US\"},{\"@type\":\"Organization\",\"@id\":\"https:\\\/\\\/www.uartes.edu.ec\\\/sitio\\\/en\\\/#organization\",\"name\":\"Universidad de las Artes\",\"url\":\"https:\\\/\\\/www.uartes.edu.ec\\\/sitio\\\/en\\\/\",\"logo\":{\"@type\":\"ImageObject\",\"inLanguage\":\"en-US\",\"@id\":\"https:\\\/\\\/www.uartes.edu.ec\\\/sitio\\\/en\\\/#\\\/schema\\\/logo\\\/image\\\/\",\"url\":\"https:\\\/\\\/www.uartes.edu.ec\\\/sitio\\\/wp-content\\\/uploads\\\/2022\\\/07\\\/logo-ua-horizontal.png\",\"contentUrl\":\"https:\\\/\\\/www.uartes.edu.ec\\\/sitio\\\/wp-content\\\/uploads\\\/2022\\\/07\\\/logo-ua-horizontal.png\",\"width\":800,\"height\":276,\"caption\":\"Universidad de las Artes\"},\"image\":{\"@id\":\"https:\\\/\\\/www.uartes.edu.ec\\\/sitio\\\/en\\\/#\\\/schema\\\/logo\\\/image\\\/\"},\"sameAs\":[\"https:\\\/\\\/www.facebook.com\\\/uartesec\",\"https:\\\/\\\/x.com\\\/uartesec\",\"https:\\\/\\\/www.tiktok.com\\\/@uartesec\"]},{\"@type\":\"Person\",\"@id\":\"https:\\\/\\\/www.uartes.edu.ec\\\/sitio\\\/en\\\/#\\\/schema\\\/person\\\/f33f8c1d2af0d5c80a38c8abf458184a\",\"name\":\"Universidad de las Artes\",\"image\":{\"@type\":\"ImageObject\",\"inLanguage\":\"en-US\",\"@id\":\"https:\\\/\\\/secure.gravatar.com\\\/avatar\\\/52e4757902f5cfa5ac52d020e5be83cae5487519154b6c35482fe08d589f3c13?s=96&d=mm&r=g\",\"url\":\"https:\\\/\\\/secure.gravatar.com\\\/avatar\\\/52e4757902f5cfa5ac52d020e5be83cae5487519154b6c35482fe08d589f3c13?s=96&d=mm&r=g\",\"contentUrl\":\"https:\\\/\\\/secure.gravatar.com\\\/avatar\\\/52e4757902f5cfa5ac52d020e5be83cae5487519154b6c35482fe08d589f3c13?s=96&d=mm&r=g\",\"caption\":\"Universidad de las Artes\"},\"url\":\"https:\\\/\\\/www.uartes.edu.ec\\\/sitio\\\/en\\\/blog\\\/author\\\/dircomadm\\\/\"}]}<\/script>\n<!-- \/ Yoast SEO plugin. -->","yoast_head_json":{"title":"Universidad de las Artes - Festival Internacional de Cine Documental \"Encuentros del otro cine\"","description":"Universidad de las Artes - Festival Internacional de Cine Documental \"Encuentros del otro cine\"","robots":{"index":"index","follow":"follow","max-snippet":"max-snippet:-1","max-image-preview":"max-image-preview:large","max-video-preview":"max-video-preview:-1"},"canonical":"https:\/\/www.uartes.edu.ec\/sitio\/en\/blog\/2019\/05\/07\/festival-internacional-de-cine-documental-encuentros-del-otro-cine\/","og_locale":"en_US","og_type":"article","og_title":"Universidad de las Artes - Festival Internacional de Cine Documental \"Encuentros del otro cine\"","og_description":"Universidad de las Artes - Festival Internacional de Cine Documental \"Encuentros del otro cine\"","og_url":"https:\/\/www.uartes.edu.ec\/sitio\/en\/blog\/2019\/05\/07\/festival-internacional-de-cine-documental-encuentros-del-otro-cine\/","og_site_name":"Universidad de las Artes","article_publisher":"https:\/\/www.facebook.com\/uartesec","article_published_time":"2019-05-07T19:27:58+00:00","article_modified_time":"2024-07-04T16:51:11+00:00","og_image":[{"width":918,"height":612,"url":"https:\/\/www.uartes.edu.ec\/sitio\/wp-content\/uploads\/2019\/05\/EDOC1.jpg","type":"image\/jpeg"}],"author":"Universidad de las Artes","twitter_card":"summary_large_image","twitter_creator":"@uartesec","twitter_site":"@uartesec","twitter_misc":{"Written by":"Universidad de las Artes","Est. reading time":"1 minute"},"schema":{"@context":"https:\/\/schema.org","@graph":[{"@type":"Article","@id":"https:\/\/www.uartes.edu.ec\/sitio\/en\/blog\/2019\/05\/07\/festival-internacional-de-cine-documental-encuentros-del-otro-cine\/#article","isPartOf":{"@id":"https:\/\/www.uartes.edu.ec\/sitio\/en\/blog\/2019\/05\/07\/festival-internacional-de-cine-documental-encuentros-del-otro-cine\/"},"author":{"name":"Universidad de las Artes","@id":"https:\/\/www.uartes.edu.ec\/sitio\/en\/#\/schema\/person\/f33f8c1d2af0d5c80a38c8abf458184a"},"headline":"Festival Internacional de Cine Documental \u00abEncuentros del otro cine\u00bb","datePublished":"2019-05-07T19:27:58+00:00","dateModified":"2024-07-04T16:51:11+00:00","mainEntityOfPage":{"@id":"https:\/\/www.uartes.edu.ec\/sitio\/en\/blog\/2019\/05\/07\/festival-internacional-de-cine-documental-encuentros-del-otro-cine\/"},"wordCount":300,"publisher":{"@id":"https:\/\/www.uartes.edu.ec\/sitio\/en\/#organization"},"image":{"@id":"https:\/\/www.uartes.edu.ec\/sitio\/en\/blog\/2019\/05\/07\/festival-internacional-de-cine-documental-encuentros-del-otro-cine\/#primaryimage"},"thumbnailUrl":"https:\/\/www.uartes.edu.ec\/sitio\/wp-content\/uploads\/2019\/05\/EDOC1.jpg","keywords":["edoc"],"articleSection":["Artes"],"inLanguage":"en-US"},{"@type":["WebPage","ItemPage"],"@id":"https:\/\/www.uartes.edu.ec\/sitio\/en\/blog\/2019\/05\/07\/festival-internacional-de-cine-documental-encuentros-del-otro-cine\/","url":"https:\/\/www.uartes.edu.ec\/sitio\/en\/blog\/2019\/05\/07\/festival-internacional-de-cine-documental-encuentros-del-otro-cine\/","name":"Universidad de las Artes - Festival Internacional de Cine Documental \"Encuentros del otro cine\"","isPartOf":{"@id":"https:\/\/www.uartes.edu.ec\/sitio\/en\/#website"},"primaryImageOfPage":{"@id":"https:\/\/www.uartes.edu.ec\/sitio\/en\/blog\/2019\/05\/07\/festival-internacional-de-cine-documental-encuentros-del-otro-cine\/#primaryimage"},"image":{"@id":"https:\/\/www.uartes.edu.ec\/sitio\/en\/blog\/2019\/05\/07\/festival-internacional-de-cine-documental-encuentros-del-otro-cine\/#primaryimage"},"thumbnailUrl":"https:\/\/www.uartes.edu.ec\/sitio\/wp-content\/uploads\/2019\/05\/EDOC1.jpg","datePublished":"2019-05-07T19:27:58+00:00","dateModified":"2024-07-04T16:51:11+00:00","description":"Universidad de las Artes - Festival Internacional de Cine Documental \"Encuentros del otro cine\"","breadcrumb":{"@id":"https:\/\/www.uartes.edu.ec\/sitio\/en\/blog\/2019\/05\/07\/festival-internacional-de-cine-documental-encuentros-del-otro-cine\/#breadcrumb"},"inLanguage":"en-US","potentialAction":[{"@type":"ReadAction","target":["https:\/\/www.uartes.edu.ec\/sitio\/en\/blog\/2019\/05\/07\/festival-internacional-de-cine-documental-encuentros-del-otro-cine\/"]}]},{"@type":"ImageObject","inLanguage":"en-US","@id":"https:\/\/www.uartes.edu.ec\/sitio\/en\/blog\/2019\/05\/07\/festival-internacional-de-cine-documental-encuentros-del-otro-cine\/#primaryimage","url":"https:\/\/www.uartes.edu.ec\/sitio\/wp-content\/uploads\/2019\/05\/EDOC1.jpg","contentUrl":"https:\/\/www.uartes.edu.ec\/sitio\/wp-content\/uploads\/2019\/05\/EDOC1.jpg","width":918,"height":612},{"@type":"BreadcrumbList","@id":"https:\/\/www.uartes.edu.ec\/sitio\/en\/blog\/2019\/05\/07\/festival-internacional-de-cine-documental-encuentros-del-otro-cine\/#breadcrumb","itemListElement":[{"@type":"ListItem","position":1,"name":"Inicio","item":"https:\/\/www.uartes.edu.ec\/sitio\/"},{"@type":"ListItem","position":2,"name":"Festival Internacional de Cine Documental \u00abEncuentros del otro cine\u00bb"}]},{"@type":"WebSite","@id":"https:\/\/www.uartes.edu.ec\/sitio\/en\/#website","url":"https:\/\/www.uartes.edu.ec\/sitio\/en\/","name":"Universidad de las Artes","description":"Sitio oficial de la Universidad Nacional de las Artes del Ecuador","publisher":{"@id":"https:\/\/www.uartes.edu.ec\/sitio\/en\/#organization"},"potentialAction":[{"@type":"SearchAction","target":{"@type":"EntryPoint","urlTemplate":"https:\/\/www.uartes.edu.ec\/sitio\/en\/?s={search_term_string}"},"query-input":{"@type":"PropertyValueSpecification","valueRequired":true,"valueName":"search_term_string"}}],"inLanguage":"en-US"},{"@type":"Organization","@id":"https:\/\/www.uartes.edu.ec\/sitio\/en\/#organization","name":"Universidad de las Artes","url":"https:\/\/www.uartes.edu.ec\/sitio\/en\/","logo":{"@type":"ImageObject","inLanguage":"en-US","@id":"https:\/\/www.uartes.edu.ec\/sitio\/en\/#\/schema\/logo\/image\/","url":"https:\/\/www.uartes.edu.ec\/sitio\/wp-content\/uploads\/2022\/07\/logo-ua-horizontal.png","contentUrl":"https:\/\/www.uartes.edu.ec\/sitio\/wp-content\/uploads\/2022\/07\/logo-ua-horizontal.png","width":800,"height":276,"caption":"Universidad de las Artes"},"image":{"@id":"https:\/\/www.uartes.edu.ec\/sitio\/en\/#\/schema\/logo\/image\/"},"sameAs":["https:\/\/www.facebook.com\/uartesec","https:\/\/x.com\/uartesec","https:\/\/www.tiktok.com\/@uartesec"]},{"@type":"Person","@id":"https:\/\/www.uartes.edu.ec\/sitio\/en\/#\/schema\/person\/f33f8c1d2af0d5c80a38c8abf458184a","name":"Universidad de las Artes","image":{"@type":"ImageObject","inLanguage":"en-US","@id":"https:\/\/secure.gravatar.com\/avatar\/52e4757902f5cfa5ac52d020e5be83cae5487519154b6c35482fe08d589f3c13?s=96&d=mm&r=g","url":"https:\/\/secure.gravatar.com\/avatar\/52e4757902f5cfa5ac52d020e5be83cae5487519154b6c35482fe08d589f3c13?s=96&d=mm&r=g","contentUrl":"https:\/\/secure.gravatar.com\/avatar\/52e4757902f5cfa5ac52d020e5be83cae5487519154b6c35482fe08d589f3c13?s=96&d=mm&r=g","caption":"Universidad de las Artes"},"url":"https:\/\/www.uartes.edu.ec\/sitio\/en\/blog\/author\/dircomadm\/"}]}},"uagb_featured_image_src":{"full":["https:\/\/www.uartes.edu.ec\/sitio\/wp-content\/uploads\/2019\/05\/EDOC1.jpg",918,612,false],"thumbnail":["https:\/\/www.uartes.edu.ec\/sitio\/wp-content\/uploads\/2019\/05\/EDOC1-150x150.jpg",150,150,true],"medium":["https:\/\/www.uartes.edu.ec\/sitio\/wp-content\/uploads\/2019\/05\/EDOC1-300x200.jpg",300,200,true],"medium_large":["https:\/\/www.uartes.edu.ec\/sitio\/wp-content\/uploads\/2019\/05\/EDOC1-768x512.jpg",768,512,true],"large":["https:\/\/www.uartes.edu.ec\/sitio\/wp-content\/uploads\/2019\/05\/EDOC1-644x429.jpg",644,429,true],"1536x1536":["https:\/\/www.uartes.edu.ec\/sitio\/wp-content\/uploads\/2019\/05\/EDOC1.jpg",918,612,false],"2048x2048":["https:\/\/www.uartes.edu.ec\/sitio\/wp-content\/uploads\/2019\/05\/EDOC1.jpg",918,612,false],"trp-custom-language-flag":["https:\/\/www.uartes.edu.ec\/sitio\/wp-content\/uploads\/2019\/05\/EDOC1.jpg",18,12,false],"htmega_size_585x295":["https:\/\/www.uartes.edu.ec\/sitio\/wp-content\/uploads\/2019\/05\/EDOC1.jpg",443,295,false],"htmega_size_1170x536":["https:\/\/www.uartes.edu.ec\/sitio\/wp-content\/uploads\/2019\/05\/EDOC1.jpg",804,536,false],"htmega_size_396x360":["https:\/\/www.uartes.edu.ec\/sitio\/wp-content\/uploads\/2019\/05\/EDOC1.jpg",396,264,false],"gb-block-post-grid-landscape":["https:\/\/www.uartes.edu.ec\/sitio\/wp-content\/uploads\/2019\/05\/EDOC1.jpg",600,400,false],"gb-block-post-grid-square":["https:\/\/www.uartes.edu.ec\/sitio\/wp-content\/uploads\/2019\/05\/EDOC1.jpg",600,400,false],"university-hub-thumb":["https:\/\/www.uartes.edu.ec\/sitio\/wp-content\/uploads\/2019\/05\/EDOC1-400x267.jpg",400,267,true],"mailpoet_newsletter_max":["https:\/\/www.uartes.edu.ec\/sitio\/wp-content\/uploads\/2019\/05\/EDOC1.jpg",918,612,false]},"uagb_author_info":{"display_name":"Universidad de las Artes","author_link":"https:\/\/www.uartes.edu.ec\/sitio\/en\/blog\/author\/dircomadm\/"},"uagb_comment_info":0,"uagb_excerpt":"Este jueves 9 de mayo se inaugura en Guayaquil la d\u00e9cima octava edici\u00f3n del Festival Internacional de Cine Documental \u201cEncuentros del Otro Cine\u201d (EDOC). Las sedes son el MAAC Cine y Mu\u00e9gano Teatro. Tres de los invitados nacionales e internacionales de los EDOC estar\u00e1n en Guayaquil presentando sus pel\u00edculas y dialogando con la audiencia. Estas&hellip;","featured_image_src":"https:\/\/www.uartes.edu.ec\/sitio\/wp-content\/uploads\/2019\/05\/EDOC1.jpg","featured_image_src_square":"https:\/\/www.uartes.edu.ec\/sitio\/wp-content\/uploads\/2019\/05\/EDOC1.jpg","author_info":{"display_name":"Universidad de las Artes","author_link":"https:\/\/www.uartes.edu.ec\/sitio\/en\/blog\/author\/dircomadm\/"},"publishpress_future_workflow_manual_trigger":{"enabledWorkflows":[]},"distributor_meta":false,"distributor_terms":false,"distributor_media":false,"distributor_original_site_name":"Universidad de las Artes","distributor_original_site_url":"https:\/\/www.uartes.edu.ec\/sitio\/en","push-errors":false,"_links":{"self":[{"href":"https:\/\/www.uartes.edu.ec\/sitio\/en\/wp-json\/wp\/v2\/posts\/3478","targetHints":{"allow":["GET"]}}],"collection":[{"href":"https:\/\/www.uartes.edu.ec\/sitio\/en\/wp-json\/wp\/v2\/posts"}],"about":[{"href":"https:\/\/www.uartes.edu.ec\/sitio\/en\/wp-json\/wp\/v2\/types\/post"}],"author":[{"embeddable":true,"href":"https:\/\/www.uartes.edu.ec\/sitio\/en\/wp-json\/wp\/v2\/users\/1"}],"replies":[{"embeddable":true,"href":"https:\/\/www.uartes.edu.ec\/sitio\/en\/wp-json\/wp\/v2\/comments?post=3478"}],"version-history":[{"count":2,"href":"https:\/\/www.uartes.edu.ec\/sitio\/en\/wp-json\/wp\/v2\/posts\/3478\/revisions"}],"predecessor-version":[{"id":3484,"href":"https:\/\/www.uartes.edu.ec\/sitio\/en\/wp-json\/wp\/v2\/posts\/3478\/revisions\/3484"}],"wp:featuredmedia":[{"embeddable":true,"href":"https:\/\/www.uartes.edu.ec\/sitio\/en\/wp-json\/wp\/v2\/media\/3480"}],"wp:attachment":[{"href":"https:\/\/www.uartes.edu.ec\/sitio\/en\/wp-json\/wp\/v2\/media?parent=3478"}],"wp:term":[{"taxonomy":"category","embeddable":true,"href":"https:\/\/www.uartes.edu.ec\/sitio\/en\/wp-json\/wp\/v2\/categories?post=3478"},{"taxonomy":"post_tag","embeddable":true,"href":"https:\/\/www.uartes.edu.ec\/sitio\/en\/wp-json\/wp\/v2\/tags?post=3478"},{"taxonomy":"infouartes","embeddable":true,"href":"https:\/\/www.uartes.edu.ec\/sitio\/en\/wp-json\/wp\/v2\/infouartes?post=3478"}],"curies":[{"name":"wp","href":"https:\/\/api.w.org\/{rel}","templated":true}]}}