{"id":3485,"date":"2019-05-07T14:58:43","date_gmt":"2019-05-07T19:58:43","guid":{"rendered":"http:\/\/www.uartes.edu.ec\/sitio\/?p=3485"},"modified":"2024-07-04T11:51:11","modified_gmt":"2024-07-04T16:51:11","slug":"uartes-esta-presente-en-los-encuentros-del-otro-cine","status":"publish","type":"post","link":"https:\/\/www.uartes.edu.ec\/sitio\/en\/blog\/2019\/05\/07\/uartes-esta-presente-en-los-encuentros-del-otro-cine\/","title":{"rendered":"UArtes est\u00e1 presente en los Encuentros del Otro Cine"},"content":{"rendered":"<p>Tres estudiantes e igual n\u00famero de docentes de la Escuela de\nCine de la Universidad de las Artes est\u00e1n presentes en el Festival\nInternacional de Cine Documental \u201cEncuentros del Otro Cine\u201d (EDOC), que se\ninaugurar\u00e1 este mi\u00e9rcoles 8 de mayo en Quito, el jueves 9 en Guayaquil y el\nviernes 10 en Cotacachi, ciudad de la provincia de Imbabura a la que llegar\u00e1 por\nprimera vez. <\/p>\n\n\n\n<p>Se trata de los alumnos Michael Lojano, quien participa con\nel documental \u201cSombras Envolventes\u201d; Gustavo Mac\u00edas, con \u201cDiamante\u201d (foto); y\nCharles Bonilla, con \u201cEl Muelle\u201d. De los docentes intervienen en los EDOC,\nAndr\u00e9s D\u00e1vila, con \u00abSour Lake\u201d; Fernando Mieles, con \u201cHasta el fin de\nDelf\u00edn\u201d; y \u201cCuando ellos se fueron\u201d, producci\u00f3n en la que Christian Hidalgo asumi\u00f3\nla direcci\u00f3n de fotograf\u00eda.<\/p>\n\n\n\n<p>EDOC es un festival internacional independiente, no\ncompetitivo, de cine documental, producto de la creaci\u00f3n y gesti\u00f3n de la\nCorporaci\u00f3n Cinememoria, una organizaci\u00f3n sin fines de lucro dedicada a promover\nel cine documental y la conservaci\u00f3n del patrimonio audiovisual en el Ecuador.\nPara esta d\u00e9cima octava edici\u00f3n, que se extender\u00e1 hasta el 19 de mayo en las\ntres ciudades, se proyectar\u00e1n 101 obras cinematogr\u00e1ficas, entre cortos y\nlargometrajes, de m\u00e1s de 40 pa\u00edses. &nbsp;<\/p>\n\n\n\n<p>En Guayaquil, las sedes de los EDOC ser\u00e1n el MAAC Cine y\nMu\u00e9gano Teatro, espacios en los que la UArtes tambi\u00e9n tendr\u00e1 presencia, pues\nvarios de sus docentes, e incluso uno de sus estudiantes, participar\u00e1n en los\nforos programados.<\/p>\n\n\n\n<p>El 9 de mayo, a las 19h00, se proyectar\u00e1 en MAAC Cine\n\u201cEsp\u00edritu del 98\u201d, de Ram\u00f3n Eduardo Villacreses Rada. Luego habr\u00e1 un foro en el\nque el alumno de la Escuela de Cine, Rafael Plaza, actuar\u00e1 como moderador.<\/p>\n\n\n\n<p>En el mismo escenario, el viernes 10 de mayo, a las 21h00,\nse presentar\u00e1n \u201cEl Muelle\u201d, documental de Charles Bonilla, y \u201cMi padre es el\nhermano de mi madre\u201d, de Vadym Ilkov. Interviene como moderador, Juan Mart\u00edn Cueva,\ndirector de la Escuela de Cine de la UArtes.<\/p>\n\n\n\n<p>El s\u00e1bado 11 de mayo, a las 19h00, en el MAAC Cine, se\npresentar\u00e1 \u201cSour Lake\u201d, de Andr\u00e9s D\u00e1vila. Tambi\u00e9n \u201cLos \u00faltimos guardianes\u201d, de\nAdam Punzano y Joe Tucker. Actuar\u00e1 como moderadora del foro la docente Libertad\nGills.<\/p>\n\n\n\n<p>El domingo 12 de mayo, a las 19h00, se presentar\u00e1 en funci\u00f3n\nlibre en la Biblioteca de la Artes el documental \u201cEn el pa\u00eds de mis hijos\u201d, de\nDar\u00edo Aguirre. El mismo d\u00eda, a las 19h00, en el MAAC cine, se exhibir\u00e1 \u201cSombras\nenvolventes\u201d, de Michael Lojano, y \u201cEl deambular de un vidente\u201d, de A\u00efda\nMaigre-Touchet. Y, a las 20h00, en Mu\u00e9gano Teatro, \u201cDiamante\u201d, de Gustavo\nMac\u00edas, as\u00ed como \u201cLa afinaci\u00f3n del diablo\u201d, de Juan Carlos Lucas. En ambos\nlugares Juan Mart\u00edn Cueva ser\u00e1 el moderador.<\/p>\n\n\n\n<p>Similar rol cumplir\u00e1 Christian Hidalgo el lunes 13 de mayo\nen el MAAC Cine, donde a las 21h00, se presentar\u00e1 \u201cSacach\u00fan\u201d, de Gabriel P\u00e1ez\nHern\u00e1ndez. <\/p>\n\n\n\n<p>La tambi\u00e9n docente de la Escuela de Cine, Carla Valencia,\nmoderar\u00e1 los d\u00edas martes 14 y el viernes 17 de mayo los foros de los\ndocumentales \u201cEn el pa\u00eds de mis hijos\u201d (a las 20h00, en Mu\u00e9gano Teatro) y\n\u201cAusencia de m\u00ed\u201d (a las 21h00, en MAAC Cine), de Dar\u00edo Aguirre y Melina\nTerribili, respectivamente.&nbsp;<\/p>\n\n\n\n<p>El docente Jorge Flores moderar\u00e1 el foro de \u201cCuatro y\nQuena\u201d, de Thomas Torres, y \u201cJuegos Caseros\u201d, de Alisa Kovalenko, el jueves 16\nde mayo, a las 20h00, en Mu\u00e9gano Teatro. Diego Falcon\u00ed har\u00e1 lo propio con\n\u201cHasta el fin de Delf\u00edn\u201d, de Fernando Mieles, el <br>\ns\u00e1bado 18, a las 21h00 en el MAAC Cine.<\/p>\n\n\n\n<p>El domingo 19, a las 19h00 en el MAAC Cine, el estudiante\nRafael Plaza, de Cineclub UArtes, moderar\u00e1 el foro de los documentales: \u201cBonito\nmayo (el que mat\u00f3 menos de cien veces, es quien me arroja la primera piedra)\u201d,\nde Sylvain George. Y \u201cRolo\u201d, de Gabriela Coka.<\/p>\n\n\n\n<p><strong>Beneficios de los\nestudiantes y docentes de la UArtes en los EDOC<\/strong><\/p>\n\n\n\n<ul class=\"wp-block-list\"><li>Acceso gratuito a las funciones en MAAC Cine para estudiantes y docentes de la Escuela de Cine, presentando su carnet estudiantil (o de docente). El acceso a las funciones estar\u00e1 sujeto al aforo disponible en la sala. En ninguna funci\u00f3n se reservar\u00e1n puestos.<\/li><li>Veinte entradas libres, por funci\u00f3n, en Mu\u00e9gano Teatro. Disponibles \u00fanicamente para estudiantes y docentes de la Escuela de Cine, presentando su carnet estudiantil (o de docente). Las entradas estar\u00e1n disponibles hasta 30 minutos antes de la funci\u00f3n. Una vez pasados los 30 minutos, las entradas ser\u00e1n vendidas al p\u00fablico.<\/li><\/ul>","protected":false},"excerpt":{"rendered":"<p>Tres estudiantes e igual n\u00famero de docentes de la Escuela de Cine de la Universidad de las Artes est\u00e1n presentes en el Festival Internacional de Cine Documental \u201cEncuentros del Otro Cine\u201d (EDOC), que se inaugurar\u00e1 este mi\u00e9rcoles 8 de mayo en Quito, el jueves 9 en Guayaquil y el viernes 10 en Cotacachi, ciudad de [&hellip;]<\/p>\n","protected":false},"author":1,"featured_media":3486,"comment_status":"closed","ping_status":"closed","sticky":false,"template":"","format":"standard","meta":{"_acf_changed":false,"_uag_custom_page_level_css":"","_monsterinsights_skip_tracking":false,"_monsterinsights_sitenote_active":false,"_monsterinsights_sitenote_note":"","_monsterinsights_sitenote_category":0,"cybocfi_hide_featured_image":"","footnotes":""},"categories":[76],"tags":[36],"infouartes":[],"class_list":["post-3485","post","type-post","status-publish","format-standard","has-post-thumbnail","hentry","category-estudiantes","tag-edoc"],"acf":[],"yoast_head":"<!-- This site is optimized with the Yoast SEO plugin v27.4 - https:\/\/yoast.com\/product\/yoast-seo-wordpress\/ -->\n<title>Universidad de las Artes - UArtes est\u00e1 presente en los Encuentros del Otro Cine<\/title>\n<meta name=\"description\" content=\"Universidad de las Artes - UArtes est\u00e1 presente en los Encuentros del Otro Cine\" \/>\n<meta name=\"robots\" content=\"index, follow, max-snippet:-1, max-image-preview:large, max-video-preview:-1\" \/>\n<link rel=\"canonical\" href=\"https:\/\/www.uartes.edu.ec\/sitio\/en\/blog\/2019\/05\/07\/uartes-esta-presente-en-los-encuentros-del-otro-cine\/\" \/>\n<meta property=\"og:locale\" content=\"en_US\" \/>\n<meta property=\"og:type\" content=\"article\" \/>\n<meta property=\"og:title\" content=\"Universidad de las Artes - UArtes est\u00e1 presente en los Encuentros del Otro Cine\" \/>\n<meta property=\"og:description\" content=\"Universidad de las Artes - UArtes est\u00e1 presente en los Encuentros del Otro Cine\" \/>\n<meta property=\"og:url\" content=\"https:\/\/www.uartes.edu.ec\/sitio\/en\/blog\/2019\/05\/07\/uartes-esta-presente-en-los-encuentros-del-otro-cine\/\" \/>\n<meta property=\"og:site_name\" content=\"Universidad de las Artes\" \/>\n<meta property=\"article:publisher\" content=\"https:\/\/www.facebook.com\/uartesec\" \/>\n<meta property=\"article:published_time\" content=\"2019-05-07T19:58:43+00:00\" \/>\n<meta property=\"article:modified_time\" content=\"2024-07-04T16:51:11+00:00\" \/>\n<meta property=\"og:image\" content=\"https:\/\/www.uartes.edu.ec\/sitio\/wp-content\/uploads\/2019\/05\/Corto-DIAMANTE-Direccion-Gustavo-Maci\u0301as.jpg\" \/>\n\t<meta property=\"og:image:width\" content=\"1500\" \/>\n\t<meta property=\"og:image:height\" content=\"1000\" \/>\n\t<meta property=\"og:image:type\" content=\"image\/jpeg\" \/>\n<meta name=\"author\" content=\"Universidad de las Artes\" \/>\n<meta name=\"twitter:card\" content=\"summary_large_image\" \/>\n<meta name=\"twitter:creator\" content=\"@uartesec\" \/>\n<meta name=\"twitter:site\" content=\"@uartesec\" \/>\n<meta name=\"twitter:label1\" content=\"Written by\" \/>\n\t<meta name=\"twitter:data1\" content=\"Universidad de las Artes\" \/>\n\t<meta name=\"twitter:label2\" content=\"Est. reading time\" \/>\n\t<meta name=\"twitter:data2\" content=\"4 minutes\" \/>\n<script type=\"application\/ld+json\" class=\"yoast-schema-graph\">{\"@context\":\"https:\\\/\\\/schema.org\",\"@graph\":[{\"@type\":\"Article\",\"@id\":\"https:\\\/\\\/www.uartes.edu.ec\\\/sitio\\\/en\\\/blog\\\/2019\\\/05\\\/07\\\/uartes-esta-presente-en-los-encuentros-del-otro-cine\\\/#article\",\"isPartOf\":{\"@id\":\"https:\\\/\\\/www.uartes.edu.ec\\\/sitio\\\/en\\\/blog\\\/2019\\\/05\\\/07\\\/uartes-esta-presente-en-los-encuentros-del-otro-cine\\\/\"},\"author\":{\"name\":\"Universidad de las Artes\",\"@id\":\"https:\\\/\\\/www.uartes.edu.ec\\\/sitio\\\/en\\\/#\\\/schema\\\/person\\\/f33f8c1d2af0d5c80a38c8abf458184a\"},\"headline\":\"UArtes est\u00e1 presente en los Encuentros del Otro Cine\",\"datePublished\":\"2019-05-07T19:58:43+00:00\",\"dateModified\":\"2024-07-04T16:51:11+00:00\",\"mainEntityOfPage\":{\"@id\":\"https:\\\/\\\/www.uartes.edu.ec\\\/sitio\\\/en\\\/blog\\\/2019\\\/05\\\/07\\\/uartes-esta-presente-en-los-encuentros-del-otro-cine\\\/\"},\"wordCount\":788,\"publisher\":{\"@id\":\"https:\\\/\\\/www.uartes.edu.ec\\\/sitio\\\/en\\\/#organization\"},\"image\":{\"@id\":\"https:\\\/\\\/www.uartes.edu.ec\\\/sitio\\\/en\\\/blog\\\/2019\\\/05\\\/07\\\/uartes-esta-presente-en-los-encuentros-del-otro-cine\\\/#primaryimage\"},\"thumbnailUrl\":\"https:\\\/\\\/www.uartes.edu.ec\\\/sitio\\\/wp-content\\\/uploads\\\/2019\\\/05\\\/Corto-DIAMANTE-Direccion-Gustavo-Maci\u0301as.jpg\",\"keywords\":[\"edoc\"],\"articleSection\":[\"Estudiantes\"],\"inLanguage\":\"en-US\"},{\"@type\":[\"WebPage\",\"ItemPage\"],\"@id\":\"https:\\\/\\\/www.uartes.edu.ec\\\/sitio\\\/en\\\/blog\\\/2019\\\/05\\\/07\\\/uartes-esta-presente-en-los-encuentros-del-otro-cine\\\/\",\"url\":\"https:\\\/\\\/www.uartes.edu.ec\\\/sitio\\\/en\\\/blog\\\/2019\\\/05\\\/07\\\/uartes-esta-presente-en-los-encuentros-del-otro-cine\\\/\",\"name\":\"Universidad de las Artes - UArtes est\u00e1 presente en los Encuentros del Otro Cine\",\"isPartOf\":{\"@id\":\"https:\\\/\\\/www.uartes.edu.ec\\\/sitio\\\/en\\\/#website\"},\"primaryImageOfPage\":{\"@id\":\"https:\\\/\\\/www.uartes.edu.ec\\\/sitio\\\/en\\\/blog\\\/2019\\\/05\\\/07\\\/uartes-esta-presente-en-los-encuentros-del-otro-cine\\\/#primaryimage\"},\"image\":{\"@id\":\"https:\\\/\\\/www.uartes.edu.ec\\\/sitio\\\/en\\\/blog\\\/2019\\\/05\\\/07\\\/uartes-esta-presente-en-los-encuentros-del-otro-cine\\\/#primaryimage\"},\"thumbnailUrl\":\"https:\\\/\\\/www.uartes.edu.ec\\\/sitio\\\/wp-content\\\/uploads\\\/2019\\\/05\\\/Corto-DIAMANTE-Direccion-Gustavo-Maci\u0301as.jpg\",\"datePublished\":\"2019-05-07T19:58:43+00:00\",\"dateModified\":\"2024-07-04T16:51:11+00:00\",\"description\":\"Universidad de las Artes - UArtes est\u00e1 presente en los Encuentros del Otro Cine\",\"breadcrumb\":{\"@id\":\"https:\\\/\\\/www.uartes.edu.ec\\\/sitio\\\/en\\\/blog\\\/2019\\\/05\\\/07\\\/uartes-esta-presente-en-los-encuentros-del-otro-cine\\\/#breadcrumb\"},\"inLanguage\":\"en-US\",\"potentialAction\":[{\"@type\":\"ReadAction\",\"target\":[\"https:\\\/\\\/www.uartes.edu.ec\\\/sitio\\\/en\\\/blog\\\/2019\\\/05\\\/07\\\/uartes-esta-presente-en-los-encuentros-del-otro-cine\\\/\"]}]},{\"@type\":\"ImageObject\",\"inLanguage\":\"en-US\",\"@id\":\"https:\\\/\\\/www.uartes.edu.ec\\\/sitio\\\/en\\\/blog\\\/2019\\\/05\\\/07\\\/uartes-esta-presente-en-los-encuentros-del-otro-cine\\\/#primaryimage\",\"url\":\"https:\\\/\\\/www.uartes.edu.ec\\\/sitio\\\/wp-content\\\/uploads\\\/2019\\\/05\\\/Corto-DIAMANTE-Direccion-Gustavo-Maci\u0301as.jpg\",\"contentUrl\":\"https:\\\/\\\/www.uartes.edu.ec\\\/sitio\\\/wp-content\\\/uploads\\\/2019\\\/05\\\/Corto-DIAMANTE-Direccion-Gustavo-Maci\u0301as.jpg\",\"width\":1500,\"height\":1000},{\"@type\":\"BreadcrumbList\",\"@id\":\"https:\\\/\\\/www.uartes.edu.ec\\\/sitio\\\/en\\\/blog\\\/2019\\\/05\\\/07\\\/uartes-esta-presente-en-los-encuentros-del-otro-cine\\\/#breadcrumb\",\"itemListElement\":[{\"@type\":\"ListItem\",\"position\":1,\"name\":\"Inicio\",\"item\":\"https:\\\/\\\/www.uartes.edu.ec\\\/sitio\\\/\"},{\"@type\":\"ListItem\",\"position\":2,\"name\":\"UArtes est\u00e1 presente en los Encuentros del Otro Cine\"}]},{\"@type\":\"WebSite\",\"@id\":\"https:\\\/\\\/www.uartes.edu.ec\\\/sitio\\\/en\\\/#website\",\"url\":\"https:\\\/\\\/www.uartes.edu.ec\\\/sitio\\\/en\\\/\",\"name\":\"Universidad de las Artes\",\"description\":\"Sitio oficial de la Universidad Nacional de las Artes del Ecuador\",\"publisher\":{\"@id\":\"https:\\\/\\\/www.uartes.edu.ec\\\/sitio\\\/en\\\/#organization\"},\"potentialAction\":[{\"@type\":\"SearchAction\",\"target\":{\"@type\":\"EntryPoint\",\"urlTemplate\":\"https:\\\/\\\/www.uartes.edu.ec\\\/sitio\\\/en\\\/?s={search_term_string}\"},\"query-input\":{\"@type\":\"PropertyValueSpecification\",\"valueRequired\":true,\"valueName\":\"search_term_string\"}}],\"inLanguage\":\"en-US\"},{\"@type\":\"Organization\",\"@id\":\"https:\\\/\\\/www.uartes.edu.ec\\\/sitio\\\/en\\\/#organization\",\"name\":\"Universidad de las Artes\",\"url\":\"https:\\\/\\\/www.uartes.edu.ec\\\/sitio\\\/en\\\/\",\"logo\":{\"@type\":\"ImageObject\",\"inLanguage\":\"en-US\",\"@id\":\"https:\\\/\\\/www.uartes.edu.ec\\\/sitio\\\/en\\\/#\\\/schema\\\/logo\\\/image\\\/\",\"url\":\"https:\\\/\\\/www.uartes.edu.ec\\\/sitio\\\/wp-content\\\/uploads\\\/2022\\\/07\\\/logo-ua-horizontal.png\",\"contentUrl\":\"https:\\\/\\\/www.uartes.edu.ec\\\/sitio\\\/wp-content\\\/uploads\\\/2022\\\/07\\\/logo-ua-horizontal.png\",\"width\":800,\"height\":276,\"caption\":\"Universidad de las Artes\"},\"image\":{\"@id\":\"https:\\\/\\\/www.uartes.edu.ec\\\/sitio\\\/en\\\/#\\\/schema\\\/logo\\\/image\\\/\"},\"sameAs\":[\"https:\\\/\\\/www.facebook.com\\\/uartesec\",\"https:\\\/\\\/x.com\\\/uartesec\",\"https:\\\/\\\/www.tiktok.com\\\/@uartesec\"]},{\"@type\":\"Person\",\"@id\":\"https:\\\/\\\/www.uartes.edu.ec\\\/sitio\\\/en\\\/#\\\/schema\\\/person\\\/f33f8c1d2af0d5c80a38c8abf458184a\",\"name\":\"Universidad de las Artes\",\"image\":{\"@type\":\"ImageObject\",\"inLanguage\":\"en-US\",\"@id\":\"https:\\\/\\\/secure.gravatar.com\\\/avatar\\\/52e4757902f5cfa5ac52d020e5be83cae5487519154b6c35482fe08d589f3c13?s=96&d=mm&r=g\",\"url\":\"https:\\\/\\\/secure.gravatar.com\\\/avatar\\\/52e4757902f5cfa5ac52d020e5be83cae5487519154b6c35482fe08d589f3c13?s=96&d=mm&r=g\",\"contentUrl\":\"https:\\\/\\\/secure.gravatar.com\\\/avatar\\\/52e4757902f5cfa5ac52d020e5be83cae5487519154b6c35482fe08d589f3c13?s=96&d=mm&r=g\",\"caption\":\"Universidad de las Artes\"},\"url\":\"https:\\\/\\\/www.uartes.edu.ec\\\/sitio\\\/en\\\/blog\\\/author\\\/dircomadm\\\/\"}]}<\/script>\n<!-- \/ Yoast SEO plugin. -->","yoast_head_json":{"title":"Universidad de las Artes - UArtes est\u00e1 presente en los Encuentros del Otro Cine","description":"Universidad de las Artes - UArtes est\u00e1 presente en los Encuentros del Otro Cine","robots":{"index":"index","follow":"follow","max-snippet":"max-snippet:-1","max-image-preview":"max-image-preview:large","max-video-preview":"max-video-preview:-1"},"canonical":"https:\/\/www.uartes.edu.ec\/sitio\/en\/blog\/2019\/05\/07\/uartes-esta-presente-en-los-encuentros-del-otro-cine\/","og_locale":"en_US","og_type":"article","og_title":"Universidad de las Artes - UArtes est\u00e1 presente en los Encuentros del Otro Cine","og_description":"Universidad de las Artes - UArtes est\u00e1 presente en los Encuentros del Otro Cine","og_url":"https:\/\/www.uartes.edu.ec\/sitio\/en\/blog\/2019\/05\/07\/uartes-esta-presente-en-los-encuentros-del-otro-cine\/","og_site_name":"Universidad de las Artes","article_publisher":"https:\/\/www.facebook.com\/uartesec","article_published_time":"2019-05-07T19:58:43+00:00","article_modified_time":"2024-07-04T16:51:11+00:00","og_image":[{"width":1500,"height":1000,"url":"https:\/\/www.uartes.edu.ec\/sitio\/wp-content\/uploads\/2019\/05\/Corto-DIAMANTE-Direccion-Gustavo-Maci\u0301as.jpg","type":"image\/jpeg"}],"author":"Universidad de las Artes","twitter_card":"summary_large_image","twitter_creator":"@uartesec","twitter_site":"@uartesec","twitter_misc":{"Written by":"Universidad de las Artes","Est. reading time":"4 minutes"},"schema":{"@context":"https:\/\/schema.org","@graph":[{"@type":"Article","@id":"https:\/\/www.uartes.edu.ec\/sitio\/en\/blog\/2019\/05\/07\/uartes-esta-presente-en-los-encuentros-del-otro-cine\/#article","isPartOf":{"@id":"https:\/\/www.uartes.edu.ec\/sitio\/en\/blog\/2019\/05\/07\/uartes-esta-presente-en-los-encuentros-del-otro-cine\/"},"author":{"name":"Universidad de las Artes","@id":"https:\/\/www.uartes.edu.ec\/sitio\/en\/#\/schema\/person\/f33f8c1d2af0d5c80a38c8abf458184a"},"headline":"UArtes est\u00e1 presente en los Encuentros del Otro Cine","datePublished":"2019-05-07T19:58:43+00:00","dateModified":"2024-07-04T16:51:11+00:00","mainEntityOfPage":{"@id":"https:\/\/www.uartes.edu.ec\/sitio\/en\/blog\/2019\/05\/07\/uartes-esta-presente-en-los-encuentros-del-otro-cine\/"},"wordCount":788,"publisher":{"@id":"https:\/\/www.uartes.edu.ec\/sitio\/en\/#organization"},"image":{"@id":"https:\/\/www.uartes.edu.ec\/sitio\/en\/blog\/2019\/05\/07\/uartes-esta-presente-en-los-encuentros-del-otro-cine\/#primaryimage"},"thumbnailUrl":"https:\/\/www.uartes.edu.ec\/sitio\/wp-content\/uploads\/2019\/05\/Corto-DIAMANTE-Direccion-Gustavo-Maci\u0301as.jpg","keywords":["edoc"],"articleSection":["Estudiantes"],"inLanguage":"en-US"},{"@type":["WebPage","ItemPage"],"@id":"https:\/\/www.uartes.edu.ec\/sitio\/en\/blog\/2019\/05\/07\/uartes-esta-presente-en-los-encuentros-del-otro-cine\/","url":"https:\/\/www.uartes.edu.ec\/sitio\/en\/blog\/2019\/05\/07\/uartes-esta-presente-en-los-encuentros-del-otro-cine\/","name":"Universidad de las Artes - UArtes est\u00e1 presente en los Encuentros del Otro Cine","isPartOf":{"@id":"https:\/\/www.uartes.edu.ec\/sitio\/en\/#website"},"primaryImageOfPage":{"@id":"https:\/\/www.uartes.edu.ec\/sitio\/en\/blog\/2019\/05\/07\/uartes-esta-presente-en-los-encuentros-del-otro-cine\/#primaryimage"},"image":{"@id":"https:\/\/www.uartes.edu.ec\/sitio\/en\/blog\/2019\/05\/07\/uartes-esta-presente-en-los-encuentros-del-otro-cine\/#primaryimage"},"thumbnailUrl":"https:\/\/www.uartes.edu.ec\/sitio\/wp-content\/uploads\/2019\/05\/Corto-DIAMANTE-Direccion-Gustavo-Maci\u0301as.jpg","datePublished":"2019-05-07T19:58:43+00:00","dateModified":"2024-07-04T16:51:11+00:00","description":"Universidad de las Artes - UArtes est\u00e1 presente en los Encuentros del Otro Cine","breadcrumb":{"@id":"https:\/\/www.uartes.edu.ec\/sitio\/en\/blog\/2019\/05\/07\/uartes-esta-presente-en-los-encuentros-del-otro-cine\/#breadcrumb"},"inLanguage":"en-US","potentialAction":[{"@type":"ReadAction","target":["https:\/\/www.uartes.edu.ec\/sitio\/en\/blog\/2019\/05\/07\/uartes-esta-presente-en-los-encuentros-del-otro-cine\/"]}]},{"@type":"ImageObject","inLanguage":"en-US","@id":"https:\/\/www.uartes.edu.ec\/sitio\/en\/blog\/2019\/05\/07\/uartes-esta-presente-en-los-encuentros-del-otro-cine\/#primaryimage","url":"https:\/\/www.uartes.edu.ec\/sitio\/wp-content\/uploads\/2019\/05\/Corto-DIAMANTE-Direccion-Gustavo-Maci\u0301as.jpg","contentUrl":"https:\/\/www.uartes.edu.ec\/sitio\/wp-content\/uploads\/2019\/05\/Corto-DIAMANTE-Direccion-Gustavo-Maci\u0301as.jpg","width":1500,"height":1000},{"@type":"BreadcrumbList","@id":"https:\/\/www.uartes.edu.ec\/sitio\/en\/blog\/2019\/05\/07\/uartes-esta-presente-en-los-encuentros-del-otro-cine\/#breadcrumb","itemListElement":[{"@type":"ListItem","position":1,"name":"Inicio","item":"https:\/\/www.uartes.edu.ec\/sitio\/"},{"@type":"ListItem","position":2,"name":"UArtes est\u00e1 presente en los Encuentros del Otro Cine"}]},{"@type":"WebSite","@id":"https:\/\/www.uartes.edu.ec\/sitio\/en\/#website","url":"https:\/\/www.uartes.edu.ec\/sitio\/en\/","name":"Universidad de las Artes","description":"Sitio oficial de la Universidad Nacional de las Artes del Ecuador","publisher":{"@id":"https:\/\/www.uartes.edu.ec\/sitio\/en\/#organization"},"potentialAction":[{"@type":"SearchAction","target":{"@type":"EntryPoint","urlTemplate":"https:\/\/www.uartes.edu.ec\/sitio\/en\/?s={search_term_string}"},"query-input":{"@type":"PropertyValueSpecification","valueRequired":true,"valueName":"search_term_string"}}],"inLanguage":"en-US"},{"@type":"Organization","@id":"https:\/\/www.uartes.edu.ec\/sitio\/en\/#organization","name":"Universidad de las Artes","url":"https:\/\/www.uartes.edu.ec\/sitio\/en\/","logo":{"@type":"ImageObject","inLanguage":"en-US","@id":"https:\/\/www.uartes.edu.ec\/sitio\/en\/#\/schema\/logo\/image\/","url":"https:\/\/www.uartes.edu.ec\/sitio\/wp-content\/uploads\/2022\/07\/logo-ua-horizontal.png","contentUrl":"https:\/\/www.uartes.edu.ec\/sitio\/wp-content\/uploads\/2022\/07\/logo-ua-horizontal.png","width":800,"height":276,"caption":"Universidad de las Artes"},"image":{"@id":"https:\/\/www.uartes.edu.ec\/sitio\/en\/#\/schema\/logo\/image\/"},"sameAs":["https:\/\/www.facebook.com\/uartesec","https:\/\/x.com\/uartesec","https:\/\/www.tiktok.com\/@uartesec"]},{"@type":"Person","@id":"https:\/\/www.uartes.edu.ec\/sitio\/en\/#\/schema\/person\/f33f8c1d2af0d5c80a38c8abf458184a","name":"Universidad de las Artes","image":{"@type":"ImageObject","inLanguage":"en-US","@id":"https:\/\/secure.gravatar.com\/avatar\/52e4757902f5cfa5ac52d020e5be83cae5487519154b6c35482fe08d589f3c13?s=96&d=mm&r=g","url":"https:\/\/secure.gravatar.com\/avatar\/52e4757902f5cfa5ac52d020e5be83cae5487519154b6c35482fe08d589f3c13?s=96&d=mm&r=g","contentUrl":"https:\/\/secure.gravatar.com\/avatar\/52e4757902f5cfa5ac52d020e5be83cae5487519154b6c35482fe08d589f3c13?s=96&d=mm&r=g","caption":"Universidad de las Artes"},"url":"https:\/\/www.uartes.edu.ec\/sitio\/en\/blog\/author\/dircomadm\/"}]}},"uagb_featured_image_src":{"full":["https:\/\/www.uartes.edu.ec\/sitio\/wp-content\/uploads\/2019\/05\/Corto-DIAMANTE-Direccion-Gustavo-Maci\u0301as.jpg",1500,1000,false],"thumbnail":["https:\/\/www.uartes.edu.ec\/sitio\/wp-content\/uploads\/2019\/05\/Corto-DIAMANTE-Direccion-Gustavo-Maci\u0301as-150x150.jpg",150,150,true],"medium":["https:\/\/www.uartes.edu.ec\/sitio\/wp-content\/uploads\/2019\/05\/Corto-DIAMANTE-Direccion-Gustavo-Maci\u0301as-300x200.jpg",300,200,true],"medium_large":["https:\/\/www.uartes.edu.ec\/sitio\/wp-content\/uploads\/2019\/05\/Corto-DIAMANTE-Direccion-Gustavo-Maci\u0301as-768x512.jpg",768,512,true],"large":["https:\/\/www.uartes.edu.ec\/sitio\/wp-content\/uploads\/2019\/05\/Corto-DIAMANTE-Direccion-Gustavo-Maci\u0301as-644x429.jpg",644,429,true],"1536x1536":["https:\/\/www.uartes.edu.ec\/sitio\/wp-content\/uploads\/2019\/05\/Corto-DIAMANTE-Direccion-Gustavo-Maci\u0301as.jpg",1500,1000,false],"2048x2048":["https:\/\/www.uartes.edu.ec\/sitio\/wp-content\/uploads\/2019\/05\/Corto-DIAMANTE-Direccion-Gustavo-Maci\u0301as.jpg",1500,1000,false],"trp-custom-language-flag":["https:\/\/www.uartes.edu.ec\/sitio\/wp-content\/uploads\/2019\/05\/Corto-DIAMANTE-Direccion-Gustavo-Maci\u0301as.jpg",18,12,false],"htmega_size_585x295":["https:\/\/www.uartes.edu.ec\/sitio\/wp-content\/uploads\/2019\/05\/Corto-DIAMANTE-Direccion-Gustavo-Maci\u0301as.jpg",443,295,false],"htmega_size_1170x536":["https:\/\/www.uartes.edu.ec\/sitio\/wp-content\/uploads\/2019\/05\/Corto-DIAMANTE-Direccion-Gustavo-Maci\u0301as.jpg",804,536,false],"htmega_size_396x360":["https:\/\/www.uartes.edu.ec\/sitio\/wp-content\/uploads\/2019\/05\/Corto-DIAMANTE-Direccion-Gustavo-Maci\u0301as.jpg",396,264,false],"gb-block-post-grid-landscape":["https:\/\/www.uartes.edu.ec\/sitio\/wp-content\/uploads\/2019\/05\/Corto-DIAMANTE-Direccion-Gustavo-Maci\u0301as.jpg",600,400,false],"gb-block-post-grid-square":["https:\/\/www.uartes.edu.ec\/sitio\/wp-content\/uploads\/2019\/05\/Corto-DIAMANTE-Direccion-Gustavo-Maci\u0301as.jpg",600,400,false],"university-hub-thumb":["https:\/\/www.uartes.edu.ec\/sitio\/wp-content\/uploads\/2019\/05\/Corto-DIAMANTE-Direccion-Gustavo-Maci\u0301as-400x267.jpg",400,267,true],"mailpoet_newsletter_max":["https:\/\/www.uartes.edu.ec\/sitio\/wp-content\/uploads\/2019\/05\/Corto-DIAMANTE-Direccion-Gustavo-Maci\u0301as.jpg",1320,880,false]},"uagb_author_info":{"display_name":"Universidad de las Artes","author_link":"https:\/\/www.uartes.edu.ec\/sitio\/en\/blog\/author\/dircomadm\/"},"uagb_comment_info":0,"uagb_excerpt":"Tres estudiantes e igual n\u00famero de docentes de la Escuela de Cine de la Universidad de las Artes est\u00e1n presentes en el Festival Internacional de Cine Documental \u201cEncuentros del Otro Cine\u201d (EDOC), que se inaugurar\u00e1 este mi\u00e9rcoles 8 de mayo en Quito, el jueves 9 en Guayaquil y el viernes 10 en Cotacachi, ciudad de&hellip;","featured_image_src":"https:\/\/www.uartes.edu.ec\/sitio\/wp-content\/uploads\/2019\/05\/Corto-DIAMANTE-Direccion-Gustavo-Maci\u0301as.jpg","featured_image_src_square":"https:\/\/www.uartes.edu.ec\/sitio\/wp-content\/uploads\/2019\/05\/Corto-DIAMANTE-Direccion-Gustavo-Maci\u0301as.jpg","author_info":{"display_name":"Universidad de las Artes","author_link":"https:\/\/www.uartes.edu.ec\/sitio\/en\/blog\/author\/dircomadm\/"},"publishpress_future_workflow_manual_trigger":{"enabledWorkflows":[]},"distributor_meta":false,"distributor_terms":false,"distributor_media":false,"distributor_original_site_name":"Universidad de las Artes","distributor_original_site_url":"https:\/\/www.uartes.edu.ec\/sitio\/en","push-errors":false,"_links":{"self":[{"href":"https:\/\/www.uartes.edu.ec\/sitio\/en\/wp-json\/wp\/v2\/posts\/3485","targetHints":{"allow":["GET"]}}],"collection":[{"href":"https:\/\/www.uartes.edu.ec\/sitio\/en\/wp-json\/wp\/v2\/posts"}],"about":[{"href":"https:\/\/www.uartes.edu.ec\/sitio\/en\/wp-json\/wp\/v2\/types\/post"}],"author":[{"embeddable":true,"href":"https:\/\/www.uartes.edu.ec\/sitio\/en\/wp-json\/wp\/v2\/users\/1"}],"replies":[{"embeddable":true,"href":"https:\/\/www.uartes.edu.ec\/sitio\/en\/wp-json\/wp\/v2\/comments?post=3485"}],"version-history":[{"count":1,"href":"https:\/\/www.uartes.edu.ec\/sitio\/en\/wp-json\/wp\/v2\/posts\/3485\/revisions"}],"predecessor-version":[{"id":3487,"href":"https:\/\/www.uartes.edu.ec\/sitio\/en\/wp-json\/wp\/v2\/posts\/3485\/revisions\/3487"}],"wp:featuredmedia":[{"embeddable":true,"href":"https:\/\/www.uartes.edu.ec\/sitio\/en\/wp-json\/wp\/v2\/media\/3486"}],"wp:attachment":[{"href":"https:\/\/www.uartes.edu.ec\/sitio\/en\/wp-json\/wp\/v2\/media?parent=3485"}],"wp:term":[{"taxonomy":"category","embeddable":true,"href":"https:\/\/www.uartes.edu.ec\/sitio\/en\/wp-json\/wp\/v2\/categories?post=3485"},{"taxonomy":"post_tag","embeddable":true,"href":"https:\/\/www.uartes.edu.ec\/sitio\/en\/wp-json\/wp\/v2\/tags?post=3485"},{"taxonomy":"infouartes","embeddable":true,"href":"https:\/\/www.uartes.edu.ec\/sitio\/en\/wp-json\/wp\/v2\/infouartes?post=3485"}],"curies":[{"name":"wp","href":"https:\/\/api.w.org\/{rel}","templated":true}]}}