{"id":35542,"date":"2022-07-26T10:38:00","date_gmt":"2022-07-26T15:38:00","guid":{"rendered":"http:\/\/www.uartes.edu.ec\/sitio\/?p=35542"},"modified":"2024-07-04T11:23:17","modified_gmt":"2024-07-04T16:23:17","slug":"docente-juan-jose-rocha-hablo-de-los-procesos-educativos-en-ecuador-en-conferencia-de-clacso","status":"publish","type":"post","link":"https:\/\/www.uartes.edu.ec\/sitio\/en\/blog\/2022\/07\/26\/docente-juan-jose-rocha-hablo-de-los-procesos-educativos-en-ecuador-en-conferencia-de-clacso\/","title":{"rendered":"Docente Juan Jos\u00e9 Rocha habl\u00f3 de los procesos educativos en Ecuador en la conferencia de CLACSO en la UNAM"},"content":{"rendered":"<p>El docente UArtes Juan Jos\u00e9 Rocha intervino como ponente en la 9na Conferencia Latinoamericana y Caribe\u00f1a de Ciencias Sociales, organizada por el Consejo Latinoamericano de Ciencias Sociales (CLACSO), instituci\u00f3n internacional no gubernamental con estatus asociativo en la UNESCO.<\/p>\n\n\n\n<p>La cita tuvo lugar, en junio pasado, en la Universidad Aut\u00f3noma de M\u00e9xico y cont\u00f3 con la participaci\u00f3n de investigadores de Latinoam\u00e9rica y Europa. Centr\u00f3 su tem\u00e1tica en \u201cRamas de las desigualdades en Am\u00e9rica Latina y el Caribe &#8211; Saberes, luchas y transformaciones\u201d.<\/p>\n\n\n\n<p>Rocha intervino en la mesa 203 del eje \u00abDerecho a la educaci\u00f3n, pol\u00edticas p\u00fablicas y alternativas pedag\u00f3gicas\u00bb. All\u00ed abord\u00f3 el tema de \u201cEcuador: calidad educativa, acceso a educaci\u00f3n, pol\u00edticas p\u00fablicas. Una s\u00edntesis contextual hasta la pandemia\u201d.<\/p>\n\n\n\n<p>El docente UArtes indic\u00f3 que este espacio acad\u00e9mico result\u00f3 de enorme importancia para quienes hacen investigaci\u00f3n desde esta rama del conocimiento.<\/p>\n\n\n\n<p>Esta experiencia acad\u00e9mica internacional constituy\u00f3 para Rocha una oportunidad para poder presentar un peque\u00f1o avance de la propuesta doctoral que est\u00e1 llevando a cabo en la Universidad Castilla La Mancha de Espa\u00f1a. Su ponencia tuvo como centralidad los procesos educativos en el Ecuador y el aporte que se puede dar desde el arte a la mejora de la calidad de la educaci\u00f3n.<\/p>\n\n\n\n<p>Agreg\u00f3 que el tema en el que est\u00e1 trabajando desde la investigaci\u00f3n doctoral propone un cambio a nivel de la educaci\u00f3n del pa\u00eds desde un an\u00e1lisis de los par\u00e1metros de calidad educativa, con el fin de mejorar los procesos metodol\u00f3gicos desde la centralidad de las artes, abri\u00e9ndose a que estas sean trabajadas de manera inter-transdisciplinar con el resto de las \u00e1reas del conocimiento.<\/p>\n\n\n\n<p>De manera breve, dijo, busca detallar el proceso hist\u00f3rico en el lapso de los \u00faltimos 20 a\u00f1os hasta la pandemia, \u00e9poca actual donde se est\u00e1 retomando la presencialidad y expuso acerca de aquella deuda que el estado a\u00fan mantiene con los procesos educativos y que durante este tiempo sigue latente.<\/p>\n\n\n\n<p>En el espacio de di\u00e1logo acad\u00e9mico que abri\u00f3 la CLACSO en la 9na Conferencia, Rocha manifest\u00f3 que se pudo entrelazar lazos con otros colegas que investigan sobre la realidad de esta Am\u00e9rica Latina que lucha contra la pobreza y desigualdad y que busca varias v\u00edas para que un desarrollo \u00edntegro de los pueblos.<\/p>","protected":false},"excerpt":{"rendered":"<p>\u201cEcuador: calidad educativa, acceso a educaci\u00f3n, pol\u00edticas p\u00fablicas. Una s\u00edntesis contextual hasta la pandemia\u201d fue el tema que el docente UArtes Juan Jos\u00e9 Rocha abord\u00f3 en la 9na Conferencia Latinoamericana y Caribe\u00f1a de Ciencias Sociales, organizada por el Consejo Latinoamericano de Ciencias Sociales (CLACSO) en la Universidad Aut\u00f3noma de M\u00e9xico (UNAM).<\/p>","protected":false},"author":10,"featured_media":35543,"comment_status":"open","ping_status":"open","sticky":false,"template":"","format":"standard","meta":{"_acf_changed":false,"_uag_custom_page_level_css":"","_monsterinsights_skip_tracking":false,"_monsterinsights_sitenote_active":false,"_monsterinsights_sitenote_note":"","_monsterinsights_sitenote_category":0,"cybocfi_hide_featured_image":"","footnotes":""},"categories":[80,75,284],"tags":[58],"infouartes":[],"class_list":["post-35542","post","type-post","status-publish","format-standard","has-post-thumbnail","hentry","category-academico","category-docentes","category-investigacion","tag-investigacion"],"acf":[],"yoast_head":"<!-- This site is optimized with the Yoast SEO plugin v27.4 - https:\/\/yoast.com\/product\/yoast-seo-wordpress\/ -->\n<title>Universidad de las Artes - Docente Juan Jos\u00e9 Rocha habl\u00f3 de los procesos educativos en Ecuador en la conferencia de CLACSO en la UNAM<\/title>\n<meta name=\"description\" content=\"Universidad de las Artes - Docente Juan Jos\u00e9 Rocha habl\u00f3 de los procesos educativos en Ecuador en la conferencia de CLACSO en la UNAM\" \/>\n<meta name=\"robots\" content=\"index, follow, max-snippet:-1, max-image-preview:large, max-video-preview:-1\" \/>\n<link rel=\"canonical\" href=\"https:\/\/www.uartes.edu.ec\/sitio\/en\/blog\/2022\/07\/26\/docente-juan-jose-rocha-hablo-de-los-procesos-educativos-en-ecuador-en-conferencia-de-clacso\/\" \/>\n<meta property=\"og:locale\" content=\"en_US\" \/>\n<meta property=\"og:type\" content=\"article\" \/>\n<meta property=\"og:title\" content=\"Universidad de las Artes - Docente Juan Jos\u00e9 Rocha habl\u00f3 de los procesos educativos en Ecuador en la conferencia de CLACSO en la UNAM\" \/>\n<meta property=\"og:description\" content=\"Universidad de las Artes - Docente Juan Jos\u00e9 Rocha habl\u00f3 de los procesos educativos en Ecuador en la conferencia de CLACSO en la UNAM\" \/>\n<meta property=\"og:url\" content=\"https:\/\/www.uartes.edu.ec\/sitio\/en\/blog\/2022\/07\/26\/docente-juan-jose-rocha-hablo-de-los-procesos-educativos-en-ecuador-en-conferencia-de-clacso\/\" \/>\n<meta property=\"og:site_name\" content=\"Universidad de las Artes\" \/>\n<meta property=\"article:publisher\" content=\"https:\/\/www.facebook.com\/uartesec\" \/>\n<meta property=\"article:published_time\" content=\"2022-07-26T15:38:00+00:00\" \/>\n<meta property=\"article:modified_time\" content=\"2024-07-04T16:23:17+00:00\" \/>\n<meta property=\"og:image\" content=\"https:\/\/www.uartes.edu.ec\/sitio\/wp-content\/uploads\/2022\/12\/CLACSO-ROCHA.jpg\" \/>\n\t<meta property=\"og:image:width\" content=\"2000\" \/>\n\t<meta property=\"og:image:height\" content=\"1333\" \/>\n\t<meta property=\"og:image:type\" content=\"image\/jpeg\" \/>\n<meta name=\"author\" content=\"ccortez\" \/>\n<meta name=\"twitter:card\" content=\"summary_large_image\" \/>\n<meta name=\"twitter:creator\" content=\"@uartesec\" \/>\n<meta name=\"twitter:site\" content=\"@uartesec\" \/>\n<meta name=\"twitter:label1\" content=\"Written by\" \/>\n\t<meta name=\"twitter:data1\" content=\"ccortez\" \/>\n\t<meta name=\"twitter:label2\" content=\"Est. reading time\" \/>\n\t<meta name=\"twitter:data2\" content=\"2 minutes\" \/>\n<script type=\"application\/ld+json\" class=\"yoast-schema-graph\">{\"@context\":\"https:\\\/\\\/schema.org\",\"@graph\":[{\"@type\":\"Article\",\"@id\":\"https:\\\/\\\/www.uartes.edu.ec\\\/sitio\\\/en\\\/blog\\\/2022\\\/07\\\/26\\\/docente-juan-jose-rocha-hablo-de-los-procesos-educativos-en-ecuador-en-conferencia-de-clacso\\\/#article\",\"isPartOf\":{\"@id\":\"https:\\\/\\\/www.uartes.edu.ec\\\/sitio\\\/en\\\/blog\\\/2022\\\/07\\\/26\\\/docente-juan-jose-rocha-hablo-de-los-procesos-educativos-en-ecuador-en-conferencia-de-clacso\\\/\"},\"author\":{\"name\":\"ccortez\",\"@id\":\"https:\\\/\\\/www.uartes.edu.ec\\\/sitio\\\/en\\\/#\\\/schema\\\/person\\\/efa1b8275797664fd7f13a79ccc0b1f4\"},\"headline\":\"Docente Juan Jos\u00e9 Rocha habl\u00f3 de los procesos educativos en Ecuador en la conferencia de CLACSO en la UNAM\",\"datePublished\":\"2022-07-26T15:38:00+00:00\",\"dateModified\":\"2024-07-04T16:23:17+00:00\",\"mainEntityOfPage\":{\"@id\":\"https:\\\/\\\/www.uartes.edu.ec\\\/sitio\\\/en\\\/blog\\\/2022\\\/07\\\/26\\\/docente-juan-jose-rocha-hablo-de-los-procesos-educativos-en-ecuador-en-conferencia-de-clacso\\\/\"},\"wordCount\":419,\"commentCount\":0,\"publisher\":{\"@id\":\"https:\\\/\\\/www.uartes.edu.ec\\\/sitio\\\/en\\\/#organization\"},\"image\":{\"@id\":\"https:\\\/\\\/www.uartes.edu.ec\\\/sitio\\\/en\\\/blog\\\/2022\\\/07\\\/26\\\/docente-juan-jose-rocha-hablo-de-los-procesos-educativos-en-ecuador-en-conferencia-de-clacso\\\/#primaryimage\"},\"thumbnailUrl\":\"https:\\\/\\\/www.uartes.edu.ec\\\/sitio\\\/wp-content\\\/uploads\\\/2022\\\/12\\\/CLACSO-ROCHA.jpg\",\"keywords\":[\"investigaci\u00f3n\"],\"articleSection\":[\"Acad\u00e9mico\",\"Docentes\",\"Investigaci\u00f3n\"],\"inLanguage\":\"en-US\",\"potentialAction\":[{\"@type\":\"CommentAction\",\"name\":\"Comment\",\"target\":[\"https:\\\/\\\/www.uartes.edu.ec\\\/sitio\\\/en\\\/blog\\\/2022\\\/07\\\/26\\\/docente-juan-jose-rocha-hablo-de-los-procesos-educativos-en-ecuador-en-conferencia-de-clacso\\\/#respond\"]}]},{\"@type\":[\"WebPage\",\"ItemPage\"],\"@id\":\"https:\\\/\\\/www.uartes.edu.ec\\\/sitio\\\/en\\\/blog\\\/2022\\\/07\\\/26\\\/docente-juan-jose-rocha-hablo-de-los-procesos-educativos-en-ecuador-en-conferencia-de-clacso\\\/\",\"url\":\"https:\\\/\\\/www.uartes.edu.ec\\\/sitio\\\/en\\\/blog\\\/2022\\\/07\\\/26\\\/docente-juan-jose-rocha-hablo-de-los-procesos-educativos-en-ecuador-en-conferencia-de-clacso\\\/\",\"name\":\"Universidad de las Artes - Docente Juan Jos\u00e9 Rocha habl\u00f3 de los procesos educativos en Ecuador en la conferencia de CLACSO en la UNAM\",\"isPartOf\":{\"@id\":\"https:\\\/\\\/www.uartes.edu.ec\\\/sitio\\\/en\\\/#website\"},\"primaryImageOfPage\":{\"@id\":\"https:\\\/\\\/www.uartes.edu.ec\\\/sitio\\\/en\\\/blog\\\/2022\\\/07\\\/26\\\/docente-juan-jose-rocha-hablo-de-los-procesos-educativos-en-ecuador-en-conferencia-de-clacso\\\/#primaryimage\"},\"image\":{\"@id\":\"https:\\\/\\\/www.uartes.edu.ec\\\/sitio\\\/en\\\/blog\\\/2022\\\/07\\\/26\\\/docente-juan-jose-rocha-hablo-de-los-procesos-educativos-en-ecuador-en-conferencia-de-clacso\\\/#primaryimage\"},\"thumbnailUrl\":\"https:\\\/\\\/www.uartes.edu.ec\\\/sitio\\\/wp-content\\\/uploads\\\/2022\\\/12\\\/CLACSO-ROCHA.jpg\",\"datePublished\":\"2022-07-26T15:38:00+00:00\",\"dateModified\":\"2024-07-04T16:23:17+00:00\",\"description\":\"Universidad de las Artes - Docente Juan Jos\u00e9 Rocha habl\u00f3 de los procesos educativos en Ecuador en la conferencia de CLACSO en la UNAM\",\"breadcrumb\":{\"@id\":\"https:\\\/\\\/www.uartes.edu.ec\\\/sitio\\\/en\\\/blog\\\/2022\\\/07\\\/26\\\/docente-juan-jose-rocha-hablo-de-los-procesos-educativos-en-ecuador-en-conferencia-de-clacso\\\/#breadcrumb\"},\"inLanguage\":\"en-US\",\"potentialAction\":[{\"@type\":\"ReadAction\",\"target\":[\"https:\\\/\\\/www.uartes.edu.ec\\\/sitio\\\/en\\\/blog\\\/2022\\\/07\\\/26\\\/docente-juan-jose-rocha-hablo-de-los-procesos-educativos-en-ecuador-en-conferencia-de-clacso\\\/\"]}]},{\"@type\":\"ImageObject\",\"inLanguage\":\"en-US\",\"@id\":\"https:\\\/\\\/www.uartes.edu.ec\\\/sitio\\\/en\\\/blog\\\/2022\\\/07\\\/26\\\/docente-juan-jose-rocha-hablo-de-los-procesos-educativos-en-ecuador-en-conferencia-de-clacso\\\/#primaryimage\",\"url\":\"https:\\\/\\\/www.uartes.edu.ec\\\/sitio\\\/wp-content\\\/uploads\\\/2022\\\/12\\\/CLACSO-ROCHA.jpg\",\"contentUrl\":\"https:\\\/\\\/www.uartes.edu.ec\\\/sitio\\\/wp-content\\\/uploads\\\/2022\\\/12\\\/CLACSO-ROCHA.jpg\",\"width\":2000,\"height\":1333},{\"@type\":\"BreadcrumbList\",\"@id\":\"https:\\\/\\\/www.uartes.edu.ec\\\/sitio\\\/en\\\/blog\\\/2022\\\/07\\\/26\\\/docente-juan-jose-rocha-hablo-de-los-procesos-educativos-en-ecuador-en-conferencia-de-clacso\\\/#breadcrumb\",\"itemListElement\":[{\"@type\":\"ListItem\",\"position\":1,\"name\":\"Inicio\",\"item\":\"https:\\\/\\\/www.uartes.edu.ec\\\/sitio\\\/\"},{\"@type\":\"ListItem\",\"position\":2,\"name\":\"Docente Juan Jos\u00e9 Rocha habl\u00f3 de los procesos educativos en Ecuador en la conferencia de CLACSO en la UNAM\"}]},{\"@type\":\"WebSite\",\"@id\":\"https:\\\/\\\/www.uartes.edu.ec\\\/sitio\\\/en\\\/#website\",\"url\":\"https:\\\/\\\/www.uartes.edu.ec\\\/sitio\\\/en\\\/\",\"name\":\"Universidad de las Artes\",\"description\":\"Sitio oficial de la Universidad Nacional de las Artes del Ecuador\",\"publisher\":{\"@id\":\"https:\\\/\\\/www.uartes.edu.ec\\\/sitio\\\/en\\\/#organization\"},\"potentialAction\":[{\"@type\":\"SearchAction\",\"target\":{\"@type\":\"EntryPoint\",\"urlTemplate\":\"https:\\\/\\\/www.uartes.edu.ec\\\/sitio\\\/en\\\/?s={search_term_string}\"},\"query-input\":{\"@type\":\"PropertyValueSpecification\",\"valueRequired\":true,\"valueName\":\"search_term_string\"}}],\"inLanguage\":\"en-US\"},{\"@type\":\"Organization\",\"@id\":\"https:\\\/\\\/www.uartes.edu.ec\\\/sitio\\\/en\\\/#organization\",\"name\":\"Universidad de las Artes\",\"url\":\"https:\\\/\\\/www.uartes.edu.ec\\\/sitio\\\/en\\\/\",\"logo\":{\"@type\":\"ImageObject\",\"inLanguage\":\"en-US\",\"@id\":\"https:\\\/\\\/www.uartes.edu.ec\\\/sitio\\\/en\\\/#\\\/schema\\\/logo\\\/image\\\/\",\"url\":\"https:\\\/\\\/www.uartes.edu.ec\\\/sitio\\\/wp-content\\\/uploads\\\/2022\\\/07\\\/logo-ua-horizontal.png\",\"contentUrl\":\"https:\\\/\\\/www.uartes.edu.ec\\\/sitio\\\/wp-content\\\/uploads\\\/2022\\\/07\\\/logo-ua-horizontal.png\",\"width\":800,\"height\":276,\"caption\":\"Universidad de las Artes\"},\"image\":{\"@id\":\"https:\\\/\\\/www.uartes.edu.ec\\\/sitio\\\/en\\\/#\\\/schema\\\/logo\\\/image\\\/\"},\"sameAs\":[\"https:\\\/\\\/www.facebook.com\\\/uartesec\",\"https:\\\/\\\/x.com\\\/uartesec\",\"https:\\\/\\\/www.tiktok.com\\\/@uartesec\"]},{\"@type\":\"Person\",\"@id\":\"https:\\\/\\\/www.uartes.edu.ec\\\/sitio\\\/en\\\/#\\\/schema\\\/person\\\/efa1b8275797664fd7f13a79ccc0b1f4\",\"name\":\"ccortez\",\"image\":{\"@type\":\"ImageObject\",\"inLanguage\":\"en-US\",\"@id\":\"https:\\\/\\\/secure.gravatar.com\\\/avatar\\\/b2a6f664a3ae8e074346ef91775736c5ec479e637ecced6842de9dc98b5da9cd?s=96&d=mm&r=g\",\"url\":\"https:\\\/\\\/secure.gravatar.com\\\/avatar\\\/b2a6f664a3ae8e074346ef91775736c5ec479e637ecced6842de9dc98b5da9cd?s=96&d=mm&r=g\",\"contentUrl\":\"https:\\\/\\\/secure.gravatar.com\\\/avatar\\\/b2a6f664a3ae8e074346ef91775736c5ec479e637ecced6842de9dc98b5da9cd?s=96&d=mm&r=g\",\"caption\":\"ccortez\"},\"url\":\"https:\\\/\\\/www.uartes.edu.ec\\\/sitio\\\/en\\\/blog\\\/author\\\/ccortez\\\/\"}]}<\/script>\n<!-- \/ Yoast SEO plugin. -->","yoast_head_json":{"title":"Universidad de las Artes - Docente Juan Jos\u00e9 Rocha habl\u00f3 de los procesos educativos en Ecuador en la conferencia de CLACSO en la UNAM","description":"Universidad de las Artes - Docente Juan Jos\u00e9 Rocha habl\u00f3 de los procesos educativos en Ecuador en la conferencia de CLACSO en la UNAM","robots":{"index":"index","follow":"follow","max-snippet":"max-snippet:-1","max-image-preview":"max-image-preview:large","max-video-preview":"max-video-preview:-1"},"canonical":"https:\/\/www.uartes.edu.ec\/sitio\/en\/blog\/2022\/07\/26\/docente-juan-jose-rocha-hablo-de-los-procesos-educativos-en-ecuador-en-conferencia-de-clacso\/","og_locale":"en_US","og_type":"article","og_title":"Universidad de las Artes - Docente Juan Jos\u00e9 Rocha habl\u00f3 de los procesos educativos en Ecuador en la conferencia de CLACSO en la UNAM","og_description":"Universidad de las Artes - Docente Juan Jos\u00e9 Rocha habl\u00f3 de los procesos educativos en Ecuador en la conferencia de CLACSO en la UNAM","og_url":"https:\/\/www.uartes.edu.ec\/sitio\/en\/blog\/2022\/07\/26\/docente-juan-jose-rocha-hablo-de-los-procesos-educativos-en-ecuador-en-conferencia-de-clacso\/","og_site_name":"Universidad de las Artes","article_publisher":"https:\/\/www.facebook.com\/uartesec","article_published_time":"2022-07-26T15:38:00+00:00","article_modified_time":"2024-07-04T16:23:17+00:00","og_image":[{"width":2000,"height":1333,"url":"https:\/\/www.uartes.edu.ec\/sitio\/wp-content\/uploads\/2022\/12\/CLACSO-ROCHA.jpg","type":"image\/jpeg"}],"author":"ccortez","twitter_card":"summary_large_image","twitter_creator":"@uartesec","twitter_site":"@uartesec","twitter_misc":{"Written by":"ccortez","Est. reading time":"2 minutes"},"schema":{"@context":"https:\/\/schema.org","@graph":[{"@type":"Article","@id":"https:\/\/www.uartes.edu.ec\/sitio\/en\/blog\/2022\/07\/26\/docente-juan-jose-rocha-hablo-de-los-procesos-educativos-en-ecuador-en-conferencia-de-clacso\/#article","isPartOf":{"@id":"https:\/\/www.uartes.edu.ec\/sitio\/en\/blog\/2022\/07\/26\/docente-juan-jose-rocha-hablo-de-los-procesos-educativos-en-ecuador-en-conferencia-de-clacso\/"},"author":{"name":"ccortez","@id":"https:\/\/www.uartes.edu.ec\/sitio\/en\/#\/schema\/person\/efa1b8275797664fd7f13a79ccc0b1f4"},"headline":"Docente Juan Jos\u00e9 Rocha habl\u00f3 de los procesos educativos en Ecuador en la conferencia de CLACSO en la UNAM","datePublished":"2022-07-26T15:38:00+00:00","dateModified":"2024-07-04T16:23:17+00:00","mainEntityOfPage":{"@id":"https:\/\/www.uartes.edu.ec\/sitio\/en\/blog\/2022\/07\/26\/docente-juan-jose-rocha-hablo-de-los-procesos-educativos-en-ecuador-en-conferencia-de-clacso\/"},"wordCount":419,"commentCount":0,"publisher":{"@id":"https:\/\/www.uartes.edu.ec\/sitio\/en\/#organization"},"image":{"@id":"https:\/\/www.uartes.edu.ec\/sitio\/en\/blog\/2022\/07\/26\/docente-juan-jose-rocha-hablo-de-los-procesos-educativos-en-ecuador-en-conferencia-de-clacso\/#primaryimage"},"thumbnailUrl":"https:\/\/www.uartes.edu.ec\/sitio\/wp-content\/uploads\/2022\/12\/CLACSO-ROCHA.jpg","keywords":["investigaci\u00f3n"],"articleSection":["Acad\u00e9mico","Docentes","Investigaci\u00f3n"],"inLanguage":"en-US","potentialAction":[{"@type":"CommentAction","name":"Comment","target":["https:\/\/www.uartes.edu.ec\/sitio\/en\/blog\/2022\/07\/26\/docente-juan-jose-rocha-hablo-de-los-procesos-educativos-en-ecuador-en-conferencia-de-clacso\/#respond"]}]},{"@type":["WebPage","ItemPage"],"@id":"https:\/\/www.uartes.edu.ec\/sitio\/en\/blog\/2022\/07\/26\/docente-juan-jose-rocha-hablo-de-los-procesos-educativos-en-ecuador-en-conferencia-de-clacso\/","url":"https:\/\/www.uartes.edu.ec\/sitio\/en\/blog\/2022\/07\/26\/docente-juan-jose-rocha-hablo-de-los-procesos-educativos-en-ecuador-en-conferencia-de-clacso\/","name":"Universidad de las Artes - Docente Juan Jos\u00e9 Rocha habl\u00f3 de los procesos educativos en Ecuador en la conferencia de CLACSO en la UNAM","isPartOf":{"@id":"https:\/\/www.uartes.edu.ec\/sitio\/en\/#website"},"primaryImageOfPage":{"@id":"https:\/\/www.uartes.edu.ec\/sitio\/en\/blog\/2022\/07\/26\/docente-juan-jose-rocha-hablo-de-los-procesos-educativos-en-ecuador-en-conferencia-de-clacso\/#primaryimage"},"image":{"@id":"https:\/\/www.uartes.edu.ec\/sitio\/en\/blog\/2022\/07\/26\/docente-juan-jose-rocha-hablo-de-los-procesos-educativos-en-ecuador-en-conferencia-de-clacso\/#primaryimage"},"thumbnailUrl":"https:\/\/www.uartes.edu.ec\/sitio\/wp-content\/uploads\/2022\/12\/CLACSO-ROCHA.jpg","datePublished":"2022-07-26T15:38:00+00:00","dateModified":"2024-07-04T16:23:17+00:00","description":"Universidad de las Artes - Docente Juan Jos\u00e9 Rocha habl\u00f3 de los procesos educativos en Ecuador en la conferencia de CLACSO en la UNAM","breadcrumb":{"@id":"https:\/\/www.uartes.edu.ec\/sitio\/en\/blog\/2022\/07\/26\/docente-juan-jose-rocha-hablo-de-los-procesos-educativos-en-ecuador-en-conferencia-de-clacso\/#breadcrumb"},"inLanguage":"en-US","potentialAction":[{"@type":"ReadAction","target":["https:\/\/www.uartes.edu.ec\/sitio\/en\/blog\/2022\/07\/26\/docente-juan-jose-rocha-hablo-de-los-procesos-educativos-en-ecuador-en-conferencia-de-clacso\/"]}]},{"@type":"ImageObject","inLanguage":"en-US","@id":"https:\/\/www.uartes.edu.ec\/sitio\/en\/blog\/2022\/07\/26\/docente-juan-jose-rocha-hablo-de-los-procesos-educativos-en-ecuador-en-conferencia-de-clacso\/#primaryimage","url":"https:\/\/www.uartes.edu.ec\/sitio\/wp-content\/uploads\/2022\/12\/CLACSO-ROCHA.jpg","contentUrl":"https:\/\/www.uartes.edu.ec\/sitio\/wp-content\/uploads\/2022\/12\/CLACSO-ROCHA.jpg","width":2000,"height":1333},{"@type":"BreadcrumbList","@id":"https:\/\/www.uartes.edu.ec\/sitio\/en\/blog\/2022\/07\/26\/docente-juan-jose-rocha-hablo-de-los-procesos-educativos-en-ecuador-en-conferencia-de-clacso\/#breadcrumb","itemListElement":[{"@type":"ListItem","position":1,"name":"Inicio","item":"https:\/\/www.uartes.edu.ec\/sitio\/"},{"@type":"ListItem","position":2,"name":"Docente Juan Jos\u00e9 Rocha habl\u00f3 de los procesos educativos en Ecuador en la conferencia de CLACSO en la UNAM"}]},{"@type":"WebSite","@id":"https:\/\/www.uartes.edu.ec\/sitio\/en\/#website","url":"https:\/\/www.uartes.edu.ec\/sitio\/en\/","name":"Universidad de las Artes","description":"Sitio oficial de la Universidad Nacional de las Artes del Ecuador","publisher":{"@id":"https:\/\/www.uartes.edu.ec\/sitio\/en\/#organization"},"potentialAction":[{"@type":"SearchAction","target":{"@type":"EntryPoint","urlTemplate":"https:\/\/www.uartes.edu.ec\/sitio\/en\/?s={search_term_string}"},"query-input":{"@type":"PropertyValueSpecification","valueRequired":true,"valueName":"search_term_string"}}],"inLanguage":"en-US"},{"@type":"Organization","@id":"https:\/\/www.uartes.edu.ec\/sitio\/en\/#organization","name":"Universidad de las Artes","url":"https:\/\/www.uartes.edu.ec\/sitio\/en\/","logo":{"@type":"ImageObject","inLanguage":"en-US","@id":"https:\/\/www.uartes.edu.ec\/sitio\/en\/#\/schema\/logo\/image\/","url":"https:\/\/www.uartes.edu.ec\/sitio\/wp-content\/uploads\/2022\/07\/logo-ua-horizontal.png","contentUrl":"https:\/\/www.uartes.edu.ec\/sitio\/wp-content\/uploads\/2022\/07\/logo-ua-horizontal.png","width":800,"height":276,"caption":"Universidad de las Artes"},"image":{"@id":"https:\/\/www.uartes.edu.ec\/sitio\/en\/#\/schema\/logo\/image\/"},"sameAs":["https:\/\/www.facebook.com\/uartesec","https:\/\/x.com\/uartesec","https:\/\/www.tiktok.com\/@uartesec"]},{"@type":"Person","@id":"https:\/\/www.uartes.edu.ec\/sitio\/en\/#\/schema\/person\/efa1b8275797664fd7f13a79ccc0b1f4","name":"ccortez","image":{"@type":"ImageObject","inLanguage":"en-US","@id":"https:\/\/secure.gravatar.com\/avatar\/b2a6f664a3ae8e074346ef91775736c5ec479e637ecced6842de9dc98b5da9cd?s=96&d=mm&r=g","url":"https:\/\/secure.gravatar.com\/avatar\/b2a6f664a3ae8e074346ef91775736c5ec479e637ecced6842de9dc98b5da9cd?s=96&d=mm&r=g","contentUrl":"https:\/\/secure.gravatar.com\/avatar\/b2a6f664a3ae8e074346ef91775736c5ec479e637ecced6842de9dc98b5da9cd?s=96&d=mm&r=g","caption":"ccortez"},"url":"https:\/\/www.uartes.edu.ec\/sitio\/en\/blog\/author\/ccortez\/"}]}},"uagb_featured_image_src":{"full":["https:\/\/www.uartes.edu.ec\/sitio\/wp-content\/uploads\/2022\/12\/CLACSO-ROCHA.jpg",2000,1333,false],"thumbnail":["https:\/\/www.uartes.edu.ec\/sitio\/wp-content\/uploads\/2022\/12\/CLACSO-ROCHA-150x150.jpg",150,150,true],"medium":["https:\/\/www.uartes.edu.ec\/sitio\/wp-content\/uploads\/2022\/12\/CLACSO-ROCHA-300x200.jpg",300,200,true],"medium_large":["https:\/\/www.uartes.edu.ec\/sitio\/wp-content\/uploads\/2022\/12\/CLACSO-ROCHA-768x512.jpg",768,512,true],"large":["https:\/\/www.uartes.edu.ec\/sitio\/wp-content\/uploads\/2022\/12\/CLACSO-ROCHA-644x429.jpg",644,429,true],"1536x1536":["https:\/\/www.uartes.edu.ec\/sitio\/wp-content\/uploads\/2022\/12\/CLACSO-ROCHA-1536x1024.jpg",1536,1024,true],"2048x2048":["https:\/\/www.uartes.edu.ec\/sitio\/wp-content\/uploads\/2022\/12\/CLACSO-ROCHA.jpg",2000,1333,false],"trp-custom-language-flag":["https:\/\/www.uartes.edu.ec\/sitio\/wp-content\/uploads\/2022\/12\/CLACSO-ROCHA.jpg",18,12,false],"htmega_size_585x295":["https:\/\/www.uartes.edu.ec\/sitio\/wp-content\/uploads\/2022\/12\/CLACSO-ROCHA.jpg",443,295,false],"htmega_size_1170x536":["https:\/\/www.uartes.edu.ec\/sitio\/wp-content\/uploads\/2022\/12\/CLACSO-ROCHA.jpg",804,536,false],"htmega_size_396x360":["https:\/\/www.uartes.edu.ec\/sitio\/wp-content\/uploads\/2022\/12\/CLACSO-ROCHA.jpg",396,264,false],"gb-block-post-grid-landscape":["https:\/\/www.uartes.edu.ec\/sitio\/wp-content\/uploads\/2022\/12\/CLACSO-ROCHA-600x400.jpg",600,400,true],"gb-block-post-grid-square":["https:\/\/www.uartes.edu.ec\/sitio\/wp-content\/uploads\/2022\/12\/CLACSO-ROCHA-600x600.jpg",600,600,true],"university-hub-thumb":["https:\/\/www.uartes.edu.ec\/sitio\/wp-content\/uploads\/2022\/12\/CLACSO-ROCHA-400x267.jpg",400,267,true],"mailpoet_newsletter_max":["https:\/\/www.uartes.edu.ec\/sitio\/wp-content\/uploads\/2022\/12\/CLACSO-ROCHA.jpg",1320,880,false]},"uagb_author_info":{"display_name":"ccortez","author_link":"https:\/\/www.uartes.edu.ec\/sitio\/en\/blog\/author\/ccortez\/"},"uagb_comment_info":0,"uagb_excerpt":"\u201cEcuador: calidad educativa, acceso a educaci\u00f3n, pol\u00edticas p\u00fablicas. Una s\u00edntesis contextual hasta la pandemia\u201d fue el tema que el docente UArtes Juan Jos\u00e9 Rocha abord\u00f3 en la 9na Conferencia Latinoamericana y Caribe\u00f1a de Ciencias Sociales, organizada por el Consejo Latinoamericano de Ciencias Sociales (CLACSO) en la Universidad Aut\u00f3noma de M\u00e9xico (UNAM).","featured_image_src":"https:\/\/www.uartes.edu.ec\/sitio\/wp-content\/uploads\/2022\/12\/CLACSO-ROCHA-600x400.jpg","featured_image_src_square":"https:\/\/www.uartes.edu.ec\/sitio\/wp-content\/uploads\/2022\/12\/CLACSO-ROCHA-600x600.jpg","author_info":{"display_name":"ccortez","author_link":"https:\/\/www.uartes.edu.ec\/sitio\/en\/blog\/author\/ccortez\/"},"publishpress_future_workflow_manual_trigger":{"enabledWorkflows":[]},"distributor_meta":false,"distributor_terms":false,"distributor_media":false,"distributor_original_site_name":"Universidad de las Artes","distributor_original_site_url":"https:\/\/www.uartes.edu.ec\/sitio\/en","push-errors":false,"_links":{"self":[{"href":"https:\/\/www.uartes.edu.ec\/sitio\/en\/wp-json\/wp\/v2\/posts\/35542","targetHints":{"allow":["GET"]}}],"collection":[{"href":"https:\/\/www.uartes.edu.ec\/sitio\/en\/wp-json\/wp\/v2\/posts"}],"about":[{"href":"https:\/\/www.uartes.edu.ec\/sitio\/en\/wp-json\/wp\/v2\/types\/post"}],"author":[{"embeddable":true,"href":"https:\/\/www.uartes.edu.ec\/sitio\/en\/wp-json\/wp\/v2\/users\/10"}],"replies":[{"embeddable":true,"href":"https:\/\/www.uartes.edu.ec\/sitio\/en\/wp-json\/wp\/v2\/comments?post=35542"}],"version-history":[{"count":5,"href":"https:\/\/www.uartes.edu.ec\/sitio\/en\/wp-json\/wp\/v2\/posts\/35542\/revisions"}],"predecessor-version":[{"id":35556,"href":"https:\/\/www.uartes.edu.ec\/sitio\/en\/wp-json\/wp\/v2\/posts\/35542\/revisions\/35556"}],"wp:featuredmedia":[{"embeddable":true,"href":"https:\/\/www.uartes.edu.ec\/sitio\/en\/wp-json\/wp\/v2\/media\/35543"}],"wp:attachment":[{"href":"https:\/\/www.uartes.edu.ec\/sitio\/en\/wp-json\/wp\/v2\/media?parent=35542"}],"wp:term":[{"taxonomy":"category","embeddable":true,"href":"https:\/\/www.uartes.edu.ec\/sitio\/en\/wp-json\/wp\/v2\/categories?post=35542"},{"taxonomy":"post_tag","embeddable":true,"href":"https:\/\/www.uartes.edu.ec\/sitio\/en\/wp-json\/wp\/v2\/tags?post=35542"},{"taxonomy":"infouartes","embeddable":true,"href":"https:\/\/www.uartes.edu.ec\/sitio\/en\/wp-json\/wp\/v2\/infouartes?post=35542"}],"curies":[{"name":"wp","href":"https:\/\/api.w.org\/{rel}","templated":true}]}}