{"id":357,"date":"2017-02-13T11:14:58","date_gmt":"2017-02-13T16:14:58","guid":{"rendered":"http:\/\/www.uartes.edu.ec\/infouartes\/?p=357"},"modified":"2024-07-04T11:54:22","modified_gmt":"2024-07-04T16:54:22","slug":"uartes-abrira-sede-en-complejo-pumapungo-de-cuenca","status":"publish","type":"post","link":"https:\/\/www.uartes.edu.ec\/sitio\/en\/blog\/2017\/02\/13\/uartes-abrira-sede-en-complejo-pumapungo-de-cuenca\/","title":{"rendered":"UArtes abrir\u00e1 sede en Complejo Pumapungo de Cuenca"},"content":{"rendered":"<p>Luego del recorrido que realizaron por el <strong>Conservatorio Superior de M\u00fasica de Quito<\/strong> y el <strong>Teatro Nacional Benjam\u00edn Carri\u00f3n de Loja<\/strong>, el Ministro Coordinador de Conocimiento y Talento Humano (MCCTH), Andr\u00e9s Arauz, junto al Rector de la Universidad de las Artes del Ecuador (UArtes), Ramiro Noriega, realizaron una \u00faltima parada que los llev\u00f3 a recorrer el <strong>Conservatorio de Cuenca<\/strong> y el <strong>Complejo Arqueol\u00f3gico de Pumapungo<\/strong>.<\/p>\n<p>Esta visita a la capital azuaya, este jueves ocho de febrero, se realiz\u00f3 en el marco de la pr\u00f3xima apertura de las sedes de la UArtes en las ciudades de Quito, Loja Cuenca, seg\u00fan lo estipula el C\u00f3digo Ingenios y la Ley Org\u00e1nica de Cultura.<\/p>\n<p>Este nuevo proceso de democratizaci\u00f3n del acceso a la educaci\u00f3n superior en el Ecuador es una noticia positiva para la comunidad estudiantil que ya no ver\u00e1n limitadas sus posibilidades de crecimiento profesional con una tecnolog\u00eda, sino que podr\u00e1n acceder a una licenciatura de tercer nivel e inclusive a educaci\u00f3n de posgrados con Maestr\u00edas y PhD a trav\u00e9s de la Universidad de las Artes, destac\u00f3 el titular del MCCTH.<\/p>\n<p>\u201cHemos realizado un recorrido al Complejo de Pumapungo donde hemos visto que existen espacios para poder crear un cl\u00faster donde vamos a tener no solo un complejo arqueol\u00f3gico, cultural, museo, teatro, la sede de la Orquesta Sinf\u00f3nica, sino tambi\u00e9n la sede de la Universidad de las Artes aqu\u00ed en Cuenca\u201d, indic\u00f3 Arauz.<\/p>\n<p>\u201cEs indispensable que los artistas puedan desempe\u00f1ar sus actividades en un lugar apropiado. Estamos muy contentos porque el complejo es un contenedor incre\u00edble. Est\u00e1 el presente, el pasado y el futuro. Una sensibilidad que nos ilusiona\u201d, mencion\u00f3 Ramiro Noriega.<\/p>\n<p>La comunidad de docentes de los Conservatorios Superiores se ver\u00e1 tambi\u00e9n beneficiada puesto que ahora pasar\u00e1n del r\u00e9gimen laboral de servidor p\u00fablico al escalaf\u00f3n de docente e investigador universitario dentro de la UArtes, con la consecuente mejora remunerativa.<\/p>\n<p>Al momento, la UArtes trabaja articuladamente en la elaboraci\u00f3n de un proyecto acad\u00e9mico espec\u00edfico que permita a los estudiantes de los Conservatorios su transici\u00f3n a ser alumnos de la instituci\u00f3n. Una vez que el expediente acad\u00e9mico ingrese al Consejo de Educaci\u00f3n Superior (CES), habr\u00e1 un proceso, entre tres y seis meses, de observaci\u00f3n y certificaci\u00f3n realizado por el CES. \u201cCreemos que a finales de 2017 empezaremos a operar los Conservatorios como sedes de la UArtes en Quito, Loja y Cuenca\u201d, destac\u00f3 Noriega.<\/p>","protected":false},"excerpt":{"rendered":"<p>Luego del recorrido que realizaron por el Conservatorio Superior de M\u00fasica de Quito y el Teatro Nacional Benjam\u00edn Carri\u00f3n de Loja, el Ministro Coordinador de Conocimiento y Talento Humano (MCCTH), Andr\u00e9s Arauz, junto al Rector de la Universidad de las Artes del Ecuador (UArtes), Ramiro Noriega, realizaron una \u00faltima parada que los llev\u00f3 a recorrer [&hellip;]<\/p>\n","protected":false},"author":1,"featured_media":2584,"comment_status":"closed","ping_status":"open","sticky":false,"template":"","format":"standard","meta":{"_acf_changed":false,"_uag_custom_page_level_css":"","_monsterinsights_skip_tracking":false,"_monsterinsights_sitenote_active":false,"_monsterinsights_sitenote_note":"","_monsterinsights_sitenote_category":0,"cybocfi_hide_featured_image":"","footnotes":""},"categories":[83],"tags":[],"infouartes":[],"class_list":["post-357","post","type-post","status-publish","format-standard","has-post-thumbnail","hentry","category-sedes"],"acf":[],"yoast_head":"<!-- This site is optimized with the Yoast SEO plugin v27.4 - https:\/\/yoast.com\/product\/yoast-seo-wordpress\/ -->\n<title>Universidad de las Artes - UArtes abrir\u00e1 sede en Complejo Pumapungo de Cuenca<\/title>\n<meta name=\"description\" content=\"Universidad de las Artes - UArtes abrir\u00e1 sede en Complejo Pumapungo de Cuenca\" \/>\n<meta name=\"robots\" content=\"index, follow, max-snippet:-1, max-image-preview:large, max-video-preview:-1\" \/>\n<link rel=\"canonical\" href=\"https:\/\/www.uartes.edu.ec\/sitio\/en\/blog\/2017\/02\/13\/uartes-abrira-sede-en-complejo-pumapungo-de-cuenca\/\" \/>\n<meta property=\"og:locale\" content=\"en_US\" \/>\n<meta property=\"og:type\" content=\"article\" \/>\n<meta property=\"og:title\" content=\"Universidad de las Artes - UArtes abrir\u00e1 sede en Complejo Pumapungo de Cuenca\" \/>\n<meta property=\"og:description\" content=\"Universidad de las Artes - UArtes abrir\u00e1 sede en Complejo Pumapungo de Cuenca\" \/>\n<meta property=\"og:url\" content=\"https:\/\/www.uartes.edu.ec\/sitio\/en\/blog\/2017\/02\/13\/uartes-abrira-sede-en-complejo-pumapungo-de-cuenca\/\" \/>\n<meta property=\"og:site_name\" content=\"Universidad de las Artes\" \/>\n<meta property=\"article:publisher\" content=\"https:\/\/www.facebook.com\/uartesec\" \/>\n<meta property=\"article:published_time\" content=\"2017-02-13T16:14:58+00:00\" \/>\n<meta property=\"article:modified_time\" content=\"2024-07-04T16:54:22+00:00\" \/>\n<meta property=\"og:image\" content=\"https:\/\/www.uartes.edu.ec\/sitio\/wp-content\/uploads\/2017\/02\/UArtes-abrira-sede-en-Complejo-Pumapungo-de-Cuenca-1132x509.jpg\" \/>\n\t<meta property=\"og:image:width\" content=\"1132\" \/>\n\t<meta property=\"og:image:height\" content=\"509\" \/>\n\t<meta property=\"og:image:type\" content=\"image\/jpeg\" \/>\n<meta name=\"author\" content=\"Universidad de las Artes\" \/>\n<meta name=\"twitter:card\" content=\"summary_large_image\" \/>\n<meta name=\"twitter:creator\" content=\"@uartesec\" \/>\n<meta name=\"twitter:site\" content=\"@uartesec\" \/>\n<meta name=\"twitter:label1\" content=\"Written by\" \/>\n\t<meta name=\"twitter:data1\" content=\"Universidad de las Artes\" \/>\n\t<meta name=\"twitter:label2\" content=\"Est. reading time\" \/>\n\t<meta name=\"twitter:data2\" content=\"2 minutes\" \/>\n<script type=\"application\/ld+json\" class=\"yoast-schema-graph\">{\"@context\":\"https:\\\/\\\/schema.org\",\"@graph\":[{\"@type\":\"Article\",\"@id\":\"https:\\\/\\\/www.uartes.edu.ec\\\/sitio\\\/en\\\/blog\\\/2017\\\/02\\\/13\\\/uartes-abrira-sede-en-complejo-pumapungo-de-cuenca\\\/#article\",\"isPartOf\":{\"@id\":\"https:\\\/\\\/www.uartes.edu.ec\\\/sitio\\\/en\\\/blog\\\/2017\\\/02\\\/13\\\/uartes-abrira-sede-en-complejo-pumapungo-de-cuenca\\\/\"},\"author\":{\"name\":\"Universidad de las Artes\",\"@id\":\"https:\\\/\\\/www.uartes.edu.ec\\\/sitio\\\/en\\\/#\\\/schema\\\/person\\\/f33f8c1d2af0d5c80a38c8abf458184a\"},\"headline\":\"UArtes abrir\u00e1 sede en Complejo Pumapungo de Cuenca\",\"datePublished\":\"2017-02-13T16:14:58+00:00\",\"dateModified\":\"2024-07-04T16:54:22+00:00\",\"mainEntityOfPage\":{\"@id\":\"https:\\\/\\\/www.uartes.edu.ec\\\/sitio\\\/en\\\/blog\\\/2017\\\/02\\\/13\\\/uartes-abrira-sede-en-complejo-pumapungo-de-cuenca\\\/\"},\"wordCount\":433,\"publisher\":{\"@id\":\"https:\\\/\\\/www.uartes.edu.ec\\\/sitio\\\/en\\\/#organization\"},\"image\":{\"@id\":\"https:\\\/\\\/www.uartes.edu.ec\\\/sitio\\\/en\\\/blog\\\/2017\\\/02\\\/13\\\/uartes-abrira-sede-en-complejo-pumapungo-de-cuenca\\\/#primaryimage\"},\"thumbnailUrl\":\"https:\\\/\\\/www.uartes.edu.ec\\\/sitio\\\/wp-content\\\/uploads\\\/2017\\\/02\\\/UArtes-abrira-sede-en-Complejo-Pumapungo-de-Cuenca-1132x509.jpg\",\"articleSection\":[\"Sedes\"],\"inLanguage\":\"en-US\"},{\"@type\":[\"WebPage\",\"ItemPage\"],\"@id\":\"https:\\\/\\\/www.uartes.edu.ec\\\/sitio\\\/en\\\/blog\\\/2017\\\/02\\\/13\\\/uartes-abrira-sede-en-complejo-pumapungo-de-cuenca\\\/\",\"url\":\"https:\\\/\\\/www.uartes.edu.ec\\\/sitio\\\/en\\\/blog\\\/2017\\\/02\\\/13\\\/uartes-abrira-sede-en-complejo-pumapungo-de-cuenca\\\/\",\"name\":\"Universidad de las Artes - UArtes abrir\u00e1 sede en Complejo Pumapungo de Cuenca\",\"isPartOf\":{\"@id\":\"https:\\\/\\\/www.uartes.edu.ec\\\/sitio\\\/en\\\/#website\"},\"primaryImageOfPage\":{\"@id\":\"https:\\\/\\\/www.uartes.edu.ec\\\/sitio\\\/en\\\/blog\\\/2017\\\/02\\\/13\\\/uartes-abrira-sede-en-complejo-pumapungo-de-cuenca\\\/#primaryimage\"},\"image\":{\"@id\":\"https:\\\/\\\/www.uartes.edu.ec\\\/sitio\\\/en\\\/blog\\\/2017\\\/02\\\/13\\\/uartes-abrira-sede-en-complejo-pumapungo-de-cuenca\\\/#primaryimage\"},\"thumbnailUrl\":\"https:\\\/\\\/www.uartes.edu.ec\\\/sitio\\\/wp-content\\\/uploads\\\/2017\\\/02\\\/UArtes-abrira-sede-en-Complejo-Pumapungo-de-Cuenca-1132x509.jpg\",\"datePublished\":\"2017-02-13T16:14:58+00:00\",\"dateModified\":\"2024-07-04T16:54:22+00:00\",\"description\":\"Universidad de las Artes - UArtes abrir\u00e1 sede en Complejo Pumapungo de Cuenca\",\"breadcrumb\":{\"@id\":\"https:\\\/\\\/www.uartes.edu.ec\\\/sitio\\\/en\\\/blog\\\/2017\\\/02\\\/13\\\/uartes-abrira-sede-en-complejo-pumapungo-de-cuenca\\\/#breadcrumb\"},\"inLanguage\":\"en-US\",\"potentialAction\":[{\"@type\":\"ReadAction\",\"target\":[\"https:\\\/\\\/www.uartes.edu.ec\\\/sitio\\\/en\\\/blog\\\/2017\\\/02\\\/13\\\/uartes-abrira-sede-en-complejo-pumapungo-de-cuenca\\\/\"]}]},{\"@type\":\"ImageObject\",\"inLanguage\":\"en-US\",\"@id\":\"https:\\\/\\\/www.uartes.edu.ec\\\/sitio\\\/en\\\/blog\\\/2017\\\/02\\\/13\\\/uartes-abrira-sede-en-complejo-pumapungo-de-cuenca\\\/#primaryimage\",\"url\":\"https:\\\/\\\/www.uartes.edu.ec\\\/sitio\\\/wp-content\\\/uploads\\\/2017\\\/02\\\/UArtes-abrira-sede-en-Complejo-Pumapungo-de-Cuenca-1132x509.jpg\",\"contentUrl\":\"https:\\\/\\\/www.uartes.edu.ec\\\/sitio\\\/wp-content\\\/uploads\\\/2017\\\/02\\\/UArtes-abrira-sede-en-Complejo-Pumapungo-de-Cuenca-1132x509.jpg\",\"width\":1132,\"height\":509},{\"@type\":\"BreadcrumbList\",\"@id\":\"https:\\\/\\\/www.uartes.edu.ec\\\/sitio\\\/en\\\/blog\\\/2017\\\/02\\\/13\\\/uartes-abrira-sede-en-complejo-pumapungo-de-cuenca\\\/#breadcrumb\",\"itemListElement\":[{\"@type\":\"ListItem\",\"position\":1,\"name\":\"Inicio\",\"item\":\"https:\\\/\\\/www.uartes.edu.ec\\\/sitio\\\/\"},{\"@type\":\"ListItem\",\"position\":2,\"name\":\"UArtes abrir\u00e1 sede en Complejo Pumapungo de Cuenca\"}]},{\"@type\":\"WebSite\",\"@id\":\"https:\\\/\\\/www.uartes.edu.ec\\\/sitio\\\/en\\\/#website\",\"url\":\"https:\\\/\\\/www.uartes.edu.ec\\\/sitio\\\/en\\\/\",\"name\":\"Universidad de las Artes\",\"description\":\"Sitio oficial de la Universidad Nacional de las Artes del Ecuador\",\"publisher\":{\"@id\":\"https:\\\/\\\/www.uartes.edu.ec\\\/sitio\\\/en\\\/#organization\"},\"potentialAction\":[{\"@type\":\"SearchAction\",\"target\":{\"@type\":\"EntryPoint\",\"urlTemplate\":\"https:\\\/\\\/www.uartes.edu.ec\\\/sitio\\\/en\\\/?s={search_term_string}\"},\"query-input\":{\"@type\":\"PropertyValueSpecification\",\"valueRequired\":true,\"valueName\":\"search_term_string\"}}],\"inLanguage\":\"en-US\"},{\"@type\":\"Organization\",\"@id\":\"https:\\\/\\\/www.uartes.edu.ec\\\/sitio\\\/en\\\/#organization\",\"name\":\"Universidad de las Artes\",\"url\":\"https:\\\/\\\/www.uartes.edu.ec\\\/sitio\\\/en\\\/\",\"logo\":{\"@type\":\"ImageObject\",\"inLanguage\":\"en-US\",\"@id\":\"https:\\\/\\\/www.uartes.edu.ec\\\/sitio\\\/en\\\/#\\\/schema\\\/logo\\\/image\\\/\",\"url\":\"https:\\\/\\\/www.uartes.edu.ec\\\/sitio\\\/wp-content\\\/uploads\\\/2022\\\/07\\\/logo-ua-horizontal.png\",\"contentUrl\":\"https:\\\/\\\/www.uartes.edu.ec\\\/sitio\\\/wp-content\\\/uploads\\\/2022\\\/07\\\/logo-ua-horizontal.png\",\"width\":800,\"height\":276,\"caption\":\"Universidad de las Artes\"},\"image\":{\"@id\":\"https:\\\/\\\/www.uartes.edu.ec\\\/sitio\\\/en\\\/#\\\/schema\\\/logo\\\/image\\\/\"},\"sameAs\":[\"https:\\\/\\\/www.facebook.com\\\/uartesec\",\"https:\\\/\\\/x.com\\\/uartesec\",\"https:\\\/\\\/www.tiktok.com\\\/@uartesec\"]},{\"@type\":\"Person\",\"@id\":\"https:\\\/\\\/www.uartes.edu.ec\\\/sitio\\\/en\\\/#\\\/schema\\\/person\\\/f33f8c1d2af0d5c80a38c8abf458184a\",\"name\":\"Universidad de las Artes\",\"image\":{\"@type\":\"ImageObject\",\"inLanguage\":\"en-US\",\"@id\":\"https:\\\/\\\/secure.gravatar.com\\\/avatar\\\/52e4757902f5cfa5ac52d020e5be83cae5487519154b6c35482fe08d589f3c13?s=96&d=mm&r=g\",\"url\":\"https:\\\/\\\/secure.gravatar.com\\\/avatar\\\/52e4757902f5cfa5ac52d020e5be83cae5487519154b6c35482fe08d589f3c13?s=96&d=mm&r=g\",\"contentUrl\":\"https:\\\/\\\/secure.gravatar.com\\\/avatar\\\/52e4757902f5cfa5ac52d020e5be83cae5487519154b6c35482fe08d589f3c13?s=96&d=mm&r=g\",\"caption\":\"Universidad de las Artes\"},\"url\":\"https:\\\/\\\/www.uartes.edu.ec\\\/sitio\\\/en\\\/blog\\\/author\\\/dircomadm\\\/\"}]}<\/script>\n<!-- \/ Yoast SEO plugin. -->","yoast_head_json":{"title":"Universidad de las Artes - UArtes abrir\u00e1 sede en Complejo Pumapungo de Cuenca","description":"Universidad de las Artes - UArtes abrir\u00e1 sede en Complejo Pumapungo de Cuenca","robots":{"index":"index","follow":"follow","max-snippet":"max-snippet:-1","max-image-preview":"max-image-preview:large","max-video-preview":"max-video-preview:-1"},"canonical":"https:\/\/www.uartes.edu.ec\/sitio\/en\/blog\/2017\/02\/13\/uartes-abrira-sede-en-complejo-pumapungo-de-cuenca\/","og_locale":"en_US","og_type":"article","og_title":"Universidad de las Artes - UArtes abrir\u00e1 sede en Complejo Pumapungo de Cuenca","og_description":"Universidad de las Artes - UArtes abrir\u00e1 sede en Complejo Pumapungo de Cuenca","og_url":"https:\/\/www.uartes.edu.ec\/sitio\/en\/blog\/2017\/02\/13\/uartes-abrira-sede-en-complejo-pumapungo-de-cuenca\/","og_site_name":"Universidad de las Artes","article_publisher":"https:\/\/www.facebook.com\/uartesec","article_published_time":"2017-02-13T16:14:58+00:00","article_modified_time":"2024-07-04T16:54:22+00:00","og_image":[{"width":1132,"height":509,"url":"https:\/\/www.uartes.edu.ec\/sitio\/wp-content\/uploads\/2017\/02\/UArtes-abrira-sede-en-Complejo-Pumapungo-de-Cuenca-1132x509.jpg","type":"image\/jpeg"}],"author":"Universidad de las Artes","twitter_card":"summary_large_image","twitter_creator":"@uartesec","twitter_site":"@uartesec","twitter_misc":{"Written by":"Universidad de las Artes","Est. reading time":"2 minutes"},"schema":{"@context":"https:\/\/schema.org","@graph":[{"@type":"Article","@id":"https:\/\/www.uartes.edu.ec\/sitio\/en\/blog\/2017\/02\/13\/uartes-abrira-sede-en-complejo-pumapungo-de-cuenca\/#article","isPartOf":{"@id":"https:\/\/www.uartes.edu.ec\/sitio\/en\/blog\/2017\/02\/13\/uartes-abrira-sede-en-complejo-pumapungo-de-cuenca\/"},"author":{"name":"Universidad de las Artes","@id":"https:\/\/www.uartes.edu.ec\/sitio\/en\/#\/schema\/person\/f33f8c1d2af0d5c80a38c8abf458184a"},"headline":"UArtes abrir\u00e1 sede en Complejo Pumapungo de Cuenca","datePublished":"2017-02-13T16:14:58+00:00","dateModified":"2024-07-04T16:54:22+00:00","mainEntityOfPage":{"@id":"https:\/\/www.uartes.edu.ec\/sitio\/en\/blog\/2017\/02\/13\/uartes-abrira-sede-en-complejo-pumapungo-de-cuenca\/"},"wordCount":433,"publisher":{"@id":"https:\/\/www.uartes.edu.ec\/sitio\/en\/#organization"},"image":{"@id":"https:\/\/www.uartes.edu.ec\/sitio\/en\/blog\/2017\/02\/13\/uartes-abrira-sede-en-complejo-pumapungo-de-cuenca\/#primaryimage"},"thumbnailUrl":"https:\/\/www.uartes.edu.ec\/sitio\/wp-content\/uploads\/2017\/02\/UArtes-abrira-sede-en-Complejo-Pumapungo-de-Cuenca-1132x509.jpg","articleSection":["Sedes"],"inLanguage":"en-US"},{"@type":["WebPage","ItemPage"],"@id":"https:\/\/www.uartes.edu.ec\/sitio\/en\/blog\/2017\/02\/13\/uartes-abrira-sede-en-complejo-pumapungo-de-cuenca\/","url":"https:\/\/www.uartes.edu.ec\/sitio\/en\/blog\/2017\/02\/13\/uartes-abrira-sede-en-complejo-pumapungo-de-cuenca\/","name":"Universidad de las Artes - UArtes abrir\u00e1 sede en Complejo Pumapungo de Cuenca","isPartOf":{"@id":"https:\/\/www.uartes.edu.ec\/sitio\/en\/#website"},"primaryImageOfPage":{"@id":"https:\/\/www.uartes.edu.ec\/sitio\/en\/blog\/2017\/02\/13\/uartes-abrira-sede-en-complejo-pumapungo-de-cuenca\/#primaryimage"},"image":{"@id":"https:\/\/www.uartes.edu.ec\/sitio\/en\/blog\/2017\/02\/13\/uartes-abrira-sede-en-complejo-pumapungo-de-cuenca\/#primaryimage"},"thumbnailUrl":"https:\/\/www.uartes.edu.ec\/sitio\/wp-content\/uploads\/2017\/02\/UArtes-abrira-sede-en-Complejo-Pumapungo-de-Cuenca-1132x509.jpg","datePublished":"2017-02-13T16:14:58+00:00","dateModified":"2024-07-04T16:54:22+00:00","description":"Universidad de las Artes - UArtes abrir\u00e1 sede en Complejo Pumapungo de Cuenca","breadcrumb":{"@id":"https:\/\/www.uartes.edu.ec\/sitio\/en\/blog\/2017\/02\/13\/uartes-abrira-sede-en-complejo-pumapungo-de-cuenca\/#breadcrumb"},"inLanguage":"en-US","potentialAction":[{"@type":"ReadAction","target":["https:\/\/www.uartes.edu.ec\/sitio\/en\/blog\/2017\/02\/13\/uartes-abrira-sede-en-complejo-pumapungo-de-cuenca\/"]}]},{"@type":"ImageObject","inLanguage":"en-US","@id":"https:\/\/www.uartes.edu.ec\/sitio\/en\/blog\/2017\/02\/13\/uartes-abrira-sede-en-complejo-pumapungo-de-cuenca\/#primaryimage","url":"https:\/\/www.uartes.edu.ec\/sitio\/wp-content\/uploads\/2017\/02\/UArtes-abrira-sede-en-Complejo-Pumapungo-de-Cuenca-1132x509.jpg","contentUrl":"https:\/\/www.uartes.edu.ec\/sitio\/wp-content\/uploads\/2017\/02\/UArtes-abrira-sede-en-Complejo-Pumapungo-de-Cuenca-1132x509.jpg","width":1132,"height":509},{"@type":"BreadcrumbList","@id":"https:\/\/www.uartes.edu.ec\/sitio\/en\/blog\/2017\/02\/13\/uartes-abrira-sede-en-complejo-pumapungo-de-cuenca\/#breadcrumb","itemListElement":[{"@type":"ListItem","position":1,"name":"Inicio","item":"https:\/\/www.uartes.edu.ec\/sitio\/"},{"@type":"ListItem","position":2,"name":"UArtes abrir\u00e1 sede en Complejo Pumapungo de Cuenca"}]},{"@type":"WebSite","@id":"https:\/\/www.uartes.edu.ec\/sitio\/en\/#website","url":"https:\/\/www.uartes.edu.ec\/sitio\/en\/","name":"Universidad de las Artes","description":"Sitio oficial de la Universidad Nacional de las Artes del Ecuador","publisher":{"@id":"https:\/\/www.uartes.edu.ec\/sitio\/en\/#organization"},"potentialAction":[{"@type":"SearchAction","target":{"@type":"EntryPoint","urlTemplate":"https:\/\/www.uartes.edu.ec\/sitio\/en\/?s={search_term_string}"},"query-input":{"@type":"PropertyValueSpecification","valueRequired":true,"valueName":"search_term_string"}}],"inLanguage":"en-US"},{"@type":"Organization","@id":"https:\/\/www.uartes.edu.ec\/sitio\/en\/#organization","name":"Universidad de las Artes","url":"https:\/\/www.uartes.edu.ec\/sitio\/en\/","logo":{"@type":"ImageObject","inLanguage":"en-US","@id":"https:\/\/www.uartes.edu.ec\/sitio\/en\/#\/schema\/logo\/image\/","url":"https:\/\/www.uartes.edu.ec\/sitio\/wp-content\/uploads\/2022\/07\/logo-ua-horizontal.png","contentUrl":"https:\/\/www.uartes.edu.ec\/sitio\/wp-content\/uploads\/2022\/07\/logo-ua-horizontal.png","width":800,"height":276,"caption":"Universidad de las Artes"},"image":{"@id":"https:\/\/www.uartes.edu.ec\/sitio\/en\/#\/schema\/logo\/image\/"},"sameAs":["https:\/\/www.facebook.com\/uartesec","https:\/\/x.com\/uartesec","https:\/\/www.tiktok.com\/@uartesec"]},{"@type":"Person","@id":"https:\/\/www.uartes.edu.ec\/sitio\/en\/#\/schema\/person\/f33f8c1d2af0d5c80a38c8abf458184a","name":"Universidad de las Artes","image":{"@type":"ImageObject","inLanguage":"en-US","@id":"https:\/\/secure.gravatar.com\/avatar\/52e4757902f5cfa5ac52d020e5be83cae5487519154b6c35482fe08d589f3c13?s=96&d=mm&r=g","url":"https:\/\/secure.gravatar.com\/avatar\/52e4757902f5cfa5ac52d020e5be83cae5487519154b6c35482fe08d589f3c13?s=96&d=mm&r=g","contentUrl":"https:\/\/secure.gravatar.com\/avatar\/52e4757902f5cfa5ac52d020e5be83cae5487519154b6c35482fe08d589f3c13?s=96&d=mm&r=g","caption":"Universidad de las Artes"},"url":"https:\/\/www.uartes.edu.ec\/sitio\/en\/blog\/author\/dircomadm\/"}]}},"uagb_featured_image_src":{"full":["https:\/\/www.uartes.edu.ec\/sitio\/wp-content\/uploads\/2017\/02\/UArtes-abrira-sede-en-Complejo-Pumapungo-de-Cuenca-1132x509.jpg",1132,509,false],"thumbnail":["https:\/\/www.uartes.edu.ec\/sitio\/wp-content\/uploads\/2017\/02\/UArtes-abrira-sede-en-Complejo-Pumapungo-de-Cuenca-1132x509-150x150.jpg",150,150,true],"medium":["https:\/\/www.uartes.edu.ec\/sitio\/wp-content\/uploads\/2017\/02\/UArtes-abrira-sede-en-Complejo-Pumapungo-de-Cuenca-1132x509-300x135.jpg",300,135,true],"medium_large":["https:\/\/www.uartes.edu.ec\/sitio\/wp-content\/uploads\/2017\/02\/UArtes-abrira-sede-en-Complejo-Pumapungo-de-Cuenca-1132x509-768x345.jpg",768,345,true],"large":["https:\/\/www.uartes.edu.ec\/sitio\/wp-content\/uploads\/2017\/02\/UArtes-abrira-sede-en-Complejo-Pumapungo-de-Cuenca-1132x509-1024x460.jpg",644,289,true],"1536x1536":["https:\/\/www.uartes.edu.ec\/sitio\/wp-content\/uploads\/2017\/02\/UArtes-abrira-sede-en-Complejo-Pumapungo-de-Cuenca-1132x509.jpg",1132,509,false],"2048x2048":["https:\/\/www.uartes.edu.ec\/sitio\/wp-content\/uploads\/2017\/02\/UArtes-abrira-sede-en-Complejo-Pumapungo-de-Cuenca-1132x509.jpg",1132,509,false],"trp-custom-language-flag":["https:\/\/www.uartes.edu.ec\/sitio\/wp-content\/uploads\/2017\/02\/UArtes-abrira-sede-en-Complejo-Pumapungo-de-Cuenca-1132x509.jpg",18,8,false],"htmega_size_585x295":["https:\/\/www.uartes.edu.ec\/sitio\/wp-content\/uploads\/2017\/02\/UArtes-abrira-sede-en-Complejo-Pumapungo-de-Cuenca-1132x509.jpg",585,263,false],"htmega_size_1170x536":["https:\/\/www.uartes.edu.ec\/sitio\/wp-content\/uploads\/2017\/02\/UArtes-abrira-sede-en-Complejo-Pumapungo-de-Cuenca-1132x509.jpg",1132,509,false],"htmega_size_396x360":["https:\/\/www.uartes.edu.ec\/sitio\/wp-content\/uploads\/2017\/02\/UArtes-abrira-sede-en-Complejo-Pumapungo-de-Cuenca-1132x509.jpg",396,178,false],"gb-block-post-grid-landscape":["https:\/\/www.uartes.edu.ec\/sitio\/wp-content\/uploads\/2017\/02\/UArtes-abrira-sede-en-Complejo-Pumapungo-de-Cuenca-1132x509.jpg",600,270,false],"gb-block-post-grid-square":["https:\/\/www.uartes.edu.ec\/sitio\/wp-content\/uploads\/2017\/02\/UArtes-abrira-sede-en-Complejo-Pumapungo-de-Cuenca-1132x509.jpg",600,270,false],"university-hub-thumb":["https:\/\/www.uartes.edu.ec\/sitio\/wp-content\/uploads\/2017\/02\/UArtes-abrira-sede-en-Complejo-Pumapungo-de-Cuenca-1132x509.jpg",400,180,false]},"uagb_author_info":{"display_name":"Universidad de las Artes","author_link":"https:\/\/www.uartes.edu.ec\/sitio\/en\/blog\/author\/dircomadm\/"},"uagb_comment_info":0,"uagb_excerpt":"Luego del recorrido que realizaron por el Conservatorio Superior de M\u00fasica de Quito y el Teatro Nacional Benjam\u00edn Carri\u00f3n de Loja, el Ministro Coordinador de Conocimiento y Talento Humano (MCCTH), Andr\u00e9s Arauz, junto al Rector de la Universidad de las Artes del Ecuador (UArtes), Ramiro Noriega, realizaron una \u00faltima parada que los llev\u00f3 a recorrer&hellip;","featured_image_src":"https:\/\/www.uartes.edu.ec\/sitio\/wp-content\/uploads\/2017\/02\/UArtes-abrira-sede-en-Complejo-Pumapungo-de-Cuenca-1132x509.jpg","featured_image_src_square":"https:\/\/www.uartes.edu.ec\/sitio\/wp-content\/uploads\/2017\/02\/UArtes-abrira-sede-en-Complejo-Pumapungo-de-Cuenca-1132x509.jpg","author_info":{"display_name":"Universidad de las Artes","author_link":"https:\/\/www.uartes.edu.ec\/sitio\/en\/blog\/author\/dircomadm\/"},"publishpress_future_workflow_manual_trigger":{"enabledWorkflows":[]},"distributor_meta":false,"distributor_terms":false,"distributor_media":false,"distributor_original_site_name":"Universidad de las Artes","distributor_original_site_url":"https:\/\/www.uartes.edu.ec\/sitio\/en","push-errors":false,"_links":{"self":[{"href":"https:\/\/www.uartes.edu.ec\/sitio\/en\/wp-json\/wp\/v2\/posts\/357","targetHints":{"allow":["GET"]}}],"collection":[{"href":"https:\/\/www.uartes.edu.ec\/sitio\/en\/wp-json\/wp\/v2\/posts"}],"about":[{"href":"https:\/\/www.uartes.edu.ec\/sitio\/en\/wp-json\/wp\/v2\/types\/post"}],"author":[{"embeddable":true,"href":"https:\/\/www.uartes.edu.ec\/sitio\/en\/wp-json\/wp\/v2\/users\/1"}],"replies":[{"embeddable":true,"href":"https:\/\/www.uartes.edu.ec\/sitio\/en\/wp-json\/wp\/v2\/comments?post=357"}],"version-history":[{"count":1,"href":"https:\/\/www.uartes.edu.ec\/sitio\/en\/wp-json\/wp\/v2\/posts\/357\/revisions"}],"predecessor-version":[{"id":2585,"href":"https:\/\/www.uartes.edu.ec\/sitio\/en\/wp-json\/wp\/v2\/posts\/357\/revisions\/2585"}],"wp:featuredmedia":[{"embeddable":true,"href":"https:\/\/www.uartes.edu.ec\/sitio\/en\/wp-json\/wp\/v2\/media\/2584"}],"wp:attachment":[{"href":"https:\/\/www.uartes.edu.ec\/sitio\/en\/wp-json\/wp\/v2\/media?parent=357"}],"wp:term":[{"taxonomy":"category","embeddable":true,"href":"https:\/\/www.uartes.edu.ec\/sitio\/en\/wp-json\/wp\/v2\/categories?post=357"},{"taxonomy":"post_tag","embeddable":true,"href":"https:\/\/www.uartes.edu.ec\/sitio\/en\/wp-json\/wp\/v2\/tags?post=357"},{"taxonomy":"infouartes","embeddable":true,"href":"https:\/\/www.uartes.edu.ec\/sitio\/en\/wp-json\/wp\/v2\/infouartes?post=357"}],"curies":[{"name":"wp","href":"https:\/\/api.w.org\/{rel}","templated":true}]}}