{"id":36088,"date":"2023-01-12T16:45:23","date_gmt":"2023-01-12T21:45:23","guid":{"rendered":"http:\/\/www.uartes.edu.ec\/sitio\/?p=36088"},"modified":"2024-07-04T11:21:48","modified_gmt":"2024-07-04T16:21:48","slug":"rector-de-la-uartes-integra-el-nuevo-directorio-de-la-asamblea-del-sistema-de-educacion-superior-ecuatoriana","status":"publish","type":"post","link":"https:\/\/www.uartes.edu.ec\/sitio\/en\/blog\/2023\/01\/12\/rector-de-la-uartes-integra-el-nuevo-directorio-de-la-asamblea-del-sistema-de-educacion-superior-ecuatoriana\/","title":{"rendered":"Rector de la UArtes integra el nuevo directorio de la Asamblea del Sistema de Educaci\u00f3n Superior Ecuatoriana"},"content":{"rendered":"<p>El doctor William Herrera, rector de la Universidad de las Artes, integra como miembro el nuevo directorio ejecutivo de la Asamblea del Sistema de Educaci\u00f3n Superior Ecuatoriana (ASESEC), cuyo proceso eleccionario se desarroll\u00f3 en el auditorio de la Facultad de Contabilidad y Auditor\u00eda de la Universidad T\u00e9cnica de Ambato (UTA).<\/p>\n\n\n\n<p>El rector de la UArtes particip\u00f3 en la \u00fanica lista que, con el n\u00famero 1, se inscribi\u00f3 para el proceso y que encabezan los doctores Hern\u00e1n Rojas S\u00e1nchez, rector de la Universidad Estatal de Bol\u00edvar, como presidente; y Enrique Pozo Cabrera, rector de la Universidad Cat\u00f3lica de Cuenca, como vicepresidente.<\/p>\n\n\n\n<p>El d\u00eda de la elecci\u00f3n del nuevo directorio, el 7 de diciembre de 2022, el presidente saliente, Dr. Galo Naranjo L\u00f3pez, rector de la UTA, quien lider\u00f3 la ASESEC de 2018 a 2022, tom\u00f3 la palabra para dar cuenta de su gesti\u00f3n. La Junta Electoral de la ASESEC detall\u00f3 c\u00f3mo ser\u00eda la votaci\u00f3n y que la \u00fanica lista participante fue calificada por presentar todos los requisitos se\u00f1alados en la Ley.<\/p>\n\n\n\n<p>Tambi\u00e9n se dio lectura a los lineamientos de la elecci\u00f3n y solicit\u00f3 la postulaci\u00f3n y designaci\u00f3n del\/de la escrutador\/a, quedando como tal la Dra. Idalia Pacheco, rectora de la Universidad T\u00e9cnica de Cotopaxi. Entonces, se procedi\u00f3 a la votaci\u00f3n de manera presencial y virtual. El conteo de votos arroj\u00f3 como resultado que la Lista 1 obtuvo 76 votos a favor; hubo dos abstenciones.<\/p>\n\n\n<div class=\"wp-block-image\">\n<figure class=\"aligncenter size-large\"><img fetchpriority=\"high\" decoding=\"async\" width=\"644\" height=\"429\" src=\"http:\/\/www.uartes.edu.ec\/sitio\/wp-content\/uploads\/2023\/01\/04-ASESEC-644x429.jpg\" alt=\"\" class=\"wp-image-36090\" srcset=\"https:\/\/www.uartes.edu.ec\/sitio\/wp-content\/uploads\/2023\/01\/04-ASESEC-644x429.jpg 644w, https:\/\/www.uartes.edu.ec\/sitio\/wp-content\/uploads\/2023\/01\/04-ASESEC-768x511.jpg 768w, https:\/\/www.uartes.edu.ec\/sitio\/wp-content\/uploads\/2023\/01\/04-ASESEC.jpg 2000w, https:\/\/www.uartes.edu.ec\/sitio\/wp-content\/uploads\/2023\/01\/04-ASESEC-600x399.jpg 600w, https:\/\/www.uartes.edu.ec\/sitio\/wp-content\/uploads\/2023\/01\/04-ASESEC-272x182.jpg 272w\" sizes=\"(max-width: 644px) 100vw, 644px\" \/><\/figure>\n<\/div>\n\n\n<p>Seguidamente se posesion\u00f3 al nuevo directorio de la ASESEC, con los doctores Rojas y Pozo, como presidente y vicepresidente, respectivamente. Al igual que el doctor William Herrera son miembros los rectores: Florinella Mu\u00f1oz, de la Escuela Polit\u00e9cnica Nacional; Mar\u00eda Augusta Hermida, de la Universidad de Cuenca; Marcos Zambrano, de la Universidad Laica Eloy Alfaro de Manab\u00ed; Nikolay Aguirre, de la Universidad Nacional de Loja; David Sancho, de la Universidad Estatal Amaz\u00f3nica; Santiago Acosta, de la Universidad T\u00e9cnica Particular de Loja; Gustavo \u00c1lvarez, de la Universidad de los Andes; Eva Mieles, del Instituto Superior Tecnol\u00f3gico Ciudad de Valencia; y, Mario Rom\u00e1n, del Instituto Tecnol\u00f3gico Internacional.<\/p>\n\n\n\n<p>El Dr. Naranjo nuevamente intervino y, en lo que se\u00f1al\u00f3 un acto de justicia, reconoci\u00f3 la labor cumplida por la secretar\u00eda ad hoc de su directorio, Ing. Keren Jamarillo, coordinadora del rectorado de la UTA; y, al Dr. Pablo Ulloa. Subray\u00f3 que la tarea de la ASESEC no era f\u00e1cil y que (solo) la pueden llevar quienes viven desde dentro lo que significa la universidad y la autonom\u00eda.<\/p>\n\n\n\n<p>En su discurso tras la posesi\u00f3n del nuevo directorio, el Dr. Hern\u00e1n Rojas record\u00f3 que la ASESEC la componen todas las universidades p\u00fablicas, privadas y financiadas, polit\u00e9cnicas, institutos t\u00e9cnicos y tecnol\u00f3gicos y conservatorios pedag\u00f3gicos de artes, conjuntamente con representantes estudiantiles.<\/p>\n\n\n<div class=\"wp-block-image\">\n<figure class=\"aligncenter size-large\"><img decoding=\"async\" width=\"644\" height=\"429\" src=\"http:\/\/www.uartes.edu.ec\/sitio\/wp-content\/uploads\/2023\/01\/02-ASESEC-644x429.jpg\" alt=\"\" class=\"wp-image-36091\" srcset=\"https:\/\/www.uartes.edu.ec\/sitio\/wp-content\/uploads\/2023\/01\/02-ASESEC-644x429.jpg 644w, https:\/\/www.uartes.edu.ec\/sitio\/wp-content\/uploads\/2023\/01\/02-ASESEC-768x511.jpg 768w, https:\/\/www.uartes.edu.ec\/sitio\/wp-content\/uploads\/2023\/01\/02-ASESEC.jpg 2000w, https:\/\/www.uartes.edu.ec\/sitio\/wp-content\/uploads\/2023\/01\/02-ASESEC-600x399.jpg 600w, https:\/\/www.uartes.edu.ec\/sitio\/wp-content\/uploads\/2023\/01\/02-ASESEC-272x182.jpg 272w\" sizes=\"(max-width: 644px) 100vw, 644px\" \/><\/figure>\n<\/div>\n\n\n<p>Somos un sistema y no podemos estar divorciados de lo que significa la educaci\u00f3n ecuatoriana, dijo y reconoci\u00f3, asimismo, la labor desempe\u00f1ada por el Dr. Naranjo. La ASESEC es un voluntariado, agreg\u00f3 e invoc\u00f3 la unidad. No estamos para combatir, sino para complementar, mencion\u00f3 e hizo un llamado para, en un conjunto de ideas, fortalecer pol\u00edticas que vayan en favor del sistema. &nbsp;<\/p>\n\n\n\n<p>En el acto estuvieron presentes autoridades de la educaci\u00f3n superior. La Dra. Ximena C\u00f3rdova, presidenta del CACES, y el Dr. Pablo Beltr\u00e1n, presidente del CES.<\/p>\n\n\n\n<p>La presidenta del Consejo de Aseguramiento de la Calidad de la Educaci\u00f3n Superior destac\u00f3 el prop\u00f3sito de seguir con el acompa\u00f1amiento y brindar un ciento por ciento de apoyo para lo que se requiera; que la ASESEC tenga presencia dentro del consejo que preside, subray\u00f3.<\/p>\n\n\n\n<p>El presidente del Consejo de Educaci\u00f3n Superior resalt\u00f3 la contundente votaci\u00f3n que recibi\u00f3 el nuevo directorio, lo cual demuestra la participaci\u00f3n activa que tienen las diferentes autoridades que conforman la asamblea, as\u00ed como la coordinaci\u00f3n y unidad que existe dentro del sistema. Un aspecto positivo que es necesario recalcar para el trabajo conjunto que, como lo estipula la LOES, deben realizar la ASESEC y el CES; que se lo haga de manera activa y coordinada por el bien de la educaci\u00f3n superior del pa\u00eds, expres\u00f3, indicando que el consejo que preside tiene las puertas abiertas para trabajar de manera coordinada y articulada, tambi\u00e9n con el CACES, la SENESYCT y todos los actores del sistema de educaci\u00f3n superior.<\/p>\n\n\n\n<p>Fotos: Cortes\u00eda ASESEC<\/p>\n\n\n<div class=\"wp-block-image\">\n<figure class=\"aligncenter size-large\"><img decoding=\"async\" width=\"644\" height=\"429\" src=\"http:\/\/www.uartes.edu.ec\/sitio\/wp-content\/uploads\/2023\/01\/01-ASESEC-644x429.jpg\" alt=\"\" class=\"wp-image-36092\" srcset=\"https:\/\/www.uartes.edu.ec\/sitio\/wp-content\/uploads\/2023\/01\/01-ASESEC-644x429.jpg 644w, https:\/\/www.uartes.edu.ec\/sitio\/wp-content\/uploads\/2023\/01\/01-ASESEC-768x511.jpg 768w, https:\/\/www.uartes.edu.ec\/sitio\/wp-content\/uploads\/2023\/01\/01-ASESEC.jpg 2000w, https:\/\/www.uartes.edu.ec\/sitio\/wp-content\/uploads\/2023\/01\/01-ASESEC-600x399.jpg 600w, https:\/\/www.uartes.edu.ec\/sitio\/wp-content\/uploads\/2023\/01\/01-ASESEC-272x182.jpg 272w\" sizes=\"(max-width: 644px) 100vw, 644px\" \/><\/figure>\n<\/div>","protected":false},"excerpt":{"rendered":"<p>El doctor William Herrera, rector de la Universidad de las Artes, integra como miembro el nuevo directorio ejecutivo de la Asamblea del Sistema de Educaci\u00f3n Superior Ecuatoriana (ASESEC), cuya elecci\u00f3n y posesi\u00f3n tuvo lugar en el auditorio de la Facultad de Contabilidad y Auditor\u00eda de la Universidad T\u00e9cnica de Ambato (UTA). Lo preside el Dr. Hern\u00e1n Rojas S\u00e1nchez, rector de la Universidad Estatal de Bol\u00edvar.<\/p>","protected":false},"author":10,"featured_media":36089,"comment_status":"open","ping_status":"open","sticky":false,"template":"","format":"standard","meta":{"_acf_changed":false,"_uag_custom_page_level_css":"","_monsterinsights_skip_tracking":false,"_monsterinsights_sitenote_active":false,"_monsterinsights_sitenote_note":"","_monsterinsights_sitenote_category":0,"cybocfi_hide_featured_image":"","footnotes":""},"categories":[714,82,77,84],"tags":[900],"infouartes":[],"class_list":["post-36088","post","type-post","status-publish","format-standard","has-post-thumbnail","hentry","category-2b","category-artes","category-gestion","category-rectorado","tag-directorio"],"acf":[],"yoast_head":"<!-- This site is optimized with the Yoast SEO plugin v27.4 - https:\/\/yoast.com\/product\/yoast-seo-wordpress\/ -->\n<title>Universidad de las Artes - Rector de la UArtes integra el nuevo directorio de la Asamblea del Sistema de Educaci\u00f3n Superior Ecuatoriana<\/title>\n<meta name=\"description\" content=\"Universidad de las Artes - Rector de la UArtes integra el nuevo directorio de la Asamblea del Sistema de Educaci\u00f3n Superior Ecuatoriana\" \/>\n<meta name=\"robots\" content=\"index, follow, max-snippet:-1, max-image-preview:large, max-video-preview:-1\" \/>\n<link rel=\"canonical\" href=\"https:\/\/www.uartes.edu.ec\/sitio\/en\/blog\/2023\/01\/12\/rector-de-la-uartes-integra-el-nuevo-directorio-de-la-asamblea-del-sistema-de-educacion-superior-ecuatoriana\/\" \/>\n<meta property=\"og:locale\" content=\"en_US\" \/>\n<meta property=\"og:type\" content=\"article\" \/>\n<meta property=\"og:title\" content=\"Universidad de las Artes - Rector de la UArtes integra el nuevo directorio de la Asamblea del Sistema de Educaci\u00f3n Superior Ecuatoriana\" \/>\n<meta property=\"og:description\" content=\"Universidad de las Artes - Rector de la UArtes integra el nuevo directorio de la Asamblea del Sistema de Educaci\u00f3n Superior Ecuatoriana\" \/>\n<meta property=\"og:url\" content=\"https:\/\/www.uartes.edu.ec\/sitio\/en\/blog\/2023\/01\/12\/rector-de-la-uartes-integra-el-nuevo-directorio-de-la-asamblea-del-sistema-de-educacion-superior-ecuatoriana\/\" \/>\n<meta property=\"og:site_name\" content=\"Universidad de las Artes\" \/>\n<meta property=\"article:publisher\" content=\"https:\/\/www.facebook.com\/uartesec\" \/>\n<meta property=\"article:published_time\" content=\"2023-01-12T21:45:23+00:00\" \/>\n<meta property=\"article:modified_time\" content=\"2024-07-04T16:21:48+00:00\" \/>\n<meta property=\"og:image\" content=\"https:\/\/www.uartes.edu.ec\/sitio\/wp-content\/uploads\/2023\/01\/03-ASESEC.jpg\" \/>\n\t<meta property=\"og:image:width\" content=\"2000\" \/>\n\t<meta property=\"og:image:height\" content=\"1333\" \/>\n\t<meta property=\"og:image:type\" content=\"image\/jpeg\" \/>\n<meta name=\"author\" content=\"ccortez\" \/>\n<meta name=\"twitter:card\" content=\"summary_large_image\" \/>\n<meta name=\"twitter:creator\" content=\"@uartesec\" \/>\n<meta name=\"twitter:site\" content=\"@uartesec\" \/>\n<meta name=\"twitter:label1\" content=\"Written by\" \/>\n\t<meta name=\"twitter:data1\" content=\"ccortez\" \/>\n\t<meta name=\"twitter:label2\" content=\"Est. reading time\" \/>\n\t<meta name=\"twitter:data2\" content=\"4 minutes\" \/>\n<script type=\"application\/ld+json\" class=\"yoast-schema-graph\">{\"@context\":\"https:\\\/\\\/schema.org\",\"@graph\":[{\"@type\":\"Article\",\"@id\":\"https:\\\/\\\/www.uartes.edu.ec\\\/sitio\\\/en\\\/blog\\\/2023\\\/01\\\/12\\\/rector-de-la-uartes-integra-el-nuevo-directorio-de-la-asamblea-del-sistema-de-educacion-superior-ecuatoriana\\\/#article\",\"isPartOf\":{\"@id\":\"https:\\\/\\\/www.uartes.edu.ec\\\/sitio\\\/en\\\/blog\\\/2023\\\/01\\\/12\\\/rector-de-la-uartes-integra-el-nuevo-directorio-de-la-asamblea-del-sistema-de-educacion-superior-ecuatoriana\\\/\"},\"author\":{\"name\":\"ccortez\",\"@id\":\"https:\\\/\\\/www.uartes.edu.ec\\\/sitio\\\/en\\\/#\\\/schema\\\/person\\\/efa1b8275797664fd7f13a79ccc0b1f4\"},\"headline\":\"Rector de la UArtes integra el nuevo directorio de la Asamblea del Sistema de Educaci\u00f3n Superior Ecuatoriana\",\"datePublished\":\"2023-01-12T21:45:23+00:00\",\"dateModified\":\"2024-07-04T16:21:48+00:00\",\"mainEntityOfPage\":{\"@id\":\"https:\\\/\\\/www.uartes.edu.ec\\\/sitio\\\/en\\\/blog\\\/2023\\\/01\\\/12\\\/rector-de-la-uartes-integra-el-nuevo-directorio-de-la-asamblea-del-sistema-de-educacion-superior-ecuatoriana\\\/\"},\"wordCount\":770,\"commentCount\":0,\"publisher\":{\"@id\":\"https:\\\/\\\/www.uartes.edu.ec\\\/sitio\\\/en\\\/#organization\"},\"image\":{\"@id\":\"https:\\\/\\\/www.uartes.edu.ec\\\/sitio\\\/en\\\/blog\\\/2023\\\/01\\\/12\\\/rector-de-la-uartes-integra-el-nuevo-directorio-de-la-asamblea-del-sistema-de-educacion-superior-ecuatoriana\\\/#primaryimage\"},\"thumbnailUrl\":\"https:\\\/\\\/www.uartes.edu.ec\\\/sitio\\\/wp-content\\\/uploads\\\/2023\\\/01\\\/03-ASESEC.jpg\",\"keywords\":[\"directorio\"],\"articleSection\":[\"2B\",\"Artes\",\"Gesti\u00f3n\",\"Rectorado\"],\"inLanguage\":\"en-US\",\"potentialAction\":[{\"@type\":\"CommentAction\",\"name\":\"Comment\",\"target\":[\"https:\\\/\\\/www.uartes.edu.ec\\\/sitio\\\/en\\\/blog\\\/2023\\\/01\\\/12\\\/rector-de-la-uartes-integra-el-nuevo-directorio-de-la-asamblea-del-sistema-de-educacion-superior-ecuatoriana\\\/#respond\"]}]},{\"@type\":[\"WebPage\",\"ItemPage\"],\"@id\":\"https:\\\/\\\/www.uartes.edu.ec\\\/sitio\\\/en\\\/blog\\\/2023\\\/01\\\/12\\\/rector-de-la-uartes-integra-el-nuevo-directorio-de-la-asamblea-del-sistema-de-educacion-superior-ecuatoriana\\\/\",\"url\":\"https:\\\/\\\/www.uartes.edu.ec\\\/sitio\\\/en\\\/blog\\\/2023\\\/01\\\/12\\\/rector-de-la-uartes-integra-el-nuevo-directorio-de-la-asamblea-del-sistema-de-educacion-superior-ecuatoriana\\\/\",\"name\":\"Universidad de las Artes - Rector de la UArtes integra el nuevo directorio de la Asamblea del Sistema de Educaci\u00f3n Superior Ecuatoriana\",\"isPartOf\":{\"@id\":\"https:\\\/\\\/www.uartes.edu.ec\\\/sitio\\\/en\\\/#website\"},\"primaryImageOfPage\":{\"@id\":\"https:\\\/\\\/www.uartes.edu.ec\\\/sitio\\\/en\\\/blog\\\/2023\\\/01\\\/12\\\/rector-de-la-uartes-integra-el-nuevo-directorio-de-la-asamblea-del-sistema-de-educacion-superior-ecuatoriana\\\/#primaryimage\"},\"image\":{\"@id\":\"https:\\\/\\\/www.uartes.edu.ec\\\/sitio\\\/en\\\/blog\\\/2023\\\/01\\\/12\\\/rector-de-la-uartes-integra-el-nuevo-directorio-de-la-asamblea-del-sistema-de-educacion-superior-ecuatoriana\\\/#primaryimage\"},\"thumbnailUrl\":\"https:\\\/\\\/www.uartes.edu.ec\\\/sitio\\\/wp-content\\\/uploads\\\/2023\\\/01\\\/03-ASESEC.jpg\",\"datePublished\":\"2023-01-12T21:45:23+00:00\",\"dateModified\":\"2024-07-04T16:21:48+00:00\",\"description\":\"Universidad de las Artes - Rector de la UArtes integra el nuevo directorio de la Asamblea del Sistema de Educaci\u00f3n Superior Ecuatoriana\",\"breadcrumb\":{\"@id\":\"https:\\\/\\\/www.uartes.edu.ec\\\/sitio\\\/en\\\/blog\\\/2023\\\/01\\\/12\\\/rector-de-la-uartes-integra-el-nuevo-directorio-de-la-asamblea-del-sistema-de-educacion-superior-ecuatoriana\\\/#breadcrumb\"},\"inLanguage\":\"en-US\",\"potentialAction\":[{\"@type\":\"ReadAction\",\"target\":[\"https:\\\/\\\/www.uartes.edu.ec\\\/sitio\\\/en\\\/blog\\\/2023\\\/01\\\/12\\\/rector-de-la-uartes-integra-el-nuevo-directorio-de-la-asamblea-del-sistema-de-educacion-superior-ecuatoriana\\\/\"]}]},{\"@type\":\"ImageObject\",\"inLanguage\":\"en-US\",\"@id\":\"https:\\\/\\\/www.uartes.edu.ec\\\/sitio\\\/en\\\/blog\\\/2023\\\/01\\\/12\\\/rector-de-la-uartes-integra-el-nuevo-directorio-de-la-asamblea-del-sistema-de-educacion-superior-ecuatoriana\\\/#primaryimage\",\"url\":\"https:\\\/\\\/www.uartes.edu.ec\\\/sitio\\\/wp-content\\\/uploads\\\/2023\\\/01\\\/03-ASESEC.jpg\",\"contentUrl\":\"https:\\\/\\\/www.uartes.edu.ec\\\/sitio\\\/wp-content\\\/uploads\\\/2023\\\/01\\\/03-ASESEC.jpg\",\"width\":2000,\"height\":1333},{\"@type\":\"BreadcrumbList\",\"@id\":\"https:\\\/\\\/www.uartes.edu.ec\\\/sitio\\\/en\\\/blog\\\/2023\\\/01\\\/12\\\/rector-de-la-uartes-integra-el-nuevo-directorio-de-la-asamblea-del-sistema-de-educacion-superior-ecuatoriana\\\/#breadcrumb\",\"itemListElement\":[{\"@type\":\"ListItem\",\"position\":1,\"name\":\"Inicio\",\"item\":\"https:\\\/\\\/www.uartes.edu.ec\\\/sitio\\\/\"},{\"@type\":\"ListItem\",\"position\":2,\"name\":\"Rector de la UArtes integra el nuevo directorio de la Asamblea del Sistema de Educaci\u00f3n Superior Ecuatoriana\"}]},{\"@type\":\"WebSite\",\"@id\":\"https:\\\/\\\/www.uartes.edu.ec\\\/sitio\\\/en\\\/#website\",\"url\":\"https:\\\/\\\/www.uartes.edu.ec\\\/sitio\\\/en\\\/\",\"name\":\"Universidad de las Artes\",\"description\":\"Sitio oficial de la Universidad Nacional de las Artes del Ecuador\",\"publisher\":{\"@id\":\"https:\\\/\\\/www.uartes.edu.ec\\\/sitio\\\/en\\\/#organization\"},\"potentialAction\":[{\"@type\":\"SearchAction\",\"target\":{\"@type\":\"EntryPoint\",\"urlTemplate\":\"https:\\\/\\\/www.uartes.edu.ec\\\/sitio\\\/en\\\/?s={search_term_string}\"},\"query-input\":{\"@type\":\"PropertyValueSpecification\",\"valueRequired\":true,\"valueName\":\"search_term_string\"}}],\"inLanguage\":\"en-US\"},{\"@type\":\"Organization\",\"@id\":\"https:\\\/\\\/www.uartes.edu.ec\\\/sitio\\\/en\\\/#organization\",\"name\":\"Universidad de las Artes\",\"url\":\"https:\\\/\\\/www.uartes.edu.ec\\\/sitio\\\/en\\\/\",\"logo\":{\"@type\":\"ImageObject\",\"inLanguage\":\"en-US\",\"@id\":\"https:\\\/\\\/www.uartes.edu.ec\\\/sitio\\\/en\\\/#\\\/schema\\\/logo\\\/image\\\/\",\"url\":\"https:\\\/\\\/www.uartes.edu.ec\\\/sitio\\\/wp-content\\\/uploads\\\/2022\\\/07\\\/logo-ua-horizontal.png\",\"contentUrl\":\"https:\\\/\\\/www.uartes.edu.ec\\\/sitio\\\/wp-content\\\/uploads\\\/2022\\\/07\\\/logo-ua-horizontal.png\",\"width\":800,\"height\":276,\"caption\":\"Universidad de las Artes\"},\"image\":{\"@id\":\"https:\\\/\\\/www.uartes.edu.ec\\\/sitio\\\/en\\\/#\\\/schema\\\/logo\\\/image\\\/\"},\"sameAs\":[\"https:\\\/\\\/www.facebook.com\\\/uartesec\",\"https:\\\/\\\/x.com\\\/uartesec\",\"https:\\\/\\\/www.tiktok.com\\\/@uartesec\"]},{\"@type\":\"Person\",\"@id\":\"https:\\\/\\\/www.uartes.edu.ec\\\/sitio\\\/en\\\/#\\\/schema\\\/person\\\/efa1b8275797664fd7f13a79ccc0b1f4\",\"name\":\"ccortez\",\"image\":{\"@type\":\"ImageObject\",\"inLanguage\":\"en-US\",\"@id\":\"https:\\\/\\\/secure.gravatar.com\\\/avatar\\\/b2a6f664a3ae8e074346ef91775736c5ec479e637ecced6842de9dc98b5da9cd?s=96&d=mm&r=g\",\"url\":\"https:\\\/\\\/secure.gravatar.com\\\/avatar\\\/b2a6f664a3ae8e074346ef91775736c5ec479e637ecced6842de9dc98b5da9cd?s=96&d=mm&r=g\",\"contentUrl\":\"https:\\\/\\\/secure.gravatar.com\\\/avatar\\\/b2a6f664a3ae8e074346ef91775736c5ec479e637ecced6842de9dc98b5da9cd?s=96&d=mm&r=g\",\"caption\":\"ccortez\"},\"url\":\"https:\\\/\\\/www.uartes.edu.ec\\\/sitio\\\/en\\\/blog\\\/author\\\/ccortez\\\/\"}]}<\/script>\n<!-- \/ Yoast SEO plugin. -->","yoast_head_json":{"title":"Universidad de las Artes - Rector de la UArtes integra el nuevo directorio de la Asamblea del Sistema de Educaci\u00f3n Superior Ecuatoriana","description":"Universidad de las Artes - Rector de la UArtes integra el nuevo directorio de la Asamblea del Sistema de Educaci\u00f3n Superior Ecuatoriana","robots":{"index":"index","follow":"follow","max-snippet":"max-snippet:-1","max-image-preview":"max-image-preview:large","max-video-preview":"max-video-preview:-1"},"canonical":"https:\/\/www.uartes.edu.ec\/sitio\/en\/blog\/2023\/01\/12\/rector-de-la-uartes-integra-el-nuevo-directorio-de-la-asamblea-del-sistema-de-educacion-superior-ecuatoriana\/","og_locale":"en_US","og_type":"article","og_title":"Universidad de las Artes - Rector de la UArtes integra el nuevo directorio de la Asamblea del Sistema de Educaci\u00f3n Superior Ecuatoriana","og_description":"Universidad de las Artes - Rector de la UArtes integra el nuevo directorio de la Asamblea del Sistema de Educaci\u00f3n Superior Ecuatoriana","og_url":"https:\/\/www.uartes.edu.ec\/sitio\/en\/blog\/2023\/01\/12\/rector-de-la-uartes-integra-el-nuevo-directorio-de-la-asamblea-del-sistema-de-educacion-superior-ecuatoriana\/","og_site_name":"Universidad de las Artes","article_publisher":"https:\/\/www.facebook.com\/uartesec","article_published_time":"2023-01-12T21:45:23+00:00","article_modified_time":"2024-07-04T16:21:48+00:00","og_image":[{"width":2000,"height":1333,"url":"https:\/\/www.uartes.edu.ec\/sitio\/wp-content\/uploads\/2023\/01\/03-ASESEC.jpg","type":"image\/jpeg"}],"author":"ccortez","twitter_card":"summary_large_image","twitter_creator":"@uartesec","twitter_site":"@uartesec","twitter_misc":{"Written by":"ccortez","Est. reading time":"4 minutes"},"schema":{"@context":"https:\/\/schema.org","@graph":[{"@type":"Article","@id":"https:\/\/www.uartes.edu.ec\/sitio\/en\/blog\/2023\/01\/12\/rector-de-la-uartes-integra-el-nuevo-directorio-de-la-asamblea-del-sistema-de-educacion-superior-ecuatoriana\/#article","isPartOf":{"@id":"https:\/\/www.uartes.edu.ec\/sitio\/en\/blog\/2023\/01\/12\/rector-de-la-uartes-integra-el-nuevo-directorio-de-la-asamblea-del-sistema-de-educacion-superior-ecuatoriana\/"},"author":{"name":"ccortez","@id":"https:\/\/www.uartes.edu.ec\/sitio\/en\/#\/schema\/person\/efa1b8275797664fd7f13a79ccc0b1f4"},"headline":"Rector de la UArtes integra el nuevo directorio de la Asamblea del Sistema de Educaci\u00f3n Superior Ecuatoriana","datePublished":"2023-01-12T21:45:23+00:00","dateModified":"2024-07-04T16:21:48+00:00","mainEntityOfPage":{"@id":"https:\/\/www.uartes.edu.ec\/sitio\/en\/blog\/2023\/01\/12\/rector-de-la-uartes-integra-el-nuevo-directorio-de-la-asamblea-del-sistema-de-educacion-superior-ecuatoriana\/"},"wordCount":770,"commentCount":0,"publisher":{"@id":"https:\/\/www.uartes.edu.ec\/sitio\/en\/#organization"},"image":{"@id":"https:\/\/www.uartes.edu.ec\/sitio\/en\/blog\/2023\/01\/12\/rector-de-la-uartes-integra-el-nuevo-directorio-de-la-asamblea-del-sistema-de-educacion-superior-ecuatoriana\/#primaryimage"},"thumbnailUrl":"https:\/\/www.uartes.edu.ec\/sitio\/wp-content\/uploads\/2023\/01\/03-ASESEC.jpg","keywords":["directorio"],"articleSection":["2B","Artes","Gesti\u00f3n","Rectorado"],"inLanguage":"en-US","potentialAction":[{"@type":"CommentAction","name":"Comment","target":["https:\/\/www.uartes.edu.ec\/sitio\/en\/blog\/2023\/01\/12\/rector-de-la-uartes-integra-el-nuevo-directorio-de-la-asamblea-del-sistema-de-educacion-superior-ecuatoriana\/#respond"]}]},{"@type":["WebPage","ItemPage"],"@id":"https:\/\/www.uartes.edu.ec\/sitio\/en\/blog\/2023\/01\/12\/rector-de-la-uartes-integra-el-nuevo-directorio-de-la-asamblea-del-sistema-de-educacion-superior-ecuatoriana\/","url":"https:\/\/www.uartes.edu.ec\/sitio\/en\/blog\/2023\/01\/12\/rector-de-la-uartes-integra-el-nuevo-directorio-de-la-asamblea-del-sistema-de-educacion-superior-ecuatoriana\/","name":"Universidad de las Artes - Rector de la UArtes integra el nuevo directorio de la Asamblea del Sistema de Educaci\u00f3n Superior Ecuatoriana","isPartOf":{"@id":"https:\/\/www.uartes.edu.ec\/sitio\/en\/#website"},"primaryImageOfPage":{"@id":"https:\/\/www.uartes.edu.ec\/sitio\/en\/blog\/2023\/01\/12\/rector-de-la-uartes-integra-el-nuevo-directorio-de-la-asamblea-del-sistema-de-educacion-superior-ecuatoriana\/#primaryimage"},"image":{"@id":"https:\/\/www.uartes.edu.ec\/sitio\/en\/blog\/2023\/01\/12\/rector-de-la-uartes-integra-el-nuevo-directorio-de-la-asamblea-del-sistema-de-educacion-superior-ecuatoriana\/#primaryimage"},"thumbnailUrl":"https:\/\/www.uartes.edu.ec\/sitio\/wp-content\/uploads\/2023\/01\/03-ASESEC.jpg","datePublished":"2023-01-12T21:45:23+00:00","dateModified":"2024-07-04T16:21:48+00:00","description":"Universidad de las Artes - Rector de la UArtes integra el nuevo directorio de la Asamblea del Sistema de Educaci\u00f3n Superior Ecuatoriana","breadcrumb":{"@id":"https:\/\/www.uartes.edu.ec\/sitio\/en\/blog\/2023\/01\/12\/rector-de-la-uartes-integra-el-nuevo-directorio-de-la-asamblea-del-sistema-de-educacion-superior-ecuatoriana\/#breadcrumb"},"inLanguage":"en-US","potentialAction":[{"@type":"ReadAction","target":["https:\/\/www.uartes.edu.ec\/sitio\/en\/blog\/2023\/01\/12\/rector-de-la-uartes-integra-el-nuevo-directorio-de-la-asamblea-del-sistema-de-educacion-superior-ecuatoriana\/"]}]},{"@type":"ImageObject","inLanguage":"en-US","@id":"https:\/\/www.uartes.edu.ec\/sitio\/en\/blog\/2023\/01\/12\/rector-de-la-uartes-integra-el-nuevo-directorio-de-la-asamblea-del-sistema-de-educacion-superior-ecuatoriana\/#primaryimage","url":"https:\/\/www.uartes.edu.ec\/sitio\/wp-content\/uploads\/2023\/01\/03-ASESEC.jpg","contentUrl":"https:\/\/www.uartes.edu.ec\/sitio\/wp-content\/uploads\/2023\/01\/03-ASESEC.jpg","width":2000,"height":1333},{"@type":"BreadcrumbList","@id":"https:\/\/www.uartes.edu.ec\/sitio\/en\/blog\/2023\/01\/12\/rector-de-la-uartes-integra-el-nuevo-directorio-de-la-asamblea-del-sistema-de-educacion-superior-ecuatoriana\/#breadcrumb","itemListElement":[{"@type":"ListItem","position":1,"name":"Inicio","item":"https:\/\/www.uartes.edu.ec\/sitio\/"},{"@type":"ListItem","position":2,"name":"Rector de la UArtes integra el nuevo directorio de la Asamblea del Sistema de Educaci\u00f3n Superior Ecuatoriana"}]},{"@type":"WebSite","@id":"https:\/\/www.uartes.edu.ec\/sitio\/en\/#website","url":"https:\/\/www.uartes.edu.ec\/sitio\/en\/","name":"Universidad de las Artes","description":"Sitio oficial de la Universidad Nacional de las Artes del Ecuador","publisher":{"@id":"https:\/\/www.uartes.edu.ec\/sitio\/en\/#organization"},"potentialAction":[{"@type":"SearchAction","target":{"@type":"EntryPoint","urlTemplate":"https:\/\/www.uartes.edu.ec\/sitio\/en\/?s={search_term_string}"},"query-input":{"@type":"PropertyValueSpecification","valueRequired":true,"valueName":"search_term_string"}}],"inLanguage":"en-US"},{"@type":"Organization","@id":"https:\/\/www.uartes.edu.ec\/sitio\/en\/#organization","name":"Universidad de las Artes","url":"https:\/\/www.uartes.edu.ec\/sitio\/en\/","logo":{"@type":"ImageObject","inLanguage":"en-US","@id":"https:\/\/www.uartes.edu.ec\/sitio\/en\/#\/schema\/logo\/image\/","url":"https:\/\/www.uartes.edu.ec\/sitio\/wp-content\/uploads\/2022\/07\/logo-ua-horizontal.png","contentUrl":"https:\/\/www.uartes.edu.ec\/sitio\/wp-content\/uploads\/2022\/07\/logo-ua-horizontal.png","width":800,"height":276,"caption":"Universidad de las Artes"},"image":{"@id":"https:\/\/www.uartes.edu.ec\/sitio\/en\/#\/schema\/logo\/image\/"},"sameAs":["https:\/\/www.facebook.com\/uartesec","https:\/\/x.com\/uartesec","https:\/\/www.tiktok.com\/@uartesec"]},{"@type":"Person","@id":"https:\/\/www.uartes.edu.ec\/sitio\/en\/#\/schema\/person\/efa1b8275797664fd7f13a79ccc0b1f4","name":"ccortez","image":{"@type":"ImageObject","inLanguage":"en-US","@id":"https:\/\/secure.gravatar.com\/avatar\/b2a6f664a3ae8e074346ef91775736c5ec479e637ecced6842de9dc98b5da9cd?s=96&d=mm&r=g","url":"https:\/\/secure.gravatar.com\/avatar\/b2a6f664a3ae8e074346ef91775736c5ec479e637ecced6842de9dc98b5da9cd?s=96&d=mm&r=g","contentUrl":"https:\/\/secure.gravatar.com\/avatar\/b2a6f664a3ae8e074346ef91775736c5ec479e637ecced6842de9dc98b5da9cd?s=96&d=mm&r=g","caption":"ccortez"},"url":"https:\/\/www.uartes.edu.ec\/sitio\/en\/blog\/author\/ccortez\/"}]}},"uagb_featured_image_src":{"full":["https:\/\/www.uartes.edu.ec\/sitio\/wp-content\/uploads\/2023\/01\/03-ASESEC.jpg",2000,1333,false],"thumbnail":["https:\/\/www.uartes.edu.ec\/sitio\/wp-content\/uploads\/2023\/01\/03-ASESEC-150x150.jpg",150,150,true],"medium":["https:\/\/www.uartes.edu.ec\/sitio\/wp-content\/uploads\/2023\/01\/03-ASESEC-300x200.jpg",300,200,true],"medium_large":["https:\/\/www.uartes.edu.ec\/sitio\/wp-content\/uploads\/2023\/01\/03-ASESEC-768x512.jpg",768,512,true],"large":["https:\/\/www.uartes.edu.ec\/sitio\/wp-content\/uploads\/2023\/01\/03-ASESEC-644x429.jpg",644,429,true],"1536x1536":["https:\/\/www.uartes.edu.ec\/sitio\/wp-content\/uploads\/2023\/01\/03-ASESEC-1536x1024.jpg",1536,1024,true],"2048x2048":["https:\/\/www.uartes.edu.ec\/sitio\/wp-content\/uploads\/2023\/01\/03-ASESEC.jpg",2000,1333,false],"trp-custom-language-flag":["https:\/\/www.uartes.edu.ec\/sitio\/wp-content\/uploads\/2023\/01\/03-ASESEC.jpg",18,12,false],"htmega_size_585x295":["https:\/\/www.uartes.edu.ec\/sitio\/wp-content\/uploads\/2023\/01\/03-ASESEC.jpg",443,295,false],"htmega_size_1170x536":["https:\/\/www.uartes.edu.ec\/sitio\/wp-content\/uploads\/2023\/01\/03-ASESEC.jpg",804,536,false],"htmega_size_396x360":["https:\/\/www.uartes.edu.ec\/sitio\/wp-content\/uploads\/2023\/01\/03-ASESEC.jpg",396,264,false],"gb-block-post-grid-landscape":["https:\/\/www.uartes.edu.ec\/sitio\/wp-content\/uploads\/2023\/01\/03-ASESEC-600x400.jpg",600,400,true],"gb-block-post-grid-square":["https:\/\/www.uartes.edu.ec\/sitio\/wp-content\/uploads\/2023\/01\/03-ASESEC-600x600.jpg",600,600,true],"university-hub-thumb":["https:\/\/www.uartes.edu.ec\/sitio\/wp-content\/uploads\/2023\/01\/03-ASESEC-400x267.jpg",400,267,true],"mailpoet_newsletter_max":["https:\/\/www.uartes.edu.ec\/sitio\/wp-content\/uploads\/2023\/01\/03-ASESEC.jpg",1320,880,false]},"uagb_author_info":{"display_name":"ccortez","author_link":"https:\/\/www.uartes.edu.ec\/sitio\/en\/blog\/author\/ccortez\/"},"uagb_comment_info":0,"uagb_excerpt":"El doctor William Herrera, rector de la Universidad de las Artes, integra como miembro el nuevo directorio ejecutivo de la Asamblea del Sistema de Educaci\u00f3n Superior Ecuatoriana (ASESEC), cuya elecci\u00f3n y posesi\u00f3n tuvo lugar en el auditorio de la Facultad de Contabilidad y Auditor\u00eda de la Universidad T\u00e9cnica de Ambato (UTA). Lo preside el Dr.&hellip;","featured_image_src":"https:\/\/www.uartes.edu.ec\/sitio\/wp-content\/uploads\/2023\/01\/03-ASESEC-600x400.jpg","featured_image_src_square":"https:\/\/www.uartes.edu.ec\/sitio\/wp-content\/uploads\/2023\/01\/03-ASESEC-600x600.jpg","author_info":{"display_name":"ccortez","author_link":"https:\/\/www.uartes.edu.ec\/sitio\/en\/blog\/author\/ccortez\/"},"publishpress_future_workflow_manual_trigger":{"enabledWorkflows":[]},"distributor_meta":false,"distributor_terms":false,"distributor_media":false,"distributor_original_site_name":"Universidad de las Artes","distributor_original_site_url":"https:\/\/www.uartes.edu.ec\/sitio\/en","push-errors":false,"_links":{"self":[{"href":"https:\/\/www.uartes.edu.ec\/sitio\/en\/wp-json\/wp\/v2\/posts\/36088","targetHints":{"allow":["GET"]}}],"collection":[{"href":"https:\/\/www.uartes.edu.ec\/sitio\/en\/wp-json\/wp\/v2\/posts"}],"about":[{"href":"https:\/\/www.uartes.edu.ec\/sitio\/en\/wp-json\/wp\/v2\/types\/post"}],"author":[{"embeddable":true,"href":"https:\/\/www.uartes.edu.ec\/sitio\/en\/wp-json\/wp\/v2\/users\/10"}],"replies":[{"embeddable":true,"href":"https:\/\/www.uartes.edu.ec\/sitio\/en\/wp-json\/wp\/v2\/comments?post=36088"}],"version-history":[{"count":4,"href":"https:\/\/www.uartes.edu.ec\/sitio\/en\/wp-json\/wp\/v2\/posts\/36088\/revisions"}],"predecessor-version":[{"id":36105,"href":"https:\/\/www.uartes.edu.ec\/sitio\/en\/wp-json\/wp\/v2\/posts\/36088\/revisions\/36105"}],"wp:featuredmedia":[{"embeddable":true,"href":"https:\/\/www.uartes.edu.ec\/sitio\/en\/wp-json\/wp\/v2\/media\/36089"}],"wp:attachment":[{"href":"https:\/\/www.uartes.edu.ec\/sitio\/en\/wp-json\/wp\/v2\/media?parent=36088"}],"wp:term":[{"taxonomy":"category","embeddable":true,"href":"https:\/\/www.uartes.edu.ec\/sitio\/en\/wp-json\/wp\/v2\/categories?post=36088"},{"taxonomy":"post_tag","embeddable":true,"href":"https:\/\/www.uartes.edu.ec\/sitio\/en\/wp-json\/wp\/v2\/tags?post=36088"},{"taxonomy":"infouartes","embeddable":true,"href":"https:\/\/www.uartes.edu.ec\/sitio\/en\/wp-json\/wp\/v2\/infouartes?post=36088"}],"curies":[{"name":"wp","href":"https:\/\/api.w.org\/{rel}","templated":true}]}}