{"id":36353,"date":"2023-01-13T11:01:00","date_gmt":"2023-01-13T16:01:00","guid":{"rendered":"http:\/\/www.uartes.edu.ec\/sitio\/?p=36353"},"modified":"2024-07-04T11:21:48","modified_gmt":"2024-07-04T16:21:48","slug":"psicoarte-llevara-a-escena-resultados-de-desde-cero-proyecto-que-desarrolla-en-los-espacios-de-la-uartes","status":"publish","type":"post","link":"https:\/\/www.uartes.edu.ec\/sitio\/en\/blog\/2023\/01\/13\/psicoarte-llevara-a-escena-resultados-de-desde-cero-proyecto-que-desarrolla-en-los-espacios-de-la-uartes\/","title":{"rendered":"Psicoarte llevar\u00e1 a escena resultados de \u201cDesde Cero\u201d, un proyecto que se desarrolla en los espacios de la UArtes"},"content":{"rendered":"<p>\u201cDesde Cero\u201d es un proyecto con comunidades desarrollado por&nbsp;la Fundaci\u00f3n de Inclusi\u00f3n Social Psicoarte y dirigido a j\u00f3venes de distintos sectores de la ciudad. En articulaci\u00f3n con la Universidad de las Artes, en su v\u00ednculo con la comunidad, esta organizaci\u00f3n ha venido impulsando y desarrollando talleres y actividades sociales con adolescentes de 12 a 17 a\u00f1os, enmarcados en el concepto de teatro terap\u00e9utico.<\/p>\n\n\n\n<p>El proceso se encuentra en su \u00faltima etapa y los resultados se presentar\u00e1n los pr\u00f3ximos 11 y 12 de febrero, siendo uno de los posibles escenarios el Museo Municipal de Guayaquil. As\u00ed lo anuncia ya la Fundaci\u00f3n de Inclusi\u00f3n Social Psicoarte en sus redes sociales, en las que da cuenta tambi\u00e9n que su objetivo es fomentar el arte, utiliz\u00e1ndolo como medio terap\u00e9utico con bases cient\u00edficas, vincul\u00e1ndolo a la psicolog\u00eda para el beneficio de la comunidad.<\/p>\n\n\n\n<p>Psicoarte tiene como misi\u00f3n promover la importancia del arte en la psiquis del ser humano y la efectividad de su utilizaci\u00f3n en un plano terap\u00e9utico mediante las diferentes expresiones art\u00edsticas, y es su visi\u00f3n ser reconocida a nivel nacional por la implementaci\u00f3n de actividades art\u00edsticas como medio transformados del individuo.<\/p>\n\n\n<div class=\"wp-block-image\">\n<figure class=\"aligncenter size-large\"><img fetchpriority=\"high\" decoding=\"async\" width=\"644\" height=\"429\" src=\"http:\/\/www.uartes.edu.ec\/sitio\/wp-content\/uploads\/2023\/01\/DESDE-CERO-4-644x429.jpg\" alt=\"\" class=\"wp-image-36355\" srcset=\"https:\/\/www.uartes.edu.ec\/sitio\/wp-content\/uploads\/2023\/01\/DESDE-CERO-4-644x429.jpg 644w, https:\/\/www.uartes.edu.ec\/sitio\/wp-content\/uploads\/2023\/01\/DESDE-CERO-4-768x511.jpg 768w, https:\/\/www.uartes.edu.ec\/sitio\/wp-content\/uploads\/2023\/01\/DESDE-CERO-4.jpg 2000w, https:\/\/www.uartes.edu.ec\/sitio\/wp-content\/uploads\/2023\/01\/DESDE-CERO-4-600x399.jpg 600w, https:\/\/www.uartes.edu.ec\/sitio\/wp-content\/uploads\/2023\/01\/DESDE-CERO-4-272x182.jpg 272w\" sizes=\"(max-width: 644px) 100vw, 644px\" \/><\/figure>\n<\/div>\n\n\n<p>IG: @FundacionPsicoarte&nbsp;<br>Facebook: <a href=\"https:\/\/www.facebook.com\/FundacionPsicoarte\/\">https:\/\/www.facebook.com\/FundacionPsicoarte\/<\/a><\/p>","protected":false},"excerpt":{"rendered":"<p>En articulaci\u00f3n con la Universidad de las Artes, en su v\u00ednculo con la comunidad, la Fundaci\u00f3n de Inclusi\u00f3n Social Psicoarte ha venido desarrollado talleres y actividades sociales con adolescentes de 12 a 17 a\u00f1os, enmarcados en el concepto de teatro terap\u00e9utico. \u201cDesde Cero\u201d es el nombre del proyecto cuyos resultados se presentar\u00e1n los pr\u00f3ximos 11 y 12 de febrero.<\/p>","protected":false},"author":10,"featured_media":36354,"comment_status":"open","ping_status":"open","sticky":false,"template":"","format":"standard","meta":{"_acf_changed":false,"_uag_custom_page_level_css":"","_monsterinsights_skip_tracking":false,"_monsterinsights_sitenote_active":false,"_monsterinsights_sitenote_note":"","_monsterinsights_sitenote_category":0,"cybocfi_hide_featured_image":"","footnotes":""},"categories":[722,82,77],"tags":[540],"infouartes":[],"class_list":["post-36353","post","type-post","status-publish","format-standard","has-post-thumbnail","hentry","category-1f","category-artes","category-gestion","tag-proyecto"],"acf":[],"yoast_head":"<!-- This site is optimized with the Yoast SEO plugin v27.4 - https:\/\/yoast.com\/product\/yoast-seo-wordpress\/ -->\n<title>Universidad de las Artes - Psicoarte llevar\u00e1 a escena resultados de \u201cDesde Cero\u201d, un proyecto que se desarrolla en los espacios de la UArtes<\/title>\n<meta name=\"description\" content=\"Universidad de las Artes - Psicoarte llevar\u00e1 a escena resultados de \u201cDesde Cero\u201d, un proyecto que se desarrolla en los espacios de la UArtes\" \/>\n<meta name=\"robots\" content=\"index, follow, max-snippet:-1, max-image-preview:large, max-video-preview:-1\" \/>\n<link rel=\"canonical\" href=\"https:\/\/www.uartes.edu.ec\/sitio\/en\/blog\/2023\/01\/13\/psicoarte-llevara-a-escena-resultados-de-desde-cero-proyecto-que-desarrolla-en-los-espacios-de-la-uartes\/\" \/>\n<meta property=\"og:locale\" content=\"en_US\" \/>\n<meta property=\"og:type\" content=\"article\" \/>\n<meta property=\"og:title\" content=\"Universidad de las Artes - Psicoarte llevar\u00e1 a escena resultados de \u201cDesde Cero\u201d, un proyecto que se desarrolla en los espacios de la UArtes\" \/>\n<meta property=\"og:description\" content=\"Universidad de las Artes - Psicoarte llevar\u00e1 a escena resultados de \u201cDesde Cero\u201d, un proyecto que se desarrolla en los espacios de la UArtes\" \/>\n<meta property=\"og:url\" content=\"https:\/\/www.uartes.edu.ec\/sitio\/en\/blog\/2023\/01\/13\/psicoarte-llevara-a-escena-resultados-de-desde-cero-proyecto-que-desarrolla-en-los-espacios-de-la-uartes\/\" \/>\n<meta property=\"og:site_name\" content=\"Universidad de las Artes\" \/>\n<meta property=\"article:publisher\" content=\"https:\/\/www.facebook.com\/uartesec\" \/>\n<meta property=\"article:published_time\" content=\"2023-01-13T16:01:00+00:00\" \/>\n<meta property=\"article:modified_time\" content=\"2024-07-04T16:21:48+00:00\" \/>\n<meta property=\"og:image\" content=\"https:\/\/www.uartes.edu.ec\/sitio\/wp-content\/uploads\/2023\/01\/DESDE-CERO-1.jpg\" \/>\n\t<meta property=\"og:image:width\" content=\"2000\" \/>\n\t<meta property=\"og:image:height\" content=\"1333\" \/>\n\t<meta property=\"og:image:type\" content=\"image\/jpeg\" \/>\n<meta name=\"author\" content=\"ccortez\" \/>\n<meta name=\"twitter:card\" content=\"summary_large_image\" \/>\n<meta name=\"twitter:creator\" content=\"@uartesec\" \/>\n<meta name=\"twitter:site\" content=\"@uartesec\" \/>\n<meta name=\"twitter:label1\" content=\"Written by\" \/>\n\t<meta name=\"twitter:data1\" content=\"ccortez\" \/>\n\t<meta name=\"twitter:label2\" content=\"Est. reading time\" \/>\n\t<meta name=\"twitter:data2\" content=\"2 minutes\" \/>\n<script type=\"application\/ld+json\" class=\"yoast-schema-graph\">{\"@context\":\"https:\\\/\\\/schema.org\",\"@graph\":[{\"@type\":\"Article\",\"@id\":\"https:\\\/\\\/www.uartes.edu.ec\\\/sitio\\\/en\\\/blog\\\/2023\\\/01\\\/13\\\/psicoarte-llevara-a-escena-resultados-de-desde-cero-proyecto-que-desarrolla-en-los-espacios-de-la-uartes\\\/#article\",\"isPartOf\":{\"@id\":\"https:\\\/\\\/www.uartes.edu.ec\\\/sitio\\\/en\\\/blog\\\/2023\\\/01\\\/13\\\/psicoarte-llevara-a-escena-resultados-de-desde-cero-proyecto-que-desarrolla-en-los-espacios-de-la-uartes\\\/\"},\"author\":{\"name\":\"ccortez\",\"@id\":\"https:\\\/\\\/www.uartes.edu.ec\\\/sitio\\\/en\\\/#\\\/schema\\\/person\\\/efa1b8275797664fd7f13a79ccc0b1f4\"},\"headline\":\"Psicoarte llevar\u00e1 a escena resultados de \u201cDesde Cero\u201d, un proyecto que se desarrolla en los espacios de la UArtes\",\"datePublished\":\"2023-01-13T16:01:00+00:00\",\"dateModified\":\"2024-07-04T16:21:48+00:00\",\"mainEntityOfPage\":{\"@id\":\"https:\\\/\\\/www.uartes.edu.ec\\\/sitio\\\/en\\\/blog\\\/2023\\\/01\\\/13\\\/psicoarte-llevara-a-escena-resultados-de-desde-cero-proyecto-que-desarrolla-en-los-espacios-de-la-uartes\\\/\"},\"wordCount\":239,\"commentCount\":0,\"publisher\":{\"@id\":\"https:\\\/\\\/www.uartes.edu.ec\\\/sitio\\\/en\\\/#organization\"},\"image\":{\"@id\":\"https:\\\/\\\/www.uartes.edu.ec\\\/sitio\\\/en\\\/blog\\\/2023\\\/01\\\/13\\\/psicoarte-llevara-a-escena-resultados-de-desde-cero-proyecto-que-desarrolla-en-los-espacios-de-la-uartes\\\/#primaryimage\"},\"thumbnailUrl\":\"https:\\\/\\\/www.uartes.edu.ec\\\/sitio\\\/wp-content\\\/uploads\\\/2023\\\/01\\\/DESDE-CERO-1.jpg\",\"keywords\":[\"proyecto\"],\"articleSection\":[\"1F\",\"Artes\",\"Gesti\u00f3n\"],\"inLanguage\":\"en-US\",\"potentialAction\":[{\"@type\":\"CommentAction\",\"name\":\"Comment\",\"target\":[\"https:\\\/\\\/www.uartes.edu.ec\\\/sitio\\\/en\\\/blog\\\/2023\\\/01\\\/13\\\/psicoarte-llevara-a-escena-resultados-de-desde-cero-proyecto-que-desarrolla-en-los-espacios-de-la-uartes\\\/#respond\"]}]},{\"@type\":[\"WebPage\",\"ItemPage\"],\"@id\":\"https:\\\/\\\/www.uartes.edu.ec\\\/sitio\\\/en\\\/blog\\\/2023\\\/01\\\/13\\\/psicoarte-llevara-a-escena-resultados-de-desde-cero-proyecto-que-desarrolla-en-los-espacios-de-la-uartes\\\/\",\"url\":\"https:\\\/\\\/www.uartes.edu.ec\\\/sitio\\\/en\\\/blog\\\/2023\\\/01\\\/13\\\/psicoarte-llevara-a-escena-resultados-de-desde-cero-proyecto-que-desarrolla-en-los-espacios-de-la-uartes\\\/\",\"name\":\"Universidad de las Artes - Psicoarte llevar\u00e1 a escena resultados de \u201cDesde Cero\u201d, un proyecto que se desarrolla en los espacios de la UArtes\",\"isPartOf\":{\"@id\":\"https:\\\/\\\/www.uartes.edu.ec\\\/sitio\\\/en\\\/#website\"},\"primaryImageOfPage\":{\"@id\":\"https:\\\/\\\/www.uartes.edu.ec\\\/sitio\\\/en\\\/blog\\\/2023\\\/01\\\/13\\\/psicoarte-llevara-a-escena-resultados-de-desde-cero-proyecto-que-desarrolla-en-los-espacios-de-la-uartes\\\/#primaryimage\"},\"image\":{\"@id\":\"https:\\\/\\\/www.uartes.edu.ec\\\/sitio\\\/en\\\/blog\\\/2023\\\/01\\\/13\\\/psicoarte-llevara-a-escena-resultados-de-desde-cero-proyecto-que-desarrolla-en-los-espacios-de-la-uartes\\\/#primaryimage\"},\"thumbnailUrl\":\"https:\\\/\\\/www.uartes.edu.ec\\\/sitio\\\/wp-content\\\/uploads\\\/2023\\\/01\\\/DESDE-CERO-1.jpg\",\"datePublished\":\"2023-01-13T16:01:00+00:00\",\"dateModified\":\"2024-07-04T16:21:48+00:00\",\"description\":\"Universidad de las Artes - Psicoarte llevar\u00e1 a escena resultados de \u201cDesde Cero\u201d, un proyecto que se desarrolla en los espacios de la UArtes\",\"breadcrumb\":{\"@id\":\"https:\\\/\\\/www.uartes.edu.ec\\\/sitio\\\/en\\\/blog\\\/2023\\\/01\\\/13\\\/psicoarte-llevara-a-escena-resultados-de-desde-cero-proyecto-que-desarrolla-en-los-espacios-de-la-uartes\\\/#breadcrumb\"},\"inLanguage\":\"en-US\",\"potentialAction\":[{\"@type\":\"ReadAction\",\"target\":[\"https:\\\/\\\/www.uartes.edu.ec\\\/sitio\\\/en\\\/blog\\\/2023\\\/01\\\/13\\\/psicoarte-llevara-a-escena-resultados-de-desde-cero-proyecto-que-desarrolla-en-los-espacios-de-la-uartes\\\/\"]}]},{\"@type\":\"ImageObject\",\"inLanguage\":\"en-US\",\"@id\":\"https:\\\/\\\/www.uartes.edu.ec\\\/sitio\\\/en\\\/blog\\\/2023\\\/01\\\/13\\\/psicoarte-llevara-a-escena-resultados-de-desde-cero-proyecto-que-desarrolla-en-los-espacios-de-la-uartes\\\/#primaryimage\",\"url\":\"https:\\\/\\\/www.uartes.edu.ec\\\/sitio\\\/wp-content\\\/uploads\\\/2023\\\/01\\\/DESDE-CERO-1.jpg\",\"contentUrl\":\"https:\\\/\\\/www.uartes.edu.ec\\\/sitio\\\/wp-content\\\/uploads\\\/2023\\\/01\\\/DESDE-CERO-1.jpg\",\"width\":2000,\"height\":1333},{\"@type\":\"BreadcrumbList\",\"@id\":\"https:\\\/\\\/www.uartes.edu.ec\\\/sitio\\\/en\\\/blog\\\/2023\\\/01\\\/13\\\/psicoarte-llevara-a-escena-resultados-de-desde-cero-proyecto-que-desarrolla-en-los-espacios-de-la-uartes\\\/#breadcrumb\",\"itemListElement\":[{\"@type\":\"ListItem\",\"position\":1,\"name\":\"Inicio\",\"item\":\"https:\\\/\\\/www.uartes.edu.ec\\\/sitio\\\/\"},{\"@type\":\"ListItem\",\"position\":2,\"name\":\"Psicoarte llevar\u00e1 a escena resultados de \u201cDesde Cero\u201d, un proyecto que se desarrolla en los espacios de la UArtes\"}]},{\"@type\":\"WebSite\",\"@id\":\"https:\\\/\\\/www.uartes.edu.ec\\\/sitio\\\/en\\\/#website\",\"url\":\"https:\\\/\\\/www.uartes.edu.ec\\\/sitio\\\/en\\\/\",\"name\":\"Universidad de las Artes\",\"description\":\"Sitio oficial de la Universidad Nacional de las Artes del Ecuador\",\"publisher\":{\"@id\":\"https:\\\/\\\/www.uartes.edu.ec\\\/sitio\\\/en\\\/#organization\"},\"potentialAction\":[{\"@type\":\"SearchAction\",\"target\":{\"@type\":\"EntryPoint\",\"urlTemplate\":\"https:\\\/\\\/www.uartes.edu.ec\\\/sitio\\\/en\\\/?s={search_term_string}\"},\"query-input\":{\"@type\":\"PropertyValueSpecification\",\"valueRequired\":true,\"valueName\":\"search_term_string\"}}],\"inLanguage\":\"en-US\"},{\"@type\":\"Organization\",\"@id\":\"https:\\\/\\\/www.uartes.edu.ec\\\/sitio\\\/en\\\/#organization\",\"name\":\"Universidad de las Artes\",\"url\":\"https:\\\/\\\/www.uartes.edu.ec\\\/sitio\\\/en\\\/\",\"logo\":{\"@type\":\"ImageObject\",\"inLanguage\":\"en-US\",\"@id\":\"https:\\\/\\\/www.uartes.edu.ec\\\/sitio\\\/en\\\/#\\\/schema\\\/logo\\\/image\\\/\",\"url\":\"https:\\\/\\\/www.uartes.edu.ec\\\/sitio\\\/wp-content\\\/uploads\\\/2022\\\/07\\\/logo-ua-horizontal.png\",\"contentUrl\":\"https:\\\/\\\/www.uartes.edu.ec\\\/sitio\\\/wp-content\\\/uploads\\\/2022\\\/07\\\/logo-ua-horizontal.png\",\"width\":800,\"height\":276,\"caption\":\"Universidad de las Artes\"},\"image\":{\"@id\":\"https:\\\/\\\/www.uartes.edu.ec\\\/sitio\\\/en\\\/#\\\/schema\\\/logo\\\/image\\\/\"},\"sameAs\":[\"https:\\\/\\\/www.facebook.com\\\/uartesec\",\"https:\\\/\\\/x.com\\\/uartesec\",\"https:\\\/\\\/www.tiktok.com\\\/@uartesec\"]},{\"@type\":\"Person\",\"@id\":\"https:\\\/\\\/www.uartes.edu.ec\\\/sitio\\\/en\\\/#\\\/schema\\\/person\\\/efa1b8275797664fd7f13a79ccc0b1f4\",\"name\":\"ccortez\",\"image\":{\"@type\":\"ImageObject\",\"inLanguage\":\"en-US\",\"@id\":\"https:\\\/\\\/secure.gravatar.com\\\/avatar\\\/b2a6f664a3ae8e074346ef91775736c5ec479e637ecced6842de9dc98b5da9cd?s=96&d=mm&r=g\",\"url\":\"https:\\\/\\\/secure.gravatar.com\\\/avatar\\\/b2a6f664a3ae8e074346ef91775736c5ec479e637ecced6842de9dc98b5da9cd?s=96&d=mm&r=g\",\"contentUrl\":\"https:\\\/\\\/secure.gravatar.com\\\/avatar\\\/b2a6f664a3ae8e074346ef91775736c5ec479e637ecced6842de9dc98b5da9cd?s=96&d=mm&r=g\",\"caption\":\"ccortez\"},\"url\":\"https:\\\/\\\/www.uartes.edu.ec\\\/sitio\\\/en\\\/blog\\\/author\\\/ccortez\\\/\"}]}<\/script>\n<!-- \/ Yoast SEO plugin. -->","yoast_head_json":{"title":"Universidad de las Artes - Psicoarte llevar\u00e1 a escena resultados de \u201cDesde Cero\u201d, un proyecto que se desarrolla en los espacios de la UArtes","description":"Universidad de las Artes - Psicoarte llevar\u00e1 a escena resultados de \u201cDesde Cero\u201d, un proyecto que se desarrolla en los espacios de la UArtes","robots":{"index":"index","follow":"follow","max-snippet":"max-snippet:-1","max-image-preview":"max-image-preview:large","max-video-preview":"max-video-preview:-1"},"canonical":"https:\/\/www.uartes.edu.ec\/sitio\/en\/blog\/2023\/01\/13\/psicoarte-llevara-a-escena-resultados-de-desde-cero-proyecto-que-desarrolla-en-los-espacios-de-la-uartes\/","og_locale":"en_US","og_type":"article","og_title":"Universidad de las Artes - Psicoarte llevar\u00e1 a escena resultados de \u201cDesde Cero\u201d, un proyecto que se desarrolla en los espacios de la UArtes","og_description":"Universidad de las Artes - Psicoarte llevar\u00e1 a escena resultados de \u201cDesde Cero\u201d, un proyecto que se desarrolla en los espacios de la UArtes","og_url":"https:\/\/www.uartes.edu.ec\/sitio\/en\/blog\/2023\/01\/13\/psicoarte-llevara-a-escena-resultados-de-desde-cero-proyecto-que-desarrolla-en-los-espacios-de-la-uartes\/","og_site_name":"Universidad de las Artes","article_publisher":"https:\/\/www.facebook.com\/uartesec","article_published_time":"2023-01-13T16:01:00+00:00","article_modified_time":"2024-07-04T16:21:48+00:00","og_image":[{"width":2000,"height":1333,"url":"https:\/\/www.uartes.edu.ec\/sitio\/wp-content\/uploads\/2023\/01\/DESDE-CERO-1.jpg","type":"image\/jpeg"}],"author":"ccortez","twitter_card":"summary_large_image","twitter_creator":"@uartesec","twitter_site":"@uartesec","twitter_misc":{"Written by":"ccortez","Est. reading time":"2 minutes"},"schema":{"@context":"https:\/\/schema.org","@graph":[{"@type":"Article","@id":"https:\/\/www.uartes.edu.ec\/sitio\/en\/blog\/2023\/01\/13\/psicoarte-llevara-a-escena-resultados-de-desde-cero-proyecto-que-desarrolla-en-los-espacios-de-la-uartes\/#article","isPartOf":{"@id":"https:\/\/www.uartes.edu.ec\/sitio\/en\/blog\/2023\/01\/13\/psicoarte-llevara-a-escena-resultados-de-desde-cero-proyecto-que-desarrolla-en-los-espacios-de-la-uartes\/"},"author":{"name":"ccortez","@id":"https:\/\/www.uartes.edu.ec\/sitio\/en\/#\/schema\/person\/efa1b8275797664fd7f13a79ccc0b1f4"},"headline":"Psicoarte llevar\u00e1 a escena resultados de \u201cDesde Cero\u201d, un proyecto que se desarrolla en los espacios de la UArtes","datePublished":"2023-01-13T16:01:00+00:00","dateModified":"2024-07-04T16:21:48+00:00","mainEntityOfPage":{"@id":"https:\/\/www.uartes.edu.ec\/sitio\/en\/blog\/2023\/01\/13\/psicoarte-llevara-a-escena-resultados-de-desde-cero-proyecto-que-desarrolla-en-los-espacios-de-la-uartes\/"},"wordCount":239,"commentCount":0,"publisher":{"@id":"https:\/\/www.uartes.edu.ec\/sitio\/en\/#organization"},"image":{"@id":"https:\/\/www.uartes.edu.ec\/sitio\/en\/blog\/2023\/01\/13\/psicoarte-llevara-a-escena-resultados-de-desde-cero-proyecto-que-desarrolla-en-los-espacios-de-la-uartes\/#primaryimage"},"thumbnailUrl":"https:\/\/www.uartes.edu.ec\/sitio\/wp-content\/uploads\/2023\/01\/DESDE-CERO-1.jpg","keywords":["proyecto"],"articleSection":["1F","Artes","Gesti\u00f3n"],"inLanguage":"en-US","potentialAction":[{"@type":"CommentAction","name":"Comment","target":["https:\/\/www.uartes.edu.ec\/sitio\/en\/blog\/2023\/01\/13\/psicoarte-llevara-a-escena-resultados-de-desde-cero-proyecto-que-desarrolla-en-los-espacios-de-la-uartes\/#respond"]}]},{"@type":["WebPage","ItemPage"],"@id":"https:\/\/www.uartes.edu.ec\/sitio\/en\/blog\/2023\/01\/13\/psicoarte-llevara-a-escena-resultados-de-desde-cero-proyecto-que-desarrolla-en-los-espacios-de-la-uartes\/","url":"https:\/\/www.uartes.edu.ec\/sitio\/en\/blog\/2023\/01\/13\/psicoarte-llevara-a-escena-resultados-de-desde-cero-proyecto-que-desarrolla-en-los-espacios-de-la-uartes\/","name":"Universidad de las Artes - Psicoarte llevar\u00e1 a escena resultados de \u201cDesde Cero\u201d, un proyecto que se desarrolla en los espacios de la UArtes","isPartOf":{"@id":"https:\/\/www.uartes.edu.ec\/sitio\/en\/#website"},"primaryImageOfPage":{"@id":"https:\/\/www.uartes.edu.ec\/sitio\/en\/blog\/2023\/01\/13\/psicoarte-llevara-a-escena-resultados-de-desde-cero-proyecto-que-desarrolla-en-los-espacios-de-la-uartes\/#primaryimage"},"image":{"@id":"https:\/\/www.uartes.edu.ec\/sitio\/en\/blog\/2023\/01\/13\/psicoarte-llevara-a-escena-resultados-de-desde-cero-proyecto-que-desarrolla-en-los-espacios-de-la-uartes\/#primaryimage"},"thumbnailUrl":"https:\/\/www.uartes.edu.ec\/sitio\/wp-content\/uploads\/2023\/01\/DESDE-CERO-1.jpg","datePublished":"2023-01-13T16:01:00+00:00","dateModified":"2024-07-04T16:21:48+00:00","description":"Universidad de las Artes - Psicoarte llevar\u00e1 a escena resultados de \u201cDesde Cero\u201d, un proyecto que se desarrolla en los espacios de la UArtes","breadcrumb":{"@id":"https:\/\/www.uartes.edu.ec\/sitio\/en\/blog\/2023\/01\/13\/psicoarte-llevara-a-escena-resultados-de-desde-cero-proyecto-que-desarrolla-en-los-espacios-de-la-uartes\/#breadcrumb"},"inLanguage":"en-US","potentialAction":[{"@type":"ReadAction","target":["https:\/\/www.uartes.edu.ec\/sitio\/en\/blog\/2023\/01\/13\/psicoarte-llevara-a-escena-resultados-de-desde-cero-proyecto-que-desarrolla-en-los-espacios-de-la-uartes\/"]}]},{"@type":"ImageObject","inLanguage":"en-US","@id":"https:\/\/www.uartes.edu.ec\/sitio\/en\/blog\/2023\/01\/13\/psicoarte-llevara-a-escena-resultados-de-desde-cero-proyecto-que-desarrolla-en-los-espacios-de-la-uartes\/#primaryimage","url":"https:\/\/www.uartes.edu.ec\/sitio\/wp-content\/uploads\/2023\/01\/DESDE-CERO-1.jpg","contentUrl":"https:\/\/www.uartes.edu.ec\/sitio\/wp-content\/uploads\/2023\/01\/DESDE-CERO-1.jpg","width":2000,"height":1333},{"@type":"BreadcrumbList","@id":"https:\/\/www.uartes.edu.ec\/sitio\/en\/blog\/2023\/01\/13\/psicoarte-llevara-a-escena-resultados-de-desde-cero-proyecto-que-desarrolla-en-los-espacios-de-la-uartes\/#breadcrumb","itemListElement":[{"@type":"ListItem","position":1,"name":"Inicio","item":"https:\/\/www.uartes.edu.ec\/sitio\/"},{"@type":"ListItem","position":2,"name":"Psicoarte llevar\u00e1 a escena resultados de \u201cDesde Cero\u201d, un proyecto que se desarrolla en los espacios de la UArtes"}]},{"@type":"WebSite","@id":"https:\/\/www.uartes.edu.ec\/sitio\/en\/#website","url":"https:\/\/www.uartes.edu.ec\/sitio\/en\/","name":"Universidad de las Artes","description":"Sitio oficial de la Universidad Nacional de las Artes del Ecuador","publisher":{"@id":"https:\/\/www.uartes.edu.ec\/sitio\/en\/#organization"},"potentialAction":[{"@type":"SearchAction","target":{"@type":"EntryPoint","urlTemplate":"https:\/\/www.uartes.edu.ec\/sitio\/en\/?s={search_term_string}"},"query-input":{"@type":"PropertyValueSpecification","valueRequired":true,"valueName":"search_term_string"}}],"inLanguage":"en-US"},{"@type":"Organization","@id":"https:\/\/www.uartes.edu.ec\/sitio\/en\/#organization","name":"Universidad de las Artes","url":"https:\/\/www.uartes.edu.ec\/sitio\/en\/","logo":{"@type":"ImageObject","inLanguage":"en-US","@id":"https:\/\/www.uartes.edu.ec\/sitio\/en\/#\/schema\/logo\/image\/","url":"https:\/\/www.uartes.edu.ec\/sitio\/wp-content\/uploads\/2022\/07\/logo-ua-horizontal.png","contentUrl":"https:\/\/www.uartes.edu.ec\/sitio\/wp-content\/uploads\/2022\/07\/logo-ua-horizontal.png","width":800,"height":276,"caption":"Universidad de las Artes"},"image":{"@id":"https:\/\/www.uartes.edu.ec\/sitio\/en\/#\/schema\/logo\/image\/"},"sameAs":["https:\/\/www.facebook.com\/uartesec","https:\/\/x.com\/uartesec","https:\/\/www.tiktok.com\/@uartesec"]},{"@type":"Person","@id":"https:\/\/www.uartes.edu.ec\/sitio\/en\/#\/schema\/person\/efa1b8275797664fd7f13a79ccc0b1f4","name":"ccortez","image":{"@type":"ImageObject","inLanguage":"en-US","@id":"https:\/\/secure.gravatar.com\/avatar\/b2a6f664a3ae8e074346ef91775736c5ec479e637ecced6842de9dc98b5da9cd?s=96&d=mm&r=g","url":"https:\/\/secure.gravatar.com\/avatar\/b2a6f664a3ae8e074346ef91775736c5ec479e637ecced6842de9dc98b5da9cd?s=96&d=mm&r=g","contentUrl":"https:\/\/secure.gravatar.com\/avatar\/b2a6f664a3ae8e074346ef91775736c5ec479e637ecced6842de9dc98b5da9cd?s=96&d=mm&r=g","caption":"ccortez"},"url":"https:\/\/www.uartes.edu.ec\/sitio\/en\/blog\/author\/ccortez\/"}]}},"uagb_featured_image_src":{"full":["https:\/\/www.uartes.edu.ec\/sitio\/wp-content\/uploads\/2023\/01\/DESDE-CERO-1.jpg",2000,1333,false],"thumbnail":["https:\/\/www.uartes.edu.ec\/sitio\/wp-content\/uploads\/2023\/01\/DESDE-CERO-1-150x150.jpg",150,150,true],"medium":["https:\/\/www.uartes.edu.ec\/sitio\/wp-content\/uploads\/2023\/01\/DESDE-CERO-1-300x200.jpg",300,200,true],"medium_large":["https:\/\/www.uartes.edu.ec\/sitio\/wp-content\/uploads\/2023\/01\/DESDE-CERO-1-768x512.jpg",768,512,true],"large":["https:\/\/www.uartes.edu.ec\/sitio\/wp-content\/uploads\/2023\/01\/DESDE-CERO-1-644x429.jpg",644,429,true],"1536x1536":["https:\/\/www.uartes.edu.ec\/sitio\/wp-content\/uploads\/2023\/01\/DESDE-CERO-1-1536x1024.jpg",1536,1024,true],"2048x2048":["https:\/\/www.uartes.edu.ec\/sitio\/wp-content\/uploads\/2023\/01\/DESDE-CERO-1.jpg",2000,1333,false],"trp-custom-language-flag":["https:\/\/www.uartes.edu.ec\/sitio\/wp-content\/uploads\/2023\/01\/DESDE-CERO-1.jpg",18,12,false],"htmega_size_585x295":["https:\/\/www.uartes.edu.ec\/sitio\/wp-content\/uploads\/2023\/01\/DESDE-CERO-1.jpg",443,295,false],"htmega_size_1170x536":["https:\/\/www.uartes.edu.ec\/sitio\/wp-content\/uploads\/2023\/01\/DESDE-CERO-1.jpg",804,536,false],"htmega_size_396x360":["https:\/\/www.uartes.edu.ec\/sitio\/wp-content\/uploads\/2023\/01\/DESDE-CERO-1.jpg",396,264,false],"gb-block-post-grid-landscape":["https:\/\/www.uartes.edu.ec\/sitio\/wp-content\/uploads\/2023\/01\/DESDE-CERO-1-600x400.jpg",600,400,true],"gb-block-post-grid-square":["https:\/\/www.uartes.edu.ec\/sitio\/wp-content\/uploads\/2023\/01\/DESDE-CERO-1-600x600.jpg",600,600,true],"university-hub-thumb":["https:\/\/www.uartes.edu.ec\/sitio\/wp-content\/uploads\/2023\/01\/DESDE-CERO-1-400x267.jpg",400,267,true]},"uagb_author_info":{"display_name":"ccortez","author_link":"https:\/\/www.uartes.edu.ec\/sitio\/en\/blog\/author\/ccortez\/"},"uagb_comment_info":0,"uagb_excerpt":"En articulaci\u00f3n con la Universidad de las Artes, en su v\u00ednculo con la comunidad, la Fundaci\u00f3n de Inclusi\u00f3n Social Psicoarte ha venido desarrollado talleres y actividades sociales con adolescentes de 12 a 17 a\u00f1os, enmarcados en el concepto de teatro terap\u00e9utico. \u201cDesde Cero\u201d es el nombre del proyecto cuyos resultados se presentar\u00e1n los pr\u00f3ximos 11&hellip;","featured_image_src":"https:\/\/www.uartes.edu.ec\/sitio\/wp-content\/uploads\/2023\/01\/DESDE-CERO-1-600x400.jpg","featured_image_src_square":"https:\/\/www.uartes.edu.ec\/sitio\/wp-content\/uploads\/2023\/01\/DESDE-CERO-1-600x600.jpg","author_info":{"display_name":"ccortez","author_link":"https:\/\/www.uartes.edu.ec\/sitio\/en\/blog\/author\/ccortez\/"},"publishpress_future_workflow_manual_trigger":{"enabledWorkflows":[]},"distributor_meta":false,"distributor_terms":false,"distributor_media":false,"distributor_original_site_name":"Universidad de las Artes","distributor_original_site_url":"https:\/\/www.uartes.edu.ec\/sitio\/en","push-errors":false,"_links":{"self":[{"href":"https:\/\/www.uartes.edu.ec\/sitio\/en\/wp-json\/wp\/v2\/posts\/36353","targetHints":{"allow":["GET"]}}],"collection":[{"href":"https:\/\/www.uartes.edu.ec\/sitio\/en\/wp-json\/wp\/v2\/posts"}],"about":[{"href":"https:\/\/www.uartes.edu.ec\/sitio\/en\/wp-json\/wp\/v2\/types\/post"}],"author":[{"embeddable":true,"href":"https:\/\/www.uartes.edu.ec\/sitio\/en\/wp-json\/wp\/v2\/users\/10"}],"replies":[{"embeddable":true,"href":"https:\/\/www.uartes.edu.ec\/sitio\/en\/wp-json\/wp\/v2\/comments?post=36353"}],"version-history":[{"count":4,"href":"https:\/\/www.uartes.edu.ec\/sitio\/en\/wp-json\/wp\/v2\/posts\/36353\/revisions"}],"predecessor-version":[{"id":42313,"href":"https:\/\/www.uartes.edu.ec\/sitio\/en\/wp-json\/wp\/v2\/posts\/36353\/revisions\/42313"}],"wp:featuredmedia":[{"embeddable":true,"href":"https:\/\/www.uartes.edu.ec\/sitio\/en\/wp-json\/wp\/v2\/media\/36354"}],"wp:attachment":[{"href":"https:\/\/www.uartes.edu.ec\/sitio\/en\/wp-json\/wp\/v2\/media?parent=36353"}],"wp:term":[{"taxonomy":"category","embeddable":true,"href":"https:\/\/www.uartes.edu.ec\/sitio\/en\/wp-json\/wp\/v2\/categories?post=36353"},{"taxonomy":"post_tag","embeddable":true,"href":"https:\/\/www.uartes.edu.ec\/sitio\/en\/wp-json\/wp\/v2\/tags?post=36353"},{"taxonomy":"infouartes","embeddable":true,"href":"https:\/\/www.uartes.edu.ec\/sitio\/en\/wp-json\/wp\/v2\/infouartes?post=36353"}],"curies":[{"name":"wp","href":"https:\/\/api.w.org\/{rel}","templated":true}]}}