{"id":36518,"date":"2023-01-16T17:50:19","date_gmt":"2023-01-16T22:50:19","guid":{"rendered":"http:\/\/www.uartes.edu.ec\/sitio\/?p=36518"},"modified":"2024-07-04T11:21:44","modified_gmt":"2024-07-04T16:21:44","slug":"a-ritmo-de-salsa-valeria-cali-lanza-el-sencillo-dejame-cuidarte-la-cantautora-es-estudiante-de-la-eas","status":"publish","type":"post","link":"https:\/\/www.uartes.edu.ec\/sitio\/en\/blog\/2023\/01\/16\/a-ritmo-de-salsa-valeria-cali-lanza-el-sencillo-dejame-cuidarte-la-cantautora-es-estudiante-de-la-eas\/","title":{"rendered":"A ritmo de salsa Valeria Cali lanza \u201cD\u00e9jame cuidarte\u201d, su primer sencillo; la cantautora es estudiante UArtes"},"content":{"rendered":"<p>Su nombre de pila es Valeria Nayelhi Garc\u00eda Cali, pero art\u00edsticamente solo utiliza su primer nombre y apellido materno. Fue consensuado con sus padres, comenta la artista y agrega que ellos, como pilares fundamentales de su carrera musical, apoyaron su deseo de rendir as\u00ed un homenaje p\u00f3stumo a su abuelo Germ\u00e1n, fallecido hace poco, quien le dec\u00eda que nunca dejara de cantar.<\/p>\n\n\n\n<p>\u201cMis padres, Roberto Garc\u00eda y Diana Cali, y mis hermanos han estado conmigo siempre; son muy importantes para m\u00ed, son mis superh\u00e9roes\u201d, anota Valeria Cali, una joven instrumentista y compositora que incursiona en el g\u00e9nero tropical con el sencillo \u201cD\u00e9jame cuidarte\u201d, una fusi\u00f3n de salsa y balada pop en la que se mezclan las sonoridades de instrumentos en vivo, como la guitarra el\u00e9ctrica, sin perder su esencia.<\/p>\n\n\n\n<p>Valeria Cali cursa el sexto semestre de la carrera de Artes Musicales en la Escuela de Artes Sonoras de la UArtes y combina ahora sus estudios universitarios con presentaciones y la promoci\u00f3n de su primer sencillo. Su letra habla del amor, pero no solo el de pareja sino el universal, ese que acompa\u00f1a y conforta, aflorando as\u00ed el lado emocional y gran dinamismo de su cantautora, tanto en lo instrumental como en lo vocal.<\/p>\n\n\n<div class=\"wp-block-image\">\n<figure class=\"aligncenter size-large\"><img fetchpriority=\"high\" decoding=\"async\" width=\"644\" height=\"429\" src=\"http:\/\/www.uartes.edu.ec\/sitio\/wp-content\/uploads\/2023\/01\/VALERIA-WEB-02-644x429.jpg\" alt=\"\" class=\"wp-image-36520\" srcset=\"https:\/\/www.uartes.edu.ec\/sitio\/wp-content\/uploads\/2023\/01\/VALERIA-WEB-02-644x429.jpg 644w, https:\/\/www.uartes.edu.ec\/sitio\/wp-content\/uploads\/2023\/01\/VALERIA-WEB-02-768x511.jpg 768w, https:\/\/www.uartes.edu.ec\/sitio\/wp-content\/uploads\/2023\/01\/VALERIA-WEB-02.jpg 2000w, https:\/\/www.uartes.edu.ec\/sitio\/wp-content\/uploads\/2023\/01\/VALERIA-WEB-02-600x399.jpg 600w, https:\/\/www.uartes.edu.ec\/sitio\/wp-content\/uploads\/2023\/01\/VALERIA-WEB-02-272x182.jpg 272w\" sizes=\"(max-width: 644px) 100vw, 644px\" \/><\/figure>\n<\/div>\n\n\n<p>Tener su orquesta propia y convertirse en un referente de la salsa femenina en el pa\u00eds y fuera es la meta de Valeria Cali, cuyo transitar musical no es reciente, pues descubri\u00f3 su inclinaci\u00f3n art\u00edstica a temprana edad. A los 7 a\u00f1os la inscribieron en el Conservatorio Antonio Neumane, donde estudi\u00f3 piano y particip\u00f3 luego en reconocidos grupos corales de la ciudad, como los coros de la Casa de la Cultura N\u00facleo del Guayas, del Polif\u00f3nico Francisco, de la Sinf\u00f3nica de Guayaquil y Napoli.<\/p>\n\n\n\n<p>A los 16 a\u00f1os empez\u00f3 a colaborar con otros artistas y bandas peque\u00f1as, form\u00e1ndose as\u00ed en los escenarios. Su ingreso a la UArtes reafirm\u00f3 lo que hab\u00eda estado experimentando y comenz\u00f3 a componer canciones de manera m\u00e1s estructurada hasta que lanz\u00f3 \u201cD\u00e9jame cuidarte\u201d.<\/p>\n\n\n\n<p>Y es que, si bien integr\u00f3 varios coros, Valeria Cali confiesa que no hab\u00eda estudiado canto y que al iniciar sus estudios en la UArtes pudo entender mejor su capacidad vocal. \u201cAprend\u00ed a cantar con t\u00e9cnica\u201d, indica, agradeciendo el aprendizaje y confesando que canta en varios lugares y tiene ahora la resistencia para hacerlo.<\/p>\n\n\n\n<p>Tambi\u00e9n comenta que, aunque entr\u00f3 a estudiar canto l\u00edrico, es soprano y canta lo cl\u00e1sico, afuera se ha dedicado m\u00e1s a lo tropical, lo cual siente ha sido parte de su musicalidad. \u201cMe han llegado a preguntar c\u00f3mo hago para dividirme entre lo l\u00edrico y lo popular. Yo se los agradezco a mis docentes\u201d.<\/p>\n\n\n<div class=\"wp-block-image\">\n<figure class=\"aligncenter size-large\"><img decoding=\"async\" width=\"644\" height=\"429\" src=\"http:\/\/www.uartes.edu.ec\/sitio\/wp-content\/uploads\/2023\/01\/VALERIA-WEB-04-644x429.jpg\" alt=\"\" class=\"wp-image-36521\" srcset=\"https:\/\/www.uartes.edu.ec\/sitio\/wp-content\/uploads\/2023\/01\/VALERIA-WEB-04-644x429.jpg 644w, https:\/\/www.uartes.edu.ec\/sitio\/wp-content\/uploads\/2023\/01\/VALERIA-WEB-04-768x511.jpg 768w, https:\/\/www.uartes.edu.ec\/sitio\/wp-content\/uploads\/2023\/01\/VALERIA-WEB-04.jpg 2000w, https:\/\/www.uartes.edu.ec\/sitio\/wp-content\/uploads\/2023\/01\/VALERIA-WEB-04-600x399.jpg 600w, https:\/\/www.uartes.edu.ec\/sitio\/wp-content\/uploads\/2023\/01\/VALERIA-WEB-04-272x182.jpg 272w\" sizes=\"(max-width: 644px) 100vw, 644px\" \/><\/figure>\n<\/div>\n\n\n<p>Asimismo, inmensamente agradecida expresa sentirse con las autoridades de la UArtes, de su carrera y de su escuela por impulsar espacios como Jueves EAS y Open Maic, donde ha participado interpretando cumbias y otros g\u00e9neros tropicales, en ensambles trabajados con compa\u00f1eros. Confiesa, no obstante, que lo suyo es la salsa, la cual quiere combinar con la urbana y jugar con otras fusiones y sonoridades, como la m\u00fasica nacional. \u201cMe parece incre\u00edble que nos estemos conociendo, que existan estos encuentros que permiten nuestro crecimiento musical\u201d.<\/p>\n\n\n\n<p>\u201cD\u00e9jame cuidarte\u201d cuenta con un videoclip. Algunas escenas se grabaron en el Pasaje Illingworth, campus centro de la UArtes. Valeria Cali se hizo cargo de toda la producci\u00f3n, la cual logr\u00f3 con el capital que fue reuniendo de sus presentaciones en varios lugares. Cuid\u00f3 de todos los detalles, desde el vestuario hasta el guion. \u201cEs un producto que va a quedar para mi carrera y la va a marcar\u201d, refiere y a\u00f1ade que, por ser la \u00fanica en su familia que opt\u00f3 por dedicarse a la actividad art\u00edstica, ha tenido que irse abriendo camino sola. \u201cEso s\u00ed, mis padres est\u00e1n conmigo siempre\u201d.<\/p>\n\n\n\n<p>Datos de la producci\u00f3n del sencillo: Valeria Cali, cantautora; Andr\u00e9s Cuartas, productor, arreglista y guitarra el\u00e9ctrica; Jefferson Nal, percusi\u00f3n; Joseph Cortez, bajo; Luis David, trompeta; V\u00edctor Salas, tromb\u00f3n: Jonathan Sep\u00falveda y J\u00e9ssica Espinosa, coros; El\u00edas V\u00e1squez, piano y mezcla; y Diego Hern\u00e1n, mastering\/Onix Mastering Studio.<\/p>\n\n\n\n<p>Texto: Carmen Cortez. Fotos: Valeria Cali y Camila Guerrero\/UArtes<\/p>\n\n\n<div class=\"wp-block-image\">\n<figure class=\"aligncenter size-large\"><img decoding=\"async\" width=\"644\" height=\"429\" src=\"http:\/\/www.uartes.edu.ec\/sitio\/wp-content\/uploads\/2023\/01\/VALERIA-WEB-03-644x429.jpg\" alt=\"\" class=\"wp-image-36522\" srcset=\"https:\/\/www.uartes.edu.ec\/sitio\/wp-content\/uploads\/2023\/01\/VALERIA-WEB-03-644x429.jpg 644w, https:\/\/www.uartes.edu.ec\/sitio\/wp-content\/uploads\/2023\/01\/VALERIA-WEB-03-768x511.jpg 768w, https:\/\/www.uartes.edu.ec\/sitio\/wp-content\/uploads\/2023\/01\/VALERIA-WEB-03.jpg 2000w, https:\/\/www.uartes.edu.ec\/sitio\/wp-content\/uploads\/2023\/01\/VALERIA-WEB-03-600x399.jpg 600w, https:\/\/www.uartes.edu.ec\/sitio\/wp-content\/uploads\/2023\/01\/VALERIA-WEB-03-272x182.jpg 272w\" sizes=\"(max-width: 644px) 100vw, 644px\" \/><\/figure>\n<\/div>\n\n\n<p>La artista en las redes sociales:<br>IG y Tiktok: @valeriacalimusic<br>Facebook: Valeria Cali Music<br>El link del videoclip: <a href=\"https:\/\/youtu.be\/L3W-vFFxhOM\">https:\/\/youtu.be\/L3W-vFFxhOM<\/a><\/p>","protected":false},"excerpt":{"rendered":"<p>Es al iniciar sus estudios en la UArtes que la cantautora ecuatoriana pudo entender su capacidad vocal y aprender a cantar con t\u00e9cnica. Valeria Cali est\u00e1 inmersa en la m\u00fasica desde los 7 a\u00f1os, en que ingres\u00f3 al Conservatorio Antonio Neumane, y tras integrar varios y reconocidos coros descubri\u00f3 que salsa es lo que quer\u00eda interpretar. Su primer sencillo est\u00e1 ya en las plataformas musicales.<\/p>","protected":false},"author":10,"featured_media":36519,"comment_status":"open","ping_status":"open","sticky":false,"template":"","format":"standard","meta":{"_acf_changed":false,"_uag_custom_page_level_css":"","_monsterinsights_skip_tracking":false,"_monsterinsights_sitenote_active":false,"_monsterinsights_sitenote_note":"","_monsterinsights_sitenote_category":0,"cybocfi_hide_featured_image":"","footnotes":""},"categories":[715,150,76],"tags":[496],"infouartes":[],"class_list":["post-36518","post","type-post","status-publish","format-standard","has-post-thumbnail","hentry","category-2c","category-artes-sonoras","category-estudiantes","tag-produccion-musical"],"acf":[],"yoast_head":"<!-- This site is optimized with the Yoast SEO plugin v27.4 - https:\/\/yoast.com\/product\/yoast-seo-wordpress\/ -->\n<title>Universidad de las Artes - A ritmo de salsa Valeria Cali lanza \u201cD\u00e9jame cuidarte\u201d, su primer sencillo; la cantautora es estudiante UArtes<\/title>\n<meta name=\"description\" content=\"Universidad de las Artes - A ritmo de salsa Valeria Cali lanza \u201cD\u00e9jame cuidarte\u201d, su primer sencillo; la cantautora es estudiante UArtes\" \/>\n<meta name=\"robots\" content=\"index, follow, max-snippet:-1, max-image-preview:large, max-video-preview:-1\" \/>\n<link rel=\"canonical\" href=\"https:\/\/www.uartes.edu.ec\/sitio\/en\/blog\/2023\/01\/16\/a-ritmo-de-salsa-valeria-cali-lanza-el-sencillo-dejame-cuidarte-la-cantautora-es-estudiante-de-la-eas\/\" \/>\n<meta property=\"og:locale\" content=\"en_US\" \/>\n<meta property=\"og:type\" content=\"article\" \/>\n<meta property=\"og:title\" content=\"Universidad de las Artes - A ritmo de salsa Valeria Cali lanza \u201cD\u00e9jame cuidarte\u201d, su primer sencillo; la cantautora es estudiante UArtes\" \/>\n<meta property=\"og:description\" content=\"Universidad de las Artes - A ritmo de salsa Valeria Cali lanza \u201cD\u00e9jame cuidarte\u201d, su primer sencillo; la cantautora es estudiante UArtes\" \/>\n<meta property=\"og:url\" content=\"https:\/\/www.uartes.edu.ec\/sitio\/en\/blog\/2023\/01\/16\/a-ritmo-de-salsa-valeria-cali-lanza-el-sencillo-dejame-cuidarte-la-cantautora-es-estudiante-de-la-eas\/\" \/>\n<meta property=\"og:site_name\" content=\"Universidad de las Artes\" \/>\n<meta property=\"article:publisher\" content=\"https:\/\/www.facebook.com\/uartesec\" \/>\n<meta property=\"article:published_time\" content=\"2023-01-16T22:50:19+00:00\" \/>\n<meta property=\"article:modified_time\" content=\"2024-07-04T16:21:44+00:00\" \/>\n<meta property=\"og:image\" content=\"https:\/\/www.uartes.edu.ec\/sitio\/wp-content\/uploads\/2023\/01\/VALERIA-WEB-01.jpg\" \/>\n\t<meta property=\"og:image:width\" content=\"2000\" \/>\n\t<meta property=\"og:image:height\" content=\"1333\" \/>\n\t<meta property=\"og:image:type\" content=\"image\/jpeg\" \/>\n<meta name=\"author\" content=\"ccortez\" \/>\n<meta name=\"twitter:card\" content=\"summary_large_image\" \/>\n<meta name=\"twitter:creator\" content=\"@uartesec\" \/>\n<meta name=\"twitter:site\" content=\"@uartesec\" \/>\n<meta name=\"twitter:label1\" content=\"Written by\" \/>\n\t<meta name=\"twitter:data1\" content=\"ccortez\" \/>\n\t<meta name=\"twitter:label2\" content=\"Est. reading time\" \/>\n\t<meta name=\"twitter:data2\" content=\"4 minutes\" \/>\n<script type=\"application\/ld+json\" class=\"yoast-schema-graph\">{\"@context\":\"https:\\\/\\\/schema.org\",\"@graph\":[{\"@type\":\"Article\",\"@id\":\"https:\\\/\\\/www.uartes.edu.ec\\\/sitio\\\/en\\\/blog\\\/2023\\\/01\\\/16\\\/a-ritmo-de-salsa-valeria-cali-lanza-el-sencillo-dejame-cuidarte-la-cantautora-es-estudiante-de-la-eas\\\/#article\",\"isPartOf\":{\"@id\":\"https:\\\/\\\/www.uartes.edu.ec\\\/sitio\\\/en\\\/blog\\\/2023\\\/01\\\/16\\\/a-ritmo-de-salsa-valeria-cali-lanza-el-sencillo-dejame-cuidarte-la-cantautora-es-estudiante-de-la-eas\\\/\"},\"author\":{\"name\":\"ccortez\",\"@id\":\"https:\\\/\\\/www.uartes.edu.ec\\\/sitio\\\/en\\\/#\\\/schema\\\/person\\\/efa1b8275797664fd7f13a79ccc0b1f4\"},\"headline\":\"A ritmo de salsa Valeria Cali lanza \u201cD\u00e9jame cuidarte\u201d, su primer sencillo; la cantautora es estudiante UArtes\",\"datePublished\":\"2023-01-16T22:50:19+00:00\",\"dateModified\":\"2024-07-04T16:21:44+00:00\",\"mainEntityOfPage\":{\"@id\":\"https:\\\/\\\/www.uartes.edu.ec\\\/sitio\\\/en\\\/blog\\\/2023\\\/01\\\/16\\\/a-ritmo-de-salsa-valeria-cali-lanza-el-sencillo-dejame-cuidarte-la-cantautora-es-estudiante-de-la-eas\\\/\"},\"wordCount\":771,\"commentCount\":0,\"publisher\":{\"@id\":\"https:\\\/\\\/www.uartes.edu.ec\\\/sitio\\\/en\\\/#organization\"},\"image\":{\"@id\":\"https:\\\/\\\/www.uartes.edu.ec\\\/sitio\\\/en\\\/blog\\\/2023\\\/01\\\/16\\\/a-ritmo-de-salsa-valeria-cali-lanza-el-sencillo-dejame-cuidarte-la-cantautora-es-estudiante-de-la-eas\\\/#primaryimage\"},\"thumbnailUrl\":\"https:\\\/\\\/www.uartes.edu.ec\\\/sitio\\\/wp-content\\\/uploads\\\/2023\\\/01\\\/VALERIA-WEB-01.jpg\",\"keywords\":[\"producci\u00f3n musical\"],\"articleSection\":[\"2C\",\"Artes Sonoras\",\"Estudiantes\"],\"inLanguage\":\"en-US\",\"potentialAction\":[{\"@type\":\"CommentAction\",\"name\":\"Comment\",\"target\":[\"https:\\\/\\\/www.uartes.edu.ec\\\/sitio\\\/en\\\/blog\\\/2023\\\/01\\\/16\\\/a-ritmo-de-salsa-valeria-cali-lanza-el-sencillo-dejame-cuidarte-la-cantautora-es-estudiante-de-la-eas\\\/#respond\"]}]},{\"@type\":[\"WebPage\",\"ItemPage\"],\"@id\":\"https:\\\/\\\/www.uartes.edu.ec\\\/sitio\\\/en\\\/blog\\\/2023\\\/01\\\/16\\\/a-ritmo-de-salsa-valeria-cali-lanza-el-sencillo-dejame-cuidarte-la-cantautora-es-estudiante-de-la-eas\\\/\",\"url\":\"https:\\\/\\\/www.uartes.edu.ec\\\/sitio\\\/en\\\/blog\\\/2023\\\/01\\\/16\\\/a-ritmo-de-salsa-valeria-cali-lanza-el-sencillo-dejame-cuidarte-la-cantautora-es-estudiante-de-la-eas\\\/\",\"name\":\"Universidad de las Artes - A ritmo de salsa Valeria Cali lanza \u201cD\u00e9jame cuidarte\u201d, su primer sencillo; la cantautora es estudiante UArtes\",\"isPartOf\":{\"@id\":\"https:\\\/\\\/www.uartes.edu.ec\\\/sitio\\\/en\\\/#website\"},\"primaryImageOfPage\":{\"@id\":\"https:\\\/\\\/www.uartes.edu.ec\\\/sitio\\\/en\\\/blog\\\/2023\\\/01\\\/16\\\/a-ritmo-de-salsa-valeria-cali-lanza-el-sencillo-dejame-cuidarte-la-cantautora-es-estudiante-de-la-eas\\\/#primaryimage\"},\"image\":{\"@id\":\"https:\\\/\\\/www.uartes.edu.ec\\\/sitio\\\/en\\\/blog\\\/2023\\\/01\\\/16\\\/a-ritmo-de-salsa-valeria-cali-lanza-el-sencillo-dejame-cuidarte-la-cantautora-es-estudiante-de-la-eas\\\/#primaryimage\"},\"thumbnailUrl\":\"https:\\\/\\\/www.uartes.edu.ec\\\/sitio\\\/wp-content\\\/uploads\\\/2023\\\/01\\\/VALERIA-WEB-01.jpg\",\"datePublished\":\"2023-01-16T22:50:19+00:00\",\"dateModified\":\"2024-07-04T16:21:44+00:00\",\"description\":\"Universidad de las Artes - A ritmo de salsa Valeria Cali lanza \u201cD\u00e9jame cuidarte\u201d, su primer sencillo; la cantautora es estudiante UArtes\",\"breadcrumb\":{\"@id\":\"https:\\\/\\\/www.uartes.edu.ec\\\/sitio\\\/en\\\/blog\\\/2023\\\/01\\\/16\\\/a-ritmo-de-salsa-valeria-cali-lanza-el-sencillo-dejame-cuidarte-la-cantautora-es-estudiante-de-la-eas\\\/#breadcrumb\"},\"inLanguage\":\"en-US\",\"potentialAction\":[{\"@type\":\"ReadAction\",\"target\":[\"https:\\\/\\\/www.uartes.edu.ec\\\/sitio\\\/en\\\/blog\\\/2023\\\/01\\\/16\\\/a-ritmo-de-salsa-valeria-cali-lanza-el-sencillo-dejame-cuidarte-la-cantautora-es-estudiante-de-la-eas\\\/\"]}]},{\"@type\":\"ImageObject\",\"inLanguage\":\"en-US\",\"@id\":\"https:\\\/\\\/www.uartes.edu.ec\\\/sitio\\\/en\\\/blog\\\/2023\\\/01\\\/16\\\/a-ritmo-de-salsa-valeria-cali-lanza-el-sencillo-dejame-cuidarte-la-cantautora-es-estudiante-de-la-eas\\\/#primaryimage\",\"url\":\"https:\\\/\\\/www.uartes.edu.ec\\\/sitio\\\/wp-content\\\/uploads\\\/2023\\\/01\\\/VALERIA-WEB-01.jpg\",\"contentUrl\":\"https:\\\/\\\/www.uartes.edu.ec\\\/sitio\\\/wp-content\\\/uploads\\\/2023\\\/01\\\/VALERIA-WEB-01.jpg\",\"width\":2000,\"height\":1333},{\"@type\":\"BreadcrumbList\",\"@id\":\"https:\\\/\\\/www.uartes.edu.ec\\\/sitio\\\/en\\\/blog\\\/2023\\\/01\\\/16\\\/a-ritmo-de-salsa-valeria-cali-lanza-el-sencillo-dejame-cuidarte-la-cantautora-es-estudiante-de-la-eas\\\/#breadcrumb\",\"itemListElement\":[{\"@type\":\"ListItem\",\"position\":1,\"name\":\"Inicio\",\"item\":\"https:\\\/\\\/www.uartes.edu.ec\\\/sitio\\\/\"},{\"@type\":\"ListItem\",\"position\":2,\"name\":\"A ritmo de salsa Valeria Cali lanza \u201cD\u00e9jame cuidarte\u201d, su primer sencillo; la cantautora es estudiante UArtes\"}]},{\"@type\":\"WebSite\",\"@id\":\"https:\\\/\\\/www.uartes.edu.ec\\\/sitio\\\/en\\\/#website\",\"url\":\"https:\\\/\\\/www.uartes.edu.ec\\\/sitio\\\/en\\\/\",\"name\":\"Universidad de las Artes\",\"description\":\"Sitio oficial de la Universidad Nacional de las Artes del Ecuador\",\"publisher\":{\"@id\":\"https:\\\/\\\/www.uartes.edu.ec\\\/sitio\\\/en\\\/#organization\"},\"potentialAction\":[{\"@type\":\"SearchAction\",\"target\":{\"@type\":\"EntryPoint\",\"urlTemplate\":\"https:\\\/\\\/www.uartes.edu.ec\\\/sitio\\\/en\\\/?s={search_term_string}\"},\"query-input\":{\"@type\":\"PropertyValueSpecification\",\"valueRequired\":true,\"valueName\":\"search_term_string\"}}],\"inLanguage\":\"en-US\"},{\"@type\":\"Organization\",\"@id\":\"https:\\\/\\\/www.uartes.edu.ec\\\/sitio\\\/en\\\/#organization\",\"name\":\"Universidad de las Artes\",\"url\":\"https:\\\/\\\/www.uartes.edu.ec\\\/sitio\\\/en\\\/\",\"logo\":{\"@type\":\"ImageObject\",\"inLanguage\":\"en-US\",\"@id\":\"https:\\\/\\\/www.uartes.edu.ec\\\/sitio\\\/en\\\/#\\\/schema\\\/logo\\\/image\\\/\",\"url\":\"https:\\\/\\\/www.uartes.edu.ec\\\/sitio\\\/wp-content\\\/uploads\\\/2022\\\/07\\\/logo-ua-horizontal.png\",\"contentUrl\":\"https:\\\/\\\/www.uartes.edu.ec\\\/sitio\\\/wp-content\\\/uploads\\\/2022\\\/07\\\/logo-ua-horizontal.png\",\"width\":800,\"height\":276,\"caption\":\"Universidad de las Artes\"},\"image\":{\"@id\":\"https:\\\/\\\/www.uartes.edu.ec\\\/sitio\\\/en\\\/#\\\/schema\\\/logo\\\/image\\\/\"},\"sameAs\":[\"https:\\\/\\\/www.facebook.com\\\/uartesec\",\"https:\\\/\\\/x.com\\\/uartesec\",\"https:\\\/\\\/www.tiktok.com\\\/@uartesec\"]},{\"@type\":\"Person\",\"@id\":\"https:\\\/\\\/www.uartes.edu.ec\\\/sitio\\\/en\\\/#\\\/schema\\\/person\\\/efa1b8275797664fd7f13a79ccc0b1f4\",\"name\":\"ccortez\",\"image\":{\"@type\":\"ImageObject\",\"inLanguage\":\"en-US\",\"@id\":\"https:\\\/\\\/secure.gravatar.com\\\/avatar\\\/b2a6f664a3ae8e074346ef91775736c5ec479e637ecced6842de9dc98b5da9cd?s=96&d=mm&r=g\",\"url\":\"https:\\\/\\\/secure.gravatar.com\\\/avatar\\\/b2a6f664a3ae8e074346ef91775736c5ec479e637ecced6842de9dc98b5da9cd?s=96&d=mm&r=g\",\"contentUrl\":\"https:\\\/\\\/secure.gravatar.com\\\/avatar\\\/b2a6f664a3ae8e074346ef91775736c5ec479e637ecced6842de9dc98b5da9cd?s=96&d=mm&r=g\",\"caption\":\"ccortez\"},\"url\":\"https:\\\/\\\/www.uartes.edu.ec\\\/sitio\\\/en\\\/blog\\\/author\\\/ccortez\\\/\"}]}<\/script>\n<!-- \/ Yoast SEO plugin. -->","yoast_head_json":{"title":"Universidad de las Artes - A ritmo de salsa Valeria Cali lanza \u201cD\u00e9jame cuidarte\u201d, su primer sencillo; la cantautora es estudiante UArtes","description":"Universidad de las Artes - A ritmo de salsa Valeria Cali lanza \u201cD\u00e9jame cuidarte\u201d, su primer sencillo; la cantautora es estudiante UArtes","robots":{"index":"index","follow":"follow","max-snippet":"max-snippet:-1","max-image-preview":"max-image-preview:large","max-video-preview":"max-video-preview:-1"},"canonical":"https:\/\/www.uartes.edu.ec\/sitio\/en\/blog\/2023\/01\/16\/a-ritmo-de-salsa-valeria-cali-lanza-el-sencillo-dejame-cuidarte-la-cantautora-es-estudiante-de-la-eas\/","og_locale":"en_US","og_type":"article","og_title":"Universidad de las Artes - A ritmo de salsa Valeria Cali lanza \u201cD\u00e9jame cuidarte\u201d, su primer sencillo; la cantautora es estudiante UArtes","og_description":"Universidad de las Artes - A ritmo de salsa Valeria Cali lanza \u201cD\u00e9jame cuidarte\u201d, su primer sencillo; la cantautora es estudiante UArtes","og_url":"https:\/\/www.uartes.edu.ec\/sitio\/en\/blog\/2023\/01\/16\/a-ritmo-de-salsa-valeria-cali-lanza-el-sencillo-dejame-cuidarte-la-cantautora-es-estudiante-de-la-eas\/","og_site_name":"Universidad de las Artes","article_publisher":"https:\/\/www.facebook.com\/uartesec","article_published_time":"2023-01-16T22:50:19+00:00","article_modified_time":"2024-07-04T16:21:44+00:00","og_image":[{"width":2000,"height":1333,"url":"https:\/\/www.uartes.edu.ec\/sitio\/wp-content\/uploads\/2023\/01\/VALERIA-WEB-01.jpg","type":"image\/jpeg"}],"author":"ccortez","twitter_card":"summary_large_image","twitter_creator":"@uartesec","twitter_site":"@uartesec","twitter_misc":{"Written by":"ccortez","Est. reading time":"4 minutes"},"schema":{"@context":"https:\/\/schema.org","@graph":[{"@type":"Article","@id":"https:\/\/www.uartes.edu.ec\/sitio\/en\/blog\/2023\/01\/16\/a-ritmo-de-salsa-valeria-cali-lanza-el-sencillo-dejame-cuidarte-la-cantautora-es-estudiante-de-la-eas\/#article","isPartOf":{"@id":"https:\/\/www.uartes.edu.ec\/sitio\/en\/blog\/2023\/01\/16\/a-ritmo-de-salsa-valeria-cali-lanza-el-sencillo-dejame-cuidarte-la-cantautora-es-estudiante-de-la-eas\/"},"author":{"name":"ccortez","@id":"https:\/\/www.uartes.edu.ec\/sitio\/en\/#\/schema\/person\/efa1b8275797664fd7f13a79ccc0b1f4"},"headline":"A ritmo de salsa Valeria Cali lanza \u201cD\u00e9jame cuidarte\u201d, su primer sencillo; la cantautora es estudiante UArtes","datePublished":"2023-01-16T22:50:19+00:00","dateModified":"2024-07-04T16:21:44+00:00","mainEntityOfPage":{"@id":"https:\/\/www.uartes.edu.ec\/sitio\/en\/blog\/2023\/01\/16\/a-ritmo-de-salsa-valeria-cali-lanza-el-sencillo-dejame-cuidarte-la-cantautora-es-estudiante-de-la-eas\/"},"wordCount":771,"commentCount":0,"publisher":{"@id":"https:\/\/www.uartes.edu.ec\/sitio\/en\/#organization"},"image":{"@id":"https:\/\/www.uartes.edu.ec\/sitio\/en\/blog\/2023\/01\/16\/a-ritmo-de-salsa-valeria-cali-lanza-el-sencillo-dejame-cuidarte-la-cantautora-es-estudiante-de-la-eas\/#primaryimage"},"thumbnailUrl":"https:\/\/www.uartes.edu.ec\/sitio\/wp-content\/uploads\/2023\/01\/VALERIA-WEB-01.jpg","keywords":["producci\u00f3n musical"],"articleSection":["2C","Artes Sonoras","Estudiantes"],"inLanguage":"en-US","potentialAction":[{"@type":"CommentAction","name":"Comment","target":["https:\/\/www.uartes.edu.ec\/sitio\/en\/blog\/2023\/01\/16\/a-ritmo-de-salsa-valeria-cali-lanza-el-sencillo-dejame-cuidarte-la-cantautora-es-estudiante-de-la-eas\/#respond"]}]},{"@type":["WebPage","ItemPage"],"@id":"https:\/\/www.uartes.edu.ec\/sitio\/en\/blog\/2023\/01\/16\/a-ritmo-de-salsa-valeria-cali-lanza-el-sencillo-dejame-cuidarte-la-cantautora-es-estudiante-de-la-eas\/","url":"https:\/\/www.uartes.edu.ec\/sitio\/en\/blog\/2023\/01\/16\/a-ritmo-de-salsa-valeria-cali-lanza-el-sencillo-dejame-cuidarte-la-cantautora-es-estudiante-de-la-eas\/","name":"Universidad de las Artes - A ritmo de salsa Valeria Cali lanza \u201cD\u00e9jame cuidarte\u201d, su primer sencillo; la cantautora es estudiante UArtes","isPartOf":{"@id":"https:\/\/www.uartes.edu.ec\/sitio\/en\/#website"},"primaryImageOfPage":{"@id":"https:\/\/www.uartes.edu.ec\/sitio\/en\/blog\/2023\/01\/16\/a-ritmo-de-salsa-valeria-cali-lanza-el-sencillo-dejame-cuidarte-la-cantautora-es-estudiante-de-la-eas\/#primaryimage"},"image":{"@id":"https:\/\/www.uartes.edu.ec\/sitio\/en\/blog\/2023\/01\/16\/a-ritmo-de-salsa-valeria-cali-lanza-el-sencillo-dejame-cuidarte-la-cantautora-es-estudiante-de-la-eas\/#primaryimage"},"thumbnailUrl":"https:\/\/www.uartes.edu.ec\/sitio\/wp-content\/uploads\/2023\/01\/VALERIA-WEB-01.jpg","datePublished":"2023-01-16T22:50:19+00:00","dateModified":"2024-07-04T16:21:44+00:00","description":"Universidad de las Artes - A ritmo de salsa Valeria Cali lanza \u201cD\u00e9jame cuidarte\u201d, su primer sencillo; la cantautora es estudiante UArtes","breadcrumb":{"@id":"https:\/\/www.uartes.edu.ec\/sitio\/en\/blog\/2023\/01\/16\/a-ritmo-de-salsa-valeria-cali-lanza-el-sencillo-dejame-cuidarte-la-cantautora-es-estudiante-de-la-eas\/#breadcrumb"},"inLanguage":"en-US","potentialAction":[{"@type":"ReadAction","target":["https:\/\/www.uartes.edu.ec\/sitio\/en\/blog\/2023\/01\/16\/a-ritmo-de-salsa-valeria-cali-lanza-el-sencillo-dejame-cuidarte-la-cantautora-es-estudiante-de-la-eas\/"]}]},{"@type":"ImageObject","inLanguage":"en-US","@id":"https:\/\/www.uartes.edu.ec\/sitio\/en\/blog\/2023\/01\/16\/a-ritmo-de-salsa-valeria-cali-lanza-el-sencillo-dejame-cuidarte-la-cantautora-es-estudiante-de-la-eas\/#primaryimage","url":"https:\/\/www.uartes.edu.ec\/sitio\/wp-content\/uploads\/2023\/01\/VALERIA-WEB-01.jpg","contentUrl":"https:\/\/www.uartes.edu.ec\/sitio\/wp-content\/uploads\/2023\/01\/VALERIA-WEB-01.jpg","width":2000,"height":1333},{"@type":"BreadcrumbList","@id":"https:\/\/www.uartes.edu.ec\/sitio\/en\/blog\/2023\/01\/16\/a-ritmo-de-salsa-valeria-cali-lanza-el-sencillo-dejame-cuidarte-la-cantautora-es-estudiante-de-la-eas\/#breadcrumb","itemListElement":[{"@type":"ListItem","position":1,"name":"Inicio","item":"https:\/\/www.uartes.edu.ec\/sitio\/"},{"@type":"ListItem","position":2,"name":"A ritmo de salsa Valeria Cali lanza \u201cD\u00e9jame cuidarte\u201d, su primer sencillo; la cantautora es estudiante UArtes"}]},{"@type":"WebSite","@id":"https:\/\/www.uartes.edu.ec\/sitio\/en\/#website","url":"https:\/\/www.uartes.edu.ec\/sitio\/en\/","name":"Universidad de las Artes","description":"Sitio oficial de la Universidad Nacional de las Artes del Ecuador","publisher":{"@id":"https:\/\/www.uartes.edu.ec\/sitio\/en\/#organization"},"potentialAction":[{"@type":"SearchAction","target":{"@type":"EntryPoint","urlTemplate":"https:\/\/www.uartes.edu.ec\/sitio\/en\/?s={search_term_string}"},"query-input":{"@type":"PropertyValueSpecification","valueRequired":true,"valueName":"search_term_string"}}],"inLanguage":"en-US"},{"@type":"Organization","@id":"https:\/\/www.uartes.edu.ec\/sitio\/en\/#organization","name":"Universidad de las Artes","url":"https:\/\/www.uartes.edu.ec\/sitio\/en\/","logo":{"@type":"ImageObject","inLanguage":"en-US","@id":"https:\/\/www.uartes.edu.ec\/sitio\/en\/#\/schema\/logo\/image\/","url":"https:\/\/www.uartes.edu.ec\/sitio\/wp-content\/uploads\/2022\/07\/logo-ua-horizontal.png","contentUrl":"https:\/\/www.uartes.edu.ec\/sitio\/wp-content\/uploads\/2022\/07\/logo-ua-horizontal.png","width":800,"height":276,"caption":"Universidad de las Artes"},"image":{"@id":"https:\/\/www.uartes.edu.ec\/sitio\/en\/#\/schema\/logo\/image\/"},"sameAs":["https:\/\/www.facebook.com\/uartesec","https:\/\/x.com\/uartesec","https:\/\/www.tiktok.com\/@uartesec"]},{"@type":"Person","@id":"https:\/\/www.uartes.edu.ec\/sitio\/en\/#\/schema\/person\/efa1b8275797664fd7f13a79ccc0b1f4","name":"ccortez","image":{"@type":"ImageObject","inLanguage":"en-US","@id":"https:\/\/secure.gravatar.com\/avatar\/b2a6f664a3ae8e074346ef91775736c5ec479e637ecced6842de9dc98b5da9cd?s=96&d=mm&r=g","url":"https:\/\/secure.gravatar.com\/avatar\/b2a6f664a3ae8e074346ef91775736c5ec479e637ecced6842de9dc98b5da9cd?s=96&d=mm&r=g","contentUrl":"https:\/\/secure.gravatar.com\/avatar\/b2a6f664a3ae8e074346ef91775736c5ec479e637ecced6842de9dc98b5da9cd?s=96&d=mm&r=g","caption":"ccortez"},"url":"https:\/\/www.uartes.edu.ec\/sitio\/en\/blog\/author\/ccortez\/"}]}},"uagb_featured_image_src":{"full":["https:\/\/www.uartes.edu.ec\/sitio\/wp-content\/uploads\/2023\/01\/VALERIA-WEB-01.jpg",2000,1333,false],"thumbnail":["https:\/\/www.uartes.edu.ec\/sitio\/wp-content\/uploads\/2023\/01\/VALERIA-WEB-01-150x150.jpg",150,150,true],"medium":["https:\/\/www.uartes.edu.ec\/sitio\/wp-content\/uploads\/2023\/01\/VALERIA-WEB-01-300x200.jpg",300,200,true],"medium_large":["https:\/\/www.uartes.edu.ec\/sitio\/wp-content\/uploads\/2023\/01\/VALERIA-WEB-01-768x512.jpg",768,512,true],"large":["https:\/\/www.uartes.edu.ec\/sitio\/wp-content\/uploads\/2023\/01\/VALERIA-WEB-01-644x429.jpg",644,429,true],"1536x1536":["https:\/\/www.uartes.edu.ec\/sitio\/wp-content\/uploads\/2023\/01\/VALERIA-WEB-01-1536x1024.jpg",1536,1024,true],"2048x2048":["https:\/\/www.uartes.edu.ec\/sitio\/wp-content\/uploads\/2023\/01\/VALERIA-WEB-01.jpg",2000,1333,false],"trp-custom-language-flag":["https:\/\/www.uartes.edu.ec\/sitio\/wp-content\/uploads\/2023\/01\/VALERIA-WEB-01.jpg",18,12,false],"htmega_size_585x295":["https:\/\/www.uartes.edu.ec\/sitio\/wp-content\/uploads\/2023\/01\/VALERIA-WEB-01.jpg",443,295,false],"htmega_size_1170x536":["https:\/\/www.uartes.edu.ec\/sitio\/wp-content\/uploads\/2023\/01\/VALERIA-WEB-01.jpg",804,536,false],"htmega_size_396x360":["https:\/\/www.uartes.edu.ec\/sitio\/wp-content\/uploads\/2023\/01\/VALERIA-WEB-01.jpg",396,264,false],"gb-block-post-grid-landscape":["https:\/\/www.uartes.edu.ec\/sitio\/wp-content\/uploads\/2023\/01\/VALERIA-WEB-01-600x400.jpg",600,400,true],"gb-block-post-grid-square":["https:\/\/www.uartes.edu.ec\/sitio\/wp-content\/uploads\/2023\/01\/VALERIA-WEB-01-600x600.jpg",600,600,true],"university-hub-thumb":["https:\/\/www.uartes.edu.ec\/sitio\/wp-content\/uploads\/2023\/01\/VALERIA-WEB-01-400x267.jpg",400,267,true]},"uagb_author_info":{"display_name":"ccortez","author_link":"https:\/\/www.uartes.edu.ec\/sitio\/en\/blog\/author\/ccortez\/"},"uagb_comment_info":0,"uagb_excerpt":"Es al iniciar sus estudios en la UArtes que la cantautora ecuatoriana pudo entender su capacidad vocal y aprender a cantar con t\u00e9cnica. Valeria Cali est\u00e1 inmersa en la m\u00fasica desde los 7 a\u00f1os, en que ingres\u00f3 al Conservatorio Antonio Neumane, y tras integrar varios y reconocidos coros descubri\u00f3 que salsa es lo que quer\u00eda&hellip;","featured_image_src":"https:\/\/www.uartes.edu.ec\/sitio\/wp-content\/uploads\/2023\/01\/VALERIA-WEB-01-600x400.jpg","featured_image_src_square":"https:\/\/www.uartes.edu.ec\/sitio\/wp-content\/uploads\/2023\/01\/VALERIA-WEB-01-600x600.jpg","author_info":{"display_name":"ccortez","author_link":"https:\/\/www.uartes.edu.ec\/sitio\/en\/blog\/author\/ccortez\/"},"publishpress_future_workflow_manual_trigger":{"enabledWorkflows":[]},"distributor_meta":false,"distributor_terms":false,"distributor_media":false,"distributor_original_site_name":"Universidad de las Artes","distributor_original_site_url":"https:\/\/www.uartes.edu.ec\/sitio\/en","push-errors":false,"_links":{"self":[{"href":"https:\/\/www.uartes.edu.ec\/sitio\/en\/wp-json\/wp\/v2\/posts\/36518","targetHints":{"allow":["GET"]}}],"collection":[{"href":"https:\/\/www.uartes.edu.ec\/sitio\/en\/wp-json\/wp\/v2\/posts"}],"about":[{"href":"https:\/\/www.uartes.edu.ec\/sitio\/en\/wp-json\/wp\/v2\/types\/post"}],"author":[{"embeddable":true,"href":"https:\/\/www.uartes.edu.ec\/sitio\/en\/wp-json\/wp\/v2\/users\/10"}],"replies":[{"embeddable":true,"href":"https:\/\/www.uartes.edu.ec\/sitio\/en\/wp-json\/wp\/v2\/comments?post=36518"}],"version-history":[{"count":9,"href":"https:\/\/www.uartes.edu.ec\/sitio\/en\/wp-json\/wp\/v2\/posts\/36518\/revisions"}],"predecessor-version":[{"id":42972,"href":"https:\/\/www.uartes.edu.ec\/sitio\/en\/wp-json\/wp\/v2\/posts\/36518\/revisions\/42972"}],"wp:featuredmedia":[{"embeddable":true,"href":"https:\/\/www.uartes.edu.ec\/sitio\/en\/wp-json\/wp\/v2\/media\/36519"}],"wp:attachment":[{"href":"https:\/\/www.uartes.edu.ec\/sitio\/en\/wp-json\/wp\/v2\/media?parent=36518"}],"wp:term":[{"taxonomy":"category","embeddable":true,"href":"https:\/\/www.uartes.edu.ec\/sitio\/en\/wp-json\/wp\/v2\/categories?post=36518"},{"taxonomy":"post_tag","embeddable":true,"href":"https:\/\/www.uartes.edu.ec\/sitio\/en\/wp-json\/wp\/v2\/tags?post=36518"},{"taxonomy":"infouartes","embeddable":true,"href":"https:\/\/www.uartes.edu.ec\/sitio\/en\/wp-json\/wp\/v2\/infouartes?post=36518"}],"curies":[{"name":"wp","href":"https:\/\/api.w.org\/{rel}","templated":true}]}}