{"id":36615,"date":"2023-01-18T19:12:00","date_gmt":"2023-01-19T00:12:00","guid":{"rendered":"http:\/\/www.uartes.edu.ec\/sitio\/?p=36615"},"modified":"2024-07-04T11:21:43","modified_gmt":"2024-07-04T16:21:43","slug":"estudiantes-de-la-carrera-de-danza-mostraran-resultados-en-montaje-y-en-el-silencio-tus-manos","status":"publish","type":"post","link":"https:\/\/www.uartes.edu.ec\/sitio\/en\/blog\/2023\/01\/18\/estudiantes-de-la-carrera-de-danza-mostraran-resultados-en-montaje-y-en-el-silencio-tus-manos\/","title":{"rendered":"Estudiantes de la carrera de Danza exponen resultados de su preparaci\u00f3n con obra \u201cY en el silencio, tus manos\u201d"},"content":{"rendered":"<p>Luego de un proceso de dos meses, en el que la core\u00f3grafa franco-tunecina Lemia Boudhiaf indica hubo aprendizajes rec\u00edprocos, los estudiantes del octavo semestre de la carrera de Danza, de la Escuela de Artes Esc\u00e9nicas de la Universidad de las Artes, exponen los resultados de su preparaci\u00f3n acad\u00e9mica en el montaje \u201cY en el silencio, tus manos\u201d.<\/p>\n\n\n\n<p>Tiene lugar este 19 y 20 de enero, a las 19:00, en la Plaza P\u00fablica del MZ14 Centro de Producci\u00f3n e Innovaci\u00f3n UArtes. Son sus int\u00e9rpretes Karla Amaya, Samantha Aguilar, Alicia Blacio, Eduarda Burgos, Kevin Constante, Sof\u00eda Genovese, Esther Herrera, Joshua Lescano, Nicole Lema, Keyla Macias, Melany Moreno, Daniela Remache, Sergio Rosado, Fiorella Ruiz, Anah\u00ed Silva y Karen Z\u00fa\u00f1iga. En la musicalizaci\u00f3n, Marco Herrera; y, en la fotograf\u00eda, Gianina Genovese.<\/p>\n\n\n\n<p>La breve sinopsis de la puesta en escena y su t\u00edtulo concitan inter\u00e9s y generan interrogantes con su sola lectura: \u201cUn viento sopla, la fiesta se interrumpe y el susurro de una voz recuerda la prohibici\u00f3n que uno mismo se impone. Los cuerpos se entrecruzan, se reconocen, se expanden\u201d.<\/p>\n\n\n<div class=\"wp-block-image\">\n<figure class=\"aligncenter size-large\"><img fetchpriority=\"high\" decoding=\"async\" width=\"644\" height=\"429\" src=\"http:\/\/www.uartes.edu.ec\/sitio\/wp-content\/uploads\/2023\/01\/y-en-el-silencio-web-1-644x429.jpg\" alt=\"\" class=\"wp-image-37791\" srcset=\"https:\/\/www.uartes.edu.ec\/sitio\/wp-content\/uploads\/2023\/01\/y-en-el-silencio-web-1-644x429.jpg 644w, https:\/\/www.uartes.edu.ec\/sitio\/wp-content\/uploads\/2023\/01\/y-en-el-silencio-web-1-300x200.jpg 300w, https:\/\/www.uartes.edu.ec\/sitio\/wp-content\/uploads\/2023\/01\/y-en-el-silencio-web-1-768x512.jpg 768w, https:\/\/www.uartes.edu.ec\/sitio\/wp-content\/uploads\/2023\/01\/y-en-el-silencio-web-1-1536x1024.jpg 1536w, https:\/\/www.uartes.edu.ec\/sitio\/wp-content\/uploads\/2023\/01\/y-en-el-silencio-web-1-600x400.jpg 600w, https:\/\/www.uartes.edu.ec\/sitio\/wp-content\/uploads\/2023\/01\/y-en-el-silencio-web-1-400x267.jpg 400w, https:\/\/www.uartes.edu.ec\/sitio\/wp-content\/uploads\/2023\/01\/y-en-el-silencio-web-1-272x182.jpg 272w, https:\/\/www.uartes.edu.ec\/sitio\/wp-content\/uploads\/2023\/01\/y-en-el-silencio-web-1.jpg 2000w\" sizes=\"(max-width: 644px) 100vw, 644px\" \/><\/figure>\n<\/div>\n\n\n<h3 class=\"wp-block-heading\"><strong>La obra y su proceso<\/strong><\/h3>\n\n\n\n<p>Al preguntar a Lemia Boudhiaf sobre \u201cY en el silencio, tus manos\u201d y su proceso, ella hace memoria del tiempo en que vivi\u00f3 en T\u00fanez \u2013una mitad de su vida, porque luego se fue a Francia\u2013, lo cual comparti\u00f3 con los alumnos UArtes, quienes mostraron su curiosidad y se comprometieron con el montaje. Han tenido su tiempo de evoluci\u00f3n, lo cual es propio de cada bailar\u00edn.<\/p>\n\n\n\n<p>\u201cTambi\u00e9n tuvimos momentos para decidir sobre reglas de funcionamiento en com\u00fan, de c\u00f3mo se conforma una comunidad en esos momentos en que hay muy poco tiempo y hay que avanzar r\u00e1pido\u201d, revela Lemia Boudhiaf. Anota que los invit\u00f3 a salir de su zona de confort y pensar a nivel de la urgencia de estar, de actuar, de bailar, de vivir y de no quedarse siempre en lo que est\u00e1 programado u organizado.<\/p>\n\n\n\n<p>Establecida en Ecuador hace seis a\u00f1os, principalmente en Quito, la core\u00f3grafa invitada acota que lleg\u00f3 a Guayaquil con muchas ideas. No conoc\u00eda a los estudiantes, pero supo que hab\u00edan pedido su intervenci\u00f3n. De alguna forma sab\u00edan de su trabajo, lo cual (ya en la pr\u00e1ctica) puede crear ilusiones y desilusiones, que en ambos casos es bueno.<\/p>\n\n\n<div class=\"wp-block-image\">\n<figure class=\"aligncenter size-large\"><img decoding=\"async\" width=\"644\" height=\"429\" src=\"http:\/\/www.uartes.edu.ec\/sitio\/wp-content\/uploads\/2023\/01\/y-en-el-silencio-web-4-644x429.jpg\" alt=\"\" class=\"wp-image-37794\" srcset=\"https:\/\/www.uartes.edu.ec\/sitio\/wp-content\/uploads\/2023\/01\/y-en-el-silencio-web-4-644x429.jpg 644w, https:\/\/www.uartes.edu.ec\/sitio\/wp-content\/uploads\/2023\/01\/y-en-el-silencio-web-4-300x200.jpg 300w, https:\/\/www.uartes.edu.ec\/sitio\/wp-content\/uploads\/2023\/01\/y-en-el-silencio-web-4-768x512.jpg 768w, https:\/\/www.uartes.edu.ec\/sitio\/wp-content\/uploads\/2023\/01\/y-en-el-silencio-web-4-1536x1024.jpg 1536w, https:\/\/www.uartes.edu.ec\/sitio\/wp-content\/uploads\/2023\/01\/y-en-el-silencio-web-4-600x400.jpg 600w, https:\/\/www.uartes.edu.ec\/sitio\/wp-content\/uploads\/2023\/01\/y-en-el-silencio-web-4-400x267.jpg 400w, https:\/\/www.uartes.edu.ec\/sitio\/wp-content\/uploads\/2023\/01\/y-en-el-silencio-web-4-272x182.jpg 272w, https:\/\/www.uartes.edu.ec\/sitio\/wp-content\/uploads\/2023\/01\/y-en-el-silencio-web-4.jpg 2000w\" sizes=\"(max-width: 644px) 100vw, 644px\" \/><\/figure>\n<\/div>\n\n\n<h3 class=\"wp-block-heading\"><strong>Las influencias del montaje<\/strong><\/h3>\n\n\n\n<p>Considera que preparar el montaje dentro de la universidad y su funcionamiento ha sido parte de este, pues intervienen sensaciones, espacios, encuentros. \u201cHe sentido bastante libertad en cuanto al trabajo y lo que pod\u00eda proponer; apoyo del equipo, fluidez y libertad al caminar, al descubrir estos diferentes espacios de la UArtes. Evidentemente han influenciado\u201d.<\/p>\n\n\n\n<p>Parte del proceso ha sido igualmente la adaptaci\u00f3n a diferentes niveles, como clima, formas de hablar, de relacionarse, del ambiente, de la vida y de la historia de la ciudad&#8230; En su caso, explica, no vino a imponer ideas porque la coreograf\u00eda est\u00e1 en los cuerpos, los cuales tienen lenguajes y formas de conectarse. En la primera semana, por ejemplo, indica se concentraron en ejercicios de exploraci\u00f3n para descubrir lo que contienen esos cuerpos y sus vivencias.<\/p>\n\n\n\n<p>Boudhiaf menciona tambi\u00e9n su experiencia de vida, pues como extranjera ha debido estar en una constante integraci\u00f3n, haciendo esfuerzos de empat\u00eda y entendimiento frente a una nueva cultura. \u201cEste proceso ha tenido doble esfuerzo, todos somos de culturas diferentes y tenemos c\u00f3digos diferentes\u201d, de all\u00ed la importancia de generar espacios de discusi\u00f3n y negociaci\u00f3n\u201d.<\/p>\n\n\n\n<p>Trabajaron sobre conceptos b\u00e1sicos de c\u00f3mo se forma una fiesta en medio de la sociedad que pone en peligro las libertades individuales y colectivas. La fiesta parece tranquila, pero es solo una ilusi\u00f3n de la cual surgen reivindicaciones, refiere y se remonta al \u00faltimo paro registrado en la capital, donde se form\u00f3 de manera r\u00e1pida el movimiento de manifestaciones. No obstante, las ideas fueron cambiando durante el proceso, tomando en cuenta la vivencia y la corporalidad de cada bailar\u00edn.<\/p>\n\n\n<div class=\"wp-block-image\">\n<figure class=\"aligncenter size-large\"><img decoding=\"async\" width=\"644\" height=\"429\" src=\"http:\/\/www.uartes.edu.ec\/sitio\/wp-content\/uploads\/2023\/01\/y-en-el-silencio-web-3-644x429.jpg\" alt=\"\" class=\"wp-image-37793\" srcset=\"https:\/\/www.uartes.edu.ec\/sitio\/wp-content\/uploads\/2023\/01\/y-en-el-silencio-web-3-644x429.jpg 644w, https:\/\/www.uartes.edu.ec\/sitio\/wp-content\/uploads\/2023\/01\/y-en-el-silencio-web-3-300x200.jpg 300w, https:\/\/www.uartes.edu.ec\/sitio\/wp-content\/uploads\/2023\/01\/y-en-el-silencio-web-3-768x512.jpg 768w, https:\/\/www.uartes.edu.ec\/sitio\/wp-content\/uploads\/2023\/01\/y-en-el-silencio-web-3-1536x1024.jpg 1536w, https:\/\/www.uartes.edu.ec\/sitio\/wp-content\/uploads\/2023\/01\/y-en-el-silencio-web-3-600x400.jpg 600w, https:\/\/www.uartes.edu.ec\/sitio\/wp-content\/uploads\/2023\/01\/y-en-el-silencio-web-3-400x267.jpg 400w, https:\/\/www.uartes.edu.ec\/sitio\/wp-content\/uploads\/2023\/01\/y-en-el-silencio-web-3-272x182.jpg 272w, https:\/\/www.uartes.edu.ec\/sitio\/wp-content\/uploads\/2023\/01\/y-en-el-silencio-web-3.jpg 2000w\" sizes=\"(max-width: 644px) 100vw, 644px\" \/><\/figure>\n<\/div>\n\n\n<h3 class=\"wp-block-heading\"><strong>Materiales y lenguaje de las manos<\/strong><\/h3>\n\n\n\n<p>De su experiencia en este proceso coreogr\u00e1fico, que les permite mostrar toda la preparaci\u00f3n acad\u00e9mica recibida, la estudiante Karla Amaya, una de las int\u00e9rpretes, indica que la obra abarca la autocensura y c\u00f3mo, a medida en que se desarrolla, se logra salir de ese estado de represi\u00f3n. Hemos trabajo con diferentes materiales, como videos de referencia, fotos, di\u00e1logos grupales, sensaciones que han ido poco a poco tomando forma y otras exploraciones.<\/p>\n\n\n\n<p>La core\u00f3grafa Boudhiaf agrega que el lenguaje de las manos lo construyeron juntos, que trabajaron sobre los gestos sociales que permiten relacionarse con otros individuos en la cotidianidad. \u201cHemos trabajado tambi\u00e9n sobre gestos cotidianos, aquellos que se usan para expresarse, y los que convocan a la danza y a celebrar algo; esas categor\u00edas de gestos son la base del lenguaje de la obra\u201d.<\/p>\n\n\n\n<p>Las acotaciones de Boudhiaf se enfilan a la respuesta de por qu\u00e9 \u201cY en el silencio, tus manos\u201d. La obra, dice, se basa bastante en una parte de la cultura tunecina, que contiene mucha expresividad a trav\u00e9s de las manos. \u201cEs una sociedad que ha vivido una dictadura bastante fuerte de 1987 al 2011, en que se registr\u00f3 una revoluci\u00f3n que unos llaman Primavera \u00c1rabe y otros Revoluci\u00f3n de los Jazmines, y que gener\u00f3 todas las manifestaciones que hubo en el mundo \u00e1rabe en 2011: en Libia, Siria, Egipto\u2026\u201d.<\/p>\n\n\n\n<p>T\u00fanez fue el pa\u00eds donde empez\u00f3 la revoluci\u00f3n y registr\u00f3 despu\u00e9s un fuerte proceso de construcci\u00f3n de democracia. Las prohibiciones los llev\u00f3 a experimentar enfermedades som\u00e1ticas y profundos silencios en la vida cotidiana, en la escuela, en los lugares de arte. \u201cEl silencio es la forma de expresividad m\u00e1s fuerte en esas sociedades de opresi\u00f3n, est\u00e1 incluso en las frases y en las manos\u201d.<\/p>","protected":false},"excerpt":{"rendered":"<p>Est\u00e1n en 8vo semestre de Danza y en la obra \u201cY en el silencio, tus manos\u201d exponen sus aprendizajes. Ellxs son: Karla Amaya, Alicia Blacio, Keyla Macias, Eduarda Burgos, Kevin Constante, Nicole Lema, Sergio Rosado, Esther Herrera, Joshua Lescano, Fiorella Ruiz, Daniela Remache, Melany Moreno, Anah\u00ed Silva, Karen Z\u00fa\u00f1iga, Sof\u00eda Genovese y Samantha Aguilar. La core\u00f3grafa Lemia Boudhiaf da detalles del montaje y su proceso.<\/p>","protected":false},"author":10,"featured_media":37792,"comment_status":"open","ping_status":"open","sticky":false,"template":"","format":"standard","meta":{"_acf_changed":false,"_uag_custom_page_level_css":"","_monsterinsights_skip_tracking":false,"_monsterinsights_sitenote_active":false,"_monsterinsights_sitenote_note":"","_monsterinsights_sitenote_category":0,"cybocfi_hide_featured_image":"","footnotes":""},"categories":[717,80,82,159,76],"tags":[908],"infouartes":[],"class_list":["post-36615","post","type-post","status-publish","format-standard","has-post-thumbnail","hentry","category-1d","category-academico","category-artes","category-artes-escenicas","category-estudiantes","tag-montaje-de-obra"],"acf":[],"yoast_head":"<!-- This site is optimized with the Yoast SEO plugin v27.4 - https:\/\/yoast.com\/product\/yoast-seo-wordpress\/ -->\n<title>Universidad de las Artes - Estudiantes de la carrera de Danza exponen resultados de su preparaci\u00f3n con obra \u201cY en el silencio, tus manos\u201d<\/title>\n<meta name=\"description\" content=\"Universidad de las Artes - Estudiantes de la carrera de Danza exponen resultados de su preparaci\u00f3n con obra \u201cY en el silencio, tus manos\u201d\" \/>\n<meta name=\"robots\" content=\"index, follow, max-snippet:-1, max-image-preview:large, max-video-preview:-1\" \/>\n<link rel=\"canonical\" href=\"https:\/\/www.uartes.edu.ec\/sitio\/en\/blog\/2023\/01\/18\/estudiantes-de-la-carrera-de-danza-mostraran-resultados-en-montaje-y-en-el-silencio-tus-manos\/\" \/>\n<meta property=\"og:locale\" content=\"en_US\" \/>\n<meta property=\"og:type\" content=\"article\" \/>\n<meta property=\"og:title\" content=\"Universidad de las Artes - Estudiantes de la carrera de Danza exponen resultados de su preparaci\u00f3n con obra \u201cY en el silencio, tus manos\u201d\" \/>\n<meta property=\"og:description\" content=\"Universidad de las Artes - Estudiantes de la carrera de Danza exponen resultados de su preparaci\u00f3n con obra \u201cY en el silencio, tus manos\u201d\" \/>\n<meta property=\"og:url\" content=\"https:\/\/www.uartes.edu.ec\/sitio\/en\/blog\/2023\/01\/18\/estudiantes-de-la-carrera-de-danza-mostraran-resultados-en-montaje-y-en-el-silencio-tus-manos\/\" \/>\n<meta property=\"og:site_name\" content=\"Universidad de las Artes\" \/>\n<meta property=\"article:publisher\" content=\"https:\/\/www.facebook.com\/uartesec\" \/>\n<meta property=\"article:published_time\" content=\"2023-01-19T00:12:00+00:00\" \/>\n<meta property=\"article:modified_time\" content=\"2024-07-04T16:21:43+00:00\" \/>\n<meta property=\"og:image\" content=\"https:\/\/www.uartes.edu.ec\/sitio\/wp-content\/uploads\/2023\/01\/y-en-el-silencio-web-2.jpg\" \/>\n\t<meta property=\"og:image:width\" content=\"2000\" \/>\n\t<meta property=\"og:image:height\" content=\"1333\" \/>\n\t<meta property=\"og:image:type\" content=\"image\/jpeg\" \/>\n<meta name=\"author\" content=\"ccortez\" \/>\n<meta name=\"twitter:card\" content=\"summary_large_image\" \/>\n<meta name=\"twitter:creator\" content=\"@uartesec\" \/>\n<meta name=\"twitter:site\" content=\"@uartesec\" \/>\n<meta name=\"twitter:label1\" content=\"Written by\" \/>\n\t<meta name=\"twitter:data1\" content=\"ccortez\" \/>\n\t<meta name=\"twitter:label2\" content=\"Est. reading time\" \/>\n\t<meta name=\"twitter:data2\" content=\"5 minutes\" \/>\n<script type=\"application\/ld+json\" class=\"yoast-schema-graph\">{\"@context\":\"https:\\\/\\\/schema.org\",\"@graph\":[{\"@type\":\"Article\",\"@id\":\"https:\\\/\\\/www.uartes.edu.ec\\\/sitio\\\/en\\\/blog\\\/2023\\\/01\\\/18\\\/estudiantes-de-la-carrera-de-danza-mostraran-resultados-en-montaje-y-en-el-silencio-tus-manos\\\/#article\",\"isPartOf\":{\"@id\":\"https:\\\/\\\/www.uartes.edu.ec\\\/sitio\\\/en\\\/blog\\\/2023\\\/01\\\/18\\\/estudiantes-de-la-carrera-de-danza-mostraran-resultados-en-montaje-y-en-el-silencio-tus-manos\\\/\"},\"author\":{\"name\":\"ccortez\",\"@id\":\"https:\\\/\\\/www.uartes.edu.ec\\\/sitio\\\/en\\\/#\\\/schema\\\/person\\\/efa1b8275797664fd7f13a79ccc0b1f4\"},\"headline\":\"Estudiantes de la carrera de Danza exponen resultados de su preparaci\u00f3n con obra \u201cY en el silencio, tus manos\u201d\",\"datePublished\":\"2023-01-19T00:12:00+00:00\",\"dateModified\":\"2024-07-04T16:21:43+00:00\",\"mainEntityOfPage\":{\"@id\":\"https:\\\/\\\/www.uartes.edu.ec\\\/sitio\\\/en\\\/blog\\\/2023\\\/01\\\/18\\\/estudiantes-de-la-carrera-de-danza-mostraran-resultados-en-montaje-y-en-el-silencio-tus-manos\\\/\"},\"wordCount\":1016,\"commentCount\":0,\"publisher\":{\"@id\":\"https:\\\/\\\/www.uartes.edu.ec\\\/sitio\\\/en\\\/#organization\"},\"image\":{\"@id\":\"https:\\\/\\\/www.uartes.edu.ec\\\/sitio\\\/en\\\/blog\\\/2023\\\/01\\\/18\\\/estudiantes-de-la-carrera-de-danza-mostraran-resultados-en-montaje-y-en-el-silencio-tus-manos\\\/#primaryimage\"},\"thumbnailUrl\":\"https:\\\/\\\/www.uartes.edu.ec\\\/sitio\\\/wp-content\\\/uploads\\\/2023\\\/01\\\/y-en-el-silencio-web-2.jpg\",\"keywords\":[\"montaje de obra\"],\"articleSection\":[\"1D\",\"Acad\u00e9mico\",\"Artes\",\"Artes Esc\u00e9nicas\",\"Estudiantes\"],\"inLanguage\":\"en-US\",\"potentialAction\":[{\"@type\":\"CommentAction\",\"name\":\"Comment\",\"target\":[\"https:\\\/\\\/www.uartes.edu.ec\\\/sitio\\\/en\\\/blog\\\/2023\\\/01\\\/18\\\/estudiantes-de-la-carrera-de-danza-mostraran-resultados-en-montaje-y-en-el-silencio-tus-manos\\\/#respond\"]}]},{\"@type\":[\"WebPage\",\"ItemPage\"],\"@id\":\"https:\\\/\\\/www.uartes.edu.ec\\\/sitio\\\/en\\\/blog\\\/2023\\\/01\\\/18\\\/estudiantes-de-la-carrera-de-danza-mostraran-resultados-en-montaje-y-en-el-silencio-tus-manos\\\/\",\"url\":\"https:\\\/\\\/www.uartes.edu.ec\\\/sitio\\\/en\\\/blog\\\/2023\\\/01\\\/18\\\/estudiantes-de-la-carrera-de-danza-mostraran-resultados-en-montaje-y-en-el-silencio-tus-manos\\\/\",\"name\":\"Universidad de las Artes - Estudiantes de la carrera de Danza exponen resultados de su preparaci\u00f3n con obra \u201cY en el silencio, tus manos\u201d\",\"isPartOf\":{\"@id\":\"https:\\\/\\\/www.uartes.edu.ec\\\/sitio\\\/en\\\/#website\"},\"primaryImageOfPage\":{\"@id\":\"https:\\\/\\\/www.uartes.edu.ec\\\/sitio\\\/en\\\/blog\\\/2023\\\/01\\\/18\\\/estudiantes-de-la-carrera-de-danza-mostraran-resultados-en-montaje-y-en-el-silencio-tus-manos\\\/#primaryimage\"},\"image\":{\"@id\":\"https:\\\/\\\/www.uartes.edu.ec\\\/sitio\\\/en\\\/blog\\\/2023\\\/01\\\/18\\\/estudiantes-de-la-carrera-de-danza-mostraran-resultados-en-montaje-y-en-el-silencio-tus-manos\\\/#primaryimage\"},\"thumbnailUrl\":\"https:\\\/\\\/www.uartes.edu.ec\\\/sitio\\\/wp-content\\\/uploads\\\/2023\\\/01\\\/y-en-el-silencio-web-2.jpg\",\"datePublished\":\"2023-01-19T00:12:00+00:00\",\"dateModified\":\"2024-07-04T16:21:43+00:00\",\"description\":\"Universidad de las Artes - Estudiantes de la carrera de Danza exponen resultados de su preparaci\u00f3n con obra \u201cY en el silencio, tus manos\u201d\",\"breadcrumb\":{\"@id\":\"https:\\\/\\\/www.uartes.edu.ec\\\/sitio\\\/en\\\/blog\\\/2023\\\/01\\\/18\\\/estudiantes-de-la-carrera-de-danza-mostraran-resultados-en-montaje-y-en-el-silencio-tus-manos\\\/#breadcrumb\"},\"inLanguage\":\"en-US\",\"potentialAction\":[{\"@type\":\"ReadAction\",\"target\":[\"https:\\\/\\\/www.uartes.edu.ec\\\/sitio\\\/en\\\/blog\\\/2023\\\/01\\\/18\\\/estudiantes-de-la-carrera-de-danza-mostraran-resultados-en-montaje-y-en-el-silencio-tus-manos\\\/\"]}]},{\"@type\":\"ImageObject\",\"inLanguage\":\"en-US\",\"@id\":\"https:\\\/\\\/www.uartes.edu.ec\\\/sitio\\\/en\\\/blog\\\/2023\\\/01\\\/18\\\/estudiantes-de-la-carrera-de-danza-mostraran-resultados-en-montaje-y-en-el-silencio-tus-manos\\\/#primaryimage\",\"url\":\"https:\\\/\\\/www.uartes.edu.ec\\\/sitio\\\/wp-content\\\/uploads\\\/2023\\\/01\\\/y-en-el-silencio-web-2.jpg\",\"contentUrl\":\"https:\\\/\\\/www.uartes.edu.ec\\\/sitio\\\/wp-content\\\/uploads\\\/2023\\\/01\\\/y-en-el-silencio-web-2.jpg\",\"width\":2000,\"height\":1333},{\"@type\":\"BreadcrumbList\",\"@id\":\"https:\\\/\\\/www.uartes.edu.ec\\\/sitio\\\/en\\\/blog\\\/2023\\\/01\\\/18\\\/estudiantes-de-la-carrera-de-danza-mostraran-resultados-en-montaje-y-en-el-silencio-tus-manos\\\/#breadcrumb\",\"itemListElement\":[{\"@type\":\"ListItem\",\"position\":1,\"name\":\"Inicio\",\"item\":\"https:\\\/\\\/www.uartes.edu.ec\\\/sitio\\\/\"},{\"@type\":\"ListItem\",\"position\":2,\"name\":\"Estudiantes de la carrera de Danza exponen resultados de su preparaci\u00f3n con obra \u201cY en el silencio, tus manos\u201d\"}]},{\"@type\":\"WebSite\",\"@id\":\"https:\\\/\\\/www.uartes.edu.ec\\\/sitio\\\/en\\\/#website\",\"url\":\"https:\\\/\\\/www.uartes.edu.ec\\\/sitio\\\/en\\\/\",\"name\":\"Universidad de las Artes\",\"description\":\"Sitio oficial de la Universidad Nacional de las Artes del Ecuador\",\"publisher\":{\"@id\":\"https:\\\/\\\/www.uartes.edu.ec\\\/sitio\\\/en\\\/#organization\"},\"potentialAction\":[{\"@type\":\"SearchAction\",\"target\":{\"@type\":\"EntryPoint\",\"urlTemplate\":\"https:\\\/\\\/www.uartes.edu.ec\\\/sitio\\\/en\\\/?s={search_term_string}\"},\"query-input\":{\"@type\":\"PropertyValueSpecification\",\"valueRequired\":true,\"valueName\":\"search_term_string\"}}],\"inLanguage\":\"en-US\"},{\"@type\":\"Organization\",\"@id\":\"https:\\\/\\\/www.uartes.edu.ec\\\/sitio\\\/en\\\/#organization\",\"name\":\"Universidad de las Artes\",\"url\":\"https:\\\/\\\/www.uartes.edu.ec\\\/sitio\\\/en\\\/\",\"logo\":{\"@type\":\"ImageObject\",\"inLanguage\":\"en-US\",\"@id\":\"https:\\\/\\\/www.uartes.edu.ec\\\/sitio\\\/en\\\/#\\\/schema\\\/logo\\\/image\\\/\",\"url\":\"https:\\\/\\\/www.uartes.edu.ec\\\/sitio\\\/wp-content\\\/uploads\\\/2022\\\/07\\\/logo-ua-horizontal.png\",\"contentUrl\":\"https:\\\/\\\/www.uartes.edu.ec\\\/sitio\\\/wp-content\\\/uploads\\\/2022\\\/07\\\/logo-ua-horizontal.png\",\"width\":800,\"height\":276,\"caption\":\"Universidad de las Artes\"},\"image\":{\"@id\":\"https:\\\/\\\/www.uartes.edu.ec\\\/sitio\\\/en\\\/#\\\/schema\\\/logo\\\/image\\\/\"},\"sameAs\":[\"https:\\\/\\\/www.facebook.com\\\/uartesec\",\"https:\\\/\\\/x.com\\\/uartesec\",\"https:\\\/\\\/www.tiktok.com\\\/@uartesec\"]},{\"@type\":\"Person\",\"@id\":\"https:\\\/\\\/www.uartes.edu.ec\\\/sitio\\\/en\\\/#\\\/schema\\\/person\\\/efa1b8275797664fd7f13a79ccc0b1f4\",\"name\":\"ccortez\",\"image\":{\"@type\":\"ImageObject\",\"inLanguage\":\"en-US\",\"@id\":\"https:\\\/\\\/secure.gravatar.com\\\/avatar\\\/b2a6f664a3ae8e074346ef91775736c5ec479e637ecced6842de9dc98b5da9cd?s=96&d=mm&r=g\",\"url\":\"https:\\\/\\\/secure.gravatar.com\\\/avatar\\\/b2a6f664a3ae8e074346ef91775736c5ec479e637ecced6842de9dc98b5da9cd?s=96&d=mm&r=g\",\"contentUrl\":\"https:\\\/\\\/secure.gravatar.com\\\/avatar\\\/b2a6f664a3ae8e074346ef91775736c5ec479e637ecced6842de9dc98b5da9cd?s=96&d=mm&r=g\",\"caption\":\"ccortez\"},\"url\":\"https:\\\/\\\/www.uartes.edu.ec\\\/sitio\\\/en\\\/blog\\\/author\\\/ccortez\\\/\"}]}<\/script>\n<!-- \/ Yoast SEO plugin. -->","yoast_head_json":{"title":"Universidad de las Artes - Estudiantes de la carrera de Danza exponen resultados de su preparaci\u00f3n con obra \u201cY en el silencio, tus manos\u201d","description":"Universidad de las Artes - Estudiantes de la carrera de Danza exponen resultados de su preparaci\u00f3n con obra \u201cY en el silencio, tus manos\u201d","robots":{"index":"index","follow":"follow","max-snippet":"max-snippet:-1","max-image-preview":"max-image-preview:large","max-video-preview":"max-video-preview:-1"},"canonical":"https:\/\/www.uartes.edu.ec\/sitio\/en\/blog\/2023\/01\/18\/estudiantes-de-la-carrera-de-danza-mostraran-resultados-en-montaje-y-en-el-silencio-tus-manos\/","og_locale":"en_US","og_type":"article","og_title":"Universidad de las Artes - Estudiantes de la carrera de Danza exponen resultados de su preparaci\u00f3n con obra \u201cY en el silencio, tus manos\u201d","og_description":"Universidad de las Artes - Estudiantes de la carrera de Danza exponen resultados de su preparaci\u00f3n con obra \u201cY en el silencio, tus manos\u201d","og_url":"https:\/\/www.uartes.edu.ec\/sitio\/en\/blog\/2023\/01\/18\/estudiantes-de-la-carrera-de-danza-mostraran-resultados-en-montaje-y-en-el-silencio-tus-manos\/","og_site_name":"Universidad de las Artes","article_publisher":"https:\/\/www.facebook.com\/uartesec","article_published_time":"2023-01-19T00:12:00+00:00","article_modified_time":"2024-07-04T16:21:43+00:00","og_image":[{"width":2000,"height":1333,"url":"https:\/\/www.uartes.edu.ec\/sitio\/wp-content\/uploads\/2023\/01\/y-en-el-silencio-web-2.jpg","type":"image\/jpeg"}],"author":"ccortez","twitter_card":"summary_large_image","twitter_creator":"@uartesec","twitter_site":"@uartesec","twitter_misc":{"Written by":"ccortez","Est. reading time":"5 minutes"},"schema":{"@context":"https:\/\/schema.org","@graph":[{"@type":"Article","@id":"https:\/\/www.uartes.edu.ec\/sitio\/en\/blog\/2023\/01\/18\/estudiantes-de-la-carrera-de-danza-mostraran-resultados-en-montaje-y-en-el-silencio-tus-manos\/#article","isPartOf":{"@id":"https:\/\/www.uartes.edu.ec\/sitio\/en\/blog\/2023\/01\/18\/estudiantes-de-la-carrera-de-danza-mostraran-resultados-en-montaje-y-en-el-silencio-tus-manos\/"},"author":{"name":"ccortez","@id":"https:\/\/www.uartes.edu.ec\/sitio\/en\/#\/schema\/person\/efa1b8275797664fd7f13a79ccc0b1f4"},"headline":"Estudiantes de la carrera de Danza exponen resultados de su preparaci\u00f3n con obra \u201cY en el silencio, tus manos\u201d","datePublished":"2023-01-19T00:12:00+00:00","dateModified":"2024-07-04T16:21:43+00:00","mainEntityOfPage":{"@id":"https:\/\/www.uartes.edu.ec\/sitio\/en\/blog\/2023\/01\/18\/estudiantes-de-la-carrera-de-danza-mostraran-resultados-en-montaje-y-en-el-silencio-tus-manos\/"},"wordCount":1016,"commentCount":0,"publisher":{"@id":"https:\/\/www.uartes.edu.ec\/sitio\/en\/#organization"},"image":{"@id":"https:\/\/www.uartes.edu.ec\/sitio\/en\/blog\/2023\/01\/18\/estudiantes-de-la-carrera-de-danza-mostraran-resultados-en-montaje-y-en-el-silencio-tus-manos\/#primaryimage"},"thumbnailUrl":"https:\/\/www.uartes.edu.ec\/sitio\/wp-content\/uploads\/2023\/01\/y-en-el-silencio-web-2.jpg","keywords":["montaje de obra"],"articleSection":["1D","Acad\u00e9mico","Artes","Artes Esc\u00e9nicas","Estudiantes"],"inLanguage":"en-US","potentialAction":[{"@type":"CommentAction","name":"Comment","target":["https:\/\/www.uartes.edu.ec\/sitio\/en\/blog\/2023\/01\/18\/estudiantes-de-la-carrera-de-danza-mostraran-resultados-en-montaje-y-en-el-silencio-tus-manos\/#respond"]}]},{"@type":["WebPage","ItemPage"],"@id":"https:\/\/www.uartes.edu.ec\/sitio\/en\/blog\/2023\/01\/18\/estudiantes-de-la-carrera-de-danza-mostraran-resultados-en-montaje-y-en-el-silencio-tus-manos\/","url":"https:\/\/www.uartes.edu.ec\/sitio\/en\/blog\/2023\/01\/18\/estudiantes-de-la-carrera-de-danza-mostraran-resultados-en-montaje-y-en-el-silencio-tus-manos\/","name":"Universidad de las Artes - Estudiantes de la carrera de Danza exponen resultados de su preparaci\u00f3n con obra \u201cY en el silencio, tus manos\u201d","isPartOf":{"@id":"https:\/\/www.uartes.edu.ec\/sitio\/en\/#website"},"primaryImageOfPage":{"@id":"https:\/\/www.uartes.edu.ec\/sitio\/en\/blog\/2023\/01\/18\/estudiantes-de-la-carrera-de-danza-mostraran-resultados-en-montaje-y-en-el-silencio-tus-manos\/#primaryimage"},"image":{"@id":"https:\/\/www.uartes.edu.ec\/sitio\/en\/blog\/2023\/01\/18\/estudiantes-de-la-carrera-de-danza-mostraran-resultados-en-montaje-y-en-el-silencio-tus-manos\/#primaryimage"},"thumbnailUrl":"https:\/\/www.uartes.edu.ec\/sitio\/wp-content\/uploads\/2023\/01\/y-en-el-silencio-web-2.jpg","datePublished":"2023-01-19T00:12:00+00:00","dateModified":"2024-07-04T16:21:43+00:00","description":"Universidad de las Artes - Estudiantes de la carrera de Danza exponen resultados de su preparaci\u00f3n con obra \u201cY en el silencio, tus manos\u201d","breadcrumb":{"@id":"https:\/\/www.uartes.edu.ec\/sitio\/en\/blog\/2023\/01\/18\/estudiantes-de-la-carrera-de-danza-mostraran-resultados-en-montaje-y-en-el-silencio-tus-manos\/#breadcrumb"},"inLanguage":"en-US","potentialAction":[{"@type":"ReadAction","target":["https:\/\/www.uartes.edu.ec\/sitio\/en\/blog\/2023\/01\/18\/estudiantes-de-la-carrera-de-danza-mostraran-resultados-en-montaje-y-en-el-silencio-tus-manos\/"]}]},{"@type":"ImageObject","inLanguage":"en-US","@id":"https:\/\/www.uartes.edu.ec\/sitio\/en\/blog\/2023\/01\/18\/estudiantes-de-la-carrera-de-danza-mostraran-resultados-en-montaje-y-en-el-silencio-tus-manos\/#primaryimage","url":"https:\/\/www.uartes.edu.ec\/sitio\/wp-content\/uploads\/2023\/01\/y-en-el-silencio-web-2.jpg","contentUrl":"https:\/\/www.uartes.edu.ec\/sitio\/wp-content\/uploads\/2023\/01\/y-en-el-silencio-web-2.jpg","width":2000,"height":1333},{"@type":"BreadcrumbList","@id":"https:\/\/www.uartes.edu.ec\/sitio\/en\/blog\/2023\/01\/18\/estudiantes-de-la-carrera-de-danza-mostraran-resultados-en-montaje-y-en-el-silencio-tus-manos\/#breadcrumb","itemListElement":[{"@type":"ListItem","position":1,"name":"Inicio","item":"https:\/\/www.uartes.edu.ec\/sitio\/"},{"@type":"ListItem","position":2,"name":"Estudiantes de la carrera de Danza exponen resultados de su preparaci\u00f3n con obra \u201cY en el silencio, tus manos\u201d"}]},{"@type":"WebSite","@id":"https:\/\/www.uartes.edu.ec\/sitio\/en\/#website","url":"https:\/\/www.uartes.edu.ec\/sitio\/en\/","name":"Universidad de las Artes","description":"Sitio oficial de la Universidad Nacional de las Artes del Ecuador","publisher":{"@id":"https:\/\/www.uartes.edu.ec\/sitio\/en\/#organization"},"potentialAction":[{"@type":"SearchAction","target":{"@type":"EntryPoint","urlTemplate":"https:\/\/www.uartes.edu.ec\/sitio\/en\/?s={search_term_string}"},"query-input":{"@type":"PropertyValueSpecification","valueRequired":true,"valueName":"search_term_string"}}],"inLanguage":"en-US"},{"@type":"Organization","@id":"https:\/\/www.uartes.edu.ec\/sitio\/en\/#organization","name":"Universidad de las Artes","url":"https:\/\/www.uartes.edu.ec\/sitio\/en\/","logo":{"@type":"ImageObject","inLanguage":"en-US","@id":"https:\/\/www.uartes.edu.ec\/sitio\/en\/#\/schema\/logo\/image\/","url":"https:\/\/www.uartes.edu.ec\/sitio\/wp-content\/uploads\/2022\/07\/logo-ua-horizontal.png","contentUrl":"https:\/\/www.uartes.edu.ec\/sitio\/wp-content\/uploads\/2022\/07\/logo-ua-horizontal.png","width":800,"height":276,"caption":"Universidad de las Artes"},"image":{"@id":"https:\/\/www.uartes.edu.ec\/sitio\/en\/#\/schema\/logo\/image\/"},"sameAs":["https:\/\/www.facebook.com\/uartesec","https:\/\/x.com\/uartesec","https:\/\/www.tiktok.com\/@uartesec"]},{"@type":"Person","@id":"https:\/\/www.uartes.edu.ec\/sitio\/en\/#\/schema\/person\/efa1b8275797664fd7f13a79ccc0b1f4","name":"ccortez","image":{"@type":"ImageObject","inLanguage":"en-US","@id":"https:\/\/secure.gravatar.com\/avatar\/b2a6f664a3ae8e074346ef91775736c5ec479e637ecced6842de9dc98b5da9cd?s=96&d=mm&r=g","url":"https:\/\/secure.gravatar.com\/avatar\/b2a6f664a3ae8e074346ef91775736c5ec479e637ecced6842de9dc98b5da9cd?s=96&d=mm&r=g","contentUrl":"https:\/\/secure.gravatar.com\/avatar\/b2a6f664a3ae8e074346ef91775736c5ec479e637ecced6842de9dc98b5da9cd?s=96&d=mm&r=g","caption":"ccortez"},"url":"https:\/\/www.uartes.edu.ec\/sitio\/en\/blog\/author\/ccortez\/"}]}},"uagb_featured_image_src":{"full":["https:\/\/www.uartes.edu.ec\/sitio\/wp-content\/uploads\/2023\/01\/y-en-el-silencio-web-2.jpg",2000,1333,false],"thumbnail":["https:\/\/www.uartes.edu.ec\/sitio\/wp-content\/uploads\/2023\/01\/y-en-el-silencio-web-2-150x150.jpg",150,150,true],"medium":["https:\/\/www.uartes.edu.ec\/sitio\/wp-content\/uploads\/2023\/01\/y-en-el-silencio-web-2-300x200.jpg",300,200,true],"medium_large":["https:\/\/www.uartes.edu.ec\/sitio\/wp-content\/uploads\/2023\/01\/y-en-el-silencio-web-2-768x512.jpg",768,512,true],"large":["https:\/\/www.uartes.edu.ec\/sitio\/wp-content\/uploads\/2023\/01\/y-en-el-silencio-web-2-644x429.jpg",644,429,true],"1536x1536":["https:\/\/www.uartes.edu.ec\/sitio\/wp-content\/uploads\/2023\/01\/y-en-el-silencio-web-2-1536x1024.jpg",1536,1024,true],"2048x2048":["https:\/\/www.uartes.edu.ec\/sitio\/wp-content\/uploads\/2023\/01\/y-en-el-silencio-web-2.jpg",2000,1333,false],"trp-custom-language-flag":["https:\/\/www.uartes.edu.ec\/sitio\/wp-content\/uploads\/2023\/01\/y-en-el-silencio-web-2.jpg",18,12,false],"htmega_size_585x295":["https:\/\/www.uartes.edu.ec\/sitio\/wp-content\/uploads\/2023\/01\/y-en-el-silencio-web-2.jpg",443,295,false],"htmega_size_1170x536":["https:\/\/www.uartes.edu.ec\/sitio\/wp-content\/uploads\/2023\/01\/y-en-el-silencio-web-2.jpg",804,536,false],"htmega_size_396x360":["https:\/\/www.uartes.edu.ec\/sitio\/wp-content\/uploads\/2023\/01\/y-en-el-silencio-web-2.jpg",396,264,false],"gb-block-post-grid-landscape":["https:\/\/www.uartes.edu.ec\/sitio\/wp-content\/uploads\/2023\/01\/y-en-el-silencio-web-2-600x400.jpg",600,400,true],"gb-block-post-grid-square":["https:\/\/www.uartes.edu.ec\/sitio\/wp-content\/uploads\/2023\/01\/y-en-el-silencio-web-2-600x600.jpg",600,600,true],"university-hub-thumb":["https:\/\/www.uartes.edu.ec\/sitio\/wp-content\/uploads\/2023\/01\/y-en-el-silencio-web-2-400x267.jpg",400,267,true]},"uagb_author_info":{"display_name":"ccortez","author_link":"https:\/\/www.uartes.edu.ec\/sitio\/en\/blog\/author\/ccortez\/"},"uagb_comment_info":0,"uagb_excerpt":"Est\u00e1n en 8vo semestre de Danza y en la obra \u201cY en el silencio, tus manos\u201d exponen sus aprendizajes. Ellxs son: Karla Amaya, Alicia Blacio, Keyla Macias, Eduarda Burgos, Kevin Constante, Nicole Lema, Sergio Rosado, Esther Herrera, Joshua Lescano, Fiorella Ruiz, Daniela Remache, Melany Moreno, Anah\u00ed Silva, Karen Z\u00fa\u00f1iga, Sof\u00eda Genovese y Samantha Aguilar. La&hellip;","featured_image_src":"https:\/\/www.uartes.edu.ec\/sitio\/wp-content\/uploads\/2023\/01\/y-en-el-silencio-web-2-600x400.jpg","featured_image_src_square":"https:\/\/www.uartes.edu.ec\/sitio\/wp-content\/uploads\/2023\/01\/y-en-el-silencio-web-2-600x600.jpg","author_info":{"display_name":"ccortez","author_link":"https:\/\/www.uartes.edu.ec\/sitio\/en\/blog\/author\/ccortez\/"},"publishpress_future_workflow_manual_trigger":{"enabledWorkflows":[]},"distributor_meta":false,"distributor_terms":false,"distributor_media":false,"distributor_original_site_name":"Universidad de las Artes","distributor_original_site_url":"https:\/\/www.uartes.edu.ec\/sitio\/en","push-errors":false,"_links":{"self":[{"href":"https:\/\/www.uartes.edu.ec\/sitio\/en\/wp-json\/wp\/v2\/posts\/36615","targetHints":{"allow":["GET"]}}],"collection":[{"href":"https:\/\/www.uartes.edu.ec\/sitio\/en\/wp-json\/wp\/v2\/posts"}],"about":[{"href":"https:\/\/www.uartes.edu.ec\/sitio\/en\/wp-json\/wp\/v2\/types\/post"}],"author":[{"embeddable":true,"href":"https:\/\/www.uartes.edu.ec\/sitio\/en\/wp-json\/wp\/v2\/users\/10"}],"replies":[{"embeddable":true,"href":"https:\/\/www.uartes.edu.ec\/sitio\/en\/wp-json\/wp\/v2\/comments?post=36615"}],"version-history":[{"count":26,"href":"https:\/\/www.uartes.edu.ec\/sitio\/en\/wp-json\/wp\/v2\/posts\/36615\/revisions"}],"predecessor-version":[{"id":37795,"href":"https:\/\/www.uartes.edu.ec\/sitio\/en\/wp-json\/wp\/v2\/posts\/36615\/revisions\/37795"}],"wp:featuredmedia":[{"embeddable":true,"href":"https:\/\/www.uartes.edu.ec\/sitio\/en\/wp-json\/wp\/v2\/media\/37792"}],"wp:attachment":[{"href":"https:\/\/www.uartes.edu.ec\/sitio\/en\/wp-json\/wp\/v2\/media?parent=36615"}],"wp:term":[{"taxonomy":"category","embeddable":true,"href":"https:\/\/www.uartes.edu.ec\/sitio\/en\/wp-json\/wp\/v2\/categories?post=36615"},{"taxonomy":"post_tag","embeddable":true,"href":"https:\/\/www.uartes.edu.ec\/sitio\/en\/wp-json\/wp\/v2\/tags?post=36615"},{"taxonomy":"infouartes","embeddable":true,"href":"https:\/\/www.uartes.edu.ec\/sitio\/en\/wp-json\/wp\/v2\/infouartes?post=36615"}],"curies":[{"name":"wp","href":"https:\/\/api.w.org\/{rel}","templated":true}]}}