{"id":36720,"date":"2023-01-18T16:33:00","date_gmt":"2023-01-18T21:33:00","guid":{"rendered":"http:\/\/www.uartes.edu.ec\/sitio\/?p=36720"},"modified":"2024-07-04T11:21:43","modified_gmt":"2024-07-04T16:21:43","slug":"los-nuevos-podcats-y-espacios-en-vivo-de-radio-uartes-frecuencias-de-lo-sensible","status":"publish","type":"post","link":"https:\/\/www.uartes.edu.ec\/sitio\/en\/blog\/2023\/01\/18\/los-nuevos-podcats-y-espacios-en-vivo-de-radio-uartes-frecuencias-de-lo-sensible\/","title":{"rendered":"3 nuevos podcasts y dos espacios en vivo para la programaci\u00f3n de Radio UArtes, \u201cFrecuencias de lo sensible\u201d"},"content":{"rendered":"<p>Tuvo su lanzamiento el 22 de julio de 2022 y en el a\u00f1o seis meses de sus transmisiones online, Radio UArtes, \u201cFrecuencias de lo sensible\u201d, incorpora a su programaci\u00f3n tres nuevos podcasts y dos espacios en vivo, asimismo de reciente estreno.<\/p>\n\n\n\n<p>Se trata de \u201cLa imagen parlante\u201d, \u201cFrecuencia Urbana\u201d y \u201cOjo a la cultura\u201d, podcasts que se suman a \u201cDesde la R\u00eda\u201d, \u201cPanhisp\u00e1nica de dudas\u201d y \u201cSesiones de Escucha\u201d con los que se estren\u00f3, y los programas en vivo: \u201cDos cassettes en una licuadora\u201d y \u201cA cuatro metros sobre el nivel del mar\u201d.<\/p>\n\n\n\n<p>Antes de detallar estas propuestas, sus conductores, invitados y frecuencias, vale recordar que Radio UArtes \u201ces un medio universitario de car\u00e1cter experimental, l\u00fadico, de encuentro y choque de saberes, dirigido a la comunidad universitaria y que, a partir de all\u00ed, convoca a todo tipo de voces disidentes de los discursos oficiales de las artes, para entender el rumor, el murmullo de lo m\u00faltiple que constituye el ambiente art\u00edstico y cultural del pa\u00eds y de la regi\u00f3n\u201d.<\/p>\n\n\n<div class=\"wp-block-image\">\n<figure class=\"aligncenter size-large\"><img fetchpriority=\"high\" decoding=\"async\" width=\"644\" height=\"429\" src=\"http:\/\/www.uartes.edu.ec\/sitio\/wp-content\/uploads\/2023\/01\/A-CUATRO-METROS-1-644x429.jpg\" alt=\"\" class=\"wp-image-36723\" srcset=\"https:\/\/www.uartes.edu.ec\/sitio\/wp-content\/uploads\/2023\/01\/A-CUATRO-METROS-1-644x429.jpg 644w, https:\/\/www.uartes.edu.ec\/sitio\/wp-content\/uploads\/2023\/01\/A-CUATRO-METROS-1-768x511.jpg 768w, https:\/\/www.uartes.edu.ec\/sitio\/wp-content\/uploads\/2023\/01\/A-CUATRO-METROS-1.jpg 2000w, https:\/\/www.uartes.edu.ec\/sitio\/wp-content\/uploads\/2023\/01\/A-CUATRO-METROS-1-600x399.jpg 600w, https:\/\/www.uartes.edu.ec\/sitio\/wp-content\/uploads\/2023\/01\/A-CUATRO-METROS-1-272x182.jpg 272w\" sizes=\"(max-width: 644px) 100vw, 644px\" \/><\/figure>\n<\/div>\n\n\n<p>Dami\u00e1n Rosero Cazar, graduado UArtes y quien coordina la emisora online, refiere que para los primeros podcasts y programas en vivo no hubo convocatoria y que \u201cse armaron con quienes manifestaron inter\u00e9s por participar en la radio\u201d. Para los de reciente estreno s\u00ed hubo convocatorias, a\u00f1adi\u00f3 y adelant\u00f3 que para el Semestre A 2023 ya est\u00e1n seleccionados tres nuevos podcasts, con fecha de lanzamiento a\u00fan por definir; estos son: \u201cHablemos sin cine\u201d, propuesto por Wilson Paucar; \u201cLa Universidad de la Salsa\u201d, propuesto por \u00c1ngel Emilio Hidalgo; y \u201cSomos asunto de much\u00edsimas personas\u201d, propuesto por Daniel Ortega.<\/p>\n\n\n\n<p>A continuaci\u00f3n, los contenidos y conductores de los podcats y espacios en vivo que componen la programaci\u00f3n de Radio UArtes, desde su lanzamiento hasta los de reciente factura:<\/p>\n\n\n\n<p><strong>De los podcasts,<\/strong> \u201cPanhisp\u00e1nica de Dudas\u201d, que busca tejer comunidad y dar voz a la diversidad panhisp\u00e1nica de la UArtes y que cuenta en cada episodio con unx invitadx que comparte su acento, su m\u00fasica y su relaci\u00f3n con Guayaquil. Lo conducen Ybelice Brice\u00f1o, Libia P\u00e9rez y Amaranta Pico. A la fecha se han analizado palabras y expresiones como L\u00e1mpara, Chuta, Guinguiringongo, Chin, \u00d1a\u00f1a, Arroz Valiente, Gara y Ahorita.<\/p>\n\n\n\n<p>\u201cDesde la R\u00eda\u201d, que dirigido a la infancia da cuenta de historias que se pueden encontrar en la Sala R\u00eda de la Biblioteca de las Artes y permite el di\u00e1logo sobre temas de ni\u00f1ez y adolescencia. Lo conduce la Mgtr. Ana Mar\u00eda Gonz\u00e1lez y desde su lanzamiento ha tenido episodios como \u201cEl gallo que no se callaba\u201d, \u201cCuando la luna se va a dormir\u201d, \u201cUn Karanki en Quito\u201d, \u201c\u00bfPara qu\u00e9 sirve un ni\u00f1o?\u201d y \u201cLas pulgas no vuelan\u201d.<\/p>\n\n\n<div class=\"wp-block-image\">\n<figure class=\"aligncenter size-large\"><img decoding=\"async\" width=\"644\" height=\"429\" src=\"http:\/\/www.uartes.edu.ec\/sitio\/wp-content\/uploads\/2023\/01\/desde1111-644x429.jpg\" alt=\"\" class=\"wp-image-36726\" srcset=\"https:\/\/www.uartes.edu.ec\/sitio\/wp-content\/uploads\/2023\/01\/desde1111-644x429.jpg 644w, https:\/\/www.uartes.edu.ec\/sitio\/wp-content\/uploads\/2023\/01\/desde1111-300x200.jpg 300w, https:\/\/www.uartes.edu.ec\/sitio\/wp-content\/uploads\/2023\/01\/desde1111-768x512.jpg 768w, https:\/\/www.uartes.edu.ec\/sitio\/wp-content\/uploads\/2023\/01\/desde1111-1536x1024.jpg 1536w, https:\/\/www.uartes.edu.ec\/sitio\/wp-content\/uploads\/2023\/01\/desde1111-600x400.jpg 600w, https:\/\/www.uartes.edu.ec\/sitio\/wp-content\/uploads\/2023\/01\/desde1111-400x267.jpg 400w, https:\/\/www.uartes.edu.ec\/sitio\/wp-content\/uploads\/2023\/01\/desde1111-272x182.jpg 272w, https:\/\/www.uartes.edu.ec\/sitio\/wp-content\/uploads\/2023\/01\/desde1111.jpg 2000w\" sizes=\"(max-width: 644px) 100vw, 644px\" \/><\/figure>\n<\/div>\n\n\n<p>Y \u201cSesiones de Escucha\u201d, que se enfoca en el descubrimiento de nuevos universos sonoros. En cada episodio se aborda una tem\u00e1tica en particular sobre la cual lxs invitadxs proponen escuchas que invitan a la audiencia a expandir su relaci\u00f3n con toda clase de propuestas sonoras. Lo conducen Dami\u00e1n Rosero y Laura J\u00e1come.<\/p>\n\n\n\n<p><strong>De los podcasts nuevos,<\/strong> \u201cLa imagen parlante\u201d se centra en el an\u00e1lisis de las bandas sonoras de pel\u00edculas animadas, el cual no solo es a nivel musical o de producci\u00f3n, sino que tambi\u00e9n toma en cuenta el impacto de la aparici\u00f3n de esta obra cinematogr\u00e1fica en su contexto. La propuesta, su concepto y conducci\u00f3n es de\u00a0Andrea Alejandro Freire.<\/p>\n\n\n\n<p>\u201cFrecuencia Urbana\u201d, que aborda tem\u00e1ticas como cultura urbana, graffiti, paste up, sticker, stencil y mural contempor\u00e1neo. Lo conduce Mar\u00eda Fernanda L\u00f3pez, docente UArtes que dicta la c\u00e1tedra de Arte Urbano, quien lo propuso para discutir sobre diversas problem\u00e1ticas del espacio p\u00fablico a nivel local y regional. Es un programa para la charla te\u00f3rica, epist\u00e9mica, compleja y profunda del Arte de Calle, y en su primer episodio abord\u00f3 el tema \u201cIntro al asfalto\u201d.<\/p>\n\n\n\n<p>Y\u201cOjo a la cultura\u201d, en el que se comparten las investigaciones del Observatorio de Pol\u00edticas y Econom\u00eda de la Cultura de la Universidad de las Artes. Cada episodio ofrece informaci\u00f3n sobre el movimiento cultural en el pa\u00eds desde diversos enfoques. La propuesta y el concepto son de Pablo Cardoso, director del Instituto Latinoamericano de Investigaci\u00f3n en Artes y del Observatorio.<\/p>\n\n\n<div class=\"wp-block-image\">\n<figure class=\"aligncenter size-large\"><img decoding=\"async\" width=\"644\" height=\"429\" src=\"http:\/\/www.uartes.edu.ec\/sitio\/wp-content\/uploads\/2023\/01\/DOS-CASSETTES-3-1-644x429.jpg\" alt=\"\" class=\"wp-image-36722\" srcset=\"https:\/\/www.uartes.edu.ec\/sitio\/wp-content\/uploads\/2023\/01\/DOS-CASSETTES-3-1-644x429.jpg 644w, https:\/\/www.uartes.edu.ec\/sitio\/wp-content\/uploads\/2023\/01\/DOS-CASSETTES-3-1-768x511.jpg 768w, https:\/\/www.uartes.edu.ec\/sitio\/wp-content\/uploads\/2023\/01\/DOS-CASSETTES-3-1.jpg 2000w, https:\/\/www.uartes.edu.ec\/sitio\/wp-content\/uploads\/2023\/01\/DOS-CASSETTES-3-1-600x399.jpg 600w, https:\/\/www.uartes.edu.ec\/sitio\/wp-content\/uploads\/2023\/01\/DOS-CASSETTES-3-1-272x182.jpg 272w\" sizes=\"(max-width: 644px) 100vw, 644px\" \/><\/figure>\n<\/div>\n\n<div class=\"wp-block-image\">\n<figure class=\"aligncenter size-large\"><img loading=\"lazy\" decoding=\"async\" width=\"644\" height=\"429\" src=\"http:\/\/www.uartes.edu.ec\/sitio\/wp-content\/uploads\/2023\/01\/DOS-CASSETTES-1-644x429.jpg\" alt=\"\" class=\"wp-image-36727\" srcset=\"https:\/\/www.uartes.edu.ec\/sitio\/wp-content\/uploads\/2023\/01\/DOS-CASSETTES-1-644x429.jpg 644w, https:\/\/www.uartes.edu.ec\/sitio\/wp-content\/uploads\/2023\/01\/DOS-CASSETTES-1-768x511.jpg 768w, https:\/\/www.uartes.edu.ec\/sitio\/wp-content\/uploads\/2023\/01\/DOS-CASSETTES-1.jpg 2000w, https:\/\/www.uartes.edu.ec\/sitio\/wp-content\/uploads\/2023\/01\/DOS-CASSETTES-1-600x399.jpg 600w, https:\/\/www.uartes.edu.ec\/sitio\/wp-content\/uploads\/2023\/01\/DOS-CASSETTES-1-272x182.jpg 272w\" sizes=\"(max-width: 644px) 100vw, 644px\" \/><\/figure>\n<\/div>\n\n\n<p><strong>De los programas en vivo,<\/strong> seleccionados en la convocatoria Semestre B 2022: \u201cDos cassettes en una licuadora\u201d, una propuesta de Sebasti\u00e1n Encalada y Galo Almeida, quienes lo conducen, para explorar las distintas dimensiones de la apreciaci\u00f3n musical, con \u00e9nfasis en las m\u00fasicas populares.<\/p>\n\n\n\n<p>Y, \u201cA cuatro metros sobre el nivel del mar\u201d, que bajo la conducci\u00f3n de Mar\u00eda Paulina Briones y Mart\u00edn Riofr\u00edo, trata de la actualidad del mundo de los libros y la escritura desde Guayaquil.<\/p>\n\n\n\n<p>Radio UArtes se sintoniza en:\u00a0<a href=\"http:\/\/radio.uartes.edu.ec\/\">http:\/\/radio.uartes.edu.ec\/<\/a><\/p>","protected":false},"excerpt":{"rendered":"<p>Los podcasts \u201cLa imagen parlante\u201d, \u201cFrecuencia Urbana\u201d y \u201cOjo a la cultura\u201d (que tendr\u00e1 su primera emisi\u00f3n este jueves 19) y los programas en vivo \u201cDos cassettes en una licuadora\u201d y \u201cA cuatro metros sobre el nivel del mar\u201d son las nuevas propuestas de la programaci\u00f3n de Radio UArtes, inaugurada el 22 de julio de 2022. Aqu\u00ed los detalles de sus contenidos y conductores.<\/p>","protected":false},"author":10,"featured_media":36721,"comment_status":"open","ping_status":"open","sticky":false,"template":"","format":"standard","meta":{"_acf_changed":false,"_uag_custom_page_level_css":"","_monsterinsights_skip_tracking":false,"_monsterinsights_sitenote_active":false,"_monsterinsights_sitenote_note":"","_monsterinsights_sitenote_category":0,"cybocfi_hide_featured_image":"","footnotes":""},"categories":[720,82,75,76,77,83,79],"tags":[909],"infouartes":[],"class_list":["post-36720","post","type-post","status-publish","format-standard","has-post-thumbnail","hentry","category-3d","category-artes","category-docentes","category-estudiantes","category-gestion","category-sedes","category-vinculo","tag-nuevos-espacios"],"acf":[],"yoast_head":"<!-- This site is optimized with the Yoast SEO plugin v27.4 - https:\/\/yoast.com\/product\/yoast-seo-wordpress\/ -->\n<title>Universidad de las Artes - 3 nuevos podcasts y dos espacios en vivo para la programaci\u00f3n de Radio UArtes, \u201cFrecuencias de lo sensible\u201d<\/title>\n<meta name=\"description\" content=\"Universidad de las Artes - 3 nuevos podcasts y dos espacios en vivo para la programaci\u00f3n de Radio UArtes, \u201cFrecuencias de lo sensible\u201d\" \/>\n<meta name=\"robots\" content=\"index, follow, max-snippet:-1, max-image-preview:large, max-video-preview:-1\" \/>\n<link rel=\"canonical\" href=\"https:\/\/www.uartes.edu.ec\/sitio\/en\/blog\/2023\/01\/18\/los-nuevos-podcats-y-espacios-en-vivo-de-radio-uartes-frecuencias-de-lo-sensible\/\" \/>\n<meta property=\"og:locale\" content=\"en_US\" \/>\n<meta property=\"og:type\" content=\"article\" \/>\n<meta property=\"og:title\" content=\"Universidad de las Artes - 3 nuevos podcasts y dos espacios en vivo para la programaci\u00f3n de Radio UArtes, \u201cFrecuencias de lo sensible\u201d\" \/>\n<meta property=\"og:description\" content=\"Universidad de las Artes - 3 nuevos podcasts y dos espacios en vivo para la programaci\u00f3n de Radio UArtes, \u201cFrecuencias de lo sensible\u201d\" \/>\n<meta property=\"og:url\" content=\"https:\/\/www.uartes.edu.ec\/sitio\/en\/blog\/2023\/01\/18\/los-nuevos-podcats-y-espacios-en-vivo-de-radio-uartes-frecuencias-de-lo-sensible\/\" \/>\n<meta property=\"og:site_name\" content=\"Universidad de las Artes\" \/>\n<meta property=\"article:publisher\" content=\"https:\/\/www.facebook.com\/uartesec\" \/>\n<meta property=\"article:published_time\" content=\"2023-01-18T21:33:00+00:00\" \/>\n<meta property=\"article:modified_time\" content=\"2024-07-04T16:21:43+00:00\" \/>\n<meta property=\"og:image\" content=\"https:\/\/www.uartes.edu.ec\/sitio\/wp-content\/uploads\/2023\/01\/DOS-CASSETTES-3.jpg\" \/>\n\t<meta property=\"og:image:width\" content=\"2000\" \/>\n\t<meta property=\"og:image:height\" content=\"1333\" \/>\n\t<meta property=\"og:image:type\" content=\"image\/jpeg\" \/>\n<meta name=\"author\" content=\"ccortez\" \/>\n<meta name=\"twitter:card\" content=\"summary_large_image\" \/>\n<meta name=\"twitter:creator\" content=\"@uartesec\" \/>\n<meta name=\"twitter:site\" content=\"@uartesec\" \/>\n<meta name=\"twitter:label1\" content=\"Written by\" \/>\n\t<meta name=\"twitter:data1\" content=\"ccortez\" \/>\n\t<meta name=\"twitter:label2\" content=\"Est. reading time\" \/>\n\t<meta name=\"twitter:data2\" content=\"5 minutes\" \/>\n<script type=\"application\/ld+json\" class=\"yoast-schema-graph\">{\"@context\":\"https:\\\/\\\/schema.org\",\"@graph\":[{\"@type\":\"Article\",\"@id\":\"https:\\\/\\\/www.uartes.edu.ec\\\/sitio\\\/en\\\/blog\\\/2023\\\/01\\\/18\\\/los-nuevos-podcats-y-espacios-en-vivo-de-radio-uartes-frecuencias-de-lo-sensible\\\/#article\",\"isPartOf\":{\"@id\":\"https:\\\/\\\/www.uartes.edu.ec\\\/sitio\\\/en\\\/blog\\\/2023\\\/01\\\/18\\\/los-nuevos-podcats-y-espacios-en-vivo-de-radio-uartes-frecuencias-de-lo-sensible\\\/\"},\"author\":{\"name\":\"ccortez\",\"@id\":\"https:\\\/\\\/www.uartes.edu.ec\\\/sitio\\\/en\\\/#\\\/schema\\\/person\\\/efa1b8275797664fd7f13a79ccc0b1f4\"},\"headline\":\"3 nuevos podcasts y dos espacios en vivo para la programaci\u00f3n de Radio UArtes, \u201cFrecuencias de lo sensible\u201d\",\"datePublished\":\"2023-01-18T21:33:00+00:00\",\"dateModified\":\"2024-07-04T16:21:43+00:00\",\"mainEntityOfPage\":{\"@id\":\"https:\\\/\\\/www.uartes.edu.ec\\\/sitio\\\/en\\\/blog\\\/2023\\\/01\\\/18\\\/los-nuevos-podcats-y-espacios-en-vivo-de-radio-uartes-frecuencias-de-lo-sensible\\\/\"},\"wordCount\":850,\"commentCount\":0,\"publisher\":{\"@id\":\"https:\\\/\\\/www.uartes.edu.ec\\\/sitio\\\/en\\\/#organization\"},\"image\":{\"@id\":\"https:\\\/\\\/www.uartes.edu.ec\\\/sitio\\\/en\\\/blog\\\/2023\\\/01\\\/18\\\/los-nuevos-podcats-y-espacios-en-vivo-de-radio-uartes-frecuencias-de-lo-sensible\\\/#primaryimage\"},\"thumbnailUrl\":\"https:\\\/\\\/www.uartes.edu.ec\\\/sitio\\\/wp-content\\\/uploads\\\/2023\\\/01\\\/DOS-CASSETTES-3.jpg\",\"keywords\":[\"nuevos espacios\"],\"articleSection\":[\"3D\",\"Artes\",\"Docentes\",\"Estudiantes\",\"Gesti\u00f3n\",\"Sedes\",\"V\u00ednculo\"],\"inLanguage\":\"en-US\",\"potentialAction\":[{\"@type\":\"CommentAction\",\"name\":\"Comment\",\"target\":[\"https:\\\/\\\/www.uartes.edu.ec\\\/sitio\\\/en\\\/blog\\\/2023\\\/01\\\/18\\\/los-nuevos-podcats-y-espacios-en-vivo-de-radio-uartes-frecuencias-de-lo-sensible\\\/#respond\"]}]},{\"@type\":[\"WebPage\",\"ItemPage\"],\"@id\":\"https:\\\/\\\/www.uartes.edu.ec\\\/sitio\\\/en\\\/blog\\\/2023\\\/01\\\/18\\\/los-nuevos-podcats-y-espacios-en-vivo-de-radio-uartes-frecuencias-de-lo-sensible\\\/\",\"url\":\"https:\\\/\\\/www.uartes.edu.ec\\\/sitio\\\/en\\\/blog\\\/2023\\\/01\\\/18\\\/los-nuevos-podcats-y-espacios-en-vivo-de-radio-uartes-frecuencias-de-lo-sensible\\\/\",\"name\":\"Universidad de las Artes - 3 nuevos podcasts y dos espacios en vivo para la programaci\u00f3n de Radio UArtes, \u201cFrecuencias de lo sensible\u201d\",\"isPartOf\":{\"@id\":\"https:\\\/\\\/www.uartes.edu.ec\\\/sitio\\\/en\\\/#website\"},\"primaryImageOfPage\":{\"@id\":\"https:\\\/\\\/www.uartes.edu.ec\\\/sitio\\\/en\\\/blog\\\/2023\\\/01\\\/18\\\/los-nuevos-podcats-y-espacios-en-vivo-de-radio-uartes-frecuencias-de-lo-sensible\\\/#primaryimage\"},\"image\":{\"@id\":\"https:\\\/\\\/www.uartes.edu.ec\\\/sitio\\\/en\\\/blog\\\/2023\\\/01\\\/18\\\/los-nuevos-podcats-y-espacios-en-vivo-de-radio-uartes-frecuencias-de-lo-sensible\\\/#primaryimage\"},\"thumbnailUrl\":\"https:\\\/\\\/www.uartes.edu.ec\\\/sitio\\\/wp-content\\\/uploads\\\/2023\\\/01\\\/DOS-CASSETTES-3.jpg\",\"datePublished\":\"2023-01-18T21:33:00+00:00\",\"dateModified\":\"2024-07-04T16:21:43+00:00\",\"description\":\"Universidad de las Artes - 3 nuevos podcasts y dos espacios en vivo para la programaci\u00f3n de Radio UArtes, \u201cFrecuencias de lo sensible\u201d\",\"breadcrumb\":{\"@id\":\"https:\\\/\\\/www.uartes.edu.ec\\\/sitio\\\/en\\\/blog\\\/2023\\\/01\\\/18\\\/los-nuevos-podcats-y-espacios-en-vivo-de-radio-uartes-frecuencias-de-lo-sensible\\\/#breadcrumb\"},\"inLanguage\":\"en-US\",\"potentialAction\":[{\"@type\":\"ReadAction\",\"target\":[\"https:\\\/\\\/www.uartes.edu.ec\\\/sitio\\\/en\\\/blog\\\/2023\\\/01\\\/18\\\/los-nuevos-podcats-y-espacios-en-vivo-de-radio-uartes-frecuencias-de-lo-sensible\\\/\"]}]},{\"@type\":\"ImageObject\",\"inLanguage\":\"en-US\",\"@id\":\"https:\\\/\\\/www.uartes.edu.ec\\\/sitio\\\/en\\\/blog\\\/2023\\\/01\\\/18\\\/los-nuevos-podcats-y-espacios-en-vivo-de-radio-uartes-frecuencias-de-lo-sensible\\\/#primaryimage\",\"url\":\"https:\\\/\\\/www.uartes.edu.ec\\\/sitio\\\/wp-content\\\/uploads\\\/2023\\\/01\\\/DOS-CASSETTES-3.jpg\",\"contentUrl\":\"https:\\\/\\\/www.uartes.edu.ec\\\/sitio\\\/wp-content\\\/uploads\\\/2023\\\/01\\\/DOS-CASSETTES-3.jpg\",\"width\":2000,\"height\":1333},{\"@type\":\"BreadcrumbList\",\"@id\":\"https:\\\/\\\/www.uartes.edu.ec\\\/sitio\\\/en\\\/blog\\\/2023\\\/01\\\/18\\\/los-nuevos-podcats-y-espacios-en-vivo-de-radio-uartes-frecuencias-de-lo-sensible\\\/#breadcrumb\",\"itemListElement\":[{\"@type\":\"ListItem\",\"position\":1,\"name\":\"Inicio\",\"item\":\"https:\\\/\\\/www.uartes.edu.ec\\\/sitio\\\/\"},{\"@type\":\"ListItem\",\"position\":2,\"name\":\"3 nuevos podcasts y dos espacios en vivo para la programaci\u00f3n de Radio UArtes, \u201cFrecuencias de lo sensible\u201d\"}]},{\"@type\":\"WebSite\",\"@id\":\"https:\\\/\\\/www.uartes.edu.ec\\\/sitio\\\/en\\\/#website\",\"url\":\"https:\\\/\\\/www.uartes.edu.ec\\\/sitio\\\/en\\\/\",\"name\":\"Universidad de las Artes\",\"description\":\"Sitio oficial de la Universidad Nacional de las Artes del Ecuador\",\"publisher\":{\"@id\":\"https:\\\/\\\/www.uartes.edu.ec\\\/sitio\\\/en\\\/#organization\"},\"potentialAction\":[{\"@type\":\"SearchAction\",\"target\":{\"@type\":\"EntryPoint\",\"urlTemplate\":\"https:\\\/\\\/www.uartes.edu.ec\\\/sitio\\\/en\\\/?s={search_term_string}\"},\"query-input\":{\"@type\":\"PropertyValueSpecification\",\"valueRequired\":true,\"valueName\":\"search_term_string\"}}],\"inLanguage\":\"en-US\"},{\"@type\":\"Organization\",\"@id\":\"https:\\\/\\\/www.uartes.edu.ec\\\/sitio\\\/en\\\/#organization\",\"name\":\"Universidad de las Artes\",\"url\":\"https:\\\/\\\/www.uartes.edu.ec\\\/sitio\\\/en\\\/\",\"logo\":{\"@type\":\"ImageObject\",\"inLanguage\":\"en-US\",\"@id\":\"https:\\\/\\\/www.uartes.edu.ec\\\/sitio\\\/en\\\/#\\\/schema\\\/logo\\\/image\\\/\",\"url\":\"https:\\\/\\\/www.uartes.edu.ec\\\/sitio\\\/wp-content\\\/uploads\\\/2022\\\/07\\\/logo-ua-horizontal.png\",\"contentUrl\":\"https:\\\/\\\/www.uartes.edu.ec\\\/sitio\\\/wp-content\\\/uploads\\\/2022\\\/07\\\/logo-ua-horizontal.png\",\"width\":800,\"height\":276,\"caption\":\"Universidad de las Artes\"},\"image\":{\"@id\":\"https:\\\/\\\/www.uartes.edu.ec\\\/sitio\\\/en\\\/#\\\/schema\\\/logo\\\/image\\\/\"},\"sameAs\":[\"https:\\\/\\\/www.facebook.com\\\/uartesec\",\"https:\\\/\\\/x.com\\\/uartesec\",\"https:\\\/\\\/www.tiktok.com\\\/@uartesec\"]},{\"@type\":\"Person\",\"@id\":\"https:\\\/\\\/www.uartes.edu.ec\\\/sitio\\\/en\\\/#\\\/schema\\\/person\\\/efa1b8275797664fd7f13a79ccc0b1f4\",\"name\":\"ccortez\",\"image\":{\"@type\":\"ImageObject\",\"inLanguage\":\"en-US\",\"@id\":\"https:\\\/\\\/secure.gravatar.com\\\/avatar\\\/b2a6f664a3ae8e074346ef91775736c5ec479e637ecced6842de9dc98b5da9cd?s=96&d=mm&r=g\",\"url\":\"https:\\\/\\\/secure.gravatar.com\\\/avatar\\\/b2a6f664a3ae8e074346ef91775736c5ec479e637ecced6842de9dc98b5da9cd?s=96&d=mm&r=g\",\"contentUrl\":\"https:\\\/\\\/secure.gravatar.com\\\/avatar\\\/b2a6f664a3ae8e074346ef91775736c5ec479e637ecced6842de9dc98b5da9cd?s=96&d=mm&r=g\",\"caption\":\"ccortez\"},\"url\":\"https:\\\/\\\/www.uartes.edu.ec\\\/sitio\\\/en\\\/blog\\\/author\\\/ccortez\\\/\"}]}<\/script>\n<!-- \/ Yoast SEO plugin. -->","yoast_head_json":{"title":"Universidad de las Artes - 3 nuevos podcasts y dos espacios en vivo para la programaci\u00f3n de Radio UArtes, \u201cFrecuencias de lo sensible\u201d","description":"Universidad de las Artes - 3 nuevos podcasts y dos espacios en vivo para la programaci\u00f3n de Radio UArtes, \u201cFrecuencias de lo sensible\u201d","robots":{"index":"index","follow":"follow","max-snippet":"max-snippet:-1","max-image-preview":"max-image-preview:large","max-video-preview":"max-video-preview:-1"},"canonical":"https:\/\/www.uartes.edu.ec\/sitio\/en\/blog\/2023\/01\/18\/los-nuevos-podcats-y-espacios-en-vivo-de-radio-uartes-frecuencias-de-lo-sensible\/","og_locale":"en_US","og_type":"article","og_title":"Universidad de las Artes - 3 nuevos podcasts y dos espacios en vivo para la programaci\u00f3n de Radio UArtes, \u201cFrecuencias de lo sensible\u201d","og_description":"Universidad de las Artes - 3 nuevos podcasts y dos espacios en vivo para la programaci\u00f3n de Radio UArtes, \u201cFrecuencias de lo sensible\u201d","og_url":"https:\/\/www.uartes.edu.ec\/sitio\/en\/blog\/2023\/01\/18\/los-nuevos-podcats-y-espacios-en-vivo-de-radio-uartes-frecuencias-de-lo-sensible\/","og_site_name":"Universidad de las Artes","article_publisher":"https:\/\/www.facebook.com\/uartesec","article_published_time":"2023-01-18T21:33:00+00:00","article_modified_time":"2024-07-04T16:21:43+00:00","og_image":[{"width":2000,"height":1333,"url":"https:\/\/www.uartes.edu.ec\/sitio\/wp-content\/uploads\/2023\/01\/DOS-CASSETTES-3.jpg","type":"image\/jpeg"}],"author":"ccortez","twitter_card":"summary_large_image","twitter_creator":"@uartesec","twitter_site":"@uartesec","twitter_misc":{"Written by":"ccortez","Est. reading time":"5 minutes"},"schema":{"@context":"https:\/\/schema.org","@graph":[{"@type":"Article","@id":"https:\/\/www.uartes.edu.ec\/sitio\/en\/blog\/2023\/01\/18\/los-nuevos-podcats-y-espacios-en-vivo-de-radio-uartes-frecuencias-de-lo-sensible\/#article","isPartOf":{"@id":"https:\/\/www.uartes.edu.ec\/sitio\/en\/blog\/2023\/01\/18\/los-nuevos-podcats-y-espacios-en-vivo-de-radio-uartes-frecuencias-de-lo-sensible\/"},"author":{"name":"ccortez","@id":"https:\/\/www.uartes.edu.ec\/sitio\/en\/#\/schema\/person\/efa1b8275797664fd7f13a79ccc0b1f4"},"headline":"3 nuevos podcasts y dos espacios en vivo para la programaci\u00f3n de Radio UArtes, \u201cFrecuencias de lo sensible\u201d","datePublished":"2023-01-18T21:33:00+00:00","dateModified":"2024-07-04T16:21:43+00:00","mainEntityOfPage":{"@id":"https:\/\/www.uartes.edu.ec\/sitio\/en\/blog\/2023\/01\/18\/los-nuevos-podcats-y-espacios-en-vivo-de-radio-uartes-frecuencias-de-lo-sensible\/"},"wordCount":850,"commentCount":0,"publisher":{"@id":"https:\/\/www.uartes.edu.ec\/sitio\/en\/#organization"},"image":{"@id":"https:\/\/www.uartes.edu.ec\/sitio\/en\/blog\/2023\/01\/18\/los-nuevos-podcats-y-espacios-en-vivo-de-radio-uartes-frecuencias-de-lo-sensible\/#primaryimage"},"thumbnailUrl":"https:\/\/www.uartes.edu.ec\/sitio\/wp-content\/uploads\/2023\/01\/DOS-CASSETTES-3.jpg","keywords":["nuevos espacios"],"articleSection":["3D","Artes","Docentes","Estudiantes","Gesti\u00f3n","Sedes","V\u00ednculo"],"inLanguage":"en-US","potentialAction":[{"@type":"CommentAction","name":"Comment","target":["https:\/\/www.uartes.edu.ec\/sitio\/en\/blog\/2023\/01\/18\/los-nuevos-podcats-y-espacios-en-vivo-de-radio-uartes-frecuencias-de-lo-sensible\/#respond"]}]},{"@type":["WebPage","ItemPage"],"@id":"https:\/\/www.uartes.edu.ec\/sitio\/en\/blog\/2023\/01\/18\/los-nuevos-podcats-y-espacios-en-vivo-de-radio-uartes-frecuencias-de-lo-sensible\/","url":"https:\/\/www.uartes.edu.ec\/sitio\/en\/blog\/2023\/01\/18\/los-nuevos-podcats-y-espacios-en-vivo-de-radio-uartes-frecuencias-de-lo-sensible\/","name":"Universidad de las Artes - 3 nuevos podcasts y dos espacios en vivo para la programaci\u00f3n de Radio UArtes, \u201cFrecuencias de lo sensible\u201d","isPartOf":{"@id":"https:\/\/www.uartes.edu.ec\/sitio\/en\/#website"},"primaryImageOfPage":{"@id":"https:\/\/www.uartes.edu.ec\/sitio\/en\/blog\/2023\/01\/18\/los-nuevos-podcats-y-espacios-en-vivo-de-radio-uartes-frecuencias-de-lo-sensible\/#primaryimage"},"image":{"@id":"https:\/\/www.uartes.edu.ec\/sitio\/en\/blog\/2023\/01\/18\/los-nuevos-podcats-y-espacios-en-vivo-de-radio-uartes-frecuencias-de-lo-sensible\/#primaryimage"},"thumbnailUrl":"https:\/\/www.uartes.edu.ec\/sitio\/wp-content\/uploads\/2023\/01\/DOS-CASSETTES-3.jpg","datePublished":"2023-01-18T21:33:00+00:00","dateModified":"2024-07-04T16:21:43+00:00","description":"Universidad de las Artes - 3 nuevos podcasts y dos espacios en vivo para la programaci\u00f3n de Radio UArtes, \u201cFrecuencias de lo sensible\u201d","breadcrumb":{"@id":"https:\/\/www.uartes.edu.ec\/sitio\/en\/blog\/2023\/01\/18\/los-nuevos-podcats-y-espacios-en-vivo-de-radio-uartes-frecuencias-de-lo-sensible\/#breadcrumb"},"inLanguage":"en-US","potentialAction":[{"@type":"ReadAction","target":["https:\/\/www.uartes.edu.ec\/sitio\/en\/blog\/2023\/01\/18\/los-nuevos-podcats-y-espacios-en-vivo-de-radio-uartes-frecuencias-de-lo-sensible\/"]}]},{"@type":"ImageObject","inLanguage":"en-US","@id":"https:\/\/www.uartes.edu.ec\/sitio\/en\/blog\/2023\/01\/18\/los-nuevos-podcats-y-espacios-en-vivo-de-radio-uartes-frecuencias-de-lo-sensible\/#primaryimage","url":"https:\/\/www.uartes.edu.ec\/sitio\/wp-content\/uploads\/2023\/01\/DOS-CASSETTES-3.jpg","contentUrl":"https:\/\/www.uartes.edu.ec\/sitio\/wp-content\/uploads\/2023\/01\/DOS-CASSETTES-3.jpg","width":2000,"height":1333},{"@type":"BreadcrumbList","@id":"https:\/\/www.uartes.edu.ec\/sitio\/en\/blog\/2023\/01\/18\/los-nuevos-podcats-y-espacios-en-vivo-de-radio-uartes-frecuencias-de-lo-sensible\/#breadcrumb","itemListElement":[{"@type":"ListItem","position":1,"name":"Inicio","item":"https:\/\/www.uartes.edu.ec\/sitio\/"},{"@type":"ListItem","position":2,"name":"3 nuevos podcasts y dos espacios en vivo para la programaci\u00f3n de Radio UArtes, \u201cFrecuencias de lo sensible\u201d"}]},{"@type":"WebSite","@id":"https:\/\/www.uartes.edu.ec\/sitio\/en\/#website","url":"https:\/\/www.uartes.edu.ec\/sitio\/en\/","name":"Universidad de las Artes","description":"Sitio oficial de la Universidad Nacional de las Artes del Ecuador","publisher":{"@id":"https:\/\/www.uartes.edu.ec\/sitio\/en\/#organization"},"potentialAction":[{"@type":"SearchAction","target":{"@type":"EntryPoint","urlTemplate":"https:\/\/www.uartes.edu.ec\/sitio\/en\/?s={search_term_string}"},"query-input":{"@type":"PropertyValueSpecification","valueRequired":true,"valueName":"search_term_string"}}],"inLanguage":"en-US"},{"@type":"Organization","@id":"https:\/\/www.uartes.edu.ec\/sitio\/en\/#organization","name":"Universidad de las Artes","url":"https:\/\/www.uartes.edu.ec\/sitio\/en\/","logo":{"@type":"ImageObject","inLanguage":"en-US","@id":"https:\/\/www.uartes.edu.ec\/sitio\/en\/#\/schema\/logo\/image\/","url":"https:\/\/www.uartes.edu.ec\/sitio\/wp-content\/uploads\/2022\/07\/logo-ua-horizontal.png","contentUrl":"https:\/\/www.uartes.edu.ec\/sitio\/wp-content\/uploads\/2022\/07\/logo-ua-horizontal.png","width":800,"height":276,"caption":"Universidad de las Artes"},"image":{"@id":"https:\/\/www.uartes.edu.ec\/sitio\/en\/#\/schema\/logo\/image\/"},"sameAs":["https:\/\/www.facebook.com\/uartesec","https:\/\/x.com\/uartesec","https:\/\/www.tiktok.com\/@uartesec"]},{"@type":"Person","@id":"https:\/\/www.uartes.edu.ec\/sitio\/en\/#\/schema\/person\/efa1b8275797664fd7f13a79ccc0b1f4","name":"ccortez","image":{"@type":"ImageObject","inLanguage":"en-US","@id":"https:\/\/secure.gravatar.com\/avatar\/b2a6f664a3ae8e074346ef91775736c5ec479e637ecced6842de9dc98b5da9cd?s=96&d=mm&r=g","url":"https:\/\/secure.gravatar.com\/avatar\/b2a6f664a3ae8e074346ef91775736c5ec479e637ecced6842de9dc98b5da9cd?s=96&d=mm&r=g","contentUrl":"https:\/\/secure.gravatar.com\/avatar\/b2a6f664a3ae8e074346ef91775736c5ec479e637ecced6842de9dc98b5da9cd?s=96&d=mm&r=g","caption":"ccortez"},"url":"https:\/\/www.uartes.edu.ec\/sitio\/en\/blog\/author\/ccortez\/"}]}},"uagb_featured_image_src":{"full":["https:\/\/www.uartes.edu.ec\/sitio\/wp-content\/uploads\/2023\/01\/DOS-CASSETTES-3.jpg",2000,1333,false],"thumbnail":["https:\/\/www.uartes.edu.ec\/sitio\/wp-content\/uploads\/2023\/01\/DOS-CASSETTES-3-150x150.jpg",150,150,true],"medium":["https:\/\/www.uartes.edu.ec\/sitio\/wp-content\/uploads\/2023\/01\/DOS-CASSETTES-3-300x200.jpg",300,200,true],"medium_large":["https:\/\/www.uartes.edu.ec\/sitio\/wp-content\/uploads\/2023\/01\/DOS-CASSETTES-3-768x512.jpg",768,512,true],"large":["https:\/\/www.uartes.edu.ec\/sitio\/wp-content\/uploads\/2023\/01\/DOS-CASSETTES-3-644x429.jpg",644,429,true],"1536x1536":["https:\/\/www.uartes.edu.ec\/sitio\/wp-content\/uploads\/2023\/01\/DOS-CASSETTES-3-1536x1024.jpg",1536,1024,true],"2048x2048":["https:\/\/www.uartes.edu.ec\/sitio\/wp-content\/uploads\/2023\/01\/DOS-CASSETTES-3.jpg",2000,1333,false],"trp-custom-language-flag":["https:\/\/www.uartes.edu.ec\/sitio\/wp-content\/uploads\/2023\/01\/DOS-CASSETTES-3.jpg",18,12,false],"htmega_size_585x295":["https:\/\/www.uartes.edu.ec\/sitio\/wp-content\/uploads\/2023\/01\/DOS-CASSETTES-3.jpg",443,295,false],"htmega_size_1170x536":["https:\/\/www.uartes.edu.ec\/sitio\/wp-content\/uploads\/2023\/01\/DOS-CASSETTES-3.jpg",804,536,false],"htmega_size_396x360":["https:\/\/www.uartes.edu.ec\/sitio\/wp-content\/uploads\/2023\/01\/DOS-CASSETTES-3.jpg",396,264,false],"gb-block-post-grid-landscape":["https:\/\/www.uartes.edu.ec\/sitio\/wp-content\/uploads\/2023\/01\/DOS-CASSETTES-3-600x400.jpg",600,400,true],"gb-block-post-grid-square":["https:\/\/www.uartes.edu.ec\/sitio\/wp-content\/uploads\/2023\/01\/DOS-CASSETTES-3-600x600.jpg",600,600,true],"university-hub-thumb":["https:\/\/www.uartes.edu.ec\/sitio\/wp-content\/uploads\/2023\/01\/DOS-CASSETTES-3-400x267.jpg",400,267,true],"mailpoet_newsletter_max":["https:\/\/www.uartes.edu.ec\/sitio\/wp-content\/uploads\/2023\/01\/DOS-CASSETTES-3.jpg",1320,880,false]},"uagb_author_info":{"display_name":"ccortez","author_link":"https:\/\/www.uartes.edu.ec\/sitio\/en\/blog\/author\/ccortez\/"},"uagb_comment_info":0,"uagb_excerpt":"Los podcasts \u201cLa imagen parlante\u201d, \u201cFrecuencia Urbana\u201d y \u201cOjo a la cultura\u201d (que tendr\u00e1 su primera emisi\u00f3n este jueves 19) y los programas en vivo \u201cDos cassettes en una licuadora\u201d y \u201cA cuatro metros sobre el nivel del mar\u201d son las nuevas propuestas de la programaci\u00f3n de Radio UArtes, inaugurada el 22 de julio de&hellip;","featured_image_src":"https:\/\/www.uartes.edu.ec\/sitio\/wp-content\/uploads\/2023\/01\/DOS-CASSETTES-3-600x400.jpg","featured_image_src_square":"https:\/\/www.uartes.edu.ec\/sitio\/wp-content\/uploads\/2023\/01\/DOS-CASSETTES-3-600x600.jpg","author_info":{"display_name":"ccortez","author_link":"https:\/\/www.uartes.edu.ec\/sitio\/en\/blog\/author\/ccortez\/"},"publishpress_future_workflow_manual_trigger":{"enabledWorkflows":[]},"distributor_meta":false,"distributor_terms":false,"distributor_media":false,"distributor_original_site_name":"Universidad de las Artes","distributor_original_site_url":"https:\/\/www.uartes.edu.ec\/sitio\/en","push-errors":false,"_links":{"self":[{"href":"https:\/\/www.uartes.edu.ec\/sitio\/en\/wp-json\/wp\/v2\/posts\/36720","targetHints":{"allow":["GET"]}}],"collection":[{"href":"https:\/\/www.uartes.edu.ec\/sitio\/en\/wp-json\/wp\/v2\/posts"}],"about":[{"href":"https:\/\/www.uartes.edu.ec\/sitio\/en\/wp-json\/wp\/v2\/types\/post"}],"author":[{"embeddable":true,"href":"https:\/\/www.uartes.edu.ec\/sitio\/en\/wp-json\/wp\/v2\/users\/10"}],"replies":[{"embeddable":true,"href":"https:\/\/www.uartes.edu.ec\/sitio\/en\/wp-json\/wp\/v2\/comments?post=36720"}],"version-history":[{"count":7,"href":"https:\/\/www.uartes.edu.ec\/sitio\/en\/wp-json\/wp\/v2\/posts\/36720\/revisions"}],"predecessor-version":[{"id":36750,"href":"https:\/\/www.uartes.edu.ec\/sitio\/en\/wp-json\/wp\/v2\/posts\/36720\/revisions\/36750"}],"wp:featuredmedia":[{"embeddable":true,"href":"https:\/\/www.uartes.edu.ec\/sitio\/en\/wp-json\/wp\/v2\/media\/36721"}],"wp:attachment":[{"href":"https:\/\/www.uartes.edu.ec\/sitio\/en\/wp-json\/wp\/v2\/media?parent=36720"}],"wp:term":[{"taxonomy":"category","embeddable":true,"href":"https:\/\/www.uartes.edu.ec\/sitio\/en\/wp-json\/wp\/v2\/categories?post=36720"},{"taxonomy":"post_tag","embeddable":true,"href":"https:\/\/www.uartes.edu.ec\/sitio\/en\/wp-json\/wp\/v2\/tags?post=36720"},{"taxonomy":"infouartes","embeddable":true,"href":"https:\/\/www.uartes.edu.ec\/sitio\/en\/wp-json\/wp\/v2\/infouartes?post=36720"}],"curies":[{"name":"wp","href":"https:\/\/api.w.org\/{rel}","templated":true}]}}