{"id":36863,"date":"2023-01-17T13:07:24","date_gmt":"2023-01-17T18:07:24","guid":{"rendered":"http:\/\/www.uartes.edu.ec\/sitio\/?p=36863"},"modified":"2024-07-04T11:21:43","modified_gmt":"2024-07-04T16:21:43","slug":"la-experiencia-de-ser-usuaria-de-lengua-de-senas-impulso-a-lila-murillo-a-crear-bajo-la-ceiba-joven","status":"publish","type":"post","link":"https:\/\/www.uartes.edu.ec\/sitio\/en\/blog\/2023\/01\/17\/la-experiencia-de-ser-usuaria-de-lengua-de-senas-impulso-a-lila-murillo-a-crear-bajo-la-ceiba-joven\/","title":{"rendered":"La experiencia de ser usuaria de la lengua de se\u00f1as impuls\u00f3 a Lila Murillo a crear el taller \u201cBajo la ceiba joven\u201d"},"content":{"rendered":"<p>La estudiante de la Escuela de Literatura Lila Murillo es usuaria de la lengua de se\u00f1as desde hace siete a\u00f1os y tras enterarse de que a su sobrino peque\u00f1o le fue detectado hipoacusia (incapacidad total o parcial para escuchar sonidos en uno o ambos o\u00eddos). Al pasar de los a\u00f1os, su audici\u00f3n ya no era perfecta, m\u00e1s no la hab\u00eda perdido por completo.<\/p>\n\n\n\n<p>Ya para esto, junto al resto de su familia, Murillo hab\u00eda tomado la decisi\u00f3n de estudiar a profundidad sobre la cultura sorda; las personas, su lengua y dem\u00e1s. Inici\u00f3 un curso b\u00e1sico en la Asociaci\u00f3n Comunitaria de Sordos de Guayaquil, aprendiendo principalmente vocabulario.<\/p>\n\n\n\n<p>La lengua de se\u00f1as tiene el mismo nivel que cualquier otra lengua, explica Murillo. Tiene su propia gram\u00e1tica y funcionamiento, en tanto no se trata de una traducci\u00f3n del espa\u00f1ol. \u201cEst\u00e1 en calidad de idioma. No es una traducci\u00f3n, aunque s\u00ed depende del contexto nacional. Se usan ciertas se\u00f1as para expresar ideas en concreto\u201d, agrega la estudiante. Cada pa\u00eds, y sus respectivas regiones, cuentan con su lengua de sue\u00f1a.<\/p>\n\n\n\n<h3 class=\"wp-block-heading\"><strong>En mesa de inclusi\u00f3n y taller<\/strong><\/h3>\n\n\n\n<p>Ingres\u00f3 a la UArtes en 2018, donde conoci\u00f3 a estudiantes sordos de la Escuela de Artes Visuales cuando particip\u00f3 en una mesa de inclusi\u00f3n. En dicha mesa, que cont\u00f3 con la presencia de algunos docentes, se plantearon alternativas para inculcar la inclusi\u00f3n en la UArtes. A partir de esa experiencia, naci\u00f3 un taller propiciado por el actual rector, doctor William Herrera, y el entonces Vicerrectorado Acad\u00e9mico, denominado \u201cSensibilizaci\u00f3n y herramientas para la comunicaci\u00f3n con personas no oyentes\u201d y del que Murillo form\u00f3 parte. El mismo cont\u00f3 con la participaci\u00f3n de docentes y administrativos.<\/p>\n\n\n<div class=\"wp-block-image\">\n<figure class=\"aligncenter size-large\"><img fetchpriority=\"high\" decoding=\"async\" width=\"644\" height=\"429\" src=\"http:\/\/www.uartes.edu.ec\/sitio\/wp-content\/uploads\/2023\/01\/senas4-644x429.jpg\" alt=\"\" class=\"wp-image-36865\" srcset=\"https:\/\/www.uartes.edu.ec\/sitio\/wp-content\/uploads\/2023\/01\/senas4-644x429.jpg 644w, https:\/\/www.uartes.edu.ec\/sitio\/wp-content\/uploads\/2023\/01\/senas4-768x511.jpg 768w, https:\/\/www.uartes.edu.ec\/sitio\/wp-content\/uploads\/2023\/01\/senas4.jpg 2000w, https:\/\/www.uartes.edu.ec\/sitio\/wp-content\/uploads\/2023\/01\/senas4-600x399.jpg 600w, https:\/\/www.uartes.edu.ec\/sitio\/wp-content\/uploads\/2023\/01\/senas4-272x182.jpg 272w\" sizes=\"(max-width: 644px) 100vw, 644px\" \/><\/figure>\n<\/div>\n\n\n<p>Murillo expresa que ella, legalmente, no pod\u00eda ense\u00f1ar lengua de se\u00f1as, ya que esta no puede ser dictada por personas oyentes al ser considerada parte de la cultura de la comunidad sorda y \u201cno hay mejor persona para ense\u00f1arte la lengua de se\u00f1as, que una persona sorda\u201d. En ese sentido, se encargaba de transmitir se\u00f1as b\u00e1sicas, herramientas, concientizaci\u00f3n y sensibilizaci\u00f3n a las discapacidades.<\/p>\n\n\n\n<p>En 2019, a ra\u00edz de la materia Estudios de la Lengua en Castellano II, realiz\u00f3 junto a varias compa\u00f1eras, un proyecto de transliteraci\u00f3n, traducci\u00f3n e interpretaci\u00f3n de un poema escrito por las integrantes del grupo y Murillo se encarg\u00f3 de la lengua de se\u00f1as. El proyecto se convirti\u00f3 en un trabajo de experimentaci\u00f3n de interpretaci\u00f3n de poes\u00eda en lengua de se\u00f1as, ahora a su cargo. El mismo fue presentado durante Libre Libro 2019.<\/p>\n\n\n\n<h3 class=\"wp-block-heading\"><strong>Encuentro \u201cEl Arte de Incluir\u201d<\/strong><\/h3>\n\n\n\n<p>Fue exponente de \u201cEl Arte de Incluir\u201d, un encuentro acad\u00e9mico de arte y discapacidad, celebrado en el Museo Antropol\u00f3gico y de Arte Contempor\u00e1neo (MAAC) en el mismo a\u00f1o y que cont\u00f3 con la presencia de parte de la comunidad sorda. Fue presentado all\u00ed su proyecto de interpretaci\u00f3n de poes\u00eda en lengua de se\u00f1as \u201cPoes\u00eda no sonora\u201d.<\/p>\n\n\n\n<p>\u201cFue bien visto porque es algo que todav\u00eda no es explorado. La lengua de se\u00f1as todav\u00eda no es explorada en Ecuador. Su mayor problem\u00e1tica es que no hay acceso a la comunicaci\u00f3n, no hay obras interpretadas para la comunidad sorda. Estamos en nada, en cero, en un campo que hay que descubrir\u201d, dice Murillo.<\/p>\n\n\n\n<p>Tuvo que dejar su estudio e investigaci\u00f3n en stand by por un tiempo, mas lleg\u00f3 el momento de impulsarse a continuar con las bases que hab\u00eda construido. Durante el a\u00f1o 2020, a la par con sus estudios en la UArtes, se inscribi\u00f3 al Instituto Tecnol\u00f3gico Superior CRE-SER de Quito de manera virtual, para as\u00ed poder certificarse como int\u00e9rprete de se\u00f1as, entender todav\u00eda m\u00e1s c\u00f3mo funciona la lengua y estar ling\u00fc\u00edsticamente preparada para poder realizar proyectos a futuro.<\/p>\n\n\n<div class=\"wp-block-image\">\n<figure class=\"aligncenter size-large\"><img decoding=\"async\" width=\"644\" height=\"429\" src=\"http:\/\/www.uartes.edu.ec\/sitio\/wp-content\/uploads\/2023\/01\/senas3-644x429.jpg\" alt=\"\" class=\"wp-image-36867\" srcset=\"https:\/\/www.uartes.edu.ec\/sitio\/wp-content\/uploads\/2023\/01\/senas3-644x429.jpg 644w, https:\/\/www.uartes.edu.ec\/sitio\/wp-content\/uploads\/2023\/01\/senas3-768x511.jpg 768w, https:\/\/www.uartes.edu.ec\/sitio\/wp-content\/uploads\/2023\/01\/senas3.jpg 2000w, https:\/\/www.uartes.edu.ec\/sitio\/wp-content\/uploads\/2023\/01\/senas3-600x399.jpg 600w, https:\/\/www.uartes.edu.ec\/sitio\/wp-content\/uploads\/2023\/01\/senas3-272x182.jpg 272w\" sizes=\"(max-width: 644px) 100vw, 644px\" \/><\/figure>\n<\/div>\n\n\n<p>Adquiri\u00f3 conocimientos para la realizaci\u00f3n de talleres, dentro de sus pr\u00e1cticas de Vinculaci\u00f3n con la Sociedad y su itinerario de Pedagog\u00eda. Realiz\u00f3 talleres de escritura creativa para la comunidad con ni\u00f1os oyentes, pero usuarios de la lengua de se\u00f1as, de manera particular. Adicionalmente, fue int\u00e9rprete ocasional de Wilson V\u00e9lez, estudiante de la Escuela de Artes Visuales, as\u00ed como de algunos otros alumnos durante horas de clase.<\/p>\n\n\n\n<h3 class=\"wp-block-heading\"><strong>Gestual, corporal y performativa<\/strong><\/h3>\n\n\n\n<p>Hoy en d\u00eda, con mucha m\u00e1s experiencia, genera un taller de creaci\u00f3n literaria en lengua de se\u00f1as llamado \u201cBajo la ceiba joven\u201d. \u00bfPor qu\u00e9 creaci\u00f3n y no escritura? Porque la lengua de se\u00f1as no tiene una versi\u00f3n escrita, revela, en tanto es esta gestual, corporal y performativa. Solange Rodr\u00edguez, docente de la Escuela de Literatura y su tutora, la guio durante el proceso; y Gabriela Castro, alumnus UArtes, en cuanto a manejo de talleres literarios.<\/p>\n\n\n\n<p>Debido a la falta de bibliograf\u00eda sobre interpretaci\u00f3n de se\u00f1as en Ecuador, tuvieron que recurrir a material de pa\u00edses como Inglaterra y Francia, donde el estudio se encuentra mucho m\u00e1s avanzado. Aun as\u00ed, indica que la literatura de lengua de se\u00f1as se queda exclusivamente en la interpretaci\u00f3n y no trasciende a la creaci\u00f3n.<\/p>\n\n\n\n<p>\u201c\u00bfQu\u00e9 pasa con las personas sordas que tienen cosas que contar? (\u2026) \u00bfSer\u00e1 que las personas sordas tambi\u00e9n cuentan cosas? En mi ignorancia, o, \u00bfsimplemente no lo hacen? \u00bfQu\u00e9 literatura consumen? \u00bfQu\u00e9 cuentos consumen? Con esas dudas empec\u00e9 a interactuar m\u00e1s con la comunidad\u201d, comenta.<\/p>\n\n\n\n<p>La convocatoria para el taller fue realizada desde Educaci\u00f3n Continua para la comunidad sorda que domine la lengua de se\u00f1as, ya sean hopas, es decir, hijos oyentes de padres sordos que tienen como primera lengua la de se\u00f1as, pero conocen el espa\u00f1ol; o bien, personas sordas. A partir de ello, se conform\u00f3 un grupo variado de ocho personas, a quienes Murillo imparte clases grupales y sesiones personalizadas desde el d\u00eda 30 de noviembre de 2022.<\/p>\n\n\n\n<h3 class=\"wp-block-heading\"><strong>Cuento, microcuento y relato<\/strong><\/h3>\n\n\n\n<p>El taller abarca los g\u00e9neros de cuento, microcuento y relato. Se espera la realizaci\u00f3n de tres ejercicios de creaci\u00f3n por persona, con la intenci\u00f3n de hacer una recopilaci\u00f3n de productos y poderlos presentar como una primera semilla de creaci\u00f3n literaria en lengua de se\u00f1as ecuatoriana. Hasta la fecha, expresa Murillo, cada participante ha creado su primer cuento, con dos microcuentos m\u00e1s en proceso.<\/p>\n\n\n<div class=\"wp-block-image\">\n<figure class=\"aligncenter size-large\"><img decoding=\"async\" width=\"644\" height=\"429\" src=\"http:\/\/www.uartes.edu.ec\/sitio\/wp-content\/uploads\/2023\/01\/senas2-644x429.jpg\" alt=\"\" class=\"wp-image-36866\" srcset=\"https:\/\/www.uartes.edu.ec\/sitio\/wp-content\/uploads\/2023\/01\/senas2-644x429.jpg 644w, https:\/\/www.uartes.edu.ec\/sitio\/wp-content\/uploads\/2023\/01\/senas2-768x511.jpg 768w, https:\/\/www.uartes.edu.ec\/sitio\/wp-content\/uploads\/2023\/01\/senas2.jpg 2000w, https:\/\/www.uartes.edu.ec\/sitio\/wp-content\/uploads\/2023\/01\/senas2-600x399.jpg 600w, https:\/\/www.uartes.edu.ec\/sitio\/wp-content\/uploads\/2023\/01\/senas2-272x182.jpg 272w\" sizes=\"(max-width: 644px) 100vw, 644px\" \/><\/figure>\n<\/div>\n\n\n<p>En cuanto a las creaciones, Murillo confiesa que \u201cme han dado una bofetada. Hay historias que han creado en los talleres que tienen una riqueza inmensa\u201d, destacando el trabajo de c\u00f3mic en lengua de se\u00f1as y traducido al espa\u00f1ol escrito, elaborado por Wilson V\u00e9lez. Enfrent\u00e1ndose, de esa manera, a las distintas gram\u00e1ticas que tienen la lengua de se\u00f1as y el idioma espa\u00f1ol.<\/p>\n\n\n\n<p>Murillo les ha interpretado varios cuentos en lengua de se\u00f1as a los estudiantes, sobre todo cuentos latinoamericanos como \u201cEl almohad\u00f3n de plumas\u201d de Horacio Quiroga, \u201cEl ahogado m\u00e1s hermoso del mundo\u201d de Gabriel Garc\u00eda M\u00e1rquez, \u201cEl \u00c1rbol\u201d de Mar\u00eda Luisa Bombal, entre m\u00e1s obras variadas con las que la estudiante ha trabajado a lo largo de su carrera universitaria.<\/p>\n\n\n\n<p>\u201cNo hay muchas int\u00e9rpretes de Ecuador, entonces tenemos que crear bibliograf\u00eda base. Tenemos ese compromiso con la sociedad. Aqu\u00ed est\u00e1 el proyecto, lo que hare ser\u00e1 mi granito de arena\u201d, se\u00f1ala acerca del tema que tambi\u00e9n forma parte de su proyecto de titulaci\u00f3n.<\/p>\n\n\n\n<p>M\u00e1s informaci\u00f3n en: <a href=\"https:\/\/lilalimon.wordpress.com\/\">https:\/\/lilalimon.wordpress.com\/<\/a><br><a href=\"https:\/\/labpoesia.wordpress.com\/2020\/10\/10\/como-se-hace-un-poemario-expandido-2\/\">https:\/\/labpoesia.wordpress.com\/2020\/10\/10\/como-se-hace-un-poemario-expandido-2\/<\/a><\/p>\n\n\n\n<p>Texto: Daniella Vera S., estudiante de la Escuela de Literatura.<br>Fotos: Cortes\u00eda<\/p>","protected":false},"excerpt":{"rendered":"<p>Lila Murillo es estudiante de la Escuela de Literatura de la UArtes y desde hace siete a\u00f1os es usuaria de la lengua de se\u00f1as. Ella lleva adelante el taller de creaci\u00f3n literaria en lengua de se\u00f1as \u201cBajo la ceiba joven\u201d, que aborda el cuento, microcuento y relato e imparte clases grupales y sesiones personalizadas. Aqu\u00ed detalla el proceso y revela que el tema forma parte de su proyecto de titulaci\u00f3n. <\/p>","protected":false},"author":10,"featured_media":36864,"comment_status":"open","ping_status":"open","sticky":false,"template":"","format":"standard","meta":{"_acf_changed":false,"_uag_custom_page_level_css":"","_monsterinsights_skip_tracking":false,"_monsterinsights_sitenote_active":false,"_monsterinsights_sitenote_note":"","_monsterinsights_sitenote_category":0,"cybocfi_hide_featured_image":"","footnotes":""},"categories":[718,76,77,175,79],"tags":[522],"infouartes":[],"class_list":["post-36863","post","type-post","status-publish","format-standard","has-post-thumbnail","hentry","category-2d","category-estudiantes","category-gestion","category-literatura","category-vinculo","tag-taller"],"acf":[],"yoast_head":"<!-- This site is optimized with the Yoast SEO plugin v27.4 - https:\/\/yoast.com\/product\/yoast-seo-wordpress\/ -->\n<title>Universidad de las Artes - La experiencia de ser usuaria de la lengua de se\u00f1as impuls\u00f3 a Lila Murillo a crear el taller \u201cBajo la ceiba joven\u201d<\/title>\n<meta name=\"description\" content=\"Universidad de las Artes - La experiencia de ser usuaria de la lengua de se\u00f1as impuls\u00f3 a Lila Murillo a crear el taller \u201cBajo la ceiba joven\u201d\" \/>\n<meta name=\"robots\" content=\"index, follow, max-snippet:-1, max-image-preview:large, max-video-preview:-1\" \/>\n<link rel=\"canonical\" href=\"https:\/\/www.uartes.edu.ec\/sitio\/en\/blog\/2023\/01\/17\/la-experiencia-de-ser-usuaria-de-lengua-de-senas-impulso-a-lila-murillo-a-crear-bajo-la-ceiba-joven\/\" \/>\n<meta property=\"og:locale\" content=\"en_US\" \/>\n<meta property=\"og:type\" content=\"article\" \/>\n<meta property=\"og:title\" content=\"Universidad de las Artes - La experiencia de ser usuaria de la lengua de se\u00f1as impuls\u00f3 a Lila Murillo a crear el taller \u201cBajo la ceiba joven\u201d\" \/>\n<meta property=\"og:description\" content=\"Universidad de las Artes - La experiencia de ser usuaria de la lengua de se\u00f1as impuls\u00f3 a Lila Murillo a crear el taller \u201cBajo la ceiba joven\u201d\" \/>\n<meta property=\"og:url\" content=\"https:\/\/www.uartes.edu.ec\/sitio\/en\/blog\/2023\/01\/17\/la-experiencia-de-ser-usuaria-de-lengua-de-senas-impulso-a-lila-murillo-a-crear-bajo-la-ceiba-joven\/\" \/>\n<meta property=\"og:site_name\" content=\"Universidad de las Artes\" \/>\n<meta property=\"article:publisher\" content=\"https:\/\/www.facebook.com\/uartesec\" \/>\n<meta property=\"article:published_time\" content=\"2023-01-17T18:07:24+00:00\" \/>\n<meta property=\"article:modified_time\" content=\"2024-07-04T16:21:43+00:00\" \/>\n<meta property=\"og:image\" content=\"https:\/\/www.uartes.edu.ec\/sitio\/wp-content\/uploads\/2023\/01\/senas1.jpg\" \/>\n\t<meta property=\"og:image:width\" content=\"2000\" \/>\n\t<meta property=\"og:image:height\" content=\"1333\" \/>\n\t<meta property=\"og:image:type\" content=\"image\/jpeg\" \/>\n<meta name=\"author\" content=\"ccortez\" \/>\n<meta name=\"twitter:card\" content=\"summary_large_image\" \/>\n<meta name=\"twitter:creator\" content=\"@uartesec\" \/>\n<meta name=\"twitter:site\" content=\"@uartesec\" \/>\n<meta name=\"twitter:label1\" content=\"Written by\" \/>\n\t<meta name=\"twitter:data1\" content=\"ccortez\" \/>\n\t<meta name=\"twitter:label2\" content=\"Est. reading time\" \/>\n\t<meta name=\"twitter:data2\" content=\"6 minutes\" \/>\n<script type=\"application\/ld+json\" class=\"yoast-schema-graph\">{\"@context\":\"https:\\\/\\\/schema.org\",\"@graph\":[{\"@type\":\"Article\",\"@id\":\"https:\\\/\\\/www.uartes.edu.ec\\\/sitio\\\/en\\\/blog\\\/2023\\\/01\\\/17\\\/la-experiencia-de-ser-usuaria-de-lengua-de-senas-impulso-a-lila-murillo-a-crear-bajo-la-ceiba-joven\\\/#article\",\"isPartOf\":{\"@id\":\"https:\\\/\\\/www.uartes.edu.ec\\\/sitio\\\/en\\\/blog\\\/2023\\\/01\\\/17\\\/la-experiencia-de-ser-usuaria-de-lengua-de-senas-impulso-a-lila-murillo-a-crear-bajo-la-ceiba-joven\\\/\"},\"author\":{\"name\":\"ccortez\",\"@id\":\"https:\\\/\\\/www.uartes.edu.ec\\\/sitio\\\/en\\\/#\\\/schema\\\/person\\\/efa1b8275797664fd7f13a79ccc0b1f4\"},\"headline\":\"La experiencia de ser usuaria de la lengua de se\u00f1as impuls\u00f3 a Lila Murillo a crear el taller \u201cBajo la ceiba joven\u201d\",\"datePublished\":\"2023-01-17T18:07:24+00:00\",\"dateModified\":\"2024-07-04T16:21:43+00:00\",\"mainEntityOfPage\":{\"@id\":\"https:\\\/\\\/www.uartes.edu.ec\\\/sitio\\\/en\\\/blog\\\/2023\\\/01\\\/17\\\/la-experiencia-de-ser-usuaria-de-lengua-de-senas-impulso-a-lila-murillo-a-crear-bajo-la-ceiba-joven\\\/\"},\"wordCount\":1323,\"commentCount\":0,\"publisher\":{\"@id\":\"https:\\\/\\\/www.uartes.edu.ec\\\/sitio\\\/en\\\/#organization\"},\"image\":{\"@id\":\"https:\\\/\\\/www.uartes.edu.ec\\\/sitio\\\/en\\\/blog\\\/2023\\\/01\\\/17\\\/la-experiencia-de-ser-usuaria-de-lengua-de-senas-impulso-a-lila-murillo-a-crear-bajo-la-ceiba-joven\\\/#primaryimage\"},\"thumbnailUrl\":\"https:\\\/\\\/www.uartes.edu.ec\\\/sitio\\\/wp-content\\\/uploads\\\/2023\\\/01\\\/senas1.jpg\",\"keywords\":[\"taller\"],\"articleSection\":[\"2D\",\"Estudiantes\",\"Gesti\u00f3n\",\"Literatura\",\"V\u00ednculo\"],\"inLanguage\":\"en-US\",\"potentialAction\":[{\"@type\":\"CommentAction\",\"name\":\"Comment\",\"target\":[\"https:\\\/\\\/www.uartes.edu.ec\\\/sitio\\\/en\\\/blog\\\/2023\\\/01\\\/17\\\/la-experiencia-de-ser-usuaria-de-lengua-de-senas-impulso-a-lila-murillo-a-crear-bajo-la-ceiba-joven\\\/#respond\"]}]},{\"@type\":[\"WebPage\",\"ItemPage\"],\"@id\":\"https:\\\/\\\/www.uartes.edu.ec\\\/sitio\\\/en\\\/blog\\\/2023\\\/01\\\/17\\\/la-experiencia-de-ser-usuaria-de-lengua-de-senas-impulso-a-lila-murillo-a-crear-bajo-la-ceiba-joven\\\/\",\"url\":\"https:\\\/\\\/www.uartes.edu.ec\\\/sitio\\\/en\\\/blog\\\/2023\\\/01\\\/17\\\/la-experiencia-de-ser-usuaria-de-lengua-de-senas-impulso-a-lila-murillo-a-crear-bajo-la-ceiba-joven\\\/\",\"name\":\"Universidad de las Artes - La experiencia de ser usuaria de la lengua de se\u00f1as impuls\u00f3 a Lila Murillo a crear el taller \u201cBajo la ceiba joven\u201d\",\"isPartOf\":{\"@id\":\"https:\\\/\\\/www.uartes.edu.ec\\\/sitio\\\/en\\\/#website\"},\"primaryImageOfPage\":{\"@id\":\"https:\\\/\\\/www.uartes.edu.ec\\\/sitio\\\/en\\\/blog\\\/2023\\\/01\\\/17\\\/la-experiencia-de-ser-usuaria-de-lengua-de-senas-impulso-a-lila-murillo-a-crear-bajo-la-ceiba-joven\\\/#primaryimage\"},\"image\":{\"@id\":\"https:\\\/\\\/www.uartes.edu.ec\\\/sitio\\\/en\\\/blog\\\/2023\\\/01\\\/17\\\/la-experiencia-de-ser-usuaria-de-lengua-de-senas-impulso-a-lila-murillo-a-crear-bajo-la-ceiba-joven\\\/#primaryimage\"},\"thumbnailUrl\":\"https:\\\/\\\/www.uartes.edu.ec\\\/sitio\\\/wp-content\\\/uploads\\\/2023\\\/01\\\/senas1.jpg\",\"datePublished\":\"2023-01-17T18:07:24+00:00\",\"dateModified\":\"2024-07-04T16:21:43+00:00\",\"description\":\"Universidad de las Artes - La experiencia de ser usuaria de la lengua de se\u00f1as impuls\u00f3 a Lila Murillo a crear el taller \u201cBajo la ceiba joven\u201d\",\"breadcrumb\":{\"@id\":\"https:\\\/\\\/www.uartes.edu.ec\\\/sitio\\\/en\\\/blog\\\/2023\\\/01\\\/17\\\/la-experiencia-de-ser-usuaria-de-lengua-de-senas-impulso-a-lila-murillo-a-crear-bajo-la-ceiba-joven\\\/#breadcrumb\"},\"inLanguage\":\"en-US\",\"potentialAction\":[{\"@type\":\"ReadAction\",\"target\":[\"https:\\\/\\\/www.uartes.edu.ec\\\/sitio\\\/en\\\/blog\\\/2023\\\/01\\\/17\\\/la-experiencia-de-ser-usuaria-de-lengua-de-senas-impulso-a-lila-murillo-a-crear-bajo-la-ceiba-joven\\\/\"]}]},{\"@type\":\"ImageObject\",\"inLanguage\":\"en-US\",\"@id\":\"https:\\\/\\\/www.uartes.edu.ec\\\/sitio\\\/en\\\/blog\\\/2023\\\/01\\\/17\\\/la-experiencia-de-ser-usuaria-de-lengua-de-senas-impulso-a-lila-murillo-a-crear-bajo-la-ceiba-joven\\\/#primaryimage\",\"url\":\"https:\\\/\\\/www.uartes.edu.ec\\\/sitio\\\/wp-content\\\/uploads\\\/2023\\\/01\\\/senas1.jpg\",\"contentUrl\":\"https:\\\/\\\/www.uartes.edu.ec\\\/sitio\\\/wp-content\\\/uploads\\\/2023\\\/01\\\/senas1.jpg\",\"width\":2000,\"height\":1333},{\"@type\":\"BreadcrumbList\",\"@id\":\"https:\\\/\\\/www.uartes.edu.ec\\\/sitio\\\/en\\\/blog\\\/2023\\\/01\\\/17\\\/la-experiencia-de-ser-usuaria-de-lengua-de-senas-impulso-a-lila-murillo-a-crear-bajo-la-ceiba-joven\\\/#breadcrumb\",\"itemListElement\":[{\"@type\":\"ListItem\",\"position\":1,\"name\":\"Inicio\",\"item\":\"https:\\\/\\\/www.uartes.edu.ec\\\/sitio\\\/\"},{\"@type\":\"ListItem\",\"position\":2,\"name\":\"La experiencia de ser usuaria de la lengua de se\u00f1as impuls\u00f3 a Lila Murillo a crear el taller \u201cBajo la ceiba joven\u201d\"}]},{\"@type\":\"WebSite\",\"@id\":\"https:\\\/\\\/www.uartes.edu.ec\\\/sitio\\\/en\\\/#website\",\"url\":\"https:\\\/\\\/www.uartes.edu.ec\\\/sitio\\\/en\\\/\",\"name\":\"Universidad de las Artes\",\"description\":\"Sitio oficial de la Universidad Nacional de las Artes del Ecuador\",\"publisher\":{\"@id\":\"https:\\\/\\\/www.uartes.edu.ec\\\/sitio\\\/en\\\/#organization\"},\"potentialAction\":[{\"@type\":\"SearchAction\",\"target\":{\"@type\":\"EntryPoint\",\"urlTemplate\":\"https:\\\/\\\/www.uartes.edu.ec\\\/sitio\\\/en\\\/?s={search_term_string}\"},\"query-input\":{\"@type\":\"PropertyValueSpecification\",\"valueRequired\":true,\"valueName\":\"search_term_string\"}}],\"inLanguage\":\"en-US\"},{\"@type\":\"Organization\",\"@id\":\"https:\\\/\\\/www.uartes.edu.ec\\\/sitio\\\/en\\\/#organization\",\"name\":\"Universidad de las Artes\",\"url\":\"https:\\\/\\\/www.uartes.edu.ec\\\/sitio\\\/en\\\/\",\"logo\":{\"@type\":\"ImageObject\",\"inLanguage\":\"en-US\",\"@id\":\"https:\\\/\\\/www.uartes.edu.ec\\\/sitio\\\/en\\\/#\\\/schema\\\/logo\\\/image\\\/\",\"url\":\"https:\\\/\\\/www.uartes.edu.ec\\\/sitio\\\/wp-content\\\/uploads\\\/2022\\\/07\\\/logo-ua-horizontal.png\",\"contentUrl\":\"https:\\\/\\\/www.uartes.edu.ec\\\/sitio\\\/wp-content\\\/uploads\\\/2022\\\/07\\\/logo-ua-horizontal.png\",\"width\":800,\"height\":276,\"caption\":\"Universidad de las Artes\"},\"image\":{\"@id\":\"https:\\\/\\\/www.uartes.edu.ec\\\/sitio\\\/en\\\/#\\\/schema\\\/logo\\\/image\\\/\"},\"sameAs\":[\"https:\\\/\\\/www.facebook.com\\\/uartesec\",\"https:\\\/\\\/x.com\\\/uartesec\",\"https:\\\/\\\/www.tiktok.com\\\/@uartesec\"]},{\"@type\":\"Person\",\"@id\":\"https:\\\/\\\/www.uartes.edu.ec\\\/sitio\\\/en\\\/#\\\/schema\\\/person\\\/efa1b8275797664fd7f13a79ccc0b1f4\",\"name\":\"ccortez\",\"image\":{\"@type\":\"ImageObject\",\"inLanguage\":\"en-US\",\"@id\":\"https:\\\/\\\/secure.gravatar.com\\\/avatar\\\/b2a6f664a3ae8e074346ef91775736c5ec479e637ecced6842de9dc98b5da9cd?s=96&d=mm&r=g\",\"url\":\"https:\\\/\\\/secure.gravatar.com\\\/avatar\\\/b2a6f664a3ae8e074346ef91775736c5ec479e637ecced6842de9dc98b5da9cd?s=96&d=mm&r=g\",\"contentUrl\":\"https:\\\/\\\/secure.gravatar.com\\\/avatar\\\/b2a6f664a3ae8e074346ef91775736c5ec479e637ecced6842de9dc98b5da9cd?s=96&d=mm&r=g\",\"caption\":\"ccortez\"},\"url\":\"https:\\\/\\\/www.uartes.edu.ec\\\/sitio\\\/en\\\/blog\\\/author\\\/ccortez\\\/\"}]}<\/script>\n<!-- \/ Yoast SEO plugin. -->","yoast_head_json":{"title":"Universidad de las Artes - La experiencia de ser usuaria de la lengua de se\u00f1as impuls\u00f3 a Lila Murillo a crear el taller \u201cBajo la ceiba joven\u201d","description":"Universidad de las Artes - La experiencia de ser usuaria de la lengua de se\u00f1as impuls\u00f3 a Lila Murillo a crear el taller \u201cBajo la ceiba joven\u201d","robots":{"index":"index","follow":"follow","max-snippet":"max-snippet:-1","max-image-preview":"max-image-preview:large","max-video-preview":"max-video-preview:-1"},"canonical":"https:\/\/www.uartes.edu.ec\/sitio\/en\/blog\/2023\/01\/17\/la-experiencia-de-ser-usuaria-de-lengua-de-senas-impulso-a-lila-murillo-a-crear-bajo-la-ceiba-joven\/","og_locale":"en_US","og_type":"article","og_title":"Universidad de las Artes - La experiencia de ser usuaria de la lengua de se\u00f1as impuls\u00f3 a Lila Murillo a crear el taller \u201cBajo la ceiba joven\u201d","og_description":"Universidad de las Artes - La experiencia de ser usuaria de la lengua de se\u00f1as impuls\u00f3 a Lila Murillo a crear el taller \u201cBajo la ceiba joven\u201d","og_url":"https:\/\/www.uartes.edu.ec\/sitio\/en\/blog\/2023\/01\/17\/la-experiencia-de-ser-usuaria-de-lengua-de-senas-impulso-a-lila-murillo-a-crear-bajo-la-ceiba-joven\/","og_site_name":"Universidad de las Artes","article_publisher":"https:\/\/www.facebook.com\/uartesec","article_published_time":"2023-01-17T18:07:24+00:00","article_modified_time":"2024-07-04T16:21:43+00:00","og_image":[{"width":2000,"height":1333,"url":"https:\/\/www.uartes.edu.ec\/sitio\/wp-content\/uploads\/2023\/01\/senas1.jpg","type":"image\/jpeg"}],"author":"ccortez","twitter_card":"summary_large_image","twitter_creator":"@uartesec","twitter_site":"@uartesec","twitter_misc":{"Written by":"ccortez","Est. reading time":"6 minutes"},"schema":{"@context":"https:\/\/schema.org","@graph":[{"@type":"Article","@id":"https:\/\/www.uartes.edu.ec\/sitio\/en\/blog\/2023\/01\/17\/la-experiencia-de-ser-usuaria-de-lengua-de-senas-impulso-a-lila-murillo-a-crear-bajo-la-ceiba-joven\/#article","isPartOf":{"@id":"https:\/\/www.uartes.edu.ec\/sitio\/en\/blog\/2023\/01\/17\/la-experiencia-de-ser-usuaria-de-lengua-de-senas-impulso-a-lila-murillo-a-crear-bajo-la-ceiba-joven\/"},"author":{"name":"ccortez","@id":"https:\/\/www.uartes.edu.ec\/sitio\/en\/#\/schema\/person\/efa1b8275797664fd7f13a79ccc0b1f4"},"headline":"La experiencia de ser usuaria de la lengua de se\u00f1as impuls\u00f3 a Lila Murillo a crear el taller \u201cBajo la ceiba joven\u201d","datePublished":"2023-01-17T18:07:24+00:00","dateModified":"2024-07-04T16:21:43+00:00","mainEntityOfPage":{"@id":"https:\/\/www.uartes.edu.ec\/sitio\/en\/blog\/2023\/01\/17\/la-experiencia-de-ser-usuaria-de-lengua-de-senas-impulso-a-lila-murillo-a-crear-bajo-la-ceiba-joven\/"},"wordCount":1323,"commentCount":0,"publisher":{"@id":"https:\/\/www.uartes.edu.ec\/sitio\/en\/#organization"},"image":{"@id":"https:\/\/www.uartes.edu.ec\/sitio\/en\/blog\/2023\/01\/17\/la-experiencia-de-ser-usuaria-de-lengua-de-senas-impulso-a-lila-murillo-a-crear-bajo-la-ceiba-joven\/#primaryimage"},"thumbnailUrl":"https:\/\/www.uartes.edu.ec\/sitio\/wp-content\/uploads\/2023\/01\/senas1.jpg","keywords":["taller"],"articleSection":["2D","Estudiantes","Gesti\u00f3n","Literatura","V\u00ednculo"],"inLanguage":"en-US","potentialAction":[{"@type":"CommentAction","name":"Comment","target":["https:\/\/www.uartes.edu.ec\/sitio\/en\/blog\/2023\/01\/17\/la-experiencia-de-ser-usuaria-de-lengua-de-senas-impulso-a-lila-murillo-a-crear-bajo-la-ceiba-joven\/#respond"]}]},{"@type":["WebPage","ItemPage"],"@id":"https:\/\/www.uartes.edu.ec\/sitio\/en\/blog\/2023\/01\/17\/la-experiencia-de-ser-usuaria-de-lengua-de-senas-impulso-a-lila-murillo-a-crear-bajo-la-ceiba-joven\/","url":"https:\/\/www.uartes.edu.ec\/sitio\/en\/blog\/2023\/01\/17\/la-experiencia-de-ser-usuaria-de-lengua-de-senas-impulso-a-lila-murillo-a-crear-bajo-la-ceiba-joven\/","name":"Universidad de las Artes - La experiencia de ser usuaria de la lengua de se\u00f1as impuls\u00f3 a Lila Murillo a crear el taller \u201cBajo la ceiba joven\u201d","isPartOf":{"@id":"https:\/\/www.uartes.edu.ec\/sitio\/en\/#website"},"primaryImageOfPage":{"@id":"https:\/\/www.uartes.edu.ec\/sitio\/en\/blog\/2023\/01\/17\/la-experiencia-de-ser-usuaria-de-lengua-de-senas-impulso-a-lila-murillo-a-crear-bajo-la-ceiba-joven\/#primaryimage"},"image":{"@id":"https:\/\/www.uartes.edu.ec\/sitio\/en\/blog\/2023\/01\/17\/la-experiencia-de-ser-usuaria-de-lengua-de-senas-impulso-a-lila-murillo-a-crear-bajo-la-ceiba-joven\/#primaryimage"},"thumbnailUrl":"https:\/\/www.uartes.edu.ec\/sitio\/wp-content\/uploads\/2023\/01\/senas1.jpg","datePublished":"2023-01-17T18:07:24+00:00","dateModified":"2024-07-04T16:21:43+00:00","description":"Universidad de las Artes - La experiencia de ser usuaria de la lengua de se\u00f1as impuls\u00f3 a Lila Murillo a crear el taller \u201cBajo la ceiba joven\u201d","breadcrumb":{"@id":"https:\/\/www.uartes.edu.ec\/sitio\/en\/blog\/2023\/01\/17\/la-experiencia-de-ser-usuaria-de-lengua-de-senas-impulso-a-lila-murillo-a-crear-bajo-la-ceiba-joven\/#breadcrumb"},"inLanguage":"en-US","potentialAction":[{"@type":"ReadAction","target":["https:\/\/www.uartes.edu.ec\/sitio\/en\/blog\/2023\/01\/17\/la-experiencia-de-ser-usuaria-de-lengua-de-senas-impulso-a-lila-murillo-a-crear-bajo-la-ceiba-joven\/"]}]},{"@type":"ImageObject","inLanguage":"en-US","@id":"https:\/\/www.uartes.edu.ec\/sitio\/en\/blog\/2023\/01\/17\/la-experiencia-de-ser-usuaria-de-lengua-de-senas-impulso-a-lila-murillo-a-crear-bajo-la-ceiba-joven\/#primaryimage","url":"https:\/\/www.uartes.edu.ec\/sitio\/wp-content\/uploads\/2023\/01\/senas1.jpg","contentUrl":"https:\/\/www.uartes.edu.ec\/sitio\/wp-content\/uploads\/2023\/01\/senas1.jpg","width":2000,"height":1333},{"@type":"BreadcrumbList","@id":"https:\/\/www.uartes.edu.ec\/sitio\/en\/blog\/2023\/01\/17\/la-experiencia-de-ser-usuaria-de-lengua-de-senas-impulso-a-lila-murillo-a-crear-bajo-la-ceiba-joven\/#breadcrumb","itemListElement":[{"@type":"ListItem","position":1,"name":"Inicio","item":"https:\/\/www.uartes.edu.ec\/sitio\/"},{"@type":"ListItem","position":2,"name":"La experiencia de ser usuaria de la lengua de se\u00f1as impuls\u00f3 a Lila Murillo a crear el taller \u201cBajo la ceiba joven\u201d"}]},{"@type":"WebSite","@id":"https:\/\/www.uartes.edu.ec\/sitio\/en\/#website","url":"https:\/\/www.uartes.edu.ec\/sitio\/en\/","name":"Universidad de las Artes","description":"Sitio oficial de la Universidad Nacional de las Artes del Ecuador","publisher":{"@id":"https:\/\/www.uartes.edu.ec\/sitio\/en\/#organization"},"potentialAction":[{"@type":"SearchAction","target":{"@type":"EntryPoint","urlTemplate":"https:\/\/www.uartes.edu.ec\/sitio\/en\/?s={search_term_string}"},"query-input":{"@type":"PropertyValueSpecification","valueRequired":true,"valueName":"search_term_string"}}],"inLanguage":"en-US"},{"@type":"Organization","@id":"https:\/\/www.uartes.edu.ec\/sitio\/en\/#organization","name":"Universidad de las Artes","url":"https:\/\/www.uartes.edu.ec\/sitio\/en\/","logo":{"@type":"ImageObject","inLanguage":"en-US","@id":"https:\/\/www.uartes.edu.ec\/sitio\/en\/#\/schema\/logo\/image\/","url":"https:\/\/www.uartes.edu.ec\/sitio\/wp-content\/uploads\/2022\/07\/logo-ua-horizontal.png","contentUrl":"https:\/\/www.uartes.edu.ec\/sitio\/wp-content\/uploads\/2022\/07\/logo-ua-horizontal.png","width":800,"height":276,"caption":"Universidad de las Artes"},"image":{"@id":"https:\/\/www.uartes.edu.ec\/sitio\/en\/#\/schema\/logo\/image\/"},"sameAs":["https:\/\/www.facebook.com\/uartesec","https:\/\/x.com\/uartesec","https:\/\/www.tiktok.com\/@uartesec"]},{"@type":"Person","@id":"https:\/\/www.uartes.edu.ec\/sitio\/en\/#\/schema\/person\/efa1b8275797664fd7f13a79ccc0b1f4","name":"ccortez","image":{"@type":"ImageObject","inLanguage":"en-US","@id":"https:\/\/secure.gravatar.com\/avatar\/b2a6f664a3ae8e074346ef91775736c5ec479e637ecced6842de9dc98b5da9cd?s=96&d=mm&r=g","url":"https:\/\/secure.gravatar.com\/avatar\/b2a6f664a3ae8e074346ef91775736c5ec479e637ecced6842de9dc98b5da9cd?s=96&d=mm&r=g","contentUrl":"https:\/\/secure.gravatar.com\/avatar\/b2a6f664a3ae8e074346ef91775736c5ec479e637ecced6842de9dc98b5da9cd?s=96&d=mm&r=g","caption":"ccortez"},"url":"https:\/\/www.uartes.edu.ec\/sitio\/en\/blog\/author\/ccortez\/"}]}},"uagb_featured_image_src":{"full":["https:\/\/www.uartes.edu.ec\/sitio\/wp-content\/uploads\/2023\/01\/senas1.jpg",2000,1333,false],"thumbnail":["https:\/\/www.uartes.edu.ec\/sitio\/wp-content\/uploads\/2023\/01\/senas1-150x150.jpg",150,150,true],"medium":["https:\/\/www.uartes.edu.ec\/sitio\/wp-content\/uploads\/2023\/01\/senas1-300x200.jpg",300,200,true],"medium_large":["https:\/\/www.uartes.edu.ec\/sitio\/wp-content\/uploads\/2023\/01\/senas1-768x512.jpg",768,512,true],"large":["https:\/\/www.uartes.edu.ec\/sitio\/wp-content\/uploads\/2023\/01\/senas1-644x429.jpg",644,429,true],"1536x1536":["https:\/\/www.uartes.edu.ec\/sitio\/wp-content\/uploads\/2023\/01\/senas1-1536x1024.jpg",1536,1024,true],"2048x2048":["https:\/\/www.uartes.edu.ec\/sitio\/wp-content\/uploads\/2023\/01\/senas1.jpg",2000,1333,false],"trp-custom-language-flag":["https:\/\/www.uartes.edu.ec\/sitio\/wp-content\/uploads\/2023\/01\/senas1.jpg",18,12,false],"htmega_size_585x295":["https:\/\/www.uartes.edu.ec\/sitio\/wp-content\/uploads\/2023\/01\/senas1.jpg",443,295,false],"htmega_size_1170x536":["https:\/\/www.uartes.edu.ec\/sitio\/wp-content\/uploads\/2023\/01\/senas1.jpg",804,536,false],"htmega_size_396x360":["https:\/\/www.uartes.edu.ec\/sitio\/wp-content\/uploads\/2023\/01\/senas1.jpg",396,264,false],"gb-block-post-grid-landscape":["https:\/\/www.uartes.edu.ec\/sitio\/wp-content\/uploads\/2023\/01\/senas1-600x400.jpg",600,400,true],"gb-block-post-grid-square":["https:\/\/www.uartes.edu.ec\/sitio\/wp-content\/uploads\/2023\/01\/senas1-600x600.jpg",600,600,true],"university-hub-thumb":["https:\/\/www.uartes.edu.ec\/sitio\/wp-content\/uploads\/2023\/01\/senas1-400x267.jpg",400,267,true],"mailpoet_newsletter_max":["https:\/\/www.uartes.edu.ec\/sitio\/wp-content\/uploads\/2023\/01\/senas1.jpg",1320,880,false]},"uagb_author_info":{"display_name":"ccortez","author_link":"https:\/\/www.uartes.edu.ec\/sitio\/en\/blog\/author\/ccortez\/"},"uagb_comment_info":0,"uagb_excerpt":"Lila Murillo es estudiante de la Escuela de Literatura de la UArtes y desde hace siete a\u00f1os es usuaria de la lengua de se\u00f1as. Ella lleva adelante el taller de creaci\u00f3n literaria en lengua de se\u00f1as \u201cBajo la ceiba joven\u201d, que aborda el cuento, microcuento y relato e imparte clases grupales y sesiones personalizadas. Aqu\u00ed&hellip;","featured_image_src":"https:\/\/www.uartes.edu.ec\/sitio\/wp-content\/uploads\/2023\/01\/senas1-600x400.jpg","featured_image_src_square":"https:\/\/www.uartes.edu.ec\/sitio\/wp-content\/uploads\/2023\/01\/senas1-600x600.jpg","author_info":{"display_name":"ccortez","author_link":"https:\/\/www.uartes.edu.ec\/sitio\/en\/blog\/author\/ccortez\/"},"publishpress_future_workflow_manual_trigger":{"enabledWorkflows":[]},"distributor_meta":false,"distributor_terms":false,"distributor_media":false,"distributor_original_site_name":"Universidad de las Artes","distributor_original_site_url":"https:\/\/www.uartes.edu.ec\/sitio\/en","push-errors":false,"_links":{"self":[{"href":"https:\/\/www.uartes.edu.ec\/sitio\/en\/wp-json\/wp\/v2\/posts\/36863","targetHints":{"allow":["GET"]}}],"collection":[{"href":"https:\/\/www.uartes.edu.ec\/sitio\/en\/wp-json\/wp\/v2\/posts"}],"about":[{"href":"https:\/\/www.uartes.edu.ec\/sitio\/en\/wp-json\/wp\/v2\/types\/post"}],"author":[{"embeddable":true,"href":"https:\/\/www.uartes.edu.ec\/sitio\/en\/wp-json\/wp\/v2\/users\/10"}],"replies":[{"embeddable":true,"href":"https:\/\/www.uartes.edu.ec\/sitio\/en\/wp-json\/wp\/v2\/comments?post=36863"}],"version-history":[{"count":7,"href":"https:\/\/www.uartes.edu.ec\/sitio\/en\/wp-json\/wp\/v2\/posts\/36863\/revisions"}],"predecessor-version":[{"id":37485,"href":"https:\/\/www.uartes.edu.ec\/sitio\/en\/wp-json\/wp\/v2\/posts\/36863\/revisions\/37485"}],"wp:featuredmedia":[{"embeddable":true,"href":"https:\/\/www.uartes.edu.ec\/sitio\/en\/wp-json\/wp\/v2\/media\/36864"}],"wp:attachment":[{"href":"https:\/\/www.uartes.edu.ec\/sitio\/en\/wp-json\/wp\/v2\/media?parent=36863"}],"wp:term":[{"taxonomy":"category","embeddable":true,"href":"https:\/\/www.uartes.edu.ec\/sitio\/en\/wp-json\/wp\/v2\/categories?post=36863"},{"taxonomy":"post_tag","embeddable":true,"href":"https:\/\/www.uartes.edu.ec\/sitio\/en\/wp-json\/wp\/v2\/tags?post=36863"},{"taxonomy":"infouartes","embeddable":true,"href":"https:\/\/www.uartes.edu.ec\/sitio\/en\/wp-json\/wp\/v2\/infouartes?post=36863"}],"curies":[{"name":"wp","href":"https:\/\/api.w.org\/{rel}","templated":true}]}}