{"id":36923,"date":"2023-01-19T18:40:00","date_gmt":"2023-01-19T23:40:00","guid":{"rendered":"http:\/\/www.uartes.edu.ec\/sitio\/?p=36923"},"modified":"2024-07-04T11:21:43","modified_gmt":"2024-07-04T16:21:43","slug":"mentidero-de-lectura-espacio-con-yuliana-ortiz-inscrito-en-las-actividades-previas-a-la-agenda-por-el-decenio-afrodescendiente","status":"publish","type":"post","link":"https:\/\/www.uartes.edu.ec\/sitio\/en\/blog\/2023\/01\/19\/mentidero-de-lectura-espacio-con-yuliana-ortiz-inscrito-en-las-actividades-previas-a-la-agenda-por-el-decenio-afrodescendiente\/","title":{"rendered":"\u201cMentidero de lectura\u201d, espacio con Yuliana Ortiz inscrito como actividad previa del Decenio Afrodescendiente"},"content":{"rendered":"<p>El \u201cMentidero de lectura: con todos los que soy\u201d es un programa gestionado por Yuliana Ortiz, graduada de Literatura en la Universidad de las Artes, y el Vicerrectorado Acad\u00e9mico de la UArtes que pretende acercar a la comunidad universitaria y local a la producci\u00f3n de pensamiento cr\u00edtico literario y creativo de las comunidades escribientes de la di\u00e1spora negra en Am\u00e9rica Latina y el Caribe. Las actividades se desarrollan los martes en la Biblioteca de las Artes y los jueves en los centros culturales de la Isla Trinitaria.<\/p>\n\n\n\n<p>El nombre \u201cmentidero\u201d tiene su origen en el norte de Esmeraldas. Es un espacio de tradici\u00f3n oral \u201cpara echar historias y ficcionar\u201d. Son memorias vivas que mutan siempre. Ortiz aclara que lo que se piensa de lo ancestral como un \u201cquedarse en el pasado\u201d es m\u00e1s bien \u201cuna posibilidad de desarrollar un futuro\u201d.<\/p>\n\n\n\n<p>Ortiz trabaja desde el a\u00f1o pasado en la UArtes. Actualmente ocupa un cargo t\u00e9cnico docente en un seminario de estudios orales. Una de sus tareas asignadas era hacer una agenda sobre el Decenio Afrodescendiente, un proyecto declarado por la ONU en 2015 para todos los pa\u00edses.<\/p>\n\n\n\n<p>La agenda en menci\u00f3n se basa en una reparaci\u00f3n de diez a\u00f1os, enfocada en la comunidad afrodescendiente que a lo largo de todo este tiempo ha concentrado el mayor porcentaje de pobreza, poca asignaci\u00f3n de recursos y dif\u00edcil acceso a la educaci\u00f3n. A pesar de ello, la comunidad afrodescendiente produce activamente pensamiento acad\u00e9mico y literatura, pero no suele ser incluida en los espacios acad\u00e9micos.<\/p>\n\n\n<div class=\"wp-block-image\">\n<figure class=\"aligncenter size-large\"><img fetchpriority=\"high\" decoding=\"async\" width=\"644\" height=\"429\" src=\"http:\/\/www.uartes.edu.ec\/sitio\/wp-content\/uploads\/2023\/01\/MENTIDERO-LECTURA-01-644x429.jpg\" alt=\"\" class=\"wp-image-36925\" srcset=\"https:\/\/www.uartes.edu.ec\/sitio\/wp-content\/uploads\/2023\/01\/MENTIDERO-LECTURA-01-644x429.jpg 644w, https:\/\/www.uartes.edu.ec\/sitio\/wp-content\/uploads\/2023\/01\/MENTIDERO-LECTURA-01-768x511.jpg 768w, https:\/\/www.uartes.edu.ec\/sitio\/wp-content\/uploads\/2023\/01\/MENTIDERO-LECTURA-01.jpg 2000w, https:\/\/www.uartes.edu.ec\/sitio\/wp-content\/uploads\/2023\/01\/MENTIDERO-LECTURA-01-600x399.jpg 600w, https:\/\/www.uartes.edu.ec\/sitio\/wp-content\/uploads\/2023\/01\/MENTIDERO-LECTURA-01-272x182.jpg 272w\" sizes=\"(max-width: 644px) 100vw, 644px\" \/><\/figure>\n<\/div>\n\n\n<p>Despu\u00e9s de algunas reuniones con varios l\u00edderes de la comunidad afrodescendiente, se propuso una agenda en 2016 para ser cumplida por todas las entidades estatales. El objetivo era pensar formas de gestionar recursos y brindar espacios letrados. Desafortunadamente, desde 2016 Ecuador dej\u00f3 de entregar informes sobre la condici\u00f3n de la comunidad afrodescendiente a la ONU y para 2022, los informes de la organizaci\u00f3n sobre la comunidad eran desfavorables. Desde la Universidad de las Artes, se propuso esta agenda partiendo de la creatividad, la cultura y las artes, pensando en formas de inclusi\u00f3n por medio de espacios de di\u00e1logo y aprendizaje en torno a la presencia del Caribe en Latinoam\u00e9rica.<\/p>\n\n\n\n<p>Las actividades del mentidero parten de un recorrido por la literatura producida en Ecuador, Brasil, el Caribe en general, Angola y otras zonas del mundo. En la selecci\u00f3n de obras constan \u201cCuando los guayacanes florec\u00edan\u201d del ecuatoriano Nelson Tupi\u00f1\u00e1n. Es una novela que narra la revoluci\u00f3n de Concha, hecho hist\u00f3rico opacado por la revoluci\u00f3n alfarista. Entre otros temas de la obra, est\u00e1 la pugna entre lo rural como negro y cholo y la ciudad letrada con la blanquitud.<\/p>\n\n\n\n<p>As\u00ed tambi\u00e9n, una autora que se leer\u00e1 es Helena Silvestre, escritora afroind\u00edgena, militante del Movimiento Sin Tierra MSTS, quien vendr\u00e1 el extranjero para brindar talleres sobre afrofuturismo. En cuanto a su obra, Ortiz destaca \u201cNotas sobre el hambre\u201d, novela que habla sobre la realidad de los espacios de ocupaci\u00f3n y sus conflictos pol\u00edticos; menciona que la lectura es una excusa para conversar en torno a las ausencias y diversas problem\u00e1ticas, tal cual es el prop\u00f3sito de un mentidero.<\/p>\n\n\n\n<p>Texto: Neysser Barber\u00e1n Rodr\u00edguez, estudiante de la Escuela de Literatura.<\/p>","protected":false},"excerpt":{"rendered":"<p>En la Biblioteca de las Artes tuvo lugar este 17 de enero el primer \u201cMentidero de lectura\u201d, impulsado por el Vicerrectorado Acad\u00e9mico y a cargo de Yuliana Ortiz para acercar a la comunidad universitaria y local a la producci\u00f3n de pensamiento cr\u00edtico literario y creativo de los escribientes de la di\u00e1spora negra en Am\u00e9rica Latina y el Caribe. Es parte de actos previos de la agenda por el Decenio Afrodescendiente.<\/p>","protected":false},"author":10,"featured_media":37227,"comment_status":"open","ping_status":"open","sticky":false,"template":"","format":"standard","meta":{"_acf_changed":false,"_uag_custom_page_level_css":"","_monsterinsights_skip_tracking":false,"_monsterinsights_sitenote_active":false,"_monsterinsights_sitenote_note":"","_monsterinsights_sitenote_category":0,"cybocfi_hide_featured_image":"","footnotes":""},"categories":[716,80,82,75,76,77,284],"tags":[914],"infouartes":[],"class_list":["post-36923","post","type-post","status-publish","format-standard","has-post-thumbnail","hentry","category-1c","category-academico","category-artes","category-docentes","category-estudiantes","category-gestion","category-investigacion","tag-espacio-de-lectura"],"acf":[],"yoast_head":"<!-- This site is optimized with the Yoast SEO plugin v27.4 - https:\/\/yoast.com\/product\/yoast-seo-wordpress\/ -->\n<title>Universidad de las Artes - \u201cMentidero de lectura\u201d, espacio con Yuliana Ortiz inscrito como actividad previa del Decenio Afrodescendiente<\/title>\n<meta name=\"description\" content=\"Universidad de las Artes - \u201cMentidero de lectura\u201d, espacio con Yuliana Ortiz inscrito como actividad previa del Decenio Afrodescendiente\" \/>\n<meta name=\"robots\" content=\"index, follow, max-snippet:-1, max-image-preview:large, max-video-preview:-1\" \/>\n<link rel=\"canonical\" href=\"https:\/\/www.uartes.edu.ec\/sitio\/en\/blog\/2023\/01\/19\/mentidero-de-lectura-espacio-con-yuliana-ortiz-inscrito-en-las-actividades-previas-a-la-agenda-por-el-decenio-afrodescendiente\/\" \/>\n<meta property=\"og:locale\" content=\"en_US\" \/>\n<meta property=\"og:type\" content=\"article\" \/>\n<meta property=\"og:title\" content=\"Universidad de las Artes - \u201cMentidero de lectura\u201d, espacio con Yuliana Ortiz inscrito como actividad previa del Decenio Afrodescendiente\" \/>\n<meta property=\"og:description\" content=\"Universidad de las Artes - \u201cMentidero de lectura\u201d, espacio con Yuliana Ortiz inscrito como actividad previa del Decenio Afrodescendiente\" \/>\n<meta property=\"og:url\" content=\"https:\/\/www.uartes.edu.ec\/sitio\/en\/blog\/2023\/01\/19\/mentidero-de-lectura-espacio-con-yuliana-ortiz-inscrito-en-las-actividades-previas-a-la-agenda-por-el-decenio-afrodescendiente\/\" \/>\n<meta property=\"og:site_name\" content=\"Universidad de las Artes\" \/>\n<meta property=\"article:publisher\" content=\"https:\/\/www.facebook.com\/uartesec\" \/>\n<meta property=\"article:published_time\" content=\"2023-01-19T23:40:00+00:00\" \/>\n<meta property=\"article:modified_time\" content=\"2024-07-04T16:21:43+00:00\" \/>\n<meta property=\"og:image\" content=\"https:\/\/www.uartes.edu.ec\/sitio\/wp-content\/uploads\/2023\/01\/MENTIDERO1.jpg\" \/>\n\t<meta property=\"og:image:width\" content=\"2000\" \/>\n\t<meta property=\"og:image:height\" content=\"1333\" \/>\n\t<meta property=\"og:image:type\" content=\"image\/jpeg\" \/>\n<meta name=\"author\" content=\"ccortez\" \/>\n<meta name=\"twitter:card\" content=\"summary_large_image\" \/>\n<meta name=\"twitter:creator\" content=\"@uartesec\" \/>\n<meta name=\"twitter:site\" content=\"@uartesec\" \/>\n<meta name=\"twitter:label1\" content=\"Written by\" \/>\n\t<meta name=\"twitter:data1\" content=\"ccortez\" \/>\n\t<meta name=\"twitter:label2\" content=\"Est. reading time\" \/>\n\t<meta name=\"twitter:data2\" content=\"3 minutes\" \/>\n<script type=\"application\/ld+json\" class=\"yoast-schema-graph\">{\"@context\":\"https:\\\/\\\/schema.org\",\"@graph\":[{\"@type\":\"Article\",\"@id\":\"https:\\\/\\\/www.uartes.edu.ec\\\/sitio\\\/en\\\/blog\\\/2023\\\/01\\\/19\\\/mentidero-de-lectura-espacio-con-yuliana-ortiz-inscrito-en-las-actividades-previas-a-la-agenda-por-el-decenio-afrodescendiente\\\/#article\",\"isPartOf\":{\"@id\":\"https:\\\/\\\/www.uartes.edu.ec\\\/sitio\\\/en\\\/blog\\\/2023\\\/01\\\/19\\\/mentidero-de-lectura-espacio-con-yuliana-ortiz-inscrito-en-las-actividades-previas-a-la-agenda-por-el-decenio-afrodescendiente\\\/\"},\"author\":{\"name\":\"ccortez\",\"@id\":\"https:\\\/\\\/www.uartes.edu.ec\\\/sitio\\\/en\\\/#\\\/schema\\\/person\\\/efa1b8275797664fd7f13a79ccc0b1f4\"},\"headline\":\"\u201cMentidero de lectura\u201d, espacio con Yuliana Ortiz inscrito como actividad previa del Decenio Afrodescendiente\",\"datePublished\":\"2023-01-19T23:40:00+00:00\",\"dateModified\":\"2024-07-04T16:21:43+00:00\",\"mainEntityOfPage\":{\"@id\":\"https:\\\/\\\/www.uartes.edu.ec\\\/sitio\\\/en\\\/blog\\\/2023\\\/01\\\/19\\\/mentidero-de-lectura-espacio-con-yuliana-ortiz-inscrito-en-las-actividades-previas-a-la-agenda-por-el-decenio-afrodescendiente\\\/\"},\"wordCount\":574,\"commentCount\":0,\"publisher\":{\"@id\":\"https:\\\/\\\/www.uartes.edu.ec\\\/sitio\\\/en\\\/#organization\"},\"image\":{\"@id\":\"https:\\\/\\\/www.uartes.edu.ec\\\/sitio\\\/en\\\/blog\\\/2023\\\/01\\\/19\\\/mentidero-de-lectura-espacio-con-yuliana-ortiz-inscrito-en-las-actividades-previas-a-la-agenda-por-el-decenio-afrodescendiente\\\/#primaryimage\"},\"thumbnailUrl\":\"https:\\\/\\\/www.uartes.edu.ec\\\/sitio\\\/wp-content\\\/uploads\\\/2023\\\/01\\\/MENTIDERO1.jpg\",\"keywords\":[\"espacio de lectura\"],\"articleSection\":[\"1C\",\"Acad\u00e9mico\",\"Artes\",\"Docentes\",\"Estudiantes\",\"Gesti\u00f3n\",\"Investigaci\u00f3n\"],\"inLanguage\":\"en-US\",\"potentialAction\":[{\"@type\":\"CommentAction\",\"name\":\"Comment\",\"target\":[\"https:\\\/\\\/www.uartes.edu.ec\\\/sitio\\\/en\\\/blog\\\/2023\\\/01\\\/19\\\/mentidero-de-lectura-espacio-con-yuliana-ortiz-inscrito-en-las-actividades-previas-a-la-agenda-por-el-decenio-afrodescendiente\\\/#respond\"]}]},{\"@type\":[\"WebPage\",\"ItemPage\"],\"@id\":\"https:\\\/\\\/www.uartes.edu.ec\\\/sitio\\\/en\\\/blog\\\/2023\\\/01\\\/19\\\/mentidero-de-lectura-espacio-con-yuliana-ortiz-inscrito-en-las-actividades-previas-a-la-agenda-por-el-decenio-afrodescendiente\\\/\",\"url\":\"https:\\\/\\\/www.uartes.edu.ec\\\/sitio\\\/en\\\/blog\\\/2023\\\/01\\\/19\\\/mentidero-de-lectura-espacio-con-yuliana-ortiz-inscrito-en-las-actividades-previas-a-la-agenda-por-el-decenio-afrodescendiente\\\/\",\"name\":\"Universidad de las Artes - \u201cMentidero de lectura\u201d, espacio con Yuliana Ortiz inscrito como actividad previa del Decenio Afrodescendiente\",\"isPartOf\":{\"@id\":\"https:\\\/\\\/www.uartes.edu.ec\\\/sitio\\\/en\\\/#website\"},\"primaryImageOfPage\":{\"@id\":\"https:\\\/\\\/www.uartes.edu.ec\\\/sitio\\\/en\\\/blog\\\/2023\\\/01\\\/19\\\/mentidero-de-lectura-espacio-con-yuliana-ortiz-inscrito-en-las-actividades-previas-a-la-agenda-por-el-decenio-afrodescendiente\\\/#primaryimage\"},\"image\":{\"@id\":\"https:\\\/\\\/www.uartes.edu.ec\\\/sitio\\\/en\\\/blog\\\/2023\\\/01\\\/19\\\/mentidero-de-lectura-espacio-con-yuliana-ortiz-inscrito-en-las-actividades-previas-a-la-agenda-por-el-decenio-afrodescendiente\\\/#primaryimage\"},\"thumbnailUrl\":\"https:\\\/\\\/www.uartes.edu.ec\\\/sitio\\\/wp-content\\\/uploads\\\/2023\\\/01\\\/MENTIDERO1.jpg\",\"datePublished\":\"2023-01-19T23:40:00+00:00\",\"dateModified\":\"2024-07-04T16:21:43+00:00\",\"description\":\"Universidad de las Artes - \u201cMentidero de lectura\u201d, espacio con Yuliana Ortiz inscrito como actividad previa del Decenio Afrodescendiente\",\"breadcrumb\":{\"@id\":\"https:\\\/\\\/www.uartes.edu.ec\\\/sitio\\\/en\\\/blog\\\/2023\\\/01\\\/19\\\/mentidero-de-lectura-espacio-con-yuliana-ortiz-inscrito-en-las-actividades-previas-a-la-agenda-por-el-decenio-afrodescendiente\\\/#breadcrumb\"},\"inLanguage\":\"en-US\",\"potentialAction\":[{\"@type\":\"ReadAction\",\"target\":[\"https:\\\/\\\/www.uartes.edu.ec\\\/sitio\\\/en\\\/blog\\\/2023\\\/01\\\/19\\\/mentidero-de-lectura-espacio-con-yuliana-ortiz-inscrito-en-las-actividades-previas-a-la-agenda-por-el-decenio-afrodescendiente\\\/\"]}]},{\"@type\":\"ImageObject\",\"inLanguage\":\"en-US\",\"@id\":\"https:\\\/\\\/www.uartes.edu.ec\\\/sitio\\\/en\\\/blog\\\/2023\\\/01\\\/19\\\/mentidero-de-lectura-espacio-con-yuliana-ortiz-inscrito-en-las-actividades-previas-a-la-agenda-por-el-decenio-afrodescendiente\\\/#primaryimage\",\"url\":\"https:\\\/\\\/www.uartes.edu.ec\\\/sitio\\\/wp-content\\\/uploads\\\/2023\\\/01\\\/MENTIDERO1.jpg\",\"contentUrl\":\"https:\\\/\\\/www.uartes.edu.ec\\\/sitio\\\/wp-content\\\/uploads\\\/2023\\\/01\\\/MENTIDERO1.jpg\",\"width\":2000,\"height\":1333},{\"@type\":\"BreadcrumbList\",\"@id\":\"https:\\\/\\\/www.uartes.edu.ec\\\/sitio\\\/en\\\/blog\\\/2023\\\/01\\\/19\\\/mentidero-de-lectura-espacio-con-yuliana-ortiz-inscrito-en-las-actividades-previas-a-la-agenda-por-el-decenio-afrodescendiente\\\/#breadcrumb\",\"itemListElement\":[{\"@type\":\"ListItem\",\"position\":1,\"name\":\"Inicio\",\"item\":\"https:\\\/\\\/www.uartes.edu.ec\\\/sitio\\\/\"},{\"@type\":\"ListItem\",\"position\":2,\"name\":\"\u201cMentidero de lectura\u201d, espacio con Yuliana Ortiz inscrito como actividad previa del Decenio Afrodescendiente\"}]},{\"@type\":\"WebSite\",\"@id\":\"https:\\\/\\\/www.uartes.edu.ec\\\/sitio\\\/en\\\/#website\",\"url\":\"https:\\\/\\\/www.uartes.edu.ec\\\/sitio\\\/en\\\/\",\"name\":\"Universidad de las Artes\",\"description\":\"Sitio oficial de la Universidad Nacional de las Artes del Ecuador\",\"publisher\":{\"@id\":\"https:\\\/\\\/www.uartes.edu.ec\\\/sitio\\\/en\\\/#organization\"},\"potentialAction\":[{\"@type\":\"SearchAction\",\"target\":{\"@type\":\"EntryPoint\",\"urlTemplate\":\"https:\\\/\\\/www.uartes.edu.ec\\\/sitio\\\/en\\\/?s={search_term_string}\"},\"query-input\":{\"@type\":\"PropertyValueSpecification\",\"valueRequired\":true,\"valueName\":\"search_term_string\"}}],\"inLanguage\":\"en-US\"},{\"@type\":\"Organization\",\"@id\":\"https:\\\/\\\/www.uartes.edu.ec\\\/sitio\\\/en\\\/#organization\",\"name\":\"Universidad de las Artes\",\"url\":\"https:\\\/\\\/www.uartes.edu.ec\\\/sitio\\\/en\\\/\",\"logo\":{\"@type\":\"ImageObject\",\"inLanguage\":\"en-US\",\"@id\":\"https:\\\/\\\/www.uartes.edu.ec\\\/sitio\\\/en\\\/#\\\/schema\\\/logo\\\/image\\\/\",\"url\":\"https:\\\/\\\/www.uartes.edu.ec\\\/sitio\\\/wp-content\\\/uploads\\\/2022\\\/07\\\/logo-ua-horizontal.png\",\"contentUrl\":\"https:\\\/\\\/www.uartes.edu.ec\\\/sitio\\\/wp-content\\\/uploads\\\/2022\\\/07\\\/logo-ua-horizontal.png\",\"width\":800,\"height\":276,\"caption\":\"Universidad de las Artes\"},\"image\":{\"@id\":\"https:\\\/\\\/www.uartes.edu.ec\\\/sitio\\\/en\\\/#\\\/schema\\\/logo\\\/image\\\/\"},\"sameAs\":[\"https:\\\/\\\/www.facebook.com\\\/uartesec\",\"https:\\\/\\\/x.com\\\/uartesec\",\"https:\\\/\\\/www.tiktok.com\\\/@uartesec\"]},{\"@type\":\"Person\",\"@id\":\"https:\\\/\\\/www.uartes.edu.ec\\\/sitio\\\/en\\\/#\\\/schema\\\/person\\\/efa1b8275797664fd7f13a79ccc0b1f4\",\"name\":\"ccortez\",\"image\":{\"@type\":\"ImageObject\",\"inLanguage\":\"en-US\",\"@id\":\"https:\\\/\\\/secure.gravatar.com\\\/avatar\\\/b2a6f664a3ae8e074346ef91775736c5ec479e637ecced6842de9dc98b5da9cd?s=96&d=mm&r=g\",\"url\":\"https:\\\/\\\/secure.gravatar.com\\\/avatar\\\/b2a6f664a3ae8e074346ef91775736c5ec479e637ecced6842de9dc98b5da9cd?s=96&d=mm&r=g\",\"contentUrl\":\"https:\\\/\\\/secure.gravatar.com\\\/avatar\\\/b2a6f664a3ae8e074346ef91775736c5ec479e637ecced6842de9dc98b5da9cd?s=96&d=mm&r=g\",\"caption\":\"ccortez\"},\"url\":\"https:\\\/\\\/www.uartes.edu.ec\\\/sitio\\\/en\\\/blog\\\/author\\\/ccortez\\\/\"}]}<\/script>\n<!-- \/ Yoast SEO plugin. -->","yoast_head_json":{"title":"Universidad de las Artes - \u201cMentidero de lectura\u201d, espacio con Yuliana Ortiz inscrito como actividad previa del Decenio Afrodescendiente","description":"Universidad de las Artes - \u201cMentidero de lectura\u201d, espacio con Yuliana Ortiz inscrito como actividad previa del Decenio Afrodescendiente","robots":{"index":"index","follow":"follow","max-snippet":"max-snippet:-1","max-image-preview":"max-image-preview:large","max-video-preview":"max-video-preview:-1"},"canonical":"https:\/\/www.uartes.edu.ec\/sitio\/en\/blog\/2023\/01\/19\/mentidero-de-lectura-espacio-con-yuliana-ortiz-inscrito-en-las-actividades-previas-a-la-agenda-por-el-decenio-afrodescendiente\/","og_locale":"en_US","og_type":"article","og_title":"Universidad de las Artes - \u201cMentidero de lectura\u201d, espacio con Yuliana Ortiz inscrito como actividad previa del Decenio Afrodescendiente","og_description":"Universidad de las Artes - \u201cMentidero de lectura\u201d, espacio con Yuliana Ortiz inscrito como actividad previa del Decenio Afrodescendiente","og_url":"https:\/\/www.uartes.edu.ec\/sitio\/en\/blog\/2023\/01\/19\/mentidero-de-lectura-espacio-con-yuliana-ortiz-inscrito-en-las-actividades-previas-a-la-agenda-por-el-decenio-afrodescendiente\/","og_site_name":"Universidad de las Artes","article_publisher":"https:\/\/www.facebook.com\/uartesec","article_published_time":"2023-01-19T23:40:00+00:00","article_modified_time":"2024-07-04T16:21:43+00:00","og_image":[{"width":2000,"height":1333,"url":"https:\/\/www.uartes.edu.ec\/sitio\/wp-content\/uploads\/2023\/01\/MENTIDERO1.jpg","type":"image\/jpeg"}],"author":"ccortez","twitter_card":"summary_large_image","twitter_creator":"@uartesec","twitter_site":"@uartesec","twitter_misc":{"Written by":"ccortez","Est. reading time":"3 minutes"},"schema":{"@context":"https:\/\/schema.org","@graph":[{"@type":"Article","@id":"https:\/\/www.uartes.edu.ec\/sitio\/en\/blog\/2023\/01\/19\/mentidero-de-lectura-espacio-con-yuliana-ortiz-inscrito-en-las-actividades-previas-a-la-agenda-por-el-decenio-afrodescendiente\/#article","isPartOf":{"@id":"https:\/\/www.uartes.edu.ec\/sitio\/en\/blog\/2023\/01\/19\/mentidero-de-lectura-espacio-con-yuliana-ortiz-inscrito-en-las-actividades-previas-a-la-agenda-por-el-decenio-afrodescendiente\/"},"author":{"name":"ccortez","@id":"https:\/\/www.uartes.edu.ec\/sitio\/en\/#\/schema\/person\/efa1b8275797664fd7f13a79ccc0b1f4"},"headline":"\u201cMentidero de lectura\u201d, espacio con Yuliana Ortiz inscrito como actividad previa del Decenio Afrodescendiente","datePublished":"2023-01-19T23:40:00+00:00","dateModified":"2024-07-04T16:21:43+00:00","mainEntityOfPage":{"@id":"https:\/\/www.uartes.edu.ec\/sitio\/en\/blog\/2023\/01\/19\/mentidero-de-lectura-espacio-con-yuliana-ortiz-inscrito-en-las-actividades-previas-a-la-agenda-por-el-decenio-afrodescendiente\/"},"wordCount":574,"commentCount":0,"publisher":{"@id":"https:\/\/www.uartes.edu.ec\/sitio\/en\/#organization"},"image":{"@id":"https:\/\/www.uartes.edu.ec\/sitio\/en\/blog\/2023\/01\/19\/mentidero-de-lectura-espacio-con-yuliana-ortiz-inscrito-en-las-actividades-previas-a-la-agenda-por-el-decenio-afrodescendiente\/#primaryimage"},"thumbnailUrl":"https:\/\/www.uartes.edu.ec\/sitio\/wp-content\/uploads\/2023\/01\/MENTIDERO1.jpg","keywords":["espacio de lectura"],"articleSection":["1C","Acad\u00e9mico","Artes","Docentes","Estudiantes","Gesti\u00f3n","Investigaci\u00f3n"],"inLanguage":"en-US","potentialAction":[{"@type":"CommentAction","name":"Comment","target":["https:\/\/www.uartes.edu.ec\/sitio\/en\/blog\/2023\/01\/19\/mentidero-de-lectura-espacio-con-yuliana-ortiz-inscrito-en-las-actividades-previas-a-la-agenda-por-el-decenio-afrodescendiente\/#respond"]}]},{"@type":["WebPage","ItemPage"],"@id":"https:\/\/www.uartes.edu.ec\/sitio\/en\/blog\/2023\/01\/19\/mentidero-de-lectura-espacio-con-yuliana-ortiz-inscrito-en-las-actividades-previas-a-la-agenda-por-el-decenio-afrodescendiente\/","url":"https:\/\/www.uartes.edu.ec\/sitio\/en\/blog\/2023\/01\/19\/mentidero-de-lectura-espacio-con-yuliana-ortiz-inscrito-en-las-actividades-previas-a-la-agenda-por-el-decenio-afrodescendiente\/","name":"Universidad de las Artes - \u201cMentidero de lectura\u201d, espacio con Yuliana Ortiz inscrito como actividad previa del Decenio Afrodescendiente","isPartOf":{"@id":"https:\/\/www.uartes.edu.ec\/sitio\/en\/#website"},"primaryImageOfPage":{"@id":"https:\/\/www.uartes.edu.ec\/sitio\/en\/blog\/2023\/01\/19\/mentidero-de-lectura-espacio-con-yuliana-ortiz-inscrito-en-las-actividades-previas-a-la-agenda-por-el-decenio-afrodescendiente\/#primaryimage"},"image":{"@id":"https:\/\/www.uartes.edu.ec\/sitio\/en\/blog\/2023\/01\/19\/mentidero-de-lectura-espacio-con-yuliana-ortiz-inscrito-en-las-actividades-previas-a-la-agenda-por-el-decenio-afrodescendiente\/#primaryimage"},"thumbnailUrl":"https:\/\/www.uartes.edu.ec\/sitio\/wp-content\/uploads\/2023\/01\/MENTIDERO1.jpg","datePublished":"2023-01-19T23:40:00+00:00","dateModified":"2024-07-04T16:21:43+00:00","description":"Universidad de las Artes - \u201cMentidero de lectura\u201d, espacio con Yuliana Ortiz inscrito como actividad previa del Decenio Afrodescendiente","breadcrumb":{"@id":"https:\/\/www.uartes.edu.ec\/sitio\/en\/blog\/2023\/01\/19\/mentidero-de-lectura-espacio-con-yuliana-ortiz-inscrito-en-las-actividades-previas-a-la-agenda-por-el-decenio-afrodescendiente\/#breadcrumb"},"inLanguage":"en-US","potentialAction":[{"@type":"ReadAction","target":["https:\/\/www.uartes.edu.ec\/sitio\/en\/blog\/2023\/01\/19\/mentidero-de-lectura-espacio-con-yuliana-ortiz-inscrito-en-las-actividades-previas-a-la-agenda-por-el-decenio-afrodescendiente\/"]}]},{"@type":"ImageObject","inLanguage":"en-US","@id":"https:\/\/www.uartes.edu.ec\/sitio\/en\/blog\/2023\/01\/19\/mentidero-de-lectura-espacio-con-yuliana-ortiz-inscrito-en-las-actividades-previas-a-la-agenda-por-el-decenio-afrodescendiente\/#primaryimage","url":"https:\/\/www.uartes.edu.ec\/sitio\/wp-content\/uploads\/2023\/01\/MENTIDERO1.jpg","contentUrl":"https:\/\/www.uartes.edu.ec\/sitio\/wp-content\/uploads\/2023\/01\/MENTIDERO1.jpg","width":2000,"height":1333},{"@type":"BreadcrumbList","@id":"https:\/\/www.uartes.edu.ec\/sitio\/en\/blog\/2023\/01\/19\/mentidero-de-lectura-espacio-con-yuliana-ortiz-inscrito-en-las-actividades-previas-a-la-agenda-por-el-decenio-afrodescendiente\/#breadcrumb","itemListElement":[{"@type":"ListItem","position":1,"name":"Inicio","item":"https:\/\/www.uartes.edu.ec\/sitio\/"},{"@type":"ListItem","position":2,"name":"\u201cMentidero de lectura\u201d, espacio con Yuliana Ortiz inscrito como actividad previa del Decenio Afrodescendiente"}]},{"@type":"WebSite","@id":"https:\/\/www.uartes.edu.ec\/sitio\/en\/#website","url":"https:\/\/www.uartes.edu.ec\/sitio\/en\/","name":"Universidad de las Artes","description":"Sitio oficial de la Universidad Nacional de las Artes del Ecuador","publisher":{"@id":"https:\/\/www.uartes.edu.ec\/sitio\/en\/#organization"},"potentialAction":[{"@type":"SearchAction","target":{"@type":"EntryPoint","urlTemplate":"https:\/\/www.uartes.edu.ec\/sitio\/en\/?s={search_term_string}"},"query-input":{"@type":"PropertyValueSpecification","valueRequired":true,"valueName":"search_term_string"}}],"inLanguage":"en-US"},{"@type":"Organization","@id":"https:\/\/www.uartes.edu.ec\/sitio\/en\/#organization","name":"Universidad de las Artes","url":"https:\/\/www.uartes.edu.ec\/sitio\/en\/","logo":{"@type":"ImageObject","inLanguage":"en-US","@id":"https:\/\/www.uartes.edu.ec\/sitio\/en\/#\/schema\/logo\/image\/","url":"https:\/\/www.uartes.edu.ec\/sitio\/wp-content\/uploads\/2022\/07\/logo-ua-horizontal.png","contentUrl":"https:\/\/www.uartes.edu.ec\/sitio\/wp-content\/uploads\/2022\/07\/logo-ua-horizontal.png","width":800,"height":276,"caption":"Universidad de las Artes"},"image":{"@id":"https:\/\/www.uartes.edu.ec\/sitio\/en\/#\/schema\/logo\/image\/"},"sameAs":["https:\/\/www.facebook.com\/uartesec","https:\/\/x.com\/uartesec","https:\/\/www.tiktok.com\/@uartesec"]},{"@type":"Person","@id":"https:\/\/www.uartes.edu.ec\/sitio\/en\/#\/schema\/person\/efa1b8275797664fd7f13a79ccc0b1f4","name":"ccortez","image":{"@type":"ImageObject","inLanguage":"en-US","@id":"https:\/\/secure.gravatar.com\/avatar\/b2a6f664a3ae8e074346ef91775736c5ec479e637ecced6842de9dc98b5da9cd?s=96&d=mm&r=g","url":"https:\/\/secure.gravatar.com\/avatar\/b2a6f664a3ae8e074346ef91775736c5ec479e637ecced6842de9dc98b5da9cd?s=96&d=mm&r=g","contentUrl":"https:\/\/secure.gravatar.com\/avatar\/b2a6f664a3ae8e074346ef91775736c5ec479e637ecced6842de9dc98b5da9cd?s=96&d=mm&r=g","caption":"ccortez"},"url":"https:\/\/www.uartes.edu.ec\/sitio\/en\/blog\/author\/ccortez\/"}]}},"uagb_featured_image_src":{"full":["https:\/\/www.uartes.edu.ec\/sitio\/wp-content\/uploads\/2023\/01\/MENTIDERO1.jpg",2000,1333,false],"thumbnail":["https:\/\/www.uartes.edu.ec\/sitio\/wp-content\/uploads\/2023\/01\/MENTIDERO1-150x150.jpg",150,150,true],"medium":["https:\/\/www.uartes.edu.ec\/sitio\/wp-content\/uploads\/2023\/01\/MENTIDERO1-300x200.jpg",300,200,true],"medium_large":["https:\/\/www.uartes.edu.ec\/sitio\/wp-content\/uploads\/2023\/01\/MENTIDERO1-768x512.jpg",768,512,true],"large":["https:\/\/www.uartes.edu.ec\/sitio\/wp-content\/uploads\/2023\/01\/MENTIDERO1-644x429.jpg",644,429,true],"1536x1536":["https:\/\/www.uartes.edu.ec\/sitio\/wp-content\/uploads\/2023\/01\/MENTIDERO1-1536x1024.jpg",1536,1024,true],"2048x2048":["https:\/\/www.uartes.edu.ec\/sitio\/wp-content\/uploads\/2023\/01\/MENTIDERO1.jpg",2000,1333,false],"trp-custom-language-flag":["https:\/\/www.uartes.edu.ec\/sitio\/wp-content\/uploads\/2023\/01\/MENTIDERO1.jpg",18,12,false],"htmega_size_585x295":["https:\/\/www.uartes.edu.ec\/sitio\/wp-content\/uploads\/2023\/01\/MENTIDERO1.jpg",443,295,false],"htmega_size_1170x536":["https:\/\/www.uartes.edu.ec\/sitio\/wp-content\/uploads\/2023\/01\/MENTIDERO1.jpg",804,536,false],"htmega_size_396x360":["https:\/\/www.uartes.edu.ec\/sitio\/wp-content\/uploads\/2023\/01\/MENTIDERO1.jpg",396,264,false],"gb-block-post-grid-landscape":["https:\/\/www.uartes.edu.ec\/sitio\/wp-content\/uploads\/2023\/01\/MENTIDERO1-600x400.jpg",600,400,true],"gb-block-post-grid-square":["https:\/\/www.uartes.edu.ec\/sitio\/wp-content\/uploads\/2023\/01\/MENTIDERO1-600x600.jpg",600,600,true],"university-hub-thumb":["https:\/\/www.uartes.edu.ec\/sitio\/wp-content\/uploads\/2023\/01\/MENTIDERO1-400x267.jpg",400,267,true]},"uagb_author_info":{"display_name":"ccortez","author_link":"https:\/\/www.uartes.edu.ec\/sitio\/en\/blog\/author\/ccortez\/"},"uagb_comment_info":0,"uagb_excerpt":"En la Biblioteca de las Artes tuvo lugar este 17 de enero el primer \u201cMentidero de lectura\u201d, impulsado por el Vicerrectorado Acad\u00e9mico y a cargo de Yuliana Ortiz para acercar a la comunidad universitaria y local a la producci\u00f3n de pensamiento cr\u00edtico literario y creativo de los escribientes de la di\u00e1spora negra en Am\u00e9rica Latina&hellip;","featured_image_src":"https:\/\/www.uartes.edu.ec\/sitio\/wp-content\/uploads\/2023\/01\/MENTIDERO1-600x400.jpg","featured_image_src_square":"https:\/\/www.uartes.edu.ec\/sitio\/wp-content\/uploads\/2023\/01\/MENTIDERO1-600x600.jpg","author_info":{"display_name":"ccortez","author_link":"https:\/\/www.uartes.edu.ec\/sitio\/en\/blog\/author\/ccortez\/"},"publishpress_future_workflow_manual_trigger":{"enabledWorkflows":[]},"distributor_meta":false,"distributor_terms":false,"distributor_media":false,"distributor_original_site_name":"Universidad de las Artes","distributor_original_site_url":"https:\/\/www.uartes.edu.ec\/sitio\/en","push-errors":false,"_links":{"self":[{"href":"https:\/\/www.uartes.edu.ec\/sitio\/en\/wp-json\/wp\/v2\/posts\/36923","targetHints":{"allow":["GET"]}}],"collection":[{"href":"https:\/\/www.uartes.edu.ec\/sitio\/en\/wp-json\/wp\/v2\/posts"}],"about":[{"href":"https:\/\/www.uartes.edu.ec\/sitio\/en\/wp-json\/wp\/v2\/types\/post"}],"author":[{"embeddable":true,"href":"https:\/\/www.uartes.edu.ec\/sitio\/en\/wp-json\/wp\/v2\/users\/10"}],"replies":[{"embeddable":true,"href":"https:\/\/www.uartes.edu.ec\/sitio\/en\/wp-json\/wp\/v2\/comments?post=36923"}],"version-history":[{"count":9,"href":"https:\/\/www.uartes.edu.ec\/sitio\/en\/wp-json\/wp\/v2\/posts\/36923\/revisions"}],"predecessor-version":[{"id":37168,"href":"https:\/\/www.uartes.edu.ec\/sitio\/en\/wp-json\/wp\/v2\/posts\/36923\/revisions\/37168"}],"wp:featuredmedia":[{"embeddable":true,"href":"https:\/\/www.uartes.edu.ec\/sitio\/en\/wp-json\/wp\/v2\/media\/37227"}],"wp:attachment":[{"href":"https:\/\/www.uartes.edu.ec\/sitio\/en\/wp-json\/wp\/v2\/media?parent=36923"}],"wp:term":[{"taxonomy":"category","embeddable":true,"href":"https:\/\/www.uartes.edu.ec\/sitio\/en\/wp-json\/wp\/v2\/categories?post=36923"},{"taxonomy":"post_tag","embeddable":true,"href":"https:\/\/www.uartes.edu.ec\/sitio\/en\/wp-json\/wp\/v2\/tags?post=36923"},{"taxonomy":"infouartes","embeddable":true,"href":"https:\/\/www.uartes.edu.ec\/sitio\/en\/wp-json\/wp\/v2\/infouartes?post=36923"}],"curies":[{"name":"wp","href":"https:\/\/api.w.org\/{rel}","templated":true}]}}