{"id":38234,"date":"2023-02-13T16:05:00","date_gmt":"2023-02-13T21:05:00","guid":{"rendered":"http:\/\/www.uartes.edu.ec\/sitio\/?p=38234"},"modified":"2024-07-04T11:21:30","modified_gmt":"2024-07-04T16:21:30","slug":"con-feria-casi-estudiantes-cerraron-campana-de-educacion-sexual-integral","status":"publish","type":"post","link":"https:\/\/www.uartes.edu.ec\/sitio\/en\/blog\/2023\/02\/13\/con-feria-casi-estudiantes-cerraron-campana-de-educacion-sexual-integral\/","title":{"rendered":"Con Feria CASI estudiantes cerraron campa\u00f1a de educaci\u00f3n sexual integral"},"content":{"rendered":"<p>La Feria CASI marc\u00f3 el pasado 8 de febrero de 2023 el cierre de una campa\u00f1a de educaci\u00f3n sexual integral, iniciada por estudiantes de la Universidad de las Artes en el marco de la materia Laboratorio en la Comunidad que dicta la doctora Ybelice Brice\u00f1o. Justamente, el nombre que se dio a la cita, realizada en el Pasaje Illingworth, campus centro de la UArtes, son las siglas de la actividad que result\u00f3 de una capacitaci\u00f3n que durante el semestre recibieron del CEPAM (Centro Ecuatoriano para la Promoci\u00f3n y Acci\u00f3n de la Mujer).<\/p>\n\n\n\n<p>La docente de la Unidad Transversal comenta que los estudiantes UArtes se insertaron en un programa del CEPAM, donde recibieron la mencionada capacitaci\u00f3n en Educaci\u00f3n Integral de la Sexualidad (EIS), con la idea de que luego compartieran el aprendizaje con la comunidad universitaria mediante una campa\u00f1a.<\/p>\n\n\n\n<p>\u201cPor una sexualidad m\u00e1s libre, placentera y responsable\u201d fue la frase del afiche que anunci\u00f3 la Feria CASI e invit\u00f3 a la comunidad y p\u00fablico en general a participar para mirar la sexualidad y los derechos sexuales y reproductivos desde una perspectiva amplia y no reducida \u201ca una mirada biol\u00f3gica ni moralista o la visi\u00f3n que plantea que la mejor manera de prevenir enfermedades y embarazos es la abstenci\u00f3n, sino que entienda la sexualidad como una parte del desarrollo humano\u201d, anota Brice\u00f1o.<\/p>\n\n\n<div class=\"wp-block-image\">\n<figure class=\"aligncenter size-large\"><img fetchpriority=\"high\" decoding=\"async\" width=\"644\" height=\"429\" src=\"http:\/\/www.uartes.edu.ec\/sitio\/wp-content\/uploads\/2023\/02\/ybe-2-644x429.jpg\" alt=\"\" class=\"wp-image-38236\" srcset=\"https:\/\/www.uartes.edu.ec\/sitio\/wp-content\/uploads\/2023\/02\/ybe-2-644x429.jpg 644w, https:\/\/www.uartes.edu.ec\/sitio\/wp-content\/uploads\/2023\/02\/ybe-2-768x511.jpg 768w, https:\/\/www.uartes.edu.ec\/sitio\/wp-content\/uploads\/2023\/02\/ybe-2.jpg 2000w, https:\/\/www.uartes.edu.ec\/sitio\/wp-content\/uploads\/2023\/02\/ybe-2-600x399.jpg 600w, https:\/\/www.uartes.edu.ec\/sitio\/wp-content\/uploads\/2023\/02\/ybe-2-272x182.jpg 272w\" sizes=\"(max-width: 644px) 100vw, 644px\" \/><\/figure>\n<\/div>\n\n\n<p>Entendiendo que la sexualidad est\u00e1 vinculada a los afectos, agrega, y que tambi\u00e9n hay derecho para estar informados y poder prevenir as\u00ed situaciones de acoso y violencia. \u201cLa importancia de las emociones y el afecto en el desarrollo de los j\u00f3venes. La importancia de la imagen corporal, de tener relaciones saludables que parten del respeto. Se trabaj\u00f3 mucho el tema del consentimiento y de que las relaciones sexoafectivas tienen que partir de la idea del consentimiento para prevenir cualquier tipo de abuso o situaci\u00f3n de violencia, reflexiona sobre las diversidades sexuales y entiende que hay muchas posibilidades de vivir la sexualidad y la identidad de g\u00e9nero\u201d.<\/p>\n\n\n\n<p>Toda esa informaci\u00f3n se tradujo en un plan de trabajo desarrollado por dos equipos, refiere la docente. \u201cUno, vinculado al colectivo juvenil del CEPAM, Pasos y Huellas, con el cual se realizaron talleres, de collage, guion y&nbsp;producci\u00f3n audiovisual. El otro se aboc\u00f3 a impulsar la campa\u00f1a de educaci\u00f3n sexual integral en la UArtes, la cual fue presencial y cont\u00f3 con carteles y distintos materiales informativos en las sedes de la universidad\u201d.<\/p>\n\n\n\n<p>En la Feria CASI se interactu\u00f3 con la comunidad en los varios stands instalados. Hubo juegos, como Mi futuro y Ponle Cara, y trivias. Se habl\u00f3 de los m\u00e9todos para la prevenci\u00f3n de enfermedades y embarazos, identidad sexual, violencia&#8230; \u201ctemas que est\u00e1n ausentes en los debates, en los espacios educativos y p\u00fablicos, hay mucha desinformaci\u00f3n y miradas sesgadas y con mucho tab\u00fa. La gente expres\u00f3 que necesitaba la informaci\u00f3n y de que la actividad se repita\u201d.<\/p>\n\n\n<div class=\"wp-block-image\">\n<figure class=\"aligncenter size-large\"><img decoding=\"async\" width=\"644\" height=\"429\" src=\"http:\/\/www.uartes.edu.ec\/sitio\/wp-content\/uploads\/2023\/02\/ybe-4-644x429.jpg\" alt=\"\" class=\"wp-image-38237\" srcset=\"https:\/\/www.uartes.edu.ec\/sitio\/wp-content\/uploads\/2023\/02\/ybe-4-644x429.jpg 644w, https:\/\/www.uartes.edu.ec\/sitio\/wp-content\/uploads\/2023\/02\/ybe-4-768x511.jpg 768w, https:\/\/www.uartes.edu.ec\/sitio\/wp-content\/uploads\/2023\/02\/ybe-4.jpg 2000w, https:\/\/www.uartes.edu.ec\/sitio\/wp-content\/uploads\/2023\/02\/ybe-4-600x399.jpg 600w, https:\/\/www.uartes.edu.ec\/sitio\/wp-content\/uploads\/2023\/02\/ybe-4-272x182.jpg 272w\" sizes=\"(max-width: 644px) 100vw, 644px\" \/><\/figure>\n<\/div>\n\n\n<p>Fotos: Cortes\u00eda Ybelice Brice\u00f1o, docente UArtes.<\/p>","protected":false},"excerpt":{"rendered":"<p>En el marco de la materia Laboratorio en la Comunidad, que dicta Ybelice Brice\u00f1o en la Unidad Transversal, estudiantes UArtes cerraron con una feria la campa\u00f1a de educaci\u00f3n sexual integral impulsada tras la capacitaci\u00f3n que durante el semestre recibieron del CEPAM. Con el colectivo juvenil Pasos y Huellas, vinculado a la instituci\u00f3n, se realizaron talleres, de collage, guion y producci\u00f3n audiovisual.<\/p>","protected":false},"author":10,"featured_media":38235,"comment_status":"open","ping_status":"open","sticky":false,"template":"","format":"standard","meta":{"_acf_changed":false,"_uag_custom_page_level_css":"","_monsterinsights_skip_tracking":false,"_monsterinsights_sitenote_active":false,"_monsterinsights_sitenote_note":"","_monsterinsights_sitenote_category":0,"cybocfi_hide_featured_image":"","footnotes":""},"categories":[717,80,82,76,284,79],"tags":[785],"infouartes":[],"class_list":["post-38234","post","type-post","status-publish","format-standard","has-post-thumbnail","hentry","category-1d","category-academico","category-artes","category-estudiantes","category-investigacion","category-vinculo","tag-feria"],"acf":[],"yoast_head":"<!-- This site is optimized with the Yoast SEO plugin v27.4 - https:\/\/yoast.com\/product\/yoast-seo-wordpress\/ -->\n<title>Universidad de las Artes - Con Feria CASI estudiantes cerraron campa\u00f1a de educaci\u00f3n sexual integral<\/title>\n<meta name=\"description\" content=\"Universidad de las Artes - Con Feria CASI estudiantes cerraron campa\u00f1a de educaci\u00f3n sexual integral\" \/>\n<meta name=\"robots\" content=\"index, follow, max-snippet:-1, max-image-preview:large, max-video-preview:-1\" \/>\n<link rel=\"canonical\" href=\"https:\/\/www.uartes.edu.ec\/sitio\/en\/blog\/2023\/02\/13\/con-feria-casi-estudiantes-cerraron-campana-de-educacion-sexual-integral\/\" \/>\n<meta property=\"og:locale\" content=\"en_US\" \/>\n<meta property=\"og:type\" content=\"article\" \/>\n<meta property=\"og:title\" content=\"Universidad de las Artes - Con Feria CASI estudiantes cerraron campa\u00f1a de educaci\u00f3n sexual integral\" \/>\n<meta property=\"og:description\" content=\"Universidad de las Artes - Con Feria CASI estudiantes cerraron campa\u00f1a de educaci\u00f3n sexual integral\" \/>\n<meta property=\"og:url\" content=\"https:\/\/www.uartes.edu.ec\/sitio\/en\/blog\/2023\/02\/13\/con-feria-casi-estudiantes-cerraron-campana-de-educacion-sexual-integral\/\" \/>\n<meta property=\"og:site_name\" content=\"Universidad de las Artes\" \/>\n<meta property=\"article:publisher\" content=\"https:\/\/www.facebook.com\/uartesec\" \/>\n<meta property=\"article:published_time\" content=\"2023-02-13T21:05:00+00:00\" \/>\n<meta property=\"article:modified_time\" content=\"2024-07-04T16:21:30+00:00\" \/>\n<meta property=\"og:image\" content=\"https:\/\/www.uartes.edu.ec\/sitio\/wp-content\/uploads\/2023\/02\/ybe-1.jpg\" \/>\n\t<meta property=\"og:image:width\" content=\"2000\" \/>\n\t<meta property=\"og:image:height\" content=\"1333\" \/>\n\t<meta property=\"og:image:type\" content=\"image\/jpeg\" \/>\n<meta name=\"author\" content=\"ccortez\" \/>\n<meta name=\"twitter:card\" content=\"summary_large_image\" \/>\n<meta name=\"twitter:creator\" content=\"@uartesec\" \/>\n<meta name=\"twitter:site\" content=\"@uartesec\" \/>\n<meta name=\"twitter:label1\" content=\"Written by\" \/>\n\t<meta name=\"twitter:data1\" content=\"ccortez\" \/>\n\t<meta name=\"twitter:label2\" content=\"Est. reading time\" \/>\n\t<meta name=\"twitter:data2\" content=\"3 minutes\" \/>\n<script type=\"application\/ld+json\" class=\"yoast-schema-graph\">{\"@context\":\"https:\\\/\\\/schema.org\",\"@graph\":[{\"@type\":\"Article\",\"@id\":\"https:\\\/\\\/www.uartes.edu.ec\\\/sitio\\\/en\\\/blog\\\/2023\\\/02\\\/13\\\/con-feria-casi-estudiantes-cerraron-campana-de-educacion-sexual-integral\\\/#article\",\"isPartOf\":{\"@id\":\"https:\\\/\\\/www.uartes.edu.ec\\\/sitio\\\/en\\\/blog\\\/2023\\\/02\\\/13\\\/con-feria-casi-estudiantes-cerraron-campana-de-educacion-sexual-integral\\\/\"},\"author\":{\"name\":\"ccortez\",\"@id\":\"https:\\\/\\\/www.uartes.edu.ec\\\/sitio\\\/en\\\/#\\\/schema\\\/person\\\/efa1b8275797664fd7f13a79ccc0b1f4\"},\"headline\":\"Con Feria CASI estudiantes cerraron campa\u00f1a de educaci\u00f3n sexual integral\",\"datePublished\":\"2023-02-13T21:05:00+00:00\",\"dateModified\":\"2024-07-04T16:21:30+00:00\",\"mainEntityOfPage\":{\"@id\":\"https:\\\/\\\/www.uartes.edu.ec\\\/sitio\\\/en\\\/blog\\\/2023\\\/02\\\/13\\\/con-feria-casi-estudiantes-cerraron-campana-de-educacion-sexual-integral\\\/\"},\"wordCount\":522,\"commentCount\":0,\"publisher\":{\"@id\":\"https:\\\/\\\/www.uartes.edu.ec\\\/sitio\\\/en\\\/#organization\"},\"image\":{\"@id\":\"https:\\\/\\\/www.uartes.edu.ec\\\/sitio\\\/en\\\/blog\\\/2023\\\/02\\\/13\\\/con-feria-casi-estudiantes-cerraron-campana-de-educacion-sexual-integral\\\/#primaryimage\"},\"thumbnailUrl\":\"https:\\\/\\\/www.uartes.edu.ec\\\/sitio\\\/wp-content\\\/uploads\\\/2023\\\/02\\\/ybe-1.jpg\",\"keywords\":[\"feria\"],\"articleSection\":[\"1D\",\"Acad\u00e9mico\",\"Artes\",\"Estudiantes\",\"Investigaci\u00f3n\",\"V\u00ednculo\"],\"inLanguage\":\"en-US\",\"potentialAction\":[{\"@type\":\"CommentAction\",\"name\":\"Comment\",\"target\":[\"https:\\\/\\\/www.uartes.edu.ec\\\/sitio\\\/en\\\/blog\\\/2023\\\/02\\\/13\\\/con-feria-casi-estudiantes-cerraron-campana-de-educacion-sexual-integral\\\/#respond\"]}]},{\"@type\":[\"WebPage\",\"ItemPage\"],\"@id\":\"https:\\\/\\\/www.uartes.edu.ec\\\/sitio\\\/en\\\/blog\\\/2023\\\/02\\\/13\\\/con-feria-casi-estudiantes-cerraron-campana-de-educacion-sexual-integral\\\/\",\"url\":\"https:\\\/\\\/www.uartes.edu.ec\\\/sitio\\\/en\\\/blog\\\/2023\\\/02\\\/13\\\/con-feria-casi-estudiantes-cerraron-campana-de-educacion-sexual-integral\\\/\",\"name\":\"Universidad de las Artes - Con Feria CASI estudiantes cerraron campa\u00f1a de educaci\u00f3n sexual integral\",\"isPartOf\":{\"@id\":\"https:\\\/\\\/www.uartes.edu.ec\\\/sitio\\\/en\\\/#website\"},\"primaryImageOfPage\":{\"@id\":\"https:\\\/\\\/www.uartes.edu.ec\\\/sitio\\\/en\\\/blog\\\/2023\\\/02\\\/13\\\/con-feria-casi-estudiantes-cerraron-campana-de-educacion-sexual-integral\\\/#primaryimage\"},\"image\":{\"@id\":\"https:\\\/\\\/www.uartes.edu.ec\\\/sitio\\\/en\\\/blog\\\/2023\\\/02\\\/13\\\/con-feria-casi-estudiantes-cerraron-campana-de-educacion-sexual-integral\\\/#primaryimage\"},\"thumbnailUrl\":\"https:\\\/\\\/www.uartes.edu.ec\\\/sitio\\\/wp-content\\\/uploads\\\/2023\\\/02\\\/ybe-1.jpg\",\"datePublished\":\"2023-02-13T21:05:00+00:00\",\"dateModified\":\"2024-07-04T16:21:30+00:00\",\"description\":\"Universidad de las Artes - Con Feria CASI estudiantes cerraron campa\u00f1a de educaci\u00f3n sexual integral\",\"breadcrumb\":{\"@id\":\"https:\\\/\\\/www.uartes.edu.ec\\\/sitio\\\/en\\\/blog\\\/2023\\\/02\\\/13\\\/con-feria-casi-estudiantes-cerraron-campana-de-educacion-sexual-integral\\\/#breadcrumb\"},\"inLanguage\":\"en-US\",\"potentialAction\":[{\"@type\":\"ReadAction\",\"target\":[\"https:\\\/\\\/www.uartes.edu.ec\\\/sitio\\\/en\\\/blog\\\/2023\\\/02\\\/13\\\/con-feria-casi-estudiantes-cerraron-campana-de-educacion-sexual-integral\\\/\"]}]},{\"@type\":\"ImageObject\",\"inLanguage\":\"en-US\",\"@id\":\"https:\\\/\\\/www.uartes.edu.ec\\\/sitio\\\/en\\\/blog\\\/2023\\\/02\\\/13\\\/con-feria-casi-estudiantes-cerraron-campana-de-educacion-sexual-integral\\\/#primaryimage\",\"url\":\"https:\\\/\\\/www.uartes.edu.ec\\\/sitio\\\/wp-content\\\/uploads\\\/2023\\\/02\\\/ybe-1.jpg\",\"contentUrl\":\"https:\\\/\\\/www.uartes.edu.ec\\\/sitio\\\/wp-content\\\/uploads\\\/2023\\\/02\\\/ybe-1.jpg\",\"width\":2000,\"height\":1333},{\"@type\":\"BreadcrumbList\",\"@id\":\"https:\\\/\\\/www.uartes.edu.ec\\\/sitio\\\/en\\\/blog\\\/2023\\\/02\\\/13\\\/con-feria-casi-estudiantes-cerraron-campana-de-educacion-sexual-integral\\\/#breadcrumb\",\"itemListElement\":[{\"@type\":\"ListItem\",\"position\":1,\"name\":\"Inicio\",\"item\":\"https:\\\/\\\/www.uartes.edu.ec\\\/sitio\\\/\"},{\"@type\":\"ListItem\",\"position\":2,\"name\":\"Con Feria CASI estudiantes cerraron campa\u00f1a de educaci\u00f3n sexual integral\"}]},{\"@type\":\"WebSite\",\"@id\":\"https:\\\/\\\/www.uartes.edu.ec\\\/sitio\\\/en\\\/#website\",\"url\":\"https:\\\/\\\/www.uartes.edu.ec\\\/sitio\\\/en\\\/\",\"name\":\"Universidad de las Artes\",\"description\":\"Sitio oficial de la Universidad Nacional de las Artes del Ecuador\",\"publisher\":{\"@id\":\"https:\\\/\\\/www.uartes.edu.ec\\\/sitio\\\/en\\\/#organization\"},\"potentialAction\":[{\"@type\":\"SearchAction\",\"target\":{\"@type\":\"EntryPoint\",\"urlTemplate\":\"https:\\\/\\\/www.uartes.edu.ec\\\/sitio\\\/en\\\/?s={search_term_string}\"},\"query-input\":{\"@type\":\"PropertyValueSpecification\",\"valueRequired\":true,\"valueName\":\"search_term_string\"}}],\"inLanguage\":\"en-US\"},{\"@type\":\"Organization\",\"@id\":\"https:\\\/\\\/www.uartes.edu.ec\\\/sitio\\\/en\\\/#organization\",\"name\":\"Universidad de las Artes\",\"url\":\"https:\\\/\\\/www.uartes.edu.ec\\\/sitio\\\/en\\\/\",\"logo\":{\"@type\":\"ImageObject\",\"inLanguage\":\"en-US\",\"@id\":\"https:\\\/\\\/www.uartes.edu.ec\\\/sitio\\\/en\\\/#\\\/schema\\\/logo\\\/image\\\/\",\"url\":\"https:\\\/\\\/www.uartes.edu.ec\\\/sitio\\\/wp-content\\\/uploads\\\/2022\\\/07\\\/logo-ua-horizontal.png\",\"contentUrl\":\"https:\\\/\\\/www.uartes.edu.ec\\\/sitio\\\/wp-content\\\/uploads\\\/2022\\\/07\\\/logo-ua-horizontal.png\",\"width\":800,\"height\":276,\"caption\":\"Universidad de las Artes\"},\"image\":{\"@id\":\"https:\\\/\\\/www.uartes.edu.ec\\\/sitio\\\/en\\\/#\\\/schema\\\/logo\\\/image\\\/\"},\"sameAs\":[\"https:\\\/\\\/www.facebook.com\\\/uartesec\",\"https:\\\/\\\/x.com\\\/uartesec\",\"https:\\\/\\\/www.tiktok.com\\\/@uartesec\"]},{\"@type\":\"Person\",\"@id\":\"https:\\\/\\\/www.uartes.edu.ec\\\/sitio\\\/en\\\/#\\\/schema\\\/person\\\/efa1b8275797664fd7f13a79ccc0b1f4\",\"name\":\"ccortez\",\"image\":{\"@type\":\"ImageObject\",\"inLanguage\":\"en-US\",\"@id\":\"https:\\\/\\\/secure.gravatar.com\\\/avatar\\\/b2a6f664a3ae8e074346ef91775736c5ec479e637ecced6842de9dc98b5da9cd?s=96&d=mm&r=g\",\"url\":\"https:\\\/\\\/secure.gravatar.com\\\/avatar\\\/b2a6f664a3ae8e074346ef91775736c5ec479e637ecced6842de9dc98b5da9cd?s=96&d=mm&r=g\",\"contentUrl\":\"https:\\\/\\\/secure.gravatar.com\\\/avatar\\\/b2a6f664a3ae8e074346ef91775736c5ec479e637ecced6842de9dc98b5da9cd?s=96&d=mm&r=g\",\"caption\":\"ccortez\"},\"url\":\"https:\\\/\\\/www.uartes.edu.ec\\\/sitio\\\/en\\\/blog\\\/author\\\/ccortez\\\/\"}]}<\/script>\n<!-- \/ Yoast SEO plugin. -->","yoast_head_json":{"title":"Universidad de las Artes - Con Feria CASI estudiantes cerraron campa\u00f1a de educaci\u00f3n sexual integral","description":"Universidad de las Artes - Con Feria CASI estudiantes cerraron campa\u00f1a de educaci\u00f3n sexual integral","robots":{"index":"index","follow":"follow","max-snippet":"max-snippet:-1","max-image-preview":"max-image-preview:large","max-video-preview":"max-video-preview:-1"},"canonical":"https:\/\/www.uartes.edu.ec\/sitio\/en\/blog\/2023\/02\/13\/con-feria-casi-estudiantes-cerraron-campana-de-educacion-sexual-integral\/","og_locale":"en_US","og_type":"article","og_title":"Universidad de las Artes - Con Feria CASI estudiantes cerraron campa\u00f1a de educaci\u00f3n sexual integral","og_description":"Universidad de las Artes - Con Feria CASI estudiantes cerraron campa\u00f1a de educaci\u00f3n sexual integral","og_url":"https:\/\/www.uartes.edu.ec\/sitio\/en\/blog\/2023\/02\/13\/con-feria-casi-estudiantes-cerraron-campana-de-educacion-sexual-integral\/","og_site_name":"Universidad de las Artes","article_publisher":"https:\/\/www.facebook.com\/uartesec","article_published_time":"2023-02-13T21:05:00+00:00","article_modified_time":"2024-07-04T16:21:30+00:00","og_image":[{"width":2000,"height":1333,"url":"https:\/\/www.uartes.edu.ec\/sitio\/wp-content\/uploads\/2023\/02\/ybe-1.jpg","type":"image\/jpeg"}],"author":"ccortez","twitter_card":"summary_large_image","twitter_creator":"@uartesec","twitter_site":"@uartesec","twitter_misc":{"Written by":"ccortez","Est. reading time":"3 minutes"},"schema":{"@context":"https:\/\/schema.org","@graph":[{"@type":"Article","@id":"https:\/\/www.uartes.edu.ec\/sitio\/en\/blog\/2023\/02\/13\/con-feria-casi-estudiantes-cerraron-campana-de-educacion-sexual-integral\/#article","isPartOf":{"@id":"https:\/\/www.uartes.edu.ec\/sitio\/en\/blog\/2023\/02\/13\/con-feria-casi-estudiantes-cerraron-campana-de-educacion-sexual-integral\/"},"author":{"name":"ccortez","@id":"https:\/\/www.uartes.edu.ec\/sitio\/en\/#\/schema\/person\/efa1b8275797664fd7f13a79ccc0b1f4"},"headline":"Con Feria CASI estudiantes cerraron campa\u00f1a de educaci\u00f3n sexual integral","datePublished":"2023-02-13T21:05:00+00:00","dateModified":"2024-07-04T16:21:30+00:00","mainEntityOfPage":{"@id":"https:\/\/www.uartes.edu.ec\/sitio\/en\/blog\/2023\/02\/13\/con-feria-casi-estudiantes-cerraron-campana-de-educacion-sexual-integral\/"},"wordCount":522,"commentCount":0,"publisher":{"@id":"https:\/\/www.uartes.edu.ec\/sitio\/en\/#organization"},"image":{"@id":"https:\/\/www.uartes.edu.ec\/sitio\/en\/blog\/2023\/02\/13\/con-feria-casi-estudiantes-cerraron-campana-de-educacion-sexual-integral\/#primaryimage"},"thumbnailUrl":"https:\/\/www.uartes.edu.ec\/sitio\/wp-content\/uploads\/2023\/02\/ybe-1.jpg","keywords":["feria"],"articleSection":["1D","Acad\u00e9mico","Artes","Estudiantes","Investigaci\u00f3n","V\u00ednculo"],"inLanguage":"en-US","potentialAction":[{"@type":"CommentAction","name":"Comment","target":["https:\/\/www.uartes.edu.ec\/sitio\/en\/blog\/2023\/02\/13\/con-feria-casi-estudiantes-cerraron-campana-de-educacion-sexual-integral\/#respond"]}]},{"@type":["WebPage","ItemPage"],"@id":"https:\/\/www.uartes.edu.ec\/sitio\/en\/blog\/2023\/02\/13\/con-feria-casi-estudiantes-cerraron-campana-de-educacion-sexual-integral\/","url":"https:\/\/www.uartes.edu.ec\/sitio\/en\/blog\/2023\/02\/13\/con-feria-casi-estudiantes-cerraron-campana-de-educacion-sexual-integral\/","name":"Universidad de las Artes - Con Feria CASI estudiantes cerraron campa\u00f1a de educaci\u00f3n sexual integral","isPartOf":{"@id":"https:\/\/www.uartes.edu.ec\/sitio\/en\/#website"},"primaryImageOfPage":{"@id":"https:\/\/www.uartes.edu.ec\/sitio\/en\/blog\/2023\/02\/13\/con-feria-casi-estudiantes-cerraron-campana-de-educacion-sexual-integral\/#primaryimage"},"image":{"@id":"https:\/\/www.uartes.edu.ec\/sitio\/en\/blog\/2023\/02\/13\/con-feria-casi-estudiantes-cerraron-campana-de-educacion-sexual-integral\/#primaryimage"},"thumbnailUrl":"https:\/\/www.uartes.edu.ec\/sitio\/wp-content\/uploads\/2023\/02\/ybe-1.jpg","datePublished":"2023-02-13T21:05:00+00:00","dateModified":"2024-07-04T16:21:30+00:00","description":"Universidad de las Artes - Con Feria CASI estudiantes cerraron campa\u00f1a de educaci\u00f3n sexual integral","breadcrumb":{"@id":"https:\/\/www.uartes.edu.ec\/sitio\/en\/blog\/2023\/02\/13\/con-feria-casi-estudiantes-cerraron-campana-de-educacion-sexual-integral\/#breadcrumb"},"inLanguage":"en-US","potentialAction":[{"@type":"ReadAction","target":["https:\/\/www.uartes.edu.ec\/sitio\/en\/blog\/2023\/02\/13\/con-feria-casi-estudiantes-cerraron-campana-de-educacion-sexual-integral\/"]}]},{"@type":"ImageObject","inLanguage":"en-US","@id":"https:\/\/www.uartes.edu.ec\/sitio\/en\/blog\/2023\/02\/13\/con-feria-casi-estudiantes-cerraron-campana-de-educacion-sexual-integral\/#primaryimage","url":"https:\/\/www.uartes.edu.ec\/sitio\/wp-content\/uploads\/2023\/02\/ybe-1.jpg","contentUrl":"https:\/\/www.uartes.edu.ec\/sitio\/wp-content\/uploads\/2023\/02\/ybe-1.jpg","width":2000,"height":1333},{"@type":"BreadcrumbList","@id":"https:\/\/www.uartes.edu.ec\/sitio\/en\/blog\/2023\/02\/13\/con-feria-casi-estudiantes-cerraron-campana-de-educacion-sexual-integral\/#breadcrumb","itemListElement":[{"@type":"ListItem","position":1,"name":"Inicio","item":"https:\/\/www.uartes.edu.ec\/sitio\/"},{"@type":"ListItem","position":2,"name":"Con Feria CASI estudiantes cerraron campa\u00f1a de educaci\u00f3n sexual integral"}]},{"@type":"WebSite","@id":"https:\/\/www.uartes.edu.ec\/sitio\/en\/#website","url":"https:\/\/www.uartes.edu.ec\/sitio\/en\/","name":"Universidad de las Artes","description":"Sitio oficial de la Universidad Nacional de las Artes del Ecuador","publisher":{"@id":"https:\/\/www.uartes.edu.ec\/sitio\/en\/#organization"},"potentialAction":[{"@type":"SearchAction","target":{"@type":"EntryPoint","urlTemplate":"https:\/\/www.uartes.edu.ec\/sitio\/en\/?s={search_term_string}"},"query-input":{"@type":"PropertyValueSpecification","valueRequired":true,"valueName":"search_term_string"}}],"inLanguage":"en-US"},{"@type":"Organization","@id":"https:\/\/www.uartes.edu.ec\/sitio\/en\/#organization","name":"Universidad de las Artes","url":"https:\/\/www.uartes.edu.ec\/sitio\/en\/","logo":{"@type":"ImageObject","inLanguage":"en-US","@id":"https:\/\/www.uartes.edu.ec\/sitio\/en\/#\/schema\/logo\/image\/","url":"https:\/\/www.uartes.edu.ec\/sitio\/wp-content\/uploads\/2022\/07\/logo-ua-horizontal.png","contentUrl":"https:\/\/www.uartes.edu.ec\/sitio\/wp-content\/uploads\/2022\/07\/logo-ua-horizontal.png","width":800,"height":276,"caption":"Universidad de las Artes"},"image":{"@id":"https:\/\/www.uartes.edu.ec\/sitio\/en\/#\/schema\/logo\/image\/"},"sameAs":["https:\/\/www.facebook.com\/uartesec","https:\/\/x.com\/uartesec","https:\/\/www.tiktok.com\/@uartesec"]},{"@type":"Person","@id":"https:\/\/www.uartes.edu.ec\/sitio\/en\/#\/schema\/person\/efa1b8275797664fd7f13a79ccc0b1f4","name":"ccortez","image":{"@type":"ImageObject","inLanguage":"en-US","@id":"https:\/\/secure.gravatar.com\/avatar\/b2a6f664a3ae8e074346ef91775736c5ec479e637ecced6842de9dc98b5da9cd?s=96&d=mm&r=g","url":"https:\/\/secure.gravatar.com\/avatar\/b2a6f664a3ae8e074346ef91775736c5ec479e637ecced6842de9dc98b5da9cd?s=96&d=mm&r=g","contentUrl":"https:\/\/secure.gravatar.com\/avatar\/b2a6f664a3ae8e074346ef91775736c5ec479e637ecced6842de9dc98b5da9cd?s=96&d=mm&r=g","caption":"ccortez"},"url":"https:\/\/www.uartes.edu.ec\/sitio\/en\/blog\/author\/ccortez\/"}]}},"uagb_featured_image_src":{"full":["https:\/\/www.uartes.edu.ec\/sitio\/wp-content\/uploads\/2023\/02\/ybe-1.jpg",2000,1333,false],"thumbnail":["https:\/\/www.uartes.edu.ec\/sitio\/wp-content\/uploads\/2023\/02\/ybe-1-150x150.jpg",150,150,true],"medium":["https:\/\/www.uartes.edu.ec\/sitio\/wp-content\/uploads\/2023\/02\/ybe-1-300x200.jpg",300,200,true],"medium_large":["https:\/\/www.uartes.edu.ec\/sitio\/wp-content\/uploads\/2023\/02\/ybe-1-768x512.jpg",768,512,true],"large":["https:\/\/www.uartes.edu.ec\/sitio\/wp-content\/uploads\/2023\/02\/ybe-1-644x429.jpg",644,429,true],"1536x1536":["https:\/\/www.uartes.edu.ec\/sitio\/wp-content\/uploads\/2023\/02\/ybe-1-1536x1024.jpg",1536,1024,true],"2048x2048":["https:\/\/www.uartes.edu.ec\/sitio\/wp-content\/uploads\/2023\/02\/ybe-1.jpg",2000,1333,false],"trp-custom-language-flag":["https:\/\/www.uartes.edu.ec\/sitio\/wp-content\/uploads\/2023\/02\/ybe-1.jpg",18,12,false],"htmega_size_585x295":["https:\/\/www.uartes.edu.ec\/sitio\/wp-content\/uploads\/2023\/02\/ybe-1-585x295.jpg",585,295,true],"htmega_size_1170x536":["https:\/\/www.uartes.edu.ec\/sitio\/wp-content\/uploads\/2023\/02\/ybe-1-1170x536.jpg",1170,536,true],"htmega_size_396x360":["https:\/\/www.uartes.edu.ec\/sitio\/wp-content\/uploads\/2023\/02\/ybe-1-396x360.jpg",396,360,true],"gb-block-post-grid-landscape":["https:\/\/www.uartes.edu.ec\/sitio\/wp-content\/uploads\/2023\/02\/ybe-1-600x400.jpg",600,400,true],"gb-block-post-grid-square":["https:\/\/www.uartes.edu.ec\/sitio\/wp-content\/uploads\/2023\/02\/ybe-1-600x600.jpg",600,600,true],"university-hub-thumb":["https:\/\/www.uartes.edu.ec\/sitio\/wp-content\/uploads\/2023\/02\/ybe-1-400x267.jpg",400,267,true],"mailpoet_newsletter_max":["https:\/\/www.uartes.edu.ec\/sitio\/wp-content\/uploads\/2023\/02\/ybe-1.jpg",1320,880,false]},"uagb_author_info":{"display_name":"ccortez","author_link":"https:\/\/www.uartes.edu.ec\/sitio\/en\/blog\/author\/ccortez\/"},"uagb_comment_info":0,"uagb_excerpt":"En el marco de la materia Laboratorio en la Comunidad, que dicta Ybelice Brice\u00f1o en la Unidad Transversal, estudiantes UArtes cerraron con una feria la campa\u00f1a de educaci\u00f3n sexual integral impulsada tras la capacitaci\u00f3n que durante el semestre recibieron del CEPAM. Con el colectivo juvenil Pasos y Huellas, vinculado a la instituci\u00f3n, se realizaron talleres,&hellip;","featured_image_src":"https:\/\/www.uartes.edu.ec\/sitio\/wp-content\/uploads\/2023\/02\/ybe-1-600x400.jpg","featured_image_src_square":"https:\/\/www.uartes.edu.ec\/sitio\/wp-content\/uploads\/2023\/02\/ybe-1-600x600.jpg","author_info":{"display_name":"ccortez","author_link":"https:\/\/www.uartes.edu.ec\/sitio\/en\/blog\/author\/ccortez\/"},"publishpress_future_workflow_manual_trigger":{"enabledWorkflows":[]},"distributor_meta":false,"distributor_terms":false,"distributor_media":false,"distributor_original_site_name":"Universidad de las Artes","distributor_original_site_url":"https:\/\/www.uartes.edu.ec\/sitio\/en","push-errors":false,"_links":{"self":[{"href":"https:\/\/www.uartes.edu.ec\/sitio\/en\/wp-json\/wp\/v2\/posts\/38234","targetHints":{"allow":["GET"]}}],"collection":[{"href":"https:\/\/www.uartes.edu.ec\/sitio\/en\/wp-json\/wp\/v2\/posts"}],"about":[{"href":"https:\/\/www.uartes.edu.ec\/sitio\/en\/wp-json\/wp\/v2\/types\/post"}],"author":[{"embeddable":true,"href":"https:\/\/www.uartes.edu.ec\/sitio\/en\/wp-json\/wp\/v2\/users\/10"}],"replies":[{"embeddable":true,"href":"https:\/\/www.uartes.edu.ec\/sitio\/en\/wp-json\/wp\/v2\/comments?post=38234"}],"version-history":[{"count":1,"href":"https:\/\/www.uartes.edu.ec\/sitio\/en\/wp-json\/wp\/v2\/posts\/38234\/revisions"}],"predecessor-version":[{"id":38238,"href":"https:\/\/www.uartes.edu.ec\/sitio\/en\/wp-json\/wp\/v2\/posts\/38234\/revisions\/38238"}],"wp:featuredmedia":[{"embeddable":true,"href":"https:\/\/www.uartes.edu.ec\/sitio\/en\/wp-json\/wp\/v2\/media\/38235"}],"wp:attachment":[{"href":"https:\/\/www.uartes.edu.ec\/sitio\/en\/wp-json\/wp\/v2\/media?parent=38234"}],"wp:term":[{"taxonomy":"category","embeddable":true,"href":"https:\/\/www.uartes.edu.ec\/sitio\/en\/wp-json\/wp\/v2\/categories?post=38234"},{"taxonomy":"post_tag","embeddable":true,"href":"https:\/\/www.uartes.edu.ec\/sitio\/en\/wp-json\/wp\/v2\/tags?post=38234"},{"taxonomy":"infouartes","embeddable":true,"href":"https:\/\/www.uartes.edu.ec\/sitio\/en\/wp-json\/wp\/v2\/infouartes?post=38234"}],"curies":[{"name":"wp","href":"https:\/\/api.w.org\/{rel}","templated":true}]}}