{"id":38241,"date":"2023-02-10T17:53:00","date_gmt":"2023-02-10T22:53:00","guid":{"rendered":"http:\/\/www.uartes.edu.ec\/sitio\/?p=38241"},"modified":"2024-07-04T11:21:31","modified_gmt":"2024-07-04T16:21:31","slug":"por-su-desenvolvimiento-escenico-e-interaccion-con-el-publico-en-open-maic-estudiantes-grabaran-un-demo","status":"publish","type":"post","link":"https:\/\/www.uartes.edu.ec\/sitio\/en\/blog\/2023\/02\/10\/por-su-desenvolvimiento-escenico-e-interaccion-con-el-publico-en-open-maic-estudiantes-grabaran-un-demo\/","title":{"rendered":"Por su desenvolvimiento esc\u00e9nico e interacci\u00f3n con el p\u00fablico en Open MAIC estudiantes grabar\u00e1n un demo"},"content":{"rendered":"<p>Hab\u00edan participado en anteriores ocasiones en el Open MAIC, no obstante, la presentaci\u00f3n que estudiantes UArtes tuvieron el pasado 7 de febrero en el espacio Malakita del Pasaje Illingworth, fue especial. Era la \u00faltima actividad art\u00edstica del semestre y ese d\u00eda se defin\u00eda a los ganadores de la segunda temporada de un espacio creado por la Escuela de Artes Sonoras para la integraci\u00f3n art\u00edstica de toda la comunidad universitaria, pues all\u00ed los alumnos de todas las escuelas y carreras pueden libremente exponer sus proyectos varios: interpretar temas in\u00e9ditos y covers, leer poes\u00eda, llevar a escena performances, teatro, danza\u2026<\/p>\n\n\n\n<p>Dar\u00edo D\u00e1valos, graduado UArtes, t\u00e9cnico a cargo de los estudios de grabaci\u00f3n de la EAS y uno de los mentalizadores del Open MAIC \u2013junto a Camila Guerrero y Denisse Lalama\u2013, comenta que para participar en el espacio no se necesita convocatoria, solo acercarse y anunciarse, sin embargo, se les propuso llenar un formulario para durante los \u00faltimos cuatro conciertos presentar temas in\u00e9ditos y poder evaluar as\u00ed el desenvolvimiento esc\u00e9nico y la interacci\u00f3n con el p\u00fablico.<\/p>\n\n\n<div class=\"wp-block-image\">\n<figure class=\"aligncenter size-large\"><img fetchpriority=\"high\" decoding=\"async\" width=\"644\" height=\"429\" src=\"http:\/\/www.uartes.edu.ec\/sitio\/wp-content\/uploads\/2023\/02\/OPEN-MAIC-02-644x429.jpg\" alt=\"\" class=\"wp-image-38243\" srcset=\"https:\/\/www.uartes.edu.ec\/sitio\/wp-content\/uploads\/2023\/02\/OPEN-MAIC-02-644x429.jpg 644w, https:\/\/www.uartes.edu.ec\/sitio\/wp-content\/uploads\/2023\/02\/OPEN-MAIC-02-768x511.jpg 768w, https:\/\/www.uartes.edu.ec\/sitio\/wp-content\/uploads\/2023\/02\/OPEN-MAIC-02.jpg 2000w, https:\/\/www.uartes.edu.ec\/sitio\/wp-content\/uploads\/2023\/02\/OPEN-MAIC-02-600x399.jpg 600w, https:\/\/www.uartes.edu.ec\/sitio\/wp-content\/uploads\/2023\/02\/OPEN-MAIC-02-272x182.jpg 272w\" sizes=\"(max-width: 644px) 100vw, 644px\" \/><\/figure>\n<\/div>\n\n\n<p>Con base a estos criterios se hizo una selecci\u00f3n y se otorg\u00f3 a los ganadores como premio grabar un demo de la propuesta in\u00e9dita presentada en el Estudio A de la EAS, ubicado en el MZ14 Centro de Producci\u00f3n e Innovaci\u00f3n de la UArtes.<\/p>\n\n\n\n<p>Los estudiantes que cumplieron con los criterios de selecci\u00f3n mencionados y que grabar\u00e1n sus demos son: Daniel Morales, Alex Simball, Andrea Abad y Brayan Zambrano, Orland Su\u00e1rez y Roy Poma.<\/p>\n\n\n\n<p>La tercera temporada del Open MAIC se iniciar\u00e1 con el siguiente semestre, anota D\u00e1valos y recuerda que las presentaciones se realizan todos los martes, desde las 12:45 hasta las 13:45.<\/p>\n\n\n<div class=\"wp-block-image\">\n<figure class=\"aligncenter size-large\"><img decoding=\"async\" width=\"644\" height=\"429\" src=\"http:\/\/www.uartes.edu.ec\/sitio\/wp-content\/uploads\/2023\/02\/OPEN-MAIC-03-644x429.jpg\" alt=\"\" class=\"wp-image-38244\" srcset=\"https:\/\/www.uartes.edu.ec\/sitio\/wp-content\/uploads\/2023\/02\/OPEN-MAIC-03-644x429.jpg 644w, https:\/\/www.uartes.edu.ec\/sitio\/wp-content\/uploads\/2023\/02\/OPEN-MAIC-03-768x511.jpg 768w, https:\/\/www.uartes.edu.ec\/sitio\/wp-content\/uploads\/2023\/02\/OPEN-MAIC-03.jpg 2000w, https:\/\/www.uartes.edu.ec\/sitio\/wp-content\/uploads\/2023\/02\/OPEN-MAIC-03-600x399.jpg 600w, https:\/\/www.uartes.edu.ec\/sitio\/wp-content\/uploads\/2023\/02\/OPEN-MAIC-03-272x182.jpg 272w\" sizes=\"(max-width: 644px) 100vw, 644px\" \/><\/figure>\n<\/div>\n\n\n<p><\/p>","protected":false},"excerpt":{"rendered":"<p>Daniel Morales, Alex Simball, Andrea Abad, Brayan Zambrano, Orland Su\u00e1rez y Roy Poma son los estudiantes UArtes por cuya participaci\u00f3n en Open MAIC ganaron grabar un demo en los estudios de la Escuela de Artes Sonoras. Desenvolvimiento esc\u00e9nico e interacci\u00f3n con el p\u00fablico fueron los criterios de su selecci\u00f3n. El espacio es iniciativa de la EAS para la integraci\u00f3n art\u00edstica de la comunidad universitaria.<\/p>","protected":false},"author":10,"featured_media":38242,"comment_status":"open","ping_status":"open","sticky":false,"template":"","format":"standard","meta":{"_acf_changed":false,"_uag_custom_page_level_css":"","_monsterinsights_skip_tracking":false,"_monsterinsights_sitenote_active":false,"_monsterinsights_sitenote_note":"","_monsterinsights_sitenote_category":0,"cybocfi_hide_featured_image":"","footnotes":""},"categories":[150,76],"tags":[533],"infouartes":[],"class_list":["post-38241","post","type-post","status-publish","format-standard","has-post-thumbnail","hentry","category-artes-sonoras","category-estudiantes","tag-presentacion"],"acf":[],"yoast_head":"<!-- This site is optimized with the Yoast SEO plugin v27.4 - https:\/\/yoast.com\/product\/yoast-seo-wordpress\/ -->\n<title>Universidad de las Artes - Por su desenvolvimiento esc\u00e9nico e interacci\u00f3n con el p\u00fablico en Open MAIC estudiantes grabar\u00e1n un demo<\/title>\n<meta name=\"description\" content=\"Universidad de las Artes - Por su desenvolvimiento esc\u00e9nico e interacci\u00f3n con el p\u00fablico en Open MAIC estudiantes grabar\u00e1n un demo\" \/>\n<meta name=\"robots\" content=\"index, follow, max-snippet:-1, max-image-preview:large, max-video-preview:-1\" \/>\n<link rel=\"canonical\" href=\"https:\/\/www.uartes.edu.ec\/sitio\/en\/blog\/2023\/02\/10\/por-su-desenvolvimiento-escenico-e-interaccion-con-el-publico-en-open-maic-estudiantes-grabaran-un-demo\/\" \/>\n<meta property=\"og:locale\" content=\"en_US\" \/>\n<meta property=\"og:type\" content=\"article\" \/>\n<meta property=\"og:title\" content=\"Universidad de las Artes - Por su desenvolvimiento esc\u00e9nico e interacci\u00f3n con el p\u00fablico en Open MAIC estudiantes grabar\u00e1n un demo\" \/>\n<meta property=\"og:description\" content=\"Universidad de las Artes - Por su desenvolvimiento esc\u00e9nico e interacci\u00f3n con el p\u00fablico en Open MAIC estudiantes grabar\u00e1n un demo\" \/>\n<meta property=\"og:url\" content=\"https:\/\/www.uartes.edu.ec\/sitio\/en\/blog\/2023\/02\/10\/por-su-desenvolvimiento-escenico-e-interaccion-con-el-publico-en-open-maic-estudiantes-grabaran-un-demo\/\" \/>\n<meta property=\"og:site_name\" content=\"Universidad de las Artes\" \/>\n<meta property=\"article:publisher\" content=\"https:\/\/www.facebook.com\/uartesec\" \/>\n<meta property=\"article:published_time\" content=\"2023-02-10T22:53:00+00:00\" \/>\n<meta property=\"article:modified_time\" content=\"2024-07-04T16:21:31+00:00\" \/>\n<meta property=\"og:image\" content=\"https:\/\/www.uartes.edu.ec\/sitio\/wp-content\/uploads\/2023\/02\/OPEN-MAIC-01.jpg\" \/>\n\t<meta property=\"og:image:width\" content=\"2000\" \/>\n\t<meta property=\"og:image:height\" content=\"1333\" \/>\n\t<meta property=\"og:image:type\" content=\"image\/jpeg\" \/>\n<meta name=\"author\" content=\"ccortez\" \/>\n<meta name=\"twitter:card\" content=\"summary_large_image\" \/>\n<meta name=\"twitter:creator\" content=\"@uartesec\" \/>\n<meta name=\"twitter:site\" content=\"@uartesec\" \/>\n<meta name=\"twitter:label1\" content=\"Written by\" \/>\n\t<meta name=\"twitter:data1\" content=\"ccortez\" \/>\n\t<meta name=\"twitter:label2\" content=\"Est. reading time\" \/>\n\t<meta name=\"twitter:data2\" content=\"2 minutes\" \/>\n<script type=\"application\/ld+json\" class=\"yoast-schema-graph\">{\"@context\":\"https:\\\/\\\/schema.org\",\"@graph\":[{\"@type\":\"Article\",\"@id\":\"https:\\\/\\\/www.uartes.edu.ec\\\/sitio\\\/en\\\/blog\\\/2023\\\/02\\\/10\\\/por-su-desenvolvimiento-escenico-e-interaccion-con-el-publico-en-open-maic-estudiantes-grabaran-un-demo\\\/#article\",\"isPartOf\":{\"@id\":\"https:\\\/\\\/www.uartes.edu.ec\\\/sitio\\\/en\\\/blog\\\/2023\\\/02\\\/10\\\/por-su-desenvolvimiento-escenico-e-interaccion-con-el-publico-en-open-maic-estudiantes-grabaran-un-demo\\\/\"},\"author\":{\"name\":\"ccortez\",\"@id\":\"https:\\\/\\\/www.uartes.edu.ec\\\/sitio\\\/en\\\/#\\\/schema\\\/person\\\/efa1b8275797664fd7f13a79ccc0b1f4\"},\"headline\":\"Por su desenvolvimiento esc\u00e9nico e interacci\u00f3n con el p\u00fablico en Open MAIC estudiantes grabar\u00e1n un demo\",\"datePublished\":\"2023-02-10T22:53:00+00:00\",\"dateModified\":\"2024-07-04T16:21:31+00:00\",\"mainEntityOfPage\":{\"@id\":\"https:\\\/\\\/www.uartes.edu.ec\\\/sitio\\\/en\\\/blog\\\/2023\\\/02\\\/10\\\/por-su-desenvolvimiento-escenico-e-interaccion-con-el-publico-en-open-maic-estudiantes-grabaran-un-demo\\\/\"},\"wordCount\":319,\"commentCount\":0,\"publisher\":{\"@id\":\"https:\\\/\\\/www.uartes.edu.ec\\\/sitio\\\/en\\\/#organization\"},\"image\":{\"@id\":\"https:\\\/\\\/www.uartes.edu.ec\\\/sitio\\\/en\\\/blog\\\/2023\\\/02\\\/10\\\/por-su-desenvolvimiento-escenico-e-interaccion-con-el-publico-en-open-maic-estudiantes-grabaran-un-demo\\\/#primaryimage\"},\"thumbnailUrl\":\"https:\\\/\\\/www.uartes.edu.ec\\\/sitio\\\/wp-content\\\/uploads\\\/2023\\\/02\\\/OPEN-MAIC-01.jpg\",\"keywords\":[\"presentaci\u00f3n\"],\"articleSection\":[\"Artes Sonoras\",\"Estudiantes\"],\"inLanguage\":\"en-US\",\"potentialAction\":[{\"@type\":\"CommentAction\",\"name\":\"Comment\",\"target\":[\"https:\\\/\\\/www.uartes.edu.ec\\\/sitio\\\/en\\\/blog\\\/2023\\\/02\\\/10\\\/por-su-desenvolvimiento-escenico-e-interaccion-con-el-publico-en-open-maic-estudiantes-grabaran-un-demo\\\/#respond\"]}]},{\"@type\":[\"WebPage\",\"ItemPage\"],\"@id\":\"https:\\\/\\\/www.uartes.edu.ec\\\/sitio\\\/en\\\/blog\\\/2023\\\/02\\\/10\\\/por-su-desenvolvimiento-escenico-e-interaccion-con-el-publico-en-open-maic-estudiantes-grabaran-un-demo\\\/\",\"url\":\"https:\\\/\\\/www.uartes.edu.ec\\\/sitio\\\/en\\\/blog\\\/2023\\\/02\\\/10\\\/por-su-desenvolvimiento-escenico-e-interaccion-con-el-publico-en-open-maic-estudiantes-grabaran-un-demo\\\/\",\"name\":\"Universidad de las Artes - Por su desenvolvimiento esc\u00e9nico e interacci\u00f3n con el p\u00fablico en Open MAIC estudiantes grabar\u00e1n un demo\",\"isPartOf\":{\"@id\":\"https:\\\/\\\/www.uartes.edu.ec\\\/sitio\\\/en\\\/#website\"},\"primaryImageOfPage\":{\"@id\":\"https:\\\/\\\/www.uartes.edu.ec\\\/sitio\\\/en\\\/blog\\\/2023\\\/02\\\/10\\\/por-su-desenvolvimiento-escenico-e-interaccion-con-el-publico-en-open-maic-estudiantes-grabaran-un-demo\\\/#primaryimage\"},\"image\":{\"@id\":\"https:\\\/\\\/www.uartes.edu.ec\\\/sitio\\\/en\\\/blog\\\/2023\\\/02\\\/10\\\/por-su-desenvolvimiento-escenico-e-interaccion-con-el-publico-en-open-maic-estudiantes-grabaran-un-demo\\\/#primaryimage\"},\"thumbnailUrl\":\"https:\\\/\\\/www.uartes.edu.ec\\\/sitio\\\/wp-content\\\/uploads\\\/2023\\\/02\\\/OPEN-MAIC-01.jpg\",\"datePublished\":\"2023-02-10T22:53:00+00:00\",\"dateModified\":\"2024-07-04T16:21:31+00:00\",\"description\":\"Universidad de las Artes - Por su desenvolvimiento esc\u00e9nico e interacci\u00f3n con el p\u00fablico en Open MAIC estudiantes grabar\u00e1n un demo\",\"breadcrumb\":{\"@id\":\"https:\\\/\\\/www.uartes.edu.ec\\\/sitio\\\/en\\\/blog\\\/2023\\\/02\\\/10\\\/por-su-desenvolvimiento-escenico-e-interaccion-con-el-publico-en-open-maic-estudiantes-grabaran-un-demo\\\/#breadcrumb\"},\"inLanguage\":\"en-US\",\"potentialAction\":[{\"@type\":\"ReadAction\",\"target\":[\"https:\\\/\\\/www.uartes.edu.ec\\\/sitio\\\/en\\\/blog\\\/2023\\\/02\\\/10\\\/por-su-desenvolvimiento-escenico-e-interaccion-con-el-publico-en-open-maic-estudiantes-grabaran-un-demo\\\/\"]}]},{\"@type\":\"ImageObject\",\"inLanguage\":\"en-US\",\"@id\":\"https:\\\/\\\/www.uartes.edu.ec\\\/sitio\\\/en\\\/blog\\\/2023\\\/02\\\/10\\\/por-su-desenvolvimiento-escenico-e-interaccion-con-el-publico-en-open-maic-estudiantes-grabaran-un-demo\\\/#primaryimage\",\"url\":\"https:\\\/\\\/www.uartes.edu.ec\\\/sitio\\\/wp-content\\\/uploads\\\/2023\\\/02\\\/OPEN-MAIC-01.jpg\",\"contentUrl\":\"https:\\\/\\\/www.uartes.edu.ec\\\/sitio\\\/wp-content\\\/uploads\\\/2023\\\/02\\\/OPEN-MAIC-01.jpg\",\"width\":2000,\"height\":1333},{\"@type\":\"BreadcrumbList\",\"@id\":\"https:\\\/\\\/www.uartes.edu.ec\\\/sitio\\\/en\\\/blog\\\/2023\\\/02\\\/10\\\/por-su-desenvolvimiento-escenico-e-interaccion-con-el-publico-en-open-maic-estudiantes-grabaran-un-demo\\\/#breadcrumb\",\"itemListElement\":[{\"@type\":\"ListItem\",\"position\":1,\"name\":\"Inicio\",\"item\":\"https:\\\/\\\/www.uartes.edu.ec\\\/sitio\\\/\"},{\"@type\":\"ListItem\",\"position\":2,\"name\":\"Por su desenvolvimiento esc\u00e9nico e interacci\u00f3n con el p\u00fablico en Open MAIC estudiantes grabar\u00e1n un demo\"}]},{\"@type\":\"WebSite\",\"@id\":\"https:\\\/\\\/www.uartes.edu.ec\\\/sitio\\\/en\\\/#website\",\"url\":\"https:\\\/\\\/www.uartes.edu.ec\\\/sitio\\\/en\\\/\",\"name\":\"Universidad de las Artes\",\"description\":\"Sitio oficial de la Universidad Nacional de las Artes del Ecuador\",\"publisher\":{\"@id\":\"https:\\\/\\\/www.uartes.edu.ec\\\/sitio\\\/en\\\/#organization\"},\"potentialAction\":[{\"@type\":\"SearchAction\",\"target\":{\"@type\":\"EntryPoint\",\"urlTemplate\":\"https:\\\/\\\/www.uartes.edu.ec\\\/sitio\\\/en\\\/?s={search_term_string}\"},\"query-input\":{\"@type\":\"PropertyValueSpecification\",\"valueRequired\":true,\"valueName\":\"search_term_string\"}}],\"inLanguage\":\"en-US\"},{\"@type\":\"Organization\",\"@id\":\"https:\\\/\\\/www.uartes.edu.ec\\\/sitio\\\/en\\\/#organization\",\"name\":\"Universidad de las Artes\",\"url\":\"https:\\\/\\\/www.uartes.edu.ec\\\/sitio\\\/en\\\/\",\"logo\":{\"@type\":\"ImageObject\",\"inLanguage\":\"en-US\",\"@id\":\"https:\\\/\\\/www.uartes.edu.ec\\\/sitio\\\/en\\\/#\\\/schema\\\/logo\\\/image\\\/\",\"url\":\"https:\\\/\\\/www.uartes.edu.ec\\\/sitio\\\/wp-content\\\/uploads\\\/2022\\\/07\\\/logo-ua-horizontal.png\",\"contentUrl\":\"https:\\\/\\\/www.uartes.edu.ec\\\/sitio\\\/wp-content\\\/uploads\\\/2022\\\/07\\\/logo-ua-horizontal.png\",\"width\":800,\"height\":276,\"caption\":\"Universidad de las Artes\"},\"image\":{\"@id\":\"https:\\\/\\\/www.uartes.edu.ec\\\/sitio\\\/en\\\/#\\\/schema\\\/logo\\\/image\\\/\"},\"sameAs\":[\"https:\\\/\\\/www.facebook.com\\\/uartesec\",\"https:\\\/\\\/x.com\\\/uartesec\",\"https:\\\/\\\/www.tiktok.com\\\/@uartesec\"]},{\"@type\":\"Person\",\"@id\":\"https:\\\/\\\/www.uartes.edu.ec\\\/sitio\\\/en\\\/#\\\/schema\\\/person\\\/efa1b8275797664fd7f13a79ccc0b1f4\",\"name\":\"ccortez\",\"image\":{\"@type\":\"ImageObject\",\"inLanguage\":\"en-US\",\"@id\":\"https:\\\/\\\/secure.gravatar.com\\\/avatar\\\/b2a6f664a3ae8e074346ef91775736c5ec479e637ecced6842de9dc98b5da9cd?s=96&d=mm&r=g\",\"url\":\"https:\\\/\\\/secure.gravatar.com\\\/avatar\\\/b2a6f664a3ae8e074346ef91775736c5ec479e637ecced6842de9dc98b5da9cd?s=96&d=mm&r=g\",\"contentUrl\":\"https:\\\/\\\/secure.gravatar.com\\\/avatar\\\/b2a6f664a3ae8e074346ef91775736c5ec479e637ecced6842de9dc98b5da9cd?s=96&d=mm&r=g\",\"caption\":\"ccortez\"},\"url\":\"https:\\\/\\\/www.uartes.edu.ec\\\/sitio\\\/en\\\/blog\\\/author\\\/ccortez\\\/\"}]}<\/script>\n<!-- \/ Yoast SEO plugin. -->","yoast_head_json":{"title":"Universidad de las Artes - Por su desenvolvimiento esc\u00e9nico e interacci\u00f3n con el p\u00fablico en Open MAIC estudiantes grabar\u00e1n un demo","description":"Universidad de las Artes - Por su desenvolvimiento esc\u00e9nico e interacci\u00f3n con el p\u00fablico en Open MAIC estudiantes grabar\u00e1n un demo","robots":{"index":"index","follow":"follow","max-snippet":"max-snippet:-1","max-image-preview":"max-image-preview:large","max-video-preview":"max-video-preview:-1"},"canonical":"https:\/\/www.uartes.edu.ec\/sitio\/en\/blog\/2023\/02\/10\/por-su-desenvolvimiento-escenico-e-interaccion-con-el-publico-en-open-maic-estudiantes-grabaran-un-demo\/","og_locale":"en_US","og_type":"article","og_title":"Universidad de las Artes - Por su desenvolvimiento esc\u00e9nico e interacci\u00f3n con el p\u00fablico en Open MAIC estudiantes grabar\u00e1n un demo","og_description":"Universidad de las Artes - Por su desenvolvimiento esc\u00e9nico e interacci\u00f3n con el p\u00fablico en Open MAIC estudiantes grabar\u00e1n un demo","og_url":"https:\/\/www.uartes.edu.ec\/sitio\/en\/blog\/2023\/02\/10\/por-su-desenvolvimiento-escenico-e-interaccion-con-el-publico-en-open-maic-estudiantes-grabaran-un-demo\/","og_site_name":"Universidad de las Artes","article_publisher":"https:\/\/www.facebook.com\/uartesec","article_published_time":"2023-02-10T22:53:00+00:00","article_modified_time":"2024-07-04T16:21:31+00:00","og_image":[{"width":2000,"height":1333,"url":"https:\/\/www.uartes.edu.ec\/sitio\/wp-content\/uploads\/2023\/02\/OPEN-MAIC-01.jpg","type":"image\/jpeg"}],"author":"ccortez","twitter_card":"summary_large_image","twitter_creator":"@uartesec","twitter_site":"@uartesec","twitter_misc":{"Written by":"ccortez","Est. reading time":"2 minutes"},"schema":{"@context":"https:\/\/schema.org","@graph":[{"@type":"Article","@id":"https:\/\/www.uartes.edu.ec\/sitio\/en\/blog\/2023\/02\/10\/por-su-desenvolvimiento-escenico-e-interaccion-con-el-publico-en-open-maic-estudiantes-grabaran-un-demo\/#article","isPartOf":{"@id":"https:\/\/www.uartes.edu.ec\/sitio\/en\/blog\/2023\/02\/10\/por-su-desenvolvimiento-escenico-e-interaccion-con-el-publico-en-open-maic-estudiantes-grabaran-un-demo\/"},"author":{"name":"ccortez","@id":"https:\/\/www.uartes.edu.ec\/sitio\/en\/#\/schema\/person\/efa1b8275797664fd7f13a79ccc0b1f4"},"headline":"Por su desenvolvimiento esc\u00e9nico e interacci\u00f3n con el p\u00fablico en Open MAIC estudiantes grabar\u00e1n un demo","datePublished":"2023-02-10T22:53:00+00:00","dateModified":"2024-07-04T16:21:31+00:00","mainEntityOfPage":{"@id":"https:\/\/www.uartes.edu.ec\/sitio\/en\/blog\/2023\/02\/10\/por-su-desenvolvimiento-escenico-e-interaccion-con-el-publico-en-open-maic-estudiantes-grabaran-un-demo\/"},"wordCount":319,"commentCount":0,"publisher":{"@id":"https:\/\/www.uartes.edu.ec\/sitio\/en\/#organization"},"image":{"@id":"https:\/\/www.uartes.edu.ec\/sitio\/en\/blog\/2023\/02\/10\/por-su-desenvolvimiento-escenico-e-interaccion-con-el-publico-en-open-maic-estudiantes-grabaran-un-demo\/#primaryimage"},"thumbnailUrl":"https:\/\/www.uartes.edu.ec\/sitio\/wp-content\/uploads\/2023\/02\/OPEN-MAIC-01.jpg","keywords":["presentaci\u00f3n"],"articleSection":["Artes Sonoras","Estudiantes"],"inLanguage":"en-US","potentialAction":[{"@type":"CommentAction","name":"Comment","target":["https:\/\/www.uartes.edu.ec\/sitio\/en\/blog\/2023\/02\/10\/por-su-desenvolvimiento-escenico-e-interaccion-con-el-publico-en-open-maic-estudiantes-grabaran-un-demo\/#respond"]}]},{"@type":["WebPage","ItemPage"],"@id":"https:\/\/www.uartes.edu.ec\/sitio\/en\/blog\/2023\/02\/10\/por-su-desenvolvimiento-escenico-e-interaccion-con-el-publico-en-open-maic-estudiantes-grabaran-un-demo\/","url":"https:\/\/www.uartes.edu.ec\/sitio\/en\/blog\/2023\/02\/10\/por-su-desenvolvimiento-escenico-e-interaccion-con-el-publico-en-open-maic-estudiantes-grabaran-un-demo\/","name":"Universidad de las Artes - Por su desenvolvimiento esc\u00e9nico e interacci\u00f3n con el p\u00fablico en Open MAIC estudiantes grabar\u00e1n un demo","isPartOf":{"@id":"https:\/\/www.uartes.edu.ec\/sitio\/en\/#website"},"primaryImageOfPage":{"@id":"https:\/\/www.uartes.edu.ec\/sitio\/en\/blog\/2023\/02\/10\/por-su-desenvolvimiento-escenico-e-interaccion-con-el-publico-en-open-maic-estudiantes-grabaran-un-demo\/#primaryimage"},"image":{"@id":"https:\/\/www.uartes.edu.ec\/sitio\/en\/blog\/2023\/02\/10\/por-su-desenvolvimiento-escenico-e-interaccion-con-el-publico-en-open-maic-estudiantes-grabaran-un-demo\/#primaryimage"},"thumbnailUrl":"https:\/\/www.uartes.edu.ec\/sitio\/wp-content\/uploads\/2023\/02\/OPEN-MAIC-01.jpg","datePublished":"2023-02-10T22:53:00+00:00","dateModified":"2024-07-04T16:21:31+00:00","description":"Universidad de las Artes - Por su desenvolvimiento esc\u00e9nico e interacci\u00f3n con el p\u00fablico en Open MAIC estudiantes grabar\u00e1n un demo","breadcrumb":{"@id":"https:\/\/www.uartes.edu.ec\/sitio\/en\/blog\/2023\/02\/10\/por-su-desenvolvimiento-escenico-e-interaccion-con-el-publico-en-open-maic-estudiantes-grabaran-un-demo\/#breadcrumb"},"inLanguage":"en-US","potentialAction":[{"@type":"ReadAction","target":["https:\/\/www.uartes.edu.ec\/sitio\/en\/blog\/2023\/02\/10\/por-su-desenvolvimiento-escenico-e-interaccion-con-el-publico-en-open-maic-estudiantes-grabaran-un-demo\/"]}]},{"@type":"ImageObject","inLanguage":"en-US","@id":"https:\/\/www.uartes.edu.ec\/sitio\/en\/blog\/2023\/02\/10\/por-su-desenvolvimiento-escenico-e-interaccion-con-el-publico-en-open-maic-estudiantes-grabaran-un-demo\/#primaryimage","url":"https:\/\/www.uartes.edu.ec\/sitio\/wp-content\/uploads\/2023\/02\/OPEN-MAIC-01.jpg","contentUrl":"https:\/\/www.uartes.edu.ec\/sitio\/wp-content\/uploads\/2023\/02\/OPEN-MAIC-01.jpg","width":2000,"height":1333},{"@type":"BreadcrumbList","@id":"https:\/\/www.uartes.edu.ec\/sitio\/en\/blog\/2023\/02\/10\/por-su-desenvolvimiento-escenico-e-interaccion-con-el-publico-en-open-maic-estudiantes-grabaran-un-demo\/#breadcrumb","itemListElement":[{"@type":"ListItem","position":1,"name":"Inicio","item":"https:\/\/www.uartes.edu.ec\/sitio\/"},{"@type":"ListItem","position":2,"name":"Por su desenvolvimiento esc\u00e9nico e interacci\u00f3n con el p\u00fablico en Open MAIC estudiantes grabar\u00e1n un demo"}]},{"@type":"WebSite","@id":"https:\/\/www.uartes.edu.ec\/sitio\/en\/#website","url":"https:\/\/www.uartes.edu.ec\/sitio\/en\/","name":"Universidad de las Artes","description":"Sitio oficial de la Universidad Nacional de las Artes del Ecuador","publisher":{"@id":"https:\/\/www.uartes.edu.ec\/sitio\/en\/#organization"},"potentialAction":[{"@type":"SearchAction","target":{"@type":"EntryPoint","urlTemplate":"https:\/\/www.uartes.edu.ec\/sitio\/en\/?s={search_term_string}"},"query-input":{"@type":"PropertyValueSpecification","valueRequired":true,"valueName":"search_term_string"}}],"inLanguage":"en-US"},{"@type":"Organization","@id":"https:\/\/www.uartes.edu.ec\/sitio\/en\/#organization","name":"Universidad de las Artes","url":"https:\/\/www.uartes.edu.ec\/sitio\/en\/","logo":{"@type":"ImageObject","inLanguage":"en-US","@id":"https:\/\/www.uartes.edu.ec\/sitio\/en\/#\/schema\/logo\/image\/","url":"https:\/\/www.uartes.edu.ec\/sitio\/wp-content\/uploads\/2022\/07\/logo-ua-horizontal.png","contentUrl":"https:\/\/www.uartes.edu.ec\/sitio\/wp-content\/uploads\/2022\/07\/logo-ua-horizontal.png","width":800,"height":276,"caption":"Universidad de las Artes"},"image":{"@id":"https:\/\/www.uartes.edu.ec\/sitio\/en\/#\/schema\/logo\/image\/"},"sameAs":["https:\/\/www.facebook.com\/uartesec","https:\/\/x.com\/uartesec","https:\/\/www.tiktok.com\/@uartesec"]},{"@type":"Person","@id":"https:\/\/www.uartes.edu.ec\/sitio\/en\/#\/schema\/person\/efa1b8275797664fd7f13a79ccc0b1f4","name":"ccortez","image":{"@type":"ImageObject","inLanguage":"en-US","@id":"https:\/\/secure.gravatar.com\/avatar\/b2a6f664a3ae8e074346ef91775736c5ec479e637ecced6842de9dc98b5da9cd?s=96&d=mm&r=g","url":"https:\/\/secure.gravatar.com\/avatar\/b2a6f664a3ae8e074346ef91775736c5ec479e637ecced6842de9dc98b5da9cd?s=96&d=mm&r=g","contentUrl":"https:\/\/secure.gravatar.com\/avatar\/b2a6f664a3ae8e074346ef91775736c5ec479e637ecced6842de9dc98b5da9cd?s=96&d=mm&r=g","caption":"ccortez"},"url":"https:\/\/www.uartes.edu.ec\/sitio\/en\/blog\/author\/ccortez\/"}]}},"uagb_featured_image_src":{"full":["https:\/\/www.uartes.edu.ec\/sitio\/wp-content\/uploads\/2023\/02\/OPEN-MAIC-01.jpg",2000,1333,false],"thumbnail":["https:\/\/www.uartes.edu.ec\/sitio\/wp-content\/uploads\/2023\/02\/OPEN-MAIC-01-150x150.jpg",150,150,true],"medium":["https:\/\/www.uartes.edu.ec\/sitio\/wp-content\/uploads\/2023\/02\/OPEN-MAIC-01-300x200.jpg",300,200,true],"medium_large":["https:\/\/www.uartes.edu.ec\/sitio\/wp-content\/uploads\/2023\/02\/OPEN-MAIC-01-768x512.jpg",768,512,true],"large":["https:\/\/www.uartes.edu.ec\/sitio\/wp-content\/uploads\/2023\/02\/OPEN-MAIC-01-644x429.jpg",644,429,true],"1536x1536":["https:\/\/www.uartes.edu.ec\/sitio\/wp-content\/uploads\/2023\/02\/OPEN-MAIC-01-1536x1024.jpg",1536,1024,true],"2048x2048":["https:\/\/www.uartes.edu.ec\/sitio\/wp-content\/uploads\/2023\/02\/OPEN-MAIC-01.jpg",2000,1333,false],"trp-custom-language-flag":["https:\/\/www.uartes.edu.ec\/sitio\/wp-content\/uploads\/2023\/02\/OPEN-MAIC-01.jpg",18,12,false],"htmega_size_585x295":["https:\/\/www.uartes.edu.ec\/sitio\/wp-content\/uploads\/2023\/02\/OPEN-MAIC-01-585x295.jpg",585,295,true],"htmega_size_1170x536":["https:\/\/www.uartes.edu.ec\/sitio\/wp-content\/uploads\/2023\/02\/OPEN-MAIC-01-1170x536.jpg",1170,536,true],"htmega_size_396x360":["https:\/\/www.uartes.edu.ec\/sitio\/wp-content\/uploads\/2023\/02\/OPEN-MAIC-01-396x360.jpg",396,360,true],"gb-block-post-grid-landscape":["https:\/\/www.uartes.edu.ec\/sitio\/wp-content\/uploads\/2023\/02\/OPEN-MAIC-01-600x400.jpg",600,400,true],"gb-block-post-grid-square":["https:\/\/www.uartes.edu.ec\/sitio\/wp-content\/uploads\/2023\/02\/OPEN-MAIC-01-600x600.jpg",600,600,true],"university-hub-thumb":["https:\/\/www.uartes.edu.ec\/sitio\/wp-content\/uploads\/2023\/02\/OPEN-MAIC-01-400x267.jpg",400,267,true],"mailpoet_newsletter_max":["https:\/\/www.uartes.edu.ec\/sitio\/wp-content\/uploads\/2023\/02\/OPEN-MAIC-01.jpg",1320,880,false]},"uagb_author_info":{"display_name":"ccortez","author_link":"https:\/\/www.uartes.edu.ec\/sitio\/en\/blog\/author\/ccortez\/"},"uagb_comment_info":0,"uagb_excerpt":"Daniel Morales, Alex Simball, Andrea Abad, Brayan Zambrano, Orland Su\u00e1rez y Roy Poma son los estudiantes UArtes por cuya participaci\u00f3n en Open MAIC ganaron grabar un demo en los estudios de la Escuela de Artes Sonoras. Desenvolvimiento esc\u00e9nico e interacci\u00f3n con el p\u00fablico fueron los criterios de su selecci\u00f3n. El espacio es iniciativa de la&hellip;","featured_image_src":"https:\/\/www.uartes.edu.ec\/sitio\/wp-content\/uploads\/2023\/02\/OPEN-MAIC-01-600x400.jpg","featured_image_src_square":"https:\/\/www.uartes.edu.ec\/sitio\/wp-content\/uploads\/2023\/02\/OPEN-MAIC-01-600x600.jpg","author_info":{"display_name":"ccortez","author_link":"https:\/\/www.uartes.edu.ec\/sitio\/en\/blog\/author\/ccortez\/"},"publishpress_future_workflow_manual_trigger":{"enabledWorkflows":[]},"distributor_meta":false,"distributor_terms":false,"distributor_media":false,"distributor_original_site_name":"Universidad de las Artes","distributor_original_site_url":"https:\/\/www.uartes.edu.ec\/sitio\/en","push-errors":false,"_links":{"self":[{"href":"https:\/\/www.uartes.edu.ec\/sitio\/en\/wp-json\/wp\/v2\/posts\/38241","targetHints":{"allow":["GET"]}}],"collection":[{"href":"https:\/\/www.uartes.edu.ec\/sitio\/en\/wp-json\/wp\/v2\/posts"}],"about":[{"href":"https:\/\/www.uartes.edu.ec\/sitio\/en\/wp-json\/wp\/v2\/types\/post"}],"author":[{"embeddable":true,"href":"https:\/\/www.uartes.edu.ec\/sitio\/en\/wp-json\/wp\/v2\/users\/10"}],"replies":[{"embeddable":true,"href":"https:\/\/www.uartes.edu.ec\/sitio\/en\/wp-json\/wp\/v2\/comments?post=38241"}],"version-history":[{"count":4,"href":"https:\/\/www.uartes.edu.ec\/sitio\/en\/wp-json\/wp\/v2\/posts\/38241\/revisions"}],"predecessor-version":[{"id":38255,"href":"https:\/\/www.uartes.edu.ec\/sitio\/en\/wp-json\/wp\/v2\/posts\/38241\/revisions\/38255"}],"wp:featuredmedia":[{"embeddable":true,"href":"https:\/\/www.uartes.edu.ec\/sitio\/en\/wp-json\/wp\/v2\/media\/38242"}],"wp:attachment":[{"href":"https:\/\/www.uartes.edu.ec\/sitio\/en\/wp-json\/wp\/v2\/media?parent=38241"}],"wp:term":[{"taxonomy":"category","embeddable":true,"href":"https:\/\/www.uartes.edu.ec\/sitio\/en\/wp-json\/wp\/v2\/categories?post=38241"},{"taxonomy":"post_tag","embeddable":true,"href":"https:\/\/www.uartes.edu.ec\/sitio\/en\/wp-json\/wp\/v2\/tags?post=38241"},{"taxonomy":"infouartes","embeddable":true,"href":"https:\/\/www.uartes.edu.ec\/sitio\/en\/wp-json\/wp\/v2\/infouartes?post=38241"}],"curies":[{"name":"wp","href":"https:\/\/api.w.org\/{rel}","templated":true}]}}