{"id":38260,"date":"2023-02-13T16:49:00","date_gmt":"2023-02-13T21:49:00","guid":{"rendered":"http:\/\/www.uartes.edu.ec\/sitio\/?p=38260"},"modified":"2024-07-04T11:21:30","modified_gmt":"2024-07-04T16:21:30","slug":"en-casa-abierta-estudiantes-y-docentes-de-creacion-teatral-mostraron-sus-procesos","status":"publish","type":"post","link":"https:\/\/www.uartes.edu.ec\/sitio\/en\/blog\/2023\/02\/13\/en-casa-abierta-estudiantes-y-docentes-de-creacion-teatral-mostraron-sus-procesos\/","title":{"rendered":"En casa abierta, Creaci\u00f3n Teatral mostr\u00f3 los procesos pedag\u00f3gicos y art\u00edsticos de sus estudiantes"},"content":{"rendered":"<p>La carrera de Creaci\u00f3n Teatral de la Escuela de Artes Esc\u00e9nicas de la Universidad de las Artes mantuvo del 1 al 12 de febrero una Casa Abierta en la que sus estudiantes, conjuntamente con los docentes, expusieron los procesos y el desarrollo de las clases, as\u00ed como el resultado de los laboratorios.<\/p>\n\n\n\n<p>Fue una verdadera fiesta para la comunidad universitaria y el p\u00fablico en general, que pudieron conocer de cerca los procesos pedag\u00f3gicos art\u00edsticos de la Creaci\u00f3n Teatral. Fueron m\u00e1s de treinta las propuestas llevadas a escena, en espacios dispuestos tanto al interior de la UArtes como externamente. Los primeros, en los edificios T\u00e1bara y El Tel\u00e9grafo, el MZ14 Centro de Producci\u00f3n e Innovaci\u00f3n y la Biblioteca de las Artes; los segundos, en sitios como Zona Escena.<\/p>\n\n\n\n<p>Hubo muestras de varias de las asignaturas y sus ciclos. El docente An\u00edbal P\u00e1ez, coordinador de la carrera, coment\u00f3, entre otras, los laboratorios de creaci\u00f3n de los diferentes semestres, generalmente a partir del tercero y, sobre todo, del octavo.<\/p>\n\n\n<div class=\"wp-block-image\">\n<figure class=\"aligncenter size-large\"><img fetchpriority=\"high\" decoding=\"async\" width=\"644\" height=\"429\" src=\"http:\/\/www.uartes.edu.ec\/sitio\/wp-content\/uploads\/2023\/02\/Los-Ojos-de-Ana-de-Luc-Tartar-PILAR-ARANDA-7-644x429.jpg\" alt=\"\" class=\"wp-image-38331\" srcset=\"https:\/\/www.uartes.edu.ec\/sitio\/wp-content\/uploads\/2023\/02\/Los-Ojos-de-Ana-de-Luc-Tartar-PILAR-ARANDA-7-644x429.jpg 644w, https:\/\/www.uartes.edu.ec\/sitio\/wp-content\/uploads\/2023\/02\/Los-Ojos-de-Ana-de-Luc-Tartar-PILAR-ARANDA-7-768x511.jpg 768w, https:\/\/www.uartes.edu.ec\/sitio\/wp-content\/uploads\/2023\/02\/Los-Ojos-de-Ana-de-Luc-Tartar-PILAR-ARANDA-7.jpg 2000w, https:\/\/www.uartes.edu.ec\/sitio\/wp-content\/uploads\/2023\/02\/Los-Ojos-de-Ana-de-Luc-Tartar-PILAR-ARANDA-7-600x399.jpg 600w, https:\/\/www.uartes.edu.ec\/sitio\/wp-content\/uploads\/2023\/02\/Los-Ojos-de-Ana-de-Luc-Tartar-PILAR-ARANDA-7-272x182.jpg 272w\" sizes=\"(max-width: 644px) 100vw, 644px\" \/><\/figure>\n<\/div>\n\n\n<p>Con P\u00e1ez sus estudiantes presentaron una muestra de Entrenamiento y Laboratorio III. Tambi\u00e9n se expusieron trabajos de Dramaturgia Experimental, que dicta Lorena Toro; Taller Voz II, a cargo de Benjam\u00edn Cort\u00e9s; Danza II, de Luis Miguel Cajiao; Laboratorio y Taller de Investigaci\u00f3n Actoral, de Diego Ortega; Teatro, Teor\u00edas y Pensamiento, de Tatiana Ugalde; Laboratorio Esc\u00e9nico, de Andr\u00e9s Santos; Clown, de Santiago Harris; Laboratorio VII e Investigaci\u00f3n Actoral III, de Dolores Ortiz; Laboratorio T\u00e9cnicas de Direcci\u00f3n, de Santiago Rold\u00f3s; Danza, de Jorge Parra; y Laboratorio de Puesta en Escena 8vo, de Lalo Santi.<\/p>\n\n\n\n<p>A continuaci\u00f3n, un registro por fecha de lo llevado a escena. Del 1 al 3 de febrero, en el edificio T\u00e1bara, se presentaron los resultados del Laboratorio de Creaci\u00f3n Teatral IV con la docente Pilar Aranda. Un ejercicio esc\u00e9nico a partir de \u201cLos Ojos de Ana\u201d, de Luc Tartar, proyecto final con el que los estudiantes de cuarto semestre cerraron un proceso, a partir de la puesta en juego de herramientas adquiridas en laboratorios te\u00f3ricos y pr\u00e1cticos, el cual ha dado origen a la creaci\u00f3n de pensamiento, acci\u00f3n y composici\u00f3n en\/para la escena.<\/p>\n\n\n<div class=\"wp-block-image\">\n<figure class=\"aligncenter size-large\"><img decoding=\"async\" width=\"644\" height=\"429\" src=\"http:\/\/www.uartes.edu.ec\/sitio\/wp-content\/uploads\/2023\/02\/BENJAMIN-CORTES-VOZ-04-644x429.jpg\" alt=\"\" class=\"wp-image-38332\" srcset=\"https:\/\/www.uartes.edu.ec\/sitio\/wp-content\/uploads\/2023\/02\/BENJAMIN-CORTES-VOZ-04-644x429.jpg 644w, https:\/\/www.uartes.edu.ec\/sitio\/wp-content\/uploads\/2023\/02\/BENJAMIN-CORTES-VOZ-04-768x511.jpg 768w, https:\/\/www.uartes.edu.ec\/sitio\/wp-content\/uploads\/2023\/02\/BENJAMIN-CORTES-VOZ-04.jpg 2000w, https:\/\/www.uartes.edu.ec\/sitio\/wp-content\/uploads\/2023\/02\/BENJAMIN-CORTES-VOZ-04-600x399.jpg 600w, https:\/\/www.uartes.edu.ec\/sitio\/wp-content\/uploads\/2023\/02\/BENJAMIN-CORTES-VOZ-04-272x182.jpg 272w\" sizes=\"(max-width: 644px) 100vw, 644px\" \/><\/figure>\n<\/div>\n\n<div class=\"wp-block-image\">\n<figure class=\"aligncenter size-large\"><img decoding=\"async\" width=\"644\" height=\"429\" src=\"http:\/\/www.uartes.edu.ec\/sitio\/wp-content\/uploads\/2023\/02\/Presentacion-de-trabajos-04-644x429.jpg\" alt=\"\" class=\"wp-image-38335\" srcset=\"https:\/\/www.uartes.edu.ec\/sitio\/wp-content\/uploads\/2023\/02\/Presentacion-de-trabajos-04-644x429.jpg 644w, https:\/\/www.uartes.edu.ec\/sitio\/wp-content\/uploads\/2023\/02\/Presentacion-de-trabajos-04-768x511.jpg 768w, https:\/\/www.uartes.edu.ec\/sitio\/wp-content\/uploads\/2023\/02\/Presentacion-de-trabajos-04.jpg 2000w, https:\/\/www.uartes.edu.ec\/sitio\/wp-content\/uploads\/2023\/02\/Presentacion-de-trabajos-04-600x399.jpg 600w, https:\/\/www.uartes.edu.ec\/sitio\/wp-content\/uploads\/2023\/02\/Presentacion-de-trabajos-04-272x182.jpg 272w\" sizes=\"(max-width: 644px) 100vw, 644px\" \/><\/figure>\n<\/div>\n\n\n<p>El martes 7 de febrero hubo seis presentaciones: Muestra de Laboratorio de Creaci\u00f3n 7mo, Clase abierta de Dramaturgia Experimental, Muestra del Taller Voz II, Clase abierta de Danza II: Danza Contempor\u00e1nea, El ascenso de la gente rata y la gente cucaracha \u2013que corresponde al Laboratorio VI y Taller de Investigaci\u00f3n Teatral, y Espect\u00e1culo de 3er Ciclo: Stand-opados II, del Taller de Voz III.<\/p>\n\n\n\n<p>El mi\u00e9rcoles 8 de febrero se desarrollaron ocho puestas en escena: Muestra del Taller Voz II; Muestra de Teatro: Teor\u00edas y Pensamiento, exhibici\u00f3n de fanzines; Muestra de quinto ciclo: El margen tiene su propio campo de imagen; Espiral 305 Tentativas esc\u00e9nicas a trav\u00e9s de textos propios; Muestra de Clown de n\u00fameros cl\u00e1sicos de circo; Espect\u00e1culo de tercer ciclo: Stand-opados II; Muestra de Laboratorio de Creaci\u00f3n 7, e Improvisaci\u00f3n del S\u00e1nchez.<\/p>\n\n\n<div class=\"wp-block-image\">\n<figure class=\"aligncenter size-large\"><img loading=\"lazy\" decoding=\"async\" width=\"644\" height=\"429\" src=\"http:\/\/www.uartes.edu.ec\/sitio\/wp-content\/uploads\/2023\/02\/SAL-DE-MI-VIDA-LALO-SANTI-1-644x429.jpg\" alt=\"\" class=\"wp-image-38333\" srcset=\"https:\/\/www.uartes.edu.ec\/sitio\/wp-content\/uploads\/2023\/02\/SAL-DE-MI-VIDA-LALO-SANTI-1-644x429.jpg 644w, https:\/\/www.uartes.edu.ec\/sitio\/wp-content\/uploads\/2023\/02\/SAL-DE-MI-VIDA-LALO-SANTI-1-768x511.jpg 768w, https:\/\/www.uartes.edu.ec\/sitio\/wp-content\/uploads\/2023\/02\/SAL-DE-MI-VIDA-LALO-SANTI-1.jpg 2000w, https:\/\/www.uartes.edu.ec\/sitio\/wp-content\/uploads\/2023\/02\/SAL-DE-MI-VIDA-LALO-SANTI-1-600x399.jpg 600w, https:\/\/www.uartes.edu.ec\/sitio\/wp-content\/uploads\/2023\/02\/SAL-DE-MI-VIDA-LALO-SANTI-1-272x182.jpg 272w\" sizes=\"(max-width: 644px) 100vw, 644px\" \/><\/figure>\n<\/div>\n\n\n<p>El jueves 9 de febrero, la comunidad universitaria y el p\u00fablico en general disfrut\u00f3 de la pieza Sin la sal de vida, de la clase abierta de Dramaturgia Experimental, de la Lectura de textos creados en el Taller de Escritura: Dramaturgia contempor\u00e1nea, de una muestra de la C\u00e1tedra Libre I \u2013 Podcast Teatral y de la muestra Disponibilidad del cambio del actor-actriz.<\/p>\n\n\n\n<p>El viernes 10 de febrero se desarroll\u00f3 tambi\u00e9n una clase abierta de Danza I: Danza Contempor\u00e1nea, una muestra del Laboratorio de T\u00e9cnicas de Direcci\u00f3n, titulada Dios ha muestro y nosotros lo hemos matado; una presentaci\u00f3n de Ejercicios de Improvisaci\u00f3n de Clown, denominada \u00c9xodo de payaseantes; y del Laboratorio de Puesta en Escena 8vo, Sin la sal de vida, la cual tuvo ese d\u00eda dos presentaciones, el s\u00e1bado 11 tres m\u00e1s \u2013junto con los Cuentos para ni\u00f1os y no tan ni\u00f1os\u2013 y el domingo 12 una.<\/p>\n\n\n<div class=\"wp-block-image\">\n<figure class=\"aligncenter size-large\"><img loading=\"lazy\" decoding=\"async\" width=\"644\" height=\"429\" src=\"http:\/\/www.uartes.edu.ec\/sitio\/wp-content\/uploads\/2023\/02\/EXODO-CLOWN-644x429.jpg\" alt=\"\" class=\"wp-image-38334\" srcset=\"https:\/\/www.uartes.edu.ec\/sitio\/wp-content\/uploads\/2023\/02\/EXODO-CLOWN-644x429.jpg 644w, https:\/\/www.uartes.edu.ec\/sitio\/wp-content\/uploads\/2023\/02\/EXODO-CLOWN-768x511.jpg 768w, https:\/\/www.uartes.edu.ec\/sitio\/wp-content\/uploads\/2023\/02\/EXODO-CLOWN.jpg 2000w, https:\/\/www.uartes.edu.ec\/sitio\/wp-content\/uploads\/2023\/02\/EXODO-CLOWN-600x399.jpg 600w, https:\/\/www.uartes.edu.ec\/sitio\/wp-content\/uploads\/2023\/02\/EXODO-CLOWN-272x182.jpg 272w\" sizes=\"(max-width: 644px) 100vw, 644px\" \/><\/figure>\n<\/div>","protected":false},"excerpt":{"rendered":"<p>La carrera de Creaci\u00f3n Teatral de la Escuela de Artes Esc\u00e9nicas mantuvo del 1 al 12 de febrero una Casa Abierta en la que sus estudiantes, conjuntamente con los docentes, expusieron los procesos y el desarrollo de las clases, y el resultado de los laboratorios. Fue una fiesta para la comunidad universitaria y el p\u00fablico en general, que conocieron de cerca los procesos pedag\u00f3gicos art\u00edsticos.<\/p>","protected":false},"author":10,"featured_media":38330,"comment_status":"open","ping_status":"open","sticky":false,"template":"","format":"standard","meta":{"_acf_changed":false,"_uag_custom_page_level_css":"","_monsterinsights_skip_tracking":false,"_monsterinsights_sitenote_active":false,"_monsterinsights_sitenote_note":"","_monsterinsights_sitenote_category":0,"cybocfi_hide_featured_image":"","footnotes":""},"categories":[715,80,159,75,76],"tags":[929],"infouartes":[],"class_list":["post-38260","post","type-post","status-publish","format-standard","has-post-thumbnail","hentry","category-2c","category-academico","category-artes-escenicas","category-docentes","category-estudiantes","tag-casa-abierta"],"acf":[],"yoast_head":"<!-- This site is optimized with the Yoast SEO plugin v27.4 - https:\/\/yoast.com\/product\/yoast-seo-wordpress\/ -->\n<title>Universidad de las Artes - En casa abierta, Creaci\u00f3n Teatral mostr\u00f3 los procesos pedag\u00f3gicos y art\u00edsticos de sus estudiantes<\/title>\n<meta name=\"description\" content=\"Universidad de las Artes - En casa abierta, Creaci\u00f3n Teatral mostr\u00f3 los procesos pedag\u00f3gicos y art\u00edsticos de sus estudiantes\" \/>\n<meta name=\"robots\" content=\"index, follow, max-snippet:-1, max-image-preview:large, max-video-preview:-1\" \/>\n<link rel=\"canonical\" href=\"https:\/\/www.uartes.edu.ec\/sitio\/en\/blog\/2023\/02\/13\/en-casa-abierta-estudiantes-y-docentes-de-creacion-teatral-mostraron-sus-procesos\/\" \/>\n<meta property=\"og:locale\" content=\"en_US\" \/>\n<meta property=\"og:type\" content=\"article\" \/>\n<meta property=\"og:title\" content=\"Universidad de las Artes - En casa abierta, Creaci\u00f3n Teatral mostr\u00f3 los procesos pedag\u00f3gicos y art\u00edsticos de sus estudiantes\" \/>\n<meta property=\"og:description\" content=\"Universidad de las Artes - En casa abierta, Creaci\u00f3n Teatral mostr\u00f3 los procesos pedag\u00f3gicos y art\u00edsticos de sus estudiantes\" \/>\n<meta property=\"og:url\" content=\"https:\/\/www.uartes.edu.ec\/sitio\/en\/blog\/2023\/02\/13\/en-casa-abierta-estudiantes-y-docentes-de-creacion-teatral-mostraron-sus-procesos\/\" \/>\n<meta property=\"og:site_name\" content=\"Universidad de las Artes\" \/>\n<meta property=\"article:publisher\" content=\"https:\/\/www.facebook.com\/uartesec\" \/>\n<meta property=\"article:published_time\" content=\"2023-02-13T21:49:00+00:00\" \/>\n<meta property=\"article:modified_time\" content=\"2024-07-04T16:21:30+00:00\" \/>\n<meta property=\"og:image\" content=\"https:\/\/www.uartes.edu.ec\/sitio\/wp-content\/uploads\/2023\/02\/Los-Ojos-de-Ana-de-Luc-Tartar-PILAR-ARANDA-2.jpg\" \/>\n\t<meta property=\"og:image:width\" content=\"2000\" \/>\n\t<meta property=\"og:image:height\" content=\"1333\" \/>\n\t<meta property=\"og:image:type\" content=\"image\/jpeg\" \/>\n<meta name=\"author\" content=\"ccortez\" \/>\n<meta name=\"twitter:card\" content=\"summary_large_image\" \/>\n<meta name=\"twitter:creator\" content=\"@uartesec\" \/>\n<meta name=\"twitter:site\" content=\"@uartesec\" \/>\n<meta name=\"twitter:label1\" content=\"Written by\" \/>\n\t<meta name=\"twitter:data1\" content=\"ccortez\" \/>\n\t<meta name=\"twitter:label2\" content=\"Est. reading time\" \/>\n\t<meta name=\"twitter:data2\" content=\"4 minutes\" \/>\n<script type=\"application\/ld+json\" class=\"yoast-schema-graph\">{\"@context\":\"https:\\\/\\\/schema.org\",\"@graph\":[{\"@type\":\"Article\",\"@id\":\"https:\\\/\\\/www.uartes.edu.ec\\\/sitio\\\/en\\\/blog\\\/2023\\\/02\\\/13\\\/en-casa-abierta-estudiantes-y-docentes-de-creacion-teatral-mostraron-sus-procesos\\\/#article\",\"isPartOf\":{\"@id\":\"https:\\\/\\\/www.uartes.edu.ec\\\/sitio\\\/en\\\/blog\\\/2023\\\/02\\\/13\\\/en-casa-abierta-estudiantes-y-docentes-de-creacion-teatral-mostraron-sus-procesos\\\/\"},\"author\":{\"name\":\"ccortez\",\"@id\":\"https:\\\/\\\/www.uartes.edu.ec\\\/sitio\\\/en\\\/#\\\/schema\\\/person\\\/efa1b8275797664fd7f13a79ccc0b1f4\"},\"headline\":\"En casa abierta, Creaci\u00f3n Teatral mostr\u00f3 los procesos pedag\u00f3gicos y art\u00edsticos de sus estudiantes\",\"datePublished\":\"2023-02-13T21:49:00+00:00\",\"dateModified\":\"2024-07-04T16:21:30+00:00\",\"mainEntityOfPage\":{\"@id\":\"https:\\\/\\\/www.uartes.edu.ec\\\/sitio\\\/en\\\/blog\\\/2023\\\/02\\\/13\\\/en-casa-abierta-estudiantes-y-docentes-de-creacion-teatral-mostraron-sus-procesos\\\/\"},\"wordCount\":700,\"commentCount\":0,\"publisher\":{\"@id\":\"https:\\\/\\\/www.uartes.edu.ec\\\/sitio\\\/en\\\/#organization\"},\"image\":{\"@id\":\"https:\\\/\\\/www.uartes.edu.ec\\\/sitio\\\/en\\\/blog\\\/2023\\\/02\\\/13\\\/en-casa-abierta-estudiantes-y-docentes-de-creacion-teatral-mostraron-sus-procesos\\\/#primaryimage\"},\"thumbnailUrl\":\"https:\\\/\\\/www.uartes.edu.ec\\\/sitio\\\/wp-content\\\/uploads\\\/2023\\\/02\\\/Los-Ojos-de-Ana-de-Luc-Tartar-PILAR-ARANDA-2.jpg\",\"keywords\":[\"casa abierta\"],\"articleSection\":[\"2C\",\"Acad\u00e9mico\",\"Artes Esc\u00e9nicas\",\"Docentes\",\"Estudiantes\"],\"inLanguage\":\"en-US\",\"potentialAction\":[{\"@type\":\"CommentAction\",\"name\":\"Comment\",\"target\":[\"https:\\\/\\\/www.uartes.edu.ec\\\/sitio\\\/en\\\/blog\\\/2023\\\/02\\\/13\\\/en-casa-abierta-estudiantes-y-docentes-de-creacion-teatral-mostraron-sus-procesos\\\/#respond\"]}]},{\"@type\":[\"WebPage\",\"ItemPage\"],\"@id\":\"https:\\\/\\\/www.uartes.edu.ec\\\/sitio\\\/en\\\/blog\\\/2023\\\/02\\\/13\\\/en-casa-abierta-estudiantes-y-docentes-de-creacion-teatral-mostraron-sus-procesos\\\/\",\"url\":\"https:\\\/\\\/www.uartes.edu.ec\\\/sitio\\\/en\\\/blog\\\/2023\\\/02\\\/13\\\/en-casa-abierta-estudiantes-y-docentes-de-creacion-teatral-mostraron-sus-procesos\\\/\",\"name\":\"Universidad de las Artes - En casa abierta, Creaci\u00f3n Teatral mostr\u00f3 los procesos pedag\u00f3gicos y art\u00edsticos de sus estudiantes\",\"isPartOf\":{\"@id\":\"https:\\\/\\\/www.uartes.edu.ec\\\/sitio\\\/en\\\/#website\"},\"primaryImageOfPage\":{\"@id\":\"https:\\\/\\\/www.uartes.edu.ec\\\/sitio\\\/en\\\/blog\\\/2023\\\/02\\\/13\\\/en-casa-abierta-estudiantes-y-docentes-de-creacion-teatral-mostraron-sus-procesos\\\/#primaryimage\"},\"image\":{\"@id\":\"https:\\\/\\\/www.uartes.edu.ec\\\/sitio\\\/en\\\/blog\\\/2023\\\/02\\\/13\\\/en-casa-abierta-estudiantes-y-docentes-de-creacion-teatral-mostraron-sus-procesos\\\/#primaryimage\"},\"thumbnailUrl\":\"https:\\\/\\\/www.uartes.edu.ec\\\/sitio\\\/wp-content\\\/uploads\\\/2023\\\/02\\\/Los-Ojos-de-Ana-de-Luc-Tartar-PILAR-ARANDA-2.jpg\",\"datePublished\":\"2023-02-13T21:49:00+00:00\",\"dateModified\":\"2024-07-04T16:21:30+00:00\",\"description\":\"Universidad de las Artes - En casa abierta, Creaci\u00f3n Teatral mostr\u00f3 los procesos pedag\u00f3gicos y art\u00edsticos de sus estudiantes\",\"breadcrumb\":{\"@id\":\"https:\\\/\\\/www.uartes.edu.ec\\\/sitio\\\/en\\\/blog\\\/2023\\\/02\\\/13\\\/en-casa-abierta-estudiantes-y-docentes-de-creacion-teatral-mostraron-sus-procesos\\\/#breadcrumb\"},\"inLanguage\":\"en-US\",\"potentialAction\":[{\"@type\":\"ReadAction\",\"target\":[\"https:\\\/\\\/www.uartes.edu.ec\\\/sitio\\\/en\\\/blog\\\/2023\\\/02\\\/13\\\/en-casa-abierta-estudiantes-y-docentes-de-creacion-teatral-mostraron-sus-procesos\\\/\"]}]},{\"@type\":\"ImageObject\",\"inLanguage\":\"en-US\",\"@id\":\"https:\\\/\\\/www.uartes.edu.ec\\\/sitio\\\/en\\\/blog\\\/2023\\\/02\\\/13\\\/en-casa-abierta-estudiantes-y-docentes-de-creacion-teatral-mostraron-sus-procesos\\\/#primaryimage\",\"url\":\"https:\\\/\\\/www.uartes.edu.ec\\\/sitio\\\/wp-content\\\/uploads\\\/2023\\\/02\\\/Los-Ojos-de-Ana-de-Luc-Tartar-PILAR-ARANDA-2.jpg\",\"contentUrl\":\"https:\\\/\\\/www.uartes.edu.ec\\\/sitio\\\/wp-content\\\/uploads\\\/2023\\\/02\\\/Los-Ojos-de-Ana-de-Luc-Tartar-PILAR-ARANDA-2.jpg\",\"width\":2000,\"height\":1333},{\"@type\":\"BreadcrumbList\",\"@id\":\"https:\\\/\\\/www.uartes.edu.ec\\\/sitio\\\/en\\\/blog\\\/2023\\\/02\\\/13\\\/en-casa-abierta-estudiantes-y-docentes-de-creacion-teatral-mostraron-sus-procesos\\\/#breadcrumb\",\"itemListElement\":[{\"@type\":\"ListItem\",\"position\":1,\"name\":\"Inicio\",\"item\":\"https:\\\/\\\/www.uartes.edu.ec\\\/sitio\\\/\"},{\"@type\":\"ListItem\",\"position\":2,\"name\":\"En casa abierta, Creaci\u00f3n Teatral mostr\u00f3 los procesos pedag\u00f3gicos y art\u00edsticos de sus estudiantes\"}]},{\"@type\":\"WebSite\",\"@id\":\"https:\\\/\\\/www.uartes.edu.ec\\\/sitio\\\/en\\\/#website\",\"url\":\"https:\\\/\\\/www.uartes.edu.ec\\\/sitio\\\/en\\\/\",\"name\":\"Universidad de las Artes\",\"description\":\"Sitio oficial de la Universidad Nacional de las Artes del Ecuador\",\"publisher\":{\"@id\":\"https:\\\/\\\/www.uartes.edu.ec\\\/sitio\\\/en\\\/#organization\"},\"potentialAction\":[{\"@type\":\"SearchAction\",\"target\":{\"@type\":\"EntryPoint\",\"urlTemplate\":\"https:\\\/\\\/www.uartes.edu.ec\\\/sitio\\\/en\\\/?s={search_term_string}\"},\"query-input\":{\"@type\":\"PropertyValueSpecification\",\"valueRequired\":true,\"valueName\":\"search_term_string\"}}],\"inLanguage\":\"en-US\"},{\"@type\":\"Organization\",\"@id\":\"https:\\\/\\\/www.uartes.edu.ec\\\/sitio\\\/en\\\/#organization\",\"name\":\"Universidad de las Artes\",\"url\":\"https:\\\/\\\/www.uartes.edu.ec\\\/sitio\\\/en\\\/\",\"logo\":{\"@type\":\"ImageObject\",\"inLanguage\":\"en-US\",\"@id\":\"https:\\\/\\\/www.uartes.edu.ec\\\/sitio\\\/en\\\/#\\\/schema\\\/logo\\\/image\\\/\",\"url\":\"https:\\\/\\\/www.uartes.edu.ec\\\/sitio\\\/wp-content\\\/uploads\\\/2022\\\/07\\\/logo-ua-horizontal.png\",\"contentUrl\":\"https:\\\/\\\/www.uartes.edu.ec\\\/sitio\\\/wp-content\\\/uploads\\\/2022\\\/07\\\/logo-ua-horizontal.png\",\"width\":800,\"height\":276,\"caption\":\"Universidad de las Artes\"},\"image\":{\"@id\":\"https:\\\/\\\/www.uartes.edu.ec\\\/sitio\\\/en\\\/#\\\/schema\\\/logo\\\/image\\\/\"},\"sameAs\":[\"https:\\\/\\\/www.facebook.com\\\/uartesec\",\"https:\\\/\\\/x.com\\\/uartesec\",\"https:\\\/\\\/www.tiktok.com\\\/@uartesec\"]},{\"@type\":\"Person\",\"@id\":\"https:\\\/\\\/www.uartes.edu.ec\\\/sitio\\\/en\\\/#\\\/schema\\\/person\\\/efa1b8275797664fd7f13a79ccc0b1f4\",\"name\":\"ccortez\",\"image\":{\"@type\":\"ImageObject\",\"inLanguage\":\"en-US\",\"@id\":\"https:\\\/\\\/secure.gravatar.com\\\/avatar\\\/b2a6f664a3ae8e074346ef91775736c5ec479e637ecced6842de9dc98b5da9cd?s=96&d=mm&r=g\",\"url\":\"https:\\\/\\\/secure.gravatar.com\\\/avatar\\\/b2a6f664a3ae8e074346ef91775736c5ec479e637ecced6842de9dc98b5da9cd?s=96&d=mm&r=g\",\"contentUrl\":\"https:\\\/\\\/secure.gravatar.com\\\/avatar\\\/b2a6f664a3ae8e074346ef91775736c5ec479e637ecced6842de9dc98b5da9cd?s=96&d=mm&r=g\",\"caption\":\"ccortez\"},\"url\":\"https:\\\/\\\/www.uartes.edu.ec\\\/sitio\\\/en\\\/blog\\\/author\\\/ccortez\\\/\"}]}<\/script>\n<!-- \/ Yoast SEO plugin. -->","yoast_head_json":{"title":"Universidad de las Artes - En casa abierta, Creaci\u00f3n Teatral mostr\u00f3 los procesos pedag\u00f3gicos y art\u00edsticos de sus estudiantes","description":"Universidad de las Artes - En casa abierta, Creaci\u00f3n Teatral mostr\u00f3 los procesos pedag\u00f3gicos y art\u00edsticos de sus estudiantes","robots":{"index":"index","follow":"follow","max-snippet":"max-snippet:-1","max-image-preview":"max-image-preview:large","max-video-preview":"max-video-preview:-1"},"canonical":"https:\/\/www.uartes.edu.ec\/sitio\/en\/blog\/2023\/02\/13\/en-casa-abierta-estudiantes-y-docentes-de-creacion-teatral-mostraron-sus-procesos\/","og_locale":"en_US","og_type":"article","og_title":"Universidad de las Artes - En casa abierta, Creaci\u00f3n Teatral mostr\u00f3 los procesos pedag\u00f3gicos y art\u00edsticos de sus estudiantes","og_description":"Universidad de las Artes - En casa abierta, Creaci\u00f3n Teatral mostr\u00f3 los procesos pedag\u00f3gicos y art\u00edsticos de sus estudiantes","og_url":"https:\/\/www.uartes.edu.ec\/sitio\/en\/blog\/2023\/02\/13\/en-casa-abierta-estudiantes-y-docentes-de-creacion-teatral-mostraron-sus-procesos\/","og_site_name":"Universidad de las Artes","article_publisher":"https:\/\/www.facebook.com\/uartesec","article_published_time":"2023-02-13T21:49:00+00:00","article_modified_time":"2024-07-04T16:21:30+00:00","og_image":[{"width":2000,"height":1333,"url":"https:\/\/www.uartes.edu.ec\/sitio\/wp-content\/uploads\/2023\/02\/Los-Ojos-de-Ana-de-Luc-Tartar-PILAR-ARANDA-2.jpg","type":"image\/jpeg"}],"author":"ccortez","twitter_card":"summary_large_image","twitter_creator":"@uartesec","twitter_site":"@uartesec","twitter_misc":{"Written by":"ccortez","Est. reading time":"4 minutes"},"schema":{"@context":"https:\/\/schema.org","@graph":[{"@type":"Article","@id":"https:\/\/www.uartes.edu.ec\/sitio\/en\/blog\/2023\/02\/13\/en-casa-abierta-estudiantes-y-docentes-de-creacion-teatral-mostraron-sus-procesos\/#article","isPartOf":{"@id":"https:\/\/www.uartes.edu.ec\/sitio\/en\/blog\/2023\/02\/13\/en-casa-abierta-estudiantes-y-docentes-de-creacion-teatral-mostraron-sus-procesos\/"},"author":{"name":"ccortez","@id":"https:\/\/www.uartes.edu.ec\/sitio\/en\/#\/schema\/person\/efa1b8275797664fd7f13a79ccc0b1f4"},"headline":"En casa abierta, Creaci\u00f3n Teatral mostr\u00f3 los procesos pedag\u00f3gicos y art\u00edsticos de sus estudiantes","datePublished":"2023-02-13T21:49:00+00:00","dateModified":"2024-07-04T16:21:30+00:00","mainEntityOfPage":{"@id":"https:\/\/www.uartes.edu.ec\/sitio\/en\/blog\/2023\/02\/13\/en-casa-abierta-estudiantes-y-docentes-de-creacion-teatral-mostraron-sus-procesos\/"},"wordCount":700,"commentCount":0,"publisher":{"@id":"https:\/\/www.uartes.edu.ec\/sitio\/en\/#organization"},"image":{"@id":"https:\/\/www.uartes.edu.ec\/sitio\/en\/blog\/2023\/02\/13\/en-casa-abierta-estudiantes-y-docentes-de-creacion-teatral-mostraron-sus-procesos\/#primaryimage"},"thumbnailUrl":"https:\/\/www.uartes.edu.ec\/sitio\/wp-content\/uploads\/2023\/02\/Los-Ojos-de-Ana-de-Luc-Tartar-PILAR-ARANDA-2.jpg","keywords":["casa abierta"],"articleSection":["2C","Acad\u00e9mico","Artes Esc\u00e9nicas","Docentes","Estudiantes"],"inLanguage":"en-US","potentialAction":[{"@type":"CommentAction","name":"Comment","target":["https:\/\/www.uartes.edu.ec\/sitio\/en\/blog\/2023\/02\/13\/en-casa-abierta-estudiantes-y-docentes-de-creacion-teatral-mostraron-sus-procesos\/#respond"]}]},{"@type":["WebPage","ItemPage"],"@id":"https:\/\/www.uartes.edu.ec\/sitio\/en\/blog\/2023\/02\/13\/en-casa-abierta-estudiantes-y-docentes-de-creacion-teatral-mostraron-sus-procesos\/","url":"https:\/\/www.uartes.edu.ec\/sitio\/en\/blog\/2023\/02\/13\/en-casa-abierta-estudiantes-y-docentes-de-creacion-teatral-mostraron-sus-procesos\/","name":"Universidad de las Artes - En casa abierta, Creaci\u00f3n Teatral mostr\u00f3 los procesos pedag\u00f3gicos y art\u00edsticos de sus estudiantes","isPartOf":{"@id":"https:\/\/www.uartes.edu.ec\/sitio\/en\/#website"},"primaryImageOfPage":{"@id":"https:\/\/www.uartes.edu.ec\/sitio\/en\/blog\/2023\/02\/13\/en-casa-abierta-estudiantes-y-docentes-de-creacion-teatral-mostraron-sus-procesos\/#primaryimage"},"image":{"@id":"https:\/\/www.uartes.edu.ec\/sitio\/en\/blog\/2023\/02\/13\/en-casa-abierta-estudiantes-y-docentes-de-creacion-teatral-mostraron-sus-procesos\/#primaryimage"},"thumbnailUrl":"https:\/\/www.uartes.edu.ec\/sitio\/wp-content\/uploads\/2023\/02\/Los-Ojos-de-Ana-de-Luc-Tartar-PILAR-ARANDA-2.jpg","datePublished":"2023-02-13T21:49:00+00:00","dateModified":"2024-07-04T16:21:30+00:00","description":"Universidad de las Artes - En casa abierta, Creaci\u00f3n Teatral mostr\u00f3 los procesos pedag\u00f3gicos y art\u00edsticos de sus estudiantes","breadcrumb":{"@id":"https:\/\/www.uartes.edu.ec\/sitio\/en\/blog\/2023\/02\/13\/en-casa-abierta-estudiantes-y-docentes-de-creacion-teatral-mostraron-sus-procesos\/#breadcrumb"},"inLanguage":"en-US","potentialAction":[{"@type":"ReadAction","target":["https:\/\/www.uartes.edu.ec\/sitio\/en\/blog\/2023\/02\/13\/en-casa-abierta-estudiantes-y-docentes-de-creacion-teatral-mostraron-sus-procesos\/"]}]},{"@type":"ImageObject","inLanguage":"en-US","@id":"https:\/\/www.uartes.edu.ec\/sitio\/en\/blog\/2023\/02\/13\/en-casa-abierta-estudiantes-y-docentes-de-creacion-teatral-mostraron-sus-procesos\/#primaryimage","url":"https:\/\/www.uartes.edu.ec\/sitio\/wp-content\/uploads\/2023\/02\/Los-Ojos-de-Ana-de-Luc-Tartar-PILAR-ARANDA-2.jpg","contentUrl":"https:\/\/www.uartes.edu.ec\/sitio\/wp-content\/uploads\/2023\/02\/Los-Ojos-de-Ana-de-Luc-Tartar-PILAR-ARANDA-2.jpg","width":2000,"height":1333},{"@type":"BreadcrumbList","@id":"https:\/\/www.uartes.edu.ec\/sitio\/en\/blog\/2023\/02\/13\/en-casa-abierta-estudiantes-y-docentes-de-creacion-teatral-mostraron-sus-procesos\/#breadcrumb","itemListElement":[{"@type":"ListItem","position":1,"name":"Inicio","item":"https:\/\/www.uartes.edu.ec\/sitio\/"},{"@type":"ListItem","position":2,"name":"En casa abierta, Creaci\u00f3n Teatral mostr\u00f3 los procesos pedag\u00f3gicos y art\u00edsticos de sus estudiantes"}]},{"@type":"WebSite","@id":"https:\/\/www.uartes.edu.ec\/sitio\/en\/#website","url":"https:\/\/www.uartes.edu.ec\/sitio\/en\/","name":"Universidad de las Artes","description":"Sitio oficial de la Universidad Nacional de las Artes del Ecuador","publisher":{"@id":"https:\/\/www.uartes.edu.ec\/sitio\/en\/#organization"},"potentialAction":[{"@type":"SearchAction","target":{"@type":"EntryPoint","urlTemplate":"https:\/\/www.uartes.edu.ec\/sitio\/en\/?s={search_term_string}"},"query-input":{"@type":"PropertyValueSpecification","valueRequired":true,"valueName":"search_term_string"}}],"inLanguage":"en-US"},{"@type":"Organization","@id":"https:\/\/www.uartes.edu.ec\/sitio\/en\/#organization","name":"Universidad de las Artes","url":"https:\/\/www.uartes.edu.ec\/sitio\/en\/","logo":{"@type":"ImageObject","inLanguage":"en-US","@id":"https:\/\/www.uartes.edu.ec\/sitio\/en\/#\/schema\/logo\/image\/","url":"https:\/\/www.uartes.edu.ec\/sitio\/wp-content\/uploads\/2022\/07\/logo-ua-horizontal.png","contentUrl":"https:\/\/www.uartes.edu.ec\/sitio\/wp-content\/uploads\/2022\/07\/logo-ua-horizontal.png","width":800,"height":276,"caption":"Universidad de las Artes"},"image":{"@id":"https:\/\/www.uartes.edu.ec\/sitio\/en\/#\/schema\/logo\/image\/"},"sameAs":["https:\/\/www.facebook.com\/uartesec","https:\/\/x.com\/uartesec","https:\/\/www.tiktok.com\/@uartesec"]},{"@type":"Person","@id":"https:\/\/www.uartes.edu.ec\/sitio\/en\/#\/schema\/person\/efa1b8275797664fd7f13a79ccc0b1f4","name":"ccortez","image":{"@type":"ImageObject","inLanguage":"en-US","@id":"https:\/\/secure.gravatar.com\/avatar\/b2a6f664a3ae8e074346ef91775736c5ec479e637ecced6842de9dc98b5da9cd?s=96&d=mm&r=g","url":"https:\/\/secure.gravatar.com\/avatar\/b2a6f664a3ae8e074346ef91775736c5ec479e637ecced6842de9dc98b5da9cd?s=96&d=mm&r=g","contentUrl":"https:\/\/secure.gravatar.com\/avatar\/b2a6f664a3ae8e074346ef91775736c5ec479e637ecced6842de9dc98b5da9cd?s=96&d=mm&r=g","caption":"ccortez"},"url":"https:\/\/www.uartes.edu.ec\/sitio\/en\/blog\/author\/ccortez\/"}]}},"uagb_featured_image_src":{"full":["https:\/\/www.uartes.edu.ec\/sitio\/wp-content\/uploads\/2023\/02\/Los-Ojos-de-Ana-de-Luc-Tartar-PILAR-ARANDA-2.jpg",2000,1333,false],"thumbnail":["https:\/\/www.uartes.edu.ec\/sitio\/wp-content\/uploads\/2023\/02\/Los-Ojos-de-Ana-de-Luc-Tartar-PILAR-ARANDA-2-150x150.jpg",150,150,true],"medium":["https:\/\/www.uartes.edu.ec\/sitio\/wp-content\/uploads\/2023\/02\/Los-Ojos-de-Ana-de-Luc-Tartar-PILAR-ARANDA-2-300x200.jpg",300,200,true],"medium_large":["https:\/\/www.uartes.edu.ec\/sitio\/wp-content\/uploads\/2023\/02\/Los-Ojos-de-Ana-de-Luc-Tartar-PILAR-ARANDA-2-768x512.jpg",768,512,true],"large":["https:\/\/www.uartes.edu.ec\/sitio\/wp-content\/uploads\/2023\/02\/Los-Ojos-de-Ana-de-Luc-Tartar-PILAR-ARANDA-2-644x429.jpg",644,429,true],"1536x1536":["https:\/\/www.uartes.edu.ec\/sitio\/wp-content\/uploads\/2023\/02\/Los-Ojos-de-Ana-de-Luc-Tartar-PILAR-ARANDA-2-1536x1024.jpg",1536,1024,true],"2048x2048":["https:\/\/www.uartes.edu.ec\/sitio\/wp-content\/uploads\/2023\/02\/Los-Ojos-de-Ana-de-Luc-Tartar-PILAR-ARANDA-2.jpg",2000,1333,false],"trp-custom-language-flag":["https:\/\/www.uartes.edu.ec\/sitio\/wp-content\/uploads\/2023\/02\/Los-Ojos-de-Ana-de-Luc-Tartar-PILAR-ARANDA-2.jpg",18,12,false],"htmega_size_585x295":["https:\/\/www.uartes.edu.ec\/sitio\/wp-content\/uploads\/2023\/02\/Los-Ojos-de-Ana-de-Luc-Tartar-PILAR-ARANDA-2-585x295.jpg",585,295,true],"htmega_size_1170x536":["https:\/\/www.uartes.edu.ec\/sitio\/wp-content\/uploads\/2023\/02\/Los-Ojos-de-Ana-de-Luc-Tartar-PILAR-ARANDA-2-1170x536.jpg",1170,536,true],"htmega_size_396x360":["https:\/\/www.uartes.edu.ec\/sitio\/wp-content\/uploads\/2023\/02\/Los-Ojos-de-Ana-de-Luc-Tartar-PILAR-ARANDA-2-396x360.jpg",396,360,true],"gb-block-post-grid-landscape":["https:\/\/www.uartes.edu.ec\/sitio\/wp-content\/uploads\/2023\/02\/Los-Ojos-de-Ana-de-Luc-Tartar-PILAR-ARANDA-2-600x400.jpg",600,400,true],"gb-block-post-grid-square":["https:\/\/www.uartes.edu.ec\/sitio\/wp-content\/uploads\/2023\/02\/Los-Ojos-de-Ana-de-Luc-Tartar-PILAR-ARANDA-2-600x600.jpg",600,600,true],"university-hub-thumb":["https:\/\/www.uartes.edu.ec\/sitio\/wp-content\/uploads\/2023\/02\/Los-Ojos-de-Ana-de-Luc-Tartar-PILAR-ARANDA-2-400x267.jpg",400,267,true]},"uagb_author_info":{"display_name":"ccortez","author_link":"https:\/\/www.uartes.edu.ec\/sitio\/en\/blog\/author\/ccortez\/"},"uagb_comment_info":0,"uagb_excerpt":"La carrera de Creaci\u00f3n Teatral de la Escuela de Artes Esc\u00e9nicas mantuvo del 1 al 12 de febrero una Casa Abierta en la que sus estudiantes, conjuntamente con los docentes, expusieron los procesos y el desarrollo de las clases, y el resultado de los laboratorios. Fue una fiesta para la comunidad universitaria y el p\u00fablico&hellip;","featured_image_src":"https:\/\/www.uartes.edu.ec\/sitio\/wp-content\/uploads\/2023\/02\/Los-Ojos-de-Ana-de-Luc-Tartar-PILAR-ARANDA-2-600x400.jpg","featured_image_src_square":"https:\/\/www.uartes.edu.ec\/sitio\/wp-content\/uploads\/2023\/02\/Los-Ojos-de-Ana-de-Luc-Tartar-PILAR-ARANDA-2-600x600.jpg","author_info":{"display_name":"ccortez","author_link":"https:\/\/www.uartes.edu.ec\/sitio\/en\/blog\/author\/ccortez\/"},"publishpress_future_workflow_manual_trigger":{"enabledWorkflows":[]},"distributor_meta":false,"distributor_terms":false,"distributor_media":false,"distributor_original_site_name":"Universidad de las Artes","distributor_original_site_url":"https:\/\/www.uartes.edu.ec\/sitio\/en","push-errors":false,"_links":{"self":[{"href":"https:\/\/www.uartes.edu.ec\/sitio\/en\/wp-json\/wp\/v2\/posts\/38260","targetHints":{"allow":["GET"]}}],"collection":[{"href":"https:\/\/www.uartes.edu.ec\/sitio\/en\/wp-json\/wp\/v2\/posts"}],"about":[{"href":"https:\/\/www.uartes.edu.ec\/sitio\/en\/wp-json\/wp\/v2\/types\/post"}],"author":[{"embeddable":true,"href":"https:\/\/www.uartes.edu.ec\/sitio\/en\/wp-json\/wp\/v2\/users\/10"}],"replies":[{"embeddable":true,"href":"https:\/\/www.uartes.edu.ec\/sitio\/en\/wp-json\/wp\/v2\/comments?post=38260"}],"version-history":[{"count":6,"href":"https:\/\/www.uartes.edu.ec\/sitio\/en\/wp-json\/wp\/v2\/posts\/38260\/revisions"}],"predecessor-version":[{"id":38351,"href":"https:\/\/www.uartes.edu.ec\/sitio\/en\/wp-json\/wp\/v2\/posts\/38260\/revisions\/38351"}],"wp:featuredmedia":[{"embeddable":true,"href":"https:\/\/www.uartes.edu.ec\/sitio\/en\/wp-json\/wp\/v2\/media\/38330"}],"wp:attachment":[{"href":"https:\/\/www.uartes.edu.ec\/sitio\/en\/wp-json\/wp\/v2\/media?parent=38260"}],"wp:term":[{"taxonomy":"category","embeddable":true,"href":"https:\/\/www.uartes.edu.ec\/sitio\/en\/wp-json\/wp\/v2\/categories?post=38260"},{"taxonomy":"post_tag","embeddable":true,"href":"https:\/\/www.uartes.edu.ec\/sitio\/en\/wp-json\/wp\/v2\/tags?post=38260"},{"taxonomy":"infouartes","embeddable":true,"href":"https:\/\/www.uartes.edu.ec\/sitio\/en\/wp-json\/wp\/v2\/infouartes?post=38260"}],"curies":[{"name":"wp","href":"https:\/\/api.w.org\/{rel}","templated":true}]}}