{"id":38262,"date":"2023-02-15T22:05:00","date_gmt":"2023-02-16T03:05:00","guid":{"rendered":"http:\/\/www.uartes.edu.ec\/sitio\/?p=38262"},"modified":"2024-07-04T11:21:30","modified_gmt":"2024-07-04T16:21:30","slug":"propuestas-interdisciplinares-en-la-iv-edicion-del-encuentro-arte-mujeres-y-espacio-publico","status":"publish","type":"post","link":"https:\/\/www.uartes.edu.ec\/sitio\/en\/blog\/2023\/02\/15\/propuestas-interdisciplinares-en-la-iv-edicion-del-encuentro-arte-mujeres-y-espacio-publico\/","title":{"rendered":"Propuestas interdisciplinares en \u201cArte, mujeres y espacio p\u00fablico\u201d, IV edici\u00f3n"},"content":{"rendered":"<p>Generar un di\u00e1logo intercultural, revisando diversas pr\u00e1cticas realizadas por mujeres de distintas generaciones y lugares de origen, es la propuesta del encuentro \u201cArte, mujeres y espacio p\u00fablico\u201d que en este a\u00f1o lleg\u00f3 a su cuarta edici\u00f3n e inici\u00f3 sus actividades a inicios del presente mes y se extender\u00e1n hasta abril pr\u00f3ximo.<\/p>\n\n\n\n<p>La docente Mar\u00eda Fernanda L\u00f3pez, de la Unidad Transveral, destaca la interdisciplinaridad del encuentro y su prop\u00f3sito de tender puentes de di\u00e1logo con creadoras que hayan explorado el espacio p\u00fablico en sus distintas manifestaciones. De all\u00ed que entre sus actividades constan poes\u00eda, fotograf\u00eda, caligraffiti y mural contempor\u00e1neo.<\/p>\n\n\n\n<p>Teniendo como sedes la UArtes, la Sala de Arte Contempor\u00e1neo de la Biblioteca Municipal y la Casa de la Cultura N\u00facleo del Guayas, el encuentro program\u00f3 del 7 de febrero al 31 de marzo la intervenci\u00f3n de las vitrinas del CIF, en el MZ14 Centro de Producci\u00f3n e Innovaci\u00f3n. Participa como artista invitada Sargon, cuyo nombre de pila es Camila Villacr\u00e9s (Riobamba), quien se\u00f1ala a su primera experiencia con nuestra universidad como un privilegio y que para su obra busc\u00f3 ilustrar mujeres y resaltar su belleza.<\/p>\n\n\n<div class=\"wp-block-image\">\n<figure class=\"aligncenter size-large\"><img fetchpriority=\"high\" decoding=\"async\" width=\"644\" height=\"429\" src=\"http:\/\/www.uartes.edu.ec\/sitio\/wp-content\/uploads\/2023\/02\/ARTE-URBANO-3-644x429.jpg\" alt=\"\" class=\"wp-image-38264\" srcset=\"https:\/\/www.uartes.edu.ec\/sitio\/wp-content\/uploads\/2023\/02\/ARTE-URBANO-3-644x429.jpg 644w, https:\/\/www.uartes.edu.ec\/sitio\/wp-content\/uploads\/2023\/02\/ARTE-URBANO-3-768x511.jpg 768w, https:\/\/www.uartes.edu.ec\/sitio\/wp-content\/uploads\/2023\/02\/ARTE-URBANO-3.jpg 2000w, https:\/\/www.uartes.edu.ec\/sitio\/wp-content\/uploads\/2023\/02\/ARTE-URBANO-3-600x399.jpg 600w, https:\/\/www.uartes.edu.ec\/sitio\/wp-content\/uploads\/2023\/02\/ARTE-URBANO-3-272x182.jpg 272w\" sizes=\"(max-width: 644px) 100vw, 644px\" \/><\/figure>\n<\/div>\n\n\n<p>Comenta que lleva pintando murales dos a\u00f1os y unos cuatro haciendo graffiti, el cual le llam\u00f3 la atenci\u00f3n desde siempre. A los 11 ya dibujaba y entonces conoci\u00f3 a grafiteros y decidi\u00f3 comprar su primer aerosol para hacer lo propio. Adem\u00e1s de Guayaquil, Oky Sargon ha participado en actividades de arte urbano en Quito, Otavalo, Marcelino Maridue\u00f1a, Cuenca y otras ciudades del pa\u00eds. Tambi\u00e9n ha pintado fuera del pa\u00eds y se prepara para ir a Espa\u00f1a.<\/p>\n\n\n\n<p>Oky Sargon celebra que se realice el encuentro, no obstante, considera que no son muchas las mujeres que se han dedicado al arte urbano, cuyos exponentes son a\u00fan en su mayor\u00eda hombres. \u201cPintar en las calles es duro, tenemos que soportar muchas cosas, en nuestra sociedad nos exponemos el doble\u201d, refiri\u00f3.<\/p>\n\n\n\n<p>La exposici\u00f3n colectiva \u201cArte, mujeres y espacio p\u00fablico\u201d que se inaugurar\u00e1 en la Sala de Arte Contempor\u00e1neo de la Biblioteca Municipal es otra de las actividades que forma parte del encuentro; se inaugurar\u00e1 el 8 de marzo y permanecer\u00e1 hasta el 1 de abril. Del 16 al 18 de marzo est\u00e1 prevista la intervenci\u00f3n del muro externo de la Casa de la Cultura N\u00facleo del Guayas. El 26 de abril, el conversatorio-proyecci\u00f3n \u201cMujeres espacio p\u00fablico e interculturalidad\u201d en la Plaza P\u00fablica del MZ14, donde tambi\u00e9n, el 27, el concierto de Mafia Andina.<\/p>\n\n\n\n<p>\u201cEs una edici\u00f3n extensa porque, como siempre les digo a mis alumnos, la cultura no es un suceso sino un proceso. Arranca en febrero y se extender\u00e1 hasta abril\u201d, indica L\u00f3pez y bajo el concepto de la interculturalidad y la calle expresa que para el encuentro, en su interdisciplinaridad, se contar\u00e1 entre las invitada con la cineasta quite\u00f1a Lorena Salas, \u201cquien presenta cine con metodolog\u00eda feminista, realizado con mujeres migrantes venezolanas en Quito. En m\u00fasica, Mafia Andina, quien llega desde Imbabura con sus l\u00edricas contestatarias desde un pensamiento de g\u00e9nero y en kichwa\u201d.<\/p>\n\n\n<div class=\"wp-block-image\">\n<figure class=\"aligncenter size-large\"><img decoding=\"async\" width=\"644\" height=\"429\" src=\"http:\/\/www.uartes.edu.ec\/sitio\/wp-content\/uploads\/2023\/02\/ARTE-URBANO-1-644x429.jpg\" alt=\"\" class=\"wp-image-38265\" srcset=\"https:\/\/www.uartes.edu.ec\/sitio\/wp-content\/uploads\/2023\/02\/ARTE-URBANO-1-644x429.jpg 644w, https:\/\/www.uartes.edu.ec\/sitio\/wp-content\/uploads\/2023\/02\/ARTE-URBANO-1-768x511.jpg 768w, https:\/\/www.uartes.edu.ec\/sitio\/wp-content\/uploads\/2023\/02\/ARTE-URBANO-1.jpg 2000w, https:\/\/www.uartes.edu.ec\/sitio\/wp-content\/uploads\/2023\/02\/ARTE-URBANO-1-600x399.jpg 600w, https:\/\/www.uartes.edu.ec\/sitio\/wp-content\/uploads\/2023\/02\/ARTE-URBANO-1-272x182.jpg 272w\" sizes=\"(max-width: 644px) 100vw, 644px\" \/><\/figure>\n<\/div>\n\n\n<p>Resalta tambi\u00e9n la intervenci\u00f3n de la autora Lucila Lema con una poes\u00eda que plasmar\u00e1 en espa\u00f1ol y kichwa en la Sala de Arte Contempor\u00e1neo de la Biblioteca Municipal, lo cual es in\u00e9dito. \u201cEsa caligrafiti la har\u00e1 Amy Jaramillo, estudiante UArtes que es parte de la cultura skate. Contaremos con la fot\u00f3grafa quite\u00f1a Joyce Alarc\u00f3n, quien gan\u00f3 un premio en la categor\u00eda Mujeres e Identidad Afro\u201d.<\/p>\n\n\n\n<p>Con ellas, Andrea Barrionuevo, fot\u00f3grafa quite\u00f1a que retrata a las mujeres en las labores diarias, en un di\u00e1logo intercultural e interregional. Angie Vanessita, muralista colombiana residente por varias d\u00e9cadas en Quito y que trabaja con los movimientos sociales, feministas y del medioambiente, pintar\u00e1 en el Museo Municipal una propuesta que reflexiona sobre las mujeres diversas.<\/p>\n\n\n\n<p>La estudiante de Artes Visuales Sellene Mor\u00e1n participar\u00e1 tambi\u00e9n con fotograf\u00edas y Minerva Campion, catedr\u00e1tica del Departamento de Ciencias Pol\u00edticas de la Pontificia Universidad Javeriana de Colombia, en una sesi\u00f3n de escucha programada; ella presentar\u00e1 su CD de pensamiento feminista en g\u00e9nero punk, cultura de la cual es especialista.<\/p>\n\n\n\n<p>La Casa de la Cultura N\u00facleo del Guayas lanz\u00f3 una convocatoria a nivel nacional de artistas urbanas, cuyas bases elabor\u00f3 la docente L\u00f3pez. \u201cPor primera vez el arte urbano estar\u00e1 en el Sal\u00f3n de la Mujer, es in\u00e9dito\u201d, expresa y menciona el apoyo de la comunidad de arte urbano guayaquile\u00f1a y Made Nows, en la museograf\u00eda y dise\u00f1o, y del alumnus Jefferson Cabrera en la difusi\u00f3n de las actividades.<\/p>\n\n\n<div class=\"wp-block-image\">\n<figure class=\"aligncenter size-large\"><img decoding=\"async\" width=\"644\" height=\"429\" src=\"http:\/\/www.uartes.edu.ec\/sitio\/wp-content\/uploads\/2023\/02\/ARTE-URBANO-2-644x429.jpg\" alt=\"\" class=\"wp-image-38266\" srcset=\"https:\/\/www.uartes.edu.ec\/sitio\/wp-content\/uploads\/2023\/02\/ARTE-URBANO-2-644x429.jpg 644w, https:\/\/www.uartes.edu.ec\/sitio\/wp-content\/uploads\/2023\/02\/ARTE-URBANO-2-768x511.jpg 768w, https:\/\/www.uartes.edu.ec\/sitio\/wp-content\/uploads\/2023\/02\/ARTE-URBANO-2.jpg 2000w, https:\/\/www.uartes.edu.ec\/sitio\/wp-content\/uploads\/2023\/02\/ARTE-URBANO-2-600x399.jpg 600w, https:\/\/www.uartes.edu.ec\/sitio\/wp-content\/uploads\/2023\/02\/ARTE-URBANO-2-272x182.jpg 272w\" sizes=\"(max-width: 644px) 100vw, 644px\" \/><\/figure>\n<\/div>\n\n\n<p>Fotos: Cortes\u00eda Mar\u00eda Fernanda L\u00f3pez <em>(Mafo)<\/em>, artista y docente UArtes.<\/p>\n\n\n\n<div style=\"height:40px\" aria-hidden=\"true\" class=\"wp-block-spacer\"><\/div>\n\n\n<div class='w3eden wpdm_package_shortcode'><!-- WPDM Link Template: Call to Action 3 -->\n\n<div class=\"well c2a3\">\n    <div class=\"media\">\n        <div class=\"mr-3\" align=\"left\">\n            <img decoding=\"async\" class=\"wpdm_icon\" alt=\"Icon\" src=\"https:\/\/www.uartes.edu.ec\/sitio\/wp-content\/plugins\/download-manager\/assets\/file-type-icons\/pdf.svg\" \/>\n        <\/div>\n        <div class=\"media-body\">\n            <h3 class=\"media-heading\" style=\"padding-top: 0px;border:0px;margin: 0 0 5px 0;font-size:12pt;\">\n                <a style=\"font-weight: 700\" href=\"https:\/\/www.uartes.edu.ec\/sitio\/en\/download\/base-de-convocatoria-arte-mujeres-y-espacio-publico-vol-4\/\">Base de convocatoria Arte, Mujeres y Espacio P\u00fablico Vol. 4<\/a>\n                <span style=\"font-size:8pt;font-weight:300\" class=\"text-muted ml-4\">\n                    <i class=\"fas fa-hdd mr-1\"><\/i> 281.49 KB\n                    <i class=\"ml-3 far fa-arrow-alt-circle-down mr-1\"><\/i> 803 downloads\n                <\/span>\n            <\/h3>\n            ...\n        <\/div>\n        <div class=\"ml-3\" align=\"right\">\n            <a class='wpdm-download-link download-on-click btn btn-primary btn-sm'  rel='nofollow' href='#' data-downloadurl=\"https:\/\/www.uartes.edu.ec\/sitio\/en\/download\/base-de-convocatoria-arte-mujeres-y-espacio-publico-vol-4\/?wpdmdl=38382&refresh=69ec8df96edc21777110521\">Download<\/a>\n        <\/div>\n    <\/div>\n\n<\/div>\n<style>\n    .well.c2a3 .btn {\n        padding: 11px 30px;\n        font-size: 11pt;\n    }\n\n    .well.c2a3 .media-body {\n        font-size: 11pt;\n    }\n\n    .well.c2a3 .wpdm_icon {\n        height: 42px;\n        width: auto;\n    }<\/style>\n<\/div>","protected":false},"excerpt":{"rendered":"<p>Generar un di\u00e1logo intercultural, revisando diversas pr\u00e1cticas realizadas por mujeres de distintas generaciones y sitios de origen, es la propuesta del 4to encuentro \u201cArte, mujeres y espacio p\u00fablico\u201d que inici\u00f3 sus actividades a inicios del presente mes y extender\u00e1 hasta abril pr\u00f3ximo. La docente Mar\u00eda Fernanda L\u00f3pez, de la Unidad Transversal de la UArtes, destaca la interdisciplinaridad de la cita.<\/p>","protected":false},"author":10,"featured_media":38263,"comment_status":"open","ping_status":"open","sticky":false,"template":"","format":"standard","meta":{"_acf_changed":false,"_uag_custom_page_level_css":"","_monsterinsights_skip_tracking":false,"_monsterinsights_sitenote_active":false,"_monsterinsights_sitenote_note":"","_monsterinsights_sitenote_category":0,"cybocfi_hide_featured_image":"","footnotes":""},"categories":[719,80,82,75,76],"tags":[521],"infouartes":[],"class_list":["post-38262","post","type-post","status-publish","format-standard","has-post-thumbnail","hentry","category-4d","category-academico","category-artes","category-docentes","category-estudiantes","tag-encuentro"],"acf":[],"yoast_head":"<!-- This site is optimized with the Yoast SEO plugin v27.4 - https:\/\/yoast.com\/product\/yoast-seo-wordpress\/ -->\n<title>Universidad de las Artes - Propuestas interdisciplinares en \u201cArte, mujeres y espacio p\u00fablico\u201d, IV edici\u00f3n<\/title>\n<meta name=\"description\" content=\"Universidad de las Artes - Propuestas interdisciplinares en \u201cArte, mujeres y espacio p\u00fablico\u201d, IV edici\u00f3n\" \/>\n<meta name=\"robots\" content=\"index, follow, max-snippet:-1, max-image-preview:large, max-video-preview:-1\" \/>\n<link rel=\"canonical\" href=\"https:\/\/www.uartes.edu.ec\/sitio\/en\/blog\/2023\/02\/15\/propuestas-interdisciplinares-en-la-iv-edicion-del-encuentro-arte-mujeres-y-espacio-publico\/\" \/>\n<meta property=\"og:locale\" content=\"en_US\" \/>\n<meta property=\"og:type\" content=\"article\" \/>\n<meta property=\"og:title\" content=\"Universidad de las Artes - Propuestas interdisciplinares en \u201cArte, mujeres y espacio p\u00fablico\u201d, IV edici\u00f3n\" \/>\n<meta property=\"og:description\" content=\"Universidad de las Artes - Propuestas interdisciplinares en \u201cArte, mujeres y espacio p\u00fablico\u201d, IV edici\u00f3n\" \/>\n<meta property=\"og:url\" content=\"https:\/\/www.uartes.edu.ec\/sitio\/en\/blog\/2023\/02\/15\/propuestas-interdisciplinares-en-la-iv-edicion-del-encuentro-arte-mujeres-y-espacio-publico\/\" \/>\n<meta property=\"og:site_name\" content=\"Universidad de las Artes\" \/>\n<meta property=\"article:publisher\" content=\"https:\/\/www.facebook.com\/uartesec\" \/>\n<meta property=\"article:published_time\" content=\"2023-02-16T03:05:00+00:00\" \/>\n<meta property=\"article:modified_time\" content=\"2024-07-04T16:21:30+00:00\" \/>\n<meta property=\"og:image\" content=\"https:\/\/www.uartes.edu.ec\/sitio\/wp-content\/uploads\/2023\/02\/ARTE-URBANO-4.jpg\" \/>\n\t<meta property=\"og:image:width\" content=\"2000\" \/>\n\t<meta property=\"og:image:height\" content=\"1333\" \/>\n\t<meta property=\"og:image:type\" content=\"image\/jpeg\" \/>\n<meta name=\"author\" content=\"ccortez\" \/>\n<meta name=\"twitter:card\" content=\"summary_large_image\" \/>\n<meta name=\"twitter:creator\" content=\"@uartesec\" \/>\n<meta name=\"twitter:site\" content=\"@uartesec\" \/>\n<meta name=\"twitter:label1\" content=\"Written by\" \/>\n\t<meta name=\"twitter:data1\" content=\"ccortez\" \/>\n\t<meta name=\"twitter:label2\" content=\"Est. reading time\" \/>\n\t<meta name=\"twitter:data2\" content=\"5 minutes\" \/>\n<script type=\"application\/ld+json\" class=\"yoast-schema-graph\">{\"@context\":\"https:\\\/\\\/schema.org\",\"@graph\":[{\"@type\":\"Article\",\"@id\":\"https:\\\/\\\/www.uartes.edu.ec\\\/sitio\\\/en\\\/blog\\\/2023\\\/02\\\/15\\\/propuestas-interdisciplinares-en-la-iv-edicion-del-encuentro-arte-mujeres-y-espacio-publico\\\/#article\",\"isPartOf\":{\"@id\":\"https:\\\/\\\/www.uartes.edu.ec\\\/sitio\\\/en\\\/blog\\\/2023\\\/02\\\/15\\\/propuestas-interdisciplinares-en-la-iv-edicion-del-encuentro-arte-mujeres-y-espacio-publico\\\/\"},\"author\":{\"name\":\"ccortez\",\"@id\":\"https:\\\/\\\/www.uartes.edu.ec\\\/sitio\\\/en\\\/#\\\/schema\\\/person\\\/efa1b8275797664fd7f13a79ccc0b1f4\"},\"headline\":\"Propuestas interdisciplinares en \u201cArte, mujeres y espacio p\u00fablico\u201d, IV edici\u00f3n\",\"datePublished\":\"2023-02-16T03:05:00+00:00\",\"dateModified\":\"2024-07-04T16:21:30+00:00\",\"mainEntityOfPage\":{\"@id\":\"https:\\\/\\\/www.uartes.edu.ec\\\/sitio\\\/en\\\/blog\\\/2023\\\/02\\\/15\\\/propuestas-interdisciplinares-en-la-iv-edicion-del-encuentro-arte-mujeres-y-espacio-publico\\\/\"},\"wordCount\":848,\"commentCount\":0,\"publisher\":{\"@id\":\"https:\\\/\\\/www.uartes.edu.ec\\\/sitio\\\/en\\\/#organization\"},\"image\":{\"@id\":\"https:\\\/\\\/www.uartes.edu.ec\\\/sitio\\\/en\\\/blog\\\/2023\\\/02\\\/15\\\/propuestas-interdisciplinares-en-la-iv-edicion-del-encuentro-arte-mujeres-y-espacio-publico\\\/#primaryimage\"},\"thumbnailUrl\":\"https:\\\/\\\/www.uartes.edu.ec\\\/sitio\\\/wp-content\\\/uploads\\\/2023\\\/02\\\/ARTE-URBANO-4.jpg\",\"keywords\":[\"encuentro\"],\"articleSection\":[\"4D\",\"Acad\u00e9mico\",\"Artes\",\"Docentes\",\"Estudiantes\"],\"inLanguage\":\"en-US\",\"potentialAction\":[{\"@type\":\"CommentAction\",\"name\":\"Comment\",\"target\":[\"https:\\\/\\\/www.uartes.edu.ec\\\/sitio\\\/en\\\/blog\\\/2023\\\/02\\\/15\\\/propuestas-interdisciplinares-en-la-iv-edicion-del-encuentro-arte-mujeres-y-espacio-publico\\\/#respond\"]}]},{\"@type\":[\"WebPage\",\"ItemPage\"],\"@id\":\"https:\\\/\\\/www.uartes.edu.ec\\\/sitio\\\/en\\\/blog\\\/2023\\\/02\\\/15\\\/propuestas-interdisciplinares-en-la-iv-edicion-del-encuentro-arte-mujeres-y-espacio-publico\\\/\",\"url\":\"https:\\\/\\\/www.uartes.edu.ec\\\/sitio\\\/en\\\/blog\\\/2023\\\/02\\\/15\\\/propuestas-interdisciplinares-en-la-iv-edicion-del-encuentro-arte-mujeres-y-espacio-publico\\\/\",\"name\":\"Universidad de las Artes - Propuestas interdisciplinares en \u201cArte, mujeres y espacio p\u00fablico\u201d, IV edici\u00f3n\",\"isPartOf\":{\"@id\":\"https:\\\/\\\/www.uartes.edu.ec\\\/sitio\\\/en\\\/#website\"},\"primaryImageOfPage\":{\"@id\":\"https:\\\/\\\/www.uartes.edu.ec\\\/sitio\\\/en\\\/blog\\\/2023\\\/02\\\/15\\\/propuestas-interdisciplinares-en-la-iv-edicion-del-encuentro-arte-mujeres-y-espacio-publico\\\/#primaryimage\"},\"image\":{\"@id\":\"https:\\\/\\\/www.uartes.edu.ec\\\/sitio\\\/en\\\/blog\\\/2023\\\/02\\\/15\\\/propuestas-interdisciplinares-en-la-iv-edicion-del-encuentro-arte-mujeres-y-espacio-publico\\\/#primaryimage\"},\"thumbnailUrl\":\"https:\\\/\\\/www.uartes.edu.ec\\\/sitio\\\/wp-content\\\/uploads\\\/2023\\\/02\\\/ARTE-URBANO-4.jpg\",\"datePublished\":\"2023-02-16T03:05:00+00:00\",\"dateModified\":\"2024-07-04T16:21:30+00:00\",\"description\":\"Universidad de las Artes - Propuestas interdisciplinares en \u201cArte, mujeres y espacio p\u00fablico\u201d, IV edici\u00f3n\",\"breadcrumb\":{\"@id\":\"https:\\\/\\\/www.uartes.edu.ec\\\/sitio\\\/en\\\/blog\\\/2023\\\/02\\\/15\\\/propuestas-interdisciplinares-en-la-iv-edicion-del-encuentro-arte-mujeres-y-espacio-publico\\\/#breadcrumb\"},\"inLanguage\":\"en-US\",\"potentialAction\":[{\"@type\":\"ReadAction\",\"target\":[\"https:\\\/\\\/www.uartes.edu.ec\\\/sitio\\\/en\\\/blog\\\/2023\\\/02\\\/15\\\/propuestas-interdisciplinares-en-la-iv-edicion-del-encuentro-arte-mujeres-y-espacio-publico\\\/\"]}]},{\"@type\":\"ImageObject\",\"inLanguage\":\"en-US\",\"@id\":\"https:\\\/\\\/www.uartes.edu.ec\\\/sitio\\\/en\\\/blog\\\/2023\\\/02\\\/15\\\/propuestas-interdisciplinares-en-la-iv-edicion-del-encuentro-arte-mujeres-y-espacio-publico\\\/#primaryimage\",\"url\":\"https:\\\/\\\/www.uartes.edu.ec\\\/sitio\\\/wp-content\\\/uploads\\\/2023\\\/02\\\/ARTE-URBANO-4.jpg\",\"contentUrl\":\"https:\\\/\\\/www.uartes.edu.ec\\\/sitio\\\/wp-content\\\/uploads\\\/2023\\\/02\\\/ARTE-URBANO-4.jpg\",\"width\":2000,\"height\":1333},{\"@type\":\"BreadcrumbList\",\"@id\":\"https:\\\/\\\/www.uartes.edu.ec\\\/sitio\\\/en\\\/blog\\\/2023\\\/02\\\/15\\\/propuestas-interdisciplinares-en-la-iv-edicion-del-encuentro-arte-mujeres-y-espacio-publico\\\/#breadcrumb\",\"itemListElement\":[{\"@type\":\"ListItem\",\"position\":1,\"name\":\"Inicio\",\"item\":\"https:\\\/\\\/www.uartes.edu.ec\\\/sitio\\\/\"},{\"@type\":\"ListItem\",\"position\":2,\"name\":\"Propuestas interdisciplinares en \u201cArte, mujeres y espacio p\u00fablico\u201d, IV edici\u00f3n\"}]},{\"@type\":\"WebSite\",\"@id\":\"https:\\\/\\\/www.uartes.edu.ec\\\/sitio\\\/en\\\/#website\",\"url\":\"https:\\\/\\\/www.uartes.edu.ec\\\/sitio\\\/en\\\/\",\"name\":\"Universidad de las Artes\",\"description\":\"Sitio oficial de la Universidad Nacional de las Artes del Ecuador\",\"publisher\":{\"@id\":\"https:\\\/\\\/www.uartes.edu.ec\\\/sitio\\\/en\\\/#organization\"},\"potentialAction\":[{\"@type\":\"SearchAction\",\"target\":{\"@type\":\"EntryPoint\",\"urlTemplate\":\"https:\\\/\\\/www.uartes.edu.ec\\\/sitio\\\/en\\\/?s={search_term_string}\"},\"query-input\":{\"@type\":\"PropertyValueSpecification\",\"valueRequired\":true,\"valueName\":\"search_term_string\"}}],\"inLanguage\":\"en-US\"},{\"@type\":\"Organization\",\"@id\":\"https:\\\/\\\/www.uartes.edu.ec\\\/sitio\\\/en\\\/#organization\",\"name\":\"Universidad de las Artes\",\"url\":\"https:\\\/\\\/www.uartes.edu.ec\\\/sitio\\\/en\\\/\",\"logo\":{\"@type\":\"ImageObject\",\"inLanguage\":\"en-US\",\"@id\":\"https:\\\/\\\/www.uartes.edu.ec\\\/sitio\\\/en\\\/#\\\/schema\\\/logo\\\/image\\\/\",\"url\":\"https:\\\/\\\/www.uartes.edu.ec\\\/sitio\\\/wp-content\\\/uploads\\\/2022\\\/07\\\/logo-ua-horizontal.png\",\"contentUrl\":\"https:\\\/\\\/www.uartes.edu.ec\\\/sitio\\\/wp-content\\\/uploads\\\/2022\\\/07\\\/logo-ua-horizontal.png\",\"width\":800,\"height\":276,\"caption\":\"Universidad de las Artes\"},\"image\":{\"@id\":\"https:\\\/\\\/www.uartes.edu.ec\\\/sitio\\\/en\\\/#\\\/schema\\\/logo\\\/image\\\/\"},\"sameAs\":[\"https:\\\/\\\/www.facebook.com\\\/uartesec\",\"https:\\\/\\\/x.com\\\/uartesec\",\"https:\\\/\\\/www.tiktok.com\\\/@uartesec\"]},{\"@type\":\"Person\",\"@id\":\"https:\\\/\\\/www.uartes.edu.ec\\\/sitio\\\/en\\\/#\\\/schema\\\/person\\\/efa1b8275797664fd7f13a79ccc0b1f4\",\"name\":\"ccortez\",\"image\":{\"@type\":\"ImageObject\",\"inLanguage\":\"en-US\",\"@id\":\"https:\\\/\\\/secure.gravatar.com\\\/avatar\\\/b2a6f664a3ae8e074346ef91775736c5ec479e637ecced6842de9dc98b5da9cd?s=96&d=mm&r=g\",\"url\":\"https:\\\/\\\/secure.gravatar.com\\\/avatar\\\/b2a6f664a3ae8e074346ef91775736c5ec479e637ecced6842de9dc98b5da9cd?s=96&d=mm&r=g\",\"contentUrl\":\"https:\\\/\\\/secure.gravatar.com\\\/avatar\\\/b2a6f664a3ae8e074346ef91775736c5ec479e637ecced6842de9dc98b5da9cd?s=96&d=mm&r=g\",\"caption\":\"ccortez\"},\"url\":\"https:\\\/\\\/www.uartes.edu.ec\\\/sitio\\\/en\\\/blog\\\/author\\\/ccortez\\\/\"}]}<\/script>\n<!-- \/ Yoast SEO plugin. -->","yoast_head_json":{"title":"Universidad de las Artes - Propuestas interdisciplinares en \u201cArte, mujeres y espacio p\u00fablico\u201d, IV edici\u00f3n","description":"Universidad de las Artes - Propuestas interdisciplinares en \u201cArte, mujeres y espacio p\u00fablico\u201d, IV edici\u00f3n","robots":{"index":"index","follow":"follow","max-snippet":"max-snippet:-1","max-image-preview":"max-image-preview:large","max-video-preview":"max-video-preview:-1"},"canonical":"https:\/\/www.uartes.edu.ec\/sitio\/en\/blog\/2023\/02\/15\/propuestas-interdisciplinares-en-la-iv-edicion-del-encuentro-arte-mujeres-y-espacio-publico\/","og_locale":"en_US","og_type":"article","og_title":"Universidad de las Artes - Propuestas interdisciplinares en \u201cArte, mujeres y espacio p\u00fablico\u201d, IV edici\u00f3n","og_description":"Universidad de las Artes - Propuestas interdisciplinares en \u201cArte, mujeres y espacio p\u00fablico\u201d, IV edici\u00f3n","og_url":"https:\/\/www.uartes.edu.ec\/sitio\/en\/blog\/2023\/02\/15\/propuestas-interdisciplinares-en-la-iv-edicion-del-encuentro-arte-mujeres-y-espacio-publico\/","og_site_name":"Universidad de las Artes","article_publisher":"https:\/\/www.facebook.com\/uartesec","article_published_time":"2023-02-16T03:05:00+00:00","article_modified_time":"2024-07-04T16:21:30+00:00","og_image":[{"width":2000,"height":1333,"url":"https:\/\/www.uartes.edu.ec\/sitio\/wp-content\/uploads\/2023\/02\/ARTE-URBANO-4.jpg","type":"image\/jpeg"}],"author":"ccortez","twitter_card":"summary_large_image","twitter_creator":"@uartesec","twitter_site":"@uartesec","twitter_misc":{"Written by":"ccortez","Est. reading time":"5 minutes"},"schema":{"@context":"https:\/\/schema.org","@graph":[{"@type":"Article","@id":"https:\/\/www.uartes.edu.ec\/sitio\/en\/blog\/2023\/02\/15\/propuestas-interdisciplinares-en-la-iv-edicion-del-encuentro-arte-mujeres-y-espacio-publico\/#article","isPartOf":{"@id":"https:\/\/www.uartes.edu.ec\/sitio\/en\/blog\/2023\/02\/15\/propuestas-interdisciplinares-en-la-iv-edicion-del-encuentro-arte-mujeres-y-espacio-publico\/"},"author":{"name":"ccortez","@id":"https:\/\/www.uartes.edu.ec\/sitio\/en\/#\/schema\/person\/efa1b8275797664fd7f13a79ccc0b1f4"},"headline":"Propuestas interdisciplinares en \u201cArte, mujeres y espacio p\u00fablico\u201d, IV edici\u00f3n","datePublished":"2023-02-16T03:05:00+00:00","dateModified":"2024-07-04T16:21:30+00:00","mainEntityOfPage":{"@id":"https:\/\/www.uartes.edu.ec\/sitio\/en\/blog\/2023\/02\/15\/propuestas-interdisciplinares-en-la-iv-edicion-del-encuentro-arte-mujeres-y-espacio-publico\/"},"wordCount":848,"commentCount":0,"publisher":{"@id":"https:\/\/www.uartes.edu.ec\/sitio\/en\/#organization"},"image":{"@id":"https:\/\/www.uartes.edu.ec\/sitio\/en\/blog\/2023\/02\/15\/propuestas-interdisciplinares-en-la-iv-edicion-del-encuentro-arte-mujeres-y-espacio-publico\/#primaryimage"},"thumbnailUrl":"https:\/\/www.uartes.edu.ec\/sitio\/wp-content\/uploads\/2023\/02\/ARTE-URBANO-4.jpg","keywords":["encuentro"],"articleSection":["4D","Acad\u00e9mico","Artes","Docentes","Estudiantes"],"inLanguage":"en-US","potentialAction":[{"@type":"CommentAction","name":"Comment","target":["https:\/\/www.uartes.edu.ec\/sitio\/en\/blog\/2023\/02\/15\/propuestas-interdisciplinares-en-la-iv-edicion-del-encuentro-arte-mujeres-y-espacio-publico\/#respond"]}]},{"@type":["WebPage","ItemPage"],"@id":"https:\/\/www.uartes.edu.ec\/sitio\/en\/blog\/2023\/02\/15\/propuestas-interdisciplinares-en-la-iv-edicion-del-encuentro-arte-mujeres-y-espacio-publico\/","url":"https:\/\/www.uartes.edu.ec\/sitio\/en\/blog\/2023\/02\/15\/propuestas-interdisciplinares-en-la-iv-edicion-del-encuentro-arte-mujeres-y-espacio-publico\/","name":"Universidad de las Artes - Propuestas interdisciplinares en \u201cArte, mujeres y espacio p\u00fablico\u201d, IV edici\u00f3n","isPartOf":{"@id":"https:\/\/www.uartes.edu.ec\/sitio\/en\/#website"},"primaryImageOfPage":{"@id":"https:\/\/www.uartes.edu.ec\/sitio\/en\/blog\/2023\/02\/15\/propuestas-interdisciplinares-en-la-iv-edicion-del-encuentro-arte-mujeres-y-espacio-publico\/#primaryimage"},"image":{"@id":"https:\/\/www.uartes.edu.ec\/sitio\/en\/blog\/2023\/02\/15\/propuestas-interdisciplinares-en-la-iv-edicion-del-encuentro-arte-mujeres-y-espacio-publico\/#primaryimage"},"thumbnailUrl":"https:\/\/www.uartes.edu.ec\/sitio\/wp-content\/uploads\/2023\/02\/ARTE-URBANO-4.jpg","datePublished":"2023-02-16T03:05:00+00:00","dateModified":"2024-07-04T16:21:30+00:00","description":"Universidad de las Artes - Propuestas interdisciplinares en \u201cArte, mujeres y espacio p\u00fablico\u201d, IV edici\u00f3n","breadcrumb":{"@id":"https:\/\/www.uartes.edu.ec\/sitio\/en\/blog\/2023\/02\/15\/propuestas-interdisciplinares-en-la-iv-edicion-del-encuentro-arte-mujeres-y-espacio-publico\/#breadcrumb"},"inLanguage":"en-US","potentialAction":[{"@type":"ReadAction","target":["https:\/\/www.uartes.edu.ec\/sitio\/en\/blog\/2023\/02\/15\/propuestas-interdisciplinares-en-la-iv-edicion-del-encuentro-arte-mujeres-y-espacio-publico\/"]}]},{"@type":"ImageObject","inLanguage":"en-US","@id":"https:\/\/www.uartes.edu.ec\/sitio\/en\/blog\/2023\/02\/15\/propuestas-interdisciplinares-en-la-iv-edicion-del-encuentro-arte-mujeres-y-espacio-publico\/#primaryimage","url":"https:\/\/www.uartes.edu.ec\/sitio\/wp-content\/uploads\/2023\/02\/ARTE-URBANO-4.jpg","contentUrl":"https:\/\/www.uartes.edu.ec\/sitio\/wp-content\/uploads\/2023\/02\/ARTE-URBANO-4.jpg","width":2000,"height":1333},{"@type":"BreadcrumbList","@id":"https:\/\/www.uartes.edu.ec\/sitio\/en\/blog\/2023\/02\/15\/propuestas-interdisciplinares-en-la-iv-edicion-del-encuentro-arte-mujeres-y-espacio-publico\/#breadcrumb","itemListElement":[{"@type":"ListItem","position":1,"name":"Inicio","item":"https:\/\/www.uartes.edu.ec\/sitio\/"},{"@type":"ListItem","position":2,"name":"Propuestas interdisciplinares en \u201cArte, mujeres y espacio p\u00fablico\u201d, IV edici\u00f3n"}]},{"@type":"WebSite","@id":"https:\/\/www.uartes.edu.ec\/sitio\/en\/#website","url":"https:\/\/www.uartes.edu.ec\/sitio\/en\/","name":"Universidad de las Artes","description":"Sitio oficial de la Universidad Nacional de las Artes del Ecuador","publisher":{"@id":"https:\/\/www.uartes.edu.ec\/sitio\/en\/#organization"},"potentialAction":[{"@type":"SearchAction","target":{"@type":"EntryPoint","urlTemplate":"https:\/\/www.uartes.edu.ec\/sitio\/en\/?s={search_term_string}"},"query-input":{"@type":"PropertyValueSpecification","valueRequired":true,"valueName":"search_term_string"}}],"inLanguage":"en-US"},{"@type":"Organization","@id":"https:\/\/www.uartes.edu.ec\/sitio\/en\/#organization","name":"Universidad de las Artes","url":"https:\/\/www.uartes.edu.ec\/sitio\/en\/","logo":{"@type":"ImageObject","inLanguage":"en-US","@id":"https:\/\/www.uartes.edu.ec\/sitio\/en\/#\/schema\/logo\/image\/","url":"https:\/\/www.uartes.edu.ec\/sitio\/wp-content\/uploads\/2022\/07\/logo-ua-horizontal.png","contentUrl":"https:\/\/www.uartes.edu.ec\/sitio\/wp-content\/uploads\/2022\/07\/logo-ua-horizontal.png","width":800,"height":276,"caption":"Universidad de las Artes"},"image":{"@id":"https:\/\/www.uartes.edu.ec\/sitio\/en\/#\/schema\/logo\/image\/"},"sameAs":["https:\/\/www.facebook.com\/uartesec","https:\/\/x.com\/uartesec","https:\/\/www.tiktok.com\/@uartesec"]},{"@type":"Person","@id":"https:\/\/www.uartes.edu.ec\/sitio\/en\/#\/schema\/person\/efa1b8275797664fd7f13a79ccc0b1f4","name":"ccortez","image":{"@type":"ImageObject","inLanguage":"en-US","@id":"https:\/\/secure.gravatar.com\/avatar\/b2a6f664a3ae8e074346ef91775736c5ec479e637ecced6842de9dc98b5da9cd?s=96&d=mm&r=g","url":"https:\/\/secure.gravatar.com\/avatar\/b2a6f664a3ae8e074346ef91775736c5ec479e637ecced6842de9dc98b5da9cd?s=96&d=mm&r=g","contentUrl":"https:\/\/secure.gravatar.com\/avatar\/b2a6f664a3ae8e074346ef91775736c5ec479e637ecced6842de9dc98b5da9cd?s=96&d=mm&r=g","caption":"ccortez"},"url":"https:\/\/www.uartes.edu.ec\/sitio\/en\/blog\/author\/ccortez\/"}]}},"uagb_featured_image_src":{"full":["https:\/\/www.uartes.edu.ec\/sitio\/wp-content\/uploads\/2023\/02\/ARTE-URBANO-4.jpg",2000,1333,false],"thumbnail":["https:\/\/www.uartes.edu.ec\/sitio\/wp-content\/uploads\/2023\/02\/ARTE-URBANO-4-150x150.jpg",150,150,true],"medium":["https:\/\/www.uartes.edu.ec\/sitio\/wp-content\/uploads\/2023\/02\/ARTE-URBANO-4-300x200.jpg",300,200,true],"medium_large":["https:\/\/www.uartes.edu.ec\/sitio\/wp-content\/uploads\/2023\/02\/ARTE-URBANO-4-768x512.jpg",768,512,true],"large":["https:\/\/www.uartes.edu.ec\/sitio\/wp-content\/uploads\/2023\/02\/ARTE-URBANO-4-644x429.jpg",644,429,true],"1536x1536":["https:\/\/www.uartes.edu.ec\/sitio\/wp-content\/uploads\/2023\/02\/ARTE-URBANO-4-1536x1024.jpg",1536,1024,true],"2048x2048":["https:\/\/www.uartes.edu.ec\/sitio\/wp-content\/uploads\/2023\/02\/ARTE-URBANO-4.jpg",2000,1333,false],"trp-custom-language-flag":["https:\/\/www.uartes.edu.ec\/sitio\/wp-content\/uploads\/2023\/02\/ARTE-URBANO-4.jpg",18,12,false],"htmega_size_585x295":["https:\/\/www.uartes.edu.ec\/sitio\/wp-content\/uploads\/2023\/02\/ARTE-URBANO-4-585x295.jpg",585,295,true],"htmega_size_1170x536":["https:\/\/www.uartes.edu.ec\/sitio\/wp-content\/uploads\/2023\/02\/ARTE-URBANO-4-1170x536.jpg",1170,536,true],"htmega_size_396x360":["https:\/\/www.uartes.edu.ec\/sitio\/wp-content\/uploads\/2023\/02\/ARTE-URBANO-4-396x360.jpg",396,360,true],"gb-block-post-grid-landscape":["https:\/\/www.uartes.edu.ec\/sitio\/wp-content\/uploads\/2023\/02\/ARTE-URBANO-4-600x400.jpg",600,400,true],"gb-block-post-grid-square":["https:\/\/www.uartes.edu.ec\/sitio\/wp-content\/uploads\/2023\/02\/ARTE-URBANO-4-600x600.jpg",600,600,true],"university-hub-thumb":["https:\/\/www.uartes.edu.ec\/sitio\/wp-content\/uploads\/2023\/02\/ARTE-URBANO-4-400x267.jpg",400,267,true],"mailpoet_newsletter_max":["https:\/\/www.uartes.edu.ec\/sitio\/wp-content\/uploads\/2023\/02\/ARTE-URBANO-4.jpg",1320,880,false]},"uagb_author_info":{"display_name":"ccortez","author_link":"https:\/\/www.uartes.edu.ec\/sitio\/en\/blog\/author\/ccortez\/"},"uagb_comment_info":0,"uagb_excerpt":"Generar un di\u00e1logo intercultural, revisando diversas pr\u00e1cticas realizadas por mujeres de distintas generaciones y sitios de origen, es la propuesta del 4to encuentro \u201cArte, mujeres y espacio p\u00fablico\u201d que inici\u00f3 sus actividades a inicios del presente mes y extender\u00e1 hasta abril pr\u00f3ximo. La docente Mar\u00eda Fernanda L\u00f3pez, de la Unidad Transversal de la UArtes, destaca&hellip;","featured_image_src":"https:\/\/www.uartes.edu.ec\/sitio\/wp-content\/uploads\/2023\/02\/ARTE-URBANO-4-600x400.jpg","featured_image_src_square":"https:\/\/www.uartes.edu.ec\/sitio\/wp-content\/uploads\/2023\/02\/ARTE-URBANO-4-600x600.jpg","author_info":{"display_name":"ccortez","author_link":"https:\/\/www.uartes.edu.ec\/sitio\/en\/blog\/author\/ccortez\/"},"publishpress_future_workflow_manual_trigger":{"enabledWorkflows":[]},"distributor_meta":false,"distributor_terms":false,"distributor_media":false,"distributor_original_site_name":"Universidad de las Artes","distributor_original_site_url":"https:\/\/www.uartes.edu.ec\/sitio\/en","push-errors":false,"_links":{"self":[{"href":"https:\/\/www.uartes.edu.ec\/sitio\/en\/wp-json\/wp\/v2\/posts\/38262","targetHints":{"allow":["GET"]}}],"collection":[{"href":"https:\/\/www.uartes.edu.ec\/sitio\/en\/wp-json\/wp\/v2\/posts"}],"about":[{"href":"https:\/\/www.uartes.edu.ec\/sitio\/en\/wp-json\/wp\/v2\/types\/post"}],"author":[{"embeddable":true,"href":"https:\/\/www.uartes.edu.ec\/sitio\/en\/wp-json\/wp\/v2\/users\/10"}],"replies":[{"embeddable":true,"href":"https:\/\/www.uartes.edu.ec\/sitio\/en\/wp-json\/wp\/v2\/comments?post=38262"}],"version-history":[{"count":16,"href":"https:\/\/www.uartes.edu.ec\/sitio\/en\/wp-json\/wp\/v2\/posts\/38262\/revisions"}],"predecessor-version":[{"id":39316,"href":"https:\/\/www.uartes.edu.ec\/sitio\/en\/wp-json\/wp\/v2\/posts\/38262\/revisions\/39316"}],"wp:featuredmedia":[{"embeddable":true,"href":"https:\/\/www.uartes.edu.ec\/sitio\/en\/wp-json\/wp\/v2\/media\/38263"}],"wp:attachment":[{"href":"https:\/\/www.uartes.edu.ec\/sitio\/en\/wp-json\/wp\/v2\/media?parent=38262"}],"wp:term":[{"taxonomy":"category","embeddable":true,"href":"https:\/\/www.uartes.edu.ec\/sitio\/en\/wp-json\/wp\/v2\/categories?post=38262"},{"taxonomy":"post_tag","embeddable":true,"href":"https:\/\/www.uartes.edu.ec\/sitio\/en\/wp-json\/wp\/v2\/tags?post=38262"},{"taxonomy":"infouartes","embeddable":true,"href":"https:\/\/www.uartes.edu.ec\/sitio\/en\/wp-json\/wp\/v2\/infouartes?post=38262"}],"curies":[{"name":"wp","href":"https:\/\/api.w.org\/{rel}","templated":true}]}}