{"id":38358,"date":"2023-02-14T12:36:45","date_gmt":"2023-02-14T17:36:45","guid":{"rendered":"http:\/\/www.uartes.edu.ec\/sitio\/?p=38358"},"modified":"2024-07-04T11:21:30","modified_gmt":"2024-07-04T16:21:30","slug":"muestras-colectivas-y-paralelas-en-la-bitacora-ii-de-artes-visuales","status":"publish","type":"post","link":"https:\/\/www.uartes.edu.ec\/sitio\/en\/blog\/2023\/02\/14\/muestras-colectivas-y-paralelas-en-la-bitacora-ii-de-artes-visuales\/","title":{"rendered":"Muestras colectivas y paralelas en la Bit\u00e1cora II de Escuela de Artes Visuales"},"content":{"rendered":"<p>La exposici\u00f3n colectiva inaugurada en el CIF del MZ14, la presentaci\u00f3n del dossier y la realizaci\u00f3n del taller \u201cS\u00edntoma Semi\u00f3tico\u201d, ambos con la artista invitada Martina Mi\u00f1o, y las muestras paralelas desarrolladas dentro y fuera de la Universidad de las Artes, constaron en la agenda de Bit\u00e1cora II, una propuesta de final de semestre de la Escuela de Artes Visuales.<\/p>\n\n\n\n<p>As\u00ed como en su primera edici\u00f3n, en esta segunda entrega Bit\u00e1cora dio a conocer a la comunidad universitaria y p\u00fablico en general los proyectos y procesos desarrollados en las diferentes c\u00e1tedras de Artes Visuales, dictadas por los docentes y artistas Xavier Pati\u00f1o, director de la escuela; Ilich Castillo, Saidel Brito, Christian Villavicencio, Rusl\u00e1n Torres, Diego Massuco, David Palacios, William Hem\u00e1ndez, Armando Busquets y Marco Alvarado.<\/p>\n\n\n\n<p>La muestra colectiva del CIF se divide en micro-exposiciones y busca destacar los procesos creativos de Ios estudiantes y los objetivos pedag\u00f3gicos que se han alcanzado a lo largo de este semestre. Se inaugur\u00f3 el 7 de febrero en el MZ14, donde se mantendr\u00e1 hasta el 6 de marzo.<\/p>\n\n\n<div class=\"wp-block-image\">\n<figure class=\"aligncenter size-large\"><img fetchpriority=\"high\" decoding=\"async\" width=\"644\" height=\"429\" src=\"http:\/\/www.uartes.edu.ec\/sitio\/wp-content\/uploads\/2023\/02\/05-BITACORA-2-CIF-644x429.jpg\" alt=\"\" class=\"wp-image-38361\" srcset=\"https:\/\/www.uartes.edu.ec\/sitio\/wp-content\/uploads\/2023\/02\/05-BITACORA-2-CIF-644x429.jpg 644w, https:\/\/www.uartes.edu.ec\/sitio\/wp-content\/uploads\/2023\/02\/05-BITACORA-2-CIF-768x511.jpg 768w, https:\/\/www.uartes.edu.ec\/sitio\/wp-content\/uploads\/2023\/02\/05-BITACORA-2-CIF.jpg 2000w, https:\/\/www.uartes.edu.ec\/sitio\/wp-content\/uploads\/2023\/02\/05-BITACORA-2-CIF-600x399.jpg 600w, https:\/\/www.uartes.edu.ec\/sitio\/wp-content\/uploads\/2023\/02\/05-BITACORA-2-CIF-272x182.jpg 272w\" sizes=\"(max-width: 644px) 100vw, 644px\" \/><\/figure>\n<\/div>\n\n<div class=\"wp-block-image\">\n<figure class=\"aligncenter size-large\"><img decoding=\"async\" width=\"644\" height=\"429\" src=\"http:\/\/www.uartes.edu.ec\/sitio\/wp-content\/uploads\/2023\/02\/02-BITACORA-2-CIF-644x429.jpg\" alt=\"\" class=\"wp-image-38366\" srcset=\"https:\/\/www.uartes.edu.ec\/sitio\/wp-content\/uploads\/2023\/02\/02-BITACORA-2-CIF-644x429.jpg 644w, https:\/\/www.uartes.edu.ec\/sitio\/wp-content\/uploads\/2023\/02\/02-BITACORA-2-CIF-768x511.jpg 768w, https:\/\/www.uartes.edu.ec\/sitio\/wp-content\/uploads\/2023\/02\/02-BITACORA-2-CIF.jpg 2000w, https:\/\/www.uartes.edu.ec\/sitio\/wp-content\/uploads\/2023\/02\/02-BITACORA-2-CIF-600x399.jpg 600w, https:\/\/www.uartes.edu.ec\/sitio\/wp-content\/uploads\/2023\/02\/02-BITACORA-2-CIF-272x182.jpg 272w\" sizes=\"(max-width: 644px) 100vw, 644px\" \/><\/figure>\n<\/div>\n\n<div class=\"wp-block-image\">\n<figure class=\"aligncenter size-large\"><img decoding=\"async\" width=\"644\" height=\"429\" src=\"http:\/\/www.uartes.edu.ec\/sitio\/wp-content\/uploads\/2023\/02\/03-BITACORA-2-CIF-644x429.jpg\" alt=\"\" class=\"wp-image-38365\" srcset=\"https:\/\/www.uartes.edu.ec\/sitio\/wp-content\/uploads\/2023\/02\/03-BITACORA-2-CIF-644x429.jpg 644w, https:\/\/www.uartes.edu.ec\/sitio\/wp-content\/uploads\/2023\/02\/03-BITACORA-2-CIF-768x511.jpg 768w, https:\/\/www.uartes.edu.ec\/sitio\/wp-content\/uploads\/2023\/02\/03-BITACORA-2-CIF.jpg 2000w, https:\/\/www.uartes.edu.ec\/sitio\/wp-content\/uploads\/2023\/02\/03-BITACORA-2-CIF-600x399.jpg 600w, https:\/\/www.uartes.edu.ec\/sitio\/wp-content\/uploads\/2023\/02\/03-BITACORA-2-CIF-272x182.jpg 272w\" sizes=\"(max-width: 644px) 100vw, 644px\" \/><\/figure>\n<\/div>\n\n\n<p>En el texto curatorial, de la autor\u00eda de Daniel Lude\u00f1a y Andr\u00e9s Jaramillo, se indica que \u201cla muestra enriquece procesos pedag\u00f3gicos y art\u00edsticos de la Escuela de Artes Visuales convocados desde la diversidad de sus talleres. En esta segunda edici\u00f3n, el emplazamiento se formula a partir de su condici\u00f3n mat\u00e9rica y de la contingencia de su origen. La tensi\u00f3n entre estas nociones atraviesa el subtexto, el espacio y las correspondencias po\u00e9ticas desde las propuestas de esta bit\u00e1cora\u201d.<\/p>\n\n\n\n<p>Junto con Lude\u00f1a, en la muestra participan Mellesa de la A, John Herrera, Kevin Alarc\u00f3n, Pedro Guevara, Milena Aguilar, Alexandra S\u00e1nchez, Viviana Cevallos, Francisco Moscoso, Michelle Fajardo, Brenda Reyes, Arelys Su\u00e1rez, Anthony Cevallos, Harry Merch\u00e1n y Jos\u00e9 Valenzuela. En la asistencia curatorial: Paula I\u00f1iguez y Madeline G\u00f3mez. Producci\u00f3n: Ruth Cruz. Asistencia de producci\u00f3n: Mar\u00eda Teresa Garc\u00eda, N\u00e9mesis Vera, Cristina Avell\u00e1n, Iv\u00e1n Castro y Pedro Guevara. Montaje: Amanda de la Rosa, Alexandra S\u00e1nchez, Daniel Salazar, Jemima Pruna y Stiv Berrones.<\/p>\n\n\n\n<p>Invitada por la Escuela de Artes Visuales, la investigadora interdisciplinaria Martina Mi\u00f1o al presentar su dossier (el 8 de febrero) hizo referencia a la convergencia entre medios art\u00edsticos y artes culinarias, ampliando as\u00ed el panorama del arte, impulsando, adem\u00e1s, el uso de otros sentidos para el consumo del arte. En el taller \u201cS\u00edntoma Semi\u00f3tico\u201d, que imparti\u00f3 el jueves 9 y viernes 10, abord\u00f3 tanto lo sensorial dentro del arte, como los aspectos b\u00e1sicos de la alquimia y c\u00f3mo estos se vinculan en pr\u00e1cticas art\u00edsticas.<\/p>\n\n\n\n<h3 class=\"wp-block-heading\"><strong>\u201cCosmot\u00e9cnicas\u201d en b\u00f3vedas del CIF<\/strong><\/h3>\n\n\n\n<p>Tambi\u00e9n en el CIF, se encuentra en las b\u00f3vedas \u201cCosmot\u00e9cnicas (Poiesis. Techne y Hackeo), propuesta en la que participan los estudiantes de cuarto semestre de la asignatura Introducci\u00f3n a las Herramientas Tecnol\u00f3gicas que dicta el docente Cristian Villavicencio y en la cual se muestran proyectos de lo digital a lo material; objetos, materiales e impresos en 3D.<\/p>\n\n\n\n<p>Participan los estudiantes: Ian Albi\u00f1o, Gillian Barzola, Juan Sebasti\u00e1n Bravo, Amanda de la Rosa, Danna Garz\u00f3n, Mar\u00eda Jos\u00e9 Gonz\u00e1lez, Richard Jim\u00e9nez, Erika Ontaneda, Tasha Palomino, Alexandra S\u00e1nchez, Ibsen Zambrano, Gabriela Bail\u00f3n, Juan Jap\u00f3n, B\u00e1rbara Joza, John Molina, Manuel Morales, Alejandra Pe\u00f1afiel, Carmelo Pl\u00faa, Carlos Rodr\u00edguez y Bel\u00e9n Salas.<\/p>\n\n\n<div class=\"wp-block-image\">\n<figure class=\"aligncenter size-large is-resized\"><img loading=\"lazy\" decoding=\"async\" src=\"http:\/\/www.uartes.edu.ec\/sitio\/wp-content\/uploads\/2023\/02\/BODEGA-CIF-01-644x429.jpg\" alt=\"\" class=\"wp-image-38362\" width=\"644\" height=\"429\" srcset=\"https:\/\/www.uartes.edu.ec\/sitio\/wp-content\/uploads\/2023\/02\/BODEGA-CIF-01-644x429.jpg 644w, https:\/\/www.uartes.edu.ec\/sitio\/wp-content\/uploads\/2023\/02\/BODEGA-CIF-01-768x511.jpg 768w, https:\/\/www.uartes.edu.ec\/sitio\/wp-content\/uploads\/2023\/02\/BODEGA-CIF-01.jpg 2000w, https:\/\/www.uartes.edu.ec\/sitio\/wp-content\/uploads\/2023\/02\/BODEGA-CIF-01-600x399.jpg 600w, https:\/\/www.uartes.edu.ec\/sitio\/wp-content\/uploads\/2023\/02\/BODEGA-CIF-01-272x182.jpg 272w\" sizes=\"(max-width: 644px) 100vw, 644px\" \/><\/figure>\n<\/div>\n\n<div class=\"wp-block-image\">\n<figure class=\"aligncenter size-large\"><img loading=\"lazy\" decoding=\"async\" width=\"644\" height=\"429\" src=\"http:\/\/www.uartes.edu.ec\/sitio\/wp-content\/uploads\/2023\/02\/BODEGA-CIF-02-644x429.jpg\" alt=\"\" class=\"wp-image-38363\" srcset=\"https:\/\/www.uartes.edu.ec\/sitio\/wp-content\/uploads\/2023\/02\/BODEGA-CIF-02-644x429.jpg 644w, https:\/\/www.uartes.edu.ec\/sitio\/wp-content\/uploads\/2023\/02\/BODEGA-CIF-02-768x511.jpg 768w, https:\/\/www.uartes.edu.ec\/sitio\/wp-content\/uploads\/2023\/02\/BODEGA-CIF-02.jpg 2000w, https:\/\/www.uartes.edu.ec\/sitio\/wp-content\/uploads\/2023\/02\/BODEGA-CIF-02-600x399.jpg 600w, https:\/\/www.uartes.edu.ec\/sitio\/wp-content\/uploads\/2023\/02\/BODEGA-CIF-02-272x182.jpg 272w\" sizes=\"(max-width: 644px) 100vw, 644px\" \/><\/figure>\n<\/div>\n\n\n<p>En el texto curatorial, Villavicencio se\u00f1ala que para los alumnos participantes es, en la mayor\u00eda de los casos, la primera exposici\u00f3n p\u00fablica de sus obras. Agrega que los trabajos exploran el concepto de \u00abCosmot\u00e9cnica\u00bb propuesto por el fil\u00f3sofo Yuk Hui, quien nos alienta a repensar lo \u00abtecnol\u00f3gico\u00bb como un conocimiento t\u00e9cnico situado y especifico fuera del canon moderno occidental.<\/p>\n\n\n\n<p>En ese sentido cada propuesta parte de una estrategia de extra\u00f1amiento modificaci\u00f3n y hackeo de objetos cotidianos afectivos a trav\u00e9s de procesos de fabricaci\u00f3n digital (dise\u00f1o e impresi\u00f3n 3D y corte l\u00e1ser). Cada grupo ha usado procesos de remezcla (remix) f\u00edsica y digital, de la que han surgido ensamblajes ins\u00f3litos como \u00abmouse-escarabajo\u00bb o \u00abuna pistola lanza semillas\u00bb. Las tecnolog\u00edas singulares propuestas por estos estudiantes\/artistas dan cuenta de su potencial de producci\u00f3n sensible y cr\u00edtica dentro del amplio horizonte contempor\u00e1neo de im\u00e1genes y objetos, concluye Villavicencio.<\/p>\n\n\n\n<p>Una de las propuestas de \u00abCosmot\u00e9cnica\u00bb es \u201cLanza semillas\u201d y consiste en el montaje de un arma que dispara semillas, de las que surgen flores. Juan Sebasti\u00e1n Bravo, uno de los estudiantes realizadores, dijo que el trabajo se basa en los tiktoks de unos patinadores que lanzan semillas a las calles para crear vida y decidieron hacer algo referencial en el contexto de Ecuador debido a la violencia que se viene registrando. Modificaron el arma para que dispare semillas y as\u00ed, en lugar de quitar vida, crearla. \u201cTrabajamos con varias herramientas y t\u00e9cnicas, como el corte l\u00e1ser y la impresi\u00f3n 3D\u201d.<\/p>\n\n\n\n<h3 class=\"wp-block-heading\"><strong>Muestras paralelas<\/strong><\/h3>\n\n\n\n<p>Entre las muestras paralelas de Bit\u00e1cora II est\u00e1n \u201cGato Negro\u201d, una selecci\u00f3n de trabajos de las materias Po\u00e9ticas Visuales II, Perspectivas Modernas del Dibujo y Funciones Cr\u00edticas del Dibujo (Semestre B 2022-2023); esta fue inaugurada en El Garaje, espacio expositivo ubicado en el edificio T\u00e1bara.<\/p>\n\n\n\n<p>\u201cAprovados\u201d, que se encuentra en el Museo Luis Noboa, tiene la curadur\u00eda del docente William Hern\u00e1ndez y participan: Renata Cervantes, Alexandra S\u00e1nchez, Milena Calle, Mar\u00eda Jos\u00e9 Hidalgo, Samantha Ortiz, Romina M\u00e1rquez, Pedro Guevara, Anthony Cevallos, Fernando Navarrete, Richard Jim\u00e9nez, \u00c9rika Ontaneda, Mar\u00eda Bel\u00e9n Salas, Jeffrey Zambrano, Jos\u00e9 Valenzuela Sara Cagua, Andrea Ch\u00e1vez, Paula Leonor, Cristian Jara, Luis Cuaqui y Jonathan Requene. Corresponde a las materias Taller de Escultura II: Laboratorio Experimental de Lenguas Tridimensionales y Laboratorio Experimental de Lenguas Bidimensionales.<\/p>\n\n\n<div class=\"wp-block-image\">\n<figure class=\"aligncenter size-large\"><img loading=\"lazy\" decoding=\"async\" width=\"644\" height=\"429\" src=\"http:\/\/www.uartes.edu.ec\/sitio\/wp-content\/uploads\/2023\/02\/GARAJE-TABARA-03-644x429.jpg\" alt=\"\" class=\"wp-image-38364\" srcset=\"https:\/\/www.uartes.edu.ec\/sitio\/wp-content\/uploads\/2023\/02\/GARAJE-TABARA-03-644x429.jpg 644w, https:\/\/www.uartes.edu.ec\/sitio\/wp-content\/uploads\/2023\/02\/GARAJE-TABARA-03-768x511.jpg 768w, https:\/\/www.uartes.edu.ec\/sitio\/wp-content\/uploads\/2023\/02\/GARAJE-TABARA-03.jpg 2000w, https:\/\/www.uartes.edu.ec\/sitio\/wp-content\/uploads\/2023\/02\/GARAJE-TABARA-03-600x399.jpg 600w, https:\/\/www.uartes.edu.ec\/sitio\/wp-content\/uploads\/2023\/02\/GARAJE-TABARA-03-272x182.jpg 272w\" sizes=\"(max-width: 644px) 100vw, 644px\" \/><\/figure>\n<\/div>\n\n\n<p>\u201cDos para una imagen, entre el gesto y lo relacional\u201d, muestra colectiva que se inaugur\u00f3 en la Galer\u00eda 4ta Pared de la Biblioteca de las Artes y cuenta con la participaci\u00f3n de estudiantes de Artes Visuales de la asignatura que dicta la docente Amalina Bomnin. \u201cEl Teatro\u201d, exposici\u00f3n de fotograf\u00eda b\u00e1sica inaugurada el 8 de febrero en el edificio T\u00e1bara. \u201cInfo\u201d present\u00f3 proyectos de fotograf\u00eda b\u00e1sica. Estos fueron: \u201cRetrato en 35mm\u201d, \u201cAbstracciones y rayogramas\u201d, \u201cFotograf\u00edas Estenopeicas\u201d y \u201cFotograf\u00eda digital\u201d.<\/p>\n\n\n\n<p>Tambi\u00e9n en el marco de Bitacora II se realizaron la exposici\u00f3n de fotograf\u00eda anal\u00f3gica, titulada \u201cLab 2 Cero 1\u201d, y \u201cEcro Expandido\u201d. Esta \u00faltima fue colectiva e intervinieron estudiantes de las asignaturas de Dibujo de Campo Expandido, Escultura en el Campo Expandido y Taller de Pintura II, que dicta el docente Rusl\u00e1n Torres. La curadur\u00eda corri\u00f3 a cargo de Madeline G\u00f3mez. Participaron: Pedro Torres, Fabi\u00e1n Quinche, Kevin Caita, Sof\u00eda Guti\u00e9rrez, Michelle Suasnavas, Jhosue Berm\u00fadez, Rodney Guill\u00e9n, Jonathan S\u00e1nchez, Emma Acu\u00f1a, Lady Rodr\u00edguez, Tamy Kuff\u00f3, Enrique Vinueza, Karla Romo, Mar\u00eda Jos\u00e9 Madrid, Jos\u00e9 Gualpa, Omar Castro y Yuri Espinosa.<\/p>\n\n\n\n<p>Con ellos, Joselyn \u00c1lvarez, Catherine Zambrano, Jos\u00e9 Eduardo Chila, Yael Castro, John Herrera, Melissa de la A, Angie Rodas, Melanie Camacho, Brayan Herrera, Ailyn Wong, Damaris Vite y Milena Aguilar. Con ellos, Job Alc\u00edvar, G\u00e9nesis Alvarado, Michelle Fajardo, Geampaul Franco, Mar\u00eda Teresa Garc\u00eda, David Le\u00f3n, Jomayra Pozo, Alyson Tocto, Wilson V\u00e9lez y Jonathan Vera.<\/p>","protected":false},"excerpt":{"rendered":"<p>La exposici\u00f3n colectiva inaugurada en el CIF del MZ14, la presentaci\u00f3n del dossier y la realizaci\u00f3n del taller \u201cS\u00edntoma Semi\u00f3tico\u201d, ambos con la artista invitada Martina Mi\u00f1o, y las muestras paralelas desarrolladas dentro y fuera de la Universidad de las Artes, constaron en la agenda de Bit\u00e1cora II, una propuesta de final de semestre de la Escuela de Artes Visuales que da a conocer los proyectos y procesos desarrollados en sus diferentes c\u00e1tedras. <\/p>","protected":false},"author":10,"featured_media":38359,"comment_status":"open","ping_status":"open","sticky":false,"template":"","format":"standard","meta":{"_acf_changed":false,"_uag_custom_page_level_css":"","_monsterinsights_skip_tracking":false,"_monsterinsights_sitenote_active":false,"_monsterinsights_sitenote_note":"","_monsterinsights_sitenote_category":0,"cybocfi_hide_featured_image":"","footnotes":""},"categories":[716,80,157,75,76],"tags":[590],"infouartes":[],"class_list":["post-38358","post","type-post","status-publish","format-standard","has-post-thumbnail","hentry","category-1c","category-academico","category-artes-visuales","category-docentes","category-estudiantes","tag-muestra"],"acf":[],"yoast_head":"<!-- This site is optimized with the Yoast SEO plugin v27.4 - https:\/\/yoast.com\/product\/yoast-seo-wordpress\/ -->\n<title>Universidad de las Artes - Muestras colectivas y paralelas en la Bit\u00e1cora II de Escuela de Artes Visuales<\/title>\n<meta name=\"description\" content=\"Universidad de las Artes - Muestras colectivas y paralelas en la Bit\u00e1cora II de Escuela de Artes Visuales\" \/>\n<meta name=\"robots\" content=\"index, follow, max-snippet:-1, max-image-preview:large, max-video-preview:-1\" \/>\n<link rel=\"canonical\" href=\"https:\/\/www.uartes.edu.ec\/sitio\/en\/blog\/2023\/02\/14\/muestras-colectivas-y-paralelas-en-la-bitacora-ii-de-artes-visuales\/\" \/>\n<meta property=\"og:locale\" content=\"en_US\" \/>\n<meta property=\"og:type\" content=\"article\" \/>\n<meta property=\"og:title\" content=\"Universidad de las Artes - Muestras colectivas y paralelas en la Bit\u00e1cora II de Escuela de Artes Visuales\" \/>\n<meta property=\"og:description\" content=\"Universidad de las Artes - Muestras colectivas y paralelas en la Bit\u00e1cora II de Escuela de Artes Visuales\" \/>\n<meta property=\"og:url\" content=\"https:\/\/www.uartes.edu.ec\/sitio\/en\/blog\/2023\/02\/14\/muestras-colectivas-y-paralelas-en-la-bitacora-ii-de-artes-visuales\/\" \/>\n<meta property=\"og:site_name\" content=\"Universidad de las Artes\" \/>\n<meta property=\"article:publisher\" content=\"https:\/\/www.facebook.com\/uartesec\" \/>\n<meta property=\"article:published_time\" content=\"2023-02-14T17:36:45+00:00\" \/>\n<meta property=\"article:modified_time\" content=\"2024-07-04T16:21:30+00:00\" \/>\n<meta property=\"og:image\" content=\"https:\/\/www.uartes.edu.ec\/sitio\/wp-content\/uploads\/2023\/02\/GARAJE-TABARA-02.jpg\" \/>\n\t<meta property=\"og:image:width\" content=\"2000\" \/>\n\t<meta property=\"og:image:height\" content=\"1333\" \/>\n\t<meta property=\"og:image:type\" content=\"image\/jpeg\" \/>\n<meta name=\"author\" content=\"ccortez\" \/>\n<meta name=\"twitter:card\" content=\"summary_large_image\" \/>\n<meta name=\"twitter:creator\" content=\"@uartesec\" \/>\n<meta name=\"twitter:site\" content=\"@uartesec\" \/>\n<meta name=\"twitter:label1\" content=\"Written by\" \/>\n\t<meta name=\"twitter:data1\" content=\"ccortez\" \/>\n\t<meta name=\"twitter:label2\" content=\"Est. reading time\" \/>\n\t<meta name=\"twitter:data2\" content=\"7 minutes\" \/>\n<script type=\"application\/ld+json\" class=\"yoast-schema-graph\">{\"@context\":\"https:\\\/\\\/schema.org\",\"@graph\":[{\"@type\":\"Article\",\"@id\":\"https:\\\/\\\/www.uartes.edu.ec\\\/sitio\\\/en\\\/blog\\\/2023\\\/02\\\/14\\\/muestras-colectivas-y-paralelas-en-la-bitacora-ii-de-artes-visuales\\\/#article\",\"isPartOf\":{\"@id\":\"https:\\\/\\\/www.uartes.edu.ec\\\/sitio\\\/en\\\/blog\\\/2023\\\/02\\\/14\\\/muestras-colectivas-y-paralelas-en-la-bitacora-ii-de-artes-visuales\\\/\"},\"author\":{\"name\":\"ccortez\",\"@id\":\"https:\\\/\\\/www.uartes.edu.ec\\\/sitio\\\/en\\\/#\\\/schema\\\/person\\\/efa1b8275797664fd7f13a79ccc0b1f4\"},\"headline\":\"Muestras colectivas y paralelas en la Bit\u00e1cora II de Escuela de Artes Visuales\",\"datePublished\":\"2023-02-14T17:36:45+00:00\",\"dateModified\":\"2024-07-04T16:21:30+00:00\",\"mainEntityOfPage\":{\"@id\":\"https:\\\/\\\/www.uartes.edu.ec\\\/sitio\\\/en\\\/blog\\\/2023\\\/02\\\/14\\\/muestras-colectivas-y-paralelas-en-la-bitacora-ii-de-artes-visuales\\\/\"},\"wordCount\":1279,\"commentCount\":0,\"publisher\":{\"@id\":\"https:\\\/\\\/www.uartes.edu.ec\\\/sitio\\\/en\\\/#organization\"},\"image\":{\"@id\":\"https:\\\/\\\/www.uartes.edu.ec\\\/sitio\\\/en\\\/blog\\\/2023\\\/02\\\/14\\\/muestras-colectivas-y-paralelas-en-la-bitacora-ii-de-artes-visuales\\\/#primaryimage\"},\"thumbnailUrl\":\"https:\\\/\\\/www.uartes.edu.ec\\\/sitio\\\/wp-content\\\/uploads\\\/2023\\\/02\\\/GARAJE-TABARA-02.jpg\",\"keywords\":[\"muestra\"],\"articleSection\":[\"1C\",\"Acad\u00e9mico\",\"Artes Visuales\",\"Docentes\",\"Estudiantes\"],\"inLanguage\":\"en-US\",\"potentialAction\":[{\"@type\":\"CommentAction\",\"name\":\"Comment\",\"target\":[\"https:\\\/\\\/www.uartes.edu.ec\\\/sitio\\\/en\\\/blog\\\/2023\\\/02\\\/14\\\/muestras-colectivas-y-paralelas-en-la-bitacora-ii-de-artes-visuales\\\/#respond\"]}]},{\"@type\":[\"WebPage\",\"ItemPage\"],\"@id\":\"https:\\\/\\\/www.uartes.edu.ec\\\/sitio\\\/en\\\/blog\\\/2023\\\/02\\\/14\\\/muestras-colectivas-y-paralelas-en-la-bitacora-ii-de-artes-visuales\\\/\",\"url\":\"https:\\\/\\\/www.uartes.edu.ec\\\/sitio\\\/en\\\/blog\\\/2023\\\/02\\\/14\\\/muestras-colectivas-y-paralelas-en-la-bitacora-ii-de-artes-visuales\\\/\",\"name\":\"Universidad de las Artes - Muestras colectivas y paralelas en la Bit\u00e1cora II de Escuela de Artes Visuales\",\"isPartOf\":{\"@id\":\"https:\\\/\\\/www.uartes.edu.ec\\\/sitio\\\/en\\\/#website\"},\"primaryImageOfPage\":{\"@id\":\"https:\\\/\\\/www.uartes.edu.ec\\\/sitio\\\/en\\\/blog\\\/2023\\\/02\\\/14\\\/muestras-colectivas-y-paralelas-en-la-bitacora-ii-de-artes-visuales\\\/#primaryimage\"},\"image\":{\"@id\":\"https:\\\/\\\/www.uartes.edu.ec\\\/sitio\\\/en\\\/blog\\\/2023\\\/02\\\/14\\\/muestras-colectivas-y-paralelas-en-la-bitacora-ii-de-artes-visuales\\\/#primaryimage\"},\"thumbnailUrl\":\"https:\\\/\\\/www.uartes.edu.ec\\\/sitio\\\/wp-content\\\/uploads\\\/2023\\\/02\\\/GARAJE-TABARA-02.jpg\",\"datePublished\":\"2023-02-14T17:36:45+00:00\",\"dateModified\":\"2024-07-04T16:21:30+00:00\",\"description\":\"Universidad de las Artes - Muestras colectivas y paralelas en la Bit\u00e1cora II de Escuela de Artes Visuales\",\"breadcrumb\":{\"@id\":\"https:\\\/\\\/www.uartes.edu.ec\\\/sitio\\\/en\\\/blog\\\/2023\\\/02\\\/14\\\/muestras-colectivas-y-paralelas-en-la-bitacora-ii-de-artes-visuales\\\/#breadcrumb\"},\"inLanguage\":\"en-US\",\"potentialAction\":[{\"@type\":\"ReadAction\",\"target\":[\"https:\\\/\\\/www.uartes.edu.ec\\\/sitio\\\/en\\\/blog\\\/2023\\\/02\\\/14\\\/muestras-colectivas-y-paralelas-en-la-bitacora-ii-de-artes-visuales\\\/\"]}]},{\"@type\":\"ImageObject\",\"inLanguage\":\"en-US\",\"@id\":\"https:\\\/\\\/www.uartes.edu.ec\\\/sitio\\\/en\\\/blog\\\/2023\\\/02\\\/14\\\/muestras-colectivas-y-paralelas-en-la-bitacora-ii-de-artes-visuales\\\/#primaryimage\",\"url\":\"https:\\\/\\\/www.uartes.edu.ec\\\/sitio\\\/wp-content\\\/uploads\\\/2023\\\/02\\\/GARAJE-TABARA-02.jpg\",\"contentUrl\":\"https:\\\/\\\/www.uartes.edu.ec\\\/sitio\\\/wp-content\\\/uploads\\\/2023\\\/02\\\/GARAJE-TABARA-02.jpg\",\"width\":2000,\"height\":1333},{\"@type\":\"BreadcrumbList\",\"@id\":\"https:\\\/\\\/www.uartes.edu.ec\\\/sitio\\\/en\\\/blog\\\/2023\\\/02\\\/14\\\/muestras-colectivas-y-paralelas-en-la-bitacora-ii-de-artes-visuales\\\/#breadcrumb\",\"itemListElement\":[{\"@type\":\"ListItem\",\"position\":1,\"name\":\"Inicio\",\"item\":\"https:\\\/\\\/www.uartes.edu.ec\\\/sitio\\\/\"},{\"@type\":\"ListItem\",\"position\":2,\"name\":\"Muestras colectivas y paralelas en la Bit\u00e1cora II de Escuela de Artes Visuales\"}]},{\"@type\":\"WebSite\",\"@id\":\"https:\\\/\\\/www.uartes.edu.ec\\\/sitio\\\/en\\\/#website\",\"url\":\"https:\\\/\\\/www.uartes.edu.ec\\\/sitio\\\/en\\\/\",\"name\":\"Universidad de las Artes\",\"description\":\"Sitio oficial de la Universidad Nacional de las Artes del Ecuador\",\"publisher\":{\"@id\":\"https:\\\/\\\/www.uartes.edu.ec\\\/sitio\\\/en\\\/#organization\"},\"potentialAction\":[{\"@type\":\"SearchAction\",\"target\":{\"@type\":\"EntryPoint\",\"urlTemplate\":\"https:\\\/\\\/www.uartes.edu.ec\\\/sitio\\\/en\\\/?s={search_term_string}\"},\"query-input\":{\"@type\":\"PropertyValueSpecification\",\"valueRequired\":true,\"valueName\":\"search_term_string\"}}],\"inLanguage\":\"en-US\"},{\"@type\":\"Organization\",\"@id\":\"https:\\\/\\\/www.uartes.edu.ec\\\/sitio\\\/en\\\/#organization\",\"name\":\"Universidad de las Artes\",\"url\":\"https:\\\/\\\/www.uartes.edu.ec\\\/sitio\\\/en\\\/\",\"logo\":{\"@type\":\"ImageObject\",\"inLanguage\":\"en-US\",\"@id\":\"https:\\\/\\\/www.uartes.edu.ec\\\/sitio\\\/en\\\/#\\\/schema\\\/logo\\\/image\\\/\",\"url\":\"https:\\\/\\\/www.uartes.edu.ec\\\/sitio\\\/wp-content\\\/uploads\\\/2022\\\/07\\\/logo-ua-horizontal.png\",\"contentUrl\":\"https:\\\/\\\/www.uartes.edu.ec\\\/sitio\\\/wp-content\\\/uploads\\\/2022\\\/07\\\/logo-ua-horizontal.png\",\"width\":800,\"height\":276,\"caption\":\"Universidad de las Artes\"},\"image\":{\"@id\":\"https:\\\/\\\/www.uartes.edu.ec\\\/sitio\\\/en\\\/#\\\/schema\\\/logo\\\/image\\\/\"},\"sameAs\":[\"https:\\\/\\\/www.facebook.com\\\/uartesec\",\"https:\\\/\\\/x.com\\\/uartesec\",\"https:\\\/\\\/www.tiktok.com\\\/@uartesec\"]},{\"@type\":\"Person\",\"@id\":\"https:\\\/\\\/www.uartes.edu.ec\\\/sitio\\\/en\\\/#\\\/schema\\\/person\\\/efa1b8275797664fd7f13a79ccc0b1f4\",\"name\":\"ccortez\",\"image\":{\"@type\":\"ImageObject\",\"inLanguage\":\"en-US\",\"@id\":\"https:\\\/\\\/secure.gravatar.com\\\/avatar\\\/b2a6f664a3ae8e074346ef91775736c5ec479e637ecced6842de9dc98b5da9cd?s=96&d=mm&r=g\",\"url\":\"https:\\\/\\\/secure.gravatar.com\\\/avatar\\\/b2a6f664a3ae8e074346ef91775736c5ec479e637ecced6842de9dc98b5da9cd?s=96&d=mm&r=g\",\"contentUrl\":\"https:\\\/\\\/secure.gravatar.com\\\/avatar\\\/b2a6f664a3ae8e074346ef91775736c5ec479e637ecced6842de9dc98b5da9cd?s=96&d=mm&r=g\",\"caption\":\"ccortez\"},\"url\":\"https:\\\/\\\/www.uartes.edu.ec\\\/sitio\\\/en\\\/blog\\\/author\\\/ccortez\\\/\"}]}<\/script>\n<!-- \/ Yoast SEO plugin. -->","yoast_head_json":{"title":"Universidad de las Artes - Muestras colectivas y paralelas en la Bit\u00e1cora II de Escuela de Artes Visuales","description":"Universidad de las Artes - Muestras colectivas y paralelas en la Bit\u00e1cora II de Escuela de Artes Visuales","robots":{"index":"index","follow":"follow","max-snippet":"max-snippet:-1","max-image-preview":"max-image-preview:large","max-video-preview":"max-video-preview:-1"},"canonical":"https:\/\/www.uartes.edu.ec\/sitio\/en\/blog\/2023\/02\/14\/muestras-colectivas-y-paralelas-en-la-bitacora-ii-de-artes-visuales\/","og_locale":"en_US","og_type":"article","og_title":"Universidad de las Artes - Muestras colectivas y paralelas en la Bit\u00e1cora II de Escuela de Artes Visuales","og_description":"Universidad de las Artes - Muestras colectivas y paralelas en la Bit\u00e1cora II de Escuela de Artes Visuales","og_url":"https:\/\/www.uartes.edu.ec\/sitio\/en\/blog\/2023\/02\/14\/muestras-colectivas-y-paralelas-en-la-bitacora-ii-de-artes-visuales\/","og_site_name":"Universidad de las Artes","article_publisher":"https:\/\/www.facebook.com\/uartesec","article_published_time":"2023-02-14T17:36:45+00:00","article_modified_time":"2024-07-04T16:21:30+00:00","og_image":[{"width":2000,"height":1333,"url":"https:\/\/www.uartes.edu.ec\/sitio\/wp-content\/uploads\/2023\/02\/GARAJE-TABARA-02.jpg","type":"image\/jpeg"}],"author":"ccortez","twitter_card":"summary_large_image","twitter_creator":"@uartesec","twitter_site":"@uartesec","twitter_misc":{"Written by":"ccortez","Est. reading time":"7 minutes"},"schema":{"@context":"https:\/\/schema.org","@graph":[{"@type":"Article","@id":"https:\/\/www.uartes.edu.ec\/sitio\/en\/blog\/2023\/02\/14\/muestras-colectivas-y-paralelas-en-la-bitacora-ii-de-artes-visuales\/#article","isPartOf":{"@id":"https:\/\/www.uartes.edu.ec\/sitio\/en\/blog\/2023\/02\/14\/muestras-colectivas-y-paralelas-en-la-bitacora-ii-de-artes-visuales\/"},"author":{"name":"ccortez","@id":"https:\/\/www.uartes.edu.ec\/sitio\/en\/#\/schema\/person\/efa1b8275797664fd7f13a79ccc0b1f4"},"headline":"Muestras colectivas y paralelas en la Bit\u00e1cora II de Escuela de Artes Visuales","datePublished":"2023-02-14T17:36:45+00:00","dateModified":"2024-07-04T16:21:30+00:00","mainEntityOfPage":{"@id":"https:\/\/www.uartes.edu.ec\/sitio\/en\/blog\/2023\/02\/14\/muestras-colectivas-y-paralelas-en-la-bitacora-ii-de-artes-visuales\/"},"wordCount":1279,"commentCount":0,"publisher":{"@id":"https:\/\/www.uartes.edu.ec\/sitio\/en\/#organization"},"image":{"@id":"https:\/\/www.uartes.edu.ec\/sitio\/en\/blog\/2023\/02\/14\/muestras-colectivas-y-paralelas-en-la-bitacora-ii-de-artes-visuales\/#primaryimage"},"thumbnailUrl":"https:\/\/www.uartes.edu.ec\/sitio\/wp-content\/uploads\/2023\/02\/GARAJE-TABARA-02.jpg","keywords":["muestra"],"articleSection":["1C","Acad\u00e9mico","Artes Visuales","Docentes","Estudiantes"],"inLanguage":"en-US","potentialAction":[{"@type":"CommentAction","name":"Comment","target":["https:\/\/www.uartes.edu.ec\/sitio\/en\/blog\/2023\/02\/14\/muestras-colectivas-y-paralelas-en-la-bitacora-ii-de-artes-visuales\/#respond"]}]},{"@type":["WebPage","ItemPage"],"@id":"https:\/\/www.uartes.edu.ec\/sitio\/en\/blog\/2023\/02\/14\/muestras-colectivas-y-paralelas-en-la-bitacora-ii-de-artes-visuales\/","url":"https:\/\/www.uartes.edu.ec\/sitio\/en\/blog\/2023\/02\/14\/muestras-colectivas-y-paralelas-en-la-bitacora-ii-de-artes-visuales\/","name":"Universidad de las Artes - Muestras colectivas y paralelas en la Bit\u00e1cora II de Escuela de Artes Visuales","isPartOf":{"@id":"https:\/\/www.uartes.edu.ec\/sitio\/en\/#website"},"primaryImageOfPage":{"@id":"https:\/\/www.uartes.edu.ec\/sitio\/en\/blog\/2023\/02\/14\/muestras-colectivas-y-paralelas-en-la-bitacora-ii-de-artes-visuales\/#primaryimage"},"image":{"@id":"https:\/\/www.uartes.edu.ec\/sitio\/en\/blog\/2023\/02\/14\/muestras-colectivas-y-paralelas-en-la-bitacora-ii-de-artes-visuales\/#primaryimage"},"thumbnailUrl":"https:\/\/www.uartes.edu.ec\/sitio\/wp-content\/uploads\/2023\/02\/GARAJE-TABARA-02.jpg","datePublished":"2023-02-14T17:36:45+00:00","dateModified":"2024-07-04T16:21:30+00:00","description":"Universidad de las Artes - Muestras colectivas y paralelas en la Bit\u00e1cora II de Escuela de Artes Visuales","breadcrumb":{"@id":"https:\/\/www.uartes.edu.ec\/sitio\/en\/blog\/2023\/02\/14\/muestras-colectivas-y-paralelas-en-la-bitacora-ii-de-artes-visuales\/#breadcrumb"},"inLanguage":"en-US","potentialAction":[{"@type":"ReadAction","target":["https:\/\/www.uartes.edu.ec\/sitio\/en\/blog\/2023\/02\/14\/muestras-colectivas-y-paralelas-en-la-bitacora-ii-de-artes-visuales\/"]}]},{"@type":"ImageObject","inLanguage":"en-US","@id":"https:\/\/www.uartes.edu.ec\/sitio\/en\/blog\/2023\/02\/14\/muestras-colectivas-y-paralelas-en-la-bitacora-ii-de-artes-visuales\/#primaryimage","url":"https:\/\/www.uartes.edu.ec\/sitio\/wp-content\/uploads\/2023\/02\/GARAJE-TABARA-02.jpg","contentUrl":"https:\/\/www.uartes.edu.ec\/sitio\/wp-content\/uploads\/2023\/02\/GARAJE-TABARA-02.jpg","width":2000,"height":1333},{"@type":"BreadcrumbList","@id":"https:\/\/www.uartes.edu.ec\/sitio\/en\/blog\/2023\/02\/14\/muestras-colectivas-y-paralelas-en-la-bitacora-ii-de-artes-visuales\/#breadcrumb","itemListElement":[{"@type":"ListItem","position":1,"name":"Inicio","item":"https:\/\/www.uartes.edu.ec\/sitio\/"},{"@type":"ListItem","position":2,"name":"Muestras colectivas y paralelas en la Bit\u00e1cora II de Escuela de Artes Visuales"}]},{"@type":"WebSite","@id":"https:\/\/www.uartes.edu.ec\/sitio\/en\/#website","url":"https:\/\/www.uartes.edu.ec\/sitio\/en\/","name":"Universidad de las Artes","description":"Sitio oficial de la Universidad Nacional de las Artes del Ecuador","publisher":{"@id":"https:\/\/www.uartes.edu.ec\/sitio\/en\/#organization"},"potentialAction":[{"@type":"SearchAction","target":{"@type":"EntryPoint","urlTemplate":"https:\/\/www.uartes.edu.ec\/sitio\/en\/?s={search_term_string}"},"query-input":{"@type":"PropertyValueSpecification","valueRequired":true,"valueName":"search_term_string"}}],"inLanguage":"en-US"},{"@type":"Organization","@id":"https:\/\/www.uartes.edu.ec\/sitio\/en\/#organization","name":"Universidad de las Artes","url":"https:\/\/www.uartes.edu.ec\/sitio\/en\/","logo":{"@type":"ImageObject","inLanguage":"en-US","@id":"https:\/\/www.uartes.edu.ec\/sitio\/en\/#\/schema\/logo\/image\/","url":"https:\/\/www.uartes.edu.ec\/sitio\/wp-content\/uploads\/2022\/07\/logo-ua-horizontal.png","contentUrl":"https:\/\/www.uartes.edu.ec\/sitio\/wp-content\/uploads\/2022\/07\/logo-ua-horizontal.png","width":800,"height":276,"caption":"Universidad de las Artes"},"image":{"@id":"https:\/\/www.uartes.edu.ec\/sitio\/en\/#\/schema\/logo\/image\/"},"sameAs":["https:\/\/www.facebook.com\/uartesec","https:\/\/x.com\/uartesec","https:\/\/www.tiktok.com\/@uartesec"]},{"@type":"Person","@id":"https:\/\/www.uartes.edu.ec\/sitio\/en\/#\/schema\/person\/efa1b8275797664fd7f13a79ccc0b1f4","name":"ccortez","image":{"@type":"ImageObject","inLanguage":"en-US","@id":"https:\/\/secure.gravatar.com\/avatar\/b2a6f664a3ae8e074346ef91775736c5ec479e637ecced6842de9dc98b5da9cd?s=96&d=mm&r=g","url":"https:\/\/secure.gravatar.com\/avatar\/b2a6f664a3ae8e074346ef91775736c5ec479e637ecced6842de9dc98b5da9cd?s=96&d=mm&r=g","contentUrl":"https:\/\/secure.gravatar.com\/avatar\/b2a6f664a3ae8e074346ef91775736c5ec479e637ecced6842de9dc98b5da9cd?s=96&d=mm&r=g","caption":"ccortez"},"url":"https:\/\/www.uartes.edu.ec\/sitio\/en\/blog\/author\/ccortez\/"}]}},"uagb_featured_image_src":{"full":["https:\/\/www.uartes.edu.ec\/sitio\/wp-content\/uploads\/2023\/02\/GARAJE-TABARA-02.jpg",2000,1333,false],"thumbnail":["https:\/\/www.uartes.edu.ec\/sitio\/wp-content\/uploads\/2023\/02\/GARAJE-TABARA-02-150x150.jpg",150,150,true],"medium":["https:\/\/www.uartes.edu.ec\/sitio\/wp-content\/uploads\/2023\/02\/GARAJE-TABARA-02-300x200.jpg",300,200,true],"medium_large":["https:\/\/www.uartes.edu.ec\/sitio\/wp-content\/uploads\/2023\/02\/GARAJE-TABARA-02-768x512.jpg",768,512,true],"large":["https:\/\/www.uartes.edu.ec\/sitio\/wp-content\/uploads\/2023\/02\/GARAJE-TABARA-02-644x429.jpg",644,429,true],"1536x1536":["https:\/\/www.uartes.edu.ec\/sitio\/wp-content\/uploads\/2023\/02\/GARAJE-TABARA-02-1536x1024.jpg",1536,1024,true],"2048x2048":["https:\/\/www.uartes.edu.ec\/sitio\/wp-content\/uploads\/2023\/02\/GARAJE-TABARA-02.jpg",2000,1333,false],"trp-custom-language-flag":["https:\/\/www.uartes.edu.ec\/sitio\/wp-content\/uploads\/2023\/02\/GARAJE-TABARA-02.jpg",18,12,false],"htmega_size_585x295":["https:\/\/www.uartes.edu.ec\/sitio\/wp-content\/uploads\/2023\/02\/GARAJE-TABARA-02-585x295.jpg",585,295,true],"htmega_size_1170x536":["https:\/\/www.uartes.edu.ec\/sitio\/wp-content\/uploads\/2023\/02\/GARAJE-TABARA-02-1170x536.jpg",1170,536,true],"htmega_size_396x360":["https:\/\/www.uartes.edu.ec\/sitio\/wp-content\/uploads\/2023\/02\/GARAJE-TABARA-02-396x360.jpg",396,360,true],"gb-block-post-grid-landscape":["https:\/\/www.uartes.edu.ec\/sitio\/wp-content\/uploads\/2023\/02\/GARAJE-TABARA-02-600x400.jpg",600,400,true],"gb-block-post-grid-square":["https:\/\/www.uartes.edu.ec\/sitio\/wp-content\/uploads\/2023\/02\/GARAJE-TABARA-02-600x600.jpg",600,600,true],"university-hub-thumb":["https:\/\/www.uartes.edu.ec\/sitio\/wp-content\/uploads\/2023\/02\/GARAJE-TABARA-02-400x267.jpg",400,267,true],"mailpoet_newsletter_max":["https:\/\/www.uartes.edu.ec\/sitio\/wp-content\/uploads\/2023\/02\/GARAJE-TABARA-02.jpg",1320,880,false]},"uagb_author_info":{"display_name":"ccortez","author_link":"https:\/\/www.uartes.edu.ec\/sitio\/en\/blog\/author\/ccortez\/"},"uagb_comment_info":0,"uagb_excerpt":"La exposici\u00f3n colectiva inaugurada en el CIF del MZ14, la presentaci\u00f3n del dossier y la realizaci\u00f3n del taller \u201cS\u00edntoma Semi\u00f3tico\u201d, ambos con la artista invitada Martina Mi\u00f1o, y las muestras paralelas desarrolladas dentro y fuera de la Universidad de las Artes, constaron en la agenda de Bit\u00e1cora II, una propuesta de final de semestre de&hellip;","featured_image_src":"https:\/\/www.uartes.edu.ec\/sitio\/wp-content\/uploads\/2023\/02\/GARAJE-TABARA-02-600x400.jpg","featured_image_src_square":"https:\/\/www.uartes.edu.ec\/sitio\/wp-content\/uploads\/2023\/02\/GARAJE-TABARA-02-600x600.jpg","author_info":{"display_name":"ccortez","author_link":"https:\/\/www.uartes.edu.ec\/sitio\/en\/blog\/author\/ccortez\/"},"publishpress_future_workflow_manual_trigger":{"enabledWorkflows":[]},"distributor_meta":false,"distributor_terms":false,"distributor_media":false,"distributor_original_site_name":"Universidad de las Artes","distributor_original_site_url":"https:\/\/www.uartes.edu.ec\/sitio\/en","push-errors":false,"_links":{"self":[{"href":"https:\/\/www.uartes.edu.ec\/sitio\/en\/wp-json\/wp\/v2\/posts\/38358","targetHints":{"allow":["GET"]}}],"collection":[{"href":"https:\/\/www.uartes.edu.ec\/sitio\/en\/wp-json\/wp\/v2\/posts"}],"about":[{"href":"https:\/\/www.uartes.edu.ec\/sitio\/en\/wp-json\/wp\/v2\/types\/post"}],"author":[{"embeddable":true,"href":"https:\/\/www.uartes.edu.ec\/sitio\/en\/wp-json\/wp\/v2\/users\/10"}],"replies":[{"embeddable":true,"href":"https:\/\/www.uartes.edu.ec\/sitio\/en\/wp-json\/wp\/v2\/comments?post=38358"}],"version-history":[{"count":2,"href":"https:\/\/www.uartes.edu.ec\/sitio\/en\/wp-json\/wp\/v2\/posts\/38358\/revisions"}],"predecessor-version":[{"id":38370,"href":"https:\/\/www.uartes.edu.ec\/sitio\/en\/wp-json\/wp\/v2\/posts\/38358\/revisions\/38370"}],"wp:featuredmedia":[{"embeddable":true,"href":"https:\/\/www.uartes.edu.ec\/sitio\/en\/wp-json\/wp\/v2\/media\/38359"}],"wp:attachment":[{"href":"https:\/\/www.uartes.edu.ec\/sitio\/en\/wp-json\/wp\/v2\/media?parent=38358"}],"wp:term":[{"taxonomy":"category","embeddable":true,"href":"https:\/\/www.uartes.edu.ec\/sitio\/en\/wp-json\/wp\/v2\/categories?post=38358"},{"taxonomy":"post_tag","embeddable":true,"href":"https:\/\/www.uartes.edu.ec\/sitio\/en\/wp-json\/wp\/v2\/tags?post=38358"},{"taxonomy":"infouartes","embeddable":true,"href":"https:\/\/www.uartes.edu.ec\/sitio\/en\/wp-json\/wp\/v2\/infouartes?post=38358"}],"curies":[{"name":"wp","href":"https:\/\/api.w.org\/{rel}","templated":true}]}}