{"id":385,"date":"2017-05-16T09:33:27","date_gmt":"2017-05-16T14:33:27","guid":{"rendered":"http:\/\/www.uartes.edu.ec\/infouartes\/?p=385"},"modified":"2024-07-04T11:54:20","modified_gmt":"2024-07-04T16:54:20","slug":"dialogo-entre-estudiantes-uartes-y-directores-de-documentales-enriquece-la-experiencia-del-festival-edoc","status":"publish","type":"post","link":"https:\/\/www.uartes.edu.ec\/sitio\/en\/blog\/2017\/05\/16\/dialogo-entre-estudiantes-uartes-y-directores-de-documentales-enriquece-la-experiencia-del-festival-edoc\/","title":{"rendered":"Dialogo entre estudiantes UArtes y directores de documentales enriquece la experiencia del Festival EDOC"},"content":{"rendered":"<p>El pasado viernes 12 de mayo inici\u00f3 en Guayaquil la XVI edici\u00f3n del Festival Internacional de Cine Documental, Encuentros del Otro Cine \u2013 EDOC, 2017. En esta edici\u00f3n se mostrar\u00e1n Ochenta y ocho documentales de 30 pa\u00edses y se rendir\u00e1 homenaje a la trayectoria de Claire Simon.<\/p>\n<p>La Universidad de las Artes del Ecuador (UArtes), a trav\u00e9s del Laboratorio de Innovaci\u00f3n y Producci\u00f3n, se une por primera vez como coproductora oficial en Guayaquil. Esto se traduce en beneficios para la ciudadan\u00eda y en especial a la comunidad estudiantil de la UArtes.<\/p>\n<p>Los estudiantes de cine y otras carreras de la instituci\u00f3n est\u00e1n realizando sus pr\u00e1cticas pre profesionales participando en la producci\u00f3n y log\u00edstica del Festival. Por otra parte, se ha programado una funci\u00f3n \u00fanica y exclusiva para los estudiantes y comunidad UArtes, todas las ma\u00f1anas a las 11h00.<\/p>\n<p>Estos espacios se ven enriquecidos con la participaci\u00f3n de algunos de los directores de los filmes que se muestran en el Festival EDOC. La proyecci\u00f3n de \u2018Crespo (La continuidad de la memoria)\u2019<strong>, <\/strong>estuvo acompa\u00f1a, la ma\u00f1ana de este lunes 15 de mayo, de su director, el joven cineasta argentino, Eduardo Crespo.<\/p>\n<p><strong>Crespo (La continuidad de la memoria)<\/strong><\/p>\n<p>Crespo (La continuidad de la memoria) cuenta el viaje que Eduardo Crespo, director, emprende, a partir de la muerte de su padre, para filmar una pel\u00edcula que quer\u00edan hacer juntos. Esta es una pel\u00edcula sobre Crespo, el pueblo de donde vienen, la Avicultura y la relaci\u00f3n padre e hijo que los un\u00eda. Ahora que no est\u00e1 el personaje principal, la pel\u00edcula viaja por los mismos espacios, intentando juntarlos a trav\u00e9s de la memoria colectiva del pueblo y una memoria personal con el fin de reconstruir \u2013a partir de los detalles\u2013 la figura de ese padre que ya no est\u00e1.<\/p>\n<p>\u201cEn un principio, cuando mi padre estaba vivo, iba hacer una pel\u00edcula que era una excusa para filmar al pueblo. Cuando sucede lo de mi padre, empec\u00e9 a juntar material: notas, filmaciones, fotos, fue un proceso muy lindo, de duelo tambi\u00e9n\u201d, afirma Crespo.<\/p>\n<p>\u201cHay personas que cantan, escriben, hay otros que filmamos. De ah\u00ed nace la raz\u00f3n por la que film\u00e9 esta pel\u00edcula: una necesidad, para estar tranquilo con uno mismo, para guardar un recuerdo. Porque una pel\u00edcula pasa a ser un archivo, que trasciendo al tiempo y a uno mismo\u201d.<\/p>\n<p>Entre los temas que se tratan en el documental est\u00e1n la muerte, la memoria, la relaci\u00f3n padre e hijo, el amor, afirma el director argentino. \u201cLa pel\u00edcula no intenta ser narrativa, est\u00e1 llena de retazos y esos retazos tienen una tensi\u00f3n.\u201d<\/p>\n<p><strong>Otros filmes en los que estar\u00e1n sus directores:<\/strong><br \/>\n&#8211; <a href=\"http:\/\/www.uartes.edu.ec\/agua\/?event=girasoles-nicaragua-16edoc&amp;event_date=2017-05-17\">Girasoles de Nicaragua, Florence Jaugey<\/a>.<\/p>\n<p>&#8211; <a href=\"http:\/\/www.uartes.edu.ec\/agua\/?event=viento-sabe-vuelvo-casa-16edoc&amp;event_date=2017-05-18\">El viento sabe que vuelvo a casa, Jose Luis Torres Leiva, Chile<\/a>.<\/p>\n<p>&#8211; <a href=\"http:\/\/www.uartes.edu.ec\/agua\/?event=horizonte-eventos-16edoc&amp;event_date=2017-05-19\">Las mujeres deciden, Xiana Yago, Ecuador, Espa\u00f1a<\/a>.<\/p>\n<p>El Festival EDOC se realiza del 12 al 21 de mayo en la ciudad de Guayaquil, en el MAAC Cine, con dos funciones diarias, una a las 17h00 y otra a las 19h00. Puedes revisar <a href=\"http:\/\/www.uartes.edu.ec\/agua\/index.php\/edoc16\/\">ac\u00e1 funciones y precios<\/a>.<\/p>","protected":false},"excerpt":{"rendered":"<p>El pasado viernes 12 de mayo inici\u00f3 en Guayaquil la XVI edici\u00f3n del Festival Internacional de Cine Documental, Encuentros del Otro Cine \u2013 EDOC, 2017. En esta edici\u00f3n se mostrar\u00e1n Ochenta y ocho documentales de 30 pa\u00edses y se rendir\u00e1 homenaje a la trayectoria de Claire Simon. La Universidad de las Artes del Ecuador (UArtes), [&hellip;]<\/p>\n","protected":false},"author":1,"featured_media":386,"comment_status":"closed","ping_status":"open","sticky":false,"template":"","format":"standard","meta":{"_acf_changed":false,"_uag_custom_page_level_css":"","_monsterinsights_skip_tracking":false,"_monsterinsights_sitenote_active":false,"_monsterinsights_sitenote_note":"","_monsterinsights_sitenote_category":0,"cybocfi_hide_featured_image":"","footnotes":""},"categories":[82],"tags":[36],"infouartes":[],"class_list":["post-385","post","type-post","status-publish","format-standard","has-post-thumbnail","hentry","category-artes","tag-edoc"],"acf":[],"yoast_head":"<!-- This site is optimized with the Yoast SEO plugin v27.4 - https:\/\/yoast.com\/product\/yoast-seo-wordpress\/ -->\n<title>Universidad de las Artes - Dialogo entre estudiantes UArtes y directores de documentales enriquece la experiencia del Festival EDOC<\/title>\n<meta name=\"description\" content=\"Universidad de las Artes - Dialogo entre estudiantes UArtes y directores de documentales enriquece la experiencia del Festival EDOC\" \/>\n<meta name=\"robots\" content=\"index, follow, max-snippet:-1, max-image-preview:large, max-video-preview:-1\" \/>\n<link rel=\"canonical\" href=\"https:\/\/www.uartes.edu.ec\/sitio\/en\/blog\/2017\/05\/16\/dialogo-entre-estudiantes-uartes-y-directores-de-documentales-enriquece-la-experiencia-del-festival-edoc\/\" \/>\n<meta property=\"og:locale\" content=\"en_US\" \/>\n<meta property=\"og:type\" content=\"article\" \/>\n<meta property=\"og:title\" content=\"Universidad de las Artes - Dialogo entre estudiantes UArtes y directores de documentales enriquece la experiencia del Festival EDOC\" \/>\n<meta property=\"og:description\" content=\"Universidad de las Artes - Dialogo entre estudiantes UArtes y directores de documentales enriquece la experiencia del Festival EDOC\" \/>\n<meta property=\"og:url\" content=\"https:\/\/www.uartes.edu.ec\/sitio\/en\/blog\/2017\/05\/16\/dialogo-entre-estudiantes-uartes-y-directores-de-documentales-enriquece-la-experiencia-del-festival-edoc\/\" \/>\n<meta property=\"og:site_name\" content=\"Universidad de las Artes\" \/>\n<meta property=\"article:publisher\" content=\"https:\/\/www.facebook.com\/uartesec\" \/>\n<meta property=\"article:published_time\" content=\"2017-05-16T14:33:27+00:00\" \/>\n<meta property=\"article:modified_time\" content=\"2024-07-04T16:54:20+00:00\" \/>\n<meta name=\"author\" content=\"Universidad de las Artes\" \/>\n<meta name=\"twitter:card\" content=\"summary_large_image\" \/>\n<meta name=\"twitter:creator\" content=\"@uartesec\" \/>\n<meta name=\"twitter:site\" content=\"@uartesec\" \/>\n<meta name=\"twitter:label1\" content=\"Written by\" \/>\n\t<meta name=\"twitter:data1\" content=\"Universidad de las Artes\" \/>\n\t<meta name=\"twitter:label2\" content=\"Est. reading time\" \/>\n\t<meta name=\"twitter:data2\" content=\"3 minutes\" \/>\n<script type=\"application\/ld+json\" class=\"yoast-schema-graph\">{\"@context\":\"https:\\\/\\\/schema.org\",\"@graph\":[{\"@type\":\"Article\",\"@id\":\"https:\\\/\\\/www.uartes.edu.ec\\\/sitio\\\/en\\\/blog\\\/2017\\\/05\\\/16\\\/dialogo-entre-estudiantes-uartes-y-directores-de-documentales-enriquece-la-experiencia-del-festival-edoc\\\/#article\",\"isPartOf\":{\"@id\":\"https:\\\/\\\/www.uartes.edu.ec\\\/sitio\\\/en\\\/blog\\\/2017\\\/05\\\/16\\\/dialogo-entre-estudiantes-uartes-y-directores-de-documentales-enriquece-la-experiencia-del-festival-edoc\\\/\"},\"author\":{\"name\":\"Universidad de las Artes\",\"@id\":\"https:\\\/\\\/www.uartes.edu.ec\\\/sitio\\\/en\\\/#\\\/schema\\\/person\\\/f33f8c1d2af0d5c80a38c8abf458184a\"},\"headline\":\"Dialogo entre estudiantes UArtes y directores de documentales enriquece la experiencia del Festival EDOC\",\"datePublished\":\"2017-05-16T14:33:27+00:00\",\"dateModified\":\"2024-07-04T16:54:20+00:00\",\"mainEntityOfPage\":{\"@id\":\"https:\\\/\\\/www.uartes.edu.ec\\\/sitio\\\/en\\\/blog\\\/2017\\\/05\\\/16\\\/dialogo-entre-estudiantes-uartes-y-directores-de-documentales-enriquece-la-experiencia-del-festival-edoc\\\/\"},\"wordCount\":544,\"publisher\":{\"@id\":\"https:\\\/\\\/www.uartes.edu.ec\\\/sitio\\\/en\\\/#organization\"},\"image\":{\"@id\":\"https:\\\/\\\/www.uartes.edu.ec\\\/sitio\\\/en\\\/blog\\\/2017\\\/05\\\/16\\\/dialogo-entre-estudiantes-uartes-y-directores-de-documentales-enriquece-la-experiencia-del-festival-edoc\\\/#primaryimage\"},\"thumbnailUrl\":\"\",\"keywords\":[\"edoc\"],\"articleSection\":[\"Artes\"],\"inLanguage\":\"en-US\"},{\"@type\":[\"WebPage\",\"ItemPage\"],\"@id\":\"https:\\\/\\\/www.uartes.edu.ec\\\/sitio\\\/en\\\/blog\\\/2017\\\/05\\\/16\\\/dialogo-entre-estudiantes-uartes-y-directores-de-documentales-enriquece-la-experiencia-del-festival-edoc\\\/\",\"url\":\"https:\\\/\\\/www.uartes.edu.ec\\\/sitio\\\/en\\\/blog\\\/2017\\\/05\\\/16\\\/dialogo-entre-estudiantes-uartes-y-directores-de-documentales-enriquece-la-experiencia-del-festival-edoc\\\/\",\"name\":\"Universidad de las Artes - Dialogo entre estudiantes UArtes y directores de documentales enriquece la experiencia del Festival EDOC\",\"isPartOf\":{\"@id\":\"https:\\\/\\\/www.uartes.edu.ec\\\/sitio\\\/en\\\/#website\"},\"primaryImageOfPage\":{\"@id\":\"https:\\\/\\\/www.uartes.edu.ec\\\/sitio\\\/en\\\/blog\\\/2017\\\/05\\\/16\\\/dialogo-entre-estudiantes-uartes-y-directores-de-documentales-enriquece-la-experiencia-del-festival-edoc\\\/#primaryimage\"},\"image\":{\"@id\":\"https:\\\/\\\/www.uartes.edu.ec\\\/sitio\\\/en\\\/blog\\\/2017\\\/05\\\/16\\\/dialogo-entre-estudiantes-uartes-y-directores-de-documentales-enriquece-la-experiencia-del-festival-edoc\\\/#primaryimage\"},\"thumbnailUrl\":\"\",\"datePublished\":\"2017-05-16T14:33:27+00:00\",\"dateModified\":\"2024-07-04T16:54:20+00:00\",\"description\":\"Universidad de las Artes - Dialogo entre estudiantes UArtes y directores de documentales enriquece la experiencia del Festival EDOC\",\"breadcrumb\":{\"@id\":\"https:\\\/\\\/www.uartes.edu.ec\\\/sitio\\\/en\\\/blog\\\/2017\\\/05\\\/16\\\/dialogo-entre-estudiantes-uartes-y-directores-de-documentales-enriquece-la-experiencia-del-festival-edoc\\\/#breadcrumb\"},\"inLanguage\":\"en-US\",\"potentialAction\":[{\"@type\":\"ReadAction\",\"target\":[\"https:\\\/\\\/www.uartes.edu.ec\\\/sitio\\\/en\\\/blog\\\/2017\\\/05\\\/16\\\/dialogo-entre-estudiantes-uartes-y-directores-de-documentales-enriquece-la-experiencia-del-festival-edoc\\\/\"]}]},{\"@type\":\"ImageObject\",\"inLanguage\":\"en-US\",\"@id\":\"https:\\\/\\\/www.uartes.edu.ec\\\/sitio\\\/en\\\/blog\\\/2017\\\/05\\\/16\\\/dialogo-entre-estudiantes-uartes-y-directores-de-documentales-enriquece-la-experiencia-del-festival-edoc\\\/#primaryimage\",\"url\":\"\",\"contentUrl\":\"\"},{\"@type\":\"BreadcrumbList\",\"@id\":\"https:\\\/\\\/www.uartes.edu.ec\\\/sitio\\\/en\\\/blog\\\/2017\\\/05\\\/16\\\/dialogo-entre-estudiantes-uartes-y-directores-de-documentales-enriquece-la-experiencia-del-festival-edoc\\\/#breadcrumb\",\"itemListElement\":[{\"@type\":\"ListItem\",\"position\":1,\"name\":\"Inicio\",\"item\":\"https:\\\/\\\/www.uartes.edu.ec\\\/sitio\\\/\"},{\"@type\":\"ListItem\",\"position\":2,\"name\":\"Dialogo entre estudiantes UArtes y directores de documentales enriquece la experiencia del Festival EDOC\"}]},{\"@type\":\"WebSite\",\"@id\":\"https:\\\/\\\/www.uartes.edu.ec\\\/sitio\\\/en\\\/#website\",\"url\":\"https:\\\/\\\/www.uartes.edu.ec\\\/sitio\\\/en\\\/\",\"name\":\"Universidad de las Artes\",\"description\":\"Sitio oficial de la Universidad Nacional de las Artes del Ecuador\",\"publisher\":{\"@id\":\"https:\\\/\\\/www.uartes.edu.ec\\\/sitio\\\/en\\\/#organization\"},\"potentialAction\":[{\"@type\":\"SearchAction\",\"target\":{\"@type\":\"EntryPoint\",\"urlTemplate\":\"https:\\\/\\\/www.uartes.edu.ec\\\/sitio\\\/en\\\/?s={search_term_string}\"},\"query-input\":{\"@type\":\"PropertyValueSpecification\",\"valueRequired\":true,\"valueName\":\"search_term_string\"}}],\"inLanguage\":\"en-US\"},{\"@type\":\"Organization\",\"@id\":\"https:\\\/\\\/www.uartes.edu.ec\\\/sitio\\\/en\\\/#organization\",\"name\":\"Universidad de las Artes\",\"url\":\"https:\\\/\\\/www.uartes.edu.ec\\\/sitio\\\/en\\\/\",\"logo\":{\"@type\":\"ImageObject\",\"inLanguage\":\"en-US\",\"@id\":\"https:\\\/\\\/www.uartes.edu.ec\\\/sitio\\\/en\\\/#\\\/schema\\\/logo\\\/image\\\/\",\"url\":\"https:\\\/\\\/www.uartes.edu.ec\\\/sitio\\\/wp-content\\\/uploads\\\/2022\\\/07\\\/logo-ua-horizontal.png\",\"contentUrl\":\"https:\\\/\\\/www.uartes.edu.ec\\\/sitio\\\/wp-content\\\/uploads\\\/2022\\\/07\\\/logo-ua-horizontal.png\",\"width\":800,\"height\":276,\"caption\":\"Universidad de las Artes\"},\"image\":{\"@id\":\"https:\\\/\\\/www.uartes.edu.ec\\\/sitio\\\/en\\\/#\\\/schema\\\/logo\\\/image\\\/\"},\"sameAs\":[\"https:\\\/\\\/www.facebook.com\\\/uartesec\",\"https:\\\/\\\/x.com\\\/uartesec\",\"https:\\\/\\\/www.tiktok.com\\\/@uartesec\"]},{\"@type\":\"Person\",\"@id\":\"https:\\\/\\\/www.uartes.edu.ec\\\/sitio\\\/en\\\/#\\\/schema\\\/person\\\/f33f8c1d2af0d5c80a38c8abf458184a\",\"name\":\"Universidad de las Artes\",\"image\":{\"@type\":\"ImageObject\",\"inLanguage\":\"en-US\",\"@id\":\"https:\\\/\\\/secure.gravatar.com\\\/avatar\\\/52e4757902f5cfa5ac52d020e5be83cae5487519154b6c35482fe08d589f3c13?s=96&d=mm&r=g\",\"url\":\"https:\\\/\\\/secure.gravatar.com\\\/avatar\\\/52e4757902f5cfa5ac52d020e5be83cae5487519154b6c35482fe08d589f3c13?s=96&d=mm&r=g\",\"contentUrl\":\"https:\\\/\\\/secure.gravatar.com\\\/avatar\\\/52e4757902f5cfa5ac52d020e5be83cae5487519154b6c35482fe08d589f3c13?s=96&d=mm&r=g\",\"caption\":\"Universidad de las Artes\"},\"url\":\"https:\\\/\\\/www.uartes.edu.ec\\\/sitio\\\/en\\\/blog\\\/author\\\/dircomadm\\\/\"}]}<\/script>\n<!-- \/ Yoast SEO plugin. -->","yoast_head_json":{"title":"Universidad de las Artes - Dialogo entre estudiantes UArtes y directores de documentales enriquece la experiencia del Festival EDOC","description":"Universidad de las Artes - Dialogo entre estudiantes UArtes y directores de documentales enriquece la experiencia del Festival EDOC","robots":{"index":"index","follow":"follow","max-snippet":"max-snippet:-1","max-image-preview":"max-image-preview:large","max-video-preview":"max-video-preview:-1"},"canonical":"https:\/\/www.uartes.edu.ec\/sitio\/en\/blog\/2017\/05\/16\/dialogo-entre-estudiantes-uartes-y-directores-de-documentales-enriquece-la-experiencia-del-festival-edoc\/","og_locale":"en_US","og_type":"article","og_title":"Universidad de las Artes - Dialogo entre estudiantes UArtes y directores de documentales enriquece la experiencia del Festival EDOC","og_description":"Universidad de las Artes - Dialogo entre estudiantes UArtes y directores de documentales enriquece la experiencia del Festival EDOC","og_url":"https:\/\/www.uartes.edu.ec\/sitio\/en\/blog\/2017\/05\/16\/dialogo-entre-estudiantes-uartes-y-directores-de-documentales-enriquece-la-experiencia-del-festival-edoc\/","og_site_name":"Universidad de las Artes","article_publisher":"https:\/\/www.facebook.com\/uartesec","article_published_time":"2017-05-16T14:33:27+00:00","article_modified_time":"2024-07-04T16:54:20+00:00","author":"Universidad de las Artes","twitter_card":"summary_large_image","twitter_creator":"@uartesec","twitter_site":"@uartesec","twitter_misc":{"Written by":"Universidad de las Artes","Est. reading time":"3 minutes"},"schema":{"@context":"https:\/\/schema.org","@graph":[{"@type":"Article","@id":"https:\/\/www.uartes.edu.ec\/sitio\/en\/blog\/2017\/05\/16\/dialogo-entre-estudiantes-uartes-y-directores-de-documentales-enriquece-la-experiencia-del-festival-edoc\/#article","isPartOf":{"@id":"https:\/\/www.uartes.edu.ec\/sitio\/en\/blog\/2017\/05\/16\/dialogo-entre-estudiantes-uartes-y-directores-de-documentales-enriquece-la-experiencia-del-festival-edoc\/"},"author":{"name":"Universidad de las Artes","@id":"https:\/\/www.uartes.edu.ec\/sitio\/en\/#\/schema\/person\/f33f8c1d2af0d5c80a38c8abf458184a"},"headline":"Dialogo entre estudiantes UArtes y directores de documentales enriquece la experiencia del Festival EDOC","datePublished":"2017-05-16T14:33:27+00:00","dateModified":"2024-07-04T16:54:20+00:00","mainEntityOfPage":{"@id":"https:\/\/www.uartes.edu.ec\/sitio\/en\/blog\/2017\/05\/16\/dialogo-entre-estudiantes-uartes-y-directores-de-documentales-enriquece-la-experiencia-del-festival-edoc\/"},"wordCount":544,"publisher":{"@id":"https:\/\/www.uartes.edu.ec\/sitio\/en\/#organization"},"image":{"@id":"https:\/\/www.uartes.edu.ec\/sitio\/en\/blog\/2017\/05\/16\/dialogo-entre-estudiantes-uartes-y-directores-de-documentales-enriquece-la-experiencia-del-festival-edoc\/#primaryimage"},"thumbnailUrl":"","keywords":["edoc"],"articleSection":["Artes"],"inLanguage":"en-US"},{"@type":["WebPage","ItemPage"],"@id":"https:\/\/www.uartes.edu.ec\/sitio\/en\/blog\/2017\/05\/16\/dialogo-entre-estudiantes-uartes-y-directores-de-documentales-enriquece-la-experiencia-del-festival-edoc\/","url":"https:\/\/www.uartes.edu.ec\/sitio\/en\/blog\/2017\/05\/16\/dialogo-entre-estudiantes-uartes-y-directores-de-documentales-enriquece-la-experiencia-del-festival-edoc\/","name":"Universidad de las Artes - Dialogo entre estudiantes UArtes y directores de documentales enriquece la experiencia del Festival EDOC","isPartOf":{"@id":"https:\/\/www.uartes.edu.ec\/sitio\/en\/#website"},"primaryImageOfPage":{"@id":"https:\/\/www.uartes.edu.ec\/sitio\/en\/blog\/2017\/05\/16\/dialogo-entre-estudiantes-uartes-y-directores-de-documentales-enriquece-la-experiencia-del-festival-edoc\/#primaryimage"},"image":{"@id":"https:\/\/www.uartes.edu.ec\/sitio\/en\/blog\/2017\/05\/16\/dialogo-entre-estudiantes-uartes-y-directores-de-documentales-enriquece-la-experiencia-del-festival-edoc\/#primaryimage"},"thumbnailUrl":"","datePublished":"2017-05-16T14:33:27+00:00","dateModified":"2024-07-04T16:54:20+00:00","description":"Universidad de las Artes - Dialogo entre estudiantes UArtes y directores de documentales enriquece la experiencia del Festival EDOC","breadcrumb":{"@id":"https:\/\/www.uartes.edu.ec\/sitio\/en\/blog\/2017\/05\/16\/dialogo-entre-estudiantes-uartes-y-directores-de-documentales-enriquece-la-experiencia-del-festival-edoc\/#breadcrumb"},"inLanguage":"en-US","potentialAction":[{"@type":"ReadAction","target":["https:\/\/www.uartes.edu.ec\/sitio\/en\/blog\/2017\/05\/16\/dialogo-entre-estudiantes-uartes-y-directores-de-documentales-enriquece-la-experiencia-del-festival-edoc\/"]}]},{"@type":"ImageObject","inLanguage":"en-US","@id":"https:\/\/www.uartes.edu.ec\/sitio\/en\/blog\/2017\/05\/16\/dialogo-entre-estudiantes-uartes-y-directores-de-documentales-enriquece-la-experiencia-del-festival-edoc\/#primaryimage","url":"","contentUrl":""},{"@type":"BreadcrumbList","@id":"https:\/\/www.uartes.edu.ec\/sitio\/en\/blog\/2017\/05\/16\/dialogo-entre-estudiantes-uartes-y-directores-de-documentales-enriquece-la-experiencia-del-festival-edoc\/#breadcrumb","itemListElement":[{"@type":"ListItem","position":1,"name":"Inicio","item":"https:\/\/www.uartes.edu.ec\/sitio\/"},{"@type":"ListItem","position":2,"name":"Dialogo entre estudiantes UArtes y directores de documentales enriquece la experiencia del Festival EDOC"}]},{"@type":"WebSite","@id":"https:\/\/www.uartes.edu.ec\/sitio\/en\/#website","url":"https:\/\/www.uartes.edu.ec\/sitio\/en\/","name":"Universidad de las Artes","description":"Sitio oficial de la Universidad Nacional de las Artes del Ecuador","publisher":{"@id":"https:\/\/www.uartes.edu.ec\/sitio\/en\/#organization"},"potentialAction":[{"@type":"SearchAction","target":{"@type":"EntryPoint","urlTemplate":"https:\/\/www.uartes.edu.ec\/sitio\/en\/?s={search_term_string}"},"query-input":{"@type":"PropertyValueSpecification","valueRequired":true,"valueName":"search_term_string"}}],"inLanguage":"en-US"},{"@type":"Organization","@id":"https:\/\/www.uartes.edu.ec\/sitio\/en\/#organization","name":"Universidad de las Artes","url":"https:\/\/www.uartes.edu.ec\/sitio\/en\/","logo":{"@type":"ImageObject","inLanguage":"en-US","@id":"https:\/\/www.uartes.edu.ec\/sitio\/en\/#\/schema\/logo\/image\/","url":"https:\/\/www.uartes.edu.ec\/sitio\/wp-content\/uploads\/2022\/07\/logo-ua-horizontal.png","contentUrl":"https:\/\/www.uartes.edu.ec\/sitio\/wp-content\/uploads\/2022\/07\/logo-ua-horizontal.png","width":800,"height":276,"caption":"Universidad de las Artes"},"image":{"@id":"https:\/\/www.uartes.edu.ec\/sitio\/en\/#\/schema\/logo\/image\/"},"sameAs":["https:\/\/www.facebook.com\/uartesec","https:\/\/x.com\/uartesec","https:\/\/www.tiktok.com\/@uartesec"]},{"@type":"Person","@id":"https:\/\/www.uartes.edu.ec\/sitio\/en\/#\/schema\/person\/f33f8c1d2af0d5c80a38c8abf458184a","name":"Universidad de las Artes","image":{"@type":"ImageObject","inLanguage":"en-US","@id":"https:\/\/secure.gravatar.com\/avatar\/52e4757902f5cfa5ac52d020e5be83cae5487519154b6c35482fe08d589f3c13?s=96&d=mm&r=g","url":"https:\/\/secure.gravatar.com\/avatar\/52e4757902f5cfa5ac52d020e5be83cae5487519154b6c35482fe08d589f3c13?s=96&d=mm&r=g","contentUrl":"https:\/\/secure.gravatar.com\/avatar\/52e4757902f5cfa5ac52d020e5be83cae5487519154b6c35482fe08d589f3c13?s=96&d=mm&r=g","caption":"Universidad de las Artes"},"url":"https:\/\/www.uartes.edu.ec\/sitio\/en\/blog\/author\/dircomadm\/"}]}},"uagb_featured_image_src":{"full":false,"thumbnail":false,"medium":false,"medium_large":false,"large":false,"1536x1536":false,"2048x2048":false,"trp-custom-language-flag":false,"htmega_size_585x295":false,"htmega_size_1170x536":false,"htmega_size_396x360":false,"gb-block-post-grid-landscape":false,"gb-block-post-grid-square":false,"university-hub-thumb":false,"mailpoet_newsletter_max":false},"uagb_author_info":{"display_name":"Universidad de las Artes","author_link":"https:\/\/www.uartes.edu.ec\/sitio\/en\/blog\/author\/dircomadm\/"},"uagb_comment_info":0,"uagb_excerpt":"El pasado viernes 12 de mayo inici\u00f3 en Guayaquil la XVI edici\u00f3n del Festival Internacional de Cine Documental, Encuentros del Otro Cine \u2013 EDOC, 2017. En esta edici\u00f3n se mostrar\u00e1n Ochenta y ocho documentales de 30 pa\u00edses y se rendir\u00e1 homenaje a la trayectoria de Claire Simon. La Universidad de las Artes del Ecuador (UArtes),&hellip;","featured_image_src":null,"featured_image_src_square":null,"author_info":{"display_name":"Universidad de las Artes","author_link":"https:\/\/www.uartes.edu.ec\/sitio\/en\/blog\/author\/dircomadm\/"},"publishpress_future_workflow_manual_trigger":{"enabledWorkflows":[]},"distributor_meta":false,"distributor_terms":false,"distributor_media":false,"distributor_original_site_name":"Universidad de las Artes","distributor_original_site_url":"https:\/\/www.uartes.edu.ec\/sitio\/en","push-errors":false,"_links":{"self":[{"href":"https:\/\/www.uartes.edu.ec\/sitio\/en\/wp-json\/wp\/v2\/posts\/385","targetHints":{"allow":["GET"]}}],"collection":[{"href":"https:\/\/www.uartes.edu.ec\/sitio\/en\/wp-json\/wp\/v2\/posts"}],"about":[{"href":"https:\/\/www.uartes.edu.ec\/sitio\/en\/wp-json\/wp\/v2\/types\/post"}],"author":[{"embeddable":true,"href":"https:\/\/www.uartes.edu.ec\/sitio\/en\/wp-json\/wp\/v2\/users\/1"}],"replies":[{"embeddable":true,"href":"https:\/\/www.uartes.edu.ec\/sitio\/en\/wp-json\/wp\/v2\/comments?post=385"}],"version-history":[{"count":1,"href":"https:\/\/www.uartes.edu.ec\/sitio\/en\/wp-json\/wp\/v2\/posts\/385\/revisions"}],"predecessor-version":[{"id":58056,"href":"https:\/\/www.uartes.edu.ec\/sitio\/en\/wp-json\/wp\/v2\/posts\/385\/revisions\/58056"}],"wp:featuredmedia":[{"embeddable":true,"href":"https:\/\/www.uartes.edu.ec\/sitio\/en\/wp-json\/"}],"wp:attachment":[{"href":"https:\/\/www.uartes.edu.ec\/sitio\/en\/wp-json\/wp\/v2\/media?parent=385"}],"wp:term":[{"taxonomy":"category","embeddable":true,"href":"https:\/\/www.uartes.edu.ec\/sitio\/en\/wp-json\/wp\/v2\/categories?post=385"},{"taxonomy":"post_tag","embeddable":true,"href":"https:\/\/www.uartes.edu.ec\/sitio\/en\/wp-json\/wp\/v2\/tags?post=385"},{"taxonomy":"infouartes","embeddable":true,"href":"https:\/\/www.uartes.edu.ec\/sitio\/en\/wp-json\/wp\/v2\/infouartes?post=385"}],"curies":[{"name":"wp","href":"https:\/\/api.w.org\/{rel}","templated":true}]}}