{"id":38729,"date":"2023-03-01T18:53:47","date_gmt":"2023-03-01T23:53:47","guid":{"rendered":"https:\/\/www.uartes.edu.ec\/sitio\/?p=38729"},"modified":"2024-07-04T11:21:27","modified_gmt":"2024-07-04T16:21:27","slug":"en-youtube-la-obra-ele-para-guitarra-y-video-que-mesias-maiguashca-grabo-en-los-estudios-uartes","status":"publish","type":"post","link":"https:\/\/www.uartes.edu.ec\/sitio\/en\/blog\/2023\/03\/01\/en-youtube-la-obra-ele-para-guitarra-y-video-que-mesias-maiguashca-grabo-en-los-estudios-uartes\/","title":{"rendered":"La obra \u201cEl\u00e9\u201d para guitarra, video y electr\u00f3nica que Mes\u00edas Maiguashca grab\u00f3 en la UArtes est\u00e1 en YouTube"},"content":{"rendered":"<p>\u201cEl\u00e9\u201d, una fantas\u00eda sobre Tr\u00e1nsito Amagua\u00f1a. Con esta descripci\u00f3n a manera de titular se encuentra en la plataforma de YouTube el video de la obra para guitarra, video y electr\u00f3nica (2017) que el maestro Mes\u00edas Maiguashca grab\u00f3 en los estudios de la Escuela de Artes Sonoras de la UArtes, con el acompa\u00f1amiento en la guitarra de Bol\u00edvar \u00c1vila.<\/p>\n\n\n\n<p>La grabaci\u00f3n en los estudios de la EAS se realiz\u00f3 en octubre del a\u00f1o pasado cuando Mes\u00edas Maiguashca present\u00f3 en la Sala de Cine del MZ14 Centro de Producci\u00f3n e Innovaci\u00f3n de la UArtes la obra audiovisual \u201cLa Canci\u00f3n de la Tierra\u201d, la cual dise\u00f1\u00f3 para un conjunto de instrumentos andinos, un conjunto de instrumentos de viento, un coro de seis mujeres y seis hombres y dos grupos de \u201cobjetos sonoros\u201d de madera y metal; se estren\u00f3 en Quito en 2013, pero el concierto no pudo ser documentado satisfactoriamente debido a la complejidad t\u00e9cnica y musical de la obra.<\/p>\n\n\n\n<p>La presentaci\u00f3n de \u201cLa Canci\u00f3n de la Tierra\u201d y la participaci\u00f3n del reconocido compositor ecuatoriano en un foro con docentes y estudiantes de nuestra instituci\u00f3n de educaci\u00f3n superior, se dio en el marco de la bienvenida al Semestre B 2022. Maiguashca no solo comparti\u00f3 detalles de su trabajo, sino que respondi\u00f3 a las inquietudes de los presentes acerca del proceso de realizaci\u00f3n.<\/p>\n\n\n\n<p>La obra \u201cEl\u00e9\u201d, se indica en el video, se basa en una entrevista realizada por In\u00e9s Maiguashca en 2016. En la grabaci\u00f3n en los estudios UArtes participaron como ingeniero de sonido Dar\u00edo D\u00e1valos y como asistentes los estudiantes Edu Loor, Karla Sol\u00f3rzano, Cristopher Cordero y El\u00edas Bodero, en sus pr\u00e1cticas preprofesionales.<\/p>\n\n\n\n<p>\u201cEn esta composici\u00f3n electroac\u00fastica el audio de la guitarra, que estaba siendo interpretada por Bol\u00edvar \u00c1vila, era procesado en tiempo real por Mes\u00edas Maiguashca generando todas las texturas en el sonido que tiene la producci\u00f3n\u201d, indic\u00f3 Dar\u00edo D\u00e1valos acerca del proceso de grabaci\u00f3n en los estudios de la UArtes.<\/p>\n\n\n\n<p>Agreg\u00f3 que el maestro Maiguashca asumi\u00f3 la espacializaci\u00f3n de la obra; Carlos Poete, el video y chroma; Cristian D\u00edaz, el montaje y la posproducci\u00f3n.<\/p>\n\n\n\n<p>Aqu\u00ed el link del video de \u201cEl\u00e9\u201d en YouTube:<br><a href=\"https:\/\/www.youtube.com\/watch?v=pK3FtSvUqeA\">https:\/\/www.youtube.com\/watch?v=pK3FtSvUqeA<\/a><\/p>","protected":false},"excerpt":{"rendered":"<p>\u201cEl\u00e9\u201d, una fantas\u00eda sobre Tr\u00e1nsito Amagua\u00f1a. Con esta descripci\u00f3n est\u00e1 en YouTube la obra para guitarra, video y electr\u00f3nica que Mes\u00edas Maiguashca grab\u00f3 en los estudios de la Escuela de Artes Sonoras de la UArtes, con el acompa\u00f1amiento en la guitarra de Bol\u00edvar \u00c1vila. Se realiz\u00f3 en octubre de 2022. En la producci\u00f3n intervinieron el alumnus Dar\u00edo D\u00e1valos, como ingeniero de sonido, y estudiantes de la EAS.<\/p>","protected":false},"author":10,"featured_media":28754,"comment_status":"open","ping_status":"open","sticky":false,"template":"","format":"standard","meta":{"_acf_changed":false,"_uag_custom_page_level_css":"","_monsterinsights_skip_tracking":false,"_monsterinsights_sitenote_active":false,"_monsterinsights_sitenote_note":"","_monsterinsights_sitenote_category":0,"cybocfi_hide_featured_image":"","footnotes":""},"categories":[718,80,150,77,83,85,79],"tags":[935],"infouartes":[],"class_list":["post-38729","post","type-post","status-publish","format-standard","has-post-thumbnail","hentry","category-2d","category-academico","category-artes-sonoras","category-gestion","category-sedes","category-servicios","category-vinculo","tag-estudio-de-grabacion"],"acf":[],"yoast_head":"<!-- This site is optimized with the Yoast SEO plugin v27.4 - https:\/\/yoast.com\/product\/yoast-seo-wordpress\/ -->\n<title>Universidad de las Artes - La obra \u201cEl\u00e9\u201d para guitarra, video y electr\u00f3nica que Mes\u00edas Maiguashca grab\u00f3 en la UArtes est\u00e1 en YouTube<\/title>\n<meta name=\"description\" content=\"Universidad de las Artes - La obra \u201cEl\u00e9\u201d para guitarra, video y electr\u00f3nica que Mes\u00edas Maiguashca grab\u00f3 en la UArtes est\u00e1 en YouTube\" \/>\n<meta name=\"robots\" content=\"index, follow, max-snippet:-1, max-image-preview:large, max-video-preview:-1\" \/>\n<link rel=\"canonical\" href=\"https:\/\/www.uartes.edu.ec\/sitio\/en\/blog\/2023\/03\/01\/en-youtube-la-obra-ele-para-guitarra-y-video-que-mesias-maiguashca-grabo-en-los-estudios-uartes\/\" \/>\n<meta property=\"og:locale\" content=\"en_US\" \/>\n<meta property=\"og:type\" content=\"article\" \/>\n<meta property=\"og:title\" content=\"Universidad de las Artes - La obra \u201cEl\u00e9\u201d para guitarra, video y electr\u00f3nica que Mes\u00edas Maiguashca grab\u00f3 en la UArtes est\u00e1 en YouTube\" \/>\n<meta property=\"og:description\" content=\"Universidad de las Artes - La obra \u201cEl\u00e9\u201d para guitarra, video y electr\u00f3nica que Mes\u00edas Maiguashca grab\u00f3 en la UArtes est\u00e1 en YouTube\" \/>\n<meta property=\"og:url\" content=\"https:\/\/www.uartes.edu.ec\/sitio\/en\/blog\/2023\/03\/01\/en-youtube-la-obra-ele-para-guitarra-y-video-que-mesias-maiguashca-grabo-en-los-estudios-uartes\/\" \/>\n<meta property=\"og:site_name\" content=\"Universidad de las Artes\" \/>\n<meta property=\"article:publisher\" content=\"https:\/\/www.facebook.com\/uartesec\" \/>\n<meta property=\"article:published_time\" content=\"2023-03-01T23:53:47+00:00\" \/>\n<meta property=\"article:modified_time\" content=\"2024-07-04T16:21:27+00:00\" \/>\n<meta property=\"og:image\" content=\"https:\/\/www.uartes.edu.ec\/sitio\/wp-content\/uploads\/2022\/10\/MESIAS-M-WEB-05.jpg\" \/>\n\t<meta property=\"og:image:width\" content=\"2000\" \/>\n\t<meta property=\"og:image:height\" content=\"1333\" \/>\n\t<meta property=\"og:image:type\" content=\"image\/jpeg\" \/>\n<meta name=\"author\" content=\"ccortez\" \/>\n<meta name=\"twitter:card\" content=\"summary_large_image\" \/>\n<meta name=\"twitter:creator\" content=\"@uartesec\" \/>\n<meta name=\"twitter:site\" content=\"@uartesec\" \/>\n<meta name=\"twitter:label1\" content=\"Written by\" \/>\n\t<meta name=\"twitter:data1\" content=\"ccortez\" \/>\n\t<meta name=\"twitter:label2\" content=\"Est. reading time\" \/>\n\t<meta name=\"twitter:data2\" content=\"2 minutes\" \/>\n<script type=\"application\/ld+json\" class=\"yoast-schema-graph\">{\"@context\":\"https:\\\/\\\/schema.org\",\"@graph\":[{\"@type\":\"Article\",\"@id\":\"https:\\\/\\\/www.uartes.edu.ec\\\/sitio\\\/en\\\/blog\\\/2023\\\/03\\\/01\\\/en-youtube-la-obra-ele-para-guitarra-y-video-que-mesias-maiguashca-grabo-en-los-estudios-uartes\\\/#article\",\"isPartOf\":{\"@id\":\"https:\\\/\\\/www.uartes.edu.ec\\\/sitio\\\/en\\\/blog\\\/2023\\\/03\\\/01\\\/en-youtube-la-obra-ele-para-guitarra-y-video-que-mesias-maiguashca-grabo-en-los-estudios-uartes\\\/\"},\"author\":{\"name\":\"ccortez\",\"@id\":\"https:\\\/\\\/www.uartes.edu.ec\\\/sitio\\\/en\\\/#\\\/schema\\\/person\\\/efa1b8275797664fd7f13a79ccc0b1f4\"},\"headline\":\"La obra \u201cEl\u00e9\u201d para guitarra, video y electr\u00f3nica que Mes\u00edas Maiguashca grab\u00f3 en la UArtes est\u00e1 en YouTube\",\"datePublished\":\"2023-03-01T23:53:47+00:00\",\"dateModified\":\"2024-07-04T16:21:27+00:00\",\"mainEntityOfPage\":{\"@id\":\"https:\\\/\\\/www.uartes.edu.ec\\\/sitio\\\/en\\\/blog\\\/2023\\\/03\\\/01\\\/en-youtube-la-obra-ele-para-guitarra-y-video-que-mesias-maiguashca-grabo-en-los-estudios-uartes\\\/\"},\"wordCount\":415,\"commentCount\":0,\"publisher\":{\"@id\":\"https:\\\/\\\/www.uartes.edu.ec\\\/sitio\\\/en\\\/#organization\"},\"image\":{\"@id\":\"https:\\\/\\\/www.uartes.edu.ec\\\/sitio\\\/en\\\/blog\\\/2023\\\/03\\\/01\\\/en-youtube-la-obra-ele-para-guitarra-y-video-que-mesias-maiguashca-grabo-en-los-estudios-uartes\\\/#primaryimage\"},\"thumbnailUrl\":\"https:\\\/\\\/www.uartes.edu.ec\\\/sitio\\\/wp-content\\\/uploads\\\/2022\\\/10\\\/MESIAS-M-WEB-05.jpg\",\"keywords\":[\"estudio de grabacion\"],\"articleSection\":[\"2D\",\"Acad\u00e9mico\",\"Artes Sonoras\",\"Gesti\u00f3n\",\"Sedes\",\"Servicios\",\"V\u00ednculo\"],\"inLanguage\":\"en-US\",\"potentialAction\":[{\"@type\":\"CommentAction\",\"name\":\"Comment\",\"target\":[\"https:\\\/\\\/www.uartes.edu.ec\\\/sitio\\\/en\\\/blog\\\/2023\\\/03\\\/01\\\/en-youtube-la-obra-ele-para-guitarra-y-video-que-mesias-maiguashca-grabo-en-los-estudios-uartes\\\/#respond\"]}]},{\"@type\":[\"WebPage\",\"ItemPage\"],\"@id\":\"https:\\\/\\\/www.uartes.edu.ec\\\/sitio\\\/en\\\/blog\\\/2023\\\/03\\\/01\\\/en-youtube-la-obra-ele-para-guitarra-y-video-que-mesias-maiguashca-grabo-en-los-estudios-uartes\\\/\",\"url\":\"https:\\\/\\\/www.uartes.edu.ec\\\/sitio\\\/en\\\/blog\\\/2023\\\/03\\\/01\\\/en-youtube-la-obra-ele-para-guitarra-y-video-que-mesias-maiguashca-grabo-en-los-estudios-uartes\\\/\",\"name\":\"Universidad de las Artes - La obra \u201cEl\u00e9\u201d para guitarra, video y electr\u00f3nica que Mes\u00edas Maiguashca grab\u00f3 en la UArtes est\u00e1 en YouTube\",\"isPartOf\":{\"@id\":\"https:\\\/\\\/www.uartes.edu.ec\\\/sitio\\\/en\\\/#website\"},\"primaryImageOfPage\":{\"@id\":\"https:\\\/\\\/www.uartes.edu.ec\\\/sitio\\\/en\\\/blog\\\/2023\\\/03\\\/01\\\/en-youtube-la-obra-ele-para-guitarra-y-video-que-mesias-maiguashca-grabo-en-los-estudios-uartes\\\/#primaryimage\"},\"image\":{\"@id\":\"https:\\\/\\\/www.uartes.edu.ec\\\/sitio\\\/en\\\/blog\\\/2023\\\/03\\\/01\\\/en-youtube-la-obra-ele-para-guitarra-y-video-que-mesias-maiguashca-grabo-en-los-estudios-uartes\\\/#primaryimage\"},\"thumbnailUrl\":\"https:\\\/\\\/www.uartes.edu.ec\\\/sitio\\\/wp-content\\\/uploads\\\/2022\\\/10\\\/MESIAS-M-WEB-05.jpg\",\"datePublished\":\"2023-03-01T23:53:47+00:00\",\"dateModified\":\"2024-07-04T16:21:27+00:00\",\"description\":\"Universidad de las Artes - La obra \u201cEl\u00e9\u201d para guitarra, video y electr\u00f3nica que Mes\u00edas Maiguashca grab\u00f3 en la UArtes est\u00e1 en YouTube\",\"breadcrumb\":{\"@id\":\"https:\\\/\\\/www.uartes.edu.ec\\\/sitio\\\/en\\\/blog\\\/2023\\\/03\\\/01\\\/en-youtube-la-obra-ele-para-guitarra-y-video-que-mesias-maiguashca-grabo-en-los-estudios-uartes\\\/#breadcrumb\"},\"inLanguage\":\"en-US\",\"potentialAction\":[{\"@type\":\"ReadAction\",\"target\":[\"https:\\\/\\\/www.uartes.edu.ec\\\/sitio\\\/en\\\/blog\\\/2023\\\/03\\\/01\\\/en-youtube-la-obra-ele-para-guitarra-y-video-que-mesias-maiguashca-grabo-en-los-estudios-uartes\\\/\"]}]},{\"@type\":\"ImageObject\",\"inLanguage\":\"en-US\",\"@id\":\"https:\\\/\\\/www.uartes.edu.ec\\\/sitio\\\/en\\\/blog\\\/2023\\\/03\\\/01\\\/en-youtube-la-obra-ele-para-guitarra-y-video-que-mesias-maiguashca-grabo-en-los-estudios-uartes\\\/#primaryimage\",\"url\":\"https:\\\/\\\/www.uartes.edu.ec\\\/sitio\\\/wp-content\\\/uploads\\\/2022\\\/10\\\/MESIAS-M-WEB-05.jpg\",\"contentUrl\":\"https:\\\/\\\/www.uartes.edu.ec\\\/sitio\\\/wp-content\\\/uploads\\\/2022\\\/10\\\/MESIAS-M-WEB-05.jpg\",\"width\":2000,\"height\":1333},{\"@type\":\"BreadcrumbList\",\"@id\":\"https:\\\/\\\/www.uartes.edu.ec\\\/sitio\\\/en\\\/blog\\\/2023\\\/03\\\/01\\\/en-youtube-la-obra-ele-para-guitarra-y-video-que-mesias-maiguashca-grabo-en-los-estudios-uartes\\\/#breadcrumb\",\"itemListElement\":[{\"@type\":\"ListItem\",\"position\":1,\"name\":\"Inicio\",\"item\":\"https:\\\/\\\/www.uartes.edu.ec\\\/sitio\\\/\"},{\"@type\":\"ListItem\",\"position\":2,\"name\":\"La obra \u201cEl\u00e9\u201d para guitarra, video y electr\u00f3nica que Mes\u00edas Maiguashca grab\u00f3 en la UArtes est\u00e1 en YouTube\"}]},{\"@type\":\"WebSite\",\"@id\":\"https:\\\/\\\/www.uartes.edu.ec\\\/sitio\\\/en\\\/#website\",\"url\":\"https:\\\/\\\/www.uartes.edu.ec\\\/sitio\\\/en\\\/\",\"name\":\"Universidad de las Artes\",\"description\":\"Sitio oficial de la Universidad Nacional de las Artes del Ecuador\",\"publisher\":{\"@id\":\"https:\\\/\\\/www.uartes.edu.ec\\\/sitio\\\/en\\\/#organization\"},\"potentialAction\":[{\"@type\":\"SearchAction\",\"target\":{\"@type\":\"EntryPoint\",\"urlTemplate\":\"https:\\\/\\\/www.uartes.edu.ec\\\/sitio\\\/en\\\/?s={search_term_string}\"},\"query-input\":{\"@type\":\"PropertyValueSpecification\",\"valueRequired\":true,\"valueName\":\"search_term_string\"}}],\"inLanguage\":\"en-US\"},{\"@type\":\"Organization\",\"@id\":\"https:\\\/\\\/www.uartes.edu.ec\\\/sitio\\\/en\\\/#organization\",\"name\":\"Universidad de las Artes\",\"url\":\"https:\\\/\\\/www.uartes.edu.ec\\\/sitio\\\/en\\\/\",\"logo\":{\"@type\":\"ImageObject\",\"inLanguage\":\"en-US\",\"@id\":\"https:\\\/\\\/www.uartes.edu.ec\\\/sitio\\\/en\\\/#\\\/schema\\\/logo\\\/image\\\/\",\"url\":\"https:\\\/\\\/www.uartes.edu.ec\\\/sitio\\\/wp-content\\\/uploads\\\/2022\\\/07\\\/logo-ua-horizontal.png\",\"contentUrl\":\"https:\\\/\\\/www.uartes.edu.ec\\\/sitio\\\/wp-content\\\/uploads\\\/2022\\\/07\\\/logo-ua-horizontal.png\",\"width\":800,\"height\":276,\"caption\":\"Universidad de las Artes\"},\"image\":{\"@id\":\"https:\\\/\\\/www.uartes.edu.ec\\\/sitio\\\/en\\\/#\\\/schema\\\/logo\\\/image\\\/\"},\"sameAs\":[\"https:\\\/\\\/www.facebook.com\\\/uartesec\",\"https:\\\/\\\/x.com\\\/uartesec\",\"https:\\\/\\\/www.tiktok.com\\\/@uartesec\"]},{\"@type\":\"Person\",\"@id\":\"https:\\\/\\\/www.uartes.edu.ec\\\/sitio\\\/en\\\/#\\\/schema\\\/person\\\/efa1b8275797664fd7f13a79ccc0b1f4\",\"name\":\"ccortez\",\"image\":{\"@type\":\"ImageObject\",\"inLanguage\":\"en-US\",\"@id\":\"https:\\\/\\\/secure.gravatar.com\\\/avatar\\\/b2a6f664a3ae8e074346ef91775736c5ec479e637ecced6842de9dc98b5da9cd?s=96&d=mm&r=g\",\"url\":\"https:\\\/\\\/secure.gravatar.com\\\/avatar\\\/b2a6f664a3ae8e074346ef91775736c5ec479e637ecced6842de9dc98b5da9cd?s=96&d=mm&r=g\",\"contentUrl\":\"https:\\\/\\\/secure.gravatar.com\\\/avatar\\\/b2a6f664a3ae8e074346ef91775736c5ec479e637ecced6842de9dc98b5da9cd?s=96&d=mm&r=g\",\"caption\":\"ccortez\"},\"url\":\"https:\\\/\\\/www.uartes.edu.ec\\\/sitio\\\/en\\\/blog\\\/author\\\/ccortez\\\/\"}]}<\/script>\n<!-- \/ Yoast SEO plugin. -->","yoast_head_json":{"title":"Universidad de las Artes - La obra \u201cEl\u00e9\u201d para guitarra, video y electr\u00f3nica que Mes\u00edas Maiguashca grab\u00f3 en la UArtes est\u00e1 en YouTube","description":"Universidad de las Artes - La obra \u201cEl\u00e9\u201d para guitarra, video y electr\u00f3nica que Mes\u00edas Maiguashca grab\u00f3 en la UArtes est\u00e1 en YouTube","robots":{"index":"index","follow":"follow","max-snippet":"max-snippet:-1","max-image-preview":"max-image-preview:large","max-video-preview":"max-video-preview:-1"},"canonical":"https:\/\/www.uartes.edu.ec\/sitio\/en\/blog\/2023\/03\/01\/en-youtube-la-obra-ele-para-guitarra-y-video-que-mesias-maiguashca-grabo-en-los-estudios-uartes\/","og_locale":"en_US","og_type":"article","og_title":"Universidad de las Artes - La obra \u201cEl\u00e9\u201d para guitarra, video y electr\u00f3nica que Mes\u00edas Maiguashca grab\u00f3 en la UArtes est\u00e1 en YouTube","og_description":"Universidad de las Artes - La obra \u201cEl\u00e9\u201d para guitarra, video y electr\u00f3nica que Mes\u00edas Maiguashca grab\u00f3 en la UArtes est\u00e1 en YouTube","og_url":"https:\/\/www.uartes.edu.ec\/sitio\/en\/blog\/2023\/03\/01\/en-youtube-la-obra-ele-para-guitarra-y-video-que-mesias-maiguashca-grabo-en-los-estudios-uartes\/","og_site_name":"Universidad de las Artes","article_publisher":"https:\/\/www.facebook.com\/uartesec","article_published_time":"2023-03-01T23:53:47+00:00","article_modified_time":"2024-07-04T16:21:27+00:00","og_image":[{"width":2000,"height":1333,"url":"https:\/\/www.uartes.edu.ec\/sitio\/wp-content\/uploads\/2022\/10\/MESIAS-M-WEB-05.jpg","type":"image\/jpeg"}],"author":"ccortez","twitter_card":"summary_large_image","twitter_creator":"@uartesec","twitter_site":"@uartesec","twitter_misc":{"Written by":"ccortez","Est. reading time":"2 minutes"},"schema":{"@context":"https:\/\/schema.org","@graph":[{"@type":"Article","@id":"https:\/\/www.uartes.edu.ec\/sitio\/en\/blog\/2023\/03\/01\/en-youtube-la-obra-ele-para-guitarra-y-video-que-mesias-maiguashca-grabo-en-los-estudios-uartes\/#article","isPartOf":{"@id":"https:\/\/www.uartes.edu.ec\/sitio\/en\/blog\/2023\/03\/01\/en-youtube-la-obra-ele-para-guitarra-y-video-que-mesias-maiguashca-grabo-en-los-estudios-uartes\/"},"author":{"name":"ccortez","@id":"https:\/\/www.uartes.edu.ec\/sitio\/en\/#\/schema\/person\/efa1b8275797664fd7f13a79ccc0b1f4"},"headline":"La obra \u201cEl\u00e9\u201d para guitarra, video y electr\u00f3nica que Mes\u00edas Maiguashca grab\u00f3 en la UArtes est\u00e1 en YouTube","datePublished":"2023-03-01T23:53:47+00:00","dateModified":"2024-07-04T16:21:27+00:00","mainEntityOfPage":{"@id":"https:\/\/www.uartes.edu.ec\/sitio\/en\/blog\/2023\/03\/01\/en-youtube-la-obra-ele-para-guitarra-y-video-que-mesias-maiguashca-grabo-en-los-estudios-uartes\/"},"wordCount":415,"commentCount":0,"publisher":{"@id":"https:\/\/www.uartes.edu.ec\/sitio\/en\/#organization"},"image":{"@id":"https:\/\/www.uartes.edu.ec\/sitio\/en\/blog\/2023\/03\/01\/en-youtube-la-obra-ele-para-guitarra-y-video-que-mesias-maiguashca-grabo-en-los-estudios-uartes\/#primaryimage"},"thumbnailUrl":"https:\/\/www.uartes.edu.ec\/sitio\/wp-content\/uploads\/2022\/10\/MESIAS-M-WEB-05.jpg","keywords":["estudio de grabacion"],"articleSection":["2D","Acad\u00e9mico","Artes Sonoras","Gesti\u00f3n","Sedes","Servicios","V\u00ednculo"],"inLanguage":"en-US","potentialAction":[{"@type":"CommentAction","name":"Comment","target":["https:\/\/www.uartes.edu.ec\/sitio\/en\/blog\/2023\/03\/01\/en-youtube-la-obra-ele-para-guitarra-y-video-que-mesias-maiguashca-grabo-en-los-estudios-uartes\/#respond"]}]},{"@type":["WebPage","ItemPage"],"@id":"https:\/\/www.uartes.edu.ec\/sitio\/en\/blog\/2023\/03\/01\/en-youtube-la-obra-ele-para-guitarra-y-video-que-mesias-maiguashca-grabo-en-los-estudios-uartes\/","url":"https:\/\/www.uartes.edu.ec\/sitio\/en\/blog\/2023\/03\/01\/en-youtube-la-obra-ele-para-guitarra-y-video-que-mesias-maiguashca-grabo-en-los-estudios-uartes\/","name":"Universidad de las Artes - La obra \u201cEl\u00e9\u201d para guitarra, video y electr\u00f3nica que Mes\u00edas Maiguashca grab\u00f3 en la UArtes est\u00e1 en YouTube","isPartOf":{"@id":"https:\/\/www.uartes.edu.ec\/sitio\/en\/#website"},"primaryImageOfPage":{"@id":"https:\/\/www.uartes.edu.ec\/sitio\/en\/blog\/2023\/03\/01\/en-youtube-la-obra-ele-para-guitarra-y-video-que-mesias-maiguashca-grabo-en-los-estudios-uartes\/#primaryimage"},"image":{"@id":"https:\/\/www.uartes.edu.ec\/sitio\/en\/blog\/2023\/03\/01\/en-youtube-la-obra-ele-para-guitarra-y-video-que-mesias-maiguashca-grabo-en-los-estudios-uartes\/#primaryimage"},"thumbnailUrl":"https:\/\/www.uartes.edu.ec\/sitio\/wp-content\/uploads\/2022\/10\/MESIAS-M-WEB-05.jpg","datePublished":"2023-03-01T23:53:47+00:00","dateModified":"2024-07-04T16:21:27+00:00","description":"Universidad de las Artes - La obra \u201cEl\u00e9\u201d para guitarra, video y electr\u00f3nica que Mes\u00edas Maiguashca grab\u00f3 en la UArtes est\u00e1 en YouTube","breadcrumb":{"@id":"https:\/\/www.uartes.edu.ec\/sitio\/en\/blog\/2023\/03\/01\/en-youtube-la-obra-ele-para-guitarra-y-video-que-mesias-maiguashca-grabo-en-los-estudios-uartes\/#breadcrumb"},"inLanguage":"en-US","potentialAction":[{"@type":"ReadAction","target":["https:\/\/www.uartes.edu.ec\/sitio\/en\/blog\/2023\/03\/01\/en-youtube-la-obra-ele-para-guitarra-y-video-que-mesias-maiguashca-grabo-en-los-estudios-uartes\/"]}]},{"@type":"ImageObject","inLanguage":"en-US","@id":"https:\/\/www.uartes.edu.ec\/sitio\/en\/blog\/2023\/03\/01\/en-youtube-la-obra-ele-para-guitarra-y-video-que-mesias-maiguashca-grabo-en-los-estudios-uartes\/#primaryimage","url":"https:\/\/www.uartes.edu.ec\/sitio\/wp-content\/uploads\/2022\/10\/MESIAS-M-WEB-05.jpg","contentUrl":"https:\/\/www.uartes.edu.ec\/sitio\/wp-content\/uploads\/2022\/10\/MESIAS-M-WEB-05.jpg","width":2000,"height":1333},{"@type":"BreadcrumbList","@id":"https:\/\/www.uartes.edu.ec\/sitio\/en\/blog\/2023\/03\/01\/en-youtube-la-obra-ele-para-guitarra-y-video-que-mesias-maiguashca-grabo-en-los-estudios-uartes\/#breadcrumb","itemListElement":[{"@type":"ListItem","position":1,"name":"Inicio","item":"https:\/\/www.uartes.edu.ec\/sitio\/"},{"@type":"ListItem","position":2,"name":"La obra \u201cEl\u00e9\u201d para guitarra, video y electr\u00f3nica que Mes\u00edas Maiguashca grab\u00f3 en la UArtes est\u00e1 en YouTube"}]},{"@type":"WebSite","@id":"https:\/\/www.uartes.edu.ec\/sitio\/en\/#website","url":"https:\/\/www.uartes.edu.ec\/sitio\/en\/","name":"Universidad de las Artes","description":"Sitio oficial de la Universidad Nacional de las Artes del Ecuador","publisher":{"@id":"https:\/\/www.uartes.edu.ec\/sitio\/en\/#organization"},"potentialAction":[{"@type":"SearchAction","target":{"@type":"EntryPoint","urlTemplate":"https:\/\/www.uartes.edu.ec\/sitio\/en\/?s={search_term_string}"},"query-input":{"@type":"PropertyValueSpecification","valueRequired":true,"valueName":"search_term_string"}}],"inLanguage":"en-US"},{"@type":"Organization","@id":"https:\/\/www.uartes.edu.ec\/sitio\/en\/#organization","name":"Universidad de las Artes","url":"https:\/\/www.uartes.edu.ec\/sitio\/en\/","logo":{"@type":"ImageObject","inLanguage":"en-US","@id":"https:\/\/www.uartes.edu.ec\/sitio\/en\/#\/schema\/logo\/image\/","url":"https:\/\/www.uartes.edu.ec\/sitio\/wp-content\/uploads\/2022\/07\/logo-ua-horizontal.png","contentUrl":"https:\/\/www.uartes.edu.ec\/sitio\/wp-content\/uploads\/2022\/07\/logo-ua-horizontal.png","width":800,"height":276,"caption":"Universidad de las Artes"},"image":{"@id":"https:\/\/www.uartes.edu.ec\/sitio\/en\/#\/schema\/logo\/image\/"},"sameAs":["https:\/\/www.facebook.com\/uartesec","https:\/\/x.com\/uartesec","https:\/\/www.tiktok.com\/@uartesec"]},{"@type":"Person","@id":"https:\/\/www.uartes.edu.ec\/sitio\/en\/#\/schema\/person\/efa1b8275797664fd7f13a79ccc0b1f4","name":"ccortez","image":{"@type":"ImageObject","inLanguage":"en-US","@id":"https:\/\/secure.gravatar.com\/avatar\/b2a6f664a3ae8e074346ef91775736c5ec479e637ecced6842de9dc98b5da9cd?s=96&d=mm&r=g","url":"https:\/\/secure.gravatar.com\/avatar\/b2a6f664a3ae8e074346ef91775736c5ec479e637ecced6842de9dc98b5da9cd?s=96&d=mm&r=g","contentUrl":"https:\/\/secure.gravatar.com\/avatar\/b2a6f664a3ae8e074346ef91775736c5ec479e637ecced6842de9dc98b5da9cd?s=96&d=mm&r=g","caption":"ccortez"},"url":"https:\/\/www.uartes.edu.ec\/sitio\/en\/blog\/author\/ccortez\/"}]}},"uagb_featured_image_src":{"full":["https:\/\/www.uartes.edu.ec\/sitio\/wp-content\/uploads\/2022\/10\/MESIAS-M-WEB-05.jpg",2000,1333,false],"thumbnail":["https:\/\/www.uartes.edu.ec\/sitio\/wp-content\/uploads\/2022\/10\/MESIAS-M-WEB-05-150x150.jpg",150,150,true],"medium":["https:\/\/www.uartes.edu.ec\/sitio\/wp-content\/uploads\/2022\/10\/MESIAS-M-WEB-05-300x200.jpg",300,200,true],"medium_large":["https:\/\/www.uartes.edu.ec\/sitio\/wp-content\/uploads\/2022\/10\/MESIAS-M-WEB-05-768x512.jpg",768,512,true],"large":["https:\/\/www.uartes.edu.ec\/sitio\/wp-content\/uploads\/2022\/10\/MESIAS-M-WEB-05-644x429.jpg",644,429,true],"1536x1536":["https:\/\/www.uartes.edu.ec\/sitio\/wp-content\/uploads\/2022\/10\/MESIAS-M-WEB-05-1536x1024.jpg",1536,1024,true],"2048x2048":["https:\/\/www.uartes.edu.ec\/sitio\/wp-content\/uploads\/2022\/10\/MESIAS-M-WEB-05.jpg",2000,1333,false],"trp-custom-language-flag":["https:\/\/www.uartes.edu.ec\/sitio\/wp-content\/uploads\/2022\/10\/MESIAS-M-WEB-05.jpg",18,12,false],"htmega_size_585x295":["https:\/\/www.uartes.edu.ec\/sitio\/wp-content\/uploads\/2022\/10\/MESIAS-M-WEB-05.jpg",443,295,false],"htmega_size_1170x536":["https:\/\/www.uartes.edu.ec\/sitio\/wp-content\/uploads\/2022\/10\/MESIAS-M-WEB-05.jpg",804,536,false],"htmega_size_396x360":["https:\/\/www.uartes.edu.ec\/sitio\/wp-content\/uploads\/2022\/10\/MESIAS-M-WEB-05.jpg",396,264,false],"gb-block-post-grid-landscape":["https:\/\/www.uartes.edu.ec\/sitio\/wp-content\/uploads\/2022\/10\/MESIAS-M-WEB-05.jpg",600,400,false],"gb-block-post-grid-square":["https:\/\/www.uartes.edu.ec\/sitio\/wp-content\/uploads\/2022\/10\/MESIAS-M-WEB-05.jpg",600,400,false],"university-hub-thumb":["https:\/\/www.uartes.edu.ec\/sitio\/wp-content\/uploads\/2022\/10\/MESIAS-M-WEB-05-400x267.jpg",400,267,true],"mailpoet_newsletter_max":["https:\/\/www.uartes.edu.ec\/sitio\/wp-content\/uploads\/2022\/10\/MESIAS-M-WEB-05.jpg",1320,880,false]},"uagb_author_info":{"display_name":"ccortez","author_link":"https:\/\/www.uartes.edu.ec\/sitio\/en\/blog\/author\/ccortez\/"},"uagb_comment_info":0,"uagb_excerpt":"\u201cEl\u00e9\u201d, una fantas\u00eda sobre Tr\u00e1nsito Amagua\u00f1a. Con esta descripci\u00f3n est\u00e1 en YouTube la obra para guitarra, video y electr\u00f3nica que Mes\u00edas Maiguashca grab\u00f3 en los estudios de la Escuela de Artes Sonoras de la UArtes, con el acompa\u00f1amiento en la guitarra de Bol\u00edvar \u00c1vila. Se realiz\u00f3 en octubre de 2022. En la producci\u00f3n intervinieron el&hellip;","featured_image_src":"https:\/\/www.uartes.edu.ec\/sitio\/wp-content\/uploads\/2022\/10\/MESIAS-M-WEB-05.jpg","featured_image_src_square":"https:\/\/www.uartes.edu.ec\/sitio\/wp-content\/uploads\/2022\/10\/MESIAS-M-WEB-05.jpg","author_info":{"display_name":"ccortez","author_link":"https:\/\/www.uartes.edu.ec\/sitio\/en\/blog\/author\/ccortez\/"},"publishpress_future_workflow_manual_trigger":{"enabledWorkflows":[]},"distributor_meta":false,"distributor_terms":false,"distributor_media":false,"distributor_original_site_name":"Universidad de las Artes","distributor_original_site_url":"https:\/\/www.uartes.edu.ec\/sitio\/en","push-errors":false,"_links":{"self":[{"href":"https:\/\/www.uartes.edu.ec\/sitio\/en\/wp-json\/wp\/v2\/posts\/38729","targetHints":{"allow":["GET"]}}],"collection":[{"href":"https:\/\/www.uartes.edu.ec\/sitio\/en\/wp-json\/wp\/v2\/posts"}],"about":[{"href":"https:\/\/www.uartes.edu.ec\/sitio\/en\/wp-json\/wp\/v2\/types\/post"}],"author":[{"embeddable":true,"href":"https:\/\/www.uartes.edu.ec\/sitio\/en\/wp-json\/wp\/v2\/users\/10"}],"replies":[{"embeddable":true,"href":"https:\/\/www.uartes.edu.ec\/sitio\/en\/wp-json\/wp\/v2\/comments?post=38729"}],"version-history":[{"count":11,"href":"https:\/\/www.uartes.edu.ec\/sitio\/en\/wp-json\/wp\/v2\/posts\/38729\/revisions"}],"predecessor-version":[{"id":38817,"href":"https:\/\/www.uartes.edu.ec\/sitio\/en\/wp-json\/wp\/v2\/posts\/38729\/revisions\/38817"}],"wp:featuredmedia":[{"embeddable":true,"href":"https:\/\/www.uartes.edu.ec\/sitio\/en\/wp-json\/wp\/v2\/media\/28754"}],"wp:attachment":[{"href":"https:\/\/www.uartes.edu.ec\/sitio\/en\/wp-json\/wp\/v2\/media?parent=38729"}],"wp:term":[{"taxonomy":"category","embeddable":true,"href":"https:\/\/www.uartes.edu.ec\/sitio\/en\/wp-json\/wp\/v2\/categories?post=38729"},{"taxonomy":"post_tag","embeddable":true,"href":"https:\/\/www.uartes.edu.ec\/sitio\/en\/wp-json\/wp\/v2\/tags?post=38729"},{"taxonomy":"infouartes","embeddable":true,"href":"https:\/\/www.uartes.edu.ec\/sitio\/en\/wp-json\/wp\/v2\/infouartes?post=38729"}],"curies":[{"name":"wp","href":"https:\/\/api.w.org\/{rel}","templated":true}]}}