{"id":38851,"date":"2023-02-24T17:52:00","date_gmt":"2023-02-24T22:52:00","guid":{"rendered":"https:\/\/www.uartes.edu.ec\/sitio\/?p=38851"},"modified":"2025-08-21T19:09:53","modified_gmt":"2025-08-22T00:09:53","slug":"pintura-escultura-fotografia-collage-dibujo-ilustracion-digital-e-instalaciones-en-muestra-colectiva-de-nivelacion","status":"publish","type":"post","link":"https:\/\/www.uartes.edu.ec\/sitio\/en\/blog\/2023\/02\/24\/pintura-escultura-fotografia-collage-dibujo-ilustracion-digital-e-instalaciones-en-muestra-colectiva-de-nivelacion\/","title":{"rendered":"Pintura, escultura, collage, dibujo e instalaci\u00f3n, entre las propuestas de la exposici\u00f3n colectiva de Nivelaci\u00f3n"},"content":{"rendered":"<p>Propuestas de variada t\u00e9cnica. Desde dibujos hasta esculturas, pasando por pinturas, fotograf\u00edas, collages, ilustraci\u00f3n digital e instalaciones interactiva y pict\u00f3rica. La muestra de Artes Visuales con la cual los estudiantes de Nivelaci\u00f3n dieron cuenta de sus procesos concit\u00f3 gran inter\u00e9s durante la jornada art\u00edstica y creativa con la que se cerr\u00f3 el ciclo. Tuvo lugar este 23 de febrero en el aula 104 del MZ14.<\/p>\n\n\n\n<p>Para este espacio expositivo, ubicado en el primer piso del Centro de Producci\u00f3n e Innovaci\u00f3n de la UArtes y junto al Proyect Room, se hizo una selecci\u00f3n de trabajos de las materias Introducci\u00f3n al Dibujo Art\u00edstico, Introducci\u00f3n a la Creaci\u00f3n Art\u00edstica, Pr\u00e1ctica Disciplinar y Arte y Sociedad.<\/p>\n\n\n\n<p>De la docente Gabriela Fabre, a cargo de las asignaturas Introducci\u00f3n al Dibujo Art\u00edstico y Pr\u00e1ctica Disciplinar, se pudo leer un corto texto que detall\u00f3 los trabajos que pr\u00e1cticamente ocuparon una pared del sal\u00f3n. All\u00ed especific\u00f3 era una selecci\u00f3n de los mejores de los estudiantes durante el curso de Nivelaci\u00f3n. Explic\u00f3 que la asignatura se plante\u00f3 como un espacio ensayo de t\u00e9cnicas tradicionales y propuestas m\u00e1s experimentales, as\u00ed como tambi\u00e9n de habilidades de observaci\u00f3n. \u201cEn estos dibujos notamos los intereses y referencias de las\/los estudiantes a trav\u00e9s de los motivos seleccionados, sus trazos y composiciones\u201d.&nbsp;&nbsp;<\/p>\n\n\n<div class=\"wp-block-image\">\n<figure class=\"aligncenter size-large\"><img fetchpriority=\"high\" decoding=\"async\" width=\"644\" height=\"429\" src=\"https:\/\/www.uartes.edu.ec\/sitio\/wp-content\/uploads\/2023\/03\/muestra-nivelacion1-644x429.jpg\" alt=\"\" class=\"wp-image-38853\" srcset=\"https:\/\/www.uartes.edu.ec\/sitio\/wp-content\/uploads\/2023\/03\/muestra-nivelacion1-644x429.jpg 644w, https:\/\/www.uartes.edu.ec\/sitio\/wp-content\/uploads\/2023\/03\/muestra-nivelacion1-768x511.jpg 768w, https:\/\/www.uartes.edu.ec\/sitio\/wp-content\/uploads\/2023\/03\/muestra-nivelacion1.jpg 2000w, https:\/\/www.uartes.edu.ec\/sitio\/wp-content\/uploads\/2023\/03\/muestra-nivelacion1-600x399.jpg 600w, https:\/\/www.uartes.edu.ec\/sitio\/wp-content\/uploads\/2023\/03\/muestra-nivelacion1-272x182.jpg 272w\" sizes=\"(max-width: 644px) 100vw, 644px\" \/><figcaption class=\"wp-element-caption\">El vicerrector acad\u00e9mico, Bradley Hilgert, en la muestra de Nivelaci\u00f3n. Lo acompa\u00f1a la docente Gabriela Fabre.<\/figcaption><\/figure>\n<\/div>\n\n\n<p>Entre los t\u00edtulos de estos trabajos, as\u00ed como de pinturas, esculturas y fotograf\u00edas, constaron: \u201c\u00bfDe d\u00f3nde vengo?, de Joshua Su\u00e1rez; \u201cTristeza y cambio\u201d, de Alessandro Carranza; \u201cIn\u00fatil\u201d, de Paola Rumiguano; \u201cF\u00edstula\u201d, de Adriana Chea; \u201cL\u00edneas y curvas\u201d, de Bryan Vill\u00f3n; \u201cEspont\u00e1neo\u201d, de Ana Paula Orellana; \u201cSeminarium\u201d, de Alan Cove\u00f1a; \u201cLas caras del mercado\u201d, de Gimilio\u00a0Rodr\u00edguez; \u201cAnalog\u00eda dulce\u201d, de Leonardo Coronel\u00a0Olaya; \u201cI wanna\u00a0stop\u201d, de Franklin Pico; y, \u201cMe seduce lo cotidiano y la complejidad\u201d, de Natasha Caregua.<\/p>\n\n\n\n<p>Los estudiantes de la docente Michelle Ulloa, quien tambi\u00e9n dicta la asignatura Pr\u00e1ctica Disciplinar y Arte y Sociedad, expusieron: \u201c\u00bfIlustraci\u00f3n?, Sol Naciente\u201d, de Joel S\u00e1nchez Zaraguayo. El autor mencion\u00f3 en la descripci\u00f3n era una reinterpretaci\u00f3n de la obra \u201cImpresi\u00f3n, Sol Naciente\u201d de Claude Monet, quien hace 151 a\u00f1os retrat\u00f3 el inicio de una era industrial \u201cy ahora nos enfrentamos a nuevas tecnolog\u00edas \u2013como ilustraci\u00f3n, fotograf\u00eda, fotomontajes\u2013 y&nbsp;\u00faltimamente inteligencias artificiales; esto abre el debate de que si una m\u00e1quina puede crear arte\u201d.&nbsp;&nbsp;<\/p>\n\n\n\n<p>\u201cA las puertas de la eternidad\u201d, de Ana&nbsp;Paula Orellana, Marjorie&nbsp;Paredes, Cindy&nbsp;Parra, Ivanna&nbsp;P\u00e1rraga, Franklin Pico, Jailene&nbsp;S\u00e1nchez, Joshua&nbsp;Su\u00e1rez, Sara Toala, Jos\u00e9&nbsp;David&nbsp;V\u00e9liz y&nbsp;Bryan&nbsp;Vill\u00f3n. Sobre la pieza se explic\u00f3: \u201cUniendo los diferentes puntos de vista de cada participante del grupo y con diferentes t\u00e9cnicas, cada uno plasm\u00f3 un segmento de esta obra con lo que tratamos de reflejar un poco la mente de Vincent Van Gogh, bas\u00e1ndonos en el libro <em>\u00daltimas cartas desde la locura,<\/em> que recopila misivas del artista, mismas que ofrecen&nbsp;un minucioso estudio de sus obras y su incansable deseo de producir por encima de sus necesidades y propia&nbsp;vida\u201d.<\/p>\n\n\n\n<p>En la ilustraci\u00f3n&nbsp;digital \u201cPsycoabby\u201d, Luis Rivero se\u00f1al\u00f3 a la tecnolog\u00eda como medio interactivo de los niveles de la conciencia.&nbsp;\u201cSe le comieron la lengua los ratones\u201d, acr\u00edlico sobre porcelana fr\u00eda, papel peri\u00f3dico y aluminio, del estudiante Milton Saltos, pieza con la cual su autor retrat\u00f3 de manera literal el dicho del cual tom\u00f3 el t\u00edtulo.<\/p>\n\n\n\n<p>Con las ilustraciones de la obra audiovisual \u201cUn punto de vista Vincent\u201d, Narcisa Olaya, Luis Rivero, Paola Rumiguano, Joel S\u00e1nchez Zaraguayo&nbsp;y F\u00e1tima V\u00e9lez se propusieron recrear y dar&nbsp;vida a las historias del libro <em>\u00daltimas cartas desde la locura<\/em> sobre la vida de Vincent Van Gogh.&nbsp;&nbsp;<\/p>\n\n\n\n<p>Tambi\u00e9n alumno de Ulloa, Ricardo Guam\u00e1n expuso \u201cEl mejor amigo del hombre\u201d en t\u00e9cnica papel mach\u00e9 sobre lienzo, caf\u00e9 y pintura acr\u00edlica.\u00a0De Milthon\u00a0Saltos, en el Aula 104 se vieron \u201cKraken\u201d, una estructura de arena realizada en la playa El Murci\u00e9lago de Manta e inspirada en la criatura de la mitolog\u00eda n\u00f3rdica del mismo nombre. Y, en tinta y grafito de papel, \u201cUArtes\u201d, fachada del Palacio de la Gobernaci\u00f3n con cuyas dimensiones hizo alusi\u00f3n a la fotograf\u00eda panor\u00e1mica.\u00a0\u00a0Jeremy Conya\u00a0expuso \u201cJugando con sombras\u201d y Dom\u00e9nica Carri\u00f3n, \u201cRoute\u00a0vs. L&#8217;mour\u201d\u00a0(\u201cCamino hacia el amor\u201d).<\/p>\n\n\n\n<p>De la asignatura Introducci\u00f3n a la creaci\u00f3n art\u00edstica que dicta la docente Melanie Moreira, se expusieron \u201cGatos\u201d, instalaci\u00f3n interactiva de Rebeca Toala, Sof\u00eda Arias, Wilmer Toalombo&nbsp;y Juan Sebasti\u00e1n Mite; y, \u201cTarot\u201d, de Cesia Mor\u00e1n, Karen Gallardo, Stefany Murillo y Amy Yerbabuena.&nbsp;&nbsp;&nbsp;&nbsp;<\/p>\n\n\n\n<p>De la materia Introducci\u00f3n a la Creaci\u00f3n Art\u00edstica, a cargo de la docente Vanessa Guam\u00e1n, en la muestra colectiva de Nivelaci\u00f3n se present\u00f3 la instalaci\u00f3n pict\u00f3rica \u201cProcedimiento de la vida\u201d, de la autor\u00eda de Mithon&nbsp;Saltos, Dom\u00e9nica Carri\u00f3n, Bryan Vill\u00f3n y Paola Rumiguano; y, la escultura \u201cYo, t\u00fa, ellos\u201d, de Josmara&nbsp;Escala, Luiggi&nbsp;Riveros y Marcelo Herrera.<\/p>","protected":false},"excerpt":{"rendered":"<p>Propuestas de variada t\u00e9cnica. Desde dibujos hasta esculturas, pasando por pinturas, fotograf\u00edas, collages, ilustraci\u00f3n digital e instalaciones interactiva y pict\u00f3rica. La muestra de Artes Visuales con la cual los estudiantes de Nivelaci\u00f3n dieron cuenta de sus procesos concit\u00f3 gran inter\u00e9s durante la jornada art\u00edstica y creativa con la que se cerr\u00f3 el ciclo. Tuvo lugar este 23 de febrero en el aula 104 del MZ14.<\/p>","protected":false},"author":10,"featured_media":77524,"comment_status":"open","ping_status":"open","sticky":false,"template":"","format":"standard","meta":{"_acf_changed":false,"_uag_custom_page_level_css":"","_monsterinsights_skip_tracking":false,"_monsterinsights_sitenote_active":false,"_monsterinsights_sitenote_note":"","_monsterinsights_sitenote_category":0,"cybocfi_hide_featured_image":"","footnotes":""},"categories":[722,159,150,157,147,76,175,83],"tags":[590],"infouartes":[],"class_list":["post-38851","post","type-post","status-publish","format-standard","has-post-thumbnail","hentry","category-1f","category-artes-escenicas","category-artes-sonoras","category-artes-visuales","category-cine","category-estudiantes","category-literatura","category-sedes","tag-muestra"],"acf":[],"yoast_head":"<!-- This site is optimized with the Yoast SEO plugin v27.4 - https:\/\/yoast.com\/product\/yoast-seo-wordpress\/ -->\n<title>Universidad de las Artes - Pintura, escultura, collage, dibujo e instalaci\u00f3n, entre las propuestas de la exposici\u00f3n colectiva de Nivelaci\u00f3n<\/title>\n<meta name=\"description\" content=\"Universidad de las Artes - Pintura, escultura, collage, dibujo e instalaci\u00f3n, entre las propuestas de la exposici\u00f3n colectiva de Nivelaci\u00f3n\" \/>\n<meta name=\"robots\" content=\"index, follow, max-snippet:-1, max-image-preview:large, max-video-preview:-1\" \/>\n<link rel=\"canonical\" href=\"https:\/\/www.uartes.edu.ec\/sitio\/en\/blog\/2023\/02\/24\/pintura-escultura-fotografia-collage-dibujo-ilustracion-digital-e-instalaciones-en-muestra-colectiva-de-nivelacion\/\" \/>\n<meta property=\"og:locale\" content=\"en_US\" \/>\n<meta property=\"og:type\" content=\"article\" \/>\n<meta property=\"og:title\" content=\"Universidad de las Artes - Pintura, escultura, collage, dibujo e instalaci\u00f3n, entre las propuestas de la exposici\u00f3n colectiva de Nivelaci\u00f3n\" \/>\n<meta property=\"og:description\" content=\"Universidad de las Artes - Pintura, escultura, collage, dibujo e instalaci\u00f3n, entre las propuestas de la exposici\u00f3n colectiva de Nivelaci\u00f3n\" \/>\n<meta property=\"og:url\" content=\"https:\/\/www.uartes.edu.ec\/sitio\/en\/blog\/2023\/02\/24\/pintura-escultura-fotografia-collage-dibujo-ilustracion-digital-e-instalaciones-en-muestra-colectiva-de-nivelacion\/\" \/>\n<meta property=\"og:site_name\" content=\"Universidad de las Artes\" \/>\n<meta property=\"article:publisher\" content=\"https:\/\/www.facebook.com\/uartesec\" \/>\n<meta property=\"article:published_time\" content=\"2023-02-24T22:52:00+00:00\" \/>\n<meta property=\"article:modified_time\" content=\"2025-08-22T00:09:53+00:00\" \/>\n<meta property=\"og:image\" content=\"https:\/\/www.uartes.edu.ec\/sitio\/wp-content\/uploads\/2023\/03\/muestra-nivelacion2.jpg\" \/>\n\t<meta property=\"og:image:width\" content=\"2000\" \/>\n\t<meta property=\"og:image:height\" content=\"1333\" \/>\n\t<meta property=\"og:image:type\" content=\"image\/jpeg\" \/>\n<meta name=\"author\" content=\"ccortez\" \/>\n<meta name=\"twitter:card\" content=\"summary_large_image\" \/>\n<meta name=\"twitter:creator\" content=\"@uartesec\" \/>\n<meta name=\"twitter:site\" content=\"@uartesec\" \/>\n<meta name=\"twitter:label1\" content=\"Written by\" \/>\n\t<meta name=\"twitter:data1\" content=\"ccortez\" \/>\n\t<meta name=\"twitter:label2\" content=\"Est. reading time\" \/>\n\t<meta name=\"twitter:data2\" content=\"4 minutes\" \/>\n<script type=\"application\/ld+json\" class=\"yoast-schema-graph\">{\"@context\":\"https:\\\/\\\/schema.org\",\"@graph\":[{\"@type\":\"Article\",\"@id\":\"https:\\\/\\\/www.uartes.edu.ec\\\/sitio\\\/en\\\/blog\\\/2023\\\/02\\\/24\\\/pintura-escultura-fotografia-collage-dibujo-ilustracion-digital-e-instalaciones-en-muestra-colectiva-de-nivelacion\\\/#article\",\"isPartOf\":{\"@id\":\"https:\\\/\\\/www.uartes.edu.ec\\\/sitio\\\/en\\\/blog\\\/2023\\\/02\\\/24\\\/pintura-escultura-fotografia-collage-dibujo-ilustracion-digital-e-instalaciones-en-muestra-colectiva-de-nivelacion\\\/\"},\"author\":{\"name\":\"ccortez\",\"@id\":\"https:\\\/\\\/www.uartes.edu.ec\\\/sitio\\\/en\\\/#\\\/schema\\\/person\\\/efa1b8275797664fd7f13a79ccc0b1f4\"},\"headline\":\"Pintura, escultura, collage, dibujo e instalaci\u00f3n, entre las propuestas de la exposici\u00f3n colectiva de Nivelaci\u00f3n\",\"datePublished\":\"2023-02-24T22:52:00+00:00\",\"dateModified\":\"2025-08-22T00:09:53+00:00\",\"mainEntityOfPage\":{\"@id\":\"https:\\\/\\\/www.uartes.edu.ec\\\/sitio\\\/en\\\/blog\\\/2023\\\/02\\\/24\\\/pintura-escultura-fotografia-collage-dibujo-ilustracion-digital-e-instalaciones-en-muestra-colectiva-de-nivelacion\\\/\"},\"wordCount\":940,\"commentCount\":0,\"publisher\":{\"@id\":\"https:\\\/\\\/www.uartes.edu.ec\\\/sitio\\\/en\\\/#organization\"},\"image\":{\"@id\":\"https:\\\/\\\/www.uartes.edu.ec\\\/sitio\\\/en\\\/blog\\\/2023\\\/02\\\/24\\\/pintura-escultura-fotografia-collage-dibujo-ilustracion-digital-e-instalaciones-en-muestra-colectiva-de-nivelacion\\\/#primaryimage\"},\"thumbnailUrl\":\"https:\\\/\\\/www.uartes.edu.ec\\\/sitio\\\/wp-content\\\/uploads\\\/2023\\\/02\\\/Proyecto-Cambiar-tamano-de-imagen-2025-08-21T190925.864.jpeg\",\"keywords\":[\"muestra\"],\"articleSection\":[\"1F\",\"Artes Esc\u00e9nicas\",\"Artes Sonoras\",\"Artes Visuales\",\"Cine\",\"Estudiantes\",\"Literatura\",\"Sedes\"],\"inLanguage\":\"en-US\",\"potentialAction\":[{\"@type\":\"CommentAction\",\"name\":\"Comment\",\"target\":[\"https:\\\/\\\/www.uartes.edu.ec\\\/sitio\\\/en\\\/blog\\\/2023\\\/02\\\/24\\\/pintura-escultura-fotografia-collage-dibujo-ilustracion-digital-e-instalaciones-en-muestra-colectiva-de-nivelacion\\\/#respond\"]}]},{\"@type\":[\"WebPage\",\"ItemPage\"],\"@id\":\"https:\\\/\\\/www.uartes.edu.ec\\\/sitio\\\/en\\\/blog\\\/2023\\\/02\\\/24\\\/pintura-escultura-fotografia-collage-dibujo-ilustracion-digital-e-instalaciones-en-muestra-colectiva-de-nivelacion\\\/\",\"url\":\"https:\\\/\\\/www.uartes.edu.ec\\\/sitio\\\/en\\\/blog\\\/2023\\\/02\\\/24\\\/pintura-escultura-fotografia-collage-dibujo-ilustracion-digital-e-instalaciones-en-muestra-colectiva-de-nivelacion\\\/\",\"name\":\"Universidad de las Artes - Pintura, escultura, collage, dibujo e instalaci\u00f3n, entre las propuestas de la exposici\u00f3n colectiva de Nivelaci\u00f3n\",\"isPartOf\":{\"@id\":\"https:\\\/\\\/www.uartes.edu.ec\\\/sitio\\\/en\\\/#website\"},\"primaryImageOfPage\":{\"@id\":\"https:\\\/\\\/www.uartes.edu.ec\\\/sitio\\\/en\\\/blog\\\/2023\\\/02\\\/24\\\/pintura-escultura-fotografia-collage-dibujo-ilustracion-digital-e-instalaciones-en-muestra-colectiva-de-nivelacion\\\/#primaryimage\"},\"image\":{\"@id\":\"https:\\\/\\\/www.uartes.edu.ec\\\/sitio\\\/en\\\/blog\\\/2023\\\/02\\\/24\\\/pintura-escultura-fotografia-collage-dibujo-ilustracion-digital-e-instalaciones-en-muestra-colectiva-de-nivelacion\\\/#primaryimage\"},\"thumbnailUrl\":\"https:\\\/\\\/www.uartes.edu.ec\\\/sitio\\\/wp-content\\\/uploads\\\/2023\\\/02\\\/Proyecto-Cambiar-tamano-de-imagen-2025-08-21T190925.864.jpeg\",\"datePublished\":\"2023-02-24T22:52:00+00:00\",\"dateModified\":\"2025-08-22T00:09:53+00:00\",\"description\":\"Universidad de las Artes - Pintura, escultura, collage, dibujo e instalaci\u00f3n, entre las propuestas de la exposici\u00f3n colectiva de Nivelaci\u00f3n\",\"breadcrumb\":{\"@id\":\"https:\\\/\\\/www.uartes.edu.ec\\\/sitio\\\/en\\\/blog\\\/2023\\\/02\\\/24\\\/pintura-escultura-fotografia-collage-dibujo-ilustracion-digital-e-instalaciones-en-muestra-colectiva-de-nivelacion\\\/#breadcrumb\"},\"inLanguage\":\"en-US\",\"potentialAction\":[{\"@type\":\"ReadAction\",\"target\":[\"https:\\\/\\\/www.uartes.edu.ec\\\/sitio\\\/en\\\/blog\\\/2023\\\/02\\\/24\\\/pintura-escultura-fotografia-collage-dibujo-ilustracion-digital-e-instalaciones-en-muestra-colectiva-de-nivelacion\\\/\"]}]},{\"@type\":\"ImageObject\",\"inLanguage\":\"en-US\",\"@id\":\"https:\\\/\\\/www.uartes.edu.ec\\\/sitio\\\/en\\\/blog\\\/2023\\\/02\\\/24\\\/pintura-escultura-fotografia-collage-dibujo-ilustracion-digital-e-instalaciones-en-muestra-colectiva-de-nivelacion\\\/#primaryimage\",\"url\":\"https:\\\/\\\/www.uartes.edu.ec\\\/sitio\\\/wp-content\\\/uploads\\\/2023\\\/02\\\/Proyecto-Cambiar-tamano-de-imagen-2025-08-21T190925.864.jpeg\",\"contentUrl\":\"https:\\\/\\\/www.uartes.edu.ec\\\/sitio\\\/wp-content\\\/uploads\\\/2023\\\/02\\\/Proyecto-Cambiar-tamano-de-imagen-2025-08-21T190925.864.jpeg\",\"width\":2000,\"height\":1333},{\"@type\":\"BreadcrumbList\",\"@id\":\"https:\\\/\\\/www.uartes.edu.ec\\\/sitio\\\/en\\\/blog\\\/2023\\\/02\\\/24\\\/pintura-escultura-fotografia-collage-dibujo-ilustracion-digital-e-instalaciones-en-muestra-colectiva-de-nivelacion\\\/#breadcrumb\",\"itemListElement\":[{\"@type\":\"ListItem\",\"position\":1,\"name\":\"Inicio\",\"item\":\"https:\\\/\\\/www.uartes.edu.ec\\\/sitio\\\/\"},{\"@type\":\"ListItem\",\"position\":2,\"name\":\"Pintura, escultura, collage, dibujo e instalaci\u00f3n, entre las propuestas de la exposici\u00f3n colectiva de Nivelaci\u00f3n\"}]},{\"@type\":\"WebSite\",\"@id\":\"https:\\\/\\\/www.uartes.edu.ec\\\/sitio\\\/en\\\/#website\",\"url\":\"https:\\\/\\\/www.uartes.edu.ec\\\/sitio\\\/en\\\/\",\"name\":\"Universidad de las Artes\",\"description\":\"Sitio oficial de la Universidad Nacional de las Artes del Ecuador\",\"publisher\":{\"@id\":\"https:\\\/\\\/www.uartes.edu.ec\\\/sitio\\\/en\\\/#organization\"},\"potentialAction\":[{\"@type\":\"SearchAction\",\"target\":{\"@type\":\"EntryPoint\",\"urlTemplate\":\"https:\\\/\\\/www.uartes.edu.ec\\\/sitio\\\/en\\\/?s={search_term_string}\"},\"query-input\":{\"@type\":\"PropertyValueSpecification\",\"valueRequired\":true,\"valueName\":\"search_term_string\"}}],\"inLanguage\":\"en-US\"},{\"@type\":\"Organization\",\"@id\":\"https:\\\/\\\/www.uartes.edu.ec\\\/sitio\\\/en\\\/#organization\",\"name\":\"Universidad de las Artes\",\"url\":\"https:\\\/\\\/www.uartes.edu.ec\\\/sitio\\\/en\\\/\",\"logo\":{\"@type\":\"ImageObject\",\"inLanguage\":\"en-US\",\"@id\":\"https:\\\/\\\/www.uartes.edu.ec\\\/sitio\\\/en\\\/#\\\/schema\\\/logo\\\/image\\\/\",\"url\":\"https:\\\/\\\/www.uartes.edu.ec\\\/sitio\\\/wp-content\\\/uploads\\\/2022\\\/07\\\/logo-ua-horizontal.png\",\"contentUrl\":\"https:\\\/\\\/www.uartes.edu.ec\\\/sitio\\\/wp-content\\\/uploads\\\/2022\\\/07\\\/logo-ua-horizontal.png\",\"width\":800,\"height\":276,\"caption\":\"Universidad de las Artes\"},\"image\":{\"@id\":\"https:\\\/\\\/www.uartes.edu.ec\\\/sitio\\\/en\\\/#\\\/schema\\\/logo\\\/image\\\/\"},\"sameAs\":[\"https:\\\/\\\/www.facebook.com\\\/uartesec\",\"https:\\\/\\\/x.com\\\/uartesec\",\"https:\\\/\\\/www.tiktok.com\\\/@uartesec\"]},{\"@type\":\"Person\",\"@id\":\"https:\\\/\\\/www.uartes.edu.ec\\\/sitio\\\/en\\\/#\\\/schema\\\/person\\\/efa1b8275797664fd7f13a79ccc0b1f4\",\"name\":\"ccortez\",\"image\":{\"@type\":\"ImageObject\",\"inLanguage\":\"en-US\",\"@id\":\"https:\\\/\\\/secure.gravatar.com\\\/avatar\\\/b2a6f664a3ae8e074346ef91775736c5ec479e637ecced6842de9dc98b5da9cd?s=96&d=mm&r=g\",\"url\":\"https:\\\/\\\/secure.gravatar.com\\\/avatar\\\/b2a6f664a3ae8e074346ef91775736c5ec479e637ecced6842de9dc98b5da9cd?s=96&d=mm&r=g\",\"contentUrl\":\"https:\\\/\\\/secure.gravatar.com\\\/avatar\\\/b2a6f664a3ae8e074346ef91775736c5ec479e637ecced6842de9dc98b5da9cd?s=96&d=mm&r=g\",\"caption\":\"ccortez\"},\"url\":\"https:\\\/\\\/www.uartes.edu.ec\\\/sitio\\\/en\\\/blog\\\/author\\\/ccortez\\\/\"}]}<\/script>\n<!-- \/ Yoast SEO plugin. -->","yoast_head_json":{"title":"Universidad de las Artes - Pintura, escultura, collage, dibujo e instalaci\u00f3n, entre las propuestas de la exposici\u00f3n colectiva de Nivelaci\u00f3n","description":"Universidad de las Artes - Pintura, escultura, collage, dibujo e instalaci\u00f3n, entre las propuestas de la exposici\u00f3n colectiva de Nivelaci\u00f3n","robots":{"index":"index","follow":"follow","max-snippet":"max-snippet:-1","max-image-preview":"max-image-preview:large","max-video-preview":"max-video-preview:-1"},"canonical":"https:\/\/www.uartes.edu.ec\/sitio\/en\/blog\/2023\/02\/24\/pintura-escultura-fotografia-collage-dibujo-ilustracion-digital-e-instalaciones-en-muestra-colectiva-de-nivelacion\/","og_locale":"en_US","og_type":"article","og_title":"Universidad de las Artes - Pintura, escultura, collage, dibujo e instalaci\u00f3n, entre las propuestas de la exposici\u00f3n colectiva de Nivelaci\u00f3n","og_description":"Universidad de las Artes - Pintura, escultura, collage, dibujo e instalaci\u00f3n, entre las propuestas de la exposici\u00f3n colectiva de Nivelaci\u00f3n","og_url":"https:\/\/www.uartes.edu.ec\/sitio\/en\/blog\/2023\/02\/24\/pintura-escultura-fotografia-collage-dibujo-ilustracion-digital-e-instalaciones-en-muestra-colectiva-de-nivelacion\/","og_site_name":"Universidad de las Artes","article_publisher":"https:\/\/www.facebook.com\/uartesec","article_published_time":"2023-02-24T22:52:00+00:00","article_modified_time":"2025-08-22T00:09:53+00:00","og_image":[{"width":2000,"height":1333,"url":"https:\/\/www.uartes.edu.ec\/sitio\/wp-content\/uploads\/2023\/03\/muestra-nivelacion2.jpg","type":"image\/jpeg"}],"author":"ccortez","twitter_card":"summary_large_image","twitter_creator":"@uartesec","twitter_site":"@uartesec","twitter_misc":{"Written by":"ccortez","Est. reading time":"4 minutes"},"schema":{"@context":"https:\/\/schema.org","@graph":[{"@type":"Article","@id":"https:\/\/www.uartes.edu.ec\/sitio\/en\/blog\/2023\/02\/24\/pintura-escultura-fotografia-collage-dibujo-ilustracion-digital-e-instalaciones-en-muestra-colectiva-de-nivelacion\/#article","isPartOf":{"@id":"https:\/\/www.uartes.edu.ec\/sitio\/en\/blog\/2023\/02\/24\/pintura-escultura-fotografia-collage-dibujo-ilustracion-digital-e-instalaciones-en-muestra-colectiva-de-nivelacion\/"},"author":{"name":"ccortez","@id":"https:\/\/www.uartes.edu.ec\/sitio\/en\/#\/schema\/person\/efa1b8275797664fd7f13a79ccc0b1f4"},"headline":"Pintura, escultura, collage, dibujo e instalaci\u00f3n, entre las propuestas de la exposici\u00f3n colectiva de Nivelaci\u00f3n","datePublished":"2023-02-24T22:52:00+00:00","dateModified":"2025-08-22T00:09:53+00:00","mainEntityOfPage":{"@id":"https:\/\/www.uartes.edu.ec\/sitio\/en\/blog\/2023\/02\/24\/pintura-escultura-fotografia-collage-dibujo-ilustracion-digital-e-instalaciones-en-muestra-colectiva-de-nivelacion\/"},"wordCount":940,"commentCount":0,"publisher":{"@id":"https:\/\/www.uartes.edu.ec\/sitio\/en\/#organization"},"image":{"@id":"https:\/\/www.uartes.edu.ec\/sitio\/en\/blog\/2023\/02\/24\/pintura-escultura-fotografia-collage-dibujo-ilustracion-digital-e-instalaciones-en-muestra-colectiva-de-nivelacion\/#primaryimage"},"thumbnailUrl":"https:\/\/www.uartes.edu.ec\/sitio\/wp-content\/uploads\/2023\/02\/Proyecto-Cambiar-tamano-de-imagen-2025-08-21T190925.864.jpeg","keywords":["muestra"],"articleSection":["1F","Artes Esc\u00e9nicas","Artes Sonoras","Artes Visuales","Cine","Estudiantes","Literatura","Sedes"],"inLanguage":"en-US","potentialAction":[{"@type":"CommentAction","name":"Comment","target":["https:\/\/www.uartes.edu.ec\/sitio\/en\/blog\/2023\/02\/24\/pintura-escultura-fotografia-collage-dibujo-ilustracion-digital-e-instalaciones-en-muestra-colectiva-de-nivelacion\/#respond"]}]},{"@type":["WebPage","ItemPage"],"@id":"https:\/\/www.uartes.edu.ec\/sitio\/en\/blog\/2023\/02\/24\/pintura-escultura-fotografia-collage-dibujo-ilustracion-digital-e-instalaciones-en-muestra-colectiva-de-nivelacion\/","url":"https:\/\/www.uartes.edu.ec\/sitio\/en\/blog\/2023\/02\/24\/pintura-escultura-fotografia-collage-dibujo-ilustracion-digital-e-instalaciones-en-muestra-colectiva-de-nivelacion\/","name":"Universidad de las Artes - Pintura, escultura, collage, dibujo e instalaci\u00f3n, entre las propuestas de la exposici\u00f3n colectiva de Nivelaci\u00f3n","isPartOf":{"@id":"https:\/\/www.uartes.edu.ec\/sitio\/en\/#website"},"primaryImageOfPage":{"@id":"https:\/\/www.uartes.edu.ec\/sitio\/en\/blog\/2023\/02\/24\/pintura-escultura-fotografia-collage-dibujo-ilustracion-digital-e-instalaciones-en-muestra-colectiva-de-nivelacion\/#primaryimage"},"image":{"@id":"https:\/\/www.uartes.edu.ec\/sitio\/en\/blog\/2023\/02\/24\/pintura-escultura-fotografia-collage-dibujo-ilustracion-digital-e-instalaciones-en-muestra-colectiva-de-nivelacion\/#primaryimage"},"thumbnailUrl":"https:\/\/www.uartes.edu.ec\/sitio\/wp-content\/uploads\/2023\/02\/Proyecto-Cambiar-tamano-de-imagen-2025-08-21T190925.864.jpeg","datePublished":"2023-02-24T22:52:00+00:00","dateModified":"2025-08-22T00:09:53+00:00","description":"Universidad de las Artes - Pintura, escultura, collage, dibujo e instalaci\u00f3n, entre las propuestas de la exposici\u00f3n colectiva de Nivelaci\u00f3n","breadcrumb":{"@id":"https:\/\/www.uartes.edu.ec\/sitio\/en\/blog\/2023\/02\/24\/pintura-escultura-fotografia-collage-dibujo-ilustracion-digital-e-instalaciones-en-muestra-colectiva-de-nivelacion\/#breadcrumb"},"inLanguage":"en-US","potentialAction":[{"@type":"ReadAction","target":["https:\/\/www.uartes.edu.ec\/sitio\/en\/blog\/2023\/02\/24\/pintura-escultura-fotografia-collage-dibujo-ilustracion-digital-e-instalaciones-en-muestra-colectiva-de-nivelacion\/"]}]},{"@type":"ImageObject","inLanguage":"en-US","@id":"https:\/\/www.uartes.edu.ec\/sitio\/en\/blog\/2023\/02\/24\/pintura-escultura-fotografia-collage-dibujo-ilustracion-digital-e-instalaciones-en-muestra-colectiva-de-nivelacion\/#primaryimage","url":"https:\/\/www.uartes.edu.ec\/sitio\/wp-content\/uploads\/2023\/02\/Proyecto-Cambiar-tamano-de-imagen-2025-08-21T190925.864.jpeg","contentUrl":"https:\/\/www.uartes.edu.ec\/sitio\/wp-content\/uploads\/2023\/02\/Proyecto-Cambiar-tamano-de-imagen-2025-08-21T190925.864.jpeg","width":2000,"height":1333},{"@type":"BreadcrumbList","@id":"https:\/\/www.uartes.edu.ec\/sitio\/en\/blog\/2023\/02\/24\/pintura-escultura-fotografia-collage-dibujo-ilustracion-digital-e-instalaciones-en-muestra-colectiva-de-nivelacion\/#breadcrumb","itemListElement":[{"@type":"ListItem","position":1,"name":"Inicio","item":"https:\/\/www.uartes.edu.ec\/sitio\/"},{"@type":"ListItem","position":2,"name":"Pintura, escultura, collage, dibujo e instalaci\u00f3n, entre las propuestas de la exposici\u00f3n colectiva de Nivelaci\u00f3n"}]},{"@type":"WebSite","@id":"https:\/\/www.uartes.edu.ec\/sitio\/en\/#website","url":"https:\/\/www.uartes.edu.ec\/sitio\/en\/","name":"Universidad de las Artes","description":"Sitio oficial de la Universidad Nacional de las Artes del Ecuador","publisher":{"@id":"https:\/\/www.uartes.edu.ec\/sitio\/en\/#organization"},"potentialAction":[{"@type":"SearchAction","target":{"@type":"EntryPoint","urlTemplate":"https:\/\/www.uartes.edu.ec\/sitio\/en\/?s={search_term_string}"},"query-input":{"@type":"PropertyValueSpecification","valueRequired":true,"valueName":"search_term_string"}}],"inLanguage":"en-US"},{"@type":"Organization","@id":"https:\/\/www.uartes.edu.ec\/sitio\/en\/#organization","name":"Universidad de las Artes","url":"https:\/\/www.uartes.edu.ec\/sitio\/en\/","logo":{"@type":"ImageObject","inLanguage":"en-US","@id":"https:\/\/www.uartes.edu.ec\/sitio\/en\/#\/schema\/logo\/image\/","url":"https:\/\/www.uartes.edu.ec\/sitio\/wp-content\/uploads\/2022\/07\/logo-ua-horizontal.png","contentUrl":"https:\/\/www.uartes.edu.ec\/sitio\/wp-content\/uploads\/2022\/07\/logo-ua-horizontal.png","width":800,"height":276,"caption":"Universidad de las Artes"},"image":{"@id":"https:\/\/www.uartes.edu.ec\/sitio\/en\/#\/schema\/logo\/image\/"},"sameAs":["https:\/\/www.facebook.com\/uartesec","https:\/\/x.com\/uartesec","https:\/\/www.tiktok.com\/@uartesec"]},{"@type":"Person","@id":"https:\/\/www.uartes.edu.ec\/sitio\/en\/#\/schema\/person\/efa1b8275797664fd7f13a79ccc0b1f4","name":"ccortez","image":{"@type":"ImageObject","inLanguage":"en-US","@id":"https:\/\/secure.gravatar.com\/avatar\/b2a6f664a3ae8e074346ef91775736c5ec479e637ecced6842de9dc98b5da9cd?s=96&d=mm&r=g","url":"https:\/\/secure.gravatar.com\/avatar\/b2a6f664a3ae8e074346ef91775736c5ec479e637ecced6842de9dc98b5da9cd?s=96&d=mm&r=g","contentUrl":"https:\/\/secure.gravatar.com\/avatar\/b2a6f664a3ae8e074346ef91775736c5ec479e637ecced6842de9dc98b5da9cd?s=96&d=mm&r=g","caption":"ccortez"},"url":"https:\/\/www.uartes.edu.ec\/sitio\/en\/blog\/author\/ccortez\/"}]}},"uagb_featured_image_src":{"full":["https:\/\/www.uartes.edu.ec\/sitio\/wp-content\/uploads\/2023\/02\/Proyecto-Cambiar-tamano-de-imagen-2025-08-21T190925.864.jpeg",2000,1333,false],"thumbnail":["https:\/\/www.uartes.edu.ec\/sitio\/wp-content\/uploads\/2023\/02\/Proyecto-Cambiar-tamano-de-imagen-2025-08-21T190925.864-150x150.jpeg",150,150,true],"medium":["https:\/\/www.uartes.edu.ec\/sitio\/wp-content\/uploads\/2023\/02\/Proyecto-Cambiar-tamano-de-imagen-2025-08-21T190925.864-300x200.jpeg",300,200,true],"medium_large":["https:\/\/www.uartes.edu.ec\/sitio\/wp-content\/uploads\/2023\/02\/Proyecto-Cambiar-tamano-de-imagen-2025-08-21T190925.864-768x512.jpeg",768,512,true],"large":["https:\/\/www.uartes.edu.ec\/sitio\/wp-content\/uploads\/2023\/02\/Proyecto-Cambiar-tamano-de-imagen-2025-08-21T190925.864-644x429.jpeg",644,429,true],"1536x1536":["https:\/\/www.uartes.edu.ec\/sitio\/wp-content\/uploads\/2023\/02\/Proyecto-Cambiar-tamano-de-imagen-2025-08-21T190925.864-1536x1024.jpeg",1536,1024,true],"2048x2048":["https:\/\/www.uartes.edu.ec\/sitio\/wp-content\/uploads\/2023\/02\/Proyecto-Cambiar-tamano-de-imagen-2025-08-21T190925.864.jpeg",2000,1333,false],"trp-custom-language-flag":["https:\/\/www.uartes.edu.ec\/sitio\/wp-content\/uploads\/2023\/02\/Proyecto-Cambiar-tamano-de-imagen-2025-08-21T190925.864-18x12.jpeg",18,12,true],"htmega_size_585x295":["https:\/\/www.uartes.edu.ec\/sitio\/wp-content\/uploads\/2023\/02\/Proyecto-Cambiar-tamano-de-imagen-2025-08-21T190925.864-585x295.jpeg",585,295,true],"htmega_size_1170x536":["https:\/\/www.uartes.edu.ec\/sitio\/wp-content\/uploads\/2023\/02\/Proyecto-Cambiar-tamano-de-imagen-2025-08-21T190925.864-1170x536.jpeg",1170,536,true],"htmega_size_396x360":["https:\/\/www.uartes.edu.ec\/sitio\/wp-content\/uploads\/2023\/02\/Proyecto-Cambiar-tamano-de-imagen-2025-08-21T190925.864-396x360.jpeg",396,360,true],"gb-block-post-grid-landscape":["https:\/\/www.uartes.edu.ec\/sitio\/wp-content\/uploads\/2023\/02\/Proyecto-Cambiar-tamano-de-imagen-2025-08-21T190925.864-600x400.jpeg",600,400,true],"gb-block-post-grid-square":["https:\/\/www.uartes.edu.ec\/sitio\/wp-content\/uploads\/2023\/02\/Proyecto-Cambiar-tamano-de-imagen-2025-08-21T190925.864-600x600.jpeg",600,600,true],"university-hub-thumb":["https:\/\/www.uartes.edu.ec\/sitio\/wp-content\/uploads\/2023\/02\/Proyecto-Cambiar-tamano-de-imagen-2025-08-21T190925.864-400x267.jpeg",400,267,true]},"uagb_author_info":{"display_name":"ccortez","author_link":"https:\/\/www.uartes.edu.ec\/sitio\/en\/blog\/author\/ccortez\/"},"uagb_comment_info":0,"uagb_excerpt":"Propuestas de variada t\u00e9cnica. Desde dibujos hasta esculturas, pasando por pinturas, fotograf\u00edas, collages, ilustraci\u00f3n digital e instalaciones interactiva y pict\u00f3rica. La muestra de Artes Visuales con la cual los estudiantes de Nivelaci\u00f3n dieron cuenta de sus procesos concit\u00f3 gran inter\u00e9s durante la jornada art\u00edstica y creativa con la que se cerr\u00f3 el ciclo. Tuvo lugar&hellip;","featured_image_src":"https:\/\/www.uartes.edu.ec\/sitio\/wp-content\/uploads\/2023\/02\/Proyecto-Cambiar-tamano-de-imagen-2025-08-21T190925.864-600x400.jpeg","featured_image_src_square":"https:\/\/www.uartes.edu.ec\/sitio\/wp-content\/uploads\/2023\/02\/Proyecto-Cambiar-tamano-de-imagen-2025-08-21T190925.864-600x600.jpeg","author_info":{"display_name":"ccortez","author_link":"https:\/\/www.uartes.edu.ec\/sitio\/en\/blog\/author\/ccortez\/"},"publishpress_future_workflow_manual_trigger":{"enabledWorkflows":[]},"distributor_meta":false,"distributor_terms":false,"distributor_media":false,"distributor_original_site_name":"Universidad de las Artes","distributor_original_site_url":"https:\/\/www.uartes.edu.ec\/sitio\/en","push-errors":false,"_links":{"self":[{"href":"https:\/\/www.uartes.edu.ec\/sitio\/en\/wp-json\/wp\/v2\/posts\/38851","targetHints":{"allow":["GET"]}}],"collection":[{"href":"https:\/\/www.uartes.edu.ec\/sitio\/en\/wp-json\/wp\/v2\/posts"}],"about":[{"href":"https:\/\/www.uartes.edu.ec\/sitio\/en\/wp-json\/wp\/v2\/types\/post"}],"author":[{"embeddable":true,"href":"https:\/\/www.uartes.edu.ec\/sitio\/en\/wp-json\/wp\/v2\/users\/10"}],"replies":[{"embeddable":true,"href":"https:\/\/www.uartes.edu.ec\/sitio\/en\/wp-json\/wp\/v2\/comments?post=38851"}],"version-history":[{"count":9,"href":"https:\/\/www.uartes.edu.ec\/sitio\/en\/wp-json\/wp\/v2\/posts\/38851\/revisions"}],"predecessor-version":[{"id":38882,"href":"https:\/\/www.uartes.edu.ec\/sitio\/en\/wp-json\/wp\/v2\/posts\/38851\/revisions\/38882"}],"wp:featuredmedia":[{"embeddable":true,"href":"https:\/\/www.uartes.edu.ec\/sitio\/en\/wp-json\/wp\/v2\/media\/77524"}],"wp:attachment":[{"href":"https:\/\/www.uartes.edu.ec\/sitio\/en\/wp-json\/wp\/v2\/media?parent=38851"}],"wp:term":[{"taxonomy":"category","embeddable":true,"href":"https:\/\/www.uartes.edu.ec\/sitio\/en\/wp-json\/wp\/v2\/categories?post=38851"},{"taxonomy":"post_tag","embeddable":true,"href":"https:\/\/www.uartes.edu.ec\/sitio\/en\/wp-json\/wp\/v2\/tags?post=38851"},{"taxonomy":"infouartes","embeddable":true,"href":"https:\/\/www.uartes.edu.ec\/sitio\/en\/wp-json\/wp\/v2\/infouartes?post=38851"}],"curies":[{"name":"wp","href":"https:\/\/api.w.org\/{rel}","templated":true}]}}