{"id":38976,"date":"2023-02-27T13:10:00","date_gmt":"2023-02-27T18:10:00","guid":{"rendered":"https:\/\/www.uartes.edu.ec\/sitio\/?p=38976"},"modified":"2024-07-04T11:21:28","modified_gmt":"2024-07-04T16:21:28","slug":"en-taller-se-conocieron-experiencias-de-la-evaluacion-institucional-2019-2020-a-bibliotecas-universitarias","status":"publish","type":"post","link":"https:\/\/www.uartes.edu.ec\/sitio\/en\/blog\/2023\/02\/27\/en-taller-se-conocieron-experiencias-de-la-evaluacion-institucional-2019-2020-a-bibliotecas-universitarias\/","title":{"rendered":"En taller se conocieron experiencias de la evaluaci\u00f3n institucional 2019-2020 a bibliotecas universitarias por el CACES"},"content":{"rendered":"<p>Compartir las experiencias de las bibliotecas universitarias y sus equipos de trabajo durante el ejercicio de evaluaci\u00f3n institucional de 2019-2020 fue uno de los objetivos del taller organizado por el Consejo de Aseguramiento de la Calidad de la Educaci\u00f3n Superior&nbsp;(CACES) y la Universidad de las Artes, donde tambi\u00e9n se dieron a conocer los est\u00e1ndares, elementos fundamentales y fuentes de informaci\u00f3n que se han definido como propuesta al nuevo Modelo de Evaluaci\u00f3n Institucional con fines de Acreditaci\u00f3n 2025.<\/p>\n\n\n\n<p>Denominado \u201cAportes para la formulaci\u00f3n de indicadores de calidad educativa relacionados con bibliotecas universitarias\u201d, el taller se desarroll\u00f3 el 24 de febrero de 2023 en la Biblioteca de las Artes y cont\u00f3 con la participaci\u00f3n de las autoridades y los equipos del CACES y de la UArtes, y de los directores y responsables de las bibliotecas de las instituciones de educaci\u00f3n superior del pa\u00eds.<\/p>\n\n\n\n<p>La licenciada Soraya Campos, directora de la Biblioteca de las Artes, dio la bienvenida a la cita, donde se consensuaron los indicadores de evaluaci\u00f3n institucional y retroalimentaci\u00f3n de r\u00fabricas \u2013que concierne directamente al CACES\u2013, y que son pertinentes a las bibliotecas universitarias porque contribuyen a la circulaci\u00f3n de contenidos, a la formaci\u00f3n y mediaci\u00f3n de p\u00fablicos e inclusive al desarrollo de proyectos de vinculaci\u00f3n e investigaci\u00f3n, convirti\u00e9ndose en un espacio complementario al proceso formativo.<\/p>\n\n\n<div class=\"wp-block-image\">\n<figure class=\"aligncenter size-large\"><img fetchpriority=\"high\" decoding=\"async\" width=\"644\" height=\"429\" src=\"https:\/\/www.uartes.edu.ec\/sitio\/wp-content\/uploads\/2023\/03\/02-TALLER-BIBLIOTECAS-UNIVERSITARIAS-01-644x429.jpg\" alt=\"\" class=\"wp-image-38978\" srcset=\"https:\/\/www.uartes.edu.ec\/sitio\/wp-content\/uploads\/2023\/03\/02-TALLER-BIBLIOTECAS-UNIVERSITARIAS-01-644x429.jpg 644w, https:\/\/www.uartes.edu.ec\/sitio\/wp-content\/uploads\/2023\/03\/02-TALLER-BIBLIOTECAS-UNIVERSITARIAS-01-768x511.jpg 768w, https:\/\/www.uartes.edu.ec\/sitio\/wp-content\/uploads\/2023\/03\/02-TALLER-BIBLIOTECAS-UNIVERSITARIAS-01.jpg 2000w, https:\/\/www.uartes.edu.ec\/sitio\/wp-content\/uploads\/2023\/03\/02-TALLER-BIBLIOTECAS-UNIVERSITARIAS-01-600x399.jpg 600w, https:\/\/www.uartes.edu.ec\/sitio\/wp-content\/uploads\/2023\/03\/02-TALLER-BIBLIOTECAS-UNIVERSITARIAS-01-272x182.jpg 272w\" sizes=\"(max-width: 644px) 100vw, 644px\" \/><\/figure>\n<\/div>\n\n<div class=\"wp-block-image\">\n<figure class=\"aligncenter size-large\"><img decoding=\"async\" width=\"644\" height=\"429\" src=\"https:\/\/www.uartes.edu.ec\/sitio\/wp-content\/uploads\/2023\/03\/03-TALLER-BIBLIOTECAS-UNIVERSITARIAS-01-644x429.jpg\" alt=\"\" class=\"wp-image-38979\" srcset=\"https:\/\/www.uartes.edu.ec\/sitio\/wp-content\/uploads\/2023\/03\/03-TALLER-BIBLIOTECAS-UNIVERSITARIAS-01-644x429.jpg 644w, https:\/\/www.uartes.edu.ec\/sitio\/wp-content\/uploads\/2023\/03\/03-TALLER-BIBLIOTECAS-UNIVERSITARIAS-01-768x511.jpg 768w, https:\/\/www.uartes.edu.ec\/sitio\/wp-content\/uploads\/2023\/03\/03-TALLER-BIBLIOTECAS-UNIVERSITARIAS-01.jpg 2000w, https:\/\/www.uartes.edu.ec\/sitio\/wp-content\/uploads\/2023\/03\/03-TALLER-BIBLIOTECAS-UNIVERSITARIAS-01-600x399.jpg 600w, https:\/\/www.uartes.edu.ec\/sitio\/wp-content\/uploads\/2023\/03\/03-TALLER-BIBLIOTECAS-UNIVERSITARIAS-01-272x182.jpg 272w\" sizes=\"(max-width: 644px) 100vw, 644px\" \/><\/figure>\n<\/div>\n\n\n<p>El rector de la Universidad de las Artes, doctor William Herrera, agradeci\u00f3 al Dr. Gustavo Estrella, presidente de la Comisi\u00f3n Permanente de Universidades y Escuelas Polit\u00e9cnicas del CACES, por abrir espacios de di\u00e1logo que permitan enriquecer y trasladar al \u00f3rgano rector experiencias, propuestas y criterios desde las universidades. Indic\u00f3 que originalmente el taller estaba programado para noviembre del 2022, pero no se realiz\u00f3 por los episodios de violencia que enfrent\u00f3 Guayaquil y que oblig\u00f3 a suspender actividades presenciales.&nbsp;<\/p>\n\n\n\n<p>Manifest\u00f3 que las bibliotecas cumplen un rol fundamental en las universidades y en el desarrollo de sus modelos pedag\u00f3gicos. \u201cEl prop\u00f3sito del taller es revisar y conversar entorno a las propuestas de indicadores de calidad que se plantear\u00edan para el futuro modelo de evaluaci\u00f3n, a partir de las experiencias concretas que tuvieron las instituciones y bibliotecas con sus equipos en 2019-2020, cuando se realiz\u00f3 el \u00faltimo ejercicio de evaluaci\u00f3n institucional con fines de acreditaci\u00f3n\u201d.<\/p>\n\n\n\n<p>Que en las discusiones e intercambios podamos incorporar otras dimensiones que permitan una visi\u00f3n m\u00e1s amplia de lo que representan las bibliotecas universitarias, tanto para sus instituciones como para la sociedad y el pa\u00eds en general, expres\u00f3 el doctor Herrera y se\u00f1al\u00f3 a las bibliotecas como espacios din\u00e1micos capaces de innovar y ampliar servicios para las comunidades universitarias y la ciudadan\u00eda en general.<\/p>\n\n\n<div class=\"wp-block-image\">\n<figure class=\"aligncenter size-large\"><img decoding=\"async\" width=\"644\" height=\"429\" src=\"https:\/\/www.uartes.edu.ec\/sitio\/wp-content\/uploads\/2023\/03\/05-TALLER-BIBLIOTECAS-UNIVERSITARIAS-01-644x429.jpg\" alt=\"\" class=\"wp-image-38980\" srcset=\"https:\/\/www.uartes.edu.ec\/sitio\/wp-content\/uploads\/2023\/03\/05-TALLER-BIBLIOTECAS-UNIVERSITARIAS-01-644x429.jpg 644w, https:\/\/www.uartes.edu.ec\/sitio\/wp-content\/uploads\/2023\/03\/05-TALLER-BIBLIOTECAS-UNIVERSITARIAS-01-768x511.jpg 768w, https:\/\/www.uartes.edu.ec\/sitio\/wp-content\/uploads\/2023\/03\/05-TALLER-BIBLIOTECAS-UNIVERSITARIAS-01.jpg 2000w, https:\/\/www.uartes.edu.ec\/sitio\/wp-content\/uploads\/2023\/03\/05-TALLER-BIBLIOTECAS-UNIVERSITARIAS-01-600x399.jpg 600w, https:\/\/www.uartes.edu.ec\/sitio\/wp-content\/uploads\/2023\/03\/05-TALLER-BIBLIOTECAS-UNIVERSITARIAS-01-272x182.jpg 272w\" sizes=\"(max-width: 644px) 100vw, 644px\" \/><\/figure>\n<\/div>\n\n\n<p>\u201cA lo largo de estos dos \u00faltimos a\u00f1os de experiencia en el rectorado, he podido visitar muchas instituciones de educaci\u00f3n superior y sus bibliotecas y con mucho agrado he podido constatar la generaci\u00f3n de nuevos servicios y espacios. Algunas ya cuentan con \u00e1reas infantiles, espacios para promover la lectura en ni\u00f1as y ni\u00f1os\u201d, dijo. La Biblioteca de las Artes tiene la Sala R\u00eda, un espacio dedicado a la ni\u00f1ez, \u201clo cual es fundamental para nosotros\u201d.<\/p>\n\n\n\n<p>Mencion\u00f3 tambi\u00e9n las iniciativas que se han desarrollado para generar espacios que promueven la educaci\u00f3n inclusiva y coment\u00f3 conocer algunas bibliotecas universitarias que tienen servicios para personas con discapacidad con todo lo que implica, como la adquisici\u00f3n de equipamiento espec\u00edfico y capacitaci\u00f3n del personal, lo cual revela la gran capacidad para innovar.<\/p>\n\n\n\n<p>De la experiencia con la UArtes, refiri\u00f3 que la Biblioteca de las Artes, que es para la comunidad universitaria y, sobre todo, la ciudadan\u00eda, adquiere m\u00e1s sentido \u201ccuando logramos articularla con el sector en el que nos encontramos: el centro de Guayaquil, as\u00ed como con los barrios y habitantes de la ciudad. Ah\u00ed entendemos que tiene un rol fundamental en el desarrollo del modelo pedag\u00f3gico, en el caso de nuestra instituci\u00f3n\u201d.<\/p>\n\n\n\n<p>Expres\u00f3 tambi\u00e9n que estamos atravesando un gran desaf\u00edo como sociedad, debido a la actual violencia, y que el gran consenso para salir de esta situaci\u00f3n es apostar a m\u00e1s educaci\u00f3n, cultura y espacios p\u00fablicos para este tipo de actividades \u201cy las bibliotecas universitarias tienen un rol fundamental ante la carencia de una pol\u00edtica p\u00fablica de bibliotecas a nivel del pa\u00eds. Si bien no somos parte del Sistema Nacional de Cultura, aqu\u00ed est\u00e1 lo que podr\u00eda ser una pol\u00edtica p\u00fablica de desarrollo y fomento de las bibliotecas y del acceso a la lectura y el conocimiento\u201d.<\/p>\n\n\n<div class=\"wp-block-image\">\n<figure class=\"aligncenter size-large\"><img loading=\"lazy\" decoding=\"async\" width=\"644\" height=\"429\" src=\"https:\/\/www.uartes.edu.ec\/sitio\/wp-content\/uploads\/2023\/03\/04-TALLER-BIBLIOTECAS-UNIVERSITARIAS-01-644x429.jpg\" alt=\"\" class=\"wp-image-38981\" srcset=\"https:\/\/www.uartes.edu.ec\/sitio\/wp-content\/uploads\/2023\/03\/04-TALLER-BIBLIOTECAS-UNIVERSITARIAS-01-644x429.jpg 644w, https:\/\/www.uartes.edu.ec\/sitio\/wp-content\/uploads\/2023\/03\/04-TALLER-BIBLIOTECAS-UNIVERSITARIAS-01-768x511.jpg 768w, https:\/\/www.uartes.edu.ec\/sitio\/wp-content\/uploads\/2023\/03\/04-TALLER-BIBLIOTECAS-UNIVERSITARIAS-01.jpg 2000w, https:\/\/www.uartes.edu.ec\/sitio\/wp-content\/uploads\/2023\/03\/04-TALLER-BIBLIOTECAS-UNIVERSITARIAS-01-600x399.jpg 600w, https:\/\/www.uartes.edu.ec\/sitio\/wp-content\/uploads\/2023\/03\/04-TALLER-BIBLIOTECAS-UNIVERSITARIAS-01-272x182.jpg 272w\" sizes=\"(max-width: 644px) 100vw, 644px\" \/><\/figure>\n<\/div>\n\n\n<p>Tambi\u00e9n al inicio del taller, el doctor Gustavo Estrella hizo extensivo el saludo a los presentes de la presidenta del CACES, doctora Ximena C\u00f3rdova, as\u00ed como de los consejeros y t\u00e9cnicos. Felicit\u00f3 al rector de la UArtes por realizar el taller y se\u00f1al\u00f3 a la Biblioteca de las Artes como un lugar privilegiado que invita a la lectura, al estudio, a la reflexi\u00f3n.<\/p>\n\n\n\n<p>En el taller, dijo, algunas universidades dir\u00e1n c\u00f3mo les fue, qu\u00e9 ocurri\u00f3 y qu\u00e9 lecciones aprendidas pueden manifestar del ejercicio de evaluaci\u00f3n institucional de 2019-2020. \u201cDe parte del CACES vamos a exponer el nuevo modelo en relaci\u00f3n a las bibliotecas, los est\u00e1ndares y elementos fundamentales que conforman este nuevo modelo\u2026 y qu\u00e9 mejor que sea consensuado\u201d.<\/p>\n\n\n\n<p>Con la moderaci\u00f3n de Wendy Salinas, del CACES, durante el taller, se compartieron las experiencias de las universidades en la referida evaluaci\u00f3n institucional. Intervinieron, entre otros, Esther Lindao, bibliotecaria de la sede UIDE, Guayaquil, y directora de la Biblioteca Tecnol\u00f3gico Universitario Esp\u00edritu Santo; Ruth Carvajal, exdirectora de la biblioteca de la Universidad Guayaquil; Tania Cumbal, directora de la biblioteca de la PUCE; y, Ximena Vallejo, coordinadora de la biblioteca de la Facultad Latinoamericana de Ciencias Sociales (FLACSO).<\/p>\n\n\n<div class=\"wp-block-image\">\n<figure class=\"aligncenter size-large\"><img loading=\"lazy\" decoding=\"async\" width=\"644\" height=\"429\" src=\"https:\/\/www.uartes.edu.ec\/sitio\/wp-content\/uploads\/2023\/03\/07-TALLER-BIBLIOTECAS-UNIVERSITARIAS-01-644x429.jpg\" alt=\"\" class=\"wp-image-38982\" srcset=\"https:\/\/www.uartes.edu.ec\/sitio\/wp-content\/uploads\/2023\/03\/07-TALLER-BIBLIOTECAS-UNIVERSITARIAS-01-644x429.jpg 644w, https:\/\/www.uartes.edu.ec\/sitio\/wp-content\/uploads\/2023\/03\/07-TALLER-BIBLIOTECAS-UNIVERSITARIAS-01-768x511.jpg 768w, https:\/\/www.uartes.edu.ec\/sitio\/wp-content\/uploads\/2023\/03\/07-TALLER-BIBLIOTECAS-UNIVERSITARIAS-01.jpg 2000w, https:\/\/www.uartes.edu.ec\/sitio\/wp-content\/uploads\/2023\/03\/07-TALLER-BIBLIOTECAS-UNIVERSITARIAS-01-600x399.jpg 600w, https:\/\/www.uartes.edu.ec\/sitio\/wp-content\/uploads\/2023\/03\/07-TALLER-BIBLIOTECAS-UNIVERSITARIAS-01-272x182.jpg 272w\" sizes=\"(max-width: 644px) 100vw, 644px\" \/><\/figure>\n<\/div>\n\n\n<p>Al final de la jornada, el doctor Estrella se\u00f1al\u00f3 al tiempo transcurrido como valioso para el CACES y que las colaboraciones ser\u00e1n estudiadas. Enfatiz\u00f3 haber escuchado con atenci\u00f3n lo expuesto y que una biblioteca universitaria necesita un manejo t\u00e9cnico. \u201cTenemos tres a\u00f1os para prepararnos, capacit\u00e9monos y capacitemos al personal a nuestro cargo en lo que se pueda. Hagamos el esfuerzo\u201d.<\/p>\n\n\n\n<p>En di\u00e1logo con InfoUArtes, el presidente de la Comisi\u00f3n Permanente de Universidades y Escuelas Polit\u00e9cnicas del CACES expres\u00f3 su satisfacci\u00f3n con el taller. Reiter\u00f3 que la Biblioteca de las Artes invita a la lectura, al estudio, a la reflexi\u00f3n. \u201cEs de primera y est\u00e1 manejada t\u00e9cnicamente. El doctor William Herrera est\u00e1 conduciendo a la UArtes de manera excepcional y qu\u00e9 mejor ejemplo es el manejo que tiene la Biblioteca de las Artes\u201d. Todo fue registrado y ser\u00e1 analizado para los est\u00e1ndares y elementos fundamentales que conforman el nuevo modelo de evaluaci\u00f3n institucional 2025, concluy\u00f3.<\/p>","protected":false},"excerpt":{"rendered":"<p>Compartir las experiencias de las bibliotecas universitarias durante la evaluaci\u00f3n institucional de 2019-2020 fue uno de los objetivos del taller organizado por el CACES y la UArtes, donde tambi\u00e9n se dieron a conocer los est\u00e1ndares, elementos fundamentales y fuentes de informaci\u00f3n definidos como propuesta al nuevo Modelo de Evaluaci\u00f3n Institucional con fines de Acreditaci\u00f3n 2025.<\/p>","protected":false},"author":10,"featured_media":38977,"comment_status":"open","ping_status":"open","sticky":false,"template":"","format":"standard","meta":{"_acf_changed":false,"_uag_custom_page_level_css":"","_monsterinsights_skip_tracking":false,"_monsterinsights_sitenote_active":false,"_monsterinsights_sitenote_note":"","_monsterinsights_sitenote_category":0,"cybocfi_hide_featured_image":"","footnotes":""},"categories":[714,80,77,83],"tags":[522],"infouartes":[],"class_list":["post-38976","post","type-post","status-publish","format-standard","has-post-thumbnail","hentry","category-2b","category-academico","category-gestion","category-sedes","tag-taller"],"acf":[],"yoast_head":"<!-- This site is optimized with the Yoast SEO plugin v27.4 - https:\/\/yoast.com\/product\/yoast-seo-wordpress\/ -->\n<title>Universidad de las Artes - En taller se conocieron experiencias de la evaluaci\u00f3n institucional 2019-2020 a bibliotecas universitarias por el CACES<\/title>\n<meta name=\"description\" content=\"Universidad de las Artes - En taller se conocieron experiencias de la evaluaci\u00f3n institucional 2019-2020 a bibliotecas universitarias por el CACES\" \/>\n<meta name=\"robots\" content=\"index, follow, max-snippet:-1, max-image-preview:large, max-video-preview:-1\" \/>\n<link rel=\"canonical\" href=\"https:\/\/www.uartes.edu.ec\/sitio\/en\/blog\/2023\/02\/27\/en-taller-se-conocieron-experiencias-de-la-evaluacion-institucional-2019-2020-a-bibliotecas-universitarias\/\" \/>\n<meta property=\"og:locale\" content=\"en_US\" \/>\n<meta property=\"og:type\" content=\"article\" \/>\n<meta property=\"og:title\" content=\"Universidad de las Artes - En taller se conocieron experiencias de la evaluaci\u00f3n institucional 2019-2020 a bibliotecas universitarias por el CACES\" \/>\n<meta property=\"og:description\" content=\"Universidad de las Artes - En taller se conocieron experiencias de la evaluaci\u00f3n institucional 2019-2020 a bibliotecas universitarias por el CACES\" \/>\n<meta property=\"og:url\" content=\"https:\/\/www.uartes.edu.ec\/sitio\/en\/blog\/2023\/02\/27\/en-taller-se-conocieron-experiencias-de-la-evaluacion-institucional-2019-2020-a-bibliotecas-universitarias\/\" \/>\n<meta property=\"og:site_name\" content=\"Universidad de las Artes\" \/>\n<meta property=\"article:publisher\" content=\"https:\/\/www.facebook.com\/uartesec\" \/>\n<meta property=\"article:published_time\" content=\"2023-02-27T18:10:00+00:00\" \/>\n<meta property=\"article:modified_time\" content=\"2024-07-04T16:21:28+00:00\" \/>\n<meta property=\"og:image\" content=\"https:\/\/www.uartes.edu.ec\/sitio\/wp-content\/uploads\/2023\/03\/01-TALLER-BIBLIOTECAS-UNIVERSITARIAS-01.jpg\" \/>\n\t<meta property=\"og:image:width\" content=\"2000\" \/>\n\t<meta property=\"og:image:height\" content=\"1333\" \/>\n\t<meta property=\"og:image:type\" content=\"image\/jpeg\" \/>\n<meta name=\"author\" content=\"ccortez\" \/>\n<meta name=\"twitter:card\" content=\"summary_large_image\" \/>\n<meta name=\"twitter:creator\" content=\"@uartesec\" \/>\n<meta name=\"twitter:site\" content=\"@uartesec\" \/>\n<meta name=\"twitter:label1\" content=\"Written by\" \/>\n\t<meta name=\"twitter:data1\" content=\"ccortez\" \/>\n\t<meta name=\"twitter:label2\" content=\"Est. reading time\" \/>\n\t<meta name=\"twitter:data2\" content=\"6 minutes\" \/>\n<script type=\"application\/ld+json\" class=\"yoast-schema-graph\">{\"@context\":\"https:\\\/\\\/schema.org\",\"@graph\":[{\"@type\":\"Article\",\"@id\":\"https:\\\/\\\/www.uartes.edu.ec\\\/sitio\\\/en\\\/blog\\\/2023\\\/02\\\/27\\\/en-taller-se-conocieron-experiencias-de-la-evaluacion-institucional-2019-2020-a-bibliotecas-universitarias\\\/#article\",\"isPartOf\":{\"@id\":\"https:\\\/\\\/www.uartes.edu.ec\\\/sitio\\\/en\\\/blog\\\/2023\\\/02\\\/27\\\/en-taller-se-conocieron-experiencias-de-la-evaluacion-institucional-2019-2020-a-bibliotecas-universitarias\\\/\"},\"author\":{\"name\":\"ccortez\",\"@id\":\"https:\\\/\\\/www.uartes.edu.ec\\\/sitio\\\/en\\\/#\\\/schema\\\/person\\\/efa1b8275797664fd7f13a79ccc0b1f4\"},\"headline\":\"En taller se conocieron experiencias de la evaluaci\u00f3n institucional 2019-2020 a bibliotecas universitarias por el CACES\",\"datePublished\":\"2023-02-27T18:10:00+00:00\",\"dateModified\":\"2024-07-04T16:21:28+00:00\",\"mainEntityOfPage\":{\"@id\":\"https:\\\/\\\/www.uartes.edu.ec\\\/sitio\\\/en\\\/blog\\\/2023\\\/02\\\/27\\\/en-taller-se-conocieron-experiencias-de-la-evaluacion-institucional-2019-2020-a-bibliotecas-universitarias\\\/\"},\"wordCount\":1180,\"commentCount\":0,\"publisher\":{\"@id\":\"https:\\\/\\\/www.uartes.edu.ec\\\/sitio\\\/en\\\/#organization\"},\"image\":{\"@id\":\"https:\\\/\\\/www.uartes.edu.ec\\\/sitio\\\/en\\\/blog\\\/2023\\\/02\\\/27\\\/en-taller-se-conocieron-experiencias-de-la-evaluacion-institucional-2019-2020-a-bibliotecas-universitarias\\\/#primaryimage\"},\"thumbnailUrl\":\"https:\\\/\\\/www.uartes.edu.ec\\\/sitio\\\/wp-content\\\/uploads\\\/2023\\\/03\\\/01-TALLER-BIBLIOTECAS-UNIVERSITARIAS-01.jpg\",\"keywords\":[\"taller\"],\"articleSection\":[\"2B\",\"Acad\u00e9mico\",\"Gesti\u00f3n\",\"Sedes\"],\"inLanguage\":\"en-US\",\"potentialAction\":[{\"@type\":\"CommentAction\",\"name\":\"Comment\",\"target\":[\"https:\\\/\\\/www.uartes.edu.ec\\\/sitio\\\/en\\\/blog\\\/2023\\\/02\\\/27\\\/en-taller-se-conocieron-experiencias-de-la-evaluacion-institucional-2019-2020-a-bibliotecas-universitarias\\\/#respond\"]}]},{\"@type\":[\"WebPage\",\"ItemPage\"],\"@id\":\"https:\\\/\\\/www.uartes.edu.ec\\\/sitio\\\/en\\\/blog\\\/2023\\\/02\\\/27\\\/en-taller-se-conocieron-experiencias-de-la-evaluacion-institucional-2019-2020-a-bibliotecas-universitarias\\\/\",\"url\":\"https:\\\/\\\/www.uartes.edu.ec\\\/sitio\\\/en\\\/blog\\\/2023\\\/02\\\/27\\\/en-taller-se-conocieron-experiencias-de-la-evaluacion-institucional-2019-2020-a-bibliotecas-universitarias\\\/\",\"name\":\"Universidad de las Artes - En taller se conocieron experiencias de la evaluaci\u00f3n institucional 2019-2020 a bibliotecas universitarias por el CACES\",\"isPartOf\":{\"@id\":\"https:\\\/\\\/www.uartes.edu.ec\\\/sitio\\\/en\\\/#website\"},\"primaryImageOfPage\":{\"@id\":\"https:\\\/\\\/www.uartes.edu.ec\\\/sitio\\\/en\\\/blog\\\/2023\\\/02\\\/27\\\/en-taller-se-conocieron-experiencias-de-la-evaluacion-institucional-2019-2020-a-bibliotecas-universitarias\\\/#primaryimage\"},\"image\":{\"@id\":\"https:\\\/\\\/www.uartes.edu.ec\\\/sitio\\\/en\\\/blog\\\/2023\\\/02\\\/27\\\/en-taller-se-conocieron-experiencias-de-la-evaluacion-institucional-2019-2020-a-bibliotecas-universitarias\\\/#primaryimage\"},\"thumbnailUrl\":\"https:\\\/\\\/www.uartes.edu.ec\\\/sitio\\\/wp-content\\\/uploads\\\/2023\\\/03\\\/01-TALLER-BIBLIOTECAS-UNIVERSITARIAS-01.jpg\",\"datePublished\":\"2023-02-27T18:10:00+00:00\",\"dateModified\":\"2024-07-04T16:21:28+00:00\",\"description\":\"Universidad de las Artes - En taller se conocieron experiencias de la evaluaci\u00f3n institucional 2019-2020 a bibliotecas universitarias por el CACES\",\"breadcrumb\":{\"@id\":\"https:\\\/\\\/www.uartes.edu.ec\\\/sitio\\\/en\\\/blog\\\/2023\\\/02\\\/27\\\/en-taller-se-conocieron-experiencias-de-la-evaluacion-institucional-2019-2020-a-bibliotecas-universitarias\\\/#breadcrumb\"},\"inLanguage\":\"en-US\",\"potentialAction\":[{\"@type\":\"ReadAction\",\"target\":[\"https:\\\/\\\/www.uartes.edu.ec\\\/sitio\\\/en\\\/blog\\\/2023\\\/02\\\/27\\\/en-taller-se-conocieron-experiencias-de-la-evaluacion-institucional-2019-2020-a-bibliotecas-universitarias\\\/\"]}]},{\"@type\":\"ImageObject\",\"inLanguage\":\"en-US\",\"@id\":\"https:\\\/\\\/www.uartes.edu.ec\\\/sitio\\\/en\\\/blog\\\/2023\\\/02\\\/27\\\/en-taller-se-conocieron-experiencias-de-la-evaluacion-institucional-2019-2020-a-bibliotecas-universitarias\\\/#primaryimage\",\"url\":\"https:\\\/\\\/www.uartes.edu.ec\\\/sitio\\\/wp-content\\\/uploads\\\/2023\\\/03\\\/01-TALLER-BIBLIOTECAS-UNIVERSITARIAS-01.jpg\",\"contentUrl\":\"https:\\\/\\\/www.uartes.edu.ec\\\/sitio\\\/wp-content\\\/uploads\\\/2023\\\/03\\\/01-TALLER-BIBLIOTECAS-UNIVERSITARIAS-01.jpg\",\"width\":2000,\"height\":1333},{\"@type\":\"BreadcrumbList\",\"@id\":\"https:\\\/\\\/www.uartes.edu.ec\\\/sitio\\\/en\\\/blog\\\/2023\\\/02\\\/27\\\/en-taller-se-conocieron-experiencias-de-la-evaluacion-institucional-2019-2020-a-bibliotecas-universitarias\\\/#breadcrumb\",\"itemListElement\":[{\"@type\":\"ListItem\",\"position\":1,\"name\":\"Inicio\",\"item\":\"https:\\\/\\\/www.uartes.edu.ec\\\/sitio\\\/\"},{\"@type\":\"ListItem\",\"position\":2,\"name\":\"En taller se conocieron experiencias de la evaluaci\u00f3n institucional 2019-2020 a bibliotecas universitarias por el CACES\"}]},{\"@type\":\"WebSite\",\"@id\":\"https:\\\/\\\/www.uartes.edu.ec\\\/sitio\\\/en\\\/#website\",\"url\":\"https:\\\/\\\/www.uartes.edu.ec\\\/sitio\\\/en\\\/\",\"name\":\"Universidad de las Artes\",\"description\":\"Sitio oficial de la Universidad Nacional de las Artes del Ecuador\",\"publisher\":{\"@id\":\"https:\\\/\\\/www.uartes.edu.ec\\\/sitio\\\/en\\\/#organization\"},\"potentialAction\":[{\"@type\":\"SearchAction\",\"target\":{\"@type\":\"EntryPoint\",\"urlTemplate\":\"https:\\\/\\\/www.uartes.edu.ec\\\/sitio\\\/en\\\/?s={search_term_string}\"},\"query-input\":{\"@type\":\"PropertyValueSpecification\",\"valueRequired\":true,\"valueName\":\"search_term_string\"}}],\"inLanguage\":\"en-US\"},{\"@type\":\"Organization\",\"@id\":\"https:\\\/\\\/www.uartes.edu.ec\\\/sitio\\\/en\\\/#organization\",\"name\":\"Universidad de las Artes\",\"url\":\"https:\\\/\\\/www.uartes.edu.ec\\\/sitio\\\/en\\\/\",\"logo\":{\"@type\":\"ImageObject\",\"inLanguage\":\"en-US\",\"@id\":\"https:\\\/\\\/www.uartes.edu.ec\\\/sitio\\\/en\\\/#\\\/schema\\\/logo\\\/image\\\/\",\"url\":\"https:\\\/\\\/www.uartes.edu.ec\\\/sitio\\\/wp-content\\\/uploads\\\/2022\\\/07\\\/logo-ua-horizontal.png\",\"contentUrl\":\"https:\\\/\\\/www.uartes.edu.ec\\\/sitio\\\/wp-content\\\/uploads\\\/2022\\\/07\\\/logo-ua-horizontal.png\",\"width\":800,\"height\":276,\"caption\":\"Universidad de las Artes\"},\"image\":{\"@id\":\"https:\\\/\\\/www.uartes.edu.ec\\\/sitio\\\/en\\\/#\\\/schema\\\/logo\\\/image\\\/\"},\"sameAs\":[\"https:\\\/\\\/www.facebook.com\\\/uartesec\",\"https:\\\/\\\/x.com\\\/uartesec\",\"https:\\\/\\\/www.tiktok.com\\\/@uartesec\"]},{\"@type\":\"Person\",\"@id\":\"https:\\\/\\\/www.uartes.edu.ec\\\/sitio\\\/en\\\/#\\\/schema\\\/person\\\/efa1b8275797664fd7f13a79ccc0b1f4\",\"name\":\"ccortez\",\"image\":{\"@type\":\"ImageObject\",\"inLanguage\":\"en-US\",\"@id\":\"https:\\\/\\\/secure.gravatar.com\\\/avatar\\\/b2a6f664a3ae8e074346ef91775736c5ec479e637ecced6842de9dc98b5da9cd?s=96&d=mm&r=g\",\"url\":\"https:\\\/\\\/secure.gravatar.com\\\/avatar\\\/b2a6f664a3ae8e074346ef91775736c5ec479e637ecced6842de9dc98b5da9cd?s=96&d=mm&r=g\",\"contentUrl\":\"https:\\\/\\\/secure.gravatar.com\\\/avatar\\\/b2a6f664a3ae8e074346ef91775736c5ec479e637ecced6842de9dc98b5da9cd?s=96&d=mm&r=g\",\"caption\":\"ccortez\"},\"url\":\"https:\\\/\\\/www.uartes.edu.ec\\\/sitio\\\/en\\\/blog\\\/author\\\/ccortez\\\/\"}]}<\/script>\n<!-- \/ Yoast SEO plugin. -->","yoast_head_json":{"title":"Universidad de las Artes - En taller se conocieron experiencias de la evaluaci\u00f3n institucional 2019-2020 a bibliotecas universitarias por el CACES","description":"Universidad de las Artes - En taller se conocieron experiencias de la evaluaci\u00f3n institucional 2019-2020 a bibliotecas universitarias por el CACES","robots":{"index":"index","follow":"follow","max-snippet":"max-snippet:-1","max-image-preview":"max-image-preview:large","max-video-preview":"max-video-preview:-1"},"canonical":"https:\/\/www.uartes.edu.ec\/sitio\/en\/blog\/2023\/02\/27\/en-taller-se-conocieron-experiencias-de-la-evaluacion-institucional-2019-2020-a-bibliotecas-universitarias\/","og_locale":"en_US","og_type":"article","og_title":"Universidad de las Artes - En taller se conocieron experiencias de la evaluaci\u00f3n institucional 2019-2020 a bibliotecas universitarias por el CACES","og_description":"Universidad de las Artes - En taller se conocieron experiencias de la evaluaci\u00f3n institucional 2019-2020 a bibliotecas universitarias por el CACES","og_url":"https:\/\/www.uartes.edu.ec\/sitio\/en\/blog\/2023\/02\/27\/en-taller-se-conocieron-experiencias-de-la-evaluacion-institucional-2019-2020-a-bibliotecas-universitarias\/","og_site_name":"Universidad de las Artes","article_publisher":"https:\/\/www.facebook.com\/uartesec","article_published_time":"2023-02-27T18:10:00+00:00","article_modified_time":"2024-07-04T16:21:28+00:00","og_image":[{"width":2000,"height":1333,"url":"https:\/\/www.uartes.edu.ec\/sitio\/wp-content\/uploads\/2023\/03\/01-TALLER-BIBLIOTECAS-UNIVERSITARIAS-01.jpg","type":"image\/jpeg"}],"author":"ccortez","twitter_card":"summary_large_image","twitter_creator":"@uartesec","twitter_site":"@uartesec","twitter_misc":{"Written by":"ccortez","Est. reading time":"6 minutes"},"schema":{"@context":"https:\/\/schema.org","@graph":[{"@type":"Article","@id":"https:\/\/www.uartes.edu.ec\/sitio\/en\/blog\/2023\/02\/27\/en-taller-se-conocieron-experiencias-de-la-evaluacion-institucional-2019-2020-a-bibliotecas-universitarias\/#article","isPartOf":{"@id":"https:\/\/www.uartes.edu.ec\/sitio\/en\/blog\/2023\/02\/27\/en-taller-se-conocieron-experiencias-de-la-evaluacion-institucional-2019-2020-a-bibliotecas-universitarias\/"},"author":{"name":"ccortez","@id":"https:\/\/www.uartes.edu.ec\/sitio\/en\/#\/schema\/person\/efa1b8275797664fd7f13a79ccc0b1f4"},"headline":"En taller se conocieron experiencias de la evaluaci\u00f3n institucional 2019-2020 a bibliotecas universitarias por el CACES","datePublished":"2023-02-27T18:10:00+00:00","dateModified":"2024-07-04T16:21:28+00:00","mainEntityOfPage":{"@id":"https:\/\/www.uartes.edu.ec\/sitio\/en\/blog\/2023\/02\/27\/en-taller-se-conocieron-experiencias-de-la-evaluacion-institucional-2019-2020-a-bibliotecas-universitarias\/"},"wordCount":1180,"commentCount":0,"publisher":{"@id":"https:\/\/www.uartes.edu.ec\/sitio\/en\/#organization"},"image":{"@id":"https:\/\/www.uartes.edu.ec\/sitio\/en\/blog\/2023\/02\/27\/en-taller-se-conocieron-experiencias-de-la-evaluacion-institucional-2019-2020-a-bibliotecas-universitarias\/#primaryimage"},"thumbnailUrl":"https:\/\/www.uartes.edu.ec\/sitio\/wp-content\/uploads\/2023\/03\/01-TALLER-BIBLIOTECAS-UNIVERSITARIAS-01.jpg","keywords":["taller"],"articleSection":["2B","Acad\u00e9mico","Gesti\u00f3n","Sedes"],"inLanguage":"en-US","potentialAction":[{"@type":"CommentAction","name":"Comment","target":["https:\/\/www.uartes.edu.ec\/sitio\/en\/blog\/2023\/02\/27\/en-taller-se-conocieron-experiencias-de-la-evaluacion-institucional-2019-2020-a-bibliotecas-universitarias\/#respond"]}]},{"@type":["WebPage","ItemPage"],"@id":"https:\/\/www.uartes.edu.ec\/sitio\/en\/blog\/2023\/02\/27\/en-taller-se-conocieron-experiencias-de-la-evaluacion-institucional-2019-2020-a-bibliotecas-universitarias\/","url":"https:\/\/www.uartes.edu.ec\/sitio\/en\/blog\/2023\/02\/27\/en-taller-se-conocieron-experiencias-de-la-evaluacion-institucional-2019-2020-a-bibliotecas-universitarias\/","name":"Universidad de las Artes - En taller se conocieron experiencias de la evaluaci\u00f3n institucional 2019-2020 a bibliotecas universitarias por el CACES","isPartOf":{"@id":"https:\/\/www.uartes.edu.ec\/sitio\/en\/#website"},"primaryImageOfPage":{"@id":"https:\/\/www.uartes.edu.ec\/sitio\/en\/blog\/2023\/02\/27\/en-taller-se-conocieron-experiencias-de-la-evaluacion-institucional-2019-2020-a-bibliotecas-universitarias\/#primaryimage"},"image":{"@id":"https:\/\/www.uartes.edu.ec\/sitio\/en\/blog\/2023\/02\/27\/en-taller-se-conocieron-experiencias-de-la-evaluacion-institucional-2019-2020-a-bibliotecas-universitarias\/#primaryimage"},"thumbnailUrl":"https:\/\/www.uartes.edu.ec\/sitio\/wp-content\/uploads\/2023\/03\/01-TALLER-BIBLIOTECAS-UNIVERSITARIAS-01.jpg","datePublished":"2023-02-27T18:10:00+00:00","dateModified":"2024-07-04T16:21:28+00:00","description":"Universidad de las Artes - En taller se conocieron experiencias de la evaluaci\u00f3n institucional 2019-2020 a bibliotecas universitarias por el CACES","breadcrumb":{"@id":"https:\/\/www.uartes.edu.ec\/sitio\/en\/blog\/2023\/02\/27\/en-taller-se-conocieron-experiencias-de-la-evaluacion-institucional-2019-2020-a-bibliotecas-universitarias\/#breadcrumb"},"inLanguage":"en-US","potentialAction":[{"@type":"ReadAction","target":["https:\/\/www.uartes.edu.ec\/sitio\/en\/blog\/2023\/02\/27\/en-taller-se-conocieron-experiencias-de-la-evaluacion-institucional-2019-2020-a-bibliotecas-universitarias\/"]}]},{"@type":"ImageObject","inLanguage":"en-US","@id":"https:\/\/www.uartes.edu.ec\/sitio\/en\/blog\/2023\/02\/27\/en-taller-se-conocieron-experiencias-de-la-evaluacion-institucional-2019-2020-a-bibliotecas-universitarias\/#primaryimage","url":"https:\/\/www.uartes.edu.ec\/sitio\/wp-content\/uploads\/2023\/03\/01-TALLER-BIBLIOTECAS-UNIVERSITARIAS-01.jpg","contentUrl":"https:\/\/www.uartes.edu.ec\/sitio\/wp-content\/uploads\/2023\/03\/01-TALLER-BIBLIOTECAS-UNIVERSITARIAS-01.jpg","width":2000,"height":1333},{"@type":"BreadcrumbList","@id":"https:\/\/www.uartes.edu.ec\/sitio\/en\/blog\/2023\/02\/27\/en-taller-se-conocieron-experiencias-de-la-evaluacion-institucional-2019-2020-a-bibliotecas-universitarias\/#breadcrumb","itemListElement":[{"@type":"ListItem","position":1,"name":"Inicio","item":"https:\/\/www.uartes.edu.ec\/sitio\/"},{"@type":"ListItem","position":2,"name":"En taller se conocieron experiencias de la evaluaci\u00f3n institucional 2019-2020 a bibliotecas universitarias por el CACES"}]},{"@type":"WebSite","@id":"https:\/\/www.uartes.edu.ec\/sitio\/en\/#website","url":"https:\/\/www.uartes.edu.ec\/sitio\/en\/","name":"Universidad de las Artes","description":"Sitio oficial de la Universidad Nacional de las Artes del Ecuador","publisher":{"@id":"https:\/\/www.uartes.edu.ec\/sitio\/en\/#organization"},"potentialAction":[{"@type":"SearchAction","target":{"@type":"EntryPoint","urlTemplate":"https:\/\/www.uartes.edu.ec\/sitio\/en\/?s={search_term_string}"},"query-input":{"@type":"PropertyValueSpecification","valueRequired":true,"valueName":"search_term_string"}}],"inLanguage":"en-US"},{"@type":"Organization","@id":"https:\/\/www.uartes.edu.ec\/sitio\/en\/#organization","name":"Universidad de las Artes","url":"https:\/\/www.uartes.edu.ec\/sitio\/en\/","logo":{"@type":"ImageObject","inLanguage":"en-US","@id":"https:\/\/www.uartes.edu.ec\/sitio\/en\/#\/schema\/logo\/image\/","url":"https:\/\/www.uartes.edu.ec\/sitio\/wp-content\/uploads\/2022\/07\/logo-ua-horizontal.png","contentUrl":"https:\/\/www.uartes.edu.ec\/sitio\/wp-content\/uploads\/2022\/07\/logo-ua-horizontal.png","width":800,"height":276,"caption":"Universidad de las Artes"},"image":{"@id":"https:\/\/www.uartes.edu.ec\/sitio\/en\/#\/schema\/logo\/image\/"},"sameAs":["https:\/\/www.facebook.com\/uartesec","https:\/\/x.com\/uartesec","https:\/\/www.tiktok.com\/@uartesec"]},{"@type":"Person","@id":"https:\/\/www.uartes.edu.ec\/sitio\/en\/#\/schema\/person\/efa1b8275797664fd7f13a79ccc0b1f4","name":"ccortez","image":{"@type":"ImageObject","inLanguage":"en-US","@id":"https:\/\/secure.gravatar.com\/avatar\/b2a6f664a3ae8e074346ef91775736c5ec479e637ecced6842de9dc98b5da9cd?s=96&d=mm&r=g","url":"https:\/\/secure.gravatar.com\/avatar\/b2a6f664a3ae8e074346ef91775736c5ec479e637ecced6842de9dc98b5da9cd?s=96&d=mm&r=g","contentUrl":"https:\/\/secure.gravatar.com\/avatar\/b2a6f664a3ae8e074346ef91775736c5ec479e637ecced6842de9dc98b5da9cd?s=96&d=mm&r=g","caption":"ccortez"},"url":"https:\/\/www.uartes.edu.ec\/sitio\/en\/blog\/author\/ccortez\/"}]}},"uagb_featured_image_src":{"full":["https:\/\/www.uartes.edu.ec\/sitio\/wp-content\/uploads\/2023\/03\/01-TALLER-BIBLIOTECAS-UNIVERSITARIAS-01.jpg",2000,1333,false],"thumbnail":["https:\/\/www.uartes.edu.ec\/sitio\/wp-content\/uploads\/2023\/03\/01-TALLER-BIBLIOTECAS-UNIVERSITARIAS-01-150x150.jpg",150,150,true],"medium":["https:\/\/www.uartes.edu.ec\/sitio\/wp-content\/uploads\/2023\/03\/01-TALLER-BIBLIOTECAS-UNIVERSITARIAS-01-300x200.jpg",300,200,true],"medium_large":["https:\/\/www.uartes.edu.ec\/sitio\/wp-content\/uploads\/2023\/03\/01-TALLER-BIBLIOTECAS-UNIVERSITARIAS-01-768x512.jpg",768,512,true],"large":["https:\/\/www.uartes.edu.ec\/sitio\/wp-content\/uploads\/2023\/03\/01-TALLER-BIBLIOTECAS-UNIVERSITARIAS-01-644x429.jpg",644,429,true],"1536x1536":["https:\/\/www.uartes.edu.ec\/sitio\/wp-content\/uploads\/2023\/03\/01-TALLER-BIBLIOTECAS-UNIVERSITARIAS-01-1536x1024.jpg",1536,1024,true],"2048x2048":["https:\/\/www.uartes.edu.ec\/sitio\/wp-content\/uploads\/2023\/03\/01-TALLER-BIBLIOTECAS-UNIVERSITARIAS-01.jpg",2000,1333,false],"trp-custom-language-flag":["https:\/\/www.uartes.edu.ec\/sitio\/wp-content\/uploads\/2023\/03\/01-TALLER-BIBLIOTECAS-UNIVERSITARIAS-01.jpg",18,12,false],"htmega_size_585x295":["https:\/\/www.uartes.edu.ec\/sitio\/wp-content\/uploads\/2023\/03\/01-TALLER-BIBLIOTECAS-UNIVERSITARIAS-01-585x295.jpg",585,295,true],"htmega_size_1170x536":["https:\/\/www.uartes.edu.ec\/sitio\/wp-content\/uploads\/2023\/03\/01-TALLER-BIBLIOTECAS-UNIVERSITARIAS-01-1170x536.jpg",1170,536,true],"htmega_size_396x360":["https:\/\/www.uartes.edu.ec\/sitio\/wp-content\/uploads\/2023\/03\/01-TALLER-BIBLIOTECAS-UNIVERSITARIAS-01-396x360.jpg",396,360,true],"gb-block-post-grid-landscape":["https:\/\/www.uartes.edu.ec\/sitio\/wp-content\/uploads\/2023\/03\/01-TALLER-BIBLIOTECAS-UNIVERSITARIAS-01-600x400.jpg",600,400,true],"gb-block-post-grid-square":["https:\/\/www.uartes.edu.ec\/sitio\/wp-content\/uploads\/2023\/03\/01-TALLER-BIBLIOTECAS-UNIVERSITARIAS-01-600x600.jpg",600,600,true],"university-hub-thumb":["https:\/\/www.uartes.edu.ec\/sitio\/wp-content\/uploads\/2023\/03\/01-TALLER-BIBLIOTECAS-UNIVERSITARIAS-01-400x267.jpg",400,267,true],"mailpoet_newsletter_max":["https:\/\/www.uartes.edu.ec\/sitio\/wp-content\/uploads\/2023\/03\/01-TALLER-BIBLIOTECAS-UNIVERSITARIAS-01.jpg",1320,880,false]},"uagb_author_info":{"display_name":"ccortez","author_link":"https:\/\/www.uartes.edu.ec\/sitio\/en\/blog\/author\/ccortez\/"},"uagb_comment_info":0,"uagb_excerpt":"Compartir las experiencias de las bibliotecas universitarias durante la evaluaci\u00f3n institucional de 2019-2020 fue uno de los objetivos del taller organizado por el CACES y la UArtes, donde tambi\u00e9n se dieron a conocer los est\u00e1ndares, elementos fundamentales y fuentes de informaci\u00f3n definidos como propuesta al nuevo Modelo de Evaluaci\u00f3n Institucional con fines de Acreditaci\u00f3n 2025.","featured_image_src":"https:\/\/www.uartes.edu.ec\/sitio\/wp-content\/uploads\/2023\/03\/01-TALLER-BIBLIOTECAS-UNIVERSITARIAS-01-600x400.jpg","featured_image_src_square":"https:\/\/www.uartes.edu.ec\/sitio\/wp-content\/uploads\/2023\/03\/01-TALLER-BIBLIOTECAS-UNIVERSITARIAS-01-600x600.jpg","author_info":{"display_name":"ccortez","author_link":"https:\/\/www.uartes.edu.ec\/sitio\/en\/blog\/author\/ccortez\/"},"publishpress_future_workflow_manual_trigger":{"enabledWorkflows":[]},"distributor_meta":false,"distributor_terms":false,"distributor_media":false,"distributor_original_site_name":"Universidad de las Artes","distributor_original_site_url":"https:\/\/www.uartes.edu.ec\/sitio\/en","push-errors":false,"_links":{"self":[{"href":"https:\/\/www.uartes.edu.ec\/sitio\/en\/wp-json\/wp\/v2\/posts\/38976","targetHints":{"allow":["GET"]}}],"collection":[{"href":"https:\/\/www.uartes.edu.ec\/sitio\/en\/wp-json\/wp\/v2\/posts"}],"about":[{"href":"https:\/\/www.uartes.edu.ec\/sitio\/en\/wp-json\/wp\/v2\/types\/post"}],"author":[{"embeddable":true,"href":"https:\/\/www.uartes.edu.ec\/sitio\/en\/wp-json\/wp\/v2\/users\/10"}],"replies":[{"embeddable":true,"href":"https:\/\/www.uartes.edu.ec\/sitio\/en\/wp-json\/wp\/v2\/comments?post=38976"}],"version-history":[{"count":12,"href":"https:\/\/www.uartes.edu.ec\/sitio\/en\/wp-json\/wp\/v2\/posts\/38976\/revisions"}],"predecessor-version":[{"id":39019,"href":"https:\/\/www.uartes.edu.ec\/sitio\/en\/wp-json\/wp\/v2\/posts\/38976\/revisions\/39019"}],"wp:featuredmedia":[{"embeddable":true,"href":"https:\/\/www.uartes.edu.ec\/sitio\/en\/wp-json\/wp\/v2\/media\/38977"}],"wp:attachment":[{"href":"https:\/\/www.uartes.edu.ec\/sitio\/en\/wp-json\/wp\/v2\/media?parent=38976"}],"wp:term":[{"taxonomy":"category","embeddable":true,"href":"https:\/\/www.uartes.edu.ec\/sitio\/en\/wp-json\/wp\/v2\/categories?post=38976"},{"taxonomy":"post_tag","embeddable":true,"href":"https:\/\/www.uartes.edu.ec\/sitio\/en\/wp-json\/wp\/v2\/tags?post=38976"},{"taxonomy":"infouartes","embeddable":true,"href":"https:\/\/www.uartes.edu.ec\/sitio\/en\/wp-json\/wp\/v2\/infouartes?post=38976"}],"curies":[{"name":"wp","href":"https:\/\/api.w.org\/{rel}","templated":true}]}}