{"id":39038,"date":"2023-02-28T16:33:00","date_gmt":"2023-02-28T21:33:00","guid":{"rendered":"https:\/\/www.uartes.edu.ec\/sitio\/?p=39038"},"modified":"2024-07-04T11:21:27","modified_gmt":"2024-07-04T16:21:27","slug":"mery-guillen-graduada-uartes-recibe-de-la-cce-reconocimiento-con-gestora-cultural-comunitaria","status":"publish","type":"post","link":"https:\/\/www.uartes.edu.ec\/sitio\/en\/blog\/2023\/02\/28\/mery-guillen-graduada-uartes-recibe-de-la-cce-reconocimiento-con-gestora-cultural-comunitaria\/","title":{"rendered":"Mery Guill\u00e9n, graduada UArtes, recibe de la CCE reconocimiento por proyecto y su gesti\u00f3n cultural comunitaria"},"content":{"rendered":"<p>Graduada en la Escuela de Literatura de la Universidad de las Artes, Mery Garc\u00eda Guill\u00e9n, quien firma solo como Mery Guill\u00e9n, ha recibido el reconocimiento de gestora cultural comunitaria por las investigaciones de acci\u00f3n participativa y las labores que desde 2018 viene desarrollando para recuperar sus narrativas orales en la comunidad montubia Quebrada de Guill\u00e9n, parroquia Calder\u00f3n, provincia de Manab\u00ed.<\/p>\n\n\n\n<p>Como resultado de este trabajo investigativo que inici\u00f3 cuando cursaba la carrera en la UArtes, Guill\u00e9n ayud\u00f3 con la reapropiaci\u00f3n mediante el v\u00ednculo interno en la comunidad, del cual result\u00f3 el Grupo Cultural Las Lozas de Quebrada de Guill\u00e9n, mismo que ya ha realizado dos festivales de tradiciones orales.<\/p>\n\n\n\n<p>El repaso se hace necesario para indicar que, junto con su reconocimiento como gestora cultural, la actividad que impuls\u00f3 y que aspira a seguir desarrollando, y lleva por nombre Festival de Tradiciones Orales Mancha de Ca\u00f1a, ha sido reconocida como proyecto cultural comunitario.<\/p>\n\n\n\n<p>Los reconocimientos en menci\u00f3n los hizo a Guill\u00e9n la sede nacional de la Casa de la Cultura Ecuatoriana Benjam\u00edn Carri\u00f3n y la Red Ecuatoriana de Cultura Viva Comunitaria.<\/p>\n\n\n<div class=\"wp-block-image\">\n<figure class=\"aligncenter size-large\"><img fetchpriority=\"high\" decoding=\"async\" width=\"644\" height=\"429\" src=\"https:\/\/www.uartes.edu.ec\/sitio\/wp-content\/uploads\/2023\/03\/MG-OK-2-644x429.jpg\" alt=\"\" class=\"wp-image-39041\" srcset=\"https:\/\/www.uartes.edu.ec\/sitio\/wp-content\/uploads\/2023\/03\/MG-OK-2-644x429.jpg 644w, https:\/\/www.uartes.edu.ec\/sitio\/wp-content\/uploads\/2023\/03\/MG-OK-2-768x511.jpg 768w, https:\/\/www.uartes.edu.ec\/sitio\/wp-content\/uploads\/2023\/03\/MG-OK-2.jpg 2000w, https:\/\/www.uartes.edu.ec\/sitio\/wp-content\/uploads\/2023\/03\/MG-OK-2-600x399.jpg 600w, https:\/\/www.uartes.edu.ec\/sitio\/wp-content\/uploads\/2023\/03\/MG-OK-2-272x182.jpg 272w\" sizes=\"(max-width: 644px) 100vw, 644px\" \/><\/figure>\n<\/div>\n\n<div class=\"wp-block-image\">\n<figure class=\"aligncenter size-large\"><img decoding=\"async\" width=\"644\" height=\"429\" src=\"https:\/\/www.uartes.edu.ec\/sitio\/wp-content\/uploads\/2023\/03\/MG-02-644x429.jpg\" alt=\"\" class=\"wp-image-39042\" srcset=\"https:\/\/www.uartes.edu.ec\/sitio\/wp-content\/uploads\/2023\/03\/MG-02-644x429.jpg 644w, https:\/\/www.uartes.edu.ec\/sitio\/wp-content\/uploads\/2023\/03\/MG-02-768x511.jpg 768w, https:\/\/www.uartes.edu.ec\/sitio\/wp-content\/uploads\/2023\/03\/MG-02.jpg 2000w, https:\/\/www.uartes.edu.ec\/sitio\/wp-content\/uploads\/2023\/03\/MG-02-600x399.jpg 600w, https:\/\/www.uartes.edu.ec\/sitio\/wp-content\/uploads\/2023\/03\/MG-02-272x182.jpg 272w\" sizes=\"(max-width: 644px) 100vw, 644px\" \/><figcaption class=\"wp-element-caption\">Mery Guill\u00e9n  en el antes y despu\u00e9s de una pared donde por su gesti\u00f3n cultural se realiz\u00f3 un mural.<\/figcaption><\/figure>\n<\/div>\n\n\n<p>La alumnus UArtes comenta que las entidades anotadas hicieron el 16 diciembre pasado la Convocatoria Reconocimientos Cultura Viva Ecuador en las categor\u00edas: espacios culturales, gestores culturales comunitarios, patrimonios vivos, grupos art\u00edsticos y proyectos culturales comunitarios. Ella particip\u00f3 en la convocatoria en los apartados que hoy la distinguen y que, para obtenerlos, pas\u00f3 la respectiva revisi\u00f3n y constataci\u00f3n de los documentos e informaci\u00f3n que remiti\u00f3 a la sede nacional de la CCE y la Red Ecuatoriana de Cultura Viva Comunitaria. Fueron 88 los postulantes en las diferentes categor\u00edas y procedentes de varias ciudades y regiones del pa\u00eds.<\/p>\n\n\n\n<p>En las redes sociales de las entidades que organizaron la convocatoria consta el nombre de la graduada UArtes y su proyecto, as\u00ed como un certificado en el que se destaca \u201csu valiosa contribuci\u00f3n a favor del desarrollo art\u00edstico cultural en su comunidad, demostrando una importancia para su localidad y a nivel nacional, aportando al tejido social y la interculturalidad de una trayectoria sostenida de gesti\u00f3n, calidad y eficiencia en su trabajo comprometido y vinculante a favor del buen vivir\u201d.<\/p>\n\n\n\n<p>Cabe anotar que, como su nombre lo indica, el Festival de Tradici\u00f3n Oral Mancha de Ca\u00f1a tiene como finalidad visibilizar las tradiciones orales montubias manabitas. \u201cEl punto de partida es la identidad\u201d, anota Guill\u00e9n. Contar la historia de la comunidad, decir amorfinos, cantar y desarrollar la actividad artesanal con artistas del lugar y de otras parroquias y cantones manabitas han sido parte de la agenda de la cita cultural comunitaria, concebida, adem\u00e1s, para recordar la esencia vital montubia de sus habitantes.<\/p>\n\n\n<div class=\"wp-block-image\">\n<figure class=\"aligncenter size-large\"><img decoding=\"async\" width=\"644\" height=\"429\" src=\"https:\/\/www.uartes.edu.ec\/sitio\/wp-content\/uploads\/2023\/03\/MG-03-644x429.jpg\" alt=\"\" class=\"wp-image-39040\" srcset=\"https:\/\/www.uartes.edu.ec\/sitio\/wp-content\/uploads\/2023\/03\/MG-03-644x429.jpg 644w, https:\/\/www.uartes.edu.ec\/sitio\/wp-content\/uploads\/2023\/03\/MG-03-768x511.jpg 768w, https:\/\/www.uartes.edu.ec\/sitio\/wp-content\/uploads\/2023\/03\/MG-03.jpg 2000w, https:\/\/www.uartes.edu.ec\/sitio\/wp-content\/uploads\/2023\/03\/MG-03-600x399.jpg 600w, https:\/\/www.uartes.edu.ec\/sitio\/wp-content\/uploads\/2023\/03\/MG-03-272x182.jpg 272w\" sizes=\"(max-width: 644px) 100vw, 644px\" \/><\/figure>\n<\/div>\n\n<div class=\"wp-block-image\">\n<figure class=\"aligncenter size-large\"><img loading=\"lazy\" decoding=\"async\" width=\"644\" height=\"429\" src=\"https:\/\/www.uartes.edu.ec\/sitio\/wp-content\/uploads\/2023\/03\/MG-OK-3-644x429.jpg\" alt=\"\" class=\"wp-image-39043\" srcset=\"https:\/\/www.uartes.edu.ec\/sitio\/wp-content\/uploads\/2023\/03\/MG-OK-3-644x429.jpg 644w, https:\/\/www.uartes.edu.ec\/sitio\/wp-content\/uploads\/2023\/03\/MG-OK-3-768x511.jpg 768w, https:\/\/www.uartes.edu.ec\/sitio\/wp-content\/uploads\/2023\/03\/MG-OK-3.jpg 2000w, https:\/\/www.uartes.edu.ec\/sitio\/wp-content\/uploads\/2023\/03\/MG-OK-3-600x399.jpg 600w, https:\/\/www.uartes.edu.ec\/sitio\/wp-content\/uploads\/2023\/03\/MG-OK-3-272x182.jpg 272w\" sizes=\"(max-width: 644px) 100vw, 644px\" \/><\/figure>\n<\/div>\n\n<div class=\"wp-block-image\">\n<figure class=\"aligncenter size-large\"><img loading=\"lazy\" decoding=\"async\" width=\"644\" height=\"429\" src=\"https:\/\/www.uartes.edu.ec\/sitio\/wp-content\/uploads\/2023\/03\/MG-OK-4-644x429.jpg\" alt=\"\" class=\"wp-image-39044\" srcset=\"https:\/\/www.uartes.edu.ec\/sitio\/wp-content\/uploads\/2023\/03\/MG-OK-4-644x429.jpg 644w, https:\/\/www.uartes.edu.ec\/sitio\/wp-content\/uploads\/2023\/03\/MG-OK-4-768x511.jpg 768w, https:\/\/www.uartes.edu.ec\/sitio\/wp-content\/uploads\/2023\/03\/MG-OK-4.jpg 2000w, https:\/\/www.uartes.edu.ec\/sitio\/wp-content\/uploads\/2023\/03\/MG-OK-4-600x399.jpg 600w, https:\/\/www.uartes.edu.ec\/sitio\/wp-content\/uploads\/2023\/03\/MG-OK-4-272x182.jpg 272w\" sizes=\"(max-width: 644px) 100vw, 644px\" \/><\/figure>\n<\/div>","protected":false},"excerpt":{"rendered":"<p>Graduada en la Escuela de Literatura de la Universidad de las Artes, Mery Garc\u00eda Guill\u00e9n, quien firma solo como Mery Guill\u00e9n, ha recibido el reconocimiento de gestora cultural comunitaria por las investigaciones de acci\u00f3n participativa y las labores que desde 2018 viene desarrollando para recuperar sus narrativas orales en la comunidad montubia Quebrada de Guill\u00e9n, parroquia Calder\u00f3n, provincia de Manab\u00ed.<\/p>","protected":false},"author":10,"featured_media":39039,"comment_status":"open","ping_status":"open","sticky":false,"template":"","format":"standard","meta":{"_acf_changed":false,"_uag_custom_page_level_css":"","_monsterinsights_skip_tracking":false,"_monsterinsights_sitenote_active":false,"_monsterinsights_sitenote_note":"","_monsterinsights_sitenote_category":0,"cybocfi_hide_featured_image":"","footnotes":""},"categories":[717,80,490,82,77,284,79],"tags":[709],"infouartes":[],"class_list":["post-39038","post","type-post","status-publish","format-standard","has-post-thumbnail","hentry","category-1d","category-academico","category-alumni","category-artes","category-gestion","category-investigacion","category-vinculo","tag-reconocimiento"],"acf":[],"yoast_head":"<!-- This site is optimized with the Yoast SEO plugin v27.4 - https:\/\/yoast.com\/product\/yoast-seo-wordpress\/ -->\n<title>Universidad de las Artes - Mery Guill\u00e9n, graduada UArtes, recibe de la CCE reconocimiento por proyecto y su gesti\u00f3n cultural comunitaria<\/title>\n<meta name=\"description\" content=\"Universidad de las Artes - Mery Guill\u00e9n, graduada UArtes, recibe de la CCE reconocimiento por proyecto y su gesti\u00f3n cultural comunitaria\" \/>\n<meta name=\"robots\" content=\"index, follow, max-snippet:-1, max-image-preview:large, max-video-preview:-1\" \/>\n<link rel=\"canonical\" href=\"https:\/\/www.uartes.edu.ec\/sitio\/en\/blog\/2023\/02\/28\/mery-guillen-graduada-uartes-recibe-de-la-cce-reconocimiento-con-gestora-cultural-comunitaria\/\" \/>\n<meta property=\"og:locale\" content=\"en_US\" \/>\n<meta property=\"og:type\" content=\"article\" \/>\n<meta property=\"og:title\" content=\"Universidad de las Artes - Mery Guill\u00e9n, graduada UArtes, recibe de la CCE reconocimiento por proyecto y su gesti\u00f3n cultural comunitaria\" \/>\n<meta property=\"og:description\" content=\"Universidad de las Artes - Mery Guill\u00e9n, graduada UArtes, recibe de la CCE reconocimiento por proyecto y su gesti\u00f3n cultural comunitaria\" \/>\n<meta property=\"og:url\" content=\"https:\/\/www.uartes.edu.ec\/sitio\/en\/blog\/2023\/02\/28\/mery-guillen-graduada-uartes-recibe-de-la-cce-reconocimiento-con-gestora-cultural-comunitaria\/\" \/>\n<meta property=\"og:site_name\" content=\"Universidad de las Artes\" \/>\n<meta property=\"article:publisher\" content=\"https:\/\/www.facebook.com\/uartesec\" \/>\n<meta property=\"article:published_time\" content=\"2023-02-28T21:33:00+00:00\" \/>\n<meta property=\"article:modified_time\" content=\"2024-07-04T16:21:27+00:00\" \/>\n<meta property=\"og:image\" content=\"https:\/\/www.uartes.edu.ec\/sitio\/wp-content\/uploads\/2023\/03\/MG-01.jpg\" \/>\n\t<meta property=\"og:image:width\" content=\"2000\" \/>\n\t<meta property=\"og:image:height\" content=\"1333\" \/>\n\t<meta property=\"og:image:type\" content=\"image\/jpeg\" \/>\n<meta name=\"author\" content=\"ccortez\" \/>\n<meta name=\"twitter:card\" content=\"summary_large_image\" \/>\n<meta name=\"twitter:creator\" content=\"@uartesec\" \/>\n<meta name=\"twitter:site\" content=\"@uartesec\" \/>\n<meta name=\"twitter:label1\" content=\"Written by\" \/>\n\t<meta name=\"twitter:data1\" content=\"ccortez\" \/>\n\t<meta name=\"twitter:label2\" content=\"Est. reading time\" \/>\n\t<meta name=\"twitter:data2\" content=\"4 minutes\" \/>\n<script type=\"application\/ld+json\" class=\"yoast-schema-graph\">{\"@context\":\"https:\\\/\\\/schema.org\",\"@graph\":[{\"@type\":\"Article\",\"@id\":\"https:\\\/\\\/www.uartes.edu.ec\\\/sitio\\\/en\\\/blog\\\/2023\\\/02\\\/28\\\/mery-guillen-graduada-uartes-recibe-de-la-cce-reconocimiento-con-gestora-cultural-comunitaria\\\/#article\",\"isPartOf\":{\"@id\":\"https:\\\/\\\/www.uartes.edu.ec\\\/sitio\\\/en\\\/blog\\\/2023\\\/02\\\/28\\\/mery-guillen-graduada-uartes-recibe-de-la-cce-reconocimiento-con-gestora-cultural-comunitaria\\\/\"},\"author\":{\"name\":\"ccortez\",\"@id\":\"https:\\\/\\\/www.uartes.edu.ec\\\/sitio\\\/en\\\/#\\\/schema\\\/person\\\/efa1b8275797664fd7f13a79ccc0b1f4\"},\"headline\":\"Mery Guill\u00e9n, graduada UArtes, recibe de la CCE reconocimiento por proyecto y su gesti\u00f3n cultural comunitaria\",\"datePublished\":\"2023-02-28T21:33:00+00:00\",\"dateModified\":\"2024-07-04T16:21:27+00:00\",\"mainEntityOfPage\":{\"@id\":\"https:\\\/\\\/www.uartes.edu.ec\\\/sitio\\\/en\\\/blog\\\/2023\\\/02\\\/28\\\/mery-guillen-graduada-uartes-recibe-de-la-cce-reconocimiento-con-gestora-cultural-comunitaria\\\/\"},\"wordCount\":502,\"commentCount\":0,\"publisher\":{\"@id\":\"https:\\\/\\\/www.uartes.edu.ec\\\/sitio\\\/en\\\/#organization\"},\"image\":{\"@id\":\"https:\\\/\\\/www.uartes.edu.ec\\\/sitio\\\/en\\\/blog\\\/2023\\\/02\\\/28\\\/mery-guillen-graduada-uartes-recibe-de-la-cce-reconocimiento-con-gestora-cultural-comunitaria\\\/#primaryimage\"},\"thumbnailUrl\":\"https:\\\/\\\/www.uartes.edu.ec\\\/sitio\\\/wp-content\\\/uploads\\\/2023\\\/03\\\/MG-01.jpg\",\"keywords\":[\"reconocimiento\"],\"articleSection\":[\"1D\",\"Acad\u00e9mico\",\"Alumni\",\"Artes\",\"Gesti\u00f3n\",\"Investigaci\u00f3n\",\"V\u00ednculo\"],\"inLanguage\":\"en-US\",\"potentialAction\":[{\"@type\":\"CommentAction\",\"name\":\"Comment\",\"target\":[\"https:\\\/\\\/www.uartes.edu.ec\\\/sitio\\\/en\\\/blog\\\/2023\\\/02\\\/28\\\/mery-guillen-graduada-uartes-recibe-de-la-cce-reconocimiento-con-gestora-cultural-comunitaria\\\/#respond\"]}]},{\"@type\":[\"WebPage\",\"ItemPage\"],\"@id\":\"https:\\\/\\\/www.uartes.edu.ec\\\/sitio\\\/en\\\/blog\\\/2023\\\/02\\\/28\\\/mery-guillen-graduada-uartes-recibe-de-la-cce-reconocimiento-con-gestora-cultural-comunitaria\\\/\",\"url\":\"https:\\\/\\\/www.uartes.edu.ec\\\/sitio\\\/en\\\/blog\\\/2023\\\/02\\\/28\\\/mery-guillen-graduada-uartes-recibe-de-la-cce-reconocimiento-con-gestora-cultural-comunitaria\\\/\",\"name\":\"Universidad de las Artes - Mery Guill\u00e9n, graduada UArtes, recibe de la CCE reconocimiento por proyecto y su gesti\u00f3n cultural comunitaria\",\"isPartOf\":{\"@id\":\"https:\\\/\\\/www.uartes.edu.ec\\\/sitio\\\/en\\\/#website\"},\"primaryImageOfPage\":{\"@id\":\"https:\\\/\\\/www.uartes.edu.ec\\\/sitio\\\/en\\\/blog\\\/2023\\\/02\\\/28\\\/mery-guillen-graduada-uartes-recibe-de-la-cce-reconocimiento-con-gestora-cultural-comunitaria\\\/#primaryimage\"},\"image\":{\"@id\":\"https:\\\/\\\/www.uartes.edu.ec\\\/sitio\\\/en\\\/blog\\\/2023\\\/02\\\/28\\\/mery-guillen-graduada-uartes-recibe-de-la-cce-reconocimiento-con-gestora-cultural-comunitaria\\\/#primaryimage\"},\"thumbnailUrl\":\"https:\\\/\\\/www.uartes.edu.ec\\\/sitio\\\/wp-content\\\/uploads\\\/2023\\\/03\\\/MG-01.jpg\",\"datePublished\":\"2023-02-28T21:33:00+00:00\",\"dateModified\":\"2024-07-04T16:21:27+00:00\",\"description\":\"Universidad de las Artes - Mery Guill\u00e9n, graduada UArtes, recibe de la CCE reconocimiento por proyecto y su gesti\u00f3n cultural comunitaria\",\"breadcrumb\":{\"@id\":\"https:\\\/\\\/www.uartes.edu.ec\\\/sitio\\\/en\\\/blog\\\/2023\\\/02\\\/28\\\/mery-guillen-graduada-uartes-recibe-de-la-cce-reconocimiento-con-gestora-cultural-comunitaria\\\/#breadcrumb\"},\"inLanguage\":\"en-US\",\"potentialAction\":[{\"@type\":\"ReadAction\",\"target\":[\"https:\\\/\\\/www.uartes.edu.ec\\\/sitio\\\/en\\\/blog\\\/2023\\\/02\\\/28\\\/mery-guillen-graduada-uartes-recibe-de-la-cce-reconocimiento-con-gestora-cultural-comunitaria\\\/\"]}]},{\"@type\":\"ImageObject\",\"inLanguage\":\"en-US\",\"@id\":\"https:\\\/\\\/www.uartes.edu.ec\\\/sitio\\\/en\\\/blog\\\/2023\\\/02\\\/28\\\/mery-guillen-graduada-uartes-recibe-de-la-cce-reconocimiento-con-gestora-cultural-comunitaria\\\/#primaryimage\",\"url\":\"https:\\\/\\\/www.uartes.edu.ec\\\/sitio\\\/wp-content\\\/uploads\\\/2023\\\/03\\\/MG-01.jpg\",\"contentUrl\":\"https:\\\/\\\/www.uartes.edu.ec\\\/sitio\\\/wp-content\\\/uploads\\\/2023\\\/03\\\/MG-01.jpg\",\"width\":2000,\"height\":1333},{\"@type\":\"BreadcrumbList\",\"@id\":\"https:\\\/\\\/www.uartes.edu.ec\\\/sitio\\\/en\\\/blog\\\/2023\\\/02\\\/28\\\/mery-guillen-graduada-uartes-recibe-de-la-cce-reconocimiento-con-gestora-cultural-comunitaria\\\/#breadcrumb\",\"itemListElement\":[{\"@type\":\"ListItem\",\"position\":1,\"name\":\"Inicio\",\"item\":\"https:\\\/\\\/www.uartes.edu.ec\\\/sitio\\\/\"},{\"@type\":\"ListItem\",\"position\":2,\"name\":\"Mery Guill\u00e9n, graduada UArtes, recibe de la CCE reconocimiento por proyecto y su gesti\u00f3n cultural comunitaria\"}]},{\"@type\":\"WebSite\",\"@id\":\"https:\\\/\\\/www.uartes.edu.ec\\\/sitio\\\/en\\\/#website\",\"url\":\"https:\\\/\\\/www.uartes.edu.ec\\\/sitio\\\/en\\\/\",\"name\":\"Universidad de las Artes\",\"description\":\"Sitio oficial de la Universidad Nacional de las Artes del Ecuador\",\"publisher\":{\"@id\":\"https:\\\/\\\/www.uartes.edu.ec\\\/sitio\\\/en\\\/#organization\"},\"potentialAction\":[{\"@type\":\"SearchAction\",\"target\":{\"@type\":\"EntryPoint\",\"urlTemplate\":\"https:\\\/\\\/www.uartes.edu.ec\\\/sitio\\\/en\\\/?s={search_term_string}\"},\"query-input\":{\"@type\":\"PropertyValueSpecification\",\"valueRequired\":true,\"valueName\":\"search_term_string\"}}],\"inLanguage\":\"en-US\"},{\"@type\":\"Organization\",\"@id\":\"https:\\\/\\\/www.uartes.edu.ec\\\/sitio\\\/en\\\/#organization\",\"name\":\"Universidad de las Artes\",\"url\":\"https:\\\/\\\/www.uartes.edu.ec\\\/sitio\\\/en\\\/\",\"logo\":{\"@type\":\"ImageObject\",\"inLanguage\":\"en-US\",\"@id\":\"https:\\\/\\\/www.uartes.edu.ec\\\/sitio\\\/en\\\/#\\\/schema\\\/logo\\\/image\\\/\",\"url\":\"https:\\\/\\\/www.uartes.edu.ec\\\/sitio\\\/wp-content\\\/uploads\\\/2022\\\/07\\\/logo-ua-horizontal.png\",\"contentUrl\":\"https:\\\/\\\/www.uartes.edu.ec\\\/sitio\\\/wp-content\\\/uploads\\\/2022\\\/07\\\/logo-ua-horizontal.png\",\"width\":800,\"height\":276,\"caption\":\"Universidad de las Artes\"},\"image\":{\"@id\":\"https:\\\/\\\/www.uartes.edu.ec\\\/sitio\\\/en\\\/#\\\/schema\\\/logo\\\/image\\\/\"},\"sameAs\":[\"https:\\\/\\\/www.facebook.com\\\/uartesec\",\"https:\\\/\\\/x.com\\\/uartesec\",\"https:\\\/\\\/www.tiktok.com\\\/@uartesec\"]},{\"@type\":\"Person\",\"@id\":\"https:\\\/\\\/www.uartes.edu.ec\\\/sitio\\\/en\\\/#\\\/schema\\\/person\\\/efa1b8275797664fd7f13a79ccc0b1f4\",\"name\":\"ccortez\",\"image\":{\"@type\":\"ImageObject\",\"inLanguage\":\"en-US\",\"@id\":\"https:\\\/\\\/secure.gravatar.com\\\/avatar\\\/b2a6f664a3ae8e074346ef91775736c5ec479e637ecced6842de9dc98b5da9cd?s=96&d=mm&r=g\",\"url\":\"https:\\\/\\\/secure.gravatar.com\\\/avatar\\\/b2a6f664a3ae8e074346ef91775736c5ec479e637ecced6842de9dc98b5da9cd?s=96&d=mm&r=g\",\"contentUrl\":\"https:\\\/\\\/secure.gravatar.com\\\/avatar\\\/b2a6f664a3ae8e074346ef91775736c5ec479e637ecced6842de9dc98b5da9cd?s=96&d=mm&r=g\",\"caption\":\"ccortez\"},\"url\":\"https:\\\/\\\/www.uartes.edu.ec\\\/sitio\\\/en\\\/blog\\\/author\\\/ccortez\\\/\"}]}<\/script>\n<!-- \/ Yoast SEO plugin. -->","yoast_head_json":{"title":"Universidad de las Artes - Mery Guill\u00e9n, graduada UArtes, recibe de la CCE reconocimiento por proyecto y su gesti\u00f3n cultural comunitaria","description":"Universidad de las Artes - Mery Guill\u00e9n, graduada UArtes, recibe de la CCE reconocimiento por proyecto y su gesti\u00f3n cultural comunitaria","robots":{"index":"index","follow":"follow","max-snippet":"max-snippet:-1","max-image-preview":"max-image-preview:large","max-video-preview":"max-video-preview:-1"},"canonical":"https:\/\/www.uartes.edu.ec\/sitio\/en\/blog\/2023\/02\/28\/mery-guillen-graduada-uartes-recibe-de-la-cce-reconocimiento-con-gestora-cultural-comunitaria\/","og_locale":"en_US","og_type":"article","og_title":"Universidad de las Artes - Mery Guill\u00e9n, graduada UArtes, recibe de la CCE reconocimiento por proyecto y su gesti\u00f3n cultural comunitaria","og_description":"Universidad de las Artes - Mery Guill\u00e9n, graduada UArtes, recibe de la CCE reconocimiento por proyecto y su gesti\u00f3n cultural comunitaria","og_url":"https:\/\/www.uartes.edu.ec\/sitio\/en\/blog\/2023\/02\/28\/mery-guillen-graduada-uartes-recibe-de-la-cce-reconocimiento-con-gestora-cultural-comunitaria\/","og_site_name":"Universidad de las Artes","article_publisher":"https:\/\/www.facebook.com\/uartesec","article_published_time":"2023-02-28T21:33:00+00:00","article_modified_time":"2024-07-04T16:21:27+00:00","og_image":[{"width":2000,"height":1333,"url":"https:\/\/www.uartes.edu.ec\/sitio\/wp-content\/uploads\/2023\/03\/MG-01.jpg","type":"image\/jpeg"}],"author":"ccortez","twitter_card":"summary_large_image","twitter_creator":"@uartesec","twitter_site":"@uartesec","twitter_misc":{"Written by":"ccortez","Est. reading time":"4 minutes"},"schema":{"@context":"https:\/\/schema.org","@graph":[{"@type":"Article","@id":"https:\/\/www.uartes.edu.ec\/sitio\/en\/blog\/2023\/02\/28\/mery-guillen-graduada-uartes-recibe-de-la-cce-reconocimiento-con-gestora-cultural-comunitaria\/#article","isPartOf":{"@id":"https:\/\/www.uartes.edu.ec\/sitio\/en\/blog\/2023\/02\/28\/mery-guillen-graduada-uartes-recibe-de-la-cce-reconocimiento-con-gestora-cultural-comunitaria\/"},"author":{"name":"ccortez","@id":"https:\/\/www.uartes.edu.ec\/sitio\/en\/#\/schema\/person\/efa1b8275797664fd7f13a79ccc0b1f4"},"headline":"Mery Guill\u00e9n, graduada UArtes, recibe de la CCE reconocimiento por proyecto y su gesti\u00f3n cultural comunitaria","datePublished":"2023-02-28T21:33:00+00:00","dateModified":"2024-07-04T16:21:27+00:00","mainEntityOfPage":{"@id":"https:\/\/www.uartes.edu.ec\/sitio\/en\/blog\/2023\/02\/28\/mery-guillen-graduada-uartes-recibe-de-la-cce-reconocimiento-con-gestora-cultural-comunitaria\/"},"wordCount":502,"commentCount":0,"publisher":{"@id":"https:\/\/www.uartes.edu.ec\/sitio\/en\/#organization"},"image":{"@id":"https:\/\/www.uartes.edu.ec\/sitio\/en\/blog\/2023\/02\/28\/mery-guillen-graduada-uartes-recibe-de-la-cce-reconocimiento-con-gestora-cultural-comunitaria\/#primaryimage"},"thumbnailUrl":"https:\/\/www.uartes.edu.ec\/sitio\/wp-content\/uploads\/2023\/03\/MG-01.jpg","keywords":["reconocimiento"],"articleSection":["1D","Acad\u00e9mico","Alumni","Artes","Gesti\u00f3n","Investigaci\u00f3n","V\u00ednculo"],"inLanguage":"en-US","potentialAction":[{"@type":"CommentAction","name":"Comment","target":["https:\/\/www.uartes.edu.ec\/sitio\/en\/blog\/2023\/02\/28\/mery-guillen-graduada-uartes-recibe-de-la-cce-reconocimiento-con-gestora-cultural-comunitaria\/#respond"]}]},{"@type":["WebPage","ItemPage"],"@id":"https:\/\/www.uartes.edu.ec\/sitio\/en\/blog\/2023\/02\/28\/mery-guillen-graduada-uartes-recibe-de-la-cce-reconocimiento-con-gestora-cultural-comunitaria\/","url":"https:\/\/www.uartes.edu.ec\/sitio\/en\/blog\/2023\/02\/28\/mery-guillen-graduada-uartes-recibe-de-la-cce-reconocimiento-con-gestora-cultural-comunitaria\/","name":"Universidad de las Artes - Mery Guill\u00e9n, graduada UArtes, recibe de la CCE reconocimiento por proyecto y su gesti\u00f3n cultural comunitaria","isPartOf":{"@id":"https:\/\/www.uartes.edu.ec\/sitio\/en\/#website"},"primaryImageOfPage":{"@id":"https:\/\/www.uartes.edu.ec\/sitio\/en\/blog\/2023\/02\/28\/mery-guillen-graduada-uartes-recibe-de-la-cce-reconocimiento-con-gestora-cultural-comunitaria\/#primaryimage"},"image":{"@id":"https:\/\/www.uartes.edu.ec\/sitio\/en\/blog\/2023\/02\/28\/mery-guillen-graduada-uartes-recibe-de-la-cce-reconocimiento-con-gestora-cultural-comunitaria\/#primaryimage"},"thumbnailUrl":"https:\/\/www.uartes.edu.ec\/sitio\/wp-content\/uploads\/2023\/03\/MG-01.jpg","datePublished":"2023-02-28T21:33:00+00:00","dateModified":"2024-07-04T16:21:27+00:00","description":"Universidad de las Artes - Mery Guill\u00e9n, graduada UArtes, recibe de la CCE reconocimiento por proyecto y su gesti\u00f3n cultural comunitaria","breadcrumb":{"@id":"https:\/\/www.uartes.edu.ec\/sitio\/en\/blog\/2023\/02\/28\/mery-guillen-graduada-uartes-recibe-de-la-cce-reconocimiento-con-gestora-cultural-comunitaria\/#breadcrumb"},"inLanguage":"en-US","potentialAction":[{"@type":"ReadAction","target":["https:\/\/www.uartes.edu.ec\/sitio\/en\/blog\/2023\/02\/28\/mery-guillen-graduada-uartes-recibe-de-la-cce-reconocimiento-con-gestora-cultural-comunitaria\/"]}]},{"@type":"ImageObject","inLanguage":"en-US","@id":"https:\/\/www.uartes.edu.ec\/sitio\/en\/blog\/2023\/02\/28\/mery-guillen-graduada-uartes-recibe-de-la-cce-reconocimiento-con-gestora-cultural-comunitaria\/#primaryimage","url":"https:\/\/www.uartes.edu.ec\/sitio\/wp-content\/uploads\/2023\/03\/MG-01.jpg","contentUrl":"https:\/\/www.uartes.edu.ec\/sitio\/wp-content\/uploads\/2023\/03\/MG-01.jpg","width":2000,"height":1333},{"@type":"BreadcrumbList","@id":"https:\/\/www.uartes.edu.ec\/sitio\/en\/blog\/2023\/02\/28\/mery-guillen-graduada-uartes-recibe-de-la-cce-reconocimiento-con-gestora-cultural-comunitaria\/#breadcrumb","itemListElement":[{"@type":"ListItem","position":1,"name":"Inicio","item":"https:\/\/www.uartes.edu.ec\/sitio\/"},{"@type":"ListItem","position":2,"name":"Mery Guill\u00e9n, graduada UArtes, recibe de la CCE reconocimiento por proyecto y su gesti\u00f3n cultural comunitaria"}]},{"@type":"WebSite","@id":"https:\/\/www.uartes.edu.ec\/sitio\/en\/#website","url":"https:\/\/www.uartes.edu.ec\/sitio\/en\/","name":"Universidad de las Artes","description":"Sitio oficial de la Universidad Nacional de las Artes del Ecuador","publisher":{"@id":"https:\/\/www.uartes.edu.ec\/sitio\/en\/#organization"},"potentialAction":[{"@type":"SearchAction","target":{"@type":"EntryPoint","urlTemplate":"https:\/\/www.uartes.edu.ec\/sitio\/en\/?s={search_term_string}"},"query-input":{"@type":"PropertyValueSpecification","valueRequired":true,"valueName":"search_term_string"}}],"inLanguage":"en-US"},{"@type":"Organization","@id":"https:\/\/www.uartes.edu.ec\/sitio\/en\/#organization","name":"Universidad de las Artes","url":"https:\/\/www.uartes.edu.ec\/sitio\/en\/","logo":{"@type":"ImageObject","inLanguage":"en-US","@id":"https:\/\/www.uartes.edu.ec\/sitio\/en\/#\/schema\/logo\/image\/","url":"https:\/\/www.uartes.edu.ec\/sitio\/wp-content\/uploads\/2022\/07\/logo-ua-horizontal.png","contentUrl":"https:\/\/www.uartes.edu.ec\/sitio\/wp-content\/uploads\/2022\/07\/logo-ua-horizontal.png","width":800,"height":276,"caption":"Universidad de las Artes"},"image":{"@id":"https:\/\/www.uartes.edu.ec\/sitio\/en\/#\/schema\/logo\/image\/"},"sameAs":["https:\/\/www.facebook.com\/uartesec","https:\/\/x.com\/uartesec","https:\/\/www.tiktok.com\/@uartesec"]},{"@type":"Person","@id":"https:\/\/www.uartes.edu.ec\/sitio\/en\/#\/schema\/person\/efa1b8275797664fd7f13a79ccc0b1f4","name":"ccortez","image":{"@type":"ImageObject","inLanguage":"en-US","@id":"https:\/\/secure.gravatar.com\/avatar\/b2a6f664a3ae8e074346ef91775736c5ec479e637ecced6842de9dc98b5da9cd?s=96&d=mm&r=g","url":"https:\/\/secure.gravatar.com\/avatar\/b2a6f664a3ae8e074346ef91775736c5ec479e637ecced6842de9dc98b5da9cd?s=96&d=mm&r=g","contentUrl":"https:\/\/secure.gravatar.com\/avatar\/b2a6f664a3ae8e074346ef91775736c5ec479e637ecced6842de9dc98b5da9cd?s=96&d=mm&r=g","caption":"ccortez"},"url":"https:\/\/www.uartes.edu.ec\/sitio\/en\/blog\/author\/ccortez\/"}]}},"uagb_featured_image_src":{"full":["https:\/\/www.uartes.edu.ec\/sitio\/wp-content\/uploads\/2023\/03\/MG-01.jpg",2000,1333,false],"thumbnail":["https:\/\/www.uartes.edu.ec\/sitio\/wp-content\/uploads\/2023\/03\/MG-01-150x150.jpg",150,150,true],"medium":["https:\/\/www.uartes.edu.ec\/sitio\/wp-content\/uploads\/2023\/03\/MG-01-300x200.jpg",300,200,true],"medium_large":["https:\/\/www.uartes.edu.ec\/sitio\/wp-content\/uploads\/2023\/03\/MG-01-768x512.jpg",768,512,true],"large":["https:\/\/www.uartes.edu.ec\/sitio\/wp-content\/uploads\/2023\/03\/MG-01-644x429.jpg",644,429,true],"1536x1536":["https:\/\/www.uartes.edu.ec\/sitio\/wp-content\/uploads\/2023\/03\/MG-01-1536x1024.jpg",1536,1024,true],"2048x2048":["https:\/\/www.uartes.edu.ec\/sitio\/wp-content\/uploads\/2023\/03\/MG-01.jpg",2000,1333,false],"trp-custom-language-flag":["https:\/\/www.uartes.edu.ec\/sitio\/wp-content\/uploads\/2023\/03\/MG-01.jpg",18,12,false],"htmega_size_585x295":["https:\/\/www.uartes.edu.ec\/sitio\/wp-content\/uploads\/2023\/03\/MG-01-585x295.jpg",585,295,true],"htmega_size_1170x536":["https:\/\/www.uartes.edu.ec\/sitio\/wp-content\/uploads\/2023\/03\/MG-01-1170x536.jpg",1170,536,true],"htmega_size_396x360":["https:\/\/www.uartes.edu.ec\/sitio\/wp-content\/uploads\/2023\/03\/MG-01-396x360.jpg",396,360,true],"gb-block-post-grid-landscape":["https:\/\/www.uartes.edu.ec\/sitio\/wp-content\/uploads\/2023\/03\/MG-01-600x400.jpg",600,400,true],"gb-block-post-grid-square":["https:\/\/www.uartes.edu.ec\/sitio\/wp-content\/uploads\/2023\/03\/MG-01-600x600.jpg",600,600,true],"university-hub-thumb":["https:\/\/www.uartes.edu.ec\/sitio\/wp-content\/uploads\/2023\/03\/MG-01-400x267.jpg",400,267,true],"mailpoet_newsletter_max":["https:\/\/www.uartes.edu.ec\/sitio\/wp-content\/uploads\/2023\/03\/MG-01.jpg",1320,880,false]},"uagb_author_info":{"display_name":"ccortez","author_link":"https:\/\/www.uartes.edu.ec\/sitio\/en\/blog\/author\/ccortez\/"},"uagb_comment_info":0,"uagb_excerpt":"Graduada en la Escuela de Literatura de la Universidad de las Artes, Mery Garc\u00eda Guill\u00e9n, quien firma solo como Mery Guill\u00e9n, ha recibido el reconocimiento de gestora cultural comunitaria por las investigaciones de acci\u00f3n participativa y las labores que desde 2018 viene desarrollando para recuperar sus narrativas orales en la comunidad montubia Quebrada de Guill\u00e9n,&hellip;","featured_image_src":"https:\/\/www.uartes.edu.ec\/sitio\/wp-content\/uploads\/2023\/03\/MG-01-600x400.jpg","featured_image_src_square":"https:\/\/www.uartes.edu.ec\/sitio\/wp-content\/uploads\/2023\/03\/MG-01-600x600.jpg","author_info":{"display_name":"ccortez","author_link":"https:\/\/www.uartes.edu.ec\/sitio\/en\/blog\/author\/ccortez\/"},"publishpress_future_workflow_manual_trigger":{"enabledWorkflows":[]},"distributor_meta":false,"distributor_terms":false,"distributor_media":false,"distributor_original_site_name":"Universidad de las Artes","distributor_original_site_url":"https:\/\/www.uartes.edu.ec\/sitio\/en","push-errors":false,"_links":{"self":[{"href":"https:\/\/www.uartes.edu.ec\/sitio\/en\/wp-json\/wp\/v2\/posts\/39038","targetHints":{"allow":["GET"]}}],"collection":[{"href":"https:\/\/www.uartes.edu.ec\/sitio\/en\/wp-json\/wp\/v2\/posts"}],"about":[{"href":"https:\/\/www.uartes.edu.ec\/sitio\/en\/wp-json\/wp\/v2\/types\/post"}],"author":[{"embeddable":true,"href":"https:\/\/www.uartes.edu.ec\/sitio\/en\/wp-json\/wp\/v2\/users\/10"}],"replies":[{"embeddable":true,"href":"https:\/\/www.uartes.edu.ec\/sitio\/en\/wp-json\/wp\/v2\/comments?post=39038"}],"version-history":[{"count":11,"href":"https:\/\/www.uartes.edu.ec\/sitio\/en\/wp-json\/wp\/v2\/posts\/39038\/revisions"}],"predecessor-version":[{"id":39097,"href":"https:\/\/www.uartes.edu.ec\/sitio\/en\/wp-json\/wp\/v2\/posts\/39038\/revisions\/39097"}],"wp:featuredmedia":[{"embeddable":true,"href":"https:\/\/www.uartes.edu.ec\/sitio\/en\/wp-json\/wp\/v2\/media\/39039"}],"wp:attachment":[{"href":"https:\/\/www.uartes.edu.ec\/sitio\/en\/wp-json\/wp\/v2\/media?parent=39038"}],"wp:term":[{"taxonomy":"category","embeddable":true,"href":"https:\/\/www.uartes.edu.ec\/sitio\/en\/wp-json\/wp\/v2\/categories?post=39038"},{"taxonomy":"post_tag","embeddable":true,"href":"https:\/\/www.uartes.edu.ec\/sitio\/en\/wp-json\/wp\/v2\/tags?post=39038"},{"taxonomy":"infouartes","embeddable":true,"href":"https:\/\/www.uartes.edu.ec\/sitio\/en\/wp-json\/wp\/v2\/infouartes?post=39038"}],"curies":[{"name":"wp","href":"https:\/\/api.w.org\/{rel}","templated":true}]}}