{"id":39728,"date":"2023-03-20T15:31:00","date_gmt":"2023-03-20T20:31:00","guid":{"rendered":"https:\/\/www.uartes.edu.ec\/sitio\/?p=39728"},"modified":"2024-07-04T11:21:24","modified_gmt":"2024-07-04T16:21:24","slug":"colectivo-migers-llevo-a-loja-un-montaje-de-clown-e-improvisacion-con-el-que-experimento-el-trabajo-escenico","status":"publish","type":"post","link":"https:\/\/www.uartes.edu.ec\/sitio\/en\/blog\/2023\/03\/20\/colectivo-migers-llevo-a-loja-un-montaje-de-clown-e-improvisacion-con-el-que-experimento-el-trabajo-escenico\/","title":{"rendered":"El colectivo MIGERS llev\u00f3 a Loja un montaje de clown e improvisaci\u00f3n con el que experiment\u00f3 el trabajo esc\u00e9nico"},"content":{"rendered":"<p>MIGERS son las siglas de \u201cMaravillosxs Imb\u00e9ciles Ge\u00f3culos Empuchadxs Rediviendo Sobrequiebre\u201d, un colectivo conformado por estudiantes en la carrera de Creaci\u00f3n&nbsp;Teatral de la Universidad de las Artes, provenientes de diferentes provincias del pa\u00eds, como Guayas, Loja, Latacunga y Azogues. El objetivo del grupo es explorar t\u00e9cnicas de creaci\u00f3n esc\u00e9nica y desarrollar su desempe\u00f1o en el trabajo de montaje, producci\u00f3n y autogesti\u00f3n de sus proyectos.&nbsp;&nbsp;<\/p>\n\n\n\n<p>El colectivo est\u00e1 integrado por Carlos \u00c1vila, Salom\u00e9 Arce, Milena Baque, Erick Bravo, Javier C\u00e1rdenas, Mario Correa, Sof\u00eda Gaona, Ximena Lanata, Kerly L\u00f3pez, Jes\u00fas L\u00f3pez, Natalia Oca\u00f1a, Joselyn Osorio, Fernando Piguave y Eli\u00e1n Villavicencio. Son en total catorce sus miembros, quienes, a su vez, se dividen en los equipos de finanzas, gesti\u00f3n, redacci\u00f3n, producci\u00f3n, t\u00e9cnico y redes.&nbsp;<\/p>\n\n\n<div class=\"wp-block-image\">\n<figure class=\"aligncenter size-large\"><img fetchpriority=\"high\" decoding=\"async\" width=\"644\" height=\"429\" src=\"https:\/\/www.uartes.edu.ec\/sitio\/wp-content\/uploads\/2023\/03\/COLECTIVO-MIGERS-05-644x429.jpg\" alt=\"\" class=\"wp-image-39729\" srcset=\"https:\/\/www.uartes.edu.ec\/sitio\/wp-content\/uploads\/2023\/03\/COLECTIVO-MIGERS-05-644x429.jpg 644w, https:\/\/www.uartes.edu.ec\/sitio\/wp-content\/uploads\/2023\/03\/COLECTIVO-MIGERS-05-768x511.jpg 768w, https:\/\/www.uartes.edu.ec\/sitio\/wp-content\/uploads\/2023\/03\/COLECTIVO-MIGERS-05.jpg 2000w, https:\/\/www.uartes.edu.ec\/sitio\/wp-content\/uploads\/2023\/03\/COLECTIVO-MIGERS-05-600x399.jpg 600w, https:\/\/www.uartes.edu.ec\/sitio\/wp-content\/uploads\/2023\/03\/COLECTIVO-MIGERS-05-272x182.jpg 272w\" sizes=\"(max-width: 644px) 100vw, 644px\" \/><\/figure>\n<\/div>\n\n<div class=\"wp-block-image\">\n<figure class=\"aligncenter size-large\"><img decoding=\"async\" width=\"644\" height=\"429\" src=\"https:\/\/www.uartes.edu.ec\/sitio\/wp-content\/uploads\/2023\/03\/COLECTIVO-MIGERS-03-644x429.jpg\" alt=\"\" class=\"wp-image-39731\" srcset=\"https:\/\/www.uartes.edu.ec\/sitio\/wp-content\/uploads\/2023\/03\/COLECTIVO-MIGERS-03-644x429.jpg 644w, https:\/\/www.uartes.edu.ec\/sitio\/wp-content\/uploads\/2023\/03\/COLECTIVO-MIGERS-03-768x511.jpg 768w, https:\/\/www.uartes.edu.ec\/sitio\/wp-content\/uploads\/2023\/03\/COLECTIVO-MIGERS-03.jpg 2000w, https:\/\/www.uartes.edu.ec\/sitio\/wp-content\/uploads\/2023\/03\/COLECTIVO-MIGERS-03-600x399.jpg 600w, https:\/\/www.uartes.edu.ec\/sitio\/wp-content\/uploads\/2023\/03\/COLECTIVO-MIGERS-03-272x182.jpg 272w\" sizes=\"(max-width: 644px) 100vw, 644px\" \/><\/figure>\n<\/div>\n\n\n<p>En noviembre de 2022, entre los d\u00edas 24 y 25, MIGERS viaj\u00f3 a Loja para&nbsp;presentar el montaje \u201cTres n\u00fameros sin pie ni cabeza\u201d, un proyecto que nace del inter\u00e9s por explorar desde la t\u00e9cnica clown y la improvisaci\u00f3n. El colectivo realiz\u00f3 los ensayos en la UArtes y luego de algunas semanas, al tener una propuesta clara, el equipo de redacci\u00f3n prepar\u00f3 a detalle un documento con la informaci\u00f3n del proyecto y lo envi\u00f3 a los directivos de un par de instituciones educativas en Loja.<\/p>\n\n\n\n<p>El montaje estaba destinado, previo contrato, a mostrarse en dos instituciones: Unidad Educativa Fiscomisional Calasanz y Daniel \u00c1lvarez Burneo. Se establecieron d\u00edas de ensayo en los espacios correspondientes y, finalmente, se presentaron los n\u00fameros de clown frente a estudiantes y maestros. En ambos colegios, MIGERS estuvo dividido en equipo del elenco y equipo t\u00e9cnico.&nbsp;<\/p>\n\n\n\n<p>Cubrir los gastos del viaje, transporte, alimentaci\u00f3n, hospedaje,&nbsp;entre otros, fue posible gracias a la recaudaci\u00f3n de fondos a partir de una cuenta&nbsp;de ahorro com\u00fan, una fiesta que los integrantes del colectivo en beneficio del proyecto y el pago anticipado por el contrato con las instituciones educativas, lo cual, adem\u00e1s, permiti\u00f3 la adquisici\u00f3n de equipo t\u00e9cnico, como parlantes, micr\u00f3fonos, etc. En cuanto a la estad\u00eda, MIGERS se aloj\u00f3 en Loja en la residencia de la familia del integrante Mario Correa.&nbsp;<\/p>\n\n\n<div class=\"wp-block-image\">\n<figure class=\"aligncenter size-large\"><img decoding=\"async\" width=\"644\" height=\"429\" src=\"https:\/\/www.uartes.edu.ec\/sitio\/wp-content\/uploads\/2023\/03\/COLECTIVO-MIGERS-01-644x429.jpg\" alt=\"\" class=\"wp-image-39732\" srcset=\"https:\/\/www.uartes.edu.ec\/sitio\/wp-content\/uploads\/2023\/03\/COLECTIVO-MIGERS-01-644x429.jpg 644w, https:\/\/www.uartes.edu.ec\/sitio\/wp-content\/uploads\/2023\/03\/COLECTIVO-MIGERS-01-768x511.jpg 768w, https:\/\/www.uartes.edu.ec\/sitio\/wp-content\/uploads\/2023\/03\/COLECTIVO-MIGERS-01.jpg 2000w, https:\/\/www.uartes.edu.ec\/sitio\/wp-content\/uploads\/2023\/03\/COLECTIVO-MIGERS-01-600x399.jpg 600w, https:\/\/www.uartes.edu.ec\/sitio\/wp-content\/uploads\/2023\/03\/COLECTIVO-MIGERS-01-272x182.jpg 272w\" sizes=\"(max-width: 644px) 100vw, 644px\" \/><\/figure>\n<\/div>\n\n<div class=\"wp-block-image\">\n<figure class=\"aligncenter size-large\"><img loading=\"lazy\" decoding=\"async\" width=\"644\" height=\"429\" src=\"https:\/\/www.uartes.edu.ec\/sitio\/wp-content\/uploads\/2023\/03\/COLECTIVO-MIGERS-06-644x429.jpg\" alt=\"\" class=\"wp-image-39733\" srcset=\"https:\/\/www.uartes.edu.ec\/sitio\/wp-content\/uploads\/2023\/03\/COLECTIVO-MIGERS-06-644x429.jpg 644w, https:\/\/www.uartes.edu.ec\/sitio\/wp-content\/uploads\/2023\/03\/COLECTIVO-MIGERS-06-768x511.jpg 768w, https:\/\/www.uartes.edu.ec\/sitio\/wp-content\/uploads\/2023\/03\/COLECTIVO-MIGERS-06.jpg 2000w, https:\/\/www.uartes.edu.ec\/sitio\/wp-content\/uploads\/2023\/03\/COLECTIVO-MIGERS-06-600x399.jpg 600w, https:\/\/www.uartes.edu.ec\/sitio\/wp-content\/uploads\/2023\/03\/COLECTIVO-MIGERS-06-272x182.jpg 272w\" sizes=\"(max-width: 644px) 100vw, 644px\" \/><\/figure>\n<\/div>\n\n\n<p>Texto y fotos: Colectivo MIGERS<br>Edici\u00f3n: Carmen Cortez<br>MIGERS se encuentra en el Instagram como @colectivo.migers&nbsp;<\/p>","protected":false},"excerpt":{"rendered":"<p>Integrado por estudiantes de la carrera de Creaci\u00f3n Teatral de la Universidad de las Artes, el colectivo MIGERS llev\u00f3 a la ciudad de Loja el montaje \u201cTres n\u00fameros sin pie ni cabeza\u201d, que naci\u00f3 del inter\u00e9s de todos por explorar desde la t\u00e9cnica clown y la improvisaci\u00f3n; ganaron, adem\u00e1s, la experiencia de producir una obra como profesionales y por s\u00ed solos un trabajo esc\u00e9nico.   <\/p>","protected":false},"author":10,"featured_media":39730,"comment_status":"open","ping_status":"open","sticky":false,"template":"","format":"standard","meta":{"_acf_changed":false,"_uag_custom_page_level_css":"","_monsterinsights_skip_tracking":false,"_monsterinsights_sitenote_active":false,"_monsterinsights_sitenote_note":"","_monsterinsights_sitenote_category":0,"cybocfi_hide_featured_image":"","footnotes":""},"categories":[159,75,76,77],"tags":[763],"infouartes":[],"class_list":["post-39728","post","type-post","status-publish","format-standard","has-post-thumbnail","hentry","category-artes-escenicas","category-docentes","category-estudiantes","category-gestion","tag-montaje"],"acf":[],"yoast_head":"<!-- This site is optimized with the Yoast SEO plugin v27.4 - https:\/\/yoast.com\/product\/yoast-seo-wordpress\/ -->\n<title>Universidad de las Artes - El colectivo MIGERS llev\u00f3 a Loja un montaje de clown e improvisaci\u00f3n con el que experiment\u00f3 el trabajo esc\u00e9nico<\/title>\n<meta name=\"description\" content=\"Universidad de las Artes - El colectivo MIGERS llev\u00f3 a Loja un montaje de clown e improvisaci\u00f3n con el que experiment\u00f3 el trabajo esc\u00e9nico\" \/>\n<meta name=\"robots\" content=\"index, follow, max-snippet:-1, max-image-preview:large, max-video-preview:-1\" \/>\n<link rel=\"canonical\" href=\"https:\/\/www.uartes.edu.ec\/sitio\/en\/blog\/2023\/03\/20\/colectivo-migers-llevo-a-loja-un-montaje-de-clown-e-improvisacion-con-el-que-experimento-el-trabajo-escenico\/\" \/>\n<meta property=\"og:locale\" content=\"en_US\" \/>\n<meta property=\"og:type\" content=\"article\" \/>\n<meta property=\"og:title\" content=\"Universidad de las Artes - El colectivo MIGERS llev\u00f3 a Loja un montaje de clown e improvisaci\u00f3n con el que experiment\u00f3 el trabajo esc\u00e9nico\" \/>\n<meta property=\"og:description\" content=\"Universidad de las Artes - El colectivo MIGERS llev\u00f3 a Loja un montaje de clown e improvisaci\u00f3n con el que experiment\u00f3 el trabajo esc\u00e9nico\" \/>\n<meta property=\"og:url\" content=\"https:\/\/www.uartes.edu.ec\/sitio\/en\/blog\/2023\/03\/20\/colectivo-migers-llevo-a-loja-un-montaje-de-clown-e-improvisacion-con-el-que-experimento-el-trabajo-escenico\/\" \/>\n<meta property=\"og:site_name\" content=\"Universidad de las Artes\" \/>\n<meta property=\"article:publisher\" content=\"https:\/\/www.facebook.com\/uartesec\" \/>\n<meta property=\"article:published_time\" content=\"2023-03-20T20:31:00+00:00\" \/>\n<meta property=\"article:modified_time\" content=\"2024-07-04T16:21:24+00:00\" \/>\n<meta property=\"og:image\" content=\"https:\/\/www.uartes.edu.ec\/sitio\/wp-content\/uploads\/2023\/03\/COLECTIVO-MIGERS-04.jpg\" \/>\n\t<meta property=\"og:image:width\" content=\"2000\" \/>\n\t<meta property=\"og:image:height\" content=\"1333\" \/>\n\t<meta property=\"og:image:type\" content=\"image\/jpeg\" \/>\n<meta name=\"author\" content=\"ccortez\" \/>\n<meta name=\"twitter:card\" content=\"summary_large_image\" \/>\n<meta name=\"twitter:creator\" content=\"@uartesec\" \/>\n<meta name=\"twitter:site\" content=\"@uartesec\" \/>\n<meta name=\"twitter:label1\" content=\"Written by\" \/>\n\t<meta name=\"twitter:data1\" content=\"ccortez\" \/>\n\t<meta name=\"twitter:label2\" content=\"Est. reading time\" \/>\n\t<meta name=\"twitter:data2\" content=\"3 minutes\" \/>\n<script type=\"application\/ld+json\" class=\"yoast-schema-graph\">{\"@context\":\"https:\\\/\\\/schema.org\",\"@graph\":[{\"@type\":\"Article\",\"@id\":\"https:\\\/\\\/www.uartes.edu.ec\\\/sitio\\\/en\\\/blog\\\/2023\\\/03\\\/20\\\/colectivo-migers-llevo-a-loja-un-montaje-de-clown-e-improvisacion-con-el-que-experimento-el-trabajo-escenico\\\/#article\",\"isPartOf\":{\"@id\":\"https:\\\/\\\/www.uartes.edu.ec\\\/sitio\\\/en\\\/blog\\\/2023\\\/03\\\/20\\\/colectivo-migers-llevo-a-loja-un-montaje-de-clown-e-improvisacion-con-el-que-experimento-el-trabajo-escenico\\\/\"},\"author\":{\"name\":\"ccortez\",\"@id\":\"https:\\\/\\\/www.uartes.edu.ec\\\/sitio\\\/en\\\/#\\\/schema\\\/person\\\/efa1b8275797664fd7f13a79ccc0b1f4\"},\"headline\":\"El colectivo MIGERS llev\u00f3 a Loja un montaje de clown e improvisaci\u00f3n con el que experiment\u00f3 el trabajo esc\u00e9nico\",\"datePublished\":\"2023-03-20T20:31:00+00:00\",\"dateModified\":\"2024-07-04T16:21:24+00:00\",\"mainEntityOfPage\":{\"@id\":\"https:\\\/\\\/www.uartes.edu.ec\\\/sitio\\\/en\\\/blog\\\/2023\\\/03\\\/20\\\/colectivo-migers-llevo-a-loja-un-montaje-de-clown-e-improvisacion-con-el-que-experimento-el-trabajo-escenico\\\/\"},\"wordCount\":425,\"commentCount\":0,\"publisher\":{\"@id\":\"https:\\\/\\\/www.uartes.edu.ec\\\/sitio\\\/en\\\/#organization\"},\"image\":{\"@id\":\"https:\\\/\\\/www.uartes.edu.ec\\\/sitio\\\/en\\\/blog\\\/2023\\\/03\\\/20\\\/colectivo-migers-llevo-a-loja-un-montaje-de-clown-e-improvisacion-con-el-que-experimento-el-trabajo-escenico\\\/#primaryimage\"},\"thumbnailUrl\":\"https:\\\/\\\/www.uartes.edu.ec\\\/sitio\\\/wp-content\\\/uploads\\\/2023\\\/03\\\/COLECTIVO-MIGERS-04.jpg\",\"keywords\":[\"montaje\"],\"articleSection\":[\"Artes Esc\u00e9nicas\",\"Docentes\",\"Estudiantes\",\"Gesti\u00f3n\"],\"inLanguage\":\"en-US\",\"potentialAction\":[{\"@type\":\"CommentAction\",\"name\":\"Comment\",\"target\":[\"https:\\\/\\\/www.uartes.edu.ec\\\/sitio\\\/en\\\/blog\\\/2023\\\/03\\\/20\\\/colectivo-migers-llevo-a-loja-un-montaje-de-clown-e-improvisacion-con-el-que-experimento-el-trabajo-escenico\\\/#respond\"]}]},{\"@type\":[\"WebPage\",\"ItemPage\"],\"@id\":\"https:\\\/\\\/www.uartes.edu.ec\\\/sitio\\\/en\\\/blog\\\/2023\\\/03\\\/20\\\/colectivo-migers-llevo-a-loja-un-montaje-de-clown-e-improvisacion-con-el-que-experimento-el-trabajo-escenico\\\/\",\"url\":\"https:\\\/\\\/www.uartes.edu.ec\\\/sitio\\\/en\\\/blog\\\/2023\\\/03\\\/20\\\/colectivo-migers-llevo-a-loja-un-montaje-de-clown-e-improvisacion-con-el-que-experimento-el-trabajo-escenico\\\/\",\"name\":\"Universidad de las Artes - El colectivo MIGERS llev\u00f3 a Loja un montaje de clown e improvisaci\u00f3n con el que experiment\u00f3 el trabajo esc\u00e9nico\",\"isPartOf\":{\"@id\":\"https:\\\/\\\/www.uartes.edu.ec\\\/sitio\\\/en\\\/#website\"},\"primaryImageOfPage\":{\"@id\":\"https:\\\/\\\/www.uartes.edu.ec\\\/sitio\\\/en\\\/blog\\\/2023\\\/03\\\/20\\\/colectivo-migers-llevo-a-loja-un-montaje-de-clown-e-improvisacion-con-el-que-experimento-el-trabajo-escenico\\\/#primaryimage\"},\"image\":{\"@id\":\"https:\\\/\\\/www.uartes.edu.ec\\\/sitio\\\/en\\\/blog\\\/2023\\\/03\\\/20\\\/colectivo-migers-llevo-a-loja-un-montaje-de-clown-e-improvisacion-con-el-que-experimento-el-trabajo-escenico\\\/#primaryimage\"},\"thumbnailUrl\":\"https:\\\/\\\/www.uartes.edu.ec\\\/sitio\\\/wp-content\\\/uploads\\\/2023\\\/03\\\/COLECTIVO-MIGERS-04.jpg\",\"datePublished\":\"2023-03-20T20:31:00+00:00\",\"dateModified\":\"2024-07-04T16:21:24+00:00\",\"description\":\"Universidad de las Artes - El colectivo MIGERS llev\u00f3 a Loja un montaje de clown e improvisaci\u00f3n con el que experiment\u00f3 el trabajo esc\u00e9nico\",\"breadcrumb\":{\"@id\":\"https:\\\/\\\/www.uartes.edu.ec\\\/sitio\\\/en\\\/blog\\\/2023\\\/03\\\/20\\\/colectivo-migers-llevo-a-loja-un-montaje-de-clown-e-improvisacion-con-el-que-experimento-el-trabajo-escenico\\\/#breadcrumb\"},\"inLanguage\":\"en-US\",\"potentialAction\":[{\"@type\":\"ReadAction\",\"target\":[\"https:\\\/\\\/www.uartes.edu.ec\\\/sitio\\\/en\\\/blog\\\/2023\\\/03\\\/20\\\/colectivo-migers-llevo-a-loja-un-montaje-de-clown-e-improvisacion-con-el-que-experimento-el-trabajo-escenico\\\/\"]}]},{\"@type\":\"ImageObject\",\"inLanguage\":\"en-US\",\"@id\":\"https:\\\/\\\/www.uartes.edu.ec\\\/sitio\\\/en\\\/blog\\\/2023\\\/03\\\/20\\\/colectivo-migers-llevo-a-loja-un-montaje-de-clown-e-improvisacion-con-el-que-experimento-el-trabajo-escenico\\\/#primaryimage\",\"url\":\"https:\\\/\\\/www.uartes.edu.ec\\\/sitio\\\/wp-content\\\/uploads\\\/2023\\\/03\\\/COLECTIVO-MIGERS-04.jpg\",\"contentUrl\":\"https:\\\/\\\/www.uartes.edu.ec\\\/sitio\\\/wp-content\\\/uploads\\\/2023\\\/03\\\/COLECTIVO-MIGERS-04.jpg\",\"width\":2000,\"height\":1333},{\"@type\":\"BreadcrumbList\",\"@id\":\"https:\\\/\\\/www.uartes.edu.ec\\\/sitio\\\/en\\\/blog\\\/2023\\\/03\\\/20\\\/colectivo-migers-llevo-a-loja-un-montaje-de-clown-e-improvisacion-con-el-que-experimento-el-trabajo-escenico\\\/#breadcrumb\",\"itemListElement\":[{\"@type\":\"ListItem\",\"position\":1,\"name\":\"Inicio\",\"item\":\"https:\\\/\\\/www.uartes.edu.ec\\\/sitio\\\/\"},{\"@type\":\"ListItem\",\"position\":2,\"name\":\"El colectivo MIGERS llev\u00f3 a Loja un montaje de clown e improvisaci\u00f3n con el que experiment\u00f3 el trabajo esc\u00e9nico\"}]},{\"@type\":\"WebSite\",\"@id\":\"https:\\\/\\\/www.uartes.edu.ec\\\/sitio\\\/en\\\/#website\",\"url\":\"https:\\\/\\\/www.uartes.edu.ec\\\/sitio\\\/en\\\/\",\"name\":\"Universidad de las Artes\",\"description\":\"Sitio oficial de la Universidad Nacional de las Artes del Ecuador\",\"publisher\":{\"@id\":\"https:\\\/\\\/www.uartes.edu.ec\\\/sitio\\\/en\\\/#organization\"},\"potentialAction\":[{\"@type\":\"SearchAction\",\"target\":{\"@type\":\"EntryPoint\",\"urlTemplate\":\"https:\\\/\\\/www.uartes.edu.ec\\\/sitio\\\/en\\\/?s={search_term_string}\"},\"query-input\":{\"@type\":\"PropertyValueSpecification\",\"valueRequired\":true,\"valueName\":\"search_term_string\"}}],\"inLanguage\":\"en-US\"},{\"@type\":\"Organization\",\"@id\":\"https:\\\/\\\/www.uartes.edu.ec\\\/sitio\\\/en\\\/#organization\",\"name\":\"Universidad de las Artes\",\"url\":\"https:\\\/\\\/www.uartes.edu.ec\\\/sitio\\\/en\\\/\",\"logo\":{\"@type\":\"ImageObject\",\"inLanguage\":\"en-US\",\"@id\":\"https:\\\/\\\/www.uartes.edu.ec\\\/sitio\\\/en\\\/#\\\/schema\\\/logo\\\/image\\\/\",\"url\":\"https:\\\/\\\/www.uartes.edu.ec\\\/sitio\\\/wp-content\\\/uploads\\\/2022\\\/07\\\/logo-ua-horizontal.png\",\"contentUrl\":\"https:\\\/\\\/www.uartes.edu.ec\\\/sitio\\\/wp-content\\\/uploads\\\/2022\\\/07\\\/logo-ua-horizontal.png\",\"width\":800,\"height\":276,\"caption\":\"Universidad de las Artes\"},\"image\":{\"@id\":\"https:\\\/\\\/www.uartes.edu.ec\\\/sitio\\\/en\\\/#\\\/schema\\\/logo\\\/image\\\/\"},\"sameAs\":[\"https:\\\/\\\/www.facebook.com\\\/uartesec\",\"https:\\\/\\\/x.com\\\/uartesec\",\"https:\\\/\\\/www.tiktok.com\\\/@uartesec\"]},{\"@type\":\"Person\",\"@id\":\"https:\\\/\\\/www.uartes.edu.ec\\\/sitio\\\/en\\\/#\\\/schema\\\/person\\\/efa1b8275797664fd7f13a79ccc0b1f4\",\"name\":\"ccortez\",\"image\":{\"@type\":\"ImageObject\",\"inLanguage\":\"en-US\",\"@id\":\"https:\\\/\\\/secure.gravatar.com\\\/avatar\\\/b2a6f664a3ae8e074346ef91775736c5ec479e637ecced6842de9dc98b5da9cd?s=96&d=mm&r=g\",\"url\":\"https:\\\/\\\/secure.gravatar.com\\\/avatar\\\/b2a6f664a3ae8e074346ef91775736c5ec479e637ecced6842de9dc98b5da9cd?s=96&d=mm&r=g\",\"contentUrl\":\"https:\\\/\\\/secure.gravatar.com\\\/avatar\\\/b2a6f664a3ae8e074346ef91775736c5ec479e637ecced6842de9dc98b5da9cd?s=96&d=mm&r=g\",\"caption\":\"ccortez\"},\"url\":\"https:\\\/\\\/www.uartes.edu.ec\\\/sitio\\\/en\\\/blog\\\/author\\\/ccortez\\\/\"}]}<\/script>\n<!-- \/ Yoast SEO plugin. -->","yoast_head_json":{"title":"Universidad de las Artes - El colectivo MIGERS llev\u00f3 a Loja un montaje de clown e improvisaci\u00f3n con el que experiment\u00f3 el trabajo esc\u00e9nico","description":"Universidad de las Artes - El colectivo MIGERS llev\u00f3 a Loja un montaje de clown e improvisaci\u00f3n con el que experiment\u00f3 el trabajo esc\u00e9nico","robots":{"index":"index","follow":"follow","max-snippet":"max-snippet:-1","max-image-preview":"max-image-preview:large","max-video-preview":"max-video-preview:-1"},"canonical":"https:\/\/www.uartes.edu.ec\/sitio\/en\/blog\/2023\/03\/20\/colectivo-migers-llevo-a-loja-un-montaje-de-clown-e-improvisacion-con-el-que-experimento-el-trabajo-escenico\/","og_locale":"en_US","og_type":"article","og_title":"Universidad de las Artes - El colectivo MIGERS llev\u00f3 a Loja un montaje de clown e improvisaci\u00f3n con el que experiment\u00f3 el trabajo esc\u00e9nico","og_description":"Universidad de las Artes - El colectivo MIGERS llev\u00f3 a Loja un montaje de clown e improvisaci\u00f3n con el que experiment\u00f3 el trabajo esc\u00e9nico","og_url":"https:\/\/www.uartes.edu.ec\/sitio\/en\/blog\/2023\/03\/20\/colectivo-migers-llevo-a-loja-un-montaje-de-clown-e-improvisacion-con-el-que-experimento-el-trabajo-escenico\/","og_site_name":"Universidad de las Artes","article_publisher":"https:\/\/www.facebook.com\/uartesec","article_published_time":"2023-03-20T20:31:00+00:00","article_modified_time":"2024-07-04T16:21:24+00:00","og_image":[{"width":2000,"height":1333,"url":"https:\/\/www.uartes.edu.ec\/sitio\/wp-content\/uploads\/2023\/03\/COLECTIVO-MIGERS-04.jpg","type":"image\/jpeg"}],"author":"ccortez","twitter_card":"summary_large_image","twitter_creator":"@uartesec","twitter_site":"@uartesec","twitter_misc":{"Written by":"ccortez","Est. reading time":"3 minutes"},"schema":{"@context":"https:\/\/schema.org","@graph":[{"@type":"Article","@id":"https:\/\/www.uartes.edu.ec\/sitio\/en\/blog\/2023\/03\/20\/colectivo-migers-llevo-a-loja-un-montaje-de-clown-e-improvisacion-con-el-que-experimento-el-trabajo-escenico\/#article","isPartOf":{"@id":"https:\/\/www.uartes.edu.ec\/sitio\/en\/blog\/2023\/03\/20\/colectivo-migers-llevo-a-loja-un-montaje-de-clown-e-improvisacion-con-el-que-experimento-el-trabajo-escenico\/"},"author":{"name":"ccortez","@id":"https:\/\/www.uartes.edu.ec\/sitio\/en\/#\/schema\/person\/efa1b8275797664fd7f13a79ccc0b1f4"},"headline":"El colectivo MIGERS llev\u00f3 a Loja un montaje de clown e improvisaci\u00f3n con el que experiment\u00f3 el trabajo esc\u00e9nico","datePublished":"2023-03-20T20:31:00+00:00","dateModified":"2024-07-04T16:21:24+00:00","mainEntityOfPage":{"@id":"https:\/\/www.uartes.edu.ec\/sitio\/en\/blog\/2023\/03\/20\/colectivo-migers-llevo-a-loja-un-montaje-de-clown-e-improvisacion-con-el-que-experimento-el-trabajo-escenico\/"},"wordCount":425,"commentCount":0,"publisher":{"@id":"https:\/\/www.uartes.edu.ec\/sitio\/en\/#organization"},"image":{"@id":"https:\/\/www.uartes.edu.ec\/sitio\/en\/blog\/2023\/03\/20\/colectivo-migers-llevo-a-loja-un-montaje-de-clown-e-improvisacion-con-el-que-experimento-el-trabajo-escenico\/#primaryimage"},"thumbnailUrl":"https:\/\/www.uartes.edu.ec\/sitio\/wp-content\/uploads\/2023\/03\/COLECTIVO-MIGERS-04.jpg","keywords":["montaje"],"articleSection":["Artes Esc\u00e9nicas","Docentes","Estudiantes","Gesti\u00f3n"],"inLanguage":"en-US","potentialAction":[{"@type":"CommentAction","name":"Comment","target":["https:\/\/www.uartes.edu.ec\/sitio\/en\/blog\/2023\/03\/20\/colectivo-migers-llevo-a-loja-un-montaje-de-clown-e-improvisacion-con-el-que-experimento-el-trabajo-escenico\/#respond"]}]},{"@type":["WebPage","ItemPage"],"@id":"https:\/\/www.uartes.edu.ec\/sitio\/en\/blog\/2023\/03\/20\/colectivo-migers-llevo-a-loja-un-montaje-de-clown-e-improvisacion-con-el-que-experimento-el-trabajo-escenico\/","url":"https:\/\/www.uartes.edu.ec\/sitio\/en\/blog\/2023\/03\/20\/colectivo-migers-llevo-a-loja-un-montaje-de-clown-e-improvisacion-con-el-que-experimento-el-trabajo-escenico\/","name":"Universidad de las Artes - El colectivo MIGERS llev\u00f3 a Loja un montaje de clown e improvisaci\u00f3n con el que experiment\u00f3 el trabajo esc\u00e9nico","isPartOf":{"@id":"https:\/\/www.uartes.edu.ec\/sitio\/en\/#website"},"primaryImageOfPage":{"@id":"https:\/\/www.uartes.edu.ec\/sitio\/en\/blog\/2023\/03\/20\/colectivo-migers-llevo-a-loja-un-montaje-de-clown-e-improvisacion-con-el-que-experimento-el-trabajo-escenico\/#primaryimage"},"image":{"@id":"https:\/\/www.uartes.edu.ec\/sitio\/en\/blog\/2023\/03\/20\/colectivo-migers-llevo-a-loja-un-montaje-de-clown-e-improvisacion-con-el-que-experimento-el-trabajo-escenico\/#primaryimage"},"thumbnailUrl":"https:\/\/www.uartes.edu.ec\/sitio\/wp-content\/uploads\/2023\/03\/COLECTIVO-MIGERS-04.jpg","datePublished":"2023-03-20T20:31:00+00:00","dateModified":"2024-07-04T16:21:24+00:00","description":"Universidad de las Artes - El colectivo MIGERS llev\u00f3 a Loja un montaje de clown e improvisaci\u00f3n con el que experiment\u00f3 el trabajo esc\u00e9nico","breadcrumb":{"@id":"https:\/\/www.uartes.edu.ec\/sitio\/en\/blog\/2023\/03\/20\/colectivo-migers-llevo-a-loja-un-montaje-de-clown-e-improvisacion-con-el-que-experimento-el-trabajo-escenico\/#breadcrumb"},"inLanguage":"en-US","potentialAction":[{"@type":"ReadAction","target":["https:\/\/www.uartes.edu.ec\/sitio\/en\/blog\/2023\/03\/20\/colectivo-migers-llevo-a-loja-un-montaje-de-clown-e-improvisacion-con-el-que-experimento-el-trabajo-escenico\/"]}]},{"@type":"ImageObject","inLanguage":"en-US","@id":"https:\/\/www.uartes.edu.ec\/sitio\/en\/blog\/2023\/03\/20\/colectivo-migers-llevo-a-loja-un-montaje-de-clown-e-improvisacion-con-el-que-experimento-el-trabajo-escenico\/#primaryimage","url":"https:\/\/www.uartes.edu.ec\/sitio\/wp-content\/uploads\/2023\/03\/COLECTIVO-MIGERS-04.jpg","contentUrl":"https:\/\/www.uartes.edu.ec\/sitio\/wp-content\/uploads\/2023\/03\/COLECTIVO-MIGERS-04.jpg","width":2000,"height":1333},{"@type":"BreadcrumbList","@id":"https:\/\/www.uartes.edu.ec\/sitio\/en\/blog\/2023\/03\/20\/colectivo-migers-llevo-a-loja-un-montaje-de-clown-e-improvisacion-con-el-que-experimento-el-trabajo-escenico\/#breadcrumb","itemListElement":[{"@type":"ListItem","position":1,"name":"Inicio","item":"https:\/\/www.uartes.edu.ec\/sitio\/"},{"@type":"ListItem","position":2,"name":"El colectivo MIGERS llev\u00f3 a Loja un montaje de clown e improvisaci\u00f3n con el que experiment\u00f3 el trabajo esc\u00e9nico"}]},{"@type":"WebSite","@id":"https:\/\/www.uartes.edu.ec\/sitio\/en\/#website","url":"https:\/\/www.uartes.edu.ec\/sitio\/en\/","name":"Universidad de las Artes","description":"Sitio oficial de la Universidad Nacional de las Artes del Ecuador","publisher":{"@id":"https:\/\/www.uartes.edu.ec\/sitio\/en\/#organization"},"potentialAction":[{"@type":"SearchAction","target":{"@type":"EntryPoint","urlTemplate":"https:\/\/www.uartes.edu.ec\/sitio\/en\/?s={search_term_string}"},"query-input":{"@type":"PropertyValueSpecification","valueRequired":true,"valueName":"search_term_string"}}],"inLanguage":"en-US"},{"@type":"Organization","@id":"https:\/\/www.uartes.edu.ec\/sitio\/en\/#organization","name":"Universidad de las Artes","url":"https:\/\/www.uartes.edu.ec\/sitio\/en\/","logo":{"@type":"ImageObject","inLanguage":"en-US","@id":"https:\/\/www.uartes.edu.ec\/sitio\/en\/#\/schema\/logo\/image\/","url":"https:\/\/www.uartes.edu.ec\/sitio\/wp-content\/uploads\/2022\/07\/logo-ua-horizontal.png","contentUrl":"https:\/\/www.uartes.edu.ec\/sitio\/wp-content\/uploads\/2022\/07\/logo-ua-horizontal.png","width":800,"height":276,"caption":"Universidad de las Artes"},"image":{"@id":"https:\/\/www.uartes.edu.ec\/sitio\/en\/#\/schema\/logo\/image\/"},"sameAs":["https:\/\/www.facebook.com\/uartesec","https:\/\/x.com\/uartesec","https:\/\/www.tiktok.com\/@uartesec"]},{"@type":"Person","@id":"https:\/\/www.uartes.edu.ec\/sitio\/en\/#\/schema\/person\/efa1b8275797664fd7f13a79ccc0b1f4","name":"ccortez","image":{"@type":"ImageObject","inLanguage":"en-US","@id":"https:\/\/secure.gravatar.com\/avatar\/b2a6f664a3ae8e074346ef91775736c5ec479e637ecced6842de9dc98b5da9cd?s=96&d=mm&r=g","url":"https:\/\/secure.gravatar.com\/avatar\/b2a6f664a3ae8e074346ef91775736c5ec479e637ecced6842de9dc98b5da9cd?s=96&d=mm&r=g","contentUrl":"https:\/\/secure.gravatar.com\/avatar\/b2a6f664a3ae8e074346ef91775736c5ec479e637ecced6842de9dc98b5da9cd?s=96&d=mm&r=g","caption":"ccortez"},"url":"https:\/\/www.uartes.edu.ec\/sitio\/en\/blog\/author\/ccortez\/"}]}},"uagb_featured_image_src":{"full":["https:\/\/www.uartes.edu.ec\/sitio\/wp-content\/uploads\/2023\/03\/COLECTIVO-MIGERS-04.jpg",2000,1333,false],"thumbnail":["https:\/\/www.uartes.edu.ec\/sitio\/wp-content\/uploads\/2023\/03\/COLECTIVO-MIGERS-04-150x150.jpg",150,150,true],"medium":["https:\/\/www.uartes.edu.ec\/sitio\/wp-content\/uploads\/2023\/03\/COLECTIVO-MIGERS-04-300x200.jpg",300,200,true],"medium_large":["https:\/\/www.uartes.edu.ec\/sitio\/wp-content\/uploads\/2023\/03\/COLECTIVO-MIGERS-04-768x512.jpg",768,512,true],"large":["https:\/\/www.uartes.edu.ec\/sitio\/wp-content\/uploads\/2023\/03\/COLECTIVO-MIGERS-04-644x429.jpg",644,429,true],"1536x1536":["https:\/\/www.uartes.edu.ec\/sitio\/wp-content\/uploads\/2023\/03\/COLECTIVO-MIGERS-04-1536x1024.jpg",1536,1024,true],"2048x2048":["https:\/\/www.uartes.edu.ec\/sitio\/wp-content\/uploads\/2023\/03\/COLECTIVO-MIGERS-04.jpg",2000,1333,false],"trp-custom-language-flag":["https:\/\/www.uartes.edu.ec\/sitio\/wp-content\/uploads\/2023\/03\/COLECTIVO-MIGERS-04.jpg",18,12,false],"htmega_size_585x295":["https:\/\/www.uartes.edu.ec\/sitio\/wp-content\/uploads\/2023\/03\/COLECTIVO-MIGERS-04-585x295.jpg",585,295,true],"htmega_size_1170x536":["https:\/\/www.uartes.edu.ec\/sitio\/wp-content\/uploads\/2023\/03\/COLECTIVO-MIGERS-04-1170x536.jpg",1170,536,true],"htmega_size_396x360":["https:\/\/www.uartes.edu.ec\/sitio\/wp-content\/uploads\/2023\/03\/COLECTIVO-MIGERS-04-396x360.jpg",396,360,true],"gb-block-post-grid-landscape":["https:\/\/www.uartes.edu.ec\/sitio\/wp-content\/uploads\/2023\/03\/COLECTIVO-MIGERS-04-600x400.jpg",600,400,true],"gb-block-post-grid-square":["https:\/\/www.uartes.edu.ec\/sitio\/wp-content\/uploads\/2023\/03\/COLECTIVO-MIGERS-04-600x600.jpg",600,600,true],"university-hub-thumb":["https:\/\/www.uartes.edu.ec\/sitio\/wp-content\/uploads\/2023\/03\/COLECTIVO-MIGERS-04-400x267.jpg",400,267,true],"mailpoet_newsletter_max":["https:\/\/www.uartes.edu.ec\/sitio\/wp-content\/uploads\/2023\/03\/COLECTIVO-MIGERS-04.jpg",1320,880,false]},"uagb_author_info":{"display_name":"ccortez","author_link":"https:\/\/www.uartes.edu.ec\/sitio\/en\/blog\/author\/ccortez\/"},"uagb_comment_info":0,"uagb_excerpt":"Integrado por estudiantes de la carrera de Creaci\u00f3n Teatral de la Universidad de las Artes, el colectivo MIGERS llev\u00f3 a la ciudad de Loja el montaje \u201cTres n\u00fameros sin pie ni cabeza\u201d, que naci\u00f3 del inter\u00e9s de todos por explorar desde la t\u00e9cnica clown y la improvisaci\u00f3n; ganaron, adem\u00e1s, la experiencia de producir una obra&hellip;","featured_image_src":"https:\/\/www.uartes.edu.ec\/sitio\/wp-content\/uploads\/2023\/03\/COLECTIVO-MIGERS-04-600x400.jpg","featured_image_src_square":"https:\/\/www.uartes.edu.ec\/sitio\/wp-content\/uploads\/2023\/03\/COLECTIVO-MIGERS-04-600x600.jpg","author_info":{"display_name":"ccortez","author_link":"https:\/\/www.uartes.edu.ec\/sitio\/en\/blog\/author\/ccortez\/"},"publishpress_future_workflow_manual_trigger":{"enabledWorkflows":[]},"distributor_meta":false,"distributor_terms":false,"distributor_media":false,"distributor_original_site_name":"Universidad de las Artes","distributor_original_site_url":"https:\/\/www.uartes.edu.ec\/sitio\/en","push-errors":false,"_links":{"self":[{"href":"https:\/\/www.uartes.edu.ec\/sitio\/en\/wp-json\/wp\/v2\/posts\/39728","targetHints":{"allow":["GET"]}}],"collection":[{"href":"https:\/\/www.uartes.edu.ec\/sitio\/en\/wp-json\/wp\/v2\/posts"}],"about":[{"href":"https:\/\/www.uartes.edu.ec\/sitio\/en\/wp-json\/wp\/v2\/types\/post"}],"author":[{"embeddable":true,"href":"https:\/\/www.uartes.edu.ec\/sitio\/en\/wp-json\/wp\/v2\/users\/10"}],"replies":[{"embeddable":true,"href":"https:\/\/www.uartes.edu.ec\/sitio\/en\/wp-json\/wp\/v2\/comments?post=39728"}],"version-history":[{"count":10,"href":"https:\/\/www.uartes.edu.ec\/sitio\/en\/wp-json\/wp\/v2\/posts\/39728\/revisions"}],"predecessor-version":[{"id":39770,"href":"https:\/\/www.uartes.edu.ec\/sitio\/en\/wp-json\/wp\/v2\/posts\/39728\/revisions\/39770"}],"wp:featuredmedia":[{"embeddable":true,"href":"https:\/\/www.uartes.edu.ec\/sitio\/en\/wp-json\/wp\/v2\/media\/39730"}],"wp:attachment":[{"href":"https:\/\/www.uartes.edu.ec\/sitio\/en\/wp-json\/wp\/v2\/media?parent=39728"}],"wp:term":[{"taxonomy":"category","embeddable":true,"href":"https:\/\/www.uartes.edu.ec\/sitio\/en\/wp-json\/wp\/v2\/categories?post=39728"},{"taxonomy":"post_tag","embeddable":true,"href":"https:\/\/www.uartes.edu.ec\/sitio\/en\/wp-json\/wp\/v2\/tags?post=39728"},{"taxonomy":"infouartes","embeddable":true,"href":"https:\/\/www.uartes.edu.ec\/sitio\/en\/wp-json\/wp\/v2\/infouartes?post=39728"}],"curies":[{"name":"wp","href":"https:\/\/api.w.org\/{rel}","templated":true}]}}