{"id":39779,"date":"2023-03-21T15:54:00","date_gmt":"2023-03-21T20:54:00","guid":{"rendered":"https:\/\/www.uartes.edu.ec\/sitio\/?p=39779"},"modified":"2024-07-04T11:21:23","modified_gmt":"2024-07-04T16:21:23","slug":"estudiantes-y-docentes-de-artes-escenicas-en-encuentros-de-danza-de-quito-y-cuenca","status":"publish","type":"post","link":"https:\/\/www.uartes.edu.ec\/sitio\/en\/blog\/2023\/03\/21\/estudiantes-y-docentes-de-artes-escenicas-en-encuentros-de-danza-de-quito-y-cuenca\/","title":{"rendered":"Estudiantes y docentes de Artes Esc\u00e9nicas, en encuentros de danza"},"content":{"rendered":"<p>Las y los estudiantes del octavo semestre de la carrera de Danza de la Universidad de las Artes llevar\u00e1n por segunda ocasi\u00f3n al escenario el proyecto coreogr\u00e1fico \u201cY en el silencio, tus manos\u201d, pieza creada por la maestra franco-tunecina&nbsp;Lemia Boudhiaf junto a quienes cursan su \u00faltimo ciclo de estudios previo a la obtenci\u00f3n de la licenciatura.<\/p>\n\n\n\n<p>La primera presentaci\u00f3n-estreno tuvo lugar en enero pasado tras una preparaci\u00f3n de dos meses, en la que las y los estudiantes de Danza demostraron resultados de su preparaci\u00f3n acad\u00e9mica en la Escuela de Artes Esc\u00e9nicas. La segunda puesta en escena se dar\u00e1 este viernes 24 de marzo, a las 19:30, en las instalaciones del Teatro de la Casa de la Cultura Ecuatoriana N\u00facleo del Azuay, en el marco del segundo aniversario de Lumi\u00e9re Danza Independiente de Cuenca.<\/p>\n\n\n\n<p>La invitaci\u00f3n a la UArtes para tomar parte de las actividades por el aniversario la hizo Pa\u00fal Garc\u00eda, director del Colectivo Art\u00edstico Lumi\u00e9re. En la cita intervendr\u00e1n tambi\u00e9n No man&#8217;s land.cia, desde Quito, y los bailarines Alba Torres Cabrera&nbsp;(@albatorres.c)&nbsp;y Jordy Nicolay Borja Kilganov&nbsp;(@jordynicolaybk).<\/p>\n\n\n\n<p>Acerca de \u201cY en el silencio, tus manos\u201d, en un di\u00e1logo anterior con InfoUArtes la core\u00f3grafa franco-tunecina Lemia Boudhiaf dijo que el lenguaje de las manos lo construy\u00f3 con los estudiantes part\u00edcipes del montaje, que trabajaron sobre los gestos sociales que permiten relacionarse con otros individuos en la cotidianidad. \u201c\u2026 aquellos que se usan para expresarse y los que convocan a la danza y a celebrar algo; esas categor\u00edas de gestos son la base del lenguaje de la obra\u201d.&nbsp;<\/p>\n\n\n<div class=\"wp-block-image\">\n<figure class=\"aligncenter size-large\"><img fetchpriority=\"high\" decoding=\"async\" width=\"644\" height=\"429\" src=\"https:\/\/www.uartes.edu.ec\/sitio\/wp-content\/uploads\/2023\/03\/ARTES-ESCENICAS-QC-02-644x429.jpg\" alt=\"\" class=\"wp-image-39781\" srcset=\"https:\/\/www.uartes.edu.ec\/sitio\/wp-content\/uploads\/2023\/03\/ARTES-ESCENICAS-QC-02-644x429.jpg 644w, https:\/\/www.uartes.edu.ec\/sitio\/wp-content\/uploads\/2023\/03\/ARTES-ESCENICAS-QC-02-768x511.jpg 768w, https:\/\/www.uartes.edu.ec\/sitio\/wp-content\/uploads\/2023\/03\/ARTES-ESCENICAS-QC-02.jpg 2000w, https:\/\/www.uartes.edu.ec\/sitio\/wp-content\/uploads\/2023\/03\/ARTES-ESCENICAS-QC-02-600x399.jpg 600w, https:\/\/www.uartes.edu.ec\/sitio\/wp-content\/uploads\/2023\/03\/ARTES-ESCENICAS-QC-02-272x182.jpg 272w\" sizes=\"(max-width: 644px) 100vw, 644px\" \/><\/figure>\n<\/div>\n\n\n<h3 class=\"wp-block-heading\"><strong>Maneras y Procesos de Ense\u00f1ar la Danza<\/strong><\/h3>\n\n\n\n<p>As\u00ed como las y los estudiantes de Artes Esc\u00e9nicas UArtes, los docentes Santiago Harris, Carolina Pepper, Vanessa P\u00e9rez y Bertha D\u00edaz, su directora, han sido invitados a participar junto a algunos maestros de distintas ciudades del pa\u00eds al Encuentro <a>Maneras y Procesos de Ense\u00f1ar la Danza<\/a> que se realizar\u00e1 en Quito desde este mi\u00e9rcoles 22 de marzo hasta el s\u00e1bado 25.<\/p>\n\n\n\n<p>\u201cEstas actividades se entretejen como un cuerpo rizom\u00e1tico, para abordar el territorio de pensamiento de las pedagog\u00edas en la danza y compartir, de manera vivencial, esta producci\u00f3n de conocimiento entre nosotrxs y con el p\u00fablico\u201d, se\u00f1alan quienes dirigen el Proyecto Pedagog\u00edas de la Danza en Ecuador, a cargo del encuentro.&nbsp;<\/p>\n\n\n\n<p>Maneras y Procesos de Ense\u00f1ar la Danza cuenta con el apoyo de la Secretar\u00eda de Cultura del Municipio del Distrito Metropolitano de Quito y de la OEI (Organizaci\u00f3n de Estados Iberoamericanos) y se desarrollar\u00e1 en las instalaciones de Espacio Vac\u00edo y en la Compa\u00f1\u00eda Nacional de Danza. En distintos horarios est\u00e1n programadas clases did\u00e1cticas, mesas de di\u00e1logo, conversatorios, laboratorios de reflexi\u00f3n, muestras y desmontajes de obra. Participar\u00e1n 35 docentes, as\u00ed como un gran n\u00famero de artistas independientes, estudiantes y egresados de las carreras de Danza y Artes Esc\u00e9nicas, acad\u00e9micos del arte y de la investigaci\u00f3n, y p\u00fablico en general.\u00a0 Estas modalidades propuestas de participaci\u00f3n recogen el proceso de estos cinco a\u00f1os de investigaci\u00f3n que viene llevando adelante el proyecto Pedagog\u00edas de la Danza en Ecuador.<\/p>\n\n\n\n<p>Texto: Enviado por Carolina Pepper Cevallos, docente.<br>Fotos: Escuela de Artes Esc\u00e9nicas.<\/p>","protected":false},"excerpt":{"rendered":"<p>Las y los estudiantes del octavo semestre de Danza llevar\u00e1n al Teatro de la CCE Azuay el proyecto coreogr\u00e1fico \u201cY en el silencio, tus manos\u201d, pieza creada por la maestra franco-tunecina Lemia Boudhiaf. As\u00ed tambi\u00e9n, de la Escuela de Artes Esc\u00e9nicas los docentes Santiago Harris, Carolina Pepper, Vanessa P\u00e9rez y Bertha D\u00edaz, su directora, participar\u00e1n en Quito en el Encuentro Maneras y Procesos de Ense\u00f1ar la Danza.<\/p>","protected":false},"author":10,"featured_media":39780,"comment_status":"open","ping_status":"open","sticky":false,"template":"","format":"standard","meta":{"_acf_changed":false,"_uag_custom_page_level_css":"","_monsterinsights_skip_tracking":false,"_monsterinsights_sitenote_active":false,"_monsterinsights_sitenote_note":"","_monsterinsights_sitenote_category":0,"cybocfi_hide_featured_image":"","footnotes":""},"categories":[714,80,82,159,75,76,77],"tags":[],"infouartes":[],"class_list":["post-39779","post","type-post","status-publish","format-standard","has-post-thumbnail","hentry","category-2b","category-academico","category-artes","category-artes-escenicas","category-docentes","category-estudiantes","category-gestion"],"acf":[],"yoast_head":"<!-- This site is optimized with the Yoast SEO plugin v27.4 - https:\/\/yoast.com\/product\/yoast-seo-wordpress\/ -->\n<title>Universidad de las Artes - Estudiantes y docentes de Artes Esc\u00e9nicas, en encuentros de danza<\/title>\n<meta name=\"description\" content=\"Universidad de las Artes - Estudiantes y docentes de Artes Esc\u00e9nicas, en encuentros de danza\" \/>\n<meta name=\"robots\" content=\"index, follow, max-snippet:-1, max-image-preview:large, max-video-preview:-1\" \/>\n<link rel=\"canonical\" href=\"https:\/\/www.uartes.edu.ec\/sitio\/en\/blog\/2023\/03\/21\/estudiantes-y-docentes-de-artes-escenicas-en-encuentros-de-danza-de-quito-y-cuenca\/\" \/>\n<meta property=\"og:locale\" content=\"en_US\" \/>\n<meta property=\"og:type\" content=\"article\" \/>\n<meta property=\"og:title\" content=\"Universidad de las Artes - Estudiantes y docentes de Artes Esc\u00e9nicas, en encuentros de danza\" \/>\n<meta property=\"og:description\" content=\"Universidad de las Artes - Estudiantes y docentes de Artes Esc\u00e9nicas, en encuentros de danza\" \/>\n<meta property=\"og:url\" content=\"https:\/\/www.uartes.edu.ec\/sitio\/en\/blog\/2023\/03\/21\/estudiantes-y-docentes-de-artes-escenicas-en-encuentros-de-danza-de-quito-y-cuenca\/\" \/>\n<meta property=\"og:site_name\" content=\"Universidad de las Artes\" \/>\n<meta property=\"article:publisher\" content=\"https:\/\/www.facebook.com\/uartesec\" \/>\n<meta property=\"article:published_time\" content=\"2023-03-21T20:54:00+00:00\" \/>\n<meta property=\"article:modified_time\" content=\"2024-07-04T16:21:23+00:00\" \/>\n<meta property=\"og:image\" content=\"https:\/\/www.uartes.edu.ec\/sitio\/wp-content\/uploads\/2023\/03\/ARTES-ESCENICAS-QC-01.jpg\" \/>\n\t<meta property=\"og:image:width\" content=\"2000\" \/>\n\t<meta property=\"og:image:height\" content=\"1333\" \/>\n\t<meta property=\"og:image:type\" content=\"image\/jpeg\" \/>\n<meta name=\"author\" content=\"ccortez\" \/>\n<meta name=\"twitter:card\" content=\"summary_large_image\" \/>\n<meta name=\"twitter:creator\" content=\"@uartesec\" \/>\n<meta name=\"twitter:site\" content=\"@uartesec\" \/>\n<meta name=\"twitter:label1\" content=\"Written by\" \/>\n\t<meta name=\"twitter:data1\" content=\"ccortez\" \/>\n\t<meta name=\"twitter:label2\" content=\"Est. reading time\" \/>\n\t<meta name=\"twitter:data2\" content=\"3 minutes\" \/>\n<script type=\"application\/ld+json\" class=\"yoast-schema-graph\">{\"@context\":\"https:\\\/\\\/schema.org\",\"@graph\":[{\"@type\":\"Article\",\"@id\":\"https:\\\/\\\/www.uartes.edu.ec\\\/sitio\\\/en\\\/blog\\\/2023\\\/03\\\/21\\\/estudiantes-y-docentes-de-artes-escenicas-en-encuentros-de-danza-de-quito-y-cuenca\\\/#article\",\"isPartOf\":{\"@id\":\"https:\\\/\\\/www.uartes.edu.ec\\\/sitio\\\/en\\\/blog\\\/2023\\\/03\\\/21\\\/estudiantes-y-docentes-de-artes-escenicas-en-encuentros-de-danza-de-quito-y-cuenca\\\/\"},\"author\":{\"name\":\"ccortez\",\"@id\":\"https:\\\/\\\/www.uartes.edu.ec\\\/sitio\\\/en\\\/#\\\/schema\\\/person\\\/efa1b8275797664fd7f13a79ccc0b1f4\"},\"headline\":\"Estudiantes y docentes de Artes Esc\u00e9nicas, en encuentros de danza\",\"datePublished\":\"2023-03-21T20:54:00+00:00\",\"dateModified\":\"2024-07-04T16:21:23+00:00\",\"mainEntityOfPage\":{\"@id\":\"https:\\\/\\\/www.uartes.edu.ec\\\/sitio\\\/en\\\/blog\\\/2023\\\/03\\\/21\\\/estudiantes-y-docentes-de-artes-escenicas-en-encuentros-de-danza-de-quito-y-cuenca\\\/\"},\"wordCount\":584,\"commentCount\":0,\"publisher\":{\"@id\":\"https:\\\/\\\/www.uartes.edu.ec\\\/sitio\\\/en\\\/#organization\"},\"image\":{\"@id\":\"https:\\\/\\\/www.uartes.edu.ec\\\/sitio\\\/en\\\/blog\\\/2023\\\/03\\\/21\\\/estudiantes-y-docentes-de-artes-escenicas-en-encuentros-de-danza-de-quito-y-cuenca\\\/#primaryimage\"},\"thumbnailUrl\":\"https:\\\/\\\/www.uartes.edu.ec\\\/sitio\\\/wp-content\\\/uploads\\\/2023\\\/03\\\/ARTES-ESCENICAS-QC-01.jpg\",\"articleSection\":[\"2B\",\"Acad\u00e9mico\",\"Artes\",\"Artes Esc\u00e9nicas\",\"Docentes\",\"Estudiantes\",\"Gesti\u00f3n\"],\"inLanguage\":\"en-US\",\"potentialAction\":[{\"@type\":\"CommentAction\",\"name\":\"Comment\",\"target\":[\"https:\\\/\\\/www.uartes.edu.ec\\\/sitio\\\/en\\\/blog\\\/2023\\\/03\\\/21\\\/estudiantes-y-docentes-de-artes-escenicas-en-encuentros-de-danza-de-quito-y-cuenca\\\/#respond\"]}]},{\"@type\":[\"WebPage\",\"ItemPage\"],\"@id\":\"https:\\\/\\\/www.uartes.edu.ec\\\/sitio\\\/en\\\/blog\\\/2023\\\/03\\\/21\\\/estudiantes-y-docentes-de-artes-escenicas-en-encuentros-de-danza-de-quito-y-cuenca\\\/\",\"url\":\"https:\\\/\\\/www.uartes.edu.ec\\\/sitio\\\/en\\\/blog\\\/2023\\\/03\\\/21\\\/estudiantes-y-docentes-de-artes-escenicas-en-encuentros-de-danza-de-quito-y-cuenca\\\/\",\"name\":\"Universidad de las Artes - Estudiantes y docentes de Artes Esc\u00e9nicas, en encuentros de danza\",\"isPartOf\":{\"@id\":\"https:\\\/\\\/www.uartes.edu.ec\\\/sitio\\\/en\\\/#website\"},\"primaryImageOfPage\":{\"@id\":\"https:\\\/\\\/www.uartes.edu.ec\\\/sitio\\\/en\\\/blog\\\/2023\\\/03\\\/21\\\/estudiantes-y-docentes-de-artes-escenicas-en-encuentros-de-danza-de-quito-y-cuenca\\\/#primaryimage\"},\"image\":{\"@id\":\"https:\\\/\\\/www.uartes.edu.ec\\\/sitio\\\/en\\\/blog\\\/2023\\\/03\\\/21\\\/estudiantes-y-docentes-de-artes-escenicas-en-encuentros-de-danza-de-quito-y-cuenca\\\/#primaryimage\"},\"thumbnailUrl\":\"https:\\\/\\\/www.uartes.edu.ec\\\/sitio\\\/wp-content\\\/uploads\\\/2023\\\/03\\\/ARTES-ESCENICAS-QC-01.jpg\",\"datePublished\":\"2023-03-21T20:54:00+00:00\",\"dateModified\":\"2024-07-04T16:21:23+00:00\",\"description\":\"Universidad de las Artes - Estudiantes y docentes de Artes Esc\u00e9nicas, en encuentros de danza\",\"breadcrumb\":{\"@id\":\"https:\\\/\\\/www.uartes.edu.ec\\\/sitio\\\/en\\\/blog\\\/2023\\\/03\\\/21\\\/estudiantes-y-docentes-de-artes-escenicas-en-encuentros-de-danza-de-quito-y-cuenca\\\/#breadcrumb\"},\"inLanguage\":\"en-US\",\"potentialAction\":[{\"@type\":\"ReadAction\",\"target\":[\"https:\\\/\\\/www.uartes.edu.ec\\\/sitio\\\/en\\\/blog\\\/2023\\\/03\\\/21\\\/estudiantes-y-docentes-de-artes-escenicas-en-encuentros-de-danza-de-quito-y-cuenca\\\/\"]}]},{\"@type\":\"ImageObject\",\"inLanguage\":\"en-US\",\"@id\":\"https:\\\/\\\/www.uartes.edu.ec\\\/sitio\\\/en\\\/blog\\\/2023\\\/03\\\/21\\\/estudiantes-y-docentes-de-artes-escenicas-en-encuentros-de-danza-de-quito-y-cuenca\\\/#primaryimage\",\"url\":\"https:\\\/\\\/www.uartes.edu.ec\\\/sitio\\\/wp-content\\\/uploads\\\/2023\\\/03\\\/ARTES-ESCENICAS-QC-01.jpg\",\"contentUrl\":\"https:\\\/\\\/www.uartes.edu.ec\\\/sitio\\\/wp-content\\\/uploads\\\/2023\\\/03\\\/ARTES-ESCENICAS-QC-01.jpg\",\"width\":2000,\"height\":1333},{\"@type\":\"BreadcrumbList\",\"@id\":\"https:\\\/\\\/www.uartes.edu.ec\\\/sitio\\\/en\\\/blog\\\/2023\\\/03\\\/21\\\/estudiantes-y-docentes-de-artes-escenicas-en-encuentros-de-danza-de-quito-y-cuenca\\\/#breadcrumb\",\"itemListElement\":[{\"@type\":\"ListItem\",\"position\":1,\"name\":\"Inicio\",\"item\":\"https:\\\/\\\/www.uartes.edu.ec\\\/sitio\\\/\"},{\"@type\":\"ListItem\",\"position\":2,\"name\":\"Estudiantes y docentes de Artes Esc\u00e9nicas, en encuentros de danza\"}]},{\"@type\":\"WebSite\",\"@id\":\"https:\\\/\\\/www.uartes.edu.ec\\\/sitio\\\/en\\\/#website\",\"url\":\"https:\\\/\\\/www.uartes.edu.ec\\\/sitio\\\/en\\\/\",\"name\":\"Universidad de las Artes\",\"description\":\"Sitio oficial de la Universidad Nacional de las Artes del Ecuador\",\"publisher\":{\"@id\":\"https:\\\/\\\/www.uartes.edu.ec\\\/sitio\\\/en\\\/#organization\"},\"potentialAction\":[{\"@type\":\"SearchAction\",\"target\":{\"@type\":\"EntryPoint\",\"urlTemplate\":\"https:\\\/\\\/www.uartes.edu.ec\\\/sitio\\\/en\\\/?s={search_term_string}\"},\"query-input\":{\"@type\":\"PropertyValueSpecification\",\"valueRequired\":true,\"valueName\":\"search_term_string\"}}],\"inLanguage\":\"en-US\"},{\"@type\":\"Organization\",\"@id\":\"https:\\\/\\\/www.uartes.edu.ec\\\/sitio\\\/en\\\/#organization\",\"name\":\"Universidad de las Artes\",\"url\":\"https:\\\/\\\/www.uartes.edu.ec\\\/sitio\\\/en\\\/\",\"logo\":{\"@type\":\"ImageObject\",\"inLanguage\":\"en-US\",\"@id\":\"https:\\\/\\\/www.uartes.edu.ec\\\/sitio\\\/en\\\/#\\\/schema\\\/logo\\\/image\\\/\",\"url\":\"https:\\\/\\\/www.uartes.edu.ec\\\/sitio\\\/wp-content\\\/uploads\\\/2022\\\/07\\\/logo-ua-horizontal.png\",\"contentUrl\":\"https:\\\/\\\/www.uartes.edu.ec\\\/sitio\\\/wp-content\\\/uploads\\\/2022\\\/07\\\/logo-ua-horizontal.png\",\"width\":800,\"height\":276,\"caption\":\"Universidad de las Artes\"},\"image\":{\"@id\":\"https:\\\/\\\/www.uartes.edu.ec\\\/sitio\\\/en\\\/#\\\/schema\\\/logo\\\/image\\\/\"},\"sameAs\":[\"https:\\\/\\\/www.facebook.com\\\/uartesec\",\"https:\\\/\\\/x.com\\\/uartesec\",\"https:\\\/\\\/www.tiktok.com\\\/@uartesec\"]},{\"@type\":\"Person\",\"@id\":\"https:\\\/\\\/www.uartes.edu.ec\\\/sitio\\\/en\\\/#\\\/schema\\\/person\\\/efa1b8275797664fd7f13a79ccc0b1f4\",\"name\":\"ccortez\",\"image\":{\"@type\":\"ImageObject\",\"inLanguage\":\"en-US\",\"@id\":\"https:\\\/\\\/secure.gravatar.com\\\/avatar\\\/b2a6f664a3ae8e074346ef91775736c5ec479e637ecced6842de9dc98b5da9cd?s=96&d=mm&r=g\",\"url\":\"https:\\\/\\\/secure.gravatar.com\\\/avatar\\\/b2a6f664a3ae8e074346ef91775736c5ec479e637ecced6842de9dc98b5da9cd?s=96&d=mm&r=g\",\"contentUrl\":\"https:\\\/\\\/secure.gravatar.com\\\/avatar\\\/b2a6f664a3ae8e074346ef91775736c5ec479e637ecced6842de9dc98b5da9cd?s=96&d=mm&r=g\",\"caption\":\"ccortez\"},\"url\":\"https:\\\/\\\/www.uartes.edu.ec\\\/sitio\\\/en\\\/blog\\\/author\\\/ccortez\\\/\"}]}<\/script>\n<!-- \/ Yoast SEO plugin. -->","yoast_head_json":{"title":"Universidad de las Artes - Estudiantes y docentes de Artes Esc\u00e9nicas, en encuentros de danza","description":"Universidad de las Artes - Estudiantes y docentes de Artes Esc\u00e9nicas, en encuentros de danza","robots":{"index":"index","follow":"follow","max-snippet":"max-snippet:-1","max-image-preview":"max-image-preview:large","max-video-preview":"max-video-preview:-1"},"canonical":"https:\/\/www.uartes.edu.ec\/sitio\/en\/blog\/2023\/03\/21\/estudiantes-y-docentes-de-artes-escenicas-en-encuentros-de-danza-de-quito-y-cuenca\/","og_locale":"en_US","og_type":"article","og_title":"Universidad de las Artes - Estudiantes y docentes de Artes Esc\u00e9nicas, en encuentros de danza","og_description":"Universidad de las Artes - Estudiantes y docentes de Artes Esc\u00e9nicas, en encuentros de danza","og_url":"https:\/\/www.uartes.edu.ec\/sitio\/en\/blog\/2023\/03\/21\/estudiantes-y-docentes-de-artes-escenicas-en-encuentros-de-danza-de-quito-y-cuenca\/","og_site_name":"Universidad de las Artes","article_publisher":"https:\/\/www.facebook.com\/uartesec","article_published_time":"2023-03-21T20:54:00+00:00","article_modified_time":"2024-07-04T16:21:23+00:00","og_image":[{"width":2000,"height":1333,"url":"https:\/\/www.uartes.edu.ec\/sitio\/wp-content\/uploads\/2023\/03\/ARTES-ESCENICAS-QC-01.jpg","type":"image\/jpeg"}],"author":"ccortez","twitter_card":"summary_large_image","twitter_creator":"@uartesec","twitter_site":"@uartesec","twitter_misc":{"Written by":"ccortez","Est. reading time":"3 minutes"},"schema":{"@context":"https:\/\/schema.org","@graph":[{"@type":"Article","@id":"https:\/\/www.uartes.edu.ec\/sitio\/en\/blog\/2023\/03\/21\/estudiantes-y-docentes-de-artes-escenicas-en-encuentros-de-danza-de-quito-y-cuenca\/#article","isPartOf":{"@id":"https:\/\/www.uartes.edu.ec\/sitio\/en\/blog\/2023\/03\/21\/estudiantes-y-docentes-de-artes-escenicas-en-encuentros-de-danza-de-quito-y-cuenca\/"},"author":{"name":"ccortez","@id":"https:\/\/www.uartes.edu.ec\/sitio\/en\/#\/schema\/person\/efa1b8275797664fd7f13a79ccc0b1f4"},"headline":"Estudiantes y docentes de Artes Esc\u00e9nicas, en encuentros de danza","datePublished":"2023-03-21T20:54:00+00:00","dateModified":"2024-07-04T16:21:23+00:00","mainEntityOfPage":{"@id":"https:\/\/www.uartes.edu.ec\/sitio\/en\/blog\/2023\/03\/21\/estudiantes-y-docentes-de-artes-escenicas-en-encuentros-de-danza-de-quito-y-cuenca\/"},"wordCount":584,"commentCount":0,"publisher":{"@id":"https:\/\/www.uartes.edu.ec\/sitio\/en\/#organization"},"image":{"@id":"https:\/\/www.uartes.edu.ec\/sitio\/en\/blog\/2023\/03\/21\/estudiantes-y-docentes-de-artes-escenicas-en-encuentros-de-danza-de-quito-y-cuenca\/#primaryimage"},"thumbnailUrl":"https:\/\/www.uartes.edu.ec\/sitio\/wp-content\/uploads\/2023\/03\/ARTES-ESCENICAS-QC-01.jpg","articleSection":["2B","Acad\u00e9mico","Artes","Artes Esc\u00e9nicas","Docentes","Estudiantes","Gesti\u00f3n"],"inLanguage":"en-US","potentialAction":[{"@type":"CommentAction","name":"Comment","target":["https:\/\/www.uartes.edu.ec\/sitio\/en\/blog\/2023\/03\/21\/estudiantes-y-docentes-de-artes-escenicas-en-encuentros-de-danza-de-quito-y-cuenca\/#respond"]}]},{"@type":["WebPage","ItemPage"],"@id":"https:\/\/www.uartes.edu.ec\/sitio\/en\/blog\/2023\/03\/21\/estudiantes-y-docentes-de-artes-escenicas-en-encuentros-de-danza-de-quito-y-cuenca\/","url":"https:\/\/www.uartes.edu.ec\/sitio\/en\/blog\/2023\/03\/21\/estudiantes-y-docentes-de-artes-escenicas-en-encuentros-de-danza-de-quito-y-cuenca\/","name":"Universidad de las Artes - Estudiantes y docentes de Artes Esc\u00e9nicas, en encuentros de danza","isPartOf":{"@id":"https:\/\/www.uartes.edu.ec\/sitio\/en\/#website"},"primaryImageOfPage":{"@id":"https:\/\/www.uartes.edu.ec\/sitio\/en\/blog\/2023\/03\/21\/estudiantes-y-docentes-de-artes-escenicas-en-encuentros-de-danza-de-quito-y-cuenca\/#primaryimage"},"image":{"@id":"https:\/\/www.uartes.edu.ec\/sitio\/en\/blog\/2023\/03\/21\/estudiantes-y-docentes-de-artes-escenicas-en-encuentros-de-danza-de-quito-y-cuenca\/#primaryimage"},"thumbnailUrl":"https:\/\/www.uartes.edu.ec\/sitio\/wp-content\/uploads\/2023\/03\/ARTES-ESCENICAS-QC-01.jpg","datePublished":"2023-03-21T20:54:00+00:00","dateModified":"2024-07-04T16:21:23+00:00","description":"Universidad de las Artes - Estudiantes y docentes de Artes Esc\u00e9nicas, en encuentros de danza","breadcrumb":{"@id":"https:\/\/www.uartes.edu.ec\/sitio\/en\/blog\/2023\/03\/21\/estudiantes-y-docentes-de-artes-escenicas-en-encuentros-de-danza-de-quito-y-cuenca\/#breadcrumb"},"inLanguage":"en-US","potentialAction":[{"@type":"ReadAction","target":["https:\/\/www.uartes.edu.ec\/sitio\/en\/blog\/2023\/03\/21\/estudiantes-y-docentes-de-artes-escenicas-en-encuentros-de-danza-de-quito-y-cuenca\/"]}]},{"@type":"ImageObject","inLanguage":"en-US","@id":"https:\/\/www.uartes.edu.ec\/sitio\/en\/blog\/2023\/03\/21\/estudiantes-y-docentes-de-artes-escenicas-en-encuentros-de-danza-de-quito-y-cuenca\/#primaryimage","url":"https:\/\/www.uartes.edu.ec\/sitio\/wp-content\/uploads\/2023\/03\/ARTES-ESCENICAS-QC-01.jpg","contentUrl":"https:\/\/www.uartes.edu.ec\/sitio\/wp-content\/uploads\/2023\/03\/ARTES-ESCENICAS-QC-01.jpg","width":2000,"height":1333},{"@type":"BreadcrumbList","@id":"https:\/\/www.uartes.edu.ec\/sitio\/en\/blog\/2023\/03\/21\/estudiantes-y-docentes-de-artes-escenicas-en-encuentros-de-danza-de-quito-y-cuenca\/#breadcrumb","itemListElement":[{"@type":"ListItem","position":1,"name":"Inicio","item":"https:\/\/www.uartes.edu.ec\/sitio\/"},{"@type":"ListItem","position":2,"name":"Estudiantes y docentes de Artes Esc\u00e9nicas, en encuentros de danza"}]},{"@type":"WebSite","@id":"https:\/\/www.uartes.edu.ec\/sitio\/en\/#website","url":"https:\/\/www.uartes.edu.ec\/sitio\/en\/","name":"Universidad de las Artes","description":"Sitio oficial de la Universidad Nacional de las Artes del Ecuador","publisher":{"@id":"https:\/\/www.uartes.edu.ec\/sitio\/en\/#organization"},"potentialAction":[{"@type":"SearchAction","target":{"@type":"EntryPoint","urlTemplate":"https:\/\/www.uartes.edu.ec\/sitio\/en\/?s={search_term_string}"},"query-input":{"@type":"PropertyValueSpecification","valueRequired":true,"valueName":"search_term_string"}}],"inLanguage":"en-US"},{"@type":"Organization","@id":"https:\/\/www.uartes.edu.ec\/sitio\/en\/#organization","name":"Universidad de las Artes","url":"https:\/\/www.uartes.edu.ec\/sitio\/en\/","logo":{"@type":"ImageObject","inLanguage":"en-US","@id":"https:\/\/www.uartes.edu.ec\/sitio\/en\/#\/schema\/logo\/image\/","url":"https:\/\/www.uartes.edu.ec\/sitio\/wp-content\/uploads\/2022\/07\/logo-ua-horizontal.png","contentUrl":"https:\/\/www.uartes.edu.ec\/sitio\/wp-content\/uploads\/2022\/07\/logo-ua-horizontal.png","width":800,"height":276,"caption":"Universidad de las Artes"},"image":{"@id":"https:\/\/www.uartes.edu.ec\/sitio\/en\/#\/schema\/logo\/image\/"},"sameAs":["https:\/\/www.facebook.com\/uartesec","https:\/\/x.com\/uartesec","https:\/\/www.tiktok.com\/@uartesec"]},{"@type":"Person","@id":"https:\/\/www.uartes.edu.ec\/sitio\/en\/#\/schema\/person\/efa1b8275797664fd7f13a79ccc0b1f4","name":"ccortez","image":{"@type":"ImageObject","inLanguage":"en-US","@id":"https:\/\/secure.gravatar.com\/avatar\/b2a6f664a3ae8e074346ef91775736c5ec479e637ecced6842de9dc98b5da9cd?s=96&d=mm&r=g","url":"https:\/\/secure.gravatar.com\/avatar\/b2a6f664a3ae8e074346ef91775736c5ec479e637ecced6842de9dc98b5da9cd?s=96&d=mm&r=g","contentUrl":"https:\/\/secure.gravatar.com\/avatar\/b2a6f664a3ae8e074346ef91775736c5ec479e637ecced6842de9dc98b5da9cd?s=96&d=mm&r=g","caption":"ccortez"},"url":"https:\/\/www.uartes.edu.ec\/sitio\/en\/blog\/author\/ccortez\/"}]}},"uagb_featured_image_src":{"full":["https:\/\/www.uartes.edu.ec\/sitio\/wp-content\/uploads\/2023\/03\/ARTES-ESCENICAS-QC-01.jpg",2000,1333,false],"thumbnail":["https:\/\/www.uartes.edu.ec\/sitio\/wp-content\/uploads\/2023\/03\/ARTES-ESCENICAS-QC-01-150x150.jpg",150,150,true],"medium":["https:\/\/www.uartes.edu.ec\/sitio\/wp-content\/uploads\/2023\/03\/ARTES-ESCENICAS-QC-01-300x200.jpg",300,200,true],"medium_large":["https:\/\/www.uartes.edu.ec\/sitio\/wp-content\/uploads\/2023\/03\/ARTES-ESCENICAS-QC-01-768x512.jpg",768,512,true],"large":["https:\/\/www.uartes.edu.ec\/sitio\/wp-content\/uploads\/2023\/03\/ARTES-ESCENICAS-QC-01-644x429.jpg",644,429,true],"1536x1536":["https:\/\/www.uartes.edu.ec\/sitio\/wp-content\/uploads\/2023\/03\/ARTES-ESCENICAS-QC-01-1536x1024.jpg",1536,1024,true],"2048x2048":["https:\/\/www.uartes.edu.ec\/sitio\/wp-content\/uploads\/2023\/03\/ARTES-ESCENICAS-QC-01.jpg",2000,1333,false],"trp-custom-language-flag":["https:\/\/www.uartes.edu.ec\/sitio\/wp-content\/uploads\/2023\/03\/ARTES-ESCENICAS-QC-01.jpg",18,12,false],"htmega_size_585x295":["https:\/\/www.uartes.edu.ec\/sitio\/wp-content\/uploads\/2023\/03\/ARTES-ESCENICAS-QC-01-585x295.jpg",585,295,true],"htmega_size_1170x536":["https:\/\/www.uartes.edu.ec\/sitio\/wp-content\/uploads\/2023\/03\/ARTES-ESCENICAS-QC-01-1170x536.jpg",1170,536,true],"htmega_size_396x360":["https:\/\/www.uartes.edu.ec\/sitio\/wp-content\/uploads\/2023\/03\/ARTES-ESCENICAS-QC-01-396x360.jpg",396,360,true],"gb-block-post-grid-landscape":["https:\/\/www.uartes.edu.ec\/sitio\/wp-content\/uploads\/2023\/03\/ARTES-ESCENICAS-QC-01-600x400.jpg",600,400,true],"gb-block-post-grid-square":["https:\/\/www.uartes.edu.ec\/sitio\/wp-content\/uploads\/2023\/03\/ARTES-ESCENICAS-QC-01-600x600.jpg",600,600,true],"university-hub-thumb":["https:\/\/www.uartes.edu.ec\/sitio\/wp-content\/uploads\/2023\/03\/ARTES-ESCENICAS-QC-01-400x267.jpg",400,267,true],"mailpoet_newsletter_max":["https:\/\/www.uartes.edu.ec\/sitio\/wp-content\/uploads\/2023\/03\/ARTES-ESCENICAS-QC-01.jpg",1320,880,false]},"uagb_author_info":{"display_name":"ccortez","author_link":"https:\/\/www.uartes.edu.ec\/sitio\/en\/blog\/author\/ccortez\/"},"uagb_comment_info":0,"uagb_excerpt":"Las y los estudiantes del octavo semestre de Danza llevar\u00e1n al Teatro de la CCE Azuay el proyecto coreogr\u00e1fico \u201cY en el silencio, tus manos\u201d, pieza creada por la maestra franco-tunecina Lemia Boudhiaf. As\u00ed tambi\u00e9n, de la Escuela de Artes Esc\u00e9nicas los docentes Santiago Harris, Carolina Pepper, Vanessa P\u00e9rez y Bertha D\u00edaz, su directora, participar\u00e1n&hellip;","featured_image_src":"https:\/\/www.uartes.edu.ec\/sitio\/wp-content\/uploads\/2023\/03\/ARTES-ESCENICAS-QC-01-600x400.jpg","featured_image_src_square":"https:\/\/www.uartes.edu.ec\/sitio\/wp-content\/uploads\/2023\/03\/ARTES-ESCENICAS-QC-01-600x600.jpg","author_info":{"display_name":"ccortez","author_link":"https:\/\/www.uartes.edu.ec\/sitio\/en\/blog\/author\/ccortez\/"},"publishpress_future_workflow_manual_trigger":{"enabledWorkflows":[]},"distributor_meta":false,"distributor_terms":false,"distributor_media":false,"distributor_original_site_name":"Universidad de las Artes","distributor_original_site_url":"https:\/\/www.uartes.edu.ec\/sitio\/en","push-errors":false,"_links":{"self":[{"href":"https:\/\/www.uartes.edu.ec\/sitio\/en\/wp-json\/wp\/v2\/posts\/39779","targetHints":{"allow":["GET"]}}],"collection":[{"href":"https:\/\/www.uartes.edu.ec\/sitio\/en\/wp-json\/wp\/v2\/posts"}],"about":[{"href":"https:\/\/www.uartes.edu.ec\/sitio\/en\/wp-json\/wp\/v2\/types\/post"}],"author":[{"embeddable":true,"href":"https:\/\/www.uartes.edu.ec\/sitio\/en\/wp-json\/wp\/v2\/users\/10"}],"replies":[{"embeddable":true,"href":"https:\/\/www.uartes.edu.ec\/sitio\/en\/wp-json\/wp\/v2\/comments?post=39779"}],"version-history":[{"count":3,"href":"https:\/\/www.uartes.edu.ec\/sitio\/en\/wp-json\/wp\/v2\/posts\/39779\/revisions"}],"predecessor-version":[{"id":39793,"href":"https:\/\/www.uartes.edu.ec\/sitio\/en\/wp-json\/wp\/v2\/posts\/39779\/revisions\/39793"}],"wp:featuredmedia":[{"embeddable":true,"href":"https:\/\/www.uartes.edu.ec\/sitio\/en\/wp-json\/wp\/v2\/media\/39780"}],"wp:attachment":[{"href":"https:\/\/www.uartes.edu.ec\/sitio\/en\/wp-json\/wp\/v2\/media?parent=39779"}],"wp:term":[{"taxonomy":"category","embeddable":true,"href":"https:\/\/www.uartes.edu.ec\/sitio\/en\/wp-json\/wp\/v2\/categories?post=39779"},{"taxonomy":"post_tag","embeddable":true,"href":"https:\/\/www.uartes.edu.ec\/sitio\/en\/wp-json\/wp\/v2\/tags?post=39779"},{"taxonomy":"infouartes","embeddable":true,"href":"https:\/\/www.uartes.edu.ec\/sitio\/en\/wp-json\/wp\/v2\/infouartes?post=39779"}],"curies":[{"name":"wp","href":"https:\/\/api.w.org\/{rel}","templated":true}]}}